{"id":901,"date":"2021-10-01T00:00:00","date_gmt":"2021-09-30T22:00:00","guid":{"rendered":"https:\/\/www.oliver-kilb.de\/www\/?p=901"},"modified":"2024-09-07T19:29:52","modified_gmt":"2024-09-07T17:29:52","slug":"panorama-der-dreitausender-um-den-gruensee-ultental","status":"publish","type":"post","link":"https:\/\/www.oliver-kilb.de\/www\/2021\/10\/01\/panorama-der-dreitausender-um-den-gruensee-ultental\/","title":{"rendered":"Panorama der Dreitausender um den Gr\u00fcnsee (Ultental)."},"content":{"rendered":"\n<p><strong>Am Gr\u00fcnsee im Ultantal. Hochaufgel\u00f6stes Panorama der umgebenden Dreitausender.<\/strong><\/p>\n\n\n\n<p>Der Gr\u00fcnsee auf \u00fcber 2.500m H\u00f6he ist ein beliebtes Wanderziel. Neben der H\u00f6chster H\u00fctte, die zur Einkehr einl\u00e4dt, liegt der Gr\u00fcnsee, ein Stausee. Ihn umgeben einige Dreitausender, zum Beispiel die Zufrittspitze oder die Hintere Eggenspitze. Die Wenigsten werden diese Gipfel jemals besteigen, aber vielleicht reicht schon das untere Panorma? Durch einen Klick auf das entsprechende Icon kann man das Panorama auch im Vollbild genie\u00dfen.<\/p>\n\n\n\n<iframe loading=\"lazy\" src=\"https:\/\/www.oliver-kilb.de\/gigapixel\/suedtirol\/ultental\/hoechster_huette_2021\/2021_gruensee.html\" width=\"1000px\" height=\"480px\" frameborder=\"0\" marginwidth=\"0\" marginheight=\"0\" scrolling=\"no\" allowfullscreen=\"allowfullscreen\"><span class=\"mce_SELRES_start\" style=\"width: 0px; line-height: 0; overflow: hidden; display: inline-block;\" data-mce-type=\"bookmark\">\ufeff<\/span><span class=\"mce_SELRES_start\" style=\"width: 0px; line-height: 0; overflow: hidden; display: inline-block;\" data-mce-type=\"bookmark\">\ufeff<\/span><span class=\"mce_SELRES_start\" style=\"width: 0px; line-height: 0; overflow: hidden; display: inline-block;\" data-mce-type=\"bookmark\">\ufeff<\/span><span class=\"mce_SELRES_start\" style=\"width: 0px; line-height: 0; overflow: hidden; display: inline-block;\" data-mce-type=\"bookmark\">\ufeff<\/span><span class=\"mce_SELRES_start\" style=\"width: 0px; line-height: 0; overflow: hidden; display: inline-block;\" data-mce-type=\"bookmark\">\ufeff<\/span><\/iframe>\n\n\n\n<p>Aufgenommen am 1. Oktober 2021.<\/p>\n","protected":false},"excerpt":{"rendered":"<p>Am Gr\u00fcnsee im Ultantal. Hochaufgel\u00f6stes Panorama der umgebenden Dreitausender.<\/p>\n","protected":false},"author":1,"featured_media":903,"comment_status":"open","ping_status":"open","sticky":false,"template":"","format":"standard","meta":{"iawp_total_views":8,"footnotes":""},"categories":[65],"tags":[159,67,68,69],"class_list":["post-901","post","type-post","status-publish","format-standard","has-post-thumbnail","hentry","category-panoramabilder","tag-gruensee","tag-panorama","tag-suedtirol","tag-ultental"],"yoast_head":"<!-- This site is optimized with the Yoast SEO plugin v27.3 - https:\/\/yoast.com\/product\/yoast-seo-wordpress\/ -->\n<title>Panorama der Dreitausender um den Gr\u00fcnsee (Ultental). - Japan, Wandern und Multimedia<\/title>\n<meta name=\"description\" content=\"Am Gr\u00fcnsee im Ultantal. Hochaufgel\u00f6stes Panorama der umgebenden Dreitausender.\" \/>\n<meta name=\"robots\" content=\"index, follow, max-snippet:-1, max-image-preview:large, max-video-preview:-1\" \/>\n<link rel=\"canonical\" href=\"https:\/\/www.oliver-kilb.de\/www\/2021\/10\/01\/panorama-der-dreitausender-um-den-gruensee-ultental\/\" \/>\n<meta property=\"og:locale\" content=\"de_DE\" \/>\n<meta property=\"og:type\" content=\"article\" \/>\n<meta property=\"og:title\" content=\"Panorama der Dreitausender um den Gr\u00fcnsee (Ultental). - Japan, Wandern und Multimedia\" \/>\n<meta property=\"og:description\" content=\"Am Gr\u00fcnsee im Ultantal. Hochaufgel\u00f6stes Panorama der umgebenden Dreitausender.\" \/>\n<meta property=\"og:url\" content=\"https:\/\/www.oliver-kilb.de\/www\/2021\/10\/01\/panorama-der-dreitausender-um-den-gruensee-ultental\/\" \/>\n<meta property=\"og:site_name\" content=\"Japan, Wandern und Multimedia\" \/>\n<meta property=\"article:published_time\" content=\"2021-09-30T22:00:00+00:00\" \/>\n<meta property=\"article:modified_time\" content=\"2024-09-07T17:29:52+00:00\" \/>\n<meta property=\"og:image\" content=\"https:\/\/www.oliver-kilb.de\/www\/wp-content\/uploads\/2024\/09\/2021-10_hoechster_huette_30.jpg\" \/>\n\t<meta property=\"og:image:width\" content=\"1800\" \/>\n\t<meta property=\"og:image:height\" content=\"1350\" \/>\n\t<meta property=\"og:image:type\" content=\"image\/jpeg\" \/>\n<meta name=\"author\" content=\"Oliver Kilb\" \/>\n<meta name=\"twitter:card\" content=\"summary_large_image\" \/>\n<meta name=\"twitter:label1\" content=\"Verfasst von\" \/>\n\t<meta name=\"twitter:data1\" content=\"Oliver Kilb\" \/>\n\t<meta name=\"twitter:label2\" content=\"Gesch\u00e4tzte Lesezeit\" \/>\n\t<meta name=\"twitter:data2\" content=\"1\u00a0Minute\" \/>\n<script type=\"application\/ld+json\" class=\"yoast-schema-graph\">{\"@context\":\"https:\\\/\\\/schema.org\",\"@graph\":[{\"@type\":\"Article\",\"@id\":\"https:\\\/\\\/www.oliver-kilb.de\\\/www\\\/2021\\\/10\\\/01\\\/panorama-der-dreitausender-um-den-gruensee-ultental\\\/#article\",\"isPartOf\":{\"@id\":\"https:\\\/\\\/www.oliver-kilb.de\\\/www\\\/2021\\\/10\\\/01\\\/panorama-der-dreitausender-um-den-gruensee-ultental\\\/\"},\"author\":{\"name\":\"Oliver Kilb\",\"@id\":\"https:\\\/\\\/www.oliver-kilb.de\\\/www\\\/#\\\/schema\\\/person\\\/c2b19a881050135aa248a8851b7b4250\"},\"headline\":\"Panorama der Dreitausender um den Gr\u00fcnsee (Ultental).\",\"datePublished\":\"2021-09-30T22:00:00+00:00\",\"dateModified\":\"2024-09-07T17:29:52+00:00\",\"mainEntityOfPage\":{\"@id\":\"https:\\\/\\\/www.oliver-kilb.de\\\/www\\\/2021\\\/10\\\/01\\\/panorama-der-dreitausender-um-den-gruensee-ultental\\\/\"},\"wordCount\":93,\"commentCount\":1,\"publisher\":{\"@id\":\"https:\\\/\\\/www.oliver-kilb.de\\\/www\\\/#organization\"},\"image\":{\"@id\":\"https:\\\/\\\/www.oliver-kilb.de\\\/www\\\/2021\\\/10\\\/01\\\/panorama-der-dreitausender-um-den-gruensee-ultental\\\/#primaryimage\"},\"thumbnailUrl\":\"https:\\\/\\\/www.oliver-kilb.de\\\/www\\\/wp-content\\\/uploads\\\/2024\\\/09\\\/2021-10_hoechster_huette_30.jpg\",\"keywords\":[\"Gr\u00fcnsee\",\"Panorama\",\"S\u00fcdtirol\",\"Ultental\"],\"articleSection\":[\"Panoramabilder\"],\"inLanguage\":\"de\",\"potentialAction\":[{\"@type\":\"CommentAction\",\"name\":\"Comment\",\"target\":[\"https:\\\/\\\/www.oliver-kilb.de\\\/www\\\/2021\\\/10\\\/01\\\/panorama-der-dreitausender-um-den-gruensee-ultental\\\/#respond\"]}]},{\"@type\":\"WebPage\",\"@id\":\"https:\\\/\\\/www.oliver-kilb.de\\\/www\\\/2021\\\/10\\\/01\\\/panorama-der-dreitausender-um-den-gruensee-ultental\\\/\",\"url\":\"https:\\\/\\\/www.oliver-kilb.de\\\/www\\\/2021\\\/10\\\/01\\\/panorama-der-dreitausender-um-den-gruensee-ultental\\\/\",\"name\":\"Panorama der Dreitausender um den Gr\u00fcnsee (Ultental). - Japan, Wandern und Multimedia\",\"isPartOf\":{\"@id\":\"https:\\\/\\\/www.oliver-kilb.de\\\/www\\\/#website\"},\"primaryImageOfPage\":{\"@id\":\"https:\\\/\\\/www.oliver-kilb.de\\\/www\\\/2021\\\/10\\\/01\\\/panorama-der-dreitausender-um-den-gruensee-ultental\\\/#primaryimage\"},\"image\":{\"@id\":\"https:\\\/\\\/www.oliver-kilb.de\\\/www\\\/2021\\\/10\\\/01\\\/panorama-der-dreitausender-um-den-gruensee-ultental\\\/#primaryimage\"},\"thumbnailUrl\":\"https:\\\/\\\/www.oliver-kilb.de\\\/www\\\/wp-content\\\/uploads\\\/2024\\\/09\\\/2021-10_hoechster_huette_30.jpg\",\"datePublished\":\"2021-09-30T22:00:00+00:00\",\"dateModified\":\"2024-09-07T17:29:52+00:00\",\"description\":\"Am Gr\u00fcnsee im Ultantal. Hochaufgel\u00f6stes Panorama der umgebenden Dreitausender.\",\"breadcrumb\":{\"@id\":\"https:\\\/\\\/www.oliver-kilb.de\\\/www\\\/2021\\\/10\\\/01\\\/panorama-der-dreitausender-um-den-gruensee-ultental\\\/#breadcrumb\"},\"inLanguage\":\"de\",\"potentialAction\":[{\"@type\":\"ReadAction\",\"target\":[\"https:\\\/\\\/www.oliver-kilb.de\\\/www\\\/2021\\\/10\\\/01\\\/panorama-der-dreitausender-um-den-gruensee-ultental\\\/\"]}]},{\"@type\":\"ImageObject\",\"inLanguage\":\"de\",\"@id\":\"https:\\\/\\\/www.oliver-kilb.de\\\/www\\\/2021\\\/10\\\/01\\\/panorama-der-dreitausender-um-den-gruensee-ultental\\\/#primaryimage\",\"url\":\"https:\\\/\\\/www.oliver-kilb.de\\\/www\\\/wp-content\\\/uploads\\\/2024\\\/09\\\/2021-10_hoechster_huette_30.jpg\",\"contentUrl\":\"https:\\\/\\\/www.oliver-kilb.de\\\/www\\\/wp-content\\\/uploads\\\/2024\\\/09\\\/2021-10_hoechster_huette_30.jpg\",\"width\":1800,\"height\":1350,\"caption\":\"Gr\u00fcnsee Richtung Westen.\"},{\"@type\":\"BreadcrumbList\",\"@id\":\"https:\\\/\\\/www.oliver-kilb.de\\\/www\\\/2021\\\/10\\\/01\\\/panorama-der-dreitausender-um-den-gruensee-ultental\\\/#breadcrumb\",\"itemListElement\":[{\"@type\":\"ListItem\",\"position\":1,\"name\":\"Startseite\",\"item\":\"https:\\\/\\\/www.oliver-kilb.de\\\/www\\\/\"},{\"@type\":\"ListItem\",\"position\":2,\"name\":\"Panorama der Dreitausender um den Gr\u00fcnsee (Ultental).\"}]},{\"@type\":\"WebSite\",\"@id\":\"https:\\\/\\\/www.oliver-kilb.de\\\/www\\\/#website\",\"url\":\"https:\\\/\\\/www.oliver-kilb.de\\\/www\\\/\",\"name\":\"Japan, Wandern und Multimedia\",\"description\":\"\",\"publisher\":{\"@id\":\"https:\\\/\\\/www.oliver-kilb.de\\\/www\\\/#organization\"},\"potentialAction\":[{\"@type\":\"SearchAction\",\"target\":{\"@type\":\"EntryPoint\",\"urlTemplate\":\"https:\\\/\\\/www.oliver-kilb.de\\\/www\\\/?s={search_term_string}\"},\"query-input\":{\"@type\":\"PropertyValueSpecification\",\"valueRequired\":true,\"valueName\":\"search_term_string\"}}],\"inLanguage\":\"de\"},{\"@type\":\"Organization\",\"@id\":\"https:\\\/\\\/www.oliver-kilb.de\\\/www\\\/#organization\",\"name\":\"Japan, Wandern und Multimedia\",\"url\":\"https:\\\/\\\/www.oliver-kilb.de\\\/www\\\/\",\"logo\":{\"@type\":\"ImageObject\",\"inLanguage\":\"de\",\"@id\":\"https:\\\/\\\/www.oliver-kilb.de\\\/www\\\/#\\\/schema\\\/logo\\\/image\\\/\",\"url\":\"https:\\\/\\\/www.oliver-kilb.de\\\/www\\\/wp-content\\\/uploads\\\/2024\\\/07\\\/Fushimi-Inari-Schrein_075_DxO.jpg\",\"contentUrl\":\"https:\\\/\\\/www.oliver-kilb.de\\\/www\\\/wp-content\\\/uploads\\\/2024\\\/07\\\/Fushimi-Inari-Schrein_075_DxO.jpg\",\"width\":1380,\"height\":301,\"caption\":\"Japan, Wandern und Multimedia\"},\"image\":{\"@id\":\"https:\\\/\\\/www.oliver-kilb.de\\\/www\\\/#\\\/schema\\\/logo\\\/image\\\/\"}},{\"@type\":\"Person\",\"@id\":\"https:\\\/\\\/www.oliver-kilb.de\\\/www\\\/#\\\/schema\\\/person\\\/c2b19a881050135aa248a8851b7b4250\",\"name\":\"Oliver Kilb\",\"image\":{\"@type\":\"ImageObject\",\"inLanguage\":\"de\",\"@id\":\"https:\\\/\\\/secure.gravatar.com\\\/avatar\\\/4da50eb2c6eb71b0641229eed4a38d05c8d4b458a59355cca0d02b57303d6ffd?s=96&d=mm&r=g\",\"url\":\"https:\\\/\\\/secure.gravatar.com\\\/avatar\\\/4da50eb2c6eb71b0641229eed4a38d05c8d4b458a59355cca0d02b57303d6ffd?s=96&d=mm&r=g\",\"contentUrl\":\"https:\\\/\\\/secure.gravatar.com\\\/avatar\\\/4da50eb2c6eb71b0641229eed4a38d05c8d4b458a59355cca0d02b57303d6ffd?s=96&d=mm&r=g\",\"caption\":\"Oliver Kilb\"},\"sameAs\":[\"https:\\\/\\\/www.oliver-kilb.de\\\/www\"],\"url\":\"https:\\\/\\\/www.oliver-kilb.de\\\/www\\\/author\\\/oliver-kilb\\\/\"}]}<\/script>\n<!-- \/ Yoast SEO plugin. -->","yoast_head_json":{"title":"Panorama der Dreitausender um den Gr\u00fcnsee (Ultental). - Japan, Wandern und Multimedia","description":"Am Gr\u00fcnsee im Ultantal. Hochaufgel\u00f6stes Panorama der umgebenden Dreitausender.","robots":{"index":"index","follow":"follow","max-snippet":"max-snippet:-1","max-image-preview":"max-image-preview:large","max-video-preview":"max-video-preview:-1"},"canonical":"https:\/\/www.oliver-kilb.de\/www\/2021\/10\/01\/panorama-der-dreitausender-um-den-gruensee-ultental\/","og_locale":"de_DE","og_type":"article","og_title":"Panorama der Dreitausender um den Gr\u00fcnsee (Ultental). - Japan, Wandern und Multimedia","og_description":"Am Gr\u00fcnsee im Ultantal. Hochaufgel\u00f6stes Panorama der umgebenden Dreitausender.","og_url":"https:\/\/www.oliver-kilb.de\/www\/2021\/10\/01\/panorama-der-dreitausender-um-den-gruensee-ultental\/","og_site_name":"Japan, Wandern und Multimedia","article_published_time":"2021-09-30T22:00:00+00:00","article_modified_time":"2024-09-07T17:29:52+00:00","og_image":[{"width":1800,"height":1350,"url":"https:\/\/www.oliver-kilb.de\/www\/wp-content\/uploads\/2024\/09\/2021-10_hoechster_huette_30.jpg","type":"image\/jpeg"}],"author":"Oliver Kilb","twitter_card":"summary_large_image","twitter_misc":{"Verfasst von":"Oliver Kilb","Gesch\u00e4tzte Lesezeit":"1\u00a0Minute"},"schema":{"@context":"https:\/\/schema.org","@graph":[{"@type":"Article","@id":"https:\/\/www.oliver-kilb.de\/www\/2021\/10\/01\/panorama-der-dreitausender-um-den-gruensee-ultental\/#article","isPartOf":{"@id":"https:\/\/www.oliver-kilb.de\/www\/2021\/10\/01\/panorama-der-dreitausender-um-den-gruensee-ultental\/"},"author":{"name":"Oliver Kilb","@id":"https:\/\/www.oliver-kilb.de\/www\/#\/schema\/person\/c2b19a881050135aa248a8851b7b4250"},"headline":"Panorama der Dreitausender um den Gr\u00fcnsee (Ultental).","datePublished":"2021-09-30T22:00:00+00:00","dateModified":"2024-09-07T17:29:52+00:00","mainEntityOfPage":{"@id":"https:\/\/www.oliver-kilb.de\/www\/2021\/10\/01\/panorama-der-dreitausender-um-den-gruensee-ultental\/"},"wordCount":93,"commentCount":1,"publisher":{"@id":"https:\/\/www.oliver-kilb.de\/www\/#organization"},"image":{"@id":"https:\/\/www.oliver-kilb.de\/www\/2021\/10\/01\/panorama-der-dreitausender-um-den-gruensee-ultental\/#primaryimage"},"thumbnailUrl":"https:\/\/www.oliver-kilb.de\/www\/wp-content\/uploads\/2024\/09\/2021-10_hoechster_huette_30.jpg","keywords":["Gr\u00fcnsee","Panorama","S\u00fcdtirol","Ultental"],"articleSection":["Panoramabilder"],"inLanguage":"de","potentialAction":[{"@type":"CommentAction","name":"Comment","target":["https:\/\/www.oliver-kilb.de\/www\/2021\/10\/01\/panorama-der-dreitausender-um-den-gruensee-ultental\/#respond"]}]},{"@type":"WebPage","@id":"https:\/\/www.oliver-kilb.de\/www\/2021\/10\/01\/panorama-der-dreitausender-um-den-gruensee-ultental\/","url":"https:\/\/www.oliver-kilb.de\/www\/2021\/10\/01\/panorama-der-dreitausender-um-den-gruensee-ultental\/","name":"Panorama der Dreitausender um den Gr\u00fcnsee (Ultental). - Japan, Wandern und Multimedia","isPartOf":{"@id":"https:\/\/www.oliver-kilb.de\/www\/#website"},"primaryImageOfPage":{"@id":"https:\/\/www.oliver-kilb.de\/www\/2021\/10\/01\/panorama-der-dreitausender-um-den-gruensee-ultental\/#primaryimage"},"image":{"@id":"https:\/\/www.oliver-kilb.de\/www\/2021\/10\/01\/panorama-der-dreitausender-um-den-gruensee-ultental\/#primaryimage"},"thumbnailUrl":"https:\/\/www.oliver-kilb.de\/www\/wp-content\/uploads\/2024\/09\/2021-10_hoechster_huette_30.jpg","datePublished":"2021-09-30T22:00:00+00:00","dateModified":"2024-09-07T17:29:52+00:00","description":"Am Gr\u00fcnsee im Ultantal. Hochaufgel\u00f6stes Panorama der umgebenden Dreitausender.","breadcrumb":{"@id":"https:\/\/www.oliver-kilb.de\/www\/2021\/10\/01\/panorama-der-dreitausender-um-den-gruensee-ultental\/#breadcrumb"},"inLanguage":"de","potentialAction":[{"@type":"ReadAction","target":["https:\/\/www.oliver-kilb.de\/www\/2021\/10\/01\/panorama-der-dreitausender-um-den-gruensee-ultental\/"]}]},{"@type":"ImageObject","inLanguage":"de","@id":"https:\/\/www.oliver-kilb.de\/www\/2021\/10\/01\/panorama-der-dreitausender-um-den-gruensee-ultental\/#primaryimage","url":"https:\/\/www.oliver-kilb.de\/www\/wp-content\/uploads\/2024\/09\/2021-10_hoechster_huette_30.jpg","contentUrl":"https:\/\/www.oliver-kilb.de\/www\/wp-content\/uploads\/2024\/09\/2021-10_hoechster_huette_30.jpg","width":1800,"height":1350,"caption":"Gr\u00fcnsee Richtung Westen."},{"@type":"BreadcrumbList","@id":"https:\/\/www.oliver-kilb.de\/www\/2021\/10\/01\/panorama-der-dreitausender-um-den-gruensee-ultental\/#breadcrumb","itemListElement":[{"@type":"ListItem","position":1,"name":"Startseite","item":"https:\/\/www.oliver-kilb.de\/www\/"},{"@type":"ListItem","position":2,"name":"Panorama der Dreitausender um den Gr\u00fcnsee (Ultental)."}]},{"@type":"WebSite","@id":"https:\/\/www.oliver-kilb.de\/www\/#website","url":"https:\/\/www.oliver-kilb.de\/www\/","name":"Japan, Wandern und Multimedia","description":"","publisher":{"@id":"https:\/\/www.oliver-kilb.de\/www\/#organization"},"potentialAction":[{"@type":"SearchAction","target":{"@type":"EntryPoint","urlTemplate":"https:\/\/www.oliver-kilb.de\/www\/?s={search_term_string}"},"query-input":{"@type":"PropertyValueSpecification","valueRequired":true,"valueName":"search_term_string"}}],"inLanguage":"de"},{"@type":"Organization","@id":"https:\/\/www.oliver-kilb.de\/www\/#organization","name":"Japan, Wandern und Multimedia","url":"https:\/\/www.oliver-kilb.de\/www\/","logo":{"@type":"ImageObject","inLanguage":"de","@id":"https:\/\/www.oliver-kilb.de\/www\/#\/schema\/logo\/image\/","url":"https:\/\/www.oliver-kilb.de\/www\/wp-content\/uploads\/2024\/07\/Fushimi-Inari-Schrein_075_DxO.jpg","contentUrl":"https:\/\/www.oliver-kilb.de\/www\/wp-content\/uploads\/2024\/07\/Fushimi-Inari-Schrein_075_DxO.jpg","width":1380,"height":301,"caption":"Japan, Wandern und Multimedia"},"image":{"@id":"https:\/\/www.oliver-kilb.de\/www\/#\/schema\/logo\/image\/"}},{"@type":"Person","@id":"https:\/\/www.oliver-kilb.de\/www\/#\/schema\/person\/c2b19a881050135aa248a8851b7b4250","name":"Oliver Kilb","image":{"@type":"ImageObject","inLanguage":"de","@id":"https:\/\/secure.gravatar.com\/avatar\/4da50eb2c6eb71b0641229eed4a38d05c8d4b458a59355cca0d02b57303d6ffd?s=96&d=mm&r=g","url":"https:\/\/secure.gravatar.com\/avatar\/4da50eb2c6eb71b0641229eed4a38d05c8d4b458a59355cca0d02b57303d6ffd?s=96&d=mm&r=g","contentUrl":"https:\/\/secure.gravatar.com\/avatar\/4da50eb2c6eb71b0641229eed4a38d05c8d4b458a59355cca0d02b57303d6ffd?s=96&d=mm&r=g","caption":"Oliver Kilb"},"sameAs":["https:\/\/www.oliver-kilb.de\/www"],"url":"https:\/\/www.oliver-kilb.de\/www\/author\/oliver-kilb\/"}]}},"amp_enabled":true,"_links":{"self":[{"href":"https:\/\/www.oliver-kilb.de\/www\/wp-json\/wp\/v2\/posts\/901","targetHints":{"allow":["GET"]}}],"collection":[{"href":"https:\/\/www.oliver-kilb.de\/www\/wp-json\/wp\/v2\/posts"}],"about":[{"href":"https:\/\/www.oliver-kilb.de\/www\/wp-json\/wp\/v2\/types\/post"}],"author":[{"embeddable":true,"href":"https:\/\/www.oliver-kilb.de\/www\/wp-json\/wp\/v2\/users\/1"}],"replies":[{"embeddable":true,"href":"https:\/\/www.oliver-kilb.de\/www\/wp-json\/wp\/v2\/comments?post=901"}],"version-history":[{"count":1,"href":"https:\/\/www.oliver-kilb.de\/www\/wp-json\/wp\/v2\/posts\/901\/revisions"}],"predecessor-version":[{"id":904,"href":"https:\/\/www.oliver-kilb.de\/www\/wp-json\/wp\/v2\/posts\/901\/revisions\/904"}],"wp:featuredmedia":[{"embeddable":true,"href":"https:\/\/www.oliver-kilb.de\/www\/wp-json\/wp\/v2\/media\/903"}],"wp:attachment":[{"href":"https:\/\/www.oliver-kilb.de\/www\/wp-json\/wp\/v2\/media?parent=901"}],"wp:term":[{"taxonomy":"category","embeddable":true,"href":"https:\/\/www.oliver-kilb.de\/www\/wp-json\/wp\/v2\/categories?post=901"},{"taxonomy":"post_tag","embeddable":true,"href":"https:\/\/www.oliver-kilb.de\/www\/wp-json\/wp\/v2\/tags?post=901"}],"curies":[{"name":"wp","href":"https:\/\/api.w.org\/{rel}","templated":true}]}}