{"id":871,"date":"2019-08-01T00:00:00","date_gmt":"2019-07-31T22:00:00","guid":{"rendered":"https:\/\/www.oliver-kilb.de\/www\/?p=871"},"modified":"2024-09-07T19:10:41","modified_gmt":"2024-09-07T17:10:41","slug":"panorama-ueber-den-oberen-soiernsee-1-600m","status":"publish","type":"post","link":"https:\/\/www.oliver-kilb.de\/www\/2019\/08\/01\/panorama-ueber-den-oberen-soiernsee-1-600m\/","title":{"rendered":"Panorama \u00fcber den oberen Soiernsee (1.600m)."},"content":{"rendered":"\n<p><strong>Die Soiernseen, umgeben von vielen 2000ern, an einem wunderbaren Tag.<\/strong><\/p>\n\n\n\n<p>Die Soiernseen geh\u00f6ren definitiv zu den Kleinoden der Alpen. Um diese Aussicht zu genie\u00dfen, muss man allerdings erst einmal eine Weile gehen: Unter 3,5 Stunden Wanderzeit und 700 H\u00f6henmeter Aufstieg ist der Weg kaum zu schaffen. Wenn man allerdings dann da ist, und das Wetter so sch\u00f6n wie an diesem Tag, gibt es kaum einen sch\u00f6neren Ort zum Verweilen. Durch einen Klick auf das entsprechende Icon kann man das Panorama auch im Vollbild genie\u00dfen.<\/p>\n\n\n\n<iframe loading=\"lazy\" src=\"https:\/\/www.oliver-kilb.de\/gigapixel\/bayern\/pano_soiernsee\/soiernsee.html\" width=\"1000px\" height=\"480px\" frameborder=\"0\" marginwidth=\"0\" marginheight=\"0\" scrolling=\"no\" allowfullscreen=\"allowfullscreen\"><span class=\"mce_SELRES_start\" style=\"width: 0px; line-height: 0; overflow: hidden; display: inline-block;\" data-mce-type=\"bookmark\">\ufeff<\/span><span class=\"mce_SELRES_start\" style=\"width: 0px; line-height: 0; overflow: hidden; display: inline-block;\" data-mce-type=\"bookmark\">\ufeff<\/span><span class=\"mce_SELRES_start\" style=\"width: 0px; line-height: 0; overflow: hidden; display: inline-block;\" data-mce-type=\"bookmark\">\ufeff<\/span><\/iframe>\n\n\n\n<p>Aufgenommen am 31. August 2019.<\/p>\n","protected":false},"excerpt":{"rendered":"<p>Die Soiernseen, umgeben von vielen 2000ern, an einem wunderbaren Tag.<\/p>\n","protected":false},"author":1,"featured_media":873,"comment_status":"open","ping_status":"open","sticky":false,"template":"","format":"standard","meta":{"iawp_total_views":8,"footnotes":""},"categories":[65],"tags":[67,180],"class_list":["post-871","post","type-post","status-publish","format-standard","has-post-thumbnail","hentry","category-panoramabilder","tag-panorama","tag-soiersee"],"yoast_head":"<!-- This site is optimized with the Yoast SEO plugin v27.3 - https:\/\/yoast.com\/product\/yoast-seo-wordpress\/ -->\n<title>Panorama \u00fcber den oberen Soiernsee (1.600m). - Japan, Wandern und Multimedia<\/title>\n<meta name=\"description\" content=\"Die Soiernseen, umgeben von vielen 2000ern, an einem wunderbaren Tag.\" \/>\n<meta name=\"robots\" content=\"index, follow, max-snippet:-1, max-image-preview:large, max-video-preview:-1\" \/>\n<link rel=\"canonical\" href=\"https:\/\/www.oliver-kilb.de\/www\/2019\/08\/01\/panorama-ueber-den-oberen-soiernsee-1-600m\/\" \/>\n<meta property=\"og:locale\" content=\"de_DE\" \/>\n<meta property=\"og:type\" content=\"article\" \/>\n<meta property=\"og:title\" content=\"Panorama \u00fcber den oberen Soiernsee (1.600m). - Japan, Wandern und Multimedia\" \/>\n<meta property=\"og:description\" content=\"Die Soiernseen, umgeben von vielen 2000ern, an einem wunderbaren Tag.\" \/>\n<meta property=\"og:url\" content=\"https:\/\/www.oliver-kilb.de\/www\/2019\/08\/01\/panorama-ueber-den-oberen-soiernsee-1-600m\/\" \/>\n<meta property=\"og:site_name\" content=\"Japan, Wandern und Multimedia\" \/>\n<meta property=\"article:published_time\" content=\"2019-07-31T22:00:00+00:00\" \/>\n<meta property=\"article:modified_time\" content=\"2024-09-07T17:10:41+00:00\" \/>\n<meta property=\"og:image\" content=\"https:\/\/www.oliver-kilb.de\/www\/wp-content\/uploads\/2024\/09\/Soiernsee_2019-08-31_039.jpg\" \/>\n\t<meta property=\"og:image:width\" content=\"1440\" \/>\n\t<meta property=\"og:image:height\" content=\"960\" \/>\n\t<meta property=\"og:image:type\" content=\"image\/jpeg\" \/>\n<meta name=\"author\" content=\"Oliver Kilb\" \/>\n<meta name=\"twitter:card\" content=\"summary_large_image\" \/>\n<meta name=\"twitter:label1\" content=\"Verfasst von\" \/>\n\t<meta name=\"twitter:data1\" content=\"Oliver Kilb\" \/>\n\t<meta name=\"twitter:label2\" content=\"Gesch\u00e4tzte Lesezeit\" \/>\n\t<meta name=\"twitter:data2\" content=\"1\u00a0Minute\" \/>\n<script type=\"application\/ld+json\" class=\"yoast-schema-graph\">{\"@context\":\"https:\\\/\\\/schema.org\",\"@graph\":[{\"@type\":\"Article\",\"@id\":\"https:\\\/\\\/www.oliver-kilb.de\\\/www\\\/2019\\\/08\\\/01\\\/panorama-ueber-den-oberen-soiernsee-1-600m\\\/#article\",\"isPartOf\":{\"@id\":\"https:\\\/\\\/www.oliver-kilb.de\\\/www\\\/2019\\\/08\\\/01\\\/panorama-ueber-den-oberen-soiernsee-1-600m\\\/\"},\"author\":{\"name\":\"Oliver Kilb\",\"@id\":\"https:\\\/\\\/www.oliver-kilb.de\\\/www\\\/#\\\/schema\\\/person\\\/c2b19a881050135aa248a8851b7b4250\"},\"headline\":\"Panorama \u00fcber den oberen Soiernsee (1.600m).\",\"datePublished\":\"2019-07-31T22:00:00+00:00\",\"dateModified\":\"2024-09-07T17:10:41+00:00\",\"mainEntityOfPage\":{\"@id\":\"https:\\\/\\\/www.oliver-kilb.de\\\/www\\\/2019\\\/08\\\/01\\\/panorama-ueber-den-oberen-soiernsee-1-600m\\\/\"},\"wordCount\":97,\"commentCount\":1,\"publisher\":{\"@id\":\"https:\\\/\\\/www.oliver-kilb.de\\\/www\\\/#organization\"},\"image\":{\"@id\":\"https:\\\/\\\/www.oliver-kilb.de\\\/www\\\/2019\\\/08\\\/01\\\/panorama-ueber-den-oberen-soiernsee-1-600m\\\/#primaryimage\"},\"thumbnailUrl\":\"https:\\\/\\\/www.oliver-kilb.de\\\/www\\\/wp-content\\\/uploads\\\/2024\\\/09\\\/Soiernsee_2019-08-31_039.jpg\",\"keywords\":[\"Panorama\",\"Soiersee\"],\"articleSection\":[\"Panoramabilder\"],\"inLanguage\":\"de\",\"potentialAction\":[{\"@type\":\"CommentAction\",\"name\":\"Comment\",\"target\":[\"https:\\\/\\\/www.oliver-kilb.de\\\/www\\\/2019\\\/08\\\/01\\\/panorama-ueber-den-oberen-soiernsee-1-600m\\\/#respond\"]}]},{\"@type\":\"WebPage\",\"@id\":\"https:\\\/\\\/www.oliver-kilb.de\\\/www\\\/2019\\\/08\\\/01\\\/panorama-ueber-den-oberen-soiernsee-1-600m\\\/\",\"url\":\"https:\\\/\\\/www.oliver-kilb.de\\\/www\\\/2019\\\/08\\\/01\\\/panorama-ueber-den-oberen-soiernsee-1-600m\\\/\",\"name\":\"Panorama \u00fcber den oberen Soiernsee (1.600m). - Japan, Wandern und Multimedia\",\"isPartOf\":{\"@id\":\"https:\\\/\\\/www.oliver-kilb.de\\\/www\\\/#website\"},\"primaryImageOfPage\":{\"@id\":\"https:\\\/\\\/www.oliver-kilb.de\\\/www\\\/2019\\\/08\\\/01\\\/panorama-ueber-den-oberen-soiernsee-1-600m\\\/#primaryimage\"},\"image\":{\"@id\":\"https:\\\/\\\/www.oliver-kilb.de\\\/www\\\/2019\\\/08\\\/01\\\/panorama-ueber-den-oberen-soiernsee-1-600m\\\/#primaryimage\"},\"thumbnailUrl\":\"https:\\\/\\\/www.oliver-kilb.de\\\/www\\\/wp-content\\\/uploads\\\/2024\\\/09\\\/Soiernsee_2019-08-31_039.jpg\",\"datePublished\":\"2019-07-31T22:00:00+00:00\",\"dateModified\":\"2024-09-07T17:10:41+00:00\",\"description\":\"Die Soiernseen, umgeben von vielen 2000ern, an einem wunderbaren Tag.\",\"breadcrumb\":{\"@id\":\"https:\\\/\\\/www.oliver-kilb.de\\\/www\\\/2019\\\/08\\\/01\\\/panorama-ueber-den-oberen-soiernsee-1-600m\\\/#breadcrumb\"},\"inLanguage\":\"de\",\"potentialAction\":[{\"@type\":\"ReadAction\",\"target\":[\"https:\\\/\\\/www.oliver-kilb.de\\\/www\\\/2019\\\/08\\\/01\\\/panorama-ueber-den-oberen-soiernsee-1-600m\\\/\"]}]},{\"@type\":\"ImageObject\",\"inLanguage\":\"de\",\"@id\":\"https:\\\/\\\/www.oliver-kilb.de\\\/www\\\/2019\\\/08\\\/01\\\/panorama-ueber-den-oberen-soiernsee-1-600m\\\/#primaryimage\",\"url\":\"https:\\\/\\\/www.oliver-kilb.de\\\/www\\\/wp-content\\\/uploads\\\/2024\\\/09\\\/Soiernsee_2019-08-31_039.jpg\",\"contentUrl\":\"https:\\\/\\\/www.oliver-kilb.de\\\/www\\\/wp-content\\\/uploads\\\/2024\\\/09\\\/Soiernsee_2019-08-31_039.jpg\",\"width\":1440,\"height\":960,\"caption\":\"Der obere der wundersch\u00f6nen Soiernseen.\"},{\"@type\":\"BreadcrumbList\",\"@id\":\"https:\\\/\\\/www.oliver-kilb.de\\\/www\\\/2019\\\/08\\\/01\\\/panorama-ueber-den-oberen-soiernsee-1-600m\\\/#breadcrumb\",\"itemListElement\":[{\"@type\":\"ListItem\",\"position\":1,\"name\":\"Startseite\",\"item\":\"https:\\\/\\\/www.oliver-kilb.de\\\/www\\\/\"},{\"@type\":\"ListItem\",\"position\":2,\"name\":\"Panorama \u00fcber den oberen Soiernsee (1.600m).\"}]},{\"@type\":\"WebSite\",\"@id\":\"https:\\\/\\\/www.oliver-kilb.de\\\/www\\\/#website\",\"url\":\"https:\\\/\\\/www.oliver-kilb.de\\\/www\\\/\",\"name\":\"Japan, Wandern und Multimedia\",\"description\":\"\",\"publisher\":{\"@id\":\"https:\\\/\\\/www.oliver-kilb.de\\\/www\\\/#organization\"},\"potentialAction\":[{\"@type\":\"SearchAction\",\"target\":{\"@type\":\"EntryPoint\",\"urlTemplate\":\"https:\\\/\\\/www.oliver-kilb.de\\\/www\\\/?s={search_term_string}\"},\"query-input\":{\"@type\":\"PropertyValueSpecification\",\"valueRequired\":true,\"valueName\":\"search_term_string\"}}],\"inLanguage\":\"de\"},{\"@type\":\"Organization\",\"@id\":\"https:\\\/\\\/www.oliver-kilb.de\\\/www\\\/#organization\",\"name\":\"Japan, Wandern und Multimedia\",\"url\":\"https:\\\/\\\/www.oliver-kilb.de\\\/www\\\/\",\"logo\":{\"@type\":\"ImageObject\",\"inLanguage\":\"de\",\"@id\":\"https:\\\/\\\/www.oliver-kilb.de\\\/www\\\/#\\\/schema\\\/logo\\\/image\\\/\",\"url\":\"https:\\\/\\\/www.oliver-kilb.de\\\/www\\\/wp-content\\\/uploads\\\/2024\\\/07\\\/Fushimi-Inari-Schrein_075_DxO.jpg\",\"contentUrl\":\"https:\\\/\\\/www.oliver-kilb.de\\\/www\\\/wp-content\\\/uploads\\\/2024\\\/07\\\/Fushimi-Inari-Schrein_075_DxO.jpg\",\"width\":1380,\"height\":301,\"caption\":\"Japan, Wandern und Multimedia\"},\"image\":{\"@id\":\"https:\\\/\\\/www.oliver-kilb.de\\\/www\\\/#\\\/schema\\\/logo\\\/image\\\/\"}},{\"@type\":\"Person\",\"@id\":\"https:\\\/\\\/www.oliver-kilb.de\\\/www\\\/#\\\/schema\\\/person\\\/c2b19a881050135aa248a8851b7b4250\",\"name\":\"Oliver Kilb\",\"image\":{\"@type\":\"ImageObject\",\"inLanguage\":\"de\",\"@id\":\"https:\\\/\\\/secure.gravatar.com\\\/avatar\\\/4da50eb2c6eb71b0641229eed4a38d05c8d4b458a59355cca0d02b57303d6ffd?s=96&d=mm&r=g\",\"url\":\"https:\\\/\\\/secure.gravatar.com\\\/avatar\\\/4da50eb2c6eb71b0641229eed4a38d05c8d4b458a59355cca0d02b57303d6ffd?s=96&d=mm&r=g\",\"contentUrl\":\"https:\\\/\\\/secure.gravatar.com\\\/avatar\\\/4da50eb2c6eb71b0641229eed4a38d05c8d4b458a59355cca0d02b57303d6ffd?s=96&d=mm&r=g\",\"caption\":\"Oliver Kilb\"},\"sameAs\":[\"https:\\\/\\\/www.oliver-kilb.de\\\/www\"],\"url\":\"https:\\\/\\\/www.oliver-kilb.de\\\/www\\\/author\\\/oliver-kilb\\\/\"}]}<\/script>\n<!-- \/ Yoast SEO plugin. -->","yoast_head_json":{"title":"Panorama \u00fcber den oberen Soiernsee (1.600m). - Japan, Wandern und Multimedia","description":"Die Soiernseen, umgeben von vielen 2000ern, an einem wunderbaren Tag.","robots":{"index":"index","follow":"follow","max-snippet":"max-snippet:-1","max-image-preview":"max-image-preview:large","max-video-preview":"max-video-preview:-1"},"canonical":"https:\/\/www.oliver-kilb.de\/www\/2019\/08\/01\/panorama-ueber-den-oberen-soiernsee-1-600m\/","og_locale":"de_DE","og_type":"article","og_title":"Panorama \u00fcber den oberen Soiernsee (1.600m). - Japan, Wandern und Multimedia","og_description":"Die Soiernseen, umgeben von vielen 2000ern, an einem wunderbaren Tag.","og_url":"https:\/\/www.oliver-kilb.de\/www\/2019\/08\/01\/panorama-ueber-den-oberen-soiernsee-1-600m\/","og_site_name":"Japan, Wandern und Multimedia","article_published_time":"2019-07-31T22:00:00+00:00","article_modified_time":"2024-09-07T17:10:41+00:00","og_image":[{"width":1440,"height":960,"url":"https:\/\/www.oliver-kilb.de\/www\/wp-content\/uploads\/2024\/09\/Soiernsee_2019-08-31_039.jpg","type":"image\/jpeg"}],"author":"Oliver Kilb","twitter_card":"summary_large_image","twitter_misc":{"Verfasst von":"Oliver Kilb","Gesch\u00e4tzte Lesezeit":"1\u00a0Minute"},"schema":{"@context":"https:\/\/schema.org","@graph":[{"@type":"Article","@id":"https:\/\/www.oliver-kilb.de\/www\/2019\/08\/01\/panorama-ueber-den-oberen-soiernsee-1-600m\/#article","isPartOf":{"@id":"https:\/\/www.oliver-kilb.de\/www\/2019\/08\/01\/panorama-ueber-den-oberen-soiernsee-1-600m\/"},"author":{"name":"Oliver Kilb","@id":"https:\/\/www.oliver-kilb.de\/www\/#\/schema\/person\/c2b19a881050135aa248a8851b7b4250"},"headline":"Panorama \u00fcber den oberen Soiernsee (1.600m).","datePublished":"2019-07-31T22:00:00+00:00","dateModified":"2024-09-07T17:10:41+00:00","mainEntityOfPage":{"@id":"https:\/\/www.oliver-kilb.de\/www\/2019\/08\/01\/panorama-ueber-den-oberen-soiernsee-1-600m\/"},"wordCount":97,"commentCount":1,"publisher":{"@id":"https:\/\/www.oliver-kilb.de\/www\/#organization"},"image":{"@id":"https:\/\/www.oliver-kilb.de\/www\/2019\/08\/01\/panorama-ueber-den-oberen-soiernsee-1-600m\/#primaryimage"},"thumbnailUrl":"https:\/\/www.oliver-kilb.de\/www\/wp-content\/uploads\/2024\/09\/Soiernsee_2019-08-31_039.jpg","keywords":["Panorama","Soiersee"],"articleSection":["Panoramabilder"],"inLanguage":"de","potentialAction":[{"@type":"CommentAction","name":"Comment","target":["https:\/\/www.oliver-kilb.de\/www\/2019\/08\/01\/panorama-ueber-den-oberen-soiernsee-1-600m\/#respond"]}]},{"@type":"WebPage","@id":"https:\/\/www.oliver-kilb.de\/www\/2019\/08\/01\/panorama-ueber-den-oberen-soiernsee-1-600m\/","url":"https:\/\/www.oliver-kilb.de\/www\/2019\/08\/01\/panorama-ueber-den-oberen-soiernsee-1-600m\/","name":"Panorama \u00fcber den oberen Soiernsee (1.600m). - Japan, Wandern und Multimedia","isPartOf":{"@id":"https:\/\/www.oliver-kilb.de\/www\/#website"},"primaryImageOfPage":{"@id":"https:\/\/www.oliver-kilb.de\/www\/2019\/08\/01\/panorama-ueber-den-oberen-soiernsee-1-600m\/#primaryimage"},"image":{"@id":"https:\/\/www.oliver-kilb.de\/www\/2019\/08\/01\/panorama-ueber-den-oberen-soiernsee-1-600m\/#primaryimage"},"thumbnailUrl":"https:\/\/www.oliver-kilb.de\/www\/wp-content\/uploads\/2024\/09\/Soiernsee_2019-08-31_039.jpg","datePublished":"2019-07-31T22:00:00+00:00","dateModified":"2024-09-07T17:10:41+00:00","description":"Die Soiernseen, umgeben von vielen 2000ern, an einem wunderbaren Tag.","breadcrumb":{"@id":"https:\/\/www.oliver-kilb.de\/www\/2019\/08\/01\/panorama-ueber-den-oberen-soiernsee-1-600m\/#breadcrumb"},"inLanguage":"de","potentialAction":[{"@type":"ReadAction","target":["https:\/\/www.oliver-kilb.de\/www\/2019\/08\/01\/panorama-ueber-den-oberen-soiernsee-1-600m\/"]}]},{"@type":"ImageObject","inLanguage":"de","@id":"https:\/\/www.oliver-kilb.de\/www\/2019\/08\/01\/panorama-ueber-den-oberen-soiernsee-1-600m\/#primaryimage","url":"https:\/\/www.oliver-kilb.de\/www\/wp-content\/uploads\/2024\/09\/Soiernsee_2019-08-31_039.jpg","contentUrl":"https:\/\/www.oliver-kilb.de\/www\/wp-content\/uploads\/2024\/09\/Soiernsee_2019-08-31_039.jpg","width":1440,"height":960,"caption":"Der obere der wundersch\u00f6nen Soiernseen."},{"@type":"BreadcrumbList","@id":"https:\/\/www.oliver-kilb.de\/www\/2019\/08\/01\/panorama-ueber-den-oberen-soiernsee-1-600m\/#breadcrumb","itemListElement":[{"@type":"ListItem","position":1,"name":"Startseite","item":"https:\/\/www.oliver-kilb.de\/www\/"},{"@type":"ListItem","position":2,"name":"Panorama \u00fcber den oberen Soiernsee (1.600m)."}]},{"@type":"WebSite","@id":"https:\/\/www.oliver-kilb.de\/www\/#website","url":"https:\/\/www.oliver-kilb.de\/www\/","name":"Japan, Wandern und Multimedia","description":"","publisher":{"@id":"https:\/\/www.oliver-kilb.de\/www\/#organization"},"potentialAction":[{"@type":"SearchAction","target":{"@type":"EntryPoint","urlTemplate":"https:\/\/www.oliver-kilb.de\/www\/?s={search_term_string}"},"query-input":{"@type":"PropertyValueSpecification","valueRequired":true,"valueName":"search_term_string"}}],"inLanguage":"de"},{"@type":"Organization","@id":"https:\/\/www.oliver-kilb.de\/www\/#organization","name":"Japan, Wandern und Multimedia","url":"https:\/\/www.oliver-kilb.de\/www\/","logo":{"@type":"ImageObject","inLanguage":"de","@id":"https:\/\/www.oliver-kilb.de\/www\/#\/schema\/logo\/image\/","url":"https:\/\/www.oliver-kilb.de\/www\/wp-content\/uploads\/2024\/07\/Fushimi-Inari-Schrein_075_DxO.jpg","contentUrl":"https:\/\/www.oliver-kilb.de\/www\/wp-content\/uploads\/2024\/07\/Fushimi-Inari-Schrein_075_DxO.jpg","width":1380,"height":301,"caption":"Japan, Wandern und Multimedia"},"image":{"@id":"https:\/\/www.oliver-kilb.de\/www\/#\/schema\/logo\/image\/"}},{"@type":"Person","@id":"https:\/\/www.oliver-kilb.de\/www\/#\/schema\/person\/c2b19a881050135aa248a8851b7b4250","name":"Oliver Kilb","image":{"@type":"ImageObject","inLanguage":"de","@id":"https:\/\/secure.gravatar.com\/avatar\/4da50eb2c6eb71b0641229eed4a38d05c8d4b458a59355cca0d02b57303d6ffd?s=96&d=mm&r=g","url":"https:\/\/secure.gravatar.com\/avatar\/4da50eb2c6eb71b0641229eed4a38d05c8d4b458a59355cca0d02b57303d6ffd?s=96&d=mm&r=g","contentUrl":"https:\/\/secure.gravatar.com\/avatar\/4da50eb2c6eb71b0641229eed4a38d05c8d4b458a59355cca0d02b57303d6ffd?s=96&d=mm&r=g","caption":"Oliver Kilb"},"sameAs":["https:\/\/www.oliver-kilb.de\/www"],"url":"https:\/\/www.oliver-kilb.de\/www\/author\/oliver-kilb\/"}]}},"amp_enabled":true,"_links":{"self":[{"href":"https:\/\/www.oliver-kilb.de\/www\/wp-json\/wp\/v2\/posts\/871","targetHints":{"allow":["GET"]}}],"collection":[{"href":"https:\/\/www.oliver-kilb.de\/www\/wp-json\/wp\/v2\/posts"}],"about":[{"href":"https:\/\/www.oliver-kilb.de\/www\/wp-json\/wp\/v2\/types\/post"}],"author":[{"embeddable":true,"href":"https:\/\/www.oliver-kilb.de\/www\/wp-json\/wp\/v2\/users\/1"}],"replies":[{"embeddable":true,"href":"https:\/\/www.oliver-kilb.de\/www\/wp-json\/wp\/v2\/comments?post=871"}],"version-history":[{"count":1,"href":"https:\/\/www.oliver-kilb.de\/www\/wp-json\/wp\/v2\/posts\/871\/revisions"}],"predecessor-version":[{"id":874,"href":"https:\/\/www.oliver-kilb.de\/www\/wp-json\/wp\/v2\/posts\/871\/revisions\/874"}],"wp:featuredmedia":[{"embeddable":true,"href":"https:\/\/www.oliver-kilb.de\/www\/wp-json\/wp\/v2\/media\/873"}],"wp:attachment":[{"href":"https:\/\/www.oliver-kilb.de\/www\/wp-json\/wp\/v2\/media?parent=871"}],"wp:term":[{"taxonomy":"category","embeddable":true,"href":"https:\/\/www.oliver-kilb.de\/www\/wp-json\/wp\/v2\/categories?post=871"},{"taxonomy":"post_tag","embeddable":true,"href":"https:\/\/www.oliver-kilb.de\/www\/wp-json\/wp\/v2\/tags?post=871"}],"curies":[{"name":"wp","href":"https:\/\/api.w.org\/{rel}","templated":true}]}}