{"id":866,"date":"2018-05-19T00:20:00","date_gmt":"2018-05-18T22:20:00","guid":{"rendered":"https:\/\/www.oliver-kilb.de\/www\/?p=866"},"modified":"2024-09-07T18:49:57","modified_gmt":"2024-09-07T16:49:57","slug":"panorama-vom-jojakko-ji-ueber-kyoto","status":"publish","type":"post","link":"https:\/\/www.oliver-kilb.de\/www\/2018\/05\/19\/panorama-vom-jojakko-ji-ueber-kyoto\/","title":{"rendered":"Panorama vom Jojakko-Ji \u00fcber Kyoto."},"content":{"rendered":"\n<p><strong>Ein Geheimtipp ganz im Westen Kyotos ist der Jojakko-Ji. Von seinem h\u00f6chsten Punkt aus hat man einen tollen Blick \u00fcber Kyoto.<\/strong><\/p>\n\n\n\n<p>Der Jojakko-Ji ist nicht ganz so leicht zu erreichen, denn er liegt ganz im Westen Kyotos und ziemlich weit im Norden. Um zu ihm zu kommen, muss man mit der JR bis zur Haltestelle Saga-Arashiyama fahren, und dann von dort aus entweder mit dem Taxi oder noch gute 20 Minuten zu Fu\u00df gehen. Aber es lohnt sich, der Tempel ist sehr sch\u00f6n. Durch einen Klick auf das entsprechende Icon kann man das Panorama auch im Vollbild genie\u00dfen.<\/p>\n\n\n\n<iframe loading=\"lazy\" src=\"https:\/\/www.oliver-kilb.de\/gigapixel\/japan\/kyoto\/jojakko-ji\/jojakko-ji.html\" width=\"1000px\" height=\"480px\" frameborder=\"0\" marginwidth=\"0\" marginheight=\"0\" scrolling=\"no\" allowfullscreen=\"allowfullscreen\"><span class=\"mce_SELRES_start\" style=\"width: 0px; line-height: 0; overflow: hidden; display: inline-block;\" data-mce-type=\"bookmark\">\ufeff<\/span><span class=\"mce_SELRES_start\" style=\"width: 0px; line-height: 0; overflow: hidden; display: inline-block;\" data-mce-type=\"bookmark\">\ufeff<\/span><span class=\"mce_SELRES_start\" style=\"width: 0px; line-height: 0; overflow: hidden; display: inline-block;\" data-mce-type=\"bookmark\">\ufeff<\/span><span class=\"mce_SELRES_start\" style=\"width: 0px; line-height: 0; overflow: hidden; display: inline-block;\" data-mce-type=\"bookmark\">\ufeff<\/span><span class=\"mce_SELRES_start\" style=\"width: 0px; line-height: 0; overflow: hidden; display: inline-block;\" data-mce-type=\"bookmark\">\ufeff<\/span><span class=\"mce_SELRES_start\" style=\"width: 0px; line-height: 0; overflow: hidden; display: inline-block;\" data-mce-type=\"bookmark\">\ufeff<\/span><span class=\"mce_SELRES_start\" style=\"width: 0px; line-height: 0; overflow: hidden; display: inline-block;\" data-mce-type=\"bookmark\">\ufeff<\/span><span class=\"mce_SELRES_start\" style=\"width: 0px; line-height: 0; overflow: hidden; display: inline-block;\" data-mce-type=\"bookmark\">\ufeff<\/span><span class=\"mce_SELRES_start\" style=\"width: 0px; line-height: 0; overflow: hidden; display: inline-block;\" data-mce-type=\"bookmark\">\ufeff<\/span><span class=\"mce_SELRES_start\" style=\"width: 0px; line-height: 0; overflow: hidden; display: inline-block;\" data-mce-type=\"bookmark\">\ufeff<\/span><span class=\"mce_SELRES_start\" style=\"width: 0px; line-height: 0; overflow: hidden; display: inline-block;\" data-mce-type=\"bookmark\">\ufeff<\/span><span class=\"mce_SELRES_start\" style=\"width: 0px; line-height: 0; overflow: hidden; display: inline-block;\" data-mce-type=\"bookmark\">\ufeff<\/span><span class=\"mce_SELRES_start\" style=\"width: 0px; line-height: 0; overflow: hidden; display: inline-block;\" data-mce-type=\"bookmark\">\ufeff<\/span><\/iframe>\n\n\n\n<p>Aufgenommen am 19. Mai 2018.<\/p>\n","protected":false},"excerpt":{"rendered":"<p>Ein Geheimtipp ganz im Westen Kyotos ist der Jojakko-Ji. Von seinem h\u00f6chsten Punkt aus hat man einen tollen Blick \u00fcber Kyoto.<\/p>\n","protected":false},"author":1,"featured_media":868,"comment_status":"open","ping_status":"open","sticky":false,"template":"","format":"standard","meta":{"iawp_total_views":12,"footnotes":""},"categories":[65],"tags":[179,169,67],"class_list":["post-866","post","type-post","status-publish","format-standard","has-post-thumbnail","hentry","category-panoramabilder","tag-jojakko-ji","tag-kyoto","tag-panorama"],"yoast_head":"<!-- This site is optimized with the Yoast SEO plugin v27.3 - https:\/\/yoast.com\/product\/yoast-seo-wordpress\/ -->\n<title>Panorama vom Jojakko-Ji \u00fcber Kyoto. - Japan, Wandern und Multimedia<\/title>\n<meta name=\"description\" content=\"Ein Geheimtipp ganz im Westen Kyotos ist der Jojakko-Ji. Von seinem h\u00f6chsten Punkt aus hat man einen tollen Blick \u00fcber Kyoto.\" \/>\n<meta name=\"robots\" content=\"index, follow, max-snippet:-1, max-image-preview:large, max-video-preview:-1\" \/>\n<link rel=\"canonical\" href=\"https:\/\/www.oliver-kilb.de\/www\/2018\/05\/19\/panorama-vom-jojakko-ji-ueber-kyoto\/\" \/>\n<meta property=\"og:locale\" content=\"de_DE\" \/>\n<meta property=\"og:type\" content=\"article\" \/>\n<meta property=\"og:title\" content=\"Panorama vom Jojakko-Ji \u00fcber Kyoto. - Japan, Wandern und Multimedia\" \/>\n<meta property=\"og:description\" content=\"Ein Geheimtipp ganz im Westen Kyotos ist der Jojakko-Ji. Von seinem h\u00f6chsten Punkt aus hat man einen tollen Blick \u00fcber Kyoto.\" \/>\n<meta property=\"og:url\" content=\"https:\/\/www.oliver-kilb.de\/www\/2018\/05\/19\/panorama-vom-jojakko-ji-ueber-kyoto\/\" \/>\n<meta property=\"og:site_name\" content=\"Japan, Wandern und Multimedia\" \/>\n<meta property=\"article:published_time\" content=\"2018-05-18T22:20:00+00:00\" \/>\n<meta property=\"article:modified_time\" content=\"2024-09-07T16:49:57+00:00\" \/>\n<meta property=\"og:image\" content=\"https:\/\/www.oliver-kilb.de\/www\/wp-content\/uploads\/2024\/09\/2018-05-20_jojakko-ji_38.jpg\" \/>\n\t<meta property=\"og:image:width\" content=\"1200\" \/>\n\t<meta property=\"og:image:height\" content=\"800\" \/>\n\t<meta property=\"og:image:type\" content=\"image\/jpeg\" \/>\n<meta name=\"author\" content=\"Oliver Kilb\" \/>\n<meta name=\"twitter:card\" content=\"summary_large_image\" \/>\n<meta name=\"twitter:label1\" content=\"Verfasst von\" \/>\n\t<meta name=\"twitter:data1\" content=\"Oliver Kilb\" \/>\n\t<meta name=\"twitter:label2\" content=\"Gesch\u00e4tzte Lesezeit\" \/>\n\t<meta name=\"twitter:data2\" content=\"1\u00a0Minute\" \/>\n<script type=\"application\/ld+json\" class=\"yoast-schema-graph\">{\"@context\":\"https:\\\/\\\/schema.org\",\"@graph\":[{\"@type\":\"Article\",\"@id\":\"https:\\\/\\\/www.oliver-kilb.de\\\/www\\\/2018\\\/05\\\/19\\\/panorama-vom-jojakko-ji-ueber-kyoto\\\/#article\",\"isPartOf\":{\"@id\":\"https:\\\/\\\/www.oliver-kilb.de\\\/www\\\/2018\\\/05\\\/19\\\/panorama-vom-jojakko-ji-ueber-kyoto\\\/\"},\"author\":{\"name\":\"Oliver Kilb\",\"@id\":\"https:\\\/\\\/www.oliver-kilb.de\\\/www\\\/#\\\/schema\\\/person\\\/c2b19a881050135aa248a8851b7b4250\"},\"headline\":\"Panorama vom Jojakko-Ji \u00fcber Kyoto.\",\"datePublished\":\"2018-05-18T22:20:00+00:00\",\"dateModified\":\"2024-09-07T16:49:57+00:00\",\"mainEntityOfPage\":{\"@id\":\"https:\\\/\\\/www.oliver-kilb.de\\\/www\\\/2018\\\/05\\\/19\\\/panorama-vom-jojakko-ji-ueber-kyoto\\\/\"},\"wordCount\":108,\"commentCount\":1,\"publisher\":{\"@id\":\"https:\\\/\\\/www.oliver-kilb.de\\\/www\\\/#organization\"},\"image\":{\"@id\":\"https:\\\/\\\/www.oliver-kilb.de\\\/www\\\/2018\\\/05\\\/19\\\/panorama-vom-jojakko-ji-ueber-kyoto\\\/#primaryimage\"},\"thumbnailUrl\":\"https:\\\/\\\/www.oliver-kilb.de\\\/www\\\/wp-content\\\/uploads\\\/2024\\\/09\\\/2018-05-20_jojakko-ji_38.jpg\",\"keywords\":[\"Jojakko-ji\",\"Kyoto\",\"Panorama\"],\"articleSection\":[\"Panoramabilder\"],\"inLanguage\":\"de\",\"potentialAction\":[{\"@type\":\"CommentAction\",\"name\":\"Comment\",\"target\":[\"https:\\\/\\\/www.oliver-kilb.de\\\/www\\\/2018\\\/05\\\/19\\\/panorama-vom-jojakko-ji-ueber-kyoto\\\/#respond\"]}]},{\"@type\":\"WebPage\",\"@id\":\"https:\\\/\\\/www.oliver-kilb.de\\\/www\\\/2018\\\/05\\\/19\\\/panorama-vom-jojakko-ji-ueber-kyoto\\\/\",\"url\":\"https:\\\/\\\/www.oliver-kilb.de\\\/www\\\/2018\\\/05\\\/19\\\/panorama-vom-jojakko-ji-ueber-kyoto\\\/\",\"name\":\"Panorama vom Jojakko-Ji \u00fcber Kyoto. - Japan, Wandern und Multimedia\",\"isPartOf\":{\"@id\":\"https:\\\/\\\/www.oliver-kilb.de\\\/www\\\/#website\"},\"primaryImageOfPage\":{\"@id\":\"https:\\\/\\\/www.oliver-kilb.de\\\/www\\\/2018\\\/05\\\/19\\\/panorama-vom-jojakko-ji-ueber-kyoto\\\/#primaryimage\"},\"image\":{\"@id\":\"https:\\\/\\\/www.oliver-kilb.de\\\/www\\\/2018\\\/05\\\/19\\\/panorama-vom-jojakko-ji-ueber-kyoto\\\/#primaryimage\"},\"thumbnailUrl\":\"https:\\\/\\\/www.oliver-kilb.de\\\/www\\\/wp-content\\\/uploads\\\/2024\\\/09\\\/2018-05-20_jojakko-ji_38.jpg\",\"datePublished\":\"2018-05-18T22:20:00+00:00\",\"dateModified\":\"2024-09-07T16:49:57+00:00\",\"description\":\"Ein Geheimtipp ganz im Westen Kyotos ist der Jojakko-Ji. Von seinem h\u00f6chsten Punkt aus hat man einen tollen Blick \u00fcber Kyoto.\",\"breadcrumb\":{\"@id\":\"https:\\\/\\\/www.oliver-kilb.de\\\/www\\\/2018\\\/05\\\/19\\\/panorama-vom-jojakko-ji-ueber-kyoto\\\/#breadcrumb\"},\"inLanguage\":\"de\",\"potentialAction\":[{\"@type\":\"ReadAction\",\"target\":[\"https:\\\/\\\/www.oliver-kilb.de\\\/www\\\/2018\\\/05\\\/19\\\/panorama-vom-jojakko-ji-ueber-kyoto\\\/\"]}]},{\"@type\":\"ImageObject\",\"inLanguage\":\"de\",\"@id\":\"https:\\\/\\\/www.oliver-kilb.de\\\/www\\\/2018\\\/05\\\/19\\\/panorama-vom-jojakko-ji-ueber-kyoto\\\/#primaryimage\",\"url\":\"https:\\\/\\\/www.oliver-kilb.de\\\/www\\\/wp-content\\\/uploads\\\/2024\\\/09\\\/2018-05-20_jojakko-ji_38.jpg\",\"contentUrl\":\"https:\\\/\\\/www.oliver-kilb.de\\\/www\\\/wp-content\\\/uploads\\\/2024\\\/09\\\/2018-05-20_jojakko-ji_38.jpg\",\"width\":1200,\"height\":800,\"caption\":\"Blick auf Kyoto, Richtung Osten.\"},{\"@type\":\"BreadcrumbList\",\"@id\":\"https:\\\/\\\/www.oliver-kilb.de\\\/www\\\/2018\\\/05\\\/19\\\/panorama-vom-jojakko-ji-ueber-kyoto\\\/#breadcrumb\",\"itemListElement\":[{\"@type\":\"ListItem\",\"position\":1,\"name\":\"Startseite\",\"item\":\"https:\\\/\\\/www.oliver-kilb.de\\\/www\\\/\"},{\"@type\":\"ListItem\",\"position\":2,\"name\":\"Panorama vom Jojakko-Ji \u00fcber Kyoto.\"}]},{\"@type\":\"WebSite\",\"@id\":\"https:\\\/\\\/www.oliver-kilb.de\\\/www\\\/#website\",\"url\":\"https:\\\/\\\/www.oliver-kilb.de\\\/www\\\/\",\"name\":\"Japan, Wandern und Multimedia\",\"description\":\"\",\"publisher\":{\"@id\":\"https:\\\/\\\/www.oliver-kilb.de\\\/www\\\/#organization\"},\"potentialAction\":[{\"@type\":\"SearchAction\",\"target\":{\"@type\":\"EntryPoint\",\"urlTemplate\":\"https:\\\/\\\/www.oliver-kilb.de\\\/www\\\/?s={search_term_string}\"},\"query-input\":{\"@type\":\"PropertyValueSpecification\",\"valueRequired\":true,\"valueName\":\"search_term_string\"}}],\"inLanguage\":\"de\"},{\"@type\":\"Organization\",\"@id\":\"https:\\\/\\\/www.oliver-kilb.de\\\/www\\\/#organization\",\"name\":\"Japan, Wandern und Multimedia\",\"url\":\"https:\\\/\\\/www.oliver-kilb.de\\\/www\\\/\",\"logo\":{\"@type\":\"ImageObject\",\"inLanguage\":\"de\",\"@id\":\"https:\\\/\\\/www.oliver-kilb.de\\\/www\\\/#\\\/schema\\\/logo\\\/image\\\/\",\"url\":\"https:\\\/\\\/www.oliver-kilb.de\\\/www\\\/wp-content\\\/uploads\\\/2024\\\/07\\\/Fushimi-Inari-Schrein_075_DxO.jpg\",\"contentUrl\":\"https:\\\/\\\/www.oliver-kilb.de\\\/www\\\/wp-content\\\/uploads\\\/2024\\\/07\\\/Fushimi-Inari-Schrein_075_DxO.jpg\",\"width\":1380,\"height\":301,\"caption\":\"Japan, Wandern und Multimedia\"},\"image\":{\"@id\":\"https:\\\/\\\/www.oliver-kilb.de\\\/www\\\/#\\\/schema\\\/logo\\\/image\\\/\"}},{\"@type\":\"Person\",\"@id\":\"https:\\\/\\\/www.oliver-kilb.de\\\/www\\\/#\\\/schema\\\/person\\\/c2b19a881050135aa248a8851b7b4250\",\"name\":\"Oliver Kilb\",\"image\":{\"@type\":\"ImageObject\",\"inLanguage\":\"de\",\"@id\":\"https:\\\/\\\/secure.gravatar.com\\\/avatar\\\/4da50eb2c6eb71b0641229eed4a38d05c8d4b458a59355cca0d02b57303d6ffd?s=96&d=mm&r=g\",\"url\":\"https:\\\/\\\/secure.gravatar.com\\\/avatar\\\/4da50eb2c6eb71b0641229eed4a38d05c8d4b458a59355cca0d02b57303d6ffd?s=96&d=mm&r=g\",\"contentUrl\":\"https:\\\/\\\/secure.gravatar.com\\\/avatar\\\/4da50eb2c6eb71b0641229eed4a38d05c8d4b458a59355cca0d02b57303d6ffd?s=96&d=mm&r=g\",\"caption\":\"Oliver Kilb\"},\"sameAs\":[\"https:\\\/\\\/www.oliver-kilb.de\\\/www\"],\"url\":\"https:\\\/\\\/www.oliver-kilb.de\\\/www\\\/author\\\/oliver-kilb\\\/\"}]}<\/script>\n<!-- \/ Yoast SEO plugin. -->","yoast_head_json":{"title":"Panorama vom Jojakko-Ji \u00fcber Kyoto. - Japan, Wandern und Multimedia","description":"Ein Geheimtipp ganz im Westen Kyotos ist der Jojakko-Ji. Von seinem h\u00f6chsten Punkt aus hat man einen tollen Blick \u00fcber Kyoto.","robots":{"index":"index","follow":"follow","max-snippet":"max-snippet:-1","max-image-preview":"max-image-preview:large","max-video-preview":"max-video-preview:-1"},"canonical":"https:\/\/www.oliver-kilb.de\/www\/2018\/05\/19\/panorama-vom-jojakko-ji-ueber-kyoto\/","og_locale":"de_DE","og_type":"article","og_title":"Panorama vom Jojakko-Ji \u00fcber Kyoto. - Japan, Wandern und Multimedia","og_description":"Ein Geheimtipp ganz im Westen Kyotos ist der Jojakko-Ji. Von seinem h\u00f6chsten Punkt aus hat man einen tollen Blick \u00fcber Kyoto.","og_url":"https:\/\/www.oliver-kilb.de\/www\/2018\/05\/19\/panorama-vom-jojakko-ji-ueber-kyoto\/","og_site_name":"Japan, Wandern und Multimedia","article_published_time":"2018-05-18T22:20:00+00:00","article_modified_time":"2024-09-07T16:49:57+00:00","og_image":[{"width":1200,"height":800,"url":"https:\/\/www.oliver-kilb.de\/www\/wp-content\/uploads\/2024\/09\/2018-05-20_jojakko-ji_38.jpg","type":"image\/jpeg"}],"author":"Oliver Kilb","twitter_card":"summary_large_image","twitter_misc":{"Verfasst von":"Oliver Kilb","Gesch\u00e4tzte Lesezeit":"1\u00a0Minute"},"schema":{"@context":"https:\/\/schema.org","@graph":[{"@type":"Article","@id":"https:\/\/www.oliver-kilb.de\/www\/2018\/05\/19\/panorama-vom-jojakko-ji-ueber-kyoto\/#article","isPartOf":{"@id":"https:\/\/www.oliver-kilb.de\/www\/2018\/05\/19\/panorama-vom-jojakko-ji-ueber-kyoto\/"},"author":{"name":"Oliver Kilb","@id":"https:\/\/www.oliver-kilb.de\/www\/#\/schema\/person\/c2b19a881050135aa248a8851b7b4250"},"headline":"Panorama vom Jojakko-Ji \u00fcber Kyoto.","datePublished":"2018-05-18T22:20:00+00:00","dateModified":"2024-09-07T16:49:57+00:00","mainEntityOfPage":{"@id":"https:\/\/www.oliver-kilb.de\/www\/2018\/05\/19\/panorama-vom-jojakko-ji-ueber-kyoto\/"},"wordCount":108,"commentCount":1,"publisher":{"@id":"https:\/\/www.oliver-kilb.de\/www\/#organization"},"image":{"@id":"https:\/\/www.oliver-kilb.de\/www\/2018\/05\/19\/panorama-vom-jojakko-ji-ueber-kyoto\/#primaryimage"},"thumbnailUrl":"https:\/\/www.oliver-kilb.de\/www\/wp-content\/uploads\/2024\/09\/2018-05-20_jojakko-ji_38.jpg","keywords":["Jojakko-ji","Kyoto","Panorama"],"articleSection":["Panoramabilder"],"inLanguage":"de","potentialAction":[{"@type":"CommentAction","name":"Comment","target":["https:\/\/www.oliver-kilb.de\/www\/2018\/05\/19\/panorama-vom-jojakko-ji-ueber-kyoto\/#respond"]}]},{"@type":"WebPage","@id":"https:\/\/www.oliver-kilb.de\/www\/2018\/05\/19\/panorama-vom-jojakko-ji-ueber-kyoto\/","url":"https:\/\/www.oliver-kilb.de\/www\/2018\/05\/19\/panorama-vom-jojakko-ji-ueber-kyoto\/","name":"Panorama vom Jojakko-Ji \u00fcber Kyoto. - Japan, Wandern und Multimedia","isPartOf":{"@id":"https:\/\/www.oliver-kilb.de\/www\/#website"},"primaryImageOfPage":{"@id":"https:\/\/www.oliver-kilb.de\/www\/2018\/05\/19\/panorama-vom-jojakko-ji-ueber-kyoto\/#primaryimage"},"image":{"@id":"https:\/\/www.oliver-kilb.de\/www\/2018\/05\/19\/panorama-vom-jojakko-ji-ueber-kyoto\/#primaryimage"},"thumbnailUrl":"https:\/\/www.oliver-kilb.de\/www\/wp-content\/uploads\/2024\/09\/2018-05-20_jojakko-ji_38.jpg","datePublished":"2018-05-18T22:20:00+00:00","dateModified":"2024-09-07T16:49:57+00:00","description":"Ein Geheimtipp ganz im Westen Kyotos ist der Jojakko-Ji. Von seinem h\u00f6chsten Punkt aus hat man einen tollen Blick \u00fcber Kyoto.","breadcrumb":{"@id":"https:\/\/www.oliver-kilb.de\/www\/2018\/05\/19\/panorama-vom-jojakko-ji-ueber-kyoto\/#breadcrumb"},"inLanguage":"de","potentialAction":[{"@type":"ReadAction","target":["https:\/\/www.oliver-kilb.de\/www\/2018\/05\/19\/panorama-vom-jojakko-ji-ueber-kyoto\/"]}]},{"@type":"ImageObject","inLanguage":"de","@id":"https:\/\/www.oliver-kilb.de\/www\/2018\/05\/19\/panorama-vom-jojakko-ji-ueber-kyoto\/#primaryimage","url":"https:\/\/www.oliver-kilb.de\/www\/wp-content\/uploads\/2024\/09\/2018-05-20_jojakko-ji_38.jpg","contentUrl":"https:\/\/www.oliver-kilb.de\/www\/wp-content\/uploads\/2024\/09\/2018-05-20_jojakko-ji_38.jpg","width":1200,"height":800,"caption":"Blick auf Kyoto, Richtung Osten."},{"@type":"BreadcrumbList","@id":"https:\/\/www.oliver-kilb.de\/www\/2018\/05\/19\/panorama-vom-jojakko-ji-ueber-kyoto\/#breadcrumb","itemListElement":[{"@type":"ListItem","position":1,"name":"Startseite","item":"https:\/\/www.oliver-kilb.de\/www\/"},{"@type":"ListItem","position":2,"name":"Panorama vom Jojakko-Ji \u00fcber Kyoto."}]},{"@type":"WebSite","@id":"https:\/\/www.oliver-kilb.de\/www\/#website","url":"https:\/\/www.oliver-kilb.de\/www\/","name":"Japan, Wandern und Multimedia","description":"","publisher":{"@id":"https:\/\/www.oliver-kilb.de\/www\/#organization"},"potentialAction":[{"@type":"SearchAction","target":{"@type":"EntryPoint","urlTemplate":"https:\/\/www.oliver-kilb.de\/www\/?s={search_term_string}"},"query-input":{"@type":"PropertyValueSpecification","valueRequired":true,"valueName":"search_term_string"}}],"inLanguage":"de"},{"@type":"Organization","@id":"https:\/\/www.oliver-kilb.de\/www\/#organization","name":"Japan, Wandern und Multimedia","url":"https:\/\/www.oliver-kilb.de\/www\/","logo":{"@type":"ImageObject","inLanguage":"de","@id":"https:\/\/www.oliver-kilb.de\/www\/#\/schema\/logo\/image\/","url":"https:\/\/www.oliver-kilb.de\/www\/wp-content\/uploads\/2024\/07\/Fushimi-Inari-Schrein_075_DxO.jpg","contentUrl":"https:\/\/www.oliver-kilb.de\/www\/wp-content\/uploads\/2024\/07\/Fushimi-Inari-Schrein_075_DxO.jpg","width":1380,"height":301,"caption":"Japan, Wandern und Multimedia"},"image":{"@id":"https:\/\/www.oliver-kilb.de\/www\/#\/schema\/logo\/image\/"}},{"@type":"Person","@id":"https:\/\/www.oliver-kilb.de\/www\/#\/schema\/person\/c2b19a881050135aa248a8851b7b4250","name":"Oliver Kilb","image":{"@type":"ImageObject","inLanguage":"de","@id":"https:\/\/secure.gravatar.com\/avatar\/4da50eb2c6eb71b0641229eed4a38d05c8d4b458a59355cca0d02b57303d6ffd?s=96&d=mm&r=g","url":"https:\/\/secure.gravatar.com\/avatar\/4da50eb2c6eb71b0641229eed4a38d05c8d4b458a59355cca0d02b57303d6ffd?s=96&d=mm&r=g","contentUrl":"https:\/\/secure.gravatar.com\/avatar\/4da50eb2c6eb71b0641229eed4a38d05c8d4b458a59355cca0d02b57303d6ffd?s=96&d=mm&r=g","caption":"Oliver Kilb"},"sameAs":["https:\/\/www.oliver-kilb.de\/www"],"url":"https:\/\/www.oliver-kilb.de\/www\/author\/oliver-kilb\/"}]}},"amp_enabled":true,"_links":{"self":[{"href":"https:\/\/www.oliver-kilb.de\/www\/wp-json\/wp\/v2\/posts\/866","targetHints":{"allow":["GET"]}}],"collection":[{"href":"https:\/\/www.oliver-kilb.de\/www\/wp-json\/wp\/v2\/posts"}],"about":[{"href":"https:\/\/www.oliver-kilb.de\/www\/wp-json\/wp\/v2\/types\/post"}],"author":[{"embeddable":true,"href":"https:\/\/www.oliver-kilb.de\/www\/wp-json\/wp\/v2\/users\/1"}],"replies":[{"embeddable":true,"href":"https:\/\/www.oliver-kilb.de\/www\/wp-json\/wp\/v2\/comments?post=866"}],"version-history":[{"count":1,"href":"https:\/\/www.oliver-kilb.de\/www\/wp-json\/wp\/v2\/posts\/866\/revisions"}],"predecessor-version":[{"id":869,"href":"https:\/\/www.oliver-kilb.de\/www\/wp-json\/wp\/v2\/posts\/866\/revisions\/869"}],"wp:featuredmedia":[{"embeddable":true,"href":"https:\/\/www.oliver-kilb.de\/www\/wp-json\/wp\/v2\/media\/868"}],"wp:attachment":[{"href":"https:\/\/www.oliver-kilb.de\/www\/wp-json\/wp\/v2\/media?parent=866"}],"wp:term":[{"taxonomy":"category","embeddable":true,"href":"https:\/\/www.oliver-kilb.de\/www\/wp-json\/wp\/v2\/categories?post=866"},{"taxonomy":"post_tag","embeddable":true,"href":"https:\/\/www.oliver-kilb.de\/www\/wp-json\/wp\/v2\/tags?post=866"}],"curies":[{"name":"wp","href":"https:\/\/api.w.org\/{rel}","templated":true}]}}