{"id":791,"date":"2018-06-09T00:20:00","date_gmt":"2018-06-08T22:20:00","guid":{"rendered":"https:\/\/www.oliver-kilb.de\/www\/?p=791"},"modified":"2024-09-07T15:22:37","modified_gmt":"2024-09-07T13:22:37","slug":"panorama-an-der-oberen-weissbrunnalm-ca-2-200m","status":"publish","type":"post","link":"https:\/\/www.oliver-kilb.de\/www\/2018\/06\/09\/panorama-an-der-oberen-weissbrunnalm-ca-2-200m\/","title":{"rendered":"Panorama an der Oberen Wei\u00dfbrunnalm (ca. 2.200m)."},"content":{"rendered":"\n<p><strong>Ein etwas kleines Panorama \u00fcber einen kleinen T\u00fcmpel in Richtung Gr\u00fcnsee.<\/strong><\/p>\n\n\n\n<p>An der Oberen Wei\u00dfbrunnalm ist ein kleiner See, der unauff\u00e4llig ein wenig vertieft liegt. Doch wer genau hinsieht, der erkennt das Potenzial zu einem Panoramasee, in dem sich die Berge rund um den Gr\u00fcnsee spiegeln. Durch einen Klick auf das entsprechende Icon kann man das Panorama auch im Vollbild genie\u00dfen.<\/p>\n\n\n\n<iframe loading=\"lazy\" src=\"https:\/\/www.oliver-kilb.de\/gigapixel\/suedtirol\/ultental\/obere_weissbrunnalm_2018\/obere_weissbrunnalm_2018.html\" width=\"1000px\" height=\"480px\" frameborder=\"0\" marginwidth=\"0\" marginheight=\"0\" scrolling=\"no\" allowfullscreen=\"allowfullscreen\"><span class=\"mce_SELRES_start\" style=\"width: 0px; line-height: 0; overflow: hidden; display: inline-block;\" data-mce-type=\"bookmark\">\ufeff<\/span><span class=\"mce_SELRES_start\" style=\"width: 0px; line-height: 0; overflow: hidden; display: inline-block;\" data-mce-type=\"bookmark\">\ufeff<\/span><span class=\"mce_SELRES_start\" style=\"width: 0px; line-height: 0; overflow: hidden; display: inline-block;\" data-mce-type=\"bookmark\">\ufeff<\/span><\/iframe>\n\n\n\n<p>Aufgenommen am 9. Juni 2018.<\/p>\n","protected":false},"excerpt":{"rendered":"<p>Ein etwas kleines Panorama \u00fcber einen kleinen T\u00fcmpel in Richtung Gr\u00fcnsee.<\/p>\n","protected":false},"author":1,"featured_media":793,"comment_status":"open","ping_status":"open","sticky":false,"template":"","format":"standard","meta":{"iawp_total_views":7,"footnotes":""},"categories":[65],"tags":[159,158,67,68,69],"class_list":["post-791","post","type-post","status-publish","format-standard","has-post-thumbnail","hentry","category-panoramabilder","tag-gruensee","tag-obere-weissbrunnalm","tag-panorama","tag-suedtirol","tag-ultental"],"yoast_head":"<!-- This site is optimized with the Yoast SEO plugin v27.3 - https:\/\/yoast.com\/product\/yoast-seo-wordpress\/ -->\n<title>Panorama an der Oberen Wei\u00dfbrunnalm (ca. 2.200m). - Japan, Wandern und Multimedia<\/title>\n<meta name=\"description\" content=\"Ein etwas kleines Panorama \u00fcber einen kleinen T\u00fcmpel in Richtung Gr\u00fcnsee.\" \/>\n<meta name=\"robots\" content=\"index, follow, max-snippet:-1, max-image-preview:large, max-video-preview:-1\" \/>\n<link rel=\"canonical\" href=\"https:\/\/www.oliver-kilb.de\/www\/2018\/06\/09\/panorama-an-der-oberen-weissbrunnalm-ca-2-200m\/\" \/>\n<meta property=\"og:locale\" content=\"de_DE\" \/>\n<meta property=\"og:type\" content=\"article\" \/>\n<meta property=\"og:title\" content=\"Panorama an der Oberen Wei\u00dfbrunnalm (ca. 2.200m). - Japan, Wandern und Multimedia\" \/>\n<meta property=\"og:description\" content=\"Ein etwas kleines Panorama \u00fcber einen kleinen T\u00fcmpel in Richtung Gr\u00fcnsee.\" \/>\n<meta property=\"og:url\" content=\"https:\/\/www.oliver-kilb.de\/www\/2018\/06\/09\/panorama-an-der-oberen-weissbrunnalm-ca-2-200m\/\" \/>\n<meta property=\"og:site_name\" content=\"Japan, Wandern und Multimedia\" \/>\n<meta property=\"article:published_time\" content=\"2018-06-08T22:20:00+00:00\" \/>\n<meta property=\"article:modified_time\" content=\"2024-09-07T13:22:37+00:00\" \/>\n<meta property=\"og:image\" content=\"https:\/\/www.oliver-kilb.de\/www\/wp-content\/uploads\/2024\/09\/2018-06-09_Hoechster_Huette_63.jpg\" \/>\n\t<meta property=\"og:image:width\" content=\"1200\" \/>\n\t<meta property=\"og:image:height\" content=\"800\" \/>\n\t<meta property=\"og:image:type\" content=\"image\/jpeg\" \/>\n<meta name=\"author\" content=\"Oliver Kilb\" \/>\n<meta name=\"twitter:card\" content=\"summary_large_image\" \/>\n<meta name=\"twitter:label1\" content=\"Verfasst von\" \/>\n\t<meta name=\"twitter:data1\" content=\"Oliver Kilb\" \/>\n\t<meta name=\"twitter:label2\" content=\"Gesch\u00e4tzte Lesezeit\" \/>\n\t<meta name=\"twitter:data2\" content=\"1\u00a0Minute\" \/>\n<script type=\"application\/ld+json\" class=\"yoast-schema-graph\">{\"@context\":\"https:\\\/\\\/schema.org\",\"@graph\":[{\"@type\":\"Article\",\"@id\":\"https:\\\/\\\/www.oliver-kilb.de\\\/www\\\/2018\\\/06\\\/09\\\/panorama-an-der-oberen-weissbrunnalm-ca-2-200m\\\/#article\",\"isPartOf\":{\"@id\":\"https:\\\/\\\/www.oliver-kilb.de\\\/www\\\/2018\\\/06\\\/09\\\/panorama-an-der-oberen-weissbrunnalm-ca-2-200m\\\/\"},\"author\":{\"name\":\"Oliver Kilb\",\"@id\":\"https:\\\/\\\/www.oliver-kilb.de\\\/www\\\/#\\\/schema\\\/person\\\/c2b19a881050135aa248a8851b7b4250\"},\"headline\":\"Panorama an der Oberen Wei\u00dfbrunnalm (ca. 2.200m).\",\"datePublished\":\"2018-06-08T22:20:00+00:00\",\"dateModified\":\"2024-09-07T13:22:37+00:00\",\"mainEntityOfPage\":{\"@id\":\"https:\\\/\\\/www.oliver-kilb.de\\\/www\\\/2018\\\/06\\\/09\\\/panorama-an-der-oberen-weissbrunnalm-ca-2-200m\\\/\"},\"wordCount\":78,\"commentCount\":0,\"publisher\":{\"@id\":\"https:\\\/\\\/www.oliver-kilb.de\\\/www\\\/#organization\"},\"image\":{\"@id\":\"https:\\\/\\\/www.oliver-kilb.de\\\/www\\\/2018\\\/06\\\/09\\\/panorama-an-der-oberen-weissbrunnalm-ca-2-200m\\\/#primaryimage\"},\"thumbnailUrl\":\"https:\\\/\\\/www.oliver-kilb.de\\\/www\\\/wp-content\\\/uploads\\\/2024\\\/09\\\/2018-06-09_Hoechster_Huette_63.jpg\",\"keywords\":[\"Gr\u00fcnsee\",\"Obere Wei\u00dfbrunnalm\",\"Panorama\",\"S\u00fcdtirol\",\"Ultental\"],\"articleSection\":[\"Panoramabilder\"],\"inLanguage\":\"de\",\"potentialAction\":[{\"@type\":\"CommentAction\",\"name\":\"Comment\",\"target\":[\"https:\\\/\\\/www.oliver-kilb.de\\\/www\\\/2018\\\/06\\\/09\\\/panorama-an-der-oberen-weissbrunnalm-ca-2-200m\\\/#respond\"]}]},{\"@type\":\"WebPage\",\"@id\":\"https:\\\/\\\/www.oliver-kilb.de\\\/www\\\/2018\\\/06\\\/09\\\/panorama-an-der-oberen-weissbrunnalm-ca-2-200m\\\/\",\"url\":\"https:\\\/\\\/www.oliver-kilb.de\\\/www\\\/2018\\\/06\\\/09\\\/panorama-an-der-oberen-weissbrunnalm-ca-2-200m\\\/\",\"name\":\"Panorama an der Oberen Wei\u00dfbrunnalm (ca. 2.200m). - Japan, Wandern und Multimedia\",\"isPartOf\":{\"@id\":\"https:\\\/\\\/www.oliver-kilb.de\\\/www\\\/#website\"},\"primaryImageOfPage\":{\"@id\":\"https:\\\/\\\/www.oliver-kilb.de\\\/www\\\/2018\\\/06\\\/09\\\/panorama-an-der-oberen-weissbrunnalm-ca-2-200m\\\/#primaryimage\"},\"image\":{\"@id\":\"https:\\\/\\\/www.oliver-kilb.de\\\/www\\\/2018\\\/06\\\/09\\\/panorama-an-der-oberen-weissbrunnalm-ca-2-200m\\\/#primaryimage\"},\"thumbnailUrl\":\"https:\\\/\\\/www.oliver-kilb.de\\\/www\\\/wp-content\\\/uploads\\\/2024\\\/09\\\/2018-06-09_Hoechster_Huette_63.jpg\",\"datePublished\":\"2018-06-08T22:20:00+00:00\",\"dateModified\":\"2024-09-07T13:22:37+00:00\",\"description\":\"Ein etwas kleines Panorama \u00fcber einen kleinen T\u00fcmpel in Richtung Gr\u00fcnsee.\",\"breadcrumb\":{\"@id\":\"https:\\\/\\\/www.oliver-kilb.de\\\/www\\\/2018\\\/06\\\/09\\\/panorama-an-der-oberen-weissbrunnalm-ca-2-200m\\\/#breadcrumb\"},\"inLanguage\":\"de\",\"potentialAction\":[{\"@type\":\"ReadAction\",\"target\":[\"https:\\\/\\\/www.oliver-kilb.de\\\/www\\\/2018\\\/06\\\/09\\\/panorama-an-der-oberen-weissbrunnalm-ca-2-200m\\\/\"]}]},{\"@type\":\"ImageObject\",\"inLanguage\":\"de\",\"@id\":\"https:\\\/\\\/www.oliver-kilb.de\\\/www\\\/2018\\\/06\\\/09\\\/panorama-an-der-oberen-weissbrunnalm-ca-2-200m\\\/#primaryimage\",\"url\":\"https:\\\/\\\/www.oliver-kilb.de\\\/www\\\/wp-content\\\/uploads\\\/2024\\\/09\\\/2018-06-09_Hoechster_Huette_63.jpg\",\"contentUrl\":\"https:\\\/\\\/www.oliver-kilb.de\\\/www\\\/wp-content\\\/uploads\\\/2024\\\/09\\\/2018-06-09_Hoechster_Huette_63.jpg\",\"width\":1200,\"height\":800,\"caption\":\"Nahe der Oberen Wei\u00dfbrunnalm.\"},{\"@type\":\"BreadcrumbList\",\"@id\":\"https:\\\/\\\/www.oliver-kilb.de\\\/www\\\/2018\\\/06\\\/09\\\/panorama-an-der-oberen-weissbrunnalm-ca-2-200m\\\/#breadcrumb\",\"itemListElement\":[{\"@type\":\"ListItem\",\"position\":1,\"name\":\"Startseite\",\"item\":\"https:\\\/\\\/www.oliver-kilb.de\\\/www\\\/\"},{\"@type\":\"ListItem\",\"position\":2,\"name\":\"Panorama an der Oberen Wei\u00dfbrunnalm (ca. 2.200m).\"}]},{\"@type\":\"WebSite\",\"@id\":\"https:\\\/\\\/www.oliver-kilb.de\\\/www\\\/#website\",\"url\":\"https:\\\/\\\/www.oliver-kilb.de\\\/www\\\/\",\"name\":\"Japan, Wandern und Multimedia\",\"description\":\"\",\"publisher\":{\"@id\":\"https:\\\/\\\/www.oliver-kilb.de\\\/www\\\/#organization\"},\"potentialAction\":[{\"@type\":\"SearchAction\",\"target\":{\"@type\":\"EntryPoint\",\"urlTemplate\":\"https:\\\/\\\/www.oliver-kilb.de\\\/www\\\/?s={search_term_string}\"},\"query-input\":{\"@type\":\"PropertyValueSpecification\",\"valueRequired\":true,\"valueName\":\"search_term_string\"}}],\"inLanguage\":\"de\"},{\"@type\":\"Organization\",\"@id\":\"https:\\\/\\\/www.oliver-kilb.de\\\/www\\\/#organization\",\"name\":\"Japan, Wandern und Multimedia\",\"url\":\"https:\\\/\\\/www.oliver-kilb.de\\\/www\\\/\",\"logo\":{\"@type\":\"ImageObject\",\"inLanguage\":\"de\",\"@id\":\"https:\\\/\\\/www.oliver-kilb.de\\\/www\\\/#\\\/schema\\\/logo\\\/image\\\/\",\"url\":\"https:\\\/\\\/www.oliver-kilb.de\\\/www\\\/wp-content\\\/uploads\\\/2024\\\/07\\\/Fushimi-Inari-Schrein_075_DxO.jpg\",\"contentUrl\":\"https:\\\/\\\/www.oliver-kilb.de\\\/www\\\/wp-content\\\/uploads\\\/2024\\\/07\\\/Fushimi-Inari-Schrein_075_DxO.jpg\",\"width\":1380,\"height\":301,\"caption\":\"Japan, Wandern und Multimedia\"},\"image\":{\"@id\":\"https:\\\/\\\/www.oliver-kilb.de\\\/www\\\/#\\\/schema\\\/logo\\\/image\\\/\"}},{\"@type\":\"Person\",\"@id\":\"https:\\\/\\\/www.oliver-kilb.de\\\/www\\\/#\\\/schema\\\/person\\\/c2b19a881050135aa248a8851b7b4250\",\"name\":\"Oliver Kilb\",\"image\":{\"@type\":\"ImageObject\",\"inLanguage\":\"de\",\"@id\":\"https:\\\/\\\/secure.gravatar.com\\\/avatar\\\/4da50eb2c6eb71b0641229eed4a38d05c8d4b458a59355cca0d02b57303d6ffd?s=96&d=mm&r=g\",\"url\":\"https:\\\/\\\/secure.gravatar.com\\\/avatar\\\/4da50eb2c6eb71b0641229eed4a38d05c8d4b458a59355cca0d02b57303d6ffd?s=96&d=mm&r=g\",\"contentUrl\":\"https:\\\/\\\/secure.gravatar.com\\\/avatar\\\/4da50eb2c6eb71b0641229eed4a38d05c8d4b458a59355cca0d02b57303d6ffd?s=96&d=mm&r=g\",\"caption\":\"Oliver Kilb\"},\"sameAs\":[\"https:\\\/\\\/www.oliver-kilb.de\\\/www\"],\"url\":\"https:\\\/\\\/www.oliver-kilb.de\\\/www\\\/author\\\/oliver-kilb\\\/\"}]}<\/script>\n<!-- \/ Yoast SEO plugin. -->","yoast_head_json":{"title":"Panorama an der Oberen Wei\u00dfbrunnalm (ca. 2.200m). - Japan, Wandern und Multimedia","description":"Ein etwas kleines Panorama \u00fcber einen kleinen T\u00fcmpel in Richtung Gr\u00fcnsee.","robots":{"index":"index","follow":"follow","max-snippet":"max-snippet:-1","max-image-preview":"max-image-preview:large","max-video-preview":"max-video-preview:-1"},"canonical":"https:\/\/www.oliver-kilb.de\/www\/2018\/06\/09\/panorama-an-der-oberen-weissbrunnalm-ca-2-200m\/","og_locale":"de_DE","og_type":"article","og_title":"Panorama an der Oberen Wei\u00dfbrunnalm (ca. 2.200m). - Japan, Wandern und Multimedia","og_description":"Ein etwas kleines Panorama \u00fcber einen kleinen T\u00fcmpel in Richtung Gr\u00fcnsee.","og_url":"https:\/\/www.oliver-kilb.de\/www\/2018\/06\/09\/panorama-an-der-oberen-weissbrunnalm-ca-2-200m\/","og_site_name":"Japan, Wandern und Multimedia","article_published_time":"2018-06-08T22:20:00+00:00","article_modified_time":"2024-09-07T13:22:37+00:00","og_image":[{"width":1200,"height":800,"url":"https:\/\/www.oliver-kilb.de\/www\/wp-content\/uploads\/2024\/09\/2018-06-09_Hoechster_Huette_63.jpg","type":"image\/jpeg"}],"author":"Oliver Kilb","twitter_card":"summary_large_image","twitter_misc":{"Verfasst von":"Oliver Kilb","Gesch\u00e4tzte Lesezeit":"1\u00a0Minute"},"schema":{"@context":"https:\/\/schema.org","@graph":[{"@type":"Article","@id":"https:\/\/www.oliver-kilb.de\/www\/2018\/06\/09\/panorama-an-der-oberen-weissbrunnalm-ca-2-200m\/#article","isPartOf":{"@id":"https:\/\/www.oliver-kilb.de\/www\/2018\/06\/09\/panorama-an-der-oberen-weissbrunnalm-ca-2-200m\/"},"author":{"name":"Oliver Kilb","@id":"https:\/\/www.oliver-kilb.de\/www\/#\/schema\/person\/c2b19a881050135aa248a8851b7b4250"},"headline":"Panorama an der Oberen Wei\u00dfbrunnalm (ca. 2.200m).","datePublished":"2018-06-08T22:20:00+00:00","dateModified":"2024-09-07T13:22:37+00:00","mainEntityOfPage":{"@id":"https:\/\/www.oliver-kilb.de\/www\/2018\/06\/09\/panorama-an-der-oberen-weissbrunnalm-ca-2-200m\/"},"wordCount":78,"commentCount":0,"publisher":{"@id":"https:\/\/www.oliver-kilb.de\/www\/#organization"},"image":{"@id":"https:\/\/www.oliver-kilb.de\/www\/2018\/06\/09\/panorama-an-der-oberen-weissbrunnalm-ca-2-200m\/#primaryimage"},"thumbnailUrl":"https:\/\/www.oliver-kilb.de\/www\/wp-content\/uploads\/2024\/09\/2018-06-09_Hoechster_Huette_63.jpg","keywords":["Gr\u00fcnsee","Obere Wei\u00dfbrunnalm","Panorama","S\u00fcdtirol","Ultental"],"articleSection":["Panoramabilder"],"inLanguage":"de","potentialAction":[{"@type":"CommentAction","name":"Comment","target":["https:\/\/www.oliver-kilb.de\/www\/2018\/06\/09\/panorama-an-der-oberen-weissbrunnalm-ca-2-200m\/#respond"]}]},{"@type":"WebPage","@id":"https:\/\/www.oliver-kilb.de\/www\/2018\/06\/09\/panorama-an-der-oberen-weissbrunnalm-ca-2-200m\/","url":"https:\/\/www.oliver-kilb.de\/www\/2018\/06\/09\/panorama-an-der-oberen-weissbrunnalm-ca-2-200m\/","name":"Panorama an der Oberen Wei\u00dfbrunnalm (ca. 2.200m). - Japan, Wandern und Multimedia","isPartOf":{"@id":"https:\/\/www.oliver-kilb.de\/www\/#website"},"primaryImageOfPage":{"@id":"https:\/\/www.oliver-kilb.de\/www\/2018\/06\/09\/panorama-an-der-oberen-weissbrunnalm-ca-2-200m\/#primaryimage"},"image":{"@id":"https:\/\/www.oliver-kilb.de\/www\/2018\/06\/09\/panorama-an-der-oberen-weissbrunnalm-ca-2-200m\/#primaryimage"},"thumbnailUrl":"https:\/\/www.oliver-kilb.de\/www\/wp-content\/uploads\/2024\/09\/2018-06-09_Hoechster_Huette_63.jpg","datePublished":"2018-06-08T22:20:00+00:00","dateModified":"2024-09-07T13:22:37+00:00","description":"Ein etwas kleines Panorama \u00fcber einen kleinen T\u00fcmpel in Richtung Gr\u00fcnsee.","breadcrumb":{"@id":"https:\/\/www.oliver-kilb.de\/www\/2018\/06\/09\/panorama-an-der-oberen-weissbrunnalm-ca-2-200m\/#breadcrumb"},"inLanguage":"de","potentialAction":[{"@type":"ReadAction","target":["https:\/\/www.oliver-kilb.de\/www\/2018\/06\/09\/panorama-an-der-oberen-weissbrunnalm-ca-2-200m\/"]}]},{"@type":"ImageObject","inLanguage":"de","@id":"https:\/\/www.oliver-kilb.de\/www\/2018\/06\/09\/panorama-an-der-oberen-weissbrunnalm-ca-2-200m\/#primaryimage","url":"https:\/\/www.oliver-kilb.de\/www\/wp-content\/uploads\/2024\/09\/2018-06-09_Hoechster_Huette_63.jpg","contentUrl":"https:\/\/www.oliver-kilb.de\/www\/wp-content\/uploads\/2024\/09\/2018-06-09_Hoechster_Huette_63.jpg","width":1200,"height":800,"caption":"Nahe der Oberen Wei\u00dfbrunnalm."},{"@type":"BreadcrumbList","@id":"https:\/\/www.oliver-kilb.de\/www\/2018\/06\/09\/panorama-an-der-oberen-weissbrunnalm-ca-2-200m\/#breadcrumb","itemListElement":[{"@type":"ListItem","position":1,"name":"Startseite","item":"https:\/\/www.oliver-kilb.de\/www\/"},{"@type":"ListItem","position":2,"name":"Panorama an der Oberen Wei\u00dfbrunnalm (ca. 2.200m)."}]},{"@type":"WebSite","@id":"https:\/\/www.oliver-kilb.de\/www\/#website","url":"https:\/\/www.oliver-kilb.de\/www\/","name":"Japan, Wandern und Multimedia","description":"","publisher":{"@id":"https:\/\/www.oliver-kilb.de\/www\/#organization"},"potentialAction":[{"@type":"SearchAction","target":{"@type":"EntryPoint","urlTemplate":"https:\/\/www.oliver-kilb.de\/www\/?s={search_term_string}"},"query-input":{"@type":"PropertyValueSpecification","valueRequired":true,"valueName":"search_term_string"}}],"inLanguage":"de"},{"@type":"Organization","@id":"https:\/\/www.oliver-kilb.de\/www\/#organization","name":"Japan, Wandern und Multimedia","url":"https:\/\/www.oliver-kilb.de\/www\/","logo":{"@type":"ImageObject","inLanguage":"de","@id":"https:\/\/www.oliver-kilb.de\/www\/#\/schema\/logo\/image\/","url":"https:\/\/www.oliver-kilb.de\/www\/wp-content\/uploads\/2024\/07\/Fushimi-Inari-Schrein_075_DxO.jpg","contentUrl":"https:\/\/www.oliver-kilb.de\/www\/wp-content\/uploads\/2024\/07\/Fushimi-Inari-Schrein_075_DxO.jpg","width":1380,"height":301,"caption":"Japan, Wandern und Multimedia"},"image":{"@id":"https:\/\/www.oliver-kilb.de\/www\/#\/schema\/logo\/image\/"}},{"@type":"Person","@id":"https:\/\/www.oliver-kilb.de\/www\/#\/schema\/person\/c2b19a881050135aa248a8851b7b4250","name":"Oliver Kilb","image":{"@type":"ImageObject","inLanguage":"de","@id":"https:\/\/secure.gravatar.com\/avatar\/4da50eb2c6eb71b0641229eed4a38d05c8d4b458a59355cca0d02b57303d6ffd?s=96&d=mm&r=g","url":"https:\/\/secure.gravatar.com\/avatar\/4da50eb2c6eb71b0641229eed4a38d05c8d4b458a59355cca0d02b57303d6ffd?s=96&d=mm&r=g","contentUrl":"https:\/\/secure.gravatar.com\/avatar\/4da50eb2c6eb71b0641229eed4a38d05c8d4b458a59355cca0d02b57303d6ffd?s=96&d=mm&r=g","caption":"Oliver Kilb"},"sameAs":["https:\/\/www.oliver-kilb.de\/www"],"url":"https:\/\/www.oliver-kilb.de\/www\/author\/oliver-kilb\/"}]}},"amp_enabled":true,"_links":{"self":[{"href":"https:\/\/www.oliver-kilb.de\/www\/wp-json\/wp\/v2\/posts\/791","targetHints":{"allow":["GET"]}}],"collection":[{"href":"https:\/\/www.oliver-kilb.de\/www\/wp-json\/wp\/v2\/posts"}],"about":[{"href":"https:\/\/www.oliver-kilb.de\/www\/wp-json\/wp\/v2\/types\/post"}],"author":[{"embeddable":true,"href":"https:\/\/www.oliver-kilb.de\/www\/wp-json\/wp\/v2\/users\/1"}],"replies":[{"embeddable":true,"href":"https:\/\/www.oliver-kilb.de\/www\/wp-json\/wp\/v2\/comments?post=791"}],"version-history":[{"count":1,"href":"https:\/\/www.oliver-kilb.de\/www\/wp-json\/wp\/v2\/posts\/791\/revisions"}],"predecessor-version":[{"id":794,"href":"https:\/\/www.oliver-kilb.de\/www\/wp-json\/wp\/v2\/posts\/791\/revisions\/794"}],"wp:featuredmedia":[{"embeddable":true,"href":"https:\/\/www.oliver-kilb.de\/www\/wp-json\/wp\/v2\/media\/793"}],"wp:attachment":[{"href":"https:\/\/www.oliver-kilb.de\/www\/wp-json\/wp\/v2\/media?parent=791"}],"wp:term":[{"taxonomy":"category","embeddable":true,"href":"https:\/\/www.oliver-kilb.de\/www\/wp-json\/wp\/v2\/categories?post=791"},{"taxonomy":"post_tag","embeddable":true,"href":"https:\/\/www.oliver-kilb.de\/www\/wp-json\/wp\/v2\/tags?post=791"}],"curies":[{"name":"wp","href":"https:\/\/api.w.org\/{rel}","templated":true}]}}