{"id":707,"date":"2017-10-05T00:30:00","date_gmt":"2017-10-04T22:30:00","guid":{"rendered":"https:\/\/www.oliver-kilb.de\/www\/?p=707"},"modified":"2024-09-07T13:29:25","modified_gmt":"2024-09-07T11:29:25","slug":"panorama-ueber-den-fiechtsee-ca-2-100m","status":"publish","type":"post","link":"https:\/\/www.oliver-kilb.de\/www\/2017\/10\/05\/panorama-ueber-den-fiechtsee-ca-2-100m\/","title":{"rendered":"Panorama \u00fcber den Fiechtsee (ca. 2.100m)."},"content":{"rendered":"\n<p><strong>Zwischen dem Nagelstein und der Fiechth\u00fctte, einer beliebten Alm, liegt der Fiechtsee auf etwa 2.100m H\u00f6he. Im Herbst f\u00fchlt man sich dort wie auf einem anderen Kontinent.<\/strong><\/p>\n\n\n\n<p>Zwar war ich selbst noch nie dort, aber ich k\u00f6nnte mir diese Landschaft auch gut in Kanada vorstellen. Die L\u00e4rchen f\u00e4rben sich gelb, die Berge im Hintergrund sind schon mit Schnee bedeckt &#8211; wundersch\u00f6n. Durch einen Klick auf das entsprechende Icon kann man das Panorama auch im Vollbild genie\u00dfen.<\/p>\n\n\n\n<iframe loading=\"lazy\" src=\"https:\/\/www.oliver-kilb.de\/gigapixel\/suedtirol\/ultental\/viechtsee_2017\/viechtsee_2017.html\" width=\"1000px\" height=\"480px\" frameborder=\"0\" marginwidth=\"0\" marginheight=\"0\" scrolling=\"no\" allowfullscreen=\"allowfullscreen\"><\/iframe>\n\n\n\n<p>Aufgenommen am 5. Oktober 2017<\/p>\n","protected":false},"excerpt":{"rendered":"<p>Zwischen dem Nagelstein und der Fiechth\u00fctte, einer beliebten Alm, liegt der Fiechtsee auf etwa 2.100m H\u00f6he. Im Herbst f\u00fchlt man sich dort wie auf einem anderen Kontinent.<\/p>\n","protected":false},"author":1,"featured_media":709,"comment_status":"open","ping_status":"open","sticky":false,"template":"","format":"standard","meta":{"iawp_total_views":7,"footnotes":""},"categories":[65],"tags":[142,141,67,68,69],"class_list":["post-707","post","type-post","status-publish","format-standard","has-post-thumbnail","hentry","category-panoramabilder","tag-fiechtalm","tag-fiechtsee","tag-panorama","tag-suedtirol","tag-ultental"],"yoast_head":"<!-- This site is optimized with the Yoast SEO plugin v27.3 - https:\/\/yoast.com\/product\/yoast-seo-wordpress\/ -->\n<title>Panorama \u00fcber den Fiechtsee (ca. 2.100m). - Japan, Wandern und Multimedia<\/title>\n<meta name=\"description\" content=\"Zwischen dem Nagelstein und der Fiechth\u00fctte, einer beliebten Alm, liegt der Fiechtsee auf etwa 2.100m H\u00f6he.\" \/>\n<meta name=\"robots\" content=\"index, follow, max-snippet:-1, max-image-preview:large, max-video-preview:-1\" \/>\n<link rel=\"canonical\" href=\"https:\/\/www.oliver-kilb.de\/www\/2017\/10\/05\/panorama-ueber-den-fiechtsee-ca-2-100m\/\" \/>\n<meta property=\"og:locale\" content=\"de_DE\" \/>\n<meta property=\"og:type\" content=\"article\" \/>\n<meta property=\"og:title\" content=\"Panorama \u00fcber den Fiechtsee (ca. 2.100m). - Japan, Wandern und Multimedia\" \/>\n<meta property=\"og:description\" content=\"Zwischen dem Nagelstein und der Fiechth\u00fctte, einer beliebten Alm, liegt der Fiechtsee auf etwa 2.100m H\u00f6he.\" \/>\n<meta property=\"og:url\" content=\"https:\/\/www.oliver-kilb.de\/www\/2017\/10\/05\/panorama-ueber-den-fiechtsee-ca-2-100m\/\" \/>\n<meta property=\"og:site_name\" content=\"Japan, Wandern und Multimedia\" \/>\n<meta property=\"article:published_time\" content=\"2017-10-04T22:30:00+00:00\" \/>\n<meta property=\"article:modified_time\" content=\"2024-09-07T11:29:25+00:00\" \/>\n<meta property=\"og:image\" content=\"https:\/\/www.oliver-kilb.de\/www\/wp-content\/uploads\/2024\/09\/2017-10-05_Nagelstein_web_101.jpg\" \/>\n\t<meta property=\"og:image:width\" content=\"1200\" \/>\n\t<meta property=\"og:image:height\" content=\"800\" \/>\n\t<meta property=\"og:image:type\" content=\"image\/jpeg\" \/>\n<meta name=\"author\" content=\"Oliver Kilb\" \/>\n<meta name=\"twitter:card\" content=\"summary_large_image\" \/>\n<meta name=\"twitter:label1\" content=\"Verfasst von\" \/>\n\t<meta name=\"twitter:data1\" content=\"Oliver Kilb\" \/>\n\t<meta name=\"twitter:label2\" content=\"Gesch\u00e4tzte Lesezeit\" \/>\n\t<meta name=\"twitter:data2\" content=\"1\u00a0Minute\" \/>\n<script type=\"application\/ld+json\" class=\"yoast-schema-graph\">{\"@context\":\"https:\\\/\\\/schema.org\",\"@graph\":[{\"@type\":\"Article\",\"@id\":\"https:\\\/\\\/www.oliver-kilb.de\\\/www\\\/2017\\\/10\\\/05\\\/panorama-ueber-den-fiechtsee-ca-2-100m\\\/#article\",\"isPartOf\":{\"@id\":\"https:\\\/\\\/www.oliver-kilb.de\\\/www\\\/2017\\\/10\\\/05\\\/panorama-ueber-den-fiechtsee-ca-2-100m\\\/\"},\"author\":{\"name\":\"Oliver Kilb\",\"@id\":\"https:\\\/\\\/www.oliver-kilb.de\\\/www\\\/#\\\/schema\\\/person\\\/c2b19a881050135aa248a8851b7b4250\"},\"headline\":\"Panorama \u00fcber den Fiechtsee (ca. 2.100m).\",\"datePublished\":\"2017-10-04T22:30:00+00:00\",\"dateModified\":\"2024-09-07T11:29:25+00:00\",\"mainEntityOfPage\":{\"@id\":\"https:\\\/\\\/www.oliver-kilb.de\\\/www\\\/2017\\\/10\\\/05\\\/panorama-ueber-den-fiechtsee-ca-2-100m\\\/\"},\"wordCount\":93,\"commentCount\":0,\"publisher\":{\"@id\":\"https:\\\/\\\/www.oliver-kilb.de\\\/www\\\/#organization\"},\"image\":{\"@id\":\"https:\\\/\\\/www.oliver-kilb.de\\\/www\\\/2017\\\/10\\\/05\\\/panorama-ueber-den-fiechtsee-ca-2-100m\\\/#primaryimage\"},\"thumbnailUrl\":\"https:\\\/\\\/www.oliver-kilb.de\\\/www\\\/wp-content\\\/uploads\\\/2024\\\/09\\\/2017-10-05_Nagelstein_web_101.jpg\",\"keywords\":[\"Fiechtalm\",\"Fiechtsee\",\"Panorama\",\"S\u00fcdtirol\",\"Ultental\"],\"articleSection\":[\"Panoramabilder\"],\"inLanguage\":\"de\",\"potentialAction\":[{\"@type\":\"CommentAction\",\"name\":\"Comment\",\"target\":[\"https:\\\/\\\/www.oliver-kilb.de\\\/www\\\/2017\\\/10\\\/05\\\/panorama-ueber-den-fiechtsee-ca-2-100m\\\/#respond\"]}]},{\"@type\":\"WebPage\",\"@id\":\"https:\\\/\\\/www.oliver-kilb.de\\\/www\\\/2017\\\/10\\\/05\\\/panorama-ueber-den-fiechtsee-ca-2-100m\\\/\",\"url\":\"https:\\\/\\\/www.oliver-kilb.de\\\/www\\\/2017\\\/10\\\/05\\\/panorama-ueber-den-fiechtsee-ca-2-100m\\\/\",\"name\":\"Panorama \u00fcber den Fiechtsee (ca. 2.100m). - Japan, Wandern und Multimedia\",\"isPartOf\":{\"@id\":\"https:\\\/\\\/www.oliver-kilb.de\\\/www\\\/#website\"},\"primaryImageOfPage\":{\"@id\":\"https:\\\/\\\/www.oliver-kilb.de\\\/www\\\/2017\\\/10\\\/05\\\/panorama-ueber-den-fiechtsee-ca-2-100m\\\/#primaryimage\"},\"image\":{\"@id\":\"https:\\\/\\\/www.oliver-kilb.de\\\/www\\\/2017\\\/10\\\/05\\\/panorama-ueber-den-fiechtsee-ca-2-100m\\\/#primaryimage\"},\"thumbnailUrl\":\"https:\\\/\\\/www.oliver-kilb.de\\\/www\\\/wp-content\\\/uploads\\\/2024\\\/09\\\/2017-10-05_Nagelstein_web_101.jpg\",\"datePublished\":\"2017-10-04T22:30:00+00:00\",\"dateModified\":\"2024-09-07T11:29:25+00:00\",\"description\":\"Zwischen dem Nagelstein und der Fiechth\u00fctte, einer beliebten Alm, liegt der Fiechtsee auf etwa 2.100m H\u00f6he.\",\"breadcrumb\":{\"@id\":\"https:\\\/\\\/www.oliver-kilb.de\\\/www\\\/2017\\\/10\\\/05\\\/panorama-ueber-den-fiechtsee-ca-2-100m\\\/#breadcrumb\"},\"inLanguage\":\"de\",\"potentialAction\":[{\"@type\":\"ReadAction\",\"target\":[\"https:\\\/\\\/www.oliver-kilb.de\\\/www\\\/2017\\\/10\\\/05\\\/panorama-ueber-den-fiechtsee-ca-2-100m\\\/\"]}]},{\"@type\":\"ImageObject\",\"inLanguage\":\"de\",\"@id\":\"https:\\\/\\\/www.oliver-kilb.de\\\/www\\\/2017\\\/10\\\/05\\\/panorama-ueber-den-fiechtsee-ca-2-100m\\\/#primaryimage\",\"url\":\"https:\\\/\\\/www.oliver-kilb.de\\\/www\\\/wp-content\\\/uploads\\\/2024\\\/09\\\/2017-10-05_Nagelstein_web_101.jpg\",\"contentUrl\":\"https:\\\/\\\/www.oliver-kilb.de\\\/www\\\/wp-content\\\/uploads\\\/2024\\\/09\\\/2017-10-05_Nagelstein_web_101.jpg\",\"width\":1200,\"height\":800,\"caption\":\"Der Fiechtsee.\"},{\"@type\":\"BreadcrumbList\",\"@id\":\"https:\\\/\\\/www.oliver-kilb.de\\\/www\\\/2017\\\/10\\\/05\\\/panorama-ueber-den-fiechtsee-ca-2-100m\\\/#breadcrumb\",\"itemListElement\":[{\"@type\":\"ListItem\",\"position\":1,\"name\":\"Startseite\",\"item\":\"https:\\\/\\\/www.oliver-kilb.de\\\/www\\\/\"},{\"@type\":\"ListItem\",\"position\":2,\"name\":\"Panorama \u00fcber den Fiechtsee (ca. 2.100m).\"}]},{\"@type\":\"WebSite\",\"@id\":\"https:\\\/\\\/www.oliver-kilb.de\\\/www\\\/#website\",\"url\":\"https:\\\/\\\/www.oliver-kilb.de\\\/www\\\/\",\"name\":\"Japan, Wandern und Multimedia\",\"description\":\"\",\"publisher\":{\"@id\":\"https:\\\/\\\/www.oliver-kilb.de\\\/www\\\/#organization\"},\"potentialAction\":[{\"@type\":\"SearchAction\",\"target\":{\"@type\":\"EntryPoint\",\"urlTemplate\":\"https:\\\/\\\/www.oliver-kilb.de\\\/www\\\/?s={search_term_string}\"},\"query-input\":{\"@type\":\"PropertyValueSpecification\",\"valueRequired\":true,\"valueName\":\"search_term_string\"}}],\"inLanguage\":\"de\"},{\"@type\":\"Organization\",\"@id\":\"https:\\\/\\\/www.oliver-kilb.de\\\/www\\\/#organization\",\"name\":\"Japan, Wandern und Multimedia\",\"url\":\"https:\\\/\\\/www.oliver-kilb.de\\\/www\\\/\",\"logo\":{\"@type\":\"ImageObject\",\"inLanguage\":\"de\",\"@id\":\"https:\\\/\\\/www.oliver-kilb.de\\\/www\\\/#\\\/schema\\\/logo\\\/image\\\/\",\"url\":\"https:\\\/\\\/www.oliver-kilb.de\\\/www\\\/wp-content\\\/uploads\\\/2024\\\/07\\\/Fushimi-Inari-Schrein_075_DxO.jpg\",\"contentUrl\":\"https:\\\/\\\/www.oliver-kilb.de\\\/www\\\/wp-content\\\/uploads\\\/2024\\\/07\\\/Fushimi-Inari-Schrein_075_DxO.jpg\",\"width\":1380,\"height\":301,\"caption\":\"Japan, Wandern und Multimedia\"},\"image\":{\"@id\":\"https:\\\/\\\/www.oliver-kilb.de\\\/www\\\/#\\\/schema\\\/logo\\\/image\\\/\"}},{\"@type\":\"Person\",\"@id\":\"https:\\\/\\\/www.oliver-kilb.de\\\/www\\\/#\\\/schema\\\/person\\\/c2b19a881050135aa248a8851b7b4250\",\"name\":\"Oliver Kilb\",\"image\":{\"@type\":\"ImageObject\",\"inLanguage\":\"de\",\"@id\":\"https:\\\/\\\/secure.gravatar.com\\\/avatar\\\/4da50eb2c6eb71b0641229eed4a38d05c8d4b458a59355cca0d02b57303d6ffd?s=96&d=mm&r=g\",\"url\":\"https:\\\/\\\/secure.gravatar.com\\\/avatar\\\/4da50eb2c6eb71b0641229eed4a38d05c8d4b458a59355cca0d02b57303d6ffd?s=96&d=mm&r=g\",\"contentUrl\":\"https:\\\/\\\/secure.gravatar.com\\\/avatar\\\/4da50eb2c6eb71b0641229eed4a38d05c8d4b458a59355cca0d02b57303d6ffd?s=96&d=mm&r=g\",\"caption\":\"Oliver Kilb\"},\"sameAs\":[\"https:\\\/\\\/www.oliver-kilb.de\\\/www\"],\"url\":\"https:\\\/\\\/www.oliver-kilb.de\\\/www\\\/author\\\/oliver-kilb\\\/\"}]}<\/script>\n<!-- \/ Yoast SEO plugin. -->","yoast_head_json":{"title":"Panorama \u00fcber den Fiechtsee (ca. 2.100m). - Japan, Wandern und Multimedia","description":"Zwischen dem Nagelstein und der Fiechth\u00fctte, einer beliebten Alm, liegt der Fiechtsee auf etwa 2.100m H\u00f6he.","robots":{"index":"index","follow":"follow","max-snippet":"max-snippet:-1","max-image-preview":"max-image-preview:large","max-video-preview":"max-video-preview:-1"},"canonical":"https:\/\/www.oliver-kilb.de\/www\/2017\/10\/05\/panorama-ueber-den-fiechtsee-ca-2-100m\/","og_locale":"de_DE","og_type":"article","og_title":"Panorama \u00fcber den Fiechtsee (ca. 2.100m). - Japan, Wandern und Multimedia","og_description":"Zwischen dem Nagelstein und der Fiechth\u00fctte, einer beliebten Alm, liegt der Fiechtsee auf etwa 2.100m H\u00f6he.","og_url":"https:\/\/www.oliver-kilb.de\/www\/2017\/10\/05\/panorama-ueber-den-fiechtsee-ca-2-100m\/","og_site_name":"Japan, Wandern und Multimedia","article_published_time":"2017-10-04T22:30:00+00:00","article_modified_time":"2024-09-07T11:29:25+00:00","og_image":[{"width":1200,"height":800,"url":"https:\/\/www.oliver-kilb.de\/www\/wp-content\/uploads\/2024\/09\/2017-10-05_Nagelstein_web_101.jpg","type":"image\/jpeg"}],"author":"Oliver Kilb","twitter_card":"summary_large_image","twitter_misc":{"Verfasst von":"Oliver Kilb","Gesch\u00e4tzte Lesezeit":"1\u00a0Minute"},"schema":{"@context":"https:\/\/schema.org","@graph":[{"@type":"Article","@id":"https:\/\/www.oliver-kilb.de\/www\/2017\/10\/05\/panorama-ueber-den-fiechtsee-ca-2-100m\/#article","isPartOf":{"@id":"https:\/\/www.oliver-kilb.de\/www\/2017\/10\/05\/panorama-ueber-den-fiechtsee-ca-2-100m\/"},"author":{"name":"Oliver Kilb","@id":"https:\/\/www.oliver-kilb.de\/www\/#\/schema\/person\/c2b19a881050135aa248a8851b7b4250"},"headline":"Panorama \u00fcber den Fiechtsee (ca. 2.100m).","datePublished":"2017-10-04T22:30:00+00:00","dateModified":"2024-09-07T11:29:25+00:00","mainEntityOfPage":{"@id":"https:\/\/www.oliver-kilb.de\/www\/2017\/10\/05\/panorama-ueber-den-fiechtsee-ca-2-100m\/"},"wordCount":93,"commentCount":0,"publisher":{"@id":"https:\/\/www.oliver-kilb.de\/www\/#organization"},"image":{"@id":"https:\/\/www.oliver-kilb.de\/www\/2017\/10\/05\/panorama-ueber-den-fiechtsee-ca-2-100m\/#primaryimage"},"thumbnailUrl":"https:\/\/www.oliver-kilb.de\/www\/wp-content\/uploads\/2024\/09\/2017-10-05_Nagelstein_web_101.jpg","keywords":["Fiechtalm","Fiechtsee","Panorama","S\u00fcdtirol","Ultental"],"articleSection":["Panoramabilder"],"inLanguage":"de","potentialAction":[{"@type":"CommentAction","name":"Comment","target":["https:\/\/www.oliver-kilb.de\/www\/2017\/10\/05\/panorama-ueber-den-fiechtsee-ca-2-100m\/#respond"]}]},{"@type":"WebPage","@id":"https:\/\/www.oliver-kilb.de\/www\/2017\/10\/05\/panorama-ueber-den-fiechtsee-ca-2-100m\/","url":"https:\/\/www.oliver-kilb.de\/www\/2017\/10\/05\/panorama-ueber-den-fiechtsee-ca-2-100m\/","name":"Panorama \u00fcber den Fiechtsee (ca. 2.100m). - Japan, Wandern und Multimedia","isPartOf":{"@id":"https:\/\/www.oliver-kilb.de\/www\/#website"},"primaryImageOfPage":{"@id":"https:\/\/www.oliver-kilb.de\/www\/2017\/10\/05\/panorama-ueber-den-fiechtsee-ca-2-100m\/#primaryimage"},"image":{"@id":"https:\/\/www.oliver-kilb.de\/www\/2017\/10\/05\/panorama-ueber-den-fiechtsee-ca-2-100m\/#primaryimage"},"thumbnailUrl":"https:\/\/www.oliver-kilb.de\/www\/wp-content\/uploads\/2024\/09\/2017-10-05_Nagelstein_web_101.jpg","datePublished":"2017-10-04T22:30:00+00:00","dateModified":"2024-09-07T11:29:25+00:00","description":"Zwischen dem Nagelstein und der Fiechth\u00fctte, einer beliebten Alm, liegt der Fiechtsee auf etwa 2.100m H\u00f6he.","breadcrumb":{"@id":"https:\/\/www.oliver-kilb.de\/www\/2017\/10\/05\/panorama-ueber-den-fiechtsee-ca-2-100m\/#breadcrumb"},"inLanguage":"de","potentialAction":[{"@type":"ReadAction","target":["https:\/\/www.oliver-kilb.de\/www\/2017\/10\/05\/panorama-ueber-den-fiechtsee-ca-2-100m\/"]}]},{"@type":"ImageObject","inLanguage":"de","@id":"https:\/\/www.oliver-kilb.de\/www\/2017\/10\/05\/panorama-ueber-den-fiechtsee-ca-2-100m\/#primaryimage","url":"https:\/\/www.oliver-kilb.de\/www\/wp-content\/uploads\/2024\/09\/2017-10-05_Nagelstein_web_101.jpg","contentUrl":"https:\/\/www.oliver-kilb.de\/www\/wp-content\/uploads\/2024\/09\/2017-10-05_Nagelstein_web_101.jpg","width":1200,"height":800,"caption":"Der Fiechtsee."},{"@type":"BreadcrumbList","@id":"https:\/\/www.oliver-kilb.de\/www\/2017\/10\/05\/panorama-ueber-den-fiechtsee-ca-2-100m\/#breadcrumb","itemListElement":[{"@type":"ListItem","position":1,"name":"Startseite","item":"https:\/\/www.oliver-kilb.de\/www\/"},{"@type":"ListItem","position":2,"name":"Panorama \u00fcber den Fiechtsee (ca. 2.100m)."}]},{"@type":"WebSite","@id":"https:\/\/www.oliver-kilb.de\/www\/#website","url":"https:\/\/www.oliver-kilb.de\/www\/","name":"Japan, Wandern und Multimedia","description":"","publisher":{"@id":"https:\/\/www.oliver-kilb.de\/www\/#organization"},"potentialAction":[{"@type":"SearchAction","target":{"@type":"EntryPoint","urlTemplate":"https:\/\/www.oliver-kilb.de\/www\/?s={search_term_string}"},"query-input":{"@type":"PropertyValueSpecification","valueRequired":true,"valueName":"search_term_string"}}],"inLanguage":"de"},{"@type":"Organization","@id":"https:\/\/www.oliver-kilb.de\/www\/#organization","name":"Japan, Wandern und Multimedia","url":"https:\/\/www.oliver-kilb.de\/www\/","logo":{"@type":"ImageObject","inLanguage":"de","@id":"https:\/\/www.oliver-kilb.de\/www\/#\/schema\/logo\/image\/","url":"https:\/\/www.oliver-kilb.de\/www\/wp-content\/uploads\/2024\/07\/Fushimi-Inari-Schrein_075_DxO.jpg","contentUrl":"https:\/\/www.oliver-kilb.de\/www\/wp-content\/uploads\/2024\/07\/Fushimi-Inari-Schrein_075_DxO.jpg","width":1380,"height":301,"caption":"Japan, Wandern und Multimedia"},"image":{"@id":"https:\/\/www.oliver-kilb.de\/www\/#\/schema\/logo\/image\/"}},{"@type":"Person","@id":"https:\/\/www.oliver-kilb.de\/www\/#\/schema\/person\/c2b19a881050135aa248a8851b7b4250","name":"Oliver Kilb","image":{"@type":"ImageObject","inLanguage":"de","@id":"https:\/\/secure.gravatar.com\/avatar\/4da50eb2c6eb71b0641229eed4a38d05c8d4b458a59355cca0d02b57303d6ffd?s=96&d=mm&r=g","url":"https:\/\/secure.gravatar.com\/avatar\/4da50eb2c6eb71b0641229eed4a38d05c8d4b458a59355cca0d02b57303d6ffd?s=96&d=mm&r=g","contentUrl":"https:\/\/secure.gravatar.com\/avatar\/4da50eb2c6eb71b0641229eed4a38d05c8d4b458a59355cca0d02b57303d6ffd?s=96&d=mm&r=g","caption":"Oliver Kilb"},"sameAs":["https:\/\/www.oliver-kilb.de\/www"],"url":"https:\/\/www.oliver-kilb.de\/www\/author\/oliver-kilb\/"}]}},"amp_enabled":true,"_links":{"self":[{"href":"https:\/\/www.oliver-kilb.de\/www\/wp-json\/wp\/v2\/posts\/707","targetHints":{"allow":["GET"]}}],"collection":[{"href":"https:\/\/www.oliver-kilb.de\/www\/wp-json\/wp\/v2\/posts"}],"about":[{"href":"https:\/\/www.oliver-kilb.de\/www\/wp-json\/wp\/v2\/types\/post"}],"author":[{"embeddable":true,"href":"https:\/\/www.oliver-kilb.de\/www\/wp-json\/wp\/v2\/users\/1"}],"replies":[{"embeddable":true,"href":"https:\/\/www.oliver-kilb.de\/www\/wp-json\/wp\/v2\/comments?post=707"}],"version-history":[{"count":1,"href":"https:\/\/www.oliver-kilb.de\/www\/wp-json\/wp\/v2\/posts\/707\/revisions"}],"predecessor-version":[{"id":710,"href":"https:\/\/www.oliver-kilb.de\/www\/wp-json\/wp\/v2\/posts\/707\/revisions\/710"}],"wp:featuredmedia":[{"embeddable":true,"href":"https:\/\/www.oliver-kilb.de\/www\/wp-json\/wp\/v2\/media\/709"}],"wp:attachment":[{"href":"https:\/\/www.oliver-kilb.de\/www\/wp-json\/wp\/v2\/media?parent=707"}],"wp:term":[{"taxonomy":"category","embeddable":true,"href":"https:\/\/www.oliver-kilb.de\/www\/wp-json\/wp\/v2\/categories?post=707"},{"taxonomy":"post_tag","embeddable":true,"href":"https:\/\/www.oliver-kilb.de\/www\/wp-json\/wp\/v2\/tags?post=707"}],"curies":[{"name":"wp","href":"https:\/\/api.w.org\/{rel}","templated":true}]}}