{"id":687,"date":"2016-06-14T01:00:00","date_gmt":"2016-06-13T23:00:00","guid":{"rendered":"https:\/\/www.oliver-kilb.de\/www\/?p=687"},"modified":"2024-09-07T12:49:57","modified_gmt":"2024-09-07T10:49:57","slug":"das-eilean-donan-castle-von-der-seite","status":"publish","type":"post","link":"https:\/\/www.oliver-kilb.de\/www\/2016\/06\/14\/das-eilean-donan-castle-von-der-seite\/","title":{"rendered":"Das Eilean Donan Castle von der Seite."},"content":{"rendered":"\n<p><strong>Das Eilean Donan Castle ist auch oder sogar besonders ber\u00fchmt f\u00fcr seine Lage, inmitten eines mit dem Meer verbundenen Sees. Dadurch ist die Br\u00fccke mal auf dem Land, mal von Wasser umgeben.<\/strong><\/p>\n\n\n\n<p>Aufgenommen wurde dieses Panorama vom Parkplatz aus. Durch einen Klick auf das entsprechende Icon kann man das Panorama auch im Vollbild genie\u00dfen.<\/p>\n\n\n\n<iframe loading=\"lazy\" src=\"https:\/\/www.oliver-kilb.de\/gigapixel\/schottland\/eilean_donan_castle_2\/eilean_donan_castle_2.html\" width=\"1000px\" height=\"480px\" frameborder=\"0\" marginwidth=\"0\" marginheight=\"0\" scrolling=\"no\" allowfullscreen=\"allowfullscreen\"><\/iframe>\n\n\n\n<p>Aufgenommen am 14. Juni 2016<\/p>\n","protected":false},"excerpt":{"rendered":"<p>Das Eilean Donan Castle ist auch oder sogar besonders ber\u00fchmt f\u00fcr seine Lage, inmitten eines mit dem Meer verbundenen Sees. Dadurch ist die Br\u00fccke mal auf dem Land, mal von Wasser umgeben.<\/p>\n","protected":false},"author":1,"featured_media":689,"comment_status":"open","ping_status":"open","sticky":false,"template":"","format":"standard","meta":{"iawp_total_views":6,"footnotes":""},"categories":[65],"tags":[136,67,133],"class_list":["post-687","post","type-post","status-publish","format-standard","has-post-thumbnail","hentry","category-panoramabilder","tag-eilean-donan-castle","tag-panorama","tag-schottland"],"yoast_head":"<!-- This site is optimized with the Yoast SEO plugin v27.3 - https:\/\/yoast.com\/product\/yoast-seo-wordpress\/ -->\n<title>Das Eilean Donan Castle von der Seite. - Japan, Wandern und Multimedia<\/title>\n<meta name=\"description\" content=\"Das Eilean Donan Castle ist auch oder sogar besonders ber\u00fchmt f\u00fcr seine Lage, inmitten eines mit dem Meer verbundenen Sees.\" \/>\n<meta name=\"robots\" content=\"index, follow, max-snippet:-1, max-image-preview:large, max-video-preview:-1\" \/>\n<link rel=\"canonical\" href=\"https:\/\/www.oliver-kilb.de\/www\/2016\/06\/14\/das-eilean-donan-castle-von-der-seite\/\" \/>\n<meta property=\"og:locale\" content=\"de_DE\" \/>\n<meta property=\"og:type\" content=\"article\" \/>\n<meta property=\"og:title\" content=\"Das Eilean Donan Castle von der Seite. - Japan, Wandern und Multimedia\" \/>\n<meta property=\"og:description\" content=\"Das Eilean Donan Castle ist auch oder sogar besonders ber\u00fchmt f\u00fcr seine Lage, inmitten eines mit dem Meer verbundenen Sees.\" \/>\n<meta property=\"og:url\" content=\"https:\/\/www.oliver-kilb.de\/www\/2016\/06\/14\/das-eilean-donan-castle-von-der-seite\/\" \/>\n<meta property=\"og:site_name\" content=\"Japan, Wandern und Multimedia\" \/>\n<meta property=\"article:published_time\" content=\"2016-06-13T23:00:00+00:00\" \/>\n<meta property=\"article:modified_time\" content=\"2024-09-07T10:49:57+00:00\" \/>\n<meta property=\"og:image\" content=\"https:\/\/www.oliver-kilb.de\/www\/wp-content\/uploads\/2024\/09\/2016-06-14_Eilean-Donan-Castle_038.jpg\" \/>\n\t<meta property=\"og:image:width\" content=\"1200\" \/>\n\t<meta property=\"og:image:height\" content=\"800\" \/>\n\t<meta property=\"og:image:type\" content=\"image\/jpeg\" \/>\n<meta name=\"author\" content=\"Oliver Kilb\" \/>\n<meta name=\"twitter:card\" content=\"summary_large_image\" \/>\n<meta name=\"twitter:label1\" content=\"Verfasst von\" \/>\n\t<meta name=\"twitter:data1\" content=\"Oliver Kilb\" \/>\n\t<meta name=\"twitter:label2\" content=\"Gesch\u00e4tzte Lesezeit\" \/>\n\t<meta name=\"twitter:data2\" content=\"1\u00a0Minute\" \/>\n<script type=\"application\/ld+json\" class=\"yoast-schema-graph\">{\"@context\":\"https:\\\/\\\/schema.org\",\"@graph\":[{\"@type\":\"Article\",\"@id\":\"https:\\\/\\\/www.oliver-kilb.de\\\/www\\\/2016\\\/06\\\/14\\\/das-eilean-donan-castle-von-der-seite\\\/#article\",\"isPartOf\":{\"@id\":\"https:\\\/\\\/www.oliver-kilb.de\\\/www\\\/2016\\\/06\\\/14\\\/das-eilean-donan-castle-von-der-seite\\\/\"},\"author\":{\"name\":\"Oliver Kilb\",\"@id\":\"https:\\\/\\\/www.oliver-kilb.de\\\/www\\\/#\\\/schema\\\/person\\\/c2b19a881050135aa248a8851b7b4250\"},\"headline\":\"Das Eilean Donan Castle von der Seite.\",\"datePublished\":\"2016-06-13T23:00:00+00:00\",\"dateModified\":\"2024-09-07T10:49:57+00:00\",\"mainEntityOfPage\":{\"@id\":\"https:\\\/\\\/www.oliver-kilb.de\\\/www\\\/2016\\\/06\\\/14\\\/das-eilean-donan-castle-von-der-seite\\\/\"},\"wordCount\":68,\"commentCount\":0,\"publisher\":{\"@id\":\"https:\\\/\\\/www.oliver-kilb.de\\\/www\\\/#organization\"},\"image\":{\"@id\":\"https:\\\/\\\/www.oliver-kilb.de\\\/www\\\/2016\\\/06\\\/14\\\/das-eilean-donan-castle-von-der-seite\\\/#primaryimage\"},\"thumbnailUrl\":\"https:\\\/\\\/www.oliver-kilb.de\\\/www\\\/wp-content\\\/uploads\\\/2024\\\/09\\\/2016-06-14_Eilean-Donan-Castle_038.jpg\",\"keywords\":[\"Eilean Donan Castle\",\"Panorama\",\"Schottland\"],\"articleSection\":[\"Panoramabilder\"],\"inLanguage\":\"de\",\"potentialAction\":[{\"@type\":\"CommentAction\",\"name\":\"Comment\",\"target\":[\"https:\\\/\\\/www.oliver-kilb.de\\\/www\\\/2016\\\/06\\\/14\\\/das-eilean-donan-castle-von-der-seite\\\/#respond\"]}]},{\"@type\":\"WebPage\",\"@id\":\"https:\\\/\\\/www.oliver-kilb.de\\\/www\\\/2016\\\/06\\\/14\\\/das-eilean-donan-castle-von-der-seite\\\/\",\"url\":\"https:\\\/\\\/www.oliver-kilb.de\\\/www\\\/2016\\\/06\\\/14\\\/das-eilean-donan-castle-von-der-seite\\\/\",\"name\":\"Das Eilean Donan Castle von der Seite. - Japan, Wandern und Multimedia\",\"isPartOf\":{\"@id\":\"https:\\\/\\\/www.oliver-kilb.de\\\/www\\\/#website\"},\"primaryImageOfPage\":{\"@id\":\"https:\\\/\\\/www.oliver-kilb.de\\\/www\\\/2016\\\/06\\\/14\\\/das-eilean-donan-castle-von-der-seite\\\/#primaryimage\"},\"image\":{\"@id\":\"https:\\\/\\\/www.oliver-kilb.de\\\/www\\\/2016\\\/06\\\/14\\\/das-eilean-donan-castle-von-der-seite\\\/#primaryimage\"},\"thumbnailUrl\":\"https:\\\/\\\/www.oliver-kilb.de\\\/www\\\/wp-content\\\/uploads\\\/2024\\\/09\\\/2016-06-14_Eilean-Donan-Castle_038.jpg\",\"datePublished\":\"2016-06-13T23:00:00+00:00\",\"dateModified\":\"2024-09-07T10:49:57+00:00\",\"description\":\"Das Eilean Donan Castle ist auch oder sogar besonders ber\u00fchmt f\u00fcr seine Lage, inmitten eines mit dem Meer verbundenen Sees.\",\"breadcrumb\":{\"@id\":\"https:\\\/\\\/www.oliver-kilb.de\\\/www\\\/2016\\\/06\\\/14\\\/das-eilean-donan-castle-von-der-seite\\\/#breadcrumb\"},\"inLanguage\":\"de\",\"potentialAction\":[{\"@type\":\"ReadAction\",\"target\":[\"https:\\\/\\\/www.oliver-kilb.de\\\/www\\\/2016\\\/06\\\/14\\\/das-eilean-donan-castle-von-der-seite\\\/\"]}]},{\"@type\":\"ImageObject\",\"inLanguage\":\"de\",\"@id\":\"https:\\\/\\\/www.oliver-kilb.de\\\/www\\\/2016\\\/06\\\/14\\\/das-eilean-donan-castle-von-der-seite\\\/#primaryimage\",\"url\":\"https:\\\/\\\/www.oliver-kilb.de\\\/www\\\/wp-content\\\/uploads\\\/2024\\\/09\\\/2016-06-14_Eilean-Donan-Castle_038.jpg\",\"contentUrl\":\"https:\\\/\\\/www.oliver-kilb.de\\\/www\\\/wp-content\\\/uploads\\\/2024\\\/09\\\/2016-06-14_Eilean-Donan-Castle_038.jpg\",\"width\":1200,\"height\":800,\"caption\":\"Das Eilean Donan Castle.\"},{\"@type\":\"BreadcrumbList\",\"@id\":\"https:\\\/\\\/www.oliver-kilb.de\\\/www\\\/2016\\\/06\\\/14\\\/das-eilean-donan-castle-von-der-seite\\\/#breadcrumb\",\"itemListElement\":[{\"@type\":\"ListItem\",\"position\":1,\"name\":\"Startseite\",\"item\":\"https:\\\/\\\/www.oliver-kilb.de\\\/www\\\/\"},{\"@type\":\"ListItem\",\"position\":2,\"name\":\"Das Eilean Donan Castle von der Seite.\"}]},{\"@type\":\"WebSite\",\"@id\":\"https:\\\/\\\/www.oliver-kilb.de\\\/www\\\/#website\",\"url\":\"https:\\\/\\\/www.oliver-kilb.de\\\/www\\\/\",\"name\":\"Japan, Wandern und Multimedia\",\"description\":\"\",\"publisher\":{\"@id\":\"https:\\\/\\\/www.oliver-kilb.de\\\/www\\\/#organization\"},\"potentialAction\":[{\"@type\":\"SearchAction\",\"target\":{\"@type\":\"EntryPoint\",\"urlTemplate\":\"https:\\\/\\\/www.oliver-kilb.de\\\/www\\\/?s={search_term_string}\"},\"query-input\":{\"@type\":\"PropertyValueSpecification\",\"valueRequired\":true,\"valueName\":\"search_term_string\"}}],\"inLanguage\":\"de\"},{\"@type\":\"Organization\",\"@id\":\"https:\\\/\\\/www.oliver-kilb.de\\\/www\\\/#organization\",\"name\":\"Japan, Wandern und Multimedia\",\"url\":\"https:\\\/\\\/www.oliver-kilb.de\\\/www\\\/\",\"logo\":{\"@type\":\"ImageObject\",\"inLanguage\":\"de\",\"@id\":\"https:\\\/\\\/www.oliver-kilb.de\\\/www\\\/#\\\/schema\\\/logo\\\/image\\\/\",\"url\":\"https:\\\/\\\/www.oliver-kilb.de\\\/www\\\/wp-content\\\/uploads\\\/2024\\\/07\\\/Fushimi-Inari-Schrein_075_DxO.jpg\",\"contentUrl\":\"https:\\\/\\\/www.oliver-kilb.de\\\/www\\\/wp-content\\\/uploads\\\/2024\\\/07\\\/Fushimi-Inari-Schrein_075_DxO.jpg\",\"width\":1380,\"height\":301,\"caption\":\"Japan, Wandern und Multimedia\"},\"image\":{\"@id\":\"https:\\\/\\\/www.oliver-kilb.de\\\/www\\\/#\\\/schema\\\/logo\\\/image\\\/\"}},{\"@type\":\"Person\",\"@id\":\"https:\\\/\\\/www.oliver-kilb.de\\\/www\\\/#\\\/schema\\\/person\\\/c2b19a881050135aa248a8851b7b4250\",\"name\":\"Oliver Kilb\",\"image\":{\"@type\":\"ImageObject\",\"inLanguage\":\"de\",\"@id\":\"https:\\\/\\\/secure.gravatar.com\\\/avatar\\\/4da50eb2c6eb71b0641229eed4a38d05c8d4b458a59355cca0d02b57303d6ffd?s=96&d=mm&r=g\",\"url\":\"https:\\\/\\\/secure.gravatar.com\\\/avatar\\\/4da50eb2c6eb71b0641229eed4a38d05c8d4b458a59355cca0d02b57303d6ffd?s=96&d=mm&r=g\",\"contentUrl\":\"https:\\\/\\\/secure.gravatar.com\\\/avatar\\\/4da50eb2c6eb71b0641229eed4a38d05c8d4b458a59355cca0d02b57303d6ffd?s=96&d=mm&r=g\",\"caption\":\"Oliver Kilb\"},\"sameAs\":[\"https:\\\/\\\/www.oliver-kilb.de\\\/www\"],\"url\":\"https:\\\/\\\/www.oliver-kilb.de\\\/www\\\/author\\\/oliver-kilb\\\/\"}]}<\/script>\n<!-- \/ Yoast SEO plugin. -->","yoast_head_json":{"title":"Das Eilean Donan Castle von der Seite. - Japan, Wandern und Multimedia","description":"Das Eilean Donan Castle ist auch oder sogar besonders ber\u00fchmt f\u00fcr seine Lage, inmitten eines mit dem Meer verbundenen Sees.","robots":{"index":"index","follow":"follow","max-snippet":"max-snippet:-1","max-image-preview":"max-image-preview:large","max-video-preview":"max-video-preview:-1"},"canonical":"https:\/\/www.oliver-kilb.de\/www\/2016\/06\/14\/das-eilean-donan-castle-von-der-seite\/","og_locale":"de_DE","og_type":"article","og_title":"Das Eilean Donan Castle von der Seite. - Japan, Wandern und Multimedia","og_description":"Das Eilean Donan Castle ist auch oder sogar besonders ber\u00fchmt f\u00fcr seine Lage, inmitten eines mit dem Meer verbundenen Sees.","og_url":"https:\/\/www.oliver-kilb.de\/www\/2016\/06\/14\/das-eilean-donan-castle-von-der-seite\/","og_site_name":"Japan, Wandern und Multimedia","article_published_time":"2016-06-13T23:00:00+00:00","article_modified_time":"2024-09-07T10:49:57+00:00","og_image":[{"width":1200,"height":800,"url":"https:\/\/www.oliver-kilb.de\/www\/wp-content\/uploads\/2024\/09\/2016-06-14_Eilean-Donan-Castle_038.jpg","type":"image\/jpeg"}],"author":"Oliver Kilb","twitter_card":"summary_large_image","twitter_misc":{"Verfasst von":"Oliver Kilb","Gesch\u00e4tzte Lesezeit":"1\u00a0Minute"},"schema":{"@context":"https:\/\/schema.org","@graph":[{"@type":"Article","@id":"https:\/\/www.oliver-kilb.de\/www\/2016\/06\/14\/das-eilean-donan-castle-von-der-seite\/#article","isPartOf":{"@id":"https:\/\/www.oliver-kilb.de\/www\/2016\/06\/14\/das-eilean-donan-castle-von-der-seite\/"},"author":{"name":"Oliver Kilb","@id":"https:\/\/www.oliver-kilb.de\/www\/#\/schema\/person\/c2b19a881050135aa248a8851b7b4250"},"headline":"Das Eilean Donan Castle von der Seite.","datePublished":"2016-06-13T23:00:00+00:00","dateModified":"2024-09-07T10:49:57+00:00","mainEntityOfPage":{"@id":"https:\/\/www.oliver-kilb.de\/www\/2016\/06\/14\/das-eilean-donan-castle-von-der-seite\/"},"wordCount":68,"commentCount":0,"publisher":{"@id":"https:\/\/www.oliver-kilb.de\/www\/#organization"},"image":{"@id":"https:\/\/www.oliver-kilb.de\/www\/2016\/06\/14\/das-eilean-donan-castle-von-der-seite\/#primaryimage"},"thumbnailUrl":"https:\/\/www.oliver-kilb.de\/www\/wp-content\/uploads\/2024\/09\/2016-06-14_Eilean-Donan-Castle_038.jpg","keywords":["Eilean Donan Castle","Panorama","Schottland"],"articleSection":["Panoramabilder"],"inLanguage":"de","potentialAction":[{"@type":"CommentAction","name":"Comment","target":["https:\/\/www.oliver-kilb.de\/www\/2016\/06\/14\/das-eilean-donan-castle-von-der-seite\/#respond"]}]},{"@type":"WebPage","@id":"https:\/\/www.oliver-kilb.de\/www\/2016\/06\/14\/das-eilean-donan-castle-von-der-seite\/","url":"https:\/\/www.oliver-kilb.de\/www\/2016\/06\/14\/das-eilean-donan-castle-von-der-seite\/","name":"Das Eilean Donan Castle von der Seite. - Japan, Wandern und Multimedia","isPartOf":{"@id":"https:\/\/www.oliver-kilb.de\/www\/#website"},"primaryImageOfPage":{"@id":"https:\/\/www.oliver-kilb.de\/www\/2016\/06\/14\/das-eilean-donan-castle-von-der-seite\/#primaryimage"},"image":{"@id":"https:\/\/www.oliver-kilb.de\/www\/2016\/06\/14\/das-eilean-donan-castle-von-der-seite\/#primaryimage"},"thumbnailUrl":"https:\/\/www.oliver-kilb.de\/www\/wp-content\/uploads\/2024\/09\/2016-06-14_Eilean-Donan-Castle_038.jpg","datePublished":"2016-06-13T23:00:00+00:00","dateModified":"2024-09-07T10:49:57+00:00","description":"Das Eilean Donan Castle ist auch oder sogar besonders ber\u00fchmt f\u00fcr seine Lage, inmitten eines mit dem Meer verbundenen Sees.","breadcrumb":{"@id":"https:\/\/www.oliver-kilb.de\/www\/2016\/06\/14\/das-eilean-donan-castle-von-der-seite\/#breadcrumb"},"inLanguage":"de","potentialAction":[{"@type":"ReadAction","target":["https:\/\/www.oliver-kilb.de\/www\/2016\/06\/14\/das-eilean-donan-castle-von-der-seite\/"]}]},{"@type":"ImageObject","inLanguage":"de","@id":"https:\/\/www.oliver-kilb.de\/www\/2016\/06\/14\/das-eilean-donan-castle-von-der-seite\/#primaryimage","url":"https:\/\/www.oliver-kilb.de\/www\/wp-content\/uploads\/2024\/09\/2016-06-14_Eilean-Donan-Castle_038.jpg","contentUrl":"https:\/\/www.oliver-kilb.de\/www\/wp-content\/uploads\/2024\/09\/2016-06-14_Eilean-Donan-Castle_038.jpg","width":1200,"height":800,"caption":"Das Eilean Donan Castle."},{"@type":"BreadcrumbList","@id":"https:\/\/www.oliver-kilb.de\/www\/2016\/06\/14\/das-eilean-donan-castle-von-der-seite\/#breadcrumb","itemListElement":[{"@type":"ListItem","position":1,"name":"Startseite","item":"https:\/\/www.oliver-kilb.de\/www\/"},{"@type":"ListItem","position":2,"name":"Das Eilean Donan Castle von der Seite."}]},{"@type":"WebSite","@id":"https:\/\/www.oliver-kilb.de\/www\/#website","url":"https:\/\/www.oliver-kilb.de\/www\/","name":"Japan, Wandern und Multimedia","description":"","publisher":{"@id":"https:\/\/www.oliver-kilb.de\/www\/#organization"},"potentialAction":[{"@type":"SearchAction","target":{"@type":"EntryPoint","urlTemplate":"https:\/\/www.oliver-kilb.de\/www\/?s={search_term_string}"},"query-input":{"@type":"PropertyValueSpecification","valueRequired":true,"valueName":"search_term_string"}}],"inLanguage":"de"},{"@type":"Organization","@id":"https:\/\/www.oliver-kilb.de\/www\/#organization","name":"Japan, Wandern und Multimedia","url":"https:\/\/www.oliver-kilb.de\/www\/","logo":{"@type":"ImageObject","inLanguage":"de","@id":"https:\/\/www.oliver-kilb.de\/www\/#\/schema\/logo\/image\/","url":"https:\/\/www.oliver-kilb.de\/www\/wp-content\/uploads\/2024\/07\/Fushimi-Inari-Schrein_075_DxO.jpg","contentUrl":"https:\/\/www.oliver-kilb.de\/www\/wp-content\/uploads\/2024\/07\/Fushimi-Inari-Schrein_075_DxO.jpg","width":1380,"height":301,"caption":"Japan, Wandern und Multimedia"},"image":{"@id":"https:\/\/www.oliver-kilb.de\/www\/#\/schema\/logo\/image\/"}},{"@type":"Person","@id":"https:\/\/www.oliver-kilb.de\/www\/#\/schema\/person\/c2b19a881050135aa248a8851b7b4250","name":"Oliver Kilb","image":{"@type":"ImageObject","inLanguage":"de","@id":"https:\/\/secure.gravatar.com\/avatar\/4da50eb2c6eb71b0641229eed4a38d05c8d4b458a59355cca0d02b57303d6ffd?s=96&d=mm&r=g","url":"https:\/\/secure.gravatar.com\/avatar\/4da50eb2c6eb71b0641229eed4a38d05c8d4b458a59355cca0d02b57303d6ffd?s=96&d=mm&r=g","contentUrl":"https:\/\/secure.gravatar.com\/avatar\/4da50eb2c6eb71b0641229eed4a38d05c8d4b458a59355cca0d02b57303d6ffd?s=96&d=mm&r=g","caption":"Oliver Kilb"},"sameAs":["https:\/\/www.oliver-kilb.de\/www"],"url":"https:\/\/www.oliver-kilb.de\/www\/author\/oliver-kilb\/"}]}},"amp_enabled":true,"_links":{"self":[{"href":"https:\/\/www.oliver-kilb.de\/www\/wp-json\/wp\/v2\/posts\/687","targetHints":{"allow":["GET"]}}],"collection":[{"href":"https:\/\/www.oliver-kilb.de\/www\/wp-json\/wp\/v2\/posts"}],"about":[{"href":"https:\/\/www.oliver-kilb.de\/www\/wp-json\/wp\/v2\/types\/post"}],"author":[{"embeddable":true,"href":"https:\/\/www.oliver-kilb.de\/www\/wp-json\/wp\/v2\/users\/1"}],"replies":[{"embeddable":true,"href":"https:\/\/www.oliver-kilb.de\/www\/wp-json\/wp\/v2\/comments?post=687"}],"version-history":[{"count":1,"href":"https:\/\/www.oliver-kilb.de\/www\/wp-json\/wp\/v2\/posts\/687\/revisions"}],"predecessor-version":[{"id":690,"href":"https:\/\/www.oliver-kilb.de\/www\/wp-json\/wp\/v2\/posts\/687\/revisions\/690"}],"wp:featuredmedia":[{"embeddable":true,"href":"https:\/\/www.oliver-kilb.de\/www\/wp-json\/wp\/v2\/media\/689"}],"wp:attachment":[{"href":"https:\/\/www.oliver-kilb.de\/www\/wp-json\/wp\/v2\/media?parent=687"}],"wp:term":[{"taxonomy":"category","embeddable":true,"href":"https:\/\/www.oliver-kilb.de\/www\/wp-json\/wp\/v2\/categories?post=687"},{"taxonomy":"post_tag","embeddable":true,"href":"https:\/\/www.oliver-kilb.de\/www\/wp-json\/wp\/v2\/tags?post=687"}],"curies":[{"name":"wp","href":"https:\/\/api.w.org\/{rel}","templated":true}]}}