{"id":40164,"date":"2025-10-19T00:05:00","date_gmt":"2025-10-18T22:05:00","guid":{"rendered":"https:\/\/www.oliver-kilb.de\/www\/?p=40164"},"modified":"2025-11-16T21:02:01","modified_gmt":"2025-11-16T20:02:01","slug":"die-entstehung-meines-vokabeltrainers-ii-1999","status":"publish","type":"post","link":"https:\/\/www.oliver-kilb.de\/www\/2025\/10\/19\/die-entstehung-meines-vokabeltrainers-ii-1999\/","title":{"rendered":"Die Entstehung meines Vokabeltrainers II: 1999."},"content":{"rendered":"\n<p><strong>Im Jahr 1999 wollte ich unbedingt noch Version 2.x des Kyoshou herausbringen, bevor es nach Japan ging. Was kam neu dazu?<\/strong><\/p>\n\n\n\n<h2 class=\"wp-block-heading\">Kyoshou Version 2.00: Anzeige japanischer Schrift.<\/h2>\n\n\n<div class=\"wp-block-image\">\n<figure class=\"alignleft size-full is-resized\"><a href=\"https:\/\/www.oliver-kilb.de\/www\/wp-content\/uploads\/2025\/10\/V2_Trainer-107_2.png\"><img loading=\"lazy\" decoding=\"async\" width=\"801\" height=\"602\" src=\"https:\/\/www.oliver-kilb.de\/www\/wp-content\/uploads\/2025\/10\/V2_Trainer-107_2.png\" alt=\"\" class=\"wp-image-40168\" style=\"width:300px\" srcset=\"https:\/\/www.oliver-kilb.de\/www\/wp-content\/uploads\/2025\/10\/V2_Trainer-107_2.png 801w, https:\/\/www.oliver-kilb.de\/www\/wp-content\/uploads\/2025\/10\/V2_Trainer-107_2-500x376.png 500w, https:\/\/www.oliver-kilb.de\/www\/wp-content\/uploads\/2025\/10\/V2_Trainer-107_2-300x225.png 300w, https:\/\/www.oliver-kilb.de\/www\/wp-content\/uploads\/2025\/10\/V2_Trainer-107_2-768x577.png 768w\" sizes=\"auto, (max-width: 801px) 100vw, 801px\" \/><\/a><figcaption class=\"wp-element-caption\">Darstellung auf japanisch.<\/figcaption><\/figure>\n<\/div>\n\n\n<p>R\u00fcckblick auf das Jahr 1998. In einem knappen halben Jahr schuf ich von Null auf einen kompletten, professionellen Vokabeltrainer f\u00fcr Japanisch. Man konnte eigene Vokabeln anlegen, sich nach sehr flexiblen Regeln Testmengen erschaffen und Karteikarten mit Kanji-Grafiken ausdrucken. Wie genau das geschah, <a href=\"https:\/\/www.oliver-kilb.de\/www\/2025\/10\/12\/die-entstehung-meines-vokabeltrainers-bis-1999\/\">habe ich in einem fr\u00fcheren Beitrag geschrieben<\/a>. Die Version 1.1 wurde Ende 1998 ver\u00f6ffentlicht, und danach ging ich in die Winterpause.<\/p>\n\n\n\n<p>Im Februar 1999 machte ich weiter. Da der Funktionsumfang seit der Ver\u00f6ffentlichung so stark zugenommen hatte, wollte ich das auch in der Version widerspiegeln, also arbeitete ich mit Version 2.00 weiter.<\/p>\n\n\n\n<p>Mitte M\u00e4rz hatte ich geschafft, was ich bis dahin nirgends vorher gesehen hatte: Ich konnte auf einem deutschen Windows-System japanische Schrift anzeigen &#8211; ohne dass ein User die Fonts installieren musste. Damit das funktionierte, musste ich auch einen eigenen Parser programmieren, der Romaji in die Silben von Hiragana und Katakana \u00fcbersetzte.<\/p>\n\n\n\n<p>Und das alles dauerte eine Weile. Aber ich schaffte es, wie man sehen kann. Und ich war stolz.<\/p>\n\n\n\n<h2 class=\"wp-block-heading\">Letztes Update 1999: Karteikartendruck in Hiragana und Katakana.<\/h2>\n\n\n<div class=\"wp-block-image\">\n<figure class=\"alignleft size-full is-resized\"><a href=\"https:\/\/www.oliver-kilb.de\/www\/wp-content\/uploads\/2025\/10\/V2_Trainer-110_2.png\"><img loading=\"lazy\" decoding=\"async\" width=\"801\" height=\"603\" src=\"https:\/\/www.oliver-kilb.de\/www\/wp-content\/uploads\/2025\/10\/V2_Trainer-110_2.png\" alt=\"\" class=\"wp-image-40169\" style=\"width:300px\" srcset=\"https:\/\/www.oliver-kilb.de\/www\/wp-content\/uploads\/2025\/10\/V2_Trainer-110_2.png 801w, https:\/\/www.oliver-kilb.de\/www\/wp-content\/uploads\/2025\/10\/V2_Trainer-110_2-500x376.png 500w, https:\/\/www.oliver-kilb.de\/www\/wp-content\/uploads\/2025\/10\/V2_Trainer-110_2-300x226.png 300w, https:\/\/www.oliver-kilb.de\/www\/wp-content\/uploads\/2025\/10\/V2_Trainer-110_2-768x578.png 768w\" sizes=\"auto, (max-width: 801px) 100vw, 801px\" \/><\/a><figcaption class=\"wp-element-caption\">Ausdruck auf Wunsch auch in Hiragana und Katakana.<\/figcaption><\/figure>\n<\/div>\n\n\n<p>Nachdem ich es geschafft hatte, dass ich Hiragana und Katakana auf dem Bildschirm anzeigen konnte war es nur logisch, dass ich danach versuchte, auch den Karteikarten-Ausdruck entsprechend m\u00f6glich zu machen. Auf der Trainermaske konnte man nach Belieben zwischen Romaji und Hiragana\/Katakana umschalten, also bot ich das auch beim Druck der Karteikarten an. Das war nur ein paar Tage sp\u00e4ter.<\/p>\n\n\n\n<p>Das war allerdings auch das letzte gro\u00dfe Update in diesem Jahr. Die letzte Entwicklerversion stammt von einem knappen Monat sp\u00e4ter, dem 20. April 1999. Optisch hatte sich wenig ge\u00e4ndert. <\/p>\n\n\n\n<p>Wenn ich mir das Kyoshou Entwicklerblog von damals anschaue, dann vertr\u00f6steten Christian und ich unsere Leser ein paarmal, dass wir &#8222;fast&#8220; fertig w\u00e4ren mit der Version 2, aber leider habe ich niemals die Version 2 offiziell ver\u00f6ffentlicht. Schade. Aber daf\u00fcr gibt es jetzt ja diese R\u00fcckschau.<\/p>\n\n\n\n<h2 class=\"wp-block-heading\">Was bleibt?<\/h2>\n\n\n<div class=\"wp-block-image\">\n<figure class=\"alignleft size-full is-resized\"><a href=\"https:\/\/www.oliver-kilb.de\/www\/wp-content\/uploads\/2025\/10\/Karteikarten_mit_Hiragana.png\"><img loading=\"lazy\" decoding=\"async\" width=\"632\" height=\"895\" src=\"https:\/\/www.oliver-kilb.de\/www\/wp-content\/uploads\/2025\/10\/Karteikarten_mit_Hiragana.png\" alt=\"\" class=\"wp-image-40167\" style=\"width:auto;height:300px\" srcset=\"https:\/\/www.oliver-kilb.de\/www\/wp-content\/uploads\/2025\/10\/Karteikarten_mit_Hiragana.png 632w, https:\/\/www.oliver-kilb.de\/www\/wp-content\/uploads\/2025\/10\/Karteikarten_mit_Hiragana-353x500.png 353w, https:\/\/www.oliver-kilb.de\/www\/wp-content\/uploads\/2025\/10\/Karteikarten_mit_Hiragana-212x300.png 212w\" sizes=\"auto, (max-width: 632px) 100vw, 632px\" \/><\/a><figcaption class=\"wp-element-caption\">Kyoshou-Ausdruck mit Hiragana und Katakana.<\/figcaption><\/figure>\n<\/div>\n\n\n<p>Einige Karteikarten-Ausdrucke von damals existieren tats\u00e4chlich auch heute noch, weggeheftet in alten Ordnern. Und dank der virtuellen Maschine, die ich mit einigem Aufwand gut konfiguriert habe, kann ich auch im Jahr 2025 noch, wenn ich es m\u00f6chte, neue Karteikarten ausdrucken. Dann allerdings als PDF.<\/p>\n\n\n\n<p>Es hat auch Spa\u00df gemacht, nochmal ein wenig in ToolBook einzutauchen. Immerhin habe ich knappe 5 Jahre mit diesem Tool gearbeitet und dabei viele Projekte umgesetzt, auf die ich auch heute noch stolz bin. Und ich habe viel gelernt, was Rapid Prototyping und agile Entwicklung anging.<\/p>\n\n\n\n<p>Ach ja: Die letzte Version kommt auf knapp 6.900 Zeilen Code (inkl. Kommentaren). Ich habe den Dump auf Hinweise untersucht, was wohl noch in der Mache war. Anscheinend plante ich, Datenbankfunktionen als separate Apps weiter zu entwickeln und nur bei Bedarf zur Laufzeit einzubinden. So w\u00e4re der eigentliche Vokabeltrainer schlank geblieben.<\/p>\n\n\n\n<p>Das alles bleibt. Dank Erinnerungen, Virtuellen Maschinen und Berichten wie diesem.<\/p>\n\n\n\n<h2 class=\"wp-block-heading\">Wie ging es weiter?<\/h2>\n\n\n\n<p>Schon in Japan, nur wenige Wochen sp\u00e4ter, kritzelte ich auf einem Notizblock Ideen f\u00fcr die erste Online-Version des Trainers. Sie w\u00e4re mit Flash 4 umgesetzt worden. Allerdings verfolgte ich bis zu meiner R\u00fcckkehr im Sommer 2000 diese Idee nicht weiter.<\/p>\n\n\n\n<p>Aber es ging weiter! Lasst euch \u00fcberraschen. Nur so viel sei gesagt: Neben mehreren eher halbherzigen Versuchen, meine private Version zu modernisieren, konnte ich meine Routinen tats\u00e4chlich f\u00fcr verschiedene kommerzielle Produkte einsetzen. Dar\u00fcber werde ich in loser Reihenfolge schreiben.<\/p>\n\n\n\n<hr class=\"wp-block-separator has-alpha-channel-opacity\"\/>\n\n\n\n<h2 class=\"wp-block-heading\">Artikelserie &#8222;Mein Vokabeltrainer&#8220;.<\/h2>\n\n\n\n<p>Geplant war anfangs nur ein nostalgischer Artikel \u00fcber die Geburt meines Vokabeltrainers 1998. Jedoch stellte sich bald heraus, dass nur <em>ein <\/em>Artikel nicht ausreichen wird: Bis in die 2010er Jahre hinein wurde er stetig weiterentwickelt und f\u00fcr verschiedenste Zielgruppen auch kommerziell vertrieben. Irgendwann kam sogar ein Modul f\u00fcr &#8222;echte&#8220; Klausurfragen hinzu, das unter Zeitvorgabe mit einem Zertifikatsdruck enden konnte. Bei der Aufbereitung war ich selbst \u00fcberrascht, in wie vielen Varianten er \u00fcber die Zeit ver\u00f6ffentlicht wurde. Definitiv das wichtigste Produkt, das ich bislang ver\u00f6ffentlicht habe.<\/p>\n\n\n\n<p><strong>Hier ist die \u00dcbersicht aller in dieser Serie erschienenen Artikel:<\/strong><\/p>\n\n\n\n<ul class=\"wp-block-list\">\n<li><a href=\"https:\/\/www.oliver-kilb.de\/www\/2025\/10\/12\/die-entstehung-meines-vokabeltrainers-bis-1999\/\">Die Entstehung meines Vokabeltrainers I: 1998.<\/a><\/li>\n\n\n\n<li><a href=\"https:\/\/www.oliver-kilb.de\/www\/2025\/10\/19\/die-entstehung-meines-vokabeltrainers-ii-1999\/\">Die Entstehung meines Vokabeltrainers II: 1999.<\/a> (Dieser Artikel)<\/li>\n\n\n\n<li><a href=\"https:\/\/www.oliver-kilb.de\/www\/2025\/10\/26\/kyoshou-die-fruehen-director-jahre-2000-2005\/\">Kyoshou: Die fr\u00fchen Director-Jahre 2000-2005.<\/a><\/li>\n\n\n\n<li><a href=\"https:\/\/www.oliver-kilb.de\/www\/2025\/11\/02\/herbst-2005-kyoshou-online\/\">Herbst 2005: Kyoshou Online.<\/a><\/li>\n\n\n\n<li><a href=\"https:\/\/www.oliver-kilb.de\/www\/2025\/11\/09\/vokabeltrainer-fuer-die-bmw-group\/\">Vokabeltrainer f\u00fcr die BMW Group<\/a> <\/li>\n\n\n\n<li><a href=\"https:\/\/www.oliver-kilb.de\/www\/2025\/11\/16\/vokabeltrainer-varianten-2006-bis-2008\/\">Vokabeltrainer-Varianten 2006-2008<\/a><\/li>\n<\/ul>\n","protected":false},"excerpt":{"rendered":"<p>Im Jahr 1999 wollte ich unbedingt noch Version 2.x des Kyoshou herausbringen, bevor es nach Japan ging. Was kam neu dazu?<\/p>\n","protected":false},"author":1,"featured_media":40168,"comment_status":"open","ping_status":"open","sticky":false,"template":"","format":"standard","meta":{"iawp_total_views":2,"footnotes":""},"categories":[15,423],"tags":[910,421,436],"class_list":["post-40164","post","type-post","status-publish","format-standard","has-post-thumbnail","hentry","category-blog","category-vokabeltrainer","tag-asymetrix","tag-kyosho","tag-toolbook"],"yoast_head":"<!-- This site is optimized with the Yoast SEO plugin v27.3 - https:\/\/yoast.com\/product\/yoast-seo-wordpress\/ -->\n<title>Die Entstehung meines Vokabeltrainers II: 1999. - Japan, Wandern und Multimedia<\/title>\n<meta name=\"description\" content=\"Im Jahr 1999 wollte ich unbedingt noch Version 2.x des Kyoshou herausbringen, bevor es nach Japan ging. Was kam neu dazu?\" \/>\n<meta name=\"robots\" content=\"index, follow, max-snippet:-1, max-image-preview:large, max-video-preview:-1\" \/>\n<link rel=\"canonical\" href=\"https:\/\/www.oliver-kilb.de\/www\/2025\/10\/19\/die-entstehung-meines-vokabeltrainers-ii-1999\/\" \/>\n<meta property=\"og:locale\" content=\"de_DE\" \/>\n<meta property=\"og:type\" content=\"article\" \/>\n<meta property=\"og:title\" content=\"Die Entstehung meines Vokabeltrainers II: 1999. - Japan, Wandern und Multimedia\" \/>\n<meta property=\"og:description\" content=\"Im Jahr 1999 wollte ich unbedingt noch Version 2.x des Kyoshou herausbringen, bevor es nach Japan ging. Was kam neu dazu?\" \/>\n<meta property=\"og:url\" content=\"https:\/\/www.oliver-kilb.de\/www\/2025\/10\/19\/die-entstehung-meines-vokabeltrainers-ii-1999\/\" \/>\n<meta property=\"og:site_name\" content=\"Japan, Wandern und Multimedia\" \/>\n<meta property=\"article:published_time\" content=\"2025-10-18T22:05:00+00:00\" \/>\n<meta property=\"article:modified_time\" content=\"2025-11-16T20:02:01+00:00\" \/>\n<meta property=\"og:image\" content=\"https:\/\/www.oliver-kilb.de\/www\/wp-content\/uploads\/2025\/10\/V2_Trainer-107_2.png\" \/>\n\t<meta property=\"og:image:width\" content=\"801\" \/>\n\t<meta property=\"og:image:height\" content=\"602\" \/>\n\t<meta property=\"og:image:type\" content=\"image\/png\" \/>\n<meta name=\"author\" content=\"Oliver Kilb\" \/>\n<meta name=\"twitter:card\" content=\"summary_large_image\" \/>\n<meta name=\"twitter:label1\" content=\"Verfasst von\" \/>\n\t<meta name=\"twitter:data1\" content=\"Oliver Kilb\" \/>\n\t<meta name=\"twitter:label2\" content=\"Gesch\u00e4tzte Lesezeit\" \/>\n\t<meta name=\"twitter:data2\" content=\"5\u00a0Minuten\" \/>\n<script type=\"application\/ld+json\" class=\"yoast-schema-graph\">{\"@context\":\"https:\\\/\\\/schema.org\",\"@graph\":[{\"@type\":\"Article\",\"@id\":\"https:\\\/\\\/www.oliver-kilb.de\\\/www\\\/2025\\\/10\\\/19\\\/die-entstehung-meines-vokabeltrainers-ii-1999\\\/#article\",\"isPartOf\":{\"@id\":\"https:\\\/\\\/www.oliver-kilb.de\\\/www\\\/2025\\\/10\\\/19\\\/die-entstehung-meines-vokabeltrainers-ii-1999\\\/\"},\"author\":{\"name\":\"Oliver Kilb\",\"@id\":\"https:\\\/\\\/www.oliver-kilb.de\\\/www\\\/#\\\/schema\\\/person\\\/c2b19a881050135aa248a8851b7b4250\"},\"headline\":\"Die Entstehung meines Vokabeltrainers II: 1999.\",\"datePublished\":\"2025-10-18T22:05:00+00:00\",\"dateModified\":\"2025-11-16T20:02:01+00:00\",\"mainEntityOfPage\":{\"@id\":\"https:\\\/\\\/www.oliver-kilb.de\\\/www\\\/2025\\\/10\\\/19\\\/die-entstehung-meines-vokabeltrainers-ii-1999\\\/\"},\"wordCount\":730,\"commentCount\":4,\"publisher\":{\"@id\":\"https:\\\/\\\/www.oliver-kilb.de\\\/www\\\/#organization\"},\"image\":{\"@id\":\"https:\\\/\\\/www.oliver-kilb.de\\\/www\\\/2025\\\/10\\\/19\\\/die-entstehung-meines-vokabeltrainers-ii-1999\\\/#primaryimage\"},\"thumbnailUrl\":\"https:\\\/\\\/www.oliver-kilb.de\\\/www\\\/wp-content\\\/uploads\\\/2025\\\/10\\\/V2_Trainer-107_2.png\",\"keywords\":[\"Asymetrix\",\"Kyosho\",\"Toolbook\"],\"articleSection\":[\"Blog\",\"Vokabeltrainer\"],\"inLanguage\":\"de\",\"potentialAction\":[{\"@type\":\"CommentAction\",\"name\":\"Comment\",\"target\":[\"https:\\\/\\\/www.oliver-kilb.de\\\/www\\\/2025\\\/10\\\/19\\\/die-entstehung-meines-vokabeltrainers-ii-1999\\\/#respond\"]}]},{\"@type\":\"WebPage\",\"@id\":\"https:\\\/\\\/www.oliver-kilb.de\\\/www\\\/2025\\\/10\\\/19\\\/die-entstehung-meines-vokabeltrainers-ii-1999\\\/\",\"url\":\"https:\\\/\\\/www.oliver-kilb.de\\\/www\\\/2025\\\/10\\\/19\\\/die-entstehung-meines-vokabeltrainers-ii-1999\\\/\",\"name\":\"Die Entstehung meines Vokabeltrainers II: 1999. - Japan, Wandern und Multimedia\",\"isPartOf\":{\"@id\":\"https:\\\/\\\/www.oliver-kilb.de\\\/www\\\/#website\"},\"primaryImageOfPage\":{\"@id\":\"https:\\\/\\\/www.oliver-kilb.de\\\/www\\\/2025\\\/10\\\/19\\\/die-entstehung-meines-vokabeltrainers-ii-1999\\\/#primaryimage\"},\"image\":{\"@id\":\"https:\\\/\\\/www.oliver-kilb.de\\\/www\\\/2025\\\/10\\\/19\\\/die-entstehung-meines-vokabeltrainers-ii-1999\\\/#primaryimage\"},\"thumbnailUrl\":\"https:\\\/\\\/www.oliver-kilb.de\\\/www\\\/wp-content\\\/uploads\\\/2025\\\/10\\\/V2_Trainer-107_2.png\",\"datePublished\":\"2025-10-18T22:05:00+00:00\",\"dateModified\":\"2025-11-16T20:02:01+00:00\",\"description\":\"Im Jahr 1999 wollte ich unbedingt noch Version 2.x des Kyoshou herausbringen, bevor es nach Japan ging. Was kam neu dazu?\",\"breadcrumb\":{\"@id\":\"https:\\\/\\\/www.oliver-kilb.de\\\/www\\\/2025\\\/10\\\/19\\\/die-entstehung-meines-vokabeltrainers-ii-1999\\\/#breadcrumb\"},\"inLanguage\":\"de\",\"potentialAction\":[{\"@type\":\"ReadAction\",\"target\":[\"https:\\\/\\\/www.oliver-kilb.de\\\/www\\\/2025\\\/10\\\/19\\\/die-entstehung-meines-vokabeltrainers-ii-1999\\\/\"]}]},{\"@type\":\"ImageObject\",\"inLanguage\":\"de\",\"@id\":\"https:\\\/\\\/www.oliver-kilb.de\\\/www\\\/2025\\\/10\\\/19\\\/die-entstehung-meines-vokabeltrainers-ii-1999\\\/#primaryimage\",\"url\":\"https:\\\/\\\/www.oliver-kilb.de\\\/www\\\/wp-content\\\/uploads\\\/2025\\\/10\\\/V2_Trainer-107_2.png\",\"contentUrl\":\"https:\\\/\\\/www.oliver-kilb.de\\\/www\\\/wp-content\\\/uploads\\\/2025\\\/10\\\/V2_Trainer-107_2.png\",\"width\":801,\"height\":602,\"caption\":\"Darstellung auf japanisch.\"},{\"@type\":\"BreadcrumbList\",\"@id\":\"https:\\\/\\\/www.oliver-kilb.de\\\/www\\\/2025\\\/10\\\/19\\\/die-entstehung-meines-vokabeltrainers-ii-1999\\\/#breadcrumb\",\"itemListElement\":[{\"@type\":\"ListItem\",\"position\":1,\"name\":\"Startseite\",\"item\":\"https:\\\/\\\/www.oliver-kilb.de\\\/www\\\/\"},{\"@type\":\"ListItem\",\"position\":2,\"name\":\"Die Entstehung meines Vokabeltrainers II: 1999.\"}]},{\"@type\":\"WebSite\",\"@id\":\"https:\\\/\\\/www.oliver-kilb.de\\\/www\\\/#website\",\"url\":\"https:\\\/\\\/www.oliver-kilb.de\\\/www\\\/\",\"name\":\"Japan, Wandern und Multimedia\",\"description\":\"\",\"publisher\":{\"@id\":\"https:\\\/\\\/www.oliver-kilb.de\\\/www\\\/#organization\"},\"potentialAction\":[{\"@type\":\"SearchAction\",\"target\":{\"@type\":\"EntryPoint\",\"urlTemplate\":\"https:\\\/\\\/www.oliver-kilb.de\\\/www\\\/?s={search_term_string}\"},\"query-input\":{\"@type\":\"PropertyValueSpecification\",\"valueRequired\":true,\"valueName\":\"search_term_string\"}}],\"inLanguage\":\"de\"},{\"@type\":\"Organization\",\"@id\":\"https:\\\/\\\/www.oliver-kilb.de\\\/www\\\/#organization\",\"name\":\"Japan, Wandern und Multimedia\",\"url\":\"https:\\\/\\\/www.oliver-kilb.de\\\/www\\\/\",\"logo\":{\"@type\":\"ImageObject\",\"inLanguage\":\"de\",\"@id\":\"https:\\\/\\\/www.oliver-kilb.de\\\/www\\\/#\\\/schema\\\/logo\\\/image\\\/\",\"url\":\"https:\\\/\\\/www.oliver-kilb.de\\\/www\\\/wp-content\\\/uploads\\\/2024\\\/07\\\/Fushimi-Inari-Schrein_075_DxO.jpg\",\"contentUrl\":\"https:\\\/\\\/www.oliver-kilb.de\\\/www\\\/wp-content\\\/uploads\\\/2024\\\/07\\\/Fushimi-Inari-Schrein_075_DxO.jpg\",\"width\":1380,\"height\":301,\"caption\":\"Japan, Wandern und Multimedia\"},\"image\":{\"@id\":\"https:\\\/\\\/www.oliver-kilb.de\\\/www\\\/#\\\/schema\\\/logo\\\/image\\\/\"}},{\"@type\":\"Person\",\"@id\":\"https:\\\/\\\/www.oliver-kilb.de\\\/www\\\/#\\\/schema\\\/person\\\/c2b19a881050135aa248a8851b7b4250\",\"name\":\"Oliver Kilb\",\"image\":{\"@type\":\"ImageObject\",\"inLanguage\":\"de\",\"@id\":\"https:\\\/\\\/secure.gravatar.com\\\/avatar\\\/4da50eb2c6eb71b0641229eed4a38d05c8d4b458a59355cca0d02b57303d6ffd?s=96&d=mm&r=g\",\"url\":\"https:\\\/\\\/secure.gravatar.com\\\/avatar\\\/4da50eb2c6eb71b0641229eed4a38d05c8d4b458a59355cca0d02b57303d6ffd?s=96&d=mm&r=g\",\"contentUrl\":\"https:\\\/\\\/secure.gravatar.com\\\/avatar\\\/4da50eb2c6eb71b0641229eed4a38d05c8d4b458a59355cca0d02b57303d6ffd?s=96&d=mm&r=g\",\"caption\":\"Oliver Kilb\"},\"sameAs\":[\"https:\\\/\\\/www.oliver-kilb.de\\\/www\"],\"url\":\"https:\\\/\\\/www.oliver-kilb.de\\\/www\\\/author\\\/oliver-kilb\\\/\"}]}<\/script>\n<!-- \/ Yoast SEO plugin. -->","yoast_head_json":{"title":"Die Entstehung meines Vokabeltrainers II: 1999. - Japan, Wandern und Multimedia","description":"Im Jahr 1999 wollte ich unbedingt noch Version 2.x des Kyoshou herausbringen, bevor es nach Japan ging. Was kam neu dazu?","robots":{"index":"index","follow":"follow","max-snippet":"max-snippet:-1","max-image-preview":"max-image-preview:large","max-video-preview":"max-video-preview:-1"},"canonical":"https:\/\/www.oliver-kilb.de\/www\/2025\/10\/19\/die-entstehung-meines-vokabeltrainers-ii-1999\/","og_locale":"de_DE","og_type":"article","og_title":"Die Entstehung meines Vokabeltrainers II: 1999. - Japan, Wandern und Multimedia","og_description":"Im Jahr 1999 wollte ich unbedingt noch Version 2.x des Kyoshou herausbringen, bevor es nach Japan ging. Was kam neu dazu?","og_url":"https:\/\/www.oliver-kilb.de\/www\/2025\/10\/19\/die-entstehung-meines-vokabeltrainers-ii-1999\/","og_site_name":"Japan, Wandern und Multimedia","article_published_time":"2025-10-18T22:05:00+00:00","article_modified_time":"2025-11-16T20:02:01+00:00","og_image":[{"width":801,"height":602,"url":"https:\/\/www.oliver-kilb.de\/www\/wp-content\/uploads\/2025\/10\/V2_Trainer-107_2.png","type":"image\/png"}],"author":"Oliver Kilb","twitter_card":"summary_large_image","twitter_misc":{"Verfasst von":"Oliver Kilb","Gesch\u00e4tzte Lesezeit":"5\u00a0Minuten"},"schema":{"@context":"https:\/\/schema.org","@graph":[{"@type":"Article","@id":"https:\/\/www.oliver-kilb.de\/www\/2025\/10\/19\/die-entstehung-meines-vokabeltrainers-ii-1999\/#article","isPartOf":{"@id":"https:\/\/www.oliver-kilb.de\/www\/2025\/10\/19\/die-entstehung-meines-vokabeltrainers-ii-1999\/"},"author":{"name":"Oliver Kilb","@id":"https:\/\/www.oliver-kilb.de\/www\/#\/schema\/person\/c2b19a881050135aa248a8851b7b4250"},"headline":"Die Entstehung meines Vokabeltrainers II: 1999.","datePublished":"2025-10-18T22:05:00+00:00","dateModified":"2025-11-16T20:02:01+00:00","mainEntityOfPage":{"@id":"https:\/\/www.oliver-kilb.de\/www\/2025\/10\/19\/die-entstehung-meines-vokabeltrainers-ii-1999\/"},"wordCount":730,"commentCount":4,"publisher":{"@id":"https:\/\/www.oliver-kilb.de\/www\/#organization"},"image":{"@id":"https:\/\/www.oliver-kilb.de\/www\/2025\/10\/19\/die-entstehung-meines-vokabeltrainers-ii-1999\/#primaryimage"},"thumbnailUrl":"https:\/\/www.oliver-kilb.de\/www\/wp-content\/uploads\/2025\/10\/V2_Trainer-107_2.png","keywords":["Asymetrix","Kyosho","Toolbook"],"articleSection":["Blog","Vokabeltrainer"],"inLanguage":"de","potentialAction":[{"@type":"CommentAction","name":"Comment","target":["https:\/\/www.oliver-kilb.de\/www\/2025\/10\/19\/die-entstehung-meines-vokabeltrainers-ii-1999\/#respond"]}]},{"@type":"WebPage","@id":"https:\/\/www.oliver-kilb.de\/www\/2025\/10\/19\/die-entstehung-meines-vokabeltrainers-ii-1999\/","url":"https:\/\/www.oliver-kilb.de\/www\/2025\/10\/19\/die-entstehung-meines-vokabeltrainers-ii-1999\/","name":"Die Entstehung meines Vokabeltrainers II: 1999. - Japan, Wandern und Multimedia","isPartOf":{"@id":"https:\/\/www.oliver-kilb.de\/www\/#website"},"primaryImageOfPage":{"@id":"https:\/\/www.oliver-kilb.de\/www\/2025\/10\/19\/die-entstehung-meines-vokabeltrainers-ii-1999\/#primaryimage"},"image":{"@id":"https:\/\/www.oliver-kilb.de\/www\/2025\/10\/19\/die-entstehung-meines-vokabeltrainers-ii-1999\/#primaryimage"},"thumbnailUrl":"https:\/\/www.oliver-kilb.de\/www\/wp-content\/uploads\/2025\/10\/V2_Trainer-107_2.png","datePublished":"2025-10-18T22:05:00+00:00","dateModified":"2025-11-16T20:02:01+00:00","description":"Im Jahr 1999 wollte ich unbedingt noch Version 2.x des Kyoshou herausbringen, bevor es nach Japan ging. Was kam neu dazu?","breadcrumb":{"@id":"https:\/\/www.oliver-kilb.de\/www\/2025\/10\/19\/die-entstehung-meines-vokabeltrainers-ii-1999\/#breadcrumb"},"inLanguage":"de","potentialAction":[{"@type":"ReadAction","target":["https:\/\/www.oliver-kilb.de\/www\/2025\/10\/19\/die-entstehung-meines-vokabeltrainers-ii-1999\/"]}]},{"@type":"ImageObject","inLanguage":"de","@id":"https:\/\/www.oliver-kilb.de\/www\/2025\/10\/19\/die-entstehung-meines-vokabeltrainers-ii-1999\/#primaryimage","url":"https:\/\/www.oliver-kilb.de\/www\/wp-content\/uploads\/2025\/10\/V2_Trainer-107_2.png","contentUrl":"https:\/\/www.oliver-kilb.de\/www\/wp-content\/uploads\/2025\/10\/V2_Trainer-107_2.png","width":801,"height":602,"caption":"Darstellung auf japanisch."},{"@type":"BreadcrumbList","@id":"https:\/\/www.oliver-kilb.de\/www\/2025\/10\/19\/die-entstehung-meines-vokabeltrainers-ii-1999\/#breadcrumb","itemListElement":[{"@type":"ListItem","position":1,"name":"Startseite","item":"https:\/\/www.oliver-kilb.de\/www\/"},{"@type":"ListItem","position":2,"name":"Die Entstehung meines Vokabeltrainers II: 1999."}]},{"@type":"WebSite","@id":"https:\/\/www.oliver-kilb.de\/www\/#website","url":"https:\/\/www.oliver-kilb.de\/www\/","name":"Japan, Wandern und Multimedia","description":"","publisher":{"@id":"https:\/\/www.oliver-kilb.de\/www\/#organization"},"potentialAction":[{"@type":"SearchAction","target":{"@type":"EntryPoint","urlTemplate":"https:\/\/www.oliver-kilb.de\/www\/?s={search_term_string}"},"query-input":{"@type":"PropertyValueSpecification","valueRequired":true,"valueName":"search_term_string"}}],"inLanguage":"de"},{"@type":"Organization","@id":"https:\/\/www.oliver-kilb.de\/www\/#organization","name":"Japan, Wandern und Multimedia","url":"https:\/\/www.oliver-kilb.de\/www\/","logo":{"@type":"ImageObject","inLanguage":"de","@id":"https:\/\/www.oliver-kilb.de\/www\/#\/schema\/logo\/image\/","url":"https:\/\/www.oliver-kilb.de\/www\/wp-content\/uploads\/2024\/07\/Fushimi-Inari-Schrein_075_DxO.jpg","contentUrl":"https:\/\/www.oliver-kilb.de\/www\/wp-content\/uploads\/2024\/07\/Fushimi-Inari-Schrein_075_DxO.jpg","width":1380,"height":301,"caption":"Japan, Wandern und Multimedia"},"image":{"@id":"https:\/\/www.oliver-kilb.de\/www\/#\/schema\/logo\/image\/"}},{"@type":"Person","@id":"https:\/\/www.oliver-kilb.de\/www\/#\/schema\/person\/c2b19a881050135aa248a8851b7b4250","name":"Oliver Kilb","image":{"@type":"ImageObject","inLanguage":"de","@id":"https:\/\/secure.gravatar.com\/avatar\/4da50eb2c6eb71b0641229eed4a38d05c8d4b458a59355cca0d02b57303d6ffd?s=96&d=mm&r=g","url":"https:\/\/secure.gravatar.com\/avatar\/4da50eb2c6eb71b0641229eed4a38d05c8d4b458a59355cca0d02b57303d6ffd?s=96&d=mm&r=g","contentUrl":"https:\/\/secure.gravatar.com\/avatar\/4da50eb2c6eb71b0641229eed4a38d05c8d4b458a59355cca0d02b57303d6ffd?s=96&d=mm&r=g","caption":"Oliver Kilb"},"sameAs":["https:\/\/www.oliver-kilb.de\/www"],"url":"https:\/\/www.oliver-kilb.de\/www\/author\/oliver-kilb\/"}]}},"amp_enabled":true,"_links":{"self":[{"href":"https:\/\/www.oliver-kilb.de\/www\/wp-json\/wp\/v2\/posts\/40164","targetHints":{"allow":["GET"]}}],"collection":[{"href":"https:\/\/www.oliver-kilb.de\/www\/wp-json\/wp\/v2\/posts"}],"about":[{"href":"https:\/\/www.oliver-kilb.de\/www\/wp-json\/wp\/v2\/types\/post"}],"author":[{"embeddable":true,"href":"https:\/\/www.oliver-kilb.de\/www\/wp-json\/wp\/v2\/users\/1"}],"replies":[{"embeddable":true,"href":"https:\/\/www.oliver-kilb.de\/www\/wp-json\/wp\/v2\/comments?post=40164"}],"version-history":[{"count":10,"href":"https:\/\/www.oliver-kilb.de\/www\/wp-json\/wp\/v2\/posts\/40164\/revisions"}],"predecessor-version":[{"id":40316,"href":"https:\/\/www.oliver-kilb.de\/www\/wp-json\/wp\/v2\/posts\/40164\/revisions\/40316"}],"wp:featuredmedia":[{"embeddable":true,"href":"https:\/\/www.oliver-kilb.de\/www\/wp-json\/wp\/v2\/media\/40168"}],"wp:attachment":[{"href":"https:\/\/www.oliver-kilb.de\/www\/wp-json\/wp\/v2\/media?parent=40164"}],"wp:term":[{"taxonomy":"category","embeddable":true,"href":"https:\/\/www.oliver-kilb.de\/www\/wp-json\/wp\/v2\/categories?post=40164"},{"taxonomy":"post_tag","embeddable":true,"href":"https:\/\/www.oliver-kilb.de\/www\/wp-json\/wp\/v2\/tags?post=40164"}],"curies":[{"name":"wp","href":"https:\/\/api.w.org\/{rel}","templated":true}]}}