{"id":39814,"date":"2025-07-20T00:05:00","date_gmt":"2025-07-19T22:05:00","guid":{"rendered":"https:\/\/www.oliver-kilb.de\/www\/?p=39814"},"modified":"2025-07-06T10:22:23","modified_gmt":"2025-07-06T08:22:23","slug":"durch-die-aschauer-klamm-und-innersbergklamm","status":"publish","type":"post","link":"https:\/\/www.oliver-kilb.de\/www\/2025\/07\/20\/durch-die-aschauer-klamm-und-innersbergklamm\/","title":{"rendered":"Durch die Aschauer Klamm und Innersbergklamm."},"content":{"rendered":"\n<p><strong>Eine lange, aber wundersch\u00f6ne Tour besonders im Sommer f\u00fchrt durch die Aschauer Klamm und die Innersbergklamm bei Unken.<\/strong><\/p>\n\n\n\n<h2 class=\"wp-block-heading\">Durch die Aschauer Klamm.<\/h2>\n\n\n<div class=\"wp-block-image\">\n<figure class=\"alignleft size-full is-resized\"><a href=\"https:\/\/www.oliver-kilb.de\/www\/wp-content\/uploads\/2025\/06\/Aschauer_Klamm_2025-06-28_333.jpg\"><img loading=\"lazy\" decoding=\"async\" width=\"2048\" height=\"1536\" src=\"https:\/\/www.oliver-kilb.de\/www\/wp-content\/uploads\/2025\/06\/Aschauer_Klamm_2025-06-28_333.jpg\" alt=\"In der Aschauer Klamm\" class=\"wp-image-39804\" style=\"width:300px\" srcset=\"https:\/\/www.oliver-kilb.de\/www\/wp-content\/uploads\/2025\/06\/Aschauer_Klamm_2025-06-28_333.jpg 2048w, https:\/\/www.oliver-kilb.de\/www\/wp-content\/uploads\/2025\/06\/Aschauer_Klamm_2025-06-28_333-500x375.jpg 500w, https:\/\/www.oliver-kilb.de\/www\/wp-content\/uploads\/2025\/06\/Aschauer_Klamm_2025-06-28_333-300x225.jpg 300w, https:\/\/www.oliver-kilb.de\/www\/wp-content\/uploads\/2025\/06\/Aschauer_Klamm_2025-06-28_333-768x576.jpg 768w, https:\/\/www.oliver-kilb.de\/www\/wp-content\/uploads\/2025\/06\/Aschauer_Klamm_2025-06-28_333-1536x1152.jpg 1536w\" sizes=\"auto, (max-width: 2048px) 100vw, 2048px\" \/><\/a><\/figure>\n<\/div>\n\n\n<p>Sommer, Hitze, Sonnenschein &#8211; eine Wanderung durch eine Klamm ist da nie verkehrt. Dort ist es immer sch\u00f6n k\u00fchl, und oft hat man im Laufe der Wanderung auch die M\u00f6glichkeit, mal die F\u00fc\u00dfe ins Wasser h\u00e4ngen zu lassen. Man hat mehrere M\u00f6glichkeiten, die Tour durch die Aschauer Klamm als Rundweg zu gehen. <\/p>\n\n\n\n<p>Der n\u00e4chste Einstiegspunkt sind die Parkpl\u00e4tze in Steinpass oder Melleck. Von dort aus geht es am Haiderhof in die <a href=\"https:\/\/de.wikipedia.org\/wiki\/Aschauer_Klamm\" target=\"_blank\" rel=\"noreferrer noopener\">&#8222;Route der Klammen&#8220;<\/a>, wie es auf den meisten Karten hei\u00dft. <\/p>\n\n\n<div class=\"wp-block-image\">\n<figure class=\"alignright size-full is-resized\"><a href=\"https:\/\/www.oliver-kilb.de\/www\/wp-content\/uploads\/2025\/06\/Aschauer_Klamm_2025-06-28_321.jpg\"><img loading=\"lazy\" decoding=\"async\" width=\"2048\" height=\"1536\" src=\"https:\/\/www.oliver-kilb.de\/www\/wp-content\/uploads\/2025\/06\/Aschauer_Klamm_2025-06-28_321.jpg\" alt=\"In der Aschauer Klamm\" class=\"wp-image-39796\" style=\"width:300px\" srcset=\"https:\/\/www.oliver-kilb.de\/www\/wp-content\/uploads\/2025\/06\/Aschauer_Klamm_2025-06-28_321.jpg 2048w, https:\/\/www.oliver-kilb.de\/www\/wp-content\/uploads\/2025\/06\/Aschauer_Klamm_2025-06-28_321-500x375.jpg 500w, https:\/\/www.oliver-kilb.de\/www\/wp-content\/uploads\/2025\/06\/Aschauer_Klamm_2025-06-28_321-300x225.jpg 300w, https:\/\/www.oliver-kilb.de\/www\/wp-content\/uploads\/2025\/06\/Aschauer_Klamm_2025-06-28_321-768x576.jpg 768w, https:\/\/www.oliver-kilb.de\/www\/wp-content\/uploads\/2025\/06\/Aschauer_Klamm_2025-06-28_321-1536x1152.jpg 1536w\" sizes=\"auto, (max-width: 2048px) 100vw, 2048px\" \/><\/a><\/figure>\n<\/div>\n\n\n<p>Im Verlauf der Wanderung steigt man ca. 300 Meter hinauf und ist dabei immer direkt am Aschauer Bach. Man hat viele Gelegenheiten, um sich mal kurz zu erfrischen. Der Weg selbst ist dabei fast die komplette Strecke sehr eng und f\u00fchrt oft auch \u00fcber felsiges Gebiet, und einige Br\u00fccken \u00fcber den Aschauer Bach muss man auch passieren. Nicht alle haben ein Gel\u00e4nder, aber es geht nie wirklich tief hinab, und die Br\u00fccken sind auch breit genug. <\/p>\n\n\n\n<p>Da es zus\u00e4tzlich auch Stellen gibt, die mit Drahtseilen versichert sind, gilt der Klassiker unter den Wegbeschreibungen: &#8222;Alpine Wandererfahrung und Trittsicherheit erforderlich.&#8220;<\/p>\n\n\n\n<h2 class=\"wp-block-heading\">Die Aschauer Klause.<\/h2>\n\n\n<div class=\"wp-block-image\">\n<figure class=\"alignleft size-full is-resized\"><a href=\"https:\/\/www.oliver-kilb.de\/www\/wp-content\/uploads\/2025\/06\/Aschauer_Klamm_2025-06-28_340.jpg\"><img loading=\"lazy\" decoding=\"async\" width=\"2048\" height=\"1536\" src=\"https:\/\/www.oliver-kilb.de\/www\/wp-content\/uploads\/2025\/06\/Aschauer_Klamm_2025-06-28_340.jpg\" alt=\"Die Aschauer Klause\" class=\"wp-image-39806\" style=\"width:300px\" srcset=\"https:\/\/www.oliver-kilb.de\/www\/wp-content\/uploads\/2025\/06\/Aschauer_Klamm_2025-06-28_340.jpg 2048w, https:\/\/www.oliver-kilb.de\/www\/wp-content\/uploads\/2025\/06\/Aschauer_Klamm_2025-06-28_340-500x375.jpg 500w, https:\/\/www.oliver-kilb.de\/www\/wp-content\/uploads\/2025\/06\/Aschauer_Klamm_2025-06-28_340-300x225.jpg 300w, https:\/\/www.oliver-kilb.de\/www\/wp-content\/uploads\/2025\/06\/Aschauer_Klamm_2025-06-28_340-768x576.jpg 768w, https:\/\/www.oliver-kilb.de\/www\/wp-content\/uploads\/2025\/06\/Aschauer_Klamm_2025-06-28_340-1536x1152.jpg 1536w\" sizes=\"auto, (max-width: 2048px) 100vw, 2048px\" \/><\/a><\/figure>\n<\/div>\n\n\n<p>Ungef\u00e4hr 1,5 Stunden, nachdem man in der Klamm unterwegs war, kommt man an <a href=\"https:\/\/de.wikipedia.org\/wiki\/Aschauer_Klause\" target=\"_blank\" rel=\"noreferrer noopener\">die Aschauer Klause<\/a>. Sie existiert seit 1796 und wurde vor 50 Jahren restauriert. Zuerst wundert man sich, warum es hier so eine massive Steinkonstruktion gibt, aber die Auskunftstafel (oder der oben verlinkte Wikipedia-Artikel) erkl\u00e4rt den Zweck ganz gut. Dort kann man eine kleine Pause einlegen und \u00fcberlegen, wie man den Rest der Tour gestalten m\u00f6chte.<\/p>\n\n\n\n<p>Eine M\u00f6glichkeit w\u00e4re, \u00fcber die Br\u00fccke und dann direkt auf dem Forstweg in Richtung der Rastnock-Diensth\u00fctte zu gehen. Kurz vor der Bundeswehr Erprobungsstelle w\u00fcrde man dann wieder links in die Klamm hinab absteigen und k\u00e4me so am Ausgangspunkt zur\u00fcck. Eine etwas l\u00e4ngere Variante besteht darin, auf dem gleichen Forstweg noch eine Weile bergauf zu wanden. Dann macht dieser eine Linkskehre und f\u00fchrt ebenfalls zur Rastnock-Diensth\u00fctte.<\/p>\n\n\n\n<h2 class=\"wp-block-heading\">Lange Variante \u00fcber die Innersbachklamm.<\/h2>\n\n\n<div class=\"wp-block-image\">\n<figure class=\"alignleft size-full is-resized\"><a href=\"https:\/\/www.oliver-kilb.de\/www\/wp-content\/uploads\/2025\/06\/Aschauer_Klamm_2025-06-28_353.jpg\"><img loading=\"lazy\" decoding=\"async\" width=\"2048\" height=\"1536\" src=\"https:\/\/www.oliver-kilb.de\/www\/wp-content\/uploads\/2025\/06\/Aschauer_Klamm_2025-06-28_353.jpg\" alt=\"In Aschau\" class=\"wp-image-39808\" style=\"width:300px\" srcset=\"https:\/\/www.oliver-kilb.de\/www\/wp-content\/uploads\/2025\/06\/Aschauer_Klamm_2025-06-28_353.jpg 2048w, https:\/\/www.oliver-kilb.de\/www\/wp-content\/uploads\/2025\/06\/Aschauer_Klamm_2025-06-28_353-500x375.jpg 500w, https:\/\/www.oliver-kilb.de\/www\/wp-content\/uploads\/2025\/06\/Aschauer_Klamm_2025-06-28_353-300x225.jpg 300w, https:\/\/www.oliver-kilb.de\/www\/wp-content\/uploads\/2025\/06\/Aschauer_Klamm_2025-06-28_353-768x576.jpg 768w, https:\/\/www.oliver-kilb.de\/www\/wp-content\/uploads\/2025\/06\/Aschauer_Klamm_2025-06-28_353-1536x1152.jpg 1536w\" sizes=\"auto, (max-width: 2048px) 100vw, 2048px\" \/><\/a><\/figure>\n<\/div>\n\n\n<p>Wer gut zu Fu\u00df ist und noch eine weitere Klamm mitnehmen m\u00f6chte, der kann weiter in Richtung Aschau\/ Reith\/ Unken gehen. Es geht nochmal wenige Meter hinaus, und ab der Grenze zwischen Deutschland und \u00d6sterreich nur noch bergab. Wer statt der Klamm lieber noch einen Gipfel mitnehmen m\u00f6chte, der kann nach rechts zum Achhorn aufsteigen oder \u00fcber den J\u00e4gersteig \u00fcber den Grat direkt nach Unken &#8211; aber das sind nochmal einige Hundert H\u00f6henmeter zus\u00e4tzlich. <\/p>\n\n\n\n<p>Der Weg f\u00fchrt zuerst \u00fcber Forstwege und Almen m\u00e4\u00dfig bergab und bietet einen sch\u00f6nen Blick auf die Drei Br\u00fcder an der n\u00f6rdlichen Flanke der <a href=\"https:\/\/de.wikipedia.org\/wiki\/Reiter_Alm\" target=\"_blank\" rel=\"noreferrer noopener\">Reiter Alpe<\/a>. Der Weg hei\u00dft noch immer &#8222;Route der Klammen&#8220; &#8211; ein Weitwanderweg \u00fcbrigens, zu dem es eigene <a href=\"https:\/\/www.lofer.com\/de\/aktiv-im-sommer\/wandern\/route-der-klammen\" target=\"_blank\" rel=\"noreferrer noopener\">offizielle Beschreibungen<\/a> gibt. <\/p>\n\n\n<div class=\"wp-block-image\">\n<figure class=\"alignright size-full is-resized\"><a href=\"https:\/\/www.oliver-kilb.de\/www\/wp-content\/uploads\/2025\/06\/Aschauer_Klamm_2025-06-28_360.jpg\"><img loading=\"lazy\" decoding=\"async\" width=\"2048\" height=\"1536\" src=\"https:\/\/www.oliver-kilb.de\/www\/wp-content\/uploads\/2025\/06\/Aschauer_Klamm_2025-06-28_360.jpg\" alt=\"Die Innersbachklamm\" class=\"wp-image-39811\" style=\"width:300px\" srcset=\"https:\/\/www.oliver-kilb.de\/www\/wp-content\/uploads\/2025\/06\/Aschauer_Klamm_2025-06-28_360.jpg 2048w, https:\/\/www.oliver-kilb.de\/www\/wp-content\/uploads\/2025\/06\/Aschauer_Klamm_2025-06-28_360-500x375.jpg 500w, https:\/\/www.oliver-kilb.de\/www\/wp-content\/uploads\/2025\/06\/Aschauer_Klamm_2025-06-28_360-300x225.jpg 300w, https:\/\/www.oliver-kilb.de\/www\/wp-content\/uploads\/2025\/06\/Aschauer_Klamm_2025-06-28_360-768x576.jpg 768w, https:\/\/www.oliver-kilb.de\/www\/wp-content\/uploads\/2025\/06\/Aschauer_Klamm_2025-06-28_360-1536x1152.jpg 1536w\" sizes=\"auto, (max-width: 2048px) 100vw, 2048px\" \/><\/a><\/figure>\n<\/div>\n\n\n<p>Gute 45 Minuten nach der Aschauer Klause kommt man dann in Reith an die Abzweigung, bei der es rechts zur Innersbachklamm geht. Achtung, die Abzweigung ist zwar gut ausgeschildert, aber dennoch etwas unauff\u00e4llig. Sie ist zwar sehr kurz, aber daf\u00fcr besonders spektakul\u00e4r, denn sie f\u00fchrt komplett auf Stegen und Br\u00fccken \u00fcber den Innersbach, und sie ist teilweise wirklich eng. So pl\u00f6tzlich wie sie begonnen hat, so pl\u00f6tzlich ist sie dann auch zu Ende, und f\u00fcr den Rest der Strecke geht manauf dem rechten Ufer an der Saalach entlang. <\/p>\n\n\n\n<p>Ab Unken h\u00e4tte man die Gelegenheit mit dem Bus nach Steinpass\/ Melleck zu fahren, wenn die F\u00fc\u00dfe schon m\u00fcde werden. Eine komplette gro\u00dfe Rundtour wie hier beschrieben sind am Ende ca. 20km Strecke, aber nur ca. 400 H\u00f6henmeter.<\/p>\n\n\n\n<figure class=\"wp-block-gallery has-nested-images columns-5 is-cropped wp-block-gallery-1 is-layout-flex wp-block-gallery-is-layout-flex\">\n<figure class=\"wp-block-image size-large\"><img loading=\"lazy\" decoding=\"async\" width=\"2048\" height=\"1536\" data-id=\"39789\" src=\"https:\/\/www.oliver-kilb.de\/www\/wp-content\/uploads\/2025\/06\/Aschauer_Klamm_2025-06-28_304.jpg\" alt=\"Am Schwaigergut bei Unken.\" class=\"wp-image-39789\" srcset=\"https:\/\/www.oliver-kilb.de\/www\/wp-content\/uploads\/2025\/06\/Aschauer_Klamm_2025-06-28_304.jpg 2048w, https:\/\/www.oliver-kilb.de\/www\/wp-content\/uploads\/2025\/06\/Aschauer_Klamm_2025-06-28_304-500x375.jpg 500w, https:\/\/www.oliver-kilb.de\/www\/wp-content\/uploads\/2025\/06\/Aschauer_Klamm_2025-06-28_304-300x225.jpg 300w, https:\/\/www.oliver-kilb.de\/www\/wp-content\/uploads\/2025\/06\/Aschauer_Klamm_2025-06-28_304-768x576.jpg 768w, https:\/\/www.oliver-kilb.de\/www\/wp-content\/uploads\/2025\/06\/Aschauer_Klamm_2025-06-28_304-1536x1152.jpg 1536w\" sizes=\"auto, (max-width: 2048px) 100vw, 2048px\" \/><\/figure>\n\n\n\n<figure class=\"wp-block-image size-large\"><img loading=\"lazy\" decoding=\"async\" width=\"2048\" height=\"1536\" data-id=\"39790\" src=\"https:\/\/www.oliver-kilb.de\/www\/wp-content\/uploads\/2025\/06\/Aschauer_Klamm_2025-06-28_305.jpg\" alt=\"Am Schwaigergut bei Unken.\" class=\"wp-image-39790\" srcset=\"https:\/\/www.oliver-kilb.de\/www\/wp-content\/uploads\/2025\/06\/Aschauer_Klamm_2025-06-28_305.jpg 2048w, https:\/\/www.oliver-kilb.de\/www\/wp-content\/uploads\/2025\/06\/Aschauer_Klamm_2025-06-28_305-500x375.jpg 500w, https:\/\/www.oliver-kilb.de\/www\/wp-content\/uploads\/2025\/06\/Aschauer_Klamm_2025-06-28_305-300x225.jpg 300w, https:\/\/www.oliver-kilb.de\/www\/wp-content\/uploads\/2025\/06\/Aschauer_Klamm_2025-06-28_305-768x576.jpg 768w, https:\/\/www.oliver-kilb.de\/www\/wp-content\/uploads\/2025\/06\/Aschauer_Klamm_2025-06-28_305-1536x1152.jpg 1536w\" sizes=\"auto, (max-width: 2048px) 100vw, 2048px\" \/><\/figure>\n\n\n\n<figure class=\"wp-block-image size-large\"><img loading=\"lazy\" decoding=\"async\" width=\"2048\" height=\"1536\" data-id=\"39791\" src=\"https:\/\/www.oliver-kilb.de\/www\/wp-content\/uploads\/2025\/06\/Aschauer_Klamm_2025-06-28_309.jpg\" alt=\"Der Aschauer Bach\" class=\"wp-image-39791\" srcset=\"https:\/\/www.oliver-kilb.de\/www\/wp-content\/uploads\/2025\/06\/Aschauer_Klamm_2025-06-28_309.jpg 2048w, https:\/\/www.oliver-kilb.de\/www\/wp-content\/uploads\/2025\/06\/Aschauer_Klamm_2025-06-28_309-500x375.jpg 500w, https:\/\/www.oliver-kilb.de\/www\/wp-content\/uploads\/2025\/06\/Aschauer_Klamm_2025-06-28_309-300x225.jpg 300w, https:\/\/www.oliver-kilb.de\/www\/wp-content\/uploads\/2025\/06\/Aschauer_Klamm_2025-06-28_309-768x576.jpg 768w, https:\/\/www.oliver-kilb.de\/www\/wp-content\/uploads\/2025\/06\/Aschauer_Klamm_2025-06-28_309-1536x1152.jpg 1536w\" sizes=\"auto, (max-width: 2048px) 100vw, 2048px\" \/><\/figure>\n\n\n\n<figure class=\"wp-block-image size-large\"><img loading=\"lazy\" decoding=\"async\" width=\"2048\" height=\"1536\" data-id=\"39792\" src=\"https:\/\/www.oliver-kilb.de\/www\/wp-content\/uploads\/2025\/06\/Aschauer_Klamm_2025-06-28_314.jpg\" alt=\"Der Aschauer Bach\" class=\"wp-image-39792\" srcset=\"https:\/\/www.oliver-kilb.de\/www\/wp-content\/uploads\/2025\/06\/Aschauer_Klamm_2025-06-28_314.jpg 2048w, https:\/\/www.oliver-kilb.de\/www\/wp-content\/uploads\/2025\/06\/Aschauer_Klamm_2025-06-28_314-500x375.jpg 500w, https:\/\/www.oliver-kilb.de\/www\/wp-content\/uploads\/2025\/06\/Aschauer_Klamm_2025-06-28_314-300x225.jpg 300w, https:\/\/www.oliver-kilb.de\/www\/wp-content\/uploads\/2025\/06\/Aschauer_Klamm_2025-06-28_314-768x576.jpg 768w, https:\/\/www.oliver-kilb.de\/www\/wp-content\/uploads\/2025\/06\/Aschauer_Klamm_2025-06-28_314-1536x1152.jpg 1536w\" sizes=\"auto, (max-width: 2048px) 100vw, 2048px\" \/><\/figure>\n\n\n\n<figure class=\"wp-block-image size-large\"><img loading=\"lazy\" decoding=\"async\" width=\"2048\" height=\"1536\" data-id=\"39793\" src=\"https:\/\/www.oliver-kilb.de\/www\/wp-content\/uploads\/2025\/06\/Aschauer_Klamm_2025-06-28_315.jpg\" alt=\"In der Aschauer Klamm\" class=\"wp-image-39793\" srcset=\"https:\/\/www.oliver-kilb.de\/www\/wp-content\/uploads\/2025\/06\/Aschauer_Klamm_2025-06-28_315.jpg 2048w, https:\/\/www.oliver-kilb.de\/www\/wp-content\/uploads\/2025\/06\/Aschauer_Klamm_2025-06-28_315-500x375.jpg 500w, https:\/\/www.oliver-kilb.de\/www\/wp-content\/uploads\/2025\/06\/Aschauer_Klamm_2025-06-28_315-300x225.jpg 300w, https:\/\/www.oliver-kilb.de\/www\/wp-content\/uploads\/2025\/06\/Aschauer_Klamm_2025-06-28_315-768x576.jpg 768w, https:\/\/www.oliver-kilb.de\/www\/wp-content\/uploads\/2025\/06\/Aschauer_Klamm_2025-06-28_315-1536x1152.jpg 1536w\" sizes=\"auto, (max-width: 2048px) 100vw, 2048px\" \/><\/figure>\n\n\n\n<figure class=\"wp-block-image size-large\"><img loading=\"lazy\" decoding=\"async\" width=\"2048\" height=\"1536\" data-id=\"39794\" src=\"https:\/\/www.oliver-kilb.de\/www\/wp-content\/uploads\/2025\/06\/Aschauer_Klamm_2025-06-28_317.jpg\" alt=\"In der Aschauer Klamm\" class=\"wp-image-39794\" srcset=\"https:\/\/www.oliver-kilb.de\/www\/wp-content\/uploads\/2025\/06\/Aschauer_Klamm_2025-06-28_317.jpg 2048w, https:\/\/www.oliver-kilb.de\/www\/wp-content\/uploads\/2025\/06\/Aschauer_Klamm_2025-06-28_317-500x375.jpg 500w, https:\/\/www.oliver-kilb.de\/www\/wp-content\/uploads\/2025\/06\/Aschauer_Klamm_2025-06-28_317-300x225.jpg 300w, https:\/\/www.oliver-kilb.de\/www\/wp-content\/uploads\/2025\/06\/Aschauer_Klamm_2025-06-28_317-768x576.jpg 768w, https:\/\/www.oliver-kilb.de\/www\/wp-content\/uploads\/2025\/06\/Aschauer_Klamm_2025-06-28_317-1536x1152.jpg 1536w\" sizes=\"auto, (max-width: 2048px) 100vw, 2048px\" \/><\/figure>\n\n\n\n<figure class=\"wp-block-image size-large\"><img loading=\"lazy\" decoding=\"async\" width=\"2048\" height=\"1536\" data-id=\"39795\" src=\"https:\/\/www.oliver-kilb.de\/www\/wp-content\/uploads\/2025\/06\/Aschauer_Klamm_2025-06-28_318.jpg\" alt=\"In der Aschauer Klamm\" class=\"wp-image-39795\" srcset=\"https:\/\/www.oliver-kilb.de\/www\/wp-content\/uploads\/2025\/06\/Aschauer_Klamm_2025-06-28_318.jpg 2048w, https:\/\/www.oliver-kilb.de\/www\/wp-content\/uploads\/2025\/06\/Aschauer_Klamm_2025-06-28_318-500x375.jpg 500w, https:\/\/www.oliver-kilb.de\/www\/wp-content\/uploads\/2025\/06\/Aschauer_Klamm_2025-06-28_318-300x225.jpg 300w, https:\/\/www.oliver-kilb.de\/www\/wp-content\/uploads\/2025\/06\/Aschauer_Klamm_2025-06-28_318-768x576.jpg 768w, https:\/\/www.oliver-kilb.de\/www\/wp-content\/uploads\/2025\/06\/Aschauer_Klamm_2025-06-28_318-1536x1152.jpg 1536w\" sizes=\"auto, (max-width: 2048px) 100vw, 2048px\" \/><\/figure>\n\n\n\n<figure class=\"wp-block-image size-large\"><img loading=\"lazy\" decoding=\"async\" width=\"2048\" height=\"1536\" data-id=\"39797\" src=\"https:\/\/www.oliver-kilb.de\/www\/wp-content\/uploads\/2025\/06\/Aschauer_Klamm_2025-06-28_324.jpg\" alt=\"In der Aschauer Klamm\" class=\"wp-image-39797\" srcset=\"https:\/\/www.oliver-kilb.de\/www\/wp-content\/uploads\/2025\/06\/Aschauer_Klamm_2025-06-28_324.jpg 2048w, https:\/\/www.oliver-kilb.de\/www\/wp-content\/uploads\/2025\/06\/Aschauer_Klamm_2025-06-28_324-500x375.jpg 500w, https:\/\/www.oliver-kilb.de\/www\/wp-content\/uploads\/2025\/06\/Aschauer_Klamm_2025-06-28_324-300x225.jpg 300w, https:\/\/www.oliver-kilb.de\/www\/wp-content\/uploads\/2025\/06\/Aschauer_Klamm_2025-06-28_324-768x576.jpg 768w, https:\/\/www.oliver-kilb.de\/www\/wp-content\/uploads\/2025\/06\/Aschauer_Klamm_2025-06-28_324-1536x1152.jpg 1536w\" sizes=\"auto, (max-width: 2048px) 100vw, 2048px\" \/><\/figure>\n\n\n\n<figure class=\"wp-block-image size-large\"><img loading=\"lazy\" decoding=\"async\" width=\"2048\" height=\"1536\" data-id=\"39798\" src=\"https:\/\/www.oliver-kilb.de\/www\/wp-content\/uploads\/2025\/06\/Aschauer_Klamm_2025-06-28_325.jpg\" alt=\"In der Aschauer Klamm\" class=\"wp-image-39798\" srcset=\"https:\/\/www.oliver-kilb.de\/www\/wp-content\/uploads\/2025\/06\/Aschauer_Klamm_2025-06-28_325.jpg 2048w, https:\/\/www.oliver-kilb.de\/www\/wp-content\/uploads\/2025\/06\/Aschauer_Klamm_2025-06-28_325-500x375.jpg 500w, https:\/\/www.oliver-kilb.de\/www\/wp-content\/uploads\/2025\/06\/Aschauer_Klamm_2025-06-28_325-300x225.jpg 300w, https:\/\/www.oliver-kilb.de\/www\/wp-content\/uploads\/2025\/06\/Aschauer_Klamm_2025-06-28_325-768x576.jpg 768w, https:\/\/www.oliver-kilb.de\/www\/wp-content\/uploads\/2025\/06\/Aschauer_Klamm_2025-06-28_325-1536x1152.jpg 1536w\" sizes=\"auto, (max-width: 2048px) 100vw, 2048px\" \/><\/figure>\n\n\n\n<figure class=\"wp-block-image size-large\"><img loading=\"lazy\" decoding=\"async\" width=\"2048\" height=\"1536\" data-id=\"39799\" src=\"https:\/\/www.oliver-kilb.de\/www\/wp-content\/uploads\/2025\/06\/Aschauer_Klamm_2025-06-28_326.jpg\" alt=\"In der Aschauer Klamm\" class=\"wp-image-39799\" srcset=\"https:\/\/www.oliver-kilb.de\/www\/wp-content\/uploads\/2025\/06\/Aschauer_Klamm_2025-06-28_326.jpg 2048w, https:\/\/www.oliver-kilb.de\/www\/wp-content\/uploads\/2025\/06\/Aschauer_Klamm_2025-06-28_326-500x375.jpg 500w, https:\/\/www.oliver-kilb.de\/www\/wp-content\/uploads\/2025\/06\/Aschauer_Klamm_2025-06-28_326-300x225.jpg 300w, https:\/\/www.oliver-kilb.de\/www\/wp-content\/uploads\/2025\/06\/Aschauer_Klamm_2025-06-28_326-768x576.jpg 768w, https:\/\/www.oliver-kilb.de\/www\/wp-content\/uploads\/2025\/06\/Aschauer_Klamm_2025-06-28_326-1536x1152.jpg 1536w\" sizes=\"auto, (max-width: 2048px) 100vw, 2048px\" \/><\/figure>\n\n\n\n<figure class=\"wp-block-image size-large\"><img loading=\"lazy\" decoding=\"async\" width=\"2048\" height=\"1536\" data-id=\"39800\" src=\"https:\/\/www.oliver-kilb.de\/www\/wp-content\/uploads\/2025\/06\/Aschauer_Klamm_2025-06-28_327.jpg\" alt=\"In der Aschauer Klamm\" class=\"wp-image-39800\" srcset=\"https:\/\/www.oliver-kilb.de\/www\/wp-content\/uploads\/2025\/06\/Aschauer_Klamm_2025-06-28_327.jpg 2048w, https:\/\/www.oliver-kilb.de\/www\/wp-content\/uploads\/2025\/06\/Aschauer_Klamm_2025-06-28_327-500x375.jpg 500w, https:\/\/www.oliver-kilb.de\/www\/wp-content\/uploads\/2025\/06\/Aschauer_Klamm_2025-06-28_327-300x225.jpg 300w, https:\/\/www.oliver-kilb.de\/www\/wp-content\/uploads\/2025\/06\/Aschauer_Klamm_2025-06-28_327-768x576.jpg 768w, https:\/\/www.oliver-kilb.de\/www\/wp-content\/uploads\/2025\/06\/Aschauer_Klamm_2025-06-28_327-1536x1152.jpg 1536w\" sizes=\"auto, (max-width: 2048px) 100vw, 2048px\" \/><\/figure>\n\n\n\n<figure class=\"wp-block-image size-large\"><img loading=\"lazy\" decoding=\"async\" width=\"2048\" height=\"1536\" data-id=\"39801\" src=\"https:\/\/www.oliver-kilb.de\/www\/wp-content\/uploads\/2025\/06\/Aschauer_Klamm_2025-06-28_329.jpg\" alt=\"In der Aschauer Klamm\" class=\"wp-image-39801\" srcset=\"https:\/\/www.oliver-kilb.de\/www\/wp-content\/uploads\/2025\/06\/Aschauer_Klamm_2025-06-28_329.jpg 2048w, https:\/\/www.oliver-kilb.de\/www\/wp-content\/uploads\/2025\/06\/Aschauer_Klamm_2025-06-28_329-500x375.jpg 500w, https:\/\/www.oliver-kilb.de\/www\/wp-content\/uploads\/2025\/06\/Aschauer_Klamm_2025-06-28_329-300x225.jpg 300w, https:\/\/www.oliver-kilb.de\/www\/wp-content\/uploads\/2025\/06\/Aschauer_Klamm_2025-06-28_329-768x576.jpg 768w, https:\/\/www.oliver-kilb.de\/www\/wp-content\/uploads\/2025\/06\/Aschauer_Klamm_2025-06-28_329-1536x1152.jpg 1536w\" sizes=\"auto, (max-width: 2048px) 100vw, 2048px\" \/><\/figure>\n\n\n\n<figure class=\"wp-block-image size-large\"><img loading=\"lazy\" decoding=\"async\" width=\"2048\" height=\"1536\" data-id=\"39802\" src=\"https:\/\/www.oliver-kilb.de\/www\/wp-content\/uploads\/2025\/06\/Aschauer_Klamm_2025-06-28_331.jpg\" alt=\"In der Aschauer Klamm\" class=\"wp-image-39802\" srcset=\"https:\/\/www.oliver-kilb.de\/www\/wp-content\/uploads\/2025\/06\/Aschauer_Klamm_2025-06-28_331.jpg 2048w, https:\/\/www.oliver-kilb.de\/www\/wp-content\/uploads\/2025\/06\/Aschauer_Klamm_2025-06-28_331-500x375.jpg 500w, https:\/\/www.oliver-kilb.de\/www\/wp-content\/uploads\/2025\/06\/Aschauer_Klamm_2025-06-28_331-300x225.jpg 300w, https:\/\/www.oliver-kilb.de\/www\/wp-content\/uploads\/2025\/06\/Aschauer_Klamm_2025-06-28_331-768x576.jpg 768w, https:\/\/www.oliver-kilb.de\/www\/wp-content\/uploads\/2025\/06\/Aschauer_Klamm_2025-06-28_331-1536x1152.jpg 1536w\" sizes=\"auto, (max-width: 2048px) 100vw, 2048px\" \/><\/figure>\n\n\n\n<figure class=\"wp-block-image size-large\"><img loading=\"lazy\" decoding=\"async\" width=\"2048\" height=\"1536\" data-id=\"39803\" src=\"https:\/\/www.oliver-kilb.de\/www\/wp-content\/uploads\/2025\/06\/Aschauer_Klamm_2025-06-28_332.jpg\" alt=\"In der Aschauer Klamm\" class=\"wp-image-39803\" srcset=\"https:\/\/www.oliver-kilb.de\/www\/wp-content\/uploads\/2025\/06\/Aschauer_Klamm_2025-06-28_332.jpg 2048w, https:\/\/www.oliver-kilb.de\/www\/wp-content\/uploads\/2025\/06\/Aschauer_Klamm_2025-06-28_332-500x375.jpg 500w, https:\/\/www.oliver-kilb.de\/www\/wp-content\/uploads\/2025\/06\/Aschauer_Klamm_2025-06-28_332-300x225.jpg 300w, https:\/\/www.oliver-kilb.de\/www\/wp-content\/uploads\/2025\/06\/Aschauer_Klamm_2025-06-28_332-768x576.jpg 768w, https:\/\/www.oliver-kilb.de\/www\/wp-content\/uploads\/2025\/06\/Aschauer_Klamm_2025-06-28_332-1536x1152.jpg 1536w\" sizes=\"auto, (max-width: 2048px) 100vw, 2048px\" \/><\/figure>\n\n\n\n<figure class=\"wp-block-image size-large\"><img loading=\"lazy\" decoding=\"async\" width=\"2048\" height=\"1536\" data-id=\"39805\" src=\"https:\/\/www.oliver-kilb.de\/www\/wp-content\/uploads\/2025\/06\/Aschauer_Klamm_2025-06-28_336.jpg\" alt=\"In der Aschauer Klamm\" class=\"wp-image-39805\" srcset=\"https:\/\/www.oliver-kilb.de\/www\/wp-content\/uploads\/2025\/06\/Aschauer_Klamm_2025-06-28_336.jpg 2048w, https:\/\/www.oliver-kilb.de\/www\/wp-content\/uploads\/2025\/06\/Aschauer_Klamm_2025-06-28_336-500x375.jpg 500w, https:\/\/www.oliver-kilb.de\/www\/wp-content\/uploads\/2025\/06\/Aschauer_Klamm_2025-06-28_336-300x225.jpg 300w, https:\/\/www.oliver-kilb.de\/www\/wp-content\/uploads\/2025\/06\/Aschauer_Klamm_2025-06-28_336-768x576.jpg 768w, https:\/\/www.oliver-kilb.de\/www\/wp-content\/uploads\/2025\/06\/Aschauer_Klamm_2025-06-28_336-1536x1152.jpg 1536w\" sizes=\"auto, (max-width: 2048px) 100vw, 2048px\" \/><\/figure>\n\n\n\n<figure class=\"wp-block-image size-large\"><img loading=\"lazy\" decoding=\"async\" width=\"2048\" height=\"1536\" data-id=\"39807\" src=\"https:\/\/www.oliver-kilb.de\/www\/wp-content\/uploads\/2025\/06\/Aschauer_Klamm_2025-06-28_350.jpg\" alt=\"Blick Richtung Reith\" class=\"wp-image-39807\" srcset=\"https:\/\/www.oliver-kilb.de\/www\/wp-content\/uploads\/2025\/06\/Aschauer_Klamm_2025-06-28_350.jpg 2048w, https:\/\/www.oliver-kilb.de\/www\/wp-content\/uploads\/2025\/06\/Aschauer_Klamm_2025-06-28_350-500x375.jpg 500w, https:\/\/www.oliver-kilb.de\/www\/wp-content\/uploads\/2025\/06\/Aschauer_Klamm_2025-06-28_350-300x225.jpg 300w, https:\/\/www.oliver-kilb.de\/www\/wp-content\/uploads\/2025\/06\/Aschauer_Klamm_2025-06-28_350-768x576.jpg 768w, https:\/\/www.oliver-kilb.de\/www\/wp-content\/uploads\/2025\/06\/Aschauer_Klamm_2025-06-28_350-1536x1152.jpg 1536w\" sizes=\"auto, (max-width: 2048px) 100vw, 2048px\" \/><\/figure>\n\n\n\n<figure class=\"wp-block-image size-large\"><img loading=\"lazy\" decoding=\"async\" width=\"2048\" height=\"1536\" data-id=\"39809\" src=\"https:\/\/www.oliver-kilb.de\/www\/wp-content\/uploads\/2025\/06\/Aschauer_Klamm_2025-06-28_355.jpg\" alt=\"Die Innersbachklamm\" class=\"wp-image-39809\" srcset=\"https:\/\/www.oliver-kilb.de\/www\/wp-content\/uploads\/2025\/06\/Aschauer_Klamm_2025-06-28_355.jpg 2048w, https:\/\/www.oliver-kilb.de\/www\/wp-content\/uploads\/2025\/06\/Aschauer_Klamm_2025-06-28_355-500x375.jpg 500w, https:\/\/www.oliver-kilb.de\/www\/wp-content\/uploads\/2025\/06\/Aschauer_Klamm_2025-06-28_355-300x225.jpg 300w, https:\/\/www.oliver-kilb.de\/www\/wp-content\/uploads\/2025\/06\/Aschauer_Klamm_2025-06-28_355-768x576.jpg 768w, https:\/\/www.oliver-kilb.de\/www\/wp-content\/uploads\/2025\/06\/Aschauer_Klamm_2025-06-28_355-1536x1152.jpg 1536w\" sizes=\"auto, (max-width: 2048px) 100vw, 2048px\" \/><\/figure>\n\n\n\n<figure class=\"wp-block-image size-large\"><img loading=\"lazy\" decoding=\"async\" width=\"2048\" height=\"1536\" data-id=\"39810\" src=\"https:\/\/www.oliver-kilb.de\/www\/wp-content\/uploads\/2025\/06\/Aschauer_Klamm_2025-06-28_359.jpg\" alt=\"Die Innersbachklamm\" class=\"wp-image-39810\" srcset=\"https:\/\/www.oliver-kilb.de\/www\/wp-content\/uploads\/2025\/06\/Aschauer_Klamm_2025-06-28_359.jpg 2048w, https:\/\/www.oliver-kilb.de\/www\/wp-content\/uploads\/2025\/06\/Aschauer_Klamm_2025-06-28_359-500x375.jpg 500w, https:\/\/www.oliver-kilb.de\/www\/wp-content\/uploads\/2025\/06\/Aschauer_Klamm_2025-06-28_359-300x225.jpg 300w, https:\/\/www.oliver-kilb.de\/www\/wp-content\/uploads\/2025\/06\/Aschauer_Klamm_2025-06-28_359-768x576.jpg 768w, https:\/\/www.oliver-kilb.de\/www\/wp-content\/uploads\/2025\/06\/Aschauer_Klamm_2025-06-28_359-1536x1152.jpg 1536w\" sizes=\"auto, (max-width: 2048px) 100vw, 2048px\" \/><\/figure>\n\n\n\n<figure class=\"wp-block-image size-large\"><img loading=\"lazy\" decoding=\"async\" width=\"2048\" height=\"1536\" data-id=\"39812\" src=\"https:\/\/www.oliver-kilb.de\/www\/wp-content\/uploads\/2025\/06\/Aschauer_Klamm_2025-06-28_362.jpg\" alt=\"Der Kniepass an der Saalach\" class=\"wp-image-39812\" srcset=\"https:\/\/www.oliver-kilb.de\/www\/wp-content\/uploads\/2025\/06\/Aschauer_Klamm_2025-06-28_362.jpg 2048w, https:\/\/www.oliver-kilb.de\/www\/wp-content\/uploads\/2025\/06\/Aschauer_Klamm_2025-06-28_362-500x375.jpg 500w, https:\/\/www.oliver-kilb.de\/www\/wp-content\/uploads\/2025\/06\/Aschauer_Klamm_2025-06-28_362-300x225.jpg 300w, https:\/\/www.oliver-kilb.de\/www\/wp-content\/uploads\/2025\/06\/Aschauer_Klamm_2025-06-28_362-768x576.jpg 768w, https:\/\/www.oliver-kilb.de\/www\/wp-content\/uploads\/2025\/06\/Aschauer_Klamm_2025-06-28_362-1536x1152.jpg 1536w\" sizes=\"auto, (max-width: 2048px) 100vw, 2048px\" \/><\/figure>\n\n\n\n<figure class=\"wp-block-image size-large\"><img loading=\"lazy\" decoding=\"async\" width=\"2048\" height=\"1536\" data-id=\"39813\" src=\"https:\/\/www.oliver-kilb.de\/www\/wp-content\/uploads\/2025\/06\/Aschauer_Klamm_2025-06-28_363.jpg\" alt=\"Die Saalach\" class=\"wp-image-39813\" srcset=\"https:\/\/www.oliver-kilb.de\/www\/wp-content\/uploads\/2025\/06\/Aschauer_Klamm_2025-06-28_363.jpg 2048w, https:\/\/www.oliver-kilb.de\/www\/wp-content\/uploads\/2025\/06\/Aschauer_Klamm_2025-06-28_363-500x375.jpg 500w, https:\/\/www.oliver-kilb.de\/www\/wp-content\/uploads\/2025\/06\/Aschauer_Klamm_2025-06-28_363-300x225.jpg 300w, https:\/\/www.oliver-kilb.de\/www\/wp-content\/uploads\/2025\/06\/Aschauer_Klamm_2025-06-28_363-768x576.jpg 768w, https:\/\/www.oliver-kilb.de\/www\/wp-content\/uploads\/2025\/06\/Aschauer_Klamm_2025-06-28_363-1536x1152.jpg 1536w\" sizes=\"auto, (max-width: 2048px) 100vw, 2048px\" \/><\/figure>\n<\/figure>\n","protected":false},"excerpt":{"rendered":"<p>Eine lange, aber wundersch\u00f6ne Tour besonders im Sommer f\u00fchrt durch die Aschauer Klamm und die Innersbergklamm bei Unken.<\/p>\n","protected":false},"author":1,"featured_media":39804,"comment_status":"open","ping_status":"open","sticky":false,"template":"","format":"standard","meta":{"iawp_total_views":4,"footnotes":""},"categories":[15,414],"tags":[884,885,887,888,886,874],"class_list":["post-39814","post","type-post","status-publish","format-standard","has-post-thumbnail","hentry","category-blog","category-oesterreich","tag-aschau","tag-aschauer-klamm","tag-aschauer-klause","tag-innersbachklamm","tag-route-der-klammen","tag-unken"],"yoast_head":"<!-- This site is optimized with the Yoast SEO plugin v27.3 - https:\/\/yoast.com\/product\/yoast-seo-wordpress\/ -->\n<title>Durch die Aschauer Klamm und Innersbergklamm. - Japan, Wandern und Multimedia<\/title>\n<meta name=\"description\" content=\"Eine lange, aber wundersch\u00f6ne Tour besonders im Sommer f\u00fchrt durch die Aschauer Klamm und die Innersbergklamm bei Unken.\" \/>\n<meta name=\"robots\" content=\"index, follow, max-snippet:-1, max-image-preview:large, max-video-preview:-1\" \/>\n<link rel=\"canonical\" href=\"https:\/\/www.oliver-kilb.de\/www\/2025\/07\/20\/durch-die-aschauer-klamm-und-innersbergklamm\/\" \/>\n<meta property=\"og:locale\" content=\"de_DE\" \/>\n<meta property=\"og:type\" content=\"article\" \/>\n<meta property=\"og:title\" content=\"Durch die Aschauer Klamm und Innersbergklamm. - Japan, Wandern und Multimedia\" \/>\n<meta property=\"og:description\" content=\"Eine lange, aber wundersch\u00f6ne Tour besonders im Sommer f\u00fchrt durch die Aschauer Klamm und die Innersbergklamm bei Unken.\" \/>\n<meta property=\"og:url\" content=\"https:\/\/www.oliver-kilb.de\/www\/2025\/07\/20\/durch-die-aschauer-klamm-und-innersbergklamm\/\" \/>\n<meta property=\"og:site_name\" content=\"Japan, Wandern und Multimedia\" \/>\n<meta property=\"article:published_time\" content=\"2025-07-19T22:05:00+00:00\" \/>\n<meta property=\"og:image\" content=\"https:\/\/www.oliver-kilb.de\/www\/wp-content\/uploads\/2025\/06\/Aschauer_Klamm_2025-06-28_333.jpg\" \/>\n\t<meta property=\"og:image:width\" content=\"2048\" \/>\n\t<meta property=\"og:image:height\" content=\"1536\" \/>\n\t<meta property=\"og:image:type\" content=\"image\/jpeg\" \/>\n<meta name=\"author\" content=\"Oliver Kilb\" \/>\n<meta name=\"twitter:card\" content=\"summary_large_image\" \/>\n<meta name=\"twitter:label1\" content=\"Verfasst von\" \/>\n\t<meta name=\"twitter:data1\" content=\"Oliver Kilb\" \/>\n\t<meta name=\"twitter:label2\" content=\"Gesch\u00e4tzte Lesezeit\" \/>\n\t<meta name=\"twitter:data2\" content=\"9\u00a0Minuten\" \/>\n<script type=\"application\/ld+json\" class=\"yoast-schema-graph\">{\"@context\":\"https:\\\/\\\/schema.org\",\"@graph\":[{\"@type\":\"Article\",\"@id\":\"https:\\\/\\\/www.oliver-kilb.de\\\/www\\\/2025\\\/07\\\/20\\\/durch-die-aschauer-klamm-und-innersbergklamm\\\/#article\",\"isPartOf\":{\"@id\":\"https:\\\/\\\/www.oliver-kilb.de\\\/www\\\/2025\\\/07\\\/20\\\/durch-die-aschauer-klamm-und-innersbergklamm\\\/\"},\"author\":{\"name\":\"Oliver Kilb\",\"@id\":\"https:\\\/\\\/www.oliver-kilb.de\\\/www\\\/#\\\/schema\\\/person\\\/c2b19a881050135aa248a8851b7b4250\"},\"headline\":\"Durch die Aschauer Klamm und Innersbergklamm.\",\"datePublished\":\"2025-07-19T22:05:00+00:00\",\"mainEntityOfPage\":{\"@id\":\"https:\\\/\\\/www.oliver-kilb.de\\\/www\\\/2025\\\/07\\\/20\\\/durch-die-aschauer-klamm-und-innersbergklamm\\\/\"},\"wordCount\":640,\"commentCount\":0,\"publisher\":{\"@id\":\"https:\\\/\\\/www.oliver-kilb.de\\\/www\\\/#organization\"},\"image\":{\"@id\":\"https:\\\/\\\/www.oliver-kilb.de\\\/www\\\/2025\\\/07\\\/20\\\/durch-die-aschauer-klamm-und-innersbergklamm\\\/#primaryimage\"},\"thumbnailUrl\":\"https:\\\/\\\/www.oliver-kilb.de\\\/www\\\/wp-content\\\/uploads\\\/2025\\\/06\\\/Aschauer_Klamm_2025-06-28_333.jpg\",\"keywords\":[\"Aschau\",\"Aschauer Klamm\",\"Aschauer Klause\",\"Innersbachklamm\",\"Route der Klammen\",\"Unken\"],\"articleSection\":[\"Blog\",\"\u00d6sterreich\"],\"inLanguage\":\"de\",\"potentialAction\":[{\"@type\":\"CommentAction\",\"name\":\"Comment\",\"target\":[\"https:\\\/\\\/www.oliver-kilb.de\\\/www\\\/2025\\\/07\\\/20\\\/durch-die-aschauer-klamm-und-innersbergklamm\\\/#respond\"]}]},{\"@type\":\"WebPage\",\"@id\":\"https:\\\/\\\/www.oliver-kilb.de\\\/www\\\/2025\\\/07\\\/20\\\/durch-die-aschauer-klamm-und-innersbergklamm\\\/\",\"url\":\"https:\\\/\\\/www.oliver-kilb.de\\\/www\\\/2025\\\/07\\\/20\\\/durch-die-aschauer-klamm-und-innersbergklamm\\\/\",\"name\":\"Durch die Aschauer Klamm und Innersbergklamm. - Japan, Wandern und Multimedia\",\"isPartOf\":{\"@id\":\"https:\\\/\\\/www.oliver-kilb.de\\\/www\\\/#website\"},\"primaryImageOfPage\":{\"@id\":\"https:\\\/\\\/www.oliver-kilb.de\\\/www\\\/2025\\\/07\\\/20\\\/durch-die-aschauer-klamm-und-innersbergklamm\\\/#primaryimage\"},\"image\":{\"@id\":\"https:\\\/\\\/www.oliver-kilb.de\\\/www\\\/2025\\\/07\\\/20\\\/durch-die-aschauer-klamm-und-innersbergklamm\\\/#primaryimage\"},\"thumbnailUrl\":\"https:\\\/\\\/www.oliver-kilb.de\\\/www\\\/wp-content\\\/uploads\\\/2025\\\/06\\\/Aschauer_Klamm_2025-06-28_333.jpg\",\"datePublished\":\"2025-07-19T22:05:00+00:00\",\"description\":\"Eine lange, aber wundersch\u00f6ne Tour besonders im Sommer f\u00fchrt durch die Aschauer Klamm und die Innersbergklamm bei Unken.\",\"breadcrumb\":{\"@id\":\"https:\\\/\\\/www.oliver-kilb.de\\\/www\\\/2025\\\/07\\\/20\\\/durch-die-aschauer-klamm-und-innersbergklamm\\\/#breadcrumb\"},\"inLanguage\":\"de\",\"potentialAction\":[{\"@type\":\"ReadAction\",\"target\":[\"https:\\\/\\\/www.oliver-kilb.de\\\/www\\\/2025\\\/07\\\/20\\\/durch-die-aschauer-klamm-und-innersbergklamm\\\/\"]}]},{\"@type\":\"ImageObject\",\"inLanguage\":\"de\",\"@id\":\"https:\\\/\\\/www.oliver-kilb.de\\\/www\\\/2025\\\/07\\\/20\\\/durch-die-aschauer-klamm-und-innersbergklamm\\\/#primaryimage\",\"url\":\"https:\\\/\\\/www.oliver-kilb.de\\\/www\\\/wp-content\\\/uploads\\\/2025\\\/06\\\/Aschauer_Klamm_2025-06-28_333.jpg\",\"contentUrl\":\"https:\\\/\\\/www.oliver-kilb.de\\\/www\\\/wp-content\\\/uploads\\\/2025\\\/06\\\/Aschauer_Klamm_2025-06-28_333.jpg\",\"width\":2048,\"height\":1536,\"caption\":\"In der Aschauer Klamm\"},{\"@type\":\"BreadcrumbList\",\"@id\":\"https:\\\/\\\/www.oliver-kilb.de\\\/www\\\/2025\\\/07\\\/20\\\/durch-die-aschauer-klamm-und-innersbergklamm\\\/#breadcrumb\",\"itemListElement\":[{\"@type\":\"ListItem\",\"position\":1,\"name\":\"Startseite\",\"item\":\"https:\\\/\\\/www.oliver-kilb.de\\\/www\\\/\"},{\"@type\":\"ListItem\",\"position\":2,\"name\":\"Durch die Aschauer Klamm und Innersbergklamm.\"}]},{\"@type\":\"WebSite\",\"@id\":\"https:\\\/\\\/www.oliver-kilb.de\\\/www\\\/#website\",\"url\":\"https:\\\/\\\/www.oliver-kilb.de\\\/www\\\/\",\"name\":\"Japan, Wandern und Multimedia\",\"description\":\"\",\"publisher\":{\"@id\":\"https:\\\/\\\/www.oliver-kilb.de\\\/www\\\/#organization\"},\"potentialAction\":[{\"@type\":\"SearchAction\",\"target\":{\"@type\":\"EntryPoint\",\"urlTemplate\":\"https:\\\/\\\/www.oliver-kilb.de\\\/www\\\/?s={search_term_string}\"},\"query-input\":{\"@type\":\"PropertyValueSpecification\",\"valueRequired\":true,\"valueName\":\"search_term_string\"}}],\"inLanguage\":\"de\"},{\"@type\":\"Organization\",\"@id\":\"https:\\\/\\\/www.oliver-kilb.de\\\/www\\\/#organization\",\"name\":\"Japan, Wandern und Multimedia\",\"url\":\"https:\\\/\\\/www.oliver-kilb.de\\\/www\\\/\",\"logo\":{\"@type\":\"ImageObject\",\"inLanguage\":\"de\",\"@id\":\"https:\\\/\\\/www.oliver-kilb.de\\\/www\\\/#\\\/schema\\\/logo\\\/image\\\/\",\"url\":\"https:\\\/\\\/www.oliver-kilb.de\\\/www\\\/wp-content\\\/uploads\\\/2024\\\/07\\\/Fushimi-Inari-Schrein_075_DxO.jpg\",\"contentUrl\":\"https:\\\/\\\/www.oliver-kilb.de\\\/www\\\/wp-content\\\/uploads\\\/2024\\\/07\\\/Fushimi-Inari-Schrein_075_DxO.jpg\",\"width\":1380,\"height\":301,\"caption\":\"Japan, Wandern und Multimedia\"},\"image\":{\"@id\":\"https:\\\/\\\/www.oliver-kilb.de\\\/www\\\/#\\\/schema\\\/logo\\\/image\\\/\"}},{\"@type\":\"Person\",\"@id\":\"https:\\\/\\\/www.oliver-kilb.de\\\/www\\\/#\\\/schema\\\/person\\\/c2b19a881050135aa248a8851b7b4250\",\"name\":\"Oliver Kilb\",\"image\":{\"@type\":\"ImageObject\",\"inLanguage\":\"de\",\"@id\":\"https:\\\/\\\/secure.gravatar.com\\\/avatar\\\/4da50eb2c6eb71b0641229eed4a38d05c8d4b458a59355cca0d02b57303d6ffd?s=96&d=mm&r=g\",\"url\":\"https:\\\/\\\/secure.gravatar.com\\\/avatar\\\/4da50eb2c6eb71b0641229eed4a38d05c8d4b458a59355cca0d02b57303d6ffd?s=96&d=mm&r=g\",\"contentUrl\":\"https:\\\/\\\/secure.gravatar.com\\\/avatar\\\/4da50eb2c6eb71b0641229eed4a38d05c8d4b458a59355cca0d02b57303d6ffd?s=96&d=mm&r=g\",\"caption\":\"Oliver Kilb\"},\"sameAs\":[\"https:\\\/\\\/www.oliver-kilb.de\\\/www\"],\"url\":\"https:\\\/\\\/www.oliver-kilb.de\\\/www\\\/author\\\/oliver-kilb\\\/\"}]}<\/script>\n<!-- \/ Yoast SEO plugin. -->","yoast_head_json":{"title":"Durch die Aschauer Klamm und Innersbergklamm. - Japan, Wandern und Multimedia","description":"Eine lange, aber wundersch\u00f6ne Tour besonders im Sommer f\u00fchrt durch die Aschauer Klamm und die Innersbergklamm bei Unken.","robots":{"index":"index","follow":"follow","max-snippet":"max-snippet:-1","max-image-preview":"max-image-preview:large","max-video-preview":"max-video-preview:-1"},"canonical":"https:\/\/www.oliver-kilb.de\/www\/2025\/07\/20\/durch-die-aschauer-klamm-und-innersbergklamm\/","og_locale":"de_DE","og_type":"article","og_title":"Durch die Aschauer Klamm und Innersbergklamm. - Japan, Wandern und Multimedia","og_description":"Eine lange, aber wundersch\u00f6ne Tour besonders im Sommer f\u00fchrt durch die Aschauer Klamm und die Innersbergklamm bei Unken.","og_url":"https:\/\/www.oliver-kilb.de\/www\/2025\/07\/20\/durch-die-aschauer-klamm-und-innersbergklamm\/","og_site_name":"Japan, Wandern und Multimedia","article_published_time":"2025-07-19T22:05:00+00:00","og_image":[{"width":2048,"height":1536,"url":"https:\/\/www.oliver-kilb.de\/www\/wp-content\/uploads\/2025\/06\/Aschauer_Klamm_2025-06-28_333.jpg","type":"image\/jpeg"}],"author":"Oliver Kilb","twitter_card":"summary_large_image","twitter_misc":{"Verfasst von":"Oliver Kilb","Gesch\u00e4tzte Lesezeit":"9\u00a0Minuten"},"schema":{"@context":"https:\/\/schema.org","@graph":[{"@type":"Article","@id":"https:\/\/www.oliver-kilb.de\/www\/2025\/07\/20\/durch-die-aschauer-klamm-und-innersbergklamm\/#article","isPartOf":{"@id":"https:\/\/www.oliver-kilb.de\/www\/2025\/07\/20\/durch-die-aschauer-klamm-und-innersbergklamm\/"},"author":{"name":"Oliver Kilb","@id":"https:\/\/www.oliver-kilb.de\/www\/#\/schema\/person\/c2b19a881050135aa248a8851b7b4250"},"headline":"Durch die Aschauer Klamm und Innersbergklamm.","datePublished":"2025-07-19T22:05:00+00:00","mainEntityOfPage":{"@id":"https:\/\/www.oliver-kilb.de\/www\/2025\/07\/20\/durch-die-aschauer-klamm-und-innersbergklamm\/"},"wordCount":640,"commentCount":0,"publisher":{"@id":"https:\/\/www.oliver-kilb.de\/www\/#organization"},"image":{"@id":"https:\/\/www.oliver-kilb.de\/www\/2025\/07\/20\/durch-die-aschauer-klamm-und-innersbergklamm\/#primaryimage"},"thumbnailUrl":"https:\/\/www.oliver-kilb.de\/www\/wp-content\/uploads\/2025\/06\/Aschauer_Klamm_2025-06-28_333.jpg","keywords":["Aschau","Aschauer Klamm","Aschauer Klause","Innersbachklamm","Route der Klammen","Unken"],"articleSection":["Blog","\u00d6sterreich"],"inLanguage":"de","potentialAction":[{"@type":"CommentAction","name":"Comment","target":["https:\/\/www.oliver-kilb.de\/www\/2025\/07\/20\/durch-die-aschauer-klamm-und-innersbergklamm\/#respond"]}]},{"@type":"WebPage","@id":"https:\/\/www.oliver-kilb.de\/www\/2025\/07\/20\/durch-die-aschauer-klamm-und-innersbergklamm\/","url":"https:\/\/www.oliver-kilb.de\/www\/2025\/07\/20\/durch-die-aschauer-klamm-und-innersbergklamm\/","name":"Durch die Aschauer Klamm und Innersbergklamm. - Japan, Wandern und Multimedia","isPartOf":{"@id":"https:\/\/www.oliver-kilb.de\/www\/#website"},"primaryImageOfPage":{"@id":"https:\/\/www.oliver-kilb.de\/www\/2025\/07\/20\/durch-die-aschauer-klamm-und-innersbergklamm\/#primaryimage"},"image":{"@id":"https:\/\/www.oliver-kilb.de\/www\/2025\/07\/20\/durch-die-aschauer-klamm-und-innersbergklamm\/#primaryimage"},"thumbnailUrl":"https:\/\/www.oliver-kilb.de\/www\/wp-content\/uploads\/2025\/06\/Aschauer_Klamm_2025-06-28_333.jpg","datePublished":"2025-07-19T22:05:00+00:00","description":"Eine lange, aber wundersch\u00f6ne Tour besonders im Sommer f\u00fchrt durch die Aschauer Klamm und die Innersbergklamm bei Unken.","breadcrumb":{"@id":"https:\/\/www.oliver-kilb.de\/www\/2025\/07\/20\/durch-die-aschauer-klamm-und-innersbergklamm\/#breadcrumb"},"inLanguage":"de","potentialAction":[{"@type":"ReadAction","target":["https:\/\/www.oliver-kilb.de\/www\/2025\/07\/20\/durch-die-aschauer-klamm-und-innersbergklamm\/"]}]},{"@type":"ImageObject","inLanguage":"de","@id":"https:\/\/www.oliver-kilb.de\/www\/2025\/07\/20\/durch-die-aschauer-klamm-und-innersbergklamm\/#primaryimage","url":"https:\/\/www.oliver-kilb.de\/www\/wp-content\/uploads\/2025\/06\/Aschauer_Klamm_2025-06-28_333.jpg","contentUrl":"https:\/\/www.oliver-kilb.de\/www\/wp-content\/uploads\/2025\/06\/Aschauer_Klamm_2025-06-28_333.jpg","width":2048,"height":1536,"caption":"In der Aschauer Klamm"},{"@type":"BreadcrumbList","@id":"https:\/\/www.oliver-kilb.de\/www\/2025\/07\/20\/durch-die-aschauer-klamm-und-innersbergklamm\/#breadcrumb","itemListElement":[{"@type":"ListItem","position":1,"name":"Startseite","item":"https:\/\/www.oliver-kilb.de\/www\/"},{"@type":"ListItem","position":2,"name":"Durch die Aschauer Klamm und Innersbergklamm."}]},{"@type":"WebSite","@id":"https:\/\/www.oliver-kilb.de\/www\/#website","url":"https:\/\/www.oliver-kilb.de\/www\/","name":"Japan, Wandern und Multimedia","description":"","publisher":{"@id":"https:\/\/www.oliver-kilb.de\/www\/#organization"},"potentialAction":[{"@type":"SearchAction","target":{"@type":"EntryPoint","urlTemplate":"https:\/\/www.oliver-kilb.de\/www\/?s={search_term_string}"},"query-input":{"@type":"PropertyValueSpecification","valueRequired":true,"valueName":"search_term_string"}}],"inLanguage":"de"},{"@type":"Organization","@id":"https:\/\/www.oliver-kilb.de\/www\/#organization","name":"Japan, Wandern und Multimedia","url":"https:\/\/www.oliver-kilb.de\/www\/","logo":{"@type":"ImageObject","inLanguage":"de","@id":"https:\/\/www.oliver-kilb.de\/www\/#\/schema\/logo\/image\/","url":"https:\/\/www.oliver-kilb.de\/www\/wp-content\/uploads\/2024\/07\/Fushimi-Inari-Schrein_075_DxO.jpg","contentUrl":"https:\/\/www.oliver-kilb.de\/www\/wp-content\/uploads\/2024\/07\/Fushimi-Inari-Schrein_075_DxO.jpg","width":1380,"height":301,"caption":"Japan, Wandern und Multimedia"},"image":{"@id":"https:\/\/www.oliver-kilb.de\/www\/#\/schema\/logo\/image\/"}},{"@type":"Person","@id":"https:\/\/www.oliver-kilb.de\/www\/#\/schema\/person\/c2b19a881050135aa248a8851b7b4250","name":"Oliver Kilb","image":{"@type":"ImageObject","inLanguage":"de","@id":"https:\/\/secure.gravatar.com\/avatar\/4da50eb2c6eb71b0641229eed4a38d05c8d4b458a59355cca0d02b57303d6ffd?s=96&d=mm&r=g","url":"https:\/\/secure.gravatar.com\/avatar\/4da50eb2c6eb71b0641229eed4a38d05c8d4b458a59355cca0d02b57303d6ffd?s=96&d=mm&r=g","contentUrl":"https:\/\/secure.gravatar.com\/avatar\/4da50eb2c6eb71b0641229eed4a38d05c8d4b458a59355cca0d02b57303d6ffd?s=96&d=mm&r=g","caption":"Oliver Kilb"},"sameAs":["https:\/\/www.oliver-kilb.de\/www"],"url":"https:\/\/www.oliver-kilb.de\/www\/author\/oliver-kilb\/"}]}},"amp_enabled":true,"_links":{"self":[{"href":"https:\/\/www.oliver-kilb.de\/www\/wp-json\/wp\/v2\/posts\/39814","targetHints":{"allow":["GET"]}}],"collection":[{"href":"https:\/\/www.oliver-kilb.de\/www\/wp-json\/wp\/v2\/posts"}],"about":[{"href":"https:\/\/www.oliver-kilb.de\/www\/wp-json\/wp\/v2\/types\/post"}],"author":[{"embeddable":true,"href":"https:\/\/www.oliver-kilb.de\/www\/wp-json\/wp\/v2\/users\/1"}],"replies":[{"embeddable":true,"href":"https:\/\/www.oliver-kilb.de\/www\/wp-json\/wp\/v2\/comments?post=39814"}],"version-history":[{"count":3,"href":"https:\/\/www.oliver-kilb.de\/www\/wp-json\/wp\/v2\/posts\/39814\/revisions"}],"predecessor-version":[{"id":39818,"href":"https:\/\/www.oliver-kilb.de\/www\/wp-json\/wp\/v2\/posts\/39814\/revisions\/39818"}],"wp:featuredmedia":[{"embeddable":true,"href":"https:\/\/www.oliver-kilb.de\/www\/wp-json\/wp\/v2\/media\/39804"}],"wp:attachment":[{"href":"https:\/\/www.oliver-kilb.de\/www\/wp-json\/wp\/v2\/media?parent=39814"}],"wp:term":[{"taxonomy":"category","embeddable":true,"href":"https:\/\/www.oliver-kilb.de\/www\/wp-json\/wp\/v2\/categories?post=39814"},{"taxonomy":"post_tag","embeddable":true,"href":"https:\/\/www.oliver-kilb.de\/www\/wp-json\/wp\/v2\/tags?post=39814"}],"curies":[{"name":"wp","href":"https:\/\/api.w.org\/{rel}","templated":true}]}}