{"id":39407,"date":"1996-07-01T09:21:00","date_gmt":"1996-07-01T07:21:00","guid":{"rendered":"https:\/\/www.oliver-kilb.de\/www\/?p=39407"},"modified":"2024-12-18T09:35:46","modified_gmt":"2024-12-18T08:35:46","slug":"ids-prof-scheer-aris-for-sap","status":"publish","type":"post","link":"https:\/\/www.oliver-kilb.de\/www\/1996\/07\/01\/ids-prof-scheer-aris-for-sap\/","title":{"rendered":"IDS Prof. Scheer &#8211; ARIS for SAP."},"content":{"rendered":"\n<p><strong>Auch an diversen Produktionen f\u00fcr die IDS Prof. Scheer AG war ich beteiligt. Zum Beispiel an der ARIS for SAP Serie, hier ein Beispiel aus dem Jahr 1996.<\/strong><\/p>\n\n\n\n<h2 class=\"wp-block-heading\">Die n\u00e4chste Phase des Multimedia-Zeitalters beginnt.<\/h2>\n\n\n<div class=\"wp-block-image\">\n<figure class=\"alignright size-full is-resized\"><a href=\"https:\/\/www.oliver-kilb.de\/www\/wp-content\/uploads\/2024\/12\/ARIS_2-1.jpg\"><img loading=\"lazy\" decoding=\"async\" width=\"1200\" height=\"1057\" src=\"https:\/\/www.oliver-kilb.de\/www\/wp-content\/uploads\/2024\/12\/ARIS_2-1.jpg\" alt=\"\" class=\"wp-image-39409\" style=\"width:300px\" srcset=\"https:\/\/www.oliver-kilb.de\/www\/wp-content\/uploads\/2024\/12\/ARIS_2-1.jpg 1200w, https:\/\/www.oliver-kilb.de\/www\/wp-content\/uploads\/2024\/12\/ARIS_2-1-500x440.jpg 500w, https:\/\/www.oliver-kilb.de\/www\/wp-content\/uploads\/2024\/12\/ARIS_2-1-300x264.jpg 300w, https:\/\/www.oliver-kilb.de\/www\/wp-content\/uploads\/2024\/12\/ARIS_2-1-768x676.jpg 768w\" sizes=\"auto, (max-width: 1200px) 100vw, 1200px\" \/><\/a><figcaption class=\"wp-element-caption\">ARIS for SAP Verpackung Seite 2 (1)<\/figcaption><\/figure>\n<\/div>\n\n\n<p>Um das Jahr 1995 herum, als ich bei Media Nova anfing, begann die n\u00e4chste Phase des &#8222;Multimedia&#8220;-Zeitalters. Die erste Welle der bezahlbaren Rechner mit guten Grafik- und Soundm\u00f6glichkeiten wurde wenige Jahre davor, Ende der 1980er Jahre, haupts\u00e4chlich in Form von Commodores bezahlbaren <a href=\"https:\/\/de.wikipedia.org\/wiki\/Amiga\" target=\"_blank\" rel=\"noreferrer noopener\">Amiga<\/a>-Modellen in die Wohn- und Spielzimmer gesp\u00fclt.<\/p>\n\n\n\n<p>Die PCs waren lange Zeit entweder langweilige, einfarbige Arbeitsrechner oder &#8211; wenn sie multimedial mithalten sollten &#8211; v\u00f6llig \u00fcberteuert.<\/p>\n\n\n\n<p>Preise oberhalb von 5.000 DM waren keine Seltenheit. Aber mit dem Erscheinen von <a href=\"https:\/\/de.wikipedia.org\/wiki\/Microsoft_Windows_3.1\" target=\"_blank\" rel=\"noreferrer noopener\">Windows 3.1<\/a> Mitte 1992 \u00e4nderte sich das innerhalb weniger Jahre, denn Windows 3.1 brachte eine integrierte Multimedia-Unterst\u00fctzung mit, und die Preise f\u00fcr Rechner mit CD-ROM Laufwerken sanken schnell.<\/p>\n\n\n\n<h2 class=\"wp-block-heading\">ARIS for SAP.<\/h2>\n\n\n<div class=\"wp-block-image\">\n<figure class=\"alignleft size-full is-resized\"><a href=\"https:\/\/www.oliver-kilb.de\/www\/wp-content\/uploads\/2024\/12\/ARIS_1-1.jpg\"><img loading=\"lazy\" decoding=\"async\" width=\"1200\" height=\"1003\" src=\"https:\/\/www.oliver-kilb.de\/www\/wp-content\/uploads\/2024\/12\/ARIS_1-1.jpg\" alt=\"\" class=\"wp-image-39410\" style=\"width:300px\" srcset=\"https:\/\/www.oliver-kilb.de\/www\/wp-content\/uploads\/2024\/12\/ARIS_1-1.jpg 1200w, https:\/\/www.oliver-kilb.de\/www\/wp-content\/uploads\/2024\/12\/ARIS_1-1-500x418.jpg 500w, https:\/\/www.oliver-kilb.de\/www\/wp-content\/uploads\/2024\/12\/ARIS_1-1-300x251.jpg 300w, https:\/\/www.oliver-kilb.de\/www\/wp-content\/uploads\/2024\/12\/ARIS_1-1-768x642.jpg 768w\" sizes=\"auto, (max-width: 1200px) 100vw, 1200px\" \/><\/a><figcaption class=\"wp-element-caption\">ARIS for SAP Verpackung Seite 1 (1)<\/figcaption><\/figure>\n<\/div>\n\n\n<p>Und genau um diese Zeit zwischen ca. 1993 und 1998 erschienen jede Menge CD-ROM Produktionen, die einen \u00e4hnlichen Aufbau hatten: Mal mehr, mal weniger interaktiv gestaltete Produktpr\u00e4sentationen. Was heutzutage (2019) eine durchschnittliche, schnell selbst erstellte PowerPoint Pr\u00e4sentation kann, war damals das Ergebnis eines langen Design- und Programmierprozesses.<\/p>\n\n\n\n<p>&#8222;ARIS for SAP&#8220; macht da keine Ausnahme: Je nach Kapitel wurden mehr oder weniger viele bildschirmf\u00fcllende Grafiken und Texte dargestellt. Diese wurden entweder hart oder sanft eingeblendet, vielleicht auch mal von oben oder der Seite hineingeschoben. Ein paar Soundeffekte, das war&#8217;s auch schon. Aus heutiger Sicht wirkt das Design ziemlich verspielt, aus damaliger Sicht war es sehr hochwertig.<\/p>\n\n\n\n<h2 class=\"wp-block-heading\">Mehrsprachig ohne Neustart.<\/h2>\n\n\n<div class=\"wp-block-image\">\n<figure class=\"alignleft size-full\"><img loading=\"lazy\" decoding=\"async\" width=\"390\" height=\"293\" src=\"https:\/\/www.oliver-kilb.de\/www\/wp-content\/uploads\/2024\/12\/jap3.jpg\" alt=\"\" class=\"wp-image-39411\" srcset=\"https:\/\/www.oliver-kilb.de\/www\/wp-content\/uploads\/2024\/12\/jap3.jpg 390w, https:\/\/www.oliver-kilb.de\/www\/wp-content\/uploads\/2024\/12\/jap3-300x225.jpg 300w\" sizes=\"auto, (max-width: 390px) 100vw, 390px\" \/><figcaption class=\"wp-element-caption\">ARIS for SAP: Japanische Darstellung<\/figcaption><\/figure>\n<\/div>\n\n\n<p>Etwas, das damals ganz und gar nicht selbstverst\u00e4ndlich war, betrifft die Mehrsprachigkeit: Die meisten CD-ROMs wurden in einer Sprache produziert (im Zweifelsfall auch damals nat\u00fcrlich auf Englisch), vielleicht in zwei Sprachen (Deutsch\/ Englisch). Noch mehr Sprachen waren eher selten, und wenn man zwischen diesen umschalten wollte, musste man oft die Applikation neu starten. Das war nat\u00fcrlich nicht zwingend notwendig, aber oft wurde es so gel\u00f6st, weil es ein wenig einfacher und schneller war.<\/p>\n\n\n\n<p>Wir haben in unseren Produktionen allerdings immer Wert darauf gelegt, dass man direkt, zumindest aber \u00fcber das Hauptmen\u00fc die Sprache wechseln konnte. In dieser Produktion waren Deutsch, Englisch &#8211; und Japanisch enthalten. Die <a href=\"https:\/\/de.wikipedia.org\/wiki\/Kanji\" target=\"_blank\" rel=\"noreferrer noopener\">Kanji<\/a> (und auch die deutschen\/ englischen Texte) wurden allerdings nicht als Textfelder dargestellt, sondern als Grafik. So konnte man nicht nur ein sch\u00f6neres Layout erreichen, sondern ohne ein &#8222;echtes japanisches&#8220; Windows 3.1 w\u00e4re eine Darstellung der Kanji damals nicht m\u00f6glich gewesen.<\/p>\n\n\n\n<h2 class=\"wp-block-heading\">ARIS for SAP &#8211; Inhalte.<\/h2>\n\n\n<div class=\"wp-block-image\">\n<figure class=\"alignright size-full is-resized\"><a href=\"https:\/\/www.oliver-kilb.de\/www\/wp-content\/uploads\/2024\/12\/ARIS_2-3.jpg\"><img loading=\"lazy\" decoding=\"async\" width=\"1200\" height=\"1112\" src=\"https:\/\/www.oliver-kilb.de\/www\/wp-content\/uploads\/2024\/12\/ARIS_2-3.jpg\" alt=\"\" class=\"wp-image-39412\" style=\"width:300px\" srcset=\"https:\/\/www.oliver-kilb.de\/www\/wp-content\/uploads\/2024\/12\/ARIS_2-3.jpg 1200w, https:\/\/www.oliver-kilb.de\/www\/wp-content\/uploads\/2024\/12\/ARIS_2-3-500x463.jpg 500w, https:\/\/www.oliver-kilb.de\/www\/wp-content\/uploads\/2024\/12\/ARIS_2-3-300x278.jpg 300w, https:\/\/www.oliver-kilb.de\/www\/wp-content\/uploads\/2024\/12\/ARIS_2-3-768x712.jpg 768w\" sizes=\"auto, (max-width: 1200px) 100vw, 1200px\" \/><\/a><figcaption class=\"wp-element-caption\">ARIS for SAP: Inhalte<\/figcaption><\/figure>\n<\/div>\n\n\n<p>Das Hauptaugenmerk der Inhalte der CD-ROM lag auf der <a href=\"https:\/\/de.wikipedia.org\/wiki\/ARIS\" target=\"_blank\" rel=\"noreferrer noopener\">ARIS<\/a> Methodologie und den ARIS Tools im SAP-Umfeld. Sie sollte auch dazu dienen herauszufinden, wie ARIS die Implementierung von SAP R\/3 unterst\u00fctzen kann.<\/p>\n\n\n\n<p>Daneben erfuhr man, wie das <a href=\"https:\/\/de.wikipedia.org\/wiki\/ARIS_Toolset\" target=\"_blank\" rel=\"noreferrer noopener\">ARIS Toolset<\/a> in die (damalige) SAP Business Engineering Workbench integriert werden kann. Nat\u00fcrlich durften aber auch Testimonials von SAP und Kunden nicht fehlen, die ARIS lobend erw\u00e4hnten.<\/p>\n\n\n\n<p>F\u00fcr mich waren das damals b\u00f6hmische D\u00f6rfer, eine ganz andere Welt. Was mich aber vielleicht gerade deswegen motivierte, ein gutes Produkt zu gestalten. Und mit der Zeit blieb doch das Ein oder Andere h\u00e4ngen. Ein interessanter Nebeneffekt, wenn man in der Weiterbildungsbranche unterwegs ist: Man lernt wirklich nie aus.<\/p>\n\n\n\n<h2 class=\"wp-block-heading\">Ein paar Worte zur Technik im Jahr 1996.<\/h2>\n\n\n<div class=\"wp-block-image\">\n<figure class=\"alignleft size-full is-resized\"><a href=\"https:\/\/www.oliver-kilb.de\/www\/wp-content\/uploads\/2024\/12\/ARIS_sysreq.jpg\"><img loading=\"lazy\" decoding=\"async\" width=\"706\" height=\"436\" src=\"https:\/\/www.oliver-kilb.de\/www\/wp-content\/uploads\/2024\/12\/ARIS_sysreq.jpg\" alt=\"\" class=\"wp-image-39413\" style=\"width:300px\" srcset=\"https:\/\/www.oliver-kilb.de\/www\/wp-content\/uploads\/2024\/12\/ARIS_sysreq.jpg 706w, https:\/\/www.oliver-kilb.de\/www\/wp-content\/uploads\/2024\/12\/ARIS_sysreq-500x309.jpg 500w, https:\/\/www.oliver-kilb.de\/www\/wp-content\/uploads\/2024\/12\/ARIS_sysreq-300x185.jpg 300w\" sizes=\"auto, (max-width: 706px) 100vw, 706px\" \/><\/a><figcaption class=\"wp-element-caption\">Systemanforderungen 1996<\/figcaption><\/figure>\n<\/div>\n\n\n<p>Diese CD-ROM erschien im Juli 1996. Damals war zwar schon Windows 95 <a href=\"https:\/\/de.wikipedia.org\/wiki\/Microsoft_Windows_95\" target=\"_blank\" rel=\"noreferrer noopener\">ein knappes Jahr auf dem Markt<\/a>, aber alle Produktionen mussten so gebaut sein, dass sie auch auf \u00e4lteren Rechnern lauff\u00e4hig waren. <\/p>\n\n\n\n<p>Mal eine Frage in die Runde: Welche Aufl\u00f6sung hat der Bildschirm eures Smartphones? Im Jahr 2019 bestimmt mindestens Full HD (1920&#215;1080 Pixel) oder zumindest nahe dran. <\/p>\n\n\n\n<p>Im Jahr 1996 war es anders: Wir produzierten die CD-ROM f\u00fcr Rechner mit einer Aufl\u00f6sung von 800&#215;600 Pixel &#8211; also gerade mal einem Viertel dieser Aufl\u00f6sung. Eine Soundkarte wurde &#8222;unterst\u00fctzt&#8220;, aber nicht vorausgesetzt.<\/p>\n\n\n<div class=\"wp-block-image\">\n<figure class=\"alignright size-full is-resized\"><a href=\"https:\/\/www.oliver-kilb.de\/www\/wp-content\/uploads\/2024\/12\/ARIS_1-2.jpg\"><img loading=\"lazy\" decoding=\"async\" width=\"1200\" height=\"1046\" src=\"https:\/\/www.oliver-kilb.de\/www\/wp-content\/uploads\/2024\/12\/ARIS_1-2.jpg\" alt=\"\" class=\"wp-image-39414\" style=\"width:300px\" srcset=\"https:\/\/www.oliver-kilb.de\/www\/wp-content\/uploads\/2024\/12\/ARIS_1-2.jpg 1200w, https:\/\/www.oliver-kilb.de\/www\/wp-content\/uploads\/2024\/12\/ARIS_1-2-500x436.jpg 500w, https:\/\/www.oliver-kilb.de\/www\/wp-content\/uploads\/2024\/12\/ARIS_1-2-300x262.jpg 300w, https:\/\/www.oliver-kilb.de\/www\/wp-content\/uploads\/2024\/12\/ARIS_1-2-768x669.jpg 768w\" sizes=\"auto, (max-width: 1200px) 100vw, 1200px\" \/><\/a><figcaption class=\"wp-element-caption\">Kontaktseite<\/figcaption><\/figure>\n<\/div>\n\n\n<p>Der Rechner ben\u00f6tigte mindestens 8 MB RAM &#8211; im Jahr 2019 haben selbst Ultrabooks der 600 Euro Preisklasse 8 GB RAM, also das Tausendfache. Und eine CPU mit 40 MHz Taktung war damals im normalen Bereich &#8211; das gleiche Ultrabook hat eine CPU mit 4 Kernen, die jeweils mit 1.600 MHz getaktet sind. Der Hinweis, dass der Rechner in der vorgegebenen Aufl\u00f6sung (mindestens) 256 Farben darstellen k\u00f6nnen muss, klingt heute auch merkw\u00fcrdig, aber 1996 war es sehr gut m\u00f6glich, dass der im Jahr zuvor angeschaffte Rechner nur 16 Farben darstellen konnte &#8211; was dann entsprechend bl\u00f6d aussah. Zwar wurde die Grafik in der Regel angezeigt, aber die fehlenden 256 Farben wurden mehr oder weniger sinnvoll durch die 16 vorhandenen Farben aufgef\u00fcllt.<\/p>\n\n\n<div class=\"wp-block-image\">\n<figure class=\"alignleft size-full is-resized\"><a href=\"https:\/\/www.oliver-kilb.de\/www\/wp-content\/uploads\/2024\/12\/ARIS_mail.jpg\"><img loading=\"lazy\" decoding=\"async\" width=\"362\" height=\"122\" src=\"https:\/\/www.oliver-kilb.de\/www\/wp-content\/uploads\/2024\/12\/ARIS_mail.jpg\" alt=\"\" class=\"wp-image-39415\" style=\"width:300px\" srcset=\"https:\/\/www.oliver-kilb.de\/www\/wp-content\/uploads\/2024\/12\/ARIS_mail.jpg 362w, https:\/\/www.oliver-kilb.de\/www\/wp-content\/uploads\/2024\/12\/ARIS_mail-300x101.jpg 300w\" sizes=\"auto, (max-width: 362px) 100vw, 362px\" \/><\/a><figcaption class=\"wp-element-caption\">WWW-Adressen 1996<\/figcaption><\/figure>\n<\/div>\n\n\n<p>Was 1996 noch nicht \u00fcberall selbstverst\u00e4ndlich war: Die Angabe einer Mailadresse zur Kontaktaufnahme und auch eine Internet-Adresse, wie ich auch in meiner Power Play R\u00fcckschau der <a href=\"https:\/\/www.oliver-kilb.de\/www\/2018\/09\/11\/power-play-ausgabe-8-1996-statistik\/\" target=\"_blank\" rel=\"noreferrer noopener\">Ausgabe August 1996<\/a> vermerkte. Man war sich damals aber noch nicht ganz sicher, wie man diese formvollendet als Teil der Kontaktadresse einbaut, wie man sehen kann. Die URL ist \u00fcbrigens auch heute noch g\u00fcltig, und somit geh\u00f6rt sie sicherlich zu den \u00e4ltesten .de-Domains: Laut offizieller DENIC Statistik existierten zum 31. Juli 1996 gerade einmal 21.741 .de-Domains.<\/p>\n\n\n\n<h2 class=\"wp-block-heading\">Eine besondere Verpackung.<\/h2>\n\n\n<div class=\"wp-block-image\">\n<figure class=\"alignleft size-full is-resized\"><a href=\"https:\/\/www.oliver-kilb.de\/www\/wp-content\/uploads\/2024\/12\/ARIS_for_SAP_Verpackung_1.jpg\"><img loading=\"lazy\" decoding=\"async\" width=\"1200\" height=\"348\" src=\"https:\/\/www.oliver-kilb.de\/www\/wp-content\/uploads\/2024\/12\/ARIS_for_SAP_Verpackung_1.jpg\" alt=\"\" class=\"wp-image-39416\" style=\"width:300px\" srcset=\"https:\/\/www.oliver-kilb.de\/www\/wp-content\/uploads\/2024\/12\/ARIS_for_SAP_Verpackung_1.jpg 1200w, https:\/\/www.oliver-kilb.de\/www\/wp-content\/uploads\/2024\/12\/ARIS_for_SAP_Verpackung_1-500x145.jpg 500w, https:\/\/www.oliver-kilb.de\/www\/wp-content\/uploads\/2024\/12\/ARIS_for_SAP_Verpackung_1-300x87.jpg 300w, https:\/\/www.oliver-kilb.de\/www\/wp-content\/uploads\/2024\/12\/ARIS_for_SAP_Verpackung_1-768x223.jpg 768w\" sizes=\"auto, (max-width: 1200px) 100vw, 1200px\" \/><\/a><figcaption class=\"wp-element-caption\">Verpackung Seite 1 (komplett)<\/figcaption><\/figure>\n<\/div>\n\n\n<p>Ebenfalls ein eher kurzlebiges Ph\u00e4nomen waren die damals oft eingesetzten aufwendigen CD-Verpackungen. Anstelle der <a href=\"https:\/\/de.wikipedia.org\/wiki\/CD-_und_DVD-Verpackungen#Jewelcase\" target=\"_blank\" rel=\"noreferrer noopener\">von der Audio-CD gewohnten Jewelcases<\/a> waren sie oft mehrfach gefaltet aus Pappe, mehrfarbig bedruckt, mit individuellen CD-F\u00e4chern. Die Vervielf\u00e4ltigung von CD-ROMs in Presswerken war damals noch sehr teuer, und Multimedia-CD-ROMs durchaus etwas Besonderes. Somit sah man die Kosten f\u00fcr eine ad\u00e4quate Verpackung als gerechtfertigt.<\/p>\n\n\n<div class=\"wp-block-image\">\n<figure class=\"alignright size-full is-resized\"><a href=\"https:\/\/www.oliver-kilb.de\/www\/wp-content\/uploads\/2024\/12\/ARIS_for_SAP_Verpackung_2.jpg\"><img loading=\"lazy\" decoding=\"async\" width=\"1200\" height=\"347\" src=\"https:\/\/www.oliver-kilb.de\/www\/wp-content\/uploads\/2024\/12\/ARIS_for_SAP_Verpackung_2.jpg\" alt=\"\" class=\"wp-image-39417\" style=\"width:300px\" srcset=\"https:\/\/www.oliver-kilb.de\/www\/wp-content\/uploads\/2024\/12\/ARIS_for_SAP_Verpackung_2.jpg 1200w, https:\/\/www.oliver-kilb.de\/www\/wp-content\/uploads\/2024\/12\/ARIS_for_SAP_Verpackung_2-500x145.jpg 500w, https:\/\/www.oliver-kilb.de\/www\/wp-content\/uploads\/2024\/12\/ARIS_for_SAP_Verpackung_2-300x87.jpg 300w, https:\/\/www.oliver-kilb.de\/www\/wp-content\/uploads\/2024\/12\/ARIS_for_SAP_Verpackung_2-768x222.jpg 768w\" sizes=\"auto, (max-width: 1200px) 100vw, 1200px\" \/><\/a><figcaption class=\"wp-element-caption\">Verpackung Seite 2 (komplett)<\/figcaption><\/figure>\n<\/div>\n\n\n<p>Diese Produktion jedoch konnte noch aus dem Vollen sch\u00f6pfen: Zweimal gefaltet, mit einer CD-Heftklammer aus Pappe. Auch die CD-ROM selbst war mit einem farbigen Label bedruckt. Ein paar Jahre sp\u00e4ter war das auch schon wieder vorbei: Eine CD war &#8211; je nach Auflage &#8211; f\u00fcr unter 1 DM vervielf\u00e4ltigt, und die Verpackungen mussten aus Kostengr\u00fcnden ebenfalls Federn lassen.<\/p>\n\n\n\n<h2 class=\"wp-block-heading\">Entwickelt mit Asymetrix ToolBook.<\/h2>\n\n\n<div class=\"wp-block-image\">\n<figure class=\"alignleft size-full is-resized\"><img loading=\"lazy\" decoding=\"async\" width=\"390\" height=\"293\" src=\"https:\/\/www.oliver-kilb.de\/www\/wp-content\/uploads\/2024\/12\/jap2.jpg\" alt=\"\" class=\"wp-image-39418\" style=\"width:300px\" srcset=\"https:\/\/www.oliver-kilb.de\/www\/wp-content\/uploads\/2024\/12\/jap2.jpg 390w, https:\/\/www.oliver-kilb.de\/www\/wp-content\/uploads\/2024\/12\/jap2-300x225.jpg 300w\" sizes=\"auto, (max-width: 390px) 100vw, 390px\" \/><figcaption class=\"wp-element-caption\">Japanische Darstellung<\/figcaption><\/figure>\n<\/div>\n\n\n<p>Erstellt wurde sie mit <a href=\"https:\/\/de.wikipedia.org\/wiki\/ToolBook\" target=\"_blank\" rel=\"noreferrer noopener\">Asymetrix ToolBook 4<\/a>. <\/p>\n\n\n<div class=\"wp-block-image\">\n<figure class=\"alignright size-full is-resized\"><img loading=\"lazy\" decoding=\"async\" width=\"390\" height=\"293\" src=\"https:\/\/www.oliver-kilb.de\/www\/wp-content\/uploads\/2024\/12\/titel.jpg\" alt=\"\" class=\"wp-image-39419\" style=\"width:299px;height:auto\" srcset=\"https:\/\/www.oliver-kilb.de\/www\/wp-content\/uploads\/2024\/12\/titel.jpg 390w, https:\/\/www.oliver-kilb.de\/www\/wp-content\/uploads\/2024\/12\/titel-300x225.jpg 300w\" sizes=\"auto, (max-width: 390px) 100vw, 390px\" \/><figcaption class=\"wp-element-caption\">Titelseite mit Sprachwahl (Produktion &#8222;ARIS for Change&#8220;)<\/figcaption><\/figure>\n<\/div>\n\n\n<p>Im Jahr 2012 erschien mit 11.5 die letzte Version, die man zwar anscheinend noch immer beziehen kann, aber es ist wohl nur eine Frage der Zeit, bis auch diese Webseite nicht mehr verf\u00fcgbar ist und ToolBook somit das gleiche Schicksal erleidet wie der zweite Multimedia-Dinosaurier der 1990er Jahre: <a href=\"https:\/\/de.wikipedia.org\/wiki\/Adobe_Director\" target=\"_blank\" rel=\"noreferrer noopener\">Adobe (Macromedia) Director<\/a> wurde Anfang 2017 offiziell eingestellt und ist nicht mehr verf\u00fcgbar. <\/p>\n\n\n\n<p>Sp\u00e4testens seit 2015 sind die Browser so fortgeschritten, dass sie zusammen mit Scriptsprachen wie Javascript ein vergleichbares bzw. sogar besseres Erlebnis bieten k\u00f6nnen, als wir 20 Jahre zuvor mit Expertentools. Ich finde das toll, denn damit erh\u00e4lt jeder die M\u00f6glichkeit, komplett kostenlos Programmiererfahrung zu sammeln.<\/p>\n\n\n\n<p><\/p>\n","protected":false},"excerpt":{"rendered":"<p>Auch an diversen Produktionen f\u00fcr die IDS Prof. Scheer AG war ich beteiligt. Zum Beispiel an der ARIS for SAP Serie, hier ein Beispiel aus dem Jahr 1996.<\/p>\n","protected":false},"author":1,"featured_media":39410,"comment_status":"open","ping_status":"open","sticky":false,"template":"","format":"standard","meta":{"iawp_total_views":4,"footnotes":""},"categories":[565],"tags":[435,436],"class_list":["post-39407","post","type-post","status-publish","format-standard","has-post-thumbnail","hentry","category-it-themen","tag-cd-rom","tag-toolbook"],"yoast_head":"<!-- This site is optimized with the Yoast SEO plugin v27.3 - https:\/\/yoast.com\/product\/yoast-seo-wordpress\/ -->\n<title>IDS Prof. Scheer - ARIS for SAP. - Japan, Wandern und Multimedia<\/title>\n<meta name=\"description\" content=\"Auch an diversen Produktionen f\u00fcr die IDS Prof. Scheer AG war ich beteiligt. Zum Beispiel an der ARIS for SAP Serie.\" \/>\n<meta name=\"robots\" content=\"index, follow, max-snippet:-1, max-image-preview:large, max-video-preview:-1\" \/>\n<link rel=\"canonical\" href=\"https:\/\/www.oliver-kilb.de\/www\/1996\/07\/01\/ids-prof-scheer-aris-for-sap\/\" \/>\n<meta property=\"og:locale\" content=\"de_DE\" \/>\n<meta property=\"og:type\" content=\"article\" \/>\n<meta property=\"og:title\" content=\"IDS Prof. Scheer - ARIS for SAP. - Japan, Wandern und Multimedia\" \/>\n<meta property=\"og:description\" content=\"Auch an diversen Produktionen f\u00fcr die IDS Prof. Scheer AG war ich beteiligt. Zum Beispiel an der ARIS for SAP Serie.\" \/>\n<meta property=\"og:url\" content=\"https:\/\/www.oliver-kilb.de\/www\/1996\/07\/01\/ids-prof-scheer-aris-for-sap\/\" \/>\n<meta property=\"og:site_name\" content=\"Japan, Wandern und Multimedia\" \/>\n<meta property=\"article:published_time\" content=\"1996-07-01T07:21:00+00:00\" \/>\n<meta property=\"article:modified_time\" content=\"2024-12-18T08:35:46+00:00\" \/>\n<meta property=\"og:image\" content=\"https:\/\/www.oliver-kilb.de\/www\/wp-content\/uploads\/2024\/12\/ARIS_1-1.jpg\" \/>\n\t<meta property=\"og:image:width\" content=\"1200\" \/>\n\t<meta property=\"og:image:height\" content=\"1003\" \/>\n\t<meta property=\"og:image:type\" content=\"image\/jpeg\" \/>\n<meta name=\"author\" content=\"Oliver Kilb\" \/>\n<meta name=\"twitter:card\" content=\"summary_large_image\" \/>\n<meta name=\"twitter:label1\" content=\"Verfasst von\" \/>\n\t<meta name=\"twitter:data1\" content=\"Oliver Kilb\" \/>\n\t<meta name=\"twitter:label2\" content=\"Gesch\u00e4tzte Lesezeit\" \/>\n\t<meta name=\"twitter:data2\" content=\"9\u00a0Minuten\" \/>\n<script type=\"application\/ld+json\" class=\"yoast-schema-graph\">{\"@context\":\"https:\\\/\\\/schema.org\",\"@graph\":[{\"@type\":\"Article\",\"@id\":\"https:\\\/\\\/www.oliver-kilb.de\\\/www\\\/1996\\\/07\\\/01\\\/ids-prof-scheer-aris-for-sap\\\/#article\",\"isPartOf\":{\"@id\":\"https:\\\/\\\/www.oliver-kilb.de\\\/www\\\/1996\\\/07\\\/01\\\/ids-prof-scheer-aris-for-sap\\\/\"},\"author\":{\"name\":\"Oliver Kilb\",\"@id\":\"https:\\\/\\\/www.oliver-kilb.de\\\/www\\\/#\\\/schema\\\/person\\\/c2b19a881050135aa248a8851b7b4250\"},\"headline\":\"IDS Prof. Scheer &#8211; ARIS for SAP.\",\"datePublished\":\"1996-07-01T07:21:00+00:00\",\"dateModified\":\"2024-12-18T08:35:46+00:00\",\"mainEntityOfPage\":{\"@id\":\"https:\\\/\\\/www.oliver-kilb.de\\\/www\\\/1996\\\/07\\\/01\\\/ids-prof-scheer-aris-for-sap\\\/\"},\"wordCount\":1124,\"commentCount\":0,\"publisher\":{\"@id\":\"https:\\\/\\\/www.oliver-kilb.de\\\/www\\\/#organization\"},\"image\":{\"@id\":\"https:\\\/\\\/www.oliver-kilb.de\\\/www\\\/1996\\\/07\\\/01\\\/ids-prof-scheer-aris-for-sap\\\/#primaryimage\"},\"thumbnailUrl\":\"https:\\\/\\\/www.oliver-kilb.de\\\/www\\\/wp-content\\\/uploads\\\/2024\\\/12\\\/ARIS_1-1.jpg\",\"keywords\":[\"CD-ROM\",\"Toolbook\"],\"articleSection\":[\"IT-Themen\"],\"inLanguage\":\"de\",\"potentialAction\":[{\"@type\":\"CommentAction\",\"name\":\"Comment\",\"target\":[\"https:\\\/\\\/www.oliver-kilb.de\\\/www\\\/1996\\\/07\\\/01\\\/ids-prof-scheer-aris-for-sap\\\/#respond\"]}]},{\"@type\":\"WebPage\",\"@id\":\"https:\\\/\\\/www.oliver-kilb.de\\\/www\\\/1996\\\/07\\\/01\\\/ids-prof-scheer-aris-for-sap\\\/\",\"url\":\"https:\\\/\\\/www.oliver-kilb.de\\\/www\\\/1996\\\/07\\\/01\\\/ids-prof-scheer-aris-for-sap\\\/\",\"name\":\"IDS Prof. Scheer - ARIS for SAP. - Japan, Wandern und Multimedia\",\"isPartOf\":{\"@id\":\"https:\\\/\\\/www.oliver-kilb.de\\\/www\\\/#website\"},\"primaryImageOfPage\":{\"@id\":\"https:\\\/\\\/www.oliver-kilb.de\\\/www\\\/1996\\\/07\\\/01\\\/ids-prof-scheer-aris-for-sap\\\/#primaryimage\"},\"image\":{\"@id\":\"https:\\\/\\\/www.oliver-kilb.de\\\/www\\\/1996\\\/07\\\/01\\\/ids-prof-scheer-aris-for-sap\\\/#primaryimage\"},\"thumbnailUrl\":\"https:\\\/\\\/www.oliver-kilb.de\\\/www\\\/wp-content\\\/uploads\\\/2024\\\/12\\\/ARIS_1-1.jpg\",\"datePublished\":\"1996-07-01T07:21:00+00:00\",\"dateModified\":\"2024-12-18T08:35:46+00:00\",\"description\":\"Auch an diversen Produktionen f\u00fcr die IDS Prof. Scheer AG war ich beteiligt. Zum Beispiel an der ARIS for SAP Serie.\",\"breadcrumb\":{\"@id\":\"https:\\\/\\\/www.oliver-kilb.de\\\/www\\\/1996\\\/07\\\/01\\\/ids-prof-scheer-aris-for-sap\\\/#breadcrumb\"},\"inLanguage\":\"de\",\"potentialAction\":[{\"@type\":\"ReadAction\",\"target\":[\"https:\\\/\\\/www.oliver-kilb.de\\\/www\\\/1996\\\/07\\\/01\\\/ids-prof-scheer-aris-for-sap\\\/\"]}]},{\"@type\":\"ImageObject\",\"inLanguage\":\"de\",\"@id\":\"https:\\\/\\\/www.oliver-kilb.de\\\/www\\\/1996\\\/07\\\/01\\\/ids-prof-scheer-aris-for-sap\\\/#primaryimage\",\"url\":\"https:\\\/\\\/www.oliver-kilb.de\\\/www\\\/wp-content\\\/uploads\\\/2024\\\/12\\\/ARIS_1-1.jpg\",\"contentUrl\":\"https:\\\/\\\/www.oliver-kilb.de\\\/www\\\/wp-content\\\/uploads\\\/2024\\\/12\\\/ARIS_1-1.jpg\",\"width\":1200,\"height\":1003},{\"@type\":\"BreadcrumbList\",\"@id\":\"https:\\\/\\\/www.oliver-kilb.de\\\/www\\\/1996\\\/07\\\/01\\\/ids-prof-scheer-aris-for-sap\\\/#breadcrumb\",\"itemListElement\":[{\"@type\":\"ListItem\",\"position\":1,\"name\":\"Startseite\",\"item\":\"https:\\\/\\\/www.oliver-kilb.de\\\/www\\\/\"},{\"@type\":\"ListItem\",\"position\":2,\"name\":\"IDS Prof. Scheer &#8211; ARIS for SAP.\"}]},{\"@type\":\"WebSite\",\"@id\":\"https:\\\/\\\/www.oliver-kilb.de\\\/www\\\/#website\",\"url\":\"https:\\\/\\\/www.oliver-kilb.de\\\/www\\\/\",\"name\":\"Japan, Wandern und Multimedia\",\"description\":\"\",\"publisher\":{\"@id\":\"https:\\\/\\\/www.oliver-kilb.de\\\/www\\\/#organization\"},\"potentialAction\":[{\"@type\":\"SearchAction\",\"target\":{\"@type\":\"EntryPoint\",\"urlTemplate\":\"https:\\\/\\\/www.oliver-kilb.de\\\/www\\\/?s={search_term_string}\"},\"query-input\":{\"@type\":\"PropertyValueSpecification\",\"valueRequired\":true,\"valueName\":\"search_term_string\"}}],\"inLanguage\":\"de\"},{\"@type\":\"Organization\",\"@id\":\"https:\\\/\\\/www.oliver-kilb.de\\\/www\\\/#organization\",\"name\":\"Japan, Wandern und Multimedia\",\"url\":\"https:\\\/\\\/www.oliver-kilb.de\\\/www\\\/\",\"logo\":{\"@type\":\"ImageObject\",\"inLanguage\":\"de\",\"@id\":\"https:\\\/\\\/www.oliver-kilb.de\\\/www\\\/#\\\/schema\\\/logo\\\/image\\\/\",\"url\":\"https:\\\/\\\/www.oliver-kilb.de\\\/www\\\/wp-content\\\/uploads\\\/2024\\\/07\\\/Fushimi-Inari-Schrein_075_DxO.jpg\",\"contentUrl\":\"https:\\\/\\\/www.oliver-kilb.de\\\/www\\\/wp-content\\\/uploads\\\/2024\\\/07\\\/Fushimi-Inari-Schrein_075_DxO.jpg\",\"width\":1380,\"height\":301,\"caption\":\"Japan, Wandern und Multimedia\"},\"image\":{\"@id\":\"https:\\\/\\\/www.oliver-kilb.de\\\/www\\\/#\\\/schema\\\/logo\\\/image\\\/\"}},{\"@type\":\"Person\",\"@id\":\"https:\\\/\\\/www.oliver-kilb.de\\\/www\\\/#\\\/schema\\\/person\\\/c2b19a881050135aa248a8851b7b4250\",\"name\":\"Oliver Kilb\",\"image\":{\"@type\":\"ImageObject\",\"inLanguage\":\"de\",\"@id\":\"https:\\\/\\\/secure.gravatar.com\\\/avatar\\\/4da50eb2c6eb71b0641229eed4a38d05c8d4b458a59355cca0d02b57303d6ffd?s=96&d=mm&r=g\",\"url\":\"https:\\\/\\\/secure.gravatar.com\\\/avatar\\\/4da50eb2c6eb71b0641229eed4a38d05c8d4b458a59355cca0d02b57303d6ffd?s=96&d=mm&r=g\",\"contentUrl\":\"https:\\\/\\\/secure.gravatar.com\\\/avatar\\\/4da50eb2c6eb71b0641229eed4a38d05c8d4b458a59355cca0d02b57303d6ffd?s=96&d=mm&r=g\",\"caption\":\"Oliver Kilb\"},\"sameAs\":[\"https:\\\/\\\/www.oliver-kilb.de\\\/www\"],\"url\":\"https:\\\/\\\/www.oliver-kilb.de\\\/www\\\/author\\\/oliver-kilb\\\/\"}]}<\/script>\n<!-- \/ Yoast SEO plugin. -->","yoast_head_json":{"title":"IDS Prof. Scheer - ARIS for SAP. - Japan, Wandern und Multimedia","description":"Auch an diversen Produktionen f\u00fcr die IDS Prof. Scheer AG war ich beteiligt. Zum Beispiel an der ARIS for SAP Serie.","robots":{"index":"index","follow":"follow","max-snippet":"max-snippet:-1","max-image-preview":"max-image-preview:large","max-video-preview":"max-video-preview:-1"},"canonical":"https:\/\/www.oliver-kilb.de\/www\/1996\/07\/01\/ids-prof-scheer-aris-for-sap\/","og_locale":"de_DE","og_type":"article","og_title":"IDS Prof. Scheer - ARIS for SAP. - Japan, Wandern und Multimedia","og_description":"Auch an diversen Produktionen f\u00fcr die IDS Prof. Scheer AG war ich beteiligt. Zum Beispiel an der ARIS for SAP Serie.","og_url":"https:\/\/www.oliver-kilb.de\/www\/1996\/07\/01\/ids-prof-scheer-aris-for-sap\/","og_site_name":"Japan, Wandern und Multimedia","article_published_time":"1996-07-01T07:21:00+00:00","article_modified_time":"2024-12-18T08:35:46+00:00","og_image":[{"width":1200,"height":1003,"url":"https:\/\/www.oliver-kilb.de\/www\/wp-content\/uploads\/2024\/12\/ARIS_1-1.jpg","type":"image\/jpeg"}],"author":"Oliver Kilb","twitter_card":"summary_large_image","twitter_misc":{"Verfasst von":"Oliver Kilb","Gesch\u00e4tzte Lesezeit":"9\u00a0Minuten"},"schema":{"@context":"https:\/\/schema.org","@graph":[{"@type":"Article","@id":"https:\/\/www.oliver-kilb.de\/www\/1996\/07\/01\/ids-prof-scheer-aris-for-sap\/#article","isPartOf":{"@id":"https:\/\/www.oliver-kilb.de\/www\/1996\/07\/01\/ids-prof-scheer-aris-for-sap\/"},"author":{"name":"Oliver Kilb","@id":"https:\/\/www.oliver-kilb.de\/www\/#\/schema\/person\/c2b19a881050135aa248a8851b7b4250"},"headline":"IDS Prof. Scheer &#8211; ARIS for SAP.","datePublished":"1996-07-01T07:21:00+00:00","dateModified":"2024-12-18T08:35:46+00:00","mainEntityOfPage":{"@id":"https:\/\/www.oliver-kilb.de\/www\/1996\/07\/01\/ids-prof-scheer-aris-for-sap\/"},"wordCount":1124,"commentCount":0,"publisher":{"@id":"https:\/\/www.oliver-kilb.de\/www\/#organization"},"image":{"@id":"https:\/\/www.oliver-kilb.de\/www\/1996\/07\/01\/ids-prof-scheer-aris-for-sap\/#primaryimage"},"thumbnailUrl":"https:\/\/www.oliver-kilb.de\/www\/wp-content\/uploads\/2024\/12\/ARIS_1-1.jpg","keywords":["CD-ROM","Toolbook"],"articleSection":["IT-Themen"],"inLanguage":"de","potentialAction":[{"@type":"CommentAction","name":"Comment","target":["https:\/\/www.oliver-kilb.de\/www\/1996\/07\/01\/ids-prof-scheer-aris-for-sap\/#respond"]}]},{"@type":"WebPage","@id":"https:\/\/www.oliver-kilb.de\/www\/1996\/07\/01\/ids-prof-scheer-aris-for-sap\/","url":"https:\/\/www.oliver-kilb.de\/www\/1996\/07\/01\/ids-prof-scheer-aris-for-sap\/","name":"IDS Prof. Scheer - ARIS for SAP. - Japan, Wandern und Multimedia","isPartOf":{"@id":"https:\/\/www.oliver-kilb.de\/www\/#website"},"primaryImageOfPage":{"@id":"https:\/\/www.oliver-kilb.de\/www\/1996\/07\/01\/ids-prof-scheer-aris-for-sap\/#primaryimage"},"image":{"@id":"https:\/\/www.oliver-kilb.de\/www\/1996\/07\/01\/ids-prof-scheer-aris-for-sap\/#primaryimage"},"thumbnailUrl":"https:\/\/www.oliver-kilb.de\/www\/wp-content\/uploads\/2024\/12\/ARIS_1-1.jpg","datePublished":"1996-07-01T07:21:00+00:00","dateModified":"2024-12-18T08:35:46+00:00","description":"Auch an diversen Produktionen f\u00fcr die IDS Prof. Scheer AG war ich beteiligt. Zum Beispiel an der ARIS for SAP Serie.","breadcrumb":{"@id":"https:\/\/www.oliver-kilb.de\/www\/1996\/07\/01\/ids-prof-scheer-aris-for-sap\/#breadcrumb"},"inLanguage":"de","potentialAction":[{"@type":"ReadAction","target":["https:\/\/www.oliver-kilb.de\/www\/1996\/07\/01\/ids-prof-scheer-aris-for-sap\/"]}]},{"@type":"ImageObject","inLanguage":"de","@id":"https:\/\/www.oliver-kilb.de\/www\/1996\/07\/01\/ids-prof-scheer-aris-for-sap\/#primaryimage","url":"https:\/\/www.oliver-kilb.de\/www\/wp-content\/uploads\/2024\/12\/ARIS_1-1.jpg","contentUrl":"https:\/\/www.oliver-kilb.de\/www\/wp-content\/uploads\/2024\/12\/ARIS_1-1.jpg","width":1200,"height":1003},{"@type":"BreadcrumbList","@id":"https:\/\/www.oliver-kilb.de\/www\/1996\/07\/01\/ids-prof-scheer-aris-for-sap\/#breadcrumb","itemListElement":[{"@type":"ListItem","position":1,"name":"Startseite","item":"https:\/\/www.oliver-kilb.de\/www\/"},{"@type":"ListItem","position":2,"name":"IDS Prof. Scheer &#8211; ARIS for SAP."}]},{"@type":"WebSite","@id":"https:\/\/www.oliver-kilb.de\/www\/#website","url":"https:\/\/www.oliver-kilb.de\/www\/","name":"Japan, Wandern und Multimedia","description":"","publisher":{"@id":"https:\/\/www.oliver-kilb.de\/www\/#organization"},"potentialAction":[{"@type":"SearchAction","target":{"@type":"EntryPoint","urlTemplate":"https:\/\/www.oliver-kilb.de\/www\/?s={search_term_string}"},"query-input":{"@type":"PropertyValueSpecification","valueRequired":true,"valueName":"search_term_string"}}],"inLanguage":"de"},{"@type":"Organization","@id":"https:\/\/www.oliver-kilb.de\/www\/#organization","name":"Japan, Wandern und Multimedia","url":"https:\/\/www.oliver-kilb.de\/www\/","logo":{"@type":"ImageObject","inLanguage":"de","@id":"https:\/\/www.oliver-kilb.de\/www\/#\/schema\/logo\/image\/","url":"https:\/\/www.oliver-kilb.de\/www\/wp-content\/uploads\/2024\/07\/Fushimi-Inari-Schrein_075_DxO.jpg","contentUrl":"https:\/\/www.oliver-kilb.de\/www\/wp-content\/uploads\/2024\/07\/Fushimi-Inari-Schrein_075_DxO.jpg","width":1380,"height":301,"caption":"Japan, Wandern und Multimedia"},"image":{"@id":"https:\/\/www.oliver-kilb.de\/www\/#\/schema\/logo\/image\/"}},{"@type":"Person","@id":"https:\/\/www.oliver-kilb.de\/www\/#\/schema\/person\/c2b19a881050135aa248a8851b7b4250","name":"Oliver Kilb","image":{"@type":"ImageObject","inLanguage":"de","@id":"https:\/\/secure.gravatar.com\/avatar\/4da50eb2c6eb71b0641229eed4a38d05c8d4b458a59355cca0d02b57303d6ffd?s=96&d=mm&r=g","url":"https:\/\/secure.gravatar.com\/avatar\/4da50eb2c6eb71b0641229eed4a38d05c8d4b458a59355cca0d02b57303d6ffd?s=96&d=mm&r=g","contentUrl":"https:\/\/secure.gravatar.com\/avatar\/4da50eb2c6eb71b0641229eed4a38d05c8d4b458a59355cca0d02b57303d6ffd?s=96&d=mm&r=g","caption":"Oliver Kilb"},"sameAs":["https:\/\/www.oliver-kilb.de\/www"],"url":"https:\/\/www.oliver-kilb.de\/www\/author\/oliver-kilb\/"}]}},"amp_enabled":true,"_links":{"self":[{"href":"https:\/\/www.oliver-kilb.de\/www\/wp-json\/wp\/v2\/posts\/39407","targetHints":{"allow":["GET"]}}],"collection":[{"href":"https:\/\/www.oliver-kilb.de\/www\/wp-json\/wp\/v2\/posts"}],"about":[{"href":"https:\/\/www.oliver-kilb.de\/www\/wp-json\/wp\/v2\/types\/post"}],"author":[{"embeddable":true,"href":"https:\/\/www.oliver-kilb.de\/www\/wp-json\/wp\/v2\/users\/1"}],"replies":[{"embeddable":true,"href":"https:\/\/www.oliver-kilb.de\/www\/wp-json\/wp\/v2\/comments?post=39407"}],"version-history":[{"count":1,"href":"https:\/\/www.oliver-kilb.de\/www\/wp-json\/wp\/v2\/posts\/39407\/revisions"}],"predecessor-version":[{"id":39420,"href":"https:\/\/www.oliver-kilb.de\/www\/wp-json\/wp\/v2\/posts\/39407\/revisions\/39420"}],"wp:featuredmedia":[{"embeddable":true,"href":"https:\/\/www.oliver-kilb.de\/www\/wp-json\/wp\/v2\/media\/39410"}],"wp:attachment":[{"href":"https:\/\/www.oliver-kilb.de\/www\/wp-json\/wp\/v2\/media?parent=39407"}],"wp:term":[{"taxonomy":"category","embeddable":true,"href":"https:\/\/www.oliver-kilb.de\/www\/wp-json\/wp\/v2\/categories?post=39407"},{"taxonomy":"post_tag","embeddable":true,"href":"https:\/\/www.oliver-kilb.de\/www\/wp-json\/wp\/v2\/tags?post=39407"}],"curies":[{"name":"wp","href":"https:\/\/api.w.org\/{rel}","templated":true}]}}