{"id":39270,"date":"2022-12-04T22:23:00","date_gmt":"2022-12-04T21:23:00","guid":{"rendered":"https:\/\/www.oliver-kilb.de\/www\/?p=39270"},"modified":"2025-10-02T22:30:30","modified_gmt":"2025-10-02T20:30:30","slug":"ueber-riemerbergl-alm-zur-steinrast","status":"publish","type":"post","link":"https:\/\/www.oliver-kilb.de\/www\/2022\/12\/04\/ueber-riemerbergl-alm-zur-steinrast\/","title":{"rendered":"\u00dcber Riemerbergl-Alm zur Steinrast."},"content":{"rendered":"\n<p><strong>Eine leichte Tour f\u00fchrt \u00fcber die Riemerbergl-Alm zur Steinrast. Nur der erste Anstieg ist etwas happig.<\/strong><\/p>\n\n\n\n<h2 class=\"wp-block-heading\">Von Riemerbergl-Alm zur Steinrast.<\/h2>\n\n\n<div class=\"wp-block-image\">\n<figure class=\"alignleft size-full is-resized\"><a href=\"https:\/\/www.oliver-kilb.de\/www\/wp-content\/uploads\/2024\/12\/2022-09_Riemerbergl_01.jpg\"><img loading=\"lazy\" decoding=\"async\" width=\"1800\" height=\"1350\" src=\"https:\/\/www.oliver-kilb.de\/www\/wp-content\/uploads\/2024\/12\/2022-09_Riemerbergl_01.jpg\" alt=\"\" class=\"wp-image-39272\" style=\"width:300px\" srcset=\"https:\/\/www.oliver-kilb.de\/www\/wp-content\/uploads\/2024\/12\/2022-09_Riemerbergl_01.jpg 1800w, https:\/\/www.oliver-kilb.de\/www\/wp-content\/uploads\/2024\/12\/2022-09_Riemerbergl_01-500x375.jpg 500w, https:\/\/www.oliver-kilb.de\/www\/wp-content\/uploads\/2024\/12\/2022-09_Riemerbergl_01-300x225.jpg 300w, https:\/\/www.oliver-kilb.de\/www\/wp-content\/uploads\/2024\/12\/2022-09_Riemerbergl_01-768x576.jpg 768w, https:\/\/www.oliver-kilb.de\/www\/wp-content\/uploads\/2024\/12\/2022-09_Riemerbergl_01-1536x1152.jpg 1536w\" sizes=\"auto, (max-width: 1800px) 100vw, 1800px\" \/><\/a><figcaption class=\"wp-element-caption\">Aufstieg zur Riemerbergl-Alm<\/figcaption><\/figure>\n<\/div>\n\n\n<p>Die Riemerbergl-Alm ist <a href=\"https:\/\/www.oliver-kilb.de\/www\/2015\/11\/15\/ueber-riemerbergl-alm-am-hohen-dieb-2-730-m-vorbei-zur-kuehberg-alm\/\">ein echter Klassiker<\/a> im Ultental. Ich wei\u00df nicht, wie oft ich schon dort war, aber bestimmt in <a href=\"https:\/\/www.oliver-kilb.de\/www\/2020\/10\/11\/ueber-die-marschnell-alm-zur-riemerbergl-alm\/\">fast jedem Urlaub<\/a> mindestens einmal. Dieses Mal war die Riemerbergl-Alm nur die erste Etappe, denn die Einkehr sollte sp\u00e4ter in der Steinrast sein. Vom Parkplatz zweigt direkt ein Weg zur Riemerbergl-Alm ab, und dessen Steigung ist schon etwas happig. Da hei\u00dft es entweder Z\u00e4hne zusammenbei\u00dfen (f\u00fcr eine knappe Stunde) oder den l\u00e4ngeren Forstweg nehmen, der auch an der gleichen Alm endet.<\/p>\n\n\n\n<p>Da es an diesem Tag etwas feucht war, mussten wir uns in der Stube aufw\u00e4rmen. Das gelang uns so gut, dass wir total die Zeit vergessen hatten und viel sp\u00e4ter als geplant weitergezogen sind.<\/p>\n\n\n<div class=\"wp-block-image\">\n<figure class=\"alignright size-full is-resized\"><a href=\"https:\/\/www.oliver-kilb.de\/www\/wp-content\/uploads\/2024\/12\/2022-09_Riemerbergl_28.jpg\"><img loading=\"lazy\" decoding=\"async\" width=\"1800\" height=\"1350\" src=\"https:\/\/www.oliver-kilb.de\/www\/wp-content\/uploads\/2024\/12\/2022-09_Riemerbergl_28.jpg\" alt=\"\" class=\"wp-image-39273\" style=\"width:300px\" srcset=\"https:\/\/www.oliver-kilb.de\/www\/wp-content\/uploads\/2024\/12\/2022-09_Riemerbergl_28.jpg 1800w, https:\/\/www.oliver-kilb.de\/www\/wp-content\/uploads\/2024\/12\/2022-09_Riemerbergl_28-500x375.jpg 500w, https:\/\/www.oliver-kilb.de\/www\/wp-content\/uploads\/2024\/12\/2022-09_Riemerbergl_28-300x225.jpg 300w, https:\/\/www.oliver-kilb.de\/www\/wp-content\/uploads\/2024\/12\/2022-09_Riemerbergl_28-768x576.jpg 768w, https:\/\/www.oliver-kilb.de\/www\/wp-content\/uploads\/2024\/12\/2022-09_Riemerbergl_28-1536x1152.jpg 1536w\" sizes=\"auto, (max-width: 1800px) 100vw, 1800px\" \/><\/a><figcaption class=\"wp-element-caption\">Eine kleine Pause auf halber Strecke<\/figcaption><\/figure>\n<\/div>\n\n\n<p>Kurz vor der K\u00fchbergalm \u00fcberquert man nochmal einen kleinen Bach, und dort haben wir nochmal eine kleine Rast eingelegt. Der Weg zur Steinrast f\u00fchrt ab der Riemerbergl-Alm immer bergab und ist gut beschildert. Gegen Ende wird er etwas steiler, und endet 100 Meter vor der Einkehr. Wie \u00fcberall in S\u00fcdtirol ist auch in der Steinrast das Essen hervorragend, und wer sich hier nichts g\u00f6nnt, dem ist nicht mehr zu helfen. Ich hatte die leckeren Bauernnudeln, aber das Kn\u00f6del-Tris stand ihnen in punkto Geschmack und Geruch in nichts nach.<\/p>\n\n\n\n<p>Einziger Schwachpunkt dieser Tour: Es gibt nur eine sehr eingeschr\u00e4nkte Busverbindung bis zur Kuppelwieser Alm (nur in den Sommermonaten, nicht jeden Tag, und nur zu einer Uhrzeit). Also muss man entweder nochmal ein gutes St\u00fcck wandern oder man l\u00e4sst sich abholen.<\/p>\n\n\n\n<figure class=\"wp-block-gallery has-nested-images columns-default is-cropped wp-block-gallery-1 is-layout-flex wp-block-gallery-is-layout-flex\">\n<figure class=\"wp-block-image size-large\"><img loading=\"lazy\" decoding=\"async\" width=\"1800\" height=\"1350\" data-id=\"39275\" src=\"https:\/\/www.oliver-kilb.de\/www\/wp-content\/uploads\/2024\/12\/2022-09_Riemerbergl_08.jpg\" alt=\"\" class=\"wp-image-39275\" srcset=\"https:\/\/www.oliver-kilb.de\/www\/wp-content\/uploads\/2024\/12\/2022-09_Riemerbergl_08.jpg 1800w, https:\/\/www.oliver-kilb.de\/www\/wp-content\/uploads\/2024\/12\/2022-09_Riemerbergl_08-500x375.jpg 500w, https:\/\/www.oliver-kilb.de\/www\/wp-content\/uploads\/2024\/12\/2022-09_Riemerbergl_08-300x225.jpg 300w, https:\/\/www.oliver-kilb.de\/www\/wp-content\/uploads\/2024\/12\/2022-09_Riemerbergl_08-768x576.jpg 768w, https:\/\/www.oliver-kilb.de\/www\/wp-content\/uploads\/2024\/12\/2022-09_Riemerbergl_08-1536x1152.jpg 1536w\" sizes=\"auto, (max-width: 1800px) 100vw, 1800px\" \/><\/figure>\n\n\n\n<figure class=\"wp-block-image size-large\"><img loading=\"lazy\" decoding=\"async\" width=\"1800\" height=\"1350\" data-id=\"39274\" src=\"https:\/\/www.oliver-kilb.de\/www\/wp-content\/uploads\/2024\/12\/2022-09_Riemerbergl_11.jpg\" alt=\"\" class=\"wp-image-39274\" srcset=\"https:\/\/www.oliver-kilb.de\/www\/wp-content\/uploads\/2024\/12\/2022-09_Riemerbergl_11.jpg 1800w, https:\/\/www.oliver-kilb.de\/www\/wp-content\/uploads\/2024\/12\/2022-09_Riemerbergl_11-500x375.jpg 500w, https:\/\/www.oliver-kilb.de\/www\/wp-content\/uploads\/2024\/12\/2022-09_Riemerbergl_11-300x225.jpg 300w, https:\/\/www.oliver-kilb.de\/www\/wp-content\/uploads\/2024\/12\/2022-09_Riemerbergl_11-768x576.jpg 768w, https:\/\/www.oliver-kilb.de\/www\/wp-content\/uploads\/2024\/12\/2022-09_Riemerbergl_11-1536x1152.jpg 1536w\" sizes=\"auto, (max-width: 1800px) 100vw, 1800px\" \/><\/figure>\n\n\n\n<figure class=\"wp-block-image size-large\"><img loading=\"lazy\" decoding=\"async\" width=\"1800\" height=\"1350\" data-id=\"39277\" src=\"https:\/\/www.oliver-kilb.de\/www\/wp-content\/uploads\/2024\/12\/2022-09_Riemerbergl_14.jpg\" alt=\"\" class=\"wp-image-39277\" srcset=\"https:\/\/www.oliver-kilb.de\/www\/wp-content\/uploads\/2024\/12\/2022-09_Riemerbergl_14.jpg 1800w, https:\/\/www.oliver-kilb.de\/www\/wp-content\/uploads\/2024\/12\/2022-09_Riemerbergl_14-500x375.jpg 500w, https:\/\/www.oliver-kilb.de\/www\/wp-content\/uploads\/2024\/12\/2022-09_Riemerbergl_14-300x225.jpg 300w, https:\/\/www.oliver-kilb.de\/www\/wp-content\/uploads\/2024\/12\/2022-09_Riemerbergl_14-768x576.jpg 768w, https:\/\/www.oliver-kilb.de\/www\/wp-content\/uploads\/2024\/12\/2022-09_Riemerbergl_14-1536x1152.jpg 1536w\" sizes=\"auto, (max-width: 1800px) 100vw, 1800px\" \/><\/figure>\n\n\n\n<figure class=\"wp-block-image size-large\"><img loading=\"lazy\" decoding=\"async\" width=\"1800\" height=\"1350\" data-id=\"39276\" src=\"https:\/\/www.oliver-kilb.de\/www\/wp-content\/uploads\/2024\/12\/2022-09_Riemerbergl_16.jpg\" alt=\"\" class=\"wp-image-39276\" srcset=\"https:\/\/www.oliver-kilb.de\/www\/wp-content\/uploads\/2024\/12\/2022-09_Riemerbergl_16.jpg 1800w, https:\/\/www.oliver-kilb.de\/www\/wp-content\/uploads\/2024\/12\/2022-09_Riemerbergl_16-500x375.jpg 500w, https:\/\/www.oliver-kilb.de\/www\/wp-content\/uploads\/2024\/12\/2022-09_Riemerbergl_16-300x225.jpg 300w, https:\/\/www.oliver-kilb.de\/www\/wp-content\/uploads\/2024\/12\/2022-09_Riemerbergl_16-768x576.jpg 768w, https:\/\/www.oliver-kilb.de\/www\/wp-content\/uploads\/2024\/12\/2022-09_Riemerbergl_16-1536x1152.jpg 1536w\" sizes=\"auto, (max-width: 1800px) 100vw, 1800px\" \/><\/figure>\n\n\n\n<figure class=\"wp-block-image size-large\"><img loading=\"lazy\" decoding=\"async\" width=\"1800\" height=\"1350\" data-id=\"39278\" src=\"https:\/\/www.oliver-kilb.de\/www\/wp-content\/uploads\/2024\/12\/2022-09_Riemerbergl_17.jpg\" alt=\"\" class=\"wp-image-39278\" srcset=\"https:\/\/www.oliver-kilb.de\/www\/wp-content\/uploads\/2024\/12\/2022-09_Riemerbergl_17.jpg 1800w, https:\/\/www.oliver-kilb.de\/www\/wp-content\/uploads\/2024\/12\/2022-09_Riemerbergl_17-500x375.jpg 500w, https:\/\/www.oliver-kilb.de\/www\/wp-content\/uploads\/2024\/12\/2022-09_Riemerbergl_17-300x225.jpg 300w, https:\/\/www.oliver-kilb.de\/www\/wp-content\/uploads\/2024\/12\/2022-09_Riemerbergl_17-768x576.jpg 768w, https:\/\/www.oliver-kilb.de\/www\/wp-content\/uploads\/2024\/12\/2022-09_Riemerbergl_17-1536x1152.jpg 1536w\" sizes=\"auto, (max-width: 1800px) 100vw, 1800px\" \/><\/figure>\n\n\n\n<figure class=\"wp-block-image size-large\"><img loading=\"lazy\" decoding=\"async\" width=\"1800\" height=\"1350\" data-id=\"39279\" src=\"https:\/\/www.oliver-kilb.de\/www\/wp-content\/uploads\/2024\/12\/2022-09_Riemerbergl_23.jpg\" alt=\"\" class=\"wp-image-39279\" srcset=\"https:\/\/www.oliver-kilb.de\/www\/wp-content\/uploads\/2024\/12\/2022-09_Riemerbergl_23.jpg 1800w, https:\/\/www.oliver-kilb.de\/www\/wp-content\/uploads\/2024\/12\/2022-09_Riemerbergl_23-500x375.jpg 500w, https:\/\/www.oliver-kilb.de\/www\/wp-content\/uploads\/2024\/12\/2022-09_Riemerbergl_23-300x225.jpg 300w, https:\/\/www.oliver-kilb.de\/www\/wp-content\/uploads\/2024\/12\/2022-09_Riemerbergl_23-768x576.jpg 768w, https:\/\/www.oliver-kilb.de\/www\/wp-content\/uploads\/2024\/12\/2022-09_Riemerbergl_23-1536x1152.jpg 1536w\" sizes=\"auto, (max-width: 1800px) 100vw, 1800px\" \/><\/figure>\n\n\n\n<figure class=\"wp-block-image size-large\"><img loading=\"lazy\" decoding=\"async\" width=\"1800\" height=\"1350\" data-id=\"39283\" src=\"https:\/\/www.oliver-kilb.de\/www\/wp-content\/uploads\/2022\/12\/2022-09_Riemerbergl_25.jpg\" alt=\"\" class=\"wp-image-39283\" srcset=\"https:\/\/www.oliver-kilb.de\/www\/wp-content\/uploads\/2022\/12\/2022-09_Riemerbergl_25.jpg 1800w, https:\/\/www.oliver-kilb.de\/www\/wp-content\/uploads\/2022\/12\/2022-09_Riemerbergl_25-500x375.jpg 500w, https:\/\/www.oliver-kilb.de\/www\/wp-content\/uploads\/2022\/12\/2022-09_Riemerbergl_25-300x225.jpg 300w, https:\/\/www.oliver-kilb.de\/www\/wp-content\/uploads\/2022\/12\/2022-09_Riemerbergl_25-768x576.jpg 768w, https:\/\/www.oliver-kilb.de\/www\/wp-content\/uploads\/2022\/12\/2022-09_Riemerbergl_25-1536x1152.jpg 1536w\" sizes=\"auto, (max-width: 1800px) 100vw, 1800px\" \/><\/figure>\n\n\n\n<figure class=\"wp-block-image size-large\"><img loading=\"lazy\" decoding=\"async\" width=\"1800\" height=\"1350\" data-id=\"39284\" src=\"https:\/\/www.oliver-kilb.de\/www\/wp-content\/uploads\/2022\/12\/2022-09_Riemerbergl_31.jpg\" alt=\"\" class=\"wp-image-39284\" srcset=\"https:\/\/www.oliver-kilb.de\/www\/wp-content\/uploads\/2022\/12\/2022-09_Riemerbergl_31.jpg 1800w, https:\/\/www.oliver-kilb.de\/www\/wp-content\/uploads\/2022\/12\/2022-09_Riemerbergl_31-500x375.jpg 500w, https:\/\/www.oliver-kilb.de\/www\/wp-content\/uploads\/2022\/12\/2022-09_Riemerbergl_31-300x225.jpg 300w, https:\/\/www.oliver-kilb.de\/www\/wp-content\/uploads\/2022\/12\/2022-09_Riemerbergl_31-768x576.jpg 768w, https:\/\/www.oliver-kilb.de\/www\/wp-content\/uploads\/2022\/12\/2022-09_Riemerbergl_31-1536x1152.jpg 1536w\" sizes=\"auto, (max-width: 1800px) 100vw, 1800px\" \/><\/figure>\n\n\n\n<figure class=\"wp-block-image size-large\"><img loading=\"lazy\" decoding=\"async\" width=\"1800\" height=\"1350\" data-id=\"39285\" src=\"https:\/\/www.oliver-kilb.de\/www\/wp-content\/uploads\/2022\/12\/2022-09_Riemerbergl_34.jpg\" alt=\"\" class=\"wp-image-39285\" srcset=\"https:\/\/www.oliver-kilb.de\/www\/wp-content\/uploads\/2022\/12\/2022-09_Riemerbergl_34.jpg 1800w, https:\/\/www.oliver-kilb.de\/www\/wp-content\/uploads\/2022\/12\/2022-09_Riemerbergl_34-500x375.jpg 500w, https:\/\/www.oliver-kilb.de\/www\/wp-content\/uploads\/2022\/12\/2022-09_Riemerbergl_34-300x225.jpg 300w, https:\/\/www.oliver-kilb.de\/www\/wp-content\/uploads\/2022\/12\/2022-09_Riemerbergl_34-768x576.jpg 768w, https:\/\/www.oliver-kilb.de\/www\/wp-content\/uploads\/2022\/12\/2022-09_Riemerbergl_34-1536x1152.jpg 1536w\" sizes=\"auto, (max-width: 1800px) 100vw, 1800px\" \/><\/figure>\n\n\n\n<figure class=\"wp-block-image size-large\"><img loading=\"lazy\" decoding=\"async\" width=\"1800\" height=\"1350\" data-id=\"39282\" src=\"https:\/\/www.oliver-kilb.de\/www\/wp-content\/uploads\/2022\/12\/2022-09_Riemerbergl_35.jpg\" alt=\"\" class=\"wp-image-39282\" srcset=\"https:\/\/www.oliver-kilb.de\/www\/wp-content\/uploads\/2022\/12\/2022-09_Riemerbergl_35.jpg 1800w, https:\/\/www.oliver-kilb.de\/www\/wp-content\/uploads\/2022\/12\/2022-09_Riemerbergl_35-500x375.jpg 500w, https:\/\/www.oliver-kilb.de\/www\/wp-content\/uploads\/2022\/12\/2022-09_Riemerbergl_35-300x225.jpg 300w, https:\/\/www.oliver-kilb.de\/www\/wp-content\/uploads\/2022\/12\/2022-09_Riemerbergl_35-768x576.jpg 768w, https:\/\/www.oliver-kilb.de\/www\/wp-content\/uploads\/2022\/12\/2022-09_Riemerbergl_35-1536x1152.jpg 1536w\" sizes=\"auto, (max-width: 1800px) 100vw, 1800px\" \/><\/figure>\n\n\n\n<figure class=\"wp-block-image size-large\"><img loading=\"lazy\" decoding=\"async\" width=\"1800\" height=\"1350\" data-id=\"39280\" src=\"https:\/\/www.oliver-kilb.de\/www\/wp-content\/uploads\/2024\/12\/2022-09_Riemerbergl_39.jpg\" alt=\"\" class=\"wp-image-39280\" srcset=\"https:\/\/www.oliver-kilb.de\/www\/wp-content\/uploads\/2024\/12\/2022-09_Riemerbergl_39.jpg 1800w, https:\/\/www.oliver-kilb.de\/www\/wp-content\/uploads\/2024\/12\/2022-09_Riemerbergl_39-500x375.jpg 500w, https:\/\/www.oliver-kilb.de\/www\/wp-content\/uploads\/2024\/12\/2022-09_Riemerbergl_39-300x225.jpg 300w, https:\/\/www.oliver-kilb.de\/www\/wp-content\/uploads\/2024\/12\/2022-09_Riemerbergl_39-768x576.jpg 768w, https:\/\/www.oliver-kilb.de\/www\/wp-content\/uploads\/2024\/12\/2022-09_Riemerbergl_39-1536x1152.jpg 1536w\" sizes=\"auto, (max-width: 1800px) 100vw, 1800px\" \/><\/figure>\n<\/figure>\n\n\n\n<p><em>Die Wanderung fand am 30. September 2022 statt.<\/em><\/p>\n","protected":false},"excerpt":{"rendered":"<p>Eine leichte Tour f\u00fchrt \u00fcber die Riemerbergl-Alm zur Steinrast. Nur der erste Anstieg ist etwas happig.<\/p>\n","protected":false},"author":1,"featured_media":39273,"comment_status":"open","ping_status":"open","sticky":false,"template":"","format":"standard","meta":{"iawp_total_views":5,"footnotes":""},"categories":[15,71],"tags":[144,838],"class_list":["post-39270","post","type-post","status-publish","format-standard","has-post-thumbnail","hentry","category-blog","category-ultental-suedtirol","tag-riemerbergl-alm","tag-steinrast"],"yoast_head":"<!-- This site is optimized with the Yoast SEO plugin v27.3 - https:\/\/yoast.com\/product\/yoast-seo-wordpress\/ -->\n<title>\u00dcber Riemerbergl-Alm zur Steinrast. - Japan, Wandern und Multimedia<\/title>\n<meta name=\"description\" content=\"Eine leichte Tour f\u00fchrt \u00fcber die Riemerbergl-Alm zur Steinrast. Nur der erste Anstieg ist etwas happig, daf\u00fcr nicht zu lange.\" \/>\n<meta name=\"robots\" content=\"index, follow, max-snippet:-1, max-image-preview:large, max-video-preview:-1\" \/>\n<link rel=\"canonical\" href=\"https:\/\/www.oliver-kilb.de\/www\/2022\/12\/04\/ueber-riemerbergl-alm-zur-steinrast\/\" \/>\n<meta property=\"og:locale\" content=\"de_DE\" \/>\n<meta property=\"og:type\" content=\"article\" \/>\n<meta property=\"og:title\" content=\"\u00dcber Riemerbergl-Alm zur Steinrast. - Japan, Wandern und Multimedia\" \/>\n<meta property=\"og:description\" content=\"Eine leichte Tour f\u00fchrt \u00fcber die Riemerbergl-Alm zur Steinrast. Nur der erste Anstieg ist etwas happig, daf\u00fcr nicht zu lange.\" \/>\n<meta property=\"og:url\" content=\"https:\/\/www.oliver-kilb.de\/www\/2022\/12\/04\/ueber-riemerbergl-alm-zur-steinrast\/\" \/>\n<meta property=\"og:site_name\" content=\"Japan, Wandern und Multimedia\" \/>\n<meta property=\"article:published_time\" content=\"2022-12-04T21:23:00+00:00\" \/>\n<meta property=\"article:modified_time\" content=\"2025-10-02T20:30:30+00:00\" \/>\n<meta property=\"og:image\" content=\"https:\/\/www.oliver-kilb.de\/www\/wp-content\/uploads\/2024\/12\/2022-09_Riemerbergl_28.jpg\" \/>\n\t<meta property=\"og:image:width\" content=\"1800\" \/>\n\t<meta property=\"og:image:height\" content=\"1350\" \/>\n\t<meta property=\"og:image:type\" content=\"image\/jpeg\" \/>\n<meta name=\"author\" content=\"Oliver Kilb\" \/>\n<meta name=\"twitter:card\" content=\"summary_large_image\" \/>\n<meta name=\"twitter:label1\" content=\"Verfasst von\" \/>\n\t<meta name=\"twitter:data1\" content=\"Oliver Kilb\" \/>\n\t<meta name=\"twitter:label2\" content=\"Gesch\u00e4tzte Lesezeit\" \/>\n\t<meta name=\"twitter:data2\" content=\"5\u00a0Minuten\" \/>\n<script type=\"application\/ld+json\" class=\"yoast-schema-graph\">{\"@context\":\"https:\\\/\\\/schema.org\",\"@graph\":[{\"@type\":\"Article\",\"@id\":\"https:\\\/\\\/www.oliver-kilb.de\\\/www\\\/2022\\\/12\\\/04\\\/ueber-riemerbergl-alm-zur-steinrast\\\/#article\",\"isPartOf\":{\"@id\":\"https:\\\/\\\/www.oliver-kilb.de\\\/www\\\/2022\\\/12\\\/04\\\/ueber-riemerbergl-alm-zur-steinrast\\\/\"},\"author\":{\"name\":\"Oliver Kilb\",\"@id\":\"https:\\\/\\\/www.oliver-kilb.de\\\/www\\\/#\\\/schema\\\/person\\\/c2b19a881050135aa248a8851b7b4250\"},\"headline\":\"\u00dcber Riemerbergl-Alm zur Steinrast.\",\"datePublished\":\"2022-12-04T21:23:00+00:00\",\"dateModified\":\"2025-10-02T20:30:30+00:00\",\"mainEntityOfPage\":{\"@id\":\"https:\\\/\\\/www.oliver-kilb.de\\\/www\\\/2022\\\/12\\\/04\\\/ueber-riemerbergl-alm-zur-steinrast\\\/\"},\"wordCount\":299,\"commentCount\":0,\"publisher\":{\"@id\":\"https:\\\/\\\/www.oliver-kilb.de\\\/www\\\/#organization\"},\"image\":{\"@id\":\"https:\\\/\\\/www.oliver-kilb.de\\\/www\\\/2022\\\/12\\\/04\\\/ueber-riemerbergl-alm-zur-steinrast\\\/#primaryimage\"},\"thumbnailUrl\":\"https:\\\/\\\/www.oliver-kilb.de\\\/www\\\/wp-content\\\/uploads\\\/2024\\\/12\\\/2022-09_Riemerbergl_28.jpg\",\"keywords\":[\"Riemerbergl-Alm\",\"Steinrast\"],\"articleSection\":[\"Blog\",\"Ultental\"],\"inLanguage\":\"de\",\"potentialAction\":[{\"@type\":\"CommentAction\",\"name\":\"Comment\",\"target\":[\"https:\\\/\\\/www.oliver-kilb.de\\\/www\\\/2022\\\/12\\\/04\\\/ueber-riemerbergl-alm-zur-steinrast\\\/#respond\"]}]},{\"@type\":\"WebPage\",\"@id\":\"https:\\\/\\\/www.oliver-kilb.de\\\/www\\\/2022\\\/12\\\/04\\\/ueber-riemerbergl-alm-zur-steinrast\\\/\",\"url\":\"https:\\\/\\\/www.oliver-kilb.de\\\/www\\\/2022\\\/12\\\/04\\\/ueber-riemerbergl-alm-zur-steinrast\\\/\",\"name\":\"\u00dcber Riemerbergl-Alm zur Steinrast. - Japan, Wandern und Multimedia\",\"isPartOf\":{\"@id\":\"https:\\\/\\\/www.oliver-kilb.de\\\/www\\\/#website\"},\"primaryImageOfPage\":{\"@id\":\"https:\\\/\\\/www.oliver-kilb.de\\\/www\\\/2022\\\/12\\\/04\\\/ueber-riemerbergl-alm-zur-steinrast\\\/#primaryimage\"},\"image\":{\"@id\":\"https:\\\/\\\/www.oliver-kilb.de\\\/www\\\/2022\\\/12\\\/04\\\/ueber-riemerbergl-alm-zur-steinrast\\\/#primaryimage\"},\"thumbnailUrl\":\"https:\\\/\\\/www.oliver-kilb.de\\\/www\\\/wp-content\\\/uploads\\\/2024\\\/12\\\/2022-09_Riemerbergl_28.jpg\",\"datePublished\":\"2022-12-04T21:23:00+00:00\",\"dateModified\":\"2025-10-02T20:30:30+00:00\",\"description\":\"Eine leichte Tour f\u00fchrt \u00fcber die Riemerbergl-Alm zur Steinrast. Nur der erste Anstieg ist etwas happig, daf\u00fcr nicht zu lange.\",\"breadcrumb\":{\"@id\":\"https:\\\/\\\/www.oliver-kilb.de\\\/www\\\/2022\\\/12\\\/04\\\/ueber-riemerbergl-alm-zur-steinrast\\\/#breadcrumb\"},\"inLanguage\":\"de\",\"potentialAction\":[{\"@type\":\"ReadAction\",\"target\":[\"https:\\\/\\\/www.oliver-kilb.de\\\/www\\\/2022\\\/12\\\/04\\\/ueber-riemerbergl-alm-zur-steinrast\\\/\"]}]},{\"@type\":\"ImageObject\",\"inLanguage\":\"de\",\"@id\":\"https:\\\/\\\/www.oliver-kilb.de\\\/www\\\/2022\\\/12\\\/04\\\/ueber-riemerbergl-alm-zur-steinrast\\\/#primaryimage\",\"url\":\"https:\\\/\\\/www.oliver-kilb.de\\\/www\\\/wp-content\\\/uploads\\\/2024\\\/12\\\/2022-09_Riemerbergl_28.jpg\",\"contentUrl\":\"https:\\\/\\\/www.oliver-kilb.de\\\/www\\\/wp-content\\\/uploads\\\/2024\\\/12\\\/2022-09_Riemerbergl_28.jpg\",\"width\":1800,\"height\":1350},{\"@type\":\"BreadcrumbList\",\"@id\":\"https:\\\/\\\/www.oliver-kilb.de\\\/www\\\/2022\\\/12\\\/04\\\/ueber-riemerbergl-alm-zur-steinrast\\\/#breadcrumb\",\"itemListElement\":[{\"@type\":\"ListItem\",\"position\":1,\"name\":\"Startseite\",\"item\":\"https:\\\/\\\/www.oliver-kilb.de\\\/www\\\/\"},{\"@type\":\"ListItem\",\"position\":2,\"name\":\"\u00dcber Riemerbergl-Alm zur Steinrast.\"}]},{\"@type\":\"WebSite\",\"@id\":\"https:\\\/\\\/www.oliver-kilb.de\\\/www\\\/#website\",\"url\":\"https:\\\/\\\/www.oliver-kilb.de\\\/www\\\/\",\"name\":\"Japan, Wandern und Multimedia\",\"description\":\"\",\"publisher\":{\"@id\":\"https:\\\/\\\/www.oliver-kilb.de\\\/www\\\/#organization\"},\"potentialAction\":[{\"@type\":\"SearchAction\",\"target\":{\"@type\":\"EntryPoint\",\"urlTemplate\":\"https:\\\/\\\/www.oliver-kilb.de\\\/www\\\/?s={search_term_string}\"},\"query-input\":{\"@type\":\"PropertyValueSpecification\",\"valueRequired\":true,\"valueName\":\"search_term_string\"}}],\"inLanguage\":\"de\"},{\"@type\":\"Organization\",\"@id\":\"https:\\\/\\\/www.oliver-kilb.de\\\/www\\\/#organization\",\"name\":\"Japan, Wandern und Multimedia\",\"url\":\"https:\\\/\\\/www.oliver-kilb.de\\\/www\\\/\",\"logo\":{\"@type\":\"ImageObject\",\"inLanguage\":\"de\",\"@id\":\"https:\\\/\\\/www.oliver-kilb.de\\\/www\\\/#\\\/schema\\\/logo\\\/image\\\/\",\"url\":\"https:\\\/\\\/www.oliver-kilb.de\\\/www\\\/wp-content\\\/uploads\\\/2024\\\/07\\\/Fushimi-Inari-Schrein_075_DxO.jpg\",\"contentUrl\":\"https:\\\/\\\/www.oliver-kilb.de\\\/www\\\/wp-content\\\/uploads\\\/2024\\\/07\\\/Fushimi-Inari-Schrein_075_DxO.jpg\",\"width\":1380,\"height\":301,\"caption\":\"Japan, Wandern und Multimedia\"},\"image\":{\"@id\":\"https:\\\/\\\/www.oliver-kilb.de\\\/www\\\/#\\\/schema\\\/logo\\\/image\\\/\"}},{\"@type\":\"Person\",\"@id\":\"https:\\\/\\\/www.oliver-kilb.de\\\/www\\\/#\\\/schema\\\/person\\\/c2b19a881050135aa248a8851b7b4250\",\"name\":\"Oliver Kilb\",\"image\":{\"@type\":\"ImageObject\",\"inLanguage\":\"de\",\"@id\":\"https:\\\/\\\/secure.gravatar.com\\\/avatar\\\/4da50eb2c6eb71b0641229eed4a38d05c8d4b458a59355cca0d02b57303d6ffd?s=96&d=mm&r=g\",\"url\":\"https:\\\/\\\/secure.gravatar.com\\\/avatar\\\/4da50eb2c6eb71b0641229eed4a38d05c8d4b458a59355cca0d02b57303d6ffd?s=96&d=mm&r=g\",\"contentUrl\":\"https:\\\/\\\/secure.gravatar.com\\\/avatar\\\/4da50eb2c6eb71b0641229eed4a38d05c8d4b458a59355cca0d02b57303d6ffd?s=96&d=mm&r=g\",\"caption\":\"Oliver Kilb\"},\"sameAs\":[\"https:\\\/\\\/www.oliver-kilb.de\\\/www\"],\"url\":\"https:\\\/\\\/www.oliver-kilb.de\\\/www\\\/author\\\/oliver-kilb\\\/\"}]}<\/script>\n<!-- \/ Yoast SEO plugin. -->","yoast_head_json":{"title":"\u00dcber Riemerbergl-Alm zur Steinrast. - Japan, Wandern und Multimedia","description":"Eine leichte Tour f\u00fchrt \u00fcber die Riemerbergl-Alm zur Steinrast. Nur der erste Anstieg ist etwas happig, daf\u00fcr nicht zu lange.","robots":{"index":"index","follow":"follow","max-snippet":"max-snippet:-1","max-image-preview":"max-image-preview:large","max-video-preview":"max-video-preview:-1"},"canonical":"https:\/\/www.oliver-kilb.de\/www\/2022\/12\/04\/ueber-riemerbergl-alm-zur-steinrast\/","og_locale":"de_DE","og_type":"article","og_title":"\u00dcber Riemerbergl-Alm zur Steinrast. - Japan, Wandern und Multimedia","og_description":"Eine leichte Tour f\u00fchrt \u00fcber die Riemerbergl-Alm zur Steinrast. Nur der erste Anstieg ist etwas happig, daf\u00fcr nicht zu lange.","og_url":"https:\/\/www.oliver-kilb.de\/www\/2022\/12\/04\/ueber-riemerbergl-alm-zur-steinrast\/","og_site_name":"Japan, Wandern und Multimedia","article_published_time":"2022-12-04T21:23:00+00:00","article_modified_time":"2025-10-02T20:30:30+00:00","og_image":[{"width":1800,"height":1350,"url":"https:\/\/www.oliver-kilb.de\/www\/wp-content\/uploads\/2024\/12\/2022-09_Riemerbergl_28.jpg","type":"image\/jpeg"}],"author":"Oliver Kilb","twitter_card":"summary_large_image","twitter_misc":{"Verfasst von":"Oliver Kilb","Gesch\u00e4tzte Lesezeit":"5\u00a0Minuten"},"schema":{"@context":"https:\/\/schema.org","@graph":[{"@type":"Article","@id":"https:\/\/www.oliver-kilb.de\/www\/2022\/12\/04\/ueber-riemerbergl-alm-zur-steinrast\/#article","isPartOf":{"@id":"https:\/\/www.oliver-kilb.de\/www\/2022\/12\/04\/ueber-riemerbergl-alm-zur-steinrast\/"},"author":{"name":"Oliver Kilb","@id":"https:\/\/www.oliver-kilb.de\/www\/#\/schema\/person\/c2b19a881050135aa248a8851b7b4250"},"headline":"\u00dcber Riemerbergl-Alm zur Steinrast.","datePublished":"2022-12-04T21:23:00+00:00","dateModified":"2025-10-02T20:30:30+00:00","mainEntityOfPage":{"@id":"https:\/\/www.oliver-kilb.de\/www\/2022\/12\/04\/ueber-riemerbergl-alm-zur-steinrast\/"},"wordCount":299,"commentCount":0,"publisher":{"@id":"https:\/\/www.oliver-kilb.de\/www\/#organization"},"image":{"@id":"https:\/\/www.oliver-kilb.de\/www\/2022\/12\/04\/ueber-riemerbergl-alm-zur-steinrast\/#primaryimage"},"thumbnailUrl":"https:\/\/www.oliver-kilb.de\/www\/wp-content\/uploads\/2024\/12\/2022-09_Riemerbergl_28.jpg","keywords":["Riemerbergl-Alm","Steinrast"],"articleSection":["Blog","Ultental"],"inLanguage":"de","potentialAction":[{"@type":"CommentAction","name":"Comment","target":["https:\/\/www.oliver-kilb.de\/www\/2022\/12\/04\/ueber-riemerbergl-alm-zur-steinrast\/#respond"]}]},{"@type":"WebPage","@id":"https:\/\/www.oliver-kilb.de\/www\/2022\/12\/04\/ueber-riemerbergl-alm-zur-steinrast\/","url":"https:\/\/www.oliver-kilb.de\/www\/2022\/12\/04\/ueber-riemerbergl-alm-zur-steinrast\/","name":"\u00dcber Riemerbergl-Alm zur Steinrast. - Japan, Wandern und Multimedia","isPartOf":{"@id":"https:\/\/www.oliver-kilb.de\/www\/#website"},"primaryImageOfPage":{"@id":"https:\/\/www.oliver-kilb.de\/www\/2022\/12\/04\/ueber-riemerbergl-alm-zur-steinrast\/#primaryimage"},"image":{"@id":"https:\/\/www.oliver-kilb.de\/www\/2022\/12\/04\/ueber-riemerbergl-alm-zur-steinrast\/#primaryimage"},"thumbnailUrl":"https:\/\/www.oliver-kilb.de\/www\/wp-content\/uploads\/2024\/12\/2022-09_Riemerbergl_28.jpg","datePublished":"2022-12-04T21:23:00+00:00","dateModified":"2025-10-02T20:30:30+00:00","description":"Eine leichte Tour f\u00fchrt \u00fcber die Riemerbergl-Alm zur Steinrast. Nur der erste Anstieg ist etwas happig, daf\u00fcr nicht zu lange.","breadcrumb":{"@id":"https:\/\/www.oliver-kilb.de\/www\/2022\/12\/04\/ueber-riemerbergl-alm-zur-steinrast\/#breadcrumb"},"inLanguage":"de","potentialAction":[{"@type":"ReadAction","target":["https:\/\/www.oliver-kilb.de\/www\/2022\/12\/04\/ueber-riemerbergl-alm-zur-steinrast\/"]}]},{"@type":"ImageObject","inLanguage":"de","@id":"https:\/\/www.oliver-kilb.de\/www\/2022\/12\/04\/ueber-riemerbergl-alm-zur-steinrast\/#primaryimage","url":"https:\/\/www.oliver-kilb.de\/www\/wp-content\/uploads\/2024\/12\/2022-09_Riemerbergl_28.jpg","contentUrl":"https:\/\/www.oliver-kilb.de\/www\/wp-content\/uploads\/2024\/12\/2022-09_Riemerbergl_28.jpg","width":1800,"height":1350},{"@type":"BreadcrumbList","@id":"https:\/\/www.oliver-kilb.de\/www\/2022\/12\/04\/ueber-riemerbergl-alm-zur-steinrast\/#breadcrumb","itemListElement":[{"@type":"ListItem","position":1,"name":"Startseite","item":"https:\/\/www.oliver-kilb.de\/www\/"},{"@type":"ListItem","position":2,"name":"\u00dcber Riemerbergl-Alm zur Steinrast."}]},{"@type":"WebSite","@id":"https:\/\/www.oliver-kilb.de\/www\/#website","url":"https:\/\/www.oliver-kilb.de\/www\/","name":"Japan, Wandern und Multimedia","description":"","publisher":{"@id":"https:\/\/www.oliver-kilb.de\/www\/#organization"},"potentialAction":[{"@type":"SearchAction","target":{"@type":"EntryPoint","urlTemplate":"https:\/\/www.oliver-kilb.de\/www\/?s={search_term_string}"},"query-input":{"@type":"PropertyValueSpecification","valueRequired":true,"valueName":"search_term_string"}}],"inLanguage":"de"},{"@type":"Organization","@id":"https:\/\/www.oliver-kilb.de\/www\/#organization","name":"Japan, Wandern und Multimedia","url":"https:\/\/www.oliver-kilb.de\/www\/","logo":{"@type":"ImageObject","inLanguage":"de","@id":"https:\/\/www.oliver-kilb.de\/www\/#\/schema\/logo\/image\/","url":"https:\/\/www.oliver-kilb.de\/www\/wp-content\/uploads\/2024\/07\/Fushimi-Inari-Schrein_075_DxO.jpg","contentUrl":"https:\/\/www.oliver-kilb.de\/www\/wp-content\/uploads\/2024\/07\/Fushimi-Inari-Schrein_075_DxO.jpg","width":1380,"height":301,"caption":"Japan, Wandern und Multimedia"},"image":{"@id":"https:\/\/www.oliver-kilb.de\/www\/#\/schema\/logo\/image\/"}},{"@type":"Person","@id":"https:\/\/www.oliver-kilb.de\/www\/#\/schema\/person\/c2b19a881050135aa248a8851b7b4250","name":"Oliver Kilb","image":{"@type":"ImageObject","inLanguage":"de","@id":"https:\/\/secure.gravatar.com\/avatar\/4da50eb2c6eb71b0641229eed4a38d05c8d4b458a59355cca0d02b57303d6ffd?s=96&d=mm&r=g","url":"https:\/\/secure.gravatar.com\/avatar\/4da50eb2c6eb71b0641229eed4a38d05c8d4b458a59355cca0d02b57303d6ffd?s=96&d=mm&r=g","contentUrl":"https:\/\/secure.gravatar.com\/avatar\/4da50eb2c6eb71b0641229eed4a38d05c8d4b458a59355cca0d02b57303d6ffd?s=96&d=mm&r=g","caption":"Oliver Kilb"},"sameAs":["https:\/\/www.oliver-kilb.de\/www"],"url":"https:\/\/www.oliver-kilb.de\/www\/author\/oliver-kilb\/"}]}},"amp_enabled":true,"_links":{"self":[{"href":"https:\/\/www.oliver-kilb.de\/www\/wp-json\/wp\/v2\/posts\/39270","targetHints":{"allow":["GET"]}}],"collection":[{"href":"https:\/\/www.oliver-kilb.de\/www\/wp-json\/wp\/v2\/posts"}],"about":[{"href":"https:\/\/www.oliver-kilb.de\/www\/wp-json\/wp\/v2\/types\/post"}],"author":[{"embeddable":true,"href":"https:\/\/www.oliver-kilb.de\/www\/wp-json\/wp\/v2\/users\/1"}],"replies":[{"embeddable":true,"href":"https:\/\/www.oliver-kilb.de\/www\/wp-json\/wp\/v2\/comments?post=39270"}],"version-history":[{"count":3,"href":"https:\/\/www.oliver-kilb.de\/www\/wp-json\/wp\/v2\/posts\/39270\/revisions"}],"predecessor-version":[{"id":40050,"href":"https:\/\/www.oliver-kilb.de\/www\/wp-json\/wp\/v2\/posts\/39270\/revisions\/40050"}],"wp:featuredmedia":[{"embeddable":true,"href":"https:\/\/www.oliver-kilb.de\/www\/wp-json\/wp\/v2\/media\/39273"}],"wp:attachment":[{"href":"https:\/\/www.oliver-kilb.de\/www\/wp-json\/wp\/v2\/media?parent=39270"}],"wp:term":[{"taxonomy":"category","embeddable":true,"href":"https:\/\/www.oliver-kilb.de\/www\/wp-json\/wp\/v2\/categories?post=39270"},{"taxonomy":"post_tag","embeddable":true,"href":"https:\/\/www.oliver-kilb.de\/www\/wp-json\/wp\/v2\/tags?post=39270"}],"curies":[{"name":"wp","href":"https:\/\/api.w.org\/{rel}","templated":true}]}}