{"id":37754,"date":"2020-01-05T12:17:00","date_gmt":"2020-01-05T11:17:00","guid":{"rendered":"https:\/\/www.oliver-kilb.de\/www\/?p=37754"},"modified":"2024-12-15T12:30:12","modified_gmt":"2024-12-15T11:30:12","slug":"1981-verkehrserziehung-im-blumengarten-bexbach","status":"publish","type":"post","link":"https:\/\/www.oliver-kilb.de\/www\/2020\/01\/05\/1981-verkehrserziehung-im-blumengarten-bexbach\/","title":{"rendered":"1981: Verkehrserziehung im Blumengarten Bexbach."},"content":{"rendered":"\n<p><strong>Nach langer Zeit war ich wieder an dem Ort im Blumengarten Bexbach, an dem ich 1981 meine Verkehrserziehung genoss. Das Miniatur-Stra\u00dfennetz ist noch immer in Betrieb<\/strong>.<\/p>\n\n\n\n<h2 class=\"wp-block-heading\">Verkehrserziehung in einer Mini-Stadt.<\/h2>\n\n\n<div class=\"wp-block-image\">\n<figure class=\"alignleft size-full is-resized\"><a href=\"https:\/\/www.oliver-kilb.de\/www\/wp-content\/uploads\/2024\/12\/verkehrserziehung_bexbach_6.jpg\"><img loading=\"lazy\" decoding=\"async\" width=\"1200\" height=\"797\" src=\"https:\/\/www.oliver-kilb.de\/www\/wp-content\/uploads\/2024\/12\/verkehrserziehung_bexbach_6.jpg\" alt=\"\" class=\"wp-image-37756\" style=\"width:300px\" srcset=\"https:\/\/www.oliver-kilb.de\/www\/wp-content\/uploads\/2024\/12\/verkehrserziehung_bexbach_6.jpg 1200w, https:\/\/www.oliver-kilb.de\/www\/wp-content\/uploads\/2024\/12\/verkehrserziehung_bexbach_6-500x332.jpg 500w, https:\/\/www.oliver-kilb.de\/www\/wp-content\/uploads\/2024\/12\/verkehrserziehung_bexbach_6-300x199.jpg 300w, https:\/\/www.oliver-kilb.de\/www\/wp-content\/uploads\/2024\/12\/verkehrserziehung_bexbach_6-768x510.jpg 768w\" sizes=\"auto, (max-width: 1200px) 100vw, 1200px\" \/><\/a><figcaption class=\"wp-element-caption\">Verkehrserziehung in Bexbach<\/figcaption><\/figure>\n<\/div>\n\n\n<p>Wie aufregend war das damals, 1981, als Grundsch\u00fcler! Nicht nur, dass man mit dem Bus aus dem kleinen Dorf in die ferne gro\u00dfe Stadt f\u00e4hrt (<a href=\"https:\/\/de.wikipedia.org\/wiki\/Bexbach\" target=\"_blank\" rel=\"noreferrer noopener\">Bexbach<\/a> hat immerhin knapp 18.000 Einwohner&#8230;), sondern man wird auch noch von einem echten Polizisten unterrichtet, wie man richtig Fahrrad f\u00e4hrt! <\/p>\n\n\n\n<p>Fahrradfahren konnte ich damals nat\u00fcrlich schon lange, aber wie war das mit dem abbiegen, Vorfahrt beachten, Einbahnstra\u00dfe und &#8211; Ampeln!?!? Zum Gl\u00fcck gab es damals schon dieses tolle Gel\u00e4nde <a href=\"https:\/\/de.wikipedia.org\/wiki\/Bexbach#Blumengarten\" target=\"_blank\" rel=\"noreferrer noopener\">im Blumengarten von Bexbach<\/a>, das auch heute noch zur Verkehrserziehung genutzt wird.<\/p>\n\n\n\n<p>Wie viele Generationen von Kindern dort wohl schon unterrichtet wurden?<\/p>\n\n\n<div class=\"wp-block-image\">\n<figure class=\"alignright size-full is-resized\"><a href=\"https:\/\/www.oliver-kilb.de\/www\/wp-content\/uploads\/2024\/12\/Blatt_045_Nr-7_02.jpg\"><img loading=\"lazy\" decoding=\"async\" width=\"1200\" height=\"784\" src=\"https:\/\/www.oliver-kilb.de\/www\/wp-content\/uploads\/2024\/12\/Blatt_045_Nr-7_02.jpg\" alt=\"\" class=\"wp-image-37757\" style=\"width:300px\" srcset=\"https:\/\/www.oliver-kilb.de\/www\/wp-content\/uploads\/2024\/12\/Blatt_045_Nr-7_02.jpg 1200w, https:\/\/www.oliver-kilb.de\/www\/wp-content\/uploads\/2024\/12\/Blatt_045_Nr-7_02-500x327.jpg 500w, https:\/\/www.oliver-kilb.de\/www\/wp-content\/uploads\/2024\/12\/Blatt_045_Nr-7_02-300x196.jpg 300w, https:\/\/www.oliver-kilb.de\/www\/wp-content\/uploads\/2024\/12\/Blatt_045_Nr-7_02-768x502.jpg 768w\" sizes=\"auto, (max-width: 1200px) 100vw, 1200px\" \/><\/a><figcaption class=\"wp-element-caption\">1981, gleicher Ort<\/figcaption><\/figure>\n<\/div>\n\n\n<p>Auf ein paar Hundert Quadratmetern befindet sich ein kleines Stra\u00dfennetz der Verkehrsschule, auf dem ziemlich geschickt so ziemlich alle typischen Elemente des Stra\u00dfenverkehrs nachgestellt werden k\u00f6nnen. Ich glaube, es fehlte nur ein Kreisel, aber davon abgesehen war alles da. Zebrastreifen, B\u00fcrgersteige, Ampeln, Linksabbiegerspuren, Vorfahrtsstra\u00dfen, Einbahnstra\u00dfen &#8211; und alles \u00fcberwacht von einem Polizisten, der nur f\u00fcr uns Knirpse da war, um uns zuerst in mehreren \u00dcbungsstunden Theorie und Praxis beizubringen, bevor es dann eine echte Pr\u00fcfung gab. <\/p>\n\n\n\n<p>Zumindest in meiner Erinnerung gab es eine Pr\u00fcfung, aber ich wei\u00df nicht mehr, ob es dazu auch so etwas wie eine Urkunde gab.<\/p>\n\n\n<div class=\"wp-block-image\">\n<figure class=\"alignleft size-full is-resized\"><a href=\"https:\/\/www.oliver-kilb.de\/www\/wp-content\/uploads\/2024\/12\/verkehrserziehung_bexbach_2.jpg\"><img loading=\"lazy\" decoding=\"async\" width=\"1200\" height=\"900\" src=\"https:\/\/www.oliver-kilb.de\/www\/wp-content\/uploads\/2024\/12\/verkehrserziehung_bexbach_2.jpg\" alt=\"\" class=\"wp-image-37758\" style=\"width:300px\" srcset=\"https:\/\/www.oliver-kilb.de\/www\/wp-content\/uploads\/2024\/12\/verkehrserziehung_bexbach_2.jpg 1200w, https:\/\/www.oliver-kilb.de\/www\/wp-content\/uploads\/2024\/12\/verkehrserziehung_bexbach_2-500x375.jpg 500w, https:\/\/www.oliver-kilb.de\/www\/wp-content\/uploads\/2024\/12\/verkehrserziehung_bexbach_2-300x225.jpg 300w, https:\/\/www.oliver-kilb.de\/www\/wp-content\/uploads\/2024\/12\/verkehrserziehung_bexbach_2-768x576.jpg 768w\" sizes=\"auto, (max-width: 1200px) 100vw, 1200px\" \/><\/a><figcaption class=\"wp-element-caption\">Verkehrserziehung in Bexbach, 2019<\/figcaption><\/figure>\n<\/div>\n\n\n<p>Es war schon ein wenig sentimental, nach so langer Zeit dort noch einmal vorbeizuschauen. Fast 30 Jahre liegt das nun schon zur\u00fcck! Ein wenig schmucklos sah das Gel\u00e4nde aus, als wir einen Tag vor Weihnachten ganz spontan vorbeischauten, so menschenleer und nat\u00fcrlich etwas grau. <\/p>\n\n\n\n<p>Aber ein Teil in meinem Kopf wusste genau, wo es langging, und als wir dann um die Ecke bogen, und etwas abgesenkt die Stra\u00dfen ins Sichtfeld ragten, da kamen auch wieder die Erinnerungen hoch, an die Zeit von damals. <\/p>\n\n\n\n<p>Man beachte die Ausstattung der R\u00e4der, die sicherlich dem damaligen Stand der Vorschriften gen\u00fcgten. Soweit ich das an den alten Bildern festmachen kann, reichte ein von einem Dynamo betriebenes Vorderlicht aus, und ein Reflektor am Hinterrad. Keine Katzenaugen in den Speichen.<\/p>\n\n\n\n<h2 class=\"wp-block-heading\">Weitere Sehensw\u00fcrdigkeiten im Blumengarten Bexbach.<\/h2>\n\n\n<div class=\"wp-block-image\">\n<figure class=\"alignleft size-full is-resized\"><a href=\"https:\/\/www.oliver-kilb.de\/www\/wp-content\/uploads\/2024\/12\/verkehrserziehung_bexbach_1.jpg\"><img loading=\"lazy\" decoding=\"async\" width=\"1200\" height=\"900\" src=\"https:\/\/www.oliver-kilb.de\/www\/wp-content\/uploads\/2024\/12\/verkehrserziehung_bexbach_1.jpg\" alt=\"\" class=\"wp-image-37759\" style=\"width:300px\" srcset=\"https:\/\/www.oliver-kilb.de\/www\/wp-content\/uploads\/2024\/12\/verkehrserziehung_bexbach_1.jpg 1200w, https:\/\/www.oliver-kilb.de\/www\/wp-content\/uploads\/2024\/12\/verkehrserziehung_bexbach_1-500x375.jpg 500w, https:\/\/www.oliver-kilb.de\/www\/wp-content\/uploads\/2024\/12\/verkehrserziehung_bexbach_1-300x225.jpg 300w, https:\/\/www.oliver-kilb.de\/www\/wp-content\/uploads\/2024\/12\/verkehrserziehung_bexbach_1-768x576.jpg 768w\" sizes=\"auto, (max-width: 1200px) 100vw, 1200px\" \/><\/a><figcaption class=\"wp-element-caption\">Saarl\u00e4ndisches Bergbaumuseum &#8211; Eingang<\/figcaption><\/figure>\n<\/div>\n\n\n<p>Der Blumengarten war und ist nat\u00fcrlich nicht nur aufgrund der Verkehrsschule ein beliebtes Ausflugsziel: Der H\u00f6hepunkt ist sicherlich ein Besuch des <a href=\"https:\/\/de.wikipedia.org\/wiki\/Saarl\u00e4ndisches_Bergbaumuseum\" target=\"_blank\" rel=\"noreferrer noopener\">Saarl\u00e4ndischen Bergbaumuseums<\/a>, das auf dem gleichen Gel\u00e4nde ist. Auch dieses haben wir als Grundsch\u00fcler damals besucht (ein Beitrag dazu wird sicherlich mal folgen). <\/p>\n\n\n\n<p>Und neben dem Flugplatz ist <a href=\"https:\/\/de.wikipedia.org\/wiki\/Monte_Barbara\" target=\"_blank\" rel=\"noreferrer noopener\">der Monte Barbara<\/a>: Eine ehemalige Abraumhalde der Grube St. Barbara, die bis 1959 in Betrieb war. Als Kinder &amp; Teenager sind wir oft auf diesen H\u00fcgel gekraxelt, und haben in den Steinen nach Fossilienabdr\u00fccken gesucht (und auch regelm\u00e4\u00dfig gefunden). <\/p>\n\n\n\n<p>Die B\u00e4ume sind nun, seit meinen letzten Besuchen, gute 30 Jahre gewachsen, und der Weg zur Statue <a href=\"https:\/\/de.wikipedia.org\/wiki\/Barbara_von_Nikomedien\" target=\"_blank\" rel=\"noreferrer noopener\">der Heiligen Barbara<\/a> war somit gleichsam vertraut und doch ganz anders.<\/p>\n\n\n<div class=\"wp-block-image\">\n<figure class=\"alignleft size-full is-resized\"><a href=\"https:\/\/www.oliver-kilb.de\/www\/wp-content\/uploads\/2024\/12\/Blatt_046_Nr-1_04.jpg\"><img loading=\"lazy\" decoding=\"async\" width=\"1200\" height=\"788\" src=\"https:\/\/www.oliver-kilb.de\/www\/wp-content\/uploads\/2024\/12\/Blatt_046_Nr-1_04.jpg\" alt=\"\" class=\"wp-image-37760\" style=\"width:300px\" srcset=\"https:\/\/www.oliver-kilb.de\/www\/wp-content\/uploads\/2024\/12\/Blatt_046_Nr-1_04.jpg 1200w, https:\/\/www.oliver-kilb.de\/www\/wp-content\/uploads\/2024\/12\/Blatt_046_Nr-1_04-500x328.jpg 500w, https:\/\/www.oliver-kilb.de\/www\/wp-content\/uploads\/2024\/12\/Blatt_046_Nr-1_04-300x197.jpg 300w, https:\/\/www.oliver-kilb.de\/www\/wp-content\/uploads\/2024\/12\/Blatt_046_Nr-1_04-768x504.jpg 768w\" sizes=\"auto, (max-width: 1200px) 100vw, 1200px\" \/><\/a><figcaption class=\"wp-element-caption\">Auch ich bestand \ud83d\ude42<\/figcaption><\/figure>\n<\/div>\n\n\n<p>Teile der ehemaligen Gulliver-Welt des <a href=\"https:\/\/de.wikipedia.org\/wiki\/Deutsch-Franz\u00f6sischer_Garten\" target=\"_blank\" rel=\"noreferrer noopener\">Deutsch-Franz\u00f6sischen Gartens<\/a> in Saarbr\u00fccken haben hier ihre neue Heimat gefunden (und wirken \u00fcberwiegend trotz Restauration etwas heruntergekommen und deplatziert, wenn ich mir die Bemerkung erlauben darf), und noch immer scheint es die beliebte <a href=\"http:\/\/www.messe-bexbach.de\/\" target=\"_blank\" rel=\"noreferrer noopener\">Familienmesse &#8222;Camping &#8211; Freizeit &#8211; Automobil&#8220;<\/a> zu geben, die im Fr\u00fchsommer auf dem Gel\u00e4nde stattfindet. (Da Bexbach im Epizentrum des Schwenkens ist, findet man dort auch garantiert eine gro\u00dfe Auswahl an Grillutensilien.)<\/p>\n\n\n\n<p>Es war ein kurzer, aber sehr sch\u00f6ner Ausflug, der einige Kindheitserinnerungen entstaubt hat. Irgendwann besuchen wir auch mal wieder das Bergbaumuseum!<\/p>\n","protected":false},"excerpt":{"rendered":"<p>Nach langer Zeit war ich wieder an dem Ort im Blumengarten Bexbach, an dem ich 1981 meine Verkehrserziehung genoss. Das Miniatur-Stra\u00dfennetz ist noch immer in Betrieb.<\/p>\n","protected":false},"author":1,"featured_media":37761,"comment_status":"open","ping_status":"open","sticky":false,"template":"","format":"standard","meta":{"iawp_total_views":10,"footnotes":""},"categories":[15],"tags":[776,777],"class_list":["post-37754","post","type-post","status-publish","format-standard","has-post-thumbnail","hentry","category-blog","tag-bexbach","tag-blumengarten-bexbach"],"yoast_head":"<!-- This site is optimized with the Yoast SEO plugin v27.3 - https:\/\/yoast.com\/product\/yoast-seo-wordpress\/ -->\n<title>1981: Verkehrserziehung im Blumengarten Bexbach. - Japan, Wandern und Multimedia<\/title>\n<meta name=\"description\" content=\"Nach langer Zeit war ich wieder an dem Ort im Blumengarten Bexbach, an dem ich 1981 meine Verkehrserziehung genoss.\" \/>\n<meta name=\"robots\" content=\"index, follow, max-snippet:-1, max-image-preview:large, max-video-preview:-1\" \/>\n<link rel=\"canonical\" href=\"https:\/\/www.oliver-kilb.de\/www\/2020\/01\/05\/1981-verkehrserziehung-im-blumengarten-bexbach\/\" \/>\n<meta property=\"og:locale\" content=\"de_DE\" \/>\n<meta property=\"og:type\" content=\"article\" \/>\n<meta property=\"og:title\" content=\"1981: Verkehrserziehung im Blumengarten Bexbach. - Japan, Wandern und Multimedia\" \/>\n<meta property=\"og:description\" content=\"Nach langer Zeit war ich wieder an dem Ort im Blumengarten Bexbach, an dem ich 1981 meine Verkehrserziehung genoss.\" \/>\n<meta property=\"og:url\" content=\"https:\/\/www.oliver-kilb.de\/www\/2020\/01\/05\/1981-verkehrserziehung-im-blumengarten-bexbach\/\" \/>\n<meta property=\"og:site_name\" content=\"Japan, Wandern und Multimedia\" \/>\n<meta property=\"article:published_time\" content=\"2020-01-05T11:17:00+00:00\" \/>\n<meta property=\"article:modified_time\" content=\"2024-12-15T11:30:12+00:00\" \/>\n<meta property=\"og:image\" content=\"https:\/\/www.oliver-kilb.de\/www\/wp-content\/uploads\/2024\/12\/verkehrserziehung_bexbach_3.jpg\" \/>\n\t<meta property=\"og:image:width\" content=\"1200\" \/>\n\t<meta property=\"og:image:height\" content=\"786\" \/>\n\t<meta property=\"og:image:type\" content=\"image\/jpeg\" \/>\n<meta name=\"author\" content=\"Oliver Kilb\" \/>\n<meta name=\"twitter:card\" content=\"summary_large_image\" \/>\n<meta name=\"twitter:label1\" content=\"Verfasst von\" \/>\n\t<meta name=\"twitter:data1\" content=\"Oliver Kilb\" \/>\n\t<meta name=\"twitter:label2\" content=\"Gesch\u00e4tzte Lesezeit\" \/>\n\t<meta name=\"twitter:data2\" content=\"5\u00a0Minuten\" \/>\n<script type=\"application\/ld+json\" class=\"yoast-schema-graph\">{\"@context\":\"https:\\\/\\\/schema.org\",\"@graph\":[{\"@type\":\"Article\",\"@id\":\"https:\\\/\\\/www.oliver-kilb.de\\\/www\\\/2020\\\/01\\\/05\\\/1981-verkehrserziehung-im-blumengarten-bexbach\\\/#article\",\"isPartOf\":{\"@id\":\"https:\\\/\\\/www.oliver-kilb.de\\\/www\\\/2020\\\/01\\\/05\\\/1981-verkehrserziehung-im-blumengarten-bexbach\\\/\"},\"author\":{\"name\":\"Oliver Kilb\",\"@id\":\"https:\\\/\\\/www.oliver-kilb.de\\\/www\\\/#\\\/schema\\\/person\\\/c2b19a881050135aa248a8851b7b4250\"},\"headline\":\"1981: Verkehrserziehung im Blumengarten Bexbach.\",\"datePublished\":\"2020-01-05T11:17:00+00:00\",\"dateModified\":\"2024-12-15T11:30:12+00:00\",\"mainEntityOfPage\":{\"@id\":\"https:\\\/\\\/www.oliver-kilb.de\\\/www\\\/2020\\\/01\\\/05\\\/1981-verkehrserziehung-im-blumengarten-bexbach\\\/\"},\"wordCount\":616,\"commentCount\":0,\"publisher\":{\"@id\":\"https:\\\/\\\/www.oliver-kilb.de\\\/www\\\/#organization\"},\"image\":{\"@id\":\"https:\\\/\\\/www.oliver-kilb.de\\\/www\\\/2020\\\/01\\\/05\\\/1981-verkehrserziehung-im-blumengarten-bexbach\\\/#primaryimage\"},\"thumbnailUrl\":\"https:\\\/\\\/www.oliver-kilb.de\\\/www\\\/wp-content\\\/uploads\\\/2024\\\/12\\\/verkehrserziehung_bexbach_3.jpg\",\"keywords\":[\"Bexbach\",\"Blumengarten Bexbach\"],\"articleSection\":[\"Blog\"],\"inLanguage\":\"de\",\"potentialAction\":[{\"@type\":\"CommentAction\",\"name\":\"Comment\",\"target\":[\"https:\\\/\\\/www.oliver-kilb.de\\\/www\\\/2020\\\/01\\\/05\\\/1981-verkehrserziehung-im-blumengarten-bexbach\\\/#respond\"]}]},{\"@type\":\"WebPage\",\"@id\":\"https:\\\/\\\/www.oliver-kilb.de\\\/www\\\/2020\\\/01\\\/05\\\/1981-verkehrserziehung-im-blumengarten-bexbach\\\/\",\"url\":\"https:\\\/\\\/www.oliver-kilb.de\\\/www\\\/2020\\\/01\\\/05\\\/1981-verkehrserziehung-im-blumengarten-bexbach\\\/\",\"name\":\"1981: Verkehrserziehung im Blumengarten Bexbach. - Japan, Wandern und Multimedia\",\"isPartOf\":{\"@id\":\"https:\\\/\\\/www.oliver-kilb.de\\\/www\\\/#website\"},\"primaryImageOfPage\":{\"@id\":\"https:\\\/\\\/www.oliver-kilb.de\\\/www\\\/2020\\\/01\\\/05\\\/1981-verkehrserziehung-im-blumengarten-bexbach\\\/#primaryimage\"},\"image\":{\"@id\":\"https:\\\/\\\/www.oliver-kilb.de\\\/www\\\/2020\\\/01\\\/05\\\/1981-verkehrserziehung-im-blumengarten-bexbach\\\/#primaryimage\"},\"thumbnailUrl\":\"https:\\\/\\\/www.oliver-kilb.de\\\/www\\\/wp-content\\\/uploads\\\/2024\\\/12\\\/verkehrserziehung_bexbach_3.jpg\",\"datePublished\":\"2020-01-05T11:17:00+00:00\",\"dateModified\":\"2024-12-15T11:30:12+00:00\",\"description\":\"Nach langer Zeit war ich wieder an dem Ort im Blumengarten Bexbach, an dem ich 1981 meine Verkehrserziehung genoss.\",\"breadcrumb\":{\"@id\":\"https:\\\/\\\/www.oliver-kilb.de\\\/www\\\/2020\\\/01\\\/05\\\/1981-verkehrserziehung-im-blumengarten-bexbach\\\/#breadcrumb\"},\"inLanguage\":\"de\",\"potentialAction\":[{\"@type\":\"ReadAction\",\"target\":[\"https:\\\/\\\/www.oliver-kilb.de\\\/www\\\/2020\\\/01\\\/05\\\/1981-verkehrserziehung-im-blumengarten-bexbach\\\/\"]}]},{\"@type\":\"ImageObject\",\"inLanguage\":\"de\",\"@id\":\"https:\\\/\\\/www.oliver-kilb.de\\\/www\\\/2020\\\/01\\\/05\\\/1981-verkehrserziehung-im-blumengarten-bexbach\\\/#primaryimage\",\"url\":\"https:\\\/\\\/www.oliver-kilb.de\\\/www\\\/wp-content\\\/uploads\\\/2024\\\/12\\\/verkehrserziehung_bexbach_3.jpg\",\"contentUrl\":\"https:\\\/\\\/www.oliver-kilb.de\\\/www\\\/wp-content\\\/uploads\\\/2024\\\/12\\\/verkehrserziehung_bexbach_3.jpg\",\"width\":1200,\"height\":786},{\"@type\":\"BreadcrumbList\",\"@id\":\"https:\\\/\\\/www.oliver-kilb.de\\\/www\\\/2020\\\/01\\\/05\\\/1981-verkehrserziehung-im-blumengarten-bexbach\\\/#breadcrumb\",\"itemListElement\":[{\"@type\":\"ListItem\",\"position\":1,\"name\":\"Startseite\",\"item\":\"https:\\\/\\\/www.oliver-kilb.de\\\/www\\\/\"},{\"@type\":\"ListItem\",\"position\":2,\"name\":\"1981: Verkehrserziehung im Blumengarten Bexbach.\"}]},{\"@type\":\"WebSite\",\"@id\":\"https:\\\/\\\/www.oliver-kilb.de\\\/www\\\/#website\",\"url\":\"https:\\\/\\\/www.oliver-kilb.de\\\/www\\\/\",\"name\":\"Japan, Wandern und Multimedia\",\"description\":\"\",\"publisher\":{\"@id\":\"https:\\\/\\\/www.oliver-kilb.de\\\/www\\\/#organization\"},\"potentialAction\":[{\"@type\":\"SearchAction\",\"target\":{\"@type\":\"EntryPoint\",\"urlTemplate\":\"https:\\\/\\\/www.oliver-kilb.de\\\/www\\\/?s={search_term_string}\"},\"query-input\":{\"@type\":\"PropertyValueSpecification\",\"valueRequired\":true,\"valueName\":\"search_term_string\"}}],\"inLanguage\":\"de\"},{\"@type\":\"Organization\",\"@id\":\"https:\\\/\\\/www.oliver-kilb.de\\\/www\\\/#organization\",\"name\":\"Japan, Wandern und Multimedia\",\"url\":\"https:\\\/\\\/www.oliver-kilb.de\\\/www\\\/\",\"logo\":{\"@type\":\"ImageObject\",\"inLanguage\":\"de\",\"@id\":\"https:\\\/\\\/www.oliver-kilb.de\\\/www\\\/#\\\/schema\\\/logo\\\/image\\\/\",\"url\":\"https:\\\/\\\/www.oliver-kilb.de\\\/www\\\/wp-content\\\/uploads\\\/2024\\\/07\\\/Fushimi-Inari-Schrein_075_DxO.jpg\",\"contentUrl\":\"https:\\\/\\\/www.oliver-kilb.de\\\/www\\\/wp-content\\\/uploads\\\/2024\\\/07\\\/Fushimi-Inari-Schrein_075_DxO.jpg\",\"width\":1380,\"height\":301,\"caption\":\"Japan, Wandern und Multimedia\"},\"image\":{\"@id\":\"https:\\\/\\\/www.oliver-kilb.de\\\/www\\\/#\\\/schema\\\/logo\\\/image\\\/\"}},{\"@type\":\"Person\",\"@id\":\"https:\\\/\\\/www.oliver-kilb.de\\\/www\\\/#\\\/schema\\\/person\\\/c2b19a881050135aa248a8851b7b4250\",\"name\":\"Oliver Kilb\",\"image\":{\"@type\":\"ImageObject\",\"inLanguage\":\"de\",\"@id\":\"https:\\\/\\\/secure.gravatar.com\\\/avatar\\\/4da50eb2c6eb71b0641229eed4a38d05c8d4b458a59355cca0d02b57303d6ffd?s=96&d=mm&r=g\",\"url\":\"https:\\\/\\\/secure.gravatar.com\\\/avatar\\\/4da50eb2c6eb71b0641229eed4a38d05c8d4b458a59355cca0d02b57303d6ffd?s=96&d=mm&r=g\",\"contentUrl\":\"https:\\\/\\\/secure.gravatar.com\\\/avatar\\\/4da50eb2c6eb71b0641229eed4a38d05c8d4b458a59355cca0d02b57303d6ffd?s=96&d=mm&r=g\",\"caption\":\"Oliver Kilb\"},\"sameAs\":[\"https:\\\/\\\/www.oliver-kilb.de\\\/www\"],\"url\":\"https:\\\/\\\/www.oliver-kilb.de\\\/www\\\/author\\\/oliver-kilb\\\/\"}]}<\/script>\n<!-- \/ Yoast SEO plugin. -->","yoast_head_json":{"title":"1981: Verkehrserziehung im Blumengarten Bexbach. - Japan, Wandern und Multimedia","description":"Nach langer Zeit war ich wieder an dem Ort im Blumengarten Bexbach, an dem ich 1981 meine Verkehrserziehung genoss.","robots":{"index":"index","follow":"follow","max-snippet":"max-snippet:-1","max-image-preview":"max-image-preview:large","max-video-preview":"max-video-preview:-1"},"canonical":"https:\/\/www.oliver-kilb.de\/www\/2020\/01\/05\/1981-verkehrserziehung-im-blumengarten-bexbach\/","og_locale":"de_DE","og_type":"article","og_title":"1981: Verkehrserziehung im Blumengarten Bexbach. - Japan, Wandern und Multimedia","og_description":"Nach langer Zeit war ich wieder an dem Ort im Blumengarten Bexbach, an dem ich 1981 meine Verkehrserziehung genoss.","og_url":"https:\/\/www.oliver-kilb.de\/www\/2020\/01\/05\/1981-verkehrserziehung-im-blumengarten-bexbach\/","og_site_name":"Japan, Wandern und Multimedia","article_published_time":"2020-01-05T11:17:00+00:00","article_modified_time":"2024-12-15T11:30:12+00:00","og_image":[{"width":1200,"height":786,"url":"https:\/\/www.oliver-kilb.de\/www\/wp-content\/uploads\/2024\/12\/verkehrserziehung_bexbach_3.jpg","type":"image\/jpeg"}],"author":"Oliver Kilb","twitter_card":"summary_large_image","twitter_misc":{"Verfasst von":"Oliver Kilb","Gesch\u00e4tzte Lesezeit":"5\u00a0Minuten"},"schema":{"@context":"https:\/\/schema.org","@graph":[{"@type":"Article","@id":"https:\/\/www.oliver-kilb.de\/www\/2020\/01\/05\/1981-verkehrserziehung-im-blumengarten-bexbach\/#article","isPartOf":{"@id":"https:\/\/www.oliver-kilb.de\/www\/2020\/01\/05\/1981-verkehrserziehung-im-blumengarten-bexbach\/"},"author":{"name":"Oliver Kilb","@id":"https:\/\/www.oliver-kilb.de\/www\/#\/schema\/person\/c2b19a881050135aa248a8851b7b4250"},"headline":"1981: Verkehrserziehung im Blumengarten Bexbach.","datePublished":"2020-01-05T11:17:00+00:00","dateModified":"2024-12-15T11:30:12+00:00","mainEntityOfPage":{"@id":"https:\/\/www.oliver-kilb.de\/www\/2020\/01\/05\/1981-verkehrserziehung-im-blumengarten-bexbach\/"},"wordCount":616,"commentCount":0,"publisher":{"@id":"https:\/\/www.oliver-kilb.de\/www\/#organization"},"image":{"@id":"https:\/\/www.oliver-kilb.de\/www\/2020\/01\/05\/1981-verkehrserziehung-im-blumengarten-bexbach\/#primaryimage"},"thumbnailUrl":"https:\/\/www.oliver-kilb.de\/www\/wp-content\/uploads\/2024\/12\/verkehrserziehung_bexbach_3.jpg","keywords":["Bexbach","Blumengarten Bexbach"],"articleSection":["Blog"],"inLanguage":"de","potentialAction":[{"@type":"CommentAction","name":"Comment","target":["https:\/\/www.oliver-kilb.de\/www\/2020\/01\/05\/1981-verkehrserziehung-im-blumengarten-bexbach\/#respond"]}]},{"@type":"WebPage","@id":"https:\/\/www.oliver-kilb.de\/www\/2020\/01\/05\/1981-verkehrserziehung-im-blumengarten-bexbach\/","url":"https:\/\/www.oliver-kilb.de\/www\/2020\/01\/05\/1981-verkehrserziehung-im-blumengarten-bexbach\/","name":"1981: Verkehrserziehung im Blumengarten Bexbach. - Japan, Wandern und Multimedia","isPartOf":{"@id":"https:\/\/www.oliver-kilb.de\/www\/#website"},"primaryImageOfPage":{"@id":"https:\/\/www.oliver-kilb.de\/www\/2020\/01\/05\/1981-verkehrserziehung-im-blumengarten-bexbach\/#primaryimage"},"image":{"@id":"https:\/\/www.oliver-kilb.de\/www\/2020\/01\/05\/1981-verkehrserziehung-im-blumengarten-bexbach\/#primaryimage"},"thumbnailUrl":"https:\/\/www.oliver-kilb.de\/www\/wp-content\/uploads\/2024\/12\/verkehrserziehung_bexbach_3.jpg","datePublished":"2020-01-05T11:17:00+00:00","dateModified":"2024-12-15T11:30:12+00:00","description":"Nach langer Zeit war ich wieder an dem Ort im Blumengarten Bexbach, an dem ich 1981 meine Verkehrserziehung genoss.","breadcrumb":{"@id":"https:\/\/www.oliver-kilb.de\/www\/2020\/01\/05\/1981-verkehrserziehung-im-blumengarten-bexbach\/#breadcrumb"},"inLanguage":"de","potentialAction":[{"@type":"ReadAction","target":["https:\/\/www.oliver-kilb.de\/www\/2020\/01\/05\/1981-verkehrserziehung-im-blumengarten-bexbach\/"]}]},{"@type":"ImageObject","inLanguage":"de","@id":"https:\/\/www.oliver-kilb.de\/www\/2020\/01\/05\/1981-verkehrserziehung-im-blumengarten-bexbach\/#primaryimage","url":"https:\/\/www.oliver-kilb.de\/www\/wp-content\/uploads\/2024\/12\/verkehrserziehung_bexbach_3.jpg","contentUrl":"https:\/\/www.oliver-kilb.de\/www\/wp-content\/uploads\/2024\/12\/verkehrserziehung_bexbach_3.jpg","width":1200,"height":786},{"@type":"BreadcrumbList","@id":"https:\/\/www.oliver-kilb.de\/www\/2020\/01\/05\/1981-verkehrserziehung-im-blumengarten-bexbach\/#breadcrumb","itemListElement":[{"@type":"ListItem","position":1,"name":"Startseite","item":"https:\/\/www.oliver-kilb.de\/www\/"},{"@type":"ListItem","position":2,"name":"1981: Verkehrserziehung im Blumengarten Bexbach."}]},{"@type":"WebSite","@id":"https:\/\/www.oliver-kilb.de\/www\/#website","url":"https:\/\/www.oliver-kilb.de\/www\/","name":"Japan, Wandern und Multimedia","description":"","publisher":{"@id":"https:\/\/www.oliver-kilb.de\/www\/#organization"},"potentialAction":[{"@type":"SearchAction","target":{"@type":"EntryPoint","urlTemplate":"https:\/\/www.oliver-kilb.de\/www\/?s={search_term_string}"},"query-input":{"@type":"PropertyValueSpecification","valueRequired":true,"valueName":"search_term_string"}}],"inLanguage":"de"},{"@type":"Organization","@id":"https:\/\/www.oliver-kilb.de\/www\/#organization","name":"Japan, Wandern und Multimedia","url":"https:\/\/www.oliver-kilb.de\/www\/","logo":{"@type":"ImageObject","inLanguage":"de","@id":"https:\/\/www.oliver-kilb.de\/www\/#\/schema\/logo\/image\/","url":"https:\/\/www.oliver-kilb.de\/www\/wp-content\/uploads\/2024\/07\/Fushimi-Inari-Schrein_075_DxO.jpg","contentUrl":"https:\/\/www.oliver-kilb.de\/www\/wp-content\/uploads\/2024\/07\/Fushimi-Inari-Schrein_075_DxO.jpg","width":1380,"height":301,"caption":"Japan, Wandern und Multimedia"},"image":{"@id":"https:\/\/www.oliver-kilb.de\/www\/#\/schema\/logo\/image\/"}},{"@type":"Person","@id":"https:\/\/www.oliver-kilb.de\/www\/#\/schema\/person\/c2b19a881050135aa248a8851b7b4250","name":"Oliver Kilb","image":{"@type":"ImageObject","inLanguage":"de","@id":"https:\/\/secure.gravatar.com\/avatar\/4da50eb2c6eb71b0641229eed4a38d05c8d4b458a59355cca0d02b57303d6ffd?s=96&d=mm&r=g","url":"https:\/\/secure.gravatar.com\/avatar\/4da50eb2c6eb71b0641229eed4a38d05c8d4b458a59355cca0d02b57303d6ffd?s=96&d=mm&r=g","contentUrl":"https:\/\/secure.gravatar.com\/avatar\/4da50eb2c6eb71b0641229eed4a38d05c8d4b458a59355cca0d02b57303d6ffd?s=96&d=mm&r=g","caption":"Oliver Kilb"},"sameAs":["https:\/\/www.oliver-kilb.de\/www"],"url":"https:\/\/www.oliver-kilb.de\/www\/author\/oliver-kilb\/"}]}},"amp_enabled":true,"_links":{"self":[{"href":"https:\/\/www.oliver-kilb.de\/www\/wp-json\/wp\/v2\/posts\/37754","targetHints":{"allow":["GET"]}}],"collection":[{"href":"https:\/\/www.oliver-kilb.de\/www\/wp-json\/wp\/v2\/posts"}],"about":[{"href":"https:\/\/www.oliver-kilb.de\/www\/wp-json\/wp\/v2\/types\/post"}],"author":[{"embeddable":true,"href":"https:\/\/www.oliver-kilb.de\/www\/wp-json\/wp\/v2\/users\/1"}],"replies":[{"embeddable":true,"href":"https:\/\/www.oliver-kilb.de\/www\/wp-json\/wp\/v2\/comments?post=37754"}],"version-history":[{"count":1,"href":"https:\/\/www.oliver-kilb.de\/www\/wp-json\/wp\/v2\/posts\/37754\/revisions"}],"predecessor-version":[{"id":37762,"href":"https:\/\/www.oliver-kilb.de\/www\/wp-json\/wp\/v2\/posts\/37754\/revisions\/37762"}],"wp:featuredmedia":[{"embeddable":true,"href":"https:\/\/www.oliver-kilb.de\/www\/wp-json\/wp\/v2\/media\/37761"}],"wp:attachment":[{"href":"https:\/\/www.oliver-kilb.de\/www\/wp-json\/wp\/v2\/media?parent=37754"}],"wp:term":[{"taxonomy":"category","embeddable":true,"href":"https:\/\/www.oliver-kilb.de\/www\/wp-json\/wp\/v2\/categories?post=37754"},{"taxonomy":"post_tag","embeddable":true,"href":"https:\/\/www.oliver-kilb.de\/www\/wp-json\/wp\/v2\/tags?post=37754"}],"curies":[{"name":"wp","href":"https:\/\/api.w.org\/{rel}","templated":true}]}}