{"id":37186,"date":"2024-11-19T19:27:00","date_gmt":"2024-11-19T18:27:00","guid":{"rendered":"https:\/\/www.oliver-kilb.de\/www\/?p=37186"},"modified":"2024-12-14T19:29:52","modified_gmt":"2024-12-14T18:29:52","slug":"panorama-von-der-mutegg-2-658m","status":"publish","type":"post","link":"https:\/\/www.oliver-kilb.de\/www\/2024\/11\/19\/panorama-von-der-mutegg-2-658m\/","title":{"rendered":"Panorama von der Mutegg (2.658m)."},"content":{"rendered":"\n<p><strong>Ein 180 Grad Panorama von der Mutegg, vom Hasen\u00f6hrl bis hin\u00fcber zur Marmolatagruppe.<\/strong><\/p>\n\n\n\n<p>Bei sch\u00f6nem, abwechslungsreichem Wetter ging es \u00fcber die Rosslahnerscharte hinauf zur Mutegg auf 2.658m H\u00f6he. Da der Gipfel sehr weitl\u00e4ufig und eher flach ist, ist ein 360 Grad Panorama mit Blick hinab ins Tal nicht m\u00f6glich. Dieses 180 Grad Panorama wurde vom n\u00f6rdlichen Teil des Gipfels aufgenommen und reicht von knapp rechtes neben dem Hasen\u00f6hrl \u00fcber den Hohen Dieb bis in die Ferne zur Marmolatagruppe. Durch einen Klick auf das entsprechende Icon kann man das Panorama auch im Vollbild genie\u00dfen.<\/p>\n\n\n\n<iframe loading=\"lazy\" src=\"https:\/\/www.oliver-kilb.de\/gigapixel\/suedtirol\/ultental\/mutegg_pano_2018\/mutegg_pano_2018.html\" width=\"1000px\" height=\"480px\" frameborder=\"0\" marginwidth=\"0\" marginheight=\"0\" scrolling=\"no\" allowfullscreen=\"allowfullscreen\"><span class=\"mce_SELRES_start\" style=\"width: 0px; line-height: 0; overflow: hidden; display: inline-block;\" data-mce-type=\"bookmark\">\ufeff<\/span><span class=\"mce_SELRES_start\" style=\"width: 0px; line-height: 0; overflow: hidden; display: inline-block;\" data-mce-type=\"bookmark\">\ufeff<\/span><span class=\"mce_SELRES_start\" style=\"width: 0px; line-height: 0; overflow: hidden; display: inline-block;\" data-mce-type=\"bookmark\">\ufeff<\/span><span class=\"mce_SELRES_start\" style=\"width: 0px; line-height: 0; overflow: hidden; display: inline-block;\" data-mce-type=\"bookmark\">\ufeff<\/span><span class=\"mce_SELRES_start\" style=\"width: 0px; line-height: 0; overflow: hidden; display: inline-block;\" data-mce-type=\"bookmark\">\ufeff<\/span><span class=\"mce_SELRES_start\" style=\"width: 0px; line-height: 0; overflow: hidden; display: inline-block;\" data-mce-type=\"bookmark\">\ufeff<\/span><span class=\"mce_SELRES_start\" style=\"width: 0px; line-height: 0; overflow: hidden; display: inline-block;\" data-mce-type=\"bookmark\">\ufeff<\/span><span class=\"mce_SELRES_start\" style=\"width: 0px; line-height: 0; overflow: hidden; display: inline-block;\" data-mce-type=\"bookmark\">\ufeff<\/span><span class=\"mce_SELRES_start\" style=\"width: 0px; line-height: 0; overflow: hidden; display: inline-block;\" data-mce-type=\"bookmark\">\ufeff<\/span><span class=\"mce_SELRES_start\" style=\"width: 0px; line-height: 0; overflow: hidden; display: inline-block;\" data-mce-type=\"bookmark\">\ufeff<\/span><span class=\"mce_SELRES_start\" style=\"width: 0px; line-height: 0; overflow: hidden; display: inline-block;\" data-mce-type=\"bookmark\">\ufeff<\/span><span class=\"mce_SELRES_start\" style=\"width: 0px; line-height: 0; overflow: hidden; display: inline-block;\" data-mce-type=\"bookmark\">\ufeff<\/span><span class=\"mce_SELRES_start\" style=\"width: 0px; line-height: 0; overflow: hidden; display: inline-block;\" data-mce-type=\"bookmark\">\ufeff<\/span><span class=\"mce_SELRES_start\" style=\"width: 0px; line-height: 0; overflow: hidden; display: inline-block;\" data-mce-type=\"bookmark\">\ufeff<\/span><\/iframe>\n\n\n\n<p>(Aufgenommen am 9. Oktober 2018.)<\/p>\n\n\n\n<p><\/p>\n","protected":false},"excerpt":{"rendered":"<p>Ein 180 Grad Panorama von der Mutegg, vom Hasen\u00f6hrl bis hin\u00fcber zur Marmolatagruppe.<\/p>\n","protected":false},"author":1,"featured_media":37188,"comment_status":"open","ping_status":"open","sticky":false,"template":"","format":"standard","meta":{"iawp_total_views":14,"footnotes":""},"categories":[15,65,71],"tags":[754,67],"class_list":["post-37186","post","type-post","status-publish","format-standard","has-post-thumbnail","hentry","category-blog","category-panoramabilder","category-ultental-suedtirol","tag-mutegg","tag-panorama"],"yoast_head":"<!-- This site is optimized with the Yoast SEO plugin v27.3 - https:\/\/yoast.com\/product\/yoast-seo-wordpress\/ -->\n<title>Panorama von der Mutegg (2.658m). - Japan, Wandern und Multimedia<\/title>\n<meta name=\"description\" content=\"Ein 180 Grad Panorama von der Mutegg, vom Hasen\u00f6hrl bis hin\u00fcber zur Marmolatagruppe. Aufgenommen im Jahr 2018.\" \/>\n<meta name=\"robots\" content=\"index, follow, max-snippet:-1, max-image-preview:large, max-video-preview:-1\" \/>\n<link rel=\"canonical\" href=\"https:\/\/www.oliver-kilb.de\/www\/2024\/11\/19\/panorama-von-der-mutegg-2-658m\/\" \/>\n<meta property=\"og:locale\" content=\"de_DE\" \/>\n<meta property=\"og:type\" content=\"article\" \/>\n<meta property=\"og:title\" content=\"Panorama von der Mutegg (2.658m). - Japan, Wandern und Multimedia\" \/>\n<meta property=\"og:description\" content=\"Ein 180 Grad Panorama von der Mutegg, vom Hasen\u00f6hrl bis hin\u00fcber zur Marmolatagruppe. Aufgenommen im Jahr 2018.\" \/>\n<meta property=\"og:url\" content=\"https:\/\/www.oliver-kilb.de\/www\/2024\/11\/19\/panorama-von-der-mutegg-2-658m\/\" \/>\n<meta property=\"og:site_name\" content=\"Japan, Wandern und Multimedia\" \/>\n<meta property=\"article:published_time\" content=\"2024-11-19T18:27:00+00:00\" \/>\n<meta property=\"article:modified_time\" content=\"2024-12-14T18:29:52+00:00\" \/>\n<meta property=\"og:image\" content=\"https:\/\/www.oliver-kilb.de\/www\/wp-content\/uploads\/2024\/12\/2018-10-09_Mutegg_20.jpg\" \/>\n\t<meta property=\"og:image:width\" content=\"1200\" \/>\n\t<meta property=\"og:image:height\" content=\"900\" \/>\n\t<meta property=\"og:image:type\" content=\"image\/jpeg\" \/>\n<meta name=\"author\" content=\"Oliver Kilb\" \/>\n<meta name=\"twitter:card\" content=\"summary_large_image\" \/>\n<meta name=\"twitter:label1\" content=\"Verfasst von\" \/>\n\t<meta name=\"twitter:data1\" content=\"Oliver Kilb\" \/>\n\t<meta name=\"twitter:label2\" content=\"Gesch\u00e4tzte Lesezeit\" \/>\n\t<meta name=\"twitter:data2\" content=\"1\u00a0Minute\" \/>\n<script type=\"application\/ld+json\" class=\"yoast-schema-graph\">{\"@context\":\"https:\\\/\\\/schema.org\",\"@graph\":[{\"@type\":\"Article\",\"@id\":\"https:\\\/\\\/www.oliver-kilb.de\\\/www\\\/2024\\\/11\\\/19\\\/panorama-von-der-mutegg-2-658m\\\/#article\",\"isPartOf\":{\"@id\":\"https:\\\/\\\/www.oliver-kilb.de\\\/www\\\/2024\\\/11\\\/19\\\/panorama-von-der-mutegg-2-658m\\\/\"},\"author\":{\"name\":\"Oliver Kilb\",\"@id\":\"https:\\\/\\\/www.oliver-kilb.de\\\/www\\\/#\\\/schema\\\/person\\\/c2b19a881050135aa248a8851b7b4250\"},\"headline\":\"Panorama von der Mutegg (2.658m).\",\"datePublished\":\"2024-11-19T18:27:00+00:00\",\"dateModified\":\"2024-12-14T18:29:52+00:00\",\"mainEntityOfPage\":{\"@id\":\"https:\\\/\\\/www.oliver-kilb.de\\\/www\\\/2024\\\/11\\\/19\\\/panorama-von-der-mutegg-2-658m\\\/\"},\"wordCount\":107,\"commentCount\":1,\"publisher\":{\"@id\":\"https:\\\/\\\/www.oliver-kilb.de\\\/www\\\/#organization\"},\"image\":{\"@id\":\"https:\\\/\\\/www.oliver-kilb.de\\\/www\\\/2024\\\/11\\\/19\\\/panorama-von-der-mutegg-2-658m\\\/#primaryimage\"},\"thumbnailUrl\":\"https:\\\/\\\/www.oliver-kilb.de\\\/www\\\/wp-content\\\/uploads\\\/2024\\\/12\\\/2018-10-09_Mutegg_20.jpg\",\"keywords\":[\"Mutegg\",\"Panorama\"],\"articleSection\":[\"Blog\",\"Panoramabilder\",\"Ultental\"],\"inLanguage\":\"de\",\"potentialAction\":[{\"@type\":\"CommentAction\",\"name\":\"Comment\",\"target\":[\"https:\\\/\\\/www.oliver-kilb.de\\\/www\\\/2024\\\/11\\\/19\\\/panorama-von-der-mutegg-2-658m\\\/#respond\"]}]},{\"@type\":\"WebPage\",\"@id\":\"https:\\\/\\\/www.oliver-kilb.de\\\/www\\\/2024\\\/11\\\/19\\\/panorama-von-der-mutegg-2-658m\\\/\",\"url\":\"https:\\\/\\\/www.oliver-kilb.de\\\/www\\\/2024\\\/11\\\/19\\\/panorama-von-der-mutegg-2-658m\\\/\",\"name\":\"Panorama von der Mutegg (2.658m). - Japan, Wandern und Multimedia\",\"isPartOf\":{\"@id\":\"https:\\\/\\\/www.oliver-kilb.de\\\/www\\\/#website\"},\"primaryImageOfPage\":{\"@id\":\"https:\\\/\\\/www.oliver-kilb.de\\\/www\\\/2024\\\/11\\\/19\\\/panorama-von-der-mutegg-2-658m\\\/#primaryimage\"},\"image\":{\"@id\":\"https:\\\/\\\/www.oliver-kilb.de\\\/www\\\/2024\\\/11\\\/19\\\/panorama-von-der-mutegg-2-658m\\\/#primaryimage\"},\"thumbnailUrl\":\"https:\\\/\\\/www.oliver-kilb.de\\\/www\\\/wp-content\\\/uploads\\\/2024\\\/12\\\/2018-10-09_Mutegg_20.jpg\",\"datePublished\":\"2024-11-19T18:27:00+00:00\",\"dateModified\":\"2024-12-14T18:29:52+00:00\",\"description\":\"Ein 180 Grad Panorama von der Mutegg, vom Hasen\u00f6hrl bis hin\u00fcber zur Marmolatagruppe. Aufgenommen im Jahr 2018.\",\"breadcrumb\":{\"@id\":\"https:\\\/\\\/www.oliver-kilb.de\\\/www\\\/2024\\\/11\\\/19\\\/panorama-von-der-mutegg-2-658m\\\/#breadcrumb\"},\"inLanguage\":\"de\",\"potentialAction\":[{\"@type\":\"ReadAction\",\"target\":[\"https:\\\/\\\/www.oliver-kilb.de\\\/www\\\/2024\\\/11\\\/19\\\/panorama-von-der-mutegg-2-658m\\\/\"]}]},{\"@type\":\"ImageObject\",\"inLanguage\":\"de\",\"@id\":\"https:\\\/\\\/www.oliver-kilb.de\\\/www\\\/2024\\\/11\\\/19\\\/panorama-von-der-mutegg-2-658m\\\/#primaryimage\",\"url\":\"https:\\\/\\\/www.oliver-kilb.de\\\/www\\\/wp-content\\\/uploads\\\/2024\\\/12\\\/2018-10-09_Mutegg_20.jpg\",\"contentUrl\":\"https:\\\/\\\/www.oliver-kilb.de\\\/www\\\/wp-content\\\/uploads\\\/2024\\\/12\\\/2018-10-09_Mutegg_20.jpg\",\"width\":1200,\"height\":900},{\"@type\":\"BreadcrumbList\",\"@id\":\"https:\\\/\\\/www.oliver-kilb.de\\\/www\\\/2024\\\/11\\\/19\\\/panorama-von-der-mutegg-2-658m\\\/#breadcrumb\",\"itemListElement\":[{\"@type\":\"ListItem\",\"position\":1,\"name\":\"Startseite\",\"item\":\"https:\\\/\\\/www.oliver-kilb.de\\\/www\\\/\"},{\"@type\":\"ListItem\",\"position\":2,\"name\":\"Panorama von der Mutegg (2.658m).\"}]},{\"@type\":\"WebSite\",\"@id\":\"https:\\\/\\\/www.oliver-kilb.de\\\/www\\\/#website\",\"url\":\"https:\\\/\\\/www.oliver-kilb.de\\\/www\\\/\",\"name\":\"Japan, Wandern und Multimedia\",\"description\":\"\",\"publisher\":{\"@id\":\"https:\\\/\\\/www.oliver-kilb.de\\\/www\\\/#organization\"},\"potentialAction\":[{\"@type\":\"SearchAction\",\"target\":{\"@type\":\"EntryPoint\",\"urlTemplate\":\"https:\\\/\\\/www.oliver-kilb.de\\\/www\\\/?s={search_term_string}\"},\"query-input\":{\"@type\":\"PropertyValueSpecification\",\"valueRequired\":true,\"valueName\":\"search_term_string\"}}],\"inLanguage\":\"de\"},{\"@type\":\"Organization\",\"@id\":\"https:\\\/\\\/www.oliver-kilb.de\\\/www\\\/#organization\",\"name\":\"Japan, Wandern und Multimedia\",\"url\":\"https:\\\/\\\/www.oliver-kilb.de\\\/www\\\/\",\"logo\":{\"@type\":\"ImageObject\",\"inLanguage\":\"de\",\"@id\":\"https:\\\/\\\/www.oliver-kilb.de\\\/www\\\/#\\\/schema\\\/logo\\\/image\\\/\",\"url\":\"https:\\\/\\\/www.oliver-kilb.de\\\/www\\\/wp-content\\\/uploads\\\/2024\\\/07\\\/Fushimi-Inari-Schrein_075_DxO.jpg\",\"contentUrl\":\"https:\\\/\\\/www.oliver-kilb.de\\\/www\\\/wp-content\\\/uploads\\\/2024\\\/07\\\/Fushimi-Inari-Schrein_075_DxO.jpg\",\"width\":1380,\"height\":301,\"caption\":\"Japan, Wandern und Multimedia\"},\"image\":{\"@id\":\"https:\\\/\\\/www.oliver-kilb.de\\\/www\\\/#\\\/schema\\\/logo\\\/image\\\/\"}},{\"@type\":\"Person\",\"@id\":\"https:\\\/\\\/www.oliver-kilb.de\\\/www\\\/#\\\/schema\\\/person\\\/c2b19a881050135aa248a8851b7b4250\",\"name\":\"Oliver Kilb\",\"image\":{\"@type\":\"ImageObject\",\"inLanguage\":\"de\",\"@id\":\"https:\\\/\\\/secure.gravatar.com\\\/avatar\\\/4da50eb2c6eb71b0641229eed4a38d05c8d4b458a59355cca0d02b57303d6ffd?s=96&d=mm&r=g\",\"url\":\"https:\\\/\\\/secure.gravatar.com\\\/avatar\\\/4da50eb2c6eb71b0641229eed4a38d05c8d4b458a59355cca0d02b57303d6ffd?s=96&d=mm&r=g\",\"contentUrl\":\"https:\\\/\\\/secure.gravatar.com\\\/avatar\\\/4da50eb2c6eb71b0641229eed4a38d05c8d4b458a59355cca0d02b57303d6ffd?s=96&d=mm&r=g\",\"caption\":\"Oliver Kilb\"},\"sameAs\":[\"https:\\\/\\\/www.oliver-kilb.de\\\/www\"],\"url\":\"https:\\\/\\\/www.oliver-kilb.de\\\/www\\\/author\\\/oliver-kilb\\\/\"}]}<\/script>\n<!-- \/ Yoast SEO plugin. -->","yoast_head_json":{"title":"Panorama von der Mutegg (2.658m). - Japan, Wandern und Multimedia","description":"Ein 180 Grad Panorama von der Mutegg, vom Hasen\u00f6hrl bis hin\u00fcber zur Marmolatagruppe. Aufgenommen im Jahr 2018.","robots":{"index":"index","follow":"follow","max-snippet":"max-snippet:-1","max-image-preview":"max-image-preview:large","max-video-preview":"max-video-preview:-1"},"canonical":"https:\/\/www.oliver-kilb.de\/www\/2024\/11\/19\/panorama-von-der-mutegg-2-658m\/","og_locale":"de_DE","og_type":"article","og_title":"Panorama von der Mutegg (2.658m). - Japan, Wandern und Multimedia","og_description":"Ein 180 Grad Panorama von der Mutegg, vom Hasen\u00f6hrl bis hin\u00fcber zur Marmolatagruppe. Aufgenommen im Jahr 2018.","og_url":"https:\/\/www.oliver-kilb.de\/www\/2024\/11\/19\/panorama-von-der-mutegg-2-658m\/","og_site_name":"Japan, Wandern und Multimedia","article_published_time":"2024-11-19T18:27:00+00:00","article_modified_time":"2024-12-14T18:29:52+00:00","og_image":[{"width":1200,"height":900,"url":"https:\/\/www.oliver-kilb.de\/www\/wp-content\/uploads\/2024\/12\/2018-10-09_Mutegg_20.jpg","type":"image\/jpeg"}],"author":"Oliver Kilb","twitter_card":"summary_large_image","twitter_misc":{"Verfasst von":"Oliver Kilb","Gesch\u00e4tzte Lesezeit":"1\u00a0Minute"},"schema":{"@context":"https:\/\/schema.org","@graph":[{"@type":"Article","@id":"https:\/\/www.oliver-kilb.de\/www\/2024\/11\/19\/panorama-von-der-mutegg-2-658m\/#article","isPartOf":{"@id":"https:\/\/www.oliver-kilb.de\/www\/2024\/11\/19\/panorama-von-der-mutegg-2-658m\/"},"author":{"name":"Oliver Kilb","@id":"https:\/\/www.oliver-kilb.de\/www\/#\/schema\/person\/c2b19a881050135aa248a8851b7b4250"},"headline":"Panorama von der Mutegg (2.658m).","datePublished":"2024-11-19T18:27:00+00:00","dateModified":"2024-12-14T18:29:52+00:00","mainEntityOfPage":{"@id":"https:\/\/www.oliver-kilb.de\/www\/2024\/11\/19\/panorama-von-der-mutegg-2-658m\/"},"wordCount":107,"commentCount":1,"publisher":{"@id":"https:\/\/www.oliver-kilb.de\/www\/#organization"},"image":{"@id":"https:\/\/www.oliver-kilb.de\/www\/2024\/11\/19\/panorama-von-der-mutegg-2-658m\/#primaryimage"},"thumbnailUrl":"https:\/\/www.oliver-kilb.de\/www\/wp-content\/uploads\/2024\/12\/2018-10-09_Mutegg_20.jpg","keywords":["Mutegg","Panorama"],"articleSection":["Blog","Panoramabilder","Ultental"],"inLanguage":"de","potentialAction":[{"@type":"CommentAction","name":"Comment","target":["https:\/\/www.oliver-kilb.de\/www\/2024\/11\/19\/panorama-von-der-mutegg-2-658m\/#respond"]}]},{"@type":"WebPage","@id":"https:\/\/www.oliver-kilb.de\/www\/2024\/11\/19\/panorama-von-der-mutegg-2-658m\/","url":"https:\/\/www.oliver-kilb.de\/www\/2024\/11\/19\/panorama-von-der-mutegg-2-658m\/","name":"Panorama von der Mutegg (2.658m). - Japan, Wandern und Multimedia","isPartOf":{"@id":"https:\/\/www.oliver-kilb.de\/www\/#website"},"primaryImageOfPage":{"@id":"https:\/\/www.oliver-kilb.de\/www\/2024\/11\/19\/panorama-von-der-mutegg-2-658m\/#primaryimage"},"image":{"@id":"https:\/\/www.oliver-kilb.de\/www\/2024\/11\/19\/panorama-von-der-mutegg-2-658m\/#primaryimage"},"thumbnailUrl":"https:\/\/www.oliver-kilb.de\/www\/wp-content\/uploads\/2024\/12\/2018-10-09_Mutegg_20.jpg","datePublished":"2024-11-19T18:27:00+00:00","dateModified":"2024-12-14T18:29:52+00:00","description":"Ein 180 Grad Panorama von der Mutegg, vom Hasen\u00f6hrl bis hin\u00fcber zur Marmolatagruppe. Aufgenommen im Jahr 2018.","breadcrumb":{"@id":"https:\/\/www.oliver-kilb.de\/www\/2024\/11\/19\/panorama-von-der-mutegg-2-658m\/#breadcrumb"},"inLanguage":"de","potentialAction":[{"@type":"ReadAction","target":["https:\/\/www.oliver-kilb.de\/www\/2024\/11\/19\/panorama-von-der-mutegg-2-658m\/"]}]},{"@type":"ImageObject","inLanguage":"de","@id":"https:\/\/www.oliver-kilb.de\/www\/2024\/11\/19\/panorama-von-der-mutegg-2-658m\/#primaryimage","url":"https:\/\/www.oliver-kilb.de\/www\/wp-content\/uploads\/2024\/12\/2018-10-09_Mutegg_20.jpg","contentUrl":"https:\/\/www.oliver-kilb.de\/www\/wp-content\/uploads\/2024\/12\/2018-10-09_Mutegg_20.jpg","width":1200,"height":900},{"@type":"BreadcrumbList","@id":"https:\/\/www.oliver-kilb.de\/www\/2024\/11\/19\/panorama-von-der-mutegg-2-658m\/#breadcrumb","itemListElement":[{"@type":"ListItem","position":1,"name":"Startseite","item":"https:\/\/www.oliver-kilb.de\/www\/"},{"@type":"ListItem","position":2,"name":"Panorama von der Mutegg (2.658m)."}]},{"@type":"WebSite","@id":"https:\/\/www.oliver-kilb.de\/www\/#website","url":"https:\/\/www.oliver-kilb.de\/www\/","name":"Japan, Wandern und Multimedia","description":"","publisher":{"@id":"https:\/\/www.oliver-kilb.de\/www\/#organization"},"potentialAction":[{"@type":"SearchAction","target":{"@type":"EntryPoint","urlTemplate":"https:\/\/www.oliver-kilb.de\/www\/?s={search_term_string}"},"query-input":{"@type":"PropertyValueSpecification","valueRequired":true,"valueName":"search_term_string"}}],"inLanguage":"de"},{"@type":"Organization","@id":"https:\/\/www.oliver-kilb.de\/www\/#organization","name":"Japan, Wandern und Multimedia","url":"https:\/\/www.oliver-kilb.de\/www\/","logo":{"@type":"ImageObject","inLanguage":"de","@id":"https:\/\/www.oliver-kilb.de\/www\/#\/schema\/logo\/image\/","url":"https:\/\/www.oliver-kilb.de\/www\/wp-content\/uploads\/2024\/07\/Fushimi-Inari-Schrein_075_DxO.jpg","contentUrl":"https:\/\/www.oliver-kilb.de\/www\/wp-content\/uploads\/2024\/07\/Fushimi-Inari-Schrein_075_DxO.jpg","width":1380,"height":301,"caption":"Japan, Wandern und Multimedia"},"image":{"@id":"https:\/\/www.oliver-kilb.de\/www\/#\/schema\/logo\/image\/"}},{"@type":"Person","@id":"https:\/\/www.oliver-kilb.de\/www\/#\/schema\/person\/c2b19a881050135aa248a8851b7b4250","name":"Oliver Kilb","image":{"@type":"ImageObject","inLanguage":"de","@id":"https:\/\/secure.gravatar.com\/avatar\/4da50eb2c6eb71b0641229eed4a38d05c8d4b458a59355cca0d02b57303d6ffd?s=96&d=mm&r=g","url":"https:\/\/secure.gravatar.com\/avatar\/4da50eb2c6eb71b0641229eed4a38d05c8d4b458a59355cca0d02b57303d6ffd?s=96&d=mm&r=g","contentUrl":"https:\/\/secure.gravatar.com\/avatar\/4da50eb2c6eb71b0641229eed4a38d05c8d4b458a59355cca0d02b57303d6ffd?s=96&d=mm&r=g","caption":"Oliver Kilb"},"sameAs":["https:\/\/www.oliver-kilb.de\/www"],"url":"https:\/\/www.oliver-kilb.de\/www\/author\/oliver-kilb\/"}]}},"amp_enabled":true,"_links":{"self":[{"href":"https:\/\/www.oliver-kilb.de\/www\/wp-json\/wp\/v2\/posts\/37186","targetHints":{"allow":["GET"]}}],"collection":[{"href":"https:\/\/www.oliver-kilb.de\/www\/wp-json\/wp\/v2\/posts"}],"about":[{"href":"https:\/\/www.oliver-kilb.de\/www\/wp-json\/wp\/v2\/types\/post"}],"author":[{"embeddable":true,"href":"https:\/\/www.oliver-kilb.de\/www\/wp-json\/wp\/v2\/users\/1"}],"replies":[{"embeddable":true,"href":"https:\/\/www.oliver-kilb.de\/www\/wp-json\/wp\/v2\/comments?post=37186"}],"version-history":[{"count":2,"href":"https:\/\/www.oliver-kilb.de\/www\/wp-json\/wp\/v2\/posts\/37186\/revisions"}],"predecessor-version":[{"id":37190,"href":"https:\/\/www.oliver-kilb.de\/www\/wp-json\/wp\/v2\/posts\/37186\/revisions\/37190"}],"wp:featuredmedia":[{"embeddable":true,"href":"https:\/\/www.oliver-kilb.de\/www\/wp-json\/wp\/v2\/media\/37188"}],"wp:attachment":[{"href":"https:\/\/www.oliver-kilb.de\/www\/wp-json\/wp\/v2\/media?parent=37186"}],"wp:term":[{"taxonomy":"category","embeddable":true,"href":"https:\/\/www.oliver-kilb.de\/www\/wp-json\/wp\/v2\/categories?post=37186"},{"taxonomy":"post_tag","embeddable":true,"href":"https:\/\/www.oliver-kilb.de\/www\/wp-json\/wp\/v2\/tags?post=37186"}],"curies":[{"name":"wp","href":"https:\/\/api.w.org\/{rel}","templated":true}]}}