{"id":37086,"date":"2018-10-17T18:44:00","date_gmt":"2018-10-17T16:44:00","guid":{"rendered":"https:\/\/www.oliver-kilb.de\/www\/?p=37086"},"modified":"2024-12-14T18:52:17","modified_gmt":"2024-12-14T17:52:17","slug":"auf-den-buechelberg-bichlberg-auf-2-579m","status":"publish","type":"post","link":"https:\/\/www.oliver-kilb.de\/www\/2018\/10\/17\/auf-den-buechelberg-bichlberg-auf-2-579m\/","title":{"rendered":"Auf den B\u00fcchelberg (&#8222;Bichlberg&#8220;) auf 2.579m."},"content":{"rendered":"\n<p><strong>Der B\u00fcchelberg, auch &#8222;B\u00fcchelbergspitze&#8220;, &#8222;Bichlberg&#8220; oder &#8222;Monte Faggiola&#8220; genannt, ist 2.579m hoch und nicht \u00fcber normale Wanderwege zu besteigen, was ihn zu einem tollen Ziel macht, wenn man sich die Besteigung zutraut.<\/strong><\/p>\n\n\n\n<h2 class=\"wp-block-heading\">Ab der B\u00fcchelalm.<\/h2>\n\n\n<div class=\"wp-block-image\">\n<figure class=\"alignleft size-full is-resized\"><a href=\"https:\/\/www.oliver-kilb.de\/www\/wp-content\/uploads\/2024\/12\/2018-10-05_Buechelberg_04.jpg\"><img loading=\"lazy\" decoding=\"async\" width=\"1200\" height=\"900\" src=\"https:\/\/www.oliver-kilb.de\/www\/wp-content\/uploads\/2024\/12\/2018-10-05_Buechelberg_04.jpg\" alt=\"\" class=\"wp-image-37088\" style=\"width:300px\" srcset=\"https:\/\/www.oliver-kilb.de\/www\/wp-content\/uploads\/2024\/12\/2018-10-05_Buechelberg_04.jpg 1200w, https:\/\/www.oliver-kilb.de\/www\/wp-content\/uploads\/2024\/12\/2018-10-05_Buechelberg_04-500x375.jpg 500w, https:\/\/www.oliver-kilb.de\/www\/wp-content\/uploads\/2024\/12\/2018-10-05_Buechelberg_04-300x225.jpg 300w, https:\/\/www.oliver-kilb.de\/www\/wp-content\/uploads\/2024\/12\/2018-10-05_Buechelberg_04-768x576.jpg 768w\" sizes=\"auto, (max-width: 1200px) 100vw, 1200px\" \/><\/a><figcaption class=\"wp-element-caption\">Wanderung \u00fcber unmarkierte Wege<\/figcaption><\/figure>\n<\/div>\n\n\n<p>Bis zur B\u00fcchelalm, die im Klapfbergtal auf 1.978m H\u00f6he liegt, geht der Weg entweder leicht ansteigend \u00fcber Forstwege oder etwas steiler \u00fcber ausgeschilderte Wanderwege. <\/p>\n\n\n\n<p>Ab der B\u00fcchelalm muss man allerdings querfeldein wandern. Die ganze Zeit kann man \u00fcber einen unmarkierten J\u00e4gerpfad wandern (sofern man ihn sieht), aber schon hier sollte gesagt sein, dass diese Wanderung nur f\u00fcr diejenigen geeignet ist, die schon eine gute Portion Erfahrung in punkto hochalpinen Wanderungen haben. (Teilweise kann man den Weg 17 und 18A nehmen, aber auch dieser f\u00fchrt gut 200 Meter unterhalb des Gipfels vorbei.)<\/p>\n\n\n<div class=\"wp-block-image\">\n<figure class=\"alignright size-full is-resized\"><a href=\"https:\/\/www.oliver-kilb.de\/www\/wp-content\/uploads\/2024\/12\/2018-10-05_Buechelberg_10.jpg\"><img loading=\"lazy\" decoding=\"async\" width=\"1200\" height=\"900\" src=\"https:\/\/www.oliver-kilb.de\/www\/wp-content\/uploads\/2024\/12\/2018-10-05_Buechelberg_10.jpg\" alt=\"\" class=\"wp-image-37089\" style=\"width:300px\" srcset=\"https:\/\/www.oliver-kilb.de\/www\/wp-content\/uploads\/2024\/12\/2018-10-05_Buechelberg_10.jpg 1200w, https:\/\/www.oliver-kilb.de\/www\/wp-content\/uploads\/2024\/12\/2018-10-05_Buechelberg_10-500x375.jpg 500w, https:\/\/www.oliver-kilb.de\/www\/wp-content\/uploads\/2024\/12\/2018-10-05_Buechelberg_10-300x225.jpg 300w, https:\/\/www.oliver-kilb.de\/www\/wp-content\/uploads\/2024\/12\/2018-10-05_Buechelberg_10-768x576.jpg 768w\" sizes=\"auto, (max-width: 1200px) 100vw, 1200px\" \/><\/a><figcaption class=\"wp-element-caption\">Blick in die Ferne<\/figcaption><\/figure>\n<\/div>\n\n\n<p>Der Beginn der Wanderung f\u00fchrt \u00fcber Wiesen und auch noch ein wenig durch den Wald, den man aber schnell hinter sich l\u00e4sst. Der Weg ist schon bald ziemlich steil und stellt durchaus Anforderungen an die Kondition. Daf\u00fcr wird man aber schon nach wenigen Minuten mit einer tollen Fernsicht belohnt, die mit jedem Meter H\u00f6he noch besser wird. <\/p>\n\n\n\n<p>Sp\u00e4ter l\u00f6st ein steiniger und felsiger Untergrund das Gras ab. Sp\u00e4testens jetzt ist der J\u00e4gerpfad stellenweise nur noch von ortskundigen F\u00fchrern sicher zu erkennen. Der Aufstieg bleibt gr\u00f6\u00dftenteils steil, ist aber f\u00fcr erfahrene Wanderer kein Problem.<\/p>\n\n\n\n<figure class=\"wp-block-gallery has-nested-images columns-4 is-cropped wp-block-gallery-1 is-layout-flex wp-block-gallery-is-layout-flex\">\n<figure class=\"wp-block-image size-large\"><img loading=\"lazy\" decoding=\"async\" width=\"1200\" height=\"900\" data-id=\"37095\" src=\"https:\/\/www.oliver-kilb.de\/www\/wp-content\/uploads\/2024\/12\/2018-10-05_Buechelberg_01.jpg\" alt=\"\" class=\"wp-image-37095\" srcset=\"https:\/\/www.oliver-kilb.de\/www\/wp-content\/uploads\/2024\/12\/2018-10-05_Buechelberg_01.jpg 1200w, https:\/\/www.oliver-kilb.de\/www\/wp-content\/uploads\/2024\/12\/2018-10-05_Buechelberg_01-500x375.jpg 500w, https:\/\/www.oliver-kilb.de\/www\/wp-content\/uploads\/2024\/12\/2018-10-05_Buechelberg_01-300x225.jpg 300w, https:\/\/www.oliver-kilb.de\/www\/wp-content\/uploads\/2024\/12\/2018-10-05_Buechelberg_01-768x576.jpg 768w\" sizes=\"auto, (max-width: 1200px) 100vw, 1200px\" \/><\/figure>\n\n\n\n<figure class=\"wp-block-image size-large\"><img loading=\"lazy\" decoding=\"async\" width=\"1200\" height=\"900\" data-id=\"37091\" src=\"https:\/\/www.oliver-kilb.de\/www\/wp-content\/uploads\/2024\/12\/2018-10-05_Buechelberg_02.jpg\" alt=\"\" class=\"wp-image-37091\" srcset=\"https:\/\/www.oliver-kilb.de\/www\/wp-content\/uploads\/2024\/12\/2018-10-05_Buechelberg_02.jpg 1200w, https:\/\/www.oliver-kilb.de\/www\/wp-content\/uploads\/2024\/12\/2018-10-05_Buechelberg_02-500x375.jpg 500w, https:\/\/www.oliver-kilb.de\/www\/wp-content\/uploads\/2024\/12\/2018-10-05_Buechelberg_02-300x225.jpg 300w, https:\/\/www.oliver-kilb.de\/www\/wp-content\/uploads\/2024\/12\/2018-10-05_Buechelberg_02-768x576.jpg 768w\" sizes=\"auto, (max-width: 1200px) 100vw, 1200px\" \/><\/figure>\n\n\n\n<figure class=\"wp-block-image size-large\"><img loading=\"lazy\" decoding=\"async\" width=\"1200\" height=\"900\" data-id=\"37090\" src=\"https:\/\/www.oliver-kilb.de\/www\/wp-content\/uploads\/2024\/12\/2018-10-05_Buechelberg_03.jpg\" alt=\"\" class=\"wp-image-37090\" srcset=\"https:\/\/www.oliver-kilb.de\/www\/wp-content\/uploads\/2024\/12\/2018-10-05_Buechelberg_03.jpg 1200w, https:\/\/www.oliver-kilb.de\/www\/wp-content\/uploads\/2024\/12\/2018-10-05_Buechelberg_03-500x375.jpg 500w, https:\/\/www.oliver-kilb.de\/www\/wp-content\/uploads\/2024\/12\/2018-10-05_Buechelberg_03-300x225.jpg 300w, https:\/\/www.oliver-kilb.de\/www\/wp-content\/uploads\/2024\/12\/2018-10-05_Buechelberg_03-768x576.jpg 768w\" sizes=\"auto, (max-width: 1200px) 100vw, 1200px\" \/><\/figure>\n\n\n\n<figure class=\"wp-block-image size-large\"><img loading=\"lazy\" decoding=\"async\" width=\"1200\" height=\"900\" data-id=\"37093\" src=\"https:\/\/www.oliver-kilb.de\/www\/wp-content\/uploads\/2024\/12\/2018-10-05_Buechelberg_05.jpg\" alt=\"\" class=\"wp-image-37093\" srcset=\"https:\/\/www.oliver-kilb.de\/www\/wp-content\/uploads\/2024\/12\/2018-10-05_Buechelberg_05.jpg 1200w, https:\/\/www.oliver-kilb.de\/www\/wp-content\/uploads\/2024\/12\/2018-10-05_Buechelberg_05-500x375.jpg 500w, https:\/\/www.oliver-kilb.de\/www\/wp-content\/uploads\/2024\/12\/2018-10-05_Buechelberg_05-300x225.jpg 300w, https:\/\/www.oliver-kilb.de\/www\/wp-content\/uploads\/2024\/12\/2018-10-05_Buechelberg_05-768x576.jpg 768w\" sizes=\"auto, (max-width: 1200px) 100vw, 1200px\" \/><\/figure>\n\n\n\n<figure class=\"wp-block-image size-large\"><img loading=\"lazy\" decoding=\"async\" width=\"1200\" height=\"900\" data-id=\"37092\" src=\"https:\/\/www.oliver-kilb.de\/www\/wp-content\/uploads\/2024\/12\/2018-10-05_Buechelberg_06.jpg\" alt=\"\" class=\"wp-image-37092\" srcset=\"https:\/\/www.oliver-kilb.de\/www\/wp-content\/uploads\/2024\/12\/2018-10-05_Buechelberg_06.jpg 1200w, https:\/\/www.oliver-kilb.de\/www\/wp-content\/uploads\/2024\/12\/2018-10-05_Buechelberg_06-500x375.jpg 500w, https:\/\/www.oliver-kilb.de\/www\/wp-content\/uploads\/2024\/12\/2018-10-05_Buechelberg_06-300x225.jpg 300w, https:\/\/www.oliver-kilb.de\/www\/wp-content\/uploads\/2024\/12\/2018-10-05_Buechelberg_06-768x576.jpg 768w\" sizes=\"auto, (max-width: 1200px) 100vw, 1200px\" \/><\/figure>\n\n\n\n<figure class=\"wp-block-image size-large\"><img loading=\"lazy\" decoding=\"async\" width=\"1200\" height=\"900\" data-id=\"37097\" src=\"https:\/\/www.oliver-kilb.de\/www\/wp-content\/uploads\/2024\/12\/2018-10-05_Buechelberg_07.jpg\" alt=\"\" class=\"wp-image-37097\" srcset=\"https:\/\/www.oliver-kilb.de\/www\/wp-content\/uploads\/2024\/12\/2018-10-05_Buechelberg_07.jpg 1200w, https:\/\/www.oliver-kilb.de\/www\/wp-content\/uploads\/2024\/12\/2018-10-05_Buechelberg_07-500x375.jpg 500w, https:\/\/www.oliver-kilb.de\/www\/wp-content\/uploads\/2024\/12\/2018-10-05_Buechelberg_07-300x225.jpg 300w, https:\/\/www.oliver-kilb.de\/www\/wp-content\/uploads\/2024\/12\/2018-10-05_Buechelberg_07-768x576.jpg 768w\" sizes=\"auto, (max-width: 1200px) 100vw, 1200px\" \/><\/figure>\n\n\n\n<figure class=\"wp-block-image size-large\"><img loading=\"lazy\" decoding=\"async\" width=\"1200\" height=\"900\" data-id=\"37094\" src=\"https:\/\/www.oliver-kilb.de\/www\/wp-content\/uploads\/2024\/12\/2018-10-05_Buechelberg_08.jpg\" alt=\"\" class=\"wp-image-37094\" srcset=\"https:\/\/www.oliver-kilb.de\/www\/wp-content\/uploads\/2024\/12\/2018-10-05_Buechelberg_08.jpg 1200w, https:\/\/www.oliver-kilb.de\/www\/wp-content\/uploads\/2024\/12\/2018-10-05_Buechelberg_08-500x375.jpg 500w, https:\/\/www.oliver-kilb.de\/www\/wp-content\/uploads\/2024\/12\/2018-10-05_Buechelberg_08-300x225.jpg 300w, https:\/\/www.oliver-kilb.de\/www\/wp-content\/uploads\/2024\/12\/2018-10-05_Buechelberg_08-768x576.jpg 768w\" sizes=\"auto, (max-width: 1200px) 100vw, 1200px\" \/><\/figure>\n\n\n\n<figure class=\"wp-block-image size-large\"><img loading=\"lazy\" decoding=\"async\" width=\"1200\" height=\"900\" data-id=\"37096\" src=\"https:\/\/www.oliver-kilb.de\/www\/wp-content\/uploads\/2024\/12\/2018-10-05_Buechelberg_09.jpg\" alt=\"\" class=\"wp-image-37096\" srcset=\"https:\/\/www.oliver-kilb.de\/www\/wp-content\/uploads\/2024\/12\/2018-10-05_Buechelberg_09.jpg 1200w, https:\/\/www.oliver-kilb.de\/www\/wp-content\/uploads\/2024\/12\/2018-10-05_Buechelberg_09-500x375.jpg 500w, https:\/\/www.oliver-kilb.de\/www\/wp-content\/uploads\/2024\/12\/2018-10-05_Buechelberg_09-300x225.jpg 300w, https:\/\/www.oliver-kilb.de\/www\/wp-content\/uploads\/2024\/12\/2018-10-05_Buechelberg_09-768x576.jpg 768w\" sizes=\"auto, (max-width: 1200px) 100vw, 1200px\" \/><\/figure>\n<\/figure>\n\n\n\n<hr class=\"wp-block-separator has-alpha-channel-opacity\"\/>\n\n\n\n<h2 class=\"wp-block-heading\">Auf dem B\u00fcchelberg.<\/h2>\n\n\n<div class=\"wp-block-image\">\n<figure class=\"alignleft size-full is-resized\"><a href=\"https:\/\/www.oliver-kilb.de\/www\/wp-content\/uploads\/2024\/12\/2018-10-05_Buechelberg_34.jpg\"><img loading=\"lazy\" decoding=\"async\" width=\"1200\" height=\"900\" src=\"https:\/\/www.oliver-kilb.de\/www\/wp-content\/uploads\/2024\/12\/2018-10-05_Buechelberg_34.jpg\" alt=\"\" class=\"wp-image-37098\" style=\"width:300px\" srcset=\"https:\/\/www.oliver-kilb.de\/www\/wp-content\/uploads\/2024\/12\/2018-10-05_Buechelberg_34.jpg 1200w, https:\/\/www.oliver-kilb.de\/www\/wp-content\/uploads\/2024\/12\/2018-10-05_Buechelberg_34-500x375.jpg 500w, https:\/\/www.oliver-kilb.de\/www\/wp-content\/uploads\/2024\/12\/2018-10-05_Buechelberg_34-300x225.jpg 300w, https:\/\/www.oliver-kilb.de\/www\/wp-content\/uploads\/2024\/12\/2018-10-05_Buechelberg_34-768x576.jpg 768w\" sizes=\"auto, (max-width: 1200px) 100vw, 1200px\" \/><\/a><figcaption class=\"wp-element-caption\">Blick zum Gipfel (B\u00fcchelbergspitze)<\/figcaption><\/figure>\n<\/div>\n\n\n<p>Ungef\u00e4hr 20 bis 30 Meter unterhalb des Gipfels wird das Gel\u00e4nde dann pl\u00f6tzlich flacher und \u00f6ffnet sich ein wenig. \u00dcber einen Grat f\u00fchren die letzten Minuten dann zum Gipfelkreuz aus Holz, das sogar ein kleines Windspiel besitzt. <\/p>\n\n\n<div class=\"wp-block-image\">\n<figure class=\"alignright size-full is-resized\"><a href=\"https:\/\/www.oliver-kilb.de\/www\/wp-content\/uploads\/2024\/12\/2018-10-05_Buechelberg_37.jpg\"><img loading=\"lazy\" decoding=\"async\" width=\"600\" height=\"800\" src=\"https:\/\/www.oliver-kilb.de\/www\/wp-content\/uploads\/2024\/12\/2018-10-05_Buechelberg_37.jpg\" alt=\"\" class=\"wp-image-37099\" style=\"width:auto;height:300px\" srcset=\"https:\/\/www.oliver-kilb.de\/www\/wp-content\/uploads\/2024\/12\/2018-10-05_Buechelberg_37.jpg 600w, https:\/\/www.oliver-kilb.de\/www\/wp-content\/uploads\/2024\/12\/2018-10-05_Buechelberg_37-375x500.jpg 375w, https:\/\/www.oliver-kilb.de\/www\/wp-content\/uploads\/2024\/12\/2018-10-05_Buechelberg_37-225x300.jpg 225w\" sizes=\"auto, (max-width: 600px) 100vw, 600px\" \/><\/a><figcaption class=\"wp-element-caption\">Olli blickt in die Ferne<\/figcaption><\/figure>\n<\/div>\n\n\n<p>Der B\u00fcchelberg wird offensichtlich regelm\u00e4\u00dfig besucht und es sieht so aus, als ob man \u00fcber den Grad in Richtung S\u00fcden auch zum &#8222;St\u00fcbele&#8220; (2.671m) weiterwandern kann. Von dort aus kann man \u00fcber einen offiziellen Weg (16B, 134) wieder in das Klapfbergtal absteigen. Den direkten R\u00fcckweg vom Gipfel kann man entweder \u00fcber den gleichen J\u00e4gerpfad antreten, somit ziemlich westlich, oder so lange in n\u00f6rdlicher Richtung absteigen, bis man auf den Weg 18A st\u00f6\u00dft. \u00dcber diesen kann man \u00fcber die Auerbergalm (1.647m) absteigen, was k\u00fcrzer ist als \u00fcber die B\u00fcchelalm.<\/p>\n\n\n\n<p>Eine sch\u00f6ne Wanderung f\u00fcr den Herbst: Man ist fast die gesamte Strecke in der Sonne. Nur relativ kurz hinter der B\u00fcchelalm gibt es unterwegs nochmal die Gelegenheit, Wasser aufzuf\u00fcllen. <\/p>\n\n\n\n<p>Falls man nicht die Gelegenheit hat, bis zur B\u00fcchelalm oder Auerbergalm gefahren zu werden, muss man entweder von <a href=\"https:\/\/de.wikipedia.org\/wiki\/St._Nikolaus_(Ulten)\" target=\"_blank\" rel=\"noreferrer noopener\">Sankt Nikolaus<\/a> oder von <a href=\"https:\/\/de.wikipedia.org\/wiki\/St._Gertraud_(Ulten)\" target=\"_blank\" rel=\"noreferrer noopener\">Sankt Gertraud<\/a> starten, was den Weg pro Richtung um mindestens 2 Stunden verl\u00e4ngert. Am Abend darf man sich dann aber gerne mit einem guten Glas Wein belohnen.<\/p>\n\n\n\n<figure class=\"wp-block-gallery has-nested-images columns-5 is-cropped wp-block-gallery-2 is-layout-flex wp-block-gallery-is-layout-flex\">\n<figure class=\"wp-block-image size-large\"><img loading=\"lazy\" decoding=\"async\" width=\"1200\" height=\"800\" data-id=\"37102\" src=\"https:\/\/www.oliver-kilb.de\/www\/wp-content\/uploads\/2024\/12\/2018-10-05_Buechelberg_11.jpg\" alt=\"\" class=\"wp-image-37102\" srcset=\"https:\/\/www.oliver-kilb.de\/www\/wp-content\/uploads\/2024\/12\/2018-10-05_Buechelberg_11.jpg 1200w, https:\/\/www.oliver-kilb.de\/www\/wp-content\/uploads\/2024\/12\/2018-10-05_Buechelberg_11-500x333.jpg 500w, https:\/\/www.oliver-kilb.de\/www\/wp-content\/uploads\/2024\/12\/2018-10-05_Buechelberg_11-300x200.jpg 300w, https:\/\/www.oliver-kilb.de\/www\/wp-content\/uploads\/2024\/12\/2018-10-05_Buechelberg_11-768x512.jpg 768w\" sizes=\"auto, (max-width: 1200px) 100vw, 1200px\" \/><\/figure>\n\n\n\n<figure class=\"wp-block-image size-large\"><img loading=\"lazy\" decoding=\"async\" width=\"1200\" height=\"800\" data-id=\"37104\" src=\"https:\/\/www.oliver-kilb.de\/www\/wp-content\/uploads\/2024\/12\/2018-10-05_Buechelberg_12.jpg\" alt=\"\" class=\"wp-image-37104\" srcset=\"https:\/\/www.oliver-kilb.de\/www\/wp-content\/uploads\/2024\/12\/2018-10-05_Buechelberg_12.jpg 1200w, https:\/\/www.oliver-kilb.de\/www\/wp-content\/uploads\/2024\/12\/2018-10-05_Buechelberg_12-500x333.jpg 500w, https:\/\/www.oliver-kilb.de\/www\/wp-content\/uploads\/2024\/12\/2018-10-05_Buechelberg_12-300x200.jpg 300w, https:\/\/www.oliver-kilb.de\/www\/wp-content\/uploads\/2024\/12\/2018-10-05_Buechelberg_12-768x512.jpg 768w\" sizes=\"auto, (max-width: 1200px) 100vw, 1200px\" \/><\/figure>\n\n\n\n<figure class=\"wp-block-image size-large\"><img loading=\"lazy\" decoding=\"async\" width=\"1200\" height=\"800\" data-id=\"37101\" src=\"https:\/\/www.oliver-kilb.de\/www\/wp-content\/uploads\/2024\/12\/2018-10-05_Buechelberg_13.jpg\" alt=\"\" class=\"wp-image-37101\" srcset=\"https:\/\/www.oliver-kilb.de\/www\/wp-content\/uploads\/2024\/12\/2018-10-05_Buechelberg_13.jpg 1200w, https:\/\/www.oliver-kilb.de\/www\/wp-content\/uploads\/2024\/12\/2018-10-05_Buechelberg_13-500x333.jpg 500w, https:\/\/www.oliver-kilb.de\/www\/wp-content\/uploads\/2024\/12\/2018-10-05_Buechelberg_13-300x200.jpg 300w, https:\/\/www.oliver-kilb.de\/www\/wp-content\/uploads\/2024\/12\/2018-10-05_Buechelberg_13-768x512.jpg 768w\" sizes=\"auto, (max-width: 1200px) 100vw, 1200px\" \/><\/figure>\n\n\n\n<figure class=\"wp-block-image size-large\"><img loading=\"lazy\" decoding=\"async\" width=\"1200\" height=\"800\" data-id=\"37103\" src=\"https:\/\/www.oliver-kilb.de\/www\/wp-content\/uploads\/2024\/12\/2018-10-05_Buechelberg_14.jpg\" alt=\"\" class=\"wp-image-37103\" srcset=\"https:\/\/www.oliver-kilb.de\/www\/wp-content\/uploads\/2024\/12\/2018-10-05_Buechelberg_14.jpg 1200w, https:\/\/www.oliver-kilb.de\/www\/wp-content\/uploads\/2024\/12\/2018-10-05_Buechelberg_14-500x333.jpg 500w, https:\/\/www.oliver-kilb.de\/www\/wp-content\/uploads\/2024\/12\/2018-10-05_Buechelberg_14-300x200.jpg 300w, https:\/\/www.oliver-kilb.de\/www\/wp-content\/uploads\/2024\/12\/2018-10-05_Buechelberg_14-768x512.jpg 768w\" sizes=\"auto, (max-width: 1200px) 100vw, 1200px\" \/><\/figure>\n\n\n\n<figure class=\"wp-block-image size-large\"><img loading=\"lazy\" decoding=\"async\" width=\"1200\" height=\"800\" data-id=\"37100\" src=\"https:\/\/www.oliver-kilb.de\/www\/wp-content\/uploads\/2024\/12\/2018-10-05_Buechelberg_15.jpg\" alt=\"\" class=\"wp-image-37100\" srcset=\"https:\/\/www.oliver-kilb.de\/www\/wp-content\/uploads\/2024\/12\/2018-10-05_Buechelberg_15.jpg 1200w, https:\/\/www.oliver-kilb.de\/www\/wp-content\/uploads\/2024\/12\/2018-10-05_Buechelberg_15-500x333.jpg 500w, https:\/\/www.oliver-kilb.de\/www\/wp-content\/uploads\/2024\/12\/2018-10-05_Buechelberg_15-300x200.jpg 300w, https:\/\/www.oliver-kilb.de\/www\/wp-content\/uploads\/2024\/12\/2018-10-05_Buechelberg_15-768x512.jpg 768w\" sizes=\"auto, (max-width: 1200px) 100vw, 1200px\" \/><\/figure>\n\n\n\n<figure class=\"wp-block-image size-large\"><img loading=\"lazy\" decoding=\"async\" width=\"1200\" height=\"800\" data-id=\"37105\" src=\"https:\/\/www.oliver-kilb.de\/www\/wp-content\/uploads\/2024\/12\/2018-10-05_Buechelberg_16.jpg\" alt=\"\" class=\"wp-image-37105\" srcset=\"https:\/\/www.oliver-kilb.de\/www\/wp-content\/uploads\/2024\/12\/2018-10-05_Buechelberg_16.jpg 1200w, https:\/\/www.oliver-kilb.de\/www\/wp-content\/uploads\/2024\/12\/2018-10-05_Buechelberg_16-500x333.jpg 500w, https:\/\/www.oliver-kilb.de\/www\/wp-content\/uploads\/2024\/12\/2018-10-05_Buechelberg_16-300x200.jpg 300w, https:\/\/www.oliver-kilb.de\/www\/wp-content\/uploads\/2024\/12\/2018-10-05_Buechelberg_16-768x512.jpg 768w\" sizes=\"auto, (max-width: 1200px) 100vw, 1200px\" \/><\/figure>\n\n\n\n<figure class=\"wp-block-image size-large\"><img loading=\"lazy\" decoding=\"async\" width=\"1200\" height=\"800\" data-id=\"37113\" src=\"https:\/\/www.oliver-kilb.de\/www\/wp-content\/uploads\/2024\/12\/2018-10-05_Buechelberg_17.jpg\" alt=\"\" class=\"wp-image-37113\" srcset=\"https:\/\/www.oliver-kilb.de\/www\/wp-content\/uploads\/2024\/12\/2018-10-05_Buechelberg_17.jpg 1200w, https:\/\/www.oliver-kilb.de\/www\/wp-content\/uploads\/2024\/12\/2018-10-05_Buechelberg_17-500x333.jpg 500w, https:\/\/www.oliver-kilb.de\/www\/wp-content\/uploads\/2024\/12\/2018-10-05_Buechelberg_17-300x200.jpg 300w, https:\/\/www.oliver-kilb.de\/www\/wp-content\/uploads\/2024\/12\/2018-10-05_Buechelberg_17-768x512.jpg 768w\" sizes=\"auto, (max-width: 1200px) 100vw, 1200px\" \/><\/figure>\n\n\n\n<figure class=\"wp-block-image size-large\"><img loading=\"lazy\" decoding=\"async\" width=\"1200\" height=\"800\" data-id=\"37110\" src=\"https:\/\/www.oliver-kilb.de\/www\/wp-content\/uploads\/2024\/12\/2018-10-05_Buechelberg_18.jpg\" alt=\"\" class=\"wp-image-37110\" srcset=\"https:\/\/www.oliver-kilb.de\/www\/wp-content\/uploads\/2024\/12\/2018-10-05_Buechelberg_18.jpg 1200w, https:\/\/www.oliver-kilb.de\/www\/wp-content\/uploads\/2024\/12\/2018-10-05_Buechelberg_18-500x333.jpg 500w, https:\/\/www.oliver-kilb.de\/www\/wp-content\/uploads\/2024\/12\/2018-10-05_Buechelberg_18-300x200.jpg 300w, https:\/\/www.oliver-kilb.de\/www\/wp-content\/uploads\/2024\/12\/2018-10-05_Buechelberg_18-768x512.jpg 768w\" sizes=\"auto, (max-width: 1200px) 100vw, 1200px\" \/><\/figure>\n\n\n\n<figure class=\"wp-block-image size-large\"><img loading=\"lazy\" decoding=\"async\" width=\"1200\" height=\"800\" data-id=\"37106\" src=\"https:\/\/www.oliver-kilb.de\/www\/wp-content\/uploads\/2024\/12\/2018-10-05_Buechelberg_19.jpg\" alt=\"\" class=\"wp-image-37106\" srcset=\"https:\/\/www.oliver-kilb.de\/www\/wp-content\/uploads\/2024\/12\/2018-10-05_Buechelberg_19.jpg 1200w, https:\/\/www.oliver-kilb.de\/www\/wp-content\/uploads\/2024\/12\/2018-10-05_Buechelberg_19-500x333.jpg 500w, https:\/\/www.oliver-kilb.de\/www\/wp-content\/uploads\/2024\/12\/2018-10-05_Buechelberg_19-300x200.jpg 300w, https:\/\/www.oliver-kilb.de\/www\/wp-content\/uploads\/2024\/12\/2018-10-05_Buechelberg_19-768x512.jpg 768w\" sizes=\"auto, (max-width: 1200px) 100vw, 1200px\" \/><\/figure>\n\n\n\n<figure class=\"wp-block-image size-large\"><img loading=\"lazy\" decoding=\"async\" width=\"1200\" height=\"800\" data-id=\"37108\" src=\"https:\/\/www.oliver-kilb.de\/www\/wp-content\/uploads\/2024\/12\/2018-10-05_Buechelberg_20.jpg\" alt=\"\" class=\"wp-image-37108\" srcset=\"https:\/\/www.oliver-kilb.de\/www\/wp-content\/uploads\/2024\/12\/2018-10-05_Buechelberg_20.jpg 1200w, https:\/\/www.oliver-kilb.de\/www\/wp-content\/uploads\/2024\/12\/2018-10-05_Buechelberg_20-500x333.jpg 500w, https:\/\/www.oliver-kilb.de\/www\/wp-content\/uploads\/2024\/12\/2018-10-05_Buechelberg_20-300x200.jpg 300w, https:\/\/www.oliver-kilb.de\/www\/wp-content\/uploads\/2024\/12\/2018-10-05_Buechelberg_20-768x512.jpg 768w\" sizes=\"auto, (max-width: 1200px) 100vw, 1200px\" \/><\/figure>\n\n\n\n<figure class=\"wp-block-image size-large\"><img loading=\"lazy\" decoding=\"async\" width=\"1200\" height=\"800\" data-id=\"37116\" src=\"https:\/\/www.oliver-kilb.de\/www\/wp-content\/uploads\/2024\/12\/2018-10-05_Buechelberg_21.jpg\" alt=\"\" class=\"wp-image-37116\" srcset=\"https:\/\/www.oliver-kilb.de\/www\/wp-content\/uploads\/2024\/12\/2018-10-05_Buechelberg_21.jpg 1200w, https:\/\/www.oliver-kilb.de\/www\/wp-content\/uploads\/2024\/12\/2018-10-05_Buechelberg_21-500x333.jpg 500w, https:\/\/www.oliver-kilb.de\/www\/wp-content\/uploads\/2024\/12\/2018-10-05_Buechelberg_21-300x200.jpg 300w, https:\/\/www.oliver-kilb.de\/www\/wp-content\/uploads\/2024\/12\/2018-10-05_Buechelberg_21-768x512.jpg 768w\" sizes=\"auto, (max-width: 1200px) 100vw, 1200px\" \/><\/figure>\n\n\n\n<figure class=\"wp-block-image size-large\"><img loading=\"lazy\" decoding=\"async\" width=\"1200\" height=\"800\" data-id=\"37111\" src=\"https:\/\/www.oliver-kilb.de\/www\/wp-content\/uploads\/2024\/12\/2018-10-05_Buechelberg_22.jpg\" alt=\"\" class=\"wp-image-37111\" srcset=\"https:\/\/www.oliver-kilb.de\/www\/wp-content\/uploads\/2024\/12\/2018-10-05_Buechelberg_22.jpg 1200w, https:\/\/www.oliver-kilb.de\/www\/wp-content\/uploads\/2024\/12\/2018-10-05_Buechelberg_22-500x333.jpg 500w, https:\/\/www.oliver-kilb.de\/www\/wp-content\/uploads\/2024\/12\/2018-10-05_Buechelberg_22-300x200.jpg 300w, https:\/\/www.oliver-kilb.de\/www\/wp-content\/uploads\/2024\/12\/2018-10-05_Buechelberg_22-768x512.jpg 768w\" sizes=\"auto, (max-width: 1200px) 100vw, 1200px\" \/><\/figure>\n\n\n\n<figure class=\"wp-block-image size-large\"><img loading=\"lazy\" decoding=\"async\" width=\"1200\" height=\"800\" data-id=\"37115\" src=\"https:\/\/www.oliver-kilb.de\/www\/wp-content\/uploads\/2024\/12\/2018-10-05_Buechelberg_23.jpg\" alt=\"\" class=\"wp-image-37115\" srcset=\"https:\/\/www.oliver-kilb.de\/www\/wp-content\/uploads\/2024\/12\/2018-10-05_Buechelberg_23.jpg 1200w, https:\/\/www.oliver-kilb.de\/www\/wp-content\/uploads\/2024\/12\/2018-10-05_Buechelberg_23-500x333.jpg 500w, https:\/\/www.oliver-kilb.de\/www\/wp-content\/uploads\/2024\/12\/2018-10-05_Buechelberg_23-300x200.jpg 300w, https:\/\/www.oliver-kilb.de\/www\/wp-content\/uploads\/2024\/12\/2018-10-05_Buechelberg_23-768x512.jpg 768w\" sizes=\"auto, (max-width: 1200px) 100vw, 1200px\" \/><\/figure>\n\n\n\n<figure class=\"wp-block-image size-large\"><img loading=\"lazy\" decoding=\"async\" width=\"1200\" height=\"800\" data-id=\"37107\" src=\"https:\/\/www.oliver-kilb.de\/www\/wp-content\/uploads\/2024\/12\/2018-10-05_Buechelberg_25.jpg\" alt=\"\" class=\"wp-image-37107\" srcset=\"https:\/\/www.oliver-kilb.de\/www\/wp-content\/uploads\/2024\/12\/2018-10-05_Buechelberg_25.jpg 1200w, https:\/\/www.oliver-kilb.de\/www\/wp-content\/uploads\/2024\/12\/2018-10-05_Buechelberg_25-500x333.jpg 500w, https:\/\/www.oliver-kilb.de\/www\/wp-content\/uploads\/2024\/12\/2018-10-05_Buechelberg_25-300x200.jpg 300w, https:\/\/www.oliver-kilb.de\/www\/wp-content\/uploads\/2024\/12\/2018-10-05_Buechelberg_25-768x512.jpg 768w\" sizes=\"auto, (max-width: 1200px) 100vw, 1200px\" \/><\/figure>\n\n\n\n<figure class=\"wp-block-image size-large\"><img loading=\"lazy\" decoding=\"async\" width=\"1200\" height=\"800\" data-id=\"37109\" src=\"https:\/\/www.oliver-kilb.de\/www\/wp-content\/uploads\/2024\/12\/2018-10-05_Buechelberg_26.jpg\" alt=\"\" class=\"wp-image-37109\" srcset=\"https:\/\/www.oliver-kilb.de\/www\/wp-content\/uploads\/2024\/12\/2018-10-05_Buechelberg_26.jpg 1200w, https:\/\/www.oliver-kilb.de\/www\/wp-content\/uploads\/2024\/12\/2018-10-05_Buechelberg_26-500x333.jpg 500w, https:\/\/www.oliver-kilb.de\/www\/wp-content\/uploads\/2024\/12\/2018-10-05_Buechelberg_26-300x200.jpg 300w, https:\/\/www.oliver-kilb.de\/www\/wp-content\/uploads\/2024\/12\/2018-10-05_Buechelberg_26-768x512.jpg 768w\" sizes=\"auto, (max-width: 1200px) 100vw, 1200px\" \/><\/figure>\n\n\n\n<figure class=\"wp-block-image size-large\"><img loading=\"lazy\" decoding=\"async\" width=\"1200\" height=\"800\" data-id=\"37112\" src=\"https:\/\/www.oliver-kilb.de\/www\/wp-content\/uploads\/2024\/12\/2018-10-05_Buechelberg_27.jpg\" alt=\"\" class=\"wp-image-37112\" srcset=\"https:\/\/www.oliver-kilb.de\/www\/wp-content\/uploads\/2024\/12\/2018-10-05_Buechelberg_27.jpg 1200w, https:\/\/www.oliver-kilb.de\/www\/wp-content\/uploads\/2024\/12\/2018-10-05_Buechelberg_27-500x333.jpg 500w, https:\/\/www.oliver-kilb.de\/www\/wp-content\/uploads\/2024\/12\/2018-10-05_Buechelberg_27-300x200.jpg 300w, https:\/\/www.oliver-kilb.de\/www\/wp-content\/uploads\/2024\/12\/2018-10-05_Buechelberg_27-768x512.jpg 768w\" sizes=\"auto, (max-width: 1200px) 100vw, 1200px\" \/><\/figure>\n\n\n\n<figure class=\"wp-block-image size-large\"><img loading=\"lazy\" decoding=\"async\" width=\"1200\" height=\"800\" data-id=\"37114\" src=\"https:\/\/www.oliver-kilb.de\/www\/wp-content\/uploads\/2024\/12\/2018-10-05_Buechelberg_28.jpg\" alt=\"\" class=\"wp-image-37114\" srcset=\"https:\/\/www.oliver-kilb.de\/www\/wp-content\/uploads\/2024\/12\/2018-10-05_Buechelberg_28.jpg 1200w, https:\/\/www.oliver-kilb.de\/www\/wp-content\/uploads\/2024\/12\/2018-10-05_Buechelberg_28-500x333.jpg 500w, https:\/\/www.oliver-kilb.de\/www\/wp-content\/uploads\/2024\/12\/2018-10-05_Buechelberg_28-300x200.jpg 300w, https:\/\/www.oliver-kilb.de\/www\/wp-content\/uploads\/2024\/12\/2018-10-05_Buechelberg_28-768x512.jpg 768w\" sizes=\"auto, (max-width: 1200px) 100vw, 1200px\" \/><\/figure>\n\n\n\n<figure class=\"wp-block-image size-large\"><img loading=\"lazy\" decoding=\"async\" width=\"1200\" height=\"800\" data-id=\"37117\" src=\"https:\/\/www.oliver-kilb.de\/www\/wp-content\/uploads\/2024\/12\/2018-10-05_Buechelberg_29.jpg\" alt=\"\" class=\"wp-image-37117\" srcset=\"https:\/\/www.oliver-kilb.de\/www\/wp-content\/uploads\/2024\/12\/2018-10-05_Buechelberg_29.jpg 1200w, https:\/\/www.oliver-kilb.de\/www\/wp-content\/uploads\/2024\/12\/2018-10-05_Buechelberg_29-500x333.jpg 500w, https:\/\/www.oliver-kilb.de\/www\/wp-content\/uploads\/2024\/12\/2018-10-05_Buechelberg_29-300x200.jpg 300w, https:\/\/www.oliver-kilb.de\/www\/wp-content\/uploads\/2024\/12\/2018-10-05_Buechelberg_29-768x512.jpg 768w\" sizes=\"auto, (max-width: 1200px) 100vw, 1200px\" \/><\/figure>\n\n\n\n<figure class=\"wp-block-image size-large\"><img loading=\"lazy\" decoding=\"async\" width=\"1200\" height=\"800\" data-id=\"37118\" src=\"https:\/\/www.oliver-kilb.de\/www\/wp-content\/uploads\/2024\/12\/2018-10-05_Buechelberg_30.jpg\" alt=\"\" class=\"wp-image-37118\" srcset=\"https:\/\/www.oliver-kilb.de\/www\/wp-content\/uploads\/2024\/12\/2018-10-05_Buechelberg_30.jpg 1200w, https:\/\/www.oliver-kilb.de\/www\/wp-content\/uploads\/2024\/12\/2018-10-05_Buechelberg_30-500x333.jpg 500w, https:\/\/www.oliver-kilb.de\/www\/wp-content\/uploads\/2024\/12\/2018-10-05_Buechelberg_30-300x200.jpg 300w, https:\/\/www.oliver-kilb.de\/www\/wp-content\/uploads\/2024\/12\/2018-10-05_Buechelberg_30-768x512.jpg 768w\" sizes=\"auto, (max-width: 1200px) 100vw, 1200px\" \/><\/figure>\n\n\n\n<figure class=\"wp-block-image size-large\"><img loading=\"lazy\" decoding=\"async\" width=\"1200\" height=\"900\" data-id=\"37121\" src=\"https:\/\/www.oliver-kilb.de\/www\/wp-content\/uploads\/2024\/12\/2018-10-05_Buechelberg_31.jpg\" alt=\"\" class=\"wp-image-37121\" srcset=\"https:\/\/www.oliver-kilb.de\/www\/wp-content\/uploads\/2024\/12\/2018-10-05_Buechelberg_31.jpg 1200w, https:\/\/www.oliver-kilb.de\/www\/wp-content\/uploads\/2024\/12\/2018-10-05_Buechelberg_31-500x375.jpg 500w, https:\/\/www.oliver-kilb.de\/www\/wp-content\/uploads\/2024\/12\/2018-10-05_Buechelberg_31-300x225.jpg 300w, https:\/\/www.oliver-kilb.de\/www\/wp-content\/uploads\/2024\/12\/2018-10-05_Buechelberg_31-768x576.jpg 768w\" sizes=\"auto, (max-width: 1200px) 100vw, 1200px\" \/><\/figure>\n\n\n\n<figure class=\"wp-block-image size-large\"><img loading=\"lazy\" decoding=\"async\" width=\"1200\" height=\"900\" data-id=\"37120\" src=\"https:\/\/www.oliver-kilb.de\/www\/wp-content\/uploads\/2024\/12\/2018-10-05_Buechelberg_32.jpg\" alt=\"\" class=\"wp-image-37120\" srcset=\"https:\/\/www.oliver-kilb.de\/www\/wp-content\/uploads\/2024\/12\/2018-10-05_Buechelberg_32.jpg 1200w, https:\/\/www.oliver-kilb.de\/www\/wp-content\/uploads\/2024\/12\/2018-10-05_Buechelberg_32-500x375.jpg 500w, https:\/\/www.oliver-kilb.de\/www\/wp-content\/uploads\/2024\/12\/2018-10-05_Buechelberg_32-300x225.jpg 300w, https:\/\/www.oliver-kilb.de\/www\/wp-content\/uploads\/2024\/12\/2018-10-05_Buechelberg_32-768x576.jpg 768w\" sizes=\"auto, (max-width: 1200px) 100vw, 1200px\" \/><\/figure>\n\n\n\n<figure class=\"wp-block-image size-large\"><img loading=\"lazy\" decoding=\"async\" width=\"1200\" height=\"900\" data-id=\"37123\" src=\"https:\/\/www.oliver-kilb.de\/www\/wp-content\/uploads\/2024\/12\/2018-10-05_Buechelberg_33.jpg\" alt=\"\" class=\"wp-image-37123\" srcset=\"https:\/\/www.oliver-kilb.de\/www\/wp-content\/uploads\/2024\/12\/2018-10-05_Buechelberg_33.jpg 1200w, https:\/\/www.oliver-kilb.de\/www\/wp-content\/uploads\/2024\/12\/2018-10-05_Buechelberg_33-500x375.jpg 500w, https:\/\/www.oliver-kilb.de\/www\/wp-content\/uploads\/2024\/12\/2018-10-05_Buechelberg_33-300x225.jpg 300w, https:\/\/www.oliver-kilb.de\/www\/wp-content\/uploads\/2024\/12\/2018-10-05_Buechelberg_33-768x576.jpg 768w\" sizes=\"auto, (max-width: 1200px) 100vw, 1200px\" \/><\/figure>\n\n\n\n<figure class=\"wp-block-image size-large\"><img loading=\"lazy\" decoding=\"async\" width=\"1200\" height=\"900\" data-id=\"37122\" src=\"https:\/\/www.oliver-kilb.de\/www\/wp-content\/uploads\/2024\/12\/2018-10-05_Buechelberg_35.jpg\" alt=\"\" class=\"wp-image-37122\" srcset=\"https:\/\/www.oliver-kilb.de\/www\/wp-content\/uploads\/2024\/12\/2018-10-05_Buechelberg_35.jpg 1200w, https:\/\/www.oliver-kilb.de\/www\/wp-content\/uploads\/2024\/12\/2018-10-05_Buechelberg_35-500x375.jpg 500w, https:\/\/www.oliver-kilb.de\/www\/wp-content\/uploads\/2024\/12\/2018-10-05_Buechelberg_35-300x225.jpg 300w, https:\/\/www.oliver-kilb.de\/www\/wp-content\/uploads\/2024\/12\/2018-10-05_Buechelberg_35-768x576.jpg 768w\" sizes=\"auto, (max-width: 1200px) 100vw, 1200px\" \/><\/figure>\n\n\n\n<figure class=\"wp-block-image size-large\"><img loading=\"lazy\" decoding=\"async\" width=\"1200\" height=\"900\" data-id=\"37119\" src=\"https:\/\/www.oliver-kilb.de\/www\/wp-content\/uploads\/2024\/12\/2018-10-05_Buechelberg_38.jpg\" alt=\"\" class=\"wp-image-37119\" srcset=\"https:\/\/www.oliver-kilb.de\/www\/wp-content\/uploads\/2024\/12\/2018-10-05_Buechelberg_38.jpg 1200w, https:\/\/www.oliver-kilb.de\/www\/wp-content\/uploads\/2024\/12\/2018-10-05_Buechelberg_38-500x375.jpg 500w, https:\/\/www.oliver-kilb.de\/www\/wp-content\/uploads\/2024\/12\/2018-10-05_Buechelberg_38-300x225.jpg 300w, https:\/\/www.oliver-kilb.de\/www\/wp-content\/uploads\/2024\/12\/2018-10-05_Buechelberg_38-768x576.jpg 768w\" sizes=\"auto, (max-width: 1200px) 100vw, 1200px\" \/><\/figure>\n\n\n\n<figure class=\"wp-block-image size-large\"><img loading=\"lazy\" decoding=\"async\" width=\"1200\" height=\"900\" data-id=\"37124\" src=\"https:\/\/www.oliver-kilb.de\/www\/wp-content\/uploads\/2024\/12\/2018-10-05_Buechelberg_39.jpg\" alt=\"\" class=\"wp-image-37124\" srcset=\"https:\/\/www.oliver-kilb.de\/www\/wp-content\/uploads\/2024\/12\/2018-10-05_Buechelberg_39.jpg 1200w, https:\/\/www.oliver-kilb.de\/www\/wp-content\/uploads\/2024\/12\/2018-10-05_Buechelberg_39-500x375.jpg 500w, https:\/\/www.oliver-kilb.de\/www\/wp-content\/uploads\/2024\/12\/2018-10-05_Buechelberg_39-300x225.jpg 300w, https:\/\/www.oliver-kilb.de\/www\/wp-content\/uploads\/2024\/12\/2018-10-05_Buechelberg_39-768x576.jpg 768w\" sizes=\"auto, (max-width: 1200px) 100vw, 1200px\" \/><\/figure>\n<\/figure>\n\n\n\n<hr class=\"wp-block-separator has-alpha-channel-opacity\"\/>\n\n\n\n<figure class=\"wp-block-video\"><video height=\"720\" style=\"aspect-ratio: 1280 \/ 720;\" width=\"1280\" controls poster=\"https:\/\/www.oliver-kilb.de\/www\/wp-content\/uploads\/2024\/12\/wein_titel.jpg\" src=\"https:\/\/www.oliver-kilb.de\/www\/wp-content\/uploads\/2024\/12\/wein.mp4\"><\/video><\/figure>\n\n\n\n<p><em>Die Wanderung fand am 5. Oktober 2018 statt.<\/em><\/p>\n","protected":false},"excerpt":{"rendered":"<p>Der B\u00fcchelberg, auch &#8222;B\u00fcchelbergspitze&#8220;, &#8222;Bichlberg&#8220; oder &#8222;Monte Faggiola&#8220; genannt, ist 2.579m hoch und nicht \u00fcber normale Wanderwege zu besteigen, was ihn zu einem tollen Ziel macht, wenn man sich die Besteigung zutraut.<\/p>\n","protected":false},"author":1,"featured_media":37098,"comment_status":"open","ping_status":"open","sticky":false,"template":"","format":"standard","meta":{"iawp_total_views":3,"footnotes":""},"categories":[15,71],"tags":[750,752,749,751],"class_list":["post-37086","post","type-post","status-publish","format-standard","has-post-thumbnail","hentry","category-blog","category-ultental-suedtirol","tag-bichlberg","tag-buechelalm","tag-buechelberg","tag-monte-faggiola"],"yoast_head":"<!-- This site is optimized with the Yoast SEO plugin v27.3 - https:\/\/yoast.com\/product\/yoast-seo-wordpress\/ -->\n<title>Auf den B\u00fcchelberg (&quot;Bichlberg&quot;) auf 2.579m. - Japan, Wandern und Multimedia<\/title>\n<meta name=\"description\" content=\"Der B\u00fcchelberg, auch &quot;B\u00fcchelbergspitze&quot; oder &quot;Bichlberg&quot; genannt, ist 2.579m hoch und nicht \u00fcber normale Wanderwege zu besteigen.\" \/>\n<meta name=\"robots\" content=\"index, follow, max-snippet:-1, max-image-preview:large, max-video-preview:-1\" \/>\n<link rel=\"canonical\" href=\"https:\/\/www.oliver-kilb.de\/www\/2018\/10\/17\/auf-den-buechelberg-bichlberg-auf-2-579m\/\" \/>\n<meta property=\"og:locale\" content=\"de_DE\" \/>\n<meta property=\"og:type\" content=\"article\" \/>\n<meta property=\"og:title\" content=\"Auf den B\u00fcchelberg (&quot;Bichlberg&quot;) auf 2.579m. - Japan, Wandern und Multimedia\" \/>\n<meta property=\"og:description\" content=\"Der B\u00fcchelberg, auch &quot;B\u00fcchelbergspitze&quot; oder &quot;Bichlberg&quot; genannt, ist 2.579m hoch und nicht \u00fcber normale Wanderwege zu besteigen.\" \/>\n<meta property=\"og:url\" content=\"https:\/\/www.oliver-kilb.de\/www\/2018\/10\/17\/auf-den-buechelberg-bichlberg-auf-2-579m\/\" \/>\n<meta property=\"og:site_name\" content=\"Japan, Wandern und Multimedia\" \/>\n<meta property=\"article:published_time\" content=\"2018-10-17T16:44:00+00:00\" \/>\n<meta property=\"article:modified_time\" content=\"2024-12-14T17:52:17+00:00\" \/>\n<meta property=\"og:image\" content=\"https:\/\/www.oliver-kilb.de\/www\/wp-content\/uploads\/2024\/12\/2018-10-05_Buechelberg_34.jpg\" \/>\n\t<meta property=\"og:image:width\" content=\"1200\" \/>\n\t<meta property=\"og:image:height\" content=\"900\" \/>\n\t<meta property=\"og:image:type\" content=\"image\/jpeg\" \/>\n<meta name=\"author\" content=\"Oliver Kilb\" \/>\n<meta name=\"twitter:card\" content=\"summary_large_image\" \/>\n<meta name=\"twitter:label1\" content=\"Verfasst von\" \/>\n\t<meta name=\"twitter:data1\" content=\"Oliver Kilb\" \/>\n\t<meta name=\"twitter:label2\" content=\"Gesch\u00e4tzte Lesezeit\" \/>\n\t<meta name=\"twitter:data2\" content=\"11\u00a0Minuten\" \/>\n<script type=\"application\/ld+json\" class=\"yoast-schema-graph\">{\"@context\":\"https:\\\/\\\/schema.org\",\"@graph\":[{\"@type\":\"Article\",\"@id\":\"https:\\\/\\\/www.oliver-kilb.de\\\/www\\\/2018\\\/10\\\/17\\\/auf-den-buechelberg-bichlberg-auf-2-579m\\\/#article\",\"isPartOf\":{\"@id\":\"https:\\\/\\\/www.oliver-kilb.de\\\/www\\\/2018\\\/10\\\/17\\\/auf-den-buechelberg-bichlberg-auf-2-579m\\\/\"},\"author\":{\"name\":\"Oliver Kilb\",\"@id\":\"https:\\\/\\\/www.oliver-kilb.de\\\/www\\\/#\\\/schema\\\/person\\\/c2b19a881050135aa248a8851b7b4250\"},\"headline\":\"Auf den B\u00fcchelberg (&#8222;Bichlberg&#8220;) auf 2.579m.\",\"datePublished\":\"2018-10-17T16:44:00+00:00\",\"dateModified\":\"2024-12-14T17:52:17+00:00\",\"mainEntityOfPage\":{\"@id\":\"https:\\\/\\\/www.oliver-kilb.de\\\/www\\\/2018\\\/10\\\/17\\\/auf-den-buechelberg-bichlberg-auf-2-579m\\\/\"},\"wordCount\":491,\"commentCount\":0,\"publisher\":{\"@id\":\"https:\\\/\\\/www.oliver-kilb.de\\\/www\\\/#organization\"},\"image\":{\"@id\":\"https:\\\/\\\/www.oliver-kilb.de\\\/www\\\/2018\\\/10\\\/17\\\/auf-den-buechelberg-bichlberg-auf-2-579m\\\/#primaryimage\"},\"thumbnailUrl\":\"https:\\\/\\\/www.oliver-kilb.de\\\/www\\\/wp-content\\\/uploads\\\/2024\\\/12\\\/2018-10-05_Buechelberg_34.jpg\",\"keywords\":[\"Bichlberg\",\"B\u00fcchelalm\",\"B\u00fcchelberg\",\"Monte Faggiola\"],\"articleSection\":[\"Blog\",\"Ultental\"],\"inLanguage\":\"de\",\"potentialAction\":[{\"@type\":\"CommentAction\",\"name\":\"Comment\",\"target\":[\"https:\\\/\\\/www.oliver-kilb.de\\\/www\\\/2018\\\/10\\\/17\\\/auf-den-buechelberg-bichlberg-auf-2-579m\\\/#respond\"]}]},{\"@type\":\"WebPage\",\"@id\":\"https:\\\/\\\/www.oliver-kilb.de\\\/www\\\/2018\\\/10\\\/17\\\/auf-den-buechelberg-bichlberg-auf-2-579m\\\/\",\"url\":\"https:\\\/\\\/www.oliver-kilb.de\\\/www\\\/2018\\\/10\\\/17\\\/auf-den-buechelberg-bichlberg-auf-2-579m\\\/\",\"name\":\"Auf den B\u00fcchelberg (\\\"Bichlberg\\\") auf 2.579m. - Japan, Wandern und Multimedia\",\"isPartOf\":{\"@id\":\"https:\\\/\\\/www.oliver-kilb.de\\\/www\\\/#website\"},\"primaryImageOfPage\":{\"@id\":\"https:\\\/\\\/www.oliver-kilb.de\\\/www\\\/2018\\\/10\\\/17\\\/auf-den-buechelberg-bichlberg-auf-2-579m\\\/#primaryimage\"},\"image\":{\"@id\":\"https:\\\/\\\/www.oliver-kilb.de\\\/www\\\/2018\\\/10\\\/17\\\/auf-den-buechelberg-bichlberg-auf-2-579m\\\/#primaryimage\"},\"thumbnailUrl\":\"https:\\\/\\\/www.oliver-kilb.de\\\/www\\\/wp-content\\\/uploads\\\/2024\\\/12\\\/2018-10-05_Buechelberg_34.jpg\",\"datePublished\":\"2018-10-17T16:44:00+00:00\",\"dateModified\":\"2024-12-14T17:52:17+00:00\",\"description\":\"Der B\u00fcchelberg, auch \\\"B\u00fcchelbergspitze\\\" oder \\\"Bichlberg\\\" genannt, ist 2.579m hoch und nicht \u00fcber normale Wanderwege zu besteigen.\",\"breadcrumb\":{\"@id\":\"https:\\\/\\\/www.oliver-kilb.de\\\/www\\\/2018\\\/10\\\/17\\\/auf-den-buechelberg-bichlberg-auf-2-579m\\\/#breadcrumb\"},\"inLanguage\":\"de\",\"potentialAction\":[{\"@type\":\"ReadAction\",\"target\":[\"https:\\\/\\\/www.oliver-kilb.de\\\/www\\\/2018\\\/10\\\/17\\\/auf-den-buechelberg-bichlberg-auf-2-579m\\\/\"]}]},{\"@type\":\"ImageObject\",\"inLanguage\":\"de\",\"@id\":\"https:\\\/\\\/www.oliver-kilb.de\\\/www\\\/2018\\\/10\\\/17\\\/auf-den-buechelberg-bichlberg-auf-2-579m\\\/#primaryimage\",\"url\":\"https:\\\/\\\/www.oliver-kilb.de\\\/www\\\/wp-content\\\/uploads\\\/2024\\\/12\\\/2018-10-05_Buechelberg_34.jpg\",\"contentUrl\":\"https:\\\/\\\/www.oliver-kilb.de\\\/www\\\/wp-content\\\/uploads\\\/2024\\\/12\\\/2018-10-05_Buechelberg_34.jpg\",\"width\":1200,\"height\":900},{\"@type\":\"BreadcrumbList\",\"@id\":\"https:\\\/\\\/www.oliver-kilb.de\\\/www\\\/2018\\\/10\\\/17\\\/auf-den-buechelberg-bichlberg-auf-2-579m\\\/#breadcrumb\",\"itemListElement\":[{\"@type\":\"ListItem\",\"position\":1,\"name\":\"Startseite\",\"item\":\"https:\\\/\\\/www.oliver-kilb.de\\\/www\\\/\"},{\"@type\":\"ListItem\",\"position\":2,\"name\":\"Auf den B\u00fcchelberg (&#8222;Bichlberg&#8220;) auf 2.579m.\"}]},{\"@type\":\"WebSite\",\"@id\":\"https:\\\/\\\/www.oliver-kilb.de\\\/www\\\/#website\",\"url\":\"https:\\\/\\\/www.oliver-kilb.de\\\/www\\\/\",\"name\":\"Japan, Wandern und Multimedia\",\"description\":\"\",\"publisher\":{\"@id\":\"https:\\\/\\\/www.oliver-kilb.de\\\/www\\\/#organization\"},\"potentialAction\":[{\"@type\":\"SearchAction\",\"target\":{\"@type\":\"EntryPoint\",\"urlTemplate\":\"https:\\\/\\\/www.oliver-kilb.de\\\/www\\\/?s={search_term_string}\"},\"query-input\":{\"@type\":\"PropertyValueSpecification\",\"valueRequired\":true,\"valueName\":\"search_term_string\"}}],\"inLanguage\":\"de\"},{\"@type\":\"Organization\",\"@id\":\"https:\\\/\\\/www.oliver-kilb.de\\\/www\\\/#organization\",\"name\":\"Japan, Wandern und Multimedia\",\"url\":\"https:\\\/\\\/www.oliver-kilb.de\\\/www\\\/\",\"logo\":{\"@type\":\"ImageObject\",\"inLanguage\":\"de\",\"@id\":\"https:\\\/\\\/www.oliver-kilb.de\\\/www\\\/#\\\/schema\\\/logo\\\/image\\\/\",\"url\":\"https:\\\/\\\/www.oliver-kilb.de\\\/www\\\/wp-content\\\/uploads\\\/2024\\\/07\\\/Fushimi-Inari-Schrein_075_DxO.jpg\",\"contentUrl\":\"https:\\\/\\\/www.oliver-kilb.de\\\/www\\\/wp-content\\\/uploads\\\/2024\\\/07\\\/Fushimi-Inari-Schrein_075_DxO.jpg\",\"width\":1380,\"height\":301,\"caption\":\"Japan, Wandern und Multimedia\"},\"image\":{\"@id\":\"https:\\\/\\\/www.oliver-kilb.de\\\/www\\\/#\\\/schema\\\/logo\\\/image\\\/\"}},{\"@type\":\"Person\",\"@id\":\"https:\\\/\\\/www.oliver-kilb.de\\\/www\\\/#\\\/schema\\\/person\\\/c2b19a881050135aa248a8851b7b4250\",\"name\":\"Oliver Kilb\",\"image\":{\"@type\":\"ImageObject\",\"inLanguage\":\"de\",\"@id\":\"https:\\\/\\\/secure.gravatar.com\\\/avatar\\\/4da50eb2c6eb71b0641229eed4a38d05c8d4b458a59355cca0d02b57303d6ffd?s=96&d=mm&r=g\",\"url\":\"https:\\\/\\\/secure.gravatar.com\\\/avatar\\\/4da50eb2c6eb71b0641229eed4a38d05c8d4b458a59355cca0d02b57303d6ffd?s=96&d=mm&r=g\",\"contentUrl\":\"https:\\\/\\\/secure.gravatar.com\\\/avatar\\\/4da50eb2c6eb71b0641229eed4a38d05c8d4b458a59355cca0d02b57303d6ffd?s=96&d=mm&r=g\",\"caption\":\"Oliver Kilb\"},\"sameAs\":[\"https:\\\/\\\/www.oliver-kilb.de\\\/www\"],\"url\":\"https:\\\/\\\/www.oliver-kilb.de\\\/www\\\/author\\\/oliver-kilb\\\/\"}]}<\/script>\n<!-- \/ Yoast SEO plugin. -->","yoast_head_json":{"title":"Auf den B\u00fcchelberg (\"Bichlberg\") auf 2.579m. - Japan, Wandern und Multimedia","description":"Der B\u00fcchelberg, auch \"B\u00fcchelbergspitze\" oder \"Bichlberg\" genannt, ist 2.579m hoch und nicht \u00fcber normale Wanderwege zu besteigen.","robots":{"index":"index","follow":"follow","max-snippet":"max-snippet:-1","max-image-preview":"max-image-preview:large","max-video-preview":"max-video-preview:-1"},"canonical":"https:\/\/www.oliver-kilb.de\/www\/2018\/10\/17\/auf-den-buechelberg-bichlberg-auf-2-579m\/","og_locale":"de_DE","og_type":"article","og_title":"Auf den B\u00fcchelberg (\"Bichlberg\") auf 2.579m. - Japan, Wandern und Multimedia","og_description":"Der B\u00fcchelberg, auch \"B\u00fcchelbergspitze\" oder \"Bichlberg\" genannt, ist 2.579m hoch und nicht \u00fcber normale Wanderwege zu besteigen.","og_url":"https:\/\/www.oliver-kilb.de\/www\/2018\/10\/17\/auf-den-buechelberg-bichlberg-auf-2-579m\/","og_site_name":"Japan, Wandern und Multimedia","article_published_time":"2018-10-17T16:44:00+00:00","article_modified_time":"2024-12-14T17:52:17+00:00","og_image":[{"width":1200,"height":900,"url":"https:\/\/www.oliver-kilb.de\/www\/wp-content\/uploads\/2024\/12\/2018-10-05_Buechelberg_34.jpg","type":"image\/jpeg"}],"author":"Oliver Kilb","twitter_card":"summary_large_image","twitter_misc":{"Verfasst von":"Oliver Kilb","Gesch\u00e4tzte Lesezeit":"11\u00a0Minuten"},"schema":{"@context":"https:\/\/schema.org","@graph":[{"@type":"Article","@id":"https:\/\/www.oliver-kilb.de\/www\/2018\/10\/17\/auf-den-buechelberg-bichlberg-auf-2-579m\/#article","isPartOf":{"@id":"https:\/\/www.oliver-kilb.de\/www\/2018\/10\/17\/auf-den-buechelberg-bichlberg-auf-2-579m\/"},"author":{"name":"Oliver Kilb","@id":"https:\/\/www.oliver-kilb.de\/www\/#\/schema\/person\/c2b19a881050135aa248a8851b7b4250"},"headline":"Auf den B\u00fcchelberg (&#8222;Bichlberg&#8220;) auf 2.579m.","datePublished":"2018-10-17T16:44:00+00:00","dateModified":"2024-12-14T17:52:17+00:00","mainEntityOfPage":{"@id":"https:\/\/www.oliver-kilb.de\/www\/2018\/10\/17\/auf-den-buechelberg-bichlberg-auf-2-579m\/"},"wordCount":491,"commentCount":0,"publisher":{"@id":"https:\/\/www.oliver-kilb.de\/www\/#organization"},"image":{"@id":"https:\/\/www.oliver-kilb.de\/www\/2018\/10\/17\/auf-den-buechelberg-bichlberg-auf-2-579m\/#primaryimage"},"thumbnailUrl":"https:\/\/www.oliver-kilb.de\/www\/wp-content\/uploads\/2024\/12\/2018-10-05_Buechelberg_34.jpg","keywords":["Bichlberg","B\u00fcchelalm","B\u00fcchelberg","Monte Faggiola"],"articleSection":["Blog","Ultental"],"inLanguage":"de","potentialAction":[{"@type":"CommentAction","name":"Comment","target":["https:\/\/www.oliver-kilb.de\/www\/2018\/10\/17\/auf-den-buechelberg-bichlberg-auf-2-579m\/#respond"]}]},{"@type":"WebPage","@id":"https:\/\/www.oliver-kilb.de\/www\/2018\/10\/17\/auf-den-buechelberg-bichlberg-auf-2-579m\/","url":"https:\/\/www.oliver-kilb.de\/www\/2018\/10\/17\/auf-den-buechelberg-bichlberg-auf-2-579m\/","name":"Auf den B\u00fcchelberg (\"Bichlberg\") auf 2.579m. - Japan, Wandern und Multimedia","isPartOf":{"@id":"https:\/\/www.oliver-kilb.de\/www\/#website"},"primaryImageOfPage":{"@id":"https:\/\/www.oliver-kilb.de\/www\/2018\/10\/17\/auf-den-buechelberg-bichlberg-auf-2-579m\/#primaryimage"},"image":{"@id":"https:\/\/www.oliver-kilb.de\/www\/2018\/10\/17\/auf-den-buechelberg-bichlberg-auf-2-579m\/#primaryimage"},"thumbnailUrl":"https:\/\/www.oliver-kilb.de\/www\/wp-content\/uploads\/2024\/12\/2018-10-05_Buechelberg_34.jpg","datePublished":"2018-10-17T16:44:00+00:00","dateModified":"2024-12-14T17:52:17+00:00","description":"Der B\u00fcchelberg, auch \"B\u00fcchelbergspitze\" oder \"Bichlberg\" genannt, ist 2.579m hoch und nicht \u00fcber normale Wanderwege zu besteigen.","breadcrumb":{"@id":"https:\/\/www.oliver-kilb.de\/www\/2018\/10\/17\/auf-den-buechelberg-bichlberg-auf-2-579m\/#breadcrumb"},"inLanguage":"de","potentialAction":[{"@type":"ReadAction","target":["https:\/\/www.oliver-kilb.de\/www\/2018\/10\/17\/auf-den-buechelberg-bichlberg-auf-2-579m\/"]}]},{"@type":"ImageObject","inLanguage":"de","@id":"https:\/\/www.oliver-kilb.de\/www\/2018\/10\/17\/auf-den-buechelberg-bichlberg-auf-2-579m\/#primaryimage","url":"https:\/\/www.oliver-kilb.de\/www\/wp-content\/uploads\/2024\/12\/2018-10-05_Buechelberg_34.jpg","contentUrl":"https:\/\/www.oliver-kilb.de\/www\/wp-content\/uploads\/2024\/12\/2018-10-05_Buechelberg_34.jpg","width":1200,"height":900},{"@type":"BreadcrumbList","@id":"https:\/\/www.oliver-kilb.de\/www\/2018\/10\/17\/auf-den-buechelberg-bichlberg-auf-2-579m\/#breadcrumb","itemListElement":[{"@type":"ListItem","position":1,"name":"Startseite","item":"https:\/\/www.oliver-kilb.de\/www\/"},{"@type":"ListItem","position":2,"name":"Auf den B\u00fcchelberg (&#8222;Bichlberg&#8220;) auf 2.579m."}]},{"@type":"WebSite","@id":"https:\/\/www.oliver-kilb.de\/www\/#website","url":"https:\/\/www.oliver-kilb.de\/www\/","name":"Japan, Wandern und Multimedia","description":"","publisher":{"@id":"https:\/\/www.oliver-kilb.de\/www\/#organization"},"potentialAction":[{"@type":"SearchAction","target":{"@type":"EntryPoint","urlTemplate":"https:\/\/www.oliver-kilb.de\/www\/?s={search_term_string}"},"query-input":{"@type":"PropertyValueSpecification","valueRequired":true,"valueName":"search_term_string"}}],"inLanguage":"de"},{"@type":"Organization","@id":"https:\/\/www.oliver-kilb.de\/www\/#organization","name":"Japan, Wandern und Multimedia","url":"https:\/\/www.oliver-kilb.de\/www\/","logo":{"@type":"ImageObject","inLanguage":"de","@id":"https:\/\/www.oliver-kilb.de\/www\/#\/schema\/logo\/image\/","url":"https:\/\/www.oliver-kilb.de\/www\/wp-content\/uploads\/2024\/07\/Fushimi-Inari-Schrein_075_DxO.jpg","contentUrl":"https:\/\/www.oliver-kilb.de\/www\/wp-content\/uploads\/2024\/07\/Fushimi-Inari-Schrein_075_DxO.jpg","width":1380,"height":301,"caption":"Japan, Wandern und Multimedia"},"image":{"@id":"https:\/\/www.oliver-kilb.de\/www\/#\/schema\/logo\/image\/"}},{"@type":"Person","@id":"https:\/\/www.oliver-kilb.de\/www\/#\/schema\/person\/c2b19a881050135aa248a8851b7b4250","name":"Oliver Kilb","image":{"@type":"ImageObject","inLanguage":"de","@id":"https:\/\/secure.gravatar.com\/avatar\/4da50eb2c6eb71b0641229eed4a38d05c8d4b458a59355cca0d02b57303d6ffd?s=96&d=mm&r=g","url":"https:\/\/secure.gravatar.com\/avatar\/4da50eb2c6eb71b0641229eed4a38d05c8d4b458a59355cca0d02b57303d6ffd?s=96&d=mm&r=g","contentUrl":"https:\/\/secure.gravatar.com\/avatar\/4da50eb2c6eb71b0641229eed4a38d05c8d4b458a59355cca0d02b57303d6ffd?s=96&d=mm&r=g","caption":"Oliver Kilb"},"sameAs":["https:\/\/www.oliver-kilb.de\/www"],"url":"https:\/\/www.oliver-kilb.de\/www\/author\/oliver-kilb\/"}]}},"amp_enabled":true,"_links":{"self":[{"href":"https:\/\/www.oliver-kilb.de\/www\/wp-json\/wp\/v2\/posts\/37086","targetHints":{"allow":["GET"]}}],"collection":[{"href":"https:\/\/www.oliver-kilb.de\/www\/wp-json\/wp\/v2\/posts"}],"about":[{"href":"https:\/\/www.oliver-kilb.de\/www\/wp-json\/wp\/v2\/types\/post"}],"author":[{"embeddable":true,"href":"https:\/\/www.oliver-kilb.de\/www\/wp-json\/wp\/v2\/users\/1"}],"replies":[{"embeddable":true,"href":"https:\/\/www.oliver-kilb.de\/www\/wp-json\/wp\/v2\/comments?post=37086"}],"version-history":[{"count":2,"href":"https:\/\/www.oliver-kilb.de\/www\/wp-json\/wp\/v2\/posts\/37086\/revisions"}],"predecessor-version":[{"id":37128,"href":"https:\/\/www.oliver-kilb.de\/www\/wp-json\/wp\/v2\/posts\/37086\/revisions\/37128"}],"wp:featuredmedia":[{"embeddable":true,"href":"https:\/\/www.oliver-kilb.de\/www\/wp-json\/wp\/v2\/media\/37098"}],"wp:attachment":[{"href":"https:\/\/www.oliver-kilb.de\/www\/wp-json\/wp\/v2\/media?parent=37086"}],"wp:term":[{"taxonomy":"category","embeddable":true,"href":"https:\/\/www.oliver-kilb.de\/www\/wp-json\/wp\/v2\/categories?post=37086"},{"taxonomy":"post_tag","embeddable":true,"href":"https:\/\/www.oliver-kilb.de\/www\/wp-json\/wp\/v2\/tags?post=37086"}],"curies":[{"name":"wp","href":"https:\/\/api.w.org\/{rel}","templated":true}]}}