{"id":37006,"date":"2018-08-15T17:20:00","date_gmt":"2018-08-15T15:20:00","guid":{"rendered":"https:\/\/www.oliver-kilb.de\/www\/?p=37006"},"modified":"2024-12-14T17:30:46","modified_gmt":"2024-12-14T16:30:46","slug":"ueber-die-steinerne-agnes-zum-karkopf-1-738m","status":"publish","type":"post","link":"https:\/\/www.oliver-kilb.de\/www\/2018\/08\/15\/ueber-die-steinerne-agnes-zum-karkopf-1-738m\/","title":{"rendered":"\u00dcber die Steinerne Agnes zum Karkopf (1.738m)."},"content":{"rendered":"\n<p><strong>Montgelasnase, Steinerne Agnes, Karkopf, Predigtstuhl &#8211; diese Orte passiert man auf dieser sch\u00f6nen Wanderung, die in Hallthurm nahe Bad Reichenhall beginnt.<\/strong><\/p>\n\n\n\n<h2 class=\"wp-block-heading\">Vom Parkplatz zur Steinernen Agnes.<\/h2>\n\n\n<div class=\"wp-block-image\">\n<figure class=\"alignleft size-full is-resized\"><a href=\"https:\/\/www.oliver-kilb.de\/www\/wp-content\/uploads\/2024\/12\/2018-07-01_Karlkopf_01.jpg\"><img loading=\"lazy\" decoding=\"async\" width=\"1200\" height=\"900\" src=\"https:\/\/www.oliver-kilb.de\/www\/wp-content\/uploads\/2024\/12\/2018-07-01_Karlkopf_01.jpg\" alt=\"\" class=\"wp-image-37008\" style=\"width:300px\" srcset=\"https:\/\/www.oliver-kilb.de\/www\/wp-content\/uploads\/2024\/12\/2018-07-01_Karlkopf_01.jpg 1200w, https:\/\/www.oliver-kilb.de\/www\/wp-content\/uploads\/2024\/12\/2018-07-01_Karlkopf_01-500x375.jpg 500w, https:\/\/www.oliver-kilb.de\/www\/wp-content\/uploads\/2024\/12\/2018-07-01_Karlkopf_01-300x225.jpg 300w, https:\/\/www.oliver-kilb.de\/www\/wp-content\/uploads\/2024\/12\/2018-07-01_Karlkopf_01-768x576.jpg 768w\" sizes=\"auto, (max-width: 1200px) 100vw, 1200px\" \/><\/a><figcaption class=\"wp-element-caption\">Eine erste Ausbuchtung<\/figcaption><\/figure>\n<\/div>\n\n\n<p>In <a href=\"https:\/\/de.wikipedia.org\/wiki\/Hallthurm\" target=\"_blank\" rel=\"noreferrer noopener\">Hallthurm<\/a> s\u00fcdlich von <a href=\"https:\/\/de.wikipedia.org\/wiki\/Bad_Reichenhall\" target=\"_blank\" rel=\"noreferrer noopener\">Bad Reichenhall<\/a> gibt es mehrere Wanderparkpl\u00e4tze &#8211; je nachdem, ob man auf den <a href=\"https:\/\/de.wikipedia.org\/wiki\/Untersberg\" target=\"_blank\" rel=\"noreferrer noopener\">Untersberg<\/a> m\u00f6chte oder Richtung Karkopf. <a href=\"https:\/\/de.wikipedia.org\/wiki\/Karkopf\" target=\"_blank\" rel=\"noreferrer noopener\">F\u00fcr letztere Wanderung<\/a> ist der Parkplatz &#8222;Steinerne Hexe&#8220; kurz nach dem Bahn\u00fcbergang auf der rechten Seite ideal. <\/p>\n\n\n\n<p>Hier startet die Tour, die nach ca. 4 bis 4,5 Stunden auf dem 1.738m hohen Gipfel enden wird. Zuerst geht es noch auf einem Forstweg, doch schon bald zweigt Weg 469 rechts ab und nun geht es ca. 700 H\u00f6henmeter gleichm\u00e4\u00dfig hinauf, bis man die ersten Panorama-Aussichten genie\u00dfen kann.<\/p>\n\n\n<div class=\"wp-block-image\">\n<figure class=\"alignright size-full is-resized\"><a href=\"https:\/\/www.oliver-kilb.de\/www\/wp-content\/uploads\/2024\/12\/2018-07-01_Karlkopf_11.jpg\"><img loading=\"lazy\" decoding=\"async\" width=\"1200\" height=\"800\" src=\"https:\/\/www.oliver-kilb.de\/www\/wp-content\/uploads\/2024\/12\/2018-07-01_Karlkopf_11.jpg\" alt=\"\" class=\"wp-image-37009\" style=\"width:300px\" srcset=\"https:\/\/www.oliver-kilb.de\/www\/wp-content\/uploads\/2024\/12\/2018-07-01_Karlkopf_11.jpg 1200w, https:\/\/www.oliver-kilb.de\/www\/wp-content\/uploads\/2024\/12\/2018-07-01_Karlkopf_11-500x333.jpg 500w, https:\/\/www.oliver-kilb.de\/www\/wp-content\/uploads\/2024\/12\/2018-07-01_Karlkopf_11-300x200.jpg 300w, https:\/\/www.oliver-kilb.de\/www\/wp-content\/uploads\/2024\/12\/2018-07-01_Karlkopf_11-768x512.jpg 768w\" sizes=\"auto, (max-width: 1200px) 100vw, 1200px\" \/><\/a><figcaption class=\"wp-element-caption\">Die Steinerne Agnes<\/figcaption><\/figure>\n<\/div>\n\n\n<p>Nach ungef\u00e4hr 2,5 Stunden kommt man rechterhand an einer auf den ersten Blick unscheinbaren Felsformation vorbei, die aber unter dem Namen &#8222;<a href=\"https:\/\/de.wikipedia.org\/wiki\/Steinerne_Agnes\" target=\"_blank\" rel=\"noreferrer noopener\">Steinerne Agnes<\/a>&#8220; lokal ber\u00fchmt ist. <\/p>\n\n\n\n<p>Zu ihr gibt es verschiedene Legenden, die eines gemeinsam haben: Bevor sie versteinert wurde, war Agnes eine Frau aus Fleisch und Blut. Von der H\u00f6he des Weges sieht der Felsen nicht besonders aus, aber wenn man dem Pfad folgt, der an ihr entlanggeht und wenn man von oben auf sie sieht, gewinnt die Formation deutlich an Profil.<\/p>\n\n\n\n<figure class=\"wp-block-gallery has-nested-images columns-default is-cropped wp-block-gallery-1 is-layout-flex wp-block-gallery-is-layout-flex\">\n<figure class=\"wp-block-image size-large\"><img loading=\"lazy\" decoding=\"async\" width=\"1200\" height=\"900\" data-id=\"37014\" src=\"https:\/\/www.oliver-kilb.de\/www\/wp-content\/uploads\/2024\/12\/2018-07-01_Karlkopf_02.jpg\" alt=\"\" class=\"wp-image-37014\" srcset=\"https:\/\/www.oliver-kilb.de\/www\/wp-content\/uploads\/2024\/12\/2018-07-01_Karlkopf_02.jpg 1200w, https:\/\/www.oliver-kilb.de\/www\/wp-content\/uploads\/2024\/12\/2018-07-01_Karlkopf_02-500x375.jpg 500w, https:\/\/www.oliver-kilb.de\/www\/wp-content\/uploads\/2024\/12\/2018-07-01_Karlkopf_02-300x225.jpg 300w, https:\/\/www.oliver-kilb.de\/www\/wp-content\/uploads\/2024\/12\/2018-07-01_Karlkopf_02-768x576.jpg 768w\" sizes=\"auto, (max-width: 1200px) 100vw, 1200px\" \/><\/figure>\n\n\n\n<figure class=\"wp-block-image size-large\"><img loading=\"lazy\" decoding=\"async\" width=\"1200\" height=\"900\" data-id=\"37015\" src=\"https:\/\/www.oliver-kilb.de\/www\/wp-content\/uploads\/2024\/12\/2018-07-01_Karlkopf_03.jpg\" alt=\"\" class=\"wp-image-37015\" srcset=\"https:\/\/www.oliver-kilb.de\/www\/wp-content\/uploads\/2024\/12\/2018-07-01_Karlkopf_03.jpg 1200w, https:\/\/www.oliver-kilb.de\/www\/wp-content\/uploads\/2024\/12\/2018-07-01_Karlkopf_03-500x375.jpg 500w, https:\/\/www.oliver-kilb.de\/www\/wp-content\/uploads\/2024\/12\/2018-07-01_Karlkopf_03-300x225.jpg 300w, https:\/\/www.oliver-kilb.de\/www\/wp-content\/uploads\/2024\/12\/2018-07-01_Karlkopf_03-768x576.jpg 768w\" sizes=\"auto, (max-width: 1200px) 100vw, 1200px\" \/><\/figure>\n\n\n\n<figure class=\"wp-block-image size-large\"><img loading=\"lazy\" decoding=\"async\" width=\"1200\" height=\"900\" data-id=\"37012\" src=\"https:\/\/www.oliver-kilb.de\/www\/wp-content\/uploads\/2024\/12\/2018-07-01_Karlkopf_04.jpg\" alt=\"\" class=\"wp-image-37012\" srcset=\"https:\/\/www.oliver-kilb.de\/www\/wp-content\/uploads\/2024\/12\/2018-07-01_Karlkopf_04.jpg 1200w, https:\/\/www.oliver-kilb.de\/www\/wp-content\/uploads\/2024\/12\/2018-07-01_Karlkopf_04-500x375.jpg 500w, https:\/\/www.oliver-kilb.de\/www\/wp-content\/uploads\/2024\/12\/2018-07-01_Karlkopf_04-300x225.jpg 300w, https:\/\/www.oliver-kilb.de\/www\/wp-content\/uploads\/2024\/12\/2018-07-01_Karlkopf_04-768x576.jpg 768w\" sizes=\"auto, (max-width: 1200px) 100vw, 1200px\" \/><\/figure>\n\n\n\n<figure class=\"wp-block-image size-large\"><img loading=\"lazy\" decoding=\"async\" width=\"1200\" height=\"900\" data-id=\"37013\" src=\"https:\/\/www.oliver-kilb.de\/www\/wp-content\/uploads\/2024\/12\/2018-07-01_Karlkopf_05.jpg\" alt=\"\" class=\"wp-image-37013\" srcset=\"https:\/\/www.oliver-kilb.de\/www\/wp-content\/uploads\/2024\/12\/2018-07-01_Karlkopf_05.jpg 1200w, https:\/\/www.oliver-kilb.de\/www\/wp-content\/uploads\/2024\/12\/2018-07-01_Karlkopf_05-500x375.jpg 500w, https:\/\/www.oliver-kilb.de\/www\/wp-content\/uploads\/2024\/12\/2018-07-01_Karlkopf_05-300x225.jpg 300w, https:\/\/www.oliver-kilb.de\/www\/wp-content\/uploads\/2024\/12\/2018-07-01_Karlkopf_05-768x576.jpg 768w\" sizes=\"auto, (max-width: 1200px) 100vw, 1200px\" \/><\/figure>\n\n\n\n<figure class=\"wp-block-image size-large\"><img loading=\"lazy\" decoding=\"async\" width=\"1200\" height=\"800\" data-id=\"37011\" src=\"https:\/\/www.oliver-kilb.de\/www\/wp-content\/uploads\/2024\/12\/2018-07-01_Karlkopf_06.jpg\" alt=\"\" class=\"wp-image-37011\" srcset=\"https:\/\/www.oliver-kilb.de\/www\/wp-content\/uploads\/2024\/12\/2018-07-01_Karlkopf_06.jpg 1200w, https:\/\/www.oliver-kilb.de\/www\/wp-content\/uploads\/2024\/12\/2018-07-01_Karlkopf_06-500x333.jpg 500w, https:\/\/www.oliver-kilb.de\/www\/wp-content\/uploads\/2024\/12\/2018-07-01_Karlkopf_06-300x200.jpg 300w, https:\/\/www.oliver-kilb.de\/www\/wp-content\/uploads\/2024\/12\/2018-07-01_Karlkopf_06-768x512.jpg 768w\" sizes=\"auto, (max-width: 1200px) 100vw, 1200px\" \/><\/figure>\n\n\n\n<figure class=\"wp-block-image size-large\"><img loading=\"lazy\" decoding=\"async\" width=\"1200\" height=\"800\" data-id=\"37016\" src=\"https:\/\/www.oliver-kilb.de\/www\/wp-content\/uploads\/2024\/12\/2018-07-01_Karlkopf_07.jpg\" alt=\"\" class=\"wp-image-37016\" srcset=\"https:\/\/www.oliver-kilb.de\/www\/wp-content\/uploads\/2024\/12\/2018-07-01_Karlkopf_07.jpg 1200w, https:\/\/www.oliver-kilb.de\/www\/wp-content\/uploads\/2024\/12\/2018-07-01_Karlkopf_07-500x333.jpg 500w, https:\/\/www.oliver-kilb.de\/www\/wp-content\/uploads\/2024\/12\/2018-07-01_Karlkopf_07-300x200.jpg 300w, https:\/\/www.oliver-kilb.de\/www\/wp-content\/uploads\/2024\/12\/2018-07-01_Karlkopf_07-768x512.jpg 768w\" sizes=\"auto, (max-width: 1200px) 100vw, 1200px\" \/><\/figure>\n\n\n\n<figure class=\"wp-block-image size-large\"><img loading=\"lazy\" decoding=\"async\" width=\"1200\" height=\"800\" data-id=\"37010\" src=\"https:\/\/www.oliver-kilb.de\/www\/wp-content\/uploads\/2024\/12\/2018-07-01_Karlkopf_08.jpg\" alt=\"\" class=\"wp-image-37010\" srcset=\"https:\/\/www.oliver-kilb.de\/www\/wp-content\/uploads\/2024\/12\/2018-07-01_Karlkopf_08.jpg 1200w, https:\/\/www.oliver-kilb.de\/www\/wp-content\/uploads\/2024\/12\/2018-07-01_Karlkopf_08-500x333.jpg 500w, https:\/\/www.oliver-kilb.de\/www\/wp-content\/uploads\/2024\/12\/2018-07-01_Karlkopf_08-300x200.jpg 300w, https:\/\/www.oliver-kilb.de\/www\/wp-content\/uploads\/2024\/12\/2018-07-01_Karlkopf_08-768x512.jpg 768w\" sizes=\"auto, (max-width: 1200px) 100vw, 1200px\" \/><\/figure>\n\n\n\n<figure class=\"wp-block-image size-large\"><img loading=\"lazy\" decoding=\"async\" width=\"1200\" height=\"800\" data-id=\"37018\" src=\"https:\/\/www.oliver-kilb.de\/www\/wp-content\/uploads\/2024\/12\/2018-07-01_Karlkopf_09.jpg\" alt=\"\" class=\"wp-image-37018\" srcset=\"https:\/\/www.oliver-kilb.de\/www\/wp-content\/uploads\/2024\/12\/2018-07-01_Karlkopf_09.jpg 1200w, https:\/\/www.oliver-kilb.de\/www\/wp-content\/uploads\/2024\/12\/2018-07-01_Karlkopf_09-500x333.jpg 500w, https:\/\/www.oliver-kilb.de\/www\/wp-content\/uploads\/2024\/12\/2018-07-01_Karlkopf_09-300x200.jpg 300w, https:\/\/www.oliver-kilb.de\/www\/wp-content\/uploads\/2024\/12\/2018-07-01_Karlkopf_09-768x512.jpg 768w\" sizes=\"auto, (max-width: 1200px) 100vw, 1200px\" \/><\/figure>\n\n\n\n<figure class=\"wp-block-image size-large\"><img loading=\"lazy\" decoding=\"async\" width=\"1200\" height=\"800\" data-id=\"37017\" src=\"https:\/\/www.oliver-kilb.de\/www\/wp-content\/uploads\/2024\/12\/2018-07-01_Karlkopf_10.jpg\" alt=\"\" class=\"wp-image-37017\" srcset=\"https:\/\/www.oliver-kilb.de\/www\/wp-content\/uploads\/2024\/12\/2018-07-01_Karlkopf_10.jpg 1200w, https:\/\/www.oliver-kilb.de\/www\/wp-content\/uploads\/2024\/12\/2018-07-01_Karlkopf_10-500x333.jpg 500w, https:\/\/www.oliver-kilb.de\/www\/wp-content\/uploads\/2024\/12\/2018-07-01_Karlkopf_10-300x200.jpg 300w, https:\/\/www.oliver-kilb.de\/www\/wp-content\/uploads\/2024\/12\/2018-07-01_Karlkopf_10-768x512.jpg 768w\" sizes=\"auto, (max-width: 1200px) 100vw, 1200px\" \/><\/figure>\n<\/figure>\n\n\n\n<hr class=\"wp-block-separator has-alpha-channel-opacity\"\/>\n\n\n\n<h2 class=\"wp-block-heading\">Am Dreisesselberg vorbei zum Karkopf.<\/h2>\n\n\n<div class=\"wp-block-image\">\n<figure class=\"alignleft size-full is-resized\"><a href=\"https:\/\/www.oliver-kilb.de\/www\/wp-content\/uploads\/2024\/12\/2018-07-01_Karlkopf_12.jpg\"><img loading=\"lazy\" decoding=\"async\" width=\"1200\" height=\"900\" src=\"https:\/\/www.oliver-kilb.de\/www\/wp-content\/uploads\/2024\/12\/2018-07-01_Karlkopf_12.jpg\" alt=\"\" class=\"wp-image-37019\" style=\"width:300px\" srcset=\"https:\/\/www.oliver-kilb.de\/www\/wp-content\/uploads\/2024\/12\/2018-07-01_Karlkopf_12.jpg 1200w, https:\/\/www.oliver-kilb.de\/www\/wp-content\/uploads\/2024\/12\/2018-07-01_Karlkopf_12-500x375.jpg 500w, https:\/\/www.oliver-kilb.de\/www\/wp-content\/uploads\/2024\/12\/2018-07-01_Karlkopf_12-300x225.jpg 300w, https:\/\/www.oliver-kilb.de\/www\/wp-content\/uploads\/2024\/12\/2018-07-01_Karlkopf_12-768x576.jpg 768w\" sizes=\"auto, (max-width: 1200px) 100vw, 1200px\" \/><\/a><figcaption class=\"wp-element-caption\">Weiter zum Gipfel<\/figcaption><\/figure>\n<\/div>\n\n\n<p>Von hier sind es nochmal gute 400 H\u00f6henmeter, die man bis zum Karkopf \u00fcberwinden muss. Der Weg f\u00fchrt an dieser Stelle v\u00f6llig unerwartet durch einen Laubwald, in dem Buchen dominieren (und nicht durch einen Nadelwald), und einige Minuten sp\u00e4ter \u00f6ffnet sich der Wald zu einer Lichtung. <\/p>\n\n\n<div class=\"wp-block-image\">\n<figure class=\"alignright size-full is-resized\"><a href=\"https:\/\/www.oliver-kilb.de\/www\/wp-content\/uploads\/2024\/12\/2018-07-01_Karlkopf_17.jpg\"><img loading=\"lazy\" decoding=\"async\" width=\"1200\" height=\"900\" src=\"https:\/\/www.oliver-kilb.de\/www\/wp-content\/uploads\/2024\/12\/2018-07-01_Karlkopf_17.jpg\" alt=\"\" class=\"wp-image-37020\" style=\"width:300px\" srcset=\"https:\/\/www.oliver-kilb.de\/www\/wp-content\/uploads\/2024\/12\/2018-07-01_Karlkopf_17.jpg 1200w, https:\/\/www.oliver-kilb.de\/www\/wp-content\/uploads\/2024\/12\/2018-07-01_Karlkopf_17-500x375.jpg 500w, https:\/\/www.oliver-kilb.de\/www\/wp-content\/uploads\/2024\/12\/2018-07-01_Karlkopf_17-300x225.jpg 300w, https:\/\/www.oliver-kilb.de\/www\/wp-content\/uploads\/2024\/12\/2018-07-01_Karlkopf_17-768x576.jpg 768w\" sizes=\"auto, (max-width: 1200px) 100vw, 1200px\" \/><\/a><figcaption class=\"wp-element-caption\">Blick zur\u00fcck<\/figcaption><\/figure>\n<\/div>\n\n\n<p>Der Weg f\u00fchrt nun zuerst wieder etwas steiler nach oben, bis man auf einmal in einen sch\u00f6nen Talkessel voller Latschen-Kiefern kommt. Sowohl der <a href=\"https:\/\/de.wikipedia.org\/wiki\/Dreisesselberg_(Lattengebirge)\" target=\"_blank\" rel=\"noreferrer noopener\">Dreisesselberg<\/a> (1.680m) als auch der Karkopf sind von hier zu sehen &#8211; sie thronen an gegen\u00fcberliegenden Seiten des Kessels.<\/p>\n\n\n\n<p>Die steilsten Passagen liegen nun gl\u00fccklicherweise schon hinter einem, und der Weg im Innern des Kessels hinauf zu den Gipfeln ist ein leichter Abschluss mit toller Aussicht zur\u00fcck &#8211; auch zur\u00fcck zur Steinernen Agnes. <\/p>\n\n\n\n<p>Direkt vor Erreichen des Grates wird es ein letztes Mal etwas steiler, aber nur f\u00fcr wenige Meter. Rechts geht es dann zum Dreisesselberg und, wenn man m\u00f6chte, \u00fcber den &#8222;Wasserpfad&#8220; wieder zur\u00fcck zum Parkplatz in Hallthurm. Links geht es zum Ziel dieser Wanderung, dem Karkopf.<\/p>\n\n\n\n<figure class=\"wp-block-gallery has-nested-images columns-6 is-cropped wp-block-gallery-2 is-layout-flex wp-block-gallery-is-layout-flex\">\n<figure class=\"wp-block-image size-large\"><img loading=\"lazy\" decoding=\"async\" width=\"1200\" height=\"900\" data-id=\"37022\" src=\"https:\/\/www.oliver-kilb.de\/www\/wp-content\/uploads\/2024\/12\/2018-07-01_Karlkopf_13.jpg\" alt=\"\" class=\"wp-image-37022\" srcset=\"https:\/\/www.oliver-kilb.de\/www\/wp-content\/uploads\/2024\/12\/2018-07-01_Karlkopf_13.jpg 1200w, https:\/\/www.oliver-kilb.de\/www\/wp-content\/uploads\/2024\/12\/2018-07-01_Karlkopf_13-500x375.jpg 500w, https:\/\/www.oliver-kilb.de\/www\/wp-content\/uploads\/2024\/12\/2018-07-01_Karlkopf_13-300x225.jpg 300w, https:\/\/www.oliver-kilb.de\/www\/wp-content\/uploads\/2024\/12\/2018-07-01_Karlkopf_13-768x576.jpg 768w\" sizes=\"auto, (max-width: 1200px) 100vw, 1200px\" \/><\/figure>\n\n\n\n<figure class=\"wp-block-image size-large\"><img loading=\"lazy\" decoding=\"async\" width=\"1200\" height=\"900\" data-id=\"37023\" src=\"https:\/\/www.oliver-kilb.de\/www\/wp-content\/uploads\/2024\/12\/2018-07-01_Karlkopf_14.jpg\" alt=\"\" class=\"wp-image-37023\" srcset=\"https:\/\/www.oliver-kilb.de\/www\/wp-content\/uploads\/2024\/12\/2018-07-01_Karlkopf_14.jpg 1200w, https:\/\/www.oliver-kilb.de\/www\/wp-content\/uploads\/2024\/12\/2018-07-01_Karlkopf_14-500x375.jpg 500w, https:\/\/www.oliver-kilb.de\/www\/wp-content\/uploads\/2024\/12\/2018-07-01_Karlkopf_14-300x225.jpg 300w, https:\/\/www.oliver-kilb.de\/www\/wp-content\/uploads\/2024\/12\/2018-07-01_Karlkopf_14-768x576.jpg 768w\" sizes=\"auto, (max-width: 1200px) 100vw, 1200px\" \/><\/figure>\n\n\n\n<figure class=\"wp-block-image size-large\"><img loading=\"lazy\" decoding=\"async\" width=\"1200\" height=\"900\" data-id=\"37025\" src=\"https:\/\/www.oliver-kilb.de\/www\/wp-content\/uploads\/2024\/12\/2018-07-01_Karlkopf_15.jpg\" alt=\"\" class=\"wp-image-37025\" srcset=\"https:\/\/www.oliver-kilb.de\/www\/wp-content\/uploads\/2024\/12\/2018-07-01_Karlkopf_15.jpg 1200w, https:\/\/www.oliver-kilb.de\/www\/wp-content\/uploads\/2024\/12\/2018-07-01_Karlkopf_15-500x375.jpg 500w, https:\/\/www.oliver-kilb.de\/www\/wp-content\/uploads\/2024\/12\/2018-07-01_Karlkopf_15-300x225.jpg 300w, https:\/\/www.oliver-kilb.de\/www\/wp-content\/uploads\/2024\/12\/2018-07-01_Karlkopf_15-768x576.jpg 768w\" sizes=\"auto, (max-width: 1200px) 100vw, 1200px\" \/><\/figure>\n\n\n\n<figure class=\"wp-block-image size-large\"><img loading=\"lazy\" decoding=\"async\" width=\"1200\" height=\"900\" data-id=\"37026\" src=\"https:\/\/www.oliver-kilb.de\/www\/wp-content\/uploads\/2024\/12\/2018-07-01_Karlkopf_16.jpg\" alt=\"\" class=\"wp-image-37026\" srcset=\"https:\/\/www.oliver-kilb.de\/www\/wp-content\/uploads\/2024\/12\/2018-07-01_Karlkopf_16.jpg 1200w, https:\/\/www.oliver-kilb.de\/www\/wp-content\/uploads\/2024\/12\/2018-07-01_Karlkopf_16-500x375.jpg 500w, https:\/\/www.oliver-kilb.de\/www\/wp-content\/uploads\/2024\/12\/2018-07-01_Karlkopf_16-300x225.jpg 300w, https:\/\/www.oliver-kilb.de\/www\/wp-content\/uploads\/2024\/12\/2018-07-01_Karlkopf_16-768x576.jpg 768w\" sizes=\"auto, (max-width: 1200px) 100vw, 1200px\" \/><\/figure>\n\n\n\n<figure class=\"wp-block-image size-large\"><img loading=\"lazy\" decoding=\"async\" width=\"1200\" height=\"900\" data-id=\"37024\" src=\"https:\/\/www.oliver-kilb.de\/www\/wp-content\/uploads\/2024\/12\/2018-07-01_Karlkopf_18.jpg\" alt=\"\" class=\"wp-image-37024\" srcset=\"https:\/\/www.oliver-kilb.de\/www\/wp-content\/uploads\/2024\/12\/2018-07-01_Karlkopf_18.jpg 1200w, https:\/\/www.oliver-kilb.de\/www\/wp-content\/uploads\/2024\/12\/2018-07-01_Karlkopf_18-500x375.jpg 500w, https:\/\/www.oliver-kilb.de\/www\/wp-content\/uploads\/2024\/12\/2018-07-01_Karlkopf_18-300x225.jpg 300w, https:\/\/www.oliver-kilb.de\/www\/wp-content\/uploads\/2024\/12\/2018-07-01_Karlkopf_18-768x576.jpg 768w\" sizes=\"auto, (max-width: 1200px) 100vw, 1200px\" \/><\/figure>\n\n\n\n<figure class=\"wp-block-image size-large\"><img loading=\"lazy\" decoding=\"async\" width=\"1200\" height=\"900\" data-id=\"37021\" src=\"https:\/\/www.oliver-kilb.de\/www\/wp-content\/uploads\/2024\/12\/2018-07-01_Karlkopf_19.jpg\" alt=\"\" class=\"wp-image-37021\" srcset=\"https:\/\/www.oliver-kilb.de\/www\/wp-content\/uploads\/2024\/12\/2018-07-01_Karlkopf_19.jpg 1200w, https:\/\/www.oliver-kilb.de\/www\/wp-content\/uploads\/2024\/12\/2018-07-01_Karlkopf_19-500x375.jpg 500w, https:\/\/www.oliver-kilb.de\/www\/wp-content\/uploads\/2024\/12\/2018-07-01_Karlkopf_19-300x225.jpg 300w, https:\/\/www.oliver-kilb.de\/www\/wp-content\/uploads\/2024\/12\/2018-07-01_Karlkopf_19-768x576.jpg 768w\" sizes=\"auto, (max-width: 1200px) 100vw, 1200px\" \/><\/figure>\n\n\n\n<figure class=\"wp-block-image size-large\"><img loading=\"lazy\" decoding=\"async\" width=\"1200\" height=\"900\" data-id=\"37028\" src=\"https:\/\/www.oliver-kilb.de\/www\/wp-content\/uploads\/2024\/12\/2018-07-01_Karlkopf_20.jpg\" alt=\"\" class=\"wp-image-37028\" srcset=\"https:\/\/www.oliver-kilb.de\/www\/wp-content\/uploads\/2024\/12\/2018-07-01_Karlkopf_20.jpg 1200w, https:\/\/www.oliver-kilb.de\/www\/wp-content\/uploads\/2024\/12\/2018-07-01_Karlkopf_20-500x375.jpg 500w, https:\/\/www.oliver-kilb.de\/www\/wp-content\/uploads\/2024\/12\/2018-07-01_Karlkopf_20-300x225.jpg 300w, https:\/\/www.oliver-kilb.de\/www\/wp-content\/uploads\/2024\/12\/2018-07-01_Karlkopf_20-768x576.jpg 768w\" sizes=\"auto, (max-width: 1200px) 100vw, 1200px\" \/><\/figure>\n\n\n\n<figure class=\"wp-block-image size-large\"><img loading=\"lazy\" decoding=\"async\" width=\"1200\" height=\"900\" data-id=\"37027\" src=\"https:\/\/www.oliver-kilb.de\/www\/wp-content\/uploads\/2024\/12\/2018-07-01_Karlkopf_21.jpg\" alt=\"\" class=\"wp-image-37027\" srcset=\"https:\/\/www.oliver-kilb.de\/www\/wp-content\/uploads\/2024\/12\/2018-07-01_Karlkopf_21.jpg 1200w, https:\/\/www.oliver-kilb.de\/www\/wp-content\/uploads\/2024\/12\/2018-07-01_Karlkopf_21-500x375.jpg 500w, https:\/\/www.oliver-kilb.de\/www\/wp-content\/uploads\/2024\/12\/2018-07-01_Karlkopf_21-300x225.jpg 300w, https:\/\/www.oliver-kilb.de\/www\/wp-content\/uploads\/2024\/12\/2018-07-01_Karlkopf_21-768x576.jpg 768w\" sizes=\"auto, (max-width: 1200px) 100vw, 1200px\" \/><\/figure>\n\n\n\n<figure class=\"wp-block-image size-large\"><img loading=\"lazy\" decoding=\"async\" width=\"1200\" height=\"900\" data-id=\"37031\" src=\"https:\/\/www.oliver-kilb.de\/www\/wp-content\/uploads\/2024\/12\/2018-07-01_Karlkopf_22.jpg\" alt=\"\" class=\"wp-image-37031\" srcset=\"https:\/\/www.oliver-kilb.de\/www\/wp-content\/uploads\/2024\/12\/2018-07-01_Karlkopf_22.jpg 1200w, https:\/\/www.oliver-kilb.de\/www\/wp-content\/uploads\/2024\/12\/2018-07-01_Karlkopf_22-500x375.jpg 500w, https:\/\/www.oliver-kilb.de\/www\/wp-content\/uploads\/2024\/12\/2018-07-01_Karlkopf_22-300x225.jpg 300w, https:\/\/www.oliver-kilb.de\/www\/wp-content\/uploads\/2024\/12\/2018-07-01_Karlkopf_22-768x576.jpg 768w\" sizes=\"auto, (max-width: 1200px) 100vw, 1200px\" \/><\/figure>\n\n\n\n<figure class=\"wp-block-image size-large\"><img loading=\"lazy\" decoding=\"async\" width=\"1200\" height=\"900\" data-id=\"37032\" src=\"https:\/\/www.oliver-kilb.de\/www\/wp-content\/uploads\/2024\/12\/2018-07-01_Karlkopf_23.jpg\" alt=\"\" class=\"wp-image-37032\" srcset=\"https:\/\/www.oliver-kilb.de\/www\/wp-content\/uploads\/2024\/12\/2018-07-01_Karlkopf_23.jpg 1200w, https:\/\/www.oliver-kilb.de\/www\/wp-content\/uploads\/2024\/12\/2018-07-01_Karlkopf_23-500x375.jpg 500w, https:\/\/www.oliver-kilb.de\/www\/wp-content\/uploads\/2024\/12\/2018-07-01_Karlkopf_23-300x225.jpg 300w, https:\/\/www.oliver-kilb.de\/www\/wp-content\/uploads\/2024\/12\/2018-07-01_Karlkopf_23-768x576.jpg 768w\" sizes=\"auto, (max-width: 1200px) 100vw, 1200px\" \/><\/figure>\n\n\n\n<figure class=\"wp-block-image size-large\"><img loading=\"lazy\" decoding=\"async\" width=\"1200\" height=\"900\" data-id=\"37030\" src=\"https:\/\/www.oliver-kilb.de\/www\/wp-content\/uploads\/2024\/12\/2018-07-01_Karlkopf_24.jpg\" alt=\"\" class=\"wp-image-37030\" srcset=\"https:\/\/www.oliver-kilb.de\/www\/wp-content\/uploads\/2024\/12\/2018-07-01_Karlkopf_24.jpg 1200w, https:\/\/www.oliver-kilb.de\/www\/wp-content\/uploads\/2024\/12\/2018-07-01_Karlkopf_24-500x375.jpg 500w, https:\/\/www.oliver-kilb.de\/www\/wp-content\/uploads\/2024\/12\/2018-07-01_Karlkopf_24-300x225.jpg 300w, https:\/\/www.oliver-kilb.de\/www\/wp-content\/uploads\/2024\/12\/2018-07-01_Karlkopf_24-768x576.jpg 768w\" sizes=\"auto, (max-width: 1200px) 100vw, 1200px\" \/><\/figure>\n\n\n\n<figure class=\"wp-block-image size-large\"><img loading=\"lazy\" decoding=\"async\" width=\"1200\" height=\"900\" data-id=\"37029\" src=\"https:\/\/www.oliver-kilb.de\/www\/wp-content\/uploads\/2024\/12\/2018-07-01_Karlkopf_25.jpg\" alt=\"\" class=\"wp-image-37029\" srcset=\"https:\/\/www.oliver-kilb.de\/www\/wp-content\/uploads\/2024\/12\/2018-07-01_Karlkopf_25.jpg 1200w, https:\/\/www.oliver-kilb.de\/www\/wp-content\/uploads\/2024\/12\/2018-07-01_Karlkopf_25-500x375.jpg 500w, https:\/\/www.oliver-kilb.de\/www\/wp-content\/uploads\/2024\/12\/2018-07-01_Karlkopf_25-300x225.jpg 300w, https:\/\/www.oliver-kilb.de\/www\/wp-content\/uploads\/2024\/12\/2018-07-01_Karlkopf_25-768x576.jpg 768w\" sizes=\"auto, (max-width: 1200px) 100vw, 1200px\" \/><\/figure>\n<\/figure>\n\n\n\n<hr class=\"wp-block-separator has-alpha-channel-opacity\"\/>\n\n\n\n<h2 class=\"wp-block-heading\">Auf dem Gipfel und weiter zum Predigtstuhl.<\/h2>\n\n\n<div class=\"wp-block-image\">\n<figure class=\"alignleft size-full is-resized\"><a href=\"https:\/\/www.oliver-kilb.de\/www\/wp-content\/uploads\/2024\/12\/2018-07-01_Karlkopf_36.jpg\"><img loading=\"lazy\" decoding=\"async\" width=\"1200\" height=\"900\" src=\"https:\/\/www.oliver-kilb.de\/www\/wp-content\/uploads\/2024\/12\/2018-07-01_Karlkopf_36.jpg\" alt=\"\" class=\"wp-image-37033\" style=\"width:300px\" srcset=\"https:\/\/www.oliver-kilb.de\/www\/wp-content\/uploads\/2024\/12\/2018-07-01_Karlkopf_36.jpg 1200w, https:\/\/www.oliver-kilb.de\/www\/wp-content\/uploads\/2024\/12\/2018-07-01_Karlkopf_36-500x375.jpg 500w, https:\/\/www.oliver-kilb.de\/www\/wp-content\/uploads\/2024\/12\/2018-07-01_Karlkopf_36-300x225.jpg 300w, https:\/\/www.oliver-kilb.de\/www\/wp-content\/uploads\/2024\/12\/2018-07-01_Karlkopf_36-768x576.jpg 768w\" sizes=\"auto, (max-width: 1200px) 100vw, 1200px\" \/><\/a><figcaption class=\"wp-element-caption\">Blick in die Ferne<\/figcaption><\/figure>\n<\/div>\n\n\n<p>Der Weg ist von hier ab nicht mehr weiter schwer. Leicht ansteigend ist man durch einen dichten Latschenkieferwald unterwegs, bis man endlich den Gipfel erreicht hat. Vom Karkopf aus hat man bei gutem Wetter eine tolle Fernsicht: In direkter Nachbarschaft ist der Untersberg (<a href=\"https:\/\/www.oliver-kilb.de\/www\/2015\/08\/30\/zur-schellenberger-eishoehle-und-auf-den-untersberg\/\">auf den ich fr\u00fcher schon wanderte<\/a>), aber auch der <a href=\"https:\/\/de.wikipedia.org\/wiki\/Watzmann\" target=\"_blank\" rel=\"noreferrer noopener\">Watzmann<\/a> kann bewundert werden &#8211; nur leider war er heute von Wolken umgeben. <\/p>\n\n\n\n<p>Zwar f\u00e4llt der Berg direkt hinter dem Gipfelkreuz steil ab, aber links und rechts hat man gen\u00fcgend Platz, um ein ruhiges Pl\u00e4tzchen zu finden und ein wenig die Strapazen des Aufstiegs hinter sich zu lassen.<\/p>\n\n\n<div class=\"wp-block-image\">\n<figure class=\"alignright size-full is-resized\"><a href=\"https:\/\/www.oliver-kilb.de\/www\/wp-content\/uploads\/2024\/12\/2018-07-01_Karlkopf_37.jpg\"><img loading=\"lazy\" decoding=\"async\" width=\"1200\" height=\"900\" src=\"https:\/\/www.oliver-kilb.de\/www\/wp-content\/uploads\/2024\/12\/2018-07-01_Karlkopf_37.jpg\" alt=\"\" class=\"wp-image-37034\" style=\"width:300px\" srcset=\"https:\/\/www.oliver-kilb.de\/www\/wp-content\/uploads\/2024\/12\/2018-07-01_Karlkopf_37.jpg 1200w, https:\/\/www.oliver-kilb.de\/www\/wp-content\/uploads\/2024\/12\/2018-07-01_Karlkopf_37-500x375.jpg 500w, https:\/\/www.oliver-kilb.de\/www\/wp-content\/uploads\/2024\/12\/2018-07-01_Karlkopf_37-300x225.jpg 300w, https:\/\/www.oliver-kilb.de\/www\/wp-content\/uploads\/2024\/12\/2018-07-01_Karlkopf_37-768x576.jpg 768w\" sizes=\"auto, (max-width: 1200px) 100vw, 1200px\" \/><\/a><figcaption class=\"wp-element-caption\">Am Hochschlegel, Blick zum Predigtstuhl<\/figcaption><\/figure>\n<\/div>\n\n\n<p>Allzu viel Strapazen sind allerdings nicht notwendig: Man kann mit der <a href=\"https:\/\/de.wikipedia.org\/wiki\/Predigtstuhlbahn\" target=\"_blank\" rel=\"noreferrer noopener\">Predigstuhlbahn<\/a> auf fast 1.600m hinauffahren und hat dann nat\u00fcrlich entsprechend weniger Aufstieg vor sich. Man merkt es nat\u00fcrlich auch sp\u00e4testens an dieser Stelle, dass sich unter die Bergwanderer auch viele weniger ambitionierte Ausfl\u00fcgler mischen. <\/p>\n\n\n\n<p>Das ist aber f\u00fcr mich v\u00f6llig in Ordnung, denn am wichtigsten ist es, dass man sich bewegt und in die Natur geht, anstatt nur zu Hause auf dem Sofa zu sitzen! Wir haben die Predigtstuhlbahn f\u00fcr den Abstieg genutzt, denn die knapp 1.100 H\u00f6henmeter Abstieg wollten wir uns sparen. Die Talfahrt alleine kostete \u00fcbrigens 19 Euro.<\/p>\n\n\n\n<p>Fazit: Eine tolle, sehr abwechslungsreiche Wanderung, die aber recht lange ist und einige Gegenanstiege hat. In Summe hat man bestimmt mehr als 1.200 H\u00f6henmeter in den Knochen. Davon abgesehen ist sie nicht weiter schwer.<\/p>\n\n\n\n<figure class=\"wp-block-gallery has-nested-images columns-default is-cropped wp-block-gallery-3 is-layout-flex wp-block-gallery-is-layout-flex\">\n<figure class=\"wp-block-image size-large\"><img loading=\"lazy\" decoding=\"async\" width=\"1200\" height=\"800\" data-id=\"37040\" src=\"https:\/\/www.oliver-kilb.de\/www\/wp-content\/uploads\/2024\/12\/2018-07-01_Karlkopf_27.jpg\" alt=\"\" class=\"wp-image-37040\" srcset=\"https:\/\/www.oliver-kilb.de\/www\/wp-content\/uploads\/2024\/12\/2018-07-01_Karlkopf_27.jpg 1200w, https:\/\/www.oliver-kilb.de\/www\/wp-content\/uploads\/2024\/12\/2018-07-01_Karlkopf_27-500x333.jpg 500w, https:\/\/www.oliver-kilb.de\/www\/wp-content\/uploads\/2024\/12\/2018-07-01_Karlkopf_27-300x200.jpg 300w, https:\/\/www.oliver-kilb.de\/www\/wp-content\/uploads\/2024\/12\/2018-07-01_Karlkopf_27-768x512.jpg 768w\" sizes=\"auto, (max-width: 1200px) 100vw, 1200px\" \/><\/figure>\n\n\n\n<figure class=\"wp-block-image size-large\"><img loading=\"lazy\" decoding=\"async\" width=\"1200\" height=\"800\" data-id=\"37037\" src=\"https:\/\/www.oliver-kilb.de\/www\/wp-content\/uploads\/2024\/12\/2018-07-01_Karlkopf_28.jpg\" alt=\"\" class=\"wp-image-37037\" srcset=\"https:\/\/www.oliver-kilb.de\/www\/wp-content\/uploads\/2024\/12\/2018-07-01_Karlkopf_28.jpg 1200w, https:\/\/www.oliver-kilb.de\/www\/wp-content\/uploads\/2024\/12\/2018-07-01_Karlkopf_28-500x333.jpg 500w, https:\/\/www.oliver-kilb.de\/www\/wp-content\/uploads\/2024\/12\/2018-07-01_Karlkopf_28-300x200.jpg 300w, https:\/\/www.oliver-kilb.de\/www\/wp-content\/uploads\/2024\/12\/2018-07-01_Karlkopf_28-768x512.jpg 768w\" sizes=\"auto, (max-width: 1200px) 100vw, 1200px\" \/><\/figure>\n\n\n\n<figure class=\"wp-block-image size-large\"><img loading=\"lazy\" decoding=\"async\" width=\"1200\" height=\"800\" data-id=\"37039\" src=\"https:\/\/www.oliver-kilb.de\/www\/wp-content\/uploads\/2024\/12\/2018-07-01_Karlkopf_29.jpg\" alt=\"\" class=\"wp-image-37039\" srcset=\"https:\/\/www.oliver-kilb.de\/www\/wp-content\/uploads\/2024\/12\/2018-07-01_Karlkopf_29.jpg 1200w, https:\/\/www.oliver-kilb.de\/www\/wp-content\/uploads\/2024\/12\/2018-07-01_Karlkopf_29-500x333.jpg 500w, https:\/\/www.oliver-kilb.de\/www\/wp-content\/uploads\/2024\/12\/2018-07-01_Karlkopf_29-300x200.jpg 300w, https:\/\/www.oliver-kilb.de\/www\/wp-content\/uploads\/2024\/12\/2018-07-01_Karlkopf_29-768x512.jpg 768w\" sizes=\"auto, (max-width: 1200px) 100vw, 1200px\" \/><\/figure>\n\n\n\n<figure class=\"wp-block-image size-large\"><img loading=\"lazy\" decoding=\"async\" width=\"1200\" height=\"800\" data-id=\"37036\" src=\"https:\/\/www.oliver-kilb.de\/www\/wp-content\/uploads\/2024\/12\/2018-07-01_Karlkopf_30.jpg\" alt=\"\" class=\"wp-image-37036\" srcset=\"https:\/\/www.oliver-kilb.de\/www\/wp-content\/uploads\/2024\/12\/2018-07-01_Karlkopf_30.jpg 1200w, https:\/\/www.oliver-kilb.de\/www\/wp-content\/uploads\/2024\/12\/2018-07-01_Karlkopf_30-500x333.jpg 500w, https:\/\/www.oliver-kilb.de\/www\/wp-content\/uploads\/2024\/12\/2018-07-01_Karlkopf_30-300x200.jpg 300w, https:\/\/www.oliver-kilb.de\/www\/wp-content\/uploads\/2024\/12\/2018-07-01_Karlkopf_30-768x512.jpg 768w\" sizes=\"auto, (max-width: 1200px) 100vw, 1200px\" \/><\/figure>\n\n\n\n<figure class=\"wp-block-image size-large\"><img loading=\"lazy\" decoding=\"async\" width=\"1200\" height=\"800\" data-id=\"37035\" src=\"https:\/\/www.oliver-kilb.de\/www\/wp-content\/uploads\/2024\/12\/2018-07-01_Karlkopf_31.jpg\" alt=\"\" class=\"wp-image-37035\" srcset=\"https:\/\/www.oliver-kilb.de\/www\/wp-content\/uploads\/2024\/12\/2018-07-01_Karlkopf_31.jpg 1200w, https:\/\/www.oliver-kilb.de\/www\/wp-content\/uploads\/2024\/12\/2018-07-01_Karlkopf_31-500x333.jpg 500w, https:\/\/www.oliver-kilb.de\/www\/wp-content\/uploads\/2024\/12\/2018-07-01_Karlkopf_31-300x200.jpg 300w, https:\/\/www.oliver-kilb.de\/www\/wp-content\/uploads\/2024\/12\/2018-07-01_Karlkopf_31-768x512.jpg 768w\" sizes=\"auto, (max-width: 1200px) 100vw, 1200px\" \/><\/figure>\n\n\n\n<figure class=\"wp-block-image size-large\"><img loading=\"lazy\" decoding=\"async\" width=\"1200\" height=\"800\" data-id=\"37038\" src=\"https:\/\/www.oliver-kilb.de\/www\/wp-content\/uploads\/2024\/12\/2018-07-01_Karlkopf_32.jpg\" alt=\"\" class=\"wp-image-37038\" srcset=\"https:\/\/www.oliver-kilb.de\/www\/wp-content\/uploads\/2024\/12\/2018-07-01_Karlkopf_32.jpg 1200w, https:\/\/www.oliver-kilb.de\/www\/wp-content\/uploads\/2024\/12\/2018-07-01_Karlkopf_32-500x333.jpg 500w, https:\/\/www.oliver-kilb.de\/www\/wp-content\/uploads\/2024\/12\/2018-07-01_Karlkopf_32-300x200.jpg 300w, https:\/\/www.oliver-kilb.de\/www\/wp-content\/uploads\/2024\/12\/2018-07-01_Karlkopf_32-768x512.jpg 768w\" sizes=\"auto, (max-width: 1200px) 100vw, 1200px\" \/><\/figure>\n\n\n\n<figure class=\"wp-block-image size-large\"><img loading=\"lazy\" decoding=\"async\" width=\"1200\" height=\"800\" data-id=\"37041\" src=\"https:\/\/www.oliver-kilb.de\/www\/wp-content\/uploads\/2024\/12\/2018-07-01_Karlkopf_33.jpg\" alt=\"\" class=\"wp-image-37041\" srcset=\"https:\/\/www.oliver-kilb.de\/www\/wp-content\/uploads\/2024\/12\/2018-07-01_Karlkopf_33.jpg 1200w, https:\/\/www.oliver-kilb.de\/www\/wp-content\/uploads\/2024\/12\/2018-07-01_Karlkopf_33-500x333.jpg 500w, https:\/\/www.oliver-kilb.de\/www\/wp-content\/uploads\/2024\/12\/2018-07-01_Karlkopf_33-300x200.jpg 300w, https:\/\/www.oliver-kilb.de\/www\/wp-content\/uploads\/2024\/12\/2018-07-01_Karlkopf_33-768x512.jpg 768w\" sizes=\"auto, (max-width: 1200px) 100vw, 1200px\" \/><\/figure>\n\n\n\n<figure class=\"wp-block-image size-large\"><img loading=\"lazy\" decoding=\"async\" width=\"1200\" height=\"800\" data-id=\"37042\" src=\"https:\/\/www.oliver-kilb.de\/www\/wp-content\/uploads\/2024\/12\/2018-07-01_Karlkopf_34.jpg\" alt=\"\" class=\"wp-image-37042\" srcset=\"https:\/\/www.oliver-kilb.de\/www\/wp-content\/uploads\/2024\/12\/2018-07-01_Karlkopf_34.jpg 1200w, https:\/\/www.oliver-kilb.de\/www\/wp-content\/uploads\/2024\/12\/2018-07-01_Karlkopf_34-500x333.jpg 500w, https:\/\/www.oliver-kilb.de\/www\/wp-content\/uploads\/2024\/12\/2018-07-01_Karlkopf_34-300x200.jpg 300w, https:\/\/www.oliver-kilb.de\/www\/wp-content\/uploads\/2024\/12\/2018-07-01_Karlkopf_34-768x512.jpg 768w\" sizes=\"auto, (max-width: 1200px) 100vw, 1200px\" \/><\/figure>\n<\/figure>\n\n\n\n<p><em>Die Wanderung fand am 1. Juli 2018 statt.<\/em><\/p>\n\n\n\n<p><\/p>\n","protected":false},"excerpt":{"rendered":"<p>Montgelasnase, Steinerne Agnes, Karkopf, Predigtstuhl &#8211; diese Orte passiert man auf dieser sch\u00f6nen Wanderung, die in Hallthurm nahe Bad Reichenhall beginnt.<\/p>\n","protected":false},"author":1,"featured_media":37022,"comment_status":"open","ping_status":"open","sticky":false,"template":"","format":"standard","meta":{"iawp_total_views":2,"footnotes":""},"categories":[78,15],"tags":[747,746],"class_list":["post-37006","post","type-post","status-publish","format-standard","has-post-thumbnail","hentry","category-bayern","category-blog","tag-karkopf","tag-steinerne-agnes"],"yoast_head":"<!-- This site is optimized with the Yoast SEO plugin v27.3 - https:\/\/yoast.com\/product\/yoast-seo-wordpress\/ -->\n<title>\u00dcber die Steinerne Agnes zum Karkopf (1.738m). - Japan, Wandern und Multimedia<\/title>\n<meta name=\"description\" content=\"Montgelasnase, Steinerne Agnes, Karkopf, Predigtstuhl - Orte auf der Wanderung, die in Hallthurm bei Bad Reichenhall beginnt.\" \/>\n<meta name=\"robots\" content=\"index, follow, max-snippet:-1, max-image-preview:large, max-video-preview:-1\" \/>\n<link rel=\"canonical\" href=\"https:\/\/www.oliver-kilb.de\/www\/2018\/08\/15\/ueber-die-steinerne-agnes-zum-karkopf-1-738m\/\" \/>\n<meta property=\"og:locale\" content=\"de_DE\" \/>\n<meta property=\"og:type\" content=\"article\" \/>\n<meta property=\"og:title\" content=\"\u00dcber die Steinerne Agnes zum Karkopf (1.738m). - Japan, Wandern und Multimedia\" \/>\n<meta property=\"og:description\" content=\"Montgelasnase, Steinerne Agnes, Karkopf, Predigtstuhl - Orte auf der Wanderung, die in Hallthurm bei Bad Reichenhall beginnt.\" \/>\n<meta property=\"og:url\" content=\"https:\/\/www.oliver-kilb.de\/www\/2018\/08\/15\/ueber-die-steinerne-agnes-zum-karkopf-1-738m\/\" \/>\n<meta property=\"og:site_name\" content=\"Japan, Wandern und Multimedia\" \/>\n<meta property=\"article:published_time\" content=\"2018-08-15T15:20:00+00:00\" \/>\n<meta property=\"article:modified_time\" content=\"2024-12-14T16:30:46+00:00\" \/>\n<meta property=\"og:image\" content=\"https:\/\/www.oliver-kilb.de\/www\/wp-content\/uploads\/2024\/12\/2018-07-01_Karlkopf_13.jpg\" \/>\n\t<meta property=\"og:image:width\" content=\"1200\" \/>\n\t<meta property=\"og:image:height\" content=\"900\" \/>\n\t<meta property=\"og:image:type\" content=\"image\/jpeg\" \/>\n<meta name=\"author\" content=\"Oliver Kilb\" \/>\n<meta name=\"twitter:card\" content=\"summary_large_image\" \/>\n<meta name=\"twitter:label1\" content=\"Verfasst von\" \/>\n\t<meta name=\"twitter:data1\" content=\"Oliver Kilb\" \/>\n\t<meta name=\"twitter:label2\" content=\"Gesch\u00e4tzte Lesezeit\" \/>\n\t<meta name=\"twitter:data2\" content=\"11\u00a0Minuten\" \/>\n<script type=\"application\/ld+json\" class=\"yoast-schema-graph\">{\"@context\":\"https:\\\/\\\/schema.org\",\"@graph\":[{\"@type\":\"Article\",\"@id\":\"https:\\\/\\\/www.oliver-kilb.de\\\/www\\\/2018\\\/08\\\/15\\\/ueber-die-steinerne-agnes-zum-karkopf-1-738m\\\/#article\",\"isPartOf\":{\"@id\":\"https:\\\/\\\/www.oliver-kilb.de\\\/www\\\/2018\\\/08\\\/15\\\/ueber-die-steinerne-agnes-zum-karkopf-1-738m\\\/\"},\"author\":{\"name\":\"Oliver Kilb\",\"@id\":\"https:\\\/\\\/www.oliver-kilb.de\\\/www\\\/#\\\/schema\\\/person\\\/c2b19a881050135aa248a8851b7b4250\"},\"headline\":\"\u00dcber die Steinerne Agnes zum Karkopf (1.738m).\",\"datePublished\":\"2018-08-15T15:20:00+00:00\",\"dateModified\":\"2024-12-14T16:30:46+00:00\",\"mainEntityOfPage\":{\"@id\":\"https:\\\/\\\/www.oliver-kilb.de\\\/www\\\/2018\\\/08\\\/15\\\/ueber-die-steinerne-agnes-zum-karkopf-1-738m\\\/\"},\"wordCount\":674,\"commentCount\":0,\"publisher\":{\"@id\":\"https:\\\/\\\/www.oliver-kilb.de\\\/www\\\/#organization\"},\"image\":{\"@id\":\"https:\\\/\\\/www.oliver-kilb.de\\\/www\\\/2018\\\/08\\\/15\\\/ueber-die-steinerne-agnes-zum-karkopf-1-738m\\\/#primaryimage\"},\"thumbnailUrl\":\"https:\\\/\\\/www.oliver-kilb.de\\\/www\\\/wp-content\\\/uploads\\\/2024\\\/12\\\/2018-07-01_Karlkopf_13.jpg\",\"keywords\":[\"Karkopf\",\"Steinerne Agnes\"],\"articleSection\":[\"Bayern\",\"Blog\"],\"inLanguage\":\"de\",\"potentialAction\":[{\"@type\":\"CommentAction\",\"name\":\"Comment\",\"target\":[\"https:\\\/\\\/www.oliver-kilb.de\\\/www\\\/2018\\\/08\\\/15\\\/ueber-die-steinerne-agnes-zum-karkopf-1-738m\\\/#respond\"]}]},{\"@type\":\"WebPage\",\"@id\":\"https:\\\/\\\/www.oliver-kilb.de\\\/www\\\/2018\\\/08\\\/15\\\/ueber-die-steinerne-agnes-zum-karkopf-1-738m\\\/\",\"url\":\"https:\\\/\\\/www.oliver-kilb.de\\\/www\\\/2018\\\/08\\\/15\\\/ueber-die-steinerne-agnes-zum-karkopf-1-738m\\\/\",\"name\":\"\u00dcber die Steinerne Agnes zum Karkopf (1.738m). - Japan, Wandern und Multimedia\",\"isPartOf\":{\"@id\":\"https:\\\/\\\/www.oliver-kilb.de\\\/www\\\/#website\"},\"primaryImageOfPage\":{\"@id\":\"https:\\\/\\\/www.oliver-kilb.de\\\/www\\\/2018\\\/08\\\/15\\\/ueber-die-steinerne-agnes-zum-karkopf-1-738m\\\/#primaryimage\"},\"image\":{\"@id\":\"https:\\\/\\\/www.oliver-kilb.de\\\/www\\\/2018\\\/08\\\/15\\\/ueber-die-steinerne-agnes-zum-karkopf-1-738m\\\/#primaryimage\"},\"thumbnailUrl\":\"https:\\\/\\\/www.oliver-kilb.de\\\/www\\\/wp-content\\\/uploads\\\/2024\\\/12\\\/2018-07-01_Karlkopf_13.jpg\",\"datePublished\":\"2018-08-15T15:20:00+00:00\",\"dateModified\":\"2024-12-14T16:30:46+00:00\",\"description\":\"Montgelasnase, Steinerne Agnes, Karkopf, Predigtstuhl - Orte auf der Wanderung, die in Hallthurm bei Bad Reichenhall beginnt.\",\"breadcrumb\":{\"@id\":\"https:\\\/\\\/www.oliver-kilb.de\\\/www\\\/2018\\\/08\\\/15\\\/ueber-die-steinerne-agnes-zum-karkopf-1-738m\\\/#breadcrumb\"},\"inLanguage\":\"de\",\"potentialAction\":[{\"@type\":\"ReadAction\",\"target\":[\"https:\\\/\\\/www.oliver-kilb.de\\\/www\\\/2018\\\/08\\\/15\\\/ueber-die-steinerne-agnes-zum-karkopf-1-738m\\\/\"]}]},{\"@type\":\"ImageObject\",\"inLanguage\":\"de\",\"@id\":\"https:\\\/\\\/www.oliver-kilb.de\\\/www\\\/2018\\\/08\\\/15\\\/ueber-die-steinerne-agnes-zum-karkopf-1-738m\\\/#primaryimage\",\"url\":\"https:\\\/\\\/www.oliver-kilb.de\\\/www\\\/wp-content\\\/uploads\\\/2024\\\/12\\\/2018-07-01_Karlkopf_13.jpg\",\"contentUrl\":\"https:\\\/\\\/www.oliver-kilb.de\\\/www\\\/wp-content\\\/uploads\\\/2024\\\/12\\\/2018-07-01_Karlkopf_13.jpg\",\"width\":1200,\"height\":900},{\"@type\":\"BreadcrumbList\",\"@id\":\"https:\\\/\\\/www.oliver-kilb.de\\\/www\\\/2018\\\/08\\\/15\\\/ueber-die-steinerne-agnes-zum-karkopf-1-738m\\\/#breadcrumb\",\"itemListElement\":[{\"@type\":\"ListItem\",\"position\":1,\"name\":\"Startseite\",\"item\":\"https:\\\/\\\/www.oliver-kilb.de\\\/www\\\/\"},{\"@type\":\"ListItem\",\"position\":2,\"name\":\"\u00dcber die Steinerne Agnes zum Karkopf (1.738m).\"}]},{\"@type\":\"WebSite\",\"@id\":\"https:\\\/\\\/www.oliver-kilb.de\\\/www\\\/#website\",\"url\":\"https:\\\/\\\/www.oliver-kilb.de\\\/www\\\/\",\"name\":\"Japan, Wandern und Multimedia\",\"description\":\"\",\"publisher\":{\"@id\":\"https:\\\/\\\/www.oliver-kilb.de\\\/www\\\/#organization\"},\"potentialAction\":[{\"@type\":\"SearchAction\",\"target\":{\"@type\":\"EntryPoint\",\"urlTemplate\":\"https:\\\/\\\/www.oliver-kilb.de\\\/www\\\/?s={search_term_string}\"},\"query-input\":{\"@type\":\"PropertyValueSpecification\",\"valueRequired\":true,\"valueName\":\"search_term_string\"}}],\"inLanguage\":\"de\"},{\"@type\":\"Organization\",\"@id\":\"https:\\\/\\\/www.oliver-kilb.de\\\/www\\\/#organization\",\"name\":\"Japan, Wandern und Multimedia\",\"url\":\"https:\\\/\\\/www.oliver-kilb.de\\\/www\\\/\",\"logo\":{\"@type\":\"ImageObject\",\"inLanguage\":\"de\",\"@id\":\"https:\\\/\\\/www.oliver-kilb.de\\\/www\\\/#\\\/schema\\\/logo\\\/image\\\/\",\"url\":\"https:\\\/\\\/www.oliver-kilb.de\\\/www\\\/wp-content\\\/uploads\\\/2024\\\/07\\\/Fushimi-Inari-Schrein_075_DxO.jpg\",\"contentUrl\":\"https:\\\/\\\/www.oliver-kilb.de\\\/www\\\/wp-content\\\/uploads\\\/2024\\\/07\\\/Fushimi-Inari-Schrein_075_DxO.jpg\",\"width\":1380,\"height\":301,\"caption\":\"Japan, Wandern und Multimedia\"},\"image\":{\"@id\":\"https:\\\/\\\/www.oliver-kilb.de\\\/www\\\/#\\\/schema\\\/logo\\\/image\\\/\"}},{\"@type\":\"Person\",\"@id\":\"https:\\\/\\\/www.oliver-kilb.de\\\/www\\\/#\\\/schema\\\/person\\\/c2b19a881050135aa248a8851b7b4250\",\"name\":\"Oliver Kilb\",\"image\":{\"@type\":\"ImageObject\",\"inLanguage\":\"de\",\"@id\":\"https:\\\/\\\/secure.gravatar.com\\\/avatar\\\/4da50eb2c6eb71b0641229eed4a38d05c8d4b458a59355cca0d02b57303d6ffd?s=96&d=mm&r=g\",\"url\":\"https:\\\/\\\/secure.gravatar.com\\\/avatar\\\/4da50eb2c6eb71b0641229eed4a38d05c8d4b458a59355cca0d02b57303d6ffd?s=96&d=mm&r=g\",\"contentUrl\":\"https:\\\/\\\/secure.gravatar.com\\\/avatar\\\/4da50eb2c6eb71b0641229eed4a38d05c8d4b458a59355cca0d02b57303d6ffd?s=96&d=mm&r=g\",\"caption\":\"Oliver Kilb\"},\"sameAs\":[\"https:\\\/\\\/www.oliver-kilb.de\\\/www\"],\"url\":\"https:\\\/\\\/www.oliver-kilb.de\\\/www\\\/author\\\/oliver-kilb\\\/\"}]}<\/script>\n<!-- \/ Yoast SEO plugin. -->","yoast_head_json":{"title":"\u00dcber die Steinerne Agnes zum Karkopf (1.738m). - Japan, Wandern und Multimedia","description":"Montgelasnase, Steinerne Agnes, Karkopf, Predigtstuhl - Orte auf der Wanderung, die in Hallthurm bei Bad Reichenhall beginnt.","robots":{"index":"index","follow":"follow","max-snippet":"max-snippet:-1","max-image-preview":"max-image-preview:large","max-video-preview":"max-video-preview:-1"},"canonical":"https:\/\/www.oliver-kilb.de\/www\/2018\/08\/15\/ueber-die-steinerne-agnes-zum-karkopf-1-738m\/","og_locale":"de_DE","og_type":"article","og_title":"\u00dcber die Steinerne Agnes zum Karkopf (1.738m). - Japan, Wandern und Multimedia","og_description":"Montgelasnase, Steinerne Agnes, Karkopf, Predigtstuhl - Orte auf der Wanderung, die in Hallthurm bei Bad Reichenhall beginnt.","og_url":"https:\/\/www.oliver-kilb.de\/www\/2018\/08\/15\/ueber-die-steinerne-agnes-zum-karkopf-1-738m\/","og_site_name":"Japan, Wandern und Multimedia","article_published_time":"2018-08-15T15:20:00+00:00","article_modified_time":"2024-12-14T16:30:46+00:00","og_image":[{"width":1200,"height":900,"url":"https:\/\/www.oliver-kilb.de\/www\/wp-content\/uploads\/2024\/12\/2018-07-01_Karlkopf_13.jpg","type":"image\/jpeg"}],"author":"Oliver Kilb","twitter_card":"summary_large_image","twitter_misc":{"Verfasst von":"Oliver Kilb","Gesch\u00e4tzte Lesezeit":"11\u00a0Minuten"},"schema":{"@context":"https:\/\/schema.org","@graph":[{"@type":"Article","@id":"https:\/\/www.oliver-kilb.de\/www\/2018\/08\/15\/ueber-die-steinerne-agnes-zum-karkopf-1-738m\/#article","isPartOf":{"@id":"https:\/\/www.oliver-kilb.de\/www\/2018\/08\/15\/ueber-die-steinerne-agnes-zum-karkopf-1-738m\/"},"author":{"name":"Oliver Kilb","@id":"https:\/\/www.oliver-kilb.de\/www\/#\/schema\/person\/c2b19a881050135aa248a8851b7b4250"},"headline":"\u00dcber die Steinerne Agnes zum Karkopf (1.738m).","datePublished":"2018-08-15T15:20:00+00:00","dateModified":"2024-12-14T16:30:46+00:00","mainEntityOfPage":{"@id":"https:\/\/www.oliver-kilb.de\/www\/2018\/08\/15\/ueber-die-steinerne-agnes-zum-karkopf-1-738m\/"},"wordCount":674,"commentCount":0,"publisher":{"@id":"https:\/\/www.oliver-kilb.de\/www\/#organization"},"image":{"@id":"https:\/\/www.oliver-kilb.de\/www\/2018\/08\/15\/ueber-die-steinerne-agnes-zum-karkopf-1-738m\/#primaryimage"},"thumbnailUrl":"https:\/\/www.oliver-kilb.de\/www\/wp-content\/uploads\/2024\/12\/2018-07-01_Karlkopf_13.jpg","keywords":["Karkopf","Steinerne Agnes"],"articleSection":["Bayern","Blog"],"inLanguage":"de","potentialAction":[{"@type":"CommentAction","name":"Comment","target":["https:\/\/www.oliver-kilb.de\/www\/2018\/08\/15\/ueber-die-steinerne-agnes-zum-karkopf-1-738m\/#respond"]}]},{"@type":"WebPage","@id":"https:\/\/www.oliver-kilb.de\/www\/2018\/08\/15\/ueber-die-steinerne-agnes-zum-karkopf-1-738m\/","url":"https:\/\/www.oliver-kilb.de\/www\/2018\/08\/15\/ueber-die-steinerne-agnes-zum-karkopf-1-738m\/","name":"\u00dcber die Steinerne Agnes zum Karkopf (1.738m). - Japan, Wandern und Multimedia","isPartOf":{"@id":"https:\/\/www.oliver-kilb.de\/www\/#website"},"primaryImageOfPage":{"@id":"https:\/\/www.oliver-kilb.de\/www\/2018\/08\/15\/ueber-die-steinerne-agnes-zum-karkopf-1-738m\/#primaryimage"},"image":{"@id":"https:\/\/www.oliver-kilb.de\/www\/2018\/08\/15\/ueber-die-steinerne-agnes-zum-karkopf-1-738m\/#primaryimage"},"thumbnailUrl":"https:\/\/www.oliver-kilb.de\/www\/wp-content\/uploads\/2024\/12\/2018-07-01_Karlkopf_13.jpg","datePublished":"2018-08-15T15:20:00+00:00","dateModified":"2024-12-14T16:30:46+00:00","description":"Montgelasnase, Steinerne Agnes, Karkopf, Predigtstuhl - Orte auf der Wanderung, die in Hallthurm bei Bad Reichenhall beginnt.","breadcrumb":{"@id":"https:\/\/www.oliver-kilb.de\/www\/2018\/08\/15\/ueber-die-steinerne-agnes-zum-karkopf-1-738m\/#breadcrumb"},"inLanguage":"de","potentialAction":[{"@type":"ReadAction","target":["https:\/\/www.oliver-kilb.de\/www\/2018\/08\/15\/ueber-die-steinerne-agnes-zum-karkopf-1-738m\/"]}]},{"@type":"ImageObject","inLanguage":"de","@id":"https:\/\/www.oliver-kilb.de\/www\/2018\/08\/15\/ueber-die-steinerne-agnes-zum-karkopf-1-738m\/#primaryimage","url":"https:\/\/www.oliver-kilb.de\/www\/wp-content\/uploads\/2024\/12\/2018-07-01_Karlkopf_13.jpg","contentUrl":"https:\/\/www.oliver-kilb.de\/www\/wp-content\/uploads\/2024\/12\/2018-07-01_Karlkopf_13.jpg","width":1200,"height":900},{"@type":"BreadcrumbList","@id":"https:\/\/www.oliver-kilb.de\/www\/2018\/08\/15\/ueber-die-steinerne-agnes-zum-karkopf-1-738m\/#breadcrumb","itemListElement":[{"@type":"ListItem","position":1,"name":"Startseite","item":"https:\/\/www.oliver-kilb.de\/www\/"},{"@type":"ListItem","position":2,"name":"\u00dcber die Steinerne Agnes zum Karkopf (1.738m)."}]},{"@type":"WebSite","@id":"https:\/\/www.oliver-kilb.de\/www\/#website","url":"https:\/\/www.oliver-kilb.de\/www\/","name":"Japan, Wandern und Multimedia","description":"","publisher":{"@id":"https:\/\/www.oliver-kilb.de\/www\/#organization"},"potentialAction":[{"@type":"SearchAction","target":{"@type":"EntryPoint","urlTemplate":"https:\/\/www.oliver-kilb.de\/www\/?s={search_term_string}"},"query-input":{"@type":"PropertyValueSpecification","valueRequired":true,"valueName":"search_term_string"}}],"inLanguage":"de"},{"@type":"Organization","@id":"https:\/\/www.oliver-kilb.de\/www\/#organization","name":"Japan, Wandern und Multimedia","url":"https:\/\/www.oliver-kilb.de\/www\/","logo":{"@type":"ImageObject","inLanguage":"de","@id":"https:\/\/www.oliver-kilb.de\/www\/#\/schema\/logo\/image\/","url":"https:\/\/www.oliver-kilb.de\/www\/wp-content\/uploads\/2024\/07\/Fushimi-Inari-Schrein_075_DxO.jpg","contentUrl":"https:\/\/www.oliver-kilb.de\/www\/wp-content\/uploads\/2024\/07\/Fushimi-Inari-Schrein_075_DxO.jpg","width":1380,"height":301,"caption":"Japan, Wandern und Multimedia"},"image":{"@id":"https:\/\/www.oliver-kilb.de\/www\/#\/schema\/logo\/image\/"}},{"@type":"Person","@id":"https:\/\/www.oliver-kilb.de\/www\/#\/schema\/person\/c2b19a881050135aa248a8851b7b4250","name":"Oliver Kilb","image":{"@type":"ImageObject","inLanguage":"de","@id":"https:\/\/secure.gravatar.com\/avatar\/4da50eb2c6eb71b0641229eed4a38d05c8d4b458a59355cca0d02b57303d6ffd?s=96&d=mm&r=g","url":"https:\/\/secure.gravatar.com\/avatar\/4da50eb2c6eb71b0641229eed4a38d05c8d4b458a59355cca0d02b57303d6ffd?s=96&d=mm&r=g","contentUrl":"https:\/\/secure.gravatar.com\/avatar\/4da50eb2c6eb71b0641229eed4a38d05c8d4b458a59355cca0d02b57303d6ffd?s=96&d=mm&r=g","caption":"Oliver Kilb"},"sameAs":["https:\/\/www.oliver-kilb.de\/www"],"url":"https:\/\/www.oliver-kilb.de\/www\/author\/oliver-kilb\/"}]}},"amp_enabled":true,"_links":{"self":[{"href":"https:\/\/www.oliver-kilb.de\/www\/wp-json\/wp\/v2\/posts\/37006","targetHints":{"allow":["GET"]}}],"collection":[{"href":"https:\/\/www.oliver-kilb.de\/www\/wp-json\/wp\/v2\/posts"}],"about":[{"href":"https:\/\/www.oliver-kilb.de\/www\/wp-json\/wp\/v2\/types\/post"}],"author":[{"embeddable":true,"href":"https:\/\/www.oliver-kilb.de\/www\/wp-json\/wp\/v2\/users\/1"}],"replies":[{"embeddable":true,"href":"https:\/\/www.oliver-kilb.de\/www\/wp-json\/wp\/v2\/comments?post=37006"}],"version-history":[{"count":2,"href":"https:\/\/www.oliver-kilb.de\/www\/wp-json\/wp\/v2\/posts\/37006\/revisions"}],"predecessor-version":[{"id":37044,"href":"https:\/\/www.oliver-kilb.de\/www\/wp-json\/wp\/v2\/posts\/37006\/revisions\/37044"}],"wp:featuredmedia":[{"embeddable":true,"href":"https:\/\/www.oliver-kilb.de\/www\/wp-json\/wp\/v2\/media\/37022"}],"wp:attachment":[{"href":"https:\/\/www.oliver-kilb.de\/www\/wp-json\/wp\/v2\/media?parent=37006"}],"wp:term":[{"taxonomy":"category","embeddable":true,"href":"https:\/\/www.oliver-kilb.de\/www\/wp-json\/wp\/v2\/categories?post=37006"},{"taxonomy":"post_tag","embeddable":true,"href":"https:\/\/www.oliver-kilb.de\/www\/wp-json\/wp\/v2\/tags?post=37006"}],"curies":[{"name":"wp","href":"https:\/\/api.w.org\/{rel}","templated":true}]}}