{"id":36386,"date":"2018-03-18T19:56:00","date_gmt":"2018-03-18T18:56:00","guid":{"rendered":"https:\/\/www.oliver-kilb.de\/www\/?p=36386"},"modified":"2025-10-10T20:53:24","modified_gmt":"2025-10-10T18:53:24","slug":"1978-urlaub-in-suedtirol-und-venedig-super-8-film-teil-1","status":"publish","type":"post","link":"https:\/\/www.oliver-kilb.de\/www\/2018\/03\/18\/1978-urlaub-in-suedtirol-und-venedig-super-8-film-teil-1\/","title":{"rendered":"1978: Urlaub in S\u00fcdtirol und Venedig (Super 8 Film), Teil 1."},"content":{"rendered":"\n<p><strong>Ein wunderbares Zeitzeugnis ist dieser Super 8 Film, den mir mein Gro\u00dfvater k\u00fcrzlich auf DVD \u00fcberspielt hat: Der Urlaub in S\u00fcdtirol im Sommer 1978, mit Ausfl\u00fcgen nach Venedig und zum Gardasee &#8211; und ins Ultental!<\/strong><\/p>\n\n\n\n<h2 class=\"wp-block-heading\">Ein typischer Super 8 Film.<\/h2>\n\n\n<div class=\"wp-block-image\">\n<figure class=\"alignleft size-full is-resized\"><a href=\"https:\/\/www.oliver-kilb.de\/www\/wp-content\/uploads\/2024\/12\/titel_01.jpg\"><img loading=\"lazy\" decoding=\"async\" width=\"720\" height=\"576\" src=\"https:\/\/www.oliver-kilb.de\/www\/wp-content\/uploads\/2024\/12\/titel_01.jpg\" alt=\"\" class=\"wp-image-36388\" style=\"width:300px\" srcset=\"https:\/\/www.oliver-kilb.de\/www\/wp-content\/uploads\/2024\/12\/titel_01.jpg 720w, https:\/\/www.oliver-kilb.de\/www\/wp-content\/uploads\/2024\/12\/titel_01-500x400.jpg 500w, https:\/\/www.oliver-kilb.de\/www\/wp-content\/uploads\/2024\/12\/titel_01-300x240.jpg 300w\" sizes=\"auto, (max-width: 720px) 100vw, 720px\" \/><\/a><figcaption class=\"wp-element-caption\">Ein typischer Super 8 Titel<\/figcaption><\/figure>\n<\/div>\n\n\n<p>Der Film ist ungef\u00e4hr eine Stunde lang &#8211; was damals kein billiges Vergn\u00fcgen war, denn die <a href=\"https:\/\/de.wikipedia.org\/wiki\/Super_8_(Filmformat)\" target=\"_blank\" rel=\"noreferrer noopener\">Super 8<\/a> Filmboxen boten nur Platz f\u00fcr ca. 3 Minuten und 20 Sekunden und kosteten mindestens 10 DM plus Entwicklung. Das sind im Fr\u00fchjahr 2018 ungef\u00e4hr 13 Euro &#8211; das hei\u00dft, alleine die Filmkassetten haben schon knapp 200 Euro gekostet. Die Entwicklungskosten kenne ich nicht mehr, aber der Effekt ist auch heute noch deutlich sichtbar: Man machte sich genau Gedanken, was man filmte, was \u00fcberhaupt filmenswert war. Dadurch sind auch heute noch die Super 8 Filme gut anzusehen, denn sie haben keine L\u00e4ngen &#8211; im Gegensatz zu den 1980er Jahren, als die VHS Videokameras zu endlosen Geburtstagsfilmen ausuferten.<\/p>\n\n\n<div class=\"wp-block-image\">\n<figure class=\"alignright size-full is-resized\"><a href=\"https:\/\/www.oliver-kilb.de\/www\/wp-content\/uploads\/2024\/12\/Titel_02.jpg\"><img loading=\"lazy\" decoding=\"async\" width=\"720\" height=\"576\" src=\"https:\/\/www.oliver-kilb.de\/www\/wp-content\/uploads\/2024\/12\/Titel_02.jpg\" alt=\"\" class=\"wp-image-36389\" style=\"width:300px\" srcset=\"https:\/\/www.oliver-kilb.de\/www\/wp-content\/uploads\/2024\/12\/Titel_02.jpg 720w, https:\/\/www.oliver-kilb.de\/www\/wp-content\/uploads\/2024\/12\/Titel_02-500x400.jpg 500w, https:\/\/www.oliver-kilb.de\/www\/wp-content\/uploads\/2024\/12\/Titel_02-300x240.jpg 300w\" sizes=\"auto, (max-width: 720px) 100vw, 720px\" \/><\/a><figcaption class=\"wp-element-caption\">Ein typischer Super 8 Titel<\/figcaption><\/figure>\n<\/div>\n\n\n<p>Nat\u00fcrlich konnte man auch damals die Filme bereits weiter verarbeiten. Wer etwas auf sich hielt, der hatte einen Projektor, mit dem man auch die stumm aufgenommenen Filme nachvertonen konnte. Ein Schneideger\u00e4t und ein kleiner Leuchttisch geh\u00f6rte zur Standard-Ausstattung, und wer den Film betiteln wollte, hatte auch eine gr\u00f6\u00dfere Auswahl an Lettern als Guttenberg damals. In allen Gr\u00f6\u00dfen, Formen und Farben.&nbsp;Theoretisch haben Super 8 Filme sogar eine HD-\u00e4hnliche Aufl\u00f6sung (bis zu 1.120 Zeilen), tats\u00e4chlich war sie aufgrund des 4:3 Formats aber in der Breite darunter.<\/p>\n\n\n<div class=\"wp-block-image\">\n<figure class=\"alignleft size-full is-resized\"><a href=\"https:\/\/www.oliver-kilb.de\/www\/wp-content\/uploads\/2024\/12\/Titel_03.jpg\"><img loading=\"lazy\" decoding=\"async\" width=\"720\" height=\"576\" src=\"https:\/\/www.oliver-kilb.de\/www\/wp-content\/uploads\/2024\/12\/Titel_03.jpg\" alt=\"\" class=\"wp-image-36390\" style=\"width:300px\" srcset=\"https:\/\/www.oliver-kilb.de\/www\/wp-content\/uploads\/2024\/12\/Titel_03.jpg 720w, https:\/\/www.oliver-kilb.de\/www\/wp-content\/uploads\/2024\/12\/Titel_03-500x400.jpg 500w, https:\/\/www.oliver-kilb.de\/www\/wp-content\/uploads\/2024\/12\/Titel_03-300x240.jpg 300w\" sizes=\"auto, (max-width: 720px) 100vw, 720px\" \/><\/a><figcaption class=\"wp-element-caption\">Ein typischer Super 8 Titel<\/figcaption><\/figure>\n<\/div>\n\n\n<p>Dadurch, dass seit vielen Jahren alle Hobbyfilmer ihre VHS-Filme digitalisieren lassen, findet man nat\u00fcrlich auch gerade f\u00fcr Super 8 Filme eine Menge an Dienstleistern, die sie auf DVD \u00fcbertragen. Doch Vorsicht! Oft filmen sie nur mit einer mehr oder weniger guten Digicam ab, was man deutlich an einem dunklen, verschwommenen und zu den Ecken <a href=\"https:\/\/de.wikipedia.org\/wiki\/Vignettierung\" target=\"_blank\" rel=\"noreferrer noopener\">vignettiertem<\/a> Bild sehen kann. Manchmal h\u00f6rt man sogar noch das Laufger\u00e4usch des Projektors. Dadurch haben die Super 8 Filme zu Unrecht einen schlechten Ruf bekommen. Firmen, die Super 8 tats\u00e4chlich scannen sind rar. Ich werde es mal <a href=\"https:\/\/www.screenshot-berlin.de\" target=\"_blank\" rel=\"noreferrer noopener\">mit dieser Firma probieren<\/a>, die mit einem Bild- und Tonscanner wirbt, und berichte bei Gelegenheit.<\/p>\n\n\n\n<h2 class=\"wp-block-heading\">Die Anreise vom Saarland nach S\u00fcdtirol \u00fcber den Reschensee.<\/h2>\n\n\n<div class=\"wp-block-image\">\n<figure class=\"alignleft size-full is-resized\"><a href=\"https:\/\/www.oliver-kilb.de\/www\/wp-content\/uploads\/2024\/12\/neuschwanstein.jpg\"><img loading=\"lazy\" decoding=\"async\" width=\"720\" height=\"576\" src=\"https:\/\/www.oliver-kilb.de\/www\/wp-content\/uploads\/2024\/12\/neuschwanstein.jpg\" alt=\"\" class=\"wp-image-36391\" style=\"width:300px\" srcset=\"https:\/\/www.oliver-kilb.de\/www\/wp-content\/uploads\/2024\/12\/neuschwanstein.jpg 720w, https:\/\/www.oliver-kilb.de\/www\/wp-content\/uploads\/2024\/12\/neuschwanstein-500x400.jpg 500w, https:\/\/www.oliver-kilb.de\/www\/wp-content\/uploads\/2024\/12\/neuschwanstein-300x240.jpg 300w\" sizes=\"auto, (max-width: 720px) 100vw, 720px\" \/><\/a><figcaption class=\"wp-element-caption\">Schloss Neuschwanstein 1978<\/figcaption><\/figure>\n<\/div>\n\n\n<p>In den 1970er Jahren war eine Fahrt nach S\u00fcdtirol noch ein kleines Abenteuer! Immerhin ging es durch drei L\u00e4nder. Kein Navi im Auto, die Stra\u00dfe waren nicht so gut ausgebaut wie heute (selbst die <a href=\"https:\/\/de.wikipedia.org\/wiki\/Brenner_Autobahn\" target=\"_blank\" rel=\"noreferrer noopener\">Brenner Autobahn<\/a> wurde erst 1971 er\u00f6ffnet!) und die Motoren liefen in der Tat noch hei\u00df, wenn man l\u00e4nger bergauf fuhr. Manchmal sind wir sogar mit Anh\u00e4nger die Strecke gefahren. Mann, wurden die 60 PS Motoren manchmal gequ\u00e4lt! Seitdem ich zur\u00fcckdenken kann, fuhren wir bis in die 1980er Jahre regelm\u00e4\u00dfig nach <a href=\"https:\/\/de.wikipedia.org\/wiki\/Lana\" target=\"_blank\" rel=\"noreferrer noopener\">Lana<\/a> bei <a href=\"https:\/\/de.wikipedia.org\/wiki\/Meran\" target=\"_blank\" rel=\"noreferrer noopener\">Meran<\/a> in den Urlaub. Meistens zu Ostern, oft aber auch im Sommer. So auch 1978 zusammen mit meinen Gro\u00dfeltern.<\/p>\n\n\n<div class=\"wp-block-image\">\n<figure class=\"alignright size-full is-resized\"><a href=\"https:\/\/www.oliver-kilb.de\/www\/wp-content\/uploads\/2024\/12\/reschensee.jpg\"><img loading=\"lazy\" decoding=\"async\" width=\"720\" height=\"576\" src=\"https:\/\/www.oliver-kilb.de\/www\/wp-content\/uploads\/2024\/12\/reschensee.jpg\" alt=\"\" class=\"wp-image-36392\" style=\"width:300px\" srcset=\"https:\/\/www.oliver-kilb.de\/www\/wp-content\/uploads\/2024\/12\/reschensee.jpg 720w, https:\/\/www.oliver-kilb.de\/www\/wp-content\/uploads\/2024\/12\/reschensee-500x400.jpg 500w, https:\/\/www.oliver-kilb.de\/www\/wp-content\/uploads\/2024\/12\/reschensee-300x240.jpg 300w\" sizes=\"auto, (max-width: 720px) 100vw, 720px\" \/><\/a><figcaption class=\"wp-element-caption\">Der Reschensee 1978<\/figcaption><\/figure>\n<\/div>\n\n\n<p>Die Anfahrt f\u00fchrte uns zuerst an <a href=\"https:\/\/de.wikipedia.org\/wiki\/Schloss_Neuschwanstein\" target=\"_blank\" rel=\"noreferrer noopener\">Neuschwanstein<\/a> vorbei (ich habe keine Erinnerung, ob wir das Schloss auch besichtigten) und dann ging es durch \u00d6sterreich \u00fcber Landstra\u00dfen weiter, nahe an der Schweiz vorbei, bis wir am <a href=\"https:\/\/de.wikipedia.org\/wiki\/Reschenpass\" target=\"_blank\" rel=\"noreferrer noopener\">Reschenpass<\/a> ankamen. Direkt in der N\u00e4he ist nat\u00fcrlich der <a href=\"https:\/\/de.wikipedia.org\/wiki\/Reschensee\" target=\"_blank\" rel=\"noreferrer noopener\">Reschensee<\/a>, der f\u00fcr den Kirchturm ber\u00fchmt ist, der nun aus dem Wasser ragt. Auch fr\u00fcher machten wir dort eine kurze Pause. 1978 gab es noch keinen Parkplatz, man parkte mehr oder weniger wild in der N\u00e4he. Heute ist dort ein gro\u00dfer asphaltierter Parkplatz, ein Informationszentrum, Toiletten, Wanderwege&#8230; und, wie ich an dem Foto hier <a href=\"https:\/\/www.oliver-kilb.de\/www\/2015\/10\/21\/auf-nach-suedtirol-kurze-pause-am-reschensee\/\">im Vergleich mit Aufnahmen von 2015<\/a> sehe, scheint der Kirchturm nun wesentlich weiter im Wasser zu stehen. Aber wie ist das m\u00f6glich? Wurde dieser Teil des Reschensees nachtr\u00e4glich vergr\u00f6\u00dfert, um ein besseres touristisches Erlebnis zu schaffen?<\/p>\n\n\n\n<h2 class=\"wp-block-heading\">Lana und Meran: Unsere Basis.<\/h2>\n\n\n<div class=\"wp-block-image\">\n<figure class=\"alignleft size-full is-resized\"><a href=\"https:\/\/www.oliver-kilb.de\/www\/wp-content\/uploads\/2024\/12\/vigiljoch.jpg\"><img loading=\"lazy\" decoding=\"async\" width=\"720\" height=\"576\" src=\"https:\/\/www.oliver-kilb.de\/www\/wp-content\/uploads\/2024\/12\/vigiljoch.jpg\" alt=\"\" class=\"wp-image-36393\" style=\"width:300px\" srcset=\"https:\/\/www.oliver-kilb.de\/www\/wp-content\/uploads\/2024\/12\/vigiljoch.jpg 720w, https:\/\/www.oliver-kilb.de\/www\/wp-content\/uploads\/2024\/12\/vigiljoch-500x400.jpg 500w, https:\/\/www.oliver-kilb.de\/www\/wp-content\/uploads\/2024\/12\/vigiljoch-300x240.jpg 300w\" sizes=\"auto, (max-width: 720px) 100vw, 720px\" \/><\/a><figcaption class=\"wp-element-caption\">Die Vigiljoch-Bahn in Lana<\/figcaption><\/figure>\n<\/div>\n\n\n<p>Lana war damals immer unsere Basis. Damals wohnten wir in der <a href=\"https:\/\/maps.app.goo.gl\/deVSxVS7dHpj51ySA\" target=\"_blank\" rel=\"noreferrer noopener\">Pension Kessler<\/a>, die es noch immer gibt. Hier ist ein Foto von <a href=\"https:\/\/www.google.de\/maps\/@46.6105235,11.1526035,3a,75y,255.22h,93.72t\/data=!3m7!1e1!3m5!1siEq1-vyXE_MCiKTrNqDHMQ!2e0!6s%2F%2Fgeo3.ggpht.com%2Fcbk%3Fpanoid%3DiEq1-vyXE_MCiKTrNqDHMQ%26output%3Dthumbnail%26cb_client%3Dmaps_sv.tactile.gps%26thumb%3D2%26w%3D203%26h%3D100%26yaw%3D157.17755%26pitch%3D0%26thumbfov%3D100!7i13312!8i6656\" target=\"_blank\" rel=\"noreferrer noopener\">Google Street View<\/a>. Sp\u00e4ter mieteten wir immer das Appartement von Bekannten, das in Lana gegen\u00fcber der <a href=\"https:\/\/de.wikipedia.org\/wiki\/Vigiljoch\" target=\"_blank\" rel=\"noreferrer noopener\">Vigiljoch<\/a>-Seilbahn <a href=\"https:\/\/www.google.de\/maps\/@46.6205209,11.140872,3a,75y,80.29h,101.78t\/data=!3m6!1e1!3m4!1sOAFcuUsHQNfYS92eM1Y9bg!2e0!7i13312!8i6656\" target=\"_blank\" rel=\"noreferrer noopener\">in einem gr\u00f6\u00dferen H\u00e4userblock<\/a> war. Das Haus hatte sogar ein Hallenbad, was ich zu der Zeit als unglaublich exotisch fand. Und der typische Hallenbadgeruch dieser Zeit&#8230; Lana war schon damals ein sch\u00f6nes D\u00f6rfchen, und nachdem ich es nun auch schon seit \u00fcber 40 Jahren kenne, muss ich sagen, es hat viel von seinem Charme behalten. Es f\u00fchlt sich immer ein wenig Besonders an, auf dem Weg ins Ultental dort vorbei zu fahren. Die Seilbahn ist \u00fcbrigens mittlerweile schon \u00fcber 100 Jahre alt.<\/p>\n\n\n<div class=\"wp-block-image\">\n<figure class=\"alignright size-full is-resized\"><a href=\"https:\/\/www.oliver-kilb.de\/www\/wp-content\/uploads\/2024\/12\/meran_hecke.jpg\"><img loading=\"lazy\" decoding=\"async\" width=\"720\" height=\"576\" src=\"https:\/\/www.oliver-kilb.de\/www\/wp-content\/uploads\/2024\/12\/meran_hecke.jpg\" alt=\"\" class=\"wp-image-36394\" style=\"width:300px\" srcset=\"https:\/\/www.oliver-kilb.de\/www\/wp-content\/uploads\/2024\/12\/meran_hecke.jpg 720w, https:\/\/www.oliver-kilb.de\/www\/wp-content\/uploads\/2024\/12\/meran_hecke-500x400.jpg 500w, https:\/\/www.oliver-kilb.de\/www\/wp-content\/uploads\/2024\/12\/meran_hecke-300x240.jpg 300w\" sizes=\"auto, (max-width: 720px) 100vw, 720px\" \/><\/a><figcaption class=\"wp-element-caption\">Hecken in Meran 1978<\/figcaption><\/figure>\n<\/div>\n\n\n<p>Auch in Meran ist Vieles gleich geblieben, was schon 1978 den Touristen an S\u00fcdtirol gut gefallen hat. Die <a href=\"https:\/\/www.meranerland.org\/de\/freizeit-aktiv\/berge-wandern\/promenaden-in-meran\/gilfpromenade\/\" target=\"_blank\" rel=\"noreferrer noopener\">Gilfpromenade<\/a> gibt es noch immer, und noch immer ist die Promenade voll von Menschen jeden Alters &#8211; ich glaube, das Durchschnittsalter ist sogar etwas gesunken. Das w\u00fcrde mir sogar sehr gut gefallen, denn eine ganze Weile galt Meran als das klassische Rentnerparadies. Wo sonst konnte man g\u00fcnstig Urlaub machen, unter Palmen flanieren und gleichzeitig Deutsch sprechen? Und wo kann man schon <a href=\"https:\/\/www.trauttmansdorff.it\/sissi-kaiserin-elisabeth\/sissi-in-meran\/sissi-weg.html\" target=\"_blank\" rel=\"noreferrer noopener\">den Sissi-Weg<\/a> gehen, auf dem auch schon die Kaiserin gleichen Namens wandelte?<\/p>\n\n\n\n<p>Dort, wo wir damals unseren Wagen parkten, ist mittlerweile die Therme Meran entstanden (zum Gl\u00fcck mit Parkhaus). Und was mir seit damals im Ged\u00e4chtnis blieb, sind die liebevoll geschnittenen Hecken, die farbenfrohe Motive ergeben. Die Reiter, die man hier sieht, habe ich nie vergessen. Und dem ganz jungen Ich gefielen nat\u00fcrlich die Wege, die nahe am Fluss verliefen. So konnte ich meinem Lieblingshobby fr\u00f6nen: Steine in den Fluss werfen, kleine Ableitungen bauen, Wehre, Staud\u00e4mme, &#8230; bis es hie\u00df, dass wir wieder weiter m\u00fcssten.<\/p>\n\n\n\n<h2 class=\"wp-block-heading\">Mehr im n\u00e4chsten Teil.<\/h2>\n\n\n\n<p>Es gibt noch viel mehr zu berichten: Ausfl\u00fcge nach Bozen, in die Dolomiten, zum Schlern, aus S\u00fcdtirol hinaus nach Venedig, zum Gardasee und ins Ultental! Aber das werde ich in einem anderen Beitrag erledigen.<\/p>\n","protected":false},"excerpt":{"rendered":"<p>Ein wunderbares Zeitzeugnis ist dieser Super 8 Film, den mir mein Gro\u00dfvater k\u00fcrzlich auf DVD \u00fcberspielt hat: Der Urlaub in S\u00fcdtirol im Sommer 1978, mit Ausfl\u00fcgen nach Venedig und zum Gardasee &#8211; und ins Ultental!<\/p>\n","protected":false},"author":1,"featured_media":36389,"comment_status":"open","ping_status":"open","sticky":false,"template":"","format":"standard","meta":{"iawp_total_views":4,"footnotes":""},"categories":[15],"tags":[68,727,728],"class_list":["post-36386","post","type-post","status-publish","format-standard","has-post-thumbnail","hentry","category-blog","tag-suedtirol","tag-super-8","tag-venedig"],"yoast_head":"<!-- This site is optimized with the Yoast SEO plugin v27.3 - https:\/\/yoast.com\/product\/yoast-seo-wordpress\/ -->\n<title>1978: Urlaub in S\u00fcdtirol und Venedig (Super 8 Film), Teil 1. - Japan, Wandern und Multimedia<\/title>\n<meta name=\"description\" content=\"Der Urlaub in S\u00fcdtirol im Sommer 1978, mit Ausfl\u00fcgen nach Venedig und zum Gardasee - und ins Ultental! Aufgenommen auf Super 8.\" \/>\n<meta name=\"robots\" content=\"index, follow, max-snippet:-1, max-image-preview:large, max-video-preview:-1\" \/>\n<link rel=\"canonical\" href=\"https:\/\/www.oliver-kilb.de\/www\/2018\/03\/18\/1978-urlaub-in-suedtirol-und-venedig-super-8-film-teil-1\/\" \/>\n<meta property=\"og:locale\" content=\"de_DE\" \/>\n<meta property=\"og:type\" content=\"article\" \/>\n<meta property=\"og:title\" content=\"1978: Urlaub in S\u00fcdtirol und Venedig (Super 8 Film), Teil 1. - Japan, Wandern und Multimedia\" \/>\n<meta property=\"og:description\" content=\"Der Urlaub in S\u00fcdtirol im Sommer 1978, mit Ausfl\u00fcgen nach Venedig und zum Gardasee - und ins Ultental! Aufgenommen auf Super 8.\" \/>\n<meta property=\"og:url\" content=\"https:\/\/www.oliver-kilb.de\/www\/2018\/03\/18\/1978-urlaub-in-suedtirol-und-venedig-super-8-film-teil-1\/\" \/>\n<meta property=\"og:site_name\" content=\"Japan, Wandern und Multimedia\" \/>\n<meta property=\"article:published_time\" content=\"2018-03-18T18:56:00+00:00\" \/>\n<meta property=\"article:modified_time\" content=\"2025-10-10T18:53:24+00:00\" \/>\n<meta property=\"og:image\" content=\"https:\/\/www.oliver-kilb.de\/www\/wp-content\/uploads\/2024\/12\/Titel_02.jpg\" \/>\n\t<meta property=\"og:image:width\" content=\"720\" \/>\n\t<meta property=\"og:image:height\" content=\"576\" \/>\n\t<meta property=\"og:image:type\" content=\"image\/jpeg\" \/>\n<meta name=\"author\" content=\"Oliver Kilb\" \/>\n<meta name=\"twitter:card\" content=\"summary_large_image\" \/>\n<meta name=\"twitter:label1\" content=\"Verfasst von\" \/>\n\t<meta name=\"twitter:data1\" content=\"Oliver Kilb\" \/>\n\t<meta name=\"twitter:label2\" content=\"Gesch\u00e4tzte Lesezeit\" \/>\n\t<meta name=\"twitter:data2\" content=\"7\u00a0Minuten\" \/>\n<script type=\"application\/ld+json\" class=\"yoast-schema-graph\">{\"@context\":\"https:\\\/\\\/schema.org\",\"@graph\":[{\"@type\":\"Article\",\"@id\":\"https:\\\/\\\/www.oliver-kilb.de\\\/www\\\/2018\\\/03\\\/18\\\/1978-urlaub-in-suedtirol-und-venedig-super-8-film-teil-1\\\/#article\",\"isPartOf\":{\"@id\":\"https:\\\/\\\/www.oliver-kilb.de\\\/www\\\/2018\\\/03\\\/18\\\/1978-urlaub-in-suedtirol-und-venedig-super-8-film-teil-1\\\/\"},\"author\":{\"name\":\"Oliver Kilb\",\"@id\":\"https:\\\/\\\/www.oliver-kilb.de\\\/www\\\/#\\\/schema\\\/person\\\/c2b19a881050135aa248a8851b7b4250\"},\"headline\":\"1978: Urlaub in S\u00fcdtirol und Venedig (Super 8 Film), Teil 1.\",\"datePublished\":\"2018-03-18T18:56:00+00:00\",\"dateModified\":\"2025-10-10T18:53:24+00:00\",\"mainEntityOfPage\":{\"@id\":\"https:\\\/\\\/www.oliver-kilb.de\\\/www\\\/2018\\\/03\\\/18\\\/1978-urlaub-in-suedtirol-und-venedig-super-8-film-teil-1\\\/\"},\"wordCount\":1005,\"commentCount\":1,\"publisher\":{\"@id\":\"https:\\\/\\\/www.oliver-kilb.de\\\/www\\\/#organization\"},\"image\":{\"@id\":\"https:\\\/\\\/www.oliver-kilb.de\\\/www\\\/2018\\\/03\\\/18\\\/1978-urlaub-in-suedtirol-und-venedig-super-8-film-teil-1\\\/#primaryimage\"},\"thumbnailUrl\":\"https:\\\/\\\/www.oliver-kilb.de\\\/www\\\/wp-content\\\/uploads\\\/2024\\\/12\\\/Titel_02.jpg\",\"keywords\":[\"S\u00fcdtirol\",\"Super 8\",\"Venedig\"],\"articleSection\":[\"Blog\"],\"inLanguage\":\"de\",\"potentialAction\":[{\"@type\":\"CommentAction\",\"name\":\"Comment\",\"target\":[\"https:\\\/\\\/www.oliver-kilb.de\\\/www\\\/2018\\\/03\\\/18\\\/1978-urlaub-in-suedtirol-und-venedig-super-8-film-teil-1\\\/#respond\"]}]},{\"@type\":\"WebPage\",\"@id\":\"https:\\\/\\\/www.oliver-kilb.de\\\/www\\\/2018\\\/03\\\/18\\\/1978-urlaub-in-suedtirol-und-venedig-super-8-film-teil-1\\\/\",\"url\":\"https:\\\/\\\/www.oliver-kilb.de\\\/www\\\/2018\\\/03\\\/18\\\/1978-urlaub-in-suedtirol-und-venedig-super-8-film-teil-1\\\/\",\"name\":\"1978: Urlaub in S\u00fcdtirol und Venedig (Super 8 Film), Teil 1. - Japan, Wandern und Multimedia\",\"isPartOf\":{\"@id\":\"https:\\\/\\\/www.oliver-kilb.de\\\/www\\\/#website\"},\"primaryImageOfPage\":{\"@id\":\"https:\\\/\\\/www.oliver-kilb.de\\\/www\\\/2018\\\/03\\\/18\\\/1978-urlaub-in-suedtirol-und-venedig-super-8-film-teil-1\\\/#primaryimage\"},\"image\":{\"@id\":\"https:\\\/\\\/www.oliver-kilb.de\\\/www\\\/2018\\\/03\\\/18\\\/1978-urlaub-in-suedtirol-und-venedig-super-8-film-teil-1\\\/#primaryimage\"},\"thumbnailUrl\":\"https:\\\/\\\/www.oliver-kilb.de\\\/www\\\/wp-content\\\/uploads\\\/2024\\\/12\\\/Titel_02.jpg\",\"datePublished\":\"2018-03-18T18:56:00+00:00\",\"dateModified\":\"2025-10-10T18:53:24+00:00\",\"description\":\"Der Urlaub in S\u00fcdtirol im Sommer 1978, mit Ausfl\u00fcgen nach Venedig und zum Gardasee - und ins Ultental! Aufgenommen auf Super 8.\",\"breadcrumb\":{\"@id\":\"https:\\\/\\\/www.oliver-kilb.de\\\/www\\\/2018\\\/03\\\/18\\\/1978-urlaub-in-suedtirol-und-venedig-super-8-film-teil-1\\\/#breadcrumb\"},\"inLanguage\":\"de\",\"potentialAction\":[{\"@type\":\"ReadAction\",\"target\":[\"https:\\\/\\\/www.oliver-kilb.de\\\/www\\\/2018\\\/03\\\/18\\\/1978-urlaub-in-suedtirol-und-venedig-super-8-film-teil-1\\\/\"]}]},{\"@type\":\"ImageObject\",\"inLanguage\":\"de\",\"@id\":\"https:\\\/\\\/www.oliver-kilb.de\\\/www\\\/2018\\\/03\\\/18\\\/1978-urlaub-in-suedtirol-und-venedig-super-8-film-teil-1\\\/#primaryimage\",\"url\":\"https:\\\/\\\/www.oliver-kilb.de\\\/www\\\/wp-content\\\/uploads\\\/2024\\\/12\\\/Titel_02.jpg\",\"contentUrl\":\"https:\\\/\\\/www.oliver-kilb.de\\\/www\\\/wp-content\\\/uploads\\\/2024\\\/12\\\/Titel_02.jpg\",\"width\":720,\"height\":576},{\"@type\":\"BreadcrumbList\",\"@id\":\"https:\\\/\\\/www.oliver-kilb.de\\\/www\\\/2018\\\/03\\\/18\\\/1978-urlaub-in-suedtirol-und-venedig-super-8-film-teil-1\\\/#breadcrumb\",\"itemListElement\":[{\"@type\":\"ListItem\",\"position\":1,\"name\":\"Startseite\",\"item\":\"https:\\\/\\\/www.oliver-kilb.de\\\/www\\\/\"},{\"@type\":\"ListItem\",\"position\":2,\"name\":\"1978: Urlaub in S\u00fcdtirol und Venedig (Super 8 Film), Teil 1.\"}]},{\"@type\":\"WebSite\",\"@id\":\"https:\\\/\\\/www.oliver-kilb.de\\\/www\\\/#website\",\"url\":\"https:\\\/\\\/www.oliver-kilb.de\\\/www\\\/\",\"name\":\"Japan, Wandern und Multimedia\",\"description\":\"\",\"publisher\":{\"@id\":\"https:\\\/\\\/www.oliver-kilb.de\\\/www\\\/#organization\"},\"potentialAction\":[{\"@type\":\"SearchAction\",\"target\":{\"@type\":\"EntryPoint\",\"urlTemplate\":\"https:\\\/\\\/www.oliver-kilb.de\\\/www\\\/?s={search_term_string}\"},\"query-input\":{\"@type\":\"PropertyValueSpecification\",\"valueRequired\":true,\"valueName\":\"search_term_string\"}}],\"inLanguage\":\"de\"},{\"@type\":\"Organization\",\"@id\":\"https:\\\/\\\/www.oliver-kilb.de\\\/www\\\/#organization\",\"name\":\"Japan, Wandern und Multimedia\",\"url\":\"https:\\\/\\\/www.oliver-kilb.de\\\/www\\\/\",\"logo\":{\"@type\":\"ImageObject\",\"inLanguage\":\"de\",\"@id\":\"https:\\\/\\\/www.oliver-kilb.de\\\/www\\\/#\\\/schema\\\/logo\\\/image\\\/\",\"url\":\"https:\\\/\\\/www.oliver-kilb.de\\\/www\\\/wp-content\\\/uploads\\\/2024\\\/07\\\/Fushimi-Inari-Schrein_075_DxO.jpg\",\"contentUrl\":\"https:\\\/\\\/www.oliver-kilb.de\\\/www\\\/wp-content\\\/uploads\\\/2024\\\/07\\\/Fushimi-Inari-Schrein_075_DxO.jpg\",\"width\":1380,\"height\":301,\"caption\":\"Japan, Wandern und Multimedia\"},\"image\":{\"@id\":\"https:\\\/\\\/www.oliver-kilb.de\\\/www\\\/#\\\/schema\\\/logo\\\/image\\\/\"}},{\"@type\":\"Person\",\"@id\":\"https:\\\/\\\/www.oliver-kilb.de\\\/www\\\/#\\\/schema\\\/person\\\/c2b19a881050135aa248a8851b7b4250\",\"name\":\"Oliver Kilb\",\"image\":{\"@type\":\"ImageObject\",\"inLanguage\":\"de\",\"@id\":\"https:\\\/\\\/secure.gravatar.com\\\/avatar\\\/4da50eb2c6eb71b0641229eed4a38d05c8d4b458a59355cca0d02b57303d6ffd?s=96&d=mm&r=g\",\"url\":\"https:\\\/\\\/secure.gravatar.com\\\/avatar\\\/4da50eb2c6eb71b0641229eed4a38d05c8d4b458a59355cca0d02b57303d6ffd?s=96&d=mm&r=g\",\"contentUrl\":\"https:\\\/\\\/secure.gravatar.com\\\/avatar\\\/4da50eb2c6eb71b0641229eed4a38d05c8d4b458a59355cca0d02b57303d6ffd?s=96&d=mm&r=g\",\"caption\":\"Oliver Kilb\"},\"sameAs\":[\"https:\\\/\\\/www.oliver-kilb.de\\\/www\"],\"url\":\"https:\\\/\\\/www.oliver-kilb.de\\\/www\\\/author\\\/oliver-kilb\\\/\"}]}<\/script>\n<!-- \/ Yoast SEO plugin. -->","yoast_head_json":{"title":"1978: Urlaub in S\u00fcdtirol und Venedig (Super 8 Film), Teil 1. - Japan, Wandern und Multimedia","description":"Der Urlaub in S\u00fcdtirol im Sommer 1978, mit Ausfl\u00fcgen nach Venedig und zum Gardasee - und ins Ultental! Aufgenommen auf Super 8.","robots":{"index":"index","follow":"follow","max-snippet":"max-snippet:-1","max-image-preview":"max-image-preview:large","max-video-preview":"max-video-preview:-1"},"canonical":"https:\/\/www.oliver-kilb.de\/www\/2018\/03\/18\/1978-urlaub-in-suedtirol-und-venedig-super-8-film-teil-1\/","og_locale":"de_DE","og_type":"article","og_title":"1978: Urlaub in S\u00fcdtirol und Venedig (Super 8 Film), Teil 1. - Japan, Wandern und Multimedia","og_description":"Der Urlaub in S\u00fcdtirol im Sommer 1978, mit Ausfl\u00fcgen nach Venedig und zum Gardasee - und ins Ultental! Aufgenommen auf Super 8.","og_url":"https:\/\/www.oliver-kilb.de\/www\/2018\/03\/18\/1978-urlaub-in-suedtirol-und-venedig-super-8-film-teil-1\/","og_site_name":"Japan, Wandern und Multimedia","article_published_time":"2018-03-18T18:56:00+00:00","article_modified_time":"2025-10-10T18:53:24+00:00","og_image":[{"width":720,"height":576,"url":"https:\/\/www.oliver-kilb.de\/www\/wp-content\/uploads\/2024\/12\/Titel_02.jpg","type":"image\/jpeg"}],"author":"Oliver Kilb","twitter_card":"summary_large_image","twitter_misc":{"Verfasst von":"Oliver Kilb","Gesch\u00e4tzte Lesezeit":"7\u00a0Minuten"},"schema":{"@context":"https:\/\/schema.org","@graph":[{"@type":"Article","@id":"https:\/\/www.oliver-kilb.de\/www\/2018\/03\/18\/1978-urlaub-in-suedtirol-und-venedig-super-8-film-teil-1\/#article","isPartOf":{"@id":"https:\/\/www.oliver-kilb.de\/www\/2018\/03\/18\/1978-urlaub-in-suedtirol-und-venedig-super-8-film-teil-1\/"},"author":{"name":"Oliver Kilb","@id":"https:\/\/www.oliver-kilb.de\/www\/#\/schema\/person\/c2b19a881050135aa248a8851b7b4250"},"headline":"1978: Urlaub in S\u00fcdtirol und Venedig (Super 8 Film), Teil 1.","datePublished":"2018-03-18T18:56:00+00:00","dateModified":"2025-10-10T18:53:24+00:00","mainEntityOfPage":{"@id":"https:\/\/www.oliver-kilb.de\/www\/2018\/03\/18\/1978-urlaub-in-suedtirol-und-venedig-super-8-film-teil-1\/"},"wordCount":1005,"commentCount":1,"publisher":{"@id":"https:\/\/www.oliver-kilb.de\/www\/#organization"},"image":{"@id":"https:\/\/www.oliver-kilb.de\/www\/2018\/03\/18\/1978-urlaub-in-suedtirol-und-venedig-super-8-film-teil-1\/#primaryimage"},"thumbnailUrl":"https:\/\/www.oliver-kilb.de\/www\/wp-content\/uploads\/2024\/12\/Titel_02.jpg","keywords":["S\u00fcdtirol","Super 8","Venedig"],"articleSection":["Blog"],"inLanguage":"de","potentialAction":[{"@type":"CommentAction","name":"Comment","target":["https:\/\/www.oliver-kilb.de\/www\/2018\/03\/18\/1978-urlaub-in-suedtirol-und-venedig-super-8-film-teil-1\/#respond"]}]},{"@type":"WebPage","@id":"https:\/\/www.oliver-kilb.de\/www\/2018\/03\/18\/1978-urlaub-in-suedtirol-und-venedig-super-8-film-teil-1\/","url":"https:\/\/www.oliver-kilb.de\/www\/2018\/03\/18\/1978-urlaub-in-suedtirol-und-venedig-super-8-film-teil-1\/","name":"1978: Urlaub in S\u00fcdtirol und Venedig (Super 8 Film), Teil 1. - Japan, Wandern und Multimedia","isPartOf":{"@id":"https:\/\/www.oliver-kilb.de\/www\/#website"},"primaryImageOfPage":{"@id":"https:\/\/www.oliver-kilb.de\/www\/2018\/03\/18\/1978-urlaub-in-suedtirol-und-venedig-super-8-film-teil-1\/#primaryimage"},"image":{"@id":"https:\/\/www.oliver-kilb.de\/www\/2018\/03\/18\/1978-urlaub-in-suedtirol-und-venedig-super-8-film-teil-1\/#primaryimage"},"thumbnailUrl":"https:\/\/www.oliver-kilb.de\/www\/wp-content\/uploads\/2024\/12\/Titel_02.jpg","datePublished":"2018-03-18T18:56:00+00:00","dateModified":"2025-10-10T18:53:24+00:00","description":"Der Urlaub in S\u00fcdtirol im Sommer 1978, mit Ausfl\u00fcgen nach Venedig und zum Gardasee - und ins Ultental! Aufgenommen auf Super 8.","breadcrumb":{"@id":"https:\/\/www.oliver-kilb.de\/www\/2018\/03\/18\/1978-urlaub-in-suedtirol-und-venedig-super-8-film-teil-1\/#breadcrumb"},"inLanguage":"de","potentialAction":[{"@type":"ReadAction","target":["https:\/\/www.oliver-kilb.de\/www\/2018\/03\/18\/1978-urlaub-in-suedtirol-und-venedig-super-8-film-teil-1\/"]}]},{"@type":"ImageObject","inLanguage":"de","@id":"https:\/\/www.oliver-kilb.de\/www\/2018\/03\/18\/1978-urlaub-in-suedtirol-und-venedig-super-8-film-teil-1\/#primaryimage","url":"https:\/\/www.oliver-kilb.de\/www\/wp-content\/uploads\/2024\/12\/Titel_02.jpg","contentUrl":"https:\/\/www.oliver-kilb.de\/www\/wp-content\/uploads\/2024\/12\/Titel_02.jpg","width":720,"height":576},{"@type":"BreadcrumbList","@id":"https:\/\/www.oliver-kilb.de\/www\/2018\/03\/18\/1978-urlaub-in-suedtirol-und-venedig-super-8-film-teil-1\/#breadcrumb","itemListElement":[{"@type":"ListItem","position":1,"name":"Startseite","item":"https:\/\/www.oliver-kilb.de\/www\/"},{"@type":"ListItem","position":2,"name":"1978: Urlaub in S\u00fcdtirol und Venedig (Super 8 Film), Teil 1."}]},{"@type":"WebSite","@id":"https:\/\/www.oliver-kilb.de\/www\/#website","url":"https:\/\/www.oliver-kilb.de\/www\/","name":"Japan, Wandern und Multimedia","description":"","publisher":{"@id":"https:\/\/www.oliver-kilb.de\/www\/#organization"},"potentialAction":[{"@type":"SearchAction","target":{"@type":"EntryPoint","urlTemplate":"https:\/\/www.oliver-kilb.de\/www\/?s={search_term_string}"},"query-input":{"@type":"PropertyValueSpecification","valueRequired":true,"valueName":"search_term_string"}}],"inLanguage":"de"},{"@type":"Organization","@id":"https:\/\/www.oliver-kilb.de\/www\/#organization","name":"Japan, Wandern und Multimedia","url":"https:\/\/www.oliver-kilb.de\/www\/","logo":{"@type":"ImageObject","inLanguage":"de","@id":"https:\/\/www.oliver-kilb.de\/www\/#\/schema\/logo\/image\/","url":"https:\/\/www.oliver-kilb.de\/www\/wp-content\/uploads\/2024\/07\/Fushimi-Inari-Schrein_075_DxO.jpg","contentUrl":"https:\/\/www.oliver-kilb.de\/www\/wp-content\/uploads\/2024\/07\/Fushimi-Inari-Schrein_075_DxO.jpg","width":1380,"height":301,"caption":"Japan, Wandern und Multimedia"},"image":{"@id":"https:\/\/www.oliver-kilb.de\/www\/#\/schema\/logo\/image\/"}},{"@type":"Person","@id":"https:\/\/www.oliver-kilb.de\/www\/#\/schema\/person\/c2b19a881050135aa248a8851b7b4250","name":"Oliver Kilb","image":{"@type":"ImageObject","inLanguage":"de","@id":"https:\/\/secure.gravatar.com\/avatar\/4da50eb2c6eb71b0641229eed4a38d05c8d4b458a59355cca0d02b57303d6ffd?s=96&d=mm&r=g","url":"https:\/\/secure.gravatar.com\/avatar\/4da50eb2c6eb71b0641229eed4a38d05c8d4b458a59355cca0d02b57303d6ffd?s=96&d=mm&r=g","contentUrl":"https:\/\/secure.gravatar.com\/avatar\/4da50eb2c6eb71b0641229eed4a38d05c8d4b458a59355cca0d02b57303d6ffd?s=96&d=mm&r=g","caption":"Oliver Kilb"},"sameAs":["https:\/\/www.oliver-kilb.de\/www"],"url":"https:\/\/www.oliver-kilb.de\/www\/author\/oliver-kilb\/"}]}},"amp_enabled":true,"_links":{"self":[{"href":"https:\/\/www.oliver-kilb.de\/www\/wp-json\/wp\/v2\/posts\/36386","targetHints":{"allow":["GET"]}}],"collection":[{"href":"https:\/\/www.oliver-kilb.de\/www\/wp-json\/wp\/v2\/posts"}],"about":[{"href":"https:\/\/www.oliver-kilb.de\/www\/wp-json\/wp\/v2\/types\/post"}],"author":[{"embeddable":true,"href":"https:\/\/www.oliver-kilb.de\/www\/wp-json\/wp\/v2\/users\/1"}],"replies":[{"embeddable":true,"href":"https:\/\/www.oliver-kilb.de\/www\/wp-json\/wp\/v2\/comments?post=36386"}],"version-history":[{"count":2,"href":"https:\/\/www.oliver-kilb.de\/www\/wp-json\/wp\/v2\/posts\/36386\/revisions"}],"predecessor-version":[{"id":36396,"href":"https:\/\/www.oliver-kilb.de\/www\/wp-json\/wp\/v2\/posts\/36386\/revisions\/36396"}],"wp:featuredmedia":[{"embeddable":true,"href":"https:\/\/www.oliver-kilb.de\/www\/wp-json\/wp\/v2\/media\/36389"}],"wp:attachment":[{"href":"https:\/\/www.oliver-kilb.de\/www\/wp-json\/wp\/v2\/media?parent=36386"}],"wp:term":[{"taxonomy":"category","embeddable":true,"href":"https:\/\/www.oliver-kilb.de\/www\/wp-json\/wp\/v2\/categories?post=36386"},{"taxonomy":"post_tag","embeddable":true,"href":"https:\/\/www.oliver-kilb.de\/www\/wp-json\/wp\/v2\/tags?post=36386"}],"curies":[{"name":"wp","href":"https:\/\/api.w.org\/{rel}","templated":true}]}}