{"id":35826,"date":"2017-10-18T19:02:00","date_gmt":"2017-10-18T17:02:00","guid":{"rendered":"https:\/\/www.oliver-kilb.de\/www\/?p=35826"},"modified":"2024-12-08T19:12:00","modified_gmt":"2024-12-08T18:12:00","slug":"buergerfest-des-bundespraesidenten-am-schloss-bellevue","status":"publish","type":"post","link":"https:\/\/www.oliver-kilb.de\/www\/2017\/10\/18\/buergerfest-des-bundespraesidenten-am-schloss-bellevue\/","title":{"rendered":"B\u00fcrgerfest des Bundespr\u00e4sidenten am Schloss Bellevue."},"content":{"rendered":"\n<p><strong>Das B\u00fcrgerfest des Bundespr\u00e4sidenten am Schloss Bellevue war der Anlass f\u00fcr ein Wochenende in Berlin. Viel Zeit war nicht, aber rund um das Brandenburger Tor konnte ich wieder ein wenig Geschichte schnuppern.<\/strong><\/p>\n\n\n\n<h2 class=\"wp-block-heading\">Das B\u00fcrgerfest des Bundespr\u00e4sidenten.<\/h2>\n\n\n<div class=\"wp-block-image\">\n<figure class=\"alignleft size-full is-resized\"><a href=\"https:\/\/www.oliver-kilb.de\/www\/wp-content\/uploads\/2024\/12\/2017-09-09_Berlin_Bellevue_06.jpg\"><img loading=\"lazy\" decoding=\"async\" width=\"1200\" height=\"800\" src=\"https:\/\/www.oliver-kilb.de\/www\/wp-content\/uploads\/2024\/12\/2017-09-09_Berlin_Bellevue_06.jpg\" alt=\"\" class=\"wp-image-35828\" style=\"width:300px\" srcset=\"https:\/\/www.oliver-kilb.de\/www\/wp-content\/uploads\/2024\/12\/2017-09-09_Berlin_Bellevue_06.jpg 1200w, https:\/\/www.oliver-kilb.de\/www\/wp-content\/uploads\/2024\/12\/2017-09-09_Berlin_Bellevue_06-500x333.jpg 500w, https:\/\/www.oliver-kilb.de\/www\/wp-content\/uploads\/2024\/12\/2017-09-09_Berlin_Bellevue_06-300x200.jpg 300w, https:\/\/www.oliver-kilb.de\/www\/wp-content\/uploads\/2024\/12\/2017-09-09_Berlin_Bellevue_06-768x512.jpg 768w\" sizes=\"auto, (max-width: 1200px) 100vw, 1200px\" \/><\/a><figcaption class=\"wp-element-caption\">Schloss Bellevue<\/figcaption><\/figure>\n<\/div>\n\n\n<p>Einmal im Jahr \u00f6ffnet <a href=\"https:\/\/de.wikipedia.org\/wiki\/Bundespr\u00e4sident_(Deutschland)\" target=\"_blank\" rel=\"noreferrer noopener\">der Bundespr\u00e4sident<\/a> das Gel\u00e4nde um das <a href=\"https:\/\/de.wikipedia.org\/wiki\/Schloss_Bellevue\" target=\"_blank\" rel=\"noreferrer noopener\">Schloss Bellevue<\/a> f\u00fcr das B\u00fcrgerfest. Alle B\u00fcrgerInnen von Deutschland &#8211; und nat\u00fcrlich alle anderen Besucher &#8211; sind dann herzlich dazu eingeladen, durch die Gartenanlagen zu schlendern und nat\u00fcrlich auch einen Blick in das Innere des Schlosses zu werfen.<\/p>\n\n\n\n<p>Zu diesem Anlass sind jedes Jahr St\u00e4nde unterschiedlicher Organisationen und Firmen aufgebaut, die <a href=\"http:\/\/www.bundespraesident.de\/SharedDocs\/Berichte\/DE\/Frank-Walter-Steinmeier\/2017\/09\/170908-Buergerfest-2017.html\" target=\"_blank\" rel=\"noreferrer noopener\">neben dem Rahmenprogramm<\/a> zu bestimmten Themenschwerpunkten informieren. In diesem Jahr stand das Ehrenamt im Fokus.<\/p>\n\n\n\n<p>Das Wetter war am 9. September 2017 leider ein wenig durchwachsen, aber dennoch waren die Schlangen lang. F\u00fcr mich war nach etwa 45 Minuten Wartezeit der Weg frei &#8211; ein besonderer Moment.<\/p>\n\n\n\n<figure class=\"wp-block-gallery has-nested-images columns-8 is-cropped wp-block-gallery-1 is-layout-flex wp-block-gallery-is-layout-flex\">\n<figure class=\"wp-block-image size-large\"><img loading=\"lazy\" decoding=\"async\" width=\"1200\" height=\"800\" data-id=\"35831\" src=\"https:\/\/www.oliver-kilb.de\/www\/wp-content\/uploads\/2024\/12\/2017-09-09_Berlin_Bellevue_01.jpg\" alt=\"\" class=\"wp-image-35831\" srcset=\"https:\/\/www.oliver-kilb.de\/www\/wp-content\/uploads\/2024\/12\/2017-09-09_Berlin_Bellevue_01.jpg 1200w, https:\/\/www.oliver-kilb.de\/www\/wp-content\/uploads\/2024\/12\/2017-09-09_Berlin_Bellevue_01-500x333.jpg 500w, https:\/\/www.oliver-kilb.de\/www\/wp-content\/uploads\/2024\/12\/2017-09-09_Berlin_Bellevue_01-300x200.jpg 300w, https:\/\/www.oliver-kilb.de\/www\/wp-content\/uploads\/2024\/12\/2017-09-09_Berlin_Bellevue_01-768x512.jpg 768w\" sizes=\"auto, (max-width: 1200px) 100vw, 1200px\" \/><\/figure>\n\n\n\n<figure class=\"wp-block-image size-large\"><img loading=\"lazy\" decoding=\"async\" width=\"1200\" height=\"800\" data-id=\"35834\" src=\"https:\/\/www.oliver-kilb.de\/www\/wp-content\/uploads\/2024\/12\/2017-09-09_Berlin_Bellevue_02.jpg\" alt=\"\" class=\"wp-image-35834\" srcset=\"https:\/\/www.oliver-kilb.de\/www\/wp-content\/uploads\/2024\/12\/2017-09-09_Berlin_Bellevue_02.jpg 1200w, https:\/\/www.oliver-kilb.de\/www\/wp-content\/uploads\/2024\/12\/2017-09-09_Berlin_Bellevue_02-500x333.jpg 500w, https:\/\/www.oliver-kilb.de\/www\/wp-content\/uploads\/2024\/12\/2017-09-09_Berlin_Bellevue_02-300x200.jpg 300w, https:\/\/www.oliver-kilb.de\/www\/wp-content\/uploads\/2024\/12\/2017-09-09_Berlin_Bellevue_02-768x512.jpg 768w\" sizes=\"auto, (max-width: 1200px) 100vw, 1200px\" \/><\/figure>\n\n\n\n<figure class=\"wp-block-image size-large\"><img loading=\"lazy\" decoding=\"async\" width=\"1200\" height=\"800\" data-id=\"35830\" src=\"https:\/\/www.oliver-kilb.de\/www\/wp-content\/uploads\/2024\/12\/2017-09-09_Berlin_Bellevue_03.jpg\" alt=\"\" class=\"wp-image-35830\" srcset=\"https:\/\/www.oliver-kilb.de\/www\/wp-content\/uploads\/2024\/12\/2017-09-09_Berlin_Bellevue_03.jpg 1200w, https:\/\/www.oliver-kilb.de\/www\/wp-content\/uploads\/2024\/12\/2017-09-09_Berlin_Bellevue_03-500x333.jpg 500w, https:\/\/www.oliver-kilb.de\/www\/wp-content\/uploads\/2024\/12\/2017-09-09_Berlin_Bellevue_03-300x200.jpg 300w, https:\/\/www.oliver-kilb.de\/www\/wp-content\/uploads\/2024\/12\/2017-09-09_Berlin_Bellevue_03-768x512.jpg 768w\" sizes=\"auto, (max-width: 1200px) 100vw, 1200px\" \/><\/figure>\n\n\n\n<figure class=\"wp-block-image size-large\"><img loading=\"lazy\" decoding=\"async\" width=\"1200\" height=\"800\" data-id=\"35832\" src=\"https:\/\/www.oliver-kilb.de\/www\/wp-content\/uploads\/2024\/12\/2017-09-09_Berlin_Bellevue_04.jpg\" alt=\"\" class=\"wp-image-35832\" srcset=\"https:\/\/www.oliver-kilb.de\/www\/wp-content\/uploads\/2024\/12\/2017-09-09_Berlin_Bellevue_04.jpg 1200w, https:\/\/www.oliver-kilb.de\/www\/wp-content\/uploads\/2024\/12\/2017-09-09_Berlin_Bellevue_04-500x333.jpg 500w, https:\/\/www.oliver-kilb.de\/www\/wp-content\/uploads\/2024\/12\/2017-09-09_Berlin_Bellevue_04-300x200.jpg 300w, https:\/\/www.oliver-kilb.de\/www\/wp-content\/uploads\/2024\/12\/2017-09-09_Berlin_Bellevue_04-768x512.jpg 768w\" sizes=\"auto, (max-width: 1200px) 100vw, 1200px\" \/><\/figure>\n\n\n\n<figure class=\"wp-block-image size-large\"><img loading=\"lazy\" decoding=\"async\" width=\"1200\" height=\"800\" data-id=\"35833\" src=\"https:\/\/www.oliver-kilb.de\/www\/wp-content\/uploads\/2024\/12\/2017-09-09_Berlin_Bellevue_05.jpg\" alt=\"\" class=\"wp-image-35833\" srcset=\"https:\/\/www.oliver-kilb.de\/www\/wp-content\/uploads\/2024\/12\/2017-09-09_Berlin_Bellevue_05.jpg 1200w, https:\/\/www.oliver-kilb.de\/www\/wp-content\/uploads\/2024\/12\/2017-09-09_Berlin_Bellevue_05-500x333.jpg 500w, https:\/\/www.oliver-kilb.de\/www\/wp-content\/uploads\/2024\/12\/2017-09-09_Berlin_Bellevue_05-300x200.jpg 300w, https:\/\/www.oliver-kilb.de\/www\/wp-content\/uploads\/2024\/12\/2017-09-09_Berlin_Bellevue_05-768x512.jpg 768w\" sizes=\"auto, (max-width: 1200px) 100vw, 1200px\" \/><\/figure>\n\n\n\n<figure class=\"wp-block-image size-large\"><img loading=\"lazy\" decoding=\"async\" width=\"1200\" height=\"800\" data-id=\"35829\" src=\"https:\/\/www.oliver-kilb.de\/www\/wp-content\/uploads\/2024\/12\/2017-09-09_Berlin_Bellevue_07.jpg\" alt=\"\" class=\"wp-image-35829\" srcset=\"https:\/\/www.oliver-kilb.de\/www\/wp-content\/uploads\/2024\/12\/2017-09-09_Berlin_Bellevue_07.jpg 1200w, https:\/\/www.oliver-kilb.de\/www\/wp-content\/uploads\/2024\/12\/2017-09-09_Berlin_Bellevue_07-500x333.jpg 500w, https:\/\/www.oliver-kilb.de\/www\/wp-content\/uploads\/2024\/12\/2017-09-09_Berlin_Bellevue_07-300x200.jpg 300w, https:\/\/www.oliver-kilb.de\/www\/wp-content\/uploads\/2024\/12\/2017-09-09_Berlin_Bellevue_07-768x512.jpg 768w\" sizes=\"auto, (max-width: 1200px) 100vw, 1200px\" \/><\/figure>\n\n\n\n<figure class=\"wp-block-image size-large\"><img loading=\"lazy\" decoding=\"async\" width=\"1200\" height=\"800\" data-id=\"35838\" src=\"https:\/\/www.oliver-kilb.de\/www\/wp-content\/uploads\/2024\/12\/2017-09-09_Berlin_Bellevue_08.jpg\" alt=\"\" class=\"wp-image-35838\" srcset=\"https:\/\/www.oliver-kilb.de\/www\/wp-content\/uploads\/2024\/12\/2017-09-09_Berlin_Bellevue_08.jpg 1200w, https:\/\/www.oliver-kilb.de\/www\/wp-content\/uploads\/2024\/12\/2017-09-09_Berlin_Bellevue_08-500x333.jpg 500w, https:\/\/www.oliver-kilb.de\/www\/wp-content\/uploads\/2024\/12\/2017-09-09_Berlin_Bellevue_08-300x200.jpg 300w, https:\/\/www.oliver-kilb.de\/www\/wp-content\/uploads\/2024\/12\/2017-09-09_Berlin_Bellevue_08-768x512.jpg 768w\" sizes=\"auto, (max-width: 1200px) 100vw, 1200px\" \/><\/figure>\n\n\n\n<figure class=\"wp-block-image size-large\"><img loading=\"lazy\" decoding=\"async\" width=\"1200\" height=\"800\" data-id=\"35835\" src=\"https:\/\/www.oliver-kilb.de\/www\/wp-content\/uploads\/2024\/12\/2017-09-09_Berlin_Bellevue_09.jpg\" alt=\"\" class=\"wp-image-35835\" srcset=\"https:\/\/www.oliver-kilb.de\/www\/wp-content\/uploads\/2024\/12\/2017-09-09_Berlin_Bellevue_09.jpg 1200w, https:\/\/www.oliver-kilb.de\/www\/wp-content\/uploads\/2024\/12\/2017-09-09_Berlin_Bellevue_09-500x333.jpg 500w, https:\/\/www.oliver-kilb.de\/www\/wp-content\/uploads\/2024\/12\/2017-09-09_Berlin_Bellevue_09-300x200.jpg 300w, https:\/\/www.oliver-kilb.de\/www\/wp-content\/uploads\/2024\/12\/2017-09-09_Berlin_Bellevue_09-768x512.jpg 768w\" sizes=\"auto, (max-width: 1200px) 100vw, 1200px\" \/><\/figure>\n\n\n\n<figure class=\"wp-block-image size-large\"><img loading=\"lazy\" decoding=\"async\" width=\"1200\" height=\"800\" data-id=\"35836\" src=\"https:\/\/www.oliver-kilb.de\/www\/wp-content\/uploads\/2024\/12\/2017-09-09_Berlin_Bellevue_10.jpg\" alt=\"\" class=\"wp-image-35836\" srcset=\"https:\/\/www.oliver-kilb.de\/www\/wp-content\/uploads\/2024\/12\/2017-09-09_Berlin_Bellevue_10.jpg 1200w, https:\/\/www.oliver-kilb.de\/www\/wp-content\/uploads\/2024\/12\/2017-09-09_Berlin_Bellevue_10-500x333.jpg 500w, https:\/\/www.oliver-kilb.de\/www\/wp-content\/uploads\/2024\/12\/2017-09-09_Berlin_Bellevue_10-300x200.jpg 300w, https:\/\/www.oliver-kilb.de\/www\/wp-content\/uploads\/2024\/12\/2017-09-09_Berlin_Bellevue_10-768x512.jpg 768w\" sizes=\"auto, (max-width: 1200px) 100vw, 1200px\" \/><\/figure>\n\n\n\n<figure class=\"wp-block-image size-large\"><img loading=\"lazy\" decoding=\"async\" width=\"1200\" height=\"800\" data-id=\"35840\" src=\"https:\/\/www.oliver-kilb.de\/www\/wp-content\/uploads\/2024\/12\/2017-09-09_Berlin_Bellevue_11.jpg\" alt=\"\" class=\"wp-image-35840\" srcset=\"https:\/\/www.oliver-kilb.de\/www\/wp-content\/uploads\/2024\/12\/2017-09-09_Berlin_Bellevue_11.jpg 1200w, https:\/\/www.oliver-kilb.de\/www\/wp-content\/uploads\/2024\/12\/2017-09-09_Berlin_Bellevue_11-500x333.jpg 500w, https:\/\/www.oliver-kilb.de\/www\/wp-content\/uploads\/2024\/12\/2017-09-09_Berlin_Bellevue_11-300x200.jpg 300w, https:\/\/www.oliver-kilb.de\/www\/wp-content\/uploads\/2024\/12\/2017-09-09_Berlin_Bellevue_11-768x512.jpg 768w\" sizes=\"auto, (max-width: 1200px) 100vw, 1200px\" \/><\/figure>\n\n\n\n<figure class=\"wp-block-image size-large\"><img loading=\"lazy\" decoding=\"async\" width=\"1200\" height=\"800\" data-id=\"35837\" src=\"https:\/\/www.oliver-kilb.de\/www\/wp-content\/uploads\/2024\/12\/2017-09-09_Berlin_Bellevue_12.jpg\" alt=\"\" class=\"wp-image-35837\" srcset=\"https:\/\/www.oliver-kilb.de\/www\/wp-content\/uploads\/2024\/12\/2017-09-09_Berlin_Bellevue_12.jpg 1200w, https:\/\/www.oliver-kilb.de\/www\/wp-content\/uploads\/2024\/12\/2017-09-09_Berlin_Bellevue_12-500x333.jpg 500w, https:\/\/www.oliver-kilb.de\/www\/wp-content\/uploads\/2024\/12\/2017-09-09_Berlin_Bellevue_12-300x200.jpg 300w, https:\/\/www.oliver-kilb.de\/www\/wp-content\/uploads\/2024\/12\/2017-09-09_Berlin_Bellevue_12-768x512.jpg 768w\" sizes=\"auto, (max-width: 1200px) 100vw, 1200px\" \/><\/figure>\n\n\n\n<figure class=\"wp-block-image size-large\"><img loading=\"lazy\" decoding=\"async\" width=\"1200\" height=\"800\" data-id=\"35842\" src=\"https:\/\/www.oliver-kilb.de\/www\/wp-content\/uploads\/2024\/12\/2017-09-09_Berlin_Bellevue_13.jpg\" alt=\"\" class=\"wp-image-35842\" srcset=\"https:\/\/www.oliver-kilb.de\/www\/wp-content\/uploads\/2024\/12\/2017-09-09_Berlin_Bellevue_13.jpg 1200w, https:\/\/www.oliver-kilb.de\/www\/wp-content\/uploads\/2024\/12\/2017-09-09_Berlin_Bellevue_13-500x333.jpg 500w, https:\/\/www.oliver-kilb.de\/www\/wp-content\/uploads\/2024\/12\/2017-09-09_Berlin_Bellevue_13-300x200.jpg 300w, https:\/\/www.oliver-kilb.de\/www\/wp-content\/uploads\/2024\/12\/2017-09-09_Berlin_Bellevue_13-768x512.jpg 768w\" sizes=\"auto, (max-width: 1200px) 100vw, 1200px\" \/><\/figure>\n\n\n\n<figure class=\"wp-block-image size-large\"><img loading=\"lazy\" decoding=\"async\" width=\"1200\" height=\"800\" data-id=\"35841\" src=\"https:\/\/www.oliver-kilb.de\/www\/wp-content\/uploads\/2024\/12\/2017-09-09_Berlin_Bellevue_14.jpg\" alt=\"\" class=\"wp-image-35841\" srcset=\"https:\/\/www.oliver-kilb.de\/www\/wp-content\/uploads\/2024\/12\/2017-09-09_Berlin_Bellevue_14.jpg 1200w, https:\/\/www.oliver-kilb.de\/www\/wp-content\/uploads\/2024\/12\/2017-09-09_Berlin_Bellevue_14-500x333.jpg 500w, https:\/\/www.oliver-kilb.de\/www\/wp-content\/uploads\/2024\/12\/2017-09-09_Berlin_Bellevue_14-300x200.jpg 300w, https:\/\/www.oliver-kilb.de\/www\/wp-content\/uploads\/2024\/12\/2017-09-09_Berlin_Bellevue_14-768x512.jpg 768w\" sizes=\"auto, (max-width: 1200px) 100vw, 1200px\" \/><\/figure>\n\n\n\n<figure class=\"wp-block-image size-large\"><img loading=\"lazy\" decoding=\"async\" width=\"1200\" height=\"800\" data-id=\"35844\" src=\"https:\/\/www.oliver-kilb.de\/www\/wp-content\/uploads\/2024\/12\/2017-09-09_Berlin_Bellevue_15.jpg\" alt=\"\" class=\"wp-image-35844\" srcset=\"https:\/\/www.oliver-kilb.de\/www\/wp-content\/uploads\/2024\/12\/2017-09-09_Berlin_Bellevue_15.jpg 1200w, https:\/\/www.oliver-kilb.de\/www\/wp-content\/uploads\/2024\/12\/2017-09-09_Berlin_Bellevue_15-500x333.jpg 500w, https:\/\/www.oliver-kilb.de\/www\/wp-content\/uploads\/2024\/12\/2017-09-09_Berlin_Bellevue_15-300x200.jpg 300w, https:\/\/www.oliver-kilb.de\/www\/wp-content\/uploads\/2024\/12\/2017-09-09_Berlin_Bellevue_15-768x512.jpg 768w\" sizes=\"auto, (max-width: 1200px) 100vw, 1200px\" \/><\/figure>\n\n\n\n<figure class=\"wp-block-image size-large\"><img loading=\"lazy\" decoding=\"async\" width=\"1200\" height=\"800\" data-id=\"35839\" src=\"https:\/\/www.oliver-kilb.de\/www\/wp-content\/uploads\/2024\/12\/2017-09-09_Berlin_Bellevue_16.jpg\" alt=\"\" class=\"wp-image-35839\" srcset=\"https:\/\/www.oliver-kilb.de\/www\/wp-content\/uploads\/2024\/12\/2017-09-09_Berlin_Bellevue_16.jpg 1200w, https:\/\/www.oliver-kilb.de\/www\/wp-content\/uploads\/2024\/12\/2017-09-09_Berlin_Bellevue_16-500x333.jpg 500w, https:\/\/www.oliver-kilb.de\/www\/wp-content\/uploads\/2024\/12\/2017-09-09_Berlin_Bellevue_16-300x200.jpg 300w, https:\/\/www.oliver-kilb.de\/www\/wp-content\/uploads\/2024\/12\/2017-09-09_Berlin_Bellevue_16-768x512.jpg 768w\" sizes=\"auto, (max-width: 1200px) 100vw, 1200px\" \/><\/figure>\n\n\n\n<figure class=\"wp-block-image size-large\"><img loading=\"lazy\" decoding=\"async\" width=\"1200\" height=\"900\" data-id=\"35843\" src=\"https:\/\/www.oliver-kilb.de\/www\/wp-content\/uploads\/2024\/12\/2017-09-09_Berlin_Bellevue_17.jpg\" alt=\"\" class=\"wp-image-35843\" srcset=\"https:\/\/www.oliver-kilb.de\/www\/wp-content\/uploads\/2024\/12\/2017-09-09_Berlin_Bellevue_17.jpg 1200w, https:\/\/www.oliver-kilb.de\/www\/wp-content\/uploads\/2024\/12\/2017-09-09_Berlin_Bellevue_17-500x375.jpg 500w, https:\/\/www.oliver-kilb.de\/www\/wp-content\/uploads\/2024\/12\/2017-09-09_Berlin_Bellevue_17-300x225.jpg 300w, https:\/\/www.oliver-kilb.de\/www\/wp-content\/uploads\/2024\/12\/2017-09-09_Berlin_Bellevue_17-768x576.jpg 768w\" sizes=\"auto, (max-width: 1200px) 100vw, 1200px\" \/><\/figure>\n<\/figure>\n\n\n\n<hr class=\"wp-block-separator has-alpha-channel-opacity\"\/>\n\n\n\n<h2 class=\"wp-block-heading\">#IchBinHier<\/h2>\n\n\n<div class=\"wp-block-image\">\n<figure class=\"alignleft size-full is-resized\"><a href=\"https:\/\/www.oliver-kilb.de\/www\/wp-content\/uploads\/2024\/12\/2017-09-09_Berlin_IchBinHier_04.jpg\"><img loading=\"lazy\" decoding=\"async\" width=\"1200\" height=\"800\" src=\"https:\/\/www.oliver-kilb.de\/www\/wp-content\/uploads\/2024\/12\/2017-09-09_Berlin_IchBinHier_04.jpg\" alt=\"\" class=\"wp-image-35845\" style=\"width:300px\" srcset=\"https:\/\/www.oliver-kilb.de\/www\/wp-content\/uploads\/2024\/12\/2017-09-09_Berlin_IchBinHier_04.jpg 1200w, https:\/\/www.oliver-kilb.de\/www\/wp-content\/uploads\/2024\/12\/2017-09-09_Berlin_IchBinHier_04-500x333.jpg 500w, https:\/\/www.oliver-kilb.de\/www\/wp-content\/uploads\/2024\/12\/2017-09-09_Berlin_IchBinHier_04-300x200.jpg 300w, https:\/\/www.oliver-kilb.de\/www\/wp-content\/uploads\/2024\/12\/2017-09-09_Berlin_IchBinHier_04-768x512.jpg 768w\" sizes=\"auto, (max-width: 1200px) 100vw, 1200px\" \/><\/a><figcaption class=\"wp-element-caption\">#IchBinHier-Zelt<\/figcaption><\/figure>\n<\/div>\n\n\n<p>Auch <a href=\"https:\/\/de.wikipedia.org\/wiki\/Ichbinhier\" target=\"_blank\" rel=\"noreferrer noopener\">#IchBinHier<\/a> war auf dem B\u00fcrgerfest vertreten &#8211; diese ehrenamtliche Gruppe hat es sich zur Aufgabe gemacht, in den sozialen Medien (vorrangig auf Facebook) einen Gegenpol zu Hatespeech zu setzen. Die Idee ist simpel und bestechend: Wie wohl jeder Facebook-Nutzer schon mehrfach erlebt hat, finden sich unter vielen Postings von Zeitungen, Politikern und Firmen oftmals hasserf\u00fcllte Kommentare. Teilweise sind diese sogar in ihrem Inhalt eindeutig strafbar bzw. rufen zu strafbaren Handlungen auf. Meistens geht das auch einher mit falschen oder zumindest verf\u00e4lschten Behauptungen. Damit diese nicht unwidersprochen stehen bleiben, oder einfach nur, um dem Rest der vern\u00fcnftigen Bev\u00f6lkerung zu zeigen, dass es meist nur ein kleiner Teil von Hatern ist (oft \u00fcberschneidet sich das mit den so genannten &#8222;Besorgten B\u00fcrgern&#8220;), greifen die mittlerweile \u00fcber 35.000 Mitglieder der Gruppe #IchBinHier ein: Sie versachlichen die Diskussion oder widerlegen die zumeist falschen angeblichen Missst\u00e4nde.<br>Es ist traurig, dass es einer Gruppe wie #IchBinHier bedarf, um zumindest ein wenig Ruhe in Diskussionen zu bringen. Leider ist die Stimme von oft irrational w\u00fctenden Schreibern, die sich in der Anonymit\u00e4t von Facebook und in der Umgebung von Gleichgesinnten sicher f\u00fchlen, lauter als es ihre tats\u00e4chliche Anzahl der dahinter stehenden Menschen (oft sind es auch Bots) vermuten lassen w\u00fcrde. Toll, dass es diese Gruppe gibt! Auch der Bundespr\u00e4sident wei\u00df das zu w\u00fcrdigen <a href=\"https:\/\/www.facebook.com\/Bundespraesident.Steinmeier\/photos\/pcb.496883790682683\/496883594016036\/?type=3&amp;theater\" target=\"_blank\" rel=\"noreferrer noopener\">und posierte mit einigen Mitgliedern dieser Gruppe<\/a>.<\/p>\n\n\n\n<h2 class=\"wp-block-heading\">Rahmenprogramm mit dem Bundespr\u00e4sidenten Frank-Walter Steinmeier<\/h2>\n\n\n<div class=\"wp-block-image\">\n<figure class=\"alignleft size-full is-resized\"><a href=\"https:\/\/www.oliver-kilb.de\/www\/wp-content\/uploads\/2024\/12\/2017-09-09_Berlin_Steinmeier_08.jpg\"><img loading=\"lazy\" decoding=\"async\" width=\"1200\" height=\"800\" src=\"https:\/\/www.oliver-kilb.de\/www\/wp-content\/uploads\/2024\/12\/2017-09-09_Berlin_Steinmeier_08.jpg\" alt=\"\" class=\"wp-image-35846\" style=\"width:300px\" srcset=\"https:\/\/www.oliver-kilb.de\/www\/wp-content\/uploads\/2024\/12\/2017-09-09_Berlin_Steinmeier_08.jpg 1200w, https:\/\/www.oliver-kilb.de\/www\/wp-content\/uploads\/2024\/12\/2017-09-09_Berlin_Steinmeier_08-500x333.jpg 500w, https:\/\/www.oliver-kilb.de\/www\/wp-content\/uploads\/2024\/12\/2017-09-09_Berlin_Steinmeier_08-300x200.jpg 300w, https:\/\/www.oliver-kilb.de\/www\/wp-content\/uploads\/2024\/12\/2017-09-09_Berlin_Steinmeier_08-768x512.jpg 768w\" sizes=\"auto, (max-width: 1200px) 100vw, 1200px\" \/><\/a><figcaption class=\"wp-element-caption\">v.l.n.r.: Bundespr\u00e4sident Franz-Walter Steinmeier, Nana Sch\u00f6n, Gerald Asamoah<\/figcaption><\/figure>\n<\/div>\n\n\n<p>Au\u00dferdem waren zwei B\u00fchnen aufgebaut, auf denen ein abwechslungsreiches Rahmenprogramm zu sehen war. Als wir dort waren, konnten wir sogar den Bundespr\u00e4sidenten Frank-Walter Steinmeier ganz nahe erleben. Er war Teilnehmer einer Diskussionsrunde zum Thema &#8222;Engagement &#8211; F\u00fcr eine lebendige Demokratie&#8220;, die von der Moderatorin <a href=\"https:\/\/de.wikipedia.org\/wiki\/Bettina_B\u00f6ttinger\" target=\"_blank\" rel=\"noreferrer noopener\">Bettina B\u00f6ttinger<\/a> geleitet wurde.<\/p>\n\n\n\n<p>Mit auf der B\u00fchne waren auch noch Schauspieler <a href=\"https:\/\/de.wikipedia.org\/wiki\/Florian_David_Fitz\" target=\"_blank\" rel=\"noreferrer noopener\">Florian David Fitz<\/a>, die Engagementbotschafterin des Bundesnetzwerks B\u00fcrgerschaftliches Engagement\u00a0Nana Sch\u00f6n und <a href=\"https:\/\/de.wikipedia.org\/wiki\/Gerald_Asamoah\" target=\"_blank\" rel=\"noreferrer noopener\">Gerald Asamoah<\/a>, die f\u00fcr jeweils unterschiedliche Aktionen und Programme warben, die auch teilweise von ihnen selbst ins Leben gerufen wurden. <a href=\"https:\/\/de.wikipedia.org\/wiki\/Frank-Walter_Steinmeier\" target=\"_blank\" rel=\"noreferrer noopener\">Frank-Walter Steinmeier<\/a> hat bewiesen, dass er ein nahbarer Bundespr\u00e4sident ist, wie viele Bilder zeigen. Ich wette, viele G\u00e4ste gehen stolz mit diesen Selfies vom B\u00fcrgerfest zur\u00fcck nach Hause.<\/p>\n\n\n\n<figure class=\"wp-block-gallery has-nested-images columns-8 is-cropped wp-block-gallery-2 is-layout-flex wp-block-gallery-is-layout-flex\">\n<figure class=\"wp-block-image size-large\"><img loading=\"lazy\" decoding=\"async\" width=\"1200\" height=\"800\" data-id=\"35849\" src=\"https:\/\/www.oliver-kilb.de\/www\/wp-content\/uploads\/2024\/12\/2017-09-09_Berlin_Steinmeier_01.jpg\" alt=\"\" class=\"wp-image-35849\" srcset=\"https:\/\/www.oliver-kilb.de\/www\/wp-content\/uploads\/2024\/12\/2017-09-09_Berlin_Steinmeier_01.jpg 1200w, https:\/\/www.oliver-kilb.de\/www\/wp-content\/uploads\/2024\/12\/2017-09-09_Berlin_Steinmeier_01-500x333.jpg 500w, https:\/\/www.oliver-kilb.de\/www\/wp-content\/uploads\/2024\/12\/2017-09-09_Berlin_Steinmeier_01-300x200.jpg 300w, https:\/\/www.oliver-kilb.de\/www\/wp-content\/uploads\/2024\/12\/2017-09-09_Berlin_Steinmeier_01-768x512.jpg 768w\" sizes=\"auto, (max-width: 1200px) 100vw, 1200px\" \/><\/figure>\n\n\n\n<figure class=\"wp-block-image size-large\"><img loading=\"lazy\" decoding=\"async\" width=\"1200\" height=\"800\" data-id=\"35850\" src=\"https:\/\/www.oliver-kilb.de\/www\/wp-content\/uploads\/2024\/12\/2017-09-09_Berlin_Steinmeier_02.jpg\" alt=\"\" class=\"wp-image-35850\" srcset=\"https:\/\/www.oliver-kilb.de\/www\/wp-content\/uploads\/2024\/12\/2017-09-09_Berlin_Steinmeier_02.jpg 1200w, https:\/\/www.oliver-kilb.de\/www\/wp-content\/uploads\/2024\/12\/2017-09-09_Berlin_Steinmeier_02-500x333.jpg 500w, https:\/\/www.oliver-kilb.de\/www\/wp-content\/uploads\/2024\/12\/2017-09-09_Berlin_Steinmeier_02-300x200.jpg 300w, https:\/\/www.oliver-kilb.de\/www\/wp-content\/uploads\/2024\/12\/2017-09-09_Berlin_Steinmeier_02-768x512.jpg 768w\" sizes=\"auto, (max-width: 1200px) 100vw, 1200px\" \/><\/figure>\n\n\n\n<figure class=\"wp-block-image size-large\"><img loading=\"lazy\" decoding=\"async\" width=\"1200\" height=\"800\" data-id=\"35851\" src=\"https:\/\/www.oliver-kilb.de\/www\/wp-content\/uploads\/2024\/12\/2017-09-09_Berlin_Steinmeier_03.jpg\" alt=\"\" class=\"wp-image-35851\" srcset=\"https:\/\/www.oliver-kilb.de\/www\/wp-content\/uploads\/2024\/12\/2017-09-09_Berlin_Steinmeier_03.jpg 1200w, https:\/\/www.oliver-kilb.de\/www\/wp-content\/uploads\/2024\/12\/2017-09-09_Berlin_Steinmeier_03-500x333.jpg 500w, https:\/\/www.oliver-kilb.de\/www\/wp-content\/uploads\/2024\/12\/2017-09-09_Berlin_Steinmeier_03-300x200.jpg 300w, https:\/\/www.oliver-kilb.de\/www\/wp-content\/uploads\/2024\/12\/2017-09-09_Berlin_Steinmeier_03-768x512.jpg 768w\" sizes=\"auto, (max-width: 1200px) 100vw, 1200px\" \/><\/figure>\n\n\n\n<figure class=\"wp-block-image size-large\"><img loading=\"lazy\" decoding=\"async\" width=\"1200\" height=\"800\" data-id=\"35853\" src=\"https:\/\/www.oliver-kilb.de\/www\/wp-content\/uploads\/2024\/12\/2017-09-09_Berlin_Steinmeier_04.jpg\" alt=\"\" class=\"wp-image-35853\" srcset=\"https:\/\/www.oliver-kilb.de\/www\/wp-content\/uploads\/2024\/12\/2017-09-09_Berlin_Steinmeier_04.jpg 1200w, https:\/\/www.oliver-kilb.de\/www\/wp-content\/uploads\/2024\/12\/2017-09-09_Berlin_Steinmeier_04-500x333.jpg 500w, https:\/\/www.oliver-kilb.de\/www\/wp-content\/uploads\/2024\/12\/2017-09-09_Berlin_Steinmeier_04-300x200.jpg 300w, https:\/\/www.oliver-kilb.de\/www\/wp-content\/uploads\/2024\/12\/2017-09-09_Berlin_Steinmeier_04-768x512.jpg 768w\" sizes=\"auto, (max-width: 1200px) 100vw, 1200px\" \/><\/figure>\n\n\n\n<figure class=\"wp-block-image size-large\"><img loading=\"lazy\" decoding=\"async\" width=\"1200\" height=\"800\" data-id=\"35852\" src=\"https:\/\/www.oliver-kilb.de\/www\/wp-content\/uploads\/2024\/12\/2017-09-09_Berlin_Steinmeier_05.jpg\" alt=\"\" class=\"wp-image-35852\" srcset=\"https:\/\/www.oliver-kilb.de\/www\/wp-content\/uploads\/2024\/12\/2017-09-09_Berlin_Steinmeier_05.jpg 1200w, https:\/\/www.oliver-kilb.de\/www\/wp-content\/uploads\/2024\/12\/2017-09-09_Berlin_Steinmeier_05-500x333.jpg 500w, https:\/\/www.oliver-kilb.de\/www\/wp-content\/uploads\/2024\/12\/2017-09-09_Berlin_Steinmeier_05-300x200.jpg 300w, https:\/\/www.oliver-kilb.de\/www\/wp-content\/uploads\/2024\/12\/2017-09-09_Berlin_Steinmeier_05-768x512.jpg 768w\" sizes=\"auto, (max-width: 1200px) 100vw, 1200px\" \/><\/figure>\n\n\n\n<figure class=\"wp-block-image size-large\"><img loading=\"lazy\" decoding=\"async\" width=\"1200\" height=\"800\" data-id=\"35854\" src=\"https:\/\/www.oliver-kilb.de\/www\/wp-content\/uploads\/2024\/12\/2017-09-09_Berlin_Steinmeier_06.jpg\" alt=\"\" class=\"wp-image-35854\" srcset=\"https:\/\/www.oliver-kilb.de\/www\/wp-content\/uploads\/2024\/12\/2017-09-09_Berlin_Steinmeier_06.jpg 1200w, https:\/\/www.oliver-kilb.de\/www\/wp-content\/uploads\/2024\/12\/2017-09-09_Berlin_Steinmeier_06-500x333.jpg 500w, https:\/\/www.oliver-kilb.de\/www\/wp-content\/uploads\/2024\/12\/2017-09-09_Berlin_Steinmeier_06-300x200.jpg 300w, https:\/\/www.oliver-kilb.de\/www\/wp-content\/uploads\/2024\/12\/2017-09-09_Berlin_Steinmeier_06-768x512.jpg 768w\" sizes=\"auto, (max-width: 1200px) 100vw, 1200px\" \/><\/figure>\n\n\n\n<figure class=\"wp-block-image size-large\"><img loading=\"lazy\" decoding=\"async\" width=\"1200\" height=\"800\" data-id=\"35847\" src=\"https:\/\/www.oliver-kilb.de\/www\/wp-content\/uploads\/2024\/12\/2017-09-09_Berlin_Steinmeier_07.jpg\" alt=\"\" class=\"wp-image-35847\" srcset=\"https:\/\/www.oliver-kilb.de\/www\/wp-content\/uploads\/2024\/12\/2017-09-09_Berlin_Steinmeier_07.jpg 1200w, https:\/\/www.oliver-kilb.de\/www\/wp-content\/uploads\/2024\/12\/2017-09-09_Berlin_Steinmeier_07-500x333.jpg 500w, https:\/\/www.oliver-kilb.de\/www\/wp-content\/uploads\/2024\/12\/2017-09-09_Berlin_Steinmeier_07-300x200.jpg 300w, https:\/\/www.oliver-kilb.de\/www\/wp-content\/uploads\/2024\/12\/2017-09-09_Berlin_Steinmeier_07-768x512.jpg 768w\" sizes=\"auto, (max-width: 1200px) 100vw, 1200px\" \/><\/figure>\n\n\n\n<figure class=\"wp-block-image size-large\"><img loading=\"lazy\" decoding=\"async\" width=\"1200\" height=\"800\" data-id=\"35848\" src=\"https:\/\/www.oliver-kilb.de\/www\/wp-content\/uploads\/2024\/12\/2017-09-09_Berlin_Steinmeier_09.jpg\" alt=\"\" class=\"wp-image-35848\" srcset=\"https:\/\/www.oliver-kilb.de\/www\/wp-content\/uploads\/2024\/12\/2017-09-09_Berlin_Steinmeier_09.jpg 1200w, https:\/\/www.oliver-kilb.de\/www\/wp-content\/uploads\/2024\/12\/2017-09-09_Berlin_Steinmeier_09-500x333.jpg 500w, https:\/\/www.oliver-kilb.de\/www\/wp-content\/uploads\/2024\/12\/2017-09-09_Berlin_Steinmeier_09-300x200.jpg 300w, https:\/\/www.oliver-kilb.de\/www\/wp-content\/uploads\/2024\/12\/2017-09-09_Berlin_Steinmeier_09-768x512.jpg 768w\" sizes=\"auto, (max-width: 1200px) 100vw, 1200px\" \/><\/figure>\n<\/figure>\n\n\n\n<hr class=\"wp-block-separator has-alpha-channel-opacity\"\/>\n\n\n\n<h2 class=\"wp-block-heading\">Das Brandenburger Tor.<\/h2>\n\n\n<div class=\"wp-block-image\">\n<figure class=\"alignleft size-full is-resized\"><a href=\"https:\/\/www.oliver-kilb.de\/www\/wp-content\/uploads\/2024\/12\/2017-09-09_Berlin_Brandenburger-Tor_05.jpg\"><img loading=\"lazy\" decoding=\"async\" width=\"1200\" height=\"800\" src=\"https:\/\/www.oliver-kilb.de\/www\/wp-content\/uploads\/2024\/12\/2017-09-09_Berlin_Brandenburger-Tor_05.jpg\" alt=\"\" class=\"wp-image-35855\" style=\"width:300px\" srcset=\"https:\/\/www.oliver-kilb.de\/www\/wp-content\/uploads\/2024\/12\/2017-09-09_Berlin_Brandenburger-Tor_05.jpg 1200w, https:\/\/www.oliver-kilb.de\/www\/wp-content\/uploads\/2024\/12\/2017-09-09_Berlin_Brandenburger-Tor_05-500x333.jpg 500w, https:\/\/www.oliver-kilb.de\/www\/wp-content\/uploads\/2024\/12\/2017-09-09_Berlin_Brandenburger-Tor_05-300x200.jpg 300w, https:\/\/www.oliver-kilb.de\/www\/wp-content\/uploads\/2024\/12\/2017-09-09_Berlin_Brandenburger-Tor_05-768x512.jpg 768w\" sizes=\"auto, (max-width: 1200px) 100vw, 1200px\" \/><\/a><figcaption class=\"wp-element-caption\">Teil der Quadriga<\/figcaption><\/figure>\n<\/div>\n\n\n<p>Was geh\u00f6rt zu einem Touristenprogramm? Nat\u00fcrlich ein Besuch des <a href=\"https:\/\/de.wikipedia.org\/wiki\/Brandenburger_Tor\" target=\"_blank\" rel=\"noreferrer noopener\">Brandenburger Tors<\/a>. Es war <a href=\"https:\/\/www.oliver-kilb.de\/www\/2008\/02\/17\/kurzbesuch-in-berlin\/\">ungef\u00e4hr 10 Jahre her<\/a>, dass ich zum letzten Mal an diesem Ort war, und jedes Mal sp\u00fcrt man seine Gr\u00f6\u00dfe und auch die W\u00fcrde, die von ihm ausgeht. In seiner direkten Nachbarschaft befindet sich auch das Hotel Adlon &#8211; eine weitere Ikone von Berlin.<\/p>\n\n\n\n<p>Die vielen gro\u00dfen Botschaften geben der weiteren Umgebung ein noch st\u00e4rkeres Gef\u00fchl der Grandeur. Wenn ich mich recht erinnern kann, war es sogar einmal eine Frage bei &#8222;Wer wird Million\u00e4r&#8220;, wieviele Durchfahrten es durch das Tor gibt. Also seht genau hin&#8230; (Seit 2002 ist die Durchfahrt allerdings gesperrt.)<\/p>\n\n\n\n<figure class=\"wp-block-gallery has-nested-images columns-5 is-cropped wp-block-gallery-3 is-layout-flex wp-block-gallery-is-layout-flex\">\n<figure class=\"wp-block-image size-large\"><img loading=\"lazy\" decoding=\"async\" width=\"1200\" height=\"800\" data-id=\"35856\" src=\"https:\/\/www.oliver-kilb.de\/www\/wp-content\/uploads\/2024\/12\/2017-09-09_Berlin_Brandenburger-Tor_01.jpg\" alt=\"\" class=\"wp-image-35856\" srcset=\"https:\/\/www.oliver-kilb.de\/www\/wp-content\/uploads\/2024\/12\/2017-09-09_Berlin_Brandenburger-Tor_01.jpg 1200w, https:\/\/www.oliver-kilb.de\/www\/wp-content\/uploads\/2024\/12\/2017-09-09_Berlin_Brandenburger-Tor_01-500x333.jpg 500w, https:\/\/www.oliver-kilb.de\/www\/wp-content\/uploads\/2024\/12\/2017-09-09_Berlin_Brandenburger-Tor_01-300x200.jpg 300w, https:\/\/www.oliver-kilb.de\/www\/wp-content\/uploads\/2024\/12\/2017-09-09_Berlin_Brandenburger-Tor_01-768x512.jpg 768w\" sizes=\"auto, (max-width: 1200px) 100vw, 1200px\" \/><\/figure>\n\n\n\n<figure class=\"wp-block-image size-large\"><img loading=\"lazy\" decoding=\"async\" width=\"1200\" height=\"800\" data-id=\"35858\" src=\"https:\/\/www.oliver-kilb.de\/www\/wp-content\/uploads\/2024\/12\/2017-09-09_Berlin_Brandenburger-Tor_02.jpg\" alt=\"\" class=\"wp-image-35858\" srcset=\"https:\/\/www.oliver-kilb.de\/www\/wp-content\/uploads\/2024\/12\/2017-09-09_Berlin_Brandenburger-Tor_02.jpg 1200w, https:\/\/www.oliver-kilb.de\/www\/wp-content\/uploads\/2024\/12\/2017-09-09_Berlin_Brandenburger-Tor_02-500x333.jpg 500w, https:\/\/www.oliver-kilb.de\/www\/wp-content\/uploads\/2024\/12\/2017-09-09_Berlin_Brandenburger-Tor_02-300x200.jpg 300w, https:\/\/www.oliver-kilb.de\/www\/wp-content\/uploads\/2024\/12\/2017-09-09_Berlin_Brandenburger-Tor_02-768x512.jpg 768w\" sizes=\"auto, (max-width: 1200px) 100vw, 1200px\" \/><\/figure>\n\n\n\n<figure class=\"wp-block-image size-large\"><img loading=\"lazy\" decoding=\"async\" width=\"1200\" height=\"800\" data-id=\"35857\" src=\"https:\/\/www.oliver-kilb.de\/www\/wp-content\/uploads\/2024\/12\/2017-09-09_Berlin_Brandenburger-Tor_03.jpg\" alt=\"\" class=\"wp-image-35857\" srcset=\"https:\/\/www.oliver-kilb.de\/www\/wp-content\/uploads\/2024\/12\/2017-09-09_Berlin_Brandenburger-Tor_03.jpg 1200w, https:\/\/www.oliver-kilb.de\/www\/wp-content\/uploads\/2024\/12\/2017-09-09_Berlin_Brandenburger-Tor_03-500x333.jpg 500w, https:\/\/www.oliver-kilb.de\/www\/wp-content\/uploads\/2024\/12\/2017-09-09_Berlin_Brandenburger-Tor_03-300x200.jpg 300w, https:\/\/www.oliver-kilb.de\/www\/wp-content\/uploads\/2024\/12\/2017-09-09_Berlin_Brandenburger-Tor_03-768x512.jpg 768w\" sizes=\"auto, (max-width: 1200px) 100vw, 1200px\" \/><\/figure>\n\n\n\n<figure class=\"wp-block-image size-large\"><img loading=\"lazy\" decoding=\"async\" width=\"1200\" height=\"800\" data-id=\"35860\" src=\"https:\/\/www.oliver-kilb.de\/www\/wp-content\/uploads\/2024\/12\/2017-09-09_Berlin_Brandenburger-Tor_04.jpg\" alt=\"\" class=\"wp-image-35860\" srcset=\"https:\/\/www.oliver-kilb.de\/www\/wp-content\/uploads\/2024\/12\/2017-09-09_Berlin_Brandenburger-Tor_04.jpg 1200w, https:\/\/www.oliver-kilb.de\/www\/wp-content\/uploads\/2024\/12\/2017-09-09_Berlin_Brandenburger-Tor_04-500x333.jpg 500w, https:\/\/www.oliver-kilb.de\/www\/wp-content\/uploads\/2024\/12\/2017-09-09_Berlin_Brandenburger-Tor_04-300x200.jpg 300w, https:\/\/www.oliver-kilb.de\/www\/wp-content\/uploads\/2024\/12\/2017-09-09_Berlin_Brandenburger-Tor_04-768x512.jpg 768w\" sizes=\"auto, (max-width: 1200px) 100vw, 1200px\" \/><\/figure>\n\n\n\n<figure class=\"wp-block-image size-large\"><img loading=\"lazy\" decoding=\"async\" width=\"1200\" height=\"900\" data-id=\"35859\" src=\"https:\/\/www.oliver-kilb.de\/www\/wp-content\/uploads\/2024\/12\/2017-09-09_Berlin_Brandenburger-Tor_06.jpg\" alt=\"\" class=\"wp-image-35859\" srcset=\"https:\/\/www.oliver-kilb.de\/www\/wp-content\/uploads\/2024\/12\/2017-09-09_Berlin_Brandenburger-Tor_06.jpg 1200w, https:\/\/www.oliver-kilb.de\/www\/wp-content\/uploads\/2024\/12\/2017-09-09_Berlin_Brandenburger-Tor_06-500x375.jpg 500w, https:\/\/www.oliver-kilb.de\/www\/wp-content\/uploads\/2024\/12\/2017-09-09_Berlin_Brandenburger-Tor_06-300x225.jpg 300w, https:\/\/www.oliver-kilb.de\/www\/wp-content\/uploads\/2024\/12\/2017-09-09_Berlin_Brandenburger-Tor_06-768x576.jpg 768w\" sizes=\"auto, (max-width: 1200px) 100vw, 1200px\" \/><\/figure>\n<\/figure>\n\n\n\n<hr class=\"wp-block-separator has-alpha-channel-opacity\"\/>\n\n\n\n<h2 class=\"wp-block-heading\">Das Reichstagsgeb\u00e4ude &#8211; und die Berliner Mauer.<\/h2>\n\n\n<div class=\"wp-block-image\">\n<figure class=\"alignleft size-full is-resized\"><a href=\"https:\/\/www.oliver-kilb.de\/www\/wp-content\/uploads\/2024\/12\/2017-09-09_Berlin_Dem-Deutschen-Volke_01.jpg\"><img loading=\"lazy\" decoding=\"async\" width=\"1200\" height=\"800\" src=\"https:\/\/www.oliver-kilb.de\/www\/wp-content\/uploads\/2024\/12\/2017-09-09_Berlin_Dem-Deutschen-Volke_01.jpg\" alt=\"\" class=\"wp-image-35861\" style=\"width:300px\" srcset=\"https:\/\/www.oliver-kilb.de\/www\/wp-content\/uploads\/2024\/12\/2017-09-09_Berlin_Dem-Deutschen-Volke_01.jpg 1200w, https:\/\/www.oliver-kilb.de\/www\/wp-content\/uploads\/2024\/12\/2017-09-09_Berlin_Dem-Deutschen-Volke_01-500x333.jpg 500w, https:\/\/www.oliver-kilb.de\/www\/wp-content\/uploads\/2024\/12\/2017-09-09_Berlin_Dem-Deutschen-Volke_01-300x200.jpg 300w, https:\/\/www.oliver-kilb.de\/www\/wp-content\/uploads\/2024\/12\/2017-09-09_Berlin_Dem-Deutschen-Volke_01-768x512.jpg 768w\" sizes=\"auto, (max-width: 1200px) 100vw, 1200px\" \/><\/a><figcaption class=\"wp-element-caption\">Das Reichstagsgeb\u00e4ude in Berlin<\/figcaption><\/figure>\n<\/div>\n\n\n<p>Nat\u00fcrlich befindet sich in der direkten Nachbarschaft des Brandenburger Tors auch <a href=\"https:\/\/de.wikipedia.org\/wiki\/Reichstagsgeb\u00e4ude\" target=\"_blank\" rel=\"noreferrer noopener\">das Reichstagsgeb\u00e4ude.<\/a> Dieses Mal reichte es nur f\u00fcr einen Besuch &#8222;von au\u00dfen&#8220;. Hinein gelangt man auch nur mit einer Voranmeldung, die wir sowieso nicht hatten. Ein paar Schritte weiter steht man vor dem &#8222;<a href=\"https:\/\/de.wikipedia.org\/wiki\/Paul-L\u00f6be-Haus\" target=\"_blank\" rel=\"noreferrer noopener\">Paul-L\u00f6be-Haus<\/a>&#8222;, das mit rund 1.700 R\u00e4umen als eher gro\u00df zu bezeichnen sein sollte&#8230; 275 Abgeordnete haben dort ihre B\u00fcros. Bei meinem letzten Besuch &#8211; damals war ich mit dem THW dort &#8211; durften wir sogar hinein.&nbsp;Gegen\u00fcber ist <a href=\"https:\/\/de.wikipedia.org\/wiki\/Bundeskanzleramt_(Berlin)\" target=\"_blank\" rel=\"noreferrer noopener\">das Bundeskanzleramt<\/a> nicht zu \u00fcbersehen.<\/p>\n\n\n<div class=\"wp-block-image\">\n<figure class=\"alignright size-full is-resized\"><a href=\"https:\/\/www.oliver-kilb.de\/www\/wp-content\/uploads\/2024\/12\/2017-09-09_Berlin_Dem-Deutschen-Volke_07.jpg\"><img loading=\"lazy\" decoding=\"async\" width=\"1200\" height=\"900\" src=\"https:\/\/www.oliver-kilb.de\/www\/wp-content\/uploads\/2024\/12\/2017-09-09_Berlin_Dem-Deutschen-Volke_07.jpg\" alt=\"\" class=\"wp-image-35862\" style=\"width:300px\" srcset=\"https:\/\/www.oliver-kilb.de\/www\/wp-content\/uploads\/2024\/12\/2017-09-09_Berlin_Dem-Deutschen-Volke_07.jpg 1200w, https:\/\/www.oliver-kilb.de\/www\/wp-content\/uploads\/2024\/12\/2017-09-09_Berlin_Dem-Deutschen-Volke_07-500x375.jpg 500w, https:\/\/www.oliver-kilb.de\/www\/wp-content\/uploads\/2024\/12\/2017-09-09_Berlin_Dem-Deutschen-Volke_07-300x225.jpg 300w, https:\/\/www.oliver-kilb.de\/www\/wp-content\/uploads\/2024\/12\/2017-09-09_Berlin_Dem-Deutschen-Volke_07-768x576.jpg 768w\" sizes=\"auto, (max-width: 1200px) 100vw, 1200px\" \/><\/a><figcaption class=\"wp-element-caption\">Hier verlief die Berliner Mauer!<\/figcaption><\/figure>\n<\/div>\n\n\n<p>Wenn man vom Reichstagsgeb\u00e4ude ein paar Schritte an der Spree entlang geht, wird man in den Boden eingelassen eine steinerne Spur finden, die <a href=\"https:\/\/de.wikipedia.org\/wiki\/Berliner_Mauerweg\" target=\"_blank\" rel=\"noreferrer noopener\">den damaligen Verlauf der Berliner Mauer<\/a> darstellt. Es ist heute, keine 30 Jahre nach dem Fall der Mauer, schwer bis gar nicht vorstellbar, wie diese Todeszone das Bild der Stadt gepr\u00e4gt haben muss. <\/p>\n\n\n\n<p>Diese Spur zieht sich durch ganz Berlin, immer dem damaligen Verlauf der Mauer folgend. An wenigen Stellen stehen auch symbolische Restst\u00fccke der Mauer. Nat\u00fcrlich geben sie nicht einmal ansatzweise den tats\u00e4chlichen Umfang des fr\u00fcheren Sperrgebietes wieder.<\/p>\n\n\n\n<figure class=\"wp-block-gallery has-nested-images columns-5 is-cropped wp-block-gallery-4 is-layout-flex wp-block-gallery-is-layout-flex\">\n<figure class=\"wp-block-image size-large\"><img loading=\"lazy\" decoding=\"async\" width=\"1200\" height=\"800\" data-id=\"35864\" src=\"https:\/\/www.oliver-kilb.de\/www\/wp-content\/uploads\/2024\/12\/2017-09-09_Berlin_Dem-Deutschen-Volke_02.jpg\" alt=\"\" class=\"wp-image-35864\" srcset=\"https:\/\/www.oliver-kilb.de\/www\/wp-content\/uploads\/2024\/12\/2017-09-09_Berlin_Dem-Deutschen-Volke_02.jpg 1200w, https:\/\/www.oliver-kilb.de\/www\/wp-content\/uploads\/2024\/12\/2017-09-09_Berlin_Dem-Deutschen-Volke_02-500x333.jpg 500w, https:\/\/www.oliver-kilb.de\/www\/wp-content\/uploads\/2024\/12\/2017-09-09_Berlin_Dem-Deutschen-Volke_02-300x200.jpg 300w, https:\/\/www.oliver-kilb.de\/www\/wp-content\/uploads\/2024\/12\/2017-09-09_Berlin_Dem-Deutschen-Volke_02-768x512.jpg 768w\" sizes=\"auto, (max-width: 1200px) 100vw, 1200px\" \/><\/figure>\n\n\n\n<figure class=\"wp-block-image size-large\"><img loading=\"lazy\" decoding=\"async\" width=\"1200\" height=\"800\" data-id=\"35865\" src=\"https:\/\/www.oliver-kilb.de\/www\/wp-content\/uploads\/2024\/12\/2017-09-09_Berlin_Dem-Deutschen-Volke_03.jpg\" alt=\"\" class=\"wp-image-35865\" srcset=\"https:\/\/www.oliver-kilb.de\/www\/wp-content\/uploads\/2024\/12\/2017-09-09_Berlin_Dem-Deutschen-Volke_03.jpg 1200w, https:\/\/www.oliver-kilb.de\/www\/wp-content\/uploads\/2024\/12\/2017-09-09_Berlin_Dem-Deutschen-Volke_03-500x333.jpg 500w, https:\/\/www.oliver-kilb.de\/www\/wp-content\/uploads\/2024\/12\/2017-09-09_Berlin_Dem-Deutschen-Volke_03-300x200.jpg 300w, https:\/\/www.oliver-kilb.de\/www\/wp-content\/uploads\/2024\/12\/2017-09-09_Berlin_Dem-Deutschen-Volke_03-768x512.jpg 768w\" sizes=\"auto, (max-width: 1200px) 100vw, 1200px\" \/><\/figure>\n\n\n\n<figure class=\"wp-block-image size-large\"><img loading=\"lazy\" decoding=\"async\" width=\"1200\" height=\"800\" data-id=\"35867\" src=\"https:\/\/www.oliver-kilb.de\/www\/wp-content\/uploads\/2024\/12\/2017-09-09_Berlin_Dem-Deutschen-Volke_04.jpg\" alt=\"\" class=\"wp-image-35867\" srcset=\"https:\/\/www.oliver-kilb.de\/www\/wp-content\/uploads\/2024\/12\/2017-09-09_Berlin_Dem-Deutschen-Volke_04.jpg 1200w, https:\/\/www.oliver-kilb.de\/www\/wp-content\/uploads\/2024\/12\/2017-09-09_Berlin_Dem-Deutschen-Volke_04-500x333.jpg 500w, https:\/\/www.oliver-kilb.de\/www\/wp-content\/uploads\/2024\/12\/2017-09-09_Berlin_Dem-Deutschen-Volke_04-300x200.jpg 300w, https:\/\/www.oliver-kilb.de\/www\/wp-content\/uploads\/2024\/12\/2017-09-09_Berlin_Dem-Deutschen-Volke_04-768x512.jpg 768w\" sizes=\"auto, (max-width: 1200px) 100vw, 1200px\" \/><\/figure>\n\n\n\n<figure class=\"wp-block-image size-large\"><img loading=\"lazy\" decoding=\"async\" width=\"1200\" height=\"800\" data-id=\"35863\" src=\"https:\/\/www.oliver-kilb.de\/www\/wp-content\/uploads\/2024\/12\/2017-09-09_Berlin_Dem-Deutschen-Volke_05.jpg\" alt=\"\" class=\"wp-image-35863\" srcset=\"https:\/\/www.oliver-kilb.de\/www\/wp-content\/uploads\/2024\/12\/2017-09-09_Berlin_Dem-Deutschen-Volke_05.jpg 1200w, https:\/\/www.oliver-kilb.de\/www\/wp-content\/uploads\/2024\/12\/2017-09-09_Berlin_Dem-Deutschen-Volke_05-500x333.jpg 500w, https:\/\/www.oliver-kilb.de\/www\/wp-content\/uploads\/2024\/12\/2017-09-09_Berlin_Dem-Deutschen-Volke_05-300x200.jpg 300w, https:\/\/www.oliver-kilb.de\/www\/wp-content\/uploads\/2024\/12\/2017-09-09_Berlin_Dem-Deutschen-Volke_05-768x512.jpg 768w\" sizes=\"auto, (max-width: 1200px) 100vw, 1200px\" \/><\/figure>\n\n\n\n<figure class=\"wp-block-image size-large\"><img loading=\"lazy\" decoding=\"async\" width=\"1200\" height=\"900\" data-id=\"35866\" src=\"https:\/\/www.oliver-kilb.de\/www\/wp-content\/uploads\/2024\/12\/2017-09-09_Berlin_Dem-Deutschen-Volke_06.jpg\" alt=\"\" class=\"wp-image-35866\" srcset=\"https:\/\/www.oliver-kilb.de\/www\/wp-content\/uploads\/2024\/12\/2017-09-09_Berlin_Dem-Deutschen-Volke_06.jpg 1200w, https:\/\/www.oliver-kilb.de\/www\/wp-content\/uploads\/2024\/12\/2017-09-09_Berlin_Dem-Deutschen-Volke_06-500x375.jpg 500w, https:\/\/www.oliver-kilb.de\/www\/wp-content\/uploads\/2024\/12\/2017-09-09_Berlin_Dem-Deutschen-Volke_06-300x225.jpg 300w, https:\/\/www.oliver-kilb.de\/www\/wp-content\/uploads\/2024\/12\/2017-09-09_Berlin_Dem-Deutschen-Volke_06-768x576.jpg 768w\" sizes=\"auto, (max-width: 1200px) 100vw, 1200px\" \/><\/figure>\n<\/figure>\n\n\n\n<p><em>Der Ausflug fand zwischen dem 8. und 10. September 2017 statt.<\/em><\/p>\n","protected":false},"excerpt":{"rendered":"<p>Das B\u00fcrgerfest des Bundespr\u00e4sidenten am Schloss Bellevue war der Anlass f\u00fcr ein Wochenende in Berlin. Viel Zeit war nicht, aber rund um das Brandenburger Tor konnte ich wieder ein wenig Geschichte schnuppern.<\/p>\n","protected":false},"author":1,"featured_media":35848,"comment_status":"open","ping_status":"open","sticky":false,"template":"","format":"standard","meta":{"iawp_total_views":9,"footnotes":""},"categories":[15],"tags":[716,715],"class_list":["post-35826","post","type-post","status-publish","format-standard","has-post-thumbnail","hentry","category-blog","tag-buergerfest","tag-schloss-bellevue"],"yoast_head":"<!-- This site is optimized with the Yoast SEO plugin v27.3 - https:\/\/yoast.com\/product\/yoast-seo-wordpress\/ -->\n<title>B\u00fcrgerfest des Bundespr\u00e4sidenten am Schloss Bellevue. - Japan, Wandern und Multimedia<\/title>\n<meta name=\"description\" content=\"Das B\u00fcrgerfest des Bundespr\u00e4sidenten Frank-Walter Steinmeier am Schloss Bellevue war der Anlass f\u00fcr ein Wochenende in Berlin.\" \/>\n<meta name=\"robots\" content=\"index, follow, max-snippet:-1, max-image-preview:large, max-video-preview:-1\" \/>\n<link rel=\"canonical\" href=\"https:\/\/www.oliver-kilb.de\/www\/2017\/10\/18\/buergerfest-des-bundespraesidenten-am-schloss-bellevue\/\" \/>\n<meta property=\"og:locale\" content=\"de_DE\" \/>\n<meta property=\"og:type\" content=\"article\" \/>\n<meta property=\"og:title\" content=\"B\u00fcrgerfest des Bundespr\u00e4sidenten am Schloss Bellevue. - Japan, Wandern und Multimedia\" \/>\n<meta property=\"og:description\" content=\"Das B\u00fcrgerfest des Bundespr\u00e4sidenten Frank-Walter Steinmeier am Schloss Bellevue war der Anlass f\u00fcr ein Wochenende in Berlin.\" \/>\n<meta property=\"og:url\" content=\"https:\/\/www.oliver-kilb.de\/www\/2017\/10\/18\/buergerfest-des-bundespraesidenten-am-schloss-bellevue\/\" \/>\n<meta property=\"og:site_name\" content=\"Japan, Wandern und Multimedia\" \/>\n<meta property=\"article:published_time\" content=\"2017-10-18T17:02:00+00:00\" \/>\n<meta property=\"article:modified_time\" content=\"2024-12-08T18:12:00+00:00\" \/>\n<meta property=\"og:image\" content=\"https:\/\/www.oliver-kilb.de\/www\/wp-content\/uploads\/2024\/12\/2017-09-09_Berlin_Steinmeier_09.jpg\" \/>\n\t<meta property=\"og:image:width\" content=\"1200\" \/>\n\t<meta property=\"og:image:height\" content=\"800\" \/>\n\t<meta property=\"og:image:type\" content=\"image\/jpeg\" \/>\n<meta name=\"author\" content=\"Oliver Kilb\" \/>\n<meta name=\"twitter:card\" content=\"summary_large_image\" \/>\n<meta name=\"twitter:label1\" content=\"Verfasst von\" \/>\n\t<meta name=\"twitter:data1\" content=\"Oliver Kilb\" \/>\n\t<meta name=\"twitter:label2\" content=\"Gesch\u00e4tzte Lesezeit\" \/>\n\t<meta name=\"twitter:data2\" content=\"13\u00a0Minuten\" \/>\n<script type=\"application\/ld+json\" class=\"yoast-schema-graph\">{\"@context\":\"https:\\\/\\\/schema.org\",\"@graph\":[{\"@type\":\"Article\",\"@id\":\"https:\\\/\\\/www.oliver-kilb.de\\\/www\\\/2017\\\/10\\\/18\\\/buergerfest-des-bundespraesidenten-am-schloss-bellevue\\\/#article\",\"isPartOf\":{\"@id\":\"https:\\\/\\\/www.oliver-kilb.de\\\/www\\\/2017\\\/10\\\/18\\\/buergerfest-des-bundespraesidenten-am-schloss-bellevue\\\/\"},\"author\":{\"name\":\"Oliver Kilb\",\"@id\":\"https:\\\/\\\/www.oliver-kilb.de\\\/www\\\/#\\\/schema\\\/person\\\/c2b19a881050135aa248a8851b7b4250\"},\"headline\":\"B\u00fcrgerfest des Bundespr\u00e4sidenten am Schloss Bellevue.\",\"datePublished\":\"2017-10-18T17:02:00+00:00\",\"dateModified\":\"2024-12-08T18:12:00+00:00\",\"mainEntityOfPage\":{\"@id\":\"https:\\\/\\\/www.oliver-kilb.de\\\/www\\\/2017\\\/10\\\/18\\\/buergerfest-des-bundespraesidenten-am-schloss-bellevue\\\/\"},\"wordCount\":887,\"commentCount\":0,\"publisher\":{\"@id\":\"https:\\\/\\\/www.oliver-kilb.de\\\/www\\\/#organization\"},\"image\":{\"@id\":\"https:\\\/\\\/www.oliver-kilb.de\\\/www\\\/2017\\\/10\\\/18\\\/buergerfest-des-bundespraesidenten-am-schloss-bellevue\\\/#primaryimage\"},\"thumbnailUrl\":\"https:\\\/\\\/www.oliver-kilb.de\\\/www\\\/wp-content\\\/uploads\\\/2024\\\/12\\\/2017-09-09_Berlin_Steinmeier_09.jpg\",\"keywords\":[\"B\u00fcrgerfest\",\"Schloss Bellevue\"],\"articleSection\":[\"Blog\"],\"inLanguage\":\"de\",\"potentialAction\":[{\"@type\":\"CommentAction\",\"name\":\"Comment\",\"target\":[\"https:\\\/\\\/www.oliver-kilb.de\\\/www\\\/2017\\\/10\\\/18\\\/buergerfest-des-bundespraesidenten-am-schloss-bellevue\\\/#respond\"]}]},{\"@type\":\"WebPage\",\"@id\":\"https:\\\/\\\/www.oliver-kilb.de\\\/www\\\/2017\\\/10\\\/18\\\/buergerfest-des-bundespraesidenten-am-schloss-bellevue\\\/\",\"url\":\"https:\\\/\\\/www.oliver-kilb.de\\\/www\\\/2017\\\/10\\\/18\\\/buergerfest-des-bundespraesidenten-am-schloss-bellevue\\\/\",\"name\":\"B\u00fcrgerfest des Bundespr\u00e4sidenten am Schloss Bellevue. - Japan, Wandern und Multimedia\",\"isPartOf\":{\"@id\":\"https:\\\/\\\/www.oliver-kilb.de\\\/www\\\/#website\"},\"primaryImageOfPage\":{\"@id\":\"https:\\\/\\\/www.oliver-kilb.de\\\/www\\\/2017\\\/10\\\/18\\\/buergerfest-des-bundespraesidenten-am-schloss-bellevue\\\/#primaryimage\"},\"image\":{\"@id\":\"https:\\\/\\\/www.oliver-kilb.de\\\/www\\\/2017\\\/10\\\/18\\\/buergerfest-des-bundespraesidenten-am-schloss-bellevue\\\/#primaryimage\"},\"thumbnailUrl\":\"https:\\\/\\\/www.oliver-kilb.de\\\/www\\\/wp-content\\\/uploads\\\/2024\\\/12\\\/2017-09-09_Berlin_Steinmeier_09.jpg\",\"datePublished\":\"2017-10-18T17:02:00+00:00\",\"dateModified\":\"2024-12-08T18:12:00+00:00\",\"description\":\"Das B\u00fcrgerfest des Bundespr\u00e4sidenten Frank-Walter Steinmeier am Schloss Bellevue war der Anlass f\u00fcr ein Wochenende in Berlin.\",\"breadcrumb\":{\"@id\":\"https:\\\/\\\/www.oliver-kilb.de\\\/www\\\/2017\\\/10\\\/18\\\/buergerfest-des-bundespraesidenten-am-schloss-bellevue\\\/#breadcrumb\"},\"inLanguage\":\"de\",\"potentialAction\":[{\"@type\":\"ReadAction\",\"target\":[\"https:\\\/\\\/www.oliver-kilb.de\\\/www\\\/2017\\\/10\\\/18\\\/buergerfest-des-bundespraesidenten-am-schloss-bellevue\\\/\"]}]},{\"@type\":\"ImageObject\",\"inLanguage\":\"de\",\"@id\":\"https:\\\/\\\/www.oliver-kilb.de\\\/www\\\/2017\\\/10\\\/18\\\/buergerfest-des-bundespraesidenten-am-schloss-bellevue\\\/#primaryimage\",\"url\":\"https:\\\/\\\/www.oliver-kilb.de\\\/www\\\/wp-content\\\/uploads\\\/2024\\\/12\\\/2017-09-09_Berlin_Steinmeier_09.jpg\",\"contentUrl\":\"https:\\\/\\\/www.oliver-kilb.de\\\/www\\\/wp-content\\\/uploads\\\/2024\\\/12\\\/2017-09-09_Berlin_Steinmeier_09.jpg\",\"width\":1200,\"height\":800},{\"@type\":\"BreadcrumbList\",\"@id\":\"https:\\\/\\\/www.oliver-kilb.de\\\/www\\\/2017\\\/10\\\/18\\\/buergerfest-des-bundespraesidenten-am-schloss-bellevue\\\/#breadcrumb\",\"itemListElement\":[{\"@type\":\"ListItem\",\"position\":1,\"name\":\"Startseite\",\"item\":\"https:\\\/\\\/www.oliver-kilb.de\\\/www\\\/\"},{\"@type\":\"ListItem\",\"position\":2,\"name\":\"B\u00fcrgerfest des Bundespr\u00e4sidenten am Schloss Bellevue.\"}]},{\"@type\":\"WebSite\",\"@id\":\"https:\\\/\\\/www.oliver-kilb.de\\\/www\\\/#website\",\"url\":\"https:\\\/\\\/www.oliver-kilb.de\\\/www\\\/\",\"name\":\"Japan, Wandern und Multimedia\",\"description\":\"\",\"publisher\":{\"@id\":\"https:\\\/\\\/www.oliver-kilb.de\\\/www\\\/#organization\"},\"potentialAction\":[{\"@type\":\"SearchAction\",\"target\":{\"@type\":\"EntryPoint\",\"urlTemplate\":\"https:\\\/\\\/www.oliver-kilb.de\\\/www\\\/?s={search_term_string}\"},\"query-input\":{\"@type\":\"PropertyValueSpecification\",\"valueRequired\":true,\"valueName\":\"search_term_string\"}}],\"inLanguage\":\"de\"},{\"@type\":\"Organization\",\"@id\":\"https:\\\/\\\/www.oliver-kilb.de\\\/www\\\/#organization\",\"name\":\"Japan, Wandern und Multimedia\",\"url\":\"https:\\\/\\\/www.oliver-kilb.de\\\/www\\\/\",\"logo\":{\"@type\":\"ImageObject\",\"inLanguage\":\"de\",\"@id\":\"https:\\\/\\\/www.oliver-kilb.de\\\/www\\\/#\\\/schema\\\/logo\\\/image\\\/\",\"url\":\"https:\\\/\\\/www.oliver-kilb.de\\\/www\\\/wp-content\\\/uploads\\\/2024\\\/07\\\/Fushimi-Inari-Schrein_075_DxO.jpg\",\"contentUrl\":\"https:\\\/\\\/www.oliver-kilb.de\\\/www\\\/wp-content\\\/uploads\\\/2024\\\/07\\\/Fushimi-Inari-Schrein_075_DxO.jpg\",\"width\":1380,\"height\":301,\"caption\":\"Japan, Wandern und Multimedia\"},\"image\":{\"@id\":\"https:\\\/\\\/www.oliver-kilb.de\\\/www\\\/#\\\/schema\\\/logo\\\/image\\\/\"}},{\"@type\":\"Person\",\"@id\":\"https:\\\/\\\/www.oliver-kilb.de\\\/www\\\/#\\\/schema\\\/person\\\/c2b19a881050135aa248a8851b7b4250\",\"name\":\"Oliver Kilb\",\"image\":{\"@type\":\"ImageObject\",\"inLanguage\":\"de\",\"@id\":\"https:\\\/\\\/secure.gravatar.com\\\/avatar\\\/4da50eb2c6eb71b0641229eed4a38d05c8d4b458a59355cca0d02b57303d6ffd?s=96&d=mm&r=g\",\"url\":\"https:\\\/\\\/secure.gravatar.com\\\/avatar\\\/4da50eb2c6eb71b0641229eed4a38d05c8d4b458a59355cca0d02b57303d6ffd?s=96&d=mm&r=g\",\"contentUrl\":\"https:\\\/\\\/secure.gravatar.com\\\/avatar\\\/4da50eb2c6eb71b0641229eed4a38d05c8d4b458a59355cca0d02b57303d6ffd?s=96&d=mm&r=g\",\"caption\":\"Oliver Kilb\"},\"sameAs\":[\"https:\\\/\\\/www.oliver-kilb.de\\\/www\"],\"url\":\"https:\\\/\\\/www.oliver-kilb.de\\\/www\\\/author\\\/oliver-kilb\\\/\"}]}<\/script>\n<!-- \/ Yoast SEO plugin. -->","yoast_head_json":{"title":"B\u00fcrgerfest des Bundespr\u00e4sidenten am Schloss Bellevue. - Japan, Wandern und Multimedia","description":"Das B\u00fcrgerfest des Bundespr\u00e4sidenten Frank-Walter Steinmeier am Schloss Bellevue war der Anlass f\u00fcr ein Wochenende in Berlin.","robots":{"index":"index","follow":"follow","max-snippet":"max-snippet:-1","max-image-preview":"max-image-preview:large","max-video-preview":"max-video-preview:-1"},"canonical":"https:\/\/www.oliver-kilb.de\/www\/2017\/10\/18\/buergerfest-des-bundespraesidenten-am-schloss-bellevue\/","og_locale":"de_DE","og_type":"article","og_title":"B\u00fcrgerfest des Bundespr\u00e4sidenten am Schloss Bellevue. - Japan, Wandern und Multimedia","og_description":"Das B\u00fcrgerfest des Bundespr\u00e4sidenten Frank-Walter Steinmeier am Schloss Bellevue war der Anlass f\u00fcr ein Wochenende in Berlin.","og_url":"https:\/\/www.oliver-kilb.de\/www\/2017\/10\/18\/buergerfest-des-bundespraesidenten-am-schloss-bellevue\/","og_site_name":"Japan, Wandern und Multimedia","article_published_time":"2017-10-18T17:02:00+00:00","article_modified_time":"2024-12-08T18:12:00+00:00","og_image":[{"width":1200,"height":800,"url":"https:\/\/www.oliver-kilb.de\/www\/wp-content\/uploads\/2024\/12\/2017-09-09_Berlin_Steinmeier_09.jpg","type":"image\/jpeg"}],"author":"Oliver Kilb","twitter_card":"summary_large_image","twitter_misc":{"Verfasst von":"Oliver Kilb","Gesch\u00e4tzte Lesezeit":"13\u00a0Minuten"},"schema":{"@context":"https:\/\/schema.org","@graph":[{"@type":"Article","@id":"https:\/\/www.oliver-kilb.de\/www\/2017\/10\/18\/buergerfest-des-bundespraesidenten-am-schloss-bellevue\/#article","isPartOf":{"@id":"https:\/\/www.oliver-kilb.de\/www\/2017\/10\/18\/buergerfest-des-bundespraesidenten-am-schloss-bellevue\/"},"author":{"name":"Oliver Kilb","@id":"https:\/\/www.oliver-kilb.de\/www\/#\/schema\/person\/c2b19a881050135aa248a8851b7b4250"},"headline":"B\u00fcrgerfest des Bundespr\u00e4sidenten am Schloss Bellevue.","datePublished":"2017-10-18T17:02:00+00:00","dateModified":"2024-12-08T18:12:00+00:00","mainEntityOfPage":{"@id":"https:\/\/www.oliver-kilb.de\/www\/2017\/10\/18\/buergerfest-des-bundespraesidenten-am-schloss-bellevue\/"},"wordCount":887,"commentCount":0,"publisher":{"@id":"https:\/\/www.oliver-kilb.de\/www\/#organization"},"image":{"@id":"https:\/\/www.oliver-kilb.de\/www\/2017\/10\/18\/buergerfest-des-bundespraesidenten-am-schloss-bellevue\/#primaryimage"},"thumbnailUrl":"https:\/\/www.oliver-kilb.de\/www\/wp-content\/uploads\/2024\/12\/2017-09-09_Berlin_Steinmeier_09.jpg","keywords":["B\u00fcrgerfest","Schloss Bellevue"],"articleSection":["Blog"],"inLanguage":"de","potentialAction":[{"@type":"CommentAction","name":"Comment","target":["https:\/\/www.oliver-kilb.de\/www\/2017\/10\/18\/buergerfest-des-bundespraesidenten-am-schloss-bellevue\/#respond"]}]},{"@type":"WebPage","@id":"https:\/\/www.oliver-kilb.de\/www\/2017\/10\/18\/buergerfest-des-bundespraesidenten-am-schloss-bellevue\/","url":"https:\/\/www.oliver-kilb.de\/www\/2017\/10\/18\/buergerfest-des-bundespraesidenten-am-schloss-bellevue\/","name":"B\u00fcrgerfest des Bundespr\u00e4sidenten am Schloss Bellevue. - Japan, Wandern und Multimedia","isPartOf":{"@id":"https:\/\/www.oliver-kilb.de\/www\/#website"},"primaryImageOfPage":{"@id":"https:\/\/www.oliver-kilb.de\/www\/2017\/10\/18\/buergerfest-des-bundespraesidenten-am-schloss-bellevue\/#primaryimage"},"image":{"@id":"https:\/\/www.oliver-kilb.de\/www\/2017\/10\/18\/buergerfest-des-bundespraesidenten-am-schloss-bellevue\/#primaryimage"},"thumbnailUrl":"https:\/\/www.oliver-kilb.de\/www\/wp-content\/uploads\/2024\/12\/2017-09-09_Berlin_Steinmeier_09.jpg","datePublished":"2017-10-18T17:02:00+00:00","dateModified":"2024-12-08T18:12:00+00:00","description":"Das B\u00fcrgerfest des Bundespr\u00e4sidenten Frank-Walter Steinmeier am Schloss Bellevue war der Anlass f\u00fcr ein Wochenende in Berlin.","breadcrumb":{"@id":"https:\/\/www.oliver-kilb.de\/www\/2017\/10\/18\/buergerfest-des-bundespraesidenten-am-schloss-bellevue\/#breadcrumb"},"inLanguage":"de","potentialAction":[{"@type":"ReadAction","target":["https:\/\/www.oliver-kilb.de\/www\/2017\/10\/18\/buergerfest-des-bundespraesidenten-am-schloss-bellevue\/"]}]},{"@type":"ImageObject","inLanguage":"de","@id":"https:\/\/www.oliver-kilb.de\/www\/2017\/10\/18\/buergerfest-des-bundespraesidenten-am-schloss-bellevue\/#primaryimage","url":"https:\/\/www.oliver-kilb.de\/www\/wp-content\/uploads\/2024\/12\/2017-09-09_Berlin_Steinmeier_09.jpg","contentUrl":"https:\/\/www.oliver-kilb.de\/www\/wp-content\/uploads\/2024\/12\/2017-09-09_Berlin_Steinmeier_09.jpg","width":1200,"height":800},{"@type":"BreadcrumbList","@id":"https:\/\/www.oliver-kilb.de\/www\/2017\/10\/18\/buergerfest-des-bundespraesidenten-am-schloss-bellevue\/#breadcrumb","itemListElement":[{"@type":"ListItem","position":1,"name":"Startseite","item":"https:\/\/www.oliver-kilb.de\/www\/"},{"@type":"ListItem","position":2,"name":"B\u00fcrgerfest des Bundespr\u00e4sidenten am Schloss Bellevue."}]},{"@type":"WebSite","@id":"https:\/\/www.oliver-kilb.de\/www\/#website","url":"https:\/\/www.oliver-kilb.de\/www\/","name":"Japan, Wandern und Multimedia","description":"","publisher":{"@id":"https:\/\/www.oliver-kilb.de\/www\/#organization"},"potentialAction":[{"@type":"SearchAction","target":{"@type":"EntryPoint","urlTemplate":"https:\/\/www.oliver-kilb.de\/www\/?s={search_term_string}"},"query-input":{"@type":"PropertyValueSpecification","valueRequired":true,"valueName":"search_term_string"}}],"inLanguage":"de"},{"@type":"Organization","@id":"https:\/\/www.oliver-kilb.de\/www\/#organization","name":"Japan, Wandern und Multimedia","url":"https:\/\/www.oliver-kilb.de\/www\/","logo":{"@type":"ImageObject","inLanguage":"de","@id":"https:\/\/www.oliver-kilb.de\/www\/#\/schema\/logo\/image\/","url":"https:\/\/www.oliver-kilb.de\/www\/wp-content\/uploads\/2024\/07\/Fushimi-Inari-Schrein_075_DxO.jpg","contentUrl":"https:\/\/www.oliver-kilb.de\/www\/wp-content\/uploads\/2024\/07\/Fushimi-Inari-Schrein_075_DxO.jpg","width":1380,"height":301,"caption":"Japan, Wandern und Multimedia"},"image":{"@id":"https:\/\/www.oliver-kilb.de\/www\/#\/schema\/logo\/image\/"}},{"@type":"Person","@id":"https:\/\/www.oliver-kilb.de\/www\/#\/schema\/person\/c2b19a881050135aa248a8851b7b4250","name":"Oliver Kilb","image":{"@type":"ImageObject","inLanguage":"de","@id":"https:\/\/secure.gravatar.com\/avatar\/4da50eb2c6eb71b0641229eed4a38d05c8d4b458a59355cca0d02b57303d6ffd?s=96&d=mm&r=g","url":"https:\/\/secure.gravatar.com\/avatar\/4da50eb2c6eb71b0641229eed4a38d05c8d4b458a59355cca0d02b57303d6ffd?s=96&d=mm&r=g","contentUrl":"https:\/\/secure.gravatar.com\/avatar\/4da50eb2c6eb71b0641229eed4a38d05c8d4b458a59355cca0d02b57303d6ffd?s=96&d=mm&r=g","caption":"Oliver Kilb"},"sameAs":["https:\/\/www.oliver-kilb.de\/www"],"url":"https:\/\/www.oliver-kilb.de\/www\/author\/oliver-kilb\/"}]}},"amp_enabled":true,"_links":{"self":[{"href":"https:\/\/www.oliver-kilb.de\/www\/wp-json\/wp\/v2\/posts\/35826","targetHints":{"allow":["GET"]}}],"collection":[{"href":"https:\/\/www.oliver-kilb.de\/www\/wp-json\/wp\/v2\/posts"}],"about":[{"href":"https:\/\/www.oliver-kilb.de\/www\/wp-json\/wp\/v2\/types\/post"}],"author":[{"embeddable":true,"href":"https:\/\/www.oliver-kilb.de\/www\/wp-json\/wp\/v2\/users\/1"}],"replies":[{"embeddable":true,"href":"https:\/\/www.oliver-kilb.de\/www\/wp-json\/wp\/v2\/comments?post=35826"}],"version-history":[{"count":2,"href":"https:\/\/www.oliver-kilb.de\/www\/wp-json\/wp\/v2\/posts\/35826\/revisions"}],"predecessor-version":[{"id":35869,"href":"https:\/\/www.oliver-kilb.de\/www\/wp-json\/wp\/v2\/posts\/35826\/revisions\/35869"}],"wp:featuredmedia":[{"embeddable":true,"href":"https:\/\/www.oliver-kilb.de\/www\/wp-json\/wp\/v2\/media\/35848"}],"wp:attachment":[{"href":"https:\/\/www.oliver-kilb.de\/www\/wp-json\/wp\/v2\/media?parent=35826"}],"wp:term":[{"taxonomy":"category","embeddable":true,"href":"https:\/\/www.oliver-kilb.de\/www\/wp-json\/wp\/v2\/categories?post=35826"},{"taxonomy":"post_tag","embeddable":true,"href":"https:\/\/www.oliver-kilb.de\/www\/wp-json\/wp\/v2\/tags?post=35826"}],"curies":[{"name":"wp","href":"https:\/\/api.w.org\/{rel}","templated":true}]}}