{"id":34777,"date":"2016-09-11T14:38:00","date_gmt":"2016-09-11T12:38:00","guid":{"rendered":"https:\/\/www.oliver-kilb.de\/www\/?p=34777"},"modified":"2024-12-07T14:49:09","modified_gmt":"2024-12-07T13:49:09","slug":"ausflug-zur-stepbergalm-1-592m-bei-garmisch","status":"publish","type":"post","link":"https:\/\/www.oliver-kilb.de\/www\/2016\/09\/11\/ausflug-zur-stepbergalm-1-592m-bei-garmisch\/","title":{"rendered":"Ausflug zur Stepbergalm (1.592m) bei Garmisch."},"content":{"rendered":"\n<p><strong>Die Stepbergalm liegt unterhalb des &#8222;Hoher Ziegspitz&#8220; zwischen Garmisch-Partenkirchen und Grainau, und ist ein tolles Ziel f\u00fcr eine mittelschwere Wanderung \u00fcber 800 H\u00f6henmeter.<\/strong><\/p>\n\n\n\n<h2 class=\"wp-block-heading\">Parken mit Aussicht.<\/h2>\n\n\n<div class=\"wp-block-image\">\n<figure class=\"alignright size-full is-resized\"><a href=\"https:\/\/www.oliver-kilb.de\/www\/wp-content\/uploads\/2024\/12\/Stepberg-Alm_iPhone_01.jpg\"><img loading=\"lazy\" decoding=\"async\" width=\"1200\" height=\"900\" src=\"https:\/\/www.oliver-kilb.de\/www\/wp-content\/uploads\/2024\/12\/Stepberg-Alm_iPhone_01.jpg\" alt=\"\" class=\"wp-image-34779\" style=\"width:300px\" srcset=\"https:\/\/www.oliver-kilb.de\/www\/wp-content\/uploads\/2024\/12\/Stepberg-Alm_iPhone_01.jpg 1200w, https:\/\/www.oliver-kilb.de\/www\/wp-content\/uploads\/2024\/12\/Stepberg-Alm_iPhone_01-500x375.jpg 500w, https:\/\/www.oliver-kilb.de\/www\/wp-content\/uploads\/2024\/12\/Stepberg-Alm_iPhone_01-300x225.jpg 300w, https:\/\/www.oliver-kilb.de\/www\/wp-content\/uploads\/2024\/12\/Stepberg-Alm_iPhone_01-768x576.jpg 768w\" sizes=\"auto, (max-width: 1200px) 100vw, 1200px\" \/><\/a><figcaption class=\"wp-element-caption\">Blick vom Parkplatz Richtung Zugspitzmassiv.<\/figcaption><\/figure>\n<\/div>\n\n\n<p>Wer fr\u00fch genug am Startpunkt nahe des Tierheims von Garmisch ankommt, der kann seinen Wagen auf einem kostenlosen Waldparkplatz abstellen und von dort aus einen wirklich sch\u00f6nen Rundweg starten. Aber man sollte sich dar\u00fcber im Klaren sein, dass der Weg zur Stepbergalm einiges an Kondition abverlangt. <\/p>\n\n\n\n<p>Immerhin sind 800 H\u00f6henmeter zu bew\u00e4ltigen. Aber bereits am Parkplatz hat man einen sch\u00f6nen Blick Richtung Zugspitze, und beim Aufstieg wird man sie immer wieder sehen.<\/p>\n\n\n\n<h2 class=\"wp-block-heading\">Der Aufstieg zur Stepbergalm.<\/h2>\n\n\n<div class=\"wp-block-image\">\n<figure class=\"alignleft size-full is-resized\"><a href=\"https:\/\/www.oliver-kilb.de\/www\/wp-content\/uploads\/2024\/12\/Stepberg-Alm_iPhone_11.jpg\"><img loading=\"lazy\" decoding=\"async\" width=\"1200\" height=\"900\" src=\"https:\/\/www.oliver-kilb.de\/www\/wp-content\/uploads\/2024\/12\/Stepberg-Alm_iPhone_11.jpg\" alt=\"\" class=\"wp-image-34780\" style=\"width:300px\" srcset=\"https:\/\/www.oliver-kilb.de\/www\/wp-content\/uploads\/2024\/12\/Stepberg-Alm_iPhone_11.jpg 1200w, https:\/\/www.oliver-kilb.de\/www\/wp-content\/uploads\/2024\/12\/Stepberg-Alm_iPhone_11-500x375.jpg 500w, https:\/\/www.oliver-kilb.de\/www\/wp-content\/uploads\/2024\/12\/Stepberg-Alm_iPhone_11-300x225.jpg 300w, https:\/\/www.oliver-kilb.de\/www\/wp-content\/uploads\/2024\/12\/Stepberg-Alm_iPhone_11-768x576.jpg 768w\" sizes=\"auto, (max-width: 1200px) 100vw, 1200px\" \/><\/a><figcaption class=\"wp-element-caption\">Aufstieg zur Stepbergalm \u00fcber den Kreuzweg.<\/figcaption><\/figure>\n<\/div>\n\n\n<p>Der geneigte Wanderer kann sich zwischen zwei Steigen entscheiden, \u00fcber die er auf- bzw.\u00a0absteigen kann. \u00dcblicherweise w\u00e4hlt man den Kreuzweg zum Aufstieg. Er steigt relativ gleichm\u00e4\u00dfig an, verl\u00e4uft fast durchgehend im Wald und ist daher also besonders f\u00fcr hei\u00dfe Tage mit viel Sonnenschein gut geeignet. <\/p>\n\n\n\n<p>Das bedeutet allerdings auch, dass man bis kurz vor der Stepbergalm immer bergauf geht, teilweise auch etwas steiler. Zweimal kreuzt man kurz kleine B\u00e4che, falls man sein Wasser wieder auff\u00fcllen will. Und immer wieder kommen kurze L\u00fccken zwischen den B\u00e4umen, und man hat einen tollen Ausblick in Richtung der Zugspitze.<\/p>\n\n\n<div class=\"wp-block-image\">\n<figure class=\"aligncenter size-large\"><a href=\"https:\/\/www.oliver-kilb.de\/www\/wp-content\/uploads\/2024\/12\/stepbergalm_pano1-scaled.jpg\"><img loading=\"lazy\" decoding=\"async\" width=\"2048\" height=\"563\" src=\"https:\/\/www.oliver-kilb.de\/www\/wp-content\/uploads\/2024\/12\/stepbergalm_pano1-2048x563.jpg\" alt=\"\" class=\"wp-image-34781\" srcset=\"https:\/\/www.oliver-kilb.de\/www\/wp-content\/uploads\/2024\/12\/stepbergalm_pano1-2048x563.jpg 2048w, https:\/\/www.oliver-kilb.de\/www\/wp-content\/uploads\/2024\/12\/stepbergalm_pano1-500x137.jpg 500w, https:\/\/www.oliver-kilb.de\/www\/wp-content\/uploads\/2024\/12\/stepbergalm_pano1-300x82.jpg 300w, https:\/\/www.oliver-kilb.de\/www\/wp-content\/uploads\/2024\/12\/stepbergalm_pano1-768x211.jpg 768w, https:\/\/www.oliver-kilb.de\/www\/wp-content\/uploads\/2024\/12\/stepbergalm_pano1-1536x422.jpg 1536w\" sizes=\"auto, (max-width: 2048px) 100vw, 2048px\" \/><\/a><figcaption class=\"wp-element-caption\">Panorama unterwegs vom Kreuzweg, Blick auf das Zugspitzmassiv.<\/figcaption><\/figure>\n<\/div>\n\n<div class=\"wp-block-image\">\n<figure class=\"alignleft size-full is-resized\"><a href=\"https:\/\/www.oliver-kilb.de\/www\/wp-content\/uploads\/2024\/12\/Stepberg-Alm_09.jpg\"><img loading=\"lazy\" decoding=\"async\" width=\"1200\" height=\"800\" src=\"https:\/\/www.oliver-kilb.de\/www\/wp-content\/uploads\/2024\/12\/Stepberg-Alm_09.jpg\" alt=\"\" class=\"wp-image-34782\" style=\"width:300px\" srcset=\"https:\/\/www.oliver-kilb.de\/www\/wp-content\/uploads\/2024\/12\/Stepberg-Alm_09.jpg 1200w, https:\/\/www.oliver-kilb.de\/www\/wp-content\/uploads\/2024\/12\/Stepberg-Alm_09-500x333.jpg 500w, https:\/\/www.oliver-kilb.de\/www\/wp-content\/uploads\/2024\/12\/Stepberg-Alm_09-300x200.jpg 300w, https:\/\/www.oliver-kilb.de\/www\/wp-content\/uploads\/2024\/12\/Stepberg-Alm_09-768x512.jpg 768w\" sizes=\"auto, (max-width: 1200px) 100vw, 1200px\" \/><\/a><figcaption class=\"wp-element-caption\">Blick auf die Zugspitze und den darunter liegenden Eibsee.<\/figcaption><\/figure>\n<\/div>\n\n\n<p>Leider hatte ich an diesem Tag kein Teleobjektiv dabei &#8211; man kann sich gut vorstellen, welch tolle Motive man bei besserer Sicht von dieser Stelle aus einfangen k\u00f6nnte. Immerhin konnte ich auch mit blo\u00dfem Auge sehen, dass die Riffelspitze und die Riffelscharte an diesem Tag\u00a0keine geeigneten Wanderziele gewesen w\u00e4ren, denn anscheinend gab es k\u00fcrzlich eine frische Portion Neuschnee auf der Zugspitze, der bis dorthin hinab reichte. <\/p>\n\n\n\n<p>Aber auch den Eibsee konnte man gut erkennen. Und der Einstieg ins H\u00f6llental, zur H\u00f6llentalklamm und zur H\u00f6llental-Eingangsh\u00fctte war zu sehen, wenngleich man letztere nur erahnen konnte.<\/p>\n\n\n\n<figure class=\"wp-block-gallery has-nested-images columns-6 is-cropped wp-block-gallery-1 is-layout-flex wp-block-gallery-is-layout-flex\">\n<figure class=\"wp-block-image size-large\"><img loading=\"lazy\" decoding=\"async\" width=\"1200\" height=\"800\" data-id=\"34784\" src=\"https:\/\/www.oliver-kilb.de\/www\/wp-content\/uploads\/2024\/12\/Stepberg-Alm_02.jpg\" alt=\"\" class=\"wp-image-34784\" srcset=\"https:\/\/www.oliver-kilb.de\/www\/wp-content\/uploads\/2024\/12\/Stepberg-Alm_02.jpg 1200w, https:\/\/www.oliver-kilb.de\/www\/wp-content\/uploads\/2024\/12\/Stepberg-Alm_02-500x333.jpg 500w, https:\/\/www.oliver-kilb.de\/www\/wp-content\/uploads\/2024\/12\/Stepberg-Alm_02-300x200.jpg 300w, https:\/\/www.oliver-kilb.de\/www\/wp-content\/uploads\/2024\/12\/Stepberg-Alm_02-768x512.jpg 768w\" sizes=\"auto, (max-width: 1200px) 100vw, 1200px\" \/><\/figure>\n\n\n\n<figure class=\"wp-block-image size-large\"><img loading=\"lazy\" decoding=\"async\" width=\"1200\" height=\"800\" data-id=\"34783\" src=\"https:\/\/www.oliver-kilb.de\/www\/wp-content\/uploads\/2024\/12\/Stepberg-Alm_03.jpg\" alt=\"\" class=\"wp-image-34783\" srcset=\"https:\/\/www.oliver-kilb.de\/www\/wp-content\/uploads\/2024\/12\/Stepberg-Alm_03.jpg 1200w, https:\/\/www.oliver-kilb.de\/www\/wp-content\/uploads\/2024\/12\/Stepberg-Alm_03-500x333.jpg 500w, https:\/\/www.oliver-kilb.de\/www\/wp-content\/uploads\/2024\/12\/Stepberg-Alm_03-300x200.jpg 300w, https:\/\/www.oliver-kilb.de\/www\/wp-content\/uploads\/2024\/12\/Stepberg-Alm_03-768x512.jpg 768w\" sizes=\"auto, (max-width: 1200px) 100vw, 1200px\" \/><\/figure>\n\n\n\n<figure class=\"wp-block-image size-large\"><img loading=\"lazy\" decoding=\"async\" width=\"1200\" height=\"800\" data-id=\"34788\" src=\"https:\/\/www.oliver-kilb.de\/www\/wp-content\/uploads\/2024\/12\/Stepberg-Alm_04.jpg\" alt=\"\" class=\"wp-image-34788\" srcset=\"https:\/\/www.oliver-kilb.de\/www\/wp-content\/uploads\/2024\/12\/Stepberg-Alm_04.jpg 1200w, https:\/\/www.oliver-kilb.de\/www\/wp-content\/uploads\/2024\/12\/Stepberg-Alm_04-500x333.jpg 500w, https:\/\/www.oliver-kilb.de\/www\/wp-content\/uploads\/2024\/12\/Stepberg-Alm_04-300x200.jpg 300w, https:\/\/www.oliver-kilb.de\/www\/wp-content\/uploads\/2024\/12\/Stepberg-Alm_04-768x512.jpg 768w\" sizes=\"auto, (max-width: 1200px) 100vw, 1200px\" \/><\/figure>\n\n\n\n<figure class=\"wp-block-image size-large\"><img loading=\"lazy\" decoding=\"async\" width=\"1200\" height=\"800\" data-id=\"34785\" src=\"https:\/\/www.oliver-kilb.de\/www\/wp-content\/uploads\/2024\/12\/Stepberg-Alm_08.jpg\" alt=\"\" class=\"wp-image-34785\" srcset=\"https:\/\/www.oliver-kilb.de\/www\/wp-content\/uploads\/2024\/12\/Stepberg-Alm_08.jpg 1200w, https:\/\/www.oliver-kilb.de\/www\/wp-content\/uploads\/2024\/12\/Stepberg-Alm_08-500x333.jpg 500w, https:\/\/www.oliver-kilb.de\/www\/wp-content\/uploads\/2024\/12\/Stepberg-Alm_08-300x200.jpg 300w, https:\/\/www.oliver-kilb.de\/www\/wp-content\/uploads\/2024\/12\/Stepberg-Alm_08-768x512.jpg 768w\" sizes=\"auto, (max-width: 1200px) 100vw, 1200px\" \/><\/figure>\n\n\n\n<figure class=\"wp-block-image size-large\"><img loading=\"lazy\" decoding=\"async\" width=\"1200\" height=\"800\" data-id=\"34786\" src=\"https:\/\/www.oliver-kilb.de\/www\/wp-content\/uploads\/2024\/12\/Stepberg-Alm_10.jpg\" alt=\"\" class=\"wp-image-34786\" srcset=\"https:\/\/www.oliver-kilb.de\/www\/wp-content\/uploads\/2024\/12\/Stepberg-Alm_10.jpg 1200w, https:\/\/www.oliver-kilb.de\/www\/wp-content\/uploads\/2024\/12\/Stepberg-Alm_10-500x333.jpg 500w, https:\/\/www.oliver-kilb.de\/www\/wp-content\/uploads\/2024\/12\/Stepberg-Alm_10-300x200.jpg 300w, https:\/\/www.oliver-kilb.de\/www\/wp-content\/uploads\/2024\/12\/Stepberg-Alm_10-768x512.jpg 768w\" sizes=\"auto, (max-width: 1200px) 100vw, 1200px\" \/><\/figure>\n\n\n\n<figure class=\"wp-block-image size-large\"><img loading=\"lazy\" decoding=\"async\" width=\"1200\" height=\"800\" data-id=\"34787\" src=\"https:\/\/www.oliver-kilb.de\/www\/wp-content\/uploads\/2024\/12\/Stepberg-Alm_13.jpg\" alt=\"\" class=\"wp-image-34787\" srcset=\"https:\/\/www.oliver-kilb.de\/www\/wp-content\/uploads\/2024\/12\/Stepberg-Alm_13.jpg 1200w, https:\/\/www.oliver-kilb.de\/www\/wp-content\/uploads\/2024\/12\/Stepberg-Alm_13-500x333.jpg 500w, https:\/\/www.oliver-kilb.de\/www\/wp-content\/uploads\/2024\/12\/Stepberg-Alm_13-300x200.jpg 300w, https:\/\/www.oliver-kilb.de\/www\/wp-content\/uploads\/2024\/12\/Stepberg-Alm_13-768x512.jpg 768w\" sizes=\"auto, (max-width: 1200px) 100vw, 1200px\" \/><\/figure>\n\n\n\n<figure class=\"wp-block-image size-large\"><img loading=\"lazy\" decoding=\"async\" width=\"1200\" height=\"800\" data-id=\"34789\" src=\"https:\/\/www.oliver-kilb.de\/www\/wp-content\/uploads\/2024\/12\/Stepberg-Alm_14.jpg\" alt=\"\" class=\"wp-image-34789\" srcset=\"https:\/\/www.oliver-kilb.de\/www\/wp-content\/uploads\/2024\/12\/Stepberg-Alm_14.jpg 1200w, https:\/\/www.oliver-kilb.de\/www\/wp-content\/uploads\/2024\/12\/Stepberg-Alm_14-500x333.jpg 500w, https:\/\/www.oliver-kilb.de\/www\/wp-content\/uploads\/2024\/12\/Stepberg-Alm_14-300x200.jpg 300w, https:\/\/www.oliver-kilb.de\/www\/wp-content\/uploads\/2024\/12\/Stepberg-Alm_14-768x512.jpg 768w\" sizes=\"auto, (max-width: 1200px) 100vw, 1200px\" \/><\/figure>\n\n\n\n<figure class=\"wp-block-image size-large\"><img loading=\"lazy\" decoding=\"async\" width=\"1200\" height=\"900\" data-id=\"34791\" src=\"https:\/\/www.oliver-kilb.de\/www\/wp-content\/uploads\/2024\/12\/Stepberg-Alm_iPhone_04.jpg\" alt=\"\" class=\"wp-image-34791\" srcset=\"https:\/\/www.oliver-kilb.de\/www\/wp-content\/uploads\/2024\/12\/Stepberg-Alm_iPhone_04.jpg 1200w, https:\/\/www.oliver-kilb.de\/www\/wp-content\/uploads\/2024\/12\/Stepberg-Alm_iPhone_04-500x375.jpg 500w, https:\/\/www.oliver-kilb.de\/www\/wp-content\/uploads\/2024\/12\/Stepberg-Alm_iPhone_04-300x225.jpg 300w, https:\/\/www.oliver-kilb.de\/www\/wp-content\/uploads\/2024\/12\/Stepberg-Alm_iPhone_04-768x576.jpg 768w\" sizes=\"auto, (max-width: 1200px) 100vw, 1200px\" \/><\/figure>\n\n\n\n<figure class=\"wp-block-image size-large\"><img loading=\"lazy\" decoding=\"async\" width=\"1200\" height=\"900\" data-id=\"34790\" src=\"https:\/\/www.oliver-kilb.de\/www\/wp-content\/uploads\/2024\/12\/Stepberg-Alm_iPhone_05.jpg\" alt=\"\" class=\"wp-image-34790\" srcset=\"https:\/\/www.oliver-kilb.de\/www\/wp-content\/uploads\/2024\/12\/Stepberg-Alm_iPhone_05.jpg 1200w, https:\/\/www.oliver-kilb.de\/www\/wp-content\/uploads\/2024\/12\/Stepberg-Alm_iPhone_05-500x375.jpg 500w, https:\/\/www.oliver-kilb.de\/www\/wp-content\/uploads\/2024\/12\/Stepberg-Alm_iPhone_05-300x225.jpg 300w, https:\/\/www.oliver-kilb.de\/www\/wp-content\/uploads\/2024\/12\/Stepberg-Alm_iPhone_05-768x576.jpg 768w\" sizes=\"auto, (max-width: 1200px) 100vw, 1200px\" \/><\/figure>\n\n\n\n<figure class=\"wp-block-image size-large\"><img loading=\"lazy\" decoding=\"async\" width=\"1200\" height=\"900\" data-id=\"34800\" src=\"https:\/\/www.oliver-kilb.de\/www\/wp-content\/uploads\/2024\/12\/Stepberg-Alm_iPhone_06.jpg\" alt=\"\" class=\"wp-image-34800\" srcset=\"https:\/\/www.oliver-kilb.de\/www\/wp-content\/uploads\/2024\/12\/Stepberg-Alm_iPhone_06.jpg 1200w, https:\/\/www.oliver-kilb.de\/www\/wp-content\/uploads\/2024\/12\/Stepberg-Alm_iPhone_06-500x375.jpg 500w, https:\/\/www.oliver-kilb.de\/www\/wp-content\/uploads\/2024\/12\/Stepberg-Alm_iPhone_06-300x225.jpg 300w, https:\/\/www.oliver-kilb.de\/www\/wp-content\/uploads\/2024\/12\/Stepberg-Alm_iPhone_06-768x576.jpg 768w\" sizes=\"auto, (max-width: 1200px) 100vw, 1200px\" \/><\/figure>\n\n\n\n<figure class=\"wp-block-image size-large\"><img loading=\"lazy\" decoding=\"async\" width=\"1200\" height=\"900\" data-id=\"34792\" src=\"https:\/\/www.oliver-kilb.de\/www\/wp-content\/uploads\/2024\/12\/Stepberg-Alm_iPhone_07.jpg\" alt=\"\" class=\"wp-image-34792\" srcset=\"https:\/\/www.oliver-kilb.de\/www\/wp-content\/uploads\/2024\/12\/Stepberg-Alm_iPhone_07.jpg 1200w, https:\/\/www.oliver-kilb.de\/www\/wp-content\/uploads\/2024\/12\/Stepberg-Alm_iPhone_07-500x375.jpg 500w, https:\/\/www.oliver-kilb.de\/www\/wp-content\/uploads\/2024\/12\/Stepberg-Alm_iPhone_07-300x225.jpg 300w, https:\/\/www.oliver-kilb.de\/www\/wp-content\/uploads\/2024\/12\/Stepberg-Alm_iPhone_07-768x576.jpg 768w\" sizes=\"auto, (max-width: 1200px) 100vw, 1200px\" \/><\/figure>\n\n\n\n<figure class=\"wp-block-image size-large\"><img loading=\"lazy\" decoding=\"async\" width=\"1200\" height=\"900\" data-id=\"34794\" src=\"https:\/\/www.oliver-kilb.de\/www\/wp-content\/uploads\/2024\/12\/Stepberg-Alm_iPhone_09.jpg\" alt=\"\" class=\"wp-image-34794\" srcset=\"https:\/\/www.oliver-kilb.de\/www\/wp-content\/uploads\/2024\/12\/Stepberg-Alm_iPhone_09.jpg 1200w, https:\/\/www.oliver-kilb.de\/www\/wp-content\/uploads\/2024\/12\/Stepberg-Alm_iPhone_09-500x375.jpg 500w, https:\/\/www.oliver-kilb.de\/www\/wp-content\/uploads\/2024\/12\/Stepberg-Alm_iPhone_09-300x225.jpg 300w, https:\/\/www.oliver-kilb.de\/www\/wp-content\/uploads\/2024\/12\/Stepberg-Alm_iPhone_09-768x576.jpg 768w\" sizes=\"auto, (max-width: 1200px) 100vw, 1200px\" \/><\/figure>\n\n\n\n<figure class=\"wp-block-image size-large\"><img loading=\"lazy\" decoding=\"async\" width=\"1200\" height=\"900\" data-id=\"34796\" src=\"https:\/\/www.oliver-kilb.de\/www\/wp-content\/uploads\/2024\/12\/Stepberg-Alm_iPhone_10.jpg\" alt=\"\" class=\"wp-image-34796\" srcset=\"https:\/\/www.oliver-kilb.de\/www\/wp-content\/uploads\/2024\/12\/Stepberg-Alm_iPhone_10.jpg 1200w, https:\/\/www.oliver-kilb.de\/www\/wp-content\/uploads\/2024\/12\/Stepberg-Alm_iPhone_10-500x375.jpg 500w, https:\/\/www.oliver-kilb.de\/www\/wp-content\/uploads\/2024\/12\/Stepberg-Alm_iPhone_10-300x225.jpg 300w, https:\/\/www.oliver-kilb.de\/www\/wp-content\/uploads\/2024\/12\/Stepberg-Alm_iPhone_10-768x576.jpg 768w\" sizes=\"auto, (max-width: 1200px) 100vw, 1200px\" \/><\/figure>\n\n\n\n<figure class=\"wp-block-image size-large\"><img loading=\"lazy\" decoding=\"async\" width=\"1200\" height=\"900\" data-id=\"34797\" src=\"https:\/\/www.oliver-kilb.de\/www\/wp-content\/uploads\/2024\/12\/Stepberg-Alm_iPhone_12.jpg\" alt=\"\" class=\"wp-image-34797\" srcset=\"https:\/\/www.oliver-kilb.de\/www\/wp-content\/uploads\/2024\/12\/Stepberg-Alm_iPhone_12.jpg 1200w, https:\/\/www.oliver-kilb.de\/www\/wp-content\/uploads\/2024\/12\/Stepberg-Alm_iPhone_12-500x375.jpg 500w, https:\/\/www.oliver-kilb.de\/www\/wp-content\/uploads\/2024\/12\/Stepberg-Alm_iPhone_12-300x225.jpg 300w, https:\/\/www.oliver-kilb.de\/www\/wp-content\/uploads\/2024\/12\/Stepberg-Alm_iPhone_12-768x576.jpg 768w\" sizes=\"auto, (max-width: 1200px) 100vw, 1200px\" \/><\/figure>\n\n\n\n<figure class=\"wp-block-image size-large\"><img loading=\"lazy\" decoding=\"async\" width=\"1200\" height=\"900\" data-id=\"34799\" src=\"https:\/\/www.oliver-kilb.de\/www\/wp-content\/uploads\/2024\/12\/Stepberg-Alm_iPhone_14.jpg\" alt=\"\" class=\"wp-image-34799\" srcset=\"https:\/\/www.oliver-kilb.de\/www\/wp-content\/uploads\/2024\/12\/Stepberg-Alm_iPhone_14.jpg 1200w, https:\/\/www.oliver-kilb.de\/www\/wp-content\/uploads\/2024\/12\/Stepberg-Alm_iPhone_14-500x375.jpg 500w, https:\/\/www.oliver-kilb.de\/www\/wp-content\/uploads\/2024\/12\/Stepberg-Alm_iPhone_14-300x225.jpg 300w, https:\/\/www.oliver-kilb.de\/www\/wp-content\/uploads\/2024\/12\/Stepberg-Alm_iPhone_14-768x576.jpg 768w\" sizes=\"auto, (max-width: 1200px) 100vw, 1200px\" \/><\/figure>\n\n\n\n<figure class=\"wp-block-image size-large\"><img loading=\"lazy\" decoding=\"async\" width=\"1200\" height=\"900\" data-id=\"34793\" src=\"https:\/\/www.oliver-kilb.de\/www\/wp-content\/uploads\/2024\/12\/Stepberg-Alm_iPhone_16.jpg\" alt=\"\" class=\"wp-image-34793\" srcset=\"https:\/\/www.oliver-kilb.de\/www\/wp-content\/uploads\/2024\/12\/Stepberg-Alm_iPhone_16.jpg 1200w, https:\/\/www.oliver-kilb.de\/www\/wp-content\/uploads\/2024\/12\/Stepberg-Alm_iPhone_16-500x375.jpg 500w, https:\/\/www.oliver-kilb.de\/www\/wp-content\/uploads\/2024\/12\/Stepberg-Alm_iPhone_16-300x225.jpg 300w, https:\/\/www.oliver-kilb.de\/www\/wp-content\/uploads\/2024\/12\/Stepberg-Alm_iPhone_16-768x576.jpg 768w\" sizes=\"auto, (max-width: 1200px) 100vw, 1200px\" \/><\/figure>\n\n\n\n<figure class=\"wp-block-image size-large\"><img loading=\"lazy\" decoding=\"async\" width=\"1200\" height=\"900\" data-id=\"34795\" src=\"https:\/\/www.oliver-kilb.de\/www\/wp-content\/uploads\/2024\/12\/Stepberg-Alm_iPhone_20.jpg\" alt=\"\" class=\"wp-image-34795\" srcset=\"https:\/\/www.oliver-kilb.de\/www\/wp-content\/uploads\/2024\/12\/Stepberg-Alm_iPhone_20.jpg 1200w, https:\/\/www.oliver-kilb.de\/www\/wp-content\/uploads\/2024\/12\/Stepberg-Alm_iPhone_20-500x375.jpg 500w, https:\/\/www.oliver-kilb.de\/www\/wp-content\/uploads\/2024\/12\/Stepberg-Alm_iPhone_20-300x225.jpg 300w, https:\/\/www.oliver-kilb.de\/www\/wp-content\/uploads\/2024\/12\/Stepberg-Alm_iPhone_20-768x576.jpg 768w\" sizes=\"auto, (max-width: 1200px) 100vw, 1200px\" \/><\/figure>\n\n\n\n<figure class=\"wp-block-image size-large\"><img loading=\"lazy\" decoding=\"async\" width=\"1200\" height=\"900\" data-id=\"34798\" src=\"https:\/\/www.oliver-kilb.de\/www\/wp-content\/uploads\/2024\/12\/Stepberg-Alm_iPhone_22.jpg\" alt=\"\" class=\"wp-image-34798\" srcset=\"https:\/\/www.oliver-kilb.de\/www\/wp-content\/uploads\/2024\/12\/Stepberg-Alm_iPhone_22.jpg 1200w, https:\/\/www.oliver-kilb.de\/www\/wp-content\/uploads\/2024\/12\/Stepberg-Alm_iPhone_22-500x375.jpg 500w, https:\/\/www.oliver-kilb.de\/www\/wp-content\/uploads\/2024\/12\/Stepberg-Alm_iPhone_22-300x225.jpg 300w, https:\/\/www.oliver-kilb.de\/www\/wp-content\/uploads\/2024\/12\/Stepberg-Alm_iPhone_22-768x576.jpg 768w\" sizes=\"auto, (max-width: 1200px) 100vw, 1200px\" \/><\/figure>\n<\/figure>\n\n\n\n<hr class=\"wp-block-separator has-alpha-channel-opacity\"\/>\n\n\n\n<h2 class=\"wp-block-heading\">Auf der Stepbergalm.<\/h2>\n\n\n<div class=\"wp-block-image\">\n<figure class=\"alignleft size-full is-resized\"><a href=\"https:\/\/www.oliver-kilb.de\/www\/wp-content\/uploads\/2024\/12\/Stepberg-Alm_17.jpg\"><img loading=\"lazy\" decoding=\"async\" width=\"1200\" height=\"800\" src=\"https:\/\/www.oliver-kilb.de\/www\/wp-content\/uploads\/2024\/12\/Stepberg-Alm_17.jpg\" alt=\"\" class=\"wp-image-34801\" style=\"width:300px\" srcset=\"https:\/\/www.oliver-kilb.de\/www\/wp-content\/uploads\/2024\/12\/Stepberg-Alm_17.jpg 1200w, https:\/\/www.oliver-kilb.de\/www\/wp-content\/uploads\/2024\/12\/Stepberg-Alm_17-500x333.jpg 500w, https:\/\/www.oliver-kilb.de\/www\/wp-content\/uploads\/2024\/12\/Stepberg-Alm_17-300x200.jpg 300w, https:\/\/www.oliver-kilb.de\/www\/wp-content\/uploads\/2024\/12\/Stepberg-Alm_17-768x512.jpg 768w\" sizes=\"auto, (max-width: 1200px) 100vw, 1200px\" \/><\/a><figcaption class=\"wp-element-caption\">Auf der Stepbergalm.<\/figcaption><\/figure>\n<\/div>\n\n\n<p>Nach etwa 2 Stunden hat man den Aufstieg geschafft, und der restliche Kilometer zur Stepbergalm verl\u00e4uft eben oder sogar leicht abfallend.<\/p>\n\n\n\n<p><a href=\"http:\/\/www.stepberg-alm.de\" target=\"_blank\" rel=\"noreferrer noopener\">An der Alm selbst<\/a> treffen sich 5 Wege &#8211; bei gutem Wetter kann es also durchaus sein, dass auf einmal viele Wanderer dort eintreffen. Bei meiner Wanderung war das Wetter nicht gerade optimal (relativ k\u00fchl, und wie man sehen kann, zogen sp\u00e4ter noch einige Wolken auf), und dennoch waren auf einmal die Terrasse und die Stube gut gef\u00fcllt.<\/p>\n\n\n\n<p>Ich g\u00f6nnte mir erstmal eine frische Milch-Buttermilch und einen Kaiserschmarrn.<\/p>\n\n\n<div class=\"wp-block-image\">\n<figure class=\"aligncenter size-large\"><a href=\"https:\/\/www.oliver-kilb.de\/www\/wp-content\/uploads\/2024\/12\/stepbergalm_pano2-scaled.jpg\"><img loading=\"lazy\" decoding=\"async\" width=\"2048\" height=\"423\" src=\"https:\/\/www.oliver-kilb.de\/www\/wp-content\/uploads\/2024\/12\/stepbergalm_pano2-2048x423.jpg\" alt=\"\" class=\"wp-image-34802\" srcset=\"https:\/\/www.oliver-kilb.de\/www\/wp-content\/uploads\/2024\/12\/stepbergalm_pano2-2048x423.jpg 2048w, https:\/\/www.oliver-kilb.de\/www\/wp-content\/uploads\/2024\/12\/stepbergalm_pano2-500x103.jpg 500w, https:\/\/www.oliver-kilb.de\/www\/wp-content\/uploads\/2024\/12\/stepbergalm_pano2-300x62.jpg 300w, https:\/\/www.oliver-kilb.de\/www\/wp-content\/uploads\/2024\/12\/stepbergalm_pano2-768x159.jpg 768w, https:\/\/www.oliver-kilb.de\/www\/wp-content\/uploads\/2024\/12\/stepbergalm_pano2-1536x317.jpg 1536w\" sizes=\"auto, (max-width: 2048px) 100vw, 2048px\" \/><\/a><figcaption class=\"wp-element-caption\">Panorama nahe der Stepbergalm, Blick auf das Zugspitzmassiv.<\/figcaption><\/figure>\n<\/div>\n\n\n<p>Von der Stepberg-Alm aus kann man auf die beiden Gipfel der &#8222;Hoher Ziegspitz&#8220; blicken. Von hier aus w\u00e4ren es nochmal etwas weniger als 300 H\u00f6henmeter zum Aufstieg, was aus der mittleren Tour schon fast eine Tagestour machen w\u00fcrde. F\u00fcr diese Wanderung habe ich darauf verzichtet, auch weil das Wetter daf\u00fcr einfach nicht gut genug war. Auf <a href=\"http:\/\/www.bergtour-online.de\/bergtouren\/bergwanderungen\/mittel\/hoher-ziegspitz\/\" target=\"_blank\" rel=\"noreferrer noopener\">bergtour-online.de<\/a> gibt es aber eine sch\u00f6ne Wegbeschreibung mit Fotos. (Aber aufpassen: Die dort beschriebene Wanderzeit ist meiner Meinung nach komplett ohne Pausen, und aus der Perspektive eines gut trainierten Wanderers.)<\/p>\n\n\n\n<figure class=\"wp-block-gallery has-nested-images columns-8 is-cropped wp-block-gallery-2 is-layout-flex wp-block-gallery-is-layout-flex\">\n<figure class=\"wp-block-image size-large\"><img loading=\"lazy\" decoding=\"async\" width=\"1200\" height=\"800\" data-id=\"34805\" src=\"https:\/\/www.oliver-kilb.de\/www\/wp-content\/uploads\/2024\/12\/Stepberg-Alm_15.jpg\" alt=\"\" class=\"wp-image-34805\" srcset=\"https:\/\/www.oliver-kilb.de\/www\/wp-content\/uploads\/2024\/12\/Stepberg-Alm_15.jpg 1200w, https:\/\/www.oliver-kilb.de\/www\/wp-content\/uploads\/2024\/12\/Stepberg-Alm_15-500x333.jpg 500w, https:\/\/www.oliver-kilb.de\/www\/wp-content\/uploads\/2024\/12\/Stepberg-Alm_15-300x200.jpg 300w, https:\/\/www.oliver-kilb.de\/www\/wp-content\/uploads\/2024\/12\/Stepberg-Alm_15-768x512.jpg 768w\" sizes=\"auto, (max-width: 1200px) 100vw, 1200px\" \/><\/figure>\n\n\n\n<figure class=\"wp-block-image size-large\"><img loading=\"lazy\" decoding=\"async\" width=\"1200\" height=\"800\" data-id=\"34804\" src=\"https:\/\/www.oliver-kilb.de\/www\/wp-content\/uploads\/2024\/12\/Stepberg-Alm_20.jpg\" alt=\"\" class=\"wp-image-34804\" srcset=\"https:\/\/www.oliver-kilb.de\/www\/wp-content\/uploads\/2024\/12\/Stepberg-Alm_20.jpg 1200w, https:\/\/www.oliver-kilb.de\/www\/wp-content\/uploads\/2024\/12\/Stepberg-Alm_20-500x333.jpg 500w, https:\/\/www.oliver-kilb.de\/www\/wp-content\/uploads\/2024\/12\/Stepberg-Alm_20-300x200.jpg 300w, https:\/\/www.oliver-kilb.de\/www\/wp-content\/uploads\/2024\/12\/Stepberg-Alm_20-768x512.jpg 768w\" sizes=\"auto, (max-width: 1200px) 100vw, 1200px\" \/><\/figure>\n\n\n\n<figure class=\"wp-block-image size-large\"><img loading=\"lazy\" decoding=\"async\" width=\"1200\" height=\"900\" data-id=\"34806\" src=\"https:\/\/www.oliver-kilb.de\/www\/wp-content\/uploads\/2024\/12\/Stepberg-Alm_iPhone_24.jpg\" alt=\"\" class=\"wp-image-34806\" srcset=\"https:\/\/www.oliver-kilb.de\/www\/wp-content\/uploads\/2024\/12\/Stepberg-Alm_iPhone_24.jpg 1200w, https:\/\/www.oliver-kilb.de\/www\/wp-content\/uploads\/2024\/12\/Stepberg-Alm_iPhone_24-500x375.jpg 500w, https:\/\/www.oliver-kilb.de\/www\/wp-content\/uploads\/2024\/12\/Stepberg-Alm_iPhone_24-300x225.jpg 300w, https:\/\/www.oliver-kilb.de\/www\/wp-content\/uploads\/2024\/12\/Stepberg-Alm_iPhone_24-768x576.jpg 768w\" sizes=\"auto, (max-width: 1200px) 100vw, 1200px\" \/><\/figure>\n\n\n\n<figure class=\"wp-block-image size-large\"><img loading=\"lazy\" decoding=\"async\" width=\"600\" height=\"800\" data-id=\"34803\" src=\"https:\/\/www.oliver-kilb.de\/www\/wp-content\/uploads\/2024\/12\/Stepberg-Alm_iPhone_26.jpg\" alt=\"\" class=\"wp-image-34803\" srcset=\"https:\/\/www.oliver-kilb.de\/www\/wp-content\/uploads\/2024\/12\/Stepberg-Alm_iPhone_26.jpg 600w, https:\/\/www.oliver-kilb.de\/www\/wp-content\/uploads\/2024\/12\/Stepberg-Alm_iPhone_26-375x500.jpg 375w, https:\/\/www.oliver-kilb.de\/www\/wp-content\/uploads\/2024\/12\/Stepberg-Alm_iPhone_26-225x300.jpg 225w\" sizes=\"auto, (max-width: 600px) 100vw, 600px\" \/><\/figure>\n\n\n\n<figure class=\"wp-block-image size-large\"><img loading=\"lazy\" decoding=\"async\" width=\"1200\" height=\"900\" data-id=\"34810\" src=\"https:\/\/www.oliver-kilb.de\/www\/wp-content\/uploads\/2024\/12\/Stepberg-Alm_iPhone_27.jpg\" alt=\"\" class=\"wp-image-34810\" srcset=\"https:\/\/www.oliver-kilb.de\/www\/wp-content\/uploads\/2024\/12\/Stepberg-Alm_iPhone_27.jpg 1200w, https:\/\/www.oliver-kilb.de\/www\/wp-content\/uploads\/2024\/12\/Stepberg-Alm_iPhone_27-500x375.jpg 500w, https:\/\/www.oliver-kilb.de\/www\/wp-content\/uploads\/2024\/12\/Stepberg-Alm_iPhone_27-300x225.jpg 300w, https:\/\/www.oliver-kilb.de\/www\/wp-content\/uploads\/2024\/12\/Stepberg-Alm_iPhone_27-768x576.jpg 768w\" sizes=\"auto, (max-width: 1200px) 100vw, 1200px\" \/><\/figure>\n\n\n\n<figure class=\"wp-block-image size-large\"><img loading=\"lazy\" decoding=\"async\" width=\"1200\" height=\"900\" data-id=\"34809\" src=\"https:\/\/www.oliver-kilb.de\/www\/wp-content\/uploads\/2024\/12\/Stepberg-Alm_iPhone_28.jpg\" alt=\"\" class=\"wp-image-34809\" srcset=\"https:\/\/www.oliver-kilb.de\/www\/wp-content\/uploads\/2024\/12\/Stepberg-Alm_iPhone_28.jpg 1200w, https:\/\/www.oliver-kilb.de\/www\/wp-content\/uploads\/2024\/12\/Stepberg-Alm_iPhone_28-500x375.jpg 500w, https:\/\/www.oliver-kilb.de\/www\/wp-content\/uploads\/2024\/12\/Stepberg-Alm_iPhone_28-300x225.jpg 300w, https:\/\/www.oliver-kilb.de\/www\/wp-content\/uploads\/2024\/12\/Stepberg-Alm_iPhone_28-768x576.jpg 768w\" sizes=\"auto, (max-width: 1200px) 100vw, 1200px\" \/><\/figure>\n\n\n\n<figure class=\"wp-block-image size-large\"><img loading=\"lazy\" decoding=\"async\" width=\"1200\" height=\"900\" data-id=\"34808\" src=\"https:\/\/www.oliver-kilb.de\/www\/wp-content\/uploads\/2024\/12\/Stepberg-Alm_iPhone_30.jpg\" alt=\"\" class=\"wp-image-34808\" srcset=\"https:\/\/www.oliver-kilb.de\/www\/wp-content\/uploads\/2024\/12\/Stepberg-Alm_iPhone_30.jpg 1200w, https:\/\/www.oliver-kilb.de\/www\/wp-content\/uploads\/2024\/12\/Stepberg-Alm_iPhone_30-500x375.jpg 500w, https:\/\/www.oliver-kilb.de\/www\/wp-content\/uploads\/2024\/12\/Stepberg-Alm_iPhone_30-300x225.jpg 300w, https:\/\/www.oliver-kilb.de\/www\/wp-content\/uploads\/2024\/12\/Stepberg-Alm_iPhone_30-768x576.jpg 768w\" sizes=\"auto, (max-width: 1200px) 100vw, 1200px\" \/><\/figure>\n\n\n\n<figure class=\"wp-block-image size-large\"><img loading=\"lazy\" decoding=\"async\" width=\"1200\" height=\"900\" data-id=\"34807\" src=\"https:\/\/www.oliver-kilb.de\/www\/wp-content\/uploads\/2024\/12\/Stepberg-Alm_iPhone_32.jpg\" alt=\"\" class=\"wp-image-34807\" srcset=\"https:\/\/www.oliver-kilb.de\/www\/wp-content\/uploads\/2024\/12\/Stepberg-Alm_iPhone_32.jpg 1200w, https:\/\/www.oliver-kilb.de\/www\/wp-content\/uploads\/2024\/12\/Stepberg-Alm_iPhone_32-500x375.jpg 500w, https:\/\/www.oliver-kilb.de\/www\/wp-content\/uploads\/2024\/12\/Stepberg-Alm_iPhone_32-300x225.jpg 300w, https:\/\/www.oliver-kilb.de\/www\/wp-content\/uploads\/2024\/12\/Stepberg-Alm_iPhone_32-768x576.jpg 768w\" sizes=\"auto, (max-width: 1200px) 100vw, 1200px\" \/><\/figure>\n<\/figure>\n\n\n\n<hr class=\"wp-block-separator has-alpha-channel-opacity\"\/>\n\n\n\n<p>Eine Alternative, die aber zumindest nach Sicht auf die Karte nochmal deutlich mehr an Kondition erfordert, w\u00e4re der R\u00fcckweg&nbsp;\u00fcber die Kramerspitz, die allerdings nochmal deutlich h\u00f6her als die Ziegspitz ist.<\/p>\n\n\n\n<h2 class=\"wp-block-heading\">Der Abstieg \u00fcber das &#8222;Gelbes Gew\u00e4nd&#8220;.<\/h2>\n\n\n<div class=\"wp-block-image\">\n<figure class=\"alignleft size-full is-resized\"><a href=\"https:\/\/www.oliver-kilb.de\/www\/wp-content\/uploads\/2024\/12\/Stepberg-Alm_iPhone_52.jpg\"><img loading=\"lazy\" decoding=\"async\" width=\"1200\" height=\"900\" src=\"https:\/\/www.oliver-kilb.de\/www\/wp-content\/uploads\/2024\/12\/Stepberg-Alm_iPhone_52.jpg\" alt=\"\" class=\"wp-image-34811\" style=\"width:300px\" srcset=\"https:\/\/www.oliver-kilb.de\/www\/wp-content\/uploads\/2024\/12\/Stepberg-Alm_iPhone_52.jpg 1200w, https:\/\/www.oliver-kilb.de\/www\/wp-content\/uploads\/2024\/12\/Stepberg-Alm_iPhone_52-500x375.jpg 500w, https:\/\/www.oliver-kilb.de\/www\/wp-content\/uploads\/2024\/12\/Stepberg-Alm_iPhone_52-300x225.jpg 300w, https:\/\/www.oliver-kilb.de\/www\/wp-content\/uploads\/2024\/12\/Stepberg-Alm_iPhone_52-768x576.jpg 768w\" sizes=\"auto, (max-width: 1200px) 100vw, 1200px\" \/><\/a><figcaption class=\"wp-element-caption\">Abstieg \u00fcber das &#8222;Gelbes Gew\u00e4nd&#8220;.<\/figcaption><\/figure>\n<\/div>\n\n\n<p>Der Abstieg dauert dann ebenfalls knappe 1,5 Stunden, wenn man \u00fcber das Gelbe Gew\u00e4nd absteigt. Daf\u00fcr ist dieser Steig aber wieder besonders sch\u00f6n. Ungef\u00e4hr in der Mitte des Abstiegs, kurz vor einem recht spektakul\u00e4ren Teil des Weges \u00fcber einen Bach, kommt man an einer sch\u00f6nen Bank vorbei, von der aus man einen letzten sch\u00f6nen Panoramablick zur Zugspitze hat, bevor man endg\u00fcltig zu tief ist und im Wald verschwindet.<\/p>\n\n\n\n<p>Der Steig f\u00fchrt noch eine Weile wunderbar an den Berg geschmiegt hinab, bis man auf einen Forstweg trifft. Diesem folgt man noch eine Weile, bis das Schild zum &#8222;Kramer Plateauweg&#8220; erscheint, der zur\u00fcck zum Startpunkt der Wanderung f\u00fchrt. <\/p>\n\n\n\n<p>Am Ende hat man neben den 800 H\u00f6henmetern noch knappe 13 Kilometer auf dem Buckel &#8211; eine sch\u00f6ne Wanderung, f\u00fcr die man aber auch die entsprechende Kondition mitbringen muss.<\/p>\n\n\n\n<figure class=\"wp-block-gallery has-nested-images columns-5 is-cropped wp-block-gallery-3 is-layout-flex wp-block-gallery-is-layout-flex\">\n<figure class=\"wp-block-image size-large\"><img loading=\"lazy\" decoding=\"async\" width=\"1200\" height=\"900\" data-id=\"34812\" src=\"https:\/\/www.oliver-kilb.de\/www\/wp-content\/uploads\/2024\/12\/Stepberg-Alm_iPhone_33.jpg\" alt=\"\" class=\"wp-image-34812\" srcset=\"https:\/\/www.oliver-kilb.de\/www\/wp-content\/uploads\/2024\/12\/Stepberg-Alm_iPhone_33.jpg 1200w, https:\/\/www.oliver-kilb.de\/www\/wp-content\/uploads\/2024\/12\/Stepberg-Alm_iPhone_33-500x375.jpg 500w, https:\/\/www.oliver-kilb.de\/www\/wp-content\/uploads\/2024\/12\/Stepberg-Alm_iPhone_33-300x225.jpg 300w, https:\/\/www.oliver-kilb.de\/www\/wp-content\/uploads\/2024\/12\/Stepberg-Alm_iPhone_33-768x576.jpg 768w\" sizes=\"auto, (max-width: 1200px) 100vw, 1200px\" \/><\/figure>\n\n\n\n<figure class=\"wp-block-image size-large\"><img loading=\"lazy\" decoding=\"async\" width=\"1200\" height=\"900\" data-id=\"34821\" src=\"https:\/\/www.oliver-kilb.de\/www\/wp-content\/uploads\/2024\/12\/Stepberg-Alm_iPhone_37.jpg\" alt=\"\" class=\"wp-image-34821\" srcset=\"https:\/\/www.oliver-kilb.de\/www\/wp-content\/uploads\/2024\/12\/Stepberg-Alm_iPhone_37.jpg 1200w, https:\/\/www.oliver-kilb.de\/www\/wp-content\/uploads\/2024\/12\/Stepberg-Alm_iPhone_37-500x375.jpg 500w, https:\/\/www.oliver-kilb.de\/www\/wp-content\/uploads\/2024\/12\/Stepberg-Alm_iPhone_37-300x225.jpg 300w, https:\/\/www.oliver-kilb.de\/www\/wp-content\/uploads\/2024\/12\/Stepberg-Alm_iPhone_37-768x576.jpg 768w\" sizes=\"auto, (max-width: 1200px) 100vw, 1200px\" \/><\/figure>\n\n\n\n<figure class=\"wp-block-image size-large\"><img loading=\"lazy\" decoding=\"async\" width=\"1200\" height=\"900\" data-id=\"34816\" src=\"https:\/\/www.oliver-kilb.de\/www\/wp-content\/uploads\/2024\/12\/Stepberg-Alm_iPhone_39.jpg\" alt=\"\" class=\"wp-image-34816\" srcset=\"https:\/\/www.oliver-kilb.de\/www\/wp-content\/uploads\/2024\/12\/Stepberg-Alm_iPhone_39.jpg 1200w, https:\/\/www.oliver-kilb.de\/www\/wp-content\/uploads\/2024\/12\/Stepberg-Alm_iPhone_39-500x375.jpg 500w, https:\/\/www.oliver-kilb.de\/www\/wp-content\/uploads\/2024\/12\/Stepberg-Alm_iPhone_39-300x225.jpg 300w, https:\/\/www.oliver-kilb.de\/www\/wp-content\/uploads\/2024\/12\/Stepberg-Alm_iPhone_39-768x576.jpg 768w\" sizes=\"auto, (max-width: 1200px) 100vw, 1200px\" \/><\/figure>\n\n\n\n<figure class=\"wp-block-image size-large\"><img loading=\"lazy\" decoding=\"async\" width=\"1200\" height=\"900\" data-id=\"34817\" src=\"https:\/\/www.oliver-kilb.de\/www\/wp-content\/uploads\/2024\/12\/Stepberg-Alm_iPhone_45.jpg\" alt=\"\" class=\"wp-image-34817\" srcset=\"https:\/\/www.oliver-kilb.de\/www\/wp-content\/uploads\/2024\/12\/Stepberg-Alm_iPhone_45.jpg 1200w, https:\/\/www.oliver-kilb.de\/www\/wp-content\/uploads\/2024\/12\/Stepberg-Alm_iPhone_45-500x375.jpg 500w, https:\/\/www.oliver-kilb.de\/www\/wp-content\/uploads\/2024\/12\/Stepberg-Alm_iPhone_45-300x225.jpg 300w, https:\/\/www.oliver-kilb.de\/www\/wp-content\/uploads\/2024\/12\/Stepberg-Alm_iPhone_45-768x576.jpg 768w\" sizes=\"auto, (max-width: 1200px) 100vw, 1200px\" \/><\/figure>\n\n\n\n<figure class=\"wp-block-image size-large\"><img loading=\"lazy\" decoding=\"async\" width=\"1200\" height=\"900\" data-id=\"34813\" src=\"https:\/\/www.oliver-kilb.de\/www\/wp-content\/uploads\/2024\/12\/Stepberg-Alm_iPhone_46.jpg\" alt=\"\" class=\"wp-image-34813\" srcset=\"https:\/\/www.oliver-kilb.de\/www\/wp-content\/uploads\/2024\/12\/Stepberg-Alm_iPhone_46.jpg 1200w, https:\/\/www.oliver-kilb.de\/www\/wp-content\/uploads\/2024\/12\/Stepberg-Alm_iPhone_46-500x375.jpg 500w, https:\/\/www.oliver-kilb.de\/www\/wp-content\/uploads\/2024\/12\/Stepberg-Alm_iPhone_46-300x225.jpg 300w, https:\/\/www.oliver-kilb.de\/www\/wp-content\/uploads\/2024\/12\/Stepberg-Alm_iPhone_46-768x576.jpg 768w\" sizes=\"auto, (max-width: 1200px) 100vw, 1200px\" \/><\/figure>\n\n\n\n<figure class=\"wp-block-image size-large\"><img loading=\"lazy\" decoding=\"async\" width=\"1200\" height=\"900\" data-id=\"34818\" src=\"https:\/\/www.oliver-kilb.de\/www\/wp-content\/uploads\/2024\/12\/Stepberg-Alm_iPhone_47.jpg\" alt=\"\" class=\"wp-image-34818\" srcset=\"https:\/\/www.oliver-kilb.de\/www\/wp-content\/uploads\/2024\/12\/Stepberg-Alm_iPhone_47.jpg 1200w, https:\/\/www.oliver-kilb.de\/www\/wp-content\/uploads\/2024\/12\/Stepberg-Alm_iPhone_47-500x375.jpg 500w, https:\/\/www.oliver-kilb.de\/www\/wp-content\/uploads\/2024\/12\/Stepberg-Alm_iPhone_47-300x225.jpg 300w, https:\/\/www.oliver-kilb.de\/www\/wp-content\/uploads\/2024\/12\/Stepberg-Alm_iPhone_47-768x576.jpg 768w\" sizes=\"auto, (max-width: 1200px) 100vw, 1200px\" \/><\/figure>\n\n\n\n<figure class=\"wp-block-image size-large\"><img loading=\"lazy\" decoding=\"async\" width=\"1200\" height=\"900\" data-id=\"34814\" src=\"https:\/\/www.oliver-kilb.de\/www\/wp-content\/uploads\/2024\/12\/Stepberg-Alm_iPhone_48.jpg\" alt=\"\" class=\"wp-image-34814\" srcset=\"https:\/\/www.oliver-kilb.de\/www\/wp-content\/uploads\/2024\/12\/Stepberg-Alm_iPhone_48.jpg 1200w, https:\/\/www.oliver-kilb.de\/www\/wp-content\/uploads\/2024\/12\/Stepberg-Alm_iPhone_48-500x375.jpg 500w, https:\/\/www.oliver-kilb.de\/www\/wp-content\/uploads\/2024\/12\/Stepberg-Alm_iPhone_48-300x225.jpg 300w, https:\/\/www.oliver-kilb.de\/www\/wp-content\/uploads\/2024\/12\/Stepberg-Alm_iPhone_48-768x576.jpg 768w\" sizes=\"auto, (max-width: 1200px) 100vw, 1200px\" \/><\/figure>\n\n\n\n<figure class=\"wp-block-image size-large\"><img loading=\"lazy\" decoding=\"async\" width=\"1200\" height=\"900\" data-id=\"34815\" src=\"https:\/\/www.oliver-kilb.de\/www\/wp-content\/uploads\/2024\/12\/Stepberg-Alm_iPhone_49.jpg\" alt=\"\" class=\"wp-image-34815\" srcset=\"https:\/\/www.oliver-kilb.de\/www\/wp-content\/uploads\/2024\/12\/Stepberg-Alm_iPhone_49.jpg 1200w, https:\/\/www.oliver-kilb.de\/www\/wp-content\/uploads\/2024\/12\/Stepberg-Alm_iPhone_49-500x375.jpg 500w, https:\/\/www.oliver-kilb.de\/www\/wp-content\/uploads\/2024\/12\/Stepberg-Alm_iPhone_49-300x225.jpg 300w, https:\/\/www.oliver-kilb.de\/www\/wp-content\/uploads\/2024\/12\/Stepberg-Alm_iPhone_49-768x576.jpg 768w\" sizes=\"auto, (max-width: 1200px) 100vw, 1200px\" \/><\/figure>\n\n\n\n<figure class=\"wp-block-image size-large\"><img loading=\"lazy\" decoding=\"async\" width=\"1200\" height=\"900\" data-id=\"34819\" src=\"https:\/\/www.oliver-kilb.de\/www\/wp-content\/uploads\/2024\/12\/Stepberg-Alm_iPhone_50.jpg\" alt=\"\" class=\"wp-image-34819\" srcset=\"https:\/\/www.oliver-kilb.de\/www\/wp-content\/uploads\/2024\/12\/Stepberg-Alm_iPhone_50.jpg 1200w, https:\/\/www.oliver-kilb.de\/www\/wp-content\/uploads\/2024\/12\/Stepberg-Alm_iPhone_50-500x375.jpg 500w, https:\/\/www.oliver-kilb.de\/www\/wp-content\/uploads\/2024\/12\/Stepberg-Alm_iPhone_50-300x225.jpg 300w, https:\/\/www.oliver-kilb.de\/www\/wp-content\/uploads\/2024\/12\/Stepberg-Alm_iPhone_50-768x576.jpg 768w\" sizes=\"auto, (max-width: 1200px) 100vw, 1200px\" \/><\/figure>\n\n\n\n<figure class=\"wp-block-image size-large\"><img loading=\"lazy\" decoding=\"async\" width=\"1200\" height=\"900\" data-id=\"34820\" src=\"https:\/\/www.oliver-kilb.de\/www\/wp-content\/uploads\/2024\/12\/Stepberg-Alm_iPhone_54.jpg\" alt=\"\" class=\"wp-image-34820\" srcset=\"https:\/\/www.oliver-kilb.de\/www\/wp-content\/uploads\/2024\/12\/Stepberg-Alm_iPhone_54.jpg 1200w, https:\/\/www.oliver-kilb.de\/www\/wp-content\/uploads\/2024\/12\/Stepberg-Alm_iPhone_54-500x375.jpg 500w, https:\/\/www.oliver-kilb.de\/www\/wp-content\/uploads\/2024\/12\/Stepberg-Alm_iPhone_54-300x225.jpg 300w, https:\/\/www.oliver-kilb.de\/www\/wp-content\/uploads\/2024\/12\/Stepberg-Alm_iPhone_54-768x576.jpg 768w\" sizes=\"auto, (max-width: 1200px) 100vw, 1200px\" \/><\/figure>\n<\/figure>\n\n\n\n<p><em>Die Wanderung fand am 16. Juli 2016 statt.<\/em><\/p>\n","protected":false},"excerpt":{"rendered":"<p>Die Stepbergalm liegt unterhalb des &#8222;Hoher Ziegspitz&#8220; zwischen Garmisch-Partenkirchen und Grainau, und ist ein tolles Ziel f\u00fcr eine mittelschwere Wanderung \u00fcber 800 H\u00f6henmeter.<\/p>\n","protected":false},"author":1,"featured_media":34819,"comment_status":"open","ping_status":"open","sticky":false,"template":"","format":"standard","meta":{"iawp_total_views":2,"footnotes":""},"categories":[78,15],"tags":[204,701,502,700,699],"class_list":["post-34777","post","type-post","status-publish","format-standard","has-post-thumbnail","hentry","category-bayern","category-blog","tag-garmisch-partenkirchen","tag-gelbes-gewaend","tag-grainau","tag-hoher-ziegspitz","tag-stepbergalm"],"yoast_head":"<!-- This site is optimized with the Yoast SEO plugin v27.3 - https:\/\/yoast.com\/product\/yoast-seo-wordpress\/ -->\n<title>Ausflug zur Stepbergalm (1.592m) bei Garmisch. - Japan, Wandern und Multimedia<\/title>\n<meta name=\"description\" content=\"Beschreibung des Aufstiegs und Abstiegs zur Stepbergalm (1.592m) bei Garmisch-Partenkirchen, Sommer 2016, inklusive Fotos.\" \/>\n<meta name=\"robots\" content=\"index, follow, max-snippet:-1, max-image-preview:large, max-video-preview:-1\" \/>\n<link rel=\"canonical\" href=\"https:\/\/www.oliver-kilb.de\/www\/2016\/09\/11\/ausflug-zur-stepbergalm-1-592m-bei-garmisch\/\" \/>\n<meta property=\"og:locale\" content=\"de_DE\" \/>\n<meta property=\"og:type\" content=\"article\" \/>\n<meta property=\"og:title\" content=\"Ausflug zur Stepbergalm (1.592m) bei Garmisch. - Japan, Wandern und Multimedia\" \/>\n<meta property=\"og:description\" content=\"Beschreibung des Aufstiegs und Abstiegs zur Stepbergalm (1.592m) bei Garmisch-Partenkirchen, Sommer 2016, inklusive Fotos.\" \/>\n<meta property=\"og:url\" content=\"https:\/\/www.oliver-kilb.de\/www\/2016\/09\/11\/ausflug-zur-stepbergalm-1-592m-bei-garmisch\/\" \/>\n<meta property=\"og:site_name\" content=\"Japan, Wandern und Multimedia\" \/>\n<meta property=\"article:published_time\" content=\"2016-09-11T12:38:00+00:00\" \/>\n<meta property=\"article:modified_time\" content=\"2024-12-07T13:49:09+00:00\" \/>\n<meta property=\"og:image\" content=\"https:\/\/www.oliver-kilb.de\/www\/wp-content\/uploads\/2024\/12\/Stepberg-Alm_iPhone_50.jpg\" \/>\n\t<meta property=\"og:image:width\" content=\"1200\" \/>\n\t<meta property=\"og:image:height\" content=\"900\" \/>\n\t<meta property=\"og:image:type\" content=\"image\/jpeg\" \/>\n<meta name=\"author\" content=\"Oliver Kilb\" \/>\n<meta name=\"twitter:card\" content=\"summary_large_image\" \/>\n<meta name=\"twitter:label1\" content=\"Verfasst von\" \/>\n\t<meta name=\"twitter:data1\" content=\"Oliver Kilb\" \/>\n\t<meta name=\"twitter:label2\" content=\"Gesch\u00e4tzte Lesezeit\" \/>\n\t<meta name=\"twitter:data2\" content=\"13\u00a0Minuten\" \/>\n<script type=\"application\/ld+json\" class=\"yoast-schema-graph\">{\"@context\":\"https:\\\/\\\/schema.org\",\"@graph\":[{\"@type\":\"Article\",\"@id\":\"https:\\\/\\\/www.oliver-kilb.de\\\/www\\\/2016\\\/09\\\/11\\\/ausflug-zur-stepbergalm-1-592m-bei-garmisch\\\/#article\",\"isPartOf\":{\"@id\":\"https:\\\/\\\/www.oliver-kilb.de\\\/www\\\/2016\\\/09\\\/11\\\/ausflug-zur-stepbergalm-1-592m-bei-garmisch\\\/\"},\"author\":{\"name\":\"Oliver Kilb\",\"@id\":\"https:\\\/\\\/www.oliver-kilb.de\\\/www\\\/#\\\/schema\\\/person\\\/c2b19a881050135aa248a8851b7b4250\"},\"headline\":\"Ausflug zur Stepbergalm (1.592m) bei Garmisch.\",\"datePublished\":\"2016-09-11T12:38:00+00:00\",\"dateModified\":\"2024-12-07T13:49:09+00:00\",\"mainEntityOfPage\":{\"@id\":\"https:\\\/\\\/www.oliver-kilb.de\\\/www\\\/2016\\\/09\\\/11\\\/ausflug-zur-stepbergalm-1-592m-bei-garmisch\\\/\"},\"wordCount\":747,\"commentCount\":0,\"publisher\":{\"@id\":\"https:\\\/\\\/www.oliver-kilb.de\\\/www\\\/#organization\"},\"image\":{\"@id\":\"https:\\\/\\\/www.oliver-kilb.de\\\/www\\\/2016\\\/09\\\/11\\\/ausflug-zur-stepbergalm-1-592m-bei-garmisch\\\/#primaryimage\"},\"thumbnailUrl\":\"https:\\\/\\\/www.oliver-kilb.de\\\/www\\\/wp-content\\\/uploads\\\/2024\\\/12\\\/Stepberg-Alm_iPhone_50.jpg\",\"keywords\":[\"Garmisch-Partenkirchen\",\"Gelbes Gew\u00e4nd\",\"Grainau\",\"Hoher Ziegspitz\",\"Stepbergalm\"],\"articleSection\":[\"Bayern\",\"Blog\"],\"inLanguage\":\"de\",\"potentialAction\":[{\"@type\":\"CommentAction\",\"name\":\"Comment\",\"target\":[\"https:\\\/\\\/www.oliver-kilb.de\\\/www\\\/2016\\\/09\\\/11\\\/ausflug-zur-stepbergalm-1-592m-bei-garmisch\\\/#respond\"]}]},{\"@type\":\"WebPage\",\"@id\":\"https:\\\/\\\/www.oliver-kilb.de\\\/www\\\/2016\\\/09\\\/11\\\/ausflug-zur-stepbergalm-1-592m-bei-garmisch\\\/\",\"url\":\"https:\\\/\\\/www.oliver-kilb.de\\\/www\\\/2016\\\/09\\\/11\\\/ausflug-zur-stepbergalm-1-592m-bei-garmisch\\\/\",\"name\":\"Ausflug zur Stepbergalm (1.592m) bei Garmisch. - Japan, Wandern und Multimedia\",\"isPartOf\":{\"@id\":\"https:\\\/\\\/www.oliver-kilb.de\\\/www\\\/#website\"},\"primaryImageOfPage\":{\"@id\":\"https:\\\/\\\/www.oliver-kilb.de\\\/www\\\/2016\\\/09\\\/11\\\/ausflug-zur-stepbergalm-1-592m-bei-garmisch\\\/#primaryimage\"},\"image\":{\"@id\":\"https:\\\/\\\/www.oliver-kilb.de\\\/www\\\/2016\\\/09\\\/11\\\/ausflug-zur-stepbergalm-1-592m-bei-garmisch\\\/#primaryimage\"},\"thumbnailUrl\":\"https:\\\/\\\/www.oliver-kilb.de\\\/www\\\/wp-content\\\/uploads\\\/2024\\\/12\\\/Stepberg-Alm_iPhone_50.jpg\",\"datePublished\":\"2016-09-11T12:38:00+00:00\",\"dateModified\":\"2024-12-07T13:49:09+00:00\",\"description\":\"Beschreibung des Aufstiegs und Abstiegs zur Stepbergalm (1.592m) bei Garmisch-Partenkirchen, Sommer 2016, inklusive Fotos.\",\"breadcrumb\":{\"@id\":\"https:\\\/\\\/www.oliver-kilb.de\\\/www\\\/2016\\\/09\\\/11\\\/ausflug-zur-stepbergalm-1-592m-bei-garmisch\\\/#breadcrumb\"},\"inLanguage\":\"de\",\"potentialAction\":[{\"@type\":\"ReadAction\",\"target\":[\"https:\\\/\\\/www.oliver-kilb.de\\\/www\\\/2016\\\/09\\\/11\\\/ausflug-zur-stepbergalm-1-592m-bei-garmisch\\\/\"]}]},{\"@type\":\"ImageObject\",\"inLanguage\":\"de\",\"@id\":\"https:\\\/\\\/www.oliver-kilb.de\\\/www\\\/2016\\\/09\\\/11\\\/ausflug-zur-stepbergalm-1-592m-bei-garmisch\\\/#primaryimage\",\"url\":\"https:\\\/\\\/www.oliver-kilb.de\\\/www\\\/wp-content\\\/uploads\\\/2024\\\/12\\\/Stepberg-Alm_iPhone_50.jpg\",\"contentUrl\":\"https:\\\/\\\/www.oliver-kilb.de\\\/www\\\/wp-content\\\/uploads\\\/2024\\\/12\\\/Stepberg-Alm_iPhone_50.jpg\",\"width\":1200,\"height\":900},{\"@type\":\"BreadcrumbList\",\"@id\":\"https:\\\/\\\/www.oliver-kilb.de\\\/www\\\/2016\\\/09\\\/11\\\/ausflug-zur-stepbergalm-1-592m-bei-garmisch\\\/#breadcrumb\",\"itemListElement\":[{\"@type\":\"ListItem\",\"position\":1,\"name\":\"Startseite\",\"item\":\"https:\\\/\\\/www.oliver-kilb.de\\\/www\\\/\"},{\"@type\":\"ListItem\",\"position\":2,\"name\":\"Ausflug zur Stepbergalm (1.592m) bei Garmisch.\"}]},{\"@type\":\"WebSite\",\"@id\":\"https:\\\/\\\/www.oliver-kilb.de\\\/www\\\/#website\",\"url\":\"https:\\\/\\\/www.oliver-kilb.de\\\/www\\\/\",\"name\":\"Japan, Wandern und Multimedia\",\"description\":\"\",\"publisher\":{\"@id\":\"https:\\\/\\\/www.oliver-kilb.de\\\/www\\\/#organization\"},\"potentialAction\":[{\"@type\":\"SearchAction\",\"target\":{\"@type\":\"EntryPoint\",\"urlTemplate\":\"https:\\\/\\\/www.oliver-kilb.de\\\/www\\\/?s={search_term_string}\"},\"query-input\":{\"@type\":\"PropertyValueSpecification\",\"valueRequired\":true,\"valueName\":\"search_term_string\"}}],\"inLanguage\":\"de\"},{\"@type\":\"Organization\",\"@id\":\"https:\\\/\\\/www.oliver-kilb.de\\\/www\\\/#organization\",\"name\":\"Japan, Wandern und Multimedia\",\"url\":\"https:\\\/\\\/www.oliver-kilb.de\\\/www\\\/\",\"logo\":{\"@type\":\"ImageObject\",\"inLanguage\":\"de\",\"@id\":\"https:\\\/\\\/www.oliver-kilb.de\\\/www\\\/#\\\/schema\\\/logo\\\/image\\\/\",\"url\":\"https:\\\/\\\/www.oliver-kilb.de\\\/www\\\/wp-content\\\/uploads\\\/2024\\\/07\\\/Fushimi-Inari-Schrein_075_DxO.jpg\",\"contentUrl\":\"https:\\\/\\\/www.oliver-kilb.de\\\/www\\\/wp-content\\\/uploads\\\/2024\\\/07\\\/Fushimi-Inari-Schrein_075_DxO.jpg\",\"width\":1380,\"height\":301,\"caption\":\"Japan, Wandern und Multimedia\"},\"image\":{\"@id\":\"https:\\\/\\\/www.oliver-kilb.de\\\/www\\\/#\\\/schema\\\/logo\\\/image\\\/\"}},{\"@type\":\"Person\",\"@id\":\"https:\\\/\\\/www.oliver-kilb.de\\\/www\\\/#\\\/schema\\\/person\\\/c2b19a881050135aa248a8851b7b4250\",\"name\":\"Oliver Kilb\",\"image\":{\"@type\":\"ImageObject\",\"inLanguage\":\"de\",\"@id\":\"https:\\\/\\\/secure.gravatar.com\\\/avatar\\\/4da50eb2c6eb71b0641229eed4a38d05c8d4b458a59355cca0d02b57303d6ffd?s=96&d=mm&r=g\",\"url\":\"https:\\\/\\\/secure.gravatar.com\\\/avatar\\\/4da50eb2c6eb71b0641229eed4a38d05c8d4b458a59355cca0d02b57303d6ffd?s=96&d=mm&r=g\",\"contentUrl\":\"https:\\\/\\\/secure.gravatar.com\\\/avatar\\\/4da50eb2c6eb71b0641229eed4a38d05c8d4b458a59355cca0d02b57303d6ffd?s=96&d=mm&r=g\",\"caption\":\"Oliver Kilb\"},\"sameAs\":[\"https:\\\/\\\/www.oliver-kilb.de\\\/www\"],\"url\":\"https:\\\/\\\/www.oliver-kilb.de\\\/www\\\/author\\\/oliver-kilb\\\/\"}]}<\/script>\n<!-- \/ Yoast SEO plugin. -->","yoast_head_json":{"title":"Ausflug zur Stepbergalm (1.592m) bei Garmisch. - Japan, Wandern und Multimedia","description":"Beschreibung des Aufstiegs und Abstiegs zur Stepbergalm (1.592m) bei Garmisch-Partenkirchen, Sommer 2016, inklusive Fotos.","robots":{"index":"index","follow":"follow","max-snippet":"max-snippet:-1","max-image-preview":"max-image-preview:large","max-video-preview":"max-video-preview:-1"},"canonical":"https:\/\/www.oliver-kilb.de\/www\/2016\/09\/11\/ausflug-zur-stepbergalm-1-592m-bei-garmisch\/","og_locale":"de_DE","og_type":"article","og_title":"Ausflug zur Stepbergalm (1.592m) bei Garmisch. - Japan, Wandern und Multimedia","og_description":"Beschreibung des Aufstiegs und Abstiegs zur Stepbergalm (1.592m) bei Garmisch-Partenkirchen, Sommer 2016, inklusive Fotos.","og_url":"https:\/\/www.oliver-kilb.de\/www\/2016\/09\/11\/ausflug-zur-stepbergalm-1-592m-bei-garmisch\/","og_site_name":"Japan, Wandern und Multimedia","article_published_time":"2016-09-11T12:38:00+00:00","article_modified_time":"2024-12-07T13:49:09+00:00","og_image":[{"width":1200,"height":900,"url":"https:\/\/www.oliver-kilb.de\/www\/wp-content\/uploads\/2024\/12\/Stepberg-Alm_iPhone_50.jpg","type":"image\/jpeg"}],"author":"Oliver Kilb","twitter_card":"summary_large_image","twitter_misc":{"Verfasst von":"Oliver Kilb","Gesch\u00e4tzte Lesezeit":"13\u00a0Minuten"},"schema":{"@context":"https:\/\/schema.org","@graph":[{"@type":"Article","@id":"https:\/\/www.oliver-kilb.de\/www\/2016\/09\/11\/ausflug-zur-stepbergalm-1-592m-bei-garmisch\/#article","isPartOf":{"@id":"https:\/\/www.oliver-kilb.de\/www\/2016\/09\/11\/ausflug-zur-stepbergalm-1-592m-bei-garmisch\/"},"author":{"name":"Oliver Kilb","@id":"https:\/\/www.oliver-kilb.de\/www\/#\/schema\/person\/c2b19a881050135aa248a8851b7b4250"},"headline":"Ausflug zur Stepbergalm (1.592m) bei Garmisch.","datePublished":"2016-09-11T12:38:00+00:00","dateModified":"2024-12-07T13:49:09+00:00","mainEntityOfPage":{"@id":"https:\/\/www.oliver-kilb.de\/www\/2016\/09\/11\/ausflug-zur-stepbergalm-1-592m-bei-garmisch\/"},"wordCount":747,"commentCount":0,"publisher":{"@id":"https:\/\/www.oliver-kilb.de\/www\/#organization"},"image":{"@id":"https:\/\/www.oliver-kilb.de\/www\/2016\/09\/11\/ausflug-zur-stepbergalm-1-592m-bei-garmisch\/#primaryimage"},"thumbnailUrl":"https:\/\/www.oliver-kilb.de\/www\/wp-content\/uploads\/2024\/12\/Stepberg-Alm_iPhone_50.jpg","keywords":["Garmisch-Partenkirchen","Gelbes Gew\u00e4nd","Grainau","Hoher Ziegspitz","Stepbergalm"],"articleSection":["Bayern","Blog"],"inLanguage":"de","potentialAction":[{"@type":"CommentAction","name":"Comment","target":["https:\/\/www.oliver-kilb.de\/www\/2016\/09\/11\/ausflug-zur-stepbergalm-1-592m-bei-garmisch\/#respond"]}]},{"@type":"WebPage","@id":"https:\/\/www.oliver-kilb.de\/www\/2016\/09\/11\/ausflug-zur-stepbergalm-1-592m-bei-garmisch\/","url":"https:\/\/www.oliver-kilb.de\/www\/2016\/09\/11\/ausflug-zur-stepbergalm-1-592m-bei-garmisch\/","name":"Ausflug zur Stepbergalm (1.592m) bei Garmisch. - Japan, Wandern und Multimedia","isPartOf":{"@id":"https:\/\/www.oliver-kilb.de\/www\/#website"},"primaryImageOfPage":{"@id":"https:\/\/www.oliver-kilb.de\/www\/2016\/09\/11\/ausflug-zur-stepbergalm-1-592m-bei-garmisch\/#primaryimage"},"image":{"@id":"https:\/\/www.oliver-kilb.de\/www\/2016\/09\/11\/ausflug-zur-stepbergalm-1-592m-bei-garmisch\/#primaryimage"},"thumbnailUrl":"https:\/\/www.oliver-kilb.de\/www\/wp-content\/uploads\/2024\/12\/Stepberg-Alm_iPhone_50.jpg","datePublished":"2016-09-11T12:38:00+00:00","dateModified":"2024-12-07T13:49:09+00:00","description":"Beschreibung des Aufstiegs und Abstiegs zur Stepbergalm (1.592m) bei Garmisch-Partenkirchen, Sommer 2016, inklusive Fotos.","breadcrumb":{"@id":"https:\/\/www.oliver-kilb.de\/www\/2016\/09\/11\/ausflug-zur-stepbergalm-1-592m-bei-garmisch\/#breadcrumb"},"inLanguage":"de","potentialAction":[{"@type":"ReadAction","target":["https:\/\/www.oliver-kilb.de\/www\/2016\/09\/11\/ausflug-zur-stepbergalm-1-592m-bei-garmisch\/"]}]},{"@type":"ImageObject","inLanguage":"de","@id":"https:\/\/www.oliver-kilb.de\/www\/2016\/09\/11\/ausflug-zur-stepbergalm-1-592m-bei-garmisch\/#primaryimage","url":"https:\/\/www.oliver-kilb.de\/www\/wp-content\/uploads\/2024\/12\/Stepberg-Alm_iPhone_50.jpg","contentUrl":"https:\/\/www.oliver-kilb.de\/www\/wp-content\/uploads\/2024\/12\/Stepberg-Alm_iPhone_50.jpg","width":1200,"height":900},{"@type":"BreadcrumbList","@id":"https:\/\/www.oliver-kilb.de\/www\/2016\/09\/11\/ausflug-zur-stepbergalm-1-592m-bei-garmisch\/#breadcrumb","itemListElement":[{"@type":"ListItem","position":1,"name":"Startseite","item":"https:\/\/www.oliver-kilb.de\/www\/"},{"@type":"ListItem","position":2,"name":"Ausflug zur Stepbergalm (1.592m) bei Garmisch."}]},{"@type":"WebSite","@id":"https:\/\/www.oliver-kilb.de\/www\/#website","url":"https:\/\/www.oliver-kilb.de\/www\/","name":"Japan, Wandern und Multimedia","description":"","publisher":{"@id":"https:\/\/www.oliver-kilb.de\/www\/#organization"},"potentialAction":[{"@type":"SearchAction","target":{"@type":"EntryPoint","urlTemplate":"https:\/\/www.oliver-kilb.de\/www\/?s={search_term_string}"},"query-input":{"@type":"PropertyValueSpecification","valueRequired":true,"valueName":"search_term_string"}}],"inLanguage":"de"},{"@type":"Organization","@id":"https:\/\/www.oliver-kilb.de\/www\/#organization","name":"Japan, Wandern und Multimedia","url":"https:\/\/www.oliver-kilb.de\/www\/","logo":{"@type":"ImageObject","inLanguage":"de","@id":"https:\/\/www.oliver-kilb.de\/www\/#\/schema\/logo\/image\/","url":"https:\/\/www.oliver-kilb.de\/www\/wp-content\/uploads\/2024\/07\/Fushimi-Inari-Schrein_075_DxO.jpg","contentUrl":"https:\/\/www.oliver-kilb.de\/www\/wp-content\/uploads\/2024\/07\/Fushimi-Inari-Schrein_075_DxO.jpg","width":1380,"height":301,"caption":"Japan, Wandern und Multimedia"},"image":{"@id":"https:\/\/www.oliver-kilb.de\/www\/#\/schema\/logo\/image\/"}},{"@type":"Person","@id":"https:\/\/www.oliver-kilb.de\/www\/#\/schema\/person\/c2b19a881050135aa248a8851b7b4250","name":"Oliver Kilb","image":{"@type":"ImageObject","inLanguage":"de","@id":"https:\/\/secure.gravatar.com\/avatar\/4da50eb2c6eb71b0641229eed4a38d05c8d4b458a59355cca0d02b57303d6ffd?s=96&d=mm&r=g","url":"https:\/\/secure.gravatar.com\/avatar\/4da50eb2c6eb71b0641229eed4a38d05c8d4b458a59355cca0d02b57303d6ffd?s=96&d=mm&r=g","contentUrl":"https:\/\/secure.gravatar.com\/avatar\/4da50eb2c6eb71b0641229eed4a38d05c8d4b458a59355cca0d02b57303d6ffd?s=96&d=mm&r=g","caption":"Oliver Kilb"},"sameAs":["https:\/\/www.oliver-kilb.de\/www"],"url":"https:\/\/www.oliver-kilb.de\/www\/author\/oliver-kilb\/"}]}},"amp_enabled":true,"_links":{"self":[{"href":"https:\/\/www.oliver-kilb.de\/www\/wp-json\/wp\/v2\/posts\/34777","targetHints":{"allow":["GET"]}}],"collection":[{"href":"https:\/\/www.oliver-kilb.de\/www\/wp-json\/wp\/v2\/posts"}],"about":[{"href":"https:\/\/www.oliver-kilb.de\/www\/wp-json\/wp\/v2\/types\/post"}],"author":[{"embeddable":true,"href":"https:\/\/www.oliver-kilb.de\/www\/wp-json\/wp\/v2\/users\/1"}],"replies":[{"embeddable":true,"href":"https:\/\/www.oliver-kilb.de\/www\/wp-json\/wp\/v2\/comments?post=34777"}],"version-history":[{"count":1,"href":"https:\/\/www.oliver-kilb.de\/www\/wp-json\/wp\/v2\/posts\/34777\/revisions"}],"predecessor-version":[{"id":34822,"href":"https:\/\/www.oliver-kilb.de\/www\/wp-json\/wp\/v2\/posts\/34777\/revisions\/34822"}],"wp:featuredmedia":[{"embeddable":true,"href":"https:\/\/www.oliver-kilb.de\/www\/wp-json\/wp\/v2\/media\/34819"}],"wp:attachment":[{"href":"https:\/\/www.oliver-kilb.de\/www\/wp-json\/wp\/v2\/media?parent=34777"}],"wp:term":[{"taxonomy":"category","embeddable":true,"href":"https:\/\/www.oliver-kilb.de\/www\/wp-json\/wp\/v2\/categories?post=34777"},{"taxonomy":"post_tag","embeddable":true,"href":"https:\/\/www.oliver-kilb.de\/www\/wp-json\/wp\/v2\/tags?post=34777"}],"curies":[{"name":"wp","href":"https:\/\/api.w.org\/{rel}","templated":true}]}}