{"id":34758,"date":"2016-07-24T13:30:00","date_gmt":"2016-07-24T11:30:00","guid":{"rendered":"https:\/\/www.oliver-kilb.de\/www\/?p=34758"},"modified":"2024-12-07T13:36:35","modified_gmt":"2024-12-07T12:36:35","slug":"ausflug-auf-die-obere-firstalm","status":"publish","type":"post","link":"https:\/\/www.oliver-kilb.de\/www\/2016\/07\/24\/ausflug-auf-die-obere-firstalm\/","title":{"rendered":"Ausflug auf die obere Firstalm."},"content":{"rendered":"\n<p><strong>In einer idyllischen Umgebung am Spitzingsee hatten wir bei durchwachsenem Wetter eine dennoch sch\u00f6ne und leichte Wanderung zur unteren und oberen Firstalm.<\/strong><\/p>\n\n\n\n<h2 class=\"wp-block-heading\">Schliersee und Spitzingsee.<\/h2>\n\n\n<div class=\"wp-block-image\">\n<figure class=\"alignleft size-full is-resized\"><a href=\"https:\/\/www.oliver-kilb.de\/www\/wp-content\/uploads\/2024\/12\/Spitzingsee-Firstalm_02.jpg\"><img loading=\"lazy\" decoding=\"async\" width=\"1200\" height=\"900\" src=\"https:\/\/www.oliver-kilb.de\/www\/wp-content\/uploads\/2024\/12\/Spitzingsee-Firstalm_02.jpg\" alt=\"\" class=\"wp-image-34760\" style=\"width:300px\" srcset=\"https:\/\/www.oliver-kilb.de\/www\/wp-content\/uploads\/2024\/12\/Spitzingsee-Firstalm_02.jpg 1200w, https:\/\/www.oliver-kilb.de\/www\/wp-content\/uploads\/2024\/12\/Spitzingsee-Firstalm_02-500x375.jpg 500w, https:\/\/www.oliver-kilb.de\/www\/wp-content\/uploads\/2024\/12\/Spitzingsee-Firstalm_02-300x225.jpg 300w, https:\/\/www.oliver-kilb.de\/www\/wp-content\/uploads\/2024\/12\/Spitzingsee-Firstalm_02-768x576.jpg 768w\" sizes=\"auto, (max-width: 1200px) 100vw, 1200px\" \/><\/a><figcaption class=\"wp-element-caption\">Blick \u00fcber den Spitzingsee, Richtung Firstalm.<\/figcaption><\/figure>\n<\/div>\n\n\n<p>Nach der Autobahn ist man noch ein paar Kilometer \u00fcber Landstra\u00dfen unterwegs, bis man am <a href=\"https:\/\/de.wikipedia.org\/wiki\/Schliersee\" target=\"_blank\" rel=\"noreferrer noopener\">Schliersee<\/a> vorbeikommt. Die Firstalmen liegen in der N\u00e4he des <a href=\"https:\/\/de.wikipedia.org\/wiki\/Spitzingsee\" target=\"_blank\" rel=\"noreferrer noopener\">Spitzingsees<\/a>, der kurz darauf folgt. <\/p>\n\n\n\n<p>Wir haben unseren Wagen am Parkplatz gegen\u00fcber der <a href=\"https:\/\/de.wikipedia.org\/wiki\/Taubensteinbahn\" target=\"_blank\" rel=\"noreferrer noopener\">Taubensteinbahn<\/a> abgestellt. Die 4 Euro Geb\u00fchr sind nicht der Rede wert daf\u00fcr, dass man an so einem sch\u00f6nen Ort wandern darf. Man sollte nur fr\u00fch kommen, denn das gesamte Gebiet um den Spitzingsee hat zwar viele Parkpl\u00e4tze, ist aber besonders an Wochenenden ziemlich \u00fcberlaufen. <\/p>\n\n\n\n<p>Wir waren um kurz nach 8 dort, und der Parkplatz war noch sehr\u00a0leer.<\/p>\n\n\n\n<h2 class=\"wp-block-heading\">Um den Spitzingsee.<\/h2>\n\n\n<div class=\"wp-block-image\">\n<figure class=\"alignright size-full is-resized\"><a href=\"https:\/\/www.oliver-kilb.de\/www\/wp-content\/uploads\/2024\/12\/Spitzingsee-Firstalm_03.jpg\"><img loading=\"lazy\" decoding=\"async\" width=\"1200\" height=\"900\" src=\"https:\/\/www.oliver-kilb.de\/www\/wp-content\/uploads\/2024\/12\/Spitzingsee-Firstalm_03.jpg\" alt=\"\" class=\"wp-image-34761\" style=\"width:300px\" srcset=\"https:\/\/www.oliver-kilb.de\/www\/wp-content\/uploads\/2024\/12\/Spitzingsee-Firstalm_03.jpg 1200w, https:\/\/www.oliver-kilb.de\/www\/wp-content\/uploads\/2024\/12\/Spitzingsee-Firstalm_03-500x375.jpg 500w, https:\/\/www.oliver-kilb.de\/www\/wp-content\/uploads\/2024\/12\/Spitzingsee-Firstalm_03-300x225.jpg 300w, https:\/\/www.oliver-kilb.de\/www\/wp-content\/uploads\/2024\/12\/Spitzingsee-Firstalm_03-768x576.jpg 768w\" sizes=\"auto, (max-width: 1200px) 100vw, 1200px\" \/><\/a><figcaption class=\"wp-element-caption\">Spitzingsee<\/figcaption><\/figure>\n<\/div>\n\n\n<p>Wir sind genau der Route gefolgt, <a href=\"http:\/\/www.bergtour-online.de\/bergtouren\/bergwanderungen\/leicht\/obere-firstalm-spitzingsee\/\" target=\"_blank\" rel=\"noreferrer noopener\">die auch bergtour-online.de in gewohnt toller Manier beschreibt<\/a>. Daher sind wir zuerst um das s\u00fcdliche Ende des Spitzingsees gewandert, bevor wir dann in Richtung Westen abgebogen sind. Der Spitzingsee liegt schnell hinter uns, wir bleiben allerdings noch eine Weile nur wenig oberhalb. Der breite Forstweg f\u00fchrt&nbsp;leicht ansteigend durch den Wald, und zuerst kommt man noch an einigen H\u00fctten vorbei.<\/p>\n\n\n\n<h2 class=\"wp-block-heading\">Zur oberen\u00a0Firstalm.<\/h2>\n\n\n<div class=\"wp-block-image\">\n<figure class=\"alignleft size-full is-resized\"><a href=\"https:\/\/www.oliver-kilb.de\/www\/wp-content\/uploads\/2024\/12\/Spitzingsee-Firstalm_04.jpg\"><img loading=\"lazy\" decoding=\"async\" width=\"1200\" height=\"900\" src=\"https:\/\/www.oliver-kilb.de\/www\/wp-content\/uploads\/2024\/12\/Spitzingsee-Firstalm_04.jpg\" alt=\"\" class=\"wp-image-34762\" style=\"width:300px\" srcset=\"https:\/\/www.oliver-kilb.de\/www\/wp-content\/uploads\/2024\/12\/Spitzingsee-Firstalm_04.jpg 1200w, https:\/\/www.oliver-kilb.de\/www\/wp-content\/uploads\/2024\/12\/Spitzingsee-Firstalm_04-500x375.jpg 500w, https:\/\/www.oliver-kilb.de\/www\/wp-content\/uploads\/2024\/12\/Spitzingsee-Firstalm_04-300x225.jpg 300w, https:\/\/www.oliver-kilb.de\/www\/wp-content\/uploads\/2024\/12\/Spitzingsee-Firstalm_04-768x576.jpg 768w\" sizes=\"auto, (max-width: 1200px) 100vw, 1200px\" \/><\/a><figcaption class=\"wp-element-caption\">Auf dem Weg zur unteren Firstalm<\/figcaption><\/figure>\n<\/div>\n\n\n<p>Wenn man der&nbsp;Route weiter folgt, wandert man in Richtung der <a href=\"http:\/\/www.untere-firstalm.de\/index.htm\" target=\"_blank\" rel=\"noreferrer noopener\">unteren Firstalm<\/a>.&nbsp;Von dort aus kann man die etwa 50 Meter h\u00f6her&nbsp;gelegene obere Firstalm schon sehen, und nach wenigen Minuten hatten wir das Ziel erreicht. Bis zu diesem Punkt ist man, je nachdem wie oft man zwischendurch mal pausieren m\u00f6chte, zwischen 1,5 und 2 Stunden unterwegs &#8211; also sollte man in einer der beiden&nbsp;Firstalmen eine Pause einlegen.<\/p>\n\n\n\n<p><a href=\"http:\/\/www.firstalm.de\" target=\"_blank\" rel=\"noreferrer noopener\">Die obere Firstalm<\/a> ist eine recht gro\u00dfe H\u00fctte, was nicht weiter verwunderlich ist: Der Aufstieg vom Spitzingsee aus ist sehr leicht &#8211; bis auf den kurzen Weg zwischen den beiden Almen ist&nbsp;man durchgehend auf breiten Forstwegen unterwegs. (Den ebenfalls vorhandenen Forstweg zwischen den beiden H\u00fctten haben wir nicht genutzt.) Als wir dort einkehrten, fanden in einem der Nebenr\u00e4ume offensichtlich die Vorbereitungen f\u00fcr ein Fest statt, was ich gut verstehen kann, denn der Ausblick ist sehr sch\u00f6n.<\/p>\n\n\n<div class=\"wp-block-image\">\n<figure class=\"alignleft size-full is-resized\"><a href=\"https:\/\/www.oliver-kilb.de\/www\/wp-content\/uploads\/2024\/12\/Spitzingsee-Firstalm_10.jpg\"><img loading=\"lazy\" decoding=\"async\" width=\"1200\" height=\"900\" src=\"https:\/\/www.oliver-kilb.de\/www\/wp-content\/uploads\/2024\/12\/Spitzingsee-Firstalm_10.jpg\" alt=\"\" class=\"wp-image-34763\" style=\"width:300px\" srcset=\"https:\/\/www.oliver-kilb.de\/www\/wp-content\/uploads\/2024\/12\/Spitzingsee-Firstalm_10.jpg 1200w, https:\/\/www.oliver-kilb.de\/www\/wp-content\/uploads\/2024\/12\/Spitzingsee-Firstalm_10-500x375.jpg 500w, https:\/\/www.oliver-kilb.de\/www\/wp-content\/uploads\/2024\/12\/Spitzingsee-Firstalm_10-300x225.jpg 300w, https:\/\/www.oliver-kilb.de\/www\/wp-content\/uploads\/2024\/12\/Spitzingsee-Firstalm_10-768x576.jpg 768w\" sizes=\"auto, (max-width: 1200px) 100vw, 1200px\" \/><\/a><figcaption class=\"wp-element-caption\">Auf dem Weg zur oberen Firstalm<\/figcaption><\/figure>\n<\/div>\n\n\n<p>Nach einer kurzen Rast und einem guten <a href=\"https:\/\/de.wikipedia.org\/wiki\/Kaiserschmarrn\" target=\"_blank\" rel=\"noreferrer noopener\">Kaiserschmarrn<\/a> sind wir dann auch wieder von der oberen Firstalm aus abgestiegen. <\/p>\n\n\n\n<p>Auf der linken Seite\u00a0konnten wir noch die Brecherspitz sehen, die ich sicher demn\u00e4chst besteigen werde, denn von ihr aus hat man sicher einen tollen Blick auf den Schliersee und den Spitzingsee. <\/p>\n\n\n\n<p>Nach etwa 45 Minuten waren wir schon am Spitzingsattel angekommen, von dem aus es nur noch ein paar Minuten bis zu unserem Parkplatz waren.<\/p>\n\n\n<div class=\"wp-block-image\">\n<figure class=\"aligncenter size-large\"><a href=\"https:\/\/www.oliver-kilb.de\/www\/wp-content\/uploads\/2024\/12\/Spitzingsee-Firstalm_14-scaled.jpg\"><img loading=\"lazy\" decoding=\"async\" width=\"2048\" height=\"522\" src=\"https:\/\/www.oliver-kilb.de\/www\/wp-content\/uploads\/2024\/12\/Spitzingsee-Firstalm_14-2048x522.jpg\" alt=\"\" class=\"wp-image-34764\" srcset=\"https:\/\/www.oliver-kilb.de\/www\/wp-content\/uploads\/2024\/12\/Spitzingsee-Firstalm_14-2048x522.jpg 2048w, https:\/\/www.oliver-kilb.de\/www\/wp-content\/uploads\/2024\/12\/Spitzingsee-Firstalm_14-500x128.jpg 500w, https:\/\/www.oliver-kilb.de\/www\/wp-content\/uploads\/2024\/12\/Spitzingsee-Firstalm_14-300x77.jpg 300w, https:\/\/www.oliver-kilb.de\/www\/wp-content\/uploads\/2024\/12\/Spitzingsee-Firstalm_14-768x196.jpg 768w, https:\/\/www.oliver-kilb.de\/www\/wp-content\/uploads\/2024\/12\/Spitzingsee-Firstalm_14-1536x392.jpg 1536w\" sizes=\"auto, (max-width: 2048px) 100vw, 2048px\" \/><\/a><figcaption class=\"wp-element-caption\">Am n\u00f6rdlichen Ufer des Spitzingsees<\/figcaption><\/figure>\n<\/div>\n\n\n<p>Eine leichte Wanderung, die aber dennoch von den Almen aus einige sch\u00f6ne Aussichten zur\u00fcck ins Tal bot.<\/p>\n\n\n\n<figure class=\"wp-block-gallery has-nested-images columns-default is-cropped wp-block-gallery-1 is-layout-flex wp-block-gallery-is-layout-flex\">\n<figure class=\"wp-block-image size-large\"><img loading=\"lazy\" decoding=\"async\" width=\"1200\" height=\"900\" data-id=\"34765\" src=\"https:\/\/www.oliver-kilb.de\/www\/wp-content\/uploads\/2024\/12\/Spitzingsee-Firstalm_05.jpg\" alt=\"\" class=\"wp-image-34765\" srcset=\"https:\/\/www.oliver-kilb.de\/www\/wp-content\/uploads\/2024\/12\/Spitzingsee-Firstalm_05.jpg 1200w, https:\/\/www.oliver-kilb.de\/www\/wp-content\/uploads\/2024\/12\/Spitzingsee-Firstalm_05-500x375.jpg 500w, https:\/\/www.oliver-kilb.de\/www\/wp-content\/uploads\/2024\/12\/Spitzingsee-Firstalm_05-300x225.jpg 300w, https:\/\/www.oliver-kilb.de\/www\/wp-content\/uploads\/2024\/12\/Spitzingsee-Firstalm_05-768x576.jpg 768w\" sizes=\"auto, (max-width: 1200px) 100vw, 1200px\" \/><\/figure>\n\n\n\n<figure class=\"wp-block-image size-large\"><img loading=\"lazy\" decoding=\"async\" width=\"1200\" height=\"900\" data-id=\"34770\" src=\"https:\/\/www.oliver-kilb.de\/www\/wp-content\/uploads\/2024\/12\/Spitzingsee-Firstalm_06.jpg\" alt=\"\" class=\"wp-image-34770\" srcset=\"https:\/\/www.oliver-kilb.de\/www\/wp-content\/uploads\/2024\/12\/Spitzingsee-Firstalm_06.jpg 1200w, https:\/\/www.oliver-kilb.de\/www\/wp-content\/uploads\/2024\/12\/Spitzingsee-Firstalm_06-500x375.jpg 500w, https:\/\/www.oliver-kilb.de\/www\/wp-content\/uploads\/2024\/12\/Spitzingsee-Firstalm_06-300x225.jpg 300w, https:\/\/www.oliver-kilb.de\/www\/wp-content\/uploads\/2024\/12\/Spitzingsee-Firstalm_06-768x576.jpg 768w\" sizes=\"auto, (max-width: 1200px) 100vw, 1200px\" \/><\/figure>\n\n\n\n<figure class=\"wp-block-image size-large\"><img loading=\"lazy\" decoding=\"async\" width=\"1200\" height=\"900\" data-id=\"34771\" src=\"https:\/\/www.oliver-kilb.de\/www\/wp-content\/uploads\/2024\/12\/Spitzingsee-Firstalm_07.jpg\" alt=\"\" class=\"wp-image-34771\" srcset=\"https:\/\/www.oliver-kilb.de\/www\/wp-content\/uploads\/2024\/12\/Spitzingsee-Firstalm_07.jpg 1200w, https:\/\/www.oliver-kilb.de\/www\/wp-content\/uploads\/2024\/12\/Spitzingsee-Firstalm_07-500x375.jpg 500w, https:\/\/www.oliver-kilb.de\/www\/wp-content\/uploads\/2024\/12\/Spitzingsee-Firstalm_07-300x225.jpg 300w, https:\/\/www.oliver-kilb.de\/www\/wp-content\/uploads\/2024\/12\/Spitzingsee-Firstalm_07-768x576.jpg 768w\" sizes=\"auto, (max-width: 1200px) 100vw, 1200px\" \/><\/figure>\n\n\n\n<figure class=\"wp-block-image size-large\"><img loading=\"lazy\" decoding=\"async\" width=\"1200\" height=\"900\" data-id=\"34767\" src=\"https:\/\/www.oliver-kilb.de\/www\/wp-content\/uploads\/2024\/12\/Spitzingsee-Firstalm_08.jpg\" alt=\"\" class=\"wp-image-34767\" srcset=\"https:\/\/www.oliver-kilb.de\/www\/wp-content\/uploads\/2024\/12\/Spitzingsee-Firstalm_08.jpg 1200w, https:\/\/www.oliver-kilb.de\/www\/wp-content\/uploads\/2024\/12\/Spitzingsee-Firstalm_08-500x375.jpg 500w, https:\/\/www.oliver-kilb.de\/www\/wp-content\/uploads\/2024\/12\/Spitzingsee-Firstalm_08-300x225.jpg 300w, https:\/\/www.oliver-kilb.de\/www\/wp-content\/uploads\/2024\/12\/Spitzingsee-Firstalm_08-768x576.jpg 768w\" sizes=\"auto, (max-width: 1200px) 100vw, 1200px\" \/><\/figure>\n\n\n\n<figure class=\"wp-block-image size-large\"><img loading=\"lazy\" decoding=\"async\" width=\"1200\" height=\"900\" data-id=\"34769\" src=\"https:\/\/www.oliver-kilb.de\/www\/wp-content\/uploads\/2024\/12\/Spitzingsee-Firstalm_09.jpg\" alt=\"\" class=\"wp-image-34769\" srcset=\"https:\/\/www.oliver-kilb.de\/www\/wp-content\/uploads\/2024\/12\/Spitzingsee-Firstalm_09.jpg 1200w, https:\/\/www.oliver-kilb.de\/www\/wp-content\/uploads\/2024\/12\/Spitzingsee-Firstalm_09-500x375.jpg 500w, https:\/\/www.oliver-kilb.de\/www\/wp-content\/uploads\/2024\/12\/Spitzingsee-Firstalm_09-300x225.jpg 300w, https:\/\/www.oliver-kilb.de\/www\/wp-content\/uploads\/2024\/12\/Spitzingsee-Firstalm_09-768x576.jpg 768w\" sizes=\"auto, (max-width: 1200px) 100vw, 1200px\" \/><\/figure>\n\n\n\n<figure class=\"wp-block-image size-large\"><img loading=\"lazy\" decoding=\"async\" width=\"1200\" height=\"900\" data-id=\"34772\" src=\"https:\/\/www.oliver-kilb.de\/www\/wp-content\/uploads\/2024\/12\/Spitzingsee-Firstalm_11.jpg\" alt=\"\" class=\"wp-image-34772\" srcset=\"https:\/\/www.oliver-kilb.de\/www\/wp-content\/uploads\/2024\/12\/Spitzingsee-Firstalm_11.jpg 1200w, https:\/\/www.oliver-kilb.de\/www\/wp-content\/uploads\/2024\/12\/Spitzingsee-Firstalm_11-500x375.jpg 500w, https:\/\/www.oliver-kilb.de\/www\/wp-content\/uploads\/2024\/12\/Spitzingsee-Firstalm_11-300x225.jpg 300w, https:\/\/www.oliver-kilb.de\/www\/wp-content\/uploads\/2024\/12\/Spitzingsee-Firstalm_11-768x576.jpg 768w\" sizes=\"auto, (max-width: 1200px) 100vw, 1200px\" \/><\/figure>\n\n\n\n<figure class=\"wp-block-image size-large\"><img loading=\"lazy\" decoding=\"async\" width=\"1200\" height=\"900\" data-id=\"34774\" src=\"https:\/\/www.oliver-kilb.de\/www\/wp-content\/uploads\/2024\/12\/Spitzingsee-Firstalm_12.jpg\" alt=\"\" class=\"wp-image-34774\" srcset=\"https:\/\/www.oliver-kilb.de\/www\/wp-content\/uploads\/2024\/12\/Spitzingsee-Firstalm_12.jpg 1200w, https:\/\/www.oliver-kilb.de\/www\/wp-content\/uploads\/2024\/12\/Spitzingsee-Firstalm_12-500x375.jpg 500w, https:\/\/www.oliver-kilb.de\/www\/wp-content\/uploads\/2024\/12\/Spitzingsee-Firstalm_12-300x225.jpg 300w, https:\/\/www.oliver-kilb.de\/www\/wp-content\/uploads\/2024\/12\/Spitzingsee-Firstalm_12-768x576.jpg 768w\" sizes=\"auto, (max-width: 1200px) 100vw, 1200px\" \/><\/figure>\n\n\n\n<figure class=\"wp-block-image size-large\"><img loading=\"lazy\" decoding=\"async\" width=\"1200\" height=\"900\" data-id=\"34773\" src=\"https:\/\/www.oliver-kilb.de\/www\/wp-content\/uploads\/2024\/12\/Spitzingsee-Firstalm_13.jpg\" alt=\"\" class=\"wp-image-34773\" srcset=\"https:\/\/www.oliver-kilb.de\/www\/wp-content\/uploads\/2024\/12\/Spitzingsee-Firstalm_13.jpg 1200w, https:\/\/www.oliver-kilb.de\/www\/wp-content\/uploads\/2024\/12\/Spitzingsee-Firstalm_13-500x375.jpg 500w, https:\/\/www.oliver-kilb.de\/www\/wp-content\/uploads\/2024\/12\/Spitzingsee-Firstalm_13-300x225.jpg 300w, https:\/\/www.oliver-kilb.de\/www\/wp-content\/uploads\/2024\/12\/Spitzingsee-Firstalm_13-768x576.jpg 768w\" sizes=\"auto, (max-width: 1200px) 100vw, 1200px\" \/><\/figure>\n\n\n\n<figure class=\"wp-block-image size-large\"><img loading=\"lazy\" decoding=\"async\" width=\"1200\" height=\"900\" data-id=\"34768\" src=\"https:\/\/www.oliver-kilb.de\/www\/wp-content\/uploads\/2024\/12\/Spitzingsee-Firstalm_15.jpg\" alt=\"\" class=\"wp-image-34768\" srcset=\"https:\/\/www.oliver-kilb.de\/www\/wp-content\/uploads\/2024\/12\/Spitzingsee-Firstalm_15.jpg 1200w, https:\/\/www.oliver-kilb.de\/www\/wp-content\/uploads\/2024\/12\/Spitzingsee-Firstalm_15-500x375.jpg 500w, https:\/\/www.oliver-kilb.de\/www\/wp-content\/uploads\/2024\/12\/Spitzingsee-Firstalm_15-300x225.jpg 300w, https:\/\/www.oliver-kilb.de\/www\/wp-content\/uploads\/2024\/12\/Spitzingsee-Firstalm_15-768x576.jpg 768w\" sizes=\"auto, (max-width: 1200px) 100vw, 1200px\" \/><\/figure>\n\n\n\n<figure class=\"wp-block-image size-large\"><img loading=\"lazy\" decoding=\"async\" width=\"1200\" height=\"900\" data-id=\"34766\" src=\"https:\/\/www.oliver-kilb.de\/www\/wp-content\/uploads\/2024\/12\/Spitzingsee-Firstalm_16.jpg\" alt=\"\" class=\"wp-image-34766\" srcset=\"https:\/\/www.oliver-kilb.de\/www\/wp-content\/uploads\/2024\/12\/Spitzingsee-Firstalm_16.jpg 1200w, https:\/\/www.oliver-kilb.de\/www\/wp-content\/uploads\/2024\/12\/Spitzingsee-Firstalm_16-500x375.jpg 500w, https:\/\/www.oliver-kilb.de\/www\/wp-content\/uploads\/2024\/12\/Spitzingsee-Firstalm_16-300x225.jpg 300w, https:\/\/www.oliver-kilb.de\/www\/wp-content\/uploads\/2024\/12\/Spitzingsee-Firstalm_16-768x576.jpg 768w\" sizes=\"auto, (max-width: 1200px) 100vw, 1200px\" \/><\/figure>\n<\/figure>\n\n\n\n<p><em>Die Wanderung fand am 9. Juli statt.<\/em><\/p>\n","protected":false},"excerpt":{"rendered":"<p>In einer idyllischen Umgebung am Spitzingsee hatten wir bei durchwachsenem Wetter eine dennoch sch\u00f6ne und leichte Wanderung zur unteren und oberen Firstalm.<\/p>\n","protected":false},"author":1,"featured_media":34768,"comment_status":"open","ping_status":"open","sticky":false,"template":"","format":"standard","meta":{"iawp_total_views":3,"footnotes":""},"categories":[78,15],"tags":[697,109,115,698],"class_list":["post-34758","post","type-post","status-publish","format-standard","has-post-thumbnail","hentry","category-bayern","category-blog","tag-obere-firstalm","tag-schliersee","tag-spitzingsee","tag-taubensteinbahn"],"yoast_head":"<!-- This site is optimized with the Yoast SEO plugin v27.3 - https:\/\/yoast.com\/product\/yoast-seo-wordpress\/ -->\n<title>Ausflug auf die obere Firstalm. - Japan, Wandern und Multimedia<\/title>\n<meta name=\"description\" content=\"In einer idyllischen Umgebung am Spitzingsee hatten wir eine sch\u00f6ne und leichte Wanderung zur unteren und oberen Firstalm.\" \/>\n<meta name=\"robots\" content=\"index, follow, max-snippet:-1, max-image-preview:large, max-video-preview:-1\" \/>\n<link rel=\"canonical\" href=\"https:\/\/www.oliver-kilb.de\/www\/2016\/07\/24\/ausflug-auf-die-obere-firstalm\/\" \/>\n<meta property=\"og:locale\" content=\"de_DE\" \/>\n<meta property=\"og:type\" content=\"article\" \/>\n<meta property=\"og:title\" content=\"Ausflug auf die obere Firstalm. - Japan, Wandern und Multimedia\" \/>\n<meta property=\"og:description\" content=\"In einer idyllischen Umgebung am Spitzingsee hatten wir eine sch\u00f6ne und leichte Wanderung zur unteren und oberen Firstalm.\" \/>\n<meta property=\"og:url\" content=\"https:\/\/www.oliver-kilb.de\/www\/2016\/07\/24\/ausflug-auf-die-obere-firstalm\/\" \/>\n<meta property=\"og:site_name\" content=\"Japan, Wandern und Multimedia\" \/>\n<meta property=\"article:published_time\" content=\"2016-07-24T11:30:00+00:00\" \/>\n<meta property=\"article:modified_time\" content=\"2024-12-07T12:36:35+00:00\" \/>\n<meta property=\"og:image\" content=\"https:\/\/www.oliver-kilb.de\/www\/wp-content\/uploads\/2024\/12\/Spitzingsee-Firstalm_15.jpg\" \/>\n\t<meta property=\"og:image:width\" content=\"1200\" \/>\n\t<meta property=\"og:image:height\" content=\"900\" \/>\n\t<meta property=\"og:image:type\" content=\"image\/jpeg\" \/>\n<meta name=\"author\" content=\"Oliver Kilb\" \/>\n<meta name=\"twitter:card\" content=\"summary_large_image\" \/>\n<meta name=\"twitter:label1\" content=\"Verfasst von\" \/>\n\t<meta name=\"twitter:data1\" content=\"Oliver Kilb\" \/>\n\t<meta name=\"twitter:label2\" content=\"Gesch\u00e4tzte Lesezeit\" \/>\n\t<meta name=\"twitter:data2\" content=\"6\u00a0Minuten\" \/>\n<script type=\"application\/ld+json\" class=\"yoast-schema-graph\">{\"@context\":\"https:\\\/\\\/schema.org\",\"@graph\":[{\"@type\":\"Article\",\"@id\":\"https:\\\/\\\/www.oliver-kilb.de\\\/www\\\/2016\\\/07\\\/24\\\/ausflug-auf-die-obere-firstalm\\\/#article\",\"isPartOf\":{\"@id\":\"https:\\\/\\\/www.oliver-kilb.de\\\/www\\\/2016\\\/07\\\/24\\\/ausflug-auf-die-obere-firstalm\\\/\"},\"author\":{\"name\":\"Oliver Kilb\",\"@id\":\"https:\\\/\\\/www.oliver-kilb.de\\\/www\\\/#\\\/schema\\\/person\\\/c2b19a881050135aa248a8851b7b4250\"},\"headline\":\"Ausflug auf die obere Firstalm.\",\"datePublished\":\"2016-07-24T11:30:00+00:00\",\"dateModified\":\"2024-12-07T12:36:35+00:00\",\"mainEntityOfPage\":{\"@id\":\"https:\\\/\\\/www.oliver-kilb.de\\\/www\\\/2016\\\/07\\\/24\\\/ausflug-auf-die-obere-firstalm\\\/\"},\"wordCount\":491,\"commentCount\":1,\"publisher\":{\"@id\":\"https:\\\/\\\/www.oliver-kilb.de\\\/www\\\/#organization\"},\"image\":{\"@id\":\"https:\\\/\\\/www.oliver-kilb.de\\\/www\\\/2016\\\/07\\\/24\\\/ausflug-auf-die-obere-firstalm\\\/#primaryimage\"},\"thumbnailUrl\":\"https:\\\/\\\/www.oliver-kilb.de\\\/www\\\/wp-content\\\/uploads\\\/2024\\\/12\\\/Spitzingsee-Firstalm_15.jpg\",\"keywords\":[\"Obere Firstalm\",\"Schliersee\",\"Spitzingsee\",\"Taubensteinbahn\"],\"articleSection\":[\"Bayern\",\"Blog\"],\"inLanguage\":\"de\",\"potentialAction\":[{\"@type\":\"CommentAction\",\"name\":\"Comment\",\"target\":[\"https:\\\/\\\/www.oliver-kilb.de\\\/www\\\/2016\\\/07\\\/24\\\/ausflug-auf-die-obere-firstalm\\\/#respond\"]}]},{\"@type\":\"WebPage\",\"@id\":\"https:\\\/\\\/www.oliver-kilb.de\\\/www\\\/2016\\\/07\\\/24\\\/ausflug-auf-die-obere-firstalm\\\/\",\"url\":\"https:\\\/\\\/www.oliver-kilb.de\\\/www\\\/2016\\\/07\\\/24\\\/ausflug-auf-die-obere-firstalm\\\/\",\"name\":\"Ausflug auf die obere Firstalm. - Japan, Wandern und Multimedia\",\"isPartOf\":{\"@id\":\"https:\\\/\\\/www.oliver-kilb.de\\\/www\\\/#website\"},\"primaryImageOfPage\":{\"@id\":\"https:\\\/\\\/www.oliver-kilb.de\\\/www\\\/2016\\\/07\\\/24\\\/ausflug-auf-die-obere-firstalm\\\/#primaryimage\"},\"image\":{\"@id\":\"https:\\\/\\\/www.oliver-kilb.de\\\/www\\\/2016\\\/07\\\/24\\\/ausflug-auf-die-obere-firstalm\\\/#primaryimage\"},\"thumbnailUrl\":\"https:\\\/\\\/www.oliver-kilb.de\\\/www\\\/wp-content\\\/uploads\\\/2024\\\/12\\\/Spitzingsee-Firstalm_15.jpg\",\"datePublished\":\"2016-07-24T11:30:00+00:00\",\"dateModified\":\"2024-12-07T12:36:35+00:00\",\"description\":\"In einer idyllischen Umgebung am Spitzingsee hatten wir eine sch\u00f6ne und leichte Wanderung zur unteren und oberen Firstalm.\",\"breadcrumb\":{\"@id\":\"https:\\\/\\\/www.oliver-kilb.de\\\/www\\\/2016\\\/07\\\/24\\\/ausflug-auf-die-obere-firstalm\\\/#breadcrumb\"},\"inLanguage\":\"de\",\"potentialAction\":[{\"@type\":\"ReadAction\",\"target\":[\"https:\\\/\\\/www.oliver-kilb.de\\\/www\\\/2016\\\/07\\\/24\\\/ausflug-auf-die-obere-firstalm\\\/\"]}]},{\"@type\":\"ImageObject\",\"inLanguage\":\"de\",\"@id\":\"https:\\\/\\\/www.oliver-kilb.de\\\/www\\\/2016\\\/07\\\/24\\\/ausflug-auf-die-obere-firstalm\\\/#primaryimage\",\"url\":\"https:\\\/\\\/www.oliver-kilb.de\\\/www\\\/wp-content\\\/uploads\\\/2024\\\/12\\\/Spitzingsee-Firstalm_15.jpg\",\"contentUrl\":\"https:\\\/\\\/www.oliver-kilb.de\\\/www\\\/wp-content\\\/uploads\\\/2024\\\/12\\\/Spitzingsee-Firstalm_15.jpg\",\"width\":1200,\"height\":900},{\"@type\":\"BreadcrumbList\",\"@id\":\"https:\\\/\\\/www.oliver-kilb.de\\\/www\\\/2016\\\/07\\\/24\\\/ausflug-auf-die-obere-firstalm\\\/#breadcrumb\",\"itemListElement\":[{\"@type\":\"ListItem\",\"position\":1,\"name\":\"Startseite\",\"item\":\"https:\\\/\\\/www.oliver-kilb.de\\\/www\\\/\"},{\"@type\":\"ListItem\",\"position\":2,\"name\":\"Ausflug auf die obere Firstalm.\"}]},{\"@type\":\"WebSite\",\"@id\":\"https:\\\/\\\/www.oliver-kilb.de\\\/www\\\/#website\",\"url\":\"https:\\\/\\\/www.oliver-kilb.de\\\/www\\\/\",\"name\":\"Japan, Wandern und Multimedia\",\"description\":\"\",\"publisher\":{\"@id\":\"https:\\\/\\\/www.oliver-kilb.de\\\/www\\\/#organization\"},\"potentialAction\":[{\"@type\":\"SearchAction\",\"target\":{\"@type\":\"EntryPoint\",\"urlTemplate\":\"https:\\\/\\\/www.oliver-kilb.de\\\/www\\\/?s={search_term_string}\"},\"query-input\":{\"@type\":\"PropertyValueSpecification\",\"valueRequired\":true,\"valueName\":\"search_term_string\"}}],\"inLanguage\":\"de\"},{\"@type\":\"Organization\",\"@id\":\"https:\\\/\\\/www.oliver-kilb.de\\\/www\\\/#organization\",\"name\":\"Japan, Wandern und Multimedia\",\"url\":\"https:\\\/\\\/www.oliver-kilb.de\\\/www\\\/\",\"logo\":{\"@type\":\"ImageObject\",\"inLanguage\":\"de\",\"@id\":\"https:\\\/\\\/www.oliver-kilb.de\\\/www\\\/#\\\/schema\\\/logo\\\/image\\\/\",\"url\":\"https:\\\/\\\/www.oliver-kilb.de\\\/www\\\/wp-content\\\/uploads\\\/2024\\\/07\\\/Fushimi-Inari-Schrein_075_DxO.jpg\",\"contentUrl\":\"https:\\\/\\\/www.oliver-kilb.de\\\/www\\\/wp-content\\\/uploads\\\/2024\\\/07\\\/Fushimi-Inari-Schrein_075_DxO.jpg\",\"width\":1380,\"height\":301,\"caption\":\"Japan, Wandern und Multimedia\"},\"image\":{\"@id\":\"https:\\\/\\\/www.oliver-kilb.de\\\/www\\\/#\\\/schema\\\/logo\\\/image\\\/\"}},{\"@type\":\"Person\",\"@id\":\"https:\\\/\\\/www.oliver-kilb.de\\\/www\\\/#\\\/schema\\\/person\\\/c2b19a881050135aa248a8851b7b4250\",\"name\":\"Oliver Kilb\",\"image\":{\"@type\":\"ImageObject\",\"inLanguage\":\"de\",\"@id\":\"https:\\\/\\\/secure.gravatar.com\\\/avatar\\\/4da50eb2c6eb71b0641229eed4a38d05c8d4b458a59355cca0d02b57303d6ffd?s=96&d=mm&r=g\",\"url\":\"https:\\\/\\\/secure.gravatar.com\\\/avatar\\\/4da50eb2c6eb71b0641229eed4a38d05c8d4b458a59355cca0d02b57303d6ffd?s=96&d=mm&r=g\",\"contentUrl\":\"https:\\\/\\\/secure.gravatar.com\\\/avatar\\\/4da50eb2c6eb71b0641229eed4a38d05c8d4b458a59355cca0d02b57303d6ffd?s=96&d=mm&r=g\",\"caption\":\"Oliver Kilb\"},\"sameAs\":[\"https:\\\/\\\/www.oliver-kilb.de\\\/www\"],\"url\":\"https:\\\/\\\/www.oliver-kilb.de\\\/www\\\/author\\\/oliver-kilb\\\/\"}]}<\/script>\n<!-- \/ Yoast SEO plugin. -->","yoast_head_json":{"title":"Ausflug auf die obere Firstalm. - Japan, Wandern und Multimedia","description":"In einer idyllischen Umgebung am Spitzingsee hatten wir eine sch\u00f6ne und leichte Wanderung zur unteren und oberen Firstalm.","robots":{"index":"index","follow":"follow","max-snippet":"max-snippet:-1","max-image-preview":"max-image-preview:large","max-video-preview":"max-video-preview:-1"},"canonical":"https:\/\/www.oliver-kilb.de\/www\/2016\/07\/24\/ausflug-auf-die-obere-firstalm\/","og_locale":"de_DE","og_type":"article","og_title":"Ausflug auf die obere Firstalm. - Japan, Wandern und Multimedia","og_description":"In einer idyllischen Umgebung am Spitzingsee hatten wir eine sch\u00f6ne und leichte Wanderung zur unteren und oberen Firstalm.","og_url":"https:\/\/www.oliver-kilb.de\/www\/2016\/07\/24\/ausflug-auf-die-obere-firstalm\/","og_site_name":"Japan, Wandern und Multimedia","article_published_time":"2016-07-24T11:30:00+00:00","article_modified_time":"2024-12-07T12:36:35+00:00","og_image":[{"width":1200,"height":900,"url":"https:\/\/www.oliver-kilb.de\/www\/wp-content\/uploads\/2024\/12\/Spitzingsee-Firstalm_15.jpg","type":"image\/jpeg"}],"author":"Oliver Kilb","twitter_card":"summary_large_image","twitter_misc":{"Verfasst von":"Oliver Kilb","Gesch\u00e4tzte Lesezeit":"6\u00a0Minuten"},"schema":{"@context":"https:\/\/schema.org","@graph":[{"@type":"Article","@id":"https:\/\/www.oliver-kilb.de\/www\/2016\/07\/24\/ausflug-auf-die-obere-firstalm\/#article","isPartOf":{"@id":"https:\/\/www.oliver-kilb.de\/www\/2016\/07\/24\/ausflug-auf-die-obere-firstalm\/"},"author":{"name":"Oliver Kilb","@id":"https:\/\/www.oliver-kilb.de\/www\/#\/schema\/person\/c2b19a881050135aa248a8851b7b4250"},"headline":"Ausflug auf die obere Firstalm.","datePublished":"2016-07-24T11:30:00+00:00","dateModified":"2024-12-07T12:36:35+00:00","mainEntityOfPage":{"@id":"https:\/\/www.oliver-kilb.de\/www\/2016\/07\/24\/ausflug-auf-die-obere-firstalm\/"},"wordCount":491,"commentCount":1,"publisher":{"@id":"https:\/\/www.oliver-kilb.de\/www\/#organization"},"image":{"@id":"https:\/\/www.oliver-kilb.de\/www\/2016\/07\/24\/ausflug-auf-die-obere-firstalm\/#primaryimage"},"thumbnailUrl":"https:\/\/www.oliver-kilb.de\/www\/wp-content\/uploads\/2024\/12\/Spitzingsee-Firstalm_15.jpg","keywords":["Obere Firstalm","Schliersee","Spitzingsee","Taubensteinbahn"],"articleSection":["Bayern","Blog"],"inLanguage":"de","potentialAction":[{"@type":"CommentAction","name":"Comment","target":["https:\/\/www.oliver-kilb.de\/www\/2016\/07\/24\/ausflug-auf-die-obere-firstalm\/#respond"]}]},{"@type":"WebPage","@id":"https:\/\/www.oliver-kilb.de\/www\/2016\/07\/24\/ausflug-auf-die-obere-firstalm\/","url":"https:\/\/www.oliver-kilb.de\/www\/2016\/07\/24\/ausflug-auf-die-obere-firstalm\/","name":"Ausflug auf die obere Firstalm. - Japan, Wandern und Multimedia","isPartOf":{"@id":"https:\/\/www.oliver-kilb.de\/www\/#website"},"primaryImageOfPage":{"@id":"https:\/\/www.oliver-kilb.de\/www\/2016\/07\/24\/ausflug-auf-die-obere-firstalm\/#primaryimage"},"image":{"@id":"https:\/\/www.oliver-kilb.de\/www\/2016\/07\/24\/ausflug-auf-die-obere-firstalm\/#primaryimage"},"thumbnailUrl":"https:\/\/www.oliver-kilb.de\/www\/wp-content\/uploads\/2024\/12\/Spitzingsee-Firstalm_15.jpg","datePublished":"2016-07-24T11:30:00+00:00","dateModified":"2024-12-07T12:36:35+00:00","description":"In einer idyllischen Umgebung am Spitzingsee hatten wir eine sch\u00f6ne und leichte Wanderung zur unteren und oberen Firstalm.","breadcrumb":{"@id":"https:\/\/www.oliver-kilb.de\/www\/2016\/07\/24\/ausflug-auf-die-obere-firstalm\/#breadcrumb"},"inLanguage":"de","potentialAction":[{"@type":"ReadAction","target":["https:\/\/www.oliver-kilb.de\/www\/2016\/07\/24\/ausflug-auf-die-obere-firstalm\/"]}]},{"@type":"ImageObject","inLanguage":"de","@id":"https:\/\/www.oliver-kilb.de\/www\/2016\/07\/24\/ausflug-auf-die-obere-firstalm\/#primaryimage","url":"https:\/\/www.oliver-kilb.de\/www\/wp-content\/uploads\/2024\/12\/Spitzingsee-Firstalm_15.jpg","contentUrl":"https:\/\/www.oliver-kilb.de\/www\/wp-content\/uploads\/2024\/12\/Spitzingsee-Firstalm_15.jpg","width":1200,"height":900},{"@type":"BreadcrumbList","@id":"https:\/\/www.oliver-kilb.de\/www\/2016\/07\/24\/ausflug-auf-die-obere-firstalm\/#breadcrumb","itemListElement":[{"@type":"ListItem","position":1,"name":"Startseite","item":"https:\/\/www.oliver-kilb.de\/www\/"},{"@type":"ListItem","position":2,"name":"Ausflug auf die obere Firstalm."}]},{"@type":"WebSite","@id":"https:\/\/www.oliver-kilb.de\/www\/#website","url":"https:\/\/www.oliver-kilb.de\/www\/","name":"Japan, Wandern und Multimedia","description":"","publisher":{"@id":"https:\/\/www.oliver-kilb.de\/www\/#organization"},"potentialAction":[{"@type":"SearchAction","target":{"@type":"EntryPoint","urlTemplate":"https:\/\/www.oliver-kilb.de\/www\/?s={search_term_string}"},"query-input":{"@type":"PropertyValueSpecification","valueRequired":true,"valueName":"search_term_string"}}],"inLanguage":"de"},{"@type":"Organization","@id":"https:\/\/www.oliver-kilb.de\/www\/#organization","name":"Japan, Wandern und Multimedia","url":"https:\/\/www.oliver-kilb.de\/www\/","logo":{"@type":"ImageObject","inLanguage":"de","@id":"https:\/\/www.oliver-kilb.de\/www\/#\/schema\/logo\/image\/","url":"https:\/\/www.oliver-kilb.de\/www\/wp-content\/uploads\/2024\/07\/Fushimi-Inari-Schrein_075_DxO.jpg","contentUrl":"https:\/\/www.oliver-kilb.de\/www\/wp-content\/uploads\/2024\/07\/Fushimi-Inari-Schrein_075_DxO.jpg","width":1380,"height":301,"caption":"Japan, Wandern und Multimedia"},"image":{"@id":"https:\/\/www.oliver-kilb.de\/www\/#\/schema\/logo\/image\/"}},{"@type":"Person","@id":"https:\/\/www.oliver-kilb.de\/www\/#\/schema\/person\/c2b19a881050135aa248a8851b7b4250","name":"Oliver Kilb","image":{"@type":"ImageObject","inLanguage":"de","@id":"https:\/\/secure.gravatar.com\/avatar\/4da50eb2c6eb71b0641229eed4a38d05c8d4b458a59355cca0d02b57303d6ffd?s=96&d=mm&r=g","url":"https:\/\/secure.gravatar.com\/avatar\/4da50eb2c6eb71b0641229eed4a38d05c8d4b458a59355cca0d02b57303d6ffd?s=96&d=mm&r=g","contentUrl":"https:\/\/secure.gravatar.com\/avatar\/4da50eb2c6eb71b0641229eed4a38d05c8d4b458a59355cca0d02b57303d6ffd?s=96&d=mm&r=g","caption":"Oliver Kilb"},"sameAs":["https:\/\/www.oliver-kilb.de\/www"],"url":"https:\/\/www.oliver-kilb.de\/www\/author\/oliver-kilb\/"}]}},"amp_enabled":true,"_links":{"self":[{"href":"https:\/\/www.oliver-kilb.de\/www\/wp-json\/wp\/v2\/posts\/34758","targetHints":{"allow":["GET"]}}],"collection":[{"href":"https:\/\/www.oliver-kilb.de\/www\/wp-json\/wp\/v2\/posts"}],"about":[{"href":"https:\/\/www.oliver-kilb.de\/www\/wp-json\/wp\/v2\/types\/post"}],"author":[{"embeddable":true,"href":"https:\/\/www.oliver-kilb.de\/www\/wp-json\/wp\/v2\/users\/1"}],"replies":[{"embeddable":true,"href":"https:\/\/www.oliver-kilb.de\/www\/wp-json\/wp\/v2\/comments?post=34758"}],"version-history":[{"count":1,"href":"https:\/\/www.oliver-kilb.de\/www\/wp-json\/wp\/v2\/posts\/34758\/revisions"}],"predecessor-version":[{"id":34775,"href":"https:\/\/www.oliver-kilb.de\/www\/wp-json\/wp\/v2\/posts\/34758\/revisions\/34775"}],"wp:featuredmedia":[{"embeddable":true,"href":"https:\/\/www.oliver-kilb.de\/www\/wp-json\/wp\/v2\/media\/34768"}],"wp:attachment":[{"href":"https:\/\/www.oliver-kilb.de\/www\/wp-json\/wp\/v2\/media?parent=34758"}],"wp:term":[{"taxonomy":"category","embeddable":true,"href":"https:\/\/www.oliver-kilb.de\/www\/wp-json\/wp\/v2\/categories?post=34758"},{"taxonomy":"post_tag","embeddable":true,"href":"https:\/\/www.oliver-kilb.de\/www\/wp-json\/wp\/v2\/tags?post=34758"}],"curies":[{"name":"wp","href":"https:\/\/api.w.org\/{rel}","templated":true}]}}