{"id":34429,"date":"2015-12-03T08:17:00","date_gmt":"2015-12-03T07:17:00","guid":{"rendered":"https:\/\/www.oliver-kilb.de\/www\/?p=34429"},"modified":"2024-12-07T08:20:58","modified_gmt":"2024-12-07T07:20:58","slug":"der-feuchte-traum-fuer-speck-und-salami-liebhaber","status":"publish","type":"post","link":"https:\/\/www.oliver-kilb.de\/www\/2015\/12\/03\/der-feuchte-traum-fuer-speck-und-salami-liebhaber\/","title":{"rendered":"Der feuchte Traum f\u00fcr Speck- und Salami-Liebhaber!"},"content":{"rendered":"\n<p><strong>Speck, Salami und Kaminwurzen &#8211; das sind nur einige wenige Delikatessen, die Touristen an S\u00fcdtirol so sch\u00e4tzen. Umso besser, wenn man sie bei einem der wenigen Metzger kaufen kann, der daf\u00fcr auch eigene S\u00fcdtiroler Schweine schlachtet.<\/strong><\/p>\n\n\n\n<h2 class=\"wp-block-heading\">S\u00fcdtirol &#8211; traumhafter Speck.<\/h2>\n\n\n<div class=\"wp-block-image\">\n<figure class=\"alignleft size-full is-resized\"><a href=\"https:\/\/www.oliver-kilb.de\/www\/wp-content\/uploads\/2024\/12\/Speck_Heinrich_Poeder_02.jpg\"><img loading=\"lazy\" decoding=\"async\" width=\"1200\" height=\"900\" src=\"https:\/\/www.oliver-kilb.de\/www\/wp-content\/uploads\/2024\/12\/Speck_Heinrich_Poeder_02.jpg\" alt=\"\" class=\"wp-image-34431\" style=\"width:300px\" srcset=\"https:\/\/www.oliver-kilb.de\/www\/wp-content\/uploads\/2024\/12\/Speck_Heinrich_Poeder_02.jpg 1200w, https:\/\/www.oliver-kilb.de\/www\/wp-content\/uploads\/2024\/12\/Speck_Heinrich_Poeder_02-500x375.jpg 500w, https:\/\/www.oliver-kilb.de\/www\/wp-content\/uploads\/2024\/12\/Speck_Heinrich_Poeder_02-300x225.jpg 300w, https:\/\/www.oliver-kilb.de\/www\/wp-content\/uploads\/2024\/12\/Speck_Heinrich_Poeder_02-768x576.jpg 768w\" sizes=\"auto, (max-width: 1200px) 100vw, 1200px\" \/><\/a><figcaption class=\"wp-element-caption\">Original S\u00fcdtiroler Speck &#8211; aus S\u00fcdtiroler Schweinen!<\/figcaption><\/figure>\n<\/div>\n\n\n<p>Ungef\u00e4hr 10 Millionen Kilogramm S\u00fcdtiroler Speck werden j\u00e4hrlich produziert (<a href=\"http:\/\/www.berge-exclusiv.de\/suedtiroler_speck.html\" target=\"_blank\" rel=\"noreferrer noopener\">Zahl aus dem Jahr 2011<\/a>), und dazu kommen noch andere Erzeugnisse wie z.B. Kaminwurzen, sonstige Salami usw. Wenn man annimmt, dass das Schwein bei der Schlachtung 100 kg wiegt (<a href=\"https:\/\/de.wikipedia.org\/wiki\/Hausschwein#Heranwachsen\" target=\"_blank\" rel=\"noreferrer noopener\">siehe Hinweis in der Wikipedia<\/a>), und sie nach ca. 6 Monaten dieses Gewicht erreicht haben, dann m\u00fcssten eigentlich zu jeder Zeit 50.000 Schweine in S\u00fcdtirol leben. Sogar noch&nbsp;mehr, denn nicht das komplette Schwein wird zu Speck verarbeitet. Aber mal Hand aufs Herz: Wer hat schonmal in S\u00fcdtirol Schweine gesehen? Oder einen Bauernhof mit Schweinestall? K\u00fche, Pferde, Ziegen, Schafe: An jeder Ecke, bzw. \u00fcberall auf Wiesen und Almen.<\/p>\n\n\n\n<p>Wein, \u00c4pfel&#8230; aber Schweine?<\/p>\n\n\n<div class=\"wp-block-image\">\n<figure class=\"alignright size-full is-resized\"><a href=\"https:\/\/www.oliver-kilb.de\/www\/wp-content\/uploads\/2024\/12\/Speck_Heinrich_Poeder_03.jpg\"><img loading=\"lazy\" decoding=\"async\" width=\"1200\" height=\"900\" src=\"https:\/\/www.oliver-kilb.de\/www\/wp-content\/uploads\/2024\/12\/Speck_Heinrich_Poeder_03.jpg\" alt=\"\" class=\"wp-image-34432\" style=\"width:300px\" srcset=\"https:\/\/www.oliver-kilb.de\/www\/wp-content\/uploads\/2024\/12\/Speck_Heinrich_Poeder_03.jpg 1200w, https:\/\/www.oliver-kilb.de\/www\/wp-content\/uploads\/2024\/12\/Speck_Heinrich_Poeder_03-500x375.jpg 500w, https:\/\/www.oliver-kilb.de\/www\/wp-content\/uploads\/2024\/12\/Speck_Heinrich_Poeder_03-300x225.jpg 300w, https:\/\/www.oliver-kilb.de\/www\/wp-content\/uploads\/2024\/12\/Speck_Heinrich_Poeder_03-768x576.jpg 768w\" sizes=\"auto, (max-width: 1200px) 100vw, 1200px\" \/><\/a><figcaption class=\"wp-element-caption\">Original S\u00fcdtiroler Speck &#8211; aus S\u00fcdtiroler Schweinen!<\/figcaption><\/figure>\n<\/div>\n\n\n<p>Der Grund ist einfach: Der Begriff &#8222;S\u00fcdtiroler Speck g.g.A.&#8220; (&#8222;gesch\u00fctzte geografische Angabe&#8220;) darf auch von Produkten verwendet werden, &#8222;&#8230;&nbsp;dessen Herstellung aus dem&nbsp;<a href=\"https:\/\/de.wikipedia.org\/wiki\/Keule_(Fleisch)\" target=\"_blank\" rel=\"noreferrer noopener\">Schlegel<\/a>&nbsp;und nach traditionellem Verfahren in S\u00fcdtirol erfolgt.&#8220; (Quelle Zitat: Wikipedia, S\u00fcdtiroler Speck, <a href=\"https:\/\/de.wikipedia.org\/wiki\/S\u00fcdtiroler_Speck#Qualit.C3.A4t\" target=\"_blank\" rel=\"noreferrer noopener\">Abschnitt Qualit\u00e4t<\/a>) Also d\u00fcrfen die Schweine, die weiter verarbeitet werden, auch von au\u00dferhalb S\u00fcdtirols kommen. Gleiche bzw. vergleichbare Kriterien gelten \u00fcbrigens auch zum Beispiel f\u00fcr den belieben &#8222;<a href=\"https:\/\/de.wikipedia.org\/wiki\/Schwarzw\u00e4lder_Schinken\" target=\"_blank\" rel=\"noreferrer noopener\">Schwarzw\u00e4lder Schinken<\/a>&#8222;.<\/p>\n\n\n<div class=\"wp-block-image\">\n<figure class=\"alignleft size-full is-resized\"><a href=\"https:\/\/www.oliver-kilb.de\/www\/wp-content\/uploads\/2024\/12\/Speck_Heinrich_Poeder_01.jpg\"><img loading=\"lazy\" decoding=\"async\" width=\"1200\" height=\"900\" src=\"https:\/\/www.oliver-kilb.de\/www\/wp-content\/uploads\/2024\/12\/Speck_Heinrich_Poeder_01.jpg\" alt=\"\" class=\"wp-image-34433\" style=\"width:300px\" srcset=\"https:\/\/www.oliver-kilb.de\/www\/wp-content\/uploads\/2024\/12\/Speck_Heinrich_Poeder_01.jpg 1200w, https:\/\/www.oliver-kilb.de\/www\/wp-content\/uploads\/2024\/12\/Speck_Heinrich_Poeder_01-500x375.jpg 500w, https:\/\/www.oliver-kilb.de\/www\/wp-content\/uploads\/2024\/12\/Speck_Heinrich_Poeder_01-300x225.jpg 300w, https:\/\/www.oliver-kilb.de\/www\/wp-content\/uploads\/2024\/12\/Speck_Heinrich_Poeder_01-768x576.jpg 768w\" sizes=\"auto, (max-width: 1200px) 100vw, 1200px\" \/><\/a><figcaption class=\"wp-element-caption\">Original S\u00fcdtiroler Speck &#8211; aus S\u00fcdtiroler Schweinen!<\/figcaption><\/figure>\n<\/div>\n\n\n<p>Umso bemerkenswerter ist es daher, wenn man zuf\u00e4llig (oder nach guter Recherche) auf einen Metzger st\u00f6\u00dft, der auch wirklich in S\u00fcdtirol aufgewachsene Schweine verarbeitet. <\/p>\n\n\n\n<p>Einen solchen haben wir entdeckt, und sein &#8222;Verkaufsraum&#8220; im Keller, den man hier sieht, ist einfach ein feuchter Traum f\u00fcr Speck-Liebhaber! Hier h\u00e4ngt beste Ware zum Reifen, kleine Schilder zeigen das Alter an. Der Hof war nicht leicht zu erreichen, aber die abenteuerliche Fahrt war es mehr als wert! Hier werden nur 5 Schweine pro Woche geschlachtet und verarbeitet. Es kann also sein, dass mal auch gerade nichts da ist, was schon reif genug f\u00fcr den Verkauf ist. Wenn man Gl\u00fcck hat (so wie wir), dann wird man allerdings mit einer Qualit\u00e4t belohnt, die nochmals die bereits gewohnte Qualit\u00e4t \u00fcberschreitet.<\/p>\n","protected":false},"excerpt":{"rendered":"<p>Speck, Salami und Kaminwurzen &#8211; das sind nur einige wenige Delikatessen, die Touristen an S\u00fcdtirol so sch\u00e4tzen. Umso besser, wenn man sie bei einem der wenigen Metzger kaufen kann, der daf\u00fcr auch eigene S\u00fcdtiroler Schweine schlachtet.<\/p>\n","protected":false},"author":1,"featured_media":34431,"comment_status":"open","ping_status":"open","sticky":false,"template":"","format":"standard","meta":{"iawp_total_views":7,"footnotes":""},"categories":[15,71],"tags":[677],"class_list":["post-34429","post","type-post","status-publish","format-standard","has-post-thumbnail","hentry","category-blog","category-ultental-suedtirol","tag-speck"],"yoast_head":"<!-- This site is optimized with the Yoast SEO plugin v27.3 - https:\/\/yoast.com\/product\/yoast-seo-wordpress\/ -->\n<title>Der feuchte Traum f\u00fcr Speck- und Salami-Liebhaber! - Japan, Wandern und Multimedia<\/title>\n<meta name=\"description\" content=\"Speck, Salami und Kaminwurzen - das sind nur einige wenige Delikatessen, die Touristen an S\u00fcdtirol so sch\u00e4tzen.\" \/>\n<meta name=\"robots\" content=\"index, follow, max-snippet:-1, max-image-preview:large, max-video-preview:-1\" \/>\n<link rel=\"canonical\" href=\"https:\/\/www.oliver-kilb.de\/www\/2015\/12\/03\/der-feuchte-traum-fuer-speck-und-salami-liebhaber\/\" \/>\n<meta property=\"og:locale\" content=\"de_DE\" \/>\n<meta property=\"og:type\" content=\"article\" \/>\n<meta property=\"og:title\" content=\"Der feuchte Traum f\u00fcr Speck- und Salami-Liebhaber! - Japan, Wandern und Multimedia\" \/>\n<meta property=\"og:description\" content=\"Speck, Salami und Kaminwurzen - das sind nur einige wenige Delikatessen, die Touristen an S\u00fcdtirol so sch\u00e4tzen.\" \/>\n<meta property=\"og:url\" content=\"https:\/\/www.oliver-kilb.de\/www\/2015\/12\/03\/der-feuchte-traum-fuer-speck-und-salami-liebhaber\/\" \/>\n<meta property=\"og:site_name\" content=\"Japan, Wandern und Multimedia\" \/>\n<meta property=\"article:published_time\" content=\"2015-12-03T07:17:00+00:00\" \/>\n<meta property=\"article:modified_time\" content=\"2024-12-07T07:20:58+00:00\" \/>\n<meta property=\"og:image\" content=\"https:\/\/www.oliver-kilb.de\/www\/wp-content\/uploads\/2024\/12\/Speck_Heinrich_Poeder_02.jpg\" \/>\n\t<meta property=\"og:image:width\" content=\"1200\" \/>\n\t<meta property=\"og:image:height\" content=\"900\" \/>\n\t<meta property=\"og:image:type\" content=\"image\/jpeg\" \/>\n<meta name=\"author\" content=\"Oliver Kilb\" \/>\n<meta name=\"twitter:card\" content=\"summary_large_image\" \/>\n<meta name=\"twitter:label1\" content=\"Verfasst von\" \/>\n\t<meta name=\"twitter:data1\" content=\"Oliver Kilb\" \/>\n\t<meta name=\"twitter:label2\" content=\"Gesch\u00e4tzte Lesezeit\" \/>\n\t<meta name=\"twitter:data2\" content=\"3\u00a0Minuten\" \/>\n<script type=\"application\/ld+json\" class=\"yoast-schema-graph\">{\"@context\":\"https:\\\/\\\/schema.org\",\"@graph\":[{\"@type\":\"Article\",\"@id\":\"https:\\\/\\\/www.oliver-kilb.de\\\/www\\\/2015\\\/12\\\/03\\\/der-feuchte-traum-fuer-speck-und-salami-liebhaber\\\/#article\",\"isPartOf\":{\"@id\":\"https:\\\/\\\/www.oliver-kilb.de\\\/www\\\/2015\\\/12\\\/03\\\/der-feuchte-traum-fuer-speck-und-salami-liebhaber\\\/\"},\"author\":{\"name\":\"Oliver Kilb\",\"@id\":\"https:\\\/\\\/www.oliver-kilb.de\\\/www\\\/#\\\/schema\\\/person\\\/c2b19a881050135aa248a8851b7b4250\"},\"headline\":\"Der feuchte Traum f\u00fcr Speck- und Salami-Liebhaber!\",\"datePublished\":\"2015-12-03T07:17:00+00:00\",\"dateModified\":\"2024-12-07T07:20:58+00:00\",\"mainEntityOfPage\":{\"@id\":\"https:\\\/\\\/www.oliver-kilb.de\\\/www\\\/2015\\\/12\\\/03\\\/der-feuchte-traum-fuer-speck-und-salami-liebhaber\\\/\"},\"wordCount\":405,\"commentCount\":0,\"publisher\":{\"@id\":\"https:\\\/\\\/www.oliver-kilb.de\\\/www\\\/#organization\"},\"image\":{\"@id\":\"https:\\\/\\\/www.oliver-kilb.de\\\/www\\\/2015\\\/12\\\/03\\\/der-feuchte-traum-fuer-speck-und-salami-liebhaber\\\/#primaryimage\"},\"thumbnailUrl\":\"https:\\\/\\\/www.oliver-kilb.de\\\/www\\\/wp-content\\\/uploads\\\/2024\\\/12\\\/Speck_Heinrich_Poeder_02.jpg\",\"keywords\":[\"Speck\"],\"articleSection\":[\"Blog\",\"Ultental\"],\"inLanguage\":\"de\",\"potentialAction\":[{\"@type\":\"CommentAction\",\"name\":\"Comment\",\"target\":[\"https:\\\/\\\/www.oliver-kilb.de\\\/www\\\/2015\\\/12\\\/03\\\/der-feuchte-traum-fuer-speck-und-salami-liebhaber\\\/#respond\"]}]},{\"@type\":\"WebPage\",\"@id\":\"https:\\\/\\\/www.oliver-kilb.de\\\/www\\\/2015\\\/12\\\/03\\\/der-feuchte-traum-fuer-speck-und-salami-liebhaber\\\/\",\"url\":\"https:\\\/\\\/www.oliver-kilb.de\\\/www\\\/2015\\\/12\\\/03\\\/der-feuchte-traum-fuer-speck-und-salami-liebhaber\\\/\",\"name\":\"Der feuchte Traum f\u00fcr Speck- und Salami-Liebhaber! - Japan, Wandern und Multimedia\",\"isPartOf\":{\"@id\":\"https:\\\/\\\/www.oliver-kilb.de\\\/www\\\/#website\"},\"primaryImageOfPage\":{\"@id\":\"https:\\\/\\\/www.oliver-kilb.de\\\/www\\\/2015\\\/12\\\/03\\\/der-feuchte-traum-fuer-speck-und-salami-liebhaber\\\/#primaryimage\"},\"image\":{\"@id\":\"https:\\\/\\\/www.oliver-kilb.de\\\/www\\\/2015\\\/12\\\/03\\\/der-feuchte-traum-fuer-speck-und-salami-liebhaber\\\/#primaryimage\"},\"thumbnailUrl\":\"https:\\\/\\\/www.oliver-kilb.de\\\/www\\\/wp-content\\\/uploads\\\/2024\\\/12\\\/Speck_Heinrich_Poeder_02.jpg\",\"datePublished\":\"2015-12-03T07:17:00+00:00\",\"dateModified\":\"2024-12-07T07:20:58+00:00\",\"description\":\"Speck, Salami und Kaminwurzen - das sind nur einige wenige Delikatessen, die Touristen an S\u00fcdtirol so sch\u00e4tzen.\",\"breadcrumb\":{\"@id\":\"https:\\\/\\\/www.oliver-kilb.de\\\/www\\\/2015\\\/12\\\/03\\\/der-feuchte-traum-fuer-speck-und-salami-liebhaber\\\/#breadcrumb\"},\"inLanguage\":\"de\",\"potentialAction\":[{\"@type\":\"ReadAction\",\"target\":[\"https:\\\/\\\/www.oliver-kilb.de\\\/www\\\/2015\\\/12\\\/03\\\/der-feuchte-traum-fuer-speck-und-salami-liebhaber\\\/\"]}]},{\"@type\":\"ImageObject\",\"inLanguage\":\"de\",\"@id\":\"https:\\\/\\\/www.oliver-kilb.de\\\/www\\\/2015\\\/12\\\/03\\\/der-feuchte-traum-fuer-speck-und-salami-liebhaber\\\/#primaryimage\",\"url\":\"https:\\\/\\\/www.oliver-kilb.de\\\/www\\\/wp-content\\\/uploads\\\/2024\\\/12\\\/Speck_Heinrich_Poeder_02.jpg\",\"contentUrl\":\"https:\\\/\\\/www.oliver-kilb.de\\\/www\\\/wp-content\\\/uploads\\\/2024\\\/12\\\/Speck_Heinrich_Poeder_02.jpg\",\"width\":1200,\"height\":900},{\"@type\":\"BreadcrumbList\",\"@id\":\"https:\\\/\\\/www.oliver-kilb.de\\\/www\\\/2015\\\/12\\\/03\\\/der-feuchte-traum-fuer-speck-und-salami-liebhaber\\\/#breadcrumb\",\"itemListElement\":[{\"@type\":\"ListItem\",\"position\":1,\"name\":\"Startseite\",\"item\":\"https:\\\/\\\/www.oliver-kilb.de\\\/www\\\/\"},{\"@type\":\"ListItem\",\"position\":2,\"name\":\"Der feuchte Traum f\u00fcr Speck- und Salami-Liebhaber!\"}]},{\"@type\":\"WebSite\",\"@id\":\"https:\\\/\\\/www.oliver-kilb.de\\\/www\\\/#website\",\"url\":\"https:\\\/\\\/www.oliver-kilb.de\\\/www\\\/\",\"name\":\"Japan, Wandern und Multimedia\",\"description\":\"\",\"publisher\":{\"@id\":\"https:\\\/\\\/www.oliver-kilb.de\\\/www\\\/#organization\"},\"potentialAction\":[{\"@type\":\"SearchAction\",\"target\":{\"@type\":\"EntryPoint\",\"urlTemplate\":\"https:\\\/\\\/www.oliver-kilb.de\\\/www\\\/?s={search_term_string}\"},\"query-input\":{\"@type\":\"PropertyValueSpecification\",\"valueRequired\":true,\"valueName\":\"search_term_string\"}}],\"inLanguage\":\"de\"},{\"@type\":\"Organization\",\"@id\":\"https:\\\/\\\/www.oliver-kilb.de\\\/www\\\/#organization\",\"name\":\"Japan, Wandern und Multimedia\",\"url\":\"https:\\\/\\\/www.oliver-kilb.de\\\/www\\\/\",\"logo\":{\"@type\":\"ImageObject\",\"inLanguage\":\"de\",\"@id\":\"https:\\\/\\\/www.oliver-kilb.de\\\/www\\\/#\\\/schema\\\/logo\\\/image\\\/\",\"url\":\"https:\\\/\\\/www.oliver-kilb.de\\\/www\\\/wp-content\\\/uploads\\\/2024\\\/07\\\/Fushimi-Inari-Schrein_075_DxO.jpg\",\"contentUrl\":\"https:\\\/\\\/www.oliver-kilb.de\\\/www\\\/wp-content\\\/uploads\\\/2024\\\/07\\\/Fushimi-Inari-Schrein_075_DxO.jpg\",\"width\":1380,\"height\":301,\"caption\":\"Japan, Wandern und Multimedia\"},\"image\":{\"@id\":\"https:\\\/\\\/www.oliver-kilb.de\\\/www\\\/#\\\/schema\\\/logo\\\/image\\\/\"}},{\"@type\":\"Person\",\"@id\":\"https:\\\/\\\/www.oliver-kilb.de\\\/www\\\/#\\\/schema\\\/person\\\/c2b19a881050135aa248a8851b7b4250\",\"name\":\"Oliver Kilb\",\"image\":{\"@type\":\"ImageObject\",\"inLanguage\":\"de\",\"@id\":\"https:\\\/\\\/secure.gravatar.com\\\/avatar\\\/4da50eb2c6eb71b0641229eed4a38d05c8d4b458a59355cca0d02b57303d6ffd?s=96&d=mm&r=g\",\"url\":\"https:\\\/\\\/secure.gravatar.com\\\/avatar\\\/4da50eb2c6eb71b0641229eed4a38d05c8d4b458a59355cca0d02b57303d6ffd?s=96&d=mm&r=g\",\"contentUrl\":\"https:\\\/\\\/secure.gravatar.com\\\/avatar\\\/4da50eb2c6eb71b0641229eed4a38d05c8d4b458a59355cca0d02b57303d6ffd?s=96&d=mm&r=g\",\"caption\":\"Oliver Kilb\"},\"sameAs\":[\"https:\\\/\\\/www.oliver-kilb.de\\\/www\"],\"url\":\"https:\\\/\\\/www.oliver-kilb.de\\\/www\\\/author\\\/oliver-kilb\\\/\"}]}<\/script>\n<!-- \/ Yoast SEO plugin. -->","yoast_head_json":{"title":"Der feuchte Traum f\u00fcr Speck- und Salami-Liebhaber! - Japan, Wandern und Multimedia","description":"Speck, Salami und Kaminwurzen - das sind nur einige wenige Delikatessen, die Touristen an S\u00fcdtirol so sch\u00e4tzen.","robots":{"index":"index","follow":"follow","max-snippet":"max-snippet:-1","max-image-preview":"max-image-preview:large","max-video-preview":"max-video-preview:-1"},"canonical":"https:\/\/www.oliver-kilb.de\/www\/2015\/12\/03\/der-feuchte-traum-fuer-speck-und-salami-liebhaber\/","og_locale":"de_DE","og_type":"article","og_title":"Der feuchte Traum f\u00fcr Speck- und Salami-Liebhaber! - Japan, Wandern und Multimedia","og_description":"Speck, Salami und Kaminwurzen - das sind nur einige wenige Delikatessen, die Touristen an S\u00fcdtirol so sch\u00e4tzen.","og_url":"https:\/\/www.oliver-kilb.de\/www\/2015\/12\/03\/der-feuchte-traum-fuer-speck-und-salami-liebhaber\/","og_site_name":"Japan, Wandern und Multimedia","article_published_time":"2015-12-03T07:17:00+00:00","article_modified_time":"2024-12-07T07:20:58+00:00","og_image":[{"width":1200,"height":900,"url":"https:\/\/www.oliver-kilb.de\/www\/wp-content\/uploads\/2024\/12\/Speck_Heinrich_Poeder_02.jpg","type":"image\/jpeg"}],"author":"Oliver Kilb","twitter_card":"summary_large_image","twitter_misc":{"Verfasst von":"Oliver Kilb","Gesch\u00e4tzte Lesezeit":"3\u00a0Minuten"},"schema":{"@context":"https:\/\/schema.org","@graph":[{"@type":"Article","@id":"https:\/\/www.oliver-kilb.de\/www\/2015\/12\/03\/der-feuchte-traum-fuer-speck-und-salami-liebhaber\/#article","isPartOf":{"@id":"https:\/\/www.oliver-kilb.de\/www\/2015\/12\/03\/der-feuchte-traum-fuer-speck-und-salami-liebhaber\/"},"author":{"name":"Oliver Kilb","@id":"https:\/\/www.oliver-kilb.de\/www\/#\/schema\/person\/c2b19a881050135aa248a8851b7b4250"},"headline":"Der feuchte Traum f\u00fcr Speck- und Salami-Liebhaber!","datePublished":"2015-12-03T07:17:00+00:00","dateModified":"2024-12-07T07:20:58+00:00","mainEntityOfPage":{"@id":"https:\/\/www.oliver-kilb.de\/www\/2015\/12\/03\/der-feuchte-traum-fuer-speck-und-salami-liebhaber\/"},"wordCount":405,"commentCount":0,"publisher":{"@id":"https:\/\/www.oliver-kilb.de\/www\/#organization"},"image":{"@id":"https:\/\/www.oliver-kilb.de\/www\/2015\/12\/03\/der-feuchte-traum-fuer-speck-und-salami-liebhaber\/#primaryimage"},"thumbnailUrl":"https:\/\/www.oliver-kilb.de\/www\/wp-content\/uploads\/2024\/12\/Speck_Heinrich_Poeder_02.jpg","keywords":["Speck"],"articleSection":["Blog","Ultental"],"inLanguage":"de","potentialAction":[{"@type":"CommentAction","name":"Comment","target":["https:\/\/www.oliver-kilb.de\/www\/2015\/12\/03\/der-feuchte-traum-fuer-speck-und-salami-liebhaber\/#respond"]}]},{"@type":"WebPage","@id":"https:\/\/www.oliver-kilb.de\/www\/2015\/12\/03\/der-feuchte-traum-fuer-speck-und-salami-liebhaber\/","url":"https:\/\/www.oliver-kilb.de\/www\/2015\/12\/03\/der-feuchte-traum-fuer-speck-und-salami-liebhaber\/","name":"Der feuchte Traum f\u00fcr Speck- und Salami-Liebhaber! - Japan, Wandern und Multimedia","isPartOf":{"@id":"https:\/\/www.oliver-kilb.de\/www\/#website"},"primaryImageOfPage":{"@id":"https:\/\/www.oliver-kilb.de\/www\/2015\/12\/03\/der-feuchte-traum-fuer-speck-und-salami-liebhaber\/#primaryimage"},"image":{"@id":"https:\/\/www.oliver-kilb.de\/www\/2015\/12\/03\/der-feuchte-traum-fuer-speck-und-salami-liebhaber\/#primaryimage"},"thumbnailUrl":"https:\/\/www.oliver-kilb.de\/www\/wp-content\/uploads\/2024\/12\/Speck_Heinrich_Poeder_02.jpg","datePublished":"2015-12-03T07:17:00+00:00","dateModified":"2024-12-07T07:20:58+00:00","description":"Speck, Salami und Kaminwurzen - das sind nur einige wenige Delikatessen, die Touristen an S\u00fcdtirol so sch\u00e4tzen.","breadcrumb":{"@id":"https:\/\/www.oliver-kilb.de\/www\/2015\/12\/03\/der-feuchte-traum-fuer-speck-und-salami-liebhaber\/#breadcrumb"},"inLanguage":"de","potentialAction":[{"@type":"ReadAction","target":["https:\/\/www.oliver-kilb.de\/www\/2015\/12\/03\/der-feuchte-traum-fuer-speck-und-salami-liebhaber\/"]}]},{"@type":"ImageObject","inLanguage":"de","@id":"https:\/\/www.oliver-kilb.de\/www\/2015\/12\/03\/der-feuchte-traum-fuer-speck-und-salami-liebhaber\/#primaryimage","url":"https:\/\/www.oliver-kilb.de\/www\/wp-content\/uploads\/2024\/12\/Speck_Heinrich_Poeder_02.jpg","contentUrl":"https:\/\/www.oliver-kilb.de\/www\/wp-content\/uploads\/2024\/12\/Speck_Heinrich_Poeder_02.jpg","width":1200,"height":900},{"@type":"BreadcrumbList","@id":"https:\/\/www.oliver-kilb.de\/www\/2015\/12\/03\/der-feuchte-traum-fuer-speck-und-salami-liebhaber\/#breadcrumb","itemListElement":[{"@type":"ListItem","position":1,"name":"Startseite","item":"https:\/\/www.oliver-kilb.de\/www\/"},{"@type":"ListItem","position":2,"name":"Der feuchte Traum f\u00fcr Speck- und Salami-Liebhaber!"}]},{"@type":"WebSite","@id":"https:\/\/www.oliver-kilb.de\/www\/#website","url":"https:\/\/www.oliver-kilb.de\/www\/","name":"Japan, Wandern und Multimedia","description":"","publisher":{"@id":"https:\/\/www.oliver-kilb.de\/www\/#organization"},"potentialAction":[{"@type":"SearchAction","target":{"@type":"EntryPoint","urlTemplate":"https:\/\/www.oliver-kilb.de\/www\/?s={search_term_string}"},"query-input":{"@type":"PropertyValueSpecification","valueRequired":true,"valueName":"search_term_string"}}],"inLanguage":"de"},{"@type":"Organization","@id":"https:\/\/www.oliver-kilb.de\/www\/#organization","name":"Japan, Wandern und Multimedia","url":"https:\/\/www.oliver-kilb.de\/www\/","logo":{"@type":"ImageObject","inLanguage":"de","@id":"https:\/\/www.oliver-kilb.de\/www\/#\/schema\/logo\/image\/","url":"https:\/\/www.oliver-kilb.de\/www\/wp-content\/uploads\/2024\/07\/Fushimi-Inari-Schrein_075_DxO.jpg","contentUrl":"https:\/\/www.oliver-kilb.de\/www\/wp-content\/uploads\/2024\/07\/Fushimi-Inari-Schrein_075_DxO.jpg","width":1380,"height":301,"caption":"Japan, Wandern und Multimedia"},"image":{"@id":"https:\/\/www.oliver-kilb.de\/www\/#\/schema\/logo\/image\/"}},{"@type":"Person","@id":"https:\/\/www.oliver-kilb.de\/www\/#\/schema\/person\/c2b19a881050135aa248a8851b7b4250","name":"Oliver Kilb","image":{"@type":"ImageObject","inLanguage":"de","@id":"https:\/\/secure.gravatar.com\/avatar\/4da50eb2c6eb71b0641229eed4a38d05c8d4b458a59355cca0d02b57303d6ffd?s=96&d=mm&r=g","url":"https:\/\/secure.gravatar.com\/avatar\/4da50eb2c6eb71b0641229eed4a38d05c8d4b458a59355cca0d02b57303d6ffd?s=96&d=mm&r=g","contentUrl":"https:\/\/secure.gravatar.com\/avatar\/4da50eb2c6eb71b0641229eed4a38d05c8d4b458a59355cca0d02b57303d6ffd?s=96&d=mm&r=g","caption":"Oliver Kilb"},"sameAs":["https:\/\/www.oliver-kilb.de\/www"],"url":"https:\/\/www.oliver-kilb.de\/www\/author\/oliver-kilb\/"}]}},"amp_enabled":true,"_links":{"self":[{"href":"https:\/\/www.oliver-kilb.de\/www\/wp-json\/wp\/v2\/posts\/34429","targetHints":{"allow":["GET"]}}],"collection":[{"href":"https:\/\/www.oliver-kilb.de\/www\/wp-json\/wp\/v2\/posts"}],"about":[{"href":"https:\/\/www.oliver-kilb.de\/www\/wp-json\/wp\/v2\/types\/post"}],"author":[{"embeddable":true,"href":"https:\/\/www.oliver-kilb.de\/www\/wp-json\/wp\/v2\/users\/1"}],"replies":[{"embeddable":true,"href":"https:\/\/www.oliver-kilb.de\/www\/wp-json\/wp\/v2\/comments?post=34429"}],"version-history":[{"count":1,"href":"https:\/\/www.oliver-kilb.de\/www\/wp-json\/wp\/v2\/posts\/34429\/revisions"}],"predecessor-version":[{"id":34434,"href":"https:\/\/www.oliver-kilb.de\/www\/wp-json\/wp\/v2\/posts\/34429\/revisions\/34434"}],"wp:featuredmedia":[{"embeddable":true,"href":"https:\/\/www.oliver-kilb.de\/www\/wp-json\/wp\/v2\/media\/34431"}],"wp:attachment":[{"href":"https:\/\/www.oliver-kilb.de\/www\/wp-json\/wp\/v2\/media?parent=34429"}],"wp:term":[{"taxonomy":"category","embeddable":true,"href":"https:\/\/www.oliver-kilb.de\/www\/wp-json\/wp\/v2\/categories?post=34429"},{"taxonomy":"post_tag","embeddable":true,"href":"https:\/\/www.oliver-kilb.de\/www\/wp-json\/wp\/v2\/tags?post=34429"}],"curies":[{"name":"wp","href":"https:\/\/api.w.org\/{rel}","templated":true}]}}