{"id":34079,"date":"2016-09-07T19:00:00","date_gmt":"2016-09-07T17:00:00","guid":{"rendered":"https:\/\/www.oliver-kilb.de\/www\/?p=34079"},"modified":"2024-12-06T19:04:06","modified_gmt":"2024-12-06T18:04:06","slug":"schottland-tag-10-kurzabstecher-nach-cullen","status":"publish","type":"post","link":"https:\/\/www.oliver-kilb.de\/www\/2016\/09\/07\/schottland-tag-10-kurzabstecher-nach-cullen\/","title":{"rendered":"Schottland, Tag 10: Kurzabstecher nach Cullen."},"content":{"rendered":"\n<p><strong>Der Urlaub ging zu Ende, am letzten Tag regnete es erneut. Also gab es nur kurze Abstecher und ein paar Stimmungsfotos aus Cullen.<\/strong><\/p>\n\n\n\n<h2 class=\"wp-block-heading\">\u00dcber den D\u00e4chern von Cullen.<\/h2>\n\n\n<div class=\"wp-block-image\">\n<figure class=\"alignleft size-full is-resized\"><a href=\"https:\/\/www.oliver-kilb.de\/www\/wp-content\/uploads\/2024\/12\/2016-06-17_Cullen_004.jpg\"><img loading=\"lazy\" decoding=\"async\" width=\"1200\" height=\"800\" src=\"https:\/\/www.oliver-kilb.de\/www\/wp-content\/uploads\/2024\/12\/2016-06-17_Cullen_004.jpg\" alt=\"\" class=\"wp-image-34081\" style=\"width:300px\" srcset=\"https:\/\/www.oliver-kilb.de\/www\/wp-content\/uploads\/2024\/12\/2016-06-17_Cullen_004.jpg 1200w, https:\/\/www.oliver-kilb.de\/www\/wp-content\/uploads\/2024\/12\/2016-06-17_Cullen_004-500x333.jpg 500w, https:\/\/www.oliver-kilb.de\/www\/wp-content\/uploads\/2024\/12\/2016-06-17_Cullen_004-300x200.jpg 300w, https:\/\/www.oliver-kilb.de\/www\/wp-content\/uploads\/2024\/12\/2016-06-17_Cullen_004-768x512.jpg 768w\" sizes=\"auto, (max-width: 1200px) 100vw, 1200px\" \/><\/a><figcaption class=\"wp-element-caption\">In Cullen<\/figcaption><\/figure>\n<\/div>\n\n\n<p>Der <a href=\"https:\/\/de.wikipedia.org\/wiki\/Cullen_(Moray)\" target=\"_blank\" rel=\"noreferrer noopener\">Ort<\/a>\u00a0diente als Namensgeber der Suppe &#8222;Cullen Skink&#8220;, \u00fcber die ich im letzten Teil bereits berichtete. Wir sind des \u00d6fteren durch diesen Ort gefahren und wollten immer ein Foto der Schornsteine machen. <\/p>\n\n\n\n<p>Am letzten Tag unseres Urlaubes haben wir es dann tats\u00e4chlich noch geschafft. An einer etwas erh\u00f6hten Stelle hatten wir eine gute Sicht \u00fcber die D\u00e4cher bis hin zum Meer, und in der anderen Richtung zum\u00a0Cullen Burn Viaduct, einer Eisenbahnbr\u00fccke, unter der sich die Stra\u00dfe zwischen zwei Pfeilern hindurchschl\u00e4ngelt.<\/p>\n\n\n\n<figure class=\"wp-block-gallery has-nested-images columns-5 is-cropped wp-block-gallery-1 is-layout-flex wp-block-gallery-is-layout-flex\">\n<figure class=\"wp-block-image size-large\"><img loading=\"lazy\" decoding=\"async\" width=\"1200\" height=\"800\" data-id=\"34086\" src=\"https:\/\/www.oliver-kilb.de\/www\/wp-content\/uploads\/2024\/12\/2016-06-10_Cullen_003.jpg\" alt=\"\" class=\"wp-image-34086\" srcset=\"https:\/\/www.oliver-kilb.de\/www\/wp-content\/uploads\/2024\/12\/2016-06-10_Cullen_003.jpg 1200w, https:\/\/www.oliver-kilb.de\/www\/wp-content\/uploads\/2024\/12\/2016-06-10_Cullen_003-500x333.jpg 500w, https:\/\/www.oliver-kilb.de\/www\/wp-content\/uploads\/2024\/12\/2016-06-10_Cullen_003-300x200.jpg 300w, https:\/\/www.oliver-kilb.de\/www\/wp-content\/uploads\/2024\/12\/2016-06-10_Cullen_003-768x512.jpg 768w\" sizes=\"auto, (max-width: 1200px) 100vw, 1200px\" \/><\/figure>\n\n\n\n<figure class=\"wp-block-image size-large\"><img loading=\"lazy\" decoding=\"async\" width=\"1200\" height=\"800\" data-id=\"34085\" src=\"https:\/\/www.oliver-kilb.de\/www\/wp-content\/uploads\/2024\/12\/2016-06-17_Cullen_003.jpg\" alt=\"\" class=\"wp-image-34085\" srcset=\"https:\/\/www.oliver-kilb.de\/www\/wp-content\/uploads\/2024\/12\/2016-06-17_Cullen_003.jpg 1200w, https:\/\/www.oliver-kilb.de\/www\/wp-content\/uploads\/2024\/12\/2016-06-17_Cullen_003-500x333.jpg 500w, https:\/\/www.oliver-kilb.de\/www\/wp-content\/uploads\/2024\/12\/2016-06-17_Cullen_003-300x200.jpg 300w, https:\/\/www.oliver-kilb.de\/www\/wp-content\/uploads\/2024\/12\/2016-06-17_Cullen_003-768x512.jpg 768w\" sizes=\"auto, (max-width: 1200px) 100vw, 1200px\" \/><\/figure>\n\n\n\n<figure class=\"wp-block-image size-large\"><img loading=\"lazy\" decoding=\"async\" width=\"1200\" height=\"800\" data-id=\"34084\" src=\"https:\/\/www.oliver-kilb.de\/www\/wp-content\/uploads\/2024\/12\/2016-06-17_Cullen_006.jpg\" alt=\"\" class=\"wp-image-34084\" srcset=\"https:\/\/www.oliver-kilb.de\/www\/wp-content\/uploads\/2024\/12\/2016-06-17_Cullen_006.jpg 1200w, https:\/\/www.oliver-kilb.de\/www\/wp-content\/uploads\/2024\/12\/2016-06-17_Cullen_006-500x333.jpg 500w, https:\/\/www.oliver-kilb.de\/www\/wp-content\/uploads\/2024\/12\/2016-06-17_Cullen_006-300x200.jpg 300w, https:\/\/www.oliver-kilb.de\/www\/wp-content\/uploads\/2024\/12\/2016-06-17_Cullen_006-768x512.jpg 768w\" sizes=\"auto, (max-width: 1200px) 100vw, 1200px\" \/><\/figure>\n\n\n\n<figure class=\"wp-block-image size-large\"><img loading=\"lazy\" decoding=\"async\" width=\"1200\" height=\"800\" data-id=\"34083\" src=\"https:\/\/www.oliver-kilb.de\/www\/wp-content\/uploads\/2024\/12\/2016-06-17_Cullen_007.jpg\" alt=\"\" class=\"wp-image-34083\" srcset=\"https:\/\/www.oliver-kilb.de\/www\/wp-content\/uploads\/2024\/12\/2016-06-17_Cullen_007.jpg 1200w, https:\/\/www.oliver-kilb.de\/www\/wp-content\/uploads\/2024\/12\/2016-06-17_Cullen_007-500x333.jpg 500w, https:\/\/www.oliver-kilb.de\/www\/wp-content\/uploads\/2024\/12\/2016-06-17_Cullen_007-300x200.jpg 300w, https:\/\/www.oliver-kilb.de\/www\/wp-content\/uploads\/2024\/12\/2016-06-17_Cullen_007-768x512.jpg 768w\" sizes=\"auto, (max-width: 1200px) 100vw, 1200px\" \/><\/figure>\n\n\n\n<figure class=\"wp-block-image size-large\"><img loading=\"lazy\" decoding=\"async\" width=\"1200\" height=\"800\" data-id=\"34082\" src=\"https:\/\/www.oliver-kilb.de\/www\/wp-content\/uploads\/2024\/12\/2016-06-17_Cullen_013.jpg\" alt=\"\" class=\"wp-image-34082\" srcset=\"https:\/\/www.oliver-kilb.de\/www\/wp-content\/uploads\/2024\/12\/2016-06-17_Cullen_013.jpg 1200w, https:\/\/www.oliver-kilb.de\/www\/wp-content\/uploads\/2024\/12\/2016-06-17_Cullen_013-500x333.jpg 500w, https:\/\/www.oliver-kilb.de\/www\/wp-content\/uploads\/2024\/12\/2016-06-17_Cullen_013-300x200.jpg 300w, https:\/\/www.oliver-kilb.de\/www\/wp-content\/uploads\/2024\/12\/2016-06-17_Cullen_013-768x512.jpg 768w\" sizes=\"auto, (max-width: 1200px) 100vw, 1200px\" \/><\/figure>\n<\/figure>\n\n\n\n<hr class=\"wp-block-separator has-alpha-channel-opacity\"\/>\n\n\n\n<h2 class=\"wp-block-heading\">Sonnenuntergang in Pennan.<\/h2>\n\n\n<div class=\"wp-block-image\">\n<figure class=\"alignleft size-full is-resized\"><a href=\"https:\/\/www.oliver-kilb.de\/www\/wp-content\/uploads\/2024\/12\/2016-06-17_Pennan_012.jpg\"><img loading=\"lazy\" decoding=\"async\" width=\"1200\" height=\"800\" src=\"https:\/\/www.oliver-kilb.de\/www\/wp-content\/uploads\/2024\/12\/2016-06-17_Pennan_012.jpg\" alt=\"\" class=\"wp-image-34087\" style=\"width:300px\" srcset=\"https:\/\/www.oliver-kilb.de\/www\/wp-content\/uploads\/2024\/12\/2016-06-17_Pennan_012.jpg 1200w, https:\/\/www.oliver-kilb.de\/www\/wp-content\/uploads\/2024\/12\/2016-06-17_Pennan_012-500x333.jpg 500w, https:\/\/www.oliver-kilb.de\/www\/wp-content\/uploads\/2024\/12\/2016-06-17_Pennan_012-300x200.jpg 300w, https:\/\/www.oliver-kilb.de\/www\/wp-content\/uploads\/2024\/12\/2016-06-17_Pennan_012-768x512.jpg 768w\" sizes=\"auto, (max-width: 1200px) 100vw, 1200px\" \/><\/a><figcaption class=\"wp-element-caption\">Letzter Abend in Pennan<\/figcaption><\/figure>\n<\/div>\n\n\n<p>Wie schon an vielen Tagen zuvor hatten wir erneut einen tollen Sonnenuntergang&#8230; und so verabschiedeten wir uns von Pennan. Das Wetter klarte auf, der Wind lie\u00df so langsam nach, und wir a\u00dfen&nbsp;im Pennan Inn noch einmal gut zu Abend. Dieses Mal lie\u00df ich es mir allerdings nicht nehmen, noch ein paar Whiskys aus der Region zu probieren.<\/p>\n\n\n\n<p>Am Tag darauf ging es wieder zur\u00fcck nach Deutschland, aber das war nicht unser letzter Besuch in Schottland. Beim n\u00e4chsten Mal wahrscheinlich noch weiter in den Nordwesten.<\/p>\n\n\n\n<figure class=\"wp-block-gallery has-nested-images columns-default is-cropped wp-block-gallery-2 is-layout-flex wp-block-gallery-is-layout-flex\">\n<figure class=\"wp-block-image size-large\"><img loading=\"lazy\" decoding=\"async\" width=\"1200\" height=\"800\" data-id=\"34093\" src=\"https:\/\/www.oliver-kilb.de\/www\/wp-content\/uploads\/2024\/12\/2016-06-17_Pennan_001.jpg\" alt=\"\" class=\"wp-image-34093\" srcset=\"https:\/\/www.oliver-kilb.de\/www\/wp-content\/uploads\/2024\/12\/2016-06-17_Pennan_001.jpg 1200w, https:\/\/www.oliver-kilb.de\/www\/wp-content\/uploads\/2024\/12\/2016-06-17_Pennan_001-500x333.jpg 500w, https:\/\/www.oliver-kilb.de\/www\/wp-content\/uploads\/2024\/12\/2016-06-17_Pennan_001-300x200.jpg 300w, https:\/\/www.oliver-kilb.de\/www\/wp-content\/uploads\/2024\/12\/2016-06-17_Pennan_001-768x512.jpg 768w\" sizes=\"auto, (max-width: 1200px) 100vw, 1200px\" \/><\/figure>\n\n\n\n<figure class=\"wp-block-image size-large\"><img loading=\"lazy\" decoding=\"async\" width=\"1200\" height=\"800\" data-id=\"34088\" src=\"https:\/\/www.oliver-kilb.de\/www\/wp-content\/uploads\/2024\/12\/2016-06-17_Pennan_004.jpg\" alt=\"\" class=\"wp-image-34088\" srcset=\"https:\/\/www.oliver-kilb.de\/www\/wp-content\/uploads\/2024\/12\/2016-06-17_Pennan_004.jpg 1200w, https:\/\/www.oliver-kilb.de\/www\/wp-content\/uploads\/2024\/12\/2016-06-17_Pennan_004-500x333.jpg 500w, https:\/\/www.oliver-kilb.de\/www\/wp-content\/uploads\/2024\/12\/2016-06-17_Pennan_004-300x200.jpg 300w, https:\/\/www.oliver-kilb.de\/www\/wp-content\/uploads\/2024\/12\/2016-06-17_Pennan_004-768x512.jpg 768w\" sizes=\"auto, (max-width: 1200px) 100vw, 1200px\" \/><\/figure>\n\n\n\n<figure class=\"wp-block-image size-large\"><img loading=\"lazy\" decoding=\"async\" width=\"1200\" height=\"800\" data-id=\"34091\" src=\"https:\/\/www.oliver-kilb.de\/www\/wp-content\/uploads\/2024\/12\/2016-06-17_Pennan_007.jpg\" alt=\"\" class=\"wp-image-34091\" srcset=\"https:\/\/www.oliver-kilb.de\/www\/wp-content\/uploads\/2024\/12\/2016-06-17_Pennan_007.jpg 1200w, https:\/\/www.oliver-kilb.de\/www\/wp-content\/uploads\/2024\/12\/2016-06-17_Pennan_007-500x333.jpg 500w, https:\/\/www.oliver-kilb.de\/www\/wp-content\/uploads\/2024\/12\/2016-06-17_Pennan_007-300x200.jpg 300w, https:\/\/www.oliver-kilb.de\/www\/wp-content\/uploads\/2024\/12\/2016-06-17_Pennan_007-768x512.jpg 768w\" sizes=\"auto, (max-width: 1200px) 100vw, 1200px\" \/><\/figure>\n\n\n\n<figure class=\"wp-block-image size-large\"><img loading=\"lazy\" decoding=\"async\" width=\"1200\" height=\"800\" data-id=\"34090\" src=\"https:\/\/www.oliver-kilb.de\/www\/wp-content\/uploads\/2024\/12\/2016-06-17_Pennan_011.jpg\" alt=\"\" class=\"wp-image-34090\" srcset=\"https:\/\/www.oliver-kilb.de\/www\/wp-content\/uploads\/2024\/12\/2016-06-17_Pennan_011.jpg 1200w, https:\/\/www.oliver-kilb.de\/www\/wp-content\/uploads\/2024\/12\/2016-06-17_Pennan_011-500x333.jpg 500w, https:\/\/www.oliver-kilb.de\/www\/wp-content\/uploads\/2024\/12\/2016-06-17_Pennan_011-300x200.jpg 300w, https:\/\/www.oliver-kilb.de\/www\/wp-content\/uploads\/2024\/12\/2016-06-17_Pennan_011-768x512.jpg 768w\" sizes=\"auto, (max-width: 1200px) 100vw, 1200px\" \/><\/figure>\n\n\n\n<figure class=\"wp-block-image size-large\"><img loading=\"lazy\" decoding=\"async\" width=\"1200\" height=\"800\" data-id=\"34092\" src=\"https:\/\/www.oliver-kilb.de\/www\/wp-content\/uploads\/2024\/12\/2016-06-17_Pennan_016.jpg\" alt=\"\" class=\"wp-image-34092\" srcset=\"https:\/\/www.oliver-kilb.de\/www\/wp-content\/uploads\/2024\/12\/2016-06-17_Pennan_016.jpg 1200w, https:\/\/www.oliver-kilb.de\/www\/wp-content\/uploads\/2024\/12\/2016-06-17_Pennan_016-500x333.jpg 500w, https:\/\/www.oliver-kilb.de\/www\/wp-content\/uploads\/2024\/12\/2016-06-17_Pennan_016-300x200.jpg 300w, https:\/\/www.oliver-kilb.de\/www\/wp-content\/uploads\/2024\/12\/2016-06-17_Pennan_016-768x512.jpg 768w\" sizes=\"auto, (max-width: 1200px) 100vw, 1200px\" \/><\/figure>\n\n\n\n<figure class=\"wp-block-image size-large\"><img loading=\"lazy\" decoding=\"async\" width=\"1200\" height=\"800\" data-id=\"34089\" src=\"https:\/\/www.oliver-kilb.de\/www\/wp-content\/uploads\/2024\/12\/2016-06-17_Pennan_023.jpg\" alt=\"\" class=\"wp-image-34089\" srcset=\"https:\/\/www.oliver-kilb.de\/www\/wp-content\/uploads\/2024\/12\/2016-06-17_Pennan_023.jpg 1200w, https:\/\/www.oliver-kilb.de\/www\/wp-content\/uploads\/2024\/12\/2016-06-17_Pennan_023-500x333.jpg 500w, https:\/\/www.oliver-kilb.de\/www\/wp-content\/uploads\/2024\/12\/2016-06-17_Pennan_023-300x200.jpg 300w, https:\/\/www.oliver-kilb.de\/www\/wp-content\/uploads\/2024\/12\/2016-06-17_Pennan_023-768x512.jpg 768w\" sizes=\"auto, (max-width: 1200px) 100vw, 1200px\" \/><\/figure>\n<\/figure>\n","protected":false},"excerpt":{"rendered":"<p>Der Urlaub ging zu Ende, am letzten Tag regnete es erneut. Also gab es nur kurze Abstecher und ein paar Stimmungsfotos aus Cullen.<\/p>\n","protected":false},"author":1,"featured_media":34087,"comment_status":"open","ping_status":"open","sticky":false,"template":"","format":"standard","meta":{"iawp_total_views":4,"footnotes":""},"categories":[15,652],"tags":[671,670],"class_list":["post-34079","post","type-post","status-publish","format-standard","has-post-thumbnail","hentry","category-blog","category-schottland","tag-cullen","tag-cullen-skink"],"yoast_head":"<!-- This site is optimized with the Yoast SEO plugin v27.3 - https:\/\/yoast.com\/product\/yoast-seo-wordpress\/ -->\n<title>Schottland, Tag 10: Kurzabstecher nach Cullen. - Japan, Wandern und Multimedia<\/title>\n<meta name=\"description\" content=\"Der Urlaub ging zu Ende, am letzten Tag regnete es erneut. Also gab es nur kurze Abstecher und ein paar Stimmungsfotos aus Cullen.\" \/>\n<meta name=\"robots\" content=\"index, follow, max-snippet:-1, max-image-preview:large, max-video-preview:-1\" \/>\n<link rel=\"canonical\" href=\"https:\/\/www.oliver-kilb.de\/www\/2016\/09\/07\/schottland-tag-10-kurzabstecher-nach-cullen\/\" \/>\n<meta property=\"og:locale\" content=\"de_DE\" \/>\n<meta property=\"og:type\" content=\"article\" \/>\n<meta property=\"og:title\" content=\"Schottland, Tag 10: Kurzabstecher nach Cullen. - Japan, Wandern und Multimedia\" \/>\n<meta property=\"og:description\" content=\"Der Urlaub ging zu Ende, am letzten Tag regnete es erneut. Also gab es nur kurze Abstecher und ein paar Stimmungsfotos aus Cullen.\" \/>\n<meta property=\"og:url\" content=\"https:\/\/www.oliver-kilb.de\/www\/2016\/09\/07\/schottland-tag-10-kurzabstecher-nach-cullen\/\" \/>\n<meta property=\"og:site_name\" content=\"Japan, Wandern und Multimedia\" \/>\n<meta property=\"article:published_time\" content=\"2016-09-07T17:00:00+00:00\" \/>\n<meta property=\"article:modified_time\" content=\"2024-12-06T18:04:06+00:00\" \/>\n<meta property=\"og:image\" content=\"https:\/\/www.oliver-kilb.de\/www\/wp-content\/uploads\/2024\/12\/2016-06-17_Pennan_012.jpg\" \/>\n\t<meta property=\"og:image:width\" content=\"1200\" \/>\n\t<meta property=\"og:image:height\" content=\"800\" \/>\n\t<meta property=\"og:image:type\" content=\"image\/jpeg\" \/>\n<meta name=\"author\" content=\"Oliver Kilb\" \/>\n<meta name=\"twitter:card\" content=\"summary_large_image\" \/>\n<meta name=\"twitter:label1\" content=\"Verfasst von\" \/>\n\t<meta name=\"twitter:data1\" content=\"Oliver Kilb\" \/>\n\t<meta name=\"twitter:label2\" content=\"Gesch\u00e4tzte Lesezeit\" \/>\n\t<meta name=\"twitter:data2\" content=\"4\u00a0Minuten\" \/>\n<script type=\"application\/ld+json\" class=\"yoast-schema-graph\">{\"@context\":\"https:\\\/\\\/schema.org\",\"@graph\":[{\"@type\":\"Article\",\"@id\":\"https:\\\/\\\/www.oliver-kilb.de\\\/www\\\/2016\\\/09\\\/07\\\/schottland-tag-10-kurzabstecher-nach-cullen\\\/#article\",\"isPartOf\":{\"@id\":\"https:\\\/\\\/www.oliver-kilb.de\\\/www\\\/2016\\\/09\\\/07\\\/schottland-tag-10-kurzabstecher-nach-cullen\\\/\"},\"author\":{\"name\":\"Oliver Kilb\",\"@id\":\"https:\\\/\\\/www.oliver-kilb.de\\\/www\\\/#\\\/schema\\\/person\\\/c2b19a881050135aa248a8851b7b4250\"},\"headline\":\"Schottland, Tag 10: Kurzabstecher nach Cullen.\",\"datePublished\":\"2016-09-07T17:00:00+00:00\",\"dateModified\":\"2024-12-06T18:04:06+00:00\",\"mainEntityOfPage\":{\"@id\":\"https:\\\/\\\/www.oliver-kilb.de\\\/www\\\/2016\\\/09\\\/07\\\/schottland-tag-10-kurzabstecher-nach-cullen\\\/\"},\"wordCount\":220,\"commentCount\":0,\"publisher\":{\"@id\":\"https:\\\/\\\/www.oliver-kilb.de\\\/www\\\/#organization\"},\"image\":{\"@id\":\"https:\\\/\\\/www.oliver-kilb.de\\\/www\\\/2016\\\/09\\\/07\\\/schottland-tag-10-kurzabstecher-nach-cullen\\\/#primaryimage\"},\"thumbnailUrl\":\"https:\\\/\\\/www.oliver-kilb.de\\\/www\\\/wp-content\\\/uploads\\\/2024\\\/12\\\/2016-06-17_Pennan_012.jpg\",\"keywords\":[\"Cullen\",\"Cullen Skink\"],\"articleSection\":[\"Blog\",\"Schottland\"],\"inLanguage\":\"de\",\"potentialAction\":[{\"@type\":\"CommentAction\",\"name\":\"Comment\",\"target\":[\"https:\\\/\\\/www.oliver-kilb.de\\\/www\\\/2016\\\/09\\\/07\\\/schottland-tag-10-kurzabstecher-nach-cullen\\\/#respond\"]}]},{\"@type\":\"WebPage\",\"@id\":\"https:\\\/\\\/www.oliver-kilb.de\\\/www\\\/2016\\\/09\\\/07\\\/schottland-tag-10-kurzabstecher-nach-cullen\\\/\",\"url\":\"https:\\\/\\\/www.oliver-kilb.de\\\/www\\\/2016\\\/09\\\/07\\\/schottland-tag-10-kurzabstecher-nach-cullen\\\/\",\"name\":\"Schottland, Tag 10: Kurzabstecher nach Cullen. - Japan, Wandern und Multimedia\",\"isPartOf\":{\"@id\":\"https:\\\/\\\/www.oliver-kilb.de\\\/www\\\/#website\"},\"primaryImageOfPage\":{\"@id\":\"https:\\\/\\\/www.oliver-kilb.de\\\/www\\\/2016\\\/09\\\/07\\\/schottland-tag-10-kurzabstecher-nach-cullen\\\/#primaryimage\"},\"image\":{\"@id\":\"https:\\\/\\\/www.oliver-kilb.de\\\/www\\\/2016\\\/09\\\/07\\\/schottland-tag-10-kurzabstecher-nach-cullen\\\/#primaryimage\"},\"thumbnailUrl\":\"https:\\\/\\\/www.oliver-kilb.de\\\/www\\\/wp-content\\\/uploads\\\/2024\\\/12\\\/2016-06-17_Pennan_012.jpg\",\"datePublished\":\"2016-09-07T17:00:00+00:00\",\"dateModified\":\"2024-12-06T18:04:06+00:00\",\"description\":\"Der Urlaub ging zu Ende, am letzten Tag regnete es erneut. Also gab es nur kurze Abstecher und ein paar Stimmungsfotos aus Cullen.\",\"breadcrumb\":{\"@id\":\"https:\\\/\\\/www.oliver-kilb.de\\\/www\\\/2016\\\/09\\\/07\\\/schottland-tag-10-kurzabstecher-nach-cullen\\\/#breadcrumb\"},\"inLanguage\":\"de\",\"potentialAction\":[{\"@type\":\"ReadAction\",\"target\":[\"https:\\\/\\\/www.oliver-kilb.de\\\/www\\\/2016\\\/09\\\/07\\\/schottland-tag-10-kurzabstecher-nach-cullen\\\/\"]}]},{\"@type\":\"ImageObject\",\"inLanguage\":\"de\",\"@id\":\"https:\\\/\\\/www.oliver-kilb.de\\\/www\\\/2016\\\/09\\\/07\\\/schottland-tag-10-kurzabstecher-nach-cullen\\\/#primaryimage\",\"url\":\"https:\\\/\\\/www.oliver-kilb.de\\\/www\\\/wp-content\\\/uploads\\\/2024\\\/12\\\/2016-06-17_Pennan_012.jpg\",\"contentUrl\":\"https:\\\/\\\/www.oliver-kilb.de\\\/www\\\/wp-content\\\/uploads\\\/2024\\\/12\\\/2016-06-17_Pennan_012.jpg\",\"width\":1200,\"height\":800},{\"@type\":\"BreadcrumbList\",\"@id\":\"https:\\\/\\\/www.oliver-kilb.de\\\/www\\\/2016\\\/09\\\/07\\\/schottland-tag-10-kurzabstecher-nach-cullen\\\/#breadcrumb\",\"itemListElement\":[{\"@type\":\"ListItem\",\"position\":1,\"name\":\"Startseite\",\"item\":\"https:\\\/\\\/www.oliver-kilb.de\\\/www\\\/\"},{\"@type\":\"ListItem\",\"position\":2,\"name\":\"Schottland, Tag 10: Kurzabstecher nach Cullen.\"}]},{\"@type\":\"WebSite\",\"@id\":\"https:\\\/\\\/www.oliver-kilb.de\\\/www\\\/#website\",\"url\":\"https:\\\/\\\/www.oliver-kilb.de\\\/www\\\/\",\"name\":\"Japan, Wandern und Multimedia\",\"description\":\"\",\"publisher\":{\"@id\":\"https:\\\/\\\/www.oliver-kilb.de\\\/www\\\/#organization\"},\"potentialAction\":[{\"@type\":\"SearchAction\",\"target\":{\"@type\":\"EntryPoint\",\"urlTemplate\":\"https:\\\/\\\/www.oliver-kilb.de\\\/www\\\/?s={search_term_string}\"},\"query-input\":{\"@type\":\"PropertyValueSpecification\",\"valueRequired\":true,\"valueName\":\"search_term_string\"}}],\"inLanguage\":\"de\"},{\"@type\":\"Organization\",\"@id\":\"https:\\\/\\\/www.oliver-kilb.de\\\/www\\\/#organization\",\"name\":\"Japan, Wandern und Multimedia\",\"url\":\"https:\\\/\\\/www.oliver-kilb.de\\\/www\\\/\",\"logo\":{\"@type\":\"ImageObject\",\"inLanguage\":\"de\",\"@id\":\"https:\\\/\\\/www.oliver-kilb.de\\\/www\\\/#\\\/schema\\\/logo\\\/image\\\/\",\"url\":\"https:\\\/\\\/www.oliver-kilb.de\\\/www\\\/wp-content\\\/uploads\\\/2024\\\/07\\\/Fushimi-Inari-Schrein_075_DxO.jpg\",\"contentUrl\":\"https:\\\/\\\/www.oliver-kilb.de\\\/www\\\/wp-content\\\/uploads\\\/2024\\\/07\\\/Fushimi-Inari-Schrein_075_DxO.jpg\",\"width\":1380,\"height\":301,\"caption\":\"Japan, Wandern und Multimedia\"},\"image\":{\"@id\":\"https:\\\/\\\/www.oliver-kilb.de\\\/www\\\/#\\\/schema\\\/logo\\\/image\\\/\"}},{\"@type\":\"Person\",\"@id\":\"https:\\\/\\\/www.oliver-kilb.de\\\/www\\\/#\\\/schema\\\/person\\\/c2b19a881050135aa248a8851b7b4250\",\"name\":\"Oliver Kilb\",\"image\":{\"@type\":\"ImageObject\",\"inLanguage\":\"de\",\"@id\":\"https:\\\/\\\/secure.gravatar.com\\\/avatar\\\/4da50eb2c6eb71b0641229eed4a38d05c8d4b458a59355cca0d02b57303d6ffd?s=96&d=mm&r=g\",\"url\":\"https:\\\/\\\/secure.gravatar.com\\\/avatar\\\/4da50eb2c6eb71b0641229eed4a38d05c8d4b458a59355cca0d02b57303d6ffd?s=96&d=mm&r=g\",\"contentUrl\":\"https:\\\/\\\/secure.gravatar.com\\\/avatar\\\/4da50eb2c6eb71b0641229eed4a38d05c8d4b458a59355cca0d02b57303d6ffd?s=96&d=mm&r=g\",\"caption\":\"Oliver Kilb\"},\"sameAs\":[\"https:\\\/\\\/www.oliver-kilb.de\\\/www\"],\"url\":\"https:\\\/\\\/www.oliver-kilb.de\\\/www\\\/author\\\/oliver-kilb\\\/\"}]}<\/script>\n<!-- \/ Yoast SEO plugin. -->","yoast_head_json":{"title":"Schottland, Tag 10: Kurzabstecher nach Cullen. - Japan, Wandern und Multimedia","description":"Der Urlaub ging zu Ende, am letzten Tag regnete es erneut. Also gab es nur kurze Abstecher und ein paar Stimmungsfotos aus Cullen.","robots":{"index":"index","follow":"follow","max-snippet":"max-snippet:-1","max-image-preview":"max-image-preview:large","max-video-preview":"max-video-preview:-1"},"canonical":"https:\/\/www.oliver-kilb.de\/www\/2016\/09\/07\/schottland-tag-10-kurzabstecher-nach-cullen\/","og_locale":"de_DE","og_type":"article","og_title":"Schottland, Tag 10: Kurzabstecher nach Cullen. - Japan, Wandern und Multimedia","og_description":"Der Urlaub ging zu Ende, am letzten Tag regnete es erneut. Also gab es nur kurze Abstecher und ein paar Stimmungsfotos aus Cullen.","og_url":"https:\/\/www.oliver-kilb.de\/www\/2016\/09\/07\/schottland-tag-10-kurzabstecher-nach-cullen\/","og_site_name":"Japan, Wandern und Multimedia","article_published_time":"2016-09-07T17:00:00+00:00","article_modified_time":"2024-12-06T18:04:06+00:00","og_image":[{"width":1200,"height":800,"url":"https:\/\/www.oliver-kilb.de\/www\/wp-content\/uploads\/2024\/12\/2016-06-17_Pennan_012.jpg","type":"image\/jpeg"}],"author":"Oliver Kilb","twitter_card":"summary_large_image","twitter_misc":{"Verfasst von":"Oliver Kilb","Gesch\u00e4tzte Lesezeit":"4\u00a0Minuten"},"schema":{"@context":"https:\/\/schema.org","@graph":[{"@type":"Article","@id":"https:\/\/www.oliver-kilb.de\/www\/2016\/09\/07\/schottland-tag-10-kurzabstecher-nach-cullen\/#article","isPartOf":{"@id":"https:\/\/www.oliver-kilb.de\/www\/2016\/09\/07\/schottland-tag-10-kurzabstecher-nach-cullen\/"},"author":{"name":"Oliver Kilb","@id":"https:\/\/www.oliver-kilb.de\/www\/#\/schema\/person\/c2b19a881050135aa248a8851b7b4250"},"headline":"Schottland, Tag 10: Kurzabstecher nach Cullen.","datePublished":"2016-09-07T17:00:00+00:00","dateModified":"2024-12-06T18:04:06+00:00","mainEntityOfPage":{"@id":"https:\/\/www.oliver-kilb.de\/www\/2016\/09\/07\/schottland-tag-10-kurzabstecher-nach-cullen\/"},"wordCount":220,"commentCount":0,"publisher":{"@id":"https:\/\/www.oliver-kilb.de\/www\/#organization"},"image":{"@id":"https:\/\/www.oliver-kilb.de\/www\/2016\/09\/07\/schottland-tag-10-kurzabstecher-nach-cullen\/#primaryimage"},"thumbnailUrl":"https:\/\/www.oliver-kilb.de\/www\/wp-content\/uploads\/2024\/12\/2016-06-17_Pennan_012.jpg","keywords":["Cullen","Cullen Skink"],"articleSection":["Blog","Schottland"],"inLanguage":"de","potentialAction":[{"@type":"CommentAction","name":"Comment","target":["https:\/\/www.oliver-kilb.de\/www\/2016\/09\/07\/schottland-tag-10-kurzabstecher-nach-cullen\/#respond"]}]},{"@type":"WebPage","@id":"https:\/\/www.oliver-kilb.de\/www\/2016\/09\/07\/schottland-tag-10-kurzabstecher-nach-cullen\/","url":"https:\/\/www.oliver-kilb.de\/www\/2016\/09\/07\/schottland-tag-10-kurzabstecher-nach-cullen\/","name":"Schottland, Tag 10: Kurzabstecher nach Cullen. - Japan, Wandern und Multimedia","isPartOf":{"@id":"https:\/\/www.oliver-kilb.de\/www\/#website"},"primaryImageOfPage":{"@id":"https:\/\/www.oliver-kilb.de\/www\/2016\/09\/07\/schottland-tag-10-kurzabstecher-nach-cullen\/#primaryimage"},"image":{"@id":"https:\/\/www.oliver-kilb.de\/www\/2016\/09\/07\/schottland-tag-10-kurzabstecher-nach-cullen\/#primaryimage"},"thumbnailUrl":"https:\/\/www.oliver-kilb.de\/www\/wp-content\/uploads\/2024\/12\/2016-06-17_Pennan_012.jpg","datePublished":"2016-09-07T17:00:00+00:00","dateModified":"2024-12-06T18:04:06+00:00","description":"Der Urlaub ging zu Ende, am letzten Tag regnete es erneut. Also gab es nur kurze Abstecher und ein paar Stimmungsfotos aus Cullen.","breadcrumb":{"@id":"https:\/\/www.oliver-kilb.de\/www\/2016\/09\/07\/schottland-tag-10-kurzabstecher-nach-cullen\/#breadcrumb"},"inLanguage":"de","potentialAction":[{"@type":"ReadAction","target":["https:\/\/www.oliver-kilb.de\/www\/2016\/09\/07\/schottland-tag-10-kurzabstecher-nach-cullen\/"]}]},{"@type":"ImageObject","inLanguage":"de","@id":"https:\/\/www.oliver-kilb.de\/www\/2016\/09\/07\/schottland-tag-10-kurzabstecher-nach-cullen\/#primaryimage","url":"https:\/\/www.oliver-kilb.de\/www\/wp-content\/uploads\/2024\/12\/2016-06-17_Pennan_012.jpg","contentUrl":"https:\/\/www.oliver-kilb.de\/www\/wp-content\/uploads\/2024\/12\/2016-06-17_Pennan_012.jpg","width":1200,"height":800},{"@type":"BreadcrumbList","@id":"https:\/\/www.oliver-kilb.de\/www\/2016\/09\/07\/schottland-tag-10-kurzabstecher-nach-cullen\/#breadcrumb","itemListElement":[{"@type":"ListItem","position":1,"name":"Startseite","item":"https:\/\/www.oliver-kilb.de\/www\/"},{"@type":"ListItem","position":2,"name":"Schottland, Tag 10: Kurzabstecher nach Cullen."}]},{"@type":"WebSite","@id":"https:\/\/www.oliver-kilb.de\/www\/#website","url":"https:\/\/www.oliver-kilb.de\/www\/","name":"Japan, Wandern und Multimedia","description":"","publisher":{"@id":"https:\/\/www.oliver-kilb.de\/www\/#organization"},"potentialAction":[{"@type":"SearchAction","target":{"@type":"EntryPoint","urlTemplate":"https:\/\/www.oliver-kilb.de\/www\/?s={search_term_string}"},"query-input":{"@type":"PropertyValueSpecification","valueRequired":true,"valueName":"search_term_string"}}],"inLanguage":"de"},{"@type":"Organization","@id":"https:\/\/www.oliver-kilb.de\/www\/#organization","name":"Japan, Wandern und Multimedia","url":"https:\/\/www.oliver-kilb.de\/www\/","logo":{"@type":"ImageObject","inLanguage":"de","@id":"https:\/\/www.oliver-kilb.de\/www\/#\/schema\/logo\/image\/","url":"https:\/\/www.oliver-kilb.de\/www\/wp-content\/uploads\/2024\/07\/Fushimi-Inari-Schrein_075_DxO.jpg","contentUrl":"https:\/\/www.oliver-kilb.de\/www\/wp-content\/uploads\/2024\/07\/Fushimi-Inari-Schrein_075_DxO.jpg","width":1380,"height":301,"caption":"Japan, Wandern und Multimedia"},"image":{"@id":"https:\/\/www.oliver-kilb.de\/www\/#\/schema\/logo\/image\/"}},{"@type":"Person","@id":"https:\/\/www.oliver-kilb.de\/www\/#\/schema\/person\/c2b19a881050135aa248a8851b7b4250","name":"Oliver Kilb","image":{"@type":"ImageObject","inLanguage":"de","@id":"https:\/\/secure.gravatar.com\/avatar\/4da50eb2c6eb71b0641229eed4a38d05c8d4b458a59355cca0d02b57303d6ffd?s=96&d=mm&r=g","url":"https:\/\/secure.gravatar.com\/avatar\/4da50eb2c6eb71b0641229eed4a38d05c8d4b458a59355cca0d02b57303d6ffd?s=96&d=mm&r=g","contentUrl":"https:\/\/secure.gravatar.com\/avatar\/4da50eb2c6eb71b0641229eed4a38d05c8d4b458a59355cca0d02b57303d6ffd?s=96&d=mm&r=g","caption":"Oliver Kilb"},"sameAs":["https:\/\/www.oliver-kilb.de\/www"],"url":"https:\/\/www.oliver-kilb.de\/www\/author\/oliver-kilb\/"}]}},"amp_enabled":true,"_links":{"self":[{"href":"https:\/\/www.oliver-kilb.de\/www\/wp-json\/wp\/v2\/posts\/34079","targetHints":{"allow":["GET"]}}],"collection":[{"href":"https:\/\/www.oliver-kilb.de\/www\/wp-json\/wp\/v2\/posts"}],"about":[{"href":"https:\/\/www.oliver-kilb.de\/www\/wp-json\/wp\/v2\/types\/post"}],"author":[{"embeddable":true,"href":"https:\/\/www.oliver-kilb.de\/www\/wp-json\/wp\/v2\/users\/1"}],"replies":[{"embeddable":true,"href":"https:\/\/www.oliver-kilb.de\/www\/wp-json\/wp\/v2\/comments?post=34079"}],"version-history":[{"count":1,"href":"https:\/\/www.oliver-kilb.de\/www\/wp-json\/wp\/v2\/posts\/34079\/revisions"}],"predecessor-version":[{"id":34094,"href":"https:\/\/www.oliver-kilb.de\/www\/wp-json\/wp\/v2\/posts\/34079\/revisions\/34094"}],"wp:featuredmedia":[{"embeddable":true,"href":"https:\/\/www.oliver-kilb.de\/www\/wp-json\/wp\/v2\/media\/34087"}],"wp:attachment":[{"href":"https:\/\/www.oliver-kilb.de\/www\/wp-json\/wp\/v2\/media?parent=34079"}],"wp:term":[{"taxonomy":"category","embeddable":true,"href":"https:\/\/www.oliver-kilb.de\/www\/wp-json\/wp\/v2\/categories?post=34079"},{"taxonomy":"post_tag","embeddable":true,"href":"https:\/\/www.oliver-kilb.de\/www\/wp-json\/wp\/v2\/tags?post=34079"}],"curies":[{"name":"wp","href":"https:\/\/api.w.org\/{rel}","templated":true}]}}