{"id":33387,"date":"2015-09-14T20:28:00","date_gmt":"2015-09-14T18:28:00","guid":{"rendered":"https:\/\/www.oliver-kilb.de\/www\/?p=33387"},"modified":"2024-12-03T20:36:34","modified_gmt":"2024-12-03T19:36:34","slug":"aso-san-vulkanausbruch-in-meiner-alten-heimat","status":"publish","type":"post","link":"https:\/\/www.oliver-kilb.de\/www\/2015\/09\/14\/aso-san-vulkanausbruch-in-meiner-alten-heimat\/","title":{"rendered":"Aso-San: Vulkanausbruch in meiner &#8222;alten&#8220; Heimat."},"content":{"rendered":"\n<p><strong>Der Vulkan Aso-San auf Kyushu, in der N\u00e4he meiner alten Heimatstadt Kumamoto, ist nach monatelangem Grummeln ausgebrochen. Wo man als Tourist bis zum Kraterrand gehen konnte, steht nun eine hohe Asches\u00e4ule.<\/strong><\/p>\n\n\n\n<h2 class=\"wp-block-heading\">Spektakul\u00e4rer Ausbruch.<\/h2>\n\n\n<div class=\"wp-block-image\">\n<figure class=\"alignleft size-full is-resized\"><a href=\"https:\/\/www.oliver-kilb.de\/www\/wp-content\/uploads\/2024\/08\/Film-03_03.jpg\"><img loading=\"lazy\" decoding=\"async\" width=\"1200\" height=\"789\" src=\"https:\/\/www.oliver-kilb.de\/www\/wp-content\/uploads\/2024\/08\/Film-03_03.jpg\" alt=\"Das Schild sagt: Stop! Stehenbleiben!\" class=\"wp-image-223\" style=\"width:300px\" srcset=\"https:\/\/www.oliver-kilb.de\/www\/wp-content\/uploads\/2024\/08\/Film-03_03.jpg 1200w, https:\/\/www.oliver-kilb.de\/www\/wp-content\/uploads\/2024\/08\/Film-03_03-500x329.jpg 500w, https:\/\/www.oliver-kilb.de\/www\/wp-content\/uploads\/2024\/08\/Film-03_03-300x197.jpg 300w, https:\/\/www.oliver-kilb.de\/www\/wp-content\/uploads\/2024\/08\/Film-03_03-768x505.jpg 768w\" sizes=\"auto, (max-width: 1200px) 100vw, 1200px\" \/><\/a><figcaption class=\"wp-element-caption\">Das Schild sagt: Stop! Stehenbleiben!<\/figcaption><\/figure>\n<\/div>\n\n\n<p><a href=\"https:\/\/www.oliver-kilb.de\/www\/2000\/05\/22\/22-05-2000-deutsche-woche\/\">Gut 15 Jahre ist es her<\/a>, dass ich zum letzten Mal an seinem Kraterrand stand &#8211; schon damals war der Vulkan als &#8222;aktiv&#8220; bekannt, und zahlreiche Warnschilder zierten seine Umgebung. F\u00fcr Notf\u00e4lle waren auch rund herum Betonbunker bzw. Beton-Unterst\u00e4nde errichtet, falls er ohne Vorwarnung mal wieder Felsen spucken sollte. Und nun war es soweit, er erwachte wieder zum Leben.<\/p>\n\n\n\n<p>Ein beeindruckendes Video ist auf YouTube zu finden, die Aufnahmen der BBC geben einen guten Eindruck von der Wucht des Ausbruchs. Im oben verlinkten Beitrag sieht man ein Foto, wie wir auf dem Weg Richtung Krater gehen, und daneben\/dahinter die vielen Betonbunker, die man als Notunterst\u00e4nde nutzen kann. Die sieht man auch auf dem Video &#8211; und man merkt, wie nahe man dem Krater ist.<\/p>\n\n\n\n<iframe loading=\"lazy\" width=\"560\" height=\"315\" src=\"https:\/\/www.youtube.com\/embed\/oL-yU_eXoxs?si=j_o4rW74kVjt21yo\" title=\"YouTube video player\" frameborder=\"0\" allow=\"accelerometer; autoplay; clipboard-write; encrypted-media; gyroscope; picture-in-picture; web-share\" referrerpolicy=\"strict-origin-when-cross-origin\" allowfullscreen><\/iframe>\n\n\n\n<p>Die Rauchs\u00e4ule stieg auf ca. 2.000 Meter H\u00f6he auf.<\/p>\n","protected":false},"excerpt":{"rendered":"<p>Der Vulkan Aso-San auf Kyushu, in der N\u00e4he meiner alten Heimatstadt Kumamoto, ist nach monatelangem Grummeln ausgebrochen. Wo man als Tourist bis zum Kraterrand gehen konnte, steht nun eine hohe Asches\u00e4ule.<\/p>\n","protected":false},"author":1,"featured_media":223,"comment_status":"open","ping_status":"open","sticky":false,"template":"","format":"standard","meta":{"iawp_total_views":3,"footnotes":""},"categories":[17],"tags":[62,60],"class_list":["post-33387","post","type-post","status-publish","format-standard","has-post-thumbnail","hentry","category-japan","tag-aso","tag-kyushu"],"yoast_head":"<!-- This site is optimized with the Yoast SEO plugin v27.3 - https:\/\/yoast.com\/product\/yoast-seo-wordpress\/ -->\n<title>Aso-San: Vulkanausbruch in meiner &quot;alten&quot; Heimat. - Japan, Wandern und Multimedia<\/title>\n<meta name=\"description\" content=\"Der Vulkan Aso-San auf Kyushu, in der N\u00e4he meiner alten Heimatstadt Kumamoto, ist nach monatelangem Grummeln ausgebrochen.\" \/>\n<meta name=\"robots\" content=\"index, follow, max-snippet:-1, max-image-preview:large, max-video-preview:-1\" \/>\n<link rel=\"canonical\" href=\"https:\/\/www.oliver-kilb.de\/www\/2015\/09\/14\/aso-san-vulkanausbruch-in-meiner-alten-heimat\/\" \/>\n<meta property=\"og:locale\" content=\"de_DE\" \/>\n<meta property=\"og:type\" content=\"article\" \/>\n<meta property=\"og:title\" content=\"Aso-San: Vulkanausbruch in meiner &quot;alten&quot; Heimat. - Japan, Wandern und Multimedia\" \/>\n<meta property=\"og:description\" content=\"Der Vulkan Aso-San auf Kyushu, in der N\u00e4he meiner alten Heimatstadt Kumamoto, ist nach monatelangem Grummeln ausgebrochen.\" \/>\n<meta property=\"og:url\" content=\"https:\/\/www.oliver-kilb.de\/www\/2015\/09\/14\/aso-san-vulkanausbruch-in-meiner-alten-heimat\/\" \/>\n<meta property=\"og:site_name\" content=\"Japan, Wandern und Multimedia\" \/>\n<meta property=\"article:published_time\" content=\"2015-09-14T18:28:00+00:00\" \/>\n<meta property=\"article:modified_time\" content=\"2024-12-03T19:36:34+00:00\" \/>\n<meta property=\"og:image\" content=\"https:\/\/www.oliver-kilb.de\/www\/wp-content\/uploads\/2024\/08\/Film-03_03.jpg\" \/>\n\t<meta property=\"og:image:width\" content=\"1200\" \/>\n\t<meta property=\"og:image:height\" content=\"789\" \/>\n\t<meta property=\"og:image:type\" content=\"image\/jpeg\" \/>\n<meta name=\"author\" content=\"Oliver Kilb\" \/>\n<meta name=\"twitter:card\" content=\"summary_large_image\" \/>\n<meta name=\"twitter:label1\" content=\"Verfasst von\" \/>\n\t<meta name=\"twitter:data1\" content=\"Oliver Kilb\" \/>\n\t<meta name=\"twitter:label2\" content=\"Gesch\u00e4tzte Lesezeit\" \/>\n\t<meta name=\"twitter:data2\" content=\"2\u00a0Minuten\" \/>\n<script type=\"application\/ld+json\" class=\"yoast-schema-graph\">{\"@context\":\"https:\\\/\\\/schema.org\",\"@graph\":[{\"@type\":\"Article\",\"@id\":\"https:\\\/\\\/www.oliver-kilb.de\\\/www\\\/2015\\\/09\\\/14\\\/aso-san-vulkanausbruch-in-meiner-alten-heimat\\\/#article\",\"isPartOf\":{\"@id\":\"https:\\\/\\\/www.oliver-kilb.de\\\/www\\\/2015\\\/09\\\/14\\\/aso-san-vulkanausbruch-in-meiner-alten-heimat\\\/\"},\"author\":{\"name\":\"Oliver Kilb\",\"@id\":\"https:\\\/\\\/www.oliver-kilb.de\\\/www\\\/#\\\/schema\\\/person\\\/c2b19a881050135aa248a8851b7b4250\"},\"headline\":\"Aso-San: Vulkanausbruch in meiner &#8222;alten&#8220; Heimat.\",\"datePublished\":\"2015-09-14T18:28:00+00:00\",\"dateModified\":\"2024-12-03T19:36:34+00:00\",\"mainEntityOfPage\":{\"@id\":\"https:\\\/\\\/www.oliver-kilb.de\\\/www\\\/2015\\\/09\\\/14\\\/aso-san-vulkanausbruch-in-meiner-alten-heimat\\\/\"},\"wordCount\":185,\"commentCount\":0,\"publisher\":{\"@id\":\"https:\\\/\\\/www.oliver-kilb.de\\\/www\\\/#organization\"},\"image\":{\"@id\":\"https:\\\/\\\/www.oliver-kilb.de\\\/www\\\/2015\\\/09\\\/14\\\/aso-san-vulkanausbruch-in-meiner-alten-heimat\\\/#primaryimage\"},\"thumbnailUrl\":\"https:\\\/\\\/www.oliver-kilb.de\\\/www\\\/wp-content\\\/uploads\\\/2024\\\/08\\\/Film-03_03.jpg\",\"keywords\":[\"Aso\",\"Kyushu\"],\"articleSection\":[\"Japan\"],\"inLanguage\":\"de\",\"potentialAction\":[{\"@type\":\"CommentAction\",\"name\":\"Comment\",\"target\":[\"https:\\\/\\\/www.oliver-kilb.de\\\/www\\\/2015\\\/09\\\/14\\\/aso-san-vulkanausbruch-in-meiner-alten-heimat\\\/#respond\"]}]},{\"@type\":\"WebPage\",\"@id\":\"https:\\\/\\\/www.oliver-kilb.de\\\/www\\\/2015\\\/09\\\/14\\\/aso-san-vulkanausbruch-in-meiner-alten-heimat\\\/\",\"url\":\"https:\\\/\\\/www.oliver-kilb.de\\\/www\\\/2015\\\/09\\\/14\\\/aso-san-vulkanausbruch-in-meiner-alten-heimat\\\/\",\"name\":\"Aso-San: Vulkanausbruch in meiner \\\"alten\\\" Heimat. - Japan, Wandern und Multimedia\",\"isPartOf\":{\"@id\":\"https:\\\/\\\/www.oliver-kilb.de\\\/www\\\/#website\"},\"primaryImageOfPage\":{\"@id\":\"https:\\\/\\\/www.oliver-kilb.de\\\/www\\\/2015\\\/09\\\/14\\\/aso-san-vulkanausbruch-in-meiner-alten-heimat\\\/#primaryimage\"},\"image\":{\"@id\":\"https:\\\/\\\/www.oliver-kilb.de\\\/www\\\/2015\\\/09\\\/14\\\/aso-san-vulkanausbruch-in-meiner-alten-heimat\\\/#primaryimage\"},\"thumbnailUrl\":\"https:\\\/\\\/www.oliver-kilb.de\\\/www\\\/wp-content\\\/uploads\\\/2024\\\/08\\\/Film-03_03.jpg\",\"datePublished\":\"2015-09-14T18:28:00+00:00\",\"dateModified\":\"2024-12-03T19:36:34+00:00\",\"description\":\"Der Vulkan Aso-San auf Kyushu, in der N\u00e4he meiner alten Heimatstadt Kumamoto, ist nach monatelangem Grummeln ausgebrochen.\",\"breadcrumb\":{\"@id\":\"https:\\\/\\\/www.oliver-kilb.de\\\/www\\\/2015\\\/09\\\/14\\\/aso-san-vulkanausbruch-in-meiner-alten-heimat\\\/#breadcrumb\"},\"inLanguage\":\"de\",\"potentialAction\":[{\"@type\":\"ReadAction\",\"target\":[\"https:\\\/\\\/www.oliver-kilb.de\\\/www\\\/2015\\\/09\\\/14\\\/aso-san-vulkanausbruch-in-meiner-alten-heimat\\\/\"]}]},{\"@type\":\"ImageObject\",\"inLanguage\":\"de\",\"@id\":\"https:\\\/\\\/www.oliver-kilb.de\\\/www\\\/2015\\\/09\\\/14\\\/aso-san-vulkanausbruch-in-meiner-alten-heimat\\\/#primaryimage\",\"url\":\"https:\\\/\\\/www.oliver-kilb.de\\\/www\\\/wp-content\\\/uploads\\\/2024\\\/08\\\/Film-03_03.jpg\",\"contentUrl\":\"https:\\\/\\\/www.oliver-kilb.de\\\/www\\\/wp-content\\\/uploads\\\/2024\\\/08\\\/Film-03_03.jpg\",\"width\":1200,\"height\":789,\"caption\":\"Das Schild sagt: Stop! Stehenbleiben!\"},{\"@type\":\"BreadcrumbList\",\"@id\":\"https:\\\/\\\/www.oliver-kilb.de\\\/www\\\/2015\\\/09\\\/14\\\/aso-san-vulkanausbruch-in-meiner-alten-heimat\\\/#breadcrumb\",\"itemListElement\":[{\"@type\":\"ListItem\",\"position\":1,\"name\":\"Startseite\",\"item\":\"https:\\\/\\\/www.oliver-kilb.de\\\/www\\\/\"},{\"@type\":\"ListItem\",\"position\":2,\"name\":\"Aso-San: Vulkanausbruch in meiner &#8222;alten&#8220; Heimat.\"}]},{\"@type\":\"WebSite\",\"@id\":\"https:\\\/\\\/www.oliver-kilb.de\\\/www\\\/#website\",\"url\":\"https:\\\/\\\/www.oliver-kilb.de\\\/www\\\/\",\"name\":\"Japan, Wandern und Multimedia\",\"description\":\"\",\"publisher\":{\"@id\":\"https:\\\/\\\/www.oliver-kilb.de\\\/www\\\/#organization\"},\"potentialAction\":[{\"@type\":\"SearchAction\",\"target\":{\"@type\":\"EntryPoint\",\"urlTemplate\":\"https:\\\/\\\/www.oliver-kilb.de\\\/www\\\/?s={search_term_string}\"},\"query-input\":{\"@type\":\"PropertyValueSpecification\",\"valueRequired\":true,\"valueName\":\"search_term_string\"}}],\"inLanguage\":\"de\"},{\"@type\":\"Organization\",\"@id\":\"https:\\\/\\\/www.oliver-kilb.de\\\/www\\\/#organization\",\"name\":\"Japan, Wandern und Multimedia\",\"url\":\"https:\\\/\\\/www.oliver-kilb.de\\\/www\\\/\",\"logo\":{\"@type\":\"ImageObject\",\"inLanguage\":\"de\",\"@id\":\"https:\\\/\\\/www.oliver-kilb.de\\\/www\\\/#\\\/schema\\\/logo\\\/image\\\/\",\"url\":\"https:\\\/\\\/www.oliver-kilb.de\\\/www\\\/wp-content\\\/uploads\\\/2024\\\/07\\\/Fushimi-Inari-Schrein_075_DxO.jpg\",\"contentUrl\":\"https:\\\/\\\/www.oliver-kilb.de\\\/www\\\/wp-content\\\/uploads\\\/2024\\\/07\\\/Fushimi-Inari-Schrein_075_DxO.jpg\",\"width\":1380,\"height\":301,\"caption\":\"Japan, Wandern und Multimedia\"},\"image\":{\"@id\":\"https:\\\/\\\/www.oliver-kilb.de\\\/www\\\/#\\\/schema\\\/logo\\\/image\\\/\"}},{\"@type\":\"Person\",\"@id\":\"https:\\\/\\\/www.oliver-kilb.de\\\/www\\\/#\\\/schema\\\/person\\\/c2b19a881050135aa248a8851b7b4250\",\"name\":\"Oliver Kilb\",\"image\":{\"@type\":\"ImageObject\",\"inLanguage\":\"de\",\"@id\":\"https:\\\/\\\/secure.gravatar.com\\\/avatar\\\/4da50eb2c6eb71b0641229eed4a38d05c8d4b458a59355cca0d02b57303d6ffd?s=96&d=mm&r=g\",\"url\":\"https:\\\/\\\/secure.gravatar.com\\\/avatar\\\/4da50eb2c6eb71b0641229eed4a38d05c8d4b458a59355cca0d02b57303d6ffd?s=96&d=mm&r=g\",\"contentUrl\":\"https:\\\/\\\/secure.gravatar.com\\\/avatar\\\/4da50eb2c6eb71b0641229eed4a38d05c8d4b458a59355cca0d02b57303d6ffd?s=96&d=mm&r=g\",\"caption\":\"Oliver Kilb\"},\"sameAs\":[\"https:\\\/\\\/www.oliver-kilb.de\\\/www\"],\"url\":\"https:\\\/\\\/www.oliver-kilb.de\\\/www\\\/author\\\/oliver-kilb\\\/\"}]}<\/script>\n<!-- \/ Yoast SEO plugin. -->","yoast_head_json":{"title":"Aso-San: Vulkanausbruch in meiner \"alten\" Heimat. - Japan, Wandern und Multimedia","description":"Der Vulkan Aso-San auf Kyushu, in der N\u00e4he meiner alten Heimatstadt Kumamoto, ist nach monatelangem Grummeln ausgebrochen.","robots":{"index":"index","follow":"follow","max-snippet":"max-snippet:-1","max-image-preview":"max-image-preview:large","max-video-preview":"max-video-preview:-1"},"canonical":"https:\/\/www.oliver-kilb.de\/www\/2015\/09\/14\/aso-san-vulkanausbruch-in-meiner-alten-heimat\/","og_locale":"de_DE","og_type":"article","og_title":"Aso-San: Vulkanausbruch in meiner \"alten\" Heimat. - Japan, Wandern und Multimedia","og_description":"Der Vulkan Aso-San auf Kyushu, in der N\u00e4he meiner alten Heimatstadt Kumamoto, ist nach monatelangem Grummeln ausgebrochen.","og_url":"https:\/\/www.oliver-kilb.de\/www\/2015\/09\/14\/aso-san-vulkanausbruch-in-meiner-alten-heimat\/","og_site_name":"Japan, Wandern und Multimedia","article_published_time":"2015-09-14T18:28:00+00:00","article_modified_time":"2024-12-03T19:36:34+00:00","og_image":[{"width":1200,"height":789,"url":"https:\/\/www.oliver-kilb.de\/www\/wp-content\/uploads\/2024\/08\/Film-03_03.jpg","type":"image\/jpeg"}],"author":"Oliver Kilb","twitter_card":"summary_large_image","twitter_misc":{"Verfasst von":"Oliver Kilb","Gesch\u00e4tzte Lesezeit":"2\u00a0Minuten"},"schema":{"@context":"https:\/\/schema.org","@graph":[{"@type":"Article","@id":"https:\/\/www.oliver-kilb.de\/www\/2015\/09\/14\/aso-san-vulkanausbruch-in-meiner-alten-heimat\/#article","isPartOf":{"@id":"https:\/\/www.oliver-kilb.de\/www\/2015\/09\/14\/aso-san-vulkanausbruch-in-meiner-alten-heimat\/"},"author":{"name":"Oliver Kilb","@id":"https:\/\/www.oliver-kilb.de\/www\/#\/schema\/person\/c2b19a881050135aa248a8851b7b4250"},"headline":"Aso-San: Vulkanausbruch in meiner &#8222;alten&#8220; Heimat.","datePublished":"2015-09-14T18:28:00+00:00","dateModified":"2024-12-03T19:36:34+00:00","mainEntityOfPage":{"@id":"https:\/\/www.oliver-kilb.de\/www\/2015\/09\/14\/aso-san-vulkanausbruch-in-meiner-alten-heimat\/"},"wordCount":185,"commentCount":0,"publisher":{"@id":"https:\/\/www.oliver-kilb.de\/www\/#organization"},"image":{"@id":"https:\/\/www.oliver-kilb.de\/www\/2015\/09\/14\/aso-san-vulkanausbruch-in-meiner-alten-heimat\/#primaryimage"},"thumbnailUrl":"https:\/\/www.oliver-kilb.de\/www\/wp-content\/uploads\/2024\/08\/Film-03_03.jpg","keywords":["Aso","Kyushu"],"articleSection":["Japan"],"inLanguage":"de","potentialAction":[{"@type":"CommentAction","name":"Comment","target":["https:\/\/www.oliver-kilb.de\/www\/2015\/09\/14\/aso-san-vulkanausbruch-in-meiner-alten-heimat\/#respond"]}]},{"@type":"WebPage","@id":"https:\/\/www.oliver-kilb.de\/www\/2015\/09\/14\/aso-san-vulkanausbruch-in-meiner-alten-heimat\/","url":"https:\/\/www.oliver-kilb.de\/www\/2015\/09\/14\/aso-san-vulkanausbruch-in-meiner-alten-heimat\/","name":"Aso-San: Vulkanausbruch in meiner \"alten\" Heimat. - Japan, Wandern und Multimedia","isPartOf":{"@id":"https:\/\/www.oliver-kilb.de\/www\/#website"},"primaryImageOfPage":{"@id":"https:\/\/www.oliver-kilb.de\/www\/2015\/09\/14\/aso-san-vulkanausbruch-in-meiner-alten-heimat\/#primaryimage"},"image":{"@id":"https:\/\/www.oliver-kilb.de\/www\/2015\/09\/14\/aso-san-vulkanausbruch-in-meiner-alten-heimat\/#primaryimage"},"thumbnailUrl":"https:\/\/www.oliver-kilb.de\/www\/wp-content\/uploads\/2024\/08\/Film-03_03.jpg","datePublished":"2015-09-14T18:28:00+00:00","dateModified":"2024-12-03T19:36:34+00:00","description":"Der Vulkan Aso-San auf Kyushu, in der N\u00e4he meiner alten Heimatstadt Kumamoto, ist nach monatelangem Grummeln ausgebrochen.","breadcrumb":{"@id":"https:\/\/www.oliver-kilb.de\/www\/2015\/09\/14\/aso-san-vulkanausbruch-in-meiner-alten-heimat\/#breadcrumb"},"inLanguage":"de","potentialAction":[{"@type":"ReadAction","target":["https:\/\/www.oliver-kilb.de\/www\/2015\/09\/14\/aso-san-vulkanausbruch-in-meiner-alten-heimat\/"]}]},{"@type":"ImageObject","inLanguage":"de","@id":"https:\/\/www.oliver-kilb.de\/www\/2015\/09\/14\/aso-san-vulkanausbruch-in-meiner-alten-heimat\/#primaryimage","url":"https:\/\/www.oliver-kilb.de\/www\/wp-content\/uploads\/2024\/08\/Film-03_03.jpg","contentUrl":"https:\/\/www.oliver-kilb.de\/www\/wp-content\/uploads\/2024\/08\/Film-03_03.jpg","width":1200,"height":789,"caption":"Das Schild sagt: Stop! Stehenbleiben!"},{"@type":"BreadcrumbList","@id":"https:\/\/www.oliver-kilb.de\/www\/2015\/09\/14\/aso-san-vulkanausbruch-in-meiner-alten-heimat\/#breadcrumb","itemListElement":[{"@type":"ListItem","position":1,"name":"Startseite","item":"https:\/\/www.oliver-kilb.de\/www\/"},{"@type":"ListItem","position":2,"name":"Aso-San: Vulkanausbruch in meiner &#8222;alten&#8220; Heimat."}]},{"@type":"WebSite","@id":"https:\/\/www.oliver-kilb.de\/www\/#website","url":"https:\/\/www.oliver-kilb.de\/www\/","name":"Japan, Wandern und Multimedia","description":"","publisher":{"@id":"https:\/\/www.oliver-kilb.de\/www\/#organization"},"potentialAction":[{"@type":"SearchAction","target":{"@type":"EntryPoint","urlTemplate":"https:\/\/www.oliver-kilb.de\/www\/?s={search_term_string}"},"query-input":{"@type":"PropertyValueSpecification","valueRequired":true,"valueName":"search_term_string"}}],"inLanguage":"de"},{"@type":"Organization","@id":"https:\/\/www.oliver-kilb.de\/www\/#organization","name":"Japan, Wandern und Multimedia","url":"https:\/\/www.oliver-kilb.de\/www\/","logo":{"@type":"ImageObject","inLanguage":"de","@id":"https:\/\/www.oliver-kilb.de\/www\/#\/schema\/logo\/image\/","url":"https:\/\/www.oliver-kilb.de\/www\/wp-content\/uploads\/2024\/07\/Fushimi-Inari-Schrein_075_DxO.jpg","contentUrl":"https:\/\/www.oliver-kilb.de\/www\/wp-content\/uploads\/2024\/07\/Fushimi-Inari-Schrein_075_DxO.jpg","width":1380,"height":301,"caption":"Japan, Wandern und Multimedia"},"image":{"@id":"https:\/\/www.oliver-kilb.de\/www\/#\/schema\/logo\/image\/"}},{"@type":"Person","@id":"https:\/\/www.oliver-kilb.de\/www\/#\/schema\/person\/c2b19a881050135aa248a8851b7b4250","name":"Oliver Kilb","image":{"@type":"ImageObject","inLanguage":"de","@id":"https:\/\/secure.gravatar.com\/avatar\/4da50eb2c6eb71b0641229eed4a38d05c8d4b458a59355cca0d02b57303d6ffd?s=96&d=mm&r=g","url":"https:\/\/secure.gravatar.com\/avatar\/4da50eb2c6eb71b0641229eed4a38d05c8d4b458a59355cca0d02b57303d6ffd?s=96&d=mm&r=g","contentUrl":"https:\/\/secure.gravatar.com\/avatar\/4da50eb2c6eb71b0641229eed4a38d05c8d4b458a59355cca0d02b57303d6ffd?s=96&d=mm&r=g","caption":"Oliver Kilb"},"sameAs":["https:\/\/www.oliver-kilb.de\/www"],"url":"https:\/\/www.oliver-kilb.de\/www\/author\/oliver-kilb\/"}]}},"amp_enabled":true,"_links":{"self":[{"href":"https:\/\/www.oliver-kilb.de\/www\/wp-json\/wp\/v2\/posts\/33387","targetHints":{"allow":["GET"]}}],"collection":[{"href":"https:\/\/www.oliver-kilb.de\/www\/wp-json\/wp\/v2\/posts"}],"about":[{"href":"https:\/\/www.oliver-kilb.de\/www\/wp-json\/wp\/v2\/types\/post"}],"author":[{"embeddable":true,"href":"https:\/\/www.oliver-kilb.de\/www\/wp-json\/wp\/v2\/users\/1"}],"replies":[{"embeddable":true,"href":"https:\/\/www.oliver-kilb.de\/www\/wp-json\/wp\/v2\/comments?post=33387"}],"version-history":[{"count":2,"href":"https:\/\/www.oliver-kilb.de\/www\/wp-json\/wp\/v2\/posts\/33387\/revisions"}],"predecessor-version":[{"id":33391,"href":"https:\/\/www.oliver-kilb.de\/www\/wp-json\/wp\/v2\/posts\/33387\/revisions\/33391"}],"wp:featuredmedia":[{"embeddable":true,"href":"https:\/\/www.oliver-kilb.de\/www\/wp-json\/wp\/v2\/media\/223"}],"wp:attachment":[{"href":"https:\/\/www.oliver-kilb.de\/www\/wp-json\/wp\/v2\/media?parent=33387"}],"wp:term":[{"taxonomy":"category","embeddable":true,"href":"https:\/\/www.oliver-kilb.de\/www\/wp-json\/wp\/v2\/categories?post=33387"},{"taxonomy":"post_tag","embeddable":true,"href":"https:\/\/www.oliver-kilb.de\/www\/wp-json\/wp\/v2\/tags?post=33387"}],"curies":[{"name":"wp","href":"https:\/\/api.w.org\/{rel}","templated":true}]}}