{"id":33230,"date":"2018-02-18T19:31:00","date_gmt":"2018-02-18T18:31:00","guid":{"rendered":"https:\/\/www.oliver-kilb.de\/www\/?p=33230"},"modified":"2024-12-01T19:41:02","modified_gmt":"2024-12-01T18:41:02","slug":"preisentwicklung-bei-sd-und-cf-speicherkarten-zwischen-2003-und-2018","status":"publish","type":"post","link":"https:\/\/www.oliver-kilb.de\/www\/2018\/02\/18\/preisentwicklung-bei-sd-und-cf-speicherkarten-zwischen-2003-und-2018\/","title":{"rendered":"Preisentwicklung bei SD- und CF-Speicherkarten zwischen 2003 und 2018."},"content":{"rendered":"\n<p><strong>Beim Aufr\u00e4umen habe ich alte Rechnungen f\u00fcr SD-Speicherkarten gefunden und musste schmunzeln. Wie haben sich die Preise f\u00fcr Speicherkarten zwischen 2003 und 2018 entwickelt?<\/strong><\/p>\n\n\n\n<h2 class=\"wp-block-heading\">Ende 2002: Erster Kauf von SD-Speicherkarten.<\/h2>\n\n\n<div class=\"wp-block-image\">\n<figure class=\"alignleft size-full is-resized\"><a href=\"https:\/\/www.oliver-kilb.de\/www\/wp-content\/uploads\/2024\/12\/SD_64MB_2002.jpg\"><img loading=\"lazy\" decoding=\"async\" width=\"1200\" height=\"416\" src=\"https:\/\/www.oliver-kilb.de\/www\/wp-content\/uploads\/2024\/12\/SD_64MB_2002.jpg\" alt=\"\" class=\"wp-image-33232\" style=\"width:300px\" srcset=\"https:\/\/www.oliver-kilb.de\/www\/wp-content\/uploads\/2024\/12\/SD_64MB_2002.jpg 1200w, https:\/\/www.oliver-kilb.de\/www\/wp-content\/uploads\/2024\/12\/SD_64MB_2002-500x173.jpg 500w, https:\/\/www.oliver-kilb.de\/www\/wp-content\/uploads\/2024\/12\/SD_64MB_2002-300x104.jpg 300w, https:\/\/www.oliver-kilb.de\/www\/wp-content\/uploads\/2024\/12\/SD_64MB_2002-768x266.jpg 768w\" sizes=\"auto, (max-width: 1200px) 100vw, 1200px\" \/><\/a><figcaption class=\"wp-element-caption\">Eine 64 MB SD Karte kostet im Dezember 2002 immerhin 50 Euro<\/figcaption><\/figure>\n<\/div>\n\n\n<p>Die fr\u00fcheste Rechnung einer <a href=\"https:\/\/de.wikipedia.org\/wiki\/SD-Karte\" target=\"_blank\" rel=\"noreferrer noopener\">SD<\/a>-Speicherkarte habe ich mit Datum 20.12.2002 gefunden. Damals kaufte ich sie zusammen mit der Yashica Finecam S3x, meiner ersten Digitalkamera, die 400 Euro kostete. Bei dieser war zwar eine 16 MB SD Karte inkludiert, aber schon damals war klar, dass man mit 16 MB nicht weit kam. Selbst wenn die Yashica Finecam S3x nur 3 Megapixel aufl\u00f6ste (2.048&#215;1.536 Pixel). (<a href=\"https:\/\/www.digitalkamera.de\/Meldung\/Yashicas_neuer_3-Megapixel-Winzling_die_Finecam_S3\/753.aspx\" target=\"_blank\" rel=\"noreferrer noopener\">Hier ist eine Besprechung des Vorg\u00e4ngermodells.<\/a> Man beachte den Preis!) Also kaufte ich noch eine 64 MB SD-Speicherkarte mit dazu &#8211; f\u00fcr 50 Euro!<\/p>\n\n\n\n<h2 class=\"wp-block-heading\">Mai 2005: Der Preisverfall ist deutlich sichtbar.<\/h2>\n\n\n<div class=\"wp-block-image\">\n<figure class=\"alignright size-full is-resized\"><a href=\"https:\/\/www.oliver-kilb.de\/www\/wp-content\/uploads\/2024\/12\/SD_256MB_2005.jpg\"><img loading=\"lazy\" decoding=\"async\" width=\"463\" height=\"800\" src=\"https:\/\/www.oliver-kilb.de\/www\/wp-content\/uploads\/2024\/12\/SD_256MB_2005.jpg\" alt=\"\" class=\"wp-image-33233\" style=\"width:auto;height:300px\" srcset=\"https:\/\/www.oliver-kilb.de\/www\/wp-content\/uploads\/2024\/12\/SD_256MB_2005.jpg 463w, https:\/\/www.oliver-kilb.de\/www\/wp-content\/uploads\/2024\/12\/SD_256MB_2005-289x500.jpg 289w, https:\/\/www.oliver-kilb.de\/www\/wp-content\/uploads\/2024\/12\/SD_256MB_2005-174x300.jpg 174w\" sizes=\"auto, (max-width: 463px) 100vw, 463px\" \/><\/a><figcaption class=\"wp-element-caption\">Eine 256 MB SD Karte kostet im Mai 2005 20 Euro.<\/figcaption><\/figure>\n<\/div>\n\n\n<p>Gerade zweieinhalb Jahre sp\u00e4ter hat der \u00fcbliche Preisverfall bereits deutlich eingesetzt. Eine 256 MB SD-Karte kostete nun nur noch 20 Euro. Ein paar Wochen sp\u00e4ter legte ich mir die <a href=\"https:\/\/www.digitalkamera.de\/Kamera\/Samsung\/Digimax_V700.aspx\" target=\"_blank\" rel=\"noreferrer noopener\">Samsung DIGIMAX V700<\/a> zu, die bereits 7 Megapixel vorweisen konnte. (Der Spiegel hat heute noch einen <a href=\"http:\/\/www.spiegel.de\/netzwelt\/tech\/samsung-digimax-v700-buntes-programm-a-367920.html\" target=\"_blank\" rel=\"noreferrer noopener\">Kurztest zum Lesen<\/a>.) Ergo musste auch die Speicherkapazit\u00e4t mitwachsen. In RAW speicherte man mit diesen Kameras nicht, aber auch ein JPG-Bild mit 7 Megapixel konnte einige MB gro\u00df sein.<\/p>\n\n\n\n<p>Zu dieser Zeit begann auch der manchmal lustige, manchmal laute Glaubenskampf zwischen der &#8222;6 Megapixel ist genug!&#8220; und &#8222;Je mehr Megapixel, je besser!&#8220; Fraktion. Ich geh\u00f6re \u00fcbrigens zur letzteren Gruppe, weil ich auch oft mit gro\u00dfformatigen Drucken arbeite &#8211; aber der Sensor muss zu den Megapixeln passen, das wird oft vergessen!<\/p>\n\n\n\n<h2 class=\"wp-block-heading\">Preisentwicklung zwischen 2003 und 2018.<\/h2>\n\n\n<div class=\"wp-block-image\">\n<figure class=\"alignleft size-full is-resized\"><a href=\"https:\/\/www.oliver-kilb.de\/www\/wp-content\/uploads\/2024\/12\/preis-sd-karte-pro-gb.jpg\"><img loading=\"lazy\" decoding=\"async\" width=\"1200\" height=\"831\" src=\"https:\/\/www.oliver-kilb.de\/www\/wp-content\/uploads\/2024\/12\/preis-sd-karte-pro-gb.jpg\" alt=\"\" class=\"wp-image-33234\" style=\"width:300px\" srcset=\"https:\/\/www.oliver-kilb.de\/www\/wp-content\/uploads\/2024\/12\/preis-sd-karte-pro-gb.jpg 1200w, https:\/\/www.oliver-kilb.de\/www\/wp-content\/uploads\/2024\/12\/preis-sd-karte-pro-gb-500x346.jpg 500w, https:\/\/www.oliver-kilb.de\/www\/wp-content\/uploads\/2024\/12\/preis-sd-karte-pro-gb-300x208.jpg 300w, https:\/\/www.oliver-kilb.de\/www\/wp-content\/uploads\/2024\/12\/preis-sd-karte-pro-gb-768x532.jpg 768w\" sizes=\"auto, (max-width: 1200px) 100vw, 1200px\" \/><\/a><figcaption class=\"wp-element-caption\">Preisentwicklung von SD- und CF-Speicherkarten zwischen 2003 und 2018<\/figcaption><\/figure>\n<\/div>\n\n\n<p>Als dann im Fr\u00fchjahr 2006 meine erste digitale Spiegelreflexkamera ins Haus kam, wurden die SD-Karten von CF-Karten abgel\u00f6st. Diese galten als professioneller und verl\u00e4sslicher, waren aber auch teurer. Au\u00dferdem wurden im Laufe der Jahre immer neue, und im Grunde verwirrende Geschwindigkeitsklassen eingef\u00fchrt.<\/p>\n\n\n\n<p>Auf der Grafik links kann man sehen, wie sich die Preise f\u00fcr SD- und CF-Speicherkarten im Laufe der Jahre entwickelten. Basis sind meine eigenen Eink\u00e4ufe, daher ist dieses Chart nat\u00fcrlich nicht im wissenschaftlichen Sinne repr\u00e4sentativ. Die CF-Karten werden mittlerweile (Februar 2018) mehr und mehr von den SD-Karten verdr\u00e4ngt. Selbst in den hochwertigen Canon DSLRs findet man seit Jahren auch SD-Slots. Und ganz ehrlich: F\u00fcr Normalmenschen wie mich, die nicht in der Sahara oder am Himalaya fotografieren, werden die SD-Karten robust genug sein.<\/p>\n\n\n\n<h2 class=\"wp-block-heading\">Preis pro GB von 2003 bis 2018.<\/h2>\n\n\n<div class=\"wp-block-image\">\n<figure class=\"alignleft size-full is-resized\"><a href=\"https:\/\/www.oliver-kilb.de\/www\/wp-content\/uploads\/2024\/12\/preisverfall-pro-gb.jpg\"><img loading=\"lazy\" decoding=\"async\" width=\"1200\" height=\"815\" src=\"https:\/\/www.oliver-kilb.de\/www\/wp-content\/uploads\/2024\/12\/preisverfall-pro-gb.jpg\" alt=\"\" class=\"wp-image-33235\" style=\"width:300px\" srcset=\"https:\/\/www.oliver-kilb.de\/www\/wp-content\/uploads\/2024\/12\/preisverfall-pro-gb.jpg 1200w, https:\/\/www.oliver-kilb.de\/www\/wp-content\/uploads\/2024\/12\/preisverfall-pro-gb-500x340.jpg 500w, https:\/\/www.oliver-kilb.de\/www\/wp-content\/uploads\/2024\/12\/preisverfall-pro-gb-300x204.jpg 300w, https:\/\/www.oliver-kilb.de\/www\/wp-content\/uploads\/2024\/12\/preisverfall-pro-gb-768x522.jpg 768w\" sizes=\"auto, (max-width: 1200px) 100vw, 1200px\" \/><\/a><figcaption class=\"wp-element-caption\">Preis pro GB im Laufe der Zeit bei SD- und CF-Karten<\/figcaption><\/figure>\n<\/div>\n\n\n<p>Danach habe ich mal nur die SD-Karten und CF-Karten separat voneinander unter die Lupe genommen und berechnet wie sich der Preis pro GB \u00fcber die Jahre ge\u00e4ndert hat. (Hinweis: Berechnungsgrundlage sind ausschlie\u00dflich die in der Grafik oben genannten, privat \u00fcber die Jahre gekauften Karten!) Da kommen nat\u00fcrlich unglaubliche Preisverf\u00e4lle zustande, die spektakul\u00e4r aussehen.<\/p>\n\n\n\n<p>Gleichzeitig darf man aber auch nicht vergessen, dass in \u00e4hnlichem Ma\u00dfe der Bedarf an Speicher gestiegen ist und weiterhin steigt. Dennoch bekommt man nat\u00fcrlich nach inzwischen 15 Jahren deutlich mehr f\u00fcr sein Geld: Derzeit sind 64 GB noch die \u00fcbliche Wahl bei Speicherkarten f\u00fcr DSLRs. Man kann gen\u00fcgend RAW Bilder speichern und man h\u00f6rt ehrlich gesagt auch nicht oft, dass die Karten kaputt gehen. Vor wichtigen Ereignissen, wie z.B. Urlaub in Japan, kaufe ich aber dennoch immer ein frisches Set an Karten, um auf Nummer Sicher zu gehen.<\/p>\n\n\n\n<h2 class=\"wp-block-heading\">Vergleich mit Preisentwicklung bei PCs.<\/h2>\n\n\n\n<p>Vor einigen Jahren habe ich auch einen Beitrag geschrieben, wie sich die PC-Preise seit 1990 \u00fcber knapp 25 Jahre ge\u00e4ndert haben. <a href=\"https:\/\/www.oliver-kilb.de\/www\/2011\/09\/25\/heute-vor-20-jahren-was-kostet-eigentlich-ein-externer-cd-brenner\/\">Hier ist er zu finden<\/a>, viel Spa\u00df beim Lesen!<\/p>\n","protected":false},"excerpt":{"rendered":"<p>Beim Aufr\u00e4umen habe ich alte Rechnungen f\u00fcr SD-Speicherkarten gefunden und musste schmunzeln. Wie haben sich die Preise f\u00fcr Speicherkarten zwischen 2003 und 2018 entwickelt?<\/p>\n","protected":false},"author":1,"featured_media":33232,"comment_status":"open","ping_status":"open","sticky":false,"template":"","format":"standard","meta":{"iawp_total_views":110,"footnotes":""},"categories":[565],"tags":[640,639],"class_list":["post-33230","post","type-post","status-publish","format-standard","has-post-thumbnail","hentry","category-it-themen","tag-cf-karte","tag-sd-karte"],"yoast_head":"<!-- This site is optimized with the Yoast SEO plugin v27.3 - https:\/\/yoast.com\/product\/yoast-seo-wordpress\/ -->\n<title>Preisentwicklung bei SD- und CF-Speicherkarten zwischen 2003 und 2018. - Japan, Wandern und Multimedia<\/title>\n<meta name=\"description\" content=\"Ich habe Rechnungen f\u00fcr SD-Speicherkarten gefunden. Wie haben sich die Preise f\u00fcr Speicherkarten zwischen 2003 und 2018 entwickelt?\" \/>\n<meta name=\"robots\" content=\"index, follow, max-snippet:-1, max-image-preview:large, max-video-preview:-1\" \/>\n<link rel=\"canonical\" href=\"https:\/\/www.oliver-kilb.de\/www\/2018\/02\/18\/preisentwicklung-bei-sd-und-cf-speicherkarten-zwischen-2003-und-2018\/\" \/>\n<meta property=\"og:locale\" content=\"de_DE\" \/>\n<meta property=\"og:type\" content=\"article\" \/>\n<meta property=\"og:title\" content=\"Preisentwicklung bei SD- und CF-Speicherkarten zwischen 2003 und 2018. - Japan, Wandern und Multimedia\" \/>\n<meta property=\"og:description\" content=\"Ich habe Rechnungen f\u00fcr SD-Speicherkarten gefunden. Wie haben sich die Preise f\u00fcr Speicherkarten zwischen 2003 und 2018 entwickelt?\" \/>\n<meta property=\"og:url\" content=\"https:\/\/www.oliver-kilb.de\/www\/2018\/02\/18\/preisentwicklung-bei-sd-und-cf-speicherkarten-zwischen-2003-und-2018\/\" \/>\n<meta property=\"og:site_name\" content=\"Japan, Wandern und Multimedia\" \/>\n<meta property=\"article:published_time\" content=\"2018-02-18T18:31:00+00:00\" \/>\n<meta property=\"article:modified_time\" content=\"2024-12-01T18:41:02+00:00\" \/>\n<meta property=\"og:image\" content=\"https:\/\/www.oliver-kilb.de\/www\/wp-content\/uploads\/2024\/12\/SD_64MB_2002.jpg\" \/>\n\t<meta property=\"og:image:width\" content=\"1200\" \/>\n\t<meta property=\"og:image:height\" content=\"416\" \/>\n\t<meta property=\"og:image:type\" content=\"image\/jpeg\" \/>\n<meta name=\"author\" content=\"Oliver Kilb\" \/>\n<meta name=\"twitter:card\" content=\"summary_large_image\" \/>\n<meta name=\"twitter:label1\" content=\"Verfasst von\" \/>\n\t<meta name=\"twitter:data1\" content=\"Oliver Kilb\" \/>\n\t<meta name=\"twitter:label2\" content=\"Gesch\u00e4tzte Lesezeit\" \/>\n\t<meta name=\"twitter:data2\" content=\"5\u00a0Minuten\" \/>\n<script type=\"application\/ld+json\" class=\"yoast-schema-graph\">{\"@context\":\"https:\\\/\\\/schema.org\",\"@graph\":[{\"@type\":\"Article\",\"@id\":\"https:\\\/\\\/www.oliver-kilb.de\\\/www\\\/2018\\\/02\\\/18\\\/preisentwicklung-bei-sd-und-cf-speicherkarten-zwischen-2003-und-2018\\\/#article\",\"isPartOf\":{\"@id\":\"https:\\\/\\\/www.oliver-kilb.de\\\/www\\\/2018\\\/02\\\/18\\\/preisentwicklung-bei-sd-und-cf-speicherkarten-zwischen-2003-und-2018\\\/\"},\"author\":{\"name\":\"Oliver Kilb\",\"@id\":\"https:\\\/\\\/www.oliver-kilb.de\\\/www\\\/#\\\/schema\\\/person\\\/c2b19a881050135aa248a8851b7b4250\"},\"headline\":\"Preisentwicklung bei SD- und CF-Speicherkarten zwischen 2003 und 2018.\",\"datePublished\":\"2018-02-18T18:31:00+00:00\",\"dateModified\":\"2024-12-01T18:41:02+00:00\",\"mainEntityOfPage\":{\"@id\":\"https:\\\/\\\/www.oliver-kilb.de\\\/www\\\/2018\\\/02\\\/18\\\/preisentwicklung-bei-sd-und-cf-speicherkarten-zwischen-2003-und-2018\\\/\"},\"wordCount\":615,\"commentCount\":1,\"publisher\":{\"@id\":\"https:\\\/\\\/www.oliver-kilb.de\\\/www\\\/#organization\"},\"image\":{\"@id\":\"https:\\\/\\\/www.oliver-kilb.de\\\/www\\\/2018\\\/02\\\/18\\\/preisentwicklung-bei-sd-und-cf-speicherkarten-zwischen-2003-und-2018\\\/#primaryimage\"},\"thumbnailUrl\":\"https:\\\/\\\/www.oliver-kilb.de\\\/www\\\/wp-content\\\/uploads\\\/2024\\\/12\\\/SD_64MB_2002.jpg\",\"keywords\":[\"CF-Karte\",\"SD-Karte\"],\"articleSection\":[\"IT-Themen\"],\"inLanguage\":\"de\",\"potentialAction\":[{\"@type\":\"CommentAction\",\"name\":\"Comment\",\"target\":[\"https:\\\/\\\/www.oliver-kilb.de\\\/www\\\/2018\\\/02\\\/18\\\/preisentwicklung-bei-sd-und-cf-speicherkarten-zwischen-2003-und-2018\\\/#respond\"]}]},{\"@type\":\"WebPage\",\"@id\":\"https:\\\/\\\/www.oliver-kilb.de\\\/www\\\/2018\\\/02\\\/18\\\/preisentwicklung-bei-sd-und-cf-speicherkarten-zwischen-2003-und-2018\\\/\",\"url\":\"https:\\\/\\\/www.oliver-kilb.de\\\/www\\\/2018\\\/02\\\/18\\\/preisentwicklung-bei-sd-und-cf-speicherkarten-zwischen-2003-und-2018\\\/\",\"name\":\"Preisentwicklung bei SD- und CF-Speicherkarten zwischen 2003 und 2018. - Japan, Wandern und Multimedia\",\"isPartOf\":{\"@id\":\"https:\\\/\\\/www.oliver-kilb.de\\\/www\\\/#website\"},\"primaryImageOfPage\":{\"@id\":\"https:\\\/\\\/www.oliver-kilb.de\\\/www\\\/2018\\\/02\\\/18\\\/preisentwicklung-bei-sd-und-cf-speicherkarten-zwischen-2003-und-2018\\\/#primaryimage\"},\"image\":{\"@id\":\"https:\\\/\\\/www.oliver-kilb.de\\\/www\\\/2018\\\/02\\\/18\\\/preisentwicklung-bei-sd-und-cf-speicherkarten-zwischen-2003-und-2018\\\/#primaryimage\"},\"thumbnailUrl\":\"https:\\\/\\\/www.oliver-kilb.de\\\/www\\\/wp-content\\\/uploads\\\/2024\\\/12\\\/SD_64MB_2002.jpg\",\"datePublished\":\"2018-02-18T18:31:00+00:00\",\"dateModified\":\"2024-12-01T18:41:02+00:00\",\"description\":\"Ich habe Rechnungen f\u00fcr SD-Speicherkarten gefunden. Wie haben sich die Preise f\u00fcr Speicherkarten zwischen 2003 und 2018 entwickelt?\",\"breadcrumb\":{\"@id\":\"https:\\\/\\\/www.oliver-kilb.de\\\/www\\\/2018\\\/02\\\/18\\\/preisentwicklung-bei-sd-und-cf-speicherkarten-zwischen-2003-und-2018\\\/#breadcrumb\"},\"inLanguage\":\"de\",\"potentialAction\":[{\"@type\":\"ReadAction\",\"target\":[\"https:\\\/\\\/www.oliver-kilb.de\\\/www\\\/2018\\\/02\\\/18\\\/preisentwicklung-bei-sd-und-cf-speicherkarten-zwischen-2003-und-2018\\\/\"]}]},{\"@type\":\"ImageObject\",\"inLanguage\":\"de\",\"@id\":\"https:\\\/\\\/www.oliver-kilb.de\\\/www\\\/2018\\\/02\\\/18\\\/preisentwicklung-bei-sd-und-cf-speicherkarten-zwischen-2003-und-2018\\\/#primaryimage\",\"url\":\"https:\\\/\\\/www.oliver-kilb.de\\\/www\\\/wp-content\\\/uploads\\\/2024\\\/12\\\/SD_64MB_2002.jpg\",\"contentUrl\":\"https:\\\/\\\/www.oliver-kilb.de\\\/www\\\/wp-content\\\/uploads\\\/2024\\\/12\\\/SD_64MB_2002.jpg\",\"width\":1200,\"height\":416},{\"@type\":\"BreadcrumbList\",\"@id\":\"https:\\\/\\\/www.oliver-kilb.de\\\/www\\\/2018\\\/02\\\/18\\\/preisentwicklung-bei-sd-und-cf-speicherkarten-zwischen-2003-und-2018\\\/#breadcrumb\",\"itemListElement\":[{\"@type\":\"ListItem\",\"position\":1,\"name\":\"Startseite\",\"item\":\"https:\\\/\\\/www.oliver-kilb.de\\\/www\\\/\"},{\"@type\":\"ListItem\",\"position\":2,\"name\":\"Preisentwicklung bei SD- und CF-Speicherkarten zwischen 2003 und 2018.\"}]},{\"@type\":\"WebSite\",\"@id\":\"https:\\\/\\\/www.oliver-kilb.de\\\/www\\\/#website\",\"url\":\"https:\\\/\\\/www.oliver-kilb.de\\\/www\\\/\",\"name\":\"Japan, Wandern und Multimedia\",\"description\":\"\",\"publisher\":{\"@id\":\"https:\\\/\\\/www.oliver-kilb.de\\\/www\\\/#organization\"},\"potentialAction\":[{\"@type\":\"SearchAction\",\"target\":{\"@type\":\"EntryPoint\",\"urlTemplate\":\"https:\\\/\\\/www.oliver-kilb.de\\\/www\\\/?s={search_term_string}\"},\"query-input\":{\"@type\":\"PropertyValueSpecification\",\"valueRequired\":true,\"valueName\":\"search_term_string\"}}],\"inLanguage\":\"de\"},{\"@type\":\"Organization\",\"@id\":\"https:\\\/\\\/www.oliver-kilb.de\\\/www\\\/#organization\",\"name\":\"Japan, Wandern und Multimedia\",\"url\":\"https:\\\/\\\/www.oliver-kilb.de\\\/www\\\/\",\"logo\":{\"@type\":\"ImageObject\",\"inLanguage\":\"de\",\"@id\":\"https:\\\/\\\/www.oliver-kilb.de\\\/www\\\/#\\\/schema\\\/logo\\\/image\\\/\",\"url\":\"https:\\\/\\\/www.oliver-kilb.de\\\/www\\\/wp-content\\\/uploads\\\/2024\\\/07\\\/Fushimi-Inari-Schrein_075_DxO.jpg\",\"contentUrl\":\"https:\\\/\\\/www.oliver-kilb.de\\\/www\\\/wp-content\\\/uploads\\\/2024\\\/07\\\/Fushimi-Inari-Schrein_075_DxO.jpg\",\"width\":1380,\"height\":301,\"caption\":\"Japan, Wandern und Multimedia\"},\"image\":{\"@id\":\"https:\\\/\\\/www.oliver-kilb.de\\\/www\\\/#\\\/schema\\\/logo\\\/image\\\/\"}},{\"@type\":\"Person\",\"@id\":\"https:\\\/\\\/www.oliver-kilb.de\\\/www\\\/#\\\/schema\\\/person\\\/c2b19a881050135aa248a8851b7b4250\",\"name\":\"Oliver Kilb\",\"image\":{\"@type\":\"ImageObject\",\"inLanguage\":\"de\",\"@id\":\"https:\\\/\\\/secure.gravatar.com\\\/avatar\\\/4da50eb2c6eb71b0641229eed4a38d05c8d4b458a59355cca0d02b57303d6ffd?s=96&d=mm&r=g\",\"url\":\"https:\\\/\\\/secure.gravatar.com\\\/avatar\\\/4da50eb2c6eb71b0641229eed4a38d05c8d4b458a59355cca0d02b57303d6ffd?s=96&d=mm&r=g\",\"contentUrl\":\"https:\\\/\\\/secure.gravatar.com\\\/avatar\\\/4da50eb2c6eb71b0641229eed4a38d05c8d4b458a59355cca0d02b57303d6ffd?s=96&d=mm&r=g\",\"caption\":\"Oliver Kilb\"},\"sameAs\":[\"https:\\\/\\\/www.oliver-kilb.de\\\/www\"],\"url\":\"https:\\\/\\\/www.oliver-kilb.de\\\/www\\\/author\\\/oliver-kilb\\\/\"}]}<\/script>\n<!-- \/ Yoast SEO plugin. -->","yoast_head_json":{"title":"Preisentwicklung bei SD- und CF-Speicherkarten zwischen 2003 und 2018. - Japan, Wandern und Multimedia","description":"Ich habe Rechnungen f\u00fcr SD-Speicherkarten gefunden. Wie haben sich die Preise f\u00fcr Speicherkarten zwischen 2003 und 2018 entwickelt?","robots":{"index":"index","follow":"follow","max-snippet":"max-snippet:-1","max-image-preview":"max-image-preview:large","max-video-preview":"max-video-preview:-1"},"canonical":"https:\/\/www.oliver-kilb.de\/www\/2018\/02\/18\/preisentwicklung-bei-sd-und-cf-speicherkarten-zwischen-2003-und-2018\/","og_locale":"de_DE","og_type":"article","og_title":"Preisentwicklung bei SD- und CF-Speicherkarten zwischen 2003 und 2018. - Japan, Wandern und Multimedia","og_description":"Ich habe Rechnungen f\u00fcr SD-Speicherkarten gefunden. Wie haben sich die Preise f\u00fcr Speicherkarten zwischen 2003 und 2018 entwickelt?","og_url":"https:\/\/www.oliver-kilb.de\/www\/2018\/02\/18\/preisentwicklung-bei-sd-und-cf-speicherkarten-zwischen-2003-und-2018\/","og_site_name":"Japan, Wandern und Multimedia","article_published_time":"2018-02-18T18:31:00+00:00","article_modified_time":"2024-12-01T18:41:02+00:00","og_image":[{"width":1200,"height":416,"url":"https:\/\/www.oliver-kilb.de\/www\/wp-content\/uploads\/2024\/12\/SD_64MB_2002.jpg","type":"image\/jpeg"}],"author":"Oliver Kilb","twitter_card":"summary_large_image","twitter_misc":{"Verfasst von":"Oliver Kilb","Gesch\u00e4tzte Lesezeit":"5\u00a0Minuten"},"schema":{"@context":"https:\/\/schema.org","@graph":[{"@type":"Article","@id":"https:\/\/www.oliver-kilb.de\/www\/2018\/02\/18\/preisentwicklung-bei-sd-und-cf-speicherkarten-zwischen-2003-und-2018\/#article","isPartOf":{"@id":"https:\/\/www.oliver-kilb.de\/www\/2018\/02\/18\/preisentwicklung-bei-sd-und-cf-speicherkarten-zwischen-2003-und-2018\/"},"author":{"name":"Oliver Kilb","@id":"https:\/\/www.oliver-kilb.de\/www\/#\/schema\/person\/c2b19a881050135aa248a8851b7b4250"},"headline":"Preisentwicklung bei SD- und CF-Speicherkarten zwischen 2003 und 2018.","datePublished":"2018-02-18T18:31:00+00:00","dateModified":"2024-12-01T18:41:02+00:00","mainEntityOfPage":{"@id":"https:\/\/www.oliver-kilb.de\/www\/2018\/02\/18\/preisentwicklung-bei-sd-und-cf-speicherkarten-zwischen-2003-und-2018\/"},"wordCount":615,"commentCount":1,"publisher":{"@id":"https:\/\/www.oliver-kilb.de\/www\/#organization"},"image":{"@id":"https:\/\/www.oliver-kilb.de\/www\/2018\/02\/18\/preisentwicklung-bei-sd-und-cf-speicherkarten-zwischen-2003-und-2018\/#primaryimage"},"thumbnailUrl":"https:\/\/www.oliver-kilb.de\/www\/wp-content\/uploads\/2024\/12\/SD_64MB_2002.jpg","keywords":["CF-Karte","SD-Karte"],"articleSection":["IT-Themen"],"inLanguage":"de","potentialAction":[{"@type":"CommentAction","name":"Comment","target":["https:\/\/www.oliver-kilb.de\/www\/2018\/02\/18\/preisentwicklung-bei-sd-und-cf-speicherkarten-zwischen-2003-und-2018\/#respond"]}]},{"@type":"WebPage","@id":"https:\/\/www.oliver-kilb.de\/www\/2018\/02\/18\/preisentwicklung-bei-sd-und-cf-speicherkarten-zwischen-2003-und-2018\/","url":"https:\/\/www.oliver-kilb.de\/www\/2018\/02\/18\/preisentwicklung-bei-sd-und-cf-speicherkarten-zwischen-2003-und-2018\/","name":"Preisentwicklung bei SD- und CF-Speicherkarten zwischen 2003 und 2018. - Japan, Wandern und Multimedia","isPartOf":{"@id":"https:\/\/www.oliver-kilb.de\/www\/#website"},"primaryImageOfPage":{"@id":"https:\/\/www.oliver-kilb.de\/www\/2018\/02\/18\/preisentwicklung-bei-sd-und-cf-speicherkarten-zwischen-2003-und-2018\/#primaryimage"},"image":{"@id":"https:\/\/www.oliver-kilb.de\/www\/2018\/02\/18\/preisentwicklung-bei-sd-und-cf-speicherkarten-zwischen-2003-und-2018\/#primaryimage"},"thumbnailUrl":"https:\/\/www.oliver-kilb.de\/www\/wp-content\/uploads\/2024\/12\/SD_64MB_2002.jpg","datePublished":"2018-02-18T18:31:00+00:00","dateModified":"2024-12-01T18:41:02+00:00","description":"Ich habe Rechnungen f\u00fcr SD-Speicherkarten gefunden. Wie haben sich die Preise f\u00fcr Speicherkarten zwischen 2003 und 2018 entwickelt?","breadcrumb":{"@id":"https:\/\/www.oliver-kilb.de\/www\/2018\/02\/18\/preisentwicklung-bei-sd-und-cf-speicherkarten-zwischen-2003-und-2018\/#breadcrumb"},"inLanguage":"de","potentialAction":[{"@type":"ReadAction","target":["https:\/\/www.oliver-kilb.de\/www\/2018\/02\/18\/preisentwicklung-bei-sd-und-cf-speicherkarten-zwischen-2003-und-2018\/"]}]},{"@type":"ImageObject","inLanguage":"de","@id":"https:\/\/www.oliver-kilb.de\/www\/2018\/02\/18\/preisentwicklung-bei-sd-und-cf-speicherkarten-zwischen-2003-und-2018\/#primaryimage","url":"https:\/\/www.oliver-kilb.de\/www\/wp-content\/uploads\/2024\/12\/SD_64MB_2002.jpg","contentUrl":"https:\/\/www.oliver-kilb.de\/www\/wp-content\/uploads\/2024\/12\/SD_64MB_2002.jpg","width":1200,"height":416},{"@type":"BreadcrumbList","@id":"https:\/\/www.oliver-kilb.de\/www\/2018\/02\/18\/preisentwicklung-bei-sd-und-cf-speicherkarten-zwischen-2003-und-2018\/#breadcrumb","itemListElement":[{"@type":"ListItem","position":1,"name":"Startseite","item":"https:\/\/www.oliver-kilb.de\/www\/"},{"@type":"ListItem","position":2,"name":"Preisentwicklung bei SD- und CF-Speicherkarten zwischen 2003 und 2018."}]},{"@type":"WebSite","@id":"https:\/\/www.oliver-kilb.de\/www\/#website","url":"https:\/\/www.oliver-kilb.de\/www\/","name":"Japan, Wandern und Multimedia","description":"","publisher":{"@id":"https:\/\/www.oliver-kilb.de\/www\/#organization"},"potentialAction":[{"@type":"SearchAction","target":{"@type":"EntryPoint","urlTemplate":"https:\/\/www.oliver-kilb.de\/www\/?s={search_term_string}"},"query-input":{"@type":"PropertyValueSpecification","valueRequired":true,"valueName":"search_term_string"}}],"inLanguage":"de"},{"@type":"Organization","@id":"https:\/\/www.oliver-kilb.de\/www\/#organization","name":"Japan, Wandern und Multimedia","url":"https:\/\/www.oliver-kilb.de\/www\/","logo":{"@type":"ImageObject","inLanguage":"de","@id":"https:\/\/www.oliver-kilb.de\/www\/#\/schema\/logo\/image\/","url":"https:\/\/www.oliver-kilb.de\/www\/wp-content\/uploads\/2024\/07\/Fushimi-Inari-Schrein_075_DxO.jpg","contentUrl":"https:\/\/www.oliver-kilb.de\/www\/wp-content\/uploads\/2024\/07\/Fushimi-Inari-Schrein_075_DxO.jpg","width":1380,"height":301,"caption":"Japan, Wandern und Multimedia"},"image":{"@id":"https:\/\/www.oliver-kilb.de\/www\/#\/schema\/logo\/image\/"}},{"@type":"Person","@id":"https:\/\/www.oliver-kilb.de\/www\/#\/schema\/person\/c2b19a881050135aa248a8851b7b4250","name":"Oliver Kilb","image":{"@type":"ImageObject","inLanguage":"de","@id":"https:\/\/secure.gravatar.com\/avatar\/4da50eb2c6eb71b0641229eed4a38d05c8d4b458a59355cca0d02b57303d6ffd?s=96&d=mm&r=g","url":"https:\/\/secure.gravatar.com\/avatar\/4da50eb2c6eb71b0641229eed4a38d05c8d4b458a59355cca0d02b57303d6ffd?s=96&d=mm&r=g","contentUrl":"https:\/\/secure.gravatar.com\/avatar\/4da50eb2c6eb71b0641229eed4a38d05c8d4b458a59355cca0d02b57303d6ffd?s=96&d=mm&r=g","caption":"Oliver Kilb"},"sameAs":["https:\/\/www.oliver-kilb.de\/www"],"url":"https:\/\/www.oliver-kilb.de\/www\/author\/oliver-kilb\/"}]}},"amp_enabled":true,"_links":{"self":[{"href":"https:\/\/www.oliver-kilb.de\/www\/wp-json\/wp\/v2\/posts\/33230","targetHints":{"allow":["GET"]}}],"collection":[{"href":"https:\/\/www.oliver-kilb.de\/www\/wp-json\/wp\/v2\/posts"}],"about":[{"href":"https:\/\/www.oliver-kilb.de\/www\/wp-json\/wp\/v2\/types\/post"}],"author":[{"embeddable":true,"href":"https:\/\/www.oliver-kilb.de\/www\/wp-json\/wp\/v2\/users\/1"}],"replies":[{"embeddable":true,"href":"https:\/\/www.oliver-kilb.de\/www\/wp-json\/wp\/v2\/comments?post=33230"}],"version-history":[{"count":2,"href":"https:\/\/www.oliver-kilb.de\/www\/wp-json\/wp\/v2\/posts\/33230\/revisions"}],"predecessor-version":[{"id":33237,"href":"https:\/\/www.oliver-kilb.de\/www\/wp-json\/wp\/v2\/posts\/33230\/revisions\/33237"}],"wp:featuredmedia":[{"embeddable":true,"href":"https:\/\/www.oliver-kilb.de\/www\/wp-json\/wp\/v2\/media\/33232"}],"wp:attachment":[{"href":"https:\/\/www.oliver-kilb.de\/www\/wp-json\/wp\/v2\/media?parent=33230"}],"wp:term":[{"taxonomy":"category","embeddable":true,"href":"https:\/\/www.oliver-kilb.de\/www\/wp-json\/wp\/v2\/categories?post=33230"},{"taxonomy":"post_tag","embeddable":true,"href":"https:\/\/www.oliver-kilb.de\/www\/wp-json\/wp\/v2\/tags?post=33230"}],"curies":[{"name":"wp","href":"https:\/\/api.w.org\/{rel}","templated":true}]}}