{"id":33205,"date":"2020-11-08T12:56:00","date_gmt":"2020-11-08T11:56:00","guid":{"rendered":"https:\/\/www.oliver-kilb.de\/www\/?p=33205"},"modified":"2024-12-01T13:12:37","modified_gmt":"2024-12-01T12:12:37","slug":"projekttagebuch-amiga-90","status":"publish","type":"post","link":"https:\/\/www.oliver-kilb.de\/www\/2020\/11\/08\/projekttagebuch-amiga-90\/","title":{"rendered":"Projekttagebuch Amiga &#8217;90."},"content":{"rendered":"\n<p><strong>Hier sind Ausz\u00fcge aus meinen Projekttagebuch der Amiga &#8217;90. Wie war das damals, Anfang November 1990, kurz vor der Messe in K\u00f6ln?<\/strong><\/p>\n\n\n\n<h2 class=\"wp-block-heading\">Die Amiga &#8217;90 &#8211; Vorfreude!<\/h2>\n\n\n<div class=\"wp-block-image\">\n<figure class=\"alignleft size-full is-resized\"><a href=\"https:\/\/www.oliver-kilb.de\/www\/wp-content\/uploads\/2024\/12\/Amiga90_Disk_093.jpg\"><img loading=\"lazy\" decoding=\"async\" width=\"1800\" height=\"1764\" src=\"https:\/\/www.oliver-kilb.de\/www\/wp-content\/uploads\/2024\/12\/Amiga90_Disk_093.jpg\" alt=\"\" class=\"wp-image-33207\" style=\"width:300px\" srcset=\"https:\/\/www.oliver-kilb.de\/www\/wp-content\/uploads\/2024\/12\/Amiga90_Disk_093.jpg 1800w, https:\/\/www.oliver-kilb.de\/www\/wp-content\/uploads\/2024\/12\/Amiga90_Disk_093-500x490.jpg 500w, https:\/\/www.oliver-kilb.de\/www\/wp-content\/uploads\/2024\/12\/Amiga90_Disk_093-300x294.jpg 300w, https:\/\/www.oliver-kilb.de\/www\/wp-content\/uploads\/2024\/12\/Amiga90_Disk_093-768x753.jpg 768w, https:\/\/www.oliver-kilb.de\/www\/wp-content\/uploads\/2024\/12\/Amiga90_Disk_093-1536x1505.jpg 1536w\" sizes=\"auto, (max-width: 1800px) 100vw, 1800px\" \/><\/a><figcaption class=\"wp-element-caption\">Auf dieser Commodore-Diskette waren viele alte Texte<\/figcaption><\/figure>\n<\/div>\n\n\n<p>Nachdem <a href=\"https:\/\/www.oliver-kilb.de\/www\/2015\/01\/25\/amiga89-als-die-amiga-messe-wichtiger-war-als-die-cebit\/\">die Amiga &#8217;89 als erste gro\u00dfe Amiga-Messe<\/a> in Deutschland vom Stand weg Kult wurde, wartete jeder Amiganer sehns\u00fcchtig auf die Amiga &#8217;90 &#8211; wir nat\u00fcrlich auch. Beim \u00dcberspielen 2019 entdeckte ich auf einer alten Diskette doch tats\u00e4chlich eine Art Tagebuch, das ich kurz vor der Messe geschrieben habe. Einige Ausschnitte davon m\u00f6chte ich hier ver\u00f6ffentlichen. Sie lassen mich ganz sch\u00f6n sentimental werden: Als ich das schrieb, war ich gerade vollj\u00e4hrig und ging noch zur Schule. Beim Lesen der Texte wurden l\u00e4ngst vergessene Erinnerungen wieder wach und ich kann mich noch sehr gut an manche Episoden erinnern: Wo die Jugendherberge war, der Weg von dort zum <a href=\"https:\/\/www.google.de\/maps\/place\/Messe,+50679+K%C3%B6ln\/@50.9444087,6.9764221,1192m\/data=!3m1!1e3!4m5!3m4!1s0x47bf25c4839904a1:0xc247ebdfece539ac!8m2!3d50.9441643!4d6.982788\" target=\"_blank\" rel=\"noreferrer noopener\">Messegel\u00e4nde<\/a>&#8230;<\/p>\n\n\n\n<h3 class=\"wp-block-heading\">Erlebnisbericht zur AMIGA 90 vom 8.11.-11.11.1990 in K\u00f6ln &#8211; Samstag, 27.10.<\/h3>\n\n\n\n<p>Heute in 2 Wochen sind wir schon dort. Die Fahrkarten sind gekauft (380 DM mit Reservierung; Abfahrt Homburg 05.03, Ankunft K\u00f6ln ca. 09.00; Abfahrt K\u00f6ln 20.01, Ankunft Homburg 23.37), die Betten in der <a href=\"https:\/\/www.google.de\/maps\/place\/DJH+Jugendherberge+K%C3%B6ln-Deutz\/@50.9391547,6.9729403,149m\/data=!3m2!1e3!5s0x47bf25c8619f343d:0xac25a71d25e7648a!4m18!1m9!3m8!1s0x0:0xf8fe420420c24a77!2sDJH+Jugendherberge+K%C3%B6ln-Deutz!5m2!4m1!1i2!8m2!3d50.9387964!4d6.9732756!3m7!1s0x0:0xf8fe420420c24a77!5m2!4m1!1i2!8m2!3d50.9387964!4d6.9732756\" target=\"_blank\" rel=\"noreferrer noopener\">Jugendherberge K\u00f6ln-Deutz<\/a> (Siegesstr. 5a, 5000 K\u00f6ln 21, Tel (0221) 81 47 11) sind reserviert, die Jugendherbergsausweise (f\u00fcr je 17,-) gekauft. Die Karten wurden schon l\u00e4ngst in der Vorbestellungszeit geordert und die 9 Karten (Dom kommt nur Sonntags) f\u00fcr je 10 DM sind da.<\/p>\n\n\n\n<p>Von der Planung her d\u00fcrfte nichts schiefgehen!<\/p>\n\n\n<div class=\"wp-block-image\">\n<figure class=\"alignleft size-full is-resized\"><a href=\"https:\/\/www.oliver-kilb.de\/www\/wp-content\/uploads\/2024\/12\/Amiga90_2020-05-18_Kirkel_445.jpg\"><img loading=\"lazy\" decoding=\"async\" width=\"1800\" height=\"1200\" src=\"https:\/\/www.oliver-kilb.de\/www\/wp-content\/uploads\/2024\/12\/Amiga90_2020-05-18_Kirkel_445.jpg\" alt=\"\" class=\"wp-image-33208\" style=\"width:300px\" srcset=\"https:\/\/www.oliver-kilb.de\/www\/wp-content\/uploads\/2024\/12\/Amiga90_2020-05-18_Kirkel_445.jpg 1800w, https:\/\/www.oliver-kilb.de\/www\/wp-content\/uploads\/2024\/12\/Amiga90_2020-05-18_Kirkel_445-500x333.jpg 500w, https:\/\/www.oliver-kilb.de\/www\/wp-content\/uploads\/2024\/12\/Amiga90_2020-05-18_Kirkel_445-300x200.jpg 300w, https:\/\/www.oliver-kilb.de\/www\/wp-content\/uploads\/2024\/12\/Amiga90_2020-05-18_Kirkel_445-768x512.jpg 768w, https:\/\/www.oliver-kilb.de\/www\/wp-content\/uploads\/2024\/12\/Amiga90_2020-05-18_Kirkel_445-1536x1024.jpg 1536w\" sizes=\"auto, (max-width: 1800px) 100vw, 1800px\" \/><\/a><figcaption class=\"wp-element-caption\">Molloch of Reality (Gfx)<\/figcaption><\/figure>\n<\/div>\n\n\n<p>Dar\u00fcber hinaus besitzt jeder von uns sein eigenes REALITY- T-Shirt mit Namen und Funktion des jeweiligen Besitzers und wird es mitnehmen. &#8211; Bis auf XXX, der erst seit Anfang der Woche zu unserer Gruppe geh\u00f6rt. Er muss dann halt eines unserer alten Hemden anziehen, auf denen lediglich der Gruppenname vermerkt ist.<\/p>\n\n\n\n<p>Als ob das nicht reicht, nimmt jeder von uns noch Leerdisketten mit, bzw unsere Demodisketten mit den 3 Bildern von mir (ZZ Top, Grille und Batman) und unseren 3 Amiga 90-Demos, die von Marc programmiert wurden.<\/p>\n\n\n\n<p>[&#8230;] Hier die Kurzbeschreibung der Demos in Reihenfolge der zeitlichen Entstehung (wobei das erste zum heutigen Zeitpunkt jedoch h\u00f6chstens einen Monat alt sein d\u00fcrfte!) :<\/p>\n\n\n<div class=\"wp-block-image\">\n<figure class=\"alignleft size-full is-resized\"><a href=\"https:\/\/www.oliver-kilb.de\/www\/wp-content\/uploads\/2019\/07\/Reality_Rastersplit-DMO_from_Reality_010.png\"><img loading=\"lazy\" decoding=\"async\" width=\"720\" height=\"568\" src=\"https:\/\/www.oliver-kilb.de\/www\/wp-content\/uploads\/2019\/07\/Reality_Rastersplit-DMO_from_Reality_010.png\" alt=\"\" class=\"wp-image-32839\" style=\"width:300px\" srcset=\"https:\/\/www.oliver-kilb.de\/www\/wp-content\/uploads\/2019\/07\/Reality_Rastersplit-DMO_from_Reality_010.png 720w, https:\/\/www.oliver-kilb.de\/www\/wp-content\/uploads\/2019\/07\/Reality_Rastersplit-DMO_from_Reality_010-500x394.png 500w, https:\/\/www.oliver-kilb.de\/www\/wp-content\/uploads\/2019\/07\/Reality_Rastersplit-DMO_from_Reality_010-300x237.png 300w\" sizes=\"auto, (max-width: 720px) 100vw, 720px\" \/><\/a><figcaption class=\"wp-element-caption\">Raster-Titel<\/figcaption><\/figure>\n<\/div>\n\n\n<p>Scrollers: Und wieder ein Weltrekord von Reality! <a href=\"https:\/\/www.oliver-kilb.de\/www\/2019\/07\/03\/reality-rastersplit-demo-1990\/\">Scrollers<\/a> bietet nebst einem sch\u00f6nen 32-Farben-Logo (von MWR) und einer Scrollschrift noch den eigentlichen Weltrekord: 40 Rastersplits, die 200 Pixel hoch sind. Dazu kommt noch Musik und l\u00e4cherliche 72 Ball-Sprites. WICHTIG: Zur Zeit ist der Zeichensatz noch von TCC of Red Sector (8&#215;8) und die Musik von Firefox of Phenomena. Aber ich sch\u00e4tze, da\u00df wir ein Musikst\u00fcck von Dom und einen Zeichensatz von mir einbauen werden. [&#8230;]<\/p>\n\n\n\n<p>Megadycper: Wie der Name schon sagt: <a href=\"https:\/\/www.oliver-kilb.de\/www\/2019\/07\/21\/reality-megadycper-demo-1990\/\">Ein Megadycper<\/a>, und zwar der sauberste, den ich (bis jetzt) gesehen habe. Ich sagte mit Absicht &#8222;bis jetzt&#8220;, denn ich bin mir sicher, wir werden auf der Messe so manches sehen, was uns die Ohren schlackern l\u00e4sst. Doch nun zum Demo: Ein 32&#215;32 Font von mir, 4 Tonkanal-Ausschl\u00e4ge und Prozentangebe der von der CPU verbrauchten Zeit. [&#8230;]<\/p>\n\n\n<div class=\"wp-block-image\">\n<figure class=\"alignleft size-full is-resized\"><a href=\"https:\/\/www.oliver-kilb.de\/www\/wp-content\/uploads\/2024\/11\/Reality_dycp_titel.jpg\"><img loading=\"lazy\" decoding=\"async\" width=\"720\" height=\"576\" src=\"https:\/\/www.oliver-kilb.de\/www\/wp-content\/uploads\/2024\/11\/Reality_dycp_titel.jpg\" alt=\"\" class=\"wp-image-32855\" style=\"width:300px\" srcset=\"https:\/\/www.oliver-kilb.de\/www\/wp-content\/uploads\/2024\/11\/Reality_dycp_titel.jpg 720w, https:\/\/www.oliver-kilb.de\/www\/wp-content\/uploads\/2024\/11\/Reality_dycp_titel-500x400.jpg 500w, https:\/\/www.oliver-kilb.de\/www\/wp-content\/uploads\/2024\/11\/Reality_dycp_titel-300x240.jpg 300w\" sizes=\"auto, (max-width: 720px) 100vw, 720px\" \/><\/a><figcaption class=\"wp-element-caption\">Reality Megadycper<\/figcaption><\/figure>\n<\/div>\n\n\n<p>Vballs: Ein hammerhartes Vectorbob-Demo. Wer das Woow-Demo von Depeche of Spreadpoint kennt, der wird wissen, was auf ihn zukommt: Feinste Vectorball- Scrollschrift. Nun werdet ihr sagen. Na, sch\u00f6n und gut, aber ich denke, das gab&#8217;s schon! Na ja, so unberechtigt ist der Einwand nicht, aber <a href=\"https:\/\/www.oliver-kilb.de\/www\/2019\/07\/28\/das-reality-vectorball-demo\/\">unser Demo<\/a> ist eine stark erweiterte Fassung des Themas:<\/p>\n\n\n\n<ol class=\"wp-block-list\">\n<li>Die Routine von Cosmos ist schneller<\/li>\n\n\n\n<li>Sie ist flexibler: Einfach im Scrolltext die Parameter \u00e4ndern, schon wird die Kurve (nach einer kurzen Berechnungspause) ge\u00e4ndert<\/li>\n\n\n\n<li>Sie erlaubt mehr B\u00e4lle gleichzeitig auf dem Bildschirm. Zus\u00e4tzlich haben wir (Marc und Ich) den Font getunt: Da die Buchstaben mit vielen langen senkrechten Strichen (wie I,U,M usw) Probleme machen, nicht aber Buchstaben mit mehr waagerechten Strichen oder gleichm\u00e4\u00dfigerer Punkteverteilung (wie S,V,X usw) haben wir den (5&#215;7 proportional-) Font dahingehend bearbeitet. Nat\u00fcrlich existiert noch eine Zeitangabe wie im Megadycper und eine kleine lesbare Scrollschrift wie im Woow-Demo.<br>Der absolute Hammer d\u00fcrfte aber das sein: Hinter der Vectorscrollschrift schwingt noch ein Logo in Sinusform hin und her. Aber kein kleines: Es ist fast 3 Bildschirme lang und volle 256 Pixel hoch !!! Zus\u00e4tzlich wird es noch mit Rasterbars ausgef\u00fcllt<\/li>\n<\/ol>\n\n\n\n<p>[&#8230;] Aber wie das Leben so spielt: Das Woow-Demo ist alt, n\u00e4mlich August &#8217;89. Unser Demo k\u00f6nnte l\u00e4ngst \u00fcberholt sein.<\/p>\n\n\n\n<h3 class=\"wp-block-heading\">Donnerstag, 1.11.<\/h3>\n\n\n<div class=\"wp-block-image\">\n<figure class=\"alignright size-full is-resized\"><a href=\"https:\/\/www.oliver-kilb.de\/www\/wp-content\/uploads\/2024\/11\/Reality_vball_scroll-3.png\"><img loading=\"lazy\" decoding=\"async\" width=\"1440\" height=\"1136\" src=\"https:\/\/www.oliver-kilb.de\/www\/wp-content\/uploads\/2024\/11\/Reality_vball_scroll-3.png\" alt=\"\" class=\"wp-image-32870\" style=\"width:300px\" srcset=\"https:\/\/www.oliver-kilb.de\/www\/wp-content\/uploads\/2024\/11\/Reality_vball_scroll-3.png 1440w, https:\/\/www.oliver-kilb.de\/www\/wp-content\/uploads\/2024\/11\/Reality_vball_scroll-3-500x394.png 500w, https:\/\/www.oliver-kilb.de\/www\/wp-content\/uploads\/2024\/11\/Reality_vball_scroll-3-300x237.png 300w, https:\/\/www.oliver-kilb.de\/www\/wp-content\/uploads\/2024\/11\/Reality_vball_scroll-3-768x606.png 768w\" sizes=\"auto, (max-width: 1440px) 100vw, 1440px\" \/><\/a><figcaption class=\"wp-element-caption\">Release: Amiga &#8217;90<\/figcaption><\/figure>\n<\/div>\n\n\n<p>OOPS! What&#8217;s this ??? &#8211; So beginnt der Scrolltext unseres Vectorbob- Demos. Da ich inzwischen die endg\u00fcltige Version gesehen und unsere Musik geh\u00f6rt habe, bin ich beruhigt. Es wird schon &#8222;schiefgehen&#8220;!<br>Mittlerweile habe ich eine Liste mit allen ausstellenden Firmen angelegt. Es erwartet uns so manches:<\/p>\n\n\n\n<ul class=\"wp-block-list\">\n<li>Ein Versand bietet schon The Bard&#8217;s Tale III f\u00fcr 69,- an<\/li>\n\n\n\n<li>Einige Firmen verkaufen die 2MB Erweiterung f\u00fcr 400-450,-<\/li>\n\n\n\n<li>Firmen werden eine 68040-Karte f\u00fcr den A3000 pr\u00e4sentieren<\/li>\n\n\n\n<li>Viele Grafikkarten, Digitizer usw. mit 16,7 Mio Farben gleichzeitig<\/li>\n<\/ul>\n\n\n\n<p>Unser Plan wird so aussehen:<br>Erst zur Jugendherberge, das Zeug abladen. Dann direkt zur Messe bis zum Schluss. Vielleicht dann auf eine Copy-Fete. Herumstreunen in der Stadt; schlafengehen. Morgens zur Messe; herumstreunen, heimfahren.<br>Toll, gell???<\/p>\n\n\n\n<p>Da die Hallen 5x so gro\u00df sind wie letztes Jahr, d\u00fcrfte es kein so gro\u00dfes Gedr\u00e4nge geben. Zus\u00e4tzlich hat Halle 10 noch ein zweites Stockwerk. Die zweite Halle (f\u00fcr die Software) ist Halle Nr. 12.<br>Okay, so long bis zum n\u00e4chsten Mal!!<\/p>\n\n\n\n<h3 class=\"wp-block-heading\">Sonntag, 4.11.<\/h3>\n\n\n\n<p>Nicht nur, dass heute Welttanztag ist, nein, heute in einer Woche sind wir bereits mitten im Geschehen. Vielleicht haben wir schon erste Kontakte gekn\u00fcpft und vielleicht ist auch eine der gro\u00dfen Gruppen (in Reihenfolge des Bekanntheitsgrades) wie Red Sector, Spreadpoint, Quartex, Paranoimia, Black Monks, Vision Factory, Double Density Crew oder nat\u00fcrlich Kefrens dabei.<\/p>\n\n\n\n<p>Ich w\u00fcsste schon gerne konkret, was aus manchen Gruppen wie Dynamic Duo, Section 8, ECA, 1103 und vor allem Headbanger (Georg) geworden ist. Bei manchen habe ich die Vermutung, dass sie zu XXX geworden sind&#8230;<br>Puuh, was sonst? &#8211; Dom f\u00e4hrt nun doch vielleicht schon am Samstag mit uns im Zug nach K\u00f6ln. Deshalb habe ich ihm unsere Reservierungsnummern gegeben. Vielleicht kann er noch einen Platz in unserem Abteil ergattern!?! Wenn nicht, w\u00e4re es schade.<\/p>\n\n\n<div class=\"wp-block-image\">\n<figure class=\"alignright size-full is-resized\"><a href=\"https:\/\/www.oliver-kilb.de\/www\/wp-content\/uploads\/2024\/10\/amiga90_front.jpg\"><img loading=\"lazy\" decoding=\"async\" width=\"1200\" height=\"739\" src=\"https:\/\/www.oliver-kilb.de\/www\/wp-content\/uploads\/2024\/10\/amiga90_front.jpg\" alt=\"\" class=\"wp-image-29865\" style=\"width:300px\" srcset=\"https:\/\/www.oliver-kilb.de\/www\/wp-content\/uploads\/2024\/10\/amiga90_front.jpg 1200w, https:\/\/www.oliver-kilb.de\/www\/wp-content\/uploads\/2024\/10\/amiga90_front-500x308.jpg 500w, https:\/\/www.oliver-kilb.de\/www\/wp-content\/uploads\/2024\/10\/amiga90_front-300x185.jpg 300w, https:\/\/www.oliver-kilb.de\/www\/wp-content\/uploads\/2024\/10\/amiga90_front-768x473.jpg 768w\" sizes=\"auto, (max-width: 1200px) 100vw, 1200px\" \/><\/a><figcaption class=\"wp-element-caption\">Amiga&#8217;90 in K\u00f6ln, Eintrittskarte (Vorderseite). Mit Unterschrift von Andrew Braybrook (u.A. Uridium, Paradroid).<\/figcaption><\/figure>\n<\/div>\n\n\n<p>Da f\u00e4llt mir noch etwas ein: Letztes Jahr \u00fcberraschte Allan Hastings (von dem ich heute noch das Autogramm (was hei\u00dft eigentlich Autogramm auf englisch?) auf meiner Eintrittskarte habe) alle mit der ersten kleinen Version seines (nun fertiggestellten) Videotoasters &#8211; Daten folgen: 16,7 Mio Farben (gleichzeitig), 7-Kanal-Broadcast-Qualit\u00e4t, Echtzeitdigitizer (nat\u00fcrlich Farbe) und mehr&#8230;<\/p>\n\n\n\n<p>Ich bin auf seine derzeitigen Computerfilme gespannt, sein letzter called &#8222;Rush-hour&#8220; war schlichtweg amazing! Ha, da f\u00e4llt mir noch &#8218;was wichtiges ein: Visitenkarten, wir brauchen dringend noch Visitenkarten- muss sofort noch auf den Notizzettel drauf. Hier die Liste des Merkzettels:<\/p>\n\n\n\n<ul class=\"wp-block-list\">\n<li>Fahrkarten<\/li>\n\n\n\n<li>Eintrittskarten<\/li>\n\n\n\n<li>Reservierung f\u00fcr die Jugendherberge<\/li>\n\n\n\n<li>Jugendherbergsausweise<\/li>\n\n\n\n<li>Stadtplan von K\u00f6lle<\/li>\n\n\n\n<li>Leerdisks<\/li>\n\n\n\n<li>Disks mit unseren Demos<\/li>\n\n\n\n<li>Visitenkarten<\/li>\n\n\n\n<li>viel Klein- und Gro\u00dfgeld<\/li>\n\n\n\n<li>Reiseproviant!!!!!<\/li>\n\n\n\n<li>unsere Hemden (of course)<\/li>\n<\/ul>\n\n\n\n<p>So, und jetzt geh ich essen. Guten Appetit.<\/p>\n\n\n\n<h2 class=\"wp-block-heading\">Neue, bedruckte Hemden mit Reality-Logo.<\/h2>\n\n\n<div class=\"wp-block-image\">\n<figure class=\"alignleft size-full is-resized\"><a href=\"https:\/\/www.oliver-kilb.de\/www\/wp-content\/uploads\/2024\/12\/Amiga90_2020-05-18_Kirkel_447.jpg\"><img loading=\"lazy\" decoding=\"async\" width=\"1800\" height=\"1200\" src=\"https:\/\/www.oliver-kilb.de\/www\/wp-content\/uploads\/2024\/12\/Amiga90_2020-05-18_Kirkel_447.jpg\" alt=\"\" class=\"wp-image-33209\" style=\"width:300px\" srcset=\"https:\/\/www.oliver-kilb.de\/www\/wp-content\/uploads\/2024\/12\/Amiga90_2020-05-18_Kirkel_447.jpg 1800w, https:\/\/www.oliver-kilb.de\/www\/wp-content\/uploads\/2024\/12\/Amiga90_2020-05-18_Kirkel_447-500x333.jpg 500w, https:\/\/www.oliver-kilb.de\/www\/wp-content\/uploads\/2024\/12\/Amiga90_2020-05-18_Kirkel_447-300x200.jpg 300w, https:\/\/www.oliver-kilb.de\/www\/wp-content\/uploads\/2024\/12\/Amiga90_2020-05-18_Kirkel_447-768x512.jpg 768w, https:\/\/www.oliver-kilb.de\/www\/wp-content\/uploads\/2024\/12\/Amiga90_2020-05-18_Kirkel_447-1536x1024.jpg 1536w\" sizes=\"auto, (max-width: 1800px) 100vw, 1800px\" \/><\/a><figcaption class=\"wp-element-caption\">Molloch of Reality (Gfx)<\/figcaption><\/figure>\n<\/div>\n\n\n<p><a href=\"https:\/\/www.oliver-kilb.de\/www\/2020\/08\/16\/1990-amiga-bilder-auf-shirts\/\">In einem fr\u00fcheren Beitrag<\/a> habe ich geschrieben, wie aufregend es Anfang 1990 war, ein Hemd zu tragen, das mit einem eigenen Motiv bedruckt war. Das war f\u00fcr sich alleine genommen f\u00fcr damals schon besonders, weil es Firmen oder Dienstleistungen wie Spreadshirt einfach noch nicht gab. Aber noch besser war es nat\u00fcrlich, wenn das Druckmotiv eine Computergrafik war, die man selbst Pixel f\u00fcr Pixel gesetzt hat. Und so sahen die Hemden aus, die im Projekttagebuch angesprochen wurden.<\/p>\n\n\n<div class=\"wp-block-image\">\n<figure class=\"alignright size-full is-resized\"><a href=\"https:\/\/www.oliver-kilb.de\/www\/wp-content\/uploads\/2024\/12\/Amiga90_Reality2_Molloch.jpg\"><img loading=\"lazy\" decoding=\"async\" width=\"1920\" height=\"1536\" src=\"https:\/\/www.oliver-kilb.de\/www\/wp-content\/uploads\/2024\/12\/Amiga90_Reality2_Molloch.jpg\" alt=\"\" class=\"wp-image-33210\" style=\"width:300px\" srcset=\"https:\/\/www.oliver-kilb.de\/www\/wp-content\/uploads\/2024\/12\/Amiga90_Reality2_Molloch.jpg 1920w, https:\/\/www.oliver-kilb.de\/www\/wp-content\/uploads\/2024\/12\/Amiga90_Reality2_Molloch-500x400.jpg 500w, https:\/\/www.oliver-kilb.de\/www\/wp-content\/uploads\/2024\/12\/Amiga90_Reality2_Molloch-300x240.jpg 300w, https:\/\/www.oliver-kilb.de\/www\/wp-content\/uploads\/2024\/12\/Amiga90_Reality2_Molloch-768x614.jpg 768w, https:\/\/www.oliver-kilb.de\/www\/wp-content\/uploads\/2024\/12\/Amiga90_Reality2_Molloch-1536x1229.jpg 1536w\" sizes=\"auto, (max-width: 1920px) 100vw, 1920px\" \/><\/a><figcaption class=\"wp-element-caption\">Die Druckvorlage f\u00fcr das Hemd.<\/figcaption><\/figure>\n<\/div>\n\n\n<p>Mein Hemd ist wahrscheinlich das einzige noch existierende Exemplar von damals&#8230; Wir lernten damals \u00fcber die Commodore-Wand Axiom aus Neunkirchen kennen, mit denen wir damals zu <a href=\"https:\/\/www.oliver-kilb.de\/www\/2019\/09\/01\/visdom-vertical-pulse\/\">Visdom<\/a> fusionierten.<\/p>\n","protected":false},"excerpt":{"rendered":"<p>Hier sind Ausz\u00fcge aus meinen Projekttagebuch der Amiga &#8217;90. Wie war das damals, Anfang November 1990, kurz vor der Messe in K\u00f6ln?<\/p>\n","protected":false},"author":1,"featured_media":33210,"comment_status":"open","ping_status":"open","sticky":false,"template":"","format":"standard","meta":{"iawp_total_views":10,"footnotes":""},"categories":[19,15],"tags":[40,638,266,513,612,45],"class_list":["post-33205","post","type-post","status-publish","format-standard","has-post-thumbnail","hentry","category-amiga","category-blog","tag-amiga","tag-amiga-90","tag-amiga-demo","tag-amiga-messe","tag-molloch","tag-reality"],"yoast_head":"<!-- This site is optimized with the Yoast SEO plugin v27.3 - https:\/\/yoast.com\/product\/yoast-seo-wordpress\/ -->\n<title>Projekttagebuch Amiga &#039;90. - Japan, Wandern und Multimedia<\/title>\n<meta name=\"description\" content=\"Hier sind Ausz\u00fcge aus meinen Projekttagebuch der Amiga &#039;90. Wie war das damals, Anfang November 1990, kurz vor der Messe in K\u00f6ln?\" \/>\n<meta name=\"robots\" content=\"index, follow, max-snippet:-1, max-image-preview:large, max-video-preview:-1\" \/>\n<link rel=\"canonical\" href=\"https:\/\/www.oliver-kilb.de\/www\/2020\/11\/08\/projekttagebuch-amiga-90\/\" \/>\n<meta property=\"og:locale\" content=\"de_DE\" \/>\n<meta property=\"og:type\" content=\"article\" \/>\n<meta property=\"og:title\" content=\"Projekttagebuch Amiga &#039;90. - Japan, Wandern und Multimedia\" \/>\n<meta property=\"og:description\" content=\"Hier sind Ausz\u00fcge aus meinen Projekttagebuch der Amiga &#039;90. Wie war das damals, Anfang November 1990, kurz vor der Messe in K\u00f6ln?\" \/>\n<meta property=\"og:url\" content=\"https:\/\/www.oliver-kilb.de\/www\/2020\/11\/08\/projekttagebuch-amiga-90\/\" \/>\n<meta property=\"og:site_name\" content=\"Japan, Wandern und Multimedia\" \/>\n<meta property=\"article:published_time\" content=\"2020-11-08T11:56:00+00:00\" \/>\n<meta property=\"article:modified_time\" content=\"2024-12-01T12:12:37+00:00\" \/>\n<meta property=\"og:image\" content=\"https:\/\/www.oliver-kilb.de\/www\/wp-content\/uploads\/2024\/12\/Amiga90_Reality2_Molloch.jpg\" \/>\n\t<meta property=\"og:image:width\" content=\"1920\" \/>\n\t<meta property=\"og:image:height\" content=\"1536\" \/>\n\t<meta property=\"og:image:type\" content=\"image\/jpeg\" \/>\n<meta name=\"author\" content=\"Oliver Kilb\" \/>\n<meta name=\"twitter:card\" content=\"summary_large_image\" \/>\n<meta name=\"twitter:label1\" content=\"Verfasst von\" \/>\n\t<meta name=\"twitter:data1\" content=\"Oliver Kilb\" \/>\n\t<meta name=\"twitter:label2\" content=\"Gesch\u00e4tzte Lesezeit\" \/>\n\t<meta name=\"twitter:data2\" content=\"9\u00a0Minuten\" \/>\n<script type=\"application\/ld+json\" class=\"yoast-schema-graph\">{\"@context\":\"https:\\\/\\\/schema.org\",\"@graph\":[{\"@type\":\"Article\",\"@id\":\"https:\\\/\\\/www.oliver-kilb.de\\\/www\\\/2020\\\/11\\\/08\\\/projekttagebuch-amiga-90\\\/#article\",\"isPartOf\":{\"@id\":\"https:\\\/\\\/www.oliver-kilb.de\\\/www\\\/2020\\\/11\\\/08\\\/projekttagebuch-amiga-90\\\/\"},\"author\":{\"name\":\"Oliver Kilb\",\"@id\":\"https:\\\/\\\/www.oliver-kilb.de\\\/www\\\/#\\\/schema\\\/person\\\/c2b19a881050135aa248a8851b7b4250\"},\"headline\":\"Projekttagebuch Amiga &#8217;90.\",\"datePublished\":\"2020-11-08T11:56:00+00:00\",\"dateModified\":\"2024-12-01T12:12:37+00:00\",\"mainEntityOfPage\":{\"@id\":\"https:\\\/\\\/www.oliver-kilb.de\\\/www\\\/2020\\\/11\\\/08\\\/projekttagebuch-amiga-90\\\/\"},\"wordCount\":1286,\"commentCount\":2,\"publisher\":{\"@id\":\"https:\\\/\\\/www.oliver-kilb.de\\\/www\\\/#organization\"},\"image\":{\"@id\":\"https:\\\/\\\/www.oliver-kilb.de\\\/www\\\/2020\\\/11\\\/08\\\/projekttagebuch-amiga-90\\\/#primaryimage\"},\"thumbnailUrl\":\"https:\\\/\\\/www.oliver-kilb.de\\\/www\\\/wp-content\\\/uploads\\\/2024\\\/12\\\/Amiga90_Reality2_Molloch.jpg\",\"keywords\":[\"Amiga\",\"Amiga '90\",\"Amiga-Demo\",\"Amiga-Messe\",\"Molloch\",\"Reality\"],\"articleSection\":[\"Amiga\",\"Blog\"],\"inLanguage\":\"de\",\"potentialAction\":[{\"@type\":\"CommentAction\",\"name\":\"Comment\",\"target\":[\"https:\\\/\\\/www.oliver-kilb.de\\\/www\\\/2020\\\/11\\\/08\\\/projekttagebuch-amiga-90\\\/#respond\"]}]},{\"@type\":\"WebPage\",\"@id\":\"https:\\\/\\\/www.oliver-kilb.de\\\/www\\\/2020\\\/11\\\/08\\\/projekttagebuch-amiga-90\\\/\",\"url\":\"https:\\\/\\\/www.oliver-kilb.de\\\/www\\\/2020\\\/11\\\/08\\\/projekttagebuch-amiga-90\\\/\",\"name\":\"Projekttagebuch Amiga '90. - Japan, Wandern und Multimedia\",\"isPartOf\":{\"@id\":\"https:\\\/\\\/www.oliver-kilb.de\\\/www\\\/#website\"},\"primaryImageOfPage\":{\"@id\":\"https:\\\/\\\/www.oliver-kilb.de\\\/www\\\/2020\\\/11\\\/08\\\/projekttagebuch-amiga-90\\\/#primaryimage\"},\"image\":{\"@id\":\"https:\\\/\\\/www.oliver-kilb.de\\\/www\\\/2020\\\/11\\\/08\\\/projekttagebuch-amiga-90\\\/#primaryimage\"},\"thumbnailUrl\":\"https:\\\/\\\/www.oliver-kilb.de\\\/www\\\/wp-content\\\/uploads\\\/2024\\\/12\\\/Amiga90_Reality2_Molloch.jpg\",\"datePublished\":\"2020-11-08T11:56:00+00:00\",\"dateModified\":\"2024-12-01T12:12:37+00:00\",\"description\":\"Hier sind Ausz\u00fcge aus meinen Projekttagebuch der Amiga '90. Wie war das damals, Anfang November 1990, kurz vor der Messe in K\u00f6ln?\",\"breadcrumb\":{\"@id\":\"https:\\\/\\\/www.oliver-kilb.de\\\/www\\\/2020\\\/11\\\/08\\\/projekttagebuch-amiga-90\\\/#breadcrumb\"},\"inLanguage\":\"de\",\"potentialAction\":[{\"@type\":\"ReadAction\",\"target\":[\"https:\\\/\\\/www.oliver-kilb.de\\\/www\\\/2020\\\/11\\\/08\\\/projekttagebuch-amiga-90\\\/\"]}]},{\"@type\":\"ImageObject\",\"inLanguage\":\"de\",\"@id\":\"https:\\\/\\\/www.oliver-kilb.de\\\/www\\\/2020\\\/11\\\/08\\\/projekttagebuch-amiga-90\\\/#primaryimage\",\"url\":\"https:\\\/\\\/www.oliver-kilb.de\\\/www\\\/wp-content\\\/uploads\\\/2024\\\/12\\\/Amiga90_Reality2_Molloch.jpg\",\"contentUrl\":\"https:\\\/\\\/www.oliver-kilb.de\\\/www\\\/wp-content\\\/uploads\\\/2024\\\/12\\\/Amiga90_Reality2_Molloch.jpg\",\"width\":1920,\"height\":1536},{\"@type\":\"BreadcrumbList\",\"@id\":\"https:\\\/\\\/www.oliver-kilb.de\\\/www\\\/2020\\\/11\\\/08\\\/projekttagebuch-amiga-90\\\/#breadcrumb\",\"itemListElement\":[{\"@type\":\"ListItem\",\"position\":1,\"name\":\"Startseite\",\"item\":\"https:\\\/\\\/www.oliver-kilb.de\\\/www\\\/\"},{\"@type\":\"ListItem\",\"position\":2,\"name\":\"Projekttagebuch Amiga &#8217;90.\"}]},{\"@type\":\"WebSite\",\"@id\":\"https:\\\/\\\/www.oliver-kilb.de\\\/www\\\/#website\",\"url\":\"https:\\\/\\\/www.oliver-kilb.de\\\/www\\\/\",\"name\":\"Japan, Wandern und Multimedia\",\"description\":\"\",\"publisher\":{\"@id\":\"https:\\\/\\\/www.oliver-kilb.de\\\/www\\\/#organization\"},\"potentialAction\":[{\"@type\":\"SearchAction\",\"target\":{\"@type\":\"EntryPoint\",\"urlTemplate\":\"https:\\\/\\\/www.oliver-kilb.de\\\/www\\\/?s={search_term_string}\"},\"query-input\":{\"@type\":\"PropertyValueSpecification\",\"valueRequired\":true,\"valueName\":\"search_term_string\"}}],\"inLanguage\":\"de\"},{\"@type\":\"Organization\",\"@id\":\"https:\\\/\\\/www.oliver-kilb.de\\\/www\\\/#organization\",\"name\":\"Japan, Wandern und Multimedia\",\"url\":\"https:\\\/\\\/www.oliver-kilb.de\\\/www\\\/\",\"logo\":{\"@type\":\"ImageObject\",\"inLanguage\":\"de\",\"@id\":\"https:\\\/\\\/www.oliver-kilb.de\\\/www\\\/#\\\/schema\\\/logo\\\/image\\\/\",\"url\":\"https:\\\/\\\/www.oliver-kilb.de\\\/www\\\/wp-content\\\/uploads\\\/2024\\\/07\\\/Fushimi-Inari-Schrein_075_DxO.jpg\",\"contentUrl\":\"https:\\\/\\\/www.oliver-kilb.de\\\/www\\\/wp-content\\\/uploads\\\/2024\\\/07\\\/Fushimi-Inari-Schrein_075_DxO.jpg\",\"width\":1380,\"height\":301,\"caption\":\"Japan, Wandern und Multimedia\"},\"image\":{\"@id\":\"https:\\\/\\\/www.oliver-kilb.de\\\/www\\\/#\\\/schema\\\/logo\\\/image\\\/\"}},{\"@type\":\"Person\",\"@id\":\"https:\\\/\\\/www.oliver-kilb.de\\\/www\\\/#\\\/schema\\\/person\\\/c2b19a881050135aa248a8851b7b4250\",\"name\":\"Oliver Kilb\",\"image\":{\"@type\":\"ImageObject\",\"inLanguage\":\"de\",\"@id\":\"https:\\\/\\\/secure.gravatar.com\\\/avatar\\\/4da50eb2c6eb71b0641229eed4a38d05c8d4b458a59355cca0d02b57303d6ffd?s=96&d=mm&r=g\",\"url\":\"https:\\\/\\\/secure.gravatar.com\\\/avatar\\\/4da50eb2c6eb71b0641229eed4a38d05c8d4b458a59355cca0d02b57303d6ffd?s=96&d=mm&r=g\",\"contentUrl\":\"https:\\\/\\\/secure.gravatar.com\\\/avatar\\\/4da50eb2c6eb71b0641229eed4a38d05c8d4b458a59355cca0d02b57303d6ffd?s=96&d=mm&r=g\",\"caption\":\"Oliver Kilb\"},\"sameAs\":[\"https:\\\/\\\/www.oliver-kilb.de\\\/www\"],\"url\":\"https:\\\/\\\/www.oliver-kilb.de\\\/www\\\/author\\\/oliver-kilb\\\/\"}]}<\/script>\n<!-- \/ Yoast SEO plugin. -->","yoast_head_json":{"title":"Projekttagebuch Amiga '90. - Japan, Wandern und Multimedia","description":"Hier sind Ausz\u00fcge aus meinen Projekttagebuch der Amiga '90. Wie war das damals, Anfang November 1990, kurz vor der Messe in K\u00f6ln?","robots":{"index":"index","follow":"follow","max-snippet":"max-snippet:-1","max-image-preview":"max-image-preview:large","max-video-preview":"max-video-preview:-1"},"canonical":"https:\/\/www.oliver-kilb.de\/www\/2020\/11\/08\/projekttagebuch-amiga-90\/","og_locale":"de_DE","og_type":"article","og_title":"Projekttagebuch Amiga '90. - Japan, Wandern und Multimedia","og_description":"Hier sind Ausz\u00fcge aus meinen Projekttagebuch der Amiga '90. Wie war das damals, Anfang November 1990, kurz vor der Messe in K\u00f6ln?","og_url":"https:\/\/www.oliver-kilb.de\/www\/2020\/11\/08\/projekttagebuch-amiga-90\/","og_site_name":"Japan, Wandern und Multimedia","article_published_time":"2020-11-08T11:56:00+00:00","article_modified_time":"2024-12-01T12:12:37+00:00","og_image":[{"width":1920,"height":1536,"url":"https:\/\/www.oliver-kilb.de\/www\/wp-content\/uploads\/2024\/12\/Amiga90_Reality2_Molloch.jpg","type":"image\/jpeg"}],"author":"Oliver Kilb","twitter_card":"summary_large_image","twitter_misc":{"Verfasst von":"Oliver Kilb","Gesch\u00e4tzte Lesezeit":"9\u00a0Minuten"},"schema":{"@context":"https:\/\/schema.org","@graph":[{"@type":"Article","@id":"https:\/\/www.oliver-kilb.de\/www\/2020\/11\/08\/projekttagebuch-amiga-90\/#article","isPartOf":{"@id":"https:\/\/www.oliver-kilb.de\/www\/2020\/11\/08\/projekttagebuch-amiga-90\/"},"author":{"name":"Oliver Kilb","@id":"https:\/\/www.oliver-kilb.de\/www\/#\/schema\/person\/c2b19a881050135aa248a8851b7b4250"},"headline":"Projekttagebuch Amiga &#8217;90.","datePublished":"2020-11-08T11:56:00+00:00","dateModified":"2024-12-01T12:12:37+00:00","mainEntityOfPage":{"@id":"https:\/\/www.oliver-kilb.de\/www\/2020\/11\/08\/projekttagebuch-amiga-90\/"},"wordCount":1286,"commentCount":2,"publisher":{"@id":"https:\/\/www.oliver-kilb.de\/www\/#organization"},"image":{"@id":"https:\/\/www.oliver-kilb.de\/www\/2020\/11\/08\/projekttagebuch-amiga-90\/#primaryimage"},"thumbnailUrl":"https:\/\/www.oliver-kilb.de\/www\/wp-content\/uploads\/2024\/12\/Amiga90_Reality2_Molloch.jpg","keywords":["Amiga","Amiga '90","Amiga-Demo","Amiga-Messe","Molloch","Reality"],"articleSection":["Amiga","Blog"],"inLanguage":"de","potentialAction":[{"@type":"CommentAction","name":"Comment","target":["https:\/\/www.oliver-kilb.de\/www\/2020\/11\/08\/projekttagebuch-amiga-90\/#respond"]}]},{"@type":"WebPage","@id":"https:\/\/www.oliver-kilb.de\/www\/2020\/11\/08\/projekttagebuch-amiga-90\/","url":"https:\/\/www.oliver-kilb.de\/www\/2020\/11\/08\/projekttagebuch-amiga-90\/","name":"Projekttagebuch Amiga '90. - Japan, Wandern und Multimedia","isPartOf":{"@id":"https:\/\/www.oliver-kilb.de\/www\/#website"},"primaryImageOfPage":{"@id":"https:\/\/www.oliver-kilb.de\/www\/2020\/11\/08\/projekttagebuch-amiga-90\/#primaryimage"},"image":{"@id":"https:\/\/www.oliver-kilb.de\/www\/2020\/11\/08\/projekttagebuch-amiga-90\/#primaryimage"},"thumbnailUrl":"https:\/\/www.oliver-kilb.de\/www\/wp-content\/uploads\/2024\/12\/Amiga90_Reality2_Molloch.jpg","datePublished":"2020-11-08T11:56:00+00:00","dateModified":"2024-12-01T12:12:37+00:00","description":"Hier sind Ausz\u00fcge aus meinen Projekttagebuch der Amiga '90. Wie war das damals, Anfang November 1990, kurz vor der Messe in K\u00f6ln?","breadcrumb":{"@id":"https:\/\/www.oliver-kilb.de\/www\/2020\/11\/08\/projekttagebuch-amiga-90\/#breadcrumb"},"inLanguage":"de","potentialAction":[{"@type":"ReadAction","target":["https:\/\/www.oliver-kilb.de\/www\/2020\/11\/08\/projekttagebuch-amiga-90\/"]}]},{"@type":"ImageObject","inLanguage":"de","@id":"https:\/\/www.oliver-kilb.de\/www\/2020\/11\/08\/projekttagebuch-amiga-90\/#primaryimage","url":"https:\/\/www.oliver-kilb.de\/www\/wp-content\/uploads\/2024\/12\/Amiga90_Reality2_Molloch.jpg","contentUrl":"https:\/\/www.oliver-kilb.de\/www\/wp-content\/uploads\/2024\/12\/Amiga90_Reality2_Molloch.jpg","width":1920,"height":1536},{"@type":"BreadcrumbList","@id":"https:\/\/www.oliver-kilb.de\/www\/2020\/11\/08\/projekttagebuch-amiga-90\/#breadcrumb","itemListElement":[{"@type":"ListItem","position":1,"name":"Startseite","item":"https:\/\/www.oliver-kilb.de\/www\/"},{"@type":"ListItem","position":2,"name":"Projekttagebuch Amiga &#8217;90."}]},{"@type":"WebSite","@id":"https:\/\/www.oliver-kilb.de\/www\/#website","url":"https:\/\/www.oliver-kilb.de\/www\/","name":"Japan, Wandern und Multimedia","description":"","publisher":{"@id":"https:\/\/www.oliver-kilb.de\/www\/#organization"},"potentialAction":[{"@type":"SearchAction","target":{"@type":"EntryPoint","urlTemplate":"https:\/\/www.oliver-kilb.de\/www\/?s={search_term_string}"},"query-input":{"@type":"PropertyValueSpecification","valueRequired":true,"valueName":"search_term_string"}}],"inLanguage":"de"},{"@type":"Organization","@id":"https:\/\/www.oliver-kilb.de\/www\/#organization","name":"Japan, Wandern und Multimedia","url":"https:\/\/www.oliver-kilb.de\/www\/","logo":{"@type":"ImageObject","inLanguage":"de","@id":"https:\/\/www.oliver-kilb.de\/www\/#\/schema\/logo\/image\/","url":"https:\/\/www.oliver-kilb.de\/www\/wp-content\/uploads\/2024\/07\/Fushimi-Inari-Schrein_075_DxO.jpg","contentUrl":"https:\/\/www.oliver-kilb.de\/www\/wp-content\/uploads\/2024\/07\/Fushimi-Inari-Schrein_075_DxO.jpg","width":1380,"height":301,"caption":"Japan, Wandern und Multimedia"},"image":{"@id":"https:\/\/www.oliver-kilb.de\/www\/#\/schema\/logo\/image\/"}},{"@type":"Person","@id":"https:\/\/www.oliver-kilb.de\/www\/#\/schema\/person\/c2b19a881050135aa248a8851b7b4250","name":"Oliver Kilb","image":{"@type":"ImageObject","inLanguage":"de","@id":"https:\/\/secure.gravatar.com\/avatar\/4da50eb2c6eb71b0641229eed4a38d05c8d4b458a59355cca0d02b57303d6ffd?s=96&d=mm&r=g","url":"https:\/\/secure.gravatar.com\/avatar\/4da50eb2c6eb71b0641229eed4a38d05c8d4b458a59355cca0d02b57303d6ffd?s=96&d=mm&r=g","contentUrl":"https:\/\/secure.gravatar.com\/avatar\/4da50eb2c6eb71b0641229eed4a38d05c8d4b458a59355cca0d02b57303d6ffd?s=96&d=mm&r=g","caption":"Oliver Kilb"},"sameAs":["https:\/\/www.oliver-kilb.de\/www"],"url":"https:\/\/www.oliver-kilb.de\/www\/author\/oliver-kilb\/"}]}},"amp_enabled":true,"_links":{"self":[{"href":"https:\/\/www.oliver-kilb.de\/www\/wp-json\/wp\/v2\/posts\/33205","targetHints":{"allow":["GET"]}}],"collection":[{"href":"https:\/\/www.oliver-kilb.de\/www\/wp-json\/wp\/v2\/posts"}],"about":[{"href":"https:\/\/www.oliver-kilb.de\/www\/wp-json\/wp\/v2\/types\/post"}],"author":[{"embeddable":true,"href":"https:\/\/www.oliver-kilb.de\/www\/wp-json\/wp\/v2\/users\/1"}],"replies":[{"embeddable":true,"href":"https:\/\/www.oliver-kilb.de\/www\/wp-json\/wp\/v2\/comments?post=33205"}],"version-history":[{"count":1,"href":"https:\/\/www.oliver-kilb.de\/www\/wp-json\/wp\/v2\/posts\/33205\/revisions"}],"predecessor-version":[{"id":33211,"href":"https:\/\/www.oliver-kilb.de\/www\/wp-json\/wp\/v2\/posts\/33205\/revisions\/33211"}],"wp:featuredmedia":[{"embeddable":true,"href":"https:\/\/www.oliver-kilb.de\/www\/wp-json\/wp\/v2\/media\/33210"}],"wp:attachment":[{"href":"https:\/\/www.oliver-kilb.de\/www\/wp-json\/wp\/v2\/media?parent=33205"}],"wp:term":[{"taxonomy":"category","embeddable":true,"href":"https:\/\/www.oliver-kilb.de\/www\/wp-json\/wp\/v2\/categories?post=33205"},{"taxonomy":"post_tag","embeddable":true,"href":"https:\/\/www.oliver-kilb.de\/www\/wp-json\/wp\/v2\/tags?post=33205"}],"curies":[{"name":"wp","href":"https:\/\/api.w.org\/{rel}","templated":true}]}}