{"id":32501,"date":"2011-03-27T12:31:00","date_gmt":"2011-03-27T10:31:00","guid":{"rendered":"https:\/\/www.oliver-kilb.de\/www\/?p=32501"},"modified":"2024-11-23T12:55:13","modified_gmt":"2024-11-23T11:55:13","slug":"plakat-vorlage-initiative-ehrenamt-fuer-das-thw","status":"publish","type":"post","link":"https:\/\/www.oliver-kilb.de\/www\/2011\/03\/27\/plakat-vorlage-initiative-ehrenamt-fuer-das-thw\/","title":{"rendered":"Plakat-Vorlage &#8222;Initiative Ehrenamt&#8220; f\u00fcr das THW."},"content":{"rendered":"\n<p><strong>Die Plakatvorlage orientierte sich an der offiziellen Serie &#8222;Initiative Ehrenamt&#8220; des THW. Mit dieser Photoshop-Vorlage konnten auch Personen, die die CI-Vorgaben des THW nicht kennen, schnell zu Ergebnissen kommen. Die Vorlage ist f\u00fcr die Gr\u00f6\u00dfe von 50&#215;75 cm in 300 dpi gesetzt.<\/strong><\/p>\n\n\n\n<h2 class=\"wp-block-heading\">Initiative Ehrenamt &#8211; Photoshop-Vorlagen.<\/h2>\n\n\n<div class=\"wp-block-image\">\n<figure class=\"alignleft size-full is-resized\"><a href=\"https:\/\/www.oliver-kilb.de\/www\/wp-content\/uploads\/2024\/11\/THW_Ehrenamt_5.jpg\"><img loading=\"lazy\" decoding=\"async\" width=\"900\" height=\"600\" src=\"https:\/\/www.oliver-kilb.de\/www\/wp-content\/uploads\/2024\/11\/THW_Ehrenamt_5.jpg\" alt=\"\" class=\"wp-image-32514\" style=\"width:300px\" srcset=\"https:\/\/www.oliver-kilb.de\/www\/wp-content\/uploads\/2024\/11\/THW_Ehrenamt_5.jpg 900w, https:\/\/www.oliver-kilb.de\/www\/wp-content\/uploads\/2024\/11\/THW_Ehrenamt_5-500x333.jpg 500w, https:\/\/www.oliver-kilb.de\/www\/wp-content\/uploads\/2024\/11\/THW_Ehrenamt_5-300x200.jpg 300w, https:\/\/www.oliver-kilb.de\/www\/wp-content\/uploads\/2024\/11\/THW_Ehrenamt_5-768x512.jpg 768w\" sizes=\"auto, (max-width: 900px) 100vw, 900px\" \/><\/a><\/figure>\n<\/div>\n\n\n<p>Zur Bearbeitung ben\u00f6tigte man Photoshop und die (damals) offiziellen THW-Schriften <a href=\"https:\/\/www.linotype.com\/de\/96889\/demos-schriftfamilie.html\" target=\"_blank\" rel=\"noreferrer noopener\">&#8222;Demos&#8220;<\/a> und <a href=\"https:\/\/www.linotype.com\/de\/97041\/praxis-schriftfamilie.html\" target=\"_blank\" rel=\"noreferrer noopener\">&#8222;Praxis&#8220;<\/a>. Die Gr\u00f6\u00dfe war so gew\u00e4hlt, dass sie relativ leicht auf DIN-Gr\u00f6\u00dfen angepasst werden konnte, aber der eigentliche Grund war, dass es im DM Fotoparadies in diesem Format g\u00fcnstige Drucke auf Fotopapier gab. Das sah besser aus als gedruckt und hielt auch l\u00e4nger die Farbe. Ideal also zum Aushang.<\/p>\n\n\n\n<p>Hinweis: Die Designvorlagen galten f\u00fcr die damals im Jahr 2006 g\u00fcltige CI. Ich bin zwar nicht mehr auf dem aktuellen Stand, bin mir aber ziemlich sicher, dass sie in der Zwischenzeit so nicht mehr g\u00fcltig ist. Daher habe ich die Photoshop-Vorlagen mittlerweile gel\u00f6scht und biete sie nicht mehr zum Download an.<\/p>\n\n\n\n<figure class=\"wp-block-gallery has-nested-images columns-4 is-cropped wp-block-gallery-1 is-layout-flex wp-block-gallery-is-layout-flex\">\n<figure class=\"wp-block-image size-large\"><img loading=\"lazy\" decoding=\"async\" width=\"525\" height=\"733\" data-id=\"32509\" src=\"https:\/\/www.oliver-kilb.de\/www\/wp-content\/uploads\/2011\/03\/THW_Ehrenamt_1.jpg\" alt=\"\" class=\"wp-image-32509\" srcset=\"https:\/\/www.oliver-kilb.de\/www\/wp-content\/uploads\/2011\/03\/THW_Ehrenamt_1.jpg 525w, https:\/\/www.oliver-kilb.de\/www\/wp-content\/uploads\/2011\/03\/THW_Ehrenamt_1-358x500.jpg 358w, https:\/\/www.oliver-kilb.de\/www\/wp-content\/uploads\/2011\/03\/THW_Ehrenamt_1-215x300.jpg 215w\" sizes=\"auto, (max-width: 525px) 100vw, 525px\" \/><\/figure>\n\n\n\n<figure class=\"wp-block-image size-large\"><img loading=\"lazy\" decoding=\"async\" width=\"518\" height=\"733\" data-id=\"32511\" src=\"https:\/\/www.oliver-kilb.de\/www\/wp-content\/uploads\/2011\/03\/THW_Ehrenamt_2.jpg\" alt=\"\" class=\"wp-image-32511\" srcset=\"https:\/\/www.oliver-kilb.de\/www\/wp-content\/uploads\/2011\/03\/THW_Ehrenamt_2.jpg 518w, https:\/\/www.oliver-kilb.de\/www\/wp-content\/uploads\/2011\/03\/THW_Ehrenamt_2-353x500.jpg 353w, https:\/\/www.oliver-kilb.de\/www\/wp-content\/uploads\/2011\/03\/THW_Ehrenamt_2-212x300.jpg 212w\" sizes=\"auto, (max-width: 518px) 100vw, 518px\" \/><\/figure>\n\n\n\n<figure class=\"wp-block-image size-large\"><img loading=\"lazy\" decoding=\"async\" width=\"518\" height=\"733\" data-id=\"32513\" src=\"https:\/\/www.oliver-kilb.de\/www\/wp-content\/uploads\/2024\/11\/THW_Ehrenamt_3.jpg\" alt=\"\" class=\"wp-image-32513\" srcset=\"https:\/\/www.oliver-kilb.de\/www\/wp-content\/uploads\/2024\/11\/THW_Ehrenamt_3.jpg 518w, https:\/\/www.oliver-kilb.de\/www\/wp-content\/uploads\/2024\/11\/THW_Ehrenamt_3-353x500.jpg 353w, https:\/\/www.oliver-kilb.de\/www\/wp-content\/uploads\/2024\/11\/THW_Ehrenamt_3-212x300.jpg 212w\" sizes=\"auto, (max-width: 518px) 100vw, 518px\" \/><\/figure>\n\n\n\n<figure class=\"wp-block-image size-large\"><img loading=\"lazy\" decoding=\"async\" width=\"518\" height=\"733\" data-id=\"32510\" src=\"https:\/\/www.oliver-kilb.de\/www\/wp-content\/uploads\/2011\/03\/THW_Ehrenamt_4.jpg\" alt=\"\" class=\"wp-image-32510\" srcset=\"https:\/\/www.oliver-kilb.de\/www\/wp-content\/uploads\/2011\/03\/THW_Ehrenamt_4.jpg 518w, https:\/\/www.oliver-kilb.de\/www\/wp-content\/uploads\/2011\/03\/THW_Ehrenamt_4-353x500.jpg 353w, https:\/\/www.oliver-kilb.de\/www\/wp-content\/uploads\/2011\/03\/THW_Ehrenamt_4-212x300.jpg 212w\" sizes=\"auto, (max-width: 518px) 100vw, 518px\" \/><\/figure>\n<\/figure>\n","protected":false},"excerpt":{"rendered":"<p>Die Plakatvorlage orientierte sich an der offiziellen Serie &#8222;Initiative Ehrenamt&#8220; des THW. Mit dieser Photoshop-Vorlage konnten auch Personen, die die CI-Vorgaben des THW nicht kennen, schnell zu Ergebnissen kommen. Die Vorlage ist f\u00fcr die Gr\u00f6\u00dfe von 50&#215;75 cm in 300 dpi gesetzt.<\/p>\n","protected":false},"author":1,"featured_media":32514,"comment_status":"open","ping_status":"open","sticky":false,"template":"","format":"standard","meta":{"iawp_total_views":1,"footnotes":""},"categories":[424],"tags":[24],"class_list":["post-32501","post","type-post","status-publish","format-standard","has-post-thumbnail","hentry","category-thw","tag-thw"],"yoast_head":"<!-- This site is optimized with the Yoast SEO plugin v27.3 - https:\/\/yoast.com\/product\/yoast-seo-wordpress\/ -->\n<title>Plakat-Vorlage &quot;Initiative Ehrenamt&quot; f\u00fcr das THW. - Japan, Wandern und Multimedia<\/title>\n<meta name=\"description\" content=\"Die Plakatvorlage orientierte sich an der offiziellen Serie &quot;Initiative Ehrenamt&quot; des THW. Erstellung einer CI-gerechten Photoshop-Vorlage.\" \/>\n<meta name=\"robots\" content=\"index, follow, max-snippet:-1, max-image-preview:large, max-video-preview:-1\" \/>\n<link rel=\"canonical\" href=\"https:\/\/www.oliver-kilb.de\/www\/2011\/03\/27\/plakat-vorlage-initiative-ehrenamt-fuer-das-thw\/\" \/>\n<meta property=\"og:locale\" content=\"de_DE\" \/>\n<meta property=\"og:type\" content=\"article\" \/>\n<meta property=\"og:title\" content=\"Plakat-Vorlage &quot;Initiative Ehrenamt&quot; f\u00fcr das THW. - Japan, Wandern und Multimedia\" \/>\n<meta property=\"og:description\" content=\"Die Plakatvorlage orientierte sich an der offiziellen Serie &quot;Initiative Ehrenamt&quot; des THW. Erstellung einer CI-gerechten Photoshop-Vorlage.\" \/>\n<meta property=\"og:url\" content=\"https:\/\/www.oliver-kilb.de\/www\/2011\/03\/27\/plakat-vorlage-initiative-ehrenamt-fuer-das-thw\/\" \/>\n<meta property=\"og:site_name\" content=\"Japan, Wandern und Multimedia\" \/>\n<meta property=\"article:published_time\" content=\"2011-03-27T10:31:00+00:00\" \/>\n<meta property=\"article:modified_time\" content=\"2024-11-23T11:55:13+00:00\" \/>\n<meta property=\"og:image\" content=\"https:\/\/www.oliver-kilb.de\/www\/wp-content\/uploads\/2024\/11\/THW_Ehrenamt_5.jpg\" \/>\n\t<meta property=\"og:image:width\" content=\"900\" \/>\n\t<meta property=\"og:image:height\" content=\"600\" \/>\n\t<meta property=\"og:image:type\" content=\"image\/jpeg\" \/>\n<meta name=\"author\" content=\"Oliver Kilb\" \/>\n<meta name=\"twitter:card\" content=\"summary_large_image\" \/>\n<meta name=\"twitter:label1\" content=\"Verfasst von\" \/>\n\t<meta name=\"twitter:data1\" content=\"Oliver Kilb\" \/>\n\t<meta name=\"twitter:label2\" content=\"Gesch\u00e4tzte Lesezeit\" \/>\n\t<meta name=\"twitter:data2\" content=\"2\u00a0Minuten\" \/>\n<script type=\"application\/ld+json\" class=\"yoast-schema-graph\">{\"@context\":\"https:\\\/\\\/schema.org\",\"@graph\":[{\"@type\":\"Article\",\"@id\":\"https:\\\/\\\/www.oliver-kilb.de\\\/www\\\/2011\\\/03\\\/27\\\/plakat-vorlage-initiative-ehrenamt-fuer-das-thw\\\/#article\",\"isPartOf\":{\"@id\":\"https:\\\/\\\/www.oliver-kilb.de\\\/www\\\/2011\\\/03\\\/27\\\/plakat-vorlage-initiative-ehrenamt-fuer-das-thw\\\/\"},\"author\":{\"name\":\"Oliver Kilb\",\"@id\":\"https:\\\/\\\/www.oliver-kilb.de\\\/www\\\/#\\\/schema\\\/person\\\/c2b19a881050135aa248a8851b7b4250\"},\"headline\":\"Plakat-Vorlage &#8222;Initiative Ehrenamt&#8220; f\u00fcr das THW.\",\"datePublished\":\"2011-03-27T10:31:00+00:00\",\"dateModified\":\"2024-11-23T11:55:13+00:00\",\"mainEntityOfPage\":{\"@id\":\"https:\\\/\\\/www.oliver-kilb.de\\\/www\\\/2011\\\/03\\\/27\\\/plakat-vorlage-initiative-ehrenamt-fuer-das-thw\\\/\"},\"wordCount\":175,\"commentCount\":0,\"publisher\":{\"@id\":\"https:\\\/\\\/www.oliver-kilb.de\\\/www\\\/#organization\"},\"image\":{\"@id\":\"https:\\\/\\\/www.oliver-kilb.de\\\/www\\\/2011\\\/03\\\/27\\\/plakat-vorlage-initiative-ehrenamt-fuer-das-thw\\\/#primaryimage\"},\"thumbnailUrl\":\"https:\\\/\\\/www.oliver-kilb.de\\\/www\\\/wp-content\\\/uploads\\\/2024\\\/11\\\/THW_Ehrenamt_5.jpg\",\"keywords\":[\"THW\"],\"articleSection\":[\"THW\"],\"inLanguage\":\"de\",\"potentialAction\":[{\"@type\":\"CommentAction\",\"name\":\"Comment\",\"target\":[\"https:\\\/\\\/www.oliver-kilb.de\\\/www\\\/2011\\\/03\\\/27\\\/plakat-vorlage-initiative-ehrenamt-fuer-das-thw\\\/#respond\"]}]},{\"@type\":\"WebPage\",\"@id\":\"https:\\\/\\\/www.oliver-kilb.de\\\/www\\\/2011\\\/03\\\/27\\\/plakat-vorlage-initiative-ehrenamt-fuer-das-thw\\\/\",\"url\":\"https:\\\/\\\/www.oliver-kilb.de\\\/www\\\/2011\\\/03\\\/27\\\/plakat-vorlage-initiative-ehrenamt-fuer-das-thw\\\/\",\"name\":\"Plakat-Vorlage \\\"Initiative Ehrenamt\\\" f\u00fcr das THW. - Japan, Wandern und Multimedia\",\"isPartOf\":{\"@id\":\"https:\\\/\\\/www.oliver-kilb.de\\\/www\\\/#website\"},\"primaryImageOfPage\":{\"@id\":\"https:\\\/\\\/www.oliver-kilb.de\\\/www\\\/2011\\\/03\\\/27\\\/plakat-vorlage-initiative-ehrenamt-fuer-das-thw\\\/#primaryimage\"},\"image\":{\"@id\":\"https:\\\/\\\/www.oliver-kilb.de\\\/www\\\/2011\\\/03\\\/27\\\/plakat-vorlage-initiative-ehrenamt-fuer-das-thw\\\/#primaryimage\"},\"thumbnailUrl\":\"https:\\\/\\\/www.oliver-kilb.de\\\/www\\\/wp-content\\\/uploads\\\/2024\\\/11\\\/THW_Ehrenamt_5.jpg\",\"datePublished\":\"2011-03-27T10:31:00+00:00\",\"dateModified\":\"2024-11-23T11:55:13+00:00\",\"description\":\"Die Plakatvorlage orientierte sich an der offiziellen Serie \\\"Initiative Ehrenamt\\\" des THW. Erstellung einer CI-gerechten Photoshop-Vorlage.\",\"breadcrumb\":{\"@id\":\"https:\\\/\\\/www.oliver-kilb.de\\\/www\\\/2011\\\/03\\\/27\\\/plakat-vorlage-initiative-ehrenamt-fuer-das-thw\\\/#breadcrumb\"},\"inLanguage\":\"de\",\"potentialAction\":[{\"@type\":\"ReadAction\",\"target\":[\"https:\\\/\\\/www.oliver-kilb.de\\\/www\\\/2011\\\/03\\\/27\\\/plakat-vorlage-initiative-ehrenamt-fuer-das-thw\\\/\"]}]},{\"@type\":\"ImageObject\",\"inLanguage\":\"de\",\"@id\":\"https:\\\/\\\/www.oliver-kilb.de\\\/www\\\/2011\\\/03\\\/27\\\/plakat-vorlage-initiative-ehrenamt-fuer-das-thw\\\/#primaryimage\",\"url\":\"https:\\\/\\\/www.oliver-kilb.de\\\/www\\\/wp-content\\\/uploads\\\/2024\\\/11\\\/THW_Ehrenamt_5.jpg\",\"contentUrl\":\"https:\\\/\\\/www.oliver-kilb.de\\\/www\\\/wp-content\\\/uploads\\\/2024\\\/11\\\/THW_Ehrenamt_5.jpg\",\"width\":900,\"height\":600},{\"@type\":\"BreadcrumbList\",\"@id\":\"https:\\\/\\\/www.oliver-kilb.de\\\/www\\\/2011\\\/03\\\/27\\\/plakat-vorlage-initiative-ehrenamt-fuer-das-thw\\\/#breadcrumb\",\"itemListElement\":[{\"@type\":\"ListItem\",\"position\":1,\"name\":\"Startseite\",\"item\":\"https:\\\/\\\/www.oliver-kilb.de\\\/www\\\/\"},{\"@type\":\"ListItem\",\"position\":2,\"name\":\"Plakat-Vorlage &#8222;Initiative Ehrenamt&#8220; f\u00fcr das THW.\"}]},{\"@type\":\"WebSite\",\"@id\":\"https:\\\/\\\/www.oliver-kilb.de\\\/www\\\/#website\",\"url\":\"https:\\\/\\\/www.oliver-kilb.de\\\/www\\\/\",\"name\":\"Japan, Wandern und Multimedia\",\"description\":\"\",\"publisher\":{\"@id\":\"https:\\\/\\\/www.oliver-kilb.de\\\/www\\\/#organization\"},\"potentialAction\":[{\"@type\":\"SearchAction\",\"target\":{\"@type\":\"EntryPoint\",\"urlTemplate\":\"https:\\\/\\\/www.oliver-kilb.de\\\/www\\\/?s={search_term_string}\"},\"query-input\":{\"@type\":\"PropertyValueSpecification\",\"valueRequired\":true,\"valueName\":\"search_term_string\"}}],\"inLanguage\":\"de\"},{\"@type\":\"Organization\",\"@id\":\"https:\\\/\\\/www.oliver-kilb.de\\\/www\\\/#organization\",\"name\":\"Japan, Wandern und Multimedia\",\"url\":\"https:\\\/\\\/www.oliver-kilb.de\\\/www\\\/\",\"logo\":{\"@type\":\"ImageObject\",\"inLanguage\":\"de\",\"@id\":\"https:\\\/\\\/www.oliver-kilb.de\\\/www\\\/#\\\/schema\\\/logo\\\/image\\\/\",\"url\":\"https:\\\/\\\/www.oliver-kilb.de\\\/www\\\/wp-content\\\/uploads\\\/2024\\\/07\\\/Fushimi-Inari-Schrein_075_DxO.jpg\",\"contentUrl\":\"https:\\\/\\\/www.oliver-kilb.de\\\/www\\\/wp-content\\\/uploads\\\/2024\\\/07\\\/Fushimi-Inari-Schrein_075_DxO.jpg\",\"width\":1380,\"height\":301,\"caption\":\"Japan, Wandern und Multimedia\"},\"image\":{\"@id\":\"https:\\\/\\\/www.oliver-kilb.de\\\/www\\\/#\\\/schema\\\/logo\\\/image\\\/\"}},{\"@type\":\"Person\",\"@id\":\"https:\\\/\\\/www.oliver-kilb.de\\\/www\\\/#\\\/schema\\\/person\\\/c2b19a881050135aa248a8851b7b4250\",\"name\":\"Oliver Kilb\",\"image\":{\"@type\":\"ImageObject\",\"inLanguage\":\"de\",\"@id\":\"https:\\\/\\\/secure.gravatar.com\\\/avatar\\\/4da50eb2c6eb71b0641229eed4a38d05c8d4b458a59355cca0d02b57303d6ffd?s=96&d=mm&r=g\",\"url\":\"https:\\\/\\\/secure.gravatar.com\\\/avatar\\\/4da50eb2c6eb71b0641229eed4a38d05c8d4b458a59355cca0d02b57303d6ffd?s=96&d=mm&r=g\",\"contentUrl\":\"https:\\\/\\\/secure.gravatar.com\\\/avatar\\\/4da50eb2c6eb71b0641229eed4a38d05c8d4b458a59355cca0d02b57303d6ffd?s=96&d=mm&r=g\",\"caption\":\"Oliver Kilb\"},\"sameAs\":[\"https:\\\/\\\/www.oliver-kilb.de\\\/www\"],\"url\":\"https:\\\/\\\/www.oliver-kilb.de\\\/www\\\/author\\\/oliver-kilb\\\/\"}]}<\/script>\n<!-- \/ Yoast SEO plugin. -->","yoast_head_json":{"title":"Plakat-Vorlage \"Initiative Ehrenamt\" f\u00fcr das THW. - Japan, Wandern und Multimedia","description":"Die Plakatvorlage orientierte sich an der offiziellen Serie \"Initiative Ehrenamt\" des THW. Erstellung einer CI-gerechten Photoshop-Vorlage.","robots":{"index":"index","follow":"follow","max-snippet":"max-snippet:-1","max-image-preview":"max-image-preview:large","max-video-preview":"max-video-preview:-1"},"canonical":"https:\/\/www.oliver-kilb.de\/www\/2011\/03\/27\/plakat-vorlage-initiative-ehrenamt-fuer-das-thw\/","og_locale":"de_DE","og_type":"article","og_title":"Plakat-Vorlage \"Initiative Ehrenamt\" f\u00fcr das THW. - Japan, Wandern und Multimedia","og_description":"Die Plakatvorlage orientierte sich an der offiziellen Serie \"Initiative Ehrenamt\" des THW. Erstellung einer CI-gerechten Photoshop-Vorlage.","og_url":"https:\/\/www.oliver-kilb.de\/www\/2011\/03\/27\/plakat-vorlage-initiative-ehrenamt-fuer-das-thw\/","og_site_name":"Japan, Wandern und Multimedia","article_published_time":"2011-03-27T10:31:00+00:00","article_modified_time":"2024-11-23T11:55:13+00:00","og_image":[{"width":900,"height":600,"url":"https:\/\/www.oliver-kilb.de\/www\/wp-content\/uploads\/2024\/11\/THW_Ehrenamt_5.jpg","type":"image\/jpeg"}],"author":"Oliver Kilb","twitter_card":"summary_large_image","twitter_misc":{"Verfasst von":"Oliver Kilb","Gesch\u00e4tzte Lesezeit":"2\u00a0Minuten"},"schema":{"@context":"https:\/\/schema.org","@graph":[{"@type":"Article","@id":"https:\/\/www.oliver-kilb.de\/www\/2011\/03\/27\/plakat-vorlage-initiative-ehrenamt-fuer-das-thw\/#article","isPartOf":{"@id":"https:\/\/www.oliver-kilb.de\/www\/2011\/03\/27\/plakat-vorlage-initiative-ehrenamt-fuer-das-thw\/"},"author":{"name":"Oliver Kilb","@id":"https:\/\/www.oliver-kilb.de\/www\/#\/schema\/person\/c2b19a881050135aa248a8851b7b4250"},"headline":"Plakat-Vorlage &#8222;Initiative Ehrenamt&#8220; f\u00fcr das THW.","datePublished":"2011-03-27T10:31:00+00:00","dateModified":"2024-11-23T11:55:13+00:00","mainEntityOfPage":{"@id":"https:\/\/www.oliver-kilb.de\/www\/2011\/03\/27\/plakat-vorlage-initiative-ehrenamt-fuer-das-thw\/"},"wordCount":175,"commentCount":0,"publisher":{"@id":"https:\/\/www.oliver-kilb.de\/www\/#organization"},"image":{"@id":"https:\/\/www.oliver-kilb.de\/www\/2011\/03\/27\/plakat-vorlage-initiative-ehrenamt-fuer-das-thw\/#primaryimage"},"thumbnailUrl":"https:\/\/www.oliver-kilb.de\/www\/wp-content\/uploads\/2024\/11\/THW_Ehrenamt_5.jpg","keywords":["THW"],"articleSection":["THW"],"inLanguage":"de","potentialAction":[{"@type":"CommentAction","name":"Comment","target":["https:\/\/www.oliver-kilb.de\/www\/2011\/03\/27\/plakat-vorlage-initiative-ehrenamt-fuer-das-thw\/#respond"]}]},{"@type":"WebPage","@id":"https:\/\/www.oliver-kilb.de\/www\/2011\/03\/27\/plakat-vorlage-initiative-ehrenamt-fuer-das-thw\/","url":"https:\/\/www.oliver-kilb.de\/www\/2011\/03\/27\/plakat-vorlage-initiative-ehrenamt-fuer-das-thw\/","name":"Plakat-Vorlage \"Initiative Ehrenamt\" f\u00fcr das THW. - Japan, Wandern und Multimedia","isPartOf":{"@id":"https:\/\/www.oliver-kilb.de\/www\/#website"},"primaryImageOfPage":{"@id":"https:\/\/www.oliver-kilb.de\/www\/2011\/03\/27\/plakat-vorlage-initiative-ehrenamt-fuer-das-thw\/#primaryimage"},"image":{"@id":"https:\/\/www.oliver-kilb.de\/www\/2011\/03\/27\/plakat-vorlage-initiative-ehrenamt-fuer-das-thw\/#primaryimage"},"thumbnailUrl":"https:\/\/www.oliver-kilb.de\/www\/wp-content\/uploads\/2024\/11\/THW_Ehrenamt_5.jpg","datePublished":"2011-03-27T10:31:00+00:00","dateModified":"2024-11-23T11:55:13+00:00","description":"Die Plakatvorlage orientierte sich an der offiziellen Serie \"Initiative Ehrenamt\" des THW. Erstellung einer CI-gerechten Photoshop-Vorlage.","breadcrumb":{"@id":"https:\/\/www.oliver-kilb.de\/www\/2011\/03\/27\/plakat-vorlage-initiative-ehrenamt-fuer-das-thw\/#breadcrumb"},"inLanguage":"de","potentialAction":[{"@type":"ReadAction","target":["https:\/\/www.oliver-kilb.de\/www\/2011\/03\/27\/plakat-vorlage-initiative-ehrenamt-fuer-das-thw\/"]}]},{"@type":"ImageObject","inLanguage":"de","@id":"https:\/\/www.oliver-kilb.de\/www\/2011\/03\/27\/plakat-vorlage-initiative-ehrenamt-fuer-das-thw\/#primaryimage","url":"https:\/\/www.oliver-kilb.de\/www\/wp-content\/uploads\/2024\/11\/THW_Ehrenamt_5.jpg","contentUrl":"https:\/\/www.oliver-kilb.de\/www\/wp-content\/uploads\/2024\/11\/THW_Ehrenamt_5.jpg","width":900,"height":600},{"@type":"BreadcrumbList","@id":"https:\/\/www.oliver-kilb.de\/www\/2011\/03\/27\/plakat-vorlage-initiative-ehrenamt-fuer-das-thw\/#breadcrumb","itemListElement":[{"@type":"ListItem","position":1,"name":"Startseite","item":"https:\/\/www.oliver-kilb.de\/www\/"},{"@type":"ListItem","position":2,"name":"Plakat-Vorlage &#8222;Initiative Ehrenamt&#8220; f\u00fcr das THW."}]},{"@type":"WebSite","@id":"https:\/\/www.oliver-kilb.de\/www\/#website","url":"https:\/\/www.oliver-kilb.de\/www\/","name":"Japan, Wandern und Multimedia","description":"","publisher":{"@id":"https:\/\/www.oliver-kilb.de\/www\/#organization"},"potentialAction":[{"@type":"SearchAction","target":{"@type":"EntryPoint","urlTemplate":"https:\/\/www.oliver-kilb.de\/www\/?s={search_term_string}"},"query-input":{"@type":"PropertyValueSpecification","valueRequired":true,"valueName":"search_term_string"}}],"inLanguage":"de"},{"@type":"Organization","@id":"https:\/\/www.oliver-kilb.de\/www\/#organization","name":"Japan, Wandern und Multimedia","url":"https:\/\/www.oliver-kilb.de\/www\/","logo":{"@type":"ImageObject","inLanguage":"de","@id":"https:\/\/www.oliver-kilb.de\/www\/#\/schema\/logo\/image\/","url":"https:\/\/www.oliver-kilb.de\/www\/wp-content\/uploads\/2024\/07\/Fushimi-Inari-Schrein_075_DxO.jpg","contentUrl":"https:\/\/www.oliver-kilb.de\/www\/wp-content\/uploads\/2024\/07\/Fushimi-Inari-Schrein_075_DxO.jpg","width":1380,"height":301,"caption":"Japan, Wandern und Multimedia"},"image":{"@id":"https:\/\/www.oliver-kilb.de\/www\/#\/schema\/logo\/image\/"}},{"@type":"Person","@id":"https:\/\/www.oliver-kilb.de\/www\/#\/schema\/person\/c2b19a881050135aa248a8851b7b4250","name":"Oliver Kilb","image":{"@type":"ImageObject","inLanguage":"de","@id":"https:\/\/secure.gravatar.com\/avatar\/4da50eb2c6eb71b0641229eed4a38d05c8d4b458a59355cca0d02b57303d6ffd?s=96&d=mm&r=g","url":"https:\/\/secure.gravatar.com\/avatar\/4da50eb2c6eb71b0641229eed4a38d05c8d4b458a59355cca0d02b57303d6ffd?s=96&d=mm&r=g","contentUrl":"https:\/\/secure.gravatar.com\/avatar\/4da50eb2c6eb71b0641229eed4a38d05c8d4b458a59355cca0d02b57303d6ffd?s=96&d=mm&r=g","caption":"Oliver Kilb"},"sameAs":["https:\/\/www.oliver-kilb.de\/www"],"url":"https:\/\/www.oliver-kilb.de\/www\/author\/oliver-kilb\/"}]}},"amp_enabled":true,"_links":{"self":[{"href":"https:\/\/www.oliver-kilb.de\/www\/wp-json\/wp\/v2\/posts\/32501","targetHints":{"allow":["GET"]}}],"collection":[{"href":"https:\/\/www.oliver-kilb.de\/www\/wp-json\/wp\/v2\/posts"}],"about":[{"href":"https:\/\/www.oliver-kilb.de\/www\/wp-json\/wp\/v2\/types\/post"}],"author":[{"embeddable":true,"href":"https:\/\/www.oliver-kilb.de\/www\/wp-json\/wp\/v2\/users\/1"}],"replies":[{"embeddable":true,"href":"https:\/\/www.oliver-kilb.de\/www\/wp-json\/wp\/v2\/comments?post=32501"}],"version-history":[{"count":4,"href":"https:\/\/www.oliver-kilb.de\/www\/wp-json\/wp\/v2\/posts\/32501\/revisions"}],"predecessor-version":[{"id":32516,"href":"https:\/\/www.oliver-kilb.de\/www\/wp-json\/wp\/v2\/posts\/32501\/revisions\/32516"}],"wp:featuredmedia":[{"embeddable":true,"href":"https:\/\/www.oliver-kilb.de\/www\/wp-json\/wp\/v2\/media\/32514"}],"wp:attachment":[{"href":"https:\/\/www.oliver-kilb.de\/www\/wp-json\/wp\/v2\/media?parent=32501"}],"wp:term":[{"taxonomy":"category","embeddable":true,"href":"https:\/\/www.oliver-kilb.de\/www\/wp-json\/wp\/v2\/categories?post=32501"},{"taxonomy":"post_tag","embeddable":true,"href":"https:\/\/www.oliver-kilb.de\/www\/wp-json\/wp\/v2\/tags?post=32501"}],"curies":[{"name":"wp","href":"https:\/\/api.w.org\/{rel}","templated":true}]}}