{"id":30273,"date":"2015-09-13T22:05:00","date_gmt":"2015-09-13T20:05:00","guid":{"rendered":"https:\/\/www.oliver-kilb.de\/www\/?p=30273"},"modified":"2024-10-28T20:29:33","modified_gmt":"2024-10-28T19:29:33","slug":"wandern-um-balderschwang","status":"publish","type":"post","link":"https:\/\/www.oliver-kilb.de\/www\/2015\/09\/13\/wandern-um-balderschwang\/","title":{"rendered":"Wandern um Balderschwang."},"content":{"rendered":"\n<p><strong>Ein Kurzurlaub f\u00fchrte uns nach Balderschwang in der N\u00e4he des Kleinwalsertals.<\/strong><\/p>\n\n\n\n<h2 class=\"wp-block-heading\">Luft holen in den Bergen.<\/h2>\n\n\n<div class=\"wp-block-image\">\n<figure class=\"alignleft size-full is-resized\"><a href=\"https:\/\/www.oliver-kilb.de\/www\/wp-content\/uploads\/2024\/10\/Balderschwang_07.jpg\"><img loading=\"lazy\" decoding=\"async\" width=\"1200\" height=\"900\" src=\"https:\/\/www.oliver-kilb.de\/www\/wp-content\/uploads\/2024\/10\/Balderschwang_07.jpg\" alt=\"\" class=\"wp-image-30276\" style=\"width:300px\" srcset=\"https:\/\/www.oliver-kilb.de\/www\/wp-content\/uploads\/2024\/10\/Balderschwang_07.jpg 1200w, https:\/\/www.oliver-kilb.de\/www\/wp-content\/uploads\/2024\/10\/Balderschwang_07-500x375.jpg 500w, https:\/\/www.oliver-kilb.de\/www\/wp-content\/uploads\/2024\/10\/Balderschwang_07-300x225.jpg 300w, https:\/\/www.oliver-kilb.de\/www\/wp-content\/uploads\/2024\/10\/Balderschwang_07-768x576.jpg 768w\" sizes=\"auto, (max-width: 1200px) 100vw, 1200px\" \/><\/a><figcaption class=\"wp-element-caption\">Wandern um Balderschwang.<\/figcaption><\/figure>\n<\/div>\n\n\n<p>Auf den ersten Blick mag Balderschwang nicht so attraktiv erscheinen &#8211; die Wikipedia listet den Ort als zweitkleinste Gemeinde in Bayern, daf\u00fcr aber als den Ort mit den meisten Niederschl\u00e4gen in Deutschland&#8230;<\/p>\n\n\n\n<p>Die Fahrt ins Oberallg\u00e4u war von uns in gut zwei Stunden erledigt, und sp\u00e4testens ab <a href=\"https:\/\/de.wikipedia.org\/wiki\/Kempten_(Allg\u00e4u)\" target=\"_blank\" rel=\"noreferrer noopener\">Kempten<\/a> ist auch die Landschaft mal wieder wie im Bilderbuch. Bevor man das Ziel erreicht, muss man allerdings \u00fcber den <a href=\"https:\/\/de.wikipedia.org\/wiki\/Riedbergpass\" target=\"_blank\" rel=\"noreferrer noopener\">Riedbergpass<\/a>, den h\u00f6chsten Gebirgspass Deutschlands (1.407m). Kurz danach ist man in Balderschwang, und man atmet sofort durch &#8211; die Landschaft tut ihr \u00dcbriges. <\/p>\n\n\n\n<p>Umgeben von Bergen, f\u00e4llt es leicht, den stressigen Alltag zu vergessen. Zwar war das Wetter am ersten Tag nicht ganz so besonders, aber dennoch konnten wir &#8211; gest\u00e4rkt durch ein hervorragendes Fr\u00fchst\u00fcck &#8211; eine kleine Wanderung zum Gelbhansekopf starten.<\/p>\n\n\n<div class=\"wp-block-image\">\n<figure class=\"aligncenter size-large\"><a href=\"https:\/\/www.oliver-kilb.de\/www\/wp-content\/uploads\/2024\/10\/Balderschwang_04-scaled.jpg\"><img loading=\"lazy\" decoding=\"async\" width=\"2048\" height=\"511\" src=\"https:\/\/www.oliver-kilb.de\/www\/wp-content\/uploads\/2024\/10\/Balderschwang_04-2048x511.jpg\" alt=\"\" class=\"wp-image-30277\" srcset=\"https:\/\/www.oliver-kilb.de\/www\/wp-content\/uploads\/2024\/10\/Balderschwang_04-2048x511.jpg 2048w, https:\/\/www.oliver-kilb.de\/www\/wp-content\/uploads\/2024\/10\/Balderschwang_04-500x125.jpg 500w, https:\/\/www.oliver-kilb.de\/www\/wp-content\/uploads\/2024\/10\/Balderschwang_04-300x75.jpg 300w, https:\/\/www.oliver-kilb.de\/www\/wp-content\/uploads\/2024\/10\/Balderschwang_04-768x191.jpg 768w, https:\/\/www.oliver-kilb.de\/www\/wp-content\/uploads\/2024\/10\/Balderschwang_04-1536x383.jpg 1536w\" sizes=\"auto, (max-width: 2048px) 100vw, 2048px\" \/><\/a><figcaption class=\"wp-element-caption\">Wandern um Balderschwang. Panorama.<\/figcaption><\/figure>\n<\/div>\n\n\n<p>Die Berge in unmittelbarer Nachbarschaft sind nicht besonders hoch &#8211; aber daf\u00fcr muss man auch nicht so weit aufsteigen, um ein sch\u00f6nes Panorama zu erleben. Auf dem R\u00fcckweg mussten wir noch an einigen Kuh-Herden vorbei. Manche Jungviecher wollten uns am liebsten bis ins Tal begleiten, so kam es uns fast vor.<\/p>\n\n\n\n<figure class=\"wp-block-video\"><video height=\"720\" style=\"aspect-ratio: 1280 \/ 720;\" width=\"1280\" controls src=\"https:\/\/www.oliver-kilb.de\/www\/wp-content\/uploads\/2024\/10\/kuehe.mp4\"><\/video><\/figure>\n\n\n\n<p>Nat\u00fcrlich sollte man, gerade wenn Nachwuchs auf der Weide steht, vorsichtig sein. Immer wieder muss man leider in den Nachrichten h\u00f6ren, dass unvorsichtige (und unwissende!) Wanderer von K\u00fchen zu Tode getrampelt wurden. In der Regel sind das Menschen, die den Bezug zur Natur leider verloren haben, denn die Regeln sind eigentlich nicht weiter \u00fcberraschend (Abstand halten, nicht erschrecken) und auch die Warnsignale sollte jeder kennen. Wie es der Zufall so wollte, war im aktuellen Heft der &#8222;Nagelfluh&#8220; ein passender Beitrag dazu, aus dem ich zitieren m\u00f6chte:<\/p>\n\n\n\n<blockquote class=\"wp-block-quote is-layout-flow wp-block-quote-is-layout-flow\">\n<p>Drohgeb\u00e4rden sind beim Rind leicht zu erkennen: Scharren mit den Hufen, Auf- und Absenken des Kopfes, lautes Muhen (fast schon Br\u00fcllen). In dem Fall das Revier auf dem k\u00fcrzesten Weg verlassen und dem Tier nicht den R\u00fccken zudrehen.<\/p>\n<\/blockquote>\n\n\n\n<p>(Quelle: <a href=\"http:\/\/issuu.com\/verlaghephaistos\/docs\/nagelfluh-fruehjahr-sommer2015\/1?e=0\" target=\"_blank\" rel=\"noreferrer noopener\">Nagelfluh Fr\u00fchjahr\/ Sommer 2015<\/a>, &#8222;Kuh-Knigge auf der Weide&#8220;, Seite 39. Herausgeber:Naturpark Nagelfluh e.V., <a href=\"http:\/\/www.naturpark-nagelfluhkette.eu\" target=\"_blank\" rel=\"noreferrer noopener\">www.naturpark-nagelfluhkette.eu<\/a>)<\/p>\n\n\n\n<p>Nach ein paar Stunden waren wir wieder zur\u00fcck im Hotel. \u00dcbrigens gab es dort einen BMW i3 f\u00fcr nur 10 Euro pro Tag und 3 Cent pro Kilometer zu mieten &#8211; tolle Idee!<\/p>\n\n\n\n<figure class=\"wp-block-gallery has-nested-images columns-default is-cropped wp-block-gallery-1 is-layout-flex wp-block-gallery-is-layout-flex\">\n<figure class=\"wp-block-image size-large\"><img loading=\"lazy\" decoding=\"async\" width=\"1200\" height=\"900\" data-id=\"30280\" src=\"https:\/\/www.oliver-kilb.de\/www\/wp-content\/uploads\/2024\/10\/Balderschwang_01.jpg\" alt=\"\" class=\"wp-image-30280\" srcset=\"https:\/\/www.oliver-kilb.de\/www\/wp-content\/uploads\/2024\/10\/Balderschwang_01.jpg 1200w, https:\/\/www.oliver-kilb.de\/www\/wp-content\/uploads\/2024\/10\/Balderschwang_01-500x375.jpg 500w, https:\/\/www.oliver-kilb.de\/www\/wp-content\/uploads\/2024\/10\/Balderschwang_01-300x225.jpg 300w, https:\/\/www.oliver-kilb.de\/www\/wp-content\/uploads\/2024\/10\/Balderschwang_01-768x576.jpg 768w\" sizes=\"auto, (max-width: 1200px) 100vw, 1200px\" \/><\/figure>\n\n\n\n<figure class=\"wp-block-image size-large\"><img loading=\"lazy\" decoding=\"async\" width=\"1200\" height=\"900\" data-id=\"30283\" src=\"https:\/\/www.oliver-kilb.de\/www\/wp-content\/uploads\/2024\/10\/Balderschwang_02.jpg\" alt=\"\" class=\"wp-image-30283\" srcset=\"https:\/\/www.oliver-kilb.de\/www\/wp-content\/uploads\/2024\/10\/Balderschwang_02.jpg 1200w, https:\/\/www.oliver-kilb.de\/www\/wp-content\/uploads\/2024\/10\/Balderschwang_02-500x375.jpg 500w, https:\/\/www.oliver-kilb.de\/www\/wp-content\/uploads\/2024\/10\/Balderschwang_02-300x225.jpg 300w, https:\/\/www.oliver-kilb.de\/www\/wp-content\/uploads\/2024\/10\/Balderschwang_02-768x576.jpg 768w\" sizes=\"auto, (max-width: 1200px) 100vw, 1200px\" \/><\/figure>\n\n\n\n<figure class=\"wp-block-image size-large\"><img loading=\"lazy\" decoding=\"async\" width=\"1200\" height=\"900\" data-id=\"30284\" src=\"https:\/\/www.oliver-kilb.de\/www\/wp-content\/uploads\/2024\/10\/Balderschwang_03.jpg\" alt=\"\" class=\"wp-image-30284\" srcset=\"https:\/\/www.oliver-kilb.de\/www\/wp-content\/uploads\/2024\/10\/Balderschwang_03.jpg 1200w, https:\/\/www.oliver-kilb.de\/www\/wp-content\/uploads\/2024\/10\/Balderschwang_03-500x375.jpg 500w, https:\/\/www.oliver-kilb.de\/www\/wp-content\/uploads\/2024\/10\/Balderschwang_03-300x225.jpg 300w, https:\/\/www.oliver-kilb.de\/www\/wp-content\/uploads\/2024\/10\/Balderschwang_03-768x576.jpg 768w\" sizes=\"auto, (max-width: 1200px) 100vw, 1200px\" \/><\/figure>\n\n\n\n<figure class=\"wp-block-image size-large\"><img loading=\"lazy\" decoding=\"async\" width=\"1200\" height=\"900\" data-id=\"30279\" src=\"https:\/\/www.oliver-kilb.de\/www\/wp-content\/uploads\/2024\/10\/Balderschwang_05.jpg\" alt=\"\" class=\"wp-image-30279\" srcset=\"https:\/\/www.oliver-kilb.de\/www\/wp-content\/uploads\/2024\/10\/Balderschwang_05.jpg 1200w, https:\/\/www.oliver-kilb.de\/www\/wp-content\/uploads\/2024\/10\/Balderschwang_05-500x375.jpg 500w, https:\/\/www.oliver-kilb.de\/www\/wp-content\/uploads\/2024\/10\/Balderschwang_05-300x225.jpg 300w, https:\/\/www.oliver-kilb.de\/www\/wp-content\/uploads\/2024\/10\/Balderschwang_05-768x576.jpg 768w\" sizes=\"auto, (max-width: 1200px) 100vw, 1200px\" \/><\/figure>\n\n\n\n<figure class=\"wp-block-image size-large\"><img loading=\"lazy\" decoding=\"async\" width=\"1200\" height=\"900\" data-id=\"30281\" src=\"https:\/\/www.oliver-kilb.de\/www\/wp-content\/uploads\/2024\/10\/Balderschwang_06.jpg\" alt=\"\" class=\"wp-image-30281\" srcset=\"https:\/\/www.oliver-kilb.de\/www\/wp-content\/uploads\/2024\/10\/Balderschwang_06.jpg 1200w, https:\/\/www.oliver-kilb.de\/www\/wp-content\/uploads\/2024\/10\/Balderschwang_06-500x375.jpg 500w, https:\/\/www.oliver-kilb.de\/www\/wp-content\/uploads\/2024\/10\/Balderschwang_06-300x225.jpg 300w, https:\/\/www.oliver-kilb.de\/www\/wp-content\/uploads\/2024\/10\/Balderschwang_06-768x576.jpg 768w\" sizes=\"auto, (max-width: 1200px) 100vw, 1200px\" \/><\/figure>\n\n\n\n<figure class=\"wp-block-image size-large\"><img loading=\"lazy\" decoding=\"async\" width=\"1200\" height=\"900\" data-id=\"30282\" src=\"https:\/\/www.oliver-kilb.de\/www\/wp-content\/uploads\/2024\/10\/Balderschwang_08.jpg\" alt=\"\" class=\"wp-image-30282\" srcset=\"https:\/\/www.oliver-kilb.de\/www\/wp-content\/uploads\/2024\/10\/Balderschwang_08.jpg 1200w, https:\/\/www.oliver-kilb.de\/www\/wp-content\/uploads\/2024\/10\/Balderschwang_08-500x375.jpg 500w, https:\/\/www.oliver-kilb.de\/www\/wp-content\/uploads\/2024\/10\/Balderschwang_08-300x225.jpg 300w, https:\/\/www.oliver-kilb.de\/www\/wp-content\/uploads\/2024\/10\/Balderschwang_08-768x576.jpg 768w\" sizes=\"auto, (max-width: 1200px) 100vw, 1200px\" \/><\/figure>\n<\/figure>\n","protected":false},"excerpt":{"rendered":"<p>Ein Kurzurlaub f\u00fchrte uns nach Balderschwang in der N\u00e4he des Kleinwalsertals.<\/p>\n","protected":false},"author":1,"featured_media":30281,"comment_status":"open","ping_status":"open","sticky":false,"template":"","format":"standard","meta":{"iawp_total_views":9,"footnotes":""},"categories":[78,15],"tags":[564],"class_list":["post-30273","post","type-post","status-publish","format-standard","has-post-thumbnail","hentry","category-bayern","category-blog","tag-balderschwang"],"yoast_head":"<!-- This site is optimized with the Yoast SEO plugin v27.3 - https:\/\/yoast.com\/product\/yoast-seo-wordpress\/ -->\n<title>Wandern um Balderschwang. - Japan, Wandern und Multimedia<\/title>\n<meta name=\"description\" content=\"Ein Kurzurlaub f\u00fchrte uns nach Balderschwang in der N\u00e4he des Kleinwalsertals. Einmal tief Luft holen und entspannen.\" \/>\n<meta name=\"robots\" content=\"index, follow, max-snippet:-1, max-image-preview:large, max-video-preview:-1\" \/>\n<link rel=\"canonical\" href=\"https:\/\/www.oliver-kilb.de\/www\/2015\/09\/13\/wandern-um-balderschwang\/\" \/>\n<meta property=\"og:locale\" content=\"de_DE\" \/>\n<meta property=\"og:type\" content=\"article\" \/>\n<meta property=\"og:title\" content=\"Wandern um Balderschwang. - Japan, Wandern und Multimedia\" \/>\n<meta property=\"og:description\" content=\"Ein Kurzurlaub f\u00fchrte uns nach Balderschwang in der N\u00e4he des Kleinwalsertals. Einmal tief Luft holen und entspannen.\" \/>\n<meta property=\"og:url\" content=\"https:\/\/www.oliver-kilb.de\/www\/2015\/09\/13\/wandern-um-balderschwang\/\" \/>\n<meta property=\"og:site_name\" content=\"Japan, Wandern und Multimedia\" \/>\n<meta property=\"article:published_time\" content=\"2015-09-13T20:05:00+00:00\" \/>\n<meta property=\"article:modified_time\" content=\"2024-10-28T19:29:33+00:00\" \/>\n<meta property=\"og:image\" content=\"https:\/\/www.oliver-kilb.de\/www\/wp-content\/uploads\/2024\/10\/Balderschwang_06.jpg\" \/>\n\t<meta property=\"og:image:width\" content=\"1200\" \/>\n\t<meta property=\"og:image:height\" content=\"900\" \/>\n\t<meta property=\"og:image:type\" content=\"image\/jpeg\" \/>\n<meta name=\"author\" content=\"Oliver Kilb\" \/>\n<meta name=\"twitter:card\" content=\"summary_large_image\" \/>\n<meta name=\"twitter:label1\" content=\"Verfasst von\" \/>\n\t<meta name=\"twitter:data1\" content=\"Oliver Kilb\" \/>\n\t<meta name=\"twitter:label2\" content=\"Gesch\u00e4tzte Lesezeit\" \/>\n\t<meta name=\"twitter:data2\" content=\"4\u00a0Minuten\" \/>\n<script type=\"application\/ld+json\" class=\"yoast-schema-graph\">{\"@context\":\"https:\\\/\\\/schema.org\",\"@graph\":[{\"@type\":\"Article\",\"@id\":\"https:\\\/\\\/www.oliver-kilb.de\\\/www\\\/2015\\\/09\\\/13\\\/wandern-um-balderschwang\\\/#article\",\"isPartOf\":{\"@id\":\"https:\\\/\\\/www.oliver-kilb.de\\\/www\\\/2015\\\/09\\\/13\\\/wandern-um-balderschwang\\\/\"},\"author\":{\"name\":\"Oliver Kilb\",\"@id\":\"https:\\\/\\\/www.oliver-kilb.de\\\/www\\\/#\\\/schema\\\/person\\\/c2b19a881050135aa248a8851b7b4250\"},\"headline\":\"Wandern um Balderschwang.\",\"datePublished\":\"2015-09-13T20:05:00+00:00\",\"dateModified\":\"2024-10-28T19:29:33+00:00\",\"mainEntityOfPage\":{\"@id\":\"https:\\\/\\\/www.oliver-kilb.de\\\/www\\\/2015\\\/09\\\/13\\\/wandern-um-balderschwang\\\/\"},\"wordCount\":403,\"commentCount\":1,\"publisher\":{\"@id\":\"https:\\\/\\\/www.oliver-kilb.de\\\/www\\\/#organization\"},\"image\":{\"@id\":\"https:\\\/\\\/www.oliver-kilb.de\\\/www\\\/2015\\\/09\\\/13\\\/wandern-um-balderschwang\\\/#primaryimage\"},\"thumbnailUrl\":\"https:\\\/\\\/www.oliver-kilb.de\\\/www\\\/wp-content\\\/uploads\\\/2024\\\/10\\\/Balderschwang_06.jpg\",\"keywords\":[\"Balderschwang\"],\"articleSection\":[\"Bayern\",\"Blog\"],\"inLanguage\":\"de\",\"potentialAction\":[{\"@type\":\"CommentAction\",\"name\":\"Comment\",\"target\":[\"https:\\\/\\\/www.oliver-kilb.de\\\/www\\\/2015\\\/09\\\/13\\\/wandern-um-balderschwang\\\/#respond\"]}]},{\"@type\":\"WebPage\",\"@id\":\"https:\\\/\\\/www.oliver-kilb.de\\\/www\\\/2015\\\/09\\\/13\\\/wandern-um-balderschwang\\\/\",\"url\":\"https:\\\/\\\/www.oliver-kilb.de\\\/www\\\/2015\\\/09\\\/13\\\/wandern-um-balderschwang\\\/\",\"name\":\"Wandern um Balderschwang. - Japan, Wandern und Multimedia\",\"isPartOf\":{\"@id\":\"https:\\\/\\\/www.oliver-kilb.de\\\/www\\\/#website\"},\"primaryImageOfPage\":{\"@id\":\"https:\\\/\\\/www.oliver-kilb.de\\\/www\\\/2015\\\/09\\\/13\\\/wandern-um-balderschwang\\\/#primaryimage\"},\"image\":{\"@id\":\"https:\\\/\\\/www.oliver-kilb.de\\\/www\\\/2015\\\/09\\\/13\\\/wandern-um-balderschwang\\\/#primaryimage\"},\"thumbnailUrl\":\"https:\\\/\\\/www.oliver-kilb.de\\\/www\\\/wp-content\\\/uploads\\\/2024\\\/10\\\/Balderschwang_06.jpg\",\"datePublished\":\"2015-09-13T20:05:00+00:00\",\"dateModified\":\"2024-10-28T19:29:33+00:00\",\"description\":\"Ein Kurzurlaub f\u00fchrte uns nach Balderschwang in der N\u00e4he des Kleinwalsertals. Einmal tief Luft holen und entspannen.\",\"breadcrumb\":{\"@id\":\"https:\\\/\\\/www.oliver-kilb.de\\\/www\\\/2015\\\/09\\\/13\\\/wandern-um-balderschwang\\\/#breadcrumb\"},\"inLanguage\":\"de\",\"potentialAction\":[{\"@type\":\"ReadAction\",\"target\":[\"https:\\\/\\\/www.oliver-kilb.de\\\/www\\\/2015\\\/09\\\/13\\\/wandern-um-balderschwang\\\/\"]}]},{\"@type\":\"ImageObject\",\"inLanguage\":\"de\",\"@id\":\"https:\\\/\\\/www.oliver-kilb.de\\\/www\\\/2015\\\/09\\\/13\\\/wandern-um-balderschwang\\\/#primaryimage\",\"url\":\"https:\\\/\\\/www.oliver-kilb.de\\\/www\\\/wp-content\\\/uploads\\\/2024\\\/10\\\/Balderschwang_06.jpg\",\"contentUrl\":\"https:\\\/\\\/www.oliver-kilb.de\\\/www\\\/wp-content\\\/uploads\\\/2024\\\/10\\\/Balderschwang_06.jpg\",\"width\":1200,\"height\":900,\"caption\":\"In Balderschwang.\"},{\"@type\":\"BreadcrumbList\",\"@id\":\"https:\\\/\\\/www.oliver-kilb.de\\\/www\\\/2015\\\/09\\\/13\\\/wandern-um-balderschwang\\\/#breadcrumb\",\"itemListElement\":[{\"@type\":\"ListItem\",\"position\":1,\"name\":\"Startseite\",\"item\":\"https:\\\/\\\/www.oliver-kilb.de\\\/www\\\/\"},{\"@type\":\"ListItem\",\"position\":2,\"name\":\"Wandern um Balderschwang.\"}]},{\"@type\":\"WebSite\",\"@id\":\"https:\\\/\\\/www.oliver-kilb.de\\\/www\\\/#website\",\"url\":\"https:\\\/\\\/www.oliver-kilb.de\\\/www\\\/\",\"name\":\"Japan, Wandern und Multimedia\",\"description\":\"\",\"publisher\":{\"@id\":\"https:\\\/\\\/www.oliver-kilb.de\\\/www\\\/#organization\"},\"potentialAction\":[{\"@type\":\"SearchAction\",\"target\":{\"@type\":\"EntryPoint\",\"urlTemplate\":\"https:\\\/\\\/www.oliver-kilb.de\\\/www\\\/?s={search_term_string}\"},\"query-input\":{\"@type\":\"PropertyValueSpecification\",\"valueRequired\":true,\"valueName\":\"search_term_string\"}}],\"inLanguage\":\"de\"},{\"@type\":\"Organization\",\"@id\":\"https:\\\/\\\/www.oliver-kilb.de\\\/www\\\/#organization\",\"name\":\"Japan, Wandern und Multimedia\",\"url\":\"https:\\\/\\\/www.oliver-kilb.de\\\/www\\\/\",\"logo\":{\"@type\":\"ImageObject\",\"inLanguage\":\"de\",\"@id\":\"https:\\\/\\\/www.oliver-kilb.de\\\/www\\\/#\\\/schema\\\/logo\\\/image\\\/\",\"url\":\"https:\\\/\\\/www.oliver-kilb.de\\\/www\\\/wp-content\\\/uploads\\\/2024\\\/07\\\/Fushimi-Inari-Schrein_075_DxO.jpg\",\"contentUrl\":\"https:\\\/\\\/www.oliver-kilb.de\\\/www\\\/wp-content\\\/uploads\\\/2024\\\/07\\\/Fushimi-Inari-Schrein_075_DxO.jpg\",\"width\":1380,\"height\":301,\"caption\":\"Japan, Wandern und Multimedia\"},\"image\":{\"@id\":\"https:\\\/\\\/www.oliver-kilb.de\\\/www\\\/#\\\/schema\\\/logo\\\/image\\\/\"}},{\"@type\":\"Person\",\"@id\":\"https:\\\/\\\/www.oliver-kilb.de\\\/www\\\/#\\\/schema\\\/person\\\/c2b19a881050135aa248a8851b7b4250\",\"name\":\"Oliver Kilb\",\"image\":{\"@type\":\"ImageObject\",\"inLanguage\":\"de\",\"@id\":\"https:\\\/\\\/secure.gravatar.com\\\/avatar\\\/4da50eb2c6eb71b0641229eed4a38d05c8d4b458a59355cca0d02b57303d6ffd?s=96&d=mm&r=g\",\"url\":\"https:\\\/\\\/secure.gravatar.com\\\/avatar\\\/4da50eb2c6eb71b0641229eed4a38d05c8d4b458a59355cca0d02b57303d6ffd?s=96&d=mm&r=g\",\"contentUrl\":\"https:\\\/\\\/secure.gravatar.com\\\/avatar\\\/4da50eb2c6eb71b0641229eed4a38d05c8d4b458a59355cca0d02b57303d6ffd?s=96&d=mm&r=g\",\"caption\":\"Oliver Kilb\"},\"sameAs\":[\"https:\\\/\\\/www.oliver-kilb.de\\\/www\"],\"url\":\"https:\\\/\\\/www.oliver-kilb.de\\\/www\\\/author\\\/oliver-kilb\\\/\"}]}<\/script>\n<!-- \/ Yoast SEO plugin. -->","yoast_head_json":{"title":"Wandern um Balderschwang. - Japan, Wandern und Multimedia","description":"Ein Kurzurlaub f\u00fchrte uns nach Balderschwang in der N\u00e4he des Kleinwalsertals. Einmal tief Luft holen und entspannen.","robots":{"index":"index","follow":"follow","max-snippet":"max-snippet:-1","max-image-preview":"max-image-preview:large","max-video-preview":"max-video-preview:-1"},"canonical":"https:\/\/www.oliver-kilb.de\/www\/2015\/09\/13\/wandern-um-balderschwang\/","og_locale":"de_DE","og_type":"article","og_title":"Wandern um Balderschwang. - Japan, Wandern und Multimedia","og_description":"Ein Kurzurlaub f\u00fchrte uns nach Balderschwang in der N\u00e4he des Kleinwalsertals. Einmal tief Luft holen und entspannen.","og_url":"https:\/\/www.oliver-kilb.de\/www\/2015\/09\/13\/wandern-um-balderschwang\/","og_site_name":"Japan, Wandern und Multimedia","article_published_time":"2015-09-13T20:05:00+00:00","article_modified_time":"2024-10-28T19:29:33+00:00","og_image":[{"width":1200,"height":900,"url":"https:\/\/www.oliver-kilb.de\/www\/wp-content\/uploads\/2024\/10\/Balderschwang_06.jpg","type":"image\/jpeg"}],"author":"Oliver Kilb","twitter_card":"summary_large_image","twitter_misc":{"Verfasst von":"Oliver Kilb","Gesch\u00e4tzte Lesezeit":"4\u00a0Minuten"},"schema":{"@context":"https:\/\/schema.org","@graph":[{"@type":"Article","@id":"https:\/\/www.oliver-kilb.de\/www\/2015\/09\/13\/wandern-um-balderschwang\/#article","isPartOf":{"@id":"https:\/\/www.oliver-kilb.de\/www\/2015\/09\/13\/wandern-um-balderschwang\/"},"author":{"name":"Oliver Kilb","@id":"https:\/\/www.oliver-kilb.de\/www\/#\/schema\/person\/c2b19a881050135aa248a8851b7b4250"},"headline":"Wandern um Balderschwang.","datePublished":"2015-09-13T20:05:00+00:00","dateModified":"2024-10-28T19:29:33+00:00","mainEntityOfPage":{"@id":"https:\/\/www.oliver-kilb.de\/www\/2015\/09\/13\/wandern-um-balderschwang\/"},"wordCount":403,"commentCount":1,"publisher":{"@id":"https:\/\/www.oliver-kilb.de\/www\/#organization"},"image":{"@id":"https:\/\/www.oliver-kilb.de\/www\/2015\/09\/13\/wandern-um-balderschwang\/#primaryimage"},"thumbnailUrl":"https:\/\/www.oliver-kilb.de\/www\/wp-content\/uploads\/2024\/10\/Balderschwang_06.jpg","keywords":["Balderschwang"],"articleSection":["Bayern","Blog"],"inLanguage":"de","potentialAction":[{"@type":"CommentAction","name":"Comment","target":["https:\/\/www.oliver-kilb.de\/www\/2015\/09\/13\/wandern-um-balderschwang\/#respond"]}]},{"@type":"WebPage","@id":"https:\/\/www.oliver-kilb.de\/www\/2015\/09\/13\/wandern-um-balderschwang\/","url":"https:\/\/www.oliver-kilb.de\/www\/2015\/09\/13\/wandern-um-balderschwang\/","name":"Wandern um Balderschwang. - Japan, Wandern und Multimedia","isPartOf":{"@id":"https:\/\/www.oliver-kilb.de\/www\/#website"},"primaryImageOfPage":{"@id":"https:\/\/www.oliver-kilb.de\/www\/2015\/09\/13\/wandern-um-balderschwang\/#primaryimage"},"image":{"@id":"https:\/\/www.oliver-kilb.de\/www\/2015\/09\/13\/wandern-um-balderschwang\/#primaryimage"},"thumbnailUrl":"https:\/\/www.oliver-kilb.de\/www\/wp-content\/uploads\/2024\/10\/Balderschwang_06.jpg","datePublished":"2015-09-13T20:05:00+00:00","dateModified":"2024-10-28T19:29:33+00:00","description":"Ein Kurzurlaub f\u00fchrte uns nach Balderschwang in der N\u00e4he des Kleinwalsertals. Einmal tief Luft holen und entspannen.","breadcrumb":{"@id":"https:\/\/www.oliver-kilb.de\/www\/2015\/09\/13\/wandern-um-balderschwang\/#breadcrumb"},"inLanguage":"de","potentialAction":[{"@type":"ReadAction","target":["https:\/\/www.oliver-kilb.de\/www\/2015\/09\/13\/wandern-um-balderschwang\/"]}]},{"@type":"ImageObject","inLanguage":"de","@id":"https:\/\/www.oliver-kilb.de\/www\/2015\/09\/13\/wandern-um-balderschwang\/#primaryimage","url":"https:\/\/www.oliver-kilb.de\/www\/wp-content\/uploads\/2024\/10\/Balderschwang_06.jpg","contentUrl":"https:\/\/www.oliver-kilb.de\/www\/wp-content\/uploads\/2024\/10\/Balderschwang_06.jpg","width":1200,"height":900,"caption":"In Balderschwang."},{"@type":"BreadcrumbList","@id":"https:\/\/www.oliver-kilb.de\/www\/2015\/09\/13\/wandern-um-balderschwang\/#breadcrumb","itemListElement":[{"@type":"ListItem","position":1,"name":"Startseite","item":"https:\/\/www.oliver-kilb.de\/www\/"},{"@type":"ListItem","position":2,"name":"Wandern um Balderschwang."}]},{"@type":"WebSite","@id":"https:\/\/www.oliver-kilb.de\/www\/#website","url":"https:\/\/www.oliver-kilb.de\/www\/","name":"Japan, Wandern und Multimedia","description":"","publisher":{"@id":"https:\/\/www.oliver-kilb.de\/www\/#organization"},"potentialAction":[{"@type":"SearchAction","target":{"@type":"EntryPoint","urlTemplate":"https:\/\/www.oliver-kilb.de\/www\/?s={search_term_string}"},"query-input":{"@type":"PropertyValueSpecification","valueRequired":true,"valueName":"search_term_string"}}],"inLanguage":"de"},{"@type":"Organization","@id":"https:\/\/www.oliver-kilb.de\/www\/#organization","name":"Japan, Wandern und Multimedia","url":"https:\/\/www.oliver-kilb.de\/www\/","logo":{"@type":"ImageObject","inLanguage":"de","@id":"https:\/\/www.oliver-kilb.de\/www\/#\/schema\/logo\/image\/","url":"https:\/\/www.oliver-kilb.de\/www\/wp-content\/uploads\/2024\/07\/Fushimi-Inari-Schrein_075_DxO.jpg","contentUrl":"https:\/\/www.oliver-kilb.de\/www\/wp-content\/uploads\/2024\/07\/Fushimi-Inari-Schrein_075_DxO.jpg","width":1380,"height":301,"caption":"Japan, Wandern und Multimedia"},"image":{"@id":"https:\/\/www.oliver-kilb.de\/www\/#\/schema\/logo\/image\/"}},{"@type":"Person","@id":"https:\/\/www.oliver-kilb.de\/www\/#\/schema\/person\/c2b19a881050135aa248a8851b7b4250","name":"Oliver Kilb","image":{"@type":"ImageObject","inLanguage":"de","@id":"https:\/\/secure.gravatar.com\/avatar\/4da50eb2c6eb71b0641229eed4a38d05c8d4b458a59355cca0d02b57303d6ffd?s=96&d=mm&r=g","url":"https:\/\/secure.gravatar.com\/avatar\/4da50eb2c6eb71b0641229eed4a38d05c8d4b458a59355cca0d02b57303d6ffd?s=96&d=mm&r=g","contentUrl":"https:\/\/secure.gravatar.com\/avatar\/4da50eb2c6eb71b0641229eed4a38d05c8d4b458a59355cca0d02b57303d6ffd?s=96&d=mm&r=g","caption":"Oliver Kilb"},"sameAs":["https:\/\/www.oliver-kilb.de\/www"],"url":"https:\/\/www.oliver-kilb.de\/www\/author\/oliver-kilb\/"}]}},"amp_enabled":true,"_links":{"self":[{"href":"https:\/\/www.oliver-kilb.de\/www\/wp-json\/wp\/v2\/posts\/30273","targetHints":{"allow":["GET"]}}],"collection":[{"href":"https:\/\/www.oliver-kilb.de\/www\/wp-json\/wp\/v2\/posts"}],"about":[{"href":"https:\/\/www.oliver-kilb.de\/www\/wp-json\/wp\/v2\/types\/post"}],"author":[{"embeddable":true,"href":"https:\/\/www.oliver-kilb.de\/www\/wp-json\/wp\/v2\/users\/1"}],"replies":[{"embeddable":true,"href":"https:\/\/www.oliver-kilb.de\/www\/wp-json\/wp\/v2\/comments?post=30273"}],"version-history":[{"count":1,"href":"https:\/\/www.oliver-kilb.de\/www\/wp-json\/wp\/v2\/posts\/30273\/revisions"}],"predecessor-version":[{"id":30285,"href":"https:\/\/www.oliver-kilb.de\/www\/wp-json\/wp\/v2\/posts\/30273\/revisions\/30285"}],"wp:featuredmedia":[{"embeddable":true,"href":"https:\/\/www.oliver-kilb.de\/www\/wp-json\/wp\/v2\/media\/30281"}],"wp:attachment":[{"href":"https:\/\/www.oliver-kilb.de\/www\/wp-json\/wp\/v2\/media?parent=30273"}],"wp:term":[{"taxonomy":"category","embeddable":true,"href":"https:\/\/www.oliver-kilb.de\/www\/wp-json\/wp\/v2\/categories?post=30273"},{"taxonomy":"post_tag","embeddable":true,"href":"https:\/\/www.oliver-kilb.de\/www\/wp-json\/wp\/v2\/tags?post=30273"}],"curies":[{"name":"wp","href":"https:\/\/api.w.org\/{rel}","templated":true}]}}