{"id":30179,"date":"2015-08-30T19:50:00","date_gmt":"2015-08-30T17:50:00","guid":{"rendered":"https:\/\/www.oliver-kilb.de\/www\/?p=30179"},"modified":"2024-10-28T20:28:33","modified_gmt":"2024-10-28T19:28:33","slug":"zur-schellenberger-eishoehle-und-auf-den-untersberg","status":"publish","type":"post","link":"https:\/\/www.oliver-kilb.de\/www\/2015\/08\/30\/zur-schellenberger-eishoehle-und-auf-den-untersberg\/","title":{"rendered":"Zur Schellenberger Eish\u00f6hle und auf den Untersberg."},"content":{"rendered":"\n<p><strong>Von Marktschellenberg zur Toni-Lenz-H\u00fctte, \u00fcber die Schellenberger Eish\u00f6hle und den Thomas-Eder Steig auf den Untersberg zum Salzburger Hochthron. Eine besonders sch\u00f6ne, aber auch konditionell fordernde Tour.<\/strong><\/p>\n\n\n\n<h2 class=\"wp-block-heading\">Start einer fordernden Tour!<\/h2>\n\n\n<div class=\"wp-block-image\">\n<figure class=\"alignleft size-full is-resized\"><a href=\"https:\/\/www.oliver-kilb.de\/www\/wp-content\/uploads\/2024\/10\/Untersberg_OK_002.jpg\"><img loading=\"lazy\" decoding=\"async\" width=\"1200\" height=\"900\" src=\"https:\/\/www.oliver-kilb.de\/www\/wp-content\/uploads\/2024\/10\/Untersberg_OK_002.jpg\" alt=\"\" class=\"wp-image-30181\" style=\"width:300px\" srcset=\"https:\/\/www.oliver-kilb.de\/www\/wp-content\/uploads\/2024\/10\/Untersberg_OK_002.jpg 1200w, https:\/\/www.oliver-kilb.de\/www\/wp-content\/uploads\/2024\/10\/Untersberg_OK_002-500x375.jpg 500w, https:\/\/www.oliver-kilb.de\/www\/wp-content\/uploads\/2024\/10\/Untersberg_OK_002-300x225.jpg 300w, https:\/\/www.oliver-kilb.de\/www\/wp-content\/uploads\/2024\/10\/Untersberg_OK_002-768x576.jpg 768w\" sizes=\"auto, (max-width: 1200px) 100vw, 1200px\" \/><\/a><figcaption class=\"wp-element-caption\">Am Untersberg: Zur Schellenberger Eish\u00f6hle via Toni-Lenz-H\u00fctte.<\/figcaption><\/figure>\n<\/div>\n\n\n<p>Mehr als 1.400 H\u00f6henmeter werden auf dieser Tour zur\u00fcckgelegt &#8211; aber es lohnt sich!<\/p>\n\n\n\n<p>Eine der spektakul\u00e4rsten Wanderungen in den \u00f6stlichen Alpen beginnt in <a href=\"https:\/\/de.wikipedia.org\/wiki\/Marktschellenberg\" target=\"_blank\" rel=\"noreferrer noopener\">Marktschellenberg<\/a>: Vom Parkplatz (470m) zur <a href=\"https:\/\/de.wikipedia.org\/wiki\/Toni-Lenz-H\u00fctte\" target=\"_blank\" rel=\"noreferrer noopener\">Toni-Lenz-H\u00fctte<\/a> (1.438m), weiter zur Schellenberger <a href=\"https:\/\/de.wikipedia.org\/wiki\/Schellenberger_Eish\u00f6hle\" target=\"_blank\" rel=\"noreferrer noopener\">Eish\u00f6hle<\/a> (1.570m) und \u00fcber den Thomas-Eder Steig und\u00a0Mittagsscharte auf den <a href=\"https:\/\/de.wikipedia.org\/wiki\/Salzburger_Hochthron\" target=\"_blank\" rel=\"noreferrer noopener\">Salzburger Hochthron<\/a> (1.852m). <\/p>\n\n\n\n<p>Ohne Gegenaufstiege werden auf dieser Tour also knapp 1.400 H\u00f6henmeter bestiegen. Daher ist diese Tour nur f\u00fcr Wanderer mit entsprechender Kondition zu empfehlen, zumal mit dem Thomas-Eder Steig auch ein recht anspruchsvoller Steig ziemlich genau in der Mitte der Wegstrecke ansteht.<\/p>\n\n\n\n<h2 class=\"wp-block-heading\">Teil 1: Von Marktschellenberg bis zur Toni-Lenz-H\u00fctte.<\/h2>\n\n\n<div class=\"wp-block-image\">\n<figure class=\"alignright size-full is-resized\"><a href=\"https:\/\/www.oliver-kilb.de\/www\/wp-content\/uploads\/2024\/10\/Untersberg_OK_003.jpg\"><img loading=\"lazy\" decoding=\"async\" width=\"1200\" height=\"900\" src=\"https:\/\/www.oliver-kilb.de\/www\/wp-content\/uploads\/2024\/10\/Untersberg_OK_003.jpg\" alt=\"\" class=\"wp-image-30182\" style=\"width:300px\" srcset=\"https:\/\/www.oliver-kilb.de\/www\/wp-content\/uploads\/2024\/10\/Untersberg_OK_003.jpg 1200w, https:\/\/www.oliver-kilb.de\/www\/wp-content\/uploads\/2024\/10\/Untersberg_OK_003-500x375.jpg 500w, https:\/\/www.oliver-kilb.de\/www\/wp-content\/uploads\/2024\/10\/Untersberg_OK_003-300x225.jpg 300w, https:\/\/www.oliver-kilb.de\/www\/wp-content\/uploads\/2024\/10\/Untersberg_OK_003-768x576.jpg 768w\" sizes=\"auto, (max-width: 1200px) 100vw, 1200px\" \/><\/a><figcaption class=\"wp-element-caption\">Am Untersberg: Zur Schellenberger Eish\u00f6hle via Toni-Lenz-H\u00fctte.<\/figcaption><\/figure>\n<\/div>\n\n\n<p>Der Parkplatz befindet sich nach dem Ortsausgang von Marktschellenberg in Richtung St. Leonhard auf der rechten Seite, direkt an der Berchtesgadener Ache. <\/p>\n\n\n\n<p>Google Maps zeigt den Ort des Parkplatzes als &#8222;Hauptstra\u00dfe 31&#8220; an. Parken ist kostenlos, aber man muss schon fr\u00fchzeitig dort sein, um einen freien Platz zu ergattern. <\/p>\n\n\n<div class=\"wp-block-image\">\n<figure class=\"alignleft size-full is-resized\"><a href=\"https:\/\/www.oliver-kilb.de\/www\/wp-content\/uploads\/2024\/10\/Untersberg_OK_027.jpg\"><img loading=\"lazy\" decoding=\"async\" width=\"1200\" height=\"900\" src=\"https:\/\/www.oliver-kilb.de\/www\/wp-content\/uploads\/2024\/10\/Untersberg_OK_027.jpg\" alt=\"\" class=\"wp-image-30183\" style=\"width:300px\" srcset=\"https:\/\/www.oliver-kilb.de\/www\/wp-content\/uploads\/2024\/10\/Untersberg_OK_027.jpg 1200w, https:\/\/www.oliver-kilb.de\/www\/wp-content\/uploads\/2024\/10\/Untersberg_OK_027-500x375.jpg 500w, https:\/\/www.oliver-kilb.de\/www\/wp-content\/uploads\/2024\/10\/Untersberg_OK_027-300x225.jpg 300w, https:\/\/www.oliver-kilb.de\/www\/wp-content\/uploads\/2024\/10\/Untersberg_OK_027-768x576.jpg 768w\" sizes=\"auto, (max-width: 1200px) 100vw, 1200px\" \/><\/a><figcaption class=\"wp-element-caption\">Am Untersberg: Zur Schellenberger Eish\u00f6hle via Toni-Lenz-H\u00fctte.<\/figcaption><\/figure>\n<\/div>\n\n\n<p>Der Weg bis zur Toni-Lenz-H\u00fctte ist als &#8222;Herz-Kreislauf Testwanderweg&#8220; ausgezeichnet und hat eine mittlere Steigung von knapp 16%. Verteilt auf etwas \u00fcber 6 Kilometer L\u00e4nge legt man hier also knapp 1.000 H\u00f6henmeter zur\u00fcck. Das ist zwar hart, aber daf\u00fcr hat man bereits zwei Drittel des gesamten Aufstiegs hinter sich, wenn man an der H\u00fctte ankommt. Die ersten 700 H\u00f6henmeter geht man auf einem Forstweg gleichm\u00e4\u00dfig bergauf.<\/p>\n\n\n\n<p>Normalerweise sind Forstwege\u00a0nicht besonders interessant, was hier aber nicht zutrifft. Zum Einen stehen alle 100 H\u00f6henmeter Infotafeln, die dar\u00fcber informieren, wie weit (und wie hoch) man schon gegangen ist und was noch vor einem liegt, und zum Anderen ist einfach die Landschaft wundersch\u00f6n und abwechslungsreich. <\/p>\n\n\n\n<p>Die ersten 700 H\u00f6henmeter geht man im Wald, so dass man vor der Sonne recht gut gesch\u00fctzt ist. Der Weg steigt bis hier mit wenigen, kurzen Ausnahmen\u00a0recht gleichm\u00e4\u00dfig an, so dass man schnell sein pers\u00f6nliches Tempo finden kann.<\/p>\n\n\n\n<h2 class=\"wp-block-heading\">Kleine Erfrischung gef\u00e4llig?<\/h2>\n\n\n<div class=\"wp-block-image\">\n<figure class=\"alignleft size-full is-resized\"><a href=\"https:\/\/www.oliver-kilb.de\/www\/wp-content\/uploads\/2024\/10\/Untersberg_OK_013.jpg\"><img loading=\"lazy\" decoding=\"async\" width=\"600\" height=\"800\" src=\"https:\/\/www.oliver-kilb.de\/www\/wp-content\/uploads\/2024\/10\/Untersberg_OK_013.jpg\" alt=\"\" class=\"wp-image-30184\" style=\"width:auto;height:300px\" srcset=\"https:\/\/www.oliver-kilb.de\/www\/wp-content\/uploads\/2024\/10\/Untersberg_OK_013.jpg 600w, https:\/\/www.oliver-kilb.de\/www\/wp-content\/uploads\/2024\/10\/Untersberg_OK_013-375x500.jpg 375w, https:\/\/www.oliver-kilb.de\/www\/wp-content\/uploads\/2024\/10\/Untersberg_OK_013-225x300.jpg 225w\" sizes=\"auto, (max-width: 600px) 100vw, 600px\" \/><\/a><figcaption class=\"wp-element-caption\">Am Untersberg: Zur Schellenberger Eish\u00f6hle via Toni-Lenz-H\u00fctte. Ganz klein zu sehen: Die Toni-Lenz-H\u00fctte.<\/figcaption><\/figure>\n<\/div>\n\n\n<p>Zweimal f\u00fchrt der Weg direkt an kleinen Bergb\u00e4chen vorbei (Bachgraben und Lochgraben), deren kristallklares Wasser zum Ausruhen und Nachf\u00fcllen der Wasservorr\u00e4te einl\u00e4d. Oder, wenn man v\u00f6llig \u00fcberhitzt ist, auch zu einer kleinen Abk\u00fchlung &#8211; wie am 2. August 2003. Damals sind wir sehr unvorbereitet zu dieser Wanderung \u00fcberredet worden und waren auch nicht passend gekleidet. Aber, sofern der Zeitstempel der Bilder stimmt, brauchten wir nur 1:56 Stunden f\u00fcr den Aufstieg &#8211; das w\u00e4ren knapp 500 H\u00f6henmeter pro Stunde, Respekt. Kein Wunder, dass wir oben erstmal s\u00e4mtliche Wasservorr\u00e4te auftrinken mussten&#8230;<\/p>\n\n\n\n<p>Nach ungef\u00e4hr zwei Stunden ist die Toni-Lenz H\u00fctte zum ersten Mal zu sehen, und wir lassen den Wald hinter uns. Mittlerweile sind wir auch nicht mehr auf Forstwegen unterwegs, sondern auf einem sch\u00f6nen Pfad, der uns den Rest der Wanderung begleiten wird. <\/p>\n\n\n\n<p>Die letzten 200 Meter Aufstieg sind dann nochmal ein wenig fordernd, denn sie sind steiler als der bisherige Durchschnitt, und man befindet sich\u00a0in der Sonne. Man wandert nun teilweise direkt auf einem Grat und sollte daher aufpassen, den Weg nicht zu verlassen. An einer Stelle ist sogar ein Warnschild aufgestellt worden &#8211; zu Recht! In engen Serpentinen geht man die letzten Minuten Meter um Meter hinauf. <\/p>\n\n\n\n<p>Ein wenig frustrierend, weil man die Toni-Lenz-H\u00fctte mittlerweile nicht mehr sieht, da sie sich hinter einem Vorsprung versteckt und erst kurz vor der Ankunft wieder hervortritt. Daf\u00fcr hat man einen wunderbaren Panoramablick von dieser Stelle.<\/p>\n\n\n\n<figure class=\"wp-block-image size-large\"><a href=\"https:\/\/www.oliver-kilb.de\/www\/wp-content\/uploads\/2024\/10\/Toni-Lenz_Panorama_01_stitch.jpg\"><img loading=\"lazy\" decoding=\"async\" width=\"2048\" height=\"422\" src=\"https:\/\/www.oliver-kilb.de\/www\/wp-content\/uploads\/2024\/10\/Toni-Lenz_Panorama_01_stitch-2048x422.jpg\" alt=\"\" class=\"wp-image-30185\" srcset=\"https:\/\/www.oliver-kilb.de\/www\/wp-content\/uploads\/2024\/10\/Toni-Lenz_Panorama_01_stitch-2048x422.jpg 2048w, https:\/\/www.oliver-kilb.de\/www\/wp-content\/uploads\/2024\/10\/Toni-Lenz_Panorama_01_stitch-500x103.jpg 500w, https:\/\/www.oliver-kilb.de\/www\/wp-content\/uploads\/2024\/10\/Toni-Lenz_Panorama_01_stitch-300x62.jpg 300w, https:\/\/www.oliver-kilb.de\/www\/wp-content\/uploads\/2024\/10\/Toni-Lenz_Panorama_01_stitch-768x158.jpg 768w, https:\/\/www.oliver-kilb.de\/www\/wp-content\/uploads\/2024\/10\/Toni-Lenz_Panorama_01_stitch-1536x316.jpg 1536w\" sizes=\"auto, (max-width: 2048px) 100vw, 2048px\" \/><\/a><\/figure>\n\n\n\n<hr class=\"wp-block-separator has-alpha-channel-opacity\"\/>\n\n\n\n<figure class=\"wp-block-gallery has-nested-images columns-5 is-cropped wp-block-gallery-1 is-layout-flex wp-block-gallery-is-layout-flex\">\n<figure class=\"wp-block-image size-large\"><img loading=\"lazy\" decoding=\"async\" width=\"1200\" height=\"800\" data-id=\"30187\" src=\"https:\/\/www.oliver-kilb.de\/www\/wp-content\/uploads\/2015\/08\/Toni-Lenz_Huette_04.jpg\" alt=\"\" class=\"wp-image-30187\" srcset=\"https:\/\/www.oliver-kilb.de\/www\/wp-content\/uploads\/2015\/08\/Toni-Lenz_Huette_04.jpg 1200w, https:\/\/www.oliver-kilb.de\/www\/wp-content\/uploads\/2015\/08\/Toni-Lenz_Huette_04-500x333.jpg 500w, https:\/\/www.oliver-kilb.de\/www\/wp-content\/uploads\/2015\/08\/Toni-Lenz_Huette_04-300x200.jpg 300w, https:\/\/www.oliver-kilb.de\/www\/wp-content\/uploads\/2015\/08\/Toni-Lenz_Huette_04-768x512.jpg 768w\" sizes=\"auto, (max-width: 1200px) 100vw, 1200px\" \/><\/figure>\n\n\n\n<figure class=\"wp-block-image size-large\"><img loading=\"lazy\" decoding=\"async\" width=\"1200\" height=\"800\" data-id=\"30192\" src=\"https:\/\/www.oliver-kilb.de\/www\/wp-content\/uploads\/2015\/08\/Toni-Lenz_Huette_06.jpg\" alt=\"\" class=\"wp-image-30192\" srcset=\"https:\/\/www.oliver-kilb.de\/www\/wp-content\/uploads\/2015\/08\/Toni-Lenz_Huette_06.jpg 1200w, https:\/\/www.oliver-kilb.de\/www\/wp-content\/uploads\/2015\/08\/Toni-Lenz_Huette_06-500x333.jpg 500w, https:\/\/www.oliver-kilb.de\/www\/wp-content\/uploads\/2015\/08\/Toni-Lenz_Huette_06-300x200.jpg 300w, https:\/\/www.oliver-kilb.de\/www\/wp-content\/uploads\/2015\/08\/Toni-Lenz_Huette_06-768x512.jpg 768w\" sizes=\"auto, (max-width: 1200px) 100vw, 1200px\" \/><\/figure>\n\n\n\n<figure class=\"wp-block-image size-large\"><img loading=\"lazy\" decoding=\"async\" width=\"1200\" height=\"800\" data-id=\"30191\" src=\"https:\/\/www.oliver-kilb.de\/www\/wp-content\/uploads\/2015\/08\/Toni-Lenz_Huette_08.jpg\" alt=\"\" class=\"wp-image-30191\" srcset=\"https:\/\/www.oliver-kilb.de\/www\/wp-content\/uploads\/2015\/08\/Toni-Lenz_Huette_08.jpg 1200w, https:\/\/www.oliver-kilb.de\/www\/wp-content\/uploads\/2015\/08\/Toni-Lenz_Huette_08-500x333.jpg 500w, https:\/\/www.oliver-kilb.de\/www\/wp-content\/uploads\/2015\/08\/Toni-Lenz_Huette_08-300x200.jpg 300w, https:\/\/www.oliver-kilb.de\/www\/wp-content\/uploads\/2015\/08\/Toni-Lenz_Huette_08-768x512.jpg 768w\" sizes=\"auto, (max-width: 1200px) 100vw, 1200px\" \/><\/figure>\n\n\n\n<figure class=\"wp-block-image size-large\"><img loading=\"lazy\" decoding=\"async\" width=\"1200\" height=\"800\" data-id=\"30190\" src=\"https:\/\/www.oliver-kilb.de\/www\/wp-content\/uploads\/2015\/08\/Toni-Lenz_Huette_09.jpg\" alt=\"\" class=\"wp-image-30190\" srcset=\"https:\/\/www.oliver-kilb.de\/www\/wp-content\/uploads\/2015\/08\/Toni-Lenz_Huette_09.jpg 1200w, https:\/\/www.oliver-kilb.de\/www\/wp-content\/uploads\/2015\/08\/Toni-Lenz_Huette_09-500x333.jpg 500w, https:\/\/www.oliver-kilb.de\/www\/wp-content\/uploads\/2015\/08\/Toni-Lenz_Huette_09-300x200.jpg 300w, https:\/\/www.oliver-kilb.de\/www\/wp-content\/uploads\/2015\/08\/Toni-Lenz_Huette_09-768x512.jpg 768w\" sizes=\"auto, (max-width: 1200px) 100vw, 1200px\" \/><\/figure>\n\n\n\n<figure class=\"wp-block-image size-large\"><img loading=\"lazy\" decoding=\"async\" width=\"1200\" height=\"800\" data-id=\"30189\" src=\"https:\/\/www.oliver-kilb.de\/www\/wp-content\/uploads\/2015\/08\/Toni-Lenz_Huette_10.jpg\" alt=\"\" class=\"wp-image-30189\" srcset=\"https:\/\/www.oliver-kilb.de\/www\/wp-content\/uploads\/2015\/08\/Toni-Lenz_Huette_10.jpg 1200w, https:\/\/www.oliver-kilb.de\/www\/wp-content\/uploads\/2015\/08\/Toni-Lenz_Huette_10-500x333.jpg 500w, https:\/\/www.oliver-kilb.de\/www\/wp-content\/uploads\/2015\/08\/Toni-Lenz_Huette_10-300x200.jpg 300w, https:\/\/www.oliver-kilb.de\/www\/wp-content\/uploads\/2015\/08\/Toni-Lenz_Huette_10-768x512.jpg 768w\" sizes=\"auto, (max-width: 1200px) 100vw, 1200px\" \/><\/figure>\n\n\n\n<figure class=\"wp-block-image size-large\"><img loading=\"lazy\" decoding=\"async\" width=\"1200\" height=\"900\" data-id=\"30200\" src=\"https:\/\/www.oliver-kilb.de\/www\/wp-content\/uploads\/2015\/08\/Untersberg_OK_010.jpg\" alt=\"\" class=\"wp-image-30200\" srcset=\"https:\/\/www.oliver-kilb.de\/www\/wp-content\/uploads\/2015\/08\/Untersberg_OK_010.jpg 1200w, https:\/\/www.oliver-kilb.de\/www\/wp-content\/uploads\/2015\/08\/Untersberg_OK_010-500x375.jpg 500w, https:\/\/www.oliver-kilb.de\/www\/wp-content\/uploads\/2015\/08\/Untersberg_OK_010-300x225.jpg 300w, https:\/\/www.oliver-kilb.de\/www\/wp-content\/uploads\/2015\/08\/Untersberg_OK_010-768x576.jpg 768w\" sizes=\"auto, (max-width: 1200px) 100vw, 1200px\" \/><\/figure>\n\n\n\n<figure class=\"wp-block-image size-large\"><img loading=\"lazy\" decoding=\"async\" width=\"600\" height=\"800\" data-id=\"30193\" src=\"https:\/\/www.oliver-kilb.de\/www\/wp-content\/uploads\/2015\/08\/Untersberg_OK_014.jpg\" alt=\"\" class=\"wp-image-30193\" srcset=\"https:\/\/www.oliver-kilb.de\/www\/wp-content\/uploads\/2015\/08\/Untersberg_OK_014.jpg 600w, https:\/\/www.oliver-kilb.de\/www\/wp-content\/uploads\/2015\/08\/Untersberg_OK_014-375x500.jpg 375w, https:\/\/www.oliver-kilb.de\/www\/wp-content\/uploads\/2015\/08\/Untersberg_OK_014-225x300.jpg 225w\" sizes=\"auto, (max-width: 600px) 100vw, 600px\" \/><\/figure>\n\n\n\n<figure class=\"wp-block-image size-large\"><img loading=\"lazy\" decoding=\"async\" width=\"1200\" height=\"900\" data-id=\"30199\" src=\"https:\/\/www.oliver-kilb.de\/www\/wp-content\/uploads\/2015\/08\/Untersberg_OK_015.jpg\" alt=\"\" class=\"wp-image-30199\" srcset=\"https:\/\/www.oliver-kilb.de\/www\/wp-content\/uploads\/2015\/08\/Untersberg_OK_015.jpg 1200w, https:\/\/www.oliver-kilb.de\/www\/wp-content\/uploads\/2015\/08\/Untersberg_OK_015-500x375.jpg 500w, https:\/\/www.oliver-kilb.de\/www\/wp-content\/uploads\/2015\/08\/Untersberg_OK_015-300x225.jpg 300w, https:\/\/www.oliver-kilb.de\/www\/wp-content\/uploads\/2015\/08\/Untersberg_OK_015-768x576.jpg 768w\" sizes=\"auto, (max-width: 1200px) 100vw, 1200px\" \/><\/figure>\n\n\n\n<figure class=\"wp-block-image size-large\"><img loading=\"lazy\" decoding=\"async\" width=\"1200\" height=\"900\" data-id=\"30202\" src=\"https:\/\/www.oliver-kilb.de\/www\/wp-content\/uploads\/2015\/08\/Untersberg_OK_017.jpg\" alt=\"\" class=\"wp-image-30202\" srcset=\"https:\/\/www.oliver-kilb.de\/www\/wp-content\/uploads\/2015\/08\/Untersberg_OK_017.jpg 1200w, https:\/\/www.oliver-kilb.de\/www\/wp-content\/uploads\/2015\/08\/Untersberg_OK_017-500x375.jpg 500w, https:\/\/www.oliver-kilb.de\/www\/wp-content\/uploads\/2015\/08\/Untersberg_OK_017-300x225.jpg 300w, https:\/\/www.oliver-kilb.de\/www\/wp-content\/uploads\/2015\/08\/Untersberg_OK_017-768x576.jpg 768w\" sizes=\"auto, (max-width: 1200px) 100vw, 1200px\" \/><\/figure>\n\n\n\n<figure class=\"wp-block-image size-large\"><img loading=\"lazy\" decoding=\"async\" width=\"1200\" height=\"900\" data-id=\"30197\" src=\"https:\/\/www.oliver-kilb.de\/www\/wp-content\/uploads\/2015\/08\/Untersberg_OK_018.jpg\" alt=\"\" class=\"wp-image-30197\" srcset=\"https:\/\/www.oliver-kilb.de\/www\/wp-content\/uploads\/2015\/08\/Untersberg_OK_018.jpg 1200w, https:\/\/www.oliver-kilb.de\/www\/wp-content\/uploads\/2015\/08\/Untersberg_OK_018-500x375.jpg 500w, https:\/\/www.oliver-kilb.de\/www\/wp-content\/uploads\/2015\/08\/Untersberg_OK_018-300x225.jpg 300w, https:\/\/www.oliver-kilb.de\/www\/wp-content\/uploads\/2015\/08\/Untersberg_OK_018-768x576.jpg 768w\" sizes=\"auto, (max-width: 1200px) 100vw, 1200px\" \/><\/figure>\n\n\n\n<figure class=\"wp-block-image size-large\"><img loading=\"lazy\" decoding=\"async\" width=\"1200\" height=\"900\" data-id=\"30194\" src=\"https:\/\/www.oliver-kilb.de\/www\/wp-content\/uploads\/2015\/08\/Untersberg_OK_021.jpg\" alt=\"\" class=\"wp-image-30194\" srcset=\"https:\/\/www.oliver-kilb.de\/www\/wp-content\/uploads\/2015\/08\/Untersberg_OK_021.jpg 1200w, https:\/\/www.oliver-kilb.de\/www\/wp-content\/uploads\/2015\/08\/Untersberg_OK_021-500x375.jpg 500w, https:\/\/www.oliver-kilb.de\/www\/wp-content\/uploads\/2015\/08\/Untersberg_OK_021-300x225.jpg 300w, https:\/\/www.oliver-kilb.de\/www\/wp-content\/uploads\/2015\/08\/Untersberg_OK_021-768x576.jpg 768w\" sizes=\"auto, (max-width: 1200px) 100vw, 1200px\" \/><\/figure>\n\n\n\n<figure class=\"wp-block-image size-large\"><img loading=\"lazy\" decoding=\"async\" width=\"1200\" height=\"900\" data-id=\"30195\" src=\"https:\/\/www.oliver-kilb.de\/www\/wp-content\/uploads\/2015\/08\/Untersberg_OK_022.jpg\" alt=\"\" class=\"wp-image-30195\" srcset=\"https:\/\/www.oliver-kilb.de\/www\/wp-content\/uploads\/2015\/08\/Untersberg_OK_022.jpg 1200w, https:\/\/www.oliver-kilb.de\/www\/wp-content\/uploads\/2015\/08\/Untersberg_OK_022-500x375.jpg 500w, https:\/\/www.oliver-kilb.de\/www\/wp-content\/uploads\/2015\/08\/Untersberg_OK_022-300x225.jpg 300w, https:\/\/www.oliver-kilb.de\/www\/wp-content\/uploads\/2015\/08\/Untersberg_OK_022-768x576.jpg 768w\" sizes=\"auto, (max-width: 1200px) 100vw, 1200px\" \/><\/figure>\n\n\n\n<figure class=\"wp-block-image size-large\"><img loading=\"lazy\" decoding=\"async\" width=\"1200\" height=\"900\" data-id=\"30198\" src=\"https:\/\/www.oliver-kilb.de\/www\/wp-content\/uploads\/2015\/08\/Untersberg_OK_025.jpg\" alt=\"\" class=\"wp-image-30198\" srcset=\"https:\/\/www.oliver-kilb.de\/www\/wp-content\/uploads\/2015\/08\/Untersberg_OK_025.jpg 1200w, https:\/\/www.oliver-kilb.de\/www\/wp-content\/uploads\/2015\/08\/Untersberg_OK_025-500x375.jpg 500w, https:\/\/www.oliver-kilb.de\/www\/wp-content\/uploads\/2015\/08\/Untersberg_OK_025-300x225.jpg 300w, https:\/\/www.oliver-kilb.de\/www\/wp-content\/uploads\/2015\/08\/Untersberg_OK_025-768x576.jpg 768w\" sizes=\"auto, (max-width: 1200px) 100vw, 1200px\" \/><\/figure>\n\n\n\n<figure class=\"wp-block-image size-large\"><img loading=\"lazy\" decoding=\"async\" width=\"1200\" height=\"900\" data-id=\"30196\" src=\"https:\/\/www.oliver-kilb.de\/www\/wp-content\/uploads\/2015\/08\/Untersberg_OK_026.jpg\" alt=\"\" class=\"wp-image-30196\" srcset=\"https:\/\/www.oliver-kilb.de\/www\/wp-content\/uploads\/2015\/08\/Untersberg_OK_026.jpg 1200w, https:\/\/www.oliver-kilb.de\/www\/wp-content\/uploads\/2015\/08\/Untersberg_OK_026-500x375.jpg 500w, https:\/\/www.oliver-kilb.de\/www\/wp-content\/uploads\/2015\/08\/Untersberg_OK_026-300x225.jpg 300w, https:\/\/www.oliver-kilb.de\/www\/wp-content\/uploads\/2015\/08\/Untersberg_OK_026-768x576.jpg 768w\" sizes=\"auto, (max-width: 1200px) 100vw, 1200px\" \/><\/figure>\n\n\n\n<figure class=\"wp-block-image size-large\"><img loading=\"lazy\" decoding=\"async\" width=\"1200\" height=\"900\" data-id=\"30201\" src=\"https:\/\/www.oliver-kilb.de\/www\/wp-content\/uploads\/2015\/08\/Untersberg_OK_028.jpg\" alt=\"\" class=\"wp-image-30201\" srcset=\"https:\/\/www.oliver-kilb.de\/www\/wp-content\/uploads\/2015\/08\/Untersberg_OK_028.jpg 1200w, https:\/\/www.oliver-kilb.de\/www\/wp-content\/uploads\/2015\/08\/Untersberg_OK_028-500x375.jpg 500w, https:\/\/www.oliver-kilb.de\/www\/wp-content\/uploads\/2015\/08\/Untersberg_OK_028-300x225.jpg 300w, https:\/\/www.oliver-kilb.de\/www\/wp-content\/uploads\/2015\/08\/Untersberg_OK_028-768x576.jpg 768w\" sizes=\"auto, (max-width: 1200px) 100vw, 1200px\" \/><\/figure>\n<\/figure>\n\n\n\n<h2 class=\"wp-block-heading\">Teil 2: Von der Toni-Lenz-H\u00fctte zur Schellenberger Eish\u00f6hle.<\/h2>\n\n\n<div class=\"wp-block-image\">\n<figure class=\"alignleft size-full is-resized\"><a href=\"https:\/\/www.oliver-kilb.de\/www\/wp-content\/uploads\/2015\/08\/Toni-Lenz_Huette_13.jpg\"><img loading=\"lazy\" decoding=\"async\" width=\"1200\" height=\"800\" src=\"https:\/\/www.oliver-kilb.de\/www\/wp-content\/uploads\/2015\/08\/Toni-Lenz_Huette_13.jpg\" alt=\"\" class=\"wp-image-30188\" style=\"width:300px\" srcset=\"https:\/\/www.oliver-kilb.de\/www\/wp-content\/uploads\/2015\/08\/Toni-Lenz_Huette_13.jpg 1200w, https:\/\/www.oliver-kilb.de\/www\/wp-content\/uploads\/2015\/08\/Toni-Lenz_Huette_13-500x333.jpg 500w, https:\/\/www.oliver-kilb.de\/www\/wp-content\/uploads\/2015\/08\/Toni-Lenz_Huette_13-300x200.jpg 300w, https:\/\/www.oliver-kilb.de\/www\/wp-content\/uploads\/2015\/08\/Toni-Lenz_Huette_13-768x512.jpg 768w\" sizes=\"auto, (max-width: 1200px) 100vw, 1200px\" \/><\/a><figcaption class=\"wp-element-caption\">Blick von der Toni-Lenz-H\u00fctte. (Nur von der Seite.)<\/figcaption><\/figure>\n<\/div>\n\n\n<p>Auf der Toni-Lenz-H\u00fctte sollte man zuerst eine ausgiebige Pause einlegen! <\/p>\n\n\n\n<p>Sie ist wundersch\u00f6n gelegen und der Panoramablick ins Tal hinein ist gro\u00dfartig. Zur Schellenberger Eish\u00f6hle sind es von hier nur noch 20 Minuten auf einem leichten Weg mit wenig Steigung, und bis auf den Untersberg sind es noch etwas weniger als 400 H\u00f6henmeter. Egal, wohin man also noch m\u00f6chte &#8211; den L\u00f6wenanteil des Aufstieges hat man bereits erfolgreich hinter sich gebracht. Wenn man ins Tal hinabsieht und den Blick nach links wendet, kann man die Seile (und alle 30 Minuten auch die Kabinen) der Untersbergbahn sehen &#8211; das Ziel meiner heutigen Wanderung. <\/p>\n\n\n\n<p>Bis zur Toni-Lenz-H\u00fctte ist man bei normalem Tempo ungef\u00e4hr 3 Stunden (ohne Pausen) unterwegs.<\/p>\n\n\n<div class=\"wp-block-image\">\n<figure class=\"alignleft size-full is-resized\"><a href=\"https:\/\/www.oliver-kilb.de\/www\/wp-content\/uploads\/2015\/08\/Untersberg_OK_030.jpg\"><img loading=\"lazy\" decoding=\"async\" width=\"1200\" height=\"900\" src=\"https:\/\/www.oliver-kilb.de\/www\/wp-content\/uploads\/2015\/08\/Untersberg_OK_030.jpg\" alt=\"\" class=\"wp-image-30203\" style=\"width:300px\" srcset=\"https:\/\/www.oliver-kilb.de\/www\/wp-content\/uploads\/2015\/08\/Untersberg_OK_030.jpg 1200w, https:\/\/www.oliver-kilb.de\/www\/wp-content\/uploads\/2015\/08\/Untersberg_OK_030-500x375.jpg 500w, https:\/\/www.oliver-kilb.de\/www\/wp-content\/uploads\/2015\/08\/Untersberg_OK_030-300x225.jpg 300w, https:\/\/www.oliver-kilb.de\/www\/wp-content\/uploads\/2015\/08\/Untersberg_OK_030-768x576.jpg 768w\" sizes=\"auto, (max-width: 1200px) 100vw, 1200px\" \/><\/a><figcaption class=\"wp-element-caption\">Auf der Toni-Lenz-H\u00fctte.<\/figcaption><\/figure>\n<\/div>\n\n\n<p>Wenn eine H\u00fctte Kaiserschmarrn anbietet, sollte man zugreifen. Zwar war es das teuerste Gericht auf der H\u00fctte, aber die Wartezeit lohnet sich: Ein riesiger Teller, angeh\u00e4uft mit leckerem Schmarrn! <\/p>\n\n\n\n<p>Man kann es auf dem Foto sehen, dass ich nicht \u00fcbertreibe &#8211; diese Portion h\u00e4tte auch locker f\u00fcr zwei, wenn nicht sogar f\u00fcr drei Personen gereicht. <\/p>\n\n\n\n<p>An der H\u00fctte befinden sich auch die Uhrzeiten f\u00fcr die n\u00e4chsten F\u00fchrungen in der Schellenberger Eish\u00f6hle. Eine Tafel fand ich besonders nett: Die Strichliste der &#8222;Oft-Geher&#8220; zur Toni-Lenz-H\u00fctte. Ich denke mal, das sind alle H\u00f6hlenf\u00fchrer. Aber meine Hochachtung: Zur H\u00e4lfte der Saison sind einige schon 15 Mal oben gewesen. Ungef\u00e4hr eine Stunde habe ich dort eine Pause eingelegt, bevor ich wieder aufgebrochen bin und den n\u00e4chsten Teil der Wanderung angegangen bin.<\/p>\n\n\n<div class=\"wp-block-image\">\n<figure class=\"alignleft size-full is-resized\"><a href=\"https:\/\/www.oliver-kilb.de\/www\/wp-content\/uploads\/2015\/08\/Untersberg_2003_02.jpg\"><img loading=\"lazy\" decoding=\"async\" width=\"1200\" height=\"900\" src=\"https:\/\/www.oliver-kilb.de\/www\/wp-content\/uploads\/2015\/08\/Untersberg_2003_02.jpg\" alt=\"\" class=\"wp-image-30204\" style=\"width:300px\" srcset=\"https:\/\/www.oliver-kilb.de\/www\/wp-content\/uploads\/2015\/08\/Untersberg_2003_02.jpg 1200w, https:\/\/www.oliver-kilb.de\/www\/wp-content\/uploads\/2015\/08\/Untersberg_2003_02-500x375.jpg 500w, https:\/\/www.oliver-kilb.de\/www\/wp-content\/uploads\/2015\/08\/Untersberg_2003_02-300x225.jpg 300w, https:\/\/www.oliver-kilb.de\/www\/wp-content\/uploads\/2015\/08\/Untersberg_2003_02-768x576.jpg 768w\" sizes=\"auto, (max-width: 1200px) 100vw, 1200px\" \/><\/a><figcaption class=\"wp-element-caption\">2003: Die Schellenberger Eish\u00f6hle.<\/figcaption><\/figure>\n<\/div>\n\n\n<p>Die Schellenberger Eish\u00f6hle habe ich dieses mal ausgelassen, weil noch eine l\u00e4ngere Strecke vor mir lag und der Abstecher mindestens eine Stunde gedauert h\u00e4tte. Aber sie ist sehr lohnenswert! Wer in der N\u00e4he ist, sollte sie unbedingt besichtigen. Wie der Name schon sagt, ist in ihr Schnee und Eis &#8211; daher sollte jeder Besucher warme Kleidung eingepackt haben, denn die Temperatur liegt um den Nullpunkt. Treffpunkt f\u00fcr alle F\u00fchrungen ist vor dem H\u00f6hleneingang, nicht zu verfehlen.<\/p>\n\n\n\n<p>An der Weggabelung bewundert man noch kurz das Gipfelkreuz des Heubergkopfes, und dann beginnt der Thomas-Eder Steig. Nur wenige Minuten sp\u00e4ter geht der landschaftlich sehr sch\u00f6ne Wanderweg in einen der spektakul\u00e4rsten Steige \u00fcber, die die deutschen Alpen f\u00fcr normale Wanderer ohne Klettererfahrung zu bieten haben.<\/p>\n\n\n\n<figure class=\"wp-block-gallery has-nested-images columns-6 is-cropped wp-block-gallery-2 is-layout-flex wp-block-gallery-is-layout-flex\">\n<figure class=\"wp-block-image size-large\"><img loading=\"lazy\" decoding=\"async\" width=\"1200\" height=\"800\" data-id=\"30207\" src=\"https:\/\/www.oliver-kilb.de\/www\/wp-content\/uploads\/2015\/08\/Toni-Lenz_Huette_12.jpg\" alt=\"\" class=\"wp-image-30207\" srcset=\"https:\/\/www.oliver-kilb.de\/www\/wp-content\/uploads\/2015\/08\/Toni-Lenz_Huette_12.jpg 1200w, https:\/\/www.oliver-kilb.de\/www\/wp-content\/uploads\/2015\/08\/Toni-Lenz_Huette_12-500x333.jpg 500w, https:\/\/www.oliver-kilb.de\/www\/wp-content\/uploads\/2015\/08\/Toni-Lenz_Huette_12-300x200.jpg 300w, https:\/\/www.oliver-kilb.de\/www\/wp-content\/uploads\/2015\/08\/Toni-Lenz_Huette_12-768x512.jpg 768w\" sizes=\"auto, (max-width: 1200px) 100vw, 1200px\" \/><\/figure>\n\n\n\n<figure class=\"wp-block-image size-large\"><img loading=\"lazy\" decoding=\"async\" width=\"600\" height=\"800\" data-id=\"30206\" src=\"https:\/\/www.oliver-kilb.de\/www\/wp-content\/uploads\/2015\/08\/Untersberg_OK_031.jpg\" alt=\"\" class=\"wp-image-30206\" srcset=\"https:\/\/www.oliver-kilb.de\/www\/wp-content\/uploads\/2015\/08\/Untersberg_OK_031.jpg 600w, https:\/\/www.oliver-kilb.de\/www\/wp-content\/uploads\/2015\/08\/Untersberg_OK_031-375x500.jpg 375w, https:\/\/www.oliver-kilb.de\/www\/wp-content\/uploads\/2015\/08\/Untersberg_OK_031-225x300.jpg 225w\" sizes=\"auto, (max-width: 600px) 100vw, 600px\" \/><\/figure>\n\n\n\n<figure class=\"wp-block-image size-large\"><img loading=\"lazy\" decoding=\"async\" width=\"1200\" height=\"900\" data-id=\"30209\" src=\"https:\/\/www.oliver-kilb.de\/www\/wp-content\/uploads\/2015\/08\/Untersberg_OK_033.jpg\" alt=\"\" class=\"wp-image-30209\" srcset=\"https:\/\/www.oliver-kilb.de\/www\/wp-content\/uploads\/2015\/08\/Untersberg_OK_033.jpg 1200w, https:\/\/www.oliver-kilb.de\/www\/wp-content\/uploads\/2015\/08\/Untersberg_OK_033-500x375.jpg 500w, https:\/\/www.oliver-kilb.de\/www\/wp-content\/uploads\/2015\/08\/Untersberg_OK_033-300x225.jpg 300w, https:\/\/www.oliver-kilb.de\/www\/wp-content\/uploads\/2015\/08\/Untersberg_OK_033-768x576.jpg 768w\" sizes=\"auto, (max-width: 1200px) 100vw, 1200px\" \/><\/figure>\n\n\n\n<figure class=\"wp-block-image size-large\"><img loading=\"lazy\" decoding=\"async\" width=\"1200\" height=\"900\" data-id=\"30210\" src=\"https:\/\/www.oliver-kilb.de\/www\/wp-content\/uploads\/2015\/08\/Untersberg_OK_035.jpg\" alt=\"\" class=\"wp-image-30210\" srcset=\"https:\/\/www.oliver-kilb.de\/www\/wp-content\/uploads\/2015\/08\/Untersberg_OK_035.jpg 1200w, https:\/\/www.oliver-kilb.de\/www\/wp-content\/uploads\/2015\/08\/Untersberg_OK_035-500x375.jpg 500w, https:\/\/www.oliver-kilb.de\/www\/wp-content\/uploads\/2015\/08\/Untersberg_OK_035-300x225.jpg 300w, https:\/\/www.oliver-kilb.de\/www\/wp-content\/uploads\/2015\/08\/Untersberg_OK_035-768x576.jpg 768w\" sizes=\"auto, (max-width: 1200px) 100vw, 1200px\" \/><\/figure>\n\n\n\n<figure class=\"wp-block-image size-large\"><img loading=\"lazy\" decoding=\"async\" width=\"1200\" height=\"900\" data-id=\"30211\" src=\"https:\/\/www.oliver-kilb.de\/www\/wp-content\/uploads\/2015\/08\/Untersberg_OK_036.jpg\" alt=\"\" class=\"wp-image-30211\" srcset=\"https:\/\/www.oliver-kilb.de\/www\/wp-content\/uploads\/2015\/08\/Untersberg_OK_036.jpg 1200w, https:\/\/www.oliver-kilb.de\/www\/wp-content\/uploads\/2015\/08\/Untersberg_OK_036-500x375.jpg 500w, https:\/\/www.oliver-kilb.de\/www\/wp-content\/uploads\/2015\/08\/Untersberg_OK_036-300x225.jpg 300w, https:\/\/www.oliver-kilb.de\/www\/wp-content\/uploads\/2015\/08\/Untersberg_OK_036-768x576.jpg 768w\" sizes=\"auto, (max-width: 1200px) 100vw, 1200px\" \/><\/figure>\n\n\n\n<figure class=\"wp-block-image size-large\"><img loading=\"lazy\" decoding=\"async\" width=\"1200\" height=\"900\" data-id=\"30208\" src=\"https:\/\/www.oliver-kilb.de\/www\/wp-content\/uploads\/2015\/08\/Untersberg_OK_037.jpg\" alt=\"\" class=\"wp-image-30208\" srcset=\"https:\/\/www.oliver-kilb.de\/www\/wp-content\/uploads\/2015\/08\/Untersberg_OK_037.jpg 1200w, https:\/\/www.oliver-kilb.de\/www\/wp-content\/uploads\/2015\/08\/Untersberg_OK_037-500x375.jpg 500w, https:\/\/www.oliver-kilb.de\/www\/wp-content\/uploads\/2015\/08\/Untersberg_OK_037-300x225.jpg 300w, https:\/\/www.oliver-kilb.de\/www\/wp-content\/uploads\/2015\/08\/Untersberg_OK_037-768x576.jpg 768w\" sizes=\"auto, (max-width: 1200px) 100vw, 1200px\" \/><\/figure>\n\n\n\n<figure class=\"wp-block-image size-large\"><img loading=\"lazy\" decoding=\"async\" width=\"1200\" height=\"900\" data-id=\"30213\" src=\"https:\/\/www.oliver-kilb.de\/www\/wp-content\/uploads\/2015\/08\/Untersberg_OK_038.jpg\" alt=\"\" class=\"wp-image-30213\" srcset=\"https:\/\/www.oliver-kilb.de\/www\/wp-content\/uploads\/2015\/08\/Untersberg_OK_038.jpg 1200w, https:\/\/www.oliver-kilb.de\/www\/wp-content\/uploads\/2015\/08\/Untersberg_OK_038-500x375.jpg 500w, https:\/\/www.oliver-kilb.de\/www\/wp-content\/uploads\/2015\/08\/Untersberg_OK_038-300x225.jpg 300w, https:\/\/www.oliver-kilb.de\/www\/wp-content\/uploads\/2015\/08\/Untersberg_OK_038-768x576.jpg 768w\" sizes=\"auto, (max-width: 1200px) 100vw, 1200px\" \/><\/figure>\n\n\n\n<figure class=\"wp-block-image size-large\"><img loading=\"lazy\" decoding=\"async\" width=\"1200\" height=\"900\" data-id=\"30212\" src=\"https:\/\/www.oliver-kilb.de\/www\/wp-content\/uploads\/2015\/08\/Untersberg_OK_039.jpg\" alt=\"\" class=\"wp-image-30212\" srcset=\"https:\/\/www.oliver-kilb.de\/www\/wp-content\/uploads\/2015\/08\/Untersberg_OK_039.jpg 1200w, https:\/\/www.oliver-kilb.de\/www\/wp-content\/uploads\/2015\/08\/Untersberg_OK_039-500x375.jpg 500w, https:\/\/www.oliver-kilb.de\/www\/wp-content\/uploads\/2015\/08\/Untersberg_OK_039-300x225.jpg 300w, https:\/\/www.oliver-kilb.de\/www\/wp-content\/uploads\/2015\/08\/Untersberg_OK_039-768x576.jpg 768w\" sizes=\"auto, (max-width: 1200px) 100vw, 1200px\" \/><\/figure>\n\n\n\n<figure class=\"wp-block-image size-large\"><img loading=\"lazy\" decoding=\"async\" width=\"1200\" height=\"900\" data-id=\"30216\" src=\"https:\/\/www.oliver-kilb.de\/www\/wp-content\/uploads\/2015\/08\/Untersberg_OK_040.jpg\" alt=\"\" class=\"wp-image-30216\" srcset=\"https:\/\/www.oliver-kilb.de\/www\/wp-content\/uploads\/2015\/08\/Untersberg_OK_040.jpg 1200w, https:\/\/www.oliver-kilb.de\/www\/wp-content\/uploads\/2015\/08\/Untersberg_OK_040-500x375.jpg 500w, https:\/\/www.oliver-kilb.de\/www\/wp-content\/uploads\/2015\/08\/Untersberg_OK_040-300x225.jpg 300w, https:\/\/www.oliver-kilb.de\/www\/wp-content\/uploads\/2015\/08\/Untersberg_OK_040-768x576.jpg 768w\" sizes=\"auto, (max-width: 1200px) 100vw, 1200px\" \/><\/figure>\n\n\n\n<figure class=\"wp-block-image size-large\"><img loading=\"lazy\" decoding=\"async\" width=\"1200\" height=\"900\" data-id=\"30217\" src=\"https:\/\/www.oliver-kilb.de\/www\/wp-content\/uploads\/2015\/08\/Untersberg_OK_041.jpg\" alt=\"\" class=\"wp-image-30217\" srcset=\"https:\/\/www.oliver-kilb.de\/www\/wp-content\/uploads\/2015\/08\/Untersberg_OK_041.jpg 1200w, https:\/\/www.oliver-kilb.de\/www\/wp-content\/uploads\/2015\/08\/Untersberg_OK_041-500x375.jpg 500w, https:\/\/www.oliver-kilb.de\/www\/wp-content\/uploads\/2015\/08\/Untersberg_OK_041-300x225.jpg 300w, https:\/\/www.oliver-kilb.de\/www\/wp-content\/uploads\/2015\/08\/Untersberg_OK_041-768x576.jpg 768w\" sizes=\"auto, (max-width: 1200px) 100vw, 1200px\" \/><\/figure>\n\n\n\n<figure class=\"wp-block-image size-large\"><img loading=\"lazy\" decoding=\"async\" width=\"1200\" height=\"900\" data-id=\"30214\" src=\"https:\/\/www.oliver-kilb.de\/www\/wp-content\/uploads\/2015\/08\/Untersberg_OK_042.jpg\" alt=\"\" class=\"wp-image-30214\" srcset=\"https:\/\/www.oliver-kilb.de\/www\/wp-content\/uploads\/2015\/08\/Untersberg_OK_042.jpg 1200w, https:\/\/www.oliver-kilb.de\/www\/wp-content\/uploads\/2015\/08\/Untersberg_OK_042-500x375.jpg 500w, https:\/\/www.oliver-kilb.de\/www\/wp-content\/uploads\/2015\/08\/Untersberg_OK_042-300x225.jpg 300w, https:\/\/www.oliver-kilb.de\/www\/wp-content\/uploads\/2015\/08\/Untersberg_OK_042-768x576.jpg 768w\" sizes=\"auto, (max-width: 1200px) 100vw, 1200px\" \/><\/figure>\n\n\n\n<figure class=\"wp-block-image size-large\"><img loading=\"lazy\" decoding=\"async\" width=\"1200\" height=\"900\" data-id=\"30215\" src=\"https:\/\/www.oliver-kilb.de\/www\/wp-content\/uploads\/2015\/08\/Untersberg_OK_043.jpg\" alt=\"\" class=\"wp-image-30215\" srcset=\"https:\/\/www.oliver-kilb.de\/www\/wp-content\/uploads\/2015\/08\/Untersberg_OK_043.jpg 1200w, https:\/\/www.oliver-kilb.de\/www\/wp-content\/uploads\/2015\/08\/Untersberg_OK_043-500x375.jpg 500w, https:\/\/www.oliver-kilb.de\/www\/wp-content\/uploads\/2015\/08\/Untersberg_OK_043-300x225.jpg 300w, https:\/\/www.oliver-kilb.de\/www\/wp-content\/uploads\/2015\/08\/Untersberg_OK_043-768x576.jpg 768w\" sizes=\"auto, (max-width: 1200px) 100vw, 1200px\" \/><\/figure>\n<\/figure>\n\n\n\n<h2 class=\"wp-block-heading\">Teil 3: Der Thomas-Eder Steig.<\/h2>\n\n\n<div class=\"wp-block-image\">\n<figure class=\"alignleft size-full is-resized\"><a href=\"https:\/\/www.oliver-kilb.de\/www\/wp-content\/uploads\/2015\/08\/Untersberg_OK_048.jpg\"><img loading=\"lazy\" decoding=\"async\" width=\"1200\" height=\"900\" src=\"https:\/\/www.oliver-kilb.de\/www\/wp-content\/uploads\/2015\/08\/Untersberg_OK_048.jpg\" alt=\"\" class=\"wp-image-30218\" style=\"width:300px\" srcset=\"https:\/\/www.oliver-kilb.de\/www\/wp-content\/uploads\/2015\/08\/Untersberg_OK_048.jpg 1200w, https:\/\/www.oliver-kilb.de\/www\/wp-content\/uploads\/2015\/08\/Untersberg_OK_048-500x375.jpg 500w, https:\/\/www.oliver-kilb.de\/www\/wp-content\/uploads\/2015\/08\/Untersberg_OK_048-300x225.jpg 300w, https:\/\/www.oliver-kilb.de\/www\/wp-content\/uploads\/2015\/08\/Untersberg_OK_048-768x576.jpg 768w\" sizes=\"auto, (max-width: 1200px) 100vw, 1200px\" \/><\/a><figcaption class=\"wp-element-caption\">Der Thomas-Eder Steig am Untersberg.<\/figcaption><\/figure>\n<\/div>\n\n\n<p>Ein Wort vorweg: Der Thomas-Eder Steig sollte nur von trittsicheren, schwindelfreien\u00a0Wanderern mit gutem Schuhwerk begangen werden. Zwar gibt es wesentlich ausgesetztere und gef\u00e4hrlichere Steige in den Alpen, aber ein Fehltritt, gefolgt von Absturz, w\u00fcrde hier wohl den ziemlich sicheren Tod bedeuten &#8211; man sieht es ja auf den Bildern, wo sich der Steig befindet. <\/p>\n\n\n\n<p>Der Grund, warum ich das hier erw\u00e4hne: Wer sich den langen Anstieg zur Schellenberger Eish\u00f6hle sparen m\u00f6chte, kann \u00fcber die Untersbergbahn auf den Gipfel fahren und dann nur noch &#8222;bergab wandern&#8220;. Gerade unge\u00fcbte Wanderer denken leider immer wieder &#8222;Runter kommen sie alle!&#8220; und blenden aus, dass auch bzw. gerade der Abstieg sehr fordernd werden kann. <\/p>\n\n\n\n<p>Auch wird oft untersch\u00e4tzt, dass auch ein Berg von &#8222;nur&#8220; ca. 1.850m H\u00f6he durchaus schon alpine Anforderungen stellen kann.<\/p>\n\n\n<div class=\"wp-block-image\">\n<figure class=\"alignright size-full is-resized\"><a href=\"https:\/\/www.oliver-kilb.de\/www\/wp-content\/uploads\/2015\/08\/Thomas-Eder_Steig_05.jpg\"><img loading=\"lazy\" decoding=\"async\" width=\"1200\" height=\"800\" src=\"https:\/\/www.oliver-kilb.de\/www\/wp-content\/uploads\/2015\/08\/Thomas-Eder_Steig_05.jpg\" alt=\"\" class=\"wp-image-30219\" style=\"width:300px\" srcset=\"https:\/\/www.oliver-kilb.de\/www\/wp-content\/uploads\/2015\/08\/Thomas-Eder_Steig_05.jpg 1200w, https:\/\/www.oliver-kilb.de\/www\/wp-content\/uploads\/2015\/08\/Thomas-Eder_Steig_05-500x333.jpg 500w, https:\/\/www.oliver-kilb.de\/www\/wp-content\/uploads\/2015\/08\/Thomas-Eder_Steig_05-300x200.jpg 300w, https:\/\/www.oliver-kilb.de\/www\/wp-content\/uploads\/2015\/08\/Thomas-Eder_Steig_05-768x512.jpg 768w\" sizes=\"auto, (max-width: 1200px) 100vw, 1200px\" \/><\/a><figcaption class=\"wp-element-caption\">Blick auf den Thomas-Eder Steig am Untersberg.<\/figcaption><\/figure>\n<\/div>\n\n\n<p>Auf meinem Weg &#8222;nach oben&#8220; und bis zur Untersbergbahn sind mir auch entsprechend viele Wanderer begegnet, f\u00fcr die der Thomas-Eder Steig vielleicht ein wenig zu viel des Guten war. Ich wurde auch regelm\u00e4\u00dfig gefragt, wie lange sie noch wandern m\u00fcssten, bis der Steig zu Ende ist. <\/p>\n\n\n\n<p>Und wer, vom Gipfel kommend, schon an dieser Stelle ist und Probleme bekommt, f\u00fcr den wird wohl auch der R\u00fcckweg nicht einfach sein, denn dann geht es \u00fcber 2 Stunden wieder meistens bergauf.<\/p>\n\n\n<div class=\"wp-block-image\">\n<figure class=\"alignleft size-full is-resized\"><a href=\"https:\/\/www.oliver-kilb.de\/www\/wp-content\/uploads\/2015\/08\/Untersberg_OK_047.jpg\"><img loading=\"lazy\" decoding=\"async\" width=\"1200\" height=\"900\" src=\"https:\/\/www.oliver-kilb.de\/www\/wp-content\/uploads\/2015\/08\/Untersberg_OK_047.jpg\" alt=\"\" class=\"wp-image-30220\" style=\"width:300px\" srcset=\"https:\/\/www.oliver-kilb.de\/www\/wp-content\/uploads\/2015\/08\/Untersberg_OK_047.jpg 1200w, https:\/\/www.oliver-kilb.de\/www\/wp-content\/uploads\/2015\/08\/Untersberg_OK_047-500x375.jpg 500w, https:\/\/www.oliver-kilb.de\/www\/wp-content\/uploads\/2015\/08\/Untersberg_OK_047-300x225.jpg 300w, https:\/\/www.oliver-kilb.de\/www\/wp-content\/uploads\/2015\/08\/Untersberg_OK_047-768x576.jpg 768w\" sizes=\"auto, (max-width: 1200px) 100vw, 1200px\" \/><\/a><figcaption class=\"wp-element-caption\">Der Thomas-Eder Steig am Untersberg. Nur einseitig gesicherte Stufen!<\/figcaption><\/figure>\n<\/div>\n\n\n<p>Der Thomas-Eder Steig ist die meiste Zeit direkt in den Fels hineingehauen bzw. gesprengt und mit Hilfe von Leitern, die als Treppen fungieren, begehbar gemacht worden. Gef\u00e4hrliche Stellen sind mit einem Seil gesichert, aber man sollte sich dar\u00fcber im Klaren sein, dass man konzentriert sein muss. Besonders bei entgegenkommenden Wanderern sollte man die \u00fcbliche H\u00f6flichkeit unter Wanderern in den Bergen beachten und nicht dr\u00e4ngeln, gerade bei Stellen, bei denen die Talseite ungesichert ist.<\/p>\n\n\n<div class=\"wp-block-image\">\n<figure class=\"alignright size-full is-resized\"><a href=\"https:\/\/www.oliver-kilb.de\/www\/wp-content\/uploads\/2015\/08\/Untersberg_OK_049.jpg\"><img loading=\"lazy\" decoding=\"async\" width=\"1200\" height=\"900\" src=\"https:\/\/www.oliver-kilb.de\/www\/wp-content\/uploads\/2015\/08\/Untersberg_OK_049.jpg\" alt=\"\" class=\"wp-image-30221\" style=\"width:300px\" srcset=\"https:\/\/www.oliver-kilb.de\/www\/wp-content\/uploads\/2015\/08\/Untersberg_OK_049.jpg 1200w, https:\/\/www.oliver-kilb.de\/www\/wp-content\/uploads\/2015\/08\/Untersberg_OK_049-500x375.jpg 500w, https:\/\/www.oliver-kilb.de\/www\/wp-content\/uploads\/2015\/08\/Untersberg_OK_049-300x225.jpg 300w, https:\/\/www.oliver-kilb.de\/www\/wp-content\/uploads\/2015\/08\/Untersberg_OK_049-768x576.jpg 768w\" sizes=\"auto, (max-width: 1200px) 100vw, 1200px\" \/><\/a><figcaption class=\"wp-element-caption\">Der Thomas-Eder Steig am Untersberg.<\/figcaption><\/figure>\n<\/div>\n\n\n<p><em>&#8222;Wir gewinnen schnell an H\u00f6he und erreichen kurz darauf das Ende des Thomas-Eder Steigs.&#8220;<\/em> Wie ich diese S\u00e4tze in Wanderf\u00fchrern gleichzeitig liebe und hasse, denn sie umschreiben in wundersch\u00f6nem Euphemismus die Tatsache, dass der Steig sehr steil ist und man die H\u00f6he nur mit Hilfe der (ungez\u00e4hlten) Treppenstufen \u00fcberwindet. Nur an wenigen Stellen ist ausreichend Platz f\u00fcr gr\u00f6\u00dfere Wandergruppen, um eine kurze Verschnaufpause einzulegen. Aber genauso abrupt, wie der Steig begonnen hat, h\u00f6rt er auch auf, und wir sind ungef\u00e4hr 150 H\u00f6henmeter h\u00f6her in der Mittagsscharte angekommen. Bevor der letzte Teil der Wanderung beginnt (zum Salzburger Hochthron und zur Untersbergbahn), noch ein paar Fotos und ein YouTube-Film vom Steig.<\/p>\n\n\n\n<figure class=\"wp-block-gallery has-nested-images columns-6 is-cropped wp-block-gallery-3 is-layout-flex wp-block-gallery-is-layout-flex\">\n<figure class=\"wp-block-image size-large\"><img loading=\"lazy\" decoding=\"async\" width=\"1200\" height=\"800\" data-id=\"30226\" src=\"https:\/\/www.oliver-kilb.de\/www\/wp-content\/uploads\/2015\/08\/Thomas-Eder_Steig_02.jpg\" alt=\"\" class=\"wp-image-30226\" srcset=\"https:\/\/www.oliver-kilb.de\/www\/wp-content\/uploads\/2015\/08\/Thomas-Eder_Steig_02.jpg 1200w, https:\/\/www.oliver-kilb.de\/www\/wp-content\/uploads\/2015\/08\/Thomas-Eder_Steig_02-500x333.jpg 500w, https:\/\/www.oliver-kilb.de\/www\/wp-content\/uploads\/2015\/08\/Thomas-Eder_Steig_02-300x200.jpg 300w, https:\/\/www.oliver-kilb.de\/www\/wp-content\/uploads\/2015\/08\/Thomas-Eder_Steig_02-768x512.jpg 768w\" sizes=\"auto, (max-width: 1200px) 100vw, 1200px\" \/><\/figure>\n\n\n\n<figure class=\"wp-block-image size-large\"><img loading=\"lazy\" decoding=\"async\" width=\"1200\" height=\"800\" data-id=\"30222\" src=\"https:\/\/www.oliver-kilb.de\/www\/wp-content\/uploads\/2015\/08\/Thomas-Eder_Steig_03.jpg\" alt=\"\" class=\"wp-image-30222\" srcset=\"https:\/\/www.oliver-kilb.de\/www\/wp-content\/uploads\/2015\/08\/Thomas-Eder_Steig_03.jpg 1200w, https:\/\/www.oliver-kilb.de\/www\/wp-content\/uploads\/2015\/08\/Thomas-Eder_Steig_03-500x333.jpg 500w, https:\/\/www.oliver-kilb.de\/www\/wp-content\/uploads\/2015\/08\/Thomas-Eder_Steig_03-300x200.jpg 300w, https:\/\/www.oliver-kilb.de\/www\/wp-content\/uploads\/2015\/08\/Thomas-Eder_Steig_03-768x512.jpg 768w\" sizes=\"auto, (max-width: 1200px) 100vw, 1200px\" \/><\/figure>\n\n\n\n<figure class=\"wp-block-image size-large\"><img loading=\"lazy\" decoding=\"async\" width=\"1200\" height=\"800\" data-id=\"30227\" src=\"https:\/\/www.oliver-kilb.de\/www\/wp-content\/uploads\/2015\/08\/Thomas-Eder_Steig_04.jpg\" alt=\"\" class=\"wp-image-30227\" srcset=\"https:\/\/www.oliver-kilb.de\/www\/wp-content\/uploads\/2015\/08\/Thomas-Eder_Steig_04.jpg 1200w, https:\/\/www.oliver-kilb.de\/www\/wp-content\/uploads\/2015\/08\/Thomas-Eder_Steig_04-500x333.jpg 500w, https:\/\/www.oliver-kilb.de\/www\/wp-content\/uploads\/2015\/08\/Thomas-Eder_Steig_04-300x200.jpg 300w, https:\/\/www.oliver-kilb.de\/www\/wp-content\/uploads\/2015\/08\/Thomas-Eder_Steig_04-768x512.jpg 768w\" sizes=\"auto, (max-width: 1200px) 100vw, 1200px\" \/><\/figure>\n\n\n\n<figure class=\"wp-block-image size-large\"><img loading=\"lazy\" decoding=\"async\" width=\"1200\" height=\"800\" data-id=\"30225\" src=\"https:\/\/www.oliver-kilb.de\/www\/wp-content\/uploads\/2015\/08\/Thomas-Eder_Steig_06.jpg\" alt=\"\" class=\"wp-image-30225\" srcset=\"https:\/\/www.oliver-kilb.de\/www\/wp-content\/uploads\/2015\/08\/Thomas-Eder_Steig_06.jpg 1200w, https:\/\/www.oliver-kilb.de\/www\/wp-content\/uploads\/2015\/08\/Thomas-Eder_Steig_06-500x333.jpg 500w, https:\/\/www.oliver-kilb.de\/www\/wp-content\/uploads\/2015\/08\/Thomas-Eder_Steig_06-300x200.jpg 300w, https:\/\/www.oliver-kilb.de\/www\/wp-content\/uploads\/2015\/08\/Thomas-Eder_Steig_06-768x512.jpg 768w\" sizes=\"auto, (max-width: 1200px) 100vw, 1200px\" \/><\/figure>\n\n\n\n<figure class=\"wp-block-image size-large\"><img loading=\"lazy\" decoding=\"async\" width=\"1200\" height=\"800\" data-id=\"30235\" src=\"https:\/\/www.oliver-kilb.de\/www\/wp-content\/uploads\/2015\/08\/Thomas-Eder_Steig_13.jpg\" alt=\"\" class=\"wp-image-30235\" srcset=\"https:\/\/www.oliver-kilb.de\/www\/wp-content\/uploads\/2015\/08\/Thomas-Eder_Steig_13.jpg 1200w, https:\/\/www.oliver-kilb.de\/www\/wp-content\/uploads\/2015\/08\/Thomas-Eder_Steig_13-500x333.jpg 500w, https:\/\/www.oliver-kilb.de\/www\/wp-content\/uploads\/2015\/08\/Thomas-Eder_Steig_13-300x200.jpg 300w, https:\/\/www.oliver-kilb.de\/www\/wp-content\/uploads\/2015\/08\/Thomas-Eder_Steig_13-768x512.jpg 768w\" sizes=\"auto, (max-width: 1200px) 100vw, 1200px\" \/><\/figure>\n\n\n\n<figure class=\"wp-block-image size-large\"><img loading=\"lazy\" decoding=\"async\" width=\"1200\" height=\"800\" data-id=\"30231\" src=\"https:\/\/www.oliver-kilb.de\/www\/wp-content\/uploads\/2015\/08\/Thomas-Eder_Steig_18.jpg\" alt=\"\" class=\"wp-image-30231\" srcset=\"https:\/\/www.oliver-kilb.de\/www\/wp-content\/uploads\/2015\/08\/Thomas-Eder_Steig_18.jpg 1200w, https:\/\/www.oliver-kilb.de\/www\/wp-content\/uploads\/2015\/08\/Thomas-Eder_Steig_18-500x333.jpg 500w, https:\/\/www.oliver-kilb.de\/www\/wp-content\/uploads\/2015\/08\/Thomas-Eder_Steig_18-300x200.jpg 300w, https:\/\/www.oliver-kilb.de\/www\/wp-content\/uploads\/2015\/08\/Thomas-Eder_Steig_18-768x512.jpg 768w\" sizes=\"auto, (max-width: 1200px) 100vw, 1200px\" \/><\/figure>\n\n\n\n<figure class=\"wp-block-image size-large\"><img loading=\"lazy\" decoding=\"async\" width=\"1200\" height=\"800\" data-id=\"30224\" src=\"https:\/\/www.oliver-kilb.de\/www\/wp-content\/uploads\/2015\/08\/Thomas-Eder_Steig_19.jpg\" alt=\"\" class=\"wp-image-30224\" srcset=\"https:\/\/www.oliver-kilb.de\/www\/wp-content\/uploads\/2015\/08\/Thomas-Eder_Steig_19.jpg 1200w, https:\/\/www.oliver-kilb.de\/www\/wp-content\/uploads\/2015\/08\/Thomas-Eder_Steig_19-500x333.jpg 500w, https:\/\/www.oliver-kilb.de\/www\/wp-content\/uploads\/2015\/08\/Thomas-Eder_Steig_19-300x200.jpg 300w, https:\/\/www.oliver-kilb.de\/www\/wp-content\/uploads\/2015\/08\/Thomas-Eder_Steig_19-768x512.jpg 768w\" sizes=\"auto, (max-width: 1200px) 100vw, 1200px\" \/><\/figure>\n\n\n\n<figure class=\"wp-block-image size-large\"><img loading=\"lazy\" decoding=\"async\" width=\"533\" height=\"800\" data-id=\"30228\" src=\"https:\/\/www.oliver-kilb.de\/www\/wp-content\/uploads\/2015\/08\/Thomas-Eder_Steig_21.jpg\" alt=\"\" class=\"wp-image-30228\" srcset=\"https:\/\/www.oliver-kilb.de\/www\/wp-content\/uploads\/2015\/08\/Thomas-Eder_Steig_21.jpg 533w, https:\/\/www.oliver-kilb.de\/www\/wp-content\/uploads\/2015\/08\/Thomas-Eder_Steig_21-333x500.jpg 333w, https:\/\/www.oliver-kilb.de\/www\/wp-content\/uploads\/2015\/08\/Thomas-Eder_Steig_21-200x300.jpg 200w\" sizes=\"auto, (max-width: 533px) 100vw, 533px\" \/><\/figure>\n\n\n\n<figure class=\"wp-block-image size-large\"><img loading=\"lazy\" decoding=\"async\" width=\"1200\" height=\"900\" data-id=\"30238\" src=\"https:\/\/www.oliver-kilb.de\/www\/wp-content\/uploads\/2015\/08\/Untersberg_OK_044.jpg\" alt=\"\" class=\"wp-image-30238\" srcset=\"https:\/\/www.oliver-kilb.de\/www\/wp-content\/uploads\/2015\/08\/Untersberg_OK_044.jpg 1200w, https:\/\/www.oliver-kilb.de\/www\/wp-content\/uploads\/2015\/08\/Untersberg_OK_044-500x375.jpg 500w, https:\/\/www.oliver-kilb.de\/www\/wp-content\/uploads\/2015\/08\/Untersberg_OK_044-300x225.jpg 300w, https:\/\/www.oliver-kilb.de\/www\/wp-content\/uploads\/2015\/08\/Untersberg_OK_044-768x576.jpg 768w\" sizes=\"auto, (max-width: 1200px) 100vw, 1200px\" \/><\/figure>\n\n\n\n<figure class=\"wp-block-image size-large\"><img loading=\"lazy\" decoding=\"async\" width=\"1200\" height=\"900\" data-id=\"30232\" src=\"https:\/\/www.oliver-kilb.de\/www\/wp-content\/uploads\/2015\/08\/Untersberg_OK_045.jpg\" alt=\"\" class=\"wp-image-30232\" srcset=\"https:\/\/www.oliver-kilb.de\/www\/wp-content\/uploads\/2015\/08\/Untersberg_OK_045.jpg 1200w, https:\/\/www.oliver-kilb.de\/www\/wp-content\/uploads\/2015\/08\/Untersberg_OK_045-500x375.jpg 500w, https:\/\/www.oliver-kilb.de\/www\/wp-content\/uploads\/2015\/08\/Untersberg_OK_045-300x225.jpg 300w, https:\/\/www.oliver-kilb.de\/www\/wp-content\/uploads\/2015\/08\/Untersberg_OK_045-768x576.jpg 768w\" sizes=\"auto, (max-width: 1200px) 100vw, 1200px\" \/><\/figure>\n\n\n\n<figure class=\"wp-block-image size-large\"><img loading=\"lazy\" decoding=\"async\" width=\"1200\" height=\"900\" data-id=\"30233\" src=\"https:\/\/www.oliver-kilb.de\/www\/wp-content\/uploads\/2015\/08\/Untersberg_OK_046.jpg\" alt=\"\" class=\"wp-image-30233\" srcset=\"https:\/\/www.oliver-kilb.de\/www\/wp-content\/uploads\/2015\/08\/Untersberg_OK_046.jpg 1200w, https:\/\/www.oliver-kilb.de\/www\/wp-content\/uploads\/2015\/08\/Untersberg_OK_046-500x375.jpg 500w, https:\/\/www.oliver-kilb.de\/www\/wp-content\/uploads\/2015\/08\/Untersberg_OK_046-300x225.jpg 300w, https:\/\/www.oliver-kilb.de\/www\/wp-content\/uploads\/2015\/08\/Untersberg_OK_046-768x576.jpg 768w\" sizes=\"auto, (max-width: 1200px) 100vw, 1200px\" \/><\/figure>\n\n\n\n<figure class=\"wp-block-image size-large\"><img loading=\"lazy\" decoding=\"async\" width=\"1200\" height=\"900\" data-id=\"30223\" src=\"https:\/\/www.oliver-kilb.de\/www\/wp-content\/uploads\/2015\/08\/Untersberg_OK_051.jpg\" alt=\"\" class=\"wp-image-30223\" srcset=\"https:\/\/www.oliver-kilb.de\/www\/wp-content\/uploads\/2015\/08\/Untersberg_OK_051.jpg 1200w, https:\/\/www.oliver-kilb.de\/www\/wp-content\/uploads\/2015\/08\/Untersberg_OK_051-500x375.jpg 500w, https:\/\/www.oliver-kilb.de\/www\/wp-content\/uploads\/2015\/08\/Untersberg_OK_051-300x225.jpg 300w, https:\/\/www.oliver-kilb.de\/www\/wp-content\/uploads\/2015\/08\/Untersberg_OK_051-768x576.jpg 768w\" sizes=\"auto, (max-width: 1200px) 100vw, 1200px\" \/><\/figure>\n\n\n\n<figure class=\"wp-block-image size-large\"><img loading=\"lazy\" decoding=\"async\" width=\"1200\" height=\"900\" data-id=\"30234\" src=\"https:\/\/www.oliver-kilb.de\/www\/wp-content\/uploads\/2015\/08\/Untersberg_OK_052.jpg\" alt=\"\" class=\"wp-image-30234\" srcset=\"https:\/\/www.oliver-kilb.de\/www\/wp-content\/uploads\/2015\/08\/Untersberg_OK_052.jpg 1200w, https:\/\/www.oliver-kilb.de\/www\/wp-content\/uploads\/2015\/08\/Untersberg_OK_052-500x375.jpg 500w, https:\/\/www.oliver-kilb.de\/www\/wp-content\/uploads\/2015\/08\/Untersberg_OK_052-300x225.jpg 300w, https:\/\/www.oliver-kilb.de\/www\/wp-content\/uploads\/2015\/08\/Untersberg_OK_052-768x576.jpg 768w\" sizes=\"auto, (max-width: 1200px) 100vw, 1200px\" \/><\/figure>\n\n\n\n<figure class=\"wp-block-image size-large\"><img loading=\"lazy\" decoding=\"async\" width=\"600\" height=\"800\" data-id=\"30230\" src=\"https:\/\/www.oliver-kilb.de\/www\/wp-content\/uploads\/2015\/08\/Untersberg_OK_053.jpg\" alt=\"\" class=\"wp-image-30230\" srcset=\"https:\/\/www.oliver-kilb.de\/www\/wp-content\/uploads\/2015\/08\/Untersberg_OK_053.jpg 600w, https:\/\/www.oliver-kilb.de\/www\/wp-content\/uploads\/2015\/08\/Untersberg_OK_053-375x500.jpg 375w, https:\/\/www.oliver-kilb.de\/www\/wp-content\/uploads\/2015\/08\/Untersberg_OK_053-225x300.jpg 225w\" sizes=\"auto, (max-width: 600px) 100vw, 600px\" \/><\/figure>\n\n\n\n<figure class=\"wp-block-image size-large\"><img loading=\"lazy\" decoding=\"async\" width=\"600\" height=\"800\" data-id=\"30229\" src=\"https:\/\/www.oliver-kilb.de\/www\/wp-content\/uploads\/2015\/08\/Untersberg_OK_054.jpg\" alt=\"\" class=\"wp-image-30229\" srcset=\"https:\/\/www.oliver-kilb.de\/www\/wp-content\/uploads\/2015\/08\/Untersberg_OK_054.jpg 600w, https:\/\/www.oliver-kilb.de\/www\/wp-content\/uploads\/2015\/08\/Untersberg_OK_054-375x500.jpg 375w, https:\/\/www.oliver-kilb.de\/www\/wp-content\/uploads\/2015\/08\/Untersberg_OK_054-225x300.jpg 225w\" sizes=\"auto, (max-width: 600px) 100vw, 600px\" \/><\/figure>\n\n\n\n<figure class=\"wp-block-image size-large\"><img loading=\"lazy\" decoding=\"async\" width=\"1200\" height=\"900\" data-id=\"30236\" src=\"https:\/\/www.oliver-kilb.de\/www\/wp-content\/uploads\/2015\/08\/Untersberg_OK_055.jpg\" alt=\"\" class=\"wp-image-30236\" srcset=\"https:\/\/www.oliver-kilb.de\/www\/wp-content\/uploads\/2015\/08\/Untersberg_OK_055.jpg 1200w, https:\/\/www.oliver-kilb.de\/www\/wp-content\/uploads\/2015\/08\/Untersberg_OK_055-500x375.jpg 500w, https:\/\/www.oliver-kilb.de\/www\/wp-content\/uploads\/2015\/08\/Untersberg_OK_055-300x225.jpg 300w, https:\/\/www.oliver-kilb.de\/www\/wp-content\/uploads\/2015\/08\/Untersberg_OK_055-768x576.jpg 768w\" sizes=\"auto, (max-width: 1200px) 100vw, 1200px\" \/><\/figure>\n\n\n\n<figure class=\"wp-block-image size-large\"><img loading=\"lazy\" decoding=\"async\" width=\"1200\" height=\"900\" data-id=\"30237\" src=\"https:\/\/www.oliver-kilb.de\/www\/wp-content\/uploads\/2015\/08\/Untersberg_OK_056.jpg\" alt=\"\" class=\"wp-image-30237\" srcset=\"https:\/\/www.oliver-kilb.de\/www\/wp-content\/uploads\/2015\/08\/Untersberg_OK_056.jpg 1200w, https:\/\/www.oliver-kilb.de\/www\/wp-content\/uploads\/2015\/08\/Untersberg_OK_056-500x375.jpg 500w, https:\/\/www.oliver-kilb.de\/www\/wp-content\/uploads\/2015\/08\/Untersberg_OK_056-300x225.jpg 300w, https:\/\/www.oliver-kilb.de\/www\/wp-content\/uploads\/2015\/08\/Untersberg_OK_056-768x576.jpg 768w\" sizes=\"auto, (max-width: 1200px) 100vw, 1200px\" \/><\/figure>\n<\/figure>\n\n\n\n<hr class=\"wp-block-separator has-alpha-channel-opacity\"\/>\n\n\n\n<iframe loading=\"lazy\" width=\"560\" height=\"315\" src=\"https:\/\/www.youtube.com\/embed\/-CXaSpE_lHY?si=CFBHIn-e2PyMepCC\" title=\"YouTube video player\" frameborder=\"0\" allow=\"accelerometer; autoplay; clipboard-write; encrypted-media; gyroscope; picture-in-picture; web-share\" referrerpolicy=\"strict-origin-when-cross-origin\" allowfullscreen><\/iframe>\n\n\n\n<p>(Quelle Video: <a href=\"https:\/\/www.youtube.com\/channel\/UCzyomUTQMlrRo2y7eKjNAiQ\" target=\"_blank\" rel=\"noreferrer noopener\">Andi<\/a>, Thomas-Eder Steig beginnt bei ca. 1:30 Minuten.)<\/p>\n\n\n\n<hr class=\"wp-block-separator has-alpha-channel-opacity\"\/>\n\n\n\n<h2 class=\"wp-block-heading\">Teil 5: Zum Salzburger Hochthron bzw. zur Untersbergbahn.<\/h2>\n\n\n<div class=\"wp-block-image\">\n<figure class=\"alignleft size-full is-resized\"><a href=\"https:\/\/www.oliver-kilb.de\/www\/wp-content\/uploads\/2015\/08\/Untersberg_OK_063.jpg\"><img loading=\"lazy\" decoding=\"async\" width=\"600\" height=\"800\" src=\"https:\/\/www.oliver-kilb.de\/www\/wp-content\/uploads\/2015\/08\/Untersberg_OK_063.jpg\" alt=\"\" class=\"wp-image-30239\" style=\"width:auto;height:300px\" srcset=\"https:\/\/www.oliver-kilb.de\/www\/wp-content\/uploads\/2015\/08\/Untersberg_OK_063.jpg 600w, https:\/\/www.oliver-kilb.de\/www\/wp-content\/uploads\/2015\/08\/Untersberg_OK_063-375x500.jpg 375w, https:\/\/www.oliver-kilb.de\/www\/wp-content\/uploads\/2015\/08\/Untersberg_OK_063-225x300.jpg 225w\" sizes=\"auto, (max-width: 600px) 100vw, 600px\" \/><\/a><figcaption class=\"wp-element-caption\">Auf dem Untersberg, bei der Mittagsscharte.<\/figcaption><\/figure>\n<\/div>\n\n\n<p>In der Mittagsscharte sollte man sich nach den Strapazen des Thomas-Eder Steigs ein wenig ausruhen, denn von hier an sind es nominell nur noch etwa 150 H\u00f6henmeter bis zum Ziel. Und man darf nicht dem ersten Hinweisschild vertrauen, denn bis zur Bergstation sind es keine 45 Minuten, sondern eher 90 Minuten. Damit erspart man sich etwas Frust, denn nach ca. 30 Minuten kommt genau das gleiche Schild &#8211; wieder mit 45 Minuten Wanderzeit! &#8211; erneut.<\/p>\n\n\n\n<p>Die Mittagsscharte liegt zwar in der Sonne, aber dennoch kann man hier ruhig eine kleine Pause machen, denn man kann in inmitten von Latschenbest\u00e4nden Richtung Westen und Osten den Fernblick genie\u00dfen. Au\u00dferdem geht es direkt nach der Weggabelung wieder ohne Unterbrechung bergauf, bis man das Gipfelplateau erreicht hat.<\/p>\n\n\n<div class=\"wp-block-image\">\n<figure class=\"alignright size-full is-resized\"><a href=\"https:\/\/www.oliver-kilb.de\/www\/wp-content\/uploads\/2015\/08\/Untersberg_OK_067.jpg\"><img loading=\"lazy\" decoding=\"async\" width=\"1200\" height=\"900\" src=\"https:\/\/www.oliver-kilb.de\/www\/wp-content\/uploads\/2015\/08\/Untersberg_OK_067.jpg\" alt=\"\" class=\"wp-image-30240\" style=\"width:300px\" srcset=\"https:\/\/www.oliver-kilb.de\/www\/wp-content\/uploads\/2015\/08\/Untersberg_OK_067.jpg 1200w, https:\/\/www.oliver-kilb.de\/www\/wp-content\/uploads\/2015\/08\/Untersberg_OK_067-500x375.jpg 500w, https:\/\/www.oliver-kilb.de\/www\/wp-content\/uploads\/2015\/08\/Untersberg_OK_067-300x225.jpg 300w, https:\/\/www.oliver-kilb.de\/www\/wp-content\/uploads\/2015\/08\/Untersberg_OK_067-768x576.jpg 768w\" sizes=\"auto, (max-width: 1200px) 100vw, 1200px\" \/><\/a><figcaption class=\"wp-element-caption\">Auf dem Untersberg. Im Hintergrund zu sehen: Der Salzburger Hochthron.<\/figcaption><\/figure>\n<\/div>\n\n\n<p>Hat man diese letzte Anstrengung geschafft, kann man schon das letzte Ziel der Wanderung sehen: Den Salzburger Hochthron. Es ist allerdings noch eine ordentliche Strecke, die man zu Fu\u00df gehen muss.<\/p>\n\n\n\n<p>In Summe dauert die Wanderung von der Toni-Lenz-H\u00fctte bis zur Untersbergbahn wieder ungef\u00e4hr 3 Stunden. Damit ist man (ohne Pausen) ungef\u00e4hr 6 Stunden unterwegs. Immer wieder kann man unterwegs links und rechts vom Hauptweg abgehen, um verschiedene Panorama-Pl\u00e4tze aufzusuchen. Aber Achtung: Teilweise steht man direkt vor glatten und ungesicherten Abgr\u00fcnden! Wer ein wenig Forscher spielen m\u00f6chte, kann ja den Eingang zur <a href=\"https:\/\/de.wikipedia.org\/wiki\/Riesending-Schachth\u00f6hle\" target=\"_blank\" rel=\"noreferrer noopener\">Riesending-Schachth\u00f6hle<\/a> suchen&#8230;<\/p>\n\n\n<div class=\"wp-block-image\">\n<figure class=\"alignleft size-full is-resized\"><a href=\"https:\/\/www.oliver-kilb.de\/www\/wp-content\/uploads\/2015\/08\/Untersberg_06.jpg\"><img loading=\"lazy\" decoding=\"async\" width=\"1200\" height=\"800\" src=\"https:\/\/www.oliver-kilb.de\/www\/wp-content\/uploads\/2015\/08\/Untersberg_06.jpg\" alt=\"\" class=\"wp-image-30241\" style=\"width:300px\" srcset=\"https:\/\/www.oliver-kilb.de\/www\/wp-content\/uploads\/2015\/08\/Untersberg_06.jpg 1200w, https:\/\/www.oliver-kilb.de\/www\/wp-content\/uploads\/2015\/08\/Untersberg_06-500x333.jpg 500w, https:\/\/www.oliver-kilb.de\/www\/wp-content\/uploads\/2015\/08\/Untersberg_06-300x200.jpg 300w, https:\/\/www.oliver-kilb.de\/www\/wp-content\/uploads\/2015\/08\/Untersberg_06-768x512.jpg 768w\" sizes=\"auto, (max-width: 1200px) 100vw, 1200px\" \/><\/a><figcaption class=\"wp-element-caption\">Blick vom Salzburger Hochthron zum Watzmann.<\/figcaption><\/figure>\n<\/div>\n\n\n<p>Je n\u00e4her man dem Salzburger Hochthron kommt, umso mehr &#8222;Spazierg\u00e4ngern&#8220; wird man auch begegnen, denn der Weg ist auch mit Stra\u00dfenschuhen oder Turnschuhen gut begehbar. Und kurz vor dem Gipfel durchschneidet eine v\u00f6llig \u00fcberdimensionierte Schotterstra\u00dfe den Gipfel, bei der man sich fragt, wozu diese notwendig sein k\u00f6nnte&#8230; <\/p>\n\n\n\n<p>Vom Hochthron aus ist der Ausblick nat\u00fcrlich wieder toll, und bei gutem Wetter kann man auch den Watzmann erblicken.<\/p>\n\n\n<div class=\"wp-block-image\">\n<figure class=\"aligncenter size-large\"><a href=\"https:\/\/www.oliver-kilb.de\/www\/wp-content\/uploads\/2015\/08\/Untersberg_Pano_01_stitch.jpg\"><img loading=\"lazy\" decoding=\"async\" width=\"2048\" height=\"272\" src=\"https:\/\/www.oliver-kilb.de\/www\/wp-content\/uploads\/2015\/08\/Untersberg_Pano_01_stitch-2048x272.jpg\" alt=\"\" class=\"wp-image-30242\" srcset=\"https:\/\/www.oliver-kilb.de\/www\/wp-content\/uploads\/2015\/08\/Untersberg_Pano_01_stitch-2048x272.jpg 2048w, https:\/\/www.oliver-kilb.de\/www\/wp-content\/uploads\/2015\/08\/Untersberg_Pano_01_stitch-500x66.jpg 500w, https:\/\/www.oliver-kilb.de\/www\/wp-content\/uploads\/2015\/08\/Untersberg_Pano_01_stitch-300x40.jpg 300w, https:\/\/www.oliver-kilb.de\/www\/wp-content\/uploads\/2015\/08\/Untersberg_Pano_01_stitch-768x102.jpg 768w, https:\/\/www.oliver-kilb.de\/www\/wp-content\/uploads\/2015\/08\/Untersberg_Pano_01_stitch-1536x204.jpg 1536w\" sizes=\"auto, (max-width: 2048px) 100vw, 2048px\" \/><\/a><figcaption class=\"wp-element-caption\">360 Grad Panorama vom Salzburger Hochthron.<\/figcaption><\/figure>\n<\/div>\n\n<div class=\"wp-block-image\">\n<figure class=\"alignleft size-full is-resized\"><a href=\"https:\/\/www.oliver-kilb.de\/www\/wp-content\/uploads\/2015\/08\/Untersberg_01.jpg\"><img loading=\"lazy\" decoding=\"async\" width=\"1200\" height=\"800\" src=\"https:\/\/www.oliver-kilb.de\/www\/wp-content\/uploads\/2015\/08\/Untersberg_01.jpg\" alt=\"\" class=\"wp-image-30243\" style=\"width:300px\" srcset=\"https:\/\/www.oliver-kilb.de\/www\/wp-content\/uploads\/2015\/08\/Untersberg_01.jpg 1200w, https:\/\/www.oliver-kilb.de\/www\/wp-content\/uploads\/2015\/08\/Untersberg_01-500x333.jpg 500w, https:\/\/www.oliver-kilb.de\/www\/wp-content\/uploads\/2015\/08\/Untersberg_01-300x200.jpg 300w, https:\/\/www.oliver-kilb.de\/www\/wp-content\/uploads\/2015\/08\/Untersberg_01-768x512.jpg 768w\" sizes=\"auto, (max-width: 1200px) 100vw, 1200px\" \/><\/a><figcaption class=\"wp-element-caption\">Blick vom Salzburger Hochthron auf das Geiereck.<\/figcaption><\/figure>\n<\/div>\n\n\n<p>Nun ist die Wanderung fast zu Ende, und vom Gipfel des Hochthrons sieht man das Gipfelkreuz des Geierecks. Links daneben, aber verdeckt, ist die Bergstation der Untersbergbahn.<\/p>\n\n\n\n<p>Und, un\u00fcbersehbar, ist die Schotter-Autobahn, die diesen wundersch\u00f6nen Berg ziemlich verschandelt. In echt sieht es noch wesentlich schlimmer aus, als auf den Fotos. Schade!<\/p>\n\n\n\n<p>In Summe hat die Wanderung &#8211; mit Pausen &#8211; ungef\u00e4hr 8 Stunden gedauert. Ab der Toni-Lenz-H\u00fctte gibt es keine M\u00f6glichkeit mehr, Wasser aufzuf\u00fcllen, und man ist noch ungef\u00e4hr 3 Stunden unterwegs. Wenn man den Thomas-Eder Steig geschafft hat, ist eine Umkehr unsinnig, wenn man Konditionsprobleme bekommt.<\/p>\n\n\n\n<p><em>Die Wanderung fand am 6. August statt.<\/em><\/p>\n\n\n\n<figure class=\"wp-block-gallery has-nested-images columns-default is-cropped wp-block-gallery-4 is-layout-flex wp-block-gallery-is-layout-flex\">\n<figure class=\"wp-block-image size-large\"><img loading=\"lazy\" decoding=\"async\" width=\"1200\" height=\"800\" data-id=\"30245\" src=\"https:\/\/www.oliver-kilb.de\/www\/wp-content\/uploads\/2015\/08\/Untersberg_02.jpg\" alt=\"\" class=\"wp-image-30245\" srcset=\"https:\/\/www.oliver-kilb.de\/www\/wp-content\/uploads\/2015\/08\/Untersberg_02.jpg 1200w, https:\/\/www.oliver-kilb.de\/www\/wp-content\/uploads\/2015\/08\/Untersberg_02-500x333.jpg 500w, https:\/\/www.oliver-kilb.de\/www\/wp-content\/uploads\/2015\/08\/Untersberg_02-300x200.jpg 300w, https:\/\/www.oliver-kilb.de\/www\/wp-content\/uploads\/2015\/08\/Untersberg_02-768x512.jpg 768w\" sizes=\"auto, (max-width: 1200px) 100vw, 1200px\" \/><\/figure>\n\n\n\n<figure class=\"wp-block-image size-large\"><img loading=\"lazy\" decoding=\"async\" width=\"1200\" height=\"800\" data-id=\"30250\" src=\"https:\/\/www.oliver-kilb.de\/www\/wp-content\/uploads\/2015\/08\/Untersberg_04.jpg\" alt=\"\" class=\"wp-image-30250\" srcset=\"https:\/\/www.oliver-kilb.de\/www\/wp-content\/uploads\/2015\/08\/Untersberg_04.jpg 1200w, https:\/\/www.oliver-kilb.de\/www\/wp-content\/uploads\/2015\/08\/Untersberg_04-500x333.jpg 500w, https:\/\/www.oliver-kilb.de\/www\/wp-content\/uploads\/2015\/08\/Untersberg_04-300x200.jpg 300w, https:\/\/www.oliver-kilb.de\/www\/wp-content\/uploads\/2015\/08\/Untersberg_04-768x512.jpg 768w\" sizes=\"auto, (max-width: 1200px) 100vw, 1200px\" \/><\/figure>\n\n\n\n<figure class=\"wp-block-image size-large\"><img loading=\"lazy\" decoding=\"async\" width=\"1200\" height=\"800\" data-id=\"30244\" src=\"https:\/\/www.oliver-kilb.de\/www\/wp-content\/uploads\/2015\/08\/Untersberg_05.jpg\" alt=\"\" class=\"wp-image-30244\" srcset=\"https:\/\/www.oliver-kilb.de\/www\/wp-content\/uploads\/2015\/08\/Untersberg_05.jpg 1200w, https:\/\/www.oliver-kilb.de\/www\/wp-content\/uploads\/2015\/08\/Untersberg_05-500x333.jpg 500w, https:\/\/www.oliver-kilb.de\/www\/wp-content\/uploads\/2015\/08\/Untersberg_05-300x200.jpg 300w, https:\/\/www.oliver-kilb.de\/www\/wp-content\/uploads\/2015\/08\/Untersberg_05-768x512.jpg 768w\" sizes=\"auto, (max-width: 1200px) 100vw, 1200px\" \/><\/figure>\n\n\n\n<figure class=\"wp-block-image size-large\"><img loading=\"lazy\" decoding=\"async\" width=\"1200\" height=\"900\" data-id=\"30248\" src=\"https:\/\/www.oliver-kilb.de\/www\/wp-content\/uploads\/2015\/08\/Untersberg_OK_059.jpg\" alt=\"\" class=\"wp-image-30248\" srcset=\"https:\/\/www.oliver-kilb.de\/www\/wp-content\/uploads\/2015\/08\/Untersberg_OK_059.jpg 1200w, https:\/\/www.oliver-kilb.de\/www\/wp-content\/uploads\/2015\/08\/Untersberg_OK_059-500x375.jpg 500w, https:\/\/www.oliver-kilb.de\/www\/wp-content\/uploads\/2015\/08\/Untersberg_OK_059-300x225.jpg 300w, https:\/\/www.oliver-kilb.de\/www\/wp-content\/uploads\/2015\/08\/Untersberg_OK_059-768x576.jpg 768w\" sizes=\"auto, (max-width: 1200px) 100vw, 1200px\" \/><\/figure>\n\n\n\n<figure class=\"wp-block-image size-large\"><img loading=\"lazy\" decoding=\"async\" width=\"1200\" height=\"900\" data-id=\"30247\" src=\"https:\/\/www.oliver-kilb.de\/www\/wp-content\/uploads\/2015\/08\/Untersberg_OK_060.jpg\" alt=\"\" class=\"wp-image-30247\" srcset=\"https:\/\/www.oliver-kilb.de\/www\/wp-content\/uploads\/2015\/08\/Untersberg_OK_060.jpg 1200w, https:\/\/www.oliver-kilb.de\/www\/wp-content\/uploads\/2015\/08\/Untersberg_OK_060-500x375.jpg 500w, https:\/\/www.oliver-kilb.de\/www\/wp-content\/uploads\/2015\/08\/Untersberg_OK_060-300x225.jpg 300w, https:\/\/www.oliver-kilb.de\/www\/wp-content\/uploads\/2015\/08\/Untersberg_OK_060-768x576.jpg 768w\" sizes=\"auto, (max-width: 1200px) 100vw, 1200px\" \/><\/figure>\n\n\n\n<figure class=\"wp-block-image size-large\"><img loading=\"lazy\" decoding=\"async\" width=\"1200\" height=\"900\" data-id=\"30251\" src=\"https:\/\/www.oliver-kilb.de\/www\/wp-content\/uploads\/2015\/08\/Untersberg_OK_065.jpg\" alt=\"\" class=\"wp-image-30251\" srcset=\"https:\/\/www.oliver-kilb.de\/www\/wp-content\/uploads\/2015\/08\/Untersberg_OK_065.jpg 1200w, https:\/\/www.oliver-kilb.de\/www\/wp-content\/uploads\/2015\/08\/Untersberg_OK_065-500x375.jpg 500w, https:\/\/www.oliver-kilb.de\/www\/wp-content\/uploads\/2015\/08\/Untersberg_OK_065-300x225.jpg 300w, https:\/\/www.oliver-kilb.de\/www\/wp-content\/uploads\/2015\/08\/Untersberg_OK_065-768x576.jpg 768w\" sizes=\"auto, (max-width: 1200px) 100vw, 1200px\" \/><\/figure>\n\n\n\n<figure class=\"wp-block-image size-large\"><img loading=\"lazy\" decoding=\"async\" width=\"1200\" height=\"900\" data-id=\"30252\" src=\"https:\/\/www.oliver-kilb.de\/www\/wp-content\/uploads\/2015\/08\/Untersberg_OK_066.jpg\" alt=\"\" class=\"wp-image-30252\" srcset=\"https:\/\/www.oliver-kilb.de\/www\/wp-content\/uploads\/2015\/08\/Untersberg_OK_066.jpg 1200w, https:\/\/www.oliver-kilb.de\/www\/wp-content\/uploads\/2015\/08\/Untersberg_OK_066-500x375.jpg 500w, https:\/\/www.oliver-kilb.de\/www\/wp-content\/uploads\/2015\/08\/Untersberg_OK_066-300x225.jpg 300w, https:\/\/www.oliver-kilb.de\/www\/wp-content\/uploads\/2015\/08\/Untersberg_OK_066-768x576.jpg 768w\" sizes=\"auto, (max-width: 1200px) 100vw, 1200px\" \/><\/figure>\n\n\n\n<figure class=\"wp-block-image size-large\"><img loading=\"lazy\" decoding=\"async\" width=\"1200\" height=\"900\" data-id=\"30246\" src=\"https:\/\/www.oliver-kilb.de\/www\/wp-content\/uploads\/2015\/08\/Untersberg_OK_068.jpg\" alt=\"\" class=\"wp-image-30246\" srcset=\"https:\/\/www.oliver-kilb.de\/www\/wp-content\/uploads\/2015\/08\/Untersberg_OK_068.jpg 1200w, https:\/\/www.oliver-kilb.de\/www\/wp-content\/uploads\/2015\/08\/Untersberg_OK_068-500x375.jpg 500w, https:\/\/www.oliver-kilb.de\/www\/wp-content\/uploads\/2015\/08\/Untersberg_OK_068-300x225.jpg 300w, https:\/\/www.oliver-kilb.de\/www\/wp-content\/uploads\/2015\/08\/Untersberg_OK_068-768x576.jpg 768w\" sizes=\"auto, (max-width: 1200px) 100vw, 1200px\" \/><\/figure>\n\n\n\n<figure class=\"wp-block-image size-large\"><img loading=\"lazy\" decoding=\"async\" width=\"1200\" height=\"900\" data-id=\"30249\" src=\"https:\/\/www.oliver-kilb.de\/www\/wp-content\/uploads\/2015\/08\/Untersberg_OK_069.jpg\" alt=\"\" class=\"wp-image-30249\" srcset=\"https:\/\/www.oliver-kilb.de\/www\/wp-content\/uploads\/2015\/08\/Untersberg_OK_069.jpg 1200w, https:\/\/www.oliver-kilb.de\/www\/wp-content\/uploads\/2015\/08\/Untersberg_OK_069-500x375.jpg 500w, https:\/\/www.oliver-kilb.de\/www\/wp-content\/uploads\/2015\/08\/Untersberg_OK_069-300x225.jpg 300w, https:\/\/www.oliver-kilb.de\/www\/wp-content\/uploads\/2015\/08\/Untersberg_OK_069-768x576.jpg 768w\" sizes=\"auto, (max-width: 1200px) 100vw, 1200px\" \/><\/figure>\n<\/figure>\n","protected":false},"excerpt":{"rendered":"<p>Von Marktschellenberg zur Toni-Lenz-H\u00fctte, \u00fcber die Schellenberger Eish\u00f6hle und den Thomas-Eder Steig auf den Untersberg zum Salzburger Hochthron. Eine besonders sch\u00f6ne, aber auch konditionell fordernde Tour.<\/p>\n","protected":false},"author":1,"featured_media":30220,"comment_status":"open","ping_status":"open","sticky":false,"template":"","format":"standard","meta":{"iawp_total_views":20,"footnotes":""},"categories":[78,15],"tags":[561,560,556,558,559,557,562],"class_list":["post-30179","post","type-post","status-publish","format-standard","has-post-thumbnail","hentry","category-bayern","category-blog","tag-mittagsscharte","tag-salzburger-hochthron","tag-schellenberger-eishoehle","tag-thomas-eder-steig","tag-toni-lenz-huette","tag-untersberg","tag-untersbergbahn"],"yoast_head":"<!-- This site is optimized with the Yoast SEO plugin v27.3 - https:\/\/yoast.com\/product\/yoast-seo-wordpress\/ -->\n<title>Zur Schellenberger Eish\u00f6hle und auf den Untersberg. - Japan, Wandern und Multimedia<\/title>\n<meta name=\"description\" content=\"Zur Toni-Lenz-H\u00fctte, \u00fcber die Schellenberger Eish\u00f6hle und den Thomas-Eder Steig auf den Untersberg zum Salzburger Hochthron.\" \/>\n<meta name=\"robots\" content=\"index, follow, max-snippet:-1, max-image-preview:large, max-video-preview:-1\" \/>\n<link rel=\"canonical\" href=\"https:\/\/www.oliver-kilb.de\/www\/2015\/08\/30\/zur-schellenberger-eishoehle-und-auf-den-untersberg\/\" \/>\n<meta property=\"og:locale\" content=\"de_DE\" \/>\n<meta property=\"og:type\" content=\"article\" \/>\n<meta property=\"og:title\" content=\"Zur Schellenberger Eish\u00f6hle und auf den Untersberg. - Japan, Wandern und Multimedia\" \/>\n<meta property=\"og:description\" content=\"Zur Toni-Lenz-H\u00fctte, \u00fcber die Schellenberger Eish\u00f6hle und den Thomas-Eder Steig auf den Untersberg zum Salzburger Hochthron.\" \/>\n<meta property=\"og:url\" content=\"https:\/\/www.oliver-kilb.de\/www\/2015\/08\/30\/zur-schellenberger-eishoehle-und-auf-den-untersberg\/\" \/>\n<meta property=\"og:site_name\" content=\"Japan, Wandern und Multimedia\" \/>\n<meta property=\"article:published_time\" content=\"2015-08-30T17:50:00+00:00\" \/>\n<meta property=\"article:modified_time\" content=\"2024-10-28T19:28:33+00:00\" \/>\n<meta property=\"og:image\" content=\"https:\/\/www.oliver-kilb.de\/www\/wp-content\/uploads\/2015\/08\/Untersberg_OK_047.jpg\" \/>\n\t<meta property=\"og:image:width\" content=\"1200\" \/>\n\t<meta property=\"og:image:height\" content=\"900\" \/>\n\t<meta property=\"og:image:type\" content=\"image\/jpeg\" \/>\n<meta name=\"author\" content=\"Oliver Kilb\" \/>\n<meta name=\"twitter:card\" content=\"summary_large_image\" \/>\n<meta name=\"twitter:label1\" content=\"Verfasst von\" \/>\n\t<meta name=\"twitter:data1\" content=\"Oliver Kilb\" \/>\n\t<meta name=\"twitter:label2\" content=\"Gesch\u00e4tzte Lesezeit\" \/>\n\t<meta name=\"twitter:data2\" content=\"25\u00a0Minuten\" \/>\n<script type=\"application\/ld+json\" class=\"yoast-schema-graph\">{\"@context\":\"https:\\\/\\\/schema.org\",\"@graph\":[{\"@type\":\"Article\",\"@id\":\"https:\\\/\\\/www.oliver-kilb.de\\\/www\\\/2015\\\/08\\\/30\\\/zur-schellenberger-eishoehle-und-auf-den-untersberg\\\/#article\",\"isPartOf\":{\"@id\":\"https:\\\/\\\/www.oliver-kilb.de\\\/www\\\/2015\\\/08\\\/30\\\/zur-schellenberger-eishoehle-und-auf-den-untersberg\\\/\"},\"author\":{\"name\":\"Oliver Kilb\",\"@id\":\"https:\\\/\\\/www.oliver-kilb.de\\\/www\\\/#\\\/schema\\\/person\\\/c2b19a881050135aa248a8851b7b4250\"},\"headline\":\"Zur Schellenberger Eish\u00f6hle und auf den Untersberg.\",\"datePublished\":\"2015-08-30T17:50:00+00:00\",\"dateModified\":\"2024-10-28T19:28:33+00:00\",\"mainEntityOfPage\":{\"@id\":\"https:\\\/\\\/www.oliver-kilb.de\\\/www\\\/2015\\\/08\\\/30\\\/zur-schellenberger-eishoehle-und-auf-den-untersberg\\\/\"},\"wordCount\":1964,\"commentCount\":2,\"publisher\":{\"@id\":\"https:\\\/\\\/www.oliver-kilb.de\\\/www\\\/#organization\"},\"image\":{\"@id\":\"https:\\\/\\\/www.oliver-kilb.de\\\/www\\\/2015\\\/08\\\/30\\\/zur-schellenberger-eishoehle-und-auf-den-untersberg\\\/#primaryimage\"},\"thumbnailUrl\":\"https:\\\/\\\/www.oliver-kilb.de\\\/www\\\/wp-content\\\/uploads\\\/2015\\\/08\\\/Untersberg_OK_047.jpg\",\"keywords\":[\"Mittagsscharte\",\"Salzburger Hochthron\",\"Schellenberger Eish\u00f6hle\",\"Thomas-Eder.Steig\",\"Toni-Lenz-H\u00fctte\",\"Untersberg\",\"Untersbergbahn\"],\"articleSection\":[\"Bayern\",\"Blog\"],\"inLanguage\":\"de\",\"potentialAction\":[{\"@type\":\"CommentAction\",\"name\":\"Comment\",\"target\":[\"https:\\\/\\\/www.oliver-kilb.de\\\/www\\\/2015\\\/08\\\/30\\\/zur-schellenberger-eishoehle-und-auf-den-untersberg\\\/#respond\"]}]},{\"@type\":\"WebPage\",\"@id\":\"https:\\\/\\\/www.oliver-kilb.de\\\/www\\\/2015\\\/08\\\/30\\\/zur-schellenberger-eishoehle-und-auf-den-untersberg\\\/\",\"url\":\"https:\\\/\\\/www.oliver-kilb.de\\\/www\\\/2015\\\/08\\\/30\\\/zur-schellenberger-eishoehle-und-auf-den-untersberg\\\/\",\"name\":\"Zur Schellenberger Eish\u00f6hle und auf den Untersberg. - Japan, Wandern und Multimedia\",\"isPartOf\":{\"@id\":\"https:\\\/\\\/www.oliver-kilb.de\\\/www\\\/#website\"},\"primaryImageOfPage\":{\"@id\":\"https:\\\/\\\/www.oliver-kilb.de\\\/www\\\/2015\\\/08\\\/30\\\/zur-schellenberger-eishoehle-und-auf-den-untersberg\\\/#primaryimage\"},\"image\":{\"@id\":\"https:\\\/\\\/www.oliver-kilb.de\\\/www\\\/2015\\\/08\\\/30\\\/zur-schellenberger-eishoehle-und-auf-den-untersberg\\\/#primaryimage\"},\"thumbnailUrl\":\"https:\\\/\\\/www.oliver-kilb.de\\\/www\\\/wp-content\\\/uploads\\\/2015\\\/08\\\/Untersberg_OK_047.jpg\",\"datePublished\":\"2015-08-30T17:50:00+00:00\",\"dateModified\":\"2024-10-28T19:28:33+00:00\",\"description\":\"Zur Toni-Lenz-H\u00fctte, \u00fcber die Schellenberger Eish\u00f6hle und den Thomas-Eder Steig auf den Untersberg zum Salzburger Hochthron.\",\"breadcrumb\":{\"@id\":\"https:\\\/\\\/www.oliver-kilb.de\\\/www\\\/2015\\\/08\\\/30\\\/zur-schellenberger-eishoehle-und-auf-den-untersberg\\\/#breadcrumb\"},\"inLanguage\":\"de\",\"potentialAction\":[{\"@type\":\"ReadAction\",\"target\":[\"https:\\\/\\\/www.oliver-kilb.de\\\/www\\\/2015\\\/08\\\/30\\\/zur-schellenberger-eishoehle-und-auf-den-untersberg\\\/\"]}]},{\"@type\":\"ImageObject\",\"inLanguage\":\"de\",\"@id\":\"https:\\\/\\\/www.oliver-kilb.de\\\/www\\\/2015\\\/08\\\/30\\\/zur-schellenberger-eishoehle-und-auf-den-untersberg\\\/#primaryimage\",\"url\":\"https:\\\/\\\/www.oliver-kilb.de\\\/www\\\/wp-content\\\/uploads\\\/2015\\\/08\\\/Untersberg_OK_047.jpg\",\"contentUrl\":\"https:\\\/\\\/www.oliver-kilb.de\\\/www\\\/wp-content\\\/uploads\\\/2015\\\/08\\\/Untersberg_OK_047.jpg\",\"width\":1200,\"height\":900,\"caption\":\"Der Thomas-Eder-Steig.\"},{\"@type\":\"BreadcrumbList\",\"@id\":\"https:\\\/\\\/www.oliver-kilb.de\\\/www\\\/2015\\\/08\\\/30\\\/zur-schellenberger-eishoehle-und-auf-den-untersberg\\\/#breadcrumb\",\"itemListElement\":[{\"@type\":\"ListItem\",\"position\":1,\"name\":\"Startseite\",\"item\":\"https:\\\/\\\/www.oliver-kilb.de\\\/www\\\/\"},{\"@type\":\"ListItem\",\"position\":2,\"name\":\"Zur Schellenberger Eish\u00f6hle und auf den Untersberg.\"}]},{\"@type\":\"WebSite\",\"@id\":\"https:\\\/\\\/www.oliver-kilb.de\\\/www\\\/#website\",\"url\":\"https:\\\/\\\/www.oliver-kilb.de\\\/www\\\/\",\"name\":\"Japan, Wandern und Multimedia\",\"description\":\"\",\"publisher\":{\"@id\":\"https:\\\/\\\/www.oliver-kilb.de\\\/www\\\/#organization\"},\"potentialAction\":[{\"@type\":\"SearchAction\",\"target\":{\"@type\":\"EntryPoint\",\"urlTemplate\":\"https:\\\/\\\/www.oliver-kilb.de\\\/www\\\/?s={search_term_string}\"},\"query-input\":{\"@type\":\"PropertyValueSpecification\",\"valueRequired\":true,\"valueName\":\"search_term_string\"}}],\"inLanguage\":\"de\"},{\"@type\":\"Organization\",\"@id\":\"https:\\\/\\\/www.oliver-kilb.de\\\/www\\\/#organization\",\"name\":\"Japan, Wandern und Multimedia\",\"url\":\"https:\\\/\\\/www.oliver-kilb.de\\\/www\\\/\",\"logo\":{\"@type\":\"ImageObject\",\"inLanguage\":\"de\",\"@id\":\"https:\\\/\\\/www.oliver-kilb.de\\\/www\\\/#\\\/schema\\\/logo\\\/image\\\/\",\"url\":\"https:\\\/\\\/www.oliver-kilb.de\\\/www\\\/wp-content\\\/uploads\\\/2024\\\/07\\\/Fushimi-Inari-Schrein_075_DxO.jpg\",\"contentUrl\":\"https:\\\/\\\/www.oliver-kilb.de\\\/www\\\/wp-content\\\/uploads\\\/2024\\\/07\\\/Fushimi-Inari-Schrein_075_DxO.jpg\",\"width\":1380,\"height\":301,\"caption\":\"Japan, Wandern und Multimedia\"},\"image\":{\"@id\":\"https:\\\/\\\/www.oliver-kilb.de\\\/www\\\/#\\\/schema\\\/logo\\\/image\\\/\"}},{\"@type\":\"Person\",\"@id\":\"https:\\\/\\\/www.oliver-kilb.de\\\/www\\\/#\\\/schema\\\/person\\\/c2b19a881050135aa248a8851b7b4250\",\"name\":\"Oliver Kilb\",\"image\":{\"@type\":\"ImageObject\",\"inLanguage\":\"de\",\"@id\":\"https:\\\/\\\/secure.gravatar.com\\\/avatar\\\/4da50eb2c6eb71b0641229eed4a38d05c8d4b458a59355cca0d02b57303d6ffd?s=96&d=mm&r=g\",\"url\":\"https:\\\/\\\/secure.gravatar.com\\\/avatar\\\/4da50eb2c6eb71b0641229eed4a38d05c8d4b458a59355cca0d02b57303d6ffd?s=96&d=mm&r=g\",\"contentUrl\":\"https:\\\/\\\/secure.gravatar.com\\\/avatar\\\/4da50eb2c6eb71b0641229eed4a38d05c8d4b458a59355cca0d02b57303d6ffd?s=96&d=mm&r=g\",\"caption\":\"Oliver Kilb\"},\"sameAs\":[\"https:\\\/\\\/www.oliver-kilb.de\\\/www\"],\"url\":\"https:\\\/\\\/www.oliver-kilb.de\\\/www\\\/author\\\/oliver-kilb\\\/\"}]}<\/script>\n<!-- \/ Yoast SEO plugin. -->","yoast_head_json":{"title":"Zur Schellenberger Eish\u00f6hle und auf den Untersberg. - Japan, Wandern und Multimedia","description":"Zur Toni-Lenz-H\u00fctte, \u00fcber die Schellenberger Eish\u00f6hle und den Thomas-Eder Steig auf den Untersberg zum Salzburger Hochthron.","robots":{"index":"index","follow":"follow","max-snippet":"max-snippet:-1","max-image-preview":"max-image-preview:large","max-video-preview":"max-video-preview:-1"},"canonical":"https:\/\/www.oliver-kilb.de\/www\/2015\/08\/30\/zur-schellenberger-eishoehle-und-auf-den-untersberg\/","og_locale":"de_DE","og_type":"article","og_title":"Zur Schellenberger Eish\u00f6hle und auf den Untersberg. - Japan, Wandern und Multimedia","og_description":"Zur Toni-Lenz-H\u00fctte, \u00fcber die Schellenberger Eish\u00f6hle und den Thomas-Eder Steig auf den Untersberg zum Salzburger Hochthron.","og_url":"https:\/\/www.oliver-kilb.de\/www\/2015\/08\/30\/zur-schellenberger-eishoehle-und-auf-den-untersberg\/","og_site_name":"Japan, Wandern und Multimedia","article_published_time":"2015-08-30T17:50:00+00:00","article_modified_time":"2024-10-28T19:28:33+00:00","og_image":[{"width":1200,"height":900,"url":"https:\/\/www.oliver-kilb.de\/www\/wp-content\/uploads\/2015\/08\/Untersberg_OK_047.jpg","type":"image\/jpeg"}],"author":"Oliver Kilb","twitter_card":"summary_large_image","twitter_misc":{"Verfasst von":"Oliver Kilb","Gesch\u00e4tzte Lesezeit":"25\u00a0Minuten"},"schema":{"@context":"https:\/\/schema.org","@graph":[{"@type":"Article","@id":"https:\/\/www.oliver-kilb.de\/www\/2015\/08\/30\/zur-schellenberger-eishoehle-und-auf-den-untersberg\/#article","isPartOf":{"@id":"https:\/\/www.oliver-kilb.de\/www\/2015\/08\/30\/zur-schellenberger-eishoehle-und-auf-den-untersberg\/"},"author":{"name":"Oliver Kilb","@id":"https:\/\/www.oliver-kilb.de\/www\/#\/schema\/person\/c2b19a881050135aa248a8851b7b4250"},"headline":"Zur Schellenberger Eish\u00f6hle und auf den Untersberg.","datePublished":"2015-08-30T17:50:00+00:00","dateModified":"2024-10-28T19:28:33+00:00","mainEntityOfPage":{"@id":"https:\/\/www.oliver-kilb.de\/www\/2015\/08\/30\/zur-schellenberger-eishoehle-und-auf-den-untersberg\/"},"wordCount":1964,"commentCount":2,"publisher":{"@id":"https:\/\/www.oliver-kilb.de\/www\/#organization"},"image":{"@id":"https:\/\/www.oliver-kilb.de\/www\/2015\/08\/30\/zur-schellenberger-eishoehle-und-auf-den-untersberg\/#primaryimage"},"thumbnailUrl":"https:\/\/www.oliver-kilb.de\/www\/wp-content\/uploads\/2015\/08\/Untersberg_OK_047.jpg","keywords":["Mittagsscharte","Salzburger Hochthron","Schellenberger Eish\u00f6hle","Thomas-Eder.Steig","Toni-Lenz-H\u00fctte","Untersberg","Untersbergbahn"],"articleSection":["Bayern","Blog"],"inLanguage":"de","potentialAction":[{"@type":"CommentAction","name":"Comment","target":["https:\/\/www.oliver-kilb.de\/www\/2015\/08\/30\/zur-schellenberger-eishoehle-und-auf-den-untersberg\/#respond"]}]},{"@type":"WebPage","@id":"https:\/\/www.oliver-kilb.de\/www\/2015\/08\/30\/zur-schellenberger-eishoehle-und-auf-den-untersberg\/","url":"https:\/\/www.oliver-kilb.de\/www\/2015\/08\/30\/zur-schellenberger-eishoehle-und-auf-den-untersberg\/","name":"Zur Schellenberger Eish\u00f6hle und auf den Untersberg. - Japan, Wandern und Multimedia","isPartOf":{"@id":"https:\/\/www.oliver-kilb.de\/www\/#website"},"primaryImageOfPage":{"@id":"https:\/\/www.oliver-kilb.de\/www\/2015\/08\/30\/zur-schellenberger-eishoehle-und-auf-den-untersberg\/#primaryimage"},"image":{"@id":"https:\/\/www.oliver-kilb.de\/www\/2015\/08\/30\/zur-schellenberger-eishoehle-und-auf-den-untersberg\/#primaryimage"},"thumbnailUrl":"https:\/\/www.oliver-kilb.de\/www\/wp-content\/uploads\/2015\/08\/Untersberg_OK_047.jpg","datePublished":"2015-08-30T17:50:00+00:00","dateModified":"2024-10-28T19:28:33+00:00","description":"Zur Toni-Lenz-H\u00fctte, \u00fcber die Schellenberger Eish\u00f6hle und den Thomas-Eder Steig auf den Untersberg zum Salzburger Hochthron.","breadcrumb":{"@id":"https:\/\/www.oliver-kilb.de\/www\/2015\/08\/30\/zur-schellenberger-eishoehle-und-auf-den-untersberg\/#breadcrumb"},"inLanguage":"de","potentialAction":[{"@type":"ReadAction","target":["https:\/\/www.oliver-kilb.de\/www\/2015\/08\/30\/zur-schellenberger-eishoehle-und-auf-den-untersberg\/"]}]},{"@type":"ImageObject","inLanguage":"de","@id":"https:\/\/www.oliver-kilb.de\/www\/2015\/08\/30\/zur-schellenberger-eishoehle-und-auf-den-untersberg\/#primaryimage","url":"https:\/\/www.oliver-kilb.de\/www\/wp-content\/uploads\/2015\/08\/Untersberg_OK_047.jpg","contentUrl":"https:\/\/www.oliver-kilb.de\/www\/wp-content\/uploads\/2015\/08\/Untersberg_OK_047.jpg","width":1200,"height":900,"caption":"Der Thomas-Eder-Steig."},{"@type":"BreadcrumbList","@id":"https:\/\/www.oliver-kilb.de\/www\/2015\/08\/30\/zur-schellenberger-eishoehle-und-auf-den-untersberg\/#breadcrumb","itemListElement":[{"@type":"ListItem","position":1,"name":"Startseite","item":"https:\/\/www.oliver-kilb.de\/www\/"},{"@type":"ListItem","position":2,"name":"Zur Schellenberger Eish\u00f6hle und auf den Untersberg."}]},{"@type":"WebSite","@id":"https:\/\/www.oliver-kilb.de\/www\/#website","url":"https:\/\/www.oliver-kilb.de\/www\/","name":"Japan, Wandern und Multimedia","description":"","publisher":{"@id":"https:\/\/www.oliver-kilb.de\/www\/#organization"},"potentialAction":[{"@type":"SearchAction","target":{"@type":"EntryPoint","urlTemplate":"https:\/\/www.oliver-kilb.de\/www\/?s={search_term_string}"},"query-input":{"@type":"PropertyValueSpecification","valueRequired":true,"valueName":"search_term_string"}}],"inLanguage":"de"},{"@type":"Organization","@id":"https:\/\/www.oliver-kilb.de\/www\/#organization","name":"Japan, Wandern und Multimedia","url":"https:\/\/www.oliver-kilb.de\/www\/","logo":{"@type":"ImageObject","inLanguage":"de","@id":"https:\/\/www.oliver-kilb.de\/www\/#\/schema\/logo\/image\/","url":"https:\/\/www.oliver-kilb.de\/www\/wp-content\/uploads\/2024\/07\/Fushimi-Inari-Schrein_075_DxO.jpg","contentUrl":"https:\/\/www.oliver-kilb.de\/www\/wp-content\/uploads\/2024\/07\/Fushimi-Inari-Schrein_075_DxO.jpg","width":1380,"height":301,"caption":"Japan, Wandern und Multimedia"},"image":{"@id":"https:\/\/www.oliver-kilb.de\/www\/#\/schema\/logo\/image\/"}},{"@type":"Person","@id":"https:\/\/www.oliver-kilb.de\/www\/#\/schema\/person\/c2b19a881050135aa248a8851b7b4250","name":"Oliver Kilb","image":{"@type":"ImageObject","inLanguage":"de","@id":"https:\/\/secure.gravatar.com\/avatar\/4da50eb2c6eb71b0641229eed4a38d05c8d4b458a59355cca0d02b57303d6ffd?s=96&d=mm&r=g","url":"https:\/\/secure.gravatar.com\/avatar\/4da50eb2c6eb71b0641229eed4a38d05c8d4b458a59355cca0d02b57303d6ffd?s=96&d=mm&r=g","contentUrl":"https:\/\/secure.gravatar.com\/avatar\/4da50eb2c6eb71b0641229eed4a38d05c8d4b458a59355cca0d02b57303d6ffd?s=96&d=mm&r=g","caption":"Oliver Kilb"},"sameAs":["https:\/\/www.oliver-kilb.de\/www"],"url":"https:\/\/www.oliver-kilb.de\/www\/author\/oliver-kilb\/"}]}},"amp_enabled":true,"_links":{"self":[{"href":"https:\/\/www.oliver-kilb.de\/www\/wp-json\/wp\/v2\/posts\/30179","targetHints":{"allow":["GET"]}}],"collection":[{"href":"https:\/\/www.oliver-kilb.de\/www\/wp-json\/wp\/v2\/posts"}],"about":[{"href":"https:\/\/www.oliver-kilb.de\/www\/wp-json\/wp\/v2\/types\/post"}],"author":[{"embeddable":true,"href":"https:\/\/www.oliver-kilb.de\/www\/wp-json\/wp\/v2\/users\/1"}],"replies":[{"embeddable":true,"href":"https:\/\/www.oliver-kilb.de\/www\/wp-json\/wp\/v2\/comments?post=30179"}],"version-history":[{"count":5,"href":"https:\/\/www.oliver-kilb.de\/www\/wp-json\/wp\/v2\/posts\/30179\/revisions"}],"predecessor-version":[{"id":30255,"href":"https:\/\/www.oliver-kilb.de\/www\/wp-json\/wp\/v2\/posts\/30179\/revisions\/30255"}],"wp:featuredmedia":[{"embeddable":true,"href":"https:\/\/www.oliver-kilb.de\/www\/wp-json\/wp\/v2\/media\/30220"}],"wp:attachment":[{"href":"https:\/\/www.oliver-kilb.de\/www\/wp-json\/wp\/v2\/media?parent=30179"}],"wp:term":[{"taxonomy":"category","embeddable":true,"href":"https:\/\/www.oliver-kilb.de\/www\/wp-json\/wp\/v2\/categories?post=30179"},{"taxonomy":"post_tag","embeddable":true,"href":"https:\/\/www.oliver-kilb.de\/www\/wp-json\/wp\/v2\/tags?post=30179"}],"curies":[{"name":"wp","href":"https:\/\/api.w.org\/{rel}","templated":true}]}}