{"id":30152,"date":"2015-08-02T19:11:00","date_gmt":"2015-08-02T17:11:00","guid":{"rendered":"https:\/\/www.oliver-kilb.de\/www\/?p=30152"},"modified":"2024-10-28T20:27:58","modified_gmt":"2024-10-28T19:27:58","slug":"the-bards-tale-iv-warten-auf-herbst-2017","status":"publish","type":"post","link":"https:\/\/www.oliver-kilb.de\/www\/2015\/08\/02\/the-bards-tale-iv-warten-auf-herbst-2017\/","title":{"rendered":"The Bard&#8217;s Tale IV: Warten auf Herbst 2017."},"content":{"rendered":"\n<p><strong>Bereits an anderer Stelle habe ich geschrieben, dass ich als Teenager Stunden, wenn nicht sogar Tage und Wochen am Computer verbrachte, um &#8222;The Bard&#8217;s Tale&#8220; zu spielen. Und was passierte k\u00fcrzlich? Via Kickstarter wird Geld gesammelt, um einen neuen Teil zu produzieren!<\/strong><\/p>\n\n\n\n<h2 class=\"wp-block-heading\">Meine erste Kickstarter-Beteiligung.<\/h2>\n\n\n<div class=\"wp-block-image\">\n<figure class=\"alignleft size-large is-resized\"><a href=\"https:\/\/www.oliver-kilb.de\/www\/wp-content\/uploads\/2024\/10\/bards-tale-iv_01.jpg\"><img loading=\"lazy\" decoding=\"async\" width=\"2048\" height=\"1099\" src=\"https:\/\/www.oliver-kilb.de\/www\/wp-content\/uploads\/2024\/10\/bards-tale-iv_01-2048x1099.jpg\" alt=\"\" class=\"wp-image-30154\" style=\"width:300px\" srcset=\"https:\/\/www.oliver-kilb.de\/www\/wp-content\/uploads\/2024\/10\/bards-tale-iv_01-2048x1099.jpg 2048w, https:\/\/www.oliver-kilb.de\/www\/wp-content\/uploads\/2024\/10\/bards-tale-iv_01-500x268.jpg 500w, https:\/\/www.oliver-kilb.de\/www\/wp-content\/uploads\/2024\/10\/bards-tale-iv_01-300x161.jpg 300w, https:\/\/www.oliver-kilb.de\/www\/wp-content\/uploads\/2024\/10\/bards-tale-iv_01-768x412.jpg 768w, https:\/\/www.oliver-kilb.de\/www\/wp-content\/uploads\/2024\/10\/bards-tale-iv_01-1536x824.jpg 1536w\" sizes=\"auto, (max-width: 2048px) 100vw, 2048px\" \/><\/a><\/figure>\n<\/div>\n\n\n<p>Noch nie hatte&nbsp;ich zuvor an einem Kickstarter-Projekt teilgenommen, aber hier f\u00fchrte kein Weg vorbei: Ich musste mitmachen. 1.250.000 Dollar sollten&nbsp;gesammelt werden, und ich z\u00fcckte freudig noch am ersten Tag der Kampagne meine Kreditkarte daf\u00fcr. Der Z\u00e4hler ging besonders in den ersten Tagen schnell nach oben, aber die Schnapszahl konnte ich leider nicht genau festhalten.<\/p>\n\n\n<div class=\"wp-block-image\">\n<figure class=\"alignright size-full is-resized\"><a href=\"https:\/\/www.oliver-kilb.de\/www\/wp-content\/uploads\/2024\/10\/bards-tale-iv_02.jpg\"><img loading=\"lazy\" decoding=\"async\" width=\"1025\" height=\"683\" src=\"https:\/\/www.oliver-kilb.de\/www\/wp-content\/uploads\/2024\/10\/bards-tale-iv_02.jpg\" alt=\"\" class=\"wp-image-30155\" style=\"width:300px\" srcset=\"https:\/\/www.oliver-kilb.de\/www\/wp-content\/uploads\/2024\/10\/bards-tale-iv_02.jpg 1025w, https:\/\/www.oliver-kilb.de\/www\/wp-content\/uploads\/2024\/10\/bards-tale-iv_02-500x333.jpg 500w, https:\/\/www.oliver-kilb.de\/www\/wp-content\/uploads\/2024\/10\/bards-tale-iv_02-300x200.jpg 300w, https:\/\/www.oliver-kilb.de\/www\/wp-content\/uploads\/2024\/10\/bards-tale-iv_02-768x512.jpg 768w\" sizes=\"auto, (max-width: 1025px) 100vw, 1025px\" \/><\/a><figcaption class=\"wp-element-caption\">The Bard&#8217;s Tale IV.<\/figcaption><\/figure>\n<\/div>\n\n\n<p>Danach lie\u00df die Geschwindigkeit &#8211; auch aufgrund der kurz danach gestarteten \u00fcberw\u00e4ltigenden <a href=\"https:\/\/www.kickstarter.com\/projects\/ysnet\/shenmue-3\" target=\"_blank\" rel=\"noreferrer noopener\">Kampagne von Shenmue 3<\/a> &#8211; etwas nach, aber am Ende hat es locker gereicht: Knappe 1,5 Millionen Dollar kamen zusammen und sogar einige Stretch Goals konnten erreicht werden.<\/p>\n\n\n\n<p>Nun hei\u00dft es warten, denn die Ver\u00f6ffentlichung von &#8222;The Bard&#8217;s Tale IV&#8220; ist erst f\u00fcr Herbst 2017 geplant. <a href=\"http:\/\/bardstale.inxile-entertainment.com\" target=\"_blank\" rel=\"noreferrer noopener\">Auf der Homepage der Entwickler<\/a> wird es aber sicherlich regelm\u00e4\u00dfig Updates geben.<\/p>\n","protected":false},"excerpt":{"rendered":"<p>Bereits an anderer Stelle habe ich geschrieben, dass ich als Teenager Stunden, wenn nicht sogar Tage und Wochen am Computer verbrachte, um &#8222;The Bard&#8217;s Tale&#8220; zu spielen. Und was passierte k\u00fcrzlich? Via Kickstarter wird Geld gesammelt, um einen neuen Teil zu produzieren!<\/p>\n","protected":false},"author":1,"featured_media":30155,"comment_status":"open","ping_status":"open","sticky":false,"template":"","format":"standard","meta":{"iawp_total_views":1,"footnotes":""},"categories":[15],"tags":[527],"class_list":["post-30152","post","type-post","status-publish","format-standard","has-post-thumbnail","hentry","category-blog","tag-the-bards-tale"],"yoast_head":"<!-- This site is optimized with the Yoast SEO plugin v27.3 - https:\/\/yoast.com\/product\/yoast-seo-wordpress\/ -->\n<title>The Bard&#039;s Tale IV: Warten auf Herbst 2017. - Japan, Wandern und Multimedia<\/title>\n<meta name=\"description\" content=\"Was passierte k\u00fcrzlich? Via Kickstarter wird Geld gesammelt, um The Bard&#039;s Tale 4 zu produzieren, nat\u00fcrlich bin ich Backer!\" \/>\n<meta name=\"robots\" content=\"index, follow, max-snippet:-1, max-image-preview:large, max-video-preview:-1\" \/>\n<link rel=\"canonical\" href=\"https:\/\/www.oliver-kilb.de\/www\/2015\/08\/02\/the-bards-tale-iv-warten-auf-herbst-2017\/\" \/>\n<meta property=\"og:locale\" content=\"de_DE\" \/>\n<meta property=\"og:type\" content=\"article\" \/>\n<meta property=\"og:title\" content=\"The Bard&#039;s Tale IV: Warten auf Herbst 2017. - Japan, Wandern und Multimedia\" \/>\n<meta property=\"og:description\" content=\"Was passierte k\u00fcrzlich? Via Kickstarter wird Geld gesammelt, um The Bard&#039;s Tale 4 zu produzieren, nat\u00fcrlich bin ich Backer!\" \/>\n<meta property=\"og:url\" content=\"https:\/\/www.oliver-kilb.de\/www\/2015\/08\/02\/the-bards-tale-iv-warten-auf-herbst-2017\/\" \/>\n<meta property=\"og:site_name\" content=\"Japan, Wandern und Multimedia\" \/>\n<meta property=\"article:published_time\" content=\"2015-08-02T17:11:00+00:00\" \/>\n<meta property=\"article:modified_time\" content=\"2024-10-28T19:27:58+00:00\" \/>\n<meta property=\"og:image\" content=\"https:\/\/www.oliver-kilb.de\/www\/wp-content\/uploads\/2024\/10\/bards-tale-iv_02.jpg\" \/>\n\t<meta property=\"og:image:width\" content=\"1025\" \/>\n\t<meta property=\"og:image:height\" content=\"683\" \/>\n\t<meta property=\"og:image:type\" content=\"image\/jpeg\" \/>\n<meta name=\"author\" content=\"Oliver Kilb\" \/>\n<meta name=\"twitter:card\" content=\"summary_large_image\" \/>\n<meta name=\"twitter:label1\" content=\"Verfasst von\" \/>\n\t<meta name=\"twitter:data1\" content=\"Oliver Kilb\" \/>\n\t<meta name=\"twitter:label2\" content=\"Gesch\u00e4tzte Lesezeit\" \/>\n\t<meta name=\"twitter:data2\" content=\"2\u00a0Minuten\" \/>\n<script type=\"application\/ld+json\" class=\"yoast-schema-graph\">{\"@context\":\"https:\\\/\\\/schema.org\",\"@graph\":[{\"@type\":\"Article\",\"@id\":\"https:\\\/\\\/www.oliver-kilb.de\\\/www\\\/2015\\\/08\\\/02\\\/the-bards-tale-iv-warten-auf-herbst-2017\\\/#article\",\"isPartOf\":{\"@id\":\"https:\\\/\\\/www.oliver-kilb.de\\\/www\\\/2015\\\/08\\\/02\\\/the-bards-tale-iv-warten-auf-herbst-2017\\\/\"},\"author\":{\"name\":\"Oliver Kilb\",\"@id\":\"https:\\\/\\\/www.oliver-kilb.de\\\/www\\\/#\\\/schema\\\/person\\\/c2b19a881050135aa248a8851b7b4250\"},\"headline\":\"The Bard&#8217;s Tale IV: Warten auf Herbst 2017.\",\"datePublished\":\"2015-08-02T17:11:00+00:00\",\"dateModified\":\"2024-10-28T19:27:58+00:00\",\"mainEntityOfPage\":{\"@id\":\"https:\\\/\\\/www.oliver-kilb.de\\\/www\\\/2015\\\/08\\\/02\\\/the-bards-tale-iv-warten-auf-herbst-2017\\\/\"},\"wordCount\":194,\"commentCount\":0,\"publisher\":{\"@id\":\"https:\\\/\\\/www.oliver-kilb.de\\\/www\\\/#organization\"},\"image\":{\"@id\":\"https:\\\/\\\/www.oliver-kilb.de\\\/www\\\/2015\\\/08\\\/02\\\/the-bards-tale-iv-warten-auf-herbst-2017\\\/#primaryimage\"},\"thumbnailUrl\":\"https:\\\/\\\/www.oliver-kilb.de\\\/www\\\/wp-content\\\/uploads\\\/2024\\\/10\\\/bards-tale-iv_02.jpg\",\"keywords\":[\"The Bard's Tale\"],\"articleSection\":[\"Blog\"],\"inLanguage\":\"de\",\"potentialAction\":[{\"@type\":\"CommentAction\",\"name\":\"Comment\",\"target\":[\"https:\\\/\\\/www.oliver-kilb.de\\\/www\\\/2015\\\/08\\\/02\\\/the-bards-tale-iv-warten-auf-herbst-2017\\\/#respond\"]}]},{\"@type\":\"WebPage\",\"@id\":\"https:\\\/\\\/www.oliver-kilb.de\\\/www\\\/2015\\\/08\\\/02\\\/the-bards-tale-iv-warten-auf-herbst-2017\\\/\",\"url\":\"https:\\\/\\\/www.oliver-kilb.de\\\/www\\\/2015\\\/08\\\/02\\\/the-bards-tale-iv-warten-auf-herbst-2017\\\/\",\"name\":\"The Bard's Tale IV: Warten auf Herbst 2017. - Japan, Wandern und Multimedia\",\"isPartOf\":{\"@id\":\"https:\\\/\\\/www.oliver-kilb.de\\\/www\\\/#website\"},\"primaryImageOfPage\":{\"@id\":\"https:\\\/\\\/www.oliver-kilb.de\\\/www\\\/2015\\\/08\\\/02\\\/the-bards-tale-iv-warten-auf-herbst-2017\\\/#primaryimage\"},\"image\":{\"@id\":\"https:\\\/\\\/www.oliver-kilb.de\\\/www\\\/2015\\\/08\\\/02\\\/the-bards-tale-iv-warten-auf-herbst-2017\\\/#primaryimage\"},\"thumbnailUrl\":\"https:\\\/\\\/www.oliver-kilb.de\\\/www\\\/wp-content\\\/uploads\\\/2024\\\/10\\\/bards-tale-iv_02.jpg\",\"datePublished\":\"2015-08-02T17:11:00+00:00\",\"dateModified\":\"2024-10-28T19:27:58+00:00\",\"description\":\"Was passierte k\u00fcrzlich? Via Kickstarter wird Geld gesammelt, um The Bard's Tale 4 zu produzieren, nat\u00fcrlich bin ich Backer!\",\"breadcrumb\":{\"@id\":\"https:\\\/\\\/www.oliver-kilb.de\\\/www\\\/2015\\\/08\\\/02\\\/the-bards-tale-iv-warten-auf-herbst-2017\\\/#breadcrumb\"},\"inLanguage\":\"de\",\"potentialAction\":[{\"@type\":\"ReadAction\",\"target\":[\"https:\\\/\\\/www.oliver-kilb.de\\\/www\\\/2015\\\/08\\\/02\\\/the-bards-tale-iv-warten-auf-herbst-2017\\\/\"]}]},{\"@type\":\"ImageObject\",\"inLanguage\":\"de\",\"@id\":\"https:\\\/\\\/www.oliver-kilb.de\\\/www\\\/2015\\\/08\\\/02\\\/the-bards-tale-iv-warten-auf-herbst-2017\\\/#primaryimage\",\"url\":\"https:\\\/\\\/www.oliver-kilb.de\\\/www\\\/wp-content\\\/uploads\\\/2024\\\/10\\\/bards-tale-iv_02.jpg\",\"contentUrl\":\"https:\\\/\\\/www.oliver-kilb.de\\\/www\\\/wp-content\\\/uploads\\\/2024\\\/10\\\/bards-tale-iv_02.jpg\",\"width\":1025,\"height\":683,\"caption\":\"The Bard's Tale IV.\"},{\"@type\":\"BreadcrumbList\",\"@id\":\"https:\\\/\\\/www.oliver-kilb.de\\\/www\\\/2015\\\/08\\\/02\\\/the-bards-tale-iv-warten-auf-herbst-2017\\\/#breadcrumb\",\"itemListElement\":[{\"@type\":\"ListItem\",\"position\":1,\"name\":\"Startseite\",\"item\":\"https:\\\/\\\/www.oliver-kilb.de\\\/www\\\/\"},{\"@type\":\"ListItem\",\"position\":2,\"name\":\"The Bard&#8217;s Tale IV: Warten auf Herbst 2017.\"}]},{\"@type\":\"WebSite\",\"@id\":\"https:\\\/\\\/www.oliver-kilb.de\\\/www\\\/#website\",\"url\":\"https:\\\/\\\/www.oliver-kilb.de\\\/www\\\/\",\"name\":\"Japan, Wandern und Multimedia\",\"description\":\"\",\"publisher\":{\"@id\":\"https:\\\/\\\/www.oliver-kilb.de\\\/www\\\/#organization\"},\"potentialAction\":[{\"@type\":\"SearchAction\",\"target\":{\"@type\":\"EntryPoint\",\"urlTemplate\":\"https:\\\/\\\/www.oliver-kilb.de\\\/www\\\/?s={search_term_string}\"},\"query-input\":{\"@type\":\"PropertyValueSpecification\",\"valueRequired\":true,\"valueName\":\"search_term_string\"}}],\"inLanguage\":\"de\"},{\"@type\":\"Organization\",\"@id\":\"https:\\\/\\\/www.oliver-kilb.de\\\/www\\\/#organization\",\"name\":\"Japan, Wandern und Multimedia\",\"url\":\"https:\\\/\\\/www.oliver-kilb.de\\\/www\\\/\",\"logo\":{\"@type\":\"ImageObject\",\"inLanguage\":\"de\",\"@id\":\"https:\\\/\\\/www.oliver-kilb.de\\\/www\\\/#\\\/schema\\\/logo\\\/image\\\/\",\"url\":\"https:\\\/\\\/www.oliver-kilb.de\\\/www\\\/wp-content\\\/uploads\\\/2024\\\/07\\\/Fushimi-Inari-Schrein_075_DxO.jpg\",\"contentUrl\":\"https:\\\/\\\/www.oliver-kilb.de\\\/www\\\/wp-content\\\/uploads\\\/2024\\\/07\\\/Fushimi-Inari-Schrein_075_DxO.jpg\",\"width\":1380,\"height\":301,\"caption\":\"Japan, Wandern und Multimedia\"},\"image\":{\"@id\":\"https:\\\/\\\/www.oliver-kilb.de\\\/www\\\/#\\\/schema\\\/logo\\\/image\\\/\"}},{\"@type\":\"Person\",\"@id\":\"https:\\\/\\\/www.oliver-kilb.de\\\/www\\\/#\\\/schema\\\/person\\\/c2b19a881050135aa248a8851b7b4250\",\"name\":\"Oliver Kilb\",\"image\":{\"@type\":\"ImageObject\",\"inLanguage\":\"de\",\"@id\":\"https:\\\/\\\/secure.gravatar.com\\\/avatar\\\/4da50eb2c6eb71b0641229eed4a38d05c8d4b458a59355cca0d02b57303d6ffd?s=96&d=mm&r=g\",\"url\":\"https:\\\/\\\/secure.gravatar.com\\\/avatar\\\/4da50eb2c6eb71b0641229eed4a38d05c8d4b458a59355cca0d02b57303d6ffd?s=96&d=mm&r=g\",\"contentUrl\":\"https:\\\/\\\/secure.gravatar.com\\\/avatar\\\/4da50eb2c6eb71b0641229eed4a38d05c8d4b458a59355cca0d02b57303d6ffd?s=96&d=mm&r=g\",\"caption\":\"Oliver Kilb\"},\"sameAs\":[\"https:\\\/\\\/www.oliver-kilb.de\\\/www\"],\"url\":\"https:\\\/\\\/www.oliver-kilb.de\\\/www\\\/author\\\/oliver-kilb\\\/\"}]}<\/script>\n<!-- \/ Yoast SEO plugin. -->","yoast_head_json":{"title":"The Bard's Tale IV: Warten auf Herbst 2017. - Japan, Wandern und Multimedia","description":"Was passierte k\u00fcrzlich? Via Kickstarter wird Geld gesammelt, um The Bard's Tale 4 zu produzieren, nat\u00fcrlich bin ich Backer!","robots":{"index":"index","follow":"follow","max-snippet":"max-snippet:-1","max-image-preview":"max-image-preview:large","max-video-preview":"max-video-preview:-1"},"canonical":"https:\/\/www.oliver-kilb.de\/www\/2015\/08\/02\/the-bards-tale-iv-warten-auf-herbst-2017\/","og_locale":"de_DE","og_type":"article","og_title":"The Bard's Tale IV: Warten auf Herbst 2017. - Japan, Wandern und Multimedia","og_description":"Was passierte k\u00fcrzlich? Via Kickstarter wird Geld gesammelt, um The Bard's Tale 4 zu produzieren, nat\u00fcrlich bin ich Backer!","og_url":"https:\/\/www.oliver-kilb.de\/www\/2015\/08\/02\/the-bards-tale-iv-warten-auf-herbst-2017\/","og_site_name":"Japan, Wandern und Multimedia","article_published_time":"2015-08-02T17:11:00+00:00","article_modified_time":"2024-10-28T19:27:58+00:00","og_image":[{"width":1025,"height":683,"url":"https:\/\/www.oliver-kilb.de\/www\/wp-content\/uploads\/2024\/10\/bards-tale-iv_02.jpg","type":"image\/jpeg"}],"author":"Oliver Kilb","twitter_card":"summary_large_image","twitter_misc":{"Verfasst von":"Oliver Kilb","Gesch\u00e4tzte Lesezeit":"2\u00a0Minuten"},"schema":{"@context":"https:\/\/schema.org","@graph":[{"@type":"Article","@id":"https:\/\/www.oliver-kilb.de\/www\/2015\/08\/02\/the-bards-tale-iv-warten-auf-herbst-2017\/#article","isPartOf":{"@id":"https:\/\/www.oliver-kilb.de\/www\/2015\/08\/02\/the-bards-tale-iv-warten-auf-herbst-2017\/"},"author":{"name":"Oliver Kilb","@id":"https:\/\/www.oliver-kilb.de\/www\/#\/schema\/person\/c2b19a881050135aa248a8851b7b4250"},"headline":"The Bard&#8217;s Tale IV: Warten auf Herbst 2017.","datePublished":"2015-08-02T17:11:00+00:00","dateModified":"2024-10-28T19:27:58+00:00","mainEntityOfPage":{"@id":"https:\/\/www.oliver-kilb.de\/www\/2015\/08\/02\/the-bards-tale-iv-warten-auf-herbst-2017\/"},"wordCount":194,"commentCount":0,"publisher":{"@id":"https:\/\/www.oliver-kilb.de\/www\/#organization"},"image":{"@id":"https:\/\/www.oliver-kilb.de\/www\/2015\/08\/02\/the-bards-tale-iv-warten-auf-herbst-2017\/#primaryimage"},"thumbnailUrl":"https:\/\/www.oliver-kilb.de\/www\/wp-content\/uploads\/2024\/10\/bards-tale-iv_02.jpg","keywords":["The Bard's Tale"],"articleSection":["Blog"],"inLanguage":"de","potentialAction":[{"@type":"CommentAction","name":"Comment","target":["https:\/\/www.oliver-kilb.de\/www\/2015\/08\/02\/the-bards-tale-iv-warten-auf-herbst-2017\/#respond"]}]},{"@type":"WebPage","@id":"https:\/\/www.oliver-kilb.de\/www\/2015\/08\/02\/the-bards-tale-iv-warten-auf-herbst-2017\/","url":"https:\/\/www.oliver-kilb.de\/www\/2015\/08\/02\/the-bards-tale-iv-warten-auf-herbst-2017\/","name":"The Bard's Tale IV: Warten auf Herbst 2017. - Japan, Wandern und Multimedia","isPartOf":{"@id":"https:\/\/www.oliver-kilb.de\/www\/#website"},"primaryImageOfPage":{"@id":"https:\/\/www.oliver-kilb.de\/www\/2015\/08\/02\/the-bards-tale-iv-warten-auf-herbst-2017\/#primaryimage"},"image":{"@id":"https:\/\/www.oliver-kilb.de\/www\/2015\/08\/02\/the-bards-tale-iv-warten-auf-herbst-2017\/#primaryimage"},"thumbnailUrl":"https:\/\/www.oliver-kilb.de\/www\/wp-content\/uploads\/2024\/10\/bards-tale-iv_02.jpg","datePublished":"2015-08-02T17:11:00+00:00","dateModified":"2024-10-28T19:27:58+00:00","description":"Was passierte k\u00fcrzlich? Via Kickstarter wird Geld gesammelt, um The Bard's Tale 4 zu produzieren, nat\u00fcrlich bin ich Backer!","breadcrumb":{"@id":"https:\/\/www.oliver-kilb.de\/www\/2015\/08\/02\/the-bards-tale-iv-warten-auf-herbst-2017\/#breadcrumb"},"inLanguage":"de","potentialAction":[{"@type":"ReadAction","target":["https:\/\/www.oliver-kilb.de\/www\/2015\/08\/02\/the-bards-tale-iv-warten-auf-herbst-2017\/"]}]},{"@type":"ImageObject","inLanguage":"de","@id":"https:\/\/www.oliver-kilb.de\/www\/2015\/08\/02\/the-bards-tale-iv-warten-auf-herbst-2017\/#primaryimage","url":"https:\/\/www.oliver-kilb.de\/www\/wp-content\/uploads\/2024\/10\/bards-tale-iv_02.jpg","contentUrl":"https:\/\/www.oliver-kilb.de\/www\/wp-content\/uploads\/2024\/10\/bards-tale-iv_02.jpg","width":1025,"height":683,"caption":"The Bard's Tale IV."},{"@type":"BreadcrumbList","@id":"https:\/\/www.oliver-kilb.de\/www\/2015\/08\/02\/the-bards-tale-iv-warten-auf-herbst-2017\/#breadcrumb","itemListElement":[{"@type":"ListItem","position":1,"name":"Startseite","item":"https:\/\/www.oliver-kilb.de\/www\/"},{"@type":"ListItem","position":2,"name":"The Bard&#8217;s Tale IV: Warten auf Herbst 2017."}]},{"@type":"WebSite","@id":"https:\/\/www.oliver-kilb.de\/www\/#website","url":"https:\/\/www.oliver-kilb.de\/www\/","name":"Japan, Wandern und Multimedia","description":"","publisher":{"@id":"https:\/\/www.oliver-kilb.de\/www\/#organization"},"potentialAction":[{"@type":"SearchAction","target":{"@type":"EntryPoint","urlTemplate":"https:\/\/www.oliver-kilb.de\/www\/?s={search_term_string}"},"query-input":{"@type":"PropertyValueSpecification","valueRequired":true,"valueName":"search_term_string"}}],"inLanguage":"de"},{"@type":"Organization","@id":"https:\/\/www.oliver-kilb.de\/www\/#organization","name":"Japan, Wandern und Multimedia","url":"https:\/\/www.oliver-kilb.de\/www\/","logo":{"@type":"ImageObject","inLanguage":"de","@id":"https:\/\/www.oliver-kilb.de\/www\/#\/schema\/logo\/image\/","url":"https:\/\/www.oliver-kilb.de\/www\/wp-content\/uploads\/2024\/07\/Fushimi-Inari-Schrein_075_DxO.jpg","contentUrl":"https:\/\/www.oliver-kilb.de\/www\/wp-content\/uploads\/2024\/07\/Fushimi-Inari-Schrein_075_DxO.jpg","width":1380,"height":301,"caption":"Japan, Wandern und Multimedia"},"image":{"@id":"https:\/\/www.oliver-kilb.de\/www\/#\/schema\/logo\/image\/"}},{"@type":"Person","@id":"https:\/\/www.oliver-kilb.de\/www\/#\/schema\/person\/c2b19a881050135aa248a8851b7b4250","name":"Oliver Kilb","image":{"@type":"ImageObject","inLanguage":"de","@id":"https:\/\/secure.gravatar.com\/avatar\/4da50eb2c6eb71b0641229eed4a38d05c8d4b458a59355cca0d02b57303d6ffd?s=96&d=mm&r=g","url":"https:\/\/secure.gravatar.com\/avatar\/4da50eb2c6eb71b0641229eed4a38d05c8d4b458a59355cca0d02b57303d6ffd?s=96&d=mm&r=g","contentUrl":"https:\/\/secure.gravatar.com\/avatar\/4da50eb2c6eb71b0641229eed4a38d05c8d4b458a59355cca0d02b57303d6ffd?s=96&d=mm&r=g","caption":"Oliver Kilb"},"sameAs":["https:\/\/www.oliver-kilb.de\/www"],"url":"https:\/\/www.oliver-kilb.de\/www\/author\/oliver-kilb\/"}]}},"amp_enabled":true,"_links":{"self":[{"href":"https:\/\/www.oliver-kilb.de\/www\/wp-json\/wp\/v2\/posts\/30152","targetHints":{"allow":["GET"]}}],"collection":[{"href":"https:\/\/www.oliver-kilb.de\/www\/wp-json\/wp\/v2\/posts"}],"about":[{"href":"https:\/\/www.oliver-kilb.de\/www\/wp-json\/wp\/v2\/types\/post"}],"author":[{"embeddable":true,"href":"https:\/\/www.oliver-kilb.de\/www\/wp-json\/wp\/v2\/users\/1"}],"replies":[{"embeddable":true,"href":"https:\/\/www.oliver-kilb.de\/www\/wp-json\/wp\/v2\/comments?post=30152"}],"version-history":[{"count":1,"href":"https:\/\/www.oliver-kilb.de\/www\/wp-json\/wp\/v2\/posts\/30152\/revisions"}],"predecessor-version":[{"id":30156,"href":"https:\/\/www.oliver-kilb.de\/www\/wp-json\/wp\/v2\/posts\/30152\/revisions\/30156"}],"wp:featuredmedia":[{"embeddable":true,"href":"https:\/\/www.oliver-kilb.de\/www\/wp-json\/wp\/v2\/media\/30155"}],"wp:attachment":[{"href":"https:\/\/www.oliver-kilb.de\/www\/wp-json\/wp\/v2\/media?parent=30152"}],"wp:term":[{"taxonomy":"category","embeddable":true,"href":"https:\/\/www.oliver-kilb.de\/www\/wp-json\/wp\/v2\/categories?post=30152"},{"taxonomy":"post_tag","embeddable":true,"href":"https:\/\/www.oliver-kilb.de\/www\/wp-json\/wp\/v2\/tags?post=30152"}],"curies":[{"name":"wp","href":"https:\/\/api.w.org\/{rel}","templated":true}]}}