{"id":29963,"date":"2015-05-03T13:02:00","date_gmt":"2015-05-03T11:02:00","guid":{"rendered":"https:\/\/www.oliver-kilb.de\/www\/?p=29963"},"modified":"2024-10-28T20:23:03","modified_gmt":"2024-10-28T19:23:03","slug":"serif-affinity-photo-der-kuenftige-photoshop-killer","status":"publish","type":"post","link":"https:\/\/www.oliver-kilb.de\/www\/2015\/05\/03\/serif-affinity-photo-der-kuenftige-photoshop-killer\/","title":{"rendered":"Serif Affinity Photo: Der k\u00fcnftige Photoshop-Killer?"},"content":{"rendered":"\n<p><strong>In den letzten Wochen geisterte immer \u00f6fter ein Name durch die Fachpresse und diverse Kreativ-Foren: Affinity Photo!<\/strong><\/p>\n\n\n\n<h2 class=\"wp-block-heading\">Affinity Photo &#8211; der k\u00fcnftige Photoshop-Nachfolger?<\/h2>\n\n\n\n<p>Diese Software soll\u00a0sich anschicken, der ewigen Nummer 1 in Sachen Bildbearbeitung, n\u00e4mlich Photoshop, den Rang abzulaufen.\u00a0<em>Affinity Photo<\/em>, der <em>Photoshop-Killer<\/em>?<\/p>\n\n\n\n<p>Von der Firma hinter diesem Produkt (<a href=\"http:\/\/www.serif.com\" target=\"_blank\" rel=\"noreferrer noopener\">Serif<\/a>) hatte ich bis vor Kurzem noch nie etwas geh\u00f6rt. Bislang ist sie eher im Consumersegment aufgetreten und besetzte dort die untere Preisklasse (was per se nichts Schlechtes ist). Aber anscheinend wurde schon vor einigen Jahren beschlossen, den Platzhirsch Adobe anzugreifen, und so begann man mit der Erstellung eines Vektor-Zeichenprogramms (<a href=\"https:\/\/affinity.serif.com\/de\/\" target=\"_blank\" rel=\"noreferrer noopener\">Affinity Designer<\/a>), eines Desktop-Publishing Programms und eben eines Photoshop-Killers (<a href=\"https:\/\/affinity.serif.com\/de\/photo\/\" target=\"_blank\" rel=\"noreferrer noopener\">Affinity Photo<\/a>). Der Affinity Designer ist bereits f\u00fcr Apple-Plattformen verf\u00fcgbar, und Affinity Photo ist als (stabile) Beta-Version kostenlos nach einer Registrierung f\u00fcr den Mac zum Download bereits.<\/p>\n\n\n\n<p>Jetzt ist es auf meinem Rechner und wird bei Gelegenheit gr\u00fcndlich getestet. Der erste Eindruck ist super &#8211; es k\u00f6nnte wirklich sein, dass dieses Produkt bei mir Photoshop abl\u00f6sen wird! (Und f\u00fcr die, die mich nicht so gut kennen: Ich komme vom Amiga (DeluxePaint) und nutze&nbsp;Photoshop seit der zweiten H\u00e4lfte der 1990er Jahre.)<\/p>\n\n\n<div class=\"wp-block-image\">\n<figure class=\"alignleft size-full is-resized\"><a href=\"https:\/\/www.oliver-kilb.de\/www\/wp-content\/uploads\/2024\/10\/Photoshop_Javascript.jpg\"><img loading=\"lazy\" decoding=\"async\" width=\"1068\" height=\"559\" src=\"https:\/\/www.oliver-kilb.de\/www\/wp-content\/uploads\/2024\/10\/Photoshop_Javascript.jpg\" alt=\"\" class=\"wp-image-29965\" style=\"width:300px\" srcset=\"https:\/\/www.oliver-kilb.de\/www\/wp-content\/uploads\/2024\/10\/Photoshop_Javascript.jpg 1068w, https:\/\/www.oliver-kilb.de\/www\/wp-content\/uploads\/2024\/10\/Photoshop_Javascript-500x262.jpg 500w, https:\/\/www.oliver-kilb.de\/www\/wp-content\/uploads\/2024\/10\/Photoshop_Javascript-300x157.jpg 300w, https:\/\/www.oliver-kilb.de\/www\/wp-content\/uploads\/2024\/10\/Photoshop_Javascript-768x402.jpg 768w\" sizes=\"auto, (max-width: 1068px) 100vw, 1068px\" \/><\/a><figcaption class=\"wp-element-caption\">Auszug aus JavaScript-Datei f\u00fcr Photoshop, die automatisch ein Fotomosaik in beliebiger Gr\u00f6\u00dfe mit beliebig vielen Zeilen und Spalten anlegt.<\/figcaption><\/figure>\n<\/div>\n\n\n<p>Das einzige Killerfeature, das (noch) fehlt: Scripting! Damit meine ich keine Makros (oder &#8222;Actions&#8220;, wie es bei Photoshop genannt wird), sondern die F\u00e4higkeit, die Anwendung mit einem extern geschriebenen und aufgerufenen Programmcode komplett &#8222;programmiert&#8220; fernzusteuern. Bei Photoshop geht so etwas, und man kann beeindruckende Dinge damit tun. Ich habe einige in JavaScript geschriebene Tools, die je um 1.000 Zeilen Code haben, und sie unterst\u00fctzen meine privaten Bed\u00fcrfnisse ungemein.<\/p>\n\n\n\n<p>Ihr wisst ja, dass ich pers\u00f6nlich das Abo-Modell von Adobe als die schlimmste Entscheidung empfinde, die Adobe h\u00e4tte treffen k\u00f6nnen. Ich h\u00e4tte mit restriktiverer Update-Politik leben k\u00f6nnen, mit einer Anhebung der Update-Preise &#8211; aber nicht mit einer lebenslangen Zwangsabgabe! (Und bevor mir jetzt jemand kommt, ich k\u00f6nne das Abo-Modell ja k\u00fcndigen: Und was mache ich, wenn ich in 1-2 Jahren einfach mal alte PSD-Dateien \u00f6ffnen und weiterbearbeiten m\u00f6chte?)<\/p>\n\n\n\n<p>Es scheint noch sehr vielen anderen kreativen Menschen so zu gehen, denn man merkt an der generellen Aufregung: Hier k\u00f6nnte zum ersten Mal eine echte Alternative zu Photoshop heranwachsen! In der <a href=\"http:\/\/www.heise.de\/ct\/ausgabe\/2015-8-Vorschau-2575288.html\" target=\"_blank\" rel=\"noreferrer noopener\">c&#8217;t 9\/15<\/a> wurde ebenfalls ein sehr wohlwollender Artikel ver\u00f6ffentlicht. Die Scripting-Engine scheint irgendwann zu kommen &#8211; wenn sie dann da ist, k\u00f6nnte es sein, dass ich Photoshop nach gut 20 Jahren den R\u00fccken kehren werde!<\/p>\n","protected":false},"excerpt":{"rendered":"<p>In den letzten Wochen geisterte immer \u00f6fter ein Name durch die Fachpresse und diverse Kreativ-Foren: Affinity Photo! <\/p>\n","protected":false},"author":1,"featured_media":0,"comment_status":"open","ping_status":"open","sticky":false,"template":"","format":"standard","meta":{"iawp_total_views":5,"footnotes":""},"categories":[15],"tags":[543,544,445],"class_list":["post-29963","post","type-post","status-publish","format-standard","hentry","category-blog","tag-affinity","tag-affinity-photo","tag-photoshop"],"yoast_head":"<!-- This site is optimized with the Yoast SEO plugin v27.3 - https:\/\/yoast.com\/product\/yoast-seo-wordpress\/ -->\n<title>Serif Affinity Photo: Der k\u00fcnftige Photoshop-Killer? - Japan, Wandern und Multimedia<\/title>\n<meta name=\"description\" content=\"In den letzten Wochen geisterte immer \u00f6fter ein Name durch die Fachpresse und diverse Kreativ-Foren: Affinity Photo!\" \/>\n<meta name=\"robots\" content=\"index, follow, max-snippet:-1, max-image-preview:large, max-video-preview:-1\" \/>\n<link rel=\"canonical\" href=\"https:\/\/www.oliver-kilb.de\/www\/2015\/05\/03\/serif-affinity-photo-der-kuenftige-photoshop-killer\/\" \/>\n<meta property=\"og:locale\" content=\"de_DE\" \/>\n<meta property=\"og:type\" content=\"article\" \/>\n<meta property=\"og:title\" content=\"Serif Affinity Photo: Der k\u00fcnftige Photoshop-Killer? - Japan, Wandern und Multimedia\" \/>\n<meta property=\"og:description\" content=\"In den letzten Wochen geisterte immer \u00f6fter ein Name durch die Fachpresse und diverse Kreativ-Foren: Affinity Photo!\" \/>\n<meta property=\"og:url\" content=\"https:\/\/www.oliver-kilb.de\/www\/2015\/05\/03\/serif-affinity-photo-der-kuenftige-photoshop-killer\/\" \/>\n<meta property=\"og:site_name\" content=\"Japan, Wandern und Multimedia\" \/>\n<meta property=\"article:published_time\" content=\"2015-05-03T11:02:00+00:00\" \/>\n<meta property=\"article:modified_time\" content=\"2024-10-28T19:23:03+00:00\" \/>\n<meta property=\"og:image\" content=\"https:\/\/www.oliver-kilb.de\/www\/wp-content\/uploads\/2024\/10\/Photoshop_Javascript.jpg\" \/>\n\t<meta property=\"og:image:width\" content=\"1068\" \/>\n\t<meta property=\"og:image:height\" content=\"559\" \/>\n\t<meta property=\"og:image:type\" content=\"image\/jpeg\" \/>\n<meta name=\"author\" content=\"Oliver Kilb\" \/>\n<meta name=\"twitter:card\" content=\"summary_large_image\" \/>\n<meta name=\"twitter:label1\" content=\"Verfasst von\" \/>\n\t<meta name=\"twitter:data1\" content=\"Oliver Kilb\" \/>\n\t<meta name=\"twitter:label2\" content=\"Gesch\u00e4tzte Lesezeit\" \/>\n\t<meta name=\"twitter:data2\" content=\"3\u00a0Minuten\" \/>\n<script type=\"application\/ld+json\" class=\"yoast-schema-graph\">{\"@context\":\"https:\\\/\\\/schema.org\",\"@graph\":[{\"@type\":\"Article\",\"@id\":\"https:\\\/\\\/www.oliver-kilb.de\\\/www\\\/2015\\\/05\\\/03\\\/serif-affinity-photo-der-kuenftige-photoshop-killer\\\/#article\",\"isPartOf\":{\"@id\":\"https:\\\/\\\/www.oliver-kilb.de\\\/www\\\/2015\\\/05\\\/03\\\/serif-affinity-photo-der-kuenftige-photoshop-killer\\\/\"},\"author\":{\"name\":\"Oliver Kilb\",\"@id\":\"https:\\\/\\\/www.oliver-kilb.de\\\/www\\\/#\\\/schema\\\/person\\\/c2b19a881050135aa248a8851b7b4250\"},\"headline\":\"Serif Affinity Photo: Der k\u00fcnftige Photoshop-Killer?\",\"datePublished\":\"2015-05-03T11:02:00+00:00\",\"dateModified\":\"2024-10-28T19:23:03+00:00\",\"mainEntityOfPage\":{\"@id\":\"https:\\\/\\\/www.oliver-kilb.de\\\/www\\\/2015\\\/05\\\/03\\\/serif-affinity-photo-der-kuenftige-photoshop-killer\\\/\"},\"wordCount\":444,\"commentCount\":0,\"publisher\":{\"@id\":\"https:\\\/\\\/www.oliver-kilb.de\\\/www\\\/#organization\"},\"image\":{\"@id\":\"https:\\\/\\\/www.oliver-kilb.de\\\/www\\\/2015\\\/05\\\/03\\\/serif-affinity-photo-der-kuenftige-photoshop-killer\\\/#primaryimage\"},\"thumbnailUrl\":\"https:\\\/\\\/www.oliver-kilb.de\\\/www\\\/wp-content\\\/uploads\\\/2024\\\/10\\\/Photoshop_Javascript.jpg\",\"keywords\":[\"Affinity\",\"Affinity Photo\",\"Photoshop\"],\"articleSection\":[\"Blog\"],\"inLanguage\":\"de\",\"potentialAction\":[{\"@type\":\"CommentAction\",\"name\":\"Comment\",\"target\":[\"https:\\\/\\\/www.oliver-kilb.de\\\/www\\\/2015\\\/05\\\/03\\\/serif-affinity-photo-der-kuenftige-photoshop-killer\\\/#respond\"]}]},{\"@type\":\"WebPage\",\"@id\":\"https:\\\/\\\/www.oliver-kilb.de\\\/www\\\/2015\\\/05\\\/03\\\/serif-affinity-photo-der-kuenftige-photoshop-killer\\\/\",\"url\":\"https:\\\/\\\/www.oliver-kilb.de\\\/www\\\/2015\\\/05\\\/03\\\/serif-affinity-photo-der-kuenftige-photoshop-killer\\\/\",\"name\":\"Serif Affinity Photo: Der k\u00fcnftige Photoshop-Killer? - Japan, Wandern und Multimedia\",\"isPartOf\":{\"@id\":\"https:\\\/\\\/www.oliver-kilb.de\\\/www\\\/#website\"},\"primaryImageOfPage\":{\"@id\":\"https:\\\/\\\/www.oliver-kilb.de\\\/www\\\/2015\\\/05\\\/03\\\/serif-affinity-photo-der-kuenftige-photoshop-killer\\\/#primaryimage\"},\"image\":{\"@id\":\"https:\\\/\\\/www.oliver-kilb.de\\\/www\\\/2015\\\/05\\\/03\\\/serif-affinity-photo-der-kuenftige-photoshop-killer\\\/#primaryimage\"},\"thumbnailUrl\":\"https:\\\/\\\/www.oliver-kilb.de\\\/www\\\/wp-content\\\/uploads\\\/2024\\\/10\\\/Photoshop_Javascript.jpg\",\"datePublished\":\"2015-05-03T11:02:00+00:00\",\"dateModified\":\"2024-10-28T19:23:03+00:00\",\"description\":\"In den letzten Wochen geisterte immer \u00f6fter ein Name durch die Fachpresse und diverse Kreativ-Foren: Affinity Photo!\",\"breadcrumb\":{\"@id\":\"https:\\\/\\\/www.oliver-kilb.de\\\/www\\\/2015\\\/05\\\/03\\\/serif-affinity-photo-der-kuenftige-photoshop-killer\\\/#breadcrumb\"},\"inLanguage\":\"de\",\"potentialAction\":[{\"@type\":\"ReadAction\",\"target\":[\"https:\\\/\\\/www.oliver-kilb.de\\\/www\\\/2015\\\/05\\\/03\\\/serif-affinity-photo-der-kuenftige-photoshop-killer\\\/\"]}]},{\"@type\":\"ImageObject\",\"inLanguage\":\"de\",\"@id\":\"https:\\\/\\\/www.oliver-kilb.de\\\/www\\\/2015\\\/05\\\/03\\\/serif-affinity-photo-der-kuenftige-photoshop-killer\\\/#primaryimage\",\"url\":\"https:\\\/\\\/www.oliver-kilb.de\\\/www\\\/wp-content\\\/uploads\\\/2024\\\/10\\\/Photoshop_Javascript.jpg\",\"contentUrl\":\"https:\\\/\\\/www.oliver-kilb.de\\\/www\\\/wp-content\\\/uploads\\\/2024\\\/10\\\/Photoshop_Javascript.jpg\"},{\"@type\":\"BreadcrumbList\",\"@id\":\"https:\\\/\\\/www.oliver-kilb.de\\\/www\\\/2015\\\/05\\\/03\\\/serif-affinity-photo-der-kuenftige-photoshop-killer\\\/#breadcrumb\",\"itemListElement\":[{\"@type\":\"ListItem\",\"position\":1,\"name\":\"Startseite\",\"item\":\"https:\\\/\\\/www.oliver-kilb.de\\\/www\\\/\"},{\"@type\":\"ListItem\",\"position\":2,\"name\":\"Serif Affinity Photo: Der k\u00fcnftige Photoshop-Killer?\"}]},{\"@type\":\"WebSite\",\"@id\":\"https:\\\/\\\/www.oliver-kilb.de\\\/www\\\/#website\",\"url\":\"https:\\\/\\\/www.oliver-kilb.de\\\/www\\\/\",\"name\":\"Japan, Wandern und Multimedia\",\"description\":\"\",\"publisher\":{\"@id\":\"https:\\\/\\\/www.oliver-kilb.de\\\/www\\\/#organization\"},\"potentialAction\":[{\"@type\":\"SearchAction\",\"target\":{\"@type\":\"EntryPoint\",\"urlTemplate\":\"https:\\\/\\\/www.oliver-kilb.de\\\/www\\\/?s={search_term_string}\"},\"query-input\":{\"@type\":\"PropertyValueSpecification\",\"valueRequired\":true,\"valueName\":\"search_term_string\"}}],\"inLanguage\":\"de\"},{\"@type\":\"Organization\",\"@id\":\"https:\\\/\\\/www.oliver-kilb.de\\\/www\\\/#organization\",\"name\":\"Japan, Wandern und Multimedia\",\"url\":\"https:\\\/\\\/www.oliver-kilb.de\\\/www\\\/\",\"logo\":{\"@type\":\"ImageObject\",\"inLanguage\":\"de\",\"@id\":\"https:\\\/\\\/www.oliver-kilb.de\\\/www\\\/#\\\/schema\\\/logo\\\/image\\\/\",\"url\":\"https:\\\/\\\/www.oliver-kilb.de\\\/www\\\/wp-content\\\/uploads\\\/2024\\\/07\\\/Fushimi-Inari-Schrein_075_DxO.jpg\",\"contentUrl\":\"https:\\\/\\\/www.oliver-kilb.de\\\/www\\\/wp-content\\\/uploads\\\/2024\\\/07\\\/Fushimi-Inari-Schrein_075_DxO.jpg\",\"width\":1380,\"height\":301,\"caption\":\"Japan, Wandern und Multimedia\"},\"image\":{\"@id\":\"https:\\\/\\\/www.oliver-kilb.de\\\/www\\\/#\\\/schema\\\/logo\\\/image\\\/\"}},{\"@type\":\"Person\",\"@id\":\"https:\\\/\\\/www.oliver-kilb.de\\\/www\\\/#\\\/schema\\\/person\\\/c2b19a881050135aa248a8851b7b4250\",\"name\":\"Oliver Kilb\",\"image\":{\"@type\":\"ImageObject\",\"inLanguage\":\"de\",\"@id\":\"https:\\\/\\\/secure.gravatar.com\\\/avatar\\\/4da50eb2c6eb71b0641229eed4a38d05c8d4b458a59355cca0d02b57303d6ffd?s=96&d=mm&r=g\",\"url\":\"https:\\\/\\\/secure.gravatar.com\\\/avatar\\\/4da50eb2c6eb71b0641229eed4a38d05c8d4b458a59355cca0d02b57303d6ffd?s=96&d=mm&r=g\",\"contentUrl\":\"https:\\\/\\\/secure.gravatar.com\\\/avatar\\\/4da50eb2c6eb71b0641229eed4a38d05c8d4b458a59355cca0d02b57303d6ffd?s=96&d=mm&r=g\",\"caption\":\"Oliver Kilb\"},\"sameAs\":[\"https:\\\/\\\/www.oliver-kilb.de\\\/www\"],\"url\":\"https:\\\/\\\/www.oliver-kilb.de\\\/www\\\/author\\\/oliver-kilb\\\/\"}]}<\/script>\n<!-- \/ Yoast SEO plugin. -->","yoast_head_json":{"title":"Serif Affinity Photo: Der k\u00fcnftige Photoshop-Killer? - Japan, Wandern und Multimedia","description":"In den letzten Wochen geisterte immer \u00f6fter ein Name durch die Fachpresse und diverse Kreativ-Foren: Affinity Photo!","robots":{"index":"index","follow":"follow","max-snippet":"max-snippet:-1","max-image-preview":"max-image-preview:large","max-video-preview":"max-video-preview:-1"},"canonical":"https:\/\/www.oliver-kilb.de\/www\/2015\/05\/03\/serif-affinity-photo-der-kuenftige-photoshop-killer\/","og_locale":"de_DE","og_type":"article","og_title":"Serif Affinity Photo: Der k\u00fcnftige Photoshop-Killer? - Japan, Wandern und Multimedia","og_description":"In den letzten Wochen geisterte immer \u00f6fter ein Name durch die Fachpresse und diverse Kreativ-Foren: Affinity Photo!","og_url":"https:\/\/www.oliver-kilb.de\/www\/2015\/05\/03\/serif-affinity-photo-der-kuenftige-photoshop-killer\/","og_site_name":"Japan, Wandern und Multimedia","article_published_time":"2015-05-03T11:02:00+00:00","article_modified_time":"2024-10-28T19:23:03+00:00","og_image":[{"width":1068,"height":559,"url":"https:\/\/www.oliver-kilb.de\/www\/wp-content\/uploads\/2024\/10\/Photoshop_Javascript.jpg","type":"image\/jpeg"}],"author":"Oliver Kilb","twitter_card":"summary_large_image","twitter_misc":{"Verfasst von":"Oliver Kilb","Gesch\u00e4tzte Lesezeit":"3\u00a0Minuten"},"schema":{"@context":"https:\/\/schema.org","@graph":[{"@type":"Article","@id":"https:\/\/www.oliver-kilb.de\/www\/2015\/05\/03\/serif-affinity-photo-der-kuenftige-photoshop-killer\/#article","isPartOf":{"@id":"https:\/\/www.oliver-kilb.de\/www\/2015\/05\/03\/serif-affinity-photo-der-kuenftige-photoshop-killer\/"},"author":{"name":"Oliver Kilb","@id":"https:\/\/www.oliver-kilb.de\/www\/#\/schema\/person\/c2b19a881050135aa248a8851b7b4250"},"headline":"Serif Affinity Photo: Der k\u00fcnftige Photoshop-Killer?","datePublished":"2015-05-03T11:02:00+00:00","dateModified":"2024-10-28T19:23:03+00:00","mainEntityOfPage":{"@id":"https:\/\/www.oliver-kilb.de\/www\/2015\/05\/03\/serif-affinity-photo-der-kuenftige-photoshop-killer\/"},"wordCount":444,"commentCount":0,"publisher":{"@id":"https:\/\/www.oliver-kilb.de\/www\/#organization"},"image":{"@id":"https:\/\/www.oliver-kilb.de\/www\/2015\/05\/03\/serif-affinity-photo-der-kuenftige-photoshop-killer\/#primaryimage"},"thumbnailUrl":"https:\/\/www.oliver-kilb.de\/www\/wp-content\/uploads\/2024\/10\/Photoshop_Javascript.jpg","keywords":["Affinity","Affinity Photo","Photoshop"],"articleSection":["Blog"],"inLanguage":"de","potentialAction":[{"@type":"CommentAction","name":"Comment","target":["https:\/\/www.oliver-kilb.de\/www\/2015\/05\/03\/serif-affinity-photo-der-kuenftige-photoshop-killer\/#respond"]}]},{"@type":"WebPage","@id":"https:\/\/www.oliver-kilb.de\/www\/2015\/05\/03\/serif-affinity-photo-der-kuenftige-photoshop-killer\/","url":"https:\/\/www.oliver-kilb.de\/www\/2015\/05\/03\/serif-affinity-photo-der-kuenftige-photoshop-killer\/","name":"Serif Affinity Photo: Der k\u00fcnftige Photoshop-Killer? - Japan, Wandern und Multimedia","isPartOf":{"@id":"https:\/\/www.oliver-kilb.de\/www\/#website"},"primaryImageOfPage":{"@id":"https:\/\/www.oliver-kilb.de\/www\/2015\/05\/03\/serif-affinity-photo-der-kuenftige-photoshop-killer\/#primaryimage"},"image":{"@id":"https:\/\/www.oliver-kilb.de\/www\/2015\/05\/03\/serif-affinity-photo-der-kuenftige-photoshop-killer\/#primaryimage"},"thumbnailUrl":"https:\/\/www.oliver-kilb.de\/www\/wp-content\/uploads\/2024\/10\/Photoshop_Javascript.jpg","datePublished":"2015-05-03T11:02:00+00:00","dateModified":"2024-10-28T19:23:03+00:00","description":"In den letzten Wochen geisterte immer \u00f6fter ein Name durch die Fachpresse und diverse Kreativ-Foren: Affinity Photo!","breadcrumb":{"@id":"https:\/\/www.oliver-kilb.de\/www\/2015\/05\/03\/serif-affinity-photo-der-kuenftige-photoshop-killer\/#breadcrumb"},"inLanguage":"de","potentialAction":[{"@type":"ReadAction","target":["https:\/\/www.oliver-kilb.de\/www\/2015\/05\/03\/serif-affinity-photo-der-kuenftige-photoshop-killer\/"]}]},{"@type":"ImageObject","inLanguage":"de","@id":"https:\/\/www.oliver-kilb.de\/www\/2015\/05\/03\/serif-affinity-photo-der-kuenftige-photoshop-killer\/#primaryimage","url":"https:\/\/www.oliver-kilb.de\/www\/wp-content\/uploads\/2024\/10\/Photoshop_Javascript.jpg","contentUrl":"https:\/\/www.oliver-kilb.de\/www\/wp-content\/uploads\/2024\/10\/Photoshop_Javascript.jpg"},{"@type":"BreadcrumbList","@id":"https:\/\/www.oliver-kilb.de\/www\/2015\/05\/03\/serif-affinity-photo-der-kuenftige-photoshop-killer\/#breadcrumb","itemListElement":[{"@type":"ListItem","position":1,"name":"Startseite","item":"https:\/\/www.oliver-kilb.de\/www\/"},{"@type":"ListItem","position":2,"name":"Serif Affinity Photo: Der k\u00fcnftige Photoshop-Killer?"}]},{"@type":"WebSite","@id":"https:\/\/www.oliver-kilb.de\/www\/#website","url":"https:\/\/www.oliver-kilb.de\/www\/","name":"Japan, Wandern und Multimedia","description":"","publisher":{"@id":"https:\/\/www.oliver-kilb.de\/www\/#organization"},"potentialAction":[{"@type":"SearchAction","target":{"@type":"EntryPoint","urlTemplate":"https:\/\/www.oliver-kilb.de\/www\/?s={search_term_string}"},"query-input":{"@type":"PropertyValueSpecification","valueRequired":true,"valueName":"search_term_string"}}],"inLanguage":"de"},{"@type":"Organization","@id":"https:\/\/www.oliver-kilb.de\/www\/#organization","name":"Japan, Wandern und Multimedia","url":"https:\/\/www.oliver-kilb.de\/www\/","logo":{"@type":"ImageObject","inLanguage":"de","@id":"https:\/\/www.oliver-kilb.de\/www\/#\/schema\/logo\/image\/","url":"https:\/\/www.oliver-kilb.de\/www\/wp-content\/uploads\/2024\/07\/Fushimi-Inari-Schrein_075_DxO.jpg","contentUrl":"https:\/\/www.oliver-kilb.de\/www\/wp-content\/uploads\/2024\/07\/Fushimi-Inari-Schrein_075_DxO.jpg","width":1380,"height":301,"caption":"Japan, Wandern und Multimedia"},"image":{"@id":"https:\/\/www.oliver-kilb.de\/www\/#\/schema\/logo\/image\/"}},{"@type":"Person","@id":"https:\/\/www.oliver-kilb.de\/www\/#\/schema\/person\/c2b19a881050135aa248a8851b7b4250","name":"Oliver Kilb","image":{"@type":"ImageObject","inLanguage":"de","@id":"https:\/\/secure.gravatar.com\/avatar\/4da50eb2c6eb71b0641229eed4a38d05c8d4b458a59355cca0d02b57303d6ffd?s=96&d=mm&r=g","url":"https:\/\/secure.gravatar.com\/avatar\/4da50eb2c6eb71b0641229eed4a38d05c8d4b458a59355cca0d02b57303d6ffd?s=96&d=mm&r=g","contentUrl":"https:\/\/secure.gravatar.com\/avatar\/4da50eb2c6eb71b0641229eed4a38d05c8d4b458a59355cca0d02b57303d6ffd?s=96&d=mm&r=g","caption":"Oliver Kilb"},"sameAs":["https:\/\/www.oliver-kilb.de\/www"],"url":"https:\/\/www.oliver-kilb.de\/www\/author\/oliver-kilb\/"}]}},"amp_enabled":true,"_links":{"self":[{"href":"https:\/\/www.oliver-kilb.de\/www\/wp-json\/wp\/v2\/posts\/29963","targetHints":{"allow":["GET"]}}],"collection":[{"href":"https:\/\/www.oliver-kilb.de\/www\/wp-json\/wp\/v2\/posts"}],"about":[{"href":"https:\/\/www.oliver-kilb.de\/www\/wp-json\/wp\/v2\/types\/post"}],"author":[{"embeddable":true,"href":"https:\/\/www.oliver-kilb.de\/www\/wp-json\/wp\/v2\/users\/1"}],"replies":[{"embeddable":true,"href":"https:\/\/www.oliver-kilb.de\/www\/wp-json\/wp\/v2\/comments?post=29963"}],"version-history":[{"count":1,"href":"https:\/\/www.oliver-kilb.de\/www\/wp-json\/wp\/v2\/posts\/29963\/revisions"}],"predecessor-version":[{"id":29966,"href":"https:\/\/www.oliver-kilb.de\/www\/wp-json\/wp\/v2\/posts\/29963\/revisions\/29966"}],"wp:attachment":[{"href":"https:\/\/www.oliver-kilb.de\/www\/wp-json\/wp\/v2\/media?parent=29963"}],"wp:term":[{"taxonomy":"category","embeddable":true,"href":"https:\/\/www.oliver-kilb.de\/www\/wp-json\/wp\/v2\/categories?post=29963"},{"taxonomy":"post_tag","embeddable":true,"href":"https:\/\/www.oliver-kilb.de\/www\/wp-json\/wp\/v2\/tags?post=29963"}],"curies":[{"name":"wp","href":"https:\/\/api.w.org\/{rel}","templated":true}]}}