{"id":29455,"date":"2014-10-05T19:32:00","date_gmt":"2014-10-05T17:32:00","guid":{"rendered":"https:\/\/www.oliver-kilb.de\/www\/?p=29455"},"modified":"2024-10-20T19:57:28","modified_gmt":"2024-10-20T17:57:28","slug":"ausflug-auf-den-fockenstein-1-564m","status":"publish","type":"post","link":"https:\/\/www.oliver-kilb.de\/www\/2014\/10\/05\/ausflug-auf-den-fockenstein-1-564m\/","title":{"rendered":"Ausflug auf den Fockenstein (1.564m)."},"content":{"rendered":"\n<p><strong>Nach einigen Wochen Zwangspause (meistens hatte das Wetter nicht gepasst), planten wir&nbsp;heute zum &#8222;Aufw\u00e4rmen&#8220; eine relativ leichte Tour: Auf den Fockenstein (1.564m) sollte es gehen.<\/strong><\/p>\n\n\n\n<h2 class=\"wp-block-heading\">Auf zum Fockenstein.<\/h2>\n\n\n<div class=\"wp-block-image\">\n<figure class=\"alignleft size-full is-resized\"><a href=\"https:\/\/www.oliver-kilb.de\/www\/wp-content\/uploads\/2024\/10\/IMG_0662.jpg\"><img loading=\"lazy\" decoding=\"async\" width=\"1200\" height=\"900\" src=\"https:\/\/www.oliver-kilb.de\/www\/wp-content\/uploads\/2024\/10\/IMG_0662.jpg\" alt=\"\" class=\"wp-image-29457\" style=\"width:300px\" srcset=\"https:\/\/www.oliver-kilb.de\/www\/wp-content\/uploads\/2024\/10\/IMG_0662.jpg 1200w, https:\/\/www.oliver-kilb.de\/www\/wp-content\/uploads\/2024\/10\/IMG_0662-500x375.jpg 500w, https:\/\/www.oliver-kilb.de\/www\/wp-content\/uploads\/2024\/10\/IMG_0662-300x225.jpg 300w, https:\/\/www.oliver-kilb.de\/www\/wp-content\/uploads\/2024\/10\/IMG_0662-768x576.jpg 768w\" sizes=\"auto, (max-width: 1200px) 100vw, 1200px\" \/><\/a><figcaption class=\"wp-element-caption\">Idyllischer Aufstieg am Morgen.<\/figcaption><\/figure>\n<\/div>\n\n\n<p>Wie viele andere sch\u00f6ne Wanderungen, die ich in diesem Jahr schon erleben durfte (z.B. auf den <a href=\"https:\/\/www.oliver-kilb.de\/wp\/2014\/06\/08\/ausflug-auf-den-wallberg-1-722m\/\">Wallberg<\/a> und auf den <a href=\"https:\/\/www.oliver-kilb.de\/wp\/2014\/06\/15\/auf-den-hirschberg-am-tegernsee-1-670m\/\">Hirschberg<\/a>), startet auch diese am <a href=\"https:\/\/de.wikipedia.org\/wiki\/Tegernsee\" target=\"_blank\" rel=\"noreferrer noopener\">Tegernsee<\/a>, genauer: In <a href=\"https:\/\/de.wikipedia.org\/wiki\/Bad_Wiessee\" target=\"_blank\" rel=\"noreferrer noopener\">Bad Wiessee<\/a>. Wenn man die Tour von dort aus startet, f\u00fchrt die Route&nbsp;\u00fcber die <a href=\"http:\/\/www.aueralm.de\" target=\"_blank\" rel=\"noreferrer noopener\">Aueralm<\/a>, die auf 1.270m liegt und ganzj\u00e4hrig bewirtet ist (Montag ist Ruhetag). Der Weg zur Aueralm ist&nbsp;gleichm\u00e4\u00dfig ansteigend, \u00fcber einen breiten Forstweg. Das hei\u00dft &#8211; eher langweilig&#8230; f\u00fcr Wanderer. Die Mountain-Biker sehen das nat\u00fcrlich anders: F\u00fcr diese ist es ein toller Weg, und entsprechend viele sieht man auch unterwegs.<\/p>\n\n\n<div class=\"wp-block-image\">\n<figure class=\"alignright size-full is-resized\"><a href=\"https:\/\/www.oliver-kilb.de\/www\/wp-content\/uploads\/2014\/10\/auer-alm_15.jpg\"><img loading=\"lazy\" decoding=\"async\" width=\"1200\" height=\"800\" src=\"https:\/\/www.oliver-kilb.de\/www\/wp-content\/uploads\/2014\/10\/auer-alm_15.jpg\" alt=\"\" class=\"wp-image-29459\" style=\"width:300px\" srcset=\"https:\/\/www.oliver-kilb.de\/www\/wp-content\/uploads\/2014\/10\/auer-alm_15.jpg 1200w, https:\/\/www.oliver-kilb.de\/www\/wp-content\/uploads\/2014\/10\/auer-alm_15-500x333.jpg 500w, https:\/\/www.oliver-kilb.de\/www\/wp-content\/uploads\/2014\/10\/auer-alm_15-300x200.jpg 300w, https:\/\/www.oliver-kilb.de\/www\/wp-content\/uploads\/2014\/10\/auer-alm_15-768x512.jpg 768w\" sizes=\"auto, (max-width: 1200px) 100vw, 1200px\" \/><\/a><figcaption class=\"wp-element-caption\">Auf der Aueralm.<\/figcaption><\/figure>\n<\/div>\n\n\n<p>Wir starteten um kurz nach 9 Uhr vom Parkplatz am S\u00f6llbach. Der Parkplatz ist geb\u00fchrenpflichtig, aber f\u00fcr 4 Euro kann man den ganzen Tag parken. Eigentlich wollten wir den Wanderweg vom Sonnbichl nehmen &#8211; wie wir sp\u00e4ter merkten, war es Gl\u00fcck, dass wir aus Versehen \u00fcber den S\u00f6llbachweg aufstiegen.<\/p>\n\n\n\n<p>Nach einem gem\u00fctlichen Aufstieg kehrten wir zu einer kleinen Rast in der Aueralm ein. Das Wetter war gut, und die Sicht ebenfalls. Ich bin dann nach einer kurzen Pause weiter zum <a href=\"https:\/\/de.wikipedia.org\/wiki\/Fockenstein\" target=\"_blank\" rel=\"noreferrer noopener\">Fockenstein<\/a> aufgebrochen. Etwa 10 Minuten nach der Aueralm zweigt rechts ein kleiner Wanderweg ab, die Abzweigung ist aber gut beschildert. Ab diesem Punkt steigt der Weg dann teilweise recht stark an und f\u00fchrt \u00fcber Wurzeln und Felsen mehr oder weniger direkt zum Gipfel. Obwohl der Weg insgesamt nicht schwer ist, braucht man f\u00fcr diese letzten 300 H\u00f6henmeter doch noch eine gewisse Kraftreserve, denn man steigt sie relativ schnell.<\/p>\n\n\n\n<figure class=\"wp-block-gallery has-nested-images columns-default is-cropped wp-block-gallery-1 is-layout-flex wp-block-gallery-is-layout-flex\">\n<figure class=\"wp-block-image size-large\"><img loading=\"lazy\" decoding=\"async\" width=\"1200\" height=\"800\" data-id=\"29461\" src=\"https:\/\/www.oliver-kilb.de\/www\/wp-content\/uploads\/2014\/10\/auer-alm_02.jpg\" alt=\"\" class=\"wp-image-29461\" srcset=\"https:\/\/www.oliver-kilb.de\/www\/wp-content\/uploads\/2014\/10\/auer-alm_02.jpg 1200w, https:\/\/www.oliver-kilb.de\/www\/wp-content\/uploads\/2014\/10\/auer-alm_02-500x333.jpg 500w, https:\/\/www.oliver-kilb.de\/www\/wp-content\/uploads\/2014\/10\/auer-alm_02-300x200.jpg 300w, https:\/\/www.oliver-kilb.de\/www\/wp-content\/uploads\/2014\/10\/auer-alm_02-768x512.jpg 768w\" sizes=\"auto, (max-width: 1200px) 100vw, 1200px\" \/><\/figure>\n\n\n\n<figure class=\"wp-block-image size-large\"><img loading=\"lazy\" decoding=\"async\" width=\"1200\" height=\"800\" data-id=\"29462\" src=\"https:\/\/www.oliver-kilb.de\/www\/wp-content\/uploads\/2014\/10\/auer-alm_14.jpg\" alt=\"\" class=\"wp-image-29462\" srcset=\"https:\/\/www.oliver-kilb.de\/www\/wp-content\/uploads\/2014\/10\/auer-alm_14.jpg 1200w, https:\/\/www.oliver-kilb.de\/www\/wp-content\/uploads\/2014\/10\/auer-alm_14-500x333.jpg 500w, https:\/\/www.oliver-kilb.de\/www\/wp-content\/uploads\/2014\/10\/auer-alm_14-300x200.jpg 300w, https:\/\/www.oliver-kilb.de\/www\/wp-content\/uploads\/2014\/10\/auer-alm_14-768x512.jpg 768w\" sizes=\"auto, (max-width: 1200px) 100vw, 1200px\" \/><\/figure>\n\n\n\n<figure class=\"wp-block-image size-large\"><img loading=\"lazy\" decoding=\"async\" width=\"1200\" height=\"800\" data-id=\"29460\" src=\"https:\/\/www.oliver-kilb.de\/www\/wp-content\/uploads\/2014\/10\/auer-alm_16.jpg\" alt=\"\" class=\"wp-image-29460\" srcset=\"https:\/\/www.oliver-kilb.de\/www\/wp-content\/uploads\/2014\/10\/auer-alm_16.jpg 1200w, https:\/\/www.oliver-kilb.de\/www\/wp-content\/uploads\/2014\/10\/auer-alm_16-500x333.jpg 500w, https:\/\/www.oliver-kilb.de\/www\/wp-content\/uploads\/2014\/10\/auer-alm_16-300x200.jpg 300w, https:\/\/www.oliver-kilb.de\/www\/wp-content\/uploads\/2014\/10\/auer-alm_16-768x512.jpg 768w\" sizes=\"auto, (max-width: 1200px) 100vw, 1200px\" \/><\/figure>\n<\/figure>\n\n\n\n<p>Vom Fockenstein aus hat man eine beeindruckende Panoramasicht, und man kann auch den Hirschberg und den Wallberg sehen, nat\u00fcrlich auch den Tegernsee.<\/p>\n\n\n\n<figure class=\"wp-block-image size-large\"><a href=\"https:\/\/www.oliver-kilb.de\/www\/wp-content\/uploads\/2014\/10\/fockenstein_47_stitch-scaled.jpg\"><img loading=\"lazy\" decoding=\"async\" width=\"2048\" height=\"322\" src=\"https:\/\/www.oliver-kilb.de\/www\/wp-content\/uploads\/2014\/10\/fockenstein_47_stitch-2048x322.jpg\" alt=\"\" class=\"wp-image-29463\" srcset=\"https:\/\/www.oliver-kilb.de\/www\/wp-content\/uploads\/2014\/10\/fockenstein_47_stitch-2048x322.jpg 2048w, https:\/\/www.oliver-kilb.de\/www\/wp-content\/uploads\/2014\/10\/fockenstein_47_stitch-500x79.jpg 500w, https:\/\/www.oliver-kilb.de\/www\/wp-content\/uploads\/2014\/10\/fockenstein_47_stitch-300x47.jpg 300w, https:\/\/www.oliver-kilb.de\/www\/wp-content\/uploads\/2014\/10\/fockenstein_47_stitch-768x121.jpg 768w, https:\/\/www.oliver-kilb.de\/www\/wp-content\/uploads\/2014\/10\/fockenstein_47_stitch-1536x241.jpg 1536w\" sizes=\"auto, (max-width: 2048px) 100vw, 2048px\" \/><\/a><\/figure>\n\n\n\n<hr class=\"wp-block-separator has-alpha-channel-opacity\"\/>\n\n\n\n<figure class=\"wp-block-gallery has-nested-images columns-6 is-cropped wp-block-gallery-2 is-layout-flex wp-block-gallery-is-layout-flex\">\n<figure class=\"wp-block-image size-large\"><img loading=\"lazy\" decoding=\"async\" width=\"1200\" height=\"800\" data-id=\"29468\" src=\"https:\/\/www.oliver-kilb.de\/www\/wp-content\/uploads\/2014\/10\/fockenstein_01.jpg\" alt=\"\" class=\"wp-image-29468\" srcset=\"https:\/\/www.oliver-kilb.de\/www\/wp-content\/uploads\/2014\/10\/fockenstein_01.jpg 1200w, https:\/\/www.oliver-kilb.de\/www\/wp-content\/uploads\/2014\/10\/fockenstein_01-500x333.jpg 500w, https:\/\/www.oliver-kilb.de\/www\/wp-content\/uploads\/2014\/10\/fockenstein_01-300x200.jpg 300w, https:\/\/www.oliver-kilb.de\/www\/wp-content\/uploads\/2014\/10\/fockenstein_01-768x512.jpg 768w\" sizes=\"auto, (max-width: 1200px) 100vw, 1200px\" \/><\/figure>\n\n\n\n<figure class=\"wp-block-image size-large\"><img loading=\"lazy\" decoding=\"async\" width=\"1200\" height=\"800\" data-id=\"29469\" src=\"https:\/\/www.oliver-kilb.de\/www\/wp-content\/uploads\/2014\/10\/fockenstein_02.jpg\" alt=\"\" class=\"wp-image-29469\" srcset=\"https:\/\/www.oliver-kilb.de\/www\/wp-content\/uploads\/2014\/10\/fockenstein_02.jpg 1200w, https:\/\/www.oliver-kilb.de\/www\/wp-content\/uploads\/2014\/10\/fockenstein_02-500x333.jpg 500w, https:\/\/www.oliver-kilb.de\/www\/wp-content\/uploads\/2014\/10\/fockenstein_02-300x200.jpg 300w, https:\/\/www.oliver-kilb.de\/www\/wp-content\/uploads\/2014\/10\/fockenstein_02-768x512.jpg 768w\" sizes=\"auto, (max-width: 1200px) 100vw, 1200px\" \/><\/figure>\n\n\n\n<figure class=\"wp-block-image size-large\"><img loading=\"lazy\" decoding=\"async\" width=\"1200\" height=\"800\" data-id=\"29465\" src=\"https:\/\/www.oliver-kilb.de\/www\/wp-content\/uploads\/2014\/10\/fockenstein_03.jpg\" alt=\"\" class=\"wp-image-29465\" srcset=\"https:\/\/www.oliver-kilb.de\/www\/wp-content\/uploads\/2014\/10\/fockenstein_03.jpg 1200w, https:\/\/www.oliver-kilb.de\/www\/wp-content\/uploads\/2014\/10\/fockenstein_03-500x333.jpg 500w, https:\/\/www.oliver-kilb.de\/www\/wp-content\/uploads\/2014\/10\/fockenstein_03-300x200.jpg 300w, https:\/\/www.oliver-kilb.de\/www\/wp-content\/uploads\/2014\/10\/fockenstein_03-768x512.jpg 768w\" sizes=\"auto, (max-width: 1200px) 100vw, 1200px\" \/><\/figure>\n\n\n\n<figure class=\"wp-block-image size-large\"><img loading=\"lazy\" decoding=\"async\" width=\"1200\" height=\"800\" data-id=\"29464\" src=\"https:\/\/www.oliver-kilb.de\/www\/wp-content\/uploads\/2014\/10\/fockenstein_04.jpg\" alt=\"\" class=\"wp-image-29464\" srcset=\"https:\/\/www.oliver-kilb.de\/www\/wp-content\/uploads\/2014\/10\/fockenstein_04.jpg 1200w, https:\/\/www.oliver-kilb.de\/www\/wp-content\/uploads\/2014\/10\/fockenstein_04-500x333.jpg 500w, https:\/\/www.oliver-kilb.de\/www\/wp-content\/uploads\/2014\/10\/fockenstein_04-300x200.jpg 300w, https:\/\/www.oliver-kilb.de\/www\/wp-content\/uploads\/2014\/10\/fockenstein_04-768x512.jpg 768w\" sizes=\"auto, (max-width: 1200px) 100vw, 1200px\" \/><\/figure>\n\n\n\n<figure class=\"wp-block-image size-large\"><img loading=\"lazy\" decoding=\"async\" width=\"1200\" height=\"800\" data-id=\"29466\" src=\"https:\/\/www.oliver-kilb.de\/www\/wp-content\/uploads\/2014\/10\/fockenstein_05.jpg\" alt=\"\" class=\"wp-image-29466\" srcset=\"https:\/\/www.oliver-kilb.de\/www\/wp-content\/uploads\/2014\/10\/fockenstein_05.jpg 1200w, https:\/\/www.oliver-kilb.de\/www\/wp-content\/uploads\/2014\/10\/fockenstein_05-500x333.jpg 500w, https:\/\/www.oliver-kilb.de\/www\/wp-content\/uploads\/2014\/10\/fockenstein_05-300x200.jpg 300w, https:\/\/www.oliver-kilb.de\/www\/wp-content\/uploads\/2014\/10\/fockenstein_05-768x512.jpg 768w\" sizes=\"auto, (max-width: 1200px) 100vw, 1200px\" \/><\/figure>\n\n\n\n<figure class=\"wp-block-image size-large\"><img loading=\"lazy\" decoding=\"async\" width=\"1200\" height=\"900\" data-id=\"29467\" src=\"https:\/\/www.oliver-kilb.de\/www\/wp-content\/uploads\/2014\/10\/IMG_0670.jpg\" alt=\"\" class=\"wp-image-29467\" srcset=\"https:\/\/www.oliver-kilb.de\/www\/wp-content\/uploads\/2014\/10\/IMG_0670.jpg 1200w, https:\/\/www.oliver-kilb.de\/www\/wp-content\/uploads\/2014\/10\/IMG_0670-500x375.jpg 500w, https:\/\/www.oliver-kilb.de\/www\/wp-content\/uploads\/2014\/10\/IMG_0670-300x225.jpg 300w, https:\/\/www.oliver-kilb.de\/www\/wp-content\/uploads\/2014\/10\/IMG_0670-768x576.jpg 768w\" sizes=\"auto, (max-width: 1200px) 100vw, 1200px\" \/><\/figure>\n<\/figure>\n\n\n\n<p>Bei Abstieg kann man w\u00e4hlen, ob man den gleichen Weg zur\u00fcck gehen oder einen kleinen Schlenker Richtung Westen machen m\u00f6chte. Ich habe mich f\u00fcr Letzteres entschieden. Der Weg f\u00fchrt an einer weiteren Alm vorbei, auf der an diesem Tag die K\u00fche eine sehr entspannte Zeit zu haben schienen\u2026<\/p>\n\n\n\n<figure class=\"wp-block-gallery has-nested-images columns-5 is-cropped wp-block-gallery-3 is-layout-flex wp-block-gallery-is-layout-flex\">\n<figure class=\"wp-block-image size-large\"><img loading=\"lazy\" decoding=\"async\" width=\"1200\" height=\"800\" data-id=\"29470\" src=\"https:\/\/www.oliver-kilb.de\/www\/wp-content\/uploads\/2014\/10\/fockenstein_82.jpg\" alt=\"\" class=\"wp-image-29470\" srcset=\"https:\/\/www.oliver-kilb.de\/www\/wp-content\/uploads\/2014\/10\/fockenstein_82.jpg 1200w, https:\/\/www.oliver-kilb.de\/www\/wp-content\/uploads\/2014\/10\/fockenstein_82-500x333.jpg 500w, https:\/\/www.oliver-kilb.de\/www\/wp-content\/uploads\/2014\/10\/fockenstein_82-300x200.jpg 300w, https:\/\/www.oliver-kilb.de\/www\/wp-content\/uploads\/2014\/10\/fockenstein_82-768x512.jpg 768w\" sizes=\"auto, (max-width: 1200px) 100vw, 1200px\" \/><\/figure>\n\n\n\n<figure class=\"wp-block-image size-large\"><img loading=\"lazy\" decoding=\"async\" width=\"600\" height=\"800\" data-id=\"29471\" src=\"https:\/\/www.oliver-kilb.de\/www\/wp-content\/uploads\/2014\/10\/IMG_0667.jpg\" alt=\"\" class=\"wp-image-29471\" srcset=\"https:\/\/www.oliver-kilb.de\/www\/wp-content\/uploads\/2014\/10\/IMG_0667.jpg 600w, https:\/\/www.oliver-kilb.de\/www\/wp-content\/uploads\/2014\/10\/IMG_0667-375x500.jpg 375w, https:\/\/www.oliver-kilb.de\/www\/wp-content\/uploads\/2014\/10\/IMG_0667-225x300.jpg 225w\" sizes=\"auto, (max-width: 600px) 100vw, 600px\" \/><\/figure>\n\n\n\n<figure class=\"wp-block-image size-large\"><img loading=\"lazy\" decoding=\"async\" width=\"1200\" height=\"900\" data-id=\"29475\" src=\"https:\/\/www.oliver-kilb.de\/www\/wp-content\/uploads\/2014\/10\/IMG_0672.jpg\" alt=\"\" class=\"wp-image-29475\" srcset=\"https:\/\/www.oliver-kilb.de\/www\/wp-content\/uploads\/2014\/10\/IMG_0672.jpg 1200w, https:\/\/www.oliver-kilb.de\/www\/wp-content\/uploads\/2014\/10\/IMG_0672-500x375.jpg 500w, https:\/\/www.oliver-kilb.de\/www\/wp-content\/uploads\/2014\/10\/IMG_0672-300x225.jpg 300w, https:\/\/www.oliver-kilb.de\/www\/wp-content\/uploads\/2014\/10\/IMG_0672-768x576.jpg 768w\" sizes=\"auto, (max-width: 1200px) 100vw, 1200px\" \/><\/figure>\n\n\n\n<figure class=\"wp-block-image size-large\"><img loading=\"lazy\" decoding=\"async\" width=\"1200\" height=\"800\" data-id=\"29476\" src=\"https:\/\/www.oliver-kilb.de\/www\/wp-content\/uploads\/2014\/10\/IMG_0673.jpg\" alt=\"\" class=\"wp-image-29476\" srcset=\"https:\/\/www.oliver-kilb.de\/www\/wp-content\/uploads\/2014\/10\/IMG_0673.jpg 1200w, https:\/\/www.oliver-kilb.de\/www\/wp-content\/uploads\/2014\/10\/IMG_0673-500x333.jpg 500w, https:\/\/www.oliver-kilb.de\/www\/wp-content\/uploads\/2014\/10\/IMG_0673-300x200.jpg 300w, https:\/\/www.oliver-kilb.de\/www\/wp-content\/uploads\/2014\/10\/IMG_0673-768x512.jpg 768w\" sizes=\"auto, (max-width: 1200px) 100vw, 1200px\" \/><\/figure>\n\n\n\n<figure class=\"wp-block-image size-large\"><img loading=\"lazy\" decoding=\"async\" width=\"1200\" height=\"900\" data-id=\"29474\" src=\"https:\/\/www.oliver-kilb.de\/www\/wp-content\/uploads\/2014\/10\/IMG_0674.jpg\" alt=\"\" class=\"wp-image-29474\" srcset=\"https:\/\/www.oliver-kilb.de\/www\/wp-content\/uploads\/2014\/10\/IMG_0674.jpg 1200w, https:\/\/www.oliver-kilb.de\/www\/wp-content\/uploads\/2014\/10\/IMG_0674-500x375.jpg 500w, https:\/\/www.oliver-kilb.de\/www\/wp-content\/uploads\/2014\/10\/IMG_0674-300x225.jpg 300w, https:\/\/www.oliver-kilb.de\/www\/wp-content\/uploads\/2014\/10\/IMG_0674-768x576.jpg 768w\" sizes=\"auto, (max-width: 1200px) 100vw, 1200px\" \/><\/figure>\n\n\n\n<figure class=\"wp-block-image size-large\"><img loading=\"lazy\" decoding=\"async\" width=\"1200\" height=\"800\" data-id=\"29472\" src=\"https:\/\/www.oliver-kilb.de\/www\/wp-content\/uploads\/2014\/10\/IMG_0677.jpg\" alt=\"\" class=\"wp-image-29472\" srcset=\"https:\/\/www.oliver-kilb.de\/www\/wp-content\/uploads\/2014\/10\/IMG_0677.jpg 1200w, https:\/\/www.oliver-kilb.de\/www\/wp-content\/uploads\/2014\/10\/IMG_0677-500x333.jpg 500w, https:\/\/www.oliver-kilb.de\/www\/wp-content\/uploads\/2014\/10\/IMG_0677-300x200.jpg 300w, https:\/\/www.oliver-kilb.de\/www\/wp-content\/uploads\/2014\/10\/IMG_0677-768x512.jpg 768w\" sizes=\"auto, (max-width: 1200px) 100vw, 1200px\" \/><\/figure>\n\n\n\n<figure class=\"wp-block-image size-large\"><img loading=\"lazy\" decoding=\"async\" width=\"1200\" height=\"900\" data-id=\"29477\" src=\"https:\/\/www.oliver-kilb.de\/www\/wp-content\/uploads\/2014\/10\/IMG_0678.jpg\" alt=\"\" class=\"wp-image-29477\" srcset=\"https:\/\/www.oliver-kilb.de\/www\/wp-content\/uploads\/2014\/10\/IMG_0678.jpg 1200w, https:\/\/www.oliver-kilb.de\/www\/wp-content\/uploads\/2014\/10\/IMG_0678-500x375.jpg 500w, https:\/\/www.oliver-kilb.de\/www\/wp-content\/uploads\/2014\/10\/IMG_0678-300x225.jpg 300w, https:\/\/www.oliver-kilb.de\/www\/wp-content\/uploads\/2014\/10\/IMG_0678-768x576.jpg 768w\" sizes=\"auto, (max-width: 1200px) 100vw, 1200px\" \/><\/figure>\n\n\n\n<figure class=\"wp-block-image size-large\"><img loading=\"lazy\" decoding=\"async\" width=\"1200\" height=\"800\" data-id=\"29473\" src=\"https:\/\/www.oliver-kilb.de\/www\/wp-content\/uploads\/2014\/10\/IMG_0679.jpg\" alt=\"\" class=\"wp-image-29473\" srcset=\"https:\/\/www.oliver-kilb.de\/www\/wp-content\/uploads\/2014\/10\/IMG_0679.jpg 1200w, https:\/\/www.oliver-kilb.de\/www\/wp-content\/uploads\/2014\/10\/IMG_0679-500x333.jpg 500w, https:\/\/www.oliver-kilb.de\/www\/wp-content\/uploads\/2014\/10\/IMG_0679-300x200.jpg 300w, https:\/\/www.oliver-kilb.de\/www\/wp-content\/uploads\/2014\/10\/IMG_0679-768x512.jpg 768w\" sizes=\"auto, (max-width: 1200px) 100vw, 1200px\" \/><\/figure>\n<\/figure>\n\n\n\n<p>Zur\u00fcck an der Aueralm gab es noch eine kurze St\u00e4rkung, bevor wir \u00fcber den zuvor verpassten Waldweg Richtung Sonnenbichl abstiegen. Einige Tage zuvor hatte es in der Gegend stark geregnet, was man diesem Weg mehr als deutlich anmerkte. Er war durchgehend schlammig und teilweise nicht angenehm zu gehen (rutschig und morastig). Anhand der dort wachsenden Pflanzen konnte man sehen, dass es in dieser Gegend wohl auch normalerweise eher morastig zu sein scheint.<\/p>\n\n\n<div class=\"wp-block-image\">\n<figure class=\"alignleft size-full is-resized\"><a href=\"https:\/\/www.oliver-kilb.de\/www\/wp-content\/uploads\/2014\/10\/IMG_0681.jpg\"><img loading=\"lazy\" decoding=\"async\" width=\"1200\" height=\"900\" src=\"https:\/\/www.oliver-kilb.de\/www\/wp-content\/uploads\/2014\/10\/IMG_0681.jpg\" alt=\"\" class=\"wp-image-29478\" style=\"width:300px\" srcset=\"https:\/\/www.oliver-kilb.de\/www\/wp-content\/uploads\/2014\/10\/IMG_0681.jpg 1200w, https:\/\/www.oliver-kilb.de\/www\/wp-content\/uploads\/2014\/10\/IMG_0681-500x375.jpg 500w, https:\/\/www.oliver-kilb.de\/www\/wp-content\/uploads\/2014\/10\/IMG_0681-300x225.jpg 300w, https:\/\/www.oliver-kilb.de\/www\/wp-content\/uploads\/2014\/10\/IMG_0681-768x576.jpg 768w\" sizes=\"auto, (max-width: 1200px) 100vw, 1200px\" \/><\/a><figcaption class=\"wp-element-caption\">Blick von der Skipiste Sonnenbichl auf den Tegernsee.<\/figcaption><\/figure>\n<\/div>\n\n\n<p>Das war aber noch gut zu verschmerzen. Schlimmer&nbsp;war der letzte Kilometer ab der Skipiste Sonnenbichl: Hier ging es teilweise extrem steil bergab, was den doch etwas m\u00fcden Schenkeln nochmal ordentlich Kraft abrang. Als Aufstieg ist der Weg \u00fcber Sonnenbichl nicht zu empfehlen: Zuerst sehr steil, und danach wahrscheinlich immer ein wenig morastig und rutschig. Insgesamt kann man zusammenfassen, dass die Strecke bis zur Aueralm nicht besonders spektakul\u00e4r ist. Daf\u00fcr kann man sie aber auch im Winter wandern.<\/p>\n\n\n\n<p><em>(Die Wanderung fand am 16.09.2014 statt.)<\/em><\/p>\n","protected":false},"excerpt":{"rendered":"<p>Nach einigen Wochen Zwangspause (meistens hatte das Wetter nicht gepasst), planten wir\u00a0heute zum &#8222;Aufw\u00e4rmen&#8220; eine relativ leichte Tour: Auf den Fockenstein (1.564m) sollte es gehen.<\/p>\n","protected":false},"author":1,"featured_media":29473,"comment_status":"open","ping_status":"open","sticky":false,"template":"","format":"standard","meta":{"iawp_total_views":6,"footnotes":""},"categories":[78,15],"tags":[526,525,498],"class_list":["post-29455","post","type-post","status-publish","format-standard","has-post-thumbnail","hentry","category-bayern","category-blog","tag-aueralm","tag-fockenstein","tag-tegernsee"],"yoast_head":"<!-- This site is optimized with the Yoast SEO plugin v27.3 - https:\/\/yoast.com\/product\/yoast-seo-wordpress\/ -->\n<title>Ausflug auf den Fockenstein (1.564m). - Japan, Wandern und Multimedia<\/title>\n<meta name=\"description\" content=\"Nach einigen Wochen planten wir\u00a0heute zum &quot;Aufw\u00e4rmen&quot; eine relativ leichte Tour: Auf den Fockenstein (1.564m) sollte es gehen.\" \/>\n<meta name=\"robots\" content=\"index, follow, max-snippet:-1, max-image-preview:large, max-video-preview:-1\" \/>\n<link rel=\"canonical\" href=\"https:\/\/www.oliver-kilb.de\/www\/2014\/10\/05\/ausflug-auf-den-fockenstein-1-564m\/\" \/>\n<meta property=\"og:locale\" content=\"de_DE\" \/>\n<meta property=\"og:type\" content=\"article\" \/>\n<meta property=\"og:title\" content=\"Ausflug auf den Fockenstein (1.564m). - Japan, Wandern und Multimedia\" \/>\n<meta property=\"og:description\" content=\"Nach einigen Wochen planten wir\u00a0heute zum &quot;Aufw\u00e4rmen&quot; eine relativ leichte Tour: Auf den Fockenstein (1.564m) sollte es gehen.\" \/>\n<meta property=\"og:url\" content=\"https:\/\/www.oliver-kilb.de\/www\/2014\/10\/05\/ausflug-auf-den-fockenstein-1-564m\/\" \/>\n<meta property=\"og:site_name\" content=\"Japan, Wandern und Multimedia\" \/>\n<meta property=\"article:published_time\" content=\"2014-10-05T17:32:00+00:00\" \/>\n<meta property=\"article:modified_time\" content=\"2024-10-20T17:57:28+00:00\" \/>\n<meta property=\"og:image\" content=\"https:\/\/www.oliver-kilb.de\/www\/wp-content\/uploads\/2014\/10\/IMG_0679.jpg\" \/>\n\t<meta property=\"og:image:width\" content=\"1200\" \/>\n\t<meta property=\"og:image:height\" content=\"800\" \/>\n\t<meta property=\"og:image:type\" content=\"image\/jpeg\" \/>\n<meta name=\"author\" content=\"Oliver Kilb\" \/>\n<meta name=\"twitter:card\" content=\"summary_large_image\" \/>\n<meta name=\"twitter:label1\" content=\"Verfasst von\" \/>\n\t<meta name=\"twitter:data1\" content=\"Oliver Kilb\" \/>\n\t<meta name=\"twitter:label2\" content=\"Gesch\u00e4tzte Lesezeit\" \/>\n\t<meta name=\"twitter:data2\" content=\"8\u00a0Minuten\" \/>\n<script type=\"application\/ld+json\" class=\"yoast-schema-graph\">{\"@context\":\"https:\\\/\\\/schema.org\",\"@graph\":[{\"@type\":\"Article\",\"@id\":\"https:\\\/\\\/www.oliver-kilb.de\\\/www\\\/2014\\\/10\\\/05\\\/ausflug-auf-den-fockenstein-1-564m\\\/#article\",\"isPartOf\":{\"@id\":\"https:\\\/\\\/www.oliver-kilb.de\\\/www\\\/2014\\\/10\\\/05\\\/ausflug-auf-den-fockenstein-1-564m\\\/\"},\"author\":{\"name\":\"Oliver Kilb\",\"@id\":\"https:\\\/\\\/www.oliver-kilb.de\\\/www\\\/#\\\/schema\\\/person\\\/c2b19a881050135aa248a8851b7b4250\"},\"headline\":\"Ausflug auf den Fockenstein (1.564m).\",\"datePublished\":\"2014-10-05T17:32:00+00:00\",\"dateModified\":\"2024-10-20T17:57:28+00:00\",\"mainEntityOfPage\":{\"@id\":\"https:\\\/\\\/www.oliver-kilb.de\\\/www\\\/2014\\\/10\\\/05\\\/ausflug-auf-den-fockenstein-1-564m\\\/\"},\"wordCount\":547,\"commentCount\":0,\"publisher\":{\"@id\":\"https:\\\/\\\/www.oliver-kilb.de\\\/www\\\/#organization\"},\"image\":{\"@id\":\"https:\\\/\\\/www.oliver-kilb.de\\\/www\\\/2014\\\/10\\\/05\\\/ausflug-auf-den-fockenstein-1-564m\\\/#primaryimage\"},\"thumbnailUrl\":\"https:\\\/\\\/www.oliver-kilb.de\\\/www\\\/wp-content\\\/uploads\\\/2014\\\/10\\\/IMG_0679.jpg\",\"keywords\":[\"Aueralm\",\"Fockenstein\",\"Tegernsee\"],\"articleSection\":[\"Bayern\",\"Blog\"],\"inLanguage\":\"de\",\"potentialAction\":[{\"@type\":\"CommentAction\",\"name\":\"Comment\",\"target\":[\"https:\\\/\\\/www.oliver-kilb.de\\\/www\\\/2014\\\/10\\\/05\\\/ausflug-auf-den-fockenstein-1-564m\\\/#respond\"]}]},{\"@type\":\"WebPage\",\"@id\":\"https:\\\/\\\/www.oliver-kilb.de\\\/www\\\/2014\\\/10\\\/05\\\/ausflug-auf-den-fockenstein-1-564m\\\/\",\"url\":\"https:\\\/\\\/www.oliver-kilb.de\\\/www\\\/2014\\\/10\\\/05\\\/ausflug-auf-den-fockenstein-1-564m\\\/\",\"name\":\"Ausflug auf den Fockenstein (1.564m). - Japan, Wandern und Multimedia\",\"isPartOf\":{\"@id\":\"https:\\\/\\\/www.oliver-kilb.de\\\/www\\\/#website\"},\"primaryImageOfPage\":{\"@id\":\"https:\\\/\\\/www.oliver-kilb.de\\\/www\\\/2014\\\/10\\\/05\\\/ausflug-auf-den-fockenstein-1-564m\\\/#primaryimage\"},\"image\":{\"@id\":\"https:\\\/\\\/www.oliver-kilb.de\\\/www\\\/2014\\\/10\\\/05\\\/ausflug-auf-den-fockenstein-1-564m\\\/#primaryimage\"},\"thumbnailUrl\":\"https:\\\/\\\/www.oliver-kilb.de\\\/www\\\/wp-content\\\/uploads\\\/2014\\\/10\\\/IMG_0679.jpg\",\"datePublished\":\"2014-10-05T17:32:00+00:00\",\"dateModified\":\"2024-10-20T17:57:28+00:00\",\"description\":\"Nach einigen Wochen planten wir\u00a0heute zum \\\"Aufw\u00e4rmen\\\" eine relativ leichte Tour: Auf den Fockenstein (1.564m) sollte es gehen.\",\"breadcrumb\":{\"@id\":\"https:\\\/\\\/www.oliver-kilb.de\\\/www\\\/2014\\\/10\\\/05\\\/ausflug-auf-den-fockenstein-1-564m\\\/#breadcrumb\"},\"inLanguage\":\"de\",\"potentialAction\":[{\"@type\":\"ReadAction\",\"target\":[\"https:\\\/\\\/www.oliver-kilb.de\\\/www\\\/2014\\\/10\\\/05\\\/ausflug-auf-den-fockenstein-1-564m\\\/\"]}]},{\"@type\":\"ImageObject\",\"inLanguage\":\"de\",\"@id\":\"https:\\\/\\\/www.oliver-kilb.de\\\/www\\\/2014\\\/10\\\/05\\\/ausflug-auf-den-fockenstein-1-564m\\\/#primaryimage\",\"url\":\"https:\\\/\\\/www.oliver-kilb.de\\\/www\\\/wp-content\\\/uploads\\\/2014\\\/10\\\/IMG_0679.jpg\",\"contentUrl\":\"https:\\\/\\\/www.oliver-kilb.de\\\/www\\\/wp-content\\\/uploads\\\/2014\\\/10\\\/IMG_0679.jpg\",\"width\":1200,\"height\":800,\"caption\":\"Um den Fockenstein.\"},{\"@type\":\"BreadcrumbList\",\"@id\":\"https:\\\/\\\/www.oliver-kilb.de\\\/www\\\/2014\\\/10\\\/05\\\/ausflug-auf-den-fockenstein-1-564m\\\/#breadcrumb\",\"itemListElement\":[{\"@type\":\"ListItem\",\"position\":1,\"name\":\"Startseite\",\"item\":\"https:\\\/\\\/www.oliver-kilb.de\\\/www\\\/\"},{\"@type\":\"ListItem\",\"position\":2,\"name\":\"Ausflug auf den Fockenstein (1.564m).\"}]},{\"@type\":\"WebSite\",\"@id\":\"https:\\\/\\\/www.oliver-kilb.de\\\/www\\\/#website\",\"url\":\"https:\\\/\\\/www.oliver-kilb.de\\\/www\\\/\",\"name\":\"Japan, Wandern und Multimedia\",\"description\":\"\",\"publisher\":{\"@id\":\"https:\\\/\\\/www.oliver-kilb.de\\\/www\\\/#organization\"},\"potentialAction\":[{\"@type\":\"SearchAction\",\"target\":{\"@type\":\"EntryPoint\",\"urlTemplate\":\"https:\\\/\\\/www.oliver-kilb.de\\\/www\\\/?s={search_term_string}\"},\"query-input\":{\"@type\":\"PropertyValueSpecification\",\"valueRequired\":true,\"valueName\":\"search_term_string\"}}],\"inLanguage\":\"de\"},{\"@type\":\"Organization\",\"@id\":\"https:\\\/\\\/www.oliver-kilb.de\\\/www\\\/#organization\",\"name\":\"Japan, Wandern und Multimedia\",\"url\":\"https:\\\/\\\/www.oliver-kilb.de\\\/www\\\/\",\"logo\":{\"@type\":\"ImageObject\",\"inLanguage\":\"de\",\"@id\":\"https:\\\/\\\/www.oliver-kilb.de\\\/www\\\/#\\\/schema\\\/logo\\\/image\\\/\",\"url\":\"https:\\\/\\\/www.oliver-kilb.de\\\/www\\\/wp-content\\\/uploads\\\/2024\\\/07\\\/Fushimi-Inari-Schrein_075_DxO.jpg\",\"contentUrl\":\"https:\\\/\\\/www.oliver-kilb.de\\\/www\\\/wp-content\\\/uploads\\\/2024\\\/07\\\/Fushimi-Inari-Schrein_075_DxO.jpg\",\"width\":1380,\"height\":301,\"caption\":\"Japan, Wandern und Multimedia\"},\"image\":{\"@id\":\"https:\\\/\\\/www.oliver-kilb.de\\\/www\\\/#\\\/schema\\\/logo\\\/image\\\/\"}},{\"@type\":\"Person\",\"@id\":\"https:\\\/\\\/www.oliver-kilb.de\\\/www\\\/#\\\/schema\\\/person\\\/c2b19a881050135aa248a8851b7b4250\",\"name\":\"Oliver Kilb\",\"image\":{\"@type\":\"ImageObject\",\"inLanguage\":\"de\",\"@id\":\"https:\\\/\\\/secure.gravatar.com\\\/avatar\\\/4da50eb2c6eb71b0641229eed4a38d05c8d4b458a59355cca0d02b57303d6ffd?s=96&d=mm&r=g\",\"url\":\"https:\\\/\\\/secure.gravatar.com\\\/avatar\\\/4da50eb2c6eb71b0641229eed4a38d05c8d4b458a59355cca0d02b57303d6ffd?s=96&d=mm&r=g\",\"contentUrl\":\"https:\\\/\\\/secure.gravatar.com\\\/avatar\\\/4da50eb2c6eb71b0641229eed4a38d05c8d4b458a59355cca0d02b57303d6ffd?s=96&d=mm&r=g\",\"caption\":\"Oliver Kilb\"},\"sameAs\":[\"https:\\\/\\\/www.oliver-kilb.de\\\/www\"],\"url\":\"https:\\\/\\\/www.oliver-kilb.de\\\/www\\\/author\\\/oliver-kilb\\\/\"}]}<\/script>\n<!-- \/ Yoast SEO plugin. -->","yoast_head_json":{"title":"Ausflug auf den Fockenstein (1.564m). - Japan, Wandern und Multimedia","description":"Nach einigen Wochen planten wir\u00a0heute zum \"Aufw\u00e4rmen\" eine relativ leichte Tour: Auf den Fockenstein (1.564m) sollte es gehen.","robots":{"index":"index","follow":"follow","max-snippet":"max-snippet:-1","max-image-preview":"max-image-preview:large","max-video-preview":"max-video-preview:-1"},"canonical":"https:\/\/www.oliver-kilb.de\/www\/2014\/10\/05\/ausflug-auf-den-fockenstein-1-564m\/","og_locale":"de_DE","og_type":"article","og_title":"Ausflug auf den Fockenstein (1.564m). - Japan, Wandern und Multimedia","og_description":"Nach einigen Wochen planten wir\u00a0heute zum \"Aufw\u00e4rmen\" eine relativ leichte Tour: Auf den Fockenstein (1.564m) sollte es gehen.","og_url":"https:\/\/www.oliver-kilb.de\/www\/2014\/10\/05\/ausflug-auf-den-fockenstein-1-564m\/","og_site_name":"Japan, Wandern und Multimedia","article_published_time":"2014-10-05T17:32:00+00:00","article_modified_time":"2024-10-20T17:57:28+00:00","og_image":[{"width":1200,"height":800,"url":"https:\/\/www.oliver-kilb.de\/www\/wp-content\/uploads\/2014\/10\/IMG_0679.jpg","type":"image\/jpeg"}],"author":"Oliver Kilb","twitter_card":"summary_large_image","twitter_misc":{"Verfasst von":"Oliver Kilb","Gesch\u00e4tzte Lesezeit":"8\u00a0Minuten"},"schema":{"@context":"https:\/\/schema.org","@graph":[{"@type":"Article","@id":"https:\/\/www.oliver-kilb.de\/www\/2014\/10\/05\/ausflug-auf-den-fockenstein-1-564m\/#article","isPartOf":{"@id":"https:\/\/www.oliver-kilb.de\/www\/2014\/10\/05\/ausflug-auf-den-fockenstein-1-564m\/"},"author":{"name":"Oliver Kilb","@id":"https:\/\/www.oliver-kilb.de\/www\/#\/schema\/person\/c2b19a881050135aa248a8851b7b4250"},"headline":"Ausflug auf den Fockenstein (1.564m).","datePublished":"2014-10-05T17:32:00+00:00","dateModified":"2024-10-20T17:57:28+00:00","mainEntityOfPage":{"@id":"https:\/\/www.oliver-kilb.de\/www\/2014\/10\/05\/ausflug-auf-den-fockenstein-1-564m\/"},"wordCount":547,"commentCount":0,"publisher":{"@id":"https:\/\/www.oliver-kilb.de\/www\/#organization"},"image":{"@id":"https:\/\/www.oliver-kilb.de\/www\/2014\/10\/05\/ausflug-auf-den-fockenstein-1-564m\/#primaryimage"},"thumbnailUrl":"https:\/\/www.oliver-kilb.de\/www\/wp-content\/uploads\/2014\/10\/IMG_0679.jpg","keywords":["Aueralm","Fockenstein","Tegernsee"],"articleSection":["Bayern","Blog"],"inLanguage":"de","potentialAction":[{"@type":"CommentAction","name":"Comment","target":["https:\/\/www.oliver-kilb.de\/www\/2014\/10\/05\/ausflug-auf-den-fockenstein-1-564m\/#respond"]}]},{"@type":"WebPage","@id":"https:\/\/www.oliver-kilb.de\/www\/2014\/10\/05\/ausflug-auf-den-fockenstein-1-564m\/","url":"https:\/\/www.oliver-kilb.de\/www\/2014\/10\/05\/ausflug-auf-den-fockenstein-1-564m\/","name":"Ausflug auf den Fockenstein (1.564m). - Japan, Wandern und Multimedia","isPartOf":{"@id":"https:\/\/www.oliver-kilb.de\/www\/#website"},"primaryImageOfPage":{"@id":"https:\/\/www.oliver-kilb.de\/www\/2014\/10\/05\/ausflug-auf-den-fockenstein-1-564m\/#primaryimage"},"image":{"@id":"https:\/\/www.oliver-kilb.de\/www\/2014\/10\/05\/ausflug-auf-den-fockenstein-1-564m\/#primaryimage"},"thumbnailUrl":"https:\/\/www.oliver-kilb.de\/www\/wp-content\/uploads\/2014\/10\/IMG_0679.jpg","datePublished":"2014-10-05T17:32:00+00:00","dateModified":"2024-10-20T17:57:28+00:00","description":"Nach einigen Wochen planten wir\u00a0heute zum \"Aufw\u00e4rmen\" eine relativ leichte Tour: Auf den Fockenstein (1.564m) sollte es gehen.","breadcrumb":{"@id":"https:\/\/www.oliver-kilb.de\/www\/2014\/10\/05\/ausflug-auf-den-fockenstein-1-564m\/#breadcrumb"},"inLanguage":"de","potentialAction":[{"@type":"ReadAction","target":["https:\/\/www.oliver-kilb.de\/www\/2014\/10\/05\/ausflug-auf-den-fockenstein-1-564m\/"]}]},{"@type":"ImageObject","inLanguage":"de","@id":"https:\/\/www.oliver-kilb.de\/www\/2014\/10\/05\/ausflug-auf-den-fockenstein-1-564m\/#primaryimage","url":"https:\/\/www.oliver-kilb.de\/www\/wp-content\/uploads\/2014\/10\/IMG_0679.jpg","contentUrl":"https:\/\/www.oliver-kilb.de\/www\/wp-content\/uploads\/2014\/10\/IMG_0679.jpg","width":1200,"height":800,"caption":"Um den Fockenstein."},{"@type":"BreadcrumbList","@id":"https:\/\/www.oliver-kilb.de\/www\/2014\/10\/05\/ausflug-auf-den-fockenstein-1-564m\/#breadcrumb","itemListElement":[{"@type":"ListItem","position":1,"name":"Startseite","item":"https:\/\/www.oliver-kilb.de\/www\/"},{"@type":"ListItem","position":2,"name":"Ausflug auf den Fockenstein (1.564m)."}]},{"@type":"WebSite","@id":"https:\/\/www.oliver-kilb.de\/www\/#website","url":"https:\/\/www.oliver-kilb.de\/www\/","name":"Japan, Wandern und Multimedia","description":"","publisher":{"@id":"https:\/\/www.oliver-kilb.de\/www\/#organization"},"potentialAction":[{"@type":"SearchAction","target":{"@type":"EntryPoint","urlTemplate":"https:\/\/www.oliver-kilb.de\/www\/?s={search_term_string}"},"query-input":{"@type":"PropertyValueSpecification","valueRequired":true,"valueName":"search_term_string"}}],"inLanguage":"de"},{"@type":"Organization","@id":"https:\/\/www.oliver-kilb.de\/www\/#organization","name":"Japan, Wandern und Multimedia","url":"https:\/\/www.oliver-kilb.de\/www\/","logo":{"@type":"ImageObject","inLanguage":"de","@id":"https:\/\/www.oliver-kilb.de\/www\/#\/schema\/logo\/image\/","url":"https:\/\/www.oliver-kilb.de\/www\/wp-content\/uploads\/2024\/07\/Fushimi-Inari-Schrein_075_DxO.jpg","contentUrl":"https:\/\/www.oliver-kilb.de\/www\/wp-content\/uploads\/2024\/07\/Fushimi-Inari-Schrein_075_DxO.jpg","width":1380,"height":301,"caption":"Japan, Wandern und Multimedia"},"image":{"@id":"https:\/\/www.oliver-kilb.de\/www\/#\/schema\/logo\/image\/"}},{"@type":"Person","@id":"https:\/\/www.oliver-kilb.de\/www\/#\/schema\/person\/c2b19a881050135aa248a8851b7b4250","name":"Oliver Kilb","image":{"@type":"ImageObject","inLanguage":"de","@id":"https:\/\/secure.gravatar.com\/avatar\/4da50eb2c6eb71b0641229eed4a38d05c8d4b458a59355cca0d02b57303d6ffd?s=96&d=mm&r=g","url":"https:\/\/secure.gravatar.com\/avatar\/4da50eb2c6eb71b0641229eed4a38d05c8d4b458a59355cca0d02b57303d6ffd?s=96&d=mm&r=g","contentUrl":"https:\/\/secure.gravatar.com\/avatar\/4da50eb2c6eb71b0641229eed4a38d05c8d4b458a59355cca0d02b57303d6ffd?s=96&d=mm&r=g","caption":"Oliver Kilb"},"sameAs":["https:\/\/www.oliver-kilb.de\/www"],"url":"https:\/\/www.oliver-kilb.de\/www\/author\/oliver-kilb\/"}]}},"amp_enabled":true,"_links":{"self":[{"href":"https:\/\/www.oliver-kilb.de\/www\/wp-json\/wp\/v2\/posts\/29455","targetHints":{"allow":["GET"]}}],"collection":[{"href":"https:\/\/www.oliver-kilb.de\/www\/wp-json\/wp\/v2\/posts"}],"about":[{"href":"https:\/\/www.oliver-kilb.de\/www\/wp-json\/wp\/v2\/types\/post"}],"author":[{"embeddable":true,"href":"https:\/\/www.oliver-kilb.de\/www\/wp-json\/wp\/v2\/users\/1"}],"replies":[{"embeddable":true,"href":"https:\/\/www.oliver-kilb.de\/www\/wp-json\/wp\/v2\/comments?post=29455"}],"version-history":[{"count":4,"href":"https:\/\/www.oliver-kilb.de\/www\/wp-json\/wp\/v2\/posts\/29455\/revisions"}],"predecessor-version":[{"id":29481,"href":"https:\/\/www.oliver-kilb.de\/www\/wp-json\/wp\/v2\/posts\/29455\/revisions\/29481"}],"wp:featuredmedia":[{"embeddable":true,"href":"https:\/\/www.oliver-kilb.de\/www\/wp-json\/wp\/v2\/media\/29473"}],"wp:attachment":[{"href":"https:\/\/www.oliver-kilb.de\/www\/wp-json\/wp\/v2\/media?parent=29455"}],"wp:term":[{"taxonomy":"category","embeddable":true,"href":"https:\/\/www.oliver-kilb.de\/www\/wp-json\/wp\/v2\/categories?post=29455"},{"taxonomy":"post_tag","embeddable":true,"href":"https:\/\/www.oliver-kilb.de\/www\/wp-json\/wp\/v2\/tags?post=29455"}],"curies":[{"name":"wp","href":"https:\/\/api.w.org\/{rel}","templated":true}]}}