{"id":29372,"date":"2014-08-03T15:31:00","date_gmt":"2014-08-03T13:31:00","guid":{"rendered":"https:\/\/www.oliver-kilb.de\/www\/?p=29372"},"modified":"2024-10-29T18:45:35","modified_gmt":"2024-10-29T17:45:35","slug":"it-sicherheit-1990-monatliches-virus-telex-anstelle-virenscanner","status":"publish","type":"post","link":"https:\/\/www.oliver-kilb.de\/www\/2014\/08\/03\/it-sicherheit-1990-monatliches-virus-telex-anstelle-virenscanner\/","title":{"rendered":"IT-Sicherheit 1990: Monatliches &#8222;Virus-Telex&#8220; anstelle Virenscanner."},"content":{"rendered":"\n<p><strong>Beim Durchst\u00f6bern alter Computerzeitungen fand ich (aus heutiger Sicht) Skurriles: Die Werbung f\u00fcr ein &#8222;Virus-Telex&#8220;, das aus damaliger Sicht so etwas wie einen &#8222;Virenscanner&#8220; von heute darstellt. Aber was genau es ist und was man daf\u00fcr zahlen soll, das ist schon wirklich bemerkenswert.<\/strong><\/p>\n\n\n\n<h2 class=\"wp-block-heading\">Das Motto 1990:\u00a0Keine Angst vor Viren dank Virus-Telex.<\/h2>\n\n\n<div class=\"wp-block-image\">\n<figure class=\"alignleft size-full is-resized\"><a href=\"https:\/\/www.oliver-kilb.de\/www\/wp-content\/uploads\/2024\/10\/Virus_Telex_01_fullscreen.jpg\"><img loading=\"lazy\" decoding=\"async\" width=\"539\" height=\"800\" src=\"https:\/\/www.oliver-kilb.de\/www\/wp-content\/uploads\/2024\/10\/Virus_Telex_01_fullscreen.jpg\" alt=\"\" class=\"wp-image-29374\" style=\"width:auto;height:300px\" srcset=\"https:\/\/www.oliver-kilb.de\/www\/wp-content\/uploads\/2024\/10\/Virus_Telex_01_fullscreen.jpg 539w, https:\/\/www.oliver-kilb.de\/www\/wp-content\/uploads\/2024\/10\/Virus_Telex_01_fullscreen-337x500.jpg 337w, https:\/\/www.oliver-kilb.de\/www\/wp-content\/uploads\/2024\/10\/Virus_Telex_01_fullscreen-202x300.jpg 202w\" sizes=\"auto, (max-width: 539px) 100vw, 539px\" \/><\/a><figcaption class=\"wp-element-caption\">Das Virus-Telex<\/figcaption><\/figure>\n<\/div>\n\n\n<p><a href=\"https:\/\/de.wikipedia.org\/wiki\/Computervirus\" target=\"_blank\" rel=\"noreferrer noopener\">Computerviren<\/a> sind keine Erfindung der IT-Neuzeit (damit meine ich dieses Jahrtausend), sondern schon einige Jahrzehnte \u00e4lter. Die Fachwelt ist sich nicht ganz sicher, wann der erste &#8222;echte&#8220; Computervirus das Leben erblickt hat, aber sp\u00e4testens Mitte der 1980er Jahre waren sie da. Ich pers\u00f6nlich habe meinen ersten Virus, den <a href=\"https:\/\/en.wikipedia.org\/wiki\/SCA_(computer_virus)\" target=\"_blank\" rel=\"noreferrer noopener\">&#8222;SCA&#8220; Bootvirus<\/a>, irgendwann 1987 auf einer meiner Disketten gehabt. Zum Gl\u00fcck konnte man zu dieser Zeit Viren noch leichter&nbsp;loswerden, da es z.B. auch so gut wie keine Heimcomputer mit Festplatte gab. Schaltete man den Rechner aus, war auch der Virus garantiert vom Rechner entfernt.<\/p>\n\n\n\n<p>Dennoch entwickelten sich Viren schnell zu einer ernsten Bedrohung, denn damals waren sie wesentlich zerst\u00f6rerischer unterwegs als heute: W\u00e4hrend moderne Viren darauf aus sind, Passw\u00f6rter oder Geld\u00fcberweisungen abzugreifen und ansonsten am liebsten gar nicht auffallen wollen, gab es um die 1990er Jahre viele Viren, deren Aufgabe es war, Dateien zu l\u00f6schen.<\/p>\n\n\n\n<p><a href=\"https:\/\/de.wikipedia.org\/wiki\/Virenscanner\" target=\"_blank\" rel=\"noreferrer noopener\">Virenscanner<\/a>, so wie wir sie heute kennen, gab es damals allerdings nicht. Auch hier ist man sich nicht einig, wann die ersten Antivirenprogramme auf den Markt kamen, aber nicht vor Ende der 1980er Jahre.<\/p>\n\n\n\n<p>Zu diesen Zeiten waren Heimcomputerbesitzer generell erfahrener als der heutige Durchschnitts-&#8222;Surfer&#8220;, also konnte man ihnen auch mehr zutrauen. Der <a href=\"https:\/\/de.wikipedia.org\/wiki\/Vogel-Verlag\" target=\"_blank\" rel=\"noreferrer noopener\">Vogel-Verlag<\/a> aus W\u00fcrzburg brachte, so habe ich in dieser Werbung erfahren, zumindest eine zeitlang das &#8222;Virus-Telex&#8220; heraus.<\/p>\n\n\n\n<h2 class=\"wp-block-heading\">Motto: &#8222;<em>Keine Angst vor Viren<\/em>&#8222;.<\/h2>\n\n\n<div class=\"wp-block-image\">\n<figure class=\"alignright size-full is-resized\"><a href=\"https:\/\/www.oliver-kilb.de\/www\/wp-content\/uploads\/2024\/10\/Virus_Telex_02.jpg\"><img loading=\"lazy\" decoding=\"async\" width=\"1200\" height=\"889\" src=\"https:\/\/www.oliver-kilb.de\/www\/wp-content\/uploads\/2024\/10\/Virus_Telex_02.jpg\" alt=\"\" class=\"wp-image-29375\" style=\"width:300px\" srcset=\"https:\/\/www.oliver-kilb.de\/www\/wp-content\/uploads\/2024\/10\/Virus_Telex_02.jpg 1200w, https:\/\/www.oliver-kilb.de\/www\/wp-content\/uploads\/2024\/10\/Virus_Telex_02-500x370.jpg 500w, https:\/\/www.oliver-kilb.de\/www\/wp-content\/uploads\/2024\/10\/Virus_Telex_02-300x222.jpg 300w, https:\/\/www.oliver-kilb.de\/www\/wp-content\/uploads\/2024\/10\/Virus_Telex_02-768x569.jpg 768w\" sizes=\"auto, (max-width: 1200px) 100vw, 1200px\" \/><\/a><\/figure>\n<\/div>\n\n\n<p>Immerhin schon 120 Computerviren (!) z\u00e4hlten die Viren-Spezialisten zu diesem Zeitpunkt laut Eigendarstellung. (&#8222;<em>Tendenz steigend<\/em>&#8222;, ich lach mich kaputt!) Bei&nbsp;der Beschreibung war man nicht ganz so zimperlich: &#8222;<em>Darunter gibt es ganz kriminelle Bazillen, die den PC lahm legen oder Daten unwiederbringlich l\u00f6schen k\u00f6nnen.<\/em>&#8222;<\/p>\n\n\n<div class=\"wp-block-image\">\n<figure class=\"alignleft size-full is-resized\"><a href=\"https:\/\/www.oliver-kilb.de\/www\/wp-content\/uploads\/2024\/10\/Virus_Telex_05.jpg\"><img loading=\"lazy\" decoding=\"async\" width=\"1200\" height=\"907\" src=\"https:\/\/www.oliver-kilb.de\/www\/wp-content\/uploads\/2024\/10\/Virus_Telex_05.jpg\" alt=\"\" class=\"wp-image-29376\" style=\"width:300px\" srcset=\"https:\/\/www.oliver-kilb.de\/www\/wp-content\/uploads\/2024\/10\/Virus_Telex_05.jpg 1200w, https:\/\/www.oliver-kilb.de\/www\/wp-content\/uploads\/2024\/10\/Virus_Telex_05-500x378.jpg 500w, https:\/\/www.oliver-kilb.de\/www\/wp-content\/uploads\/2024\/10\/Virus_Telex_05-300x227.jpg 300w, https:\/\/www.oliver-kilb.de\/www\/wp-content\/uploads\/2024\/10\/Virus_Telex_05-768x580.jpg 768w\" sizes=\"auto, (max-width: 1200px) 100vw, 1200px\" \/><\/a><\/figure>\n<\/div>\n\n\n<p>Aber zum Gl\u00fcck gab es ja das &#8222;Virus-Telex&#8220; mit seiner schwarzen Liste. In Ermangelung eines modernen &nbsp;Internets hat man zu anderen, bew\u00e4hrten Mitteln gegriffen, um die Viren zu klassifizieren: Papier und Ordner! Man muss sich das einmal vorstellen: Ein Heimanwender oder auch ein IT Administrator einer Firma durchsucht den Ordner Seite f\u00fcr Seite, ob er dort Symptome beschrieben findet, die auf einen Virenbefall seines Rechners schlie\u00dfen lassen. Und wenn er f\u00fcndig wurde, dann kann er ja zu den &#8222;<em>erprobten Methoden zur Bek\u00e4mpfung der Sch\u00e4dlinge<\/em>&#8220; greifen. Macht das mal heutzutage bei \u00fcber 100.000 bekannten Viren\/ <a href=\"https:\/\/de.wikipedia.org\/wiki\/Computerwurm\" target=\"_blank\" rel=\"noreferrer noopener\">W\u00fcrmern<\/a>\/ <a href=\"https:\/\/de.wikipedia.org\/wiki\/Trojanisches_Pferd_(Computerprogramm)\" target=\"_blank\" rel=\"noreferrer noopener\">Trojanern<\/a> alleine nur auf Windows-Rechnern&#8230;<\/p>\n\n\n\n<h2 class=\"wp-block-heading\">Sicherheit hatte schon immer ihren Preis \ud83d\ude42<\/h2>\n\n\n<div class=\"wp-block-image\">\n<figure class=\"alignright size-full is-resized\"><a href=\"https:\/\/www.oliver-kilb.de\/www\/wp-content\/uploads\/2024\/10\/Virus_Telex_04.jpg\"><img loading=\"lazy\" decoding=\"async\" width=\"714\" height=\"800\" src=\"https:\/\/www.oliver-kilb.de\/www\/wp-content\/uploads\/2024\/10\/Virus_Telex_04.jpg\" alt=\"\" class=\"wp-image-29377\" style=\"width:auto;height:300px\" srcset=\"https:\/\/www.oliver-kilb.de\/www\/wp-content\/uploads\/2024\/10\/Virus_Telex_04.jpg 714w, https:\/\/www.oliver-kilb.de\/www\/wp-content\/uploads\/2024\/10\/Virus_Telex_04-446x500.jpg 446w, https:\/\/www.oliver-kilb.de\/www\/wp-content\/uploads\/2024\/10\/Virus_Telex_04-268x300.jpg 268w\" sizes=\"auto, (max-width: 714px) 100vw, 714px\" \/><\/a><\/figure>\n<\/div>\n\n\n<p>Billig war der Spa\u00df allerdings nicht. W\u00e4hrend heute einige Antivirenhersteller ihre Software f\u00fcr Privatanwender umsonst verteilen (z.B. <a href=\"http:\/\/www.avira.de\" target=\"_blank\" rel=\"noreferrer noopener\">Avira<\/a>, deren Tool&nbsp;ich schon seit Jahren nutze), musste man damals tief in die Tasche greifen: 390 DM musste man daf\u00fcr hinlegen (entspricht einem Kaufpreis von 322 Euro im Sommer 2014), um \u00fcber ein Jahr Monat f\u00fcr Monat neue Bl\u00e4tter mit Viren (oder Ger\u00fcchte \u00fcber Viren) zu erhalten. Wer schnell genug war, konnte 100 DM sparen :).<\/p>\n\n\n\n<p>Ach ja: Der Ordner war im Preis mit enthalten, da lie\u00df man sich nicht lumpen&#8230; und man erhielt nicht nur 12 Ausgaben f\u00fcr 1990 &#8211; auch die beiden ersten Ausgaben von 1989 gab es in diesem Paket ohne Aufpreis mit dazu.<\/p>\n\n\n\n<h2 class=\"wp-block-heading\">Viren-Arbeitsgruppen in sync!<\/h2>\n\n\n<div class=\"wp-block-image\">\n<figure class=\"alignleft size-full is-resized\"><a href=\"https:\/\/www.oliver-kilb.de\/www\/wp-content\/uploads\/2024\/10\/Virus_Telex_03.jpg\"><img loading=\"lazy\" decoding=\"async\" width=\"607\" height=\"800\" src=\"https:\/\/www.oliver-kilb.de\/www\/wp-content\/uploads\/2024\/10\/Virus_Telex_03.jpg\" alt=\"\" class=\"wp-image-29378\" style=\"width:auto;height:300px\" srcset=\"https:\/\/www.oliver-kilb.de\/www\/wp-content\/uploads\/2024\/10\/Virus_Telex_03.jpg 607w, https:\/\/www.oliver-kilb.de\/www\/wp-content\/uploads\/2024\/10\/Virus_Telex_03-379x500.jpg 379w, https:\/\/www.oliver-kilb.de\/www\/wp-content\/uploads\/2024\/10\/Virus_Telex_03-228x300.jpg 228w\" sizes=\"auto, (max-width: 607px) 100vw, 607px\" \/><\/a><\/figure>\n<\/div>\n\n\n<p>Die Gef\u00e4hrdungsanalyse&nbsp;liest sich heute ein wenig drollig: &#8222;<em>\u00dcber 400 Viren-Arbeitsgruppen auf der ganzen Welt tauschen Erfahrungen und Ergebnisse aus, &#8230;<\/em>&#8220; Da hat man doch gleich Bilder von Menschen in wei\u00dfen Kitteln und roten Telefonen vor dem geistigen Auge, die in gro\u00dfen R\u00e4umen mit k\u00fchlschrankgro\u00dfen Rechnern halbkreisf\u00f6rmig wie in einem Amphitheater sitzen und auf eine riesige Weltkarte schauen, auf der bei jedem neuen m\u00f6glichen Virusfund ein rotes Licht anf\u00e4ngt zu blinken. (&#8222;Tokyo sagt, sie k\u00f6nnen nichts finden!&#8220; &#8211; &#8222;Was meint Berlin?&#8220; &#8211; &#8222;In Berlin schlafen gerade alle.&#8220; &#8211; &#8222;Verdammt! Gebt mir Rex Kr\u00e4mer!&#8220; &#8211; &#8222;Wie ist der Status aus New York?&#8220; &#8211; &#8222;Kein Befall.&#8220; usw. usf.)<\/p>\n\n\n\n<p>Ich wei\u00df nicht, wie lange dieser Service aufrecht erhalten wurde. Da die Zahl der Viren aber exponentiell anfing zu steigen und gleichzeitig auch bald darauf das Internet Einzug in die (Semi-) professionelle IT hielt, glaube ich nicht, dass das Virus Telex l\u00e4nger als zwei Jahre erschien.<\/p>\n","protected":false},"excerpt":{"rendered":"<p>Beim Durchst\u00f6bern alter Computerzeitungen fand ich (aus heutiger Sicht) Skurriles: Die Werbung f\u00fcr ein &#8222;Virus-Telex&#8220;, das aus damaliger Sicht so etwas wie einen &#8222;Virenscanner&#8220; von heute darstellt. Aber was genau es ist und was man daf\u00fcr zahlen soll, das ist schon wirklich bemerkenswert.<\/p>\n","protected":false},"author":1,"featured_media":29376,"comment_status":"open","ping_status":"open","sticky":false,"template":"","format":"standard","meta":{"iawp_total_views":2,"footnotes":""},"categories":[565],"tags":[591],"class_list":["post-29372","post","type-post","status-publish","format-standard","has-post-thumbnail","hentry","category-it-themen","tag-virus"],"yoast_head":"<!-- This site is optimized with the Yoast SEO plugin v27.3 - https:\/\/yoast.com\/product\/yoast-seo-wordpress\/ -->\n<title>IT-Sicherheit 1990: Monatliches &quot;Virus-Telex&quot; anstelle Virenscanner. - Japan, Wandern und Multimedia<\/title>\n<meta name=\"description\" content=\"Werbung f\u00fcr ein &quot;Virus-Telex&quot;, das aus damaliger Sicht so etwas wie einen &quot;Virenscanner&quot; von heute darstellt.\" \/>\n<meta name=\"robots\" content=\"index, follow, max-snippet:-1, max-image-preview:large, max-video-preview:-1\" \/>\n<link rel=\"canonical\" href=\"https:\/\/www.oliver-kilb.de\/www\/2014\/08\/03\/it-sicherheit-1990-monatliches-virus-telex-anstelle-virenscanner\/\" \/>\n<meta property=\"og:locale\" content=\"de_DE\" \/>\n<meta property=\"og:type\" content=\"article\" \/>\n<meta property=\"og:title\" content=\"IT-Sicherheit 1990: Monatliches &quot;Virus-Telex&quot; anstelle Virenscanner. - Japan, Wandern und Multimedia\" \/>\n<meta property=\"og:description\" content=\"Werbung f\u00fcr ein &quot;Virus-Telex&quot;, das aus damaliger Sicht so etwas wie einen &quot;Virenscanner&quot; von heute darstellt.\" \/>\n<meta property=\"og:url\" content=\"https:\/\/www.oliver-kilb.de\/www\/2014\/08\/03\/it-sicherheit-1990-monatliches-virus-telex-anstelle-virenscanner\/\" \/>\n<meta property=\"og:site_name\" content=\"Japan, Wandern und Multimedia\" \/>\n<meta property=\"article:published_time\" content=\"2014-08-03T13:31:00+00:00\" \/>\n<meta property=\"article:modified_time\" content=\"2024-10-29T17:45:35+00:00\" \/>\n<meta property=\"og:image\" content=\"https:\/\/www.oliver-kilb.de\/www\/wp-content\/uploads\/2024\/10\/Virus_Telex_05.jpg\" \/>\n\t<meta property=\"og:image:width\" content=\"1200\" \/>\n\t<meta property=\"og:image:height\" content=\"907\" \/>\n\t<meta property=\"og:image:type\" content=\"image\/jpeg\" \/>\n<meta name=\"author\" content=\"Oliver Kilb\" \/>\n<meta name=\"twitter:card\" content=\"summary_large_image\" \/>\n<meta name=\"twitter:label1\" content=\"Verfasst von\" \/>\n\t<meta name=\"twitter:data1\" content=\"Oliver Kilb\" \/>\n\t<meta name=\"twitter:label2\" content=\"Gesch\u00e4tzte Lesezeit\" \/>\n\t<meta name=\"twitter:data2\" content=\"6\u00a0Minuten\" \/>\n<script type=\"application\/ld+json\" class=\"yoast-schema-graph\">{\"@context\":\"https:\\\/\\\/schema.org\",\"@graph\":[{\"@type\":\"Article\",\"@id\":\"https:\\\/\\\/www.oliver-kilb.de\\\/www\\\/2014\\\/08\\\/03\\\/it-sicherheit-1990-monatliches-virus-telex-anstelle-virenscanner\\\/#article\",\"isPartOf\":{\"@id\":\"https:\\\/\\\/www.oliver-kilb.de\\\/www\\\/2014\\\/08\\\/03\\\/it-sicherheit-1990-monatliches-virus-telex-anstelle-virenscanner\\\/\"},\"author\":{\"name\":\"Oliver Kilb\",\"@id\":\"https:\\\/\\\/www.oliver-kilb.de\\\/www\\\/#\\\/schema\\\/person\\\/c2b19a881050135aa248a8851b7b4250\"},\"headline\":\"IT-Sicherheit 1990: Monatliches &#8222;Virus-Telex&#8220; anstelle Virenscanner.\",\"datePublished\":\"2014-08-03T13:31:00+00:00\",\"dateModified\":\"2024-10-29T17:45:35+00:00\",\"mainEntityOfPage\":{\"@id\":\"https:\\\/\\\/www.oliver-kilb.de\\\/www\\\/2014\\\/08\\\/03\\\/it-sicherheit-1990-monatliches-virus-telex-anstelle-virenscanner\\\/\"},\"wordCount\":733,\"commentCount\":1,\"publisher\":{\"@id\":\"https:\\\/\\\/www.oliver-kilb.de\\\/www\\\/#organization\"},\"image\":{\"@id\":\"https:\\\/\\\/www.oliver-kilb.de\\\/www\\\/2014\\\/08\\\/03\\\/it-sicherheit-1990-monatliches-virus-telex-anstelle-virenscanner\\\/#primaryimage\"},\"thumbnailUrl\":\"https:\\\/\\\/www.oliver-kilb.de\\\/www\\\/wp-content\\\/uploads\\\/2024\\\/10\\\/Virus_Telex_05.jpg\",\"keywords\":[\"Virus\"],\"articleSection\":[\"IT-Themen\"],\"inLanguage\":\"de\",\"potentialAction\":[{\"@type\":\"CommentAction\",\"name\":\"Comment\",\"target\":[\"https:\\\/\\\/www.oliver-kilb.de\\\/www\\\/2014\\\/08\\\/03\\\/it-sicherheit-1990-monatliches-virus-telex-anstelle-virenscanner\\\/#respond\"]}]},{\"@type\":\"WebPage\",\"@id\":\"https:\\\/\\\/www.oliver-kilb.de\\\/www\\\/2014\\\/08\\\/03\\\/it-sicherheit-1990-monatliches-virus-telex-anstelle-virenscanner\\\/\",\"url\":\"https:\\\/\\\/www.oliver-kilb.de\\\/www\\\/2014\\\/08\\\/03\\\/it-sicherheit-1990-monatliches-virus-telex-anstelle-virenscanner\\\/\",\"name\":\"IT-Sicherheit 1990: Monatliches \\\"Virus-Telex\\\" anstelle Virenscanner. - Japan, Wandern und Multimedia\",\"isPartOf\":{\"@id\":\"https:\\\/\\\/www.oliver-kilb.de\\\/www\\\/#website\"},\"primaryImageOfPage\":{\"@id\":\"https:\\\/\\\/www.oliver-kilb.de\\\/www\\\/2014\\\/08\\\/03\\\/it-sicherheit-1990-monatliches-virus-telex-anstelle-virenscanner\\\/#primaryimage\"},\"image\":{\"@id\":\"https:\\\/\\\/www.oliver-kilb.de\\\/www\\\/2014\\\/08\\\/03\\\/it-sicherheit-1990-monatliches-virus-telex-anstelle-virenscanner\\\/#primaryimage\"},\"thumbnailUrl\":\"https:\\\/\\\/www.oliver-kilb.de\\\/www\\\/wp-content\\\/uploads\\\/2024\\\/10\\\/Virus_Telex_05.jpg\",\"datePublished\":\"2014-08-03T13:31:00+00:00\",\"dateModified\":\"2024-10-29T17:45:35+00:00\",\"description\":\"Werbung f\u00fcr ein \\\"Virus-Telex\\\", das aus damaliger Sicht so etwas wie einen \\\"Virenscanner\\\" von heute darstellt.\",\"breadcrumb\":{\"@id\":\"https:\\\/\\\/www.oliver-kilb.de\\\/www\\\/2014\\\/08\\\/03\\\/it-sicherheit-1990-monatliches-virus-telex-anstelle-virenscanner\\\/#breadcrumb\"},\"inLanguage\":\"de\",\"potentialAction\":[{\"@type\":\"ReadAction\",\"target\":[\"https:\\\/\\\/www.oliver-kilb.de\\\/www\\\/2014\\\/08\\\/03\\\/it-sicherheit-1990-monatliches-virus-telex-anstelle-virenscanner\\\/\"]}]},{\"@type\":\"ImageObject\",\"inLanguage\":\"de\",\"@id\":\"https:\\\/\\\/www.oliver-kilb.de\\\/www\\\/2014\\\/08\\\/03\\\/it-sicherheit-1990-monatliches-virus-telex-anstelle-virenscanner\\\/#primaryimage\",\"url\":\"https:\\\/\\\/www.oliver-kilb.de\\\/www\\\/wp-content\\\/uploads\\\/2024\\\/10\\\/Virus_Telex_05.jpg\",\"contentUrl\":\"https:\\\/\\\/www.oliver-kilb.de\\\/www\\\/wp-content\\\/uploads\\\/2024\\\/10\\\/Virus_Telex_05.jpg\",\"width\":1200,\"height\":907,\"caption\":\"Virus: Schwarze Liste!\"},{\"@type\":\"BreadcrumbList\",\"@id\":\"https:\\\/\\\/www.oliver-kilb.de\\\/www\\\/2014\\\/08\\\/03\\\/it-sicherheit-1990-monatliches-virus-telex-anstelle-virenscanner\\\/#breadcrumb\",\"itemListElement\":[{\"@type\":\"ListItem\",\"position\":1,\"name\":\"Startseite\",\"item\":\"https:\\\/\\\/www.oliver-kilb.de\\\/www\\\/\"},{\"@type\":\"ListItem\",\"position\":2,\"name\":\"IT-Sicherheit 1990: Monatliches &#8222;Virus-Telex&#8220; anstelle Virenscanner.\"}]},{\"@type\":\"WebSite\",\"@id\":\"https:\\\/\\\/www.oliver-kilb.de\\\/www\\\/#website\",\"url\":\"https:\\\/\\\/www.oliver-kilb.de\\\/www\\\/\",\"name\":\"Japan, Wandern und Multimedia\",\"description\":\"\",\"publisher\":{\"@id\":\"https:\\\/\\\/www.oliver-kilb.de\\\/www\\\/#organization\"},\"potentialAction\":[{\"@type\":\"SearchAction\",\"target\":{\"@type\":\"EntryPoint\",\"urlTemplate\":\"https:\\\/\\\/www.oliver-kilb.de\\\/www\\\/?s={search_term_string}\"},\"query-input\":{\"@type\":\"PropertyValueSpecification\",\"valueRequired\":true,\"valueName\":\"search_term_string\"}}],\"inLanguage\":\"de\"},{\"@type\":\"Organization\",\"@id\":\"https:\\\/\\\/www.oliver-kilb.de\\\/www\\\/#organization\",\"name\":\"Japan, Wandern und Multimedia\",\"url\":\"https:\\\/\\\/www.oliver-kilb.de\\\/www\\\/\",\"logo\":{\"@type\":\"ImageObject\",\"inLanguage\":\"de\",\"@id\":\"https:\\\/\\\/www.oliver-kilb.de\\\/www\\\/#\\\/schema\\\/logo\\\/image\\\/\",\"url\":\"https:\\\/\\\/www.oliver-kilb.de\\\/www\\\/wp-content\\\/uploads\\\/2024\\\/07\\\/Fushimi-Inari-Schrein_075_DxO.jpg\",\"contentUrl\":\"https:\\\/\\\/www.oliver-kilb.de\\\/www\\\/wp-content\\\/uploads\\\/2024\\\/07\\\/Fushimi-Inari-Schrein_075_DxO.jpg\",\"width\":1380,\"height\":301,\"caption\":\"Japan, Wandern und Multimedia\"},\"image\":{\"@id\":\"https:\\\/\\\/www.oliver-kilb.de\\\/www\\\/#\\\/schema\\\/logo\\\/image\\\/\"}},{\"@type\":\"Person\",\"@id\":\"https:\\\/\\\/www.oliver-kilb.de\\\/www\\\/#\\\/schema\\\/person\\\/c2b19a881050135aa248a8851b7b4250\",\"name\":\"Oliver Kilb\",\"image\":{\"@type\":\"ImageObject\",\"inLanguage\":\"de\",\"@id\":\"https:\\\/\\\/secure.gravatar.com\\\/avatar\\\/4da50eb2c6eb71b0641229eed4a38d05c8d4b458a59355cca0d02b57303d6ffd?s=96&d=mm&r=g\",\"url\":\"https:\\\/\\\/secure.gravatar.com\\\/avatar\\\/4da50eb2c6eb71b0641229eed4a38d05c8d4b458a59355cca0d02b57303d6ffd?s=96&d=mm&r=g\",\"contentUrl\":\"https:\\\/\\\/secure.gravatar.com\\\/avatar\\\/4da50eb2c6eb71b0641229eed4a38d05c8d4b458a59355cca0d02b57303d6ffd?s=96&d=mm&r=g\",\"caption\":\"Oliver Kilb\"},\"sameAs\":[\"https:\\\/\\\/www.oliver-kilb.de\\\/www\"],\"url\":\"https:\\\/\\\/www.oliver-kilb.de\\\/www\\\/author\\\/oliver-kilb\\\/\"}]}<\/script>\n<!-- \/ Yoast SEO plugin. -->","yoast_head_json":{"title":"IT-Sicherheit 1990: Monatliches \"Virus-Telex\" anstelle Virenscanner. - Japan, Wandern und Multimedia","description":"Werbung f\u00fcr ein \"Virus-Telex\", das aus damaliger Sicht so etwas wie einen \"Virenscanner\" von heute darstellt.","robots":{"index":"index","follow":"follow","max-snippet":"max-snippet:-1","max-image-preview":"max-image-preview:large","max-video-preview":"max-video-preview:-1"},"canonical":"https:\/\/www.oliver-kilb.de\/www\/2014\/08\/03\/it-sicherheit-1990-monatliches-virus-telex-anstelle-virenscanner\/","og_locale":"de_DE","og_type":"article","og_title":"IT-Sicherheit 1990: Monatliches \"Virus-Telex\" anstelle Virenscanner. - Japan, Wandern und Multimedia","og_description":"Werbung f\u00fcr ein \"Virus-Telex\", das aus damaliger Sicht so etwas wie einen \"Virenscanner\" von heute darstellt.","og_url":"https:\/\/www.oliver-kilb.de\/www\/2014\/08\/03\/it-sicherheit-1990-monatliches-virus-telex-anstelle-virenscanner\/","og_site_name":"Japan, Wandern und Multimedia","article_published_time":"2014-08-03T13:31:00+00:00","article_modified_time":"2024-10-29T17:45:35+00:00","og_image":[{"width":1200,"height":907,"url":"https:\/\/www.oliver-kilb.de\/www\/wp-content\/uploads\/2024\/10\/Virus_Telex_05.jpg","type":"image\/jpeg"}],"author":"Oliver Kilb","twitter_card":"summary_large_image","twitter_misc":{"Verfasst von":"Oliver Kilb","Gesch\u00e4tzte Lesezeit":"6\u00a0Minuten"},"schema":{"@context":"https:\/\/schema.org","@graph":[{"@type":"Article","@id":"https:\/\/www.oliver-kilb.de\/www\/2014\/08\/03\/it-sicherheit-1990-monatliches-virus-telex-anstelle-virenscanner\/#article","isPartOf":{"@id":"https:\/\/www.oliver-kilb.de\/www\/2014\/08\/03\/it-sicherheit-1990-monatliches-virus-telex-anstelle-virenscanner\/"},"author":{"name":"Oliver Kilb","@id":"https:\/\/www.oliver-kilb.de\/www\/#\/schema\/person\/c2b19a881050135aa248a8851b7b4250"},"headline":"IT-Sicherheit 1990: Monatliches &#8222;Virus-Telex&#8220; anstelle Virenscanner.","datePublished":"2014-08-03T13:31:00+00:00","dateModified":"2024-10-29T17:45:35+00:00","mainEntityOfPage":{"@id":"https:\/\/www.oliver-kilb.de\/www\/2014\/08\/03\/it-sicherheit-1990-monatliches-virus-telex-anstelle-virenscanner\/"},"wordCount":733,"commentCount":1,"publisher":{"@id":"https:\/\/www.oliver-kilb.de\/www\/#organization"},"image":{"@id":"https:\/\/www.oliver-kilb.de\/www\/2014\/08\/03\/it-sicherheit-1990-monatliches-virus-telex-anstelle-virenscanner\/#primaryimage"},"thumbnailUrl":"https:\/\/www.oliver-kilb.de\/www\/wp-content\/uploads\/2024\/10\/Virus_Telex_05.jpg","keywords":["Virus"],"articleSection":["IT-Themen"],"inLanguage":"de","potentialAction":[{"@type":"CommentAction","name":"Comment","target":["https:\/\/www.oliver-kilb.de\/www\/2014\/08\/03\/it-sicherheit-1990-monatliches-virus-telex-anstelle-virenscanner\/#respond"]}]},{"@type":"WebPage","@id":"https:\/\/www.oliver-kilb.de\/www\/2014\/08\/03\/it-sicherheit-1990-monatliches-virus-telex-anstelle-virenscanner\/","url":"https:\/\/www.oliver-kilb.de\/www\/2014\/08\/03\/it-sicherheit-1990-monatliches-virus-telex-anstelle-virenscanner\/","name":"IT-Sicherheit 1990: Monatliches \"Virus-Telex\" anstelle Virenscanner. - Japan, Wandern und Multimedia","isPartOf":{"@id":"https:\/\/www.oliver-kilb.de\/www\/#website"},"primaryImageOfPage":{"@id":"https:\/\/www.oliver-kilb.de\/www\/2014\/08\/03\/it-sicherheit-1990-monatliches-virus-telex-anstelle-virenscanner\/#primaryimage"},"image":{"@id":"https:\/\/www.oliver-kilb.de\/www\/2014\/08\/03\/it-sicherheit-1990-monatliches-virus-telex-anstelle-virenscanner\/#primaryimage"},"thumbnailUrl":"https:\/\/www.oliver-kilb.de\/www\/wp-content\/uploads\/2024\/10\/Virus_Telex_05.jpg","datePublished":"2014-08-03T13:31:00+00:00","dateModified":"2024-10-29T17:45:35+00:00","description":"Werbung f\u00fcr ein \"Virus-Telex\", das aus damaliger Sicht so etwas wie einen \"Virenscanner\" von heute darstellt.","breadcrumb":{"@id":"https:\/\/www.oliver-kilb.de\/www\/2014\/08\/03\/it-sicherheit-1990-monatliches-virus-telex-anstelle-virenscanner\/#breadcrumb"},"inLanguage":"de","potentialAction":[{"@type":"ReadAction","target":["https:\/\/www.oliver-kilb.de\/www\/2014\/08\/03\/it-sicherheit-1990-monatliches-virus-telex-anstelle-virenscanner\/"]}]},{"@type":"ImageObject","inLanguage":"de","@id":"https:\/\/www.oliver-kilb.de\/www\/2014\/08\/03\/it-sicherheit-1990-monatliches-virus-telex-anstelle-virenscanner\/#primaryimage","url":"https:\/\/www.oliver-kilb.de\/www\/wp-content\/uploads\/2024\/10\/Virus_Telex_05.jpg","contentUrl":"https:\/\/www.oliver-kilb.de\/www\/wp-content\/uploads\/2024\/10\/Virus_Telex_05.jpg","width":1200,"height":907,"caption":"Virus: Schwarze Liste!"},{"@type":"BreadcrumbList","@id":"https:\/\/www.oliver-kilb.de\/www\/2014\/08\/03\/it-sicherheit-1990-monatliches-virus-telex-anstelle-virenscanner\/#breadcrumb","itemListElement":[{"@type":"ListItem","position":1,"name":"Startseite","item":"https:\/\/www.oliver-kilb.de\/www\/"},{"@type":"ListItem","position":2,"name":"IT-Sicherheit 1990: Monatliches &#8222;Virus-Telex&#8220; anstelle Virenscanner."}]},{"@type":"WebSite","@id":"https:\/\/www.oliver-kilb.de\/www\/#website","url":"https:\/\/www.oliver-kilb.de\/www\/","name":"Japan, Wandern und Multimedia","description":"","publisher":{"@id":"https:\/\/www.oliver-kilb.de\/www\/#organization"},"potentialAction":[{"@type":"SearchAction","target":{"@type":"EntryPoint","urlTemplate":"https:\/\/www.oliver-kilb.de\/www\/?s={search_term_string}"},"query-input":{"@type":"PropertyValueSpecification","valueRequired":true,"valueName":"search_term_string"}}],"inLanguage":"de"},{"@type":"Organization","@id":"https:\/\/www.oliver-kilb.de\/www\/#organization","name":"Japan, Wandern und Multimedia","url":"https:\/\/www.oliver-kilb.de\/www\/","logo":{"@type":"ImageObject","inLanguage":"de","@id":"https:\/\/www.oliver-kilb.de\/www\/#\/schema\/logo\/image\/","url":"https:\/\/www.oliver-kilb.de\/www\/wp-content\/uploads\/2024\/07\/Fushimi-Inari-Schrein_075_DxO.jpg","contentUrl":"https:\/\/www.oliver-kilb.de\/www\/wp-content\/uploads\/2024\/07\/Fushimi-Inari-Schrein_075_DxO.jpg","width":1380,"height":301,"caption":"Japan, Wandern und Multimedia"},"image":{"@id":"https:\/\/www.oliver-kilb.de\/www\/#\/schema\/logo\/image\/"}},{"@type":"Person","@id":"https:\/\/www.oliver-kilb.de\/www\/#\/schema\/person\/c2b19a881050135aa248a8851b7b4250","name":"Oliver Kilb","image":{"@type":"ImageObject","inLanguage":"de","@id":"https:\/\/secure.gravatar.com\/avatar\/4da50eb2c6eb71b0641229eed4a38d05c8d4b458a59355cca0d02b57303d6ffd?s=96&d=mm&r=g","url":"https:\/\/secure.gravatar.com\/avatar\/4da50eb2c6eb71b0641229eed4a38d05c8d4b458a59355cca0d02b57303d6ffd?s=96&d=mm&r=g","contentUrl":"https:\/\/secure.gravatar.com\/avatar\/4da50eb2c6eb71b0641229eed4a38d05c8d4b458a59355cca0d02b57303d6ffd?s=96&d=mm&r=g","caption":"Oliver Kilb"},"sameAs":["https:\/\/www.oliver-kilb.de\/www"],"url":"https:\/\/www.oliver-kilb.de\/www\/author\/oliver-kilb\/"}]}},"amp_enabled":true,"_links":{"self":[{"href":"https:\/\/www.oliver-kilb.de\/www\/wp-json\/wp\/v2\/posts\/29372","targetHints":{"allow":["GET"]}}],"collection":[{"href":"https:\/\/www.oliver-kilb.de\/www\/wp-json\/wp\/v2\/posts"}],"about":[{"href":"https:\/\/www.oliver-kilb.de\/www\/wp-json\/wp\/v2\/types\/post"}],"author":[{"embeddable":true,"href":"https:\/\/www.oliver-kilb.de\/www\/wp-json\/wp\/v2\/users\/1"}],"replies":[{"embeddable":true,"href":"https:\/\/www.oliver-kilb.de\/www\/wp-json\/wp\/v2\/comments?post=29372"}],"version-history":[{"count":1,"href":"https:\/\/www.oliver-kilb.de\/www\/wp-json\/wp\/v2\/posts\/29372\/revisions"}],"predecessor-version":[{"id":29379,"href":"https:\/\/www.oliver-kilb.de\/www\/wp-json\/wp\/v2\/posts\/29372\/revisions\/29379"}],"wp:featuredmedia":[{"embeddable":true,"href":"https:\/\/www.oliver-kilb.de\/www\/wp-json\/wp\/v2\/media\/29376"}],"wp:attachment":[{"href":"https:\/\/www.oliver-kilb.de\/www\/wp-json\/wp\/v2\/media?parent=29372"}],"wp:term":[{"taxonomy":"category","embeddable":true,"href":"https:\/\/www.oliver-kilb.de\/www\/wp-json\/wp\/v2\/categories?post=29372"},{"taxonomy":"post_tag","embeddable":true,"href":"https:\/\/www.oliver-kilb.de\/www\/wp-json\/wp\/v2\/tags?post=29372"}],"curies":[{"name":"wp","href":"https:\/\/api.w.org\/{rel}","templated":true}]}}