{"id":28789,"date":"2013-12-31T20:24:00","date_gmt":"2013-12-31T19:24:00","guid":{"rendered":"https:\/\/www.oliver-kilb.de\/www\/?p=28789"},"modified":"2024-10-27T10:34:16","modified_gmt":"2024-10-27T09:34:16","slug":"heute-vor-ueber-15-jahren-ollis-erste-homepage","status":"publish","type":"post","link":"https:\/\/www.oliver-kilb.de\/www\/2013\/12\/31\/heute-vor-ueber-15-jahren-ollis-erste-homepage\/","title":{"rendered":"Heute vor (\u00fcber) 15 Jahren: Ollis erste Homepage!"},"content":{"rendered":"\n<p><strong>Ganz genau kann ich es nicht mehr festlegen, wann meine erste Homepage online ging. Ich meine, es war irgendwann 1996 oder sogar noch fr\u00fcher.<\/strong><\/p>\n\n\n\n<h1 class=\"wp-block-heading\">1996: Meine erste Homepage!<\/h1>\n\n\n<div class=\"wp-block-image\">\n<figure class=\"alignleft size-full is-resized\"><a href=\"https:\/\/www.oliver-kilb.de\/www\/wp-content\/uploads\/2024\/10\/hp_00.jpg\"><img loading=\"lazy\" decoding=\"async\" width=\"835\" height=\"579\" src=\"https:\/\/www.oliver-kilb.de\/www\/wp-content\/uploads\/2024\/10\/hp_00.jpg\" alt=\"\" class=\"wp-image-28791\" style=\"width:300px\" srcset=\"https:\/\/www.oliver-kilb.de\/www\/wp-content\/uploads\/2024\/10\/hp_00.jpg 835w, https:\/\/www.oliver-kilb.de\/www\/wp-content\/uploads\/2024\/10\/hp_00-500x347.jpg 500w, https:\/\/www.oliver-kilb.de\/www\/wp-content\/uploads\/2024\/10\/hp_00-300x208.jpg 300w, https:\/\/www.oliver-kilb.de\/www\/wp-content\/uploads\/2024\/10\/hp_00-768x533.jpg 768w\" sizes=\"auto, (max-width: 835px) 100vw, 835px\" \/><\/a><figcaption class=\"wp-element-caption\">So sah meine Homepage 1997 aus<\/figcaption><\/figure>\n<\/div>\n\n\n<p>Gerade gehe ich meine alten Backup CD-ROMs aus den Jahren 1996 bis 1999 durch, und auf diesen habe ich so manche Sch\u00e4tze aus meiner digitalen Urzeit gefunden. Bestimmt werden einige in den kommenden Tagen hier erscheinen, da bin ich mir sicher! Den Anfang macht aber meine erste erhaltene Homepage. Sie muss irgendwann Ende 1996\/ Anfang 1997 entstanden sein, zumindest deuten einige &#8222;Letzte \u00c4nderungen&#8220; Datumsangaben darauf hin. 5 MB Speicher f\u00fcr die Homepage&#8230; in den letzten 15 Jahren wurden daraus 100 GB, bzw. 100.000 MB&#8230; Damals hatte die Fachschaft Informatik ein cooles Angebot: Soweit ich mich erinnern kann, hat man f\u00fcr einmalig 5 DM eine echte Web-Pr\u00e4senz erhalten, auf die man zuerst (wenn ich mich recht erinnere) auch immerhin 5 MB Daten hochladen konnte, ROTFL! Erreichbar war ich damals unter der URL <em>http:\/\/stud.uni-sb.de\/~olki0003 (nat\u00fcrlich l\u00e4ngst abgeschaltet&#8230;)<\/em><\/p>\n\n\n<div class=\"wp-block-image\">\n<figure class=\"alignright size-full is-resized\"><a href=\"https:\/\/www.oliver-kilb.de\/www\/wp-content\/uploads\/2024\/10\/hp_02.jpg\"><img loading=\"lazy\" decoding=\"async\" width=\"1409\" height=\"802\" src=\"https:\/\/www.oliver-kilb.de\/www\/wp-content\/uploads\/2024\/10\/hp_02.jpg\" alt=\"\" class=\"wp-image-28792\" style=\"width:300px\" srcset=\"https:\/\/www.oliver-kilb.de\/www\/wp-content\/uploads\/2024\/10\/hp_02.jpg 1409w, https:\/\/www.oliver-kilb.de\/www\/wp-content\/uploads\/2024\/10\/hp_02-500x285.jpg 500w, https:\/\/www.oliver-kilb.de\/www\/wp-content\/uploads\/2024\/10\/hp_02-300x171.jpg 300w, https:\/\/www.oliver-kilb.de\/www\/wp-content\/uploads\/2024\/10\/hp_02-768x437.jpg 768w\" sizes=\"auto, (max-width: 1409px) 100vw, 1409px\" \/><\/a><figcaption class=\"wp-element-caption\">HTML Style &#8217;97<\/figcaption><\/figure>\n<\/div>\n\n\n<p>Damals wurden Webseiten noch durchaus komplett mit der Hand getippt, sprich: Mit einem Texteditor. <a href=\"https:\/\/de.wikipedia.org\/wiki\/Dreamweaver\" target=\"_blank\" rel=\"noreferrer noopener\">Dreamweaver<\/a>&nbsp;gab es damals noch nicht (die erste Windows-Version wurde erst im M\u00e4rz 1998 ver\u00f6ffentlicht!!!). Und wer damals Unterst\u00fctzung bei der Erstellung von Webseiten haben wollte, der kaufte sich die &#8222;Gold&#8220; Version des <a href=\"https:\/\/de.wikipedia.org\/wiki\/Netscape_Navigator\" target=\"_blank\" rel=\"noreferrer noopener\">Netscape Navigators<\/a>. Anscheinend habe auch ich damals diese Version genutzt, denn im Quelltext einiger HTML-Dateien steht die aufschlussreiche Zeile<\/p>\n\n\n\n<p>&lt;META NAME=&#8220;GENERATOR&#8220; CONTENT=&#8220;Mozilla\/3.01Gold [de] (Win95; I) [Netscape]&#8220;&gt;<\/p>\n\n\n\n<p>Und wie sich die Zeit ge\u00e4ndert hat, sieht man auch an so einigen HTML Tags, die es so schon gar nicht mehr gibt, und \u00fcber die mir selbst Google gar nicht mehr sagen kann, was genau sie eigentlich machen &#8211; wie zum Beispiel dieser Befehl eines Zeilenumbruchs:<\/p>\n\n\n\n<p>&lt;BR CLEAR=BOTH&gt; (Heutzutage \u00fcblich: &lt;BR&gt; oder &lt;BR \/&gt;)<\/p>\n\n\n<div class=\"wp-block-image\">\n<figure class=\"alignleft size-full is-resized\"><a href=\"https:\/\/www.oliver-kilb.de\/www\/wp-content\/uploads\/2024\/10\/GUL_DUKAT_400prozent.jpg\"><img loading=\"lazy\" decoding=\"async\" width=\"795\" height=\"384\" src=\"https:\/\/www.oliver-kilb.de\/www\/wp-content\/uploads\/2024\/10\/GUL_DUKAT_400prozent.jpg\" alt=\"\" class=\"wp-image-28793\" style=\"width:300px\" srcset=\"https:\/\/www.oliver-kilb.de\/www\/wp-content\/uploads\/2024\/10\/GUL_DUKAT_400prozent.jpg 795w, https:\/\/www.oliver-kilb.de\/www\/wp-content\/uploads\/2024\/10\/GUL_DUKAT_400prozent-500x242.jpg 500w, https:\/\/www.oliver-kilb.de\/www\/wp-content\/uploads\/2024\/10\/GUL_DUKAT_400prozent-300x145.jpg 300w, https:\/\/www.oliver-kilb.de\/www\/wp-content\/uploads\/2024\/10\/GUL_DUKAT_400prozent-768x371.jpg 768w\" sizes=\"auto, (max-width: 795px) 100vw, 795px\" \/><\/a><figcaption class=\"wp-element-caption\">4x vergr\u00f6\u00dfert!<\/figcaption><\/figure>\n<\/div>\n\n\n<p>Sei&#8217;s drum&#8230; Ihr seht hier einige Screenshots meiner damaligen Seite. Irgendwann muss auch der Speicher aufgestockt worden sein, denn sie belegt immerhin 8 MB :). Die Grafiken habe ich damals noch auf meinem <a href=\"https:\/\/de.wikipedia.org\/wiki\/Amiga_1200\" target=\"_blank\" rel=\"noreferrer noopener\">Amiga 1200 <\/a>und <a href=\"http:\/\/en.wikipedia.org\/wiki\/Deluxe_Paint\" target=\"_blank\" rel=\"noreferrer noopener\">Deluxe Paint III (oder IV)<\/a> &#8222;gepixelt&#8220;, also Pixel f\u00fcr Pixel mit der Maus gesetzt. Damit man das besser sieht, habe ich einige der Grafiken stark vergr\u00f6\u00dfert, so dass man die Pixel auch deutlich sieht.<\/p>\n\n\n\n<p>Im Jahr 1998 habe ich dann diese Homepage komplett auf <a href=\"https:\/\/de.wikipedia.org\/wiki\/Shockwave\" target=\"_blank\" rel=\"noreferrer noopener\">Shockwave-Basis <\/a>umgebaut. Damit war ich zwar wohl unter den 10% der damals interaktivsten Webseiten, aber dazu musste man sich eben auch ein PlugIn installieren. Allerdings war man damals wesentlich unkritischer eingestellt, wenn es um PlugIns angeht.<\/p>\n\n\n\n<figure class=\"wp-block-gallery has-nested-images columns-4 is-cropped wp-block-gallery-1 is-layout-flex wp-block-gallery-is-layout-flex\">\n<figure class=\"wp-block-image size-large\"><img loading=\"lazy\" decoding=\"async\" width=\"1409\" height=\"802\" data-id=\"28798\" src=\"https:\/\/www.oliver-kilb.de\/www\/wp-content\/uploads\/2024\/10\/hp_01.jpg\" alt=\"\" class=\"wp-image-28798\" srcset=\"https:\/\/www.oliver-kilb.de\/www\/wp-content\/uploads\/2024\/10\/hp_01.jpg 1409w, https:\/\/www.oliver-kilb.de\/www\/wp-content\/uploads\/2024\/10\/hp_01-500x285.jpg 500w, https:\/\/www.oliver-kilb.de\/www\/wp-content\/uploads\/2024\/10\/hp_01-300x171.jpg 300w, https:\/\/www.oliver-kilb.de\/www\/wp-content\/uploads\/2024\/10\/hp_01-768x437.jpg 768w\" sizes=\"auto, (max-width: 1409px) 100vw, 1409px\" \/><\/figure>\n\n\n\n<figure class=\"wp-block-image size-large\"><img loading=\"lazy\" decoding=\"async\" width=\"1409\" height=\"802\" data-id=\"28797\" src=\"https:\/\/www.oliver-kilb.de\/www\/wp-content\/uploads\/2024\/10\/hp_03.jpg\" alt=\"\" class=\"wp-image-28797\" srcset=\"https:\/\/www.oliver-kilb.de\/www\/wp-content\/uploads\/2024\/10\/hp_03.jpg 1409w, https:\/\/www.oliver-kilb.de\/www\/wp-content\/uploads\/2024\/10\/hp_03-500x285.jpg 500w, https:\/\/www.oliver-kilb.de\/www\/wp-content\/uploads\/2024\/10\/hp_03-300x171.jpg 300w, https:\/\/www.oliver-kilb.de\/www\/wp-content\/uploads\/2024\/10\/hp_03-768x437.jpg 768w\" sizes=\"auto, (max-width: 1409px) 100vw, 1409px\" \/><\/figure>\n\n\n\n<figure class=\"wp-block-image size-large\"><img loading=\"lazy\" decoding=\"async\" width=\"1409\" height=\"802\" data-id=\"28794\" src=\"https:\/\/www.oliver-kilb.de\/www\/wp-content\/uploads\/2024\/10\/hp_04.jpg\" alt=\"\" class=\"wp-image-28794\" srcset=\"https:\/\/www.oliver-kilb.de\/www\/wp-content\/uploads\/2024\/10\/hp_04.jpg 1409w, https:\/\/www.oliver-kilb.de\/www\/wp-content\/uploads\/2024\/10\/hp_04-500x285.jpg 500w, https:\/\/www.oliver-kilb.de\/www\/wp-content\/uploads\/2024\/10\/hp_04-300x171.jpg 300w, https:\/\/www.oliver-kilb.de\/www\/wp-content\/uploads\/2024\/10\/hp_04-768x437.jpg 768w\" sizes=\"auto, (max-width: 1409px) 100vw, 1409px\" \/><\/figure>\n\n\n\n<figure class=\"wp-block-image size-large\"><img loading=\"lazy\" decoding=\"async\" width=\"680\" height=\"470\" data-id=\"28796\" src=\"https:\/\/www.oliver-kilb.de\/www\/wp-content\/uploads\/2024\/10\/hp_1998.jpg\" alt=\"\" class=\"wp-image-28796\" srcset=\"https:\/\/www.oliver-kilb.de\/www\/wp-content\/uploads\/2024\/10\/hp_1998.jpg 680w, https:\/\/www.oliver-kilb.de\/www\/wp-content\/uploads\/2024\/10\/hp_1998-500x346.jpg 500w, https:\/\/www.oliver-kilb.de\/www\/wp-content\/uploads\/2024\/10\/hp_1998-300x207.jpg 300w\" sizes=\"auto, (max-width: 680px) 100vw, 680px\" \/><\/figure>\n<\/figure>\n","protected":false},"excerpt":{"rendered":"<p>Ganz genau kann ich es nicht mehr festlegen, wann meine erste Homepage online ging. Ich meine, es war irgendwann 1996 oder sogar noch fr\u00fcher.<\/p>\n","protected":false},"author":1,"featured_media":28791,"comment_status":"open","ping_status":"open","sticky":false,"template":"","format":"standard","meta":{"iawp_total_views":1,"footnotes":""},"categories":[565],"tags":[473],"class_list":["post-28789","post","type-post","status-publish","format-standard","has-post-thumbnail","hentry","category-it-themen","tag-homepage"],"yoast_head":"<!-- This site is optimized with the Yoast SEO plugin v27.3 - https:\/\/yoast.com\/product\/yoast-seo-wordpress\/ -->\n<title>Heute vor (\u00fcber) 15 Jahren: Ollis erste Homepage! - Japan, Wandern und Multimedia<\/title>\n<meta name=\"description\" content=\"Ganz genau kann ich es nicht mehr festlegen, wann meine erste Homepage online ging. Ich meine, es war irgendwann 1996 oder sogar noch fr\u00fcher.\" \/>\n<meta name=\"robots\" content=\"index, follow, max-snippet:-1, max-image-preview:large, max-video-preview:-1\" \/>\n<link rel=\"canonical\" href=\"https:\/\/www.oliver-kilb.de\/www\/2013\/12\/31\/heute-vor-ueber-15-jahren-ollis-erste-homepage\/\" \/>\n<meta property=\"og:locale\" content=\"de_DE\" \/>\n<meta property=\"og:type\" content=\"article\" \/>\n<meta property=\"og:title\" content=\"Heute vor (\u00fcber) 15 Jahren: Ollis erste Homepage! - Japan, Wandern und Multimedia\" \/>\n<meta property=\"og:description\" content=\"Ganz genau kann ich es nicht mehr festlegen, wann meine erste Homepage online ging. Ich meine, es war irgendwann 1996 oder sogar noch fr\u00fcher.\" \/>\n<meta property=\"og:url\" content=\"https:\/\/www.oliver-kilb.de\/www\/2013\/12\/31\/heute-vor-ueber-15-jahren-ollis-erste-homepage\/\" \/>\n<meta property=\"og:site_name\" content=\"Japan, Wandern und Multimedia\" \/>\n<meta property=\"article:published_time\" content=\"2013-12-31T19:24:00+00:00\" \/>\n<meta property=\"article:modified_time\" content=\"2024-10-27T09:34:16+00:00\" \/>\n<meta property=\"og:image\" content=\"https:\/\/www.oliver-kilb.de\/www\/wp-content\/uploads\/2024\/10\/hp_00.jpg\" \/>\n\t<meta property=\"og:image:width\" content=\"835\" \/>\n\t<meta property=\"og:image:height\" content=\"579\" \/>\n\t<meta property=\"og:image:type\" content=\"image\/jpeg\" \/>\n<meta name=\"author\" content=\"Oliver Kilb\" \/>\n<meta name=\"twitter:card\" content=\"summary_large_image\" \/>\n<meta name=\"twitter:label1\" content=\"Verfasst von\" \/>\n\t<meta name=\"twitter:data1\" content=\"Oliver Kilb\" \/>\n\t<meta name=\"twitter:label2\" content=\"Gesch\u00e4tzte Lesezeit\" \/>\n\t<meta name=\"twitter:data2\" content=\"4\u00a0Minuten\" \/>\n<script type=\"application\/ld+json\" class=\"yoast-schema-graph\">{\"@context\":\"https:\\\/\\\/schema.org\",\"@graph\":[{\"@type\":\"Article\",\"@id\":\"https:\\\/\\\/www.oliver-kilb.de\\\/www\\\/2013\\\/12\\\/31\\\/heute-vor-ueber-15-jahren-ollis-erste-homepage\\\/#article\",\"isPartOf\":{\"@id\":\"https:\\\/\\\/www.oliver-kilb.de\\\/www\\\/2013\\\/12\\\/31\\\/heute-vor-ueber-15-jahren-ollis-erste-homepage\\\/\"},\"author\":{\"name\":\"Oliver Kilb\",\"@id\":\"https:\\\/\\\/www.oliver-kilb.de\\\/www\\\/#\\\/schema\\\/person\\\/c2b19a881050135aa248a8851b7b4250\"},\"headline\":\"Heute vor (\u00fcber) 15 Jahren: Ollis erste Homepage!\",\"datePublished\":\"2013-12-31T19:24:00+00:00\",\"dateModified\":\"2024-10-27T09:34:16+00:00\",\"mainEntityOfPage\":{\"@id\":\"https:\\\/\\\/www.oliver-kilb.de\\\/www\\\/2013\\\/12\\\/31\\\/heute-vor-ueber-15-jahren-ollis-erste-homepage\\\/\"},\"wordCount\":436,\"commentCount\":1,\"publisher\":{\"@id\":\"https:\\\/\\\/www.oliver-kilb.de\\\/www\\\/#organization\"},\"image\":{\"@id\":\"https:\\\/\\\/www.oliver-kilb.de\\\/www\\\/2013\\\/12\\\/31\\\/heute-vor-ueber-15-jahren-ollis-erste-homepage\\\/#primaryimage\"},\"thumbnailUrl\":\"https:\\\/\\\/www.oliver-kilb.de\\\/www\\\/wp-content\\\/uploads\\\/2024\\\/10\\\/hp_00.jpg\",\"keywords\":[\"Homepage\"],\"articleSection\":[\"IT-Themen\"],\"inLanguage\":\"de\",\"potentialAction\":[{\"@type\":\"CommentAction\",\"name\":\"Comment\",\"target\":[\"https:\\\/\\\/www.oliver-kilb.de\\\/www\\\/2013\\\/12\\\/31\\\/heute-vor-ueber-15-jahren-ollis-erste-homepage\\\/#respond\"]}]},{\"@type\":\"WebPage\",\"@id\":\"https:\\\/\\\/www.oliver-kilb.de\\\/www\\\/2013\\\/12\\\/31\\\/heute-vor-ueber-15-jahren-ollis-erste-homepage\\\/\",\"url\":\"https:\\\/\\\/www.oliver-kilb.de\\\/www\\\/2013\\\/12\\\/31\\\/heute-vor-ueber-15-jahren-ollis-erste-homepage\\\/\",\"name\":\"Heute vor (\u00fcber) 15 Jahren: Ollis erste Homepage! - Japan, Wandern und Multimedia\",\"isPartOf\":{\"@id\":\"https:\\\/\\\/www.oliver-kilb.de\\\/www\\\/#website\"},\"primaryImageOfPage\":{\"@id\":\"https:\\\/\\\/www.oliver-kilb.de\\\/www\\\/2013\\\/12\\\/31\\\/heute-vor-ueber-15-jahren-ollis-erste-homepage\\\/#primaryimage\"},\"image\":{\"@id\":\"https:\\\/\\\/www.oliver-kilb.de\\\/www\\\/2013\\\/12\\\/31\\\/heute-vor-ueber-15-jahren-ollis-erste-homepage\\\/#primaryimage\"},\"thumbnailUrl\":\"https:\\\/\\\/www.oliver-kilb.de\\\/www\\\/wp-content\\\/uploads\\\/2024\\\/10\\\/hp_00.jpg\",\"datePublished\":\"2013-12-31T19:24:00+00:00\",\"dateModified\":\"2024-10-27T09:34:16+00:00\",\"description\":\"Ganz genau kann ich es nicht mehr festlegen, wann meine erste Homepage online ging. Ich meine, es war irgendwann 1996 oder sogar noch fr\u00fcher.\",\"breadcrumb\":{\"@id\":\"https:\\\/\\\/www.oliver-kilb.de\\\/www\\\/2013\\\/12\\\/31\\\/heute-vor-ueber-15-jahren-ollis-erste-homepage\\\/#breadcrumb\"},\"inLanguage\":\"de\",\"potentialAction\":[{\"@type\":\"ReadAction\",\"target\":[\"https:\\\/\\\/www.oliver-kilb.de\\\/www\\\/2013\\\/12\\\/31\\\/heute-vor-ueber-15-jahren-ollis-erste-homepage\\\/\"]}]},{\"@type\":\"ImageObject\",\"inLanguage\":\"de\",\"@id\":\"https:\\\/\\\/www.oliver-kilb.de\\\/www\\\/2013\\\/12\\\/31\\\/heute-vor-ueber-15-jahren-ollis-erste-homepage\\\/#primaryimage\",\"url\":\"https:\\\/\\\/www.oliver-kilb.de\\\/www\\\/wp-content\\\/uploads\\\/2024\\\/10\\\/hp_00.jpg\",\"contentUrl\":\"https:\\\/\\\/www.oliver-kilb.de\\\/www\\\/wp-content\\\/uploads\\\/2024\\\/10\\\/hp_00.jpg\",\"width\":835,\"height\":579,\"caption\":\"Meine Homepage 1996\\\/1997.\"},{\"@type\":\"BreadcrumbList\",\"@id\":\"https:\\\/\\\/www.oliver-kilb.de\\\/www\\\/2013\\\/12\\\/31\\\/heute-vor-ueber-15-jahren-ollis-erste-homepage\\\/#breadcrumb\",\"itemListElement\":[{\"@type\":\"ListItem\",\"position\":1,\"name\":\"Startseite\",\"item\":\"https:\\\/\\\/www.oliver-kilb.de\\\/www\\\/\"},{\"@type\":\"ListItem\",\"position\":2,\"name\":\"Heute vor (\u00fcber) 15 Jahren: Ollis erste Homepage!\"}]},{\"@type\":\"WebSite\",\"@id\":\"https:\\\/\\\/www.oliver-kilb.de\\\/www\\\/#website\",\"url\":\"https:\\\/\\\/www.oliver-kilb.de\\\/www\\\/\",\"name\":\"Japan, Wandern und Multimedia\",\"description\":\"\",\"publisher\":{\"@id\":\"https:\\\/\\\/www.oliver-kilb.de\\\/www\\\/#organization\"},\"potentialAction\":[{\"@type\":\"SearchAction\",\"target\":{\"@type\":\"EntryPoint\",\"urlTemplate\":\"https:\\\/\\\/www.oliver-kilb.de\\\/www\\\/?s={search_term_string}\"},\"query-input\":{\"@type\":\"PropertyValueSpecification\",\"valueRequired\":true,\"valueName\":\"search_term_string\"}}],\"inLanguage\":\"de\"},{\"@type\":\"Organization\",\"@id\":\"https:\\\/\\\/www.oliver-kilb.de\\\/www\\\/#organization\",\"name\":\"Japan, Wandern und Multimedia\",\"url\":\"https:\\\/\\\/www.oliver-kilb.de\\\/www\\\/\",\"logo\":{\"@type\":\"ImageObject\",\"inLanguage\":\"de\",\"@id\":\"https:\\\/\\\/www.oliver-kilb.de\\\/www\\\/#\\\/schema\\\/logo\\\/image\\\/\",\"url\":\"https:\\\/\\\/www.oliver-kilb.de\\\/www\\\/wp-content\\\/uploads\\\/2024\\\/07\\\/Fushimi-Inari-Schrein_075_DxO.jpg\",\"contentUrl\":\"https:\\\/\\\/www.oliver-kilb.de\\\/www\\\/wp-content\\\/uploads\\\/2024\\\/07\\\/Fushimi-Inari-Schrein_075_DxO.jpg\",\"width\":1380,\"height\":301,\"caption\":\"Japan, Wandern und Multimedia\"},\"image\":{\"@id\":\"https:\\\/\\\/www.oliver-kilb.de\\\/www\\\/#\\\/schema\\\/logo\\\/image\\\/\"}},{\"@type\":\"Person\",\"@id\":\"https:\\\/\\\/www.oliver-kilb.de\\\/www\\\/#\\\/schema\\\/person\\\/c2b19a881050135aa248a8851b7b4250\",\"name\":\"Oliver Kilb\",\"image\":{\"@type\":\"ImageObject\",\"inLanguage\":\"de\",\"@id\":\"https:\\\/\\\/secure.gravatar.com\\\/avatar\\\/4da50eb2c6eb71b0641229eed4a38d05c8d4b458a59355cca0d02b57303d6ffd?s=96&d=mm&r=g\",\"url\":\"https:\\\/\\\/secure.gravatar.com\\\/avatar\\\/4da50eb2c6eb71b0641229eed4a38d05c8d4b458a59355cca0d02b57303d6ffd?s=96&d=mm&r=g\",\"contentUrl\":\"https:\\\/\\\/secure.gravatar.com\\\/avatar\\\/4da50eb2c6eb71b0641229eed4a38d05c8d4b458a59355cca0d02b57303d6ffd?s=96&d=mm&r=g\",\"caption\":\"Oliver Kilb\"},\"sameAs\":[\"https:\\\/\\\/www.oliver-kilb.de\\\/www\"],\"url\":\"https:\\\/\\\/www.oliver-kilb.de\\\/www\\\/author\\\/oliver-kilb\\\/\"}]}<\/script>\n<!-- \/ Yoast SEO plugin. -->","yoast_head_json":{"title":"Heute vor (\u00fcber) 15 Jahren: Ollis erste Homepage! - Japan, Wandern und Multimedia","description":"Ganz genau kann ich es nicht mehr festlegen, wann meine erste Homepage online ging. Ich meine, es war irgendwann 1996 oder sogar noch fr\u00fcher.","robots":{"index":"index","follow":"follow","max-snippet":"max-snippet:-1","max-image-preview":"max-image-preview:large","max-video-preview":"max-video-preview:-1"},"canonical":"https:\/\/www.oliver-kilb.de\/www\/2013\/12\/31\/heute-vor-ueber-15-jahren-ollis-erste-homepage\/","og_locale":"de_DE","og_type":"article","og_title":"Heute vor (\u00fcber) 15 Jahren: Ollis erste Homepage! - Japan, Wandern und Multimedia","og_description":"Ganz genau kann ich es nicht mehr festlegen, wann meine erste Homepage online ging. Ich meine, es war irgendwann 1996 oder sogar noch fr\u00fcher.","og_url":"https:\/\/www.oliver-kilb.de\/www\/2013\/12\/31\/heute-vor-ueber-15-jahren-ollis-erste-homepage\/","og_site_name":"Japan, Wandern und Multimedia","article_published_time":"2013-12-31T19:24:00+00:00","article_modified_time":"2024-10-27T09:34:16+00:00","og_image":[{"width":835,"height":579,"url":"https:\/\/www.oliver-kilb.de\/www\/wp-content\/uploads\/2024\/10\/hp_00.jpg","type":"image\/jpeg"}],"author":"Oliver Kilb","twitter_card":"summary_large_image","twitter_misc":{"Verfasst von":"Oliver Kilb","Gesch\u00e4tzte Lesezeit":"4\u00a0Minuten"},"schema":{"@context":"https:\/\/schema.org","@graph":[{"@type":"Article","@id":"https:\/\/www.oliver-kilb.de\/www\/2013\/12\/31\/heute-vor-ueber-15-jahren-ollis-erste-homepage\/#article","isPartOf":{"@id":"https:\/\/www.oliver-kilb.de\/www\/2013\/12\/31\/heute-vor-ueber-15-jahren-ollis-erste-homepage\/"},"author":{"name":"Oliver Kilb","@id":"https:\/\/www.oliver-kilb.de\/www\/#\/schema\/person\/c2b19a881050135aa248a8851b7b4250"},"headline":"Heute vor (\u00fcber) 15 Jahren: Ollis erste Homepage!","datePublished":"2013-12-31T19:24:00+00:00","dateModified":"2024-10-27T09:34:16+00:00","mainEntityOfPage":{"@id":"https:\/\/www.oliver-kilb.de\/www\/2013\/12\/31\/heute-vor-ueber-15-jahren-ollis-erste-homepage\/"},"wordCount":436,"commentCount":1,"publisher":{"@id":"https:\/\/www.oliver-kilb.de\/www\/#organization"},"image":{"@id":"https:\/\/www.oliver-kilb.de\/www\/2013\/12\/31\/heute-vor-ueber-15-jahren-ollis-erste-homepage\/#primaryimage"},"thumbnailUrl":"https:\/\/www.oliver-kilb.de\/www\/wp-content\/uploads\/2024\/10\/hp_00.jpg","keywords":["Homepage"],"articleSection":["IT-Themen"],"inLanguage":"de","potentialAction":[{"@type":"CommentAction","name":"Comment","target":["https:\/\/www.oliver-kilb.de\/www\/2013\/12\/31\/heute-vor-ueber-15-jahren-ollis-erste-homepage\/#respond"]}]},{"@type":"WebPage","@id":"https:\/\/www.oliver-kilb.de\/www\/2013\/12\/31\/heute-vor-ueber-15-jahren-ollis-erste-homepage\/","url":"https:\/\/www.oliver-kilb.de\/www\/2013\/12\/31\/heute-vor-ueber-15-jahren-ollis-erste-homepage\/","name":"Heute vor (\u00fcber) 15 Jahren: Ollis erste Homepage! - Japan, Wandern und Multimedia","isPartOf":{"@id":"https:\/\/www.oliver-kilb.de\/www\/#website"},"primaryImageOfPage":{"@id":"https:\/\/www.oliver-kilb.de\/www\/2013\/12\/31\/heute-vor-ueber-15-jahren-ollis-erste-homepage\/#primaryimage"},"image":{"@id":"https:\/\/www.oliver-kilb.de\/www\/2013\/12\/31\/heute-vor-ueber-15-jahren-ollis-erste-homepage\/#primaryimage"},"thumbnailUrl":"https:\/\/www.oliver-kilb.de\/www\/wp-content\/uploads\/2024\/10\/hp_00.jpg","datePublished":"2013-12-31T19:24:00+00:00","dateModified":"2024-10-27T09:34:16+00:00","description":"Ganz genau kann ich es nicht mehr festlegen, wann meine erste Homepage online ging. Ich meine, es war irgendwann 1996 oder sogar noch fr\u00fcher.","breadcrumb":{"@id":"https:\/\/www.oliver-kilb.de\/www\/2013\/12\/31\/heute-vor-ueber-15-jahren-ollis-erste-homepage\/#breadcrumb"},"inLanguage":"de","potentialAction":[{"@type":"ReadAction","target":["https:\/\/www.oliver-kilb.de\/www\/2013\/12\/31\/heute-vor-ueber-15-jahren-ollis-erste-homepage\/"]}]},{"@type":"ImageObject","inLanguage":"de","@id":"https:\/\/www.oliver-kilb.de\/www\/2013\/12\/31\/heute-vor-ueber-15-jahren-ollis-erste-homepage\/#primaryimage","url":"https:\/\/www.oliver-kilb.de\/www\/wp-content\/uploads\/2024\/10\/hp_00.jpg","contentUrl":"https:\/\/www.oliver-kilb.de\/www\/wp-content\/uploads\/2024\/10\/hp_00.jpg","width":835,"height":579,"caption":"Meine Homepage 1996\/1997."},{"@type":"BreadcrumbList","@id":"https:\/\/www.oliver-kilb.de\/www\/2013\/12\/31\/heute-vor-ueber-15-jahren-ollis-erste-homepage\/#breadcrumb","itemListElement":[{"@type":"ListItem","position":1,"name":"Startseite","item":"https:\/\/www.oliver-kilb.de\/www\/"},{"@type":"ListItem","position":2,"name":"Heute vor (\u00fcber) 15 Jahren: Ollis erste Homepage!"}]},{"@type":"WebSite","@id":"https:\/\/www.oliver-kilb.de\/www\/#website","url":"https:\/\/www.oliver-kilb.de\/www\/","name":"Japan, Wandern und Multimedia","description":"","publisher":{"@id":"https:\/\/www.oliver-kilb.de\/www\/#organization"},"potentialAction":[{"@type":"SearchAction","target":{"@type":"EntryPoint","urlTemplate":"https:\/\/www.oliver-kilb.de\/www\/?s={search_term_string}"},"query-input":{"@type":"PropertyValueSpecification","valueRequired":true,"valueName":"search_term_string"}}],"inLanguage":"de"},{"@type":"Organization","@id":"https:\/\/www.oliver-kilb.de\/www\/#organization","name":"Japan, Wandern und Multimedia","url":"https:\/\/www.oliver-kilb.de\/www\/","logo":{"@type":"ImageObject","inLanguage":"de","@id":"https:\/\/www.oliver-kilb.de\/www\/#\/schema\/logo\/image\/","url":"https:\/\/www.oliver-kilb.de\/www\/wp-content\/uploads\/2024\/07\/Fushimi-Inari-Schrein_075_DxO.jpg","contentUrl":"https:\/\/www.oliver-kilb.de\/www\/wp-content\/uploads\/2024\/07\/Fushimi-Inari-Schrein_075_DxO.jpg","width":1380,"height":301,"caption":"Japan, Wandern und Multimedia"},"image":{"@id":"https:\/\/www.oliver-kilb.de\/www\/#\/schema\/logo\/image\/"}},{"@type":"Person","@id":"https:\/\/www.oliver-kilb.de\/www\/#\/schema\/person\/c2b19a881050135aa248a8851b7b4250","name":"Oliver Kilb","image":{"@type":"ImageObject","inLanguage":"de","@id":"https:\/\/secure.gravatar.com\/avatar\/4da50eb2c6eb71b0641229eed4a38d05c8d4b458a59355cca0d02b57303d6ffd?s=96&d=mm&r=g","url":"https:\/\/secure.gravatar.com\/avatar\/4da50eb2c6eb71b0641229eed4a38d05c8d4b458a59355cca0d02b57303d6ffd?s=96&d=mm&r=g","contentUrl":"https:\/\/secure.gravatar.com\/avatar\/4da50eb2c6eb71b0641229eed4a38d05c8d4b458a59355cca0d02b57303d6ffd?s=96&d=mm&r=g","caption":"Oliver Kilb"},"sameAs":["https:\/\/www.oliver-kilb.de\/www"],"url":"https:\/\/www.oliver-kilb.de\/www\/author\/oliver-kilb\/"}]}},"amp_enabled":true,"_links":{"self":[{"href":"https:\/\/www.oliver-kilb.de\/www\/wp-json\/wp\/v2\/posts\/28789","targetHints":{"allow":["GET"]}}],"collection":[{"href":"https:\/\/www.oliver-kilb.de\/www\/wp-json\/wp\/v2\/posts"}],"about":[{"href":"https:\/\/www.oliver-kilb.de\/www\/wp-json\/wp\/v2\/types\/post"}],"author":[{"embeddable":true,"href":"https:\/\/www.oliver-kilb.de\/www\/wp-json\/wp\/v2\/users\/1"}],"replies":[{"embeddable":true,"href":"https:\/\/www.oliver-kilb.de\/www\/wp-json\/wp\/v2\/comments?post=28789"}],"version-history":[{"count":2,"href":"https:\/\/www.oliver-kilb.de\/www\/wp-json\/wp\/v2\/posts\/28789\/revisions"}],"predecessor-version":[{"id":28800,"href":"https:\/\/www.oliver-kilb.de\/www\/wp-json\/wp\/v2\/posts\/28789\/revisions\/28800"}],"wp:featuredmedia":[{"embeddable":true,"href":"https:\/\/www.oliver-kilb.de\/www\/wp-json\/wp\/v2\/media\/28791"}],"wp:attachment":[{"href":"https:\/\/www.oliver-kilb.de\/www\/wp-json\/wp\/v2\/media?parent=28789"}],"wp:term":[{"taxonomy":"category","embeddable":true,"href":"https:\/\/www.oliver-kilb.de\/www\/wp-json\/wp\/v2\/categories?post=28789"},{"taxonomy":"post_tag","embeddable":true,"href":"https:\/\/www.oliver-kilb.de\/www\/wp-json\/wp\/v2\/tags?post=28789"}],"curies":[{"name":"wp","href":"https:\/\/api.w.org\/{rel}","templated":true}]}}