{"id":27681,"date":"2020-09-12T18:49:00","date_gmt":"2020-09-12T16:49:00","guid":{"rendered":"https:\/\/www.oliver-kilb.de\/www\/?p=27681"},"modified":"2024-10-10T19:02:45","modified_gmt":"2024-10-10T17:02:45","slug":"durch-das-laliderertal-zu-den-engalmen","status":"publish","type":"post","link":"https:\/\/www.oliver-kilb.de\/www\/2020\/09\/12\/durch-das-laliderertal-zu-den-engalmen\/","title":{"rendered":"Durch das Laliderertal zu den Engalmen."},"content":{"rendered":"\n<p><strong>Eine sehr sch\u00f6ne und zugleich auch leichte Tour im Karwendelgebirge f\u00fchrt durch das Laliderertal hin\u00fcber zu den Engalmen &#8211; wer will, kann auch \u00fcber die Falkenh\u00fctte.<\/strong><\/p>\n\n\n\n<h1 class=\"wp-block-heading\">Start am Ri\u00dfbach.<\/h1>\n\n\n<div class=\"wp-block-image\">\n<figure class=\"alignleft size-full is-resized\"><a href=\"https:\/\/www.oliver-kilb.de\/www\/wp-content\/uploads\/2024\/10\/2020-09-12_Lalider-Tal_01.jpg\"><img loading=\"lazy\" decoding=\"async\" width=\"1800\" height=\"1350\" src=\"https:\/\/www.oliver-kilb.de\/www\/wp-content\/uploads\/2024\/10\/2020-09-12_Lalider-Tal_01.jpg\" alt=\"\" class=\"wp-image-27685\" style=\"width:300px\" srcset=\"https:\/\/www.oliver-kilb.de\/www\/wp-content\/uploads\/2024\/10\/2020-09-12_Lalider-Tal_01.jpg 1800w, https:\/\/www.oliver-kilb.de\/www\/wp-content\/uploads\/2024\/10\/2020-09-12_Lalider-Tal_01-500x375.jpg 500w, https:\/\/www.oliver-kilb.de\/www\/wp-content\/uploads\/2024\/10\/2020-09-12_Lalider-Tal_01-300x225.jpg 300w, https:\/\/www.oliver-kilb.de\/www\/wp-content\/uploads\/2024\/10\/2020-09-12_Lalider-Tal_01-768x576.jpg 768w, https:\/\/www.oliver-kilb.de\/www\/wp-content\/uploads\/2024\/10\/2020-09-12_Lalider-Tal_01-1536x1152.jpg 1536w\" sizes=\"auto, (max-width: 1800px) 100vw, 1800px\" \/><\/a><figcaption class=\"wp-element-caption\">Parkplatz am Morgen<\/figcaption><\/figure>\n<\/div>\n\n\n<p>Die Tour beginnt auf dem Parkplatz &#8222;P6&#8220; am <a href=\"https:\/\/de.wikipedia.org\/wiki\/Ri%C3%9Fbach\" target=\"_blank\" rel=\"noreferrer noopener\">Ri\u00dfbach<\/a>, ein paar Kilometer nach <a href=\"https:\/\/de.wikipedia.org\/wiki\/Hinterri%C3%9F\" target=\"_blank\" rel=\"noreferrer noopener\">Hinterri\u00df<\/a>. Die Stra\u00dfe ist mautpflichtig (2020: 4,50 pro Pkw), aber daf\u00fcr darf man danach an jedem gekennzeichneten Parkplatz kostenlos parken. An diesem Parkplatz beginnt einer der drei Wege, die zur spektakul\u00e4r gelegenen <a href=\"https:\/\/de.wikipedia.org\/wiki\/Falkenh%C3%BCtte\" target=\"_blank\" rel=\"noreferrer noopener\">Falkenh\u00fctte<\/a> f\u00fchren, und gleichzeitig ist hier auch eine Bushaltestelle, die f\u00fcr die R\u00fcckkehr vom Zielpunkt der Wanderung wichtig ist.<\/p>\n\n\n\n<p>Die anderen beiden Wege sind jeweils ein Tal westlich (das Johannistal) und ein Tal \u00f6stlich (das Engtal), was auch das Ziel der Wanderung ist. Insgesamt wird der Weg ungef\u00e4hr 800 H\u00f6henmeter betragen und stellt eine sch\u00f6ne Tagestour dar, ohne dass man sich hetzen muss.<\/p>\n\n\n<div class=\"wp-block-image\">\n<figure class=\"alignright size-full is-resized\"><a href=\"https:\/\/www.oliver-kilb.de\/www\/wp-content\/uploads\/2024\/10\/2020-09-12_Lalider-Tal_03.jpg\"><img loading=\"lazy\" decoding=\"async\" width=\"1800\" height=\"1350\" src=\"https:\/\/www.oliver-kilb.de\/www\/wp-content\/uploads\/2024\/10\/2020-09-12_Lalider-Tal_03.jpg\" alt=\"\" class=\"wp-image-27686\" style=\"width:300px\" srcset=\"https:\/\/www.oliver-kilb.de\/www\/wp-content\/uploads\/2024\/10\/2020-09-12_Lalider-Tal_03.jpg 1800w, https:\/\/www.oliver-kilb.de\/www\/wp-content\/uploads\/2024\/10\/2020-09-12_Lalider-Tal_03-500x375.jpg 500w, https:\/\/www.oliver-kilb.de\/www\/wp-content\/uploads\/2024\/10\/2020-09-12_Lalider-Tal_03-300x225.jpg 300w, https:\/\/www.oliver-kilb.de\/www\/wp-content\/uploads\/2024\/10\/2020-09-12_Lalider-Tal_03-768x576.jpg 768w, https:\/\/www.oliver-kilb.de\/www\/wp-content\/uploads\/2024\/10\/2020-09-12_Lalider-Tal_03-1536x1152.jpg 1536w\" sizes=\"auto, (max-width: 1800px) 100vw, 1800px\" \/><\/a><figcaption class=\"wp-element-caption\">Einstieg in das Laliderertal<\/figcaption><\/figure>\n<\/div>\n\n\n<p>Der Ri\u00dfbach, der direkt neben dem Parplatz liegt, ist wundersch\u00f6n, ein ungehindert flie\u00dfender Bergbach, der sich sein Flussbett, wie leicht zu sehen ist, jedes Jahr etwas neu gestaltet. Gerade einmal 30km ist er lang, bis er in die Isar m\u00fcndet, aber man kann sich sehr gut vorstellen, welche Wassermassen im Fr\u00fchjahr durch Schneeschmelze und andere Niederschl\u00e4ge ihn massiv anschwellen lassen. Trotz der hohen touristischen Erschlie\u00dfung schien mir das Tal dennoch recht naturbelassen zu sein &#8211; immerhin ist man hier auch im <a href=\"https:\/\/de.wikipedia.org\/wiki\/Karwendel#Naturschutzgebiet_Karwendel_und_Karwendelvorgebirge\" target=\"_blank\" rel=\"noreferrer noopener\">&#8222;Naturschutzgebiet Karwendel&#8220;<\/a>.<\/p>\n\n\n\n<p>Die Tour startet direkt gegen\u00fcber des Parkplatzes auf knapp 1.000 Meter H\u00f6he und f\u00fchrt nach ein paar Minuten auf einen Forstweg, auf dem wir bis zum Hohljoch weitergehen.<\/p>\n\n\n\n<h1 class=\"wp-block-heading\">Durch das Laliderertal.<\/h1>\n\n\n<div class=\"wp-block-image\">\n<figure class=\"alignleft size-full is-resized\"><a href=\"https:\/\/www.oliver-kilb.de\/www\/wp-content\/uploads\/2024\/10\/2020-09-12_Lalider-Tal_34.jpg\"><img loading=\"lazy\" decoding=\"async\" width=\"1800\" height=\"1350\" src=\"https:\/\/www.oliver-kilb.de\/www\/wp-content\/uploads\/2024\/10\/2020-09-12_Lalider-Tal_34.jpg\" alt=\"\" class=\"wp-image-27687\" style=\"width:300px\" srcset=\"https:\/\/www.oliver-kilb.de\/www\/wp-content\/uploads\/2024\/10\/2020-09-12_Lalider-Tal_34.jpg 1800w, https:\/\/www.oliver-kilb.de\/www\/wp-content\/uploads\/2024\/10\/2020-09-12_Lalider-Tal_34-500x375.jpg 500w, https:\/\/www.oliver-kilb.de\/www\/wp-content\/uploads\/2024\/10\/2020-09-12_Lalider-Tal_34-300x225.jpg 300w, https:\/\/www.oliver-kilb.de\/www\/wp-content\/uploads\/2024\/10\/2020-09-12_Lalider-Tal_34-768x576.jpg 768w, https:\/\/www.oliver-kilb.de\/www\/wp-content\/uploads\/2024\/10\/2020-09-12_Lalider-Tal_34-1536x1152.jpg 1536w\" sizes=\"auto, (max-width: 1800px) 100vw, 1800px\" \/><\/a><figcaption class=\"wp-element-caption\">Berge bis \u00fcber 2.400m umgeben uns<\/figcaption><\/figure>\n<\/div>\n\n\n<p>Eine stundenlange Wanderung auf einem Forstweg h\u00f6rt sich jetzt vielleicht nicht so aufregend an &#8211; macht aber gar nichts in diesem Fall: W\u00e4hrend der Weg best\u00e4ndig, aber nur leicht ansteigt, kann man die aufregenden und beeindruckenden Berge bewundern, die das Tal zu beiden Seiten flankieren. <\/p>\n\n\n\n<p>Dazu geh\u00f6ren mit dem <a href=\"https:\/\/de.wikipedia.org\/wiki\/Laliderer_Falk\" target=\"_blank\" rel=\"noreferrer noopener\">Laliderer Falk<\/a> (2.427m) und dem <a href=\"https:\/\/de.wikipedia.org\/wiki\/Gamsjoch\" target=\"_blank\" rel=\"noreferrer noopener\">Gamsjoch<\/a> (2.452m) zwei besonders hohe Berge. W\u00e4ren wir in Deutschland, w\u00fcrden bereits diese zu den 15 h\u00f6chsten Gipfeln geh\u00f6ren &#8211; aber wir kommen an noch h\u00f6heren Bergen vorbei. Das entsch\u00e4digt nat\u00fcrlich v\u00f6llig f\u00fcr den &#8222;langweiligen&#8220; Forstweg. Im Sommer weiden hier auch jede Menge K\u00fche, denn das gesamte Laliderertal ist Teil einer riesigen Alm, und zumindest im Sommer ist das Tal auch bewohnt. Mitte September, als wir durch das Tal wanderten, waren die meisten K\u00fche schon im Winterlager.<\/p>\n\n\n<div class=\"wp-block-image\">\n<figure class=\"alignright size-full is-resized\"><a href=\"https:\/\/www.oliver-kilb.de\/www\/wp-content\/uploads\/2024\/10\/2020-09-12_Lalider-Tal_28.jpg\"><img loading=\"lazy\" decoding=\"async\" width=\"1800\" height=\"1350\" src=\"https:\/\/www.oliver-kilb.de\/www\/wp-content\/uploads\/2024\/10\/2020-09-12_Lalider-Tal_28.jpg\" alt=\"\" class=\"wp-image-27688\" style=\"width:300px\" srcset=\"https:\/\/www.oliver-kilb.de\/www\/wp-content\/uploads\/2024\/10\/2020-09-12_Lalider-Tal_28.jpg 1800w, https:\/\/www.oliver-kilb.de\/www\/wp-content\/uploads\/2024\/10\/2020-09-12_Lalider-Tal_28-500x375.jpg 500w, https:\/\/www.oliver-kilb.de\/www\/wp-content\/uploads\/2024\/10\/2020-09-12_Lalider-Tal_28-300x225.jpg 300w, https:\/\/www.oliver-kilb.de\/www\/wp-content\/uploads\/2024\/10\/2020-09-12_Lalider-Tal_28-768x576.jpg 768w, https:\/\/www.oliver-kilb.de\/www\/wp-content\/uploads\/2024\/10\/2020-09-12_Lalider-Tal_28-1536x1152.jpg 1536w\" sizes=\"auto, (max-width: 1800px) 100vw, 1800px\" \/><\/a><figcaption class=\"wp-element-caption\">Faszinierende B\u00e4ume<\/figcaption><\/figure>\n<\/div>\n\n\n<p>Was man allerdings mit etwas Gl\u00fcck erblicken kann, sind G\u00e4msen. (Murmeltiere gibt es auch, aber ich habe sie an diesem Tag nur geh\u00f6rt und nicht gesehen.) Als wir zwischen <a href=\"https:\/\/de.wikipedia.org\/wiki\/Mahnkopf_(Karwendel)\" target=\"_blank\" rel=\"noreferrer noopener\">Mahnkopf<\/a> und <a href=\"https:\/\/de.wikipedia.org\/wiki\/Steinfalk\" target=\"_blank\" rel=\"noreferrer noopener\">Steinfalk<\/a> eine kleine Marende einlegten, sahen wir einige G\u00e4msen im Ger\u00f6llfeld herumgehen. <\/p>\n\n\n\n<p>Die Rast war auf etwa 1.300 Meter H\u00f6he. Bis hierhin war der Anstieg kaum merklich, aber kurz danach wurde es, eingeleitet durch wenige Serpentinen, etwas steiler. Das zuvor recht breite Tal wird im Laufe der Zeit auch immer enger, die Berge r\u00fccken n\u00e4her an den Weg heran. Der Laliderer Bach, der durch das Laliderertal flie\u00dft, f\u00fchrt sein Wasser mal oberirdisch, mal unterirdisch durch das felsige Flussbett.<\/p>\n\n\n\n<h1 class=\"wp-block-heading\">Vor der Laliderer Spitze.<\/h1>\n\n\n<div class=\"wp-block-image\">\n<figure class=\"alignleft size-full is-resized\"><a href=\"https:\/\/www.oliver-kilb.de\/www\/wp-content\/uploads\/2024\/10\/2020-09-12_Lalider-Tal_37.jpg\"><img loading=\"lazy\" decoding=\"async\" width=\"1800\" height=\"1350\" src=\"https:\/\/www.oliver-kilb.de\/www\/wp-content\/uploads\/2024\/10\/2020-09-12_Lalider-Tal_37.jpg\" alt=\"\" class=\"wp-image-27689\" style=\"width:300px\" srcset=\"https:\/\/www.oliver-kilb.de\/www\/wp-content\/uploads\/2024\/10\/2020-09-12_Lalider-Tal_37.jpg 1800w, https:\/\/www.oliver-kilb.de\/www\/wp-content\/uploads\/2024\/10\/2020-09-12_Lalider-Tal_37-500x375.jpg 500w, https:\/\/www.oliver-kilb.de\/www\/wp-content\/uploads\/2024\/10\/2020-09-12_Lalider-Tal_37-300x225.jpg 300w, https:\/\/www.oliver-kilb.de\/www\/wp-content\/uploads\/2024\/10\/2020-09-12_Lalider-Tal_37-768x576.jpg 768w, https:\/\/www.oliver-kilb.de\/www\/wp-content\/uploads\/2024\/10\/2020-09-12_Lalider-Tal_37-1536x1152.jpg 1536w\" sizes=\"auto, (max-width: 1800px) 100vw, 1800px\" \/><\/a><figcaption class=\"wp-element-caption\">Links: Die Dreizinkenspitze (2.603m), rechts daneben die Laliderer Wand (2.620m)<\/figcaption><\/figure>\n<\/div>\n\n\n<p>An der kleinen Kapelle am Lalidersalm-Niederleger kann man nochmal eine kurze Pause anlegen und sich \u00fcberlegen, welchen Weg man nun einschl\u00e4gt: Nach rechts geht ein schmaler Pfad hinauf zur Falkenh\u00fctte, knapp unterhalb des Ladizk\u00f6pfl, nach links w\u00fcrde man dem Forstweg weiter folgen bis zum Hohljoch. <\/p>\n\n\n\n<p>Wir sind an diesem Tag direkt zum Hohljoch weiter &#8211; aber man kann auch gut \u00fcber die Falkenh\u00fctte und danach als Querung \u00fcber den Laliderer Rei\u00dfen ebenfalls zur Hohljoch gelangen. Die H\u00f6he ist ungef\u00e4hr gleich. Egal welchen Weg man einschl\u00e4gt: Die Gipfel um die <a href=\"https:\/\/de.wikipedia.org\/wiki\/Laliderer_Spitze\" target=\"_blank\" rel=\"noreferrer noopener\">Laliderer Spitze<\/a> sind mehr als beeindruckend.<\/p>\n\n\n\n<p>Die <a href=\"https:\/\/de.wikipedia.org\/wiki\/Laliderer_W%C3%A4nde\" target=\"_blank\" rel=\"noreferrer noopener\">Laliderer Wand<\/a> ist 2.620m hoch, die <a href=\"https:\/\/de.wikipedia.org\/wiki\/Dreizinkenspitze\" target=\"_blank\" rel=\"noreferrer noopener\">Dreizinkenspitze<\/a> direkt oberhalb des Hohljochs ist 2.603m hoch. Damit w\u00fcrde dieser Gipfel am Talende sogar h\u00f6her sein als der Hochkalter, der f\u00fcnfth\u00f6chste Hauptgipfel Deutschlands. Die etwas weiter s\u00fcdlich liegende <a href=\"https:\/\/de.wikipedia.org\/wiki\/Grubenkarspitze\" target=\"_blank\" rel=\"noreferrer noopener\">Grubenkarspitze<\/a> ist sogar 2.663m hoch.<\/p>\n\n\n<div class=\"wp-block-image\">\n<figure class=\"aligncenter size-large\"><a href=\"https:\/\/www.oliver-kilb.de\/www\/wp-content\/uploads\/2024\/10\/2020-09-12_Lalider-Tal_43-scaled.jpg\"><img loading=\"lazy\" decoding=\"async\" width=\"2048\" height=\"672\" src=\"https:\/\/www.oliver-kilb.de\/www\/wp-content\/uploads\/2024\/10\/2020-09-12_Lalider-Tal_43-2048x672.jpg\" alt=\"\" class=\"wp-image-27690\" srcset=\"https:\/\/www.oliver-kilb.de\/www\/wp-content\/uploads\/2024\/10\/2020-09-12_Lalider-Tal_43-2048x672.jpg 2048w, https:\/\/www.oliver-kilb.de\/www\/wp-content\/uploads\/2024\/10\/2020-09-12_Lalider-Tal_43-500x164.jpg 500w, https:\/\/www.oliver-kilb.de\/www\/wp-content\/uploads\/2024\/10\/2020-09-12_Lalider-Tal_43-300x98.jpg 300w, https:\/\/www.oliver-kilb.de\/www\/wp-content\/uploads\/2024\/10\/2020-09-12_Lalider-Tal_43-768x252.jpg 768w, https:\/\/www.oliver-kilb.de\/www\/wp-content\/uploads\/2024\/10\/2020-09-12_Lalider-Tal_43-1536x504.jpg 1536w\" sizes=\"auto, (max-width: 2048px) 100vw, 2048px\" \/><\/a><figcaption class=\"wp-element-caption\">Panorama \u00fcber das Laliderertal<\/figcaption><\/figure>\n<\/div>\n\n\n<h1 class=\"wp-block-heading\">Vom Hohljoch zur Engalm.<\/h1>\n\n\n<div class=\"wp-block-image\">\n<figure class=\"alignleft size-full is-resized\"><a href=\"https:\/\/www.oliver-kilb.de\/www\/wp-content\/uploads\/2024\/10\/2020-09-12_Lalider-Tal_68.jpg\"><img loading=\"lazy\" decoding=\"async\" width=\"1800\" height=\"1350\" src=\"https:\/\/www.oliver-kilb.de\/www\/wp-content\/uploads\/2024\/10\/2020-09-12_Lalider-Tal_68.jpg\" alt=\"\" class=\"wp-image-27691\" style=\"width:300px\" srcset=\"https:\/\/www.oliver-kilb.de\/www\/wp-content\/uploads\/2024\/10\/2020-09-12_Lalider-Tal_68.jpg 1800w, https:\/\/www.oliver-kilb.de\/www\/wp-content\/uploads\/2024\/10\/2020-09-12_Lalider-Tal_68-500x375.jpg 500w, https:\/\/www.oliver-kilb.de\/www\/wp-content\/uploads\/2024\/10\/2020-09-12_Lalider-Tal_68-300x225.jpg 300w, https:\/\/www.oliver-kilb.de\/www\/wp-content\/uploads\/2024\/10\/2020-09-12_Lalider-Tal_68-768x576.jpg 768w, https:\/\/www.oliver-kilb.de\/www\/wp-content\/uploads\/2024\/10\/2020-09-12_Lalider-Tal_68-1536x1152.jpg 1536w\" sizes=\"auto, (max-width: 1800px) 100vw, 1800px\" \/><\/a><figcaption class=\"wp-element-caption\">Vom Hohljoch hinab zu den Engalmen<\/figcaption><\/figure>\n<\/div>\n\n\n<p>Das Hohljoch ist ein sch\u00f6ner Ort f\u00fcr eine l\u00e4ngere Pause. Eine gro\u00dfe Wiese ist sanft abfallend Richtung Osten, und neben den bereits erw\u00e4hnten Gipfeln ist auch die Sicht frei zu Plattenspitze (2.492m) und <a href=\"https:\/\/de.wikipedia.org\/wiki\/Spritzkarspitze\" target=\"_blank\" rel=\"noreferrer noopener\">Spritzkarspitze<\/a> (2.606m). <\/p>\n\n\n\n<p>Der Abstieg ins Tal dauert von hier ungef\u00e4hr eine Stunde, man kann also den Abstieg gut mit den Zeiten des Wanderbusses koordinieren. Leider ist der gr\u00f6\u00dfte Teil des Weges mit Schotter versehen, dem m.M. nach unangenehmsten Belag f\u00fcr Wanderwege. Daf\u00fcr ist es wenigstens nicht ganz so steil, und prinzipiell ist der gesamte Weg im Grunde bei fast jedem Wetter zu gehen: Durch das Laliderer Tal kann man bis zum Hohljoch auf Forstwegen wandern, und der Abstieg zu den Engalmen ist bis auf eine kurze Ausnahme nie nahe an einem steilen Hang.<\/p>\n\n\n<div class=\"wp-block-image\">\n<figure class=\"alignright size-full is-resized\"><a href=\"https:\/\/www.oliver-kilb.de\/www\/wp-content\/uploads\/2024\/10\/2020-09-12_Lalider-Tal_90.jpg\"><img loading=\"lazy\" decoding=\"async\" width=\"1800\" height=\"1350\" src=\"https:\/\/www.oliver-kilb.de\/www\/wp-content\/uploads\/2024\/10\/2020-09-12_Lalider-Tal_90.jpg\" alt=\"\" class=\"wp-image-27692\" style=\"width:300px\" srcset=\"https:\/\/www.oliver-kilb.de\/www\/wp-content\/uploads\/2024\/10\/2020-09-12_Lalider-Tal_90.jpg 1800w, https:\/\/www.oliver-kilb.de\/www\/wp-content\/uploads\/2024\/10\/2020-09-12_Lalider-Tal_90-500x375.jpg 500w, https:\/\/www.oliver-kilb.de\/www\/wp-content\/uploads\/2024\/10\/2020-09-12_Lalider-Tal_90-300x225.jpg 300w, https:\/\/www.oliver-kilb.de\/www\/wp-content\/uploads\/2024\/10\/2020-09-12_Lalider-Tal_90-768x576.jpg 768w, https:\/\/www.oliver-kilb.de\/www\/wp-content\/uploads\/2024\/10\/2020-09-12_Lalider-Tal_90-1536x1152.jpg 1536w\" sizes=\"auto, (max-width: 1800px) 100vw, 1800px\" \/><\/a><figcaption class=\"wp-element-caption\">Das Ziel: Der Alpengasthof Eng<\/figcaption><\/figure>\n<\/div>\n\n\n<p>Der Weg endet an der Rasth\u00fctte &#8222;Engalm&#8220;, bei der gewiss die meisten Wanderer einkehren. Leider f\u00fchrt das wohl zwangsl\u00e4ufig auch zu einer n\u00fcchternen Massenabfertigung. Direkt daneben ist eine Schauk\u00e4serei, an die sich der Themenweg &#8222;Gro\u00dfer Ahornboden&#8220; anschlie\u00dft. <\/p>\n\n\n\n<p>Besagter <a href=\"https:\/\/de.wikipedia.org\/wiki\/Ahornboden\" target=\"_blank\" rel=\"noreferrer noopener\">Ahornboden<\/a> ist Teil eines tirolerisch-bayrischen Landschafts- und Naturschutzgebiets und im Herbst, bei der Rotf\u00e4rbung des Ahorns, ein sehr beliebtes Ausflugsziel. Vom Alpengasthof Eng, der nochmals ca. 10 Gehminuten entfernt ist, f\u00e4hrt regelm\u00e4\u00dfig der Wanderbus ab (am Wochenende 2020 st\u00fcndlich). Er brachte uns f\u00fcr 4 Euro pro Person an den 2 Stationen entfernten Startpunkt der Wanderung zur\u00fcck.<\/p>\n\n\n\n<figure class=\"wp-block-gallery has-nested-images columns-6 is-cropped wp-block-gallery-1 is-layout-flex wp-block-gallery-is-layout-flex\">\n<figure class=\"wp-block-image size-large\"><img loading=\"lazy\" decoding=\"async\" width=\"1800\" height=\"1350\" data-id=\"27694\" src=\"https:\/\/www.oliver-kilb.de\/www\/wp-content\/uploads\/2024\/10\/2020-09-12_Lalider-Tal_05.jpg\" alt=\"\" class=\"wp-image-27694\" srcset=\"https:\/\/www.oliver-kilb.de\/www\/wp-content\/uploads\/2024\/10\/2020-09-12_Lalider-Tal_05.jpg 1800w, https:\/\/www.oliver-kilb.de\/www\/wp-content\/uploads\/2024\/10\/2020-09-12_Lalider-Tal_05-500x375.jpg 500w, https:\/\/www.oliver-kilb.de\/www\/wp-content\/uploads\/2024\/10\/2020-09-12_Lalider-Tal_05-300x225.jpg 300w, https:\/\/www.oliver-kilb.de\/www\/wp-content\/uploads\/2024\/10\/2020-09-12_Lalider-Tal_05-768x576.jpg 768w, https:\/\/www.oliver-kilb.de\/www\/wp-content\/uploads\/2024\/10\/2020-09-12_Lalider-Tal_05-1536x1152.jpg 1536w\" sizes=\"auto, (max-width: 1800px) 100vw, 1800px\" \/><\/figure>\n\n\n\n<figure class=\"wp-block-image size-large\"><img loading=\"lazy\" decoding=\"async\" width=\"1800\" height=\"1350\" data-id=\"27695\" src=\"https:\/\/www.oliver-kilb.de\/www\/wp-content\/uploads\/2024\/10\/2020-09-12_Lalider-Tal_06.jpg\" alt=\"\" class=\"wp-image-27695\" srcset=\"https:\/\/www.oliver-kilb.de\/www\/wp-content\/uploads\/2024\/10\/2020-09-12_Lalider-Tal_06.jpg 1800w, https:\/\/www.oliver-kilb.de\/www\/wp-content\/uploads\/2024\/10\/2020-09-12_Lalider-Tal_06-500x375.jpg 500w, https:\/\/www.oliver-kilb.de\/www\/wp-content\/uploads\/2024\/10\/2020-09-12_Lalider-Tal_06-300x225.jpg 300w, https:\/\/www.oliver-kilb.de\/www\/wp-content\/uploads\/2024\/10\/2020-09-12_Lalider-Tal_06-768x576.jpg 768w, https:\/\/www.oliver-kilb.de\/www\/wp-content\/uploads\/2024\/10\/2020-09-12_Lalider-Tal_06-1536x1152.jpg 1536w\" sizes=\"auto, (max-width: 1800px) 100vw, 1800px\" \/><\/figure>\n\n\n\n<figure class=\"wp-block-image size-large\"><img loading=\"lazy\" decoding=\"async\" width=\"1800\" height=\"1350\" data-id=\"27693\" src=\"https:\/\/www.oliver-kilb.de\/www\/wp-content\/uploads\/2024\/10\/2020-09-12_Lalider-Tal_08.jpg\" alt=\"\" class=\"wp-image-27693\" srcset=\"https:\/\/www.oliver-kilb.de\/www\/wp-content\/uploads\/2024\/10\/2020-09-12_Lalider-Tal_08.jpg 1800w, https:\/\/www.oliver-kilb.de\/www\/wp-content\/uploads\/2024\/10\/2020-09-12_Lalider-Tal_08-500x375.jpg 500w, https:\/\/www.oliver-kilb.de\/www\/wp-content\/uploads\/2024\/10\/2020-09-12_Lalider-Tal_08-300x225.jpg 300w, https:\/\/www.oliver-kilb.de\/www\/wp-content\/uploads\/2024\/10\/2020-09-12_Lalider-Tal_08-768x576.jpg 768w, https:\/\/www.oliver-kilb.de\/www\/wp-content\/uploads\/2024\/10\/2020-09-12_Lalider-Tal_08-1536x1152.jpg 1536w\" sizes=\"auto, (max-width: 1800px) 100vw, 1800px\" \/><\/figure>\n\n\n\n<figure class=\"wp-block-image size-large\"><img loading=\"lazy\" decoding=\"async\" width=\"1800\" height=\"1350\" data-id=\"27698\" src=\"https:\/\/www.oliver-kilb.de\/www\/wp-content\/uploads\/2024\/10\/2020-09-12_Lalider-Tal_14.jpg\" alt=\"\" class=\"wp-image-27698\" srcset=\"https:\/\/www.oliver-kilb.de\/www\/wp-content\/uploads\/2024\/10\/2020-09-12_Lalider-Tal_14.jpg 1800w, https:\/\/www.oliver-kilb.de\/www\/wp-content\/uploads\/2024\/10\/2020-09-12_Lalider-Tal_14-500x375.jpg 500w, https:\/\/www.oliver-kilb.de\/www\/wp-content\/uploads\/2024\/10\/2020-09-12_Lalider-Tal_14-300x225.jpg 300w, https:\/\/www.oliver-kilb.de\/www\/wp-content\/uploads\/2024\/10\/2020-09-12_Lalider-Tal_14-768x576.jpg 768w, https:\/\/www.oliver-kilb.de\/www\/wp-content\/uploads\/2024\/10\/2020-09-12_Lalider-Tal_14-1536x1152.jpg 1536w\" sizes=\"auto, (max-width: 1800px) 100vw, 1800px\" \/><\/figure>\n\n\n\n<figure class=\"wp-block-image size-large\"><img loading=\"lazy\" decoding=\"async\" width=\"1800\" height=\"1350\" data-id=\"27704\" src=\"https:\/\/www.oliver-kilb.de\/www\/wp-content\/uploads\/2024\/10\/2020-09-12_Lalider-Tal_15.jpg\" alt=\"\" class=\"wp-image-27704\" srcset=\"https:\/\/www.oliver-kilb.de\/www\/wp-content\/uploads\/2024\/10\/2020-09-12_Lalider-Tal_15.jpg 1800w, https:\/\/www.oliver-kilb.de\/www\/wp-content\/uploads\/2024\/10\/2020-09-12_Lalider-Tal_15-500x375.jpg 500w, https:\/\/www.oliver-kilb.de\/www\/wp-content\/uploads\/2024\/10\/2020-09-12_Lalider-Tal_15-300x225.jpg 300w, https:\/\/www.oliver-kilb.de\/www\/wp-content\/uploads\/2024\/10\/2020-09-12_Lalider-Tal_15-768x576.jpg 768w, https:\/\/www.oliver-kilb.de\/www\/wp-content\/uploads\/2024\/10\/2020-09-12_Lalider-Tal_15-1536x1152.jpg 1536w\" sizes=\"auto, (max-width: 1800px) 100vw, 1800px\" \/><\/figure>\n\n\n\n<figure class=\"wp-block-image size-large\"><img loading=\"lazy\" decoding=\"async\" width=\"1800\" height=\"1350\" data-id=\"27696\" src=\"https:\/\/www.oliver-kilb.de\/www\/wp-content\/uploads\/2024\/10\/2020-09-12_Lalider-Tal_18.jpg\" alt=\"\" class=\"wp-image-27696\" srcset=\"https:\/\/www.oliver-kilb.de\/www\/wp-content\/uploads\/2024\/10\/2020-09-12_Lalider-Tal_18.jpg 1800w, https:\/\/www.oliver-kilb.de\/www\/wp-content\/uploads\/2024\/10\/2020-09-12_Lalider-Tal_18-500x375.jpg 500w, https:\/\/www.oliver-kilb.de\/www\/wp-content\/uploads\/2024\/10\/2020-09-12_Lalider-Tal_18-300x225.jpg 300w, https:\/\/www.oliver-kilb.de\/www\/wp-content\/uploads\/2024\/10\/2020-09-12_Lalider-Tal_18-768x576.jpg 768w, https:\/\/www.oliver-kilb.de\/www\/wp-content\/uploads\/2024\/10\/2020-09-12_Lalider-Tal_18-1536x1152.jpg 1536w\" sizes=\"auto, (max-width: 1800px) 100vw, 1800px\" \/><\/figure>\n\n\n\n<figure class=\"wp-block-image size-large\"><img loading=\"lazy\" decoding=\"async\" width=\"1800\" height=\"1350\" data-id=\"27701\" src=\"https:\/\/www.oliver-kilb.de\/www\/wp-content\/uploads\/2024\/10\/2020-09-12_Lalider-Tal_21.jpg\" alt=\"\" class=\"wp-image-27701\" srcset=\"https:\/\/www.oliver-kilb.de\/www\/wp-content\/uploads\/2024\/10\/2020-09-12_Lalider-Tal_21.jpg 1800w, https:\/\/www.oliver-kilb.de\/www\/wp-content\/uploads\/2024\/10\/2020-09-12_Lalider-Tal_21-500x375.jpg 500w, https:\/\/www.oliver-kilb.de\/www\/wp-content\/uploads\/2024\/10\/2020-09-12_Lalider-Tal_21-300x225.jpg 300w, https:\/\/www.oliver-kilb.de\/www\/wp-content\/uploads\/2024\/10\/2020-09-12_Lalider-Tal_21-768x576.jpg 768w, https:\/\/www.oliver-kilb.de\/www\/wp-content\/uploads\/2024\/10\/2020-09-12_Lalider-Tal_21-1536x1152.jpg 1536w\" sizes=\"auto, (max-width: 1800px) 100vw, 1800px\" \/><\/figure>\n\n\n\n<figure class=\"wp-block-image size-large\"><img loading=\"lazy\" decoding=\"async\" width=\"1800\" height=\"1350\" data-id=\"27707\" src=\"https:\/\/www.oliver-kilb.de\/www\/wp-content\/uploads\/2024\/10\/2020-09-12_Lalider-Tal_25.jpg\" alt=\"\" class=\"wp-image-27707\" srcset=\"https:\/\/www.oliver-kilb.de\/www\/wp-content\/uploads\/2024\/10\/2020-09-12_Lalider-Tal_25.jpg 1800w, https:\/\/www.oliver-kilb.de\/www\/wp-content\/uploads\/2024\/10\/2020-09-12_Lalider-Tal_25-500x375.jpg 500w, https:\/\/www.oliver-kilb.de\/www\/wp-content\/uploads\/2024\/10\/2020-09-12_Lalider-Tal_25-300x225.jpg 300w, https:\/\/www.oliver-kilb.de\/www\/wp-content\/uploads\/2024\/10\/2020-09-12_Lalider-Tal_25-768x576.jpg 768w, https:\/\/www.oliver-kilb.de\/www\/wp-content\/uploads\/2024\/10\/2020-09-12_Lalider-Tal_25-1536x1152.jpg 1536w\" sizes=\"auto, (max-width: 1800px) 100vw, 1800px\" \/><\/figure>\n\n\n\n<figure class=\"wp-block-image size-large\"><img loading=\"lazy\" decoding=\"async\" width=\"1800\" height=\"1350\" data-id=\"27708\" src=\"https:\/\/www.oliver-kilb.de\/www\/wp-content\/uploads\/2024\/10\/2020-09-12_Lalider-Tal_27.jpg\" alt=\"\" class=\"wp-image-27708\" srcset=\"https:\/\/www.oliver-kilb.de\/www\/wp-content\/uploads\/2024\/10\/2020-09-12_Lalider-Tal_27.jpg 1800w, https:\/\/www.oliver-kilb.de\/www\/wp-content\/uploads\/2024\/10\/2020-09-12_Lalider-Tal_27-500x375.jpg 500w, https:\/\/www.oliver-kilb.de\/www\/wp-content\/uploads\/2024\/10\/2020-09-12_Lalider-Tal_27-300x225.jpg 300w, https:\/\/www.oliver-kilb.de\/www\/wp-content\/uploads\/2024\/10\/2020-09-12_Lalider-Tal_27-768x576.jpg 768w, https:\/\/www.oliver-kilb.de\/www\/wp-content\/uploads\/2024\/10\/2020-09-12_Lalider-Tal_27-1536x1152.jpg 1536w\" sizes=\"auto, (max-width: 1800px) 100vw, 1800px\" \/><\/figure>\n\n\n\n<figure class=\"wp-block-image size-large\"><img loading=\"lazy\" decoding=\"async\" width=\"1800\" height=\"1350\" data-id=\"27699\" src=\"https:\/\/www.oliver-kilb.de\/www\/wp-content\/uploads\/2024\/10\/2020-09-12_Lalider-Tal_29.jpg\" alt=\"\" class=\"wp-image-27699\" srcset=\"https:\/\/www.oliver-kilb.de\/www\/wp-content\/uploads\/2024\/10\/2020-09-12_Lalider-Tal_29.jpg 1800w, https:\/\/www.oliver-kilb.de\/www\/wp-content\/uploads\/2024\/10\/2020-09-12_Lalider-Tal_29-500x375.jpg 500w, https:\/\/www.oliver-kilb.de\/www\/wp-content\/uploads\/2024\/10\/2020-09-12_Lalider-Tal_29-300x225.jpg 300w, https:\/\/www.oliver-kilb.de\/www\/wp-content\/uploads\/2024\/10\/2020-09-12_Lalider-Tal_29-768x576.jpg 768w, https:\/\/www.oliver-kilb.de\/www\/wp-content\/uploads\/2024\/10\/2020-09-12_Lalider-Tal_29-1536x1152.jpg 1536w\" sizes=\"auto, (max-width: 1800px) 100vw, 1800px\" \/><\/figure>\n\n\n\n<figure class=\"wp-block-image size-large\"><img loading=\"lazy\" decoding=\"async\" width=\"1800\" height=\"1350\" data-id=\"27697\" src=\"https:\/\/www.oliver-kilb.de\/www\/wp-content\/uploads\/2024\/10\/2020-09-12_Lalider-Tal_33.jpg\" alt=\"\" class=\"wp-image-27697\" srcset=\"https:\/\/www.oliver-kilb.de\/www\/wp-content\/uploads\/2024\/10\/2020-09-12_Lalider-Tal_33.jpg 1800w, https:\/\/www.oliver-kilb.de\/www\/wp-content\/uploads\/2024\/10\/2020-09-12_Lalider-Tal_33-500x375.jpg 500w, https:\/\/www.oliver-kilb.de\/www\/wp-content\/uploads\/2024\/10\/2020-09-12_Lalider-Tal_33-300x225.jpg 300w, https:\/\/www.oliver-kilb.de\/www\/wp-content\/uploads\/2024\/10\/2020-09-12_Lalider-Tal_33-768x576.jpg 768w, https:\/\/www.oliver-kilb.de\/www\/wp-content\/uploads\/2024\/10\/2020-09-12_Lalider-Tal_33-1536x1152.jpg 1536w\" sizes=\"auto, (max-width: 1800px) 100vw, 1800px\" \/><\/figure>\n\n\n\n<figure class=\"wp-block-image size-large\"><img loading=\"lazy\" decoding=\"async\" width=\"1800\" height=\"1350\" data-id=\"27702\" src=\"https:\/\/www.oliver-kilb.de\/www\/wp-content\/uploads\/2024\/10\/2020-09-12_Lalider-Tal_36.jpg\" alt=\"\" class=\"wp-image-27702\" srcset=\"https:\/\/www.oliver-kilb.de\/www\/wp-content\/uploads\/2024\/10\/2020-09-12_Lalider-Tal_36.jpg 1800w, https:\/\/www.oliver-kilb.de\/www\/wp-content\/uploads\/2024\/10\/2020-09-12_Lalider-Tal_36-500x375.jpg 500w, https:\/\/www.oliver-kilb.de\/www\/wp-content\/uploads\/2024\/10\/2020-09-12_Lalider-Tal_36-300x225.jpg 300w, https:\/\/www.oliver-kilb.de\/www\/wp-content\/uploads\/2024\/10\/2020-09-12_Lalider-Tal_36-768x576.jpg 768w, https:\/\/www.oliver-kilb.de\/www\/wp-content\/uploads\/2024\/10\/2020-09-12_Lalider-Tal_36-1536x1152.jpg 1536w\" sizes=\"auto, (max-width: 1800px) 100vw, 1800px\" \/><\/figure>\n\n\n\n<figure class=\"wp-block-image size-large\"><img loading=\"lazy\" decoding=\"async\" width=\"1800\" height=\"1350\" data-id=\"27703\" src=\"https:\/\/www.oliver-kilb.de\/www\/wp-content\/uploads\/2024\/10\/2020-09-12_Lalider-Tal_39.jpg\" alt=\"\" class=\"wp-image-27703\" srcset=\"https:\/\/www.oliver-kilb.de\/www\/wp-content\/uploads\/2024\/10\/2020-09-12_Lalider-Tal_39.jpg 1800w, https:\/\/www.oliver-kilb.de\/www\/wp-content\/uploads\/2024\/10\/2020-09-12_Lalider-Tal_39-500x375.jpg 500w, https:\/\/www.oliver-kilb.de\/www\/wp-content\/uploads\/2024\/10\/2020-09-12_Lalider-Tal_39-300x225.jpg 300w, https:\/\/www.oliver-kilb.de\/www\/wp-content\/uploads\/2024\/10\/2020-09-12_Lalider-Tal_39-768x576.jpg 768w, https:\/\/www.oliver-kilb.de\/www\/wp-content\/uploads\/2024\/10\/2020-09-12_Lalider-Tal_39-1536x1152.jpg 1536w\" sizes=\"auto, (max-width: 1800px) 100vw, 1800px\" \/><\/figure>\n\n\n\n<figure class=\"wp-block-image size-large\"><img loading=\"lazy\" decoding=\"async\" width=\"1800\" height=\"1350\" data-id=\"27719\" src=\"https:\/\/www.oliver-kilb.de\/www\/wp-content\/uploads\/2024\/10\/2020-09-12_Lalider-Tal_40.jpg\" alt=\"\" class=\"wp-image-27719\" srcset=\"https:\/\/www.oliver-kilb.de\/www\/wp-content\/uploads\/2024\/10\/2020-09-12_Lalider-Tal_40.jpg 1800w, https:\/\/www.oliver-kilb.de\/www\/wp-content\/uploads\/2024\/10\/2020-09-12_Lalider-Tal_40-500x375.jpg 500w, https:\/\/www.oliver-kilb.de\/www\/wp-content\/uploads\/2024\/10\/2020-09-12_Lalider-Tal_40-300x225.jpg 300w, https:\/\/www.oliver-kilb.de\/www\/wp-content\/uploads\/2024\/10\/2020-09-12_Lalider-Tal_40-768x576.jpg 768w, https:\/\/www.oliver-kilb.de\/www\/wp-content\/uploads\/2024\/10\/2020-09-12_Lalider-Tal_40-1536x1152.jpg 1536w\" sizes=\"auto, (max-width: 1800px) 100vw, 1800px\" \/><\/figure>\n\n\n\n<figure class=\"wp-block-image size-large\"><img loading=\"lazy\" decoding=\"async\" width=\"1800\" height=\"1350\" data-id=\"27710\" src=\"https:\/\/www.oliver-kilb.de\/www\/wp-content\/uploads\/2024\/10\/2020-09-12_Lalider-Tal_42.jpg\" alt=\"\" class=\"wp-image-27710\" srcset=\"https:\/\/www.oliver-kilb.de\/www\/wp-content\/uploads\/2024\/10\/2020-09-12_Lalider-Tal_42.jpg 1800w, https:\/\/www.oliver-kilb.de\/www\/wp-content\/uploads\/2024\/10\/2020-09-12_Lalider-Tal_42-500x375.jpg 500w, https:\/\/www.oliver-kilb.de\/www\/wp-content\/uploads\/2024\/10\/2020-09-12_Lalider-Tal_42-300x225.jpg 300w, https:\/\/www.oliver-kilb.de\/www\/wp-content\/uploads\/2024\/10\/2020-09-12_Lalider-Tal_42-768x576.jpg 768w, https:\/\/www.oliver-kilb.de\/www\/wp-content\/uploads\/2024\/10\/2020-09-12_Lalider-Tal_42-1536x1152.jpg 1536w\" sizes=\"auto, (max-width: 1800px) 100vw, 1800px\" \/><\/figure>\n\n\n\n<figure class=\"wp-block-image size-large\"><img loading=\"lazy\" decoding=\"async\" width=\"1800\" height=\"1350\" data-id=\"27711\" src=\"https:\/\/www.oliver-kilb.de\/www\/wp-content\/uploads\/2024\/10\/2020-09-12_Lalider-Tal_48.jpg\" alt=\"\" class=\"wp-image-27711\" srcset=\"https:\/\/www.oliver-kilb.de\/www\/wp-content\/uploads\/2024\/10\/2020-09-12_Lalider-Tal_48.jpg 1800w, https:\/\/www.oliver-kilb.de\/www\/wp-content\/uploads\/2024\/10\/2020-09-12_Lalider-Tal_48-500x375.jpg 500w, https:\/\/www.oliver-kilb.de\/www\/wp-content\/uploads\/2024\/10\/2020-09-12_Lalider-Tal_48-300x225.jpg 300w, https:\/\/www.oliver-kilb.de\/www\/wp-content\/uploads\/2024\/10\/2020-09-12_Lalider-Tal_48-768x576.jpg 768w, https:\/\/www.oliver-kilb.de\/www\/wp-content\/uploads\/2024\/10\/2020-09-12_Lalider-Tal_48-1536x1152.jpg 1536w\" sizes=\"auto, (max-width: 1800px) 100vw, 1800px\" \/><\/figure>\n\n\n\n<figure class=\"wp-block-image size-large\"><img loading=\"lazy\" decoding=\"async\" width=\"1800\" height=\"1350\" data-id=\"27712\" src=\"https:\/\/www.oliver-kilb.de\/www\/wp-content\/uploads\/2024\/10\/2020-09-12_Lalider-Tal_50.jpg\" alt=\"\" class=\"wp-image-27712\" srcset=\"https:\/\/www.oliver-kilb.de\/www\/wp-content\/uploads\/2024\/10\/2020-09-12_Lalider-Tal_50.jpg 1800w, https:\/\/www.oliver-kilb.de\/www\/wp-content\/uploads\/2024\/10\/2020-09-12_Lalider-Tal_50-500x375.jpg 500w, https:\/\/www.oliver-kilb.de\/www\/wp-content\/uploads\/2024\/10\/2020-09-12_Lalider-Tal_50-300x225.jpg 300w, https:\/\/www.oliver-kilb.de\/www\/wp-content\/uploads\/2024\/10\/2020-09-12_Lalider-Tal_50-768x576.jpg 768w, https:\/\/www.oliver-kilb.de\/www\/wp-content\/uploads\/2024\/10\/2020-09-12_Lalider-Tal_50-1536x1152.jpg 1536w\" sizes=\"auto, (max-width: 1800px) 100vw, 1800px\" \/><\/figure>\n\n\n\n<figure class=\"wp-block-image size-large\"><img loading=\"lazy\" decoding=\"async\" width=\"1800\" height=\"1350\" data-id=\"27705\" src=\"https:\/\/www.oliver-kilb.de\/www\/wp-content\/uploads\/2024\/10\/2020-09-12_Lalider-Tal_51.jpg\" alt=\"\" class=\"wp-image-27705\" srcset=\"https:\/\/www.oliver-kilb.de\/www\/wp-content\/uploads\/2024\/10\/2020-09-12_Lalider-Tal_51.jpg 1800w, https:\/\/www.oliver-kilb.de\/www\/wp-content\/uploads\/2024\/10\/2020-09-12_Lalider-Tal_51-500x375.jpg 500w, https:\/\/www.oliver-kilb.de\/www\/wp-content\/uploads\/2024\/10\/2020-09-12_Lalider-Tal_51-300x225.jpg 300w, https:\/\/www.oliver-kilb.de\/www\/wp-content\/uploads\/2024\/10\/2020-09-12_Lalider-Tal_51-768x576.jpg 768w, https:\/\/www.oliver-kilb.de\/www\/wp-content\/uploads\/2024\/10\/2020-09-12_Lalider-Tal_51-1536x1152.jpg 1536w\" sizes=\"auto, (max-width: 1800px) 100vw, 1800px\" \/><\/figure>\n\n\n\n<figure class=\"wp-block-image size-large\"><img loading=\"lazy\" decoding=\"async\" width=\"1800\" height=\"1350\" data-id=\"27706\" src=\"https:\/\/www.oliver-kilb.de\/www\/wp-content\/uploads\/2024\/10\/2020-09-12_Lalider-Tal_54.jpg\" alt=\"\" class=\"wp-image-27706\" srcset=\"https:\/\/www.oliver-kilb.de\/www\/wp-content\/uploads\/2024\/10\/2020-09-12_Lalider-Tal_54.jpg 1800w, https:\/\/www.oliver-kilb.de\/www\/wp-content\/uploads\/2024\/10\/2020-09-12_Lalider-Tal_54-500x375.jpg 500w, https:\/\/www.oliver-kilb.de\/www\/wp-content\/uploads\/2024\/10\/2020-09-12_Lalider-Tal_54-300x225.jpg 300w, https:\/\/www.oliver-kilb.de\/www\/wp-content\/uploads\/2024\/10\/2020-09-12_Lalider-Tal_54-768x576.jpg 768w, https:\/\/www.oliver-kilb.de\/www\/wp-content\/uploads\/2024\/10\/2020-09-12_Lalider-Tal_54-1536x1152.jpg 1536w\" sizes=\"auto, (max-width: 1800px) 100vw, 1800px\" \/><\/figure>\n\n\n\n<figure class=\"wp-block-image size-large\"><img loading=\"lazy\" decoding=\"async\" width=\"1800\" height=\"1350\" data-id=\"27716\" src=\"https:\/\/www.oliver-kilb.de\/www\/wp-content\/uploads\/2024\/10\/2020-09-12_Lalider-Tal_55.jpg\" alt=\"\" class=\"wp-image-27716\" srcset=\"https:\/\/www.oliver-kilb.de\/www\/wp-content\/uploads\/2024\/10\/2020-09-12_Lalider-Tal_55.jpg 1800w, https:\/\/www.oliver-kilb.de\/www\/wp-content\/uploads\/2024\/10\/2020-09-12_Lalider-Tal_55-500x375.jpg 500w, https:\/\/www.oliver-kilb.de\/www\/wp-content\/uploads\/2024\/10\/2020-09-12_Lalider-Tal_55-300x225.jpg 300w, https:\/\/www.oliver-kilb.de\/www\/wp-content\/uploads\/2024\/10\/2020-09-12_Lalider-Tal_55-768x576.jpg 768w, https:\/\/www.oliver-kilb.de\/www\/wp-content\/uploads\/2024\/10\/2020-09-12_Lalider-Tal_55-1536x1152.jpg 1536w\" sizes=\"auto, (max-width: 1800px) 100vw, 1800px\" \/><\/figure>\n\n\n\n<figure class=\"wp-block-image size-large\"><img loading=\"lazy\" decoding=\"async\" width=\"1800\" height=\"1350\" data-id=\"27700\" src=\"https:\/\/www.oliver-kilb.de\/www\/wp-content\/uploads\/2024\/10\/2020-09-12_Lalider-Tal_59.jpg\" alt=\"\" class=\"wp-image-27700\" srcset=\"https:\/\/www.oliver-kilb.de\/www\/wp-content\/uploads\/2024\/10\/2020-09-12_Lalider-Tal_59.jpg 1800w, https:\/\/www.oliver-kilb.de\/www\/wp-content\/uploads\/2024\/10\/2020-09-12_Lalider-Tal_59-500x375.jpg 500w, https:\/\/www.oliver-kilb.de\/www\/wp-content\/uploads\/2024\/10\/2020-09-12_Lalider-Tal_59-300x225.jpg 300w, https:\/\/www.oliver-kilb.de\/www\/wp-content\/uploads\/2024\/10\/2020-09-12_Lalider-Tal_59-768x576.jpg 768w, https:\/\/www.oliver-kilb.de\/www\/wp-content\/uploads\/2024\/10\/2020-09-12_Lalider-Tal_59-1536x1152.jpg 1536w\" sizes=\"auto, (max-width: 1800px) 100vw, 1800px\" \/><\/figure>\n\n\n\n<figure class=\"wp-block-image size-large\"><img loading=\"lazy\" decoding=\"async\" width=\"1800\" height=\"1350\" data-id=\"27709\" src=\"https:\/\/www.oliver-kilb.de\/www\/wp-content\/uploads\/2024\/10\/2020-09-12_Lalider-Tal_60.jpg\" alt=\"\" class=\"wp-image-27709\" srcset=\"https:\/\/www.oliver-kilb.de\/www\/wp-content\/uploads\/2024\/10\/2020-09-12_Lalider-Tal_60.jpg 1800w, https:\/\/www.oliver-kilb.de\/www\/wp-content\/uploads\/2024\/10\/2020-09-12_Lalider-Tal_60-500x375.jpg 500w, https:\/\/www.oliver-kilb.de\/www\/wp-content\/uploads\/2024\/10\/2020-09-12_Lalider-Tal_60-300x225.jpg 300w, https:\/\/www.oliver-kilb.de\/www\/wp-content\/uploads\/2024\/10\/2020-09-12_Lalider-Tal_60-768x576.jpg 768w, https:\/\/www.oliver-kilb.de\/www\/wp-content\/uploads\/2024\/10\/2020-09-12_Lalider-Tal_60-1536x1152.jpg 1536w\" sizes=\"auto, (max-width: 1800px) 100vw, 1800px\" \/><\/figure>\n\n\n\n<figure class=\"wp-block-image size-large\"><img loading=\"lazy\" decoding=\"async\" width=\"1800\" height=\"1350\" data-id=\"27717\" src=\"https:\/\/www.oliver-kilb.de\/www\/wp-content\/uploads\/2024\/10\/2020-09-12_Lalider-Tal_61.jpg\" alt=\"\" class=\"wp-image-27717\" srcset=\"https:\/\/www.oliver-kilb.de\/www\/wp-content\/uploads\/2024\/10\/2020-09-12_Lalider-Tal_61.jpg 1800w, https:\/\/www.oliver-kilb.de\/www\/wp-content\/uploads\/2024\/10\/2020-09-12_Lalider-Tal_61-500x375.jpg 500w, https:\/\/www.oliver-kilb.de\/www\/wp-content\/uploads\/2024\/10\/2020-09-12_Lalider-Tal_61-300x225.jpg 300w, https:\/\/www.oliver-kilb.de\/www\/wp-content\/uploads\/2024\/10\/2020-09-12_Lalider-Tal_61-768x576.jpg 768w, https:\/\/www.oliver-kilb.de\/www\/wp-content\/uploads\/2024\/10\/2020-09-12_Lalider-Tal_61-1536x1152.jpg 1536w\" sizes=\"auto, (max-width: 1800px) 100vw, 1800px\" \/><\/figure>\n\n\n\n<figure class=\"wp-block-image size-large\"><img loading=\"lazy\" decoding=\"async\" width=\"1800\" height=\"1350\" data-id=\"27715\" src=\"https:\/\/www.oliver-kilb.de\/www\/wp-content\/uploads\/2024\/10\/2020-09-12_Lalider-Tal_63.jpg\" alt=\"\" class=\"wp-image-27715\" srcset=\"https:\/\/www.oliver-kilb.de\/www\/wp-content\/uploads\/2024\/10\/2020-09-12_Lalider-Tal_63.jpg 1800w, https:\/\/www.oliver-kilb.de\/www\/wp-content\/uploads\/2024\/10\/2020-09-12_Lalider-Tal_63-500x375.jpg 500w, https:\/\/www.oliver-kilb.de\/www\/wp-content\/uploads\/2024\/10\/2020-09-12_Lalider-Tal_63-300x225.jpg 300w, https:\/\/www.oliver-kilb.de\/www\/wp-content\/uploads\/2024\/10\/2020-09-12_Lalider-Tal_63-768x576.jpg 768w, https:\/\/www.oliver-kilb.de\/www\/wp-content\/uploads\/2024\/10\/2020-09-12_Lalider-Tal_63-1536x1152.jpg 1536w\" sizes=\"auto, (max-width: 1800px) 100vw, 1800px\" \/><\/figure>\n\n\n\n<figure class=\"wp-block-image size-large\"><img loading=\"lazy\" decoding=\"async\" width=\"1800\" height=\"1350\" data-id=\"27714\" src=\"https:\/\/www.oliver-kilb.de\/www\/wp-content\/uploads\/2024\/10\/2020-09-12_Lalider-Tal_73.jpg\" alt=\"\" class=\"wp-image-27714\" srcset=\"https:\/\/www.oliver-kilb.de\/www\/wp-content\/uploads\/2024\/10\/2020-09-12_Lalider-Tal_73.jpg 1800w, https:\/\/www.oliver-kilb.de\/www\/wp-content\/uploads\/2024\/10\/2020-09-12_Lalider-Tal_73-500x375.jpg 500w, https:\/\/www.oliver-kilb.de\/www\/wp-content\/uploads\/2024\/10\/2020-09-12_Lalider-Tal_73-300x225.jpg 300w, https:\/\/www.oliver-kilb.de\/www\/wp-content\/uploads\/2024\/10\/2020-09-12_Lalider-Tal_73-768x576.jpg 768w, https:\/\/www.oliver-kilb.de\/www\/wp-content\/uploads\/2024\/10\/2020-09-12_Lalider-Tal_73-1536x1152.jpg 1536w\" sizes=\"auto, (max-width: 1800px) 100vw, 1800px\" \/><\/figure>\n\n\n\n<figure class=\"wp-block-image size-large\"><img loading=\"lazy\" decoding=\"async\" width=\"1800\" height=\"1350\" data-id=\"27713\" src=\"https:\/\/www.oliver-kilb.de\/www\/wp-content\/uploads\/2024\/10\/2020-09-12_Lalider-Tal_74.jpg\" alt=\"\" class=\"wp-image-27713\" srcset=\"https:\/\/www.oliver-kilb.de\/www\/wp-content\/uploads\/2024\/10\/2020-09-12_Lalider-Tal_74.jpg 1800w, https:\/\/www.oliver-kilb.de\/www\/wp-content\/uploads\/2024\/10\/2020-09-12_Lalider-Tal_74-500x375.jpg 500w, https:\/\/www.oliver-kilb.de\/www\/wp-content\/uploads\/2024\/10\/2020-09-12_Lalider-Tal_74-300x225.jpg 300w, https:\/\/www.oliver-kilb.de\/www\/wp-content\/uploads\/2024\/10\/2020-09-12_Lalider-Tal_74-768x576.jpg 768w, https:\/\/www.oliver-kilb.de\/www\/wp-content\/uploads\/2024\/10\/2020-09-12_Lalider-Tal_74-1536x1152.jpg 1536w\" sizes=\"auto, (max-width: 1800px) 100vw, 1800px\" \/><\/figure>\n\n\n\n<figure class=\"wp-block-image size-large\"><img loading=\"lazy\" decoding=\"async\" width=\"1800\" height=\"1350\" data-id=\"27718\" src=\"https:\/\/www.oliver-kilb.de\/www\/wp-content\/uploads\/2024\/10\/2020-09-12_Lalider-Tal_77.jpg\" alt=\"\" class=\"wp-image-27718\" srcset=\"https:\/\/www.oliver-kilb.de\/www\/wp-content\/uploads\/2024\/10\/2020-09-12_Lalider-Tal_77.jpg 1800w, https:\/\/www.oliver-kilb.de\/www\/wp-content\/uploads\/2024\/10\/2020-09-12_Lalider-Tal_77-500x375.jpg 500w, https:\/\/www.oliver-kilb.de\/www\/wp-content\/uploads\/2024\/10\/2020-09-12_Lalider-Tal_77-300x225.jpg 300w, https:\/\/www.oliver-kilb.de\/www\/wp-content\/uploads\/2024\/10\/2020-09-12_Lalider-Tal_77-768x576.jpg 768w, https:\/\/www.oliver-kilb.de\/www\/wp-content\/uploads\/2024\/10\/2020-09-12_Lalider-Tal_77-1536x1152.jpg 1536w\" sizes=\"auto, (max-width: 1800px) 100vw, 1800px\" \/><\/figure>\n\n\n\n<figure class=\"wp-block-image size-large\"><img loading=\"lazy\" decoding=\"async\" width=\"1800\" height=\"1350\" data-id=\"27721\" src=\"https:\/\/www.oliver-kilb.de\/www\/wp-content\/uploads\/2024\/10\/2020-09-12_Lalider-Tal_80.jpg\" alt=\"\" class=\"wp-image-27721\" srcset=\"https:\/\/www.oliver-kilb.de\/www\/wp-content\/uploads\/2024\/10\/2020-09-12_Lalider-Tal_80.jpg 1800w, https:\/\/www.oliver-kilb.de\/www\/wp-content\/uploads\/2024\/10\/2020-09-12_Lalider-Tal_80-500x375.jpg 500w, https:\/\/www.oliver-kilb.de\/www\/wp-content\/uploads\/2024\/10\/2020-09-12_Lalider-Tal_80-300x225.jpg 300w, https:\/\/www.oliver-kilb.de\/www\/wp-content\/uploads\/2024\/10\/2020-09-12_Lalider-Tal_80-768x576.jpg 768w, https:\/\/www.oliver-kilb.de\/www\/wp-content\/uploads\/2024\/10\/2020-09-12_Lalider-Tal_80-1536x1152.jpg 1536w\" sizes=\"auto, (max-width: 1800px) 100vw, 1800px\" \/><\/figure>\n\n\n\n<figure class=\"wp-block-image size-large\"><img loading=\"lazy\" decoding=\"async\" width=\"1800\" height=\"1350\" data-id=\"27722\" src=\"https:\/\/www.oliver-kilb.de\/www\/wp-content\/uploads\/2024\/10\/2020-09-12_Lalider-Tal_81.jpg\" alt=\"\" class=\"wp-image-27722\" srcset=\"https:\/\/www.oliver-kilb.de\/www\/wp-content\/uploads\/2024\/10\/2020-09-12_Lalider-Tal_81.jpg 1800w, https:\/\/www.oliver-kilb.de\/www\/wp-content\/uploads\/2024\/10\/2020-09-12_Lalider-Tal_81-500x375.jpg 500w, https:\/\/www.oliver-kilb.de\/www\/wp-content\/uploads\/2024\/10\/2020-09-12_Lalider-Tal_81-300x225.jpg 300w, https:\/\/www.oliver-kilb.de\/www\/wp-content\/uploads\/2024\/10\/2020-09-12_Lalider-Tal_81-768x576.jpg 768w, https:\/\/www.oliver-kilb.de\/www\/wp-content\/uploads\/2024\/10\/2020-09-12_Lalider-Tal_81-1536x1152.jpg 1536w\" sizes=\"auto, (max-width: 1800px) 100vw, 1800px\" \/><\/figure>\n\n\n\n<figure class=\"wp-block-image size-large\"><img loading=\"lazy\" decoding=\"async\" width=\"1800\" height=\"1350\" data-id=\"27720\" src=\"https:\/\/www.oliver-kilb.de\/www\/wp-content\/uploads\/2024\/10\/2020-09-12_Lalider-Tal_88.jpg\" alt=\"\" class=\"wp-image-27720\" srcset=\"https:\/\/www.oliver-kilb.de\/www\/wp-content\/uploads\/2024\/10\/2020-09-12_Lalider-Tal_88.jpg 1800w, https:\/\/www.oliver-kilb.de\/www\/wp-content\/uploads\/2024\/10\/2020-09-12_Lalider-Tal_88-500x375.jpg 500w, https:\/\/www.oliver-kilb.de\/www\/wp-content\/uploads\/2024\/10\/2020-09-12_Lalider-Tal_88-300x225.jpg 300w, https:\/\/www.oliver-kilb.de\/www\/wp-content\/uploads\/2024\/10\/2020-09-12_Lalider-Tal_88-768x576.jpg 768w, https:\/\/www.oliver-kilb.de\/www\/wp-content\/uploads\/2024\/10\/2020-09-12_Lalider-Tal_88-1536x1152.jpg 1536w\" sizes=\"auto, (max-width: 1800px) 100vw, 1800px\" \/><\/figure>\n\n\n\n<figure class=\"wp-block-image size-large\"><img loading=\"lazy\" decoding=\"async\" width=\"1800\" height=\"1350\" data-id=\"27723\" src=\"https:\/\/www.oliver-kilb.de\/www\/wp-content\/uploads\/2024\/10\/2020-09-12_Lalider-Tal_89.jpg\" alt=\"\" class=\"wp-image-27723\" srcset=\"https:\/\/www.oliver-kilb.de\/www\/wp-content\/uploads\/2024\/10\/2020-09-12_Lalider-Tal_89.jpg 1800w, https:\/\/www.oliver-kilb.de\/www\/wp-content\/uploads\/2024\/10\/2020-09-12_Lalider-Tal_89-500x375.jpg 500w, https:\/\/www.oliver-kilb.de\/www\/wp-content\/uploads\/2024\/10\/2020-09-12_Lalider-Tal_89-300x225.jpg 300w, https:\/\/www.oliver-kilb.de\/www\/wp-content\/uploads\/2024\/10\/2020-09-12_Lalider-Tal_89-768x576.jpg 768w, https:\/\/www.oliver-kilb.de\/www\/wp-content\/uploads\/2024\/10\/2020-09-12_Lalider-Tal_89-1536x1152.jpg 1536w\" sizes=\"auto, (max-width: 1800px) 100vw, 1800px\" \/><\/figure>\n<\/figure>\n","protected":false},"excerpt":{"rendered":"<p>Eine sehr sch\u00f6ne und zugleich auch leichte Tour im Karwendelgebirge f\u00fchrt durch das Laliderertal hin\u00fcber zu den Engalmen &#8211; wer will, kann auch \u00fcber die Falkenh\u00fctte.<\/p>\n","protected":false},"author":1,"featured_media":27691,"comment_status":"open","ping_status":"open","sticky":false,"template":"","format":"standard","meta":{"iawp_total_views":3,"footnotes":""},"categories":[15,414],"tags":[413,411,412,410],"class_list":["post-27681","post","type-post","status-publish","format-standard","has-post-thumbnail","hentry","category-blog","category-oesterreich","tag-ahornboden","tag-engalm","tag-laliderer-spitze","tag-lalidertal"],"yoast_head":"<!-- This site is optimized with the Yoast SEO plugin v27.3 - https:\/\/yoast.com\/product\/yoast-seo-wordpress\/ -->\n<title>Durch das Laliderertal zu den Engalmen. - Japan, Wandern und Multimedia<\/title>\n<meta name=\"description\" content=\"Eine sehr sch\u00f6ne und zugleich auch leichte Tour im Karwendelgebirge f\u00fchrt durch das Laliderertal hin\u00fcber zu den Engalmen.\" \/>\n<meta name=\"robots\" content=\"index, follow, max-snippet:-1, max-image-preview:large, max-video-preview:-1\" \/>\n<link rel=\"canonical\" href=\"https:\/\/www.oliver-kilb.de\/www\/2020\/09\/12\/durch-das-laliderertal-zu-den-engalmen\/\" \/>\n<meta property=\"og:locale\" content=\"de_DE\" \/>\n<meta property=\"og:type\" content=\"article\" \/>\n<meta property=\"og:title\" content=\"Durch das Laliderertal zu den Engalmen. - Japan, Wandern und Multimedia\" \/>\n<meta property=\"og:description\" content=\"Eine sehr sch\u00f6ne und zugleich auch leichte Tour im Karwendelgebirge f\u00fchrt durch das Laliderertal hin\u00fcber zu den Engalmen.\" \/>\n<meta property=\"og:url\" content=\"https:\/\/www.oliver-kilb.de\/www\/2020\/09\/12\/durch-das-laliderertal-zu-den-engalmen\/\" \/>\n<meta property=\"og:site_name\" content=\"Japan, Wandern und Multimedia\" \/>\n<meta property=\"article:published_time\" content=\"2020-09-12T16:49:00+00:00\" \/>\n<meta property=\"article:modified_time\" content=\"2024-10-10T17:02:45+00:00\" \/>\n<meta property=\"og:image\" content=\"https:\/\/www.oliver-kilb.de\/www\/wp-content\/uploads\/2024\/10\/2020-09-12_Lalider-Tal_68.jpg\" \/>\n\t<meta property=\"og:image:width\" content=\"1800\" \/>\n\t<meta property=\"og:image:height\" content=\"1350\" \/>\n\t<meta property=\"og:image:type\" content=\"image\/jpeg\" \/>\n<meta name=\"author\" content=\"Oliver Kilb\" \/>\n<meta name=\"twitter:card\" content=\"summary_large_image\" \/>\n<meta name=\"twitter:label1\" content=\"Verfasst von\" \/>\n\t<meta name=\"twitter:data1\" content=\"Oliver Kilb\" \/>\n\t<meta name=\"twitter:label2\" content=\"Gesch\u00e4tzte Lesezeit\" \/>\n\t<meta name=\"twitter:data2\" content=\"13\u00a0Minuten\" \/>\n<script type=\"application\/ld+json\" class=\"yoast-schema-graph\">{\"@context\":\"https:\\\/\\\/schema.org\",\"@graph\":[{\"@type\":\"Article\",\"@id\":\"https:\\\/\\\/www.oliver-kilb.de\\\/www\\\/2020\\\/09\\\/12\\\/durch-das-laliderertal-zu-den-engalmen\\\/#article\",\"isPartOf\":{\"@id\":\"https:\\\/\\\/www.oliver-kilb.de\\\/www\\\/2020\\\/09\\\/12\\\/durch-das-laliderertal-zu-den-engalmen\\\/\"},\"author\":{\"name\":\"Oliver Kilb\",\"@id\":\"https:\\\/\\\/www.oliver-kilb.de\\\/www\\\/#\\\/schema\\\/person\\\/c2b19a881050135aa248a8851b7b4250\"},\"headline\":\"Durch das Laliderertal zu den Engalmen.\",\"datePublished\":\"2020-09-12T16:49:00+00:00\",\"dateModified\":\"2024-10-10T17:02:45+00:00\",\"mainEntityOfPage\":{\"@id\":\"https:\\\/\\\/www.oliver-kilb.de\\\/www\\\/2020\\\/09\\\/12\\\/durch-das-laliderertal-zu-den-engalmen\\\/\"},\"wordCount\":980,\"commentCount\":0,\"publisher\":{\"@id\":\"https:\\\/\\\/www.oliver-kilb.de\\\/www\\\/#organization\"},\"image\":{\"@id\":\"https:\\\/\\\/www.oliver-kilb.de\\\/www\\\/2020\\\/09\\\/12\\\/durch-das-laliderertal-zu-den-engalmen\\\/#primaryimage\"},\"thumbnailUrl\":\"https:\\\/\\\/www.oliver-kilb.de\\\/www\\\/wp-content\\\/uploads\\\/2024\\\/10\\\/2020-09-12_Lalider-Tal_68.jpg\",\"keywords\":[\"Ahornboden\",\"Engalm\",\"Laliderer Spitze\",\"Lalidertal\"],\"articleSection\":[\"Blog\",\"\u00d6sterreich\"],\"inLanguage\":\"de\",\"potentialAction\":[{\"@type\":\"CommentAction\",\"name\":\"Comment\",\"target\":[\"https:\\\/\\\/www.oliver-kilb.de\\\/www\\\/2020\\\/09\\\/12\\\/durch-das-laliderertal-zu-den-engalmen\\\/#respond\"]}]},{\"@type\":\"WebPage\",\"@id\":\"https:\\\/\\\/www.oliver-kilb.de\\\/www\\\/2020\\\/09\\\/12\\\/durch-das-laliderertal-zu-den-engalmen\\\/\",\"url\":\"https:\\\/\\\/www.oliver-kilb.de\\\/www\\\/2020\\\/09\\\/12\\\/durch-das-laliderertal-zu-den-engalmen\\\/\",\"name\":\"Durch das Laliderertal zu den Engalmen. - Japan, Wandern und Multimedia\",\"isPartOf\":{\"@id\":\"https:\\\/\\\/www.oliver-kilb.de\\\/www\\\/#website\"},\"primaryImageOfPage\":{\"@id\":\"https:\\\/\\\/www.oliver-kilb.de\\\/www\\\/2020\\\/09\\\/12\\\/durch-das-laliderertal-zu-den-engalmen\\\/#primaryimage\"},\"image\":{\"@id\":\"https:\\\/\\\/www.oliver-kilb.de\\\/www\\\/2020\\\/09\\\/12\\\/durch-das-laliderertal-zu-den-engalmen\\\/#primaryimage\"},\"thumbnailUrl\":\"https:\\\/\\\/www.oliver-kilb.de\\\/www\\\/wp-content\\\/uploads\\\/2024\\\/10\\\/2020-09-12_Lalider-Tal_68.jpg\",\"datePublished\":\"2020-09-12T16:49:00+00:00\",\"dateModified\":\"2024-10-10T17:02:45+00:00\",\"description\":\"Eine sehr sch\u00f6ne und zugleich auch leichte Tour im Karwendelgebirge f\u00fchrt durch das Laliderertal hin\u00fcber zu den Engalmen.\",\"breadcrumb\":{\"@id\":\"https:\\\/\\\/www.oliver-kilb.de\\\/www\\\/2020\\\/09\\\/12\\\/durch-das-laliderertal-zu-den-engalmen\\\/#breadcrumb\"},\"inLanguage\":\"de\",\"potentialAction\":[{\"@type\":\"ReadAction\",\"target\":[\"https:\\\/\\\/www.oliver-kilb.de\\\/www\\\/2020\\\/09\\\/12\\\/durch-das-laliderertal-zu-den-engalmen\\\/\"]}]},{\"@type\":\"ImageObject\",\"inLanguage\":\"de\",\"@id\":\"https:\\\/\\\/www.oliver-kilb.de\\\/www\\\/2020\\\/09\\\/12\\\/durch-das-laliderertal-zu-den-engalmen\\\/#primaryimage\",\"url\":\"https:\\\/\\\/www.oliver-kilb.de\\\/www\\\/wp-content\\\/uploads\\\/2024\\\/10\\\/2020-09-12_Lalider-Tal_68.jpg\",\"contentUrl\":\"https:\\\/\\\/www.oliver-kilb.de\\\/www\\\/wp-content\\\/uploads\\\/2024\\\/10\\\/2020-09-12_Lalider-Tal_68.jpg\",\"width\":1800,\"height\":1350,\"caption\":\"Im Laliderer Tal.\"},{\"@type\":\"BreadcrumbList\",\"@id\":\"https:\\\/\\\/www.oliver-kilb.de\\\/www\\\/2020\\\/09\\\/12\\\/durch-das-laliderertal-zu-den-engalmen\\\/#breadcrumb\",\"itemListElement\":[{\"@type\":\"ListItem\",\"position\":1,\"name\":\"Startseite\",\"item\":\"https:\\\/\\\/www.oliver-kilb.de\\\/www\\\/\"},{\"@type\":\"ListItem\",\"position\":2,\"name\":\"Durch das Laliderertal zu den Engalmen.\"}]},{\"@type\":\"WebSite\",\"@id\":\"https:\\\/\\\/www.oliver-kilb.de\\\/www\\\/#website\",\"url\":\"https:\\\/\\\/www.oliver-kilb.de\\\/www\\\/\",\"name\":\"Japan, Wandern und Multimedia\",\"description\":\"\",\"publisher\":{\"@id\":\"https:\\\/\\\/www.oliver-kilb.de\\\/www\\\/#organization\"},\"potentialAction\":[{\"@type\":\"SearchAction\",\"target\":{\"@type\":\"EntryPoint\",\"urlTemplate\":\"https:\\\/\\\/www.oliver-kilb.de\\\/www\\\/?s={search_term_string}\"},\"query-input\":{\"@type\":\"PropertyValueSpecification\",\"valueRequired\":true,\"valueName\":\"search_term_string\"}}],\"inLanguage\":\"de\"},{\"@type\":\"Organization\",\"@id\":\"https:\\\/\\\/www.oliver-kilb.de\\\/www\\\/#organization\",\"name\":\"Japan, Wandern und Multimedia\",\"url\":\"https:\\\/\\\/www.oliver-kilb.de\\\/www\\\/\",\"logo\":{\"@type\":\"ImageObject\",\"inLanguage\":\"de\",\"@id\":\"https:\\\/\\\/www.oliver-kilb.de\\\/www\\\/#\\\/schema\\\/logo\\\/image\\\/\",\"url\":\"https:\\\/\\\/www.oliver-kilb.de\\\/www\\\/wp-content\\\/uploads\\\/2024\\\/07\\\/Fushimi-Inari-Schrein_075_DxO.jpg\",\"contentUrl\":\"https:\\\/\\\/www.oliver-kilb.de\\\/www\\\/wp-content\\\/uploads\\\/2024\\\/07\\\/Fushimi-Inari-Schrein_075_DxO.jpg\",\"width\":1380,\"height\":301,\"caption\":\"Japan, Wandern und Multimedia\"},\"image\":{\"@id\":\"https:\\\/\\\/www.oliver-kilb.de\\\/www\\\/#\\\/schema\\\/logo\\\/image\\\/\"}},{\"@type\":\"Person\",\"@id\":\"https:\\\/\\\/www.oliver-kilb.de\\\/www\\\/#\\\/schema\\\/person\\\/c2b19a881050135aa248a8851b7b4250\",\"name\":\"Oliver Kilb\",\"image\":{\"@type\":\"ImageObject\",\"inLanguage\":\"de\",\"@id\":\"https:\\\/\\\/secure.gravatar.com\\\/avatar\\\/4da50eb2c6eb71b0641229eed4a38d05c8d4b458a59355cca0d02b57303d6ffd?s=96&d=mm&r=g\",\"url\":\"https:\\\/\\\/secure.gravatar.com\\\/avatar\\\/4da50eb2c6eb71b0641229eed4a38d05c8d4b458a59355cca0d02b57303d6ffd?s=96&d=mm&r=g\",\"contentUrl\":\"https:\\\/\\\/secure.gravatar.com\\\/avatar\\\/4da50eb2c6eb71b0641229eed4a38d05c8d4b458a59355cca0d02b57303d6ffd?s=96&d=mm&r=g\",\"caption\":\"Oliver Kilb\"},\"sameAs\":[\"https:\\\/\\\/www.oliver-kilb.de\\\/www\"],\"url\":\"https:\\\/\\\/www.oliver-kilb.de\\\/www\\\/author\\\/oliver-kilb\\\/\"}]}<\/script>\n<!-- \/ Yoast SEO plugin. -->","yoast_head_json":{"title":"Durch das Laliderertal zu den Engalmen. - Japan, Wandern und Multimedia","description":"Eine sehr sch\u00f6ne und zugleich auch leichte Tour im Karwendelgebirge f\u00fchrt durch das Laliderertal hin\u00fcber zu den Engalmen.","robots":{"index":"index","follow":"follow","max-snippet":"max-snippet:-1","max-image-preview":"max-image-preview:large","max-video-preview":"max-video-preview:-1"},"canonical":"https:\/\/www.oliver-kilb.de\/www\/2020\/09\/12\/durch-das-laliderertal-zu-den-engalmen\/","og_locale":"de_DE","og_type":"article","og_title":"Durch das Laliderertal zu den Engalmen. - Japan, Wandern und Multimedia","og_description":"Eine sehr sch\u00f6ne und zugleich auch leichte Tour im Karwendelgebirge f\u00fchrt durch das Laliderertal hin\u00fcber zu den Engalmen.","og_url":"https:\/\/www.oliver-kilb.de\/www\/2020\/09\/12\/durch-das-laliderertal-zu-den-engalmen\/","og_site_name":"Japan, Wandern und Multimedia","article_published_time":"2020-09-12T16:49:00+00:00","article_modified_time":"2024-10-10T17:02:45+00:00","og_image":[{"width":1800,"height":1350,"url":"https:\/\/www.oliver-kilb.de\/www\/wp-content\/uploads\/2024\/10\/2020-09-12_Lalider-Tal_68.jpg","type":"image\/jpeg"}],"author":"Oliver Kilb","twitter_card":"summary_large_image","twitter_misc":{"Verfasst von":"Oliver Kilb","Gesch\u00e4tzte Lesezeit":"13\u00a0Minuten"},"schema":{"@context":"https:\/\/schema.org","@graph":[{"@type":"Article","@id":"https:\/\/www.oliver-kilb.de\/www\/2020\/09\/12\/durch-das-laliderertal-zu-den-engalmen\/#article","isPartOf":{"@id":"https:\/\/www.oliver-kilb.de\/www\/2020\/09\/12\/durch-das-laliderertal-zu-den-engalmen\/"},"author":{"name":"Oliver Kilb","@id":"https:\/\/www.oliver-kilb.de\/www\/#\/schema\/person\/c2b19a881050135aa248a8851b7b4250"},"headline":"Durch das Laliderertal zu den Engalmen.","datePublished":"2020-09-12T16:49:00+00:00","dateModified":"2024-10-10T17:02:45+00:00","mainEntityOfPage":{"@id":"https:\/\/www.oliver-kilb.de\/www\/2020\/09\/12\/durch-das-laliderertal-zu-den-engalmen\/"},"wordCount":980,"commentCount":0,"publisher":{"@id":"https:\/\/www.oliver-kilb.de\/www\/#organization"},"image":{"@id":"https:\/\/www.oliver-kilb.de\/www\/2020\/09\/12\/durch-das-laliderertal-zu-den-engalmen\/#primaryimage"},"thumbnailUrl":"https:\/\/www.oliver-kilb.de\/www\/wp-content\/uploads\/2024\/10\/2020-09-12_Lalider-Tal_68.jpg","keywords":["Ahornboden","Engalm","Laliderer Spitze","Lalidertal"],"articleSection":["Blog","\u00d6sterreich"],"inLanguage":"de","potentialAction":[{"@type":"CommentAction","name":"Comment","target":["https:\/\/www.oliver-kilb.de\/www\/2020\/09\/12\/durch-das-laliderertal-zu-den-engalmen\/#respond"]}]},{"@type":"WebPage","@id":"https:\/\/www.oliver-kilb.de\/www\/2020\/09\/12\/durch-das-laliderertal-zu-den-engalmen\/","url":"https:\/\/www.oliver-kilb.de\/www\/2020\/09\/12\/durch-das-laliderertal-zu-den-engalmen\/","name":"Durch das Laliderertal zu den Engalmen. - Japan, Wandern und Multimedia","isPartOf":{"@id":"https:\/\/www.oliver-kilb.de\/www\/#website"},"primaryImageOfPage":{"@id":"https:\/\/www.oliver-kilb.de\/www\/2020\/09\/12\/durch-das-laliderertal-zu-den-engalmen\/#primaryimage"},"image":{"@id":"https:\/\/www.oliver-kilb.de\/www\/2020\/09\/12\/durch-das-laliderertal-zu-den-engalmen\/#primaryimage"},"thumbnailUrl":"https:\/\/www.oliver-kilb.de\/www\/wp-content\/uploads\/2024\/10\/2020-09-12_Lalider-Tal_68.jpg","datePublished":"2020-09-12T16:49:00+00:00","dateModified":"2024-10-10T17:02:45+00:00","description":"Eine sehr sch\u00f6ne und zugleich auch leichte Tour im Karwendelgebirge f\u00fchrt durch das Laliderertal hin\u00fcber zu den Engalmen.","breadcrumb":{"@id":"https:\/\/www.oliver-kilb.de\/www\/2020\/09\/12\/durch-das-laliderertal-zu-den-engalmen\/#breadcrumb"},"inLanguage":"de","potentialAction":[{"@type":"ReadAction","target":["https:\/\/www.oliver-kilb.de\/www\/2020\/09\/12\/durch-das-laliderertal-zu-den-engalmen\/"]}]},{"@type":"ImageObject","inLanguage":"de","@id":"https:\/\/www.oliver-kilb.de\/www\/2020\/09\/12\/durch-das-laliderertal-zu-den-engalmen\/#primaryimage","url":"https:\/\/www.oliver-kilb.de\/www\/wp-content\/uploads\/2024\/10\/2020-09-12_Lalider-Tal_68.jpg","contentUrl":"https:\/\/www.oliver-kilb.de\/www\/wp-content\/uploads\/2024\/10\/2020-09-12_Lalider-Tal_68.jpg","width":1800,"height":1350,"caption":"Im Laliderer Tal."},{"@type":"BreadcrumbList","@id":"https:\/\/www.oliver-kilb.de\/www\/2020\/09\/12\/durch-das-laliderertal-zu-den-engalmen\/#breadcrumb","itemListElement":[{"@type":"ListItem","position":1,"name":"Startseite","item":"https:\/\/www.oliver-kilb.de\/www\/"},{"@type":"ListItem","position":2,"name":"Durch das Laliderertal zu den Engalmen."}]},{"@type":"WebSite","@id":"https:\/\/www.oliver-kilb.de\/www\/#website","url":"https:\/\/www.oliver-kilb.de\/www\/","name":"Japan, Wandern und Multimedia","description":"","publisher":{"@id":"https:\/\/www.oliver-kilb.de\/www\/#organization"},"potentialAction":[{"@type":"SearchAction","target":{"@type":"EntryPoint","urlTemplate":"https:\/\/www.oliver-kilb.de\/www\/?s={search_term_string}"},"query-input":{"@type":"PropertyValueSpecification","valueRequired":true,"valueName":"search_term_string"}}],"inLanguage":"de"},{"@type":"Organization","@id":"https:\/\/www.oliver-kilb.de\/www\/#organization","name":"Japan, Wandern und Multimedia","url":"https:\/\/www.oliver-kilb.de\/www\/","logo":{"@type":"ImageObject","inLanguage":"de","@id":"https:\/\/www.oliver-kilb.de\/www\/#\/schema\/logo\/image\/","url":"https:\/\/www.oliver-kilb.de\/www\/wp-content\/uploads\/2024\/07\/Fushimi-Inari-Schrein_075_DxO.jpg","contentUrl":"https:\/\/www.oliver-kilb.de\/www\/wp-content\/uploads\/2024\/07\/Fushimi-Inari-Schrein_075_DxO.jpg","width":1380,"height":301,"caption":"Japan, Wandern und Multimedia"},"image":{"@id":"https:\/\/www.oliver-kilb.de\/www\/#\/schema\/logo\/image\/"}},{"@type":"Person","@id":"https:\/\/www.oliver-kilb.de\/www\/#\/schema\/person\/c2b19a881050135aa248a8851b7b4250","name":"Oliver Kilb","image":{"@type":"ImageObject","inLanguage":"de","@id":"https:\/\/secure.gravatar.com\/avatar\/4da50eb2c6eb71b0641229eed4a38d05c8d4b458a59355cca0d02b57303d6ffd?s=96&d=mm&r=g","url":"https:\/\/secure.gravatar.com\/avatar\/4da50eb2c6eb71b0641229eed4a38d05c8d4b458a59355cca0d02b57303d6ffd?s=96&d=mm&r=g","contentUrl":"https:\/\/secure.gravatar.com\/avatar\/4da50eb2c6eb71b0641229eed4a38d05c8d4b458a59355cca0d02b57303d6ffd?s=96&d=mm&r=g","caption":"Oliver Kilb"},"sameAs":["https:\/\/www.oliver-kilb.de\/www"],"url":"https:\/\/www.oliver-kilb.de\/www\/author\/oliver-kilb\/"}]}},"amp_enabled":true,"_links":{"self":[{"href":"https:\/\/www.oliver-kilb.de\/www\/wp-json\/wp\/v2\/posts\/27681","targetHints":{"allow":["GET"]}}],"collection":[{"href":"https:\/\/www.oliver-kilb.de\/www\/wp-json\/wp\/v2\/posts"}],"about":[{"href":"https:\/\/www.oliver-kilb.de\/www\/wp-json\/wp\/v2\/types\/post"}],"author":[{"embeddable":true,"href":"https:\/\/www.oliver-kilb.de\/www\/wp-json\/wp\/v2\/users\/1"}],"replies":[{"embeddable":true,"href":"https:\/\/www.oliver-kilb.de\/www\/wp-json\/wp\/v2\/comments?post=27681"}],"version-history":[{"count":1,"href":"https:\/\/www.oliver-kilb.de\/www\/wp-json\/wp\/v2\/posts\/27681\/revisions"}],"predecessor-version":[{"id":27724,"href":"https:\/\/www.oliver-kilb.de\/www\/wp-json\/wp\/v2\/posts\/27681\/revisions\/27724"}],"wp:featuredmedia":[{"embeddable":true,"href":"https:\/\/www.oliver-kilb.de\/www\/wp-json\/wp\/v2\/media\/27691"}],"wp:attachment":[{"href":"https:\/\/www.oliver-kilb.de\/www\/wp-json\/wp\/v2\/media?parent=27681"}],"wp:term":[{"taxonomy":"category","embeddable":true,"href":"https:\/\/www.oliver-kilb.de\/www\/wp-json\/wp\/v2\/categories?post=27681"},{"taxonomy":"post_tag","embeddable":true,"href":"https:\/\/www.oliver-kilb.de\/www\/wp-json\/wp\/v2\/tags?post=27681"}],"curies":[{"name":"wp","href":"https:\/\/api.w.org\/{rel}","templated":true}]}}