{"id":27551,"date":"2021-08-22T19:46:00","date_gmt":"2021-08-22T17:46:00","guid":{"rendered":"https:\/\/www.oliver-kilb.de\/www\/?p=27551"},"modified":"2024-10-09T19:54:18","modified_gmt":"2024-10-09T17:54:18","slug":"ausflug-zur-burg-kirkel","status":"publish","type":"post","link":"https:\/\/www.oliver-kilb.de\/www\/2021\/08\/22\/ausflug-zur-burg-kirkel\/","title":{"rendered":"Ausflug zur Burg Kirkel."},"content":{"rendered":"\n<p><strong>Wann war ich zuletzt auf der Burg Kirkel? Seit 1995 nur noch selten &#8211; ich war \u00fcberrascht, was sich seitdem dort ge\u00e4ndert hat!<\/strong><\/p>\n\n\n\n<h1 class=\"wp-block-heading\">Die Burg Kirkel &#8211; Wahrzeichen des Ortes.<\/h1>\n\n\n<div class=\"wp-block-image\">\n<figure class=\"alignleft size-full is-resized\"><a href=\"https:\/\/www.oliver-kilb.de\/www\/wp-content\/uploads\/2024\/10\/2021-08-15_Burg-Kirkel_15.jpg\"><img loading=\"lazy\" decoding=\"async\" width=\"1800\" height=\"1350\" src=\"https:\/\/www.oliver-kilb.de\/www\/wp-content\/uploads\/2024\/10\/2021-08-15_Burg-Kirkel_15.jpg\" alt=\"\" class=\"wp-image-27553\" style=\"width:300px\" srcset=\"https:\/\/www.oliver-kilb.de\/www\/wp-content\/uploads\/2024\/10\/2021-08-15_Burg-Kirkel_15.jpg 1800w, https:\/\/www.oliver-kilb.de\/www\/wp-content\/uploads\/2024\/10\/2021-08-15_Burg-Kirkel_15-500x375.jpg 500w, https:\/\/www.oliver-kilb.de\/www\/wp-content\/uploads\/2024\/10\/2021-08-15_Burg-Kirkel_15-300x225.jpg 300w, https:\/\/www.oliver-kilb.de\/www\/wp-content\/uploads\/2024\/10\/2021-08-15_Burg-Kirkel_15-768x576.jpg 768w, https:\/\/www.oliver-kilb.de\/www\/wp-content\/uploads\/2024\/10\/2021-08-15_Burg-Kirkel_15-1536x1152.jpg 1536w\" sizes=\"auto, (max-width: 1800px) 100vw, 1800px\" \/><\/a><figcaption class=\"wp-element-caption\">Blick von etwas weiter unten<\/figcaption><\/figure>\n<\/div>\n\n\n<p>Die ersten 25 Jahre meines Lebens verbrachte ich in <a href=\"https:\/\/de.wikipedia.org\/wiki\/Kirkel-Neuh%C3%A4usel\" target=\"_blank\" rel=\"noreferrer noopener\">Kirkel-Neuh\u00e4usel<\/a>. Dort wuchs ich auf, und von unserem Haus konnte man direkt auf die Burg Kirkel sehen. Wenn man dort aufw\u00e4chst, denkt man sich vielleicht nicht viel dabei, wie bemerkenswert und au\u00dfergew\u00f6hnlich es doch ist, in einem Ort zu leben, das <a href=\"https:\/\/de.wikipedia.org\/wiki\/Burg_Kirkel\" target=\"_blank\" rel=\"noreferrer noopener\">so ein sch\u00f6nes Wahrzeichen<\/a> hat! <\/p>\n\n\n\n<p>Zur Adventszeit ist am Burgturm eine riesige, leuchtende Sternschuppe weithin zu sehen, die man beispielsweise sehr sch\u00f6n von St. Ingbert\/ Rohrbach kommend sieht. Aber mir pers\u00f6nlich gef\u00e4llt es am besten, in der Nacht \u00fcber Land von Neunkirchen nach Kirkel zu fahren und dann kurz oberhalb des Eschweilerhofes in der Ferne die beleuchtete Burg fast schwebend am Himmel zu sehen. <\/p>\n\n\n\n<p>Und fr\u00fcher, als es noch den &#8222;Kirkeler Wurstmarkt&#8220; gab, da endete das Feuerwerk am Dienstag immer mit einem goldenen Wasserfall aus Funken, die vom Turm hinab rieselten. Nicht zuletzt deshalb kamen viele Besucher zum Fest. Die Sicht von ganz oben ist grandios &#8211; siehe auch das Panoramabild weiter unten.<\/p>\n\n\n\n<h1 class=\"wp-block-heading\">Vieles hat sich ge\u00e4ndert seit den 1980ern.<\/h1>\n\n\n<div class=\"wp-block-image\">\n<figure class=\"alignleft size-full is-resized\"><a href=\"https:\/\/www.oliver-kilb.de\/www\/wp-content\/uploads\/2024\/10\/2021-08-15_Burg-Kirkel_06.jpg\"><img loading=\"lazy\" decoding=\"async\" width=\"1800\" height=\"1350\" src=\"https:\/\/www.oliver-kilb.de\/www\/wp-content\/uploads\/2024\/10\/2021-08-15_Burg-Kirkel_06.jpg\" alt=\"\" class=\"wp-image-27554\" style=\"width:300px\" srcset=\"https:\/\/www.oliver-kilb.de\/www\/wp-content\/uploads\/2024\/10\/2021-08-15_Burg-Kirkel_06.jpg 1800w, https:\/\/www.oliver-kilb.de\/www\/wp-content\/uploads\/2024\/10\/2021-08-15_Burg-Kirkel_06-500x375.jpg 500w, https:\/\/www.oliver-kilb.de\/www\/wp-content\/uploads\/2024\/10\/2021-08-15_Burg-Kirkel_06-300x225.jpg 300w, https:\/\/www.oliver-kilb.de\/www\/wp-content\/uploads\/2024\/10\/2021-08-15_Burg-Kirkel_06-768x576.jpg 768w, https:\/\/www.oliver-kilb.de\/www\/wp-content\/uploads\/2024\/10\/2021-08-15_Burg-Kirkel_06-1536x1152.jpg 1536w\" sizes=\"auto, (max-width: 1800px) 100vw, 1800px\" \/><\/a><figcaption class=\"wp-element-caption\">Das Burgplateau sah in den 1980ern auch ganz anders aus<\/figcaption><\/figure>\n<\/div>\n\n\n<p>Solange ich denken konnte, gingen wir oft zur Burg. \u00dcber kleine Pfade, die es aufgrund Bebauung schon seit Jahrzehnten nicht mehr gibt, konnte man von mehreren Seiten abk\u00fcrzen &#8211; ober man ging \u00fcber die auch heute zur Burg f\u00fchrenden asphaltierten Stra\u00dfen den sehr steilen Hang hinauf. <\/p>\n\n\n\n<p>Damals schien mir das Areal der Burg Kirkel viel kleiner als heute &#8211; und so ist es tats\u00e4chlich auch, denn die Ausgrabungen starteten erst Mitte der 1990er Jahre, und sie sind wohl noch immer nicht abgeschlossen, wie ich an dem Ausgrabungszelt sehen konnte. Damals war nichts gesichert, nichts &#8222;ordentlich&#8220; hergerichtet &#8211; \u00fcber ein paar schmale Stege aus Stein ging man an der Seite des Turms vorbei und stand in einer Mulde zwischen Turm und Ruine, alles \u00fcberwuchert mit Geb\u00fcsch und kleinen B\u00e4umen. <\/p>\n\n\n\n<p>Die Ruine war bestimmt so bauf\u00e4llig wie sie damals aussah, und doch trauten sich hin und wieder einige Jugendliche, hinaufzuklettern (oder auf einem schmalen Steg um die Ruine herum &#8211; Meter \u00fcber einem steilen Abgrund). Mittlerweile ist sie komplett restauriert und saniert, die Fl\u00e4che ist sch\u00f6n mit Platten ausgelegt und auch der Brunnen ist recht tief ausgehoben.<\/p>\n\n\n\n<h1 class=\"wp-block-heading\">Die ehemalige Zugbr\u00fccke.<\/h1>\n\n\n<div class=\"wp-block-image\">\n<figure class=\"alignleft size-full is-resized\"><a href=\"https:\/\/www.oliver-kilb.de\/www\/wp-content\/uploads\/2024\/10\/2021-08-15_Burg-Kirkel_05.jpg\"><img loading=\"lazy\" decoding=\"async\" width=\"1800\" height=\"1350\" src=\"https:\/\/www.oliver-kilb.de\/www\/wp-content\/uploads\/2024\/10\/2021-08-15_Burg-Kirkel_05.jpg\" alt=\"\" class=\"wp-image-27555\" style=\"width:300px\" srcset=\"https:\/\/www.oliver-kilb.de\/www\/wp-content\/uploads\/2024\/10\/2021-08-15_Burg-Kirkel_05.jpg 1800w, https:\/\/www.oliver-kilb.de\/www\/wp-content\/uploads\/2024\/10\/2021-08-15_Burg-Kirkel_05-500x375.jpg 500w, https:\/\/www.oliver-kilb.de\/www\/wp-content\/uploads\/2024\/10\/2021-08-15_Burg-Kirkel_05-300x225.jpg 300w, https:\/\/www.oliver-kilb.de\/www\/wp-content\/uploads\/2024\/10\/2021-08-15_Burg-Kirkel_05-768x576.jpg 768w, https:\/\/www.oliver-kilb.de\/www\/wp-content\/uploads\/2024\/10\/2021-08-15_Burg-Kirkel_05-1536x1152.jpg 1536w\" sizes=\"auto, (max-width: 1800px) 100vw, 1800px\" \/><\/a><figcaption class=\"wp-element-caption\">Ich muss sagen, dass ich beeindruckt bin, was alles ausgegraben wurde<\/figcaption><\/figure>\n<\/div>\n\n\n<p>Als Kind konnte ich mir das nicht vorstellen: Unsere Burg Kirkel hatte eine Zugbr\u00fccke? So wollte die denn gewesen sein? <\/p>\n\n\n\n<p>Nun, mittlerweile wurde sie freigelegt, zumindest was noch davon \u00fcbrig ist, und als ich k\u00fcrzlich den gleich links abgehenden Weg nahm, war ich sehr beeindruckt. Die Besucher werden nun \u00fcber eine neue Metalltreppe gef\u00fchrt, die die alte Route zum Tor und zur ehemaligen Zugbr\u00fccke nachbildet. <\/p>\n\n\n\n<p>Und wenn man so links und rechts neben einem diese massiven Steine sieht, dann kann man sich in der Tat gut vorstellen, dass diese Burg sehr wohl auch von einer Zugbr\u00fccke gesch\u00fctzt wurde. Der Treppenaufgang, die ich von meiner Jugendzeit kannte, scheint zumindest vor\u00fcbergehend au\u00dfer Betrieb genommen zu sein. Vielleicht nur aufgrund Ausgrabungen oder um das &#8222;Burgsommer&#8220;-Festgel\u00e4nde abzutrennen &#8211; oder vielleicht m\u00f6chte man auch f\u00fcr immer diesen damaligen Weg \u00fcber die Zugbr\u00fccke als &#8222;normalen&#8220; Weg durchsetzen.<\/p>\n\n\n\n<h1 class=\"wp-block-heading\">Blick von oben, und Kirkeler Burgwein.<\/h1>\n\n\n\n<p>Von der Aussichtsplattform der Burg (Wie oft bin ich diese Stufen damals hinaufgestiegen?) hatte man schon immer eine grandiose Fernsicht. Kirkel ist ein wirklich sch\u00f6nes Dorf, und ich bin froh, dass ich hier aufwachsen durfte! Vielleicht ist irgendwo im Geb\u00e4lk auch noch eine Nachricht meines j\u00fcngeren Ichs zu finden&#8230;<\/p>\n\n\n<div class=\"wp-block-image\">\n<figure class=\"aligncenter size-large\"><a href=\"https:\/\/www.oliver-kilb.de\/www\/wp-content\/uploads\/2024\/10\/2021-08-15_Burg-Kirkel_11-scaled.jpg\"><img loading=\"lazy\" decoding=\"async\" width=\"2048\" height=\"222\" src=\"https:\/\/www.oliver-kilb.de\/www\/wp-content\/uploads\/2024\/10\/2021-08-15_Burg-Kirkel_11-2048x222.jpg\" alt=\"\" class=\"wp-image-27556\" srcset=\"https:\/\/www.oliver-kilb.de\/www\/wp-content\/uploads\/2024\/10\/2021-08-15_Burg-Kirkel_11-2048x222.jpg 2048w, https:\/\/www.oliver-kilb.de\/www\/wp-content\/uploads\/2024\/10\/2021-08-15_Burg-Kirkel_11-500x54.jpg 500w, https:\/\/www.oliver-kilb.de\/www\/wp-content\/uploads\/2024\/10\/2021-08-15_Burg-Kirkel_11-300x33.jpg 300w, https:\/\/www.oliver-kilb.de\/www\/wp-content\/uploads\/2024\/10\/2021-08-15_Burg-Kirkel_11-768x83.jpg 768w, https:\/\/www.oliver-kilb.de\/www\/wp-content\/uploads\/2024\/10\/2021-08-15_Burg-Kirkel_11-1536x167.jpg 1536w\" sizes=\"auto, (max-width: 2048px) 100vw, 2048px\" \/><\/a><figcaption class=\"wp-element-caption\">360 Grad Panorama von Burg Kirkel<\/figcaption><\/figure>\n<\/div>\n\n\n<p><a href=\"https:\/\/www.oliver-kilb.de\/www\/2021\/08\/15\/panorama-von-burg-kirkel\/\">Hier kann man das Panorama in voller Gr\u00f6\u00dfe sehen<\/a> und interaktiv bedienen. Und auch die Burgschenke ist mit der Zeit gegangen, sie pr\u00e4sentiert sich als moderne und gleichzeitig historisch-traditionelle Gastwirtschaft, die nat\u00fcrlich ein eigenes Wappen prominent vor sich her tr\u00e4gt, und nat\u00fcrlich wird mittlerweile auch eigener Wein angebaut.<\/p>\n\n\n\n<h1 class=\"wp-block-heading\">Kirkel &#8211; Wo es den Rittern einst gefiel!<\/h1>\n\n\n\n<p>Diesen Slogan kenne ich noch aus meiner Kindheit und Jugend, als die Mittelalterm\u00e4rkte und Burgsommer in Kirkel so langsam in Mode kamen. Sch\u00f6n, dass sie auch heute noch, so viele Jahre sp\u00e4ter, so beliebt sind oder sogar noch beliebter wurden.<\/p>\n\n\n\n<figure class=\"wp-block-gallery has-nested-images columns-5 is-cropped wp-block-gallery-1 is-layout-flex wp-block-gallery-is-layout-flex\">\n<figure class=\"wp-block-image size-large\"><img loading=\"lazy\" decoding=\"async\" width=\"1800\" height=\"1350\" data-id=\"27561\" src=\"https:\/\/www.oliver-kilb.de\/www\/wp-content\/uploads\/2024\/10\/2021-08-15_Burg-Kirkel_01.jpg\" alt=\"\" class=\"wp-image-27561\" srcset=\"https:\/\/www.oliver-kilb.de\/www\/wp-content\/uploads\/2024\/10\/2021-08-15_Burg-Kirkel_01.jpg 1800w, https:\/\/www.oliver-kilb.de\/www\/wp-content\/uploads\/2024\/10\/2021-08-15_Burg-Kirkel_01-500x375.jpg 500w, https:\/\/www.oliver-kilb.de\/www\/wp-content\/uploads\/2024\/10\/2021-08-15_Burg-Kirkel_01-300x225.jpg 300w, https:\/\/www.oliver-kilb.de\/www\/wp-content\/uploads\/2024\/10\/2021-08-15_Burg-Kirkel_01-768x576.jpg 768w, https:\/\/www.oliver-kilb.de\/www\/wp-content\/uploads\/2024\/10\/2021-08-15_Burg-Kirkel_01-1536x1152.jpg 1536w\" sizes=\"auto, (max-width: 1800px) 100vw, 1800px\" \/><\/figure>\n\n\n\n<figure class=\"wp-block-image size-large\"><img loading=\"lazy\" decoding=\"async\" width=\"1800\" height=\"1200\" data-id=\"27558\" src=\"https:\/\/www.oliver-kilb.de\/www\/wp-content\/uploads\/2024\/10\/2021-08-15_Burg-Kirkel_02.jpg\" alt=\"\" class=\"wp-image-27558\" srcset=\"https:\/\/www.oliver-kilb.de\/www\/wp-content\/uploads\/2024\/10\/2021-08-15_Burg-Kirkel_02.jpg 1800w, https:\/\/www.oliver-kilb.de\/www\/wp-content\/uploads\/2024\/10\/2021-08-15_Burg-Kirkel_02-500x333.jpg 500w, https:\/\/www.oliver-kilb.de\/www\/wp-content\/uploads\/2024\/10\/2021-08-15_Burg-Kirkel_02-300x200.jpg 300w, https:\/\/www.oliver-kilb.de\/www\/wp-content\/uploads\/2024\/10\/2021-08-15_Burg-Kirkel_02-768x512.jpg 768w, https:\/\/www.oliver-kilb.de\/www\/wp-content\/uploads\/2024\/10\/2021-08-15_Burg-Kirkel_02-1536x1024.jpg 1536w\" sizes=\"auto, (max-width: 1800px) 100vw, 1800px\" \/><\/figure>\n\n\n\n<figure class=\"wp-block-image size-large\"><img loading=\"lazy\" decoding=\"async\" width=\"1800\" height=\"1350\" data-id=\"27566\" src=\"https:\/\/www.oliver-kilb.de\/www\/wp-content\/uploads\/2024\/10\/2021-08-15_Burg-Kirkel_03.jpg\" alt=\"\" class=\"wp-image-27566\" srcset=\"https:\/\/www.oliver-kilb.de\/www\/wp-content\/uploads\/2024\/10\/2021-08-15_Burg-Kirkel_03.jpg 1800w, https:\/\/www.oliver-kilb.de\/www\/wp-content\/uploads\/2024\/10\/2021-08-15_Burg-Kirkel_03-500x375.jpg 500w, https:\/\/www.oliver-kilb.de\/www\/wp-content\/uploads\/2024\/10\/2021-08-15_Burg-Kirkel_03-300x225.jpg 300w, https:\/\/www.oliver-kilb.de\/www\/wp-content\/uploads\/2024\/10\/2021-08-15_Burg-Kirkel_03-768x576.jpg 768w, https:\/\/www.oliver-kilb.de\/www\/wp-content\/uploads\/2024\/10\/2021-08-15_Burg-Kirkel_03-1536x1152.jpg 1536w\" sizes=\"auto, (max-width: 1800px) 100vw, 1800px\" \/><\/figure>\n\n\n\n<figure class=\"wp-block-image size-large\"><img loading=\"lazy\" decoding=\"async\" width=\"1800\" height=\"1350\" data-id=\"27560\" src=\"https:\/\/www.oliver-kilb.de\/www\/wp-content\/uploads\/2024\/10\/2021-08-15_Burg-Kirkel_04.jpg\" alt=\"\" class=\"wp-image-27560\" srcset=\"https:\/\/www.oliver-kilb.de\/www\/wp-content\/uploads\/2024\/10\/2021-08-15_Burg-Kirkel_04.jpg 1800w, https:\/\/www.oliver-kilb.de\/www\/wp-content\/uploads\/2024\/10\/2021-08-15_Burg-Kirkel_04-500x375.jpg 500w, https:\/\/www.oliver-kilb.de\/www\/wp-content\/uploads\/2024\/10\/2021-08-15_Burg-Kirkel_04-300x225.jpg 300w, https:\/\/www.oliver-kilb.de\/www\/wp-content\/uploads\/2024\/10\/2021-08-15_Burg-Kirkel_04-768x576.jpg 768w, https:\/\/www.oliver-kilb.de\/www\/wp-content\/uploads\/2024\/10\/2021-08-15_Burg-Kirkel_04-1536x1152.jpg 1536w\" sizes=\"auto, (max-width: 1800px) 100vw, 1800px\" \/><\/figure>\n\n\n\n<figure class=\"wp-block-image size-large\"><img loading=\"lazy\" decoding=\"async\" width=\"1800\" height=\"1350\" data-id=\"27559\" src=\"https:\/\/www.oliver-kilb.de\/www\/wp-content\/uploads\/2024\/10\/2021-08-15_Burg-Kirkel_07.jpg\" alt=\"\" class=\"wp-image-27559\" srcset=\"https:\/\/www.oliver-kilb.de\/www\/wp-content\/uploads\/2024\/10\/2021-08-15_Burg-Kirkel_07.jpg 1800w, https:\/\/www.oliver-kilb.de\/www\/wp-content\/uploads\/2024\/10\/2021-08-15_Burg-Kirkel_07-500x375.jpg 500w, https:\/\/www.oliver-kilb.de\/www\/wp-content\/uploads\/2024\/10\/2021-08-15_Burg-Kirkel_07-300x225.jpg 300w, https:\/\/www.oliver-kilb.de\/www\/wp-content\/uploads\/2024\/10\/2021-08-15_Burg-Kirkel_07-768x576.jpg 768w, https:\/\/www.oliver-kilb.de\/www\/wp-content\/uploads\/2024\/10\/2021-08-15_Burg-Kirkel_07-1536x1152.jpg 1536w\" sizes=\"auto, (max-width: 1800px) 100vw, 1800px\" \/><\/figure>\n\n\n\n<figure class=\"wp-block-image size-large\"><img loading=\"lazy\" decoding=\"async\" width=\"1800\" height=\"1350\" data-id=\"27562\" src=\"https:\/\/www.oliver-kilb.de\/www\/wp-content\/uploads\/2024\/10\/2021-08-15_Burg-Kirkel_08.jpg\" alt=\"\" class=\"wp-image-27562\" srcset=\"https:\/\/www.oliver-kilb.de\/www\/wp-content\/uploads\/2024\/10\/2021-08-15_Burg-Kirkel_08.jpg 1800w, https:\/\/www.oliver-kilb.de\/www\/wp-content\/uploads\/2024\/10\/2021-08-15_Burg-Kirkel_08-500x375.jpg 500w, https:\/\/www.oliver-kilb.de\/www\/wp-content\/uploads\/2024\/10\/2021-08-15_Burg-Kirkel_08-300x225.jpg 300w, https:\/\/www.oliver-kilb.de\/www\/wp-content\/uploads\/2024\/10\/2021-08-15_Burg-Kirkel_08-768x576.jpg 768w, https:\/\/www.oliver-kilb.de\/www\/wp-content\/uploads\/2024\/10\/2021-08-15_Burg-Kirkel_08-1536x1152.jpg 1536w\" sizes=\"auto, (max-width: 1800px) 100vw, 1800px\" \/><\/figure>\n\n\n\n<figure class=\"wp-block-image size-large\"><img loading=\"lazy\" decoding=\"async\" width=\"900\" height=\"1200\" data-id=\"27557\" src=\"https:\/\/www.oliver-kilb.de\/www\/wp-content\/uploads\/2024\/10\/2021-08-15_Burg-Kirkel_09.jpg\" alt=\"\" class=\"wp-image-27557\" srcset=\"https:\/\/www.oliver-kilb.de\/www\/wp-content\/uploads\/2024\/10\/2021-08-15_Burg-Kirkel_09.jpg 900w, https:\/\/www.oliver-kilb.de\/www\/wp-content\/uploads\/2024\/10\/2021-08-15_Burg-Kirkel_09-375x500.jpg 375w, https:\/\/www.oliver-kilb.de\/www\/wp-content\/uploads\/2024\/10\/2021-08-15_Burg-Kirkel_09-225x300.jpg 225w, https:\/\/www.oliver-kilb.de\/www\/wp-content\/uploads\/2024\/10\/2021-08-15_Burg-Kirkel_09-768x1024.jpg 768w\" sizes=\"auto, (max-width: 900px) 100vw, 900px\" \/><\/figure>\n\n\n\n<figure class=\"wp-block-image size-large\"><img loading=\"lazy\" decoding=\"async\" width=\"1800\" height=\"1350\" data-id=\"27565\" src=\"https:\/\/www.oliver-kilb.de\/www\/wp-content\/uploads\/2024\/10\/2021-08-15_Burg-Kirkel_10.jpg\" alt=\"\" class=\"wp-image-27565\" srcset=\"https:\/\/www.oliver-kilb.de\/www\/wp-content\/uploads\/2024\/10\/2021-08-15_Burg-Kirkel_10.jpg 1800w, https:\/\/www.oliver-kilb.de\/www\/wp-content\/uploads\/2024\/10\/2021-08-15_Burg-Kirkel_10-500x375.jpg 500w, https:\/\/www.oliver-kilb.de\/www\/wp-content\/uploads\/2024\/10\/2021-08-15_Burg-Kirkel_10-300x225.jpg 300w, https:\/\/www.oliver-kilb.de\/www\/wp-content\/uploads\/2024\/10\/2021-08-15_Burg-Kirkel_10-768x576.jpg 768w, https:\/\/www.oliver-kilb.de\/www\/wp-content\/uploads\/2024\/10\/2021-08-15_Burg-Kirkel_10-1536x1152.jpg 1536w\" sizes=\"auto, (max-width: 1800px) 100vw, 1800px\" \/><\/figure>\n\n\n\n<figure class=\"wp-block-image size-large\"><img loading=\"lazy\" decoding=\"async\" width=\"1800\" height=\"1350\" data-id=\"27568\" src=\"https:\/\/www.oliver-kilb.de\/www\/wp-content\/uploads\/2024\/10\/2021-08-15_Burg-Kirkel_12.jpg\" alt=\"\" class=\"wp-image-27568\" srcset=\"https:\/\/www.oliver-kilb.de\/www\/wp-content\/uploads\/2024\/10\/2021-08-15_Burg-Kirkel_12.jpg 1800w, https:\/\/www.oliver-kilb.de\/www\/wp-content\/uploads\/2024\/10\/2021-08-15_Burg-Kirkel_12-500x375.jpg 500w, https:\/\/www.oliver-kilb.de\/www\/wp-content\/uploads\/2024\/10\/2021-08-15_Burg-Kirkel_12-300x225.jpg 300w, https:\/\/www.oliver-kilb.de\/www\/wp-content\/uploads\/2024\/10\/2021-08-15_Burg-Kirkel_12-768x576.jpg 768w, https:\/\/www.oliver-kilb.de\/www\/wp-content\/uploads\/2024\/10\/2021-08-15_Burg-Kirkel_12-1536x1152.jpg 1536w\" sizes=\"auto, (max-width: 1800px) 100vw, 1800px\" \/><\/figure>\n\n\n\n<figure class=\"wp-block-image size-large\"><img loading=\"lazy\" decoding=\"async\" width=\"1800\" height=\"1350\" data-id=\"27567\" src=\"https:\/\/www.oliver-kilb.de\/www\/wp-content\/uploads\/2024\/10\/2021-08-15_Burg-Kirkel_13.jpg\" alt=\"\" class=\"wp-image-27567\" srcset=\"https:\/\/www.oliver-kilb.de\/www\/wp-content\/uploads\/2024\/10\/2021-08-15_Burg-Kirkel_13.jpg 1800w, https:\/\/www.oliver-kilb.de\/www\/wp-content\/uploads\/2024\/10\/2021-08-15_Burg-Kirkel_13-500x375.jpg 500w, https:\/\/www.oliver-kilb.de\/www\/wp-content\/uploads\/2024\/10\/2021-08-15_Burg-Kirkel_13-300x225.jpg 300w, https:\/\/www.oliver-kilb.de\/www\/wp-content\/uploads\/2024\/10\/2021-08-15_Burg-Kirkel_13-768x576.jpg 768w, https:\/\/www.oliver-kilb.de\/www\/wp-content\/uploads\/2024\/10\/2021-08-15_Burg-Kirkel_13-1536x1152.jpg 1536w\" sizes=\"auto, (max-width: 1800px) 100vw, 1800px\" \/><\/figure>\n\n\n\n<figure class=\"wp-block-image size-large\"><img loading=\"lazy\" decoding=\"async\" width=\"1800\" height=\"1350\" data-id=\"27569\" src=\"https:\/\/www.oliver-kilb.de\/www\/wp-content\/uploads\/2024\/10\/2021-08-15_Burg-Kirkel_14.jpg\" alt=\"\" class=\"wp-image-27569\" srcset=\"https:\/\/www.oliver-kilb.de\/www\/wp-content\/uploads\/2024\/10\/2021-08-15_Burg-Kirkel_14.jpg 1800w, https:\/\/www.oliver-kilb.de\/www\/wp-content\/uploads\/2024\/10\/2021-08-15_Burg-Kirkel_14-500x375.jpg 500w, https:\/\/www.oliver-kilb.de\/www\/wp-content\/uploads\/2024\/10\/2021-08-15_Burg-Kirkel_14-300x225.jpg 300w, https:\/\/www.oliver-kilb.de\/www\/wp-content\/uploads\/2024\/10\/2021-08-15_Burg-Kirkel_14-768x576.jpg 768w, https:\/\/www.oliver-kilb.de\/www\/wp-content\/uploads\/2024\/10\/2021-08-15_Burg-Kirkel_14-1536x1152.jpg 1536w\" sizes=\"auto, (max-width: 1800px) 100vw, 1800px\" \/><\/figure>\n\n\n\n<figure class=\"wp-block-image size-large\"><img loading=\"lazy\" decoding=\"async\" width=\"1800\" height=\"1200\" data-id=\"27563\" src=\"https:\/\/www.oliver-kilb.de\/www\/wp-content\/uploads\/2024\/10\/2021-08-15_Burg-Kirkel_16.jpg\" alt=\"\" class=\"wp-image-27563\" srcset=\"https:\/\/www.oliver-kilb.de\/www\/wp-content\/uploads\/2024\/10\/2021-08-15_Burg-Kirkel_16.jpg 1800w, https:\/\/www.oliver-kilb.de\/www\/wp-content\/uploads\/2024\/10\/2021-08-15_Burg-Kirkel_16-500x333.jpg 500w, https:\/\/www.oliver-kilb.de\/www\/wp-content\/uploads\/2024\/10\/2021-08-15_Burg-Kirkel_16-300x200.jpg 300w, https:\/\/www.oliver-kilb.de\/www\/wp-content\/uploads\/2024\/10\/2021-08-15_Burg-Kirkel_16-768x512.jpg 768w, https:\/\/www.oliver-kilb.de\/www\/wp-content\/uploads\/2024\/10\/2021-08-15_Burg-Kirkel_16-1536x1024.jpg 1536w\" sizes=\"auto, (max-width: 1800px) 100vw, 1800px\" \/><\/figure>\n\n\n\n<figure class=\"wp-block-image size-large\"><img loading=\"lazy\" decoding=\"async\" width=\"1800\" height=\"1350\" data-id=\"27564\" src=\"https:\/\/www.oliver-kilb.de\/www\/wp-content\/uploads\/2024\/10\/2021-08-15_Burg-Kirkel_17.jpg\" alt=\"\" class=\"wp-image-27564\" srcset=\"https:\/\/www.oliver-kilb.de\/www\/wp-content\/uploads\/2024\/10\/2021-08-15_Burg-Kirkel_17.jpg 1800w, https:\/\/www.oliver-kilb.de\/www\/wp-content\/uploads\/2024\/10\/2021-08-15_Burg-Kirkel_17-500x375.jpg 500w, https:\/\/www.oliver-kilb.de\/www\/wp-content\/uploads\/2024\/10\/2021-08-15_Burg-Kirkel_17-300x225.jpg 300w, https:\/\/www.oliver-kilb.de\/www\/wp-content\/uploads\/2024\/10\/2021-08-15_Burg-Kirkel_17-768x576.jpg 768w, https:\/\/www.oliver-kilb.de\/www\/wp-content\/uploads\/2024\/10\/2021-08-15_Burg-Kirkel_17-1536x1152.jpg 1536w\" sizes=\"auto, (max-width: 1800px) 100vw, 1800px\" \/><\/figure>\n\n\n\n<figure class=\"wp-block-image size-large\"><img loading=\"lazy\" decoding=\"async\" width=\"1800\" height=\"1350\" data-id=\"27570\" src=\"https:\/\/www.oliver-kilb.de\/www\/wp-content\/uploads\/2024\/10\/2021-08-15_Burg-Kirkel_18.jpg\" alt=\"\" class=\"wp-image-27570\" srcset=\"https:\/\/www.oliver-kilb.de\/www\/wp-content\/uploads\/2024\/10\/2021-08-15_Burg-Kirkel_18.jpg 1800w, https:\/\/www.oliver-kilb.de\/www\/wp-content\/uploads\/2024\/10\/2021-08-15_Burg-Kirkel_18-500x375.jpg 500w, https:\/\/www.oliver-kilb.de\/www\/wp-content\/uploads\/2024\/10\/2021-08-15_Burg-Kirkel_18-300x225.jpg 300w, https:\/\/www.oliver-kilb.de\/www\/wp-content\/uploads\/2024\/10\/2021-08-15_Burg-Kirkel_18-768x576.jpg 768w, https:\/\/www.oliver-kilb.de\/www\/wp-content\/uploads\/2024\/10\/2021-08-15_Burg-Kirkel_18-1536x1152.jpg 1536w\" sizes=\"auto, (max-width: 1800px) 100vw, 1800px\" \/><\/figure>\n\n\n\n<figure class=\"wp-block-image size-large\"><img loading=\"lazy\" decoding=\"async\" width=\"1800\" height=\"1200\" data-id=\"27571\" src=\"https:\/\/www.oliver-kilb.de\/www\/wp-content\/uploads\/2024\/10\/2021-08-15_Burg-Kirkel_19.jpg\" alt=\"\" class=\"wp-image-27571\" srcset=\"https:\/\/www.oliver-kilb.de\/www\/wp-content\/uploads\/2024\/10\/2021-08-15_Burg-Kirkel_19.jpg 1800w, https:\/\/www.oliver-kilb.de\/www\/wp-content\/uploads\/2024\/10\/2021-08-15_Burg-Kirkel_19-500x333.jpg 500w, https:\/\/www.oliver-kilb.de\/www\/wp-content\/uploads\/2024\/10\/2021-08-15_Burg-Kirkel_19-300x200.jpg 300w, https:\/\/www.oliver-kilb.de\/www\/wp-content\/uploads\/2024\/10\/2021-08-15_Burg-Kirkel_19-768x512.jpg 768w, https:\/\/www.oliver-kilb.de\/www\/wp-content\/uploads\/2024\/10\/2021-08-15_Burg-Kirkel_19-1536x1024.jpg 1536w\" sizes=\"auto, (max-width: 1800px) 100vw, 1800px\" \/><\/figure>\n<\/figure>\n","protected":false},"excerpt":{"rendered":"<p>Wann war ich zuletzt auf der Burg Kirkel? Seit 1995 nur noch selten &#8211; ich war \u00fcberrascht, was sich seitdem dort ge\u00e4ndert hat!<\/p>\n","protected":false},"author":1,"featured_media":27553,"comment_status":"open","ping_status":"open","sticky":false,"template":"","format":"standard","meta":{"iawp_total_views":6,"footnotes":""},"categories":[15,395],"tags":[193,396],"class_list":["post-27551","post","type-post","status-publish","format-standard","has-post-thumbnail","hentry","category-blog","category-saarland","tag-burg-kirkel","tag-kirkel"],"yoast_head":"<!-- This site is optimized with the Yoast SEO plugin v27.3 - https:\/\/yoast.com\/product\/yoast-seo-wordpress\/ -->\n<title>Ausflug zur Burg Kirkel. - Japan, Wandern und Multimedia<\/title>\n<meta name=\"description\" content=\"Wann war ich zuletzt auf der Burg Kirkel? Seit 1995 nur noch selten - ich war \u00fcberrascht, was sich seitdem dort ge\u00e4ndert hat!\" \/>\n<meta name=\"robots\" content=\"index, follow, max-snippet:-1, max-image-preview:large, max-video-preview:-1\" \/>\n<link rel=\"canonical\" href=\"https:\/\/www.oliver-kilb.de\/www\/2021\/08\/22\/ausflug-zur-burg-kirkel\/\" \/>\n<meta property=\"og:locale\" content=\"de_DE\" \/>\n<meta property=\"og:type\" content=\"article\" \/>\n<meta property=\"og:title\" content=\"Ausflug zur Burg Kirkel. - Japan, Wandern und Multimedia\" \/>\n<meta property=\"og:description\" content=\"Wann war ich zuletzt auf der Burg Kirkel? Seit 1995 nur noch selten - ich war \u00fcberrascht, was sich seitdem dort ge\u00e4ndert hat!\" \/>\n<meta property=\"og:url\" content=\"https:\/\/www.oliver-kilb.de\/www\/2021\/08\/22\/ausflug-zur-burg-kirkel\/\" \/>\n<meta property=\"og:site_name\" content=\"Japan, Wandern und Multimedia\" \/>\n<meta property=\"article:published_time\" content=\"2021-08-22T17:46:00+00:00\" \/>\n<meta property=\"article:modified_time\" content=\"2024-10-09T17:54:18+00:00\" \/>\n<meta property=\"og:image\" content=\"https:\/\/www.oliver-kilb.de\/www\/wp-content\/uploads\/2024\/10\/2021-08-15_Burg-Kirkel_15.jpg\" \/>\n\t<meta property=\"og:image:width\" content=\"1800\" \/>\n\t<meta property=\"og:image:height\" content=\"1350\" \/>\n\t<meta property=\"og:image:type\" content=\"image\/jpeg\" \/>\n<meta name=\"author\" content=\"Oliver Kilb\" \/>\n<meta name=\"twitter:card\" content=\"summary_large_image\" \/>\n<meta name=\"twitter:label1\" content=\"Verfasst von\" \/>\n\t<meta name=\"twitter:data1\" content=\"Oliver Kilb\" \/>\n\t<meta name=\"twitter:label2\" content=\"Gesch\u00e4tzte Lesezeit\" \/>\n\t<meta name=\"twitter:data2\" content=\"8\u00a0Minuten\" \/>\n<script type=\"application\/ld+json\" class=\"yoast-schema-graph\">{\"@context\":\"https:\\\/\\\/schema.org\",\"@graph\":[{\"@type\":\"Article\",\"@id\":\"https:\\\/\\\/www.oliver-kilb.de\\\/www\\\/2021\\\/08\\\/22\\\/ausflug-zur-burg-kirkel\\\/#article\",\"isPartOf\":{\"@id\":\"https:\\\/\\\/www.oliver-kilb.de\\\/www\\\/2021\\\/08\\\/22\\\/ausflug-zur-burg-kirkel\\\/\"},\"author\":{\"name\":\"Oliver Kilb\",\"@id\":\"https:\\\/\\\/www.oliver-kilb.de\\\/www\\\/#\\\/schema\\\/person\\\/c2b19a881050135aa248a8851b7b4250\"},\"headline\":\"Ausflug zur Burg Kirkel.\",\"datePublished\":\"2021-08-22T17:46:00+00:00\",\"dateModified\":\"2024-10-09T17:54:18+00:00\",\"mainEntityOfPage\":{\"@id\":\"https:\\\/\\\/www.oliver-kilb.de\\\/www\\\/2021\\\/08\\\/22\\\/ausflug-zur-burg-kirkel\\\/\"},\"wordCount\":758,\"commentCount\":0,\"publisher\":{\"@id\":\"https:\\\/\\\/www.oliver-kilb.de\\\/www\\\/#organization\"},\"image\":{\"@id\":\"https:\\\/\\\/www.oliver-kilb.de\\\/www\\\/2021\\\/08\\\/22\\\/ausflug-zur-burg-kirkel\\\/#primaryimage\"},\"thumbnailUrl\":\"https:\\\/\\\/www.oliver-kilb.de\\\/www\\\/wp-content\\\/uploads\\\/2024\\\/10\\\/2021-08-15_Burg-Kirkel_15.jpg\",\"keywords\":[\"Burg Kirkel\",\"Kirkel\"],\"articleSection\":[\"Blog\",\"Saarland\"],\"inLanguage\":\"de\",\"potentialAction\":[{\"@type\":\"CommentAction\",\"name\":\"Comment\",\"target\":[\"https:\\\/\\\/www.oliver-kilb.de\\\/www\\\/2021\\\/08\\\/22\\\/ausflug-zur-burg-kirkel\\\/#respond\"]}]},{\"@type\":\"WebPage\",\"@id\":\"https:\\\/\\\/www.oliver-kilb.de\\\/www\\\/2021\\\/08\\\/22\\\/ausflug-zur-burg-kirkel\\\/\",\"url\":\"https:\\\/\\\/www.oliver-kilb.de\\\/www\\\/2021\\\/08\\\/22\\\/ausflug-zur-burg-kirkel\\\/\",\"name\":\"Ausflug zur Burg Kirkel. - Japan, Wandern und Multimedia\",\"isPartOf\":{\"@id\":\"https:\\\/\\\/www.oliver-kilb.de\\\/www\\\/#website\"},\"primaryImageOfPage\":{\"@id\":\"https:\\\/\\\/www.oliver-kilb.de\\\/www\\\/2021\\\/08\\\/22\\\/ausflug-zur-burg-kirkel\\\/#primaryimage\"},\"image\":{\"@id\":\"https:\\\/\\\/www.oliver-kilb.de\\\/www\\\/2021\\\/08\\\/22\\\/ausflug-zur-burg-kirkel\\\/#primaryimage\"},\"thumbnailUrl\":\"https:\\\/\\\/www.oliver-kilb.de\\\/www\\\/wp-content\\\/uploads\\\/2024\\\/10\\\/2021-08-15_Burg-Kirkel_15.jpg\",\"datePublished\":\"2021-08-22T17:46:00+00:00\",\"dateModified\":\"2024-10-09T17:54:18+00:00\",\"description\":\"Wann war ich zuletzt auf der Burg Kirkel? Seit 1995 nur noch selten - ich war \u00fcberrascht, was sich seitdem dort ge\u00e4ndert hat!\",\"breadcrumb\":{\"@id\":\"https:\\\/\\\/www.oliver-kilb.de\\\/www\\\/2021\\\/08\\\/22\\\/ausflug-zur-burg-kirkel\\\/#breadcrumb\"},\"inLanguage\":\"de\",\"potentialAction\":[{\"@type\":\"ReadAction\",\"target\":[\"https:\\\/\\\/www.oliver-kilb.de\\\/www\\\/2021\\\/08\\\/22\\\/ausflug-zur-burg-kirkel\\\/\"]}]},{\"@type\":\"ImageObject\",\"inLanguage\":\"de\",\"@id\":\"https:\\\/\\\/www.oliver-kilb.de\\\/www\\\/2021\\\/08\\\/22\\\/ausflug-zur-burg-kirkel\\\/#primaryimage\",\"url\":\"https:\\\/\\\/www.oliver-kilb.de\\\/www\\\/wp-content\\\/uploads\\\/2024\\\/10\\\/2021-08-15_Burg-Kirkel_15.jpg\",\"contentUrl\":\"https:\\\/\\\/www.oliver-kilb.de\\\/www\\\/wp-content\\\/uploads\\\/2024\\\/10\\\/2021-08-15_Burg-Kirkel_15.jpg\",\"width\":1800,\"height\":1350,\"caption\":\"Die Burg Kirkel.\"},{\"@type\":\"BreadcrumbList\",\"@id\":\"https:\\\/\\\/www.oliver-kilb.de\\\/www\\\/2021\\\/08\\\/22\\\/ausflug-zur-burg-kirkel\\\/#breadcrumb\",\"itemListElement\":[{\"@type\":\"ListItem\",\"position\":1,\"name\":\"Startseite\",\"item\":\"https:\\\/\\\/www.oliver-kilb.de\\\/www\\\/\"},{\"@type\":\"ListItem\",\"position\":2,\"name\":\"Ausflug zur Burg Kirkel.\"}]},{\"@type\":\"WebSite\",\"@id\":\"https:\\\/\\\/www.oliver-kilb.de\\\/www\\\/#website\",\"url\":\"https:\\\/\\\/www.oliver-kilb.de\\\/www\\\/\",\"name\":\"Japan, Wandern und Multimedia\",\"description\":\"\",\"publisher\":{\"@id\":\"https:\\\/\\\/www.oliver-kilb.de\\\/www\\\/#organization\"},\"potentialAction\":[{\"@type\":\"SearchAction\",\"target\":{\"@type\":\"EntryPoint\",\"urlTemplate\":\"https:\\\/\\\/www.oliver-kilb.de\\\/www\\\/?s={search_term_string}\"},\"query-input\":{\"@type\":\"PropertyValueSpecification\",\"valueRequired\":true,\"valueName\":\"search_term_string\"}}],\"inLanguage\":\"de\"},{\"@type\":\"Organization\",\"@id\":\"https:\\\/\\\/www.oliver-kilb.de\\\/www\\\/#organization\",\"name\":\"Japan, Wandern und Multimedia\",\"url\":\"https:\\\/\\\/www.oliver-kilb.de\\\/www\\\/\",\"logo\":{\"@type\":\"ImageObject\",\"inLanguage\":\"de\",\"@id\":\"https:\\\/\\\/www.oliver-kilb.de\\\/www\\\/#\\\/schema\\\/logo\\\/image\\\/\",\"url\":\"https:\\\/\\\/www.oliver-kilb.de\\\/www\\\/wp-content\\\/uploads\\\/2024\\\/07\\\/Fushimi-Inari-Schrein_075_DxO.jpg\",\"contentUrl\":\"https:\\\/\\\/www.oliver-kilb.de\\\/www\\\/wp-content\\\/uploads\\\/2024\\\/07\\\/Fushimi-Inari-Schrein_075_DxO.jpg\",\"width\":1380,\"height\":301,\"caption\":\"Japan, Wandern und Multimedia\"},\"image\":{\"@id\":\"https:\\\/\\\/www.oliver-kilb.de\\\/www\\\/#\\\/schema\\\/logo\\\/image\\\/\"}},{\"@type\":\"Person\",\"@id\":\"https:\\\/\\\/www.oliver-kilb.de\\\/www\\\/#\\\/schema\\\/person\\\/c2b19a881050135aa248a8851b7b4250\",\"name\":\"Oliver Kilb\",\"image\":{\"@type\":\"ImageObject\",\"inLanguage\":\"de\",\"@id\":\"https:\\\/\\\/secure.gravatar.com\\\/avatar\\\/4da50eb2c6eb71b0641229eed4a38d05c8d4b458a59355cca0d02b57303d6ffd?s=96&d=mm&r=g\",\"url\":\"https:\\\/\\\/secure.gravatar.com\\\/avatar\\\/4da50eb2c6eb71b0641229eed4a38d05c8d4b458a59355cca0d02b57303d6ffd?s=96&d=mm&r=g\",\"contentUrl\":\"https:\\\/\\\/secure.gravatar.com\\\/avatar\\\/4da50eb2c6eb71b0641229eed4a38d05c8d4b458a59355cca0d02b57303d6ffd?s=96&d=mm&r=g\",\"caption\":\"Oliver Kilb\"},\"sameAs\":[\"https:\\\/\\\/www.oliver-kilb.de\\\/www\"],\"url\":\"https:\\\/\\\/www.oliver-kilb.de\\\/www\\\/author\\\/oliver-kilb\\\/\"}]}<\/script>\n<!-- \/ Yoast SEO plugin. -->","yoast_head_json":{"title":"Ausflug zur Burg Kirkel. - Japan, Wandern und Multimedia","description":"Wann war ich zuletzt auf der Burg Kirkel? Seit 1995 nur noch selten - ich war \u00fcberrascht, was sich seitdem dort ge\u00e4ndert hat!","robots":{"index":"index","follow":"follow","max-snippet":"max-snippet:-1","max-image-preview":"max-image-preview:large","max-video-preview":"max-video-preview:-1"},"canonical":"https:\/\/www.oliver-kilb.de\/www\/2021\/08\/22\/ausflug-zur-burg-kirkel\/","og_locale":"de_DE","og_type":"article","og_title":"Ausflug zur Burg Kirkel. - Japan, Wandern und Multimedia","og_description":"Wann war ich zuletzt auf der Burg Kirkel? Seit 1995 nur noch selten - ich war \u00fcberrascht, was sich seitdem dort ge\u00e4ndert hat!","og_url":"https:\/\/www.oliver-kilb.de\/www\/2021\/08\/22\/ausflug-zur-burg-kirkel\/","og_site_name":"Japan, Wandern und Multimedia","article_published_time":"2021-08-22T17:46:00+00:00","article_modified_time":"2024-10-09T17:54:18+00:00","og_image":[{"width":1800,"height":1350,"url":"https:\/\/www.oliver-kilb.de\/www\/wp-content\/uploads\/2024\/10\/2021-08-15_Burg-Kirkel_15.jpg","type":"image\/jpeg"}],"author":"Oliver Kilb","twitter_card":"summary_large_image","twitter_misc":{"Verfasst von":"Oliver Kilb","Gesch\u00e4tzte Lesezeit":"8\u00a0Minuten"},"schema":{"@context":"https:\/\/schema.org","@graph":[{"@type":"Article","@id":"https:\/\/www.oliver-kilb.de\/www\/2021\/08\/22\/ausflug-zur-burg-kirkel\/#article","isPartOf":{"@id":"https:\/\/www.oliver-kilb.de\/www\/2021\/08\/22\/ausflug-zur-burg-kirkel\/"},"author":{"name":"Oliver Kilb","@id":"https:\/\/www.oliver-kilb.de\/www\/#\/schema\/person\/c2b19a881050135aa248a8851b7b4250"},"headline":"Ausflug zur Burg Kirkel.","datePublished":"2021-08-22T17:46:00+00:00","dateModified":"2024-10-09T17:54:18+00:00","mainEntityOfPage":{"@id":"https:\/\/www.oliver-kilb.de\/www\/2021\/08\/22\/ausflug-zur-burg-kirkel\/"},"wordCount":758,"commentCount":0,"publisher":{"@id":"https:\/\/www.oliver-kilb.de\/www\/#organization"},"image":{"@id":"https:\/\/www.oliver-kilb.de\/www\/2021\/08\/22\/ausflug-zur-burg-kirkel\/#primaryimage"},"thumbnailUrl":"https:\/\/www.oliver-kilb.de\/www\/wp-content\/uploads\/2024\/10\/2021-08-15_Burg-Kirkel_15.jpg","keywords":["Burg Kirkel","Kirkel"],"articleSection":["Blog","Saarland"],"inLanguage":"de","potentialAction":[{"@type":"CommentAction","name":"Comment","target":["https:\/\/www.oliver-kilb.de\/www\/2021\/08\/22\/ausflug-zur-burg-kirkel\/#respond"]}]},{"@type":"WebPage","@id":"https:\/\/www.oliver-kilb.de\/www\/2021\/08\/22\/ausflug-zur-burg-kirkel\/","url":"https:\/\/www.oliver-kilb.de\/www\/2021\/08\/22\/ausflug-zur-burg-kirkel\/","name":"Ausflug zur Burg Kirkel. - Japan, Wandern und Multimedia","isPartOf":{"@id":"https:\/\/www.oliver-kilb.de\/www\/#website"},"primaryImageOfPage":{"@id":"https:\/\/www.oliver-kilb.de\/www\/2021\/08\/22\/ausflug-zur-burg-kirkel\/#primaryimage"},"image":{"@id":"https:\/\/www.oliver-kilb.de\/www\/2021\/08\/22\/ausflug-zur-burg-kirkel\/#primaryimage"},"thumbnailUrl":"https:\/\/www.oliver-kilb.de\/www\/wp-content\/uploads\/2024\/10\/2021-08-15_Burg-Kirkel_15.jpg","datePublished":"2021-08-22T17:46:00+00:00","dateModified":"2024-10-09T17:54:18+00:00","description":"Wann war ich zuletzt auf der Burg Kirkel? Seit 1995 nur noch selten - ich war \u00fcberrascht, was sich seitdem dort ge\u00e4ndert hat!","breadcrumb":{"@id":"https:\/\/www.oliver-kilb.de\/www\/2021\/08\/22\/ausflug-zur-burg-kirkel\/#breadcrumb"},"inLanguage":"de","potentialAction":[{"@type":"ReadAction","target":["https:\/\/www.oliver-kilb.de\/www\/2021\/08\/22\/ausflug-zur-burg-kirkel\/"]}]},{"@type":"ImageObject","inLanguage":"de","@id":"https:\/\/www.oliver-kilb.de\/www\/2021\/08\/22\/ausflug-zur-burg-kirkel\/#primaryimage","url":"https:\/\/www.oliver-kilb.de\/www\/wp-content\/uploads\/2024\/10\/2021-08-15_Burg-Kirkel_15.jpg","contentUrl":"https:\/\/www.oliver-kilb.de\/www\/wp-content\/uploads\/2024\/10\/2021-08-15_Burg-Kirkel_15.jpg","width":1800,"height":1350,"caption":"Die Burg Kirkel."},{"@type":"BreadcrumbList","@id":"https:\/\/www.oliver-kilb.de\/www\/2021\/08\/22\/ausflug-zur-burg-kirkel\/#breadcrumb","itemListElement":[{"@type":"ListItem","position":1,"name":"Startseite","item":"https:\/\/www.oliver-kilb.de\/www\/"},{"@type":"ListItem","position":2,"name":"Ausflug zur Burg Kirkel."}]},{"@type":"WebSite","@id":"https:\/\/www.oliver-kilb.de\/www\/#website","url":"https:\/\/www.oliver-kilb.de\/www\/","name":"Japan, Wandern und Multimedia","description":"","publisher":{"@id":"https:\/\/www.oliver-kilb.de\/www\/#organization"},"potentialAction":[{"@type":"SearchAction","target":{"@type":"EntryPoint","urlTemplate":"https:\/\/www.oliver-kilb.de\/www\/?s={search_term_string}"},"query-input":{"@type":"PropertyValueSpecification","valueRequired":true,"valueName":"search_term_string"}}],"inLanguage":"de"},{"@type":"Organization","@id":"https:\/\/www.oliver-kilb.de\/www\/#organization","name":"Japan, Wandern und Multimedia","url":"https:\/\/www.oliver-kilb.de\/www\/","logo":{"@type":"ImageObject","inLanguage":"de","@id":"https:\/\/www.oliver-kilb.de\/www\/#\/schema\/logo\/image\/","url":"https:\/\/www.oliver-kilb.de\/www\/wp-content\/uploads\/2024\/07\/Fushimi-Inari-Schrein_075_DxO.jpg","contentUrl":"https:\/\/www.oliver-kilb.de\/www\/wp-content\/uploads\/2024\/07\/Fushimi-Inari-Schrein_075_DxO.jpg","width":1380,"height":301,"caption":"Japan, Wandern und Multimedia"},"image":{"@id":"https:\/\/www.oliver-kilb.de\/www\/#\/schema\/logo\/image\/"}},{"@type":"Person","@id":"https:\/\/www.oliver-kilb.de\/www\/#\/schema\/person\/c2b19a881050135aa248a8851b7b4250","name":"Oliver Kilb","image":{"@type":"ImageObject","inLanguage":"de","@id":"https:\/\/secure.gravatar.com\/avatar\/4da50eb2c6eb71b0641229eed4a38d05c8d4b458a59355cca0d02b57303d6ffd?s=96&d=mm&r=g","url":"https:\/\/secure.gravatar.com\/avatar\/4da50eb2c6eb71b0641229eed4a38d05c8d4b458a59355cca0d02b57303d6ffd?s=96&d=mm&r=g","contentUrl":"https:\/\/secure.gravatar.com\/avatar\/4da50eb2c6eb71b0641229eed4a38d05c8d4b458a59355cca0d02b57303d6ffd?s=96&d=mm&r=g","caption":"Oliver Kilb"},"sameAs":["https:\/\/www.oliver-kilb.de\/www"],"url":"https:\/\/www.oliver-kilb.de\/www\/author\/oliver-kilb\/"}]}},"amp_enabled":true,"_links":{"self":[{"href":"https:\/\/www.oliver-kilb.de\/www\/wp-json\/wp\/v2\/posts\/27551","targetHints":{"allow":["GET"]}}],"collection":[{"href":"https:\/\/www.oliver-kilb.de\/www\/wp-json\/wp\/v2\/posts"}],"about":[{"href":"https:\/\/www.oliver-kilb.de\/www\/wp-json\/wp\/v2\/types\/post"}],"author":[{"embeddable":true,"href":"https:\/\/www.oliver-kilb.de\/www\/wp-json\/wp\/v2\/users\/1"}],"replies":[{"embeddable":true,"href":"https:\/\/www.oliver-kilb.de\/www\/wp-json\/wp\/v2\/comments?post=27551"}],"version-history":[{"count":1,"href":"https:\/\/www.oliver-kilb.de\/www\/wp-json\/wp\/v2\/posts\/27551\/revisions"}],"predecessor-version":[{"id":27572,"href":"https:\/\/www.oliver-kilb.de\/www\/wp-json\/wp\/v2\/posts\/27551\/revisions\/27572"}],"wp:featuredmedia":[{"embeddable":true,"href":"https:\/\/www.oliver-kilb.de\/www\/wp-json\/wp\/v2\/media\/27553"}],"wp:attachment":[{"href":"https:\/\/www.oliver-kilb.de\/www\/wp-json\/wp\/v2\/media?parent=27551"}],"wp:term":[{"taxonomy":"category","embeddable":true,"href":"https:\/\/www.oliver-kilb.de\/www\/wp-json\/wp\/v2\/categories?post=27551"},{"taxonomy":"post_tag","embeddable":true,"href":"https:\/\/www.oliver-kilb.de\/www\/wp-json\/wp\/v2\/tags?post=27551"}],"curies":[{"name":"wp","href":"https:\/\/api.w.org\/{rel}","templated":true}]}}