{"id":27460,"date":"2017-05-26T21:13:00","date_gmt":"2017-05-26T19:13:00","guid":{"rendered":"https:\/\/www.oliver-kilb.de\/www\/?p=27460"},"modified":"2025-10-02T23:01:56","modified_gmt":"2025-10-02T21:01:56","slug":"ueber-die-tafeltour-von-kirkel-nach-lautzkirchen","status":"publish","type":"post","link":"https:\/\/www.oliver-kilb.de\/www\/2017\/05\/26\/ueber-die-tafeltour-von-kirkel-nach-lautzkirchen\/","title":{"rendered":"\u00dcber die Tafeltour von Kirkel nach Lautzkirchen."},"content":{"rendered":"\n<p><strong>Die Tafeltour ist ein relativ neuer Wanderweg, der \u00fcber&nbsp;vertr\u00e4umte Wege durch einen wundersch\u00f6nen Laubwald von Kirkel in Richtung Lautzkirchen f\u00fchrt. Nachdem man ihn verlassen hat, geht es durch das Pferchtal zur\u00fcck nach Kirkel.<\/strong><\/p>\n\n\n\n<h1 class=\"wp-block-heading\">Start \u00fcber die Tafeltour.<\/h1>\n\n\n<div class=\"wp-block-image\">\n<figure class=\"alignleft size-full is-resized\"><a href=\"https:\/\/www.oliver-kilb.de\/www\/wp-content\/uploads\/2024\/10\/Kirkel_Wanderung_Tafeltour_2017-05-26_09.jpg\"><img loading=\"lazy\" decoding=\"async\" width=\"1200\" height=\"900\" src=\"https:\/\/www.oliver-kilb.de\/www\/wp-content\/uploads\/2024\/10\/Kirkel_Wanderung_Tafeltour_2017-05-26_09.jpg\" alt=\"\" class=\"wp-image-27462\" style=\"width:300px\" srcset=\"https:\/\/www.oliver-kilb.de\/www\/wp-content\/uploads\/2024\/10\/Kirkel_Wanderung_Tafeltour_2017-05-26_09.jpg 1200w, https:\/\/www.oliver-kilb.de\/www\/wp-content\/uploads\/2024\/10\/Kirkel_Wanderung_Tafeltour_2017-05-26_09-500x375.jpg 500w, https:\/\/www.oliver-kilb.de\/www\/wp-content\/uploads\/2024\/10\/Kirkel_Wanderung_Tafeltour_2017-05-26_09-300x225.jpg 300w, https:\/\/www.oliver-kilb.de\/www\/wp-content\/uploads\/2024\/10\/Kirkel_Wanderung_Tafeltour_2017-05-26_09-768x576.jpg 768w\" sizes=\"auto, (max-width: 1200px) 100vw, 1200px\" \/><\/a><figcaption class=\"wp-element-caption\">Zwischen Kirkel und Lautzkirchen<\/figcaption><\/figure>\n<\/div>\n\n\n<p>Ein wenig unterhalb der <a href=\"https:\/\/de.wikipedia.org\/wiki\/Burg_Kirkel\" target=\"_blank\" rel=\"noreferrer noopener\">Kirkeler Burg<\/a> beginnt zwischen Limbacher Weg und Hirschbergstra\u00dfe einer der Hauptwege im <a href=\"https:\/\/de.wikipedia.org\/wiki\/Sankt_Ingbert-Kirkeler_Waldgebiet\" target=\"_blank\" rel=\"noreferrer noopener\">Kirkeler Wald<\/a>: Von hier aus kann man in Richtung Taubental wandern, oder \u00fcber die&nbsp;neu angelegte &#8222;Tafeltour&#8220;&nbsp;in Richtung der <a href=\"http:\/\/www.felsenpfad.de\/wasserfelsen\/\" target=\"_blank\" rel=\"noreferrer noopener\">Wasserfelsen<\/a>. <\/p>\n\n\n\n<p>Kurz nach diesen verlassen wir den Hauptweg und biegen nach rechts ab auf einen kleinen, sch\u00f6nen Wanderweg, der ein wenig tiefer in sanften B\u00f6gen in Richtung <a href=\"https:\/\/de.wikipedia.org\/wiki\/Lautzkirchen\" target=\"_blank\" rel=\"noreferrer noopener\">Lautzkirchen<\/a> f\u00fchrt. <\/p>\n\n\n\n<p>Ortskundigen Wanderern <a href=\"http:\/\/www.tafeltour.de\" target=\"_blank\" rel=\"noreferrer noopener\">ist dieser Weg nat\u00fcrlich nicht unbekannt<\/a>, denn es gibt ihn schon seit vielen Jahrzehnten. Nur die Beschilderung mit &#8222;Tafeltour&#8220; ist in den 2000er Jahren neu hinzugekommen.<\/p>\n\n\n\n<h1 class=\"wp-block-heading\">Laubwald und Moos.<\/h1>\n\n\n<div class=\"wp-block-image\">\n<figure class=\"alignleft size-full is-resized\"><a href=\"https:\/\/www.oliver-kilb.de\/www\/wp-content\/uploads\/2024\/10\/Kirkel_Wanderung_Tafeltour_2017-05-26_13.jpg\"><img loading=\"lazy\" decoding=\"async\" width=\"1200\" height=\"900\" src=\"https:\/\/www.oliver-kilb.de\/www\/wp-content\/uploads\/2024\/10\/Kirkel_Wanderung_Tafeltour_2017-05-26_13.jpg\" alt=\"\" class=\"wp-image-27463\" style=\"width:300px\" srcset=\"https:\/\/www.oliver-kilb.de\/www\/wp-content\/uploads\/2024\/10\/Kirkel_Wanderung_Tafeltour_2017-05-26_13.jpg 1200w, https:\/\/www.oliver-kilb.de\/www\/wp-content\/uploads\/2024\/10\/Kirkel_Wanderung_Tafeltour_2017-05-26_13-500x375.jpg 500w, https:\/\/www.oliver-kilb.de\/www\/wp-content\/uploads\/2024\/10\/Kirkel_Wanderung_Tafeltour_2017-05-26_13-300x225.jpg 300w, https:\/\/www.oliver-kilb.de\/www\/wp-content\/uploads\/2024\/10\/Kirkel_Wanderung_Tafeltour_2017-05-26_13-768x576.jpg 768w\" sizes=\"auto, (max-width: 1200px) 100vw, 1200px\" \/><\/a><figcaption class=\"wp-element-caption\">Zwischen Kirkel und Lautzkirchen<\/figcaption><\/figure>\n<\/div>\n\n\n<p>Hier zeigt sich der Kirkeler Wald von seiner sch\u00f6nsten Seite: Der Weg f\u00fchrt durch lichte Laubw\u00e4lder, die abseits der Wege immer mehr im naturbelassenen Zustand sind. Er ist auch abwechslungsreich &#8211; immer wieder kommt man an Stellen vorbei, an denen volles, gr\u00fcnes Moos in kleinen Lichtungen zum Verweilen einladen. Man bleibt \u00fcber die gesamte Strecke&nbsp;ungef\u00e4hr auf der gleichen H\u00f6he, was den Weg zur absolut familientauglichen Wahl macht.<\/p>\n\n\n\n<p>Kurz vor Lautzkirchen biegen wir von der Tafeltour ab (leider ist die Abzweigung unbeschildert, man muss seinem Gef\u00fchl folgen) und gehen einige H\u00f6henmeter bergab, bis man direkt am Fu\u00dfe des Pferchtals angekommen ist und der Weg wieder zu einem breiten Forstweg wird. Nach wenigen Minuten Wanderung h\u00f6rt man bei gutem Wetter dann schon die Tennisspieler der Anlage in Lautzkirchen. <a href=\"http:\/\/www.pferchtal.de\" target=\"_blank\" rel=\"noreferrer noopener\">Hier kann man auch einkehren<\/a> oder ein paar Minuten am Weiher Rast machen.<\/p>\n\n\n\n<h1 class=\"wp-block-heading\">R\u00fcckweg nach Kirkel.<\/h1>\n\n\n<div class=\"wp-block-image\">\n<figure class=\"alignright size-full is-resized\"><a href=\"https:\/\/www.oliver-kilb.de\/www\/wp-content\/uploads\/2024\/10\/Kirkel_Wanderung_Tafeltour_2017-05-26_26.jpg\"><img loading=\"lazy\" decoding=\"async\" width=\"1200\" height=\"900\" src=\"https:\/\/www.oliver-kilb.de\/www\/wp-content\/uploads\/2024\/10\/Kirkel_Wanderung_Tafeltour_2017-05-26_26.jpg\" alt=\"\" class=\"wp-image-27464\" style=\"width:300px\" srcset=\"https:\/\/www.oliver-kilb.de\/www\/wp-content\/uploads\/2024\/10\/Kirkel_Wanderung_Tafeltour_2017-05-26_26.jpg 1200w, https:\/\/www.oliver-kilb.de\/www\/wp-content\/uploads\/2024\/10\/Kirkel_Wanderung_Tafeltour_2017-05-26_26-500x375.jpg 500w, https:\/\/www.oliver-kilb.de\/www\/wp-content\/uploads\/2024\/10\/Kirkel_Wanderung_Tafeltour_2017-05-26_26-300x225.jpg 300w, https:\/\/www.oliver-kilb.de\/www\/wp-content\/uploads\/2024\/10\/Kirkel_Wanderung_Tafeltour_2017-05-26_26-768x576.jpg 768w\" sizes=\"auto, (max-width: 1200px) 100vw, 1200px\" \/><\/a><figcaption class=\"wp-element-caption\">R\u00fcckweg von Lautzkirchen nach Kirkel<\/figcaption><\/figure>\n<\/div>\n\n\n<p>Der R\u00fcckweg f\u00fchrt zuerst an das <a href=\"http:\/\/zumaltenforsthaus-brengel.de\" target=\"_blank\" rel=\"noreferrer noopener\">&#8222;Alte Forsthaus&#8220;<\/a> auf der anderen Seite des kleinen Tals. Nachdem man einige Hundert Meter an der Stra\u00dfe in Richtung Wohnanlage Bellem spaziert ist, geht hinter der Stra\u00dfenabzweigung ziemlich versteckt ein kleiner Wanderweg auf halber H\u00f6he ab, der wie der Hinweg in sanften Schwingungen ungef\u00e4hr dem Stra\u00dfenverlauf folgt, den man hin und wieder durch die B\u00e4ume erblicken kann. <\/p>\n\n\n\n<p>Nach einer guten Dreiviertelstunde hat man dann das Ende des Pferchtals erreicht und sieht wieder die Kirkeler Burg.<\/p>\n\n\n\n<h1 class=\"wp-block-heading\">Parkpl\u00e4tze f\u00fcr Ortsfremde.<\/h1>\n\n\n<div class=\"wp-block-image\">\n<figure class=\"alignleft size-full is-resized\"><a href=\"https:\/\/www.oliver-kilb.de\/www\/wp-content\/uploads\/2024\/10\/Kirkel_Wanderung_Tafeltour_2017-05-26_28.jpg\"><img loading=\"lazy\" decoding=\"async\" width=\"1200\" height=\"900\" src=\"https:\/\/www.oliver-kilb.de\/www\/wp-content\/uploads\/2024\/10\/Kirkel_Wanderung_Tafeltour_2017-05-26_28.jpg\" alt=\"\" class=\"wp-image-27465\" style=\"width:300px\" srcset=\"https:\/\/www.oliver-kilb.de\/www\/wp-content\/uploads\/2024\/10\/Kirkel_Wanderung_Tafeltour_2017-05-26_28.jpg 1200w, https:\/\/www.oliver-kilb.de\/www\/wp-content\/uploads\/2024\/10\/Kirkel_Wanderung_Tafeltour_2017-05-26_28-500x375.jpg 500w, https:\/\/www.oliver-kilb.de\/www\/wp-content\/uploads\/2024\/10\/Kirkel_Wanderung_Tafeltour_2017-05-26_28-300x225.jpg 300w, https:\/\/www.oliver-kilb.de\/www\/wp-content\/uploads\/2024\/10\/Kirkel_Wanderung_Tafeltour_2017-05-26_28-768x576.jpg 768w\" sizes=\"auto, (max-width: 1200px) 100vw, 1200px\" \/><\/a><figcaption class=\"wp-element-caption\">Zur\u00fcck in Kirkel, mit Blick auf die Kirkeler Burg<\/figcaption><\/figure>\n<\/div>\n\n\n<p>Direkt am oben beschriebenen Einstieg sind die Parkpl\u00e4tze rar. (Es gibt nur 4-5, die bei sch\u00f6nem Wetter nat\u00fcrlich schnell belegt sind.) Am Kirkeler Markplatz, etwa 10 Gehminuten entfernt, gibt es aber gen\u00fcgend Parkpl\u00e4tze. In Lautzkirchen findet man noch einen gr\u00f6\u00dferen Parkplatz gegen\u00fcber des &#8222;Alten Forsthaus&#8220;, und am Ende des Pferchtals, kurz vor <a href=\"https:\/\/de.wikipedia.org\/wiki\/Kirkel\" target=\"_blank\" rel=\"noreferrer noopener\">Kirkel<\/a>, ist ebenfalls ein Parkplatz im Wald.<\/p>\n\n\n\n<p>Die Strecke eignet sich gut als Rundweg, egal von wo aus man startet. In Summe geht man (je nach pers\u00f6nlicher Wahl und Startpunkt) ca. 8 bis 10 Kilometer. Bis auf ganz wenige Stellen ist man dabei immer im Schatten der B\u00e4ume unterwegs, was diesen Weg zu einer hervorragenden Wahl auch bei praller Sonne macht. Leider ist die Beschilderung, sobald man die Tafeltour verl\u00e4sst, f\u00fcr Ortsfremde nicht gut, aber wenn man sich die Route zuvor auf der Karte angesehen hat, ist es ein einfacher Weg: Man wandert immer zwischen Kirkel und Lautzkirchen. F\u00fcr Radfahrer ist dieser Weg auch geeignet, aber man sollte ein wenig Erfahrung mit engen Waldwegen haben.<\/p>\n\n\n\n<figure class=\"wp-block-gallery has-nested-images columns-5 is-cropped wp-block-gallery-1 is-layout-flex wp-block-gallery-is-layout-flex\">\n<figure class=\"wp-block-image size-large\"><img loading=\"lazy\" decoding=\"async\" width=\"1200\" height=\"900\" data-id=\"27471\" src=\"https:\/\/www.oliver-kilb.de\/www\/wp-content\/uploads\/2024\/10\/Kirkel_Wanderung_Tafeltour_2017-05-26_01.jpg\" alt=\"\" class=\"wp-image-27471\" srcset=\"https:\/\/www.oliver-kilb.de\/www\/wp-content\/uploads\/2024\/10\/Kirkel_Wanderung_Tafeltour_2017-05-26_01.jpg 1200w, https:\/\/www.oliver-kilb.de\/www\/wp-content\/uploads\/2024\/10\/Kirkel_Wanderung_Tafeltour_2017-05-26_01-500x375.jpg 500w, https:\/\/www.oliver-kilb.de\/www\/wp-content\/uploads\/2024\/10\/Kirkel_Wanderung_Tafeltour_2017-05-26_01-300x225.jpg 300w, https:\/\/www.oliver-kilb.de\/www\/wp-content\/uploads\/2024\/10\/Kirkel_Wanderung_Tafeltour_2017-05-26_01-768x576.jpg 768w\" sizes=\"auto, (max-width: 1200px) 100vw, 1200px\" \/><\/figure>\n\n\n\n<figure class=\"wp-block-image size-large\"><img loading=\"lazy\" decoding=\"async\" width=\"1200\" height=\"900\" data-id=\"27470\" src=\"https:\/\/www.oliver-kilb.de\/www\/wp-content\/uploads\/2024\/10\/Kirkel_Wanderung_Tafeltour_2017-05-26_03.jpg\" alt=\"\" class=\"wp-image-27470\" srcset=\"https:\/\/www.oliver-kilb.de\/www\/wp-content\/uploads\/2024\/10\/Kirkel_Wanderung_Tafeltour_2017-05-26_03.jpg 1200w, https:\/\/www.oliver-kilb.de\/www\/wp-content\/uploads\/2024\/10\/Kirkel_Wanderung_Tafeltour_2017-05-26_03-500x375.jpg 500w, https:\/\/www.oliver-kilb.de\/www\/wp-content\/uploads\/2024\/10\/Kirkel_Wanderung_Tafeltour_2017-05-26_03-300x225.jpg 300w, https:\/\/www.oliver-kilb.de\/www\/wp-content\/uploads\/2024\/10\/Kirkel_Wanderung_Tafeltour_2017-05-26_03-768x576.jpg 768w\" sizes=\"auto, (max-width: 1200px) 100vw, 1200px\" \/><\/figure>\n\n\n\n<figure class=\"wp-block-image size-large\"><img loading=\"lazy\" decoding=\"async\" width=\"1200\" height=\"900\" data-id=\"27469\" src=\"https:\/\/www.oliver-kilb.de\/www\/wp-content\/uploads\/2024\/10\/Kirkel_Wanderung_Tafeltour_2017-05-26_04.jpg\" alt=\"\" class=\"wp-image-27469\" srcset=\"https:\/\/www.oliver-kilb.de\/www\/wp-content\/uploads\/2024\/10\/Kirkel_Wanderung_Tafeltour_2017-05-26_04.jpg 1200w, https:\/\/www.oliver-kilb.de\/www\/wp-content\/uploads\/2024\/10\/Kirkel_Wanderung_Tafeltour_2017-05-26_04-500x375.jpg 500w, https:\/\/www.oliver-kilb.de\/www\/wp-content\/uploads\/2024\/10\/Kirkel_Wanderung_Tafeltour_2017-05-26_04-300x225.jpg 300w, https:\/\/www.oliver-kilb.de\/www\/wp-content\/uploads\/2024\/10\/Kirkel_Wanderung_Tafeltour_2017-05-26_04-768x576.jpg 768w\" sizes=\"auto, (max-width: 1200px) 100vw, 1200px\" \/><\/figure>\n\n\n\n<figure class=\"wp-block-image size-large\"><img loading=\"lazy\" decoding=\"async\" width=\"600\" height=\"800\" data-id=\"27467\" src=\"https:\/\/www.oliver-kilb.de\/www\/wp-content\/uploads\/2024\/10\/Kirkel_Wanderung_Tafeltour_2017-05-26_06.jpg\" alt=\"\" class=\"wp-image-27467\" srcset=\"https:\/\/www.oliver-kilb.de\/www\/wp-content\/uploads\/2024\/10\/Kirkel_Wanderung_Tafeltour_2017-05-26_06.jpg 600w, https:\/\/www.oliver-kilb.de\/www\/wp-content\/uploads\/2024\/10\/Kirkel_Wanderung_Tafeltour_2017-05-26_06-375x500.jpg 375w, https:\/\/www.oliver-kilb.de\/www\/wp-content\/uploads\/2024\/10\/Kirkel_Wanderung_Tafeltour_2017-05-26_06-225x300.jpg 225w\" sizes=\"auto, (max-width: 600px) 100vw, 600px\" \/><\/figure>\n\n\n\n<figure class=\"wp-block-image size-large\"><img loading=\"lazy\" decoding=\"async\" width=\"600\" height=\"800\" data-id=\"27466\" src=\"https:\/\/www.oliver-kilb.de\/www\/wp-content\/uploads\/2024\/10\/Kirkel_Wanderung_Tafeltour_2017-05-26_08.jpg\" alt=\"\" class=\"wp-image-27466\" srcset=\"https:\/\/www.oliver-kilb.de\/www\/wp-content\/uploads\/2024\/10\/Kirkel_Wanderung_Tafeltour_2017-05-26_08.jpg 600w, https:\/\/www.oliver-kilb.de\/www\/wp-content\/uploads\/2024\/10\/Kirkel_Wanderung_Tafeltour_2017-05-26_08-375x500.jpg 375w, https:\/\/www.oliver-kilb.de\/www\/wp-content\/uploads\/2024\/10\/Kirkel_Wanderung_Tafeltour_2017-05-26_08-225x300.jpg 225w\" sizes=\"auto, (max-width: 600px) 100vw, 600px\" \/><\/figure>\n\n\n\n<figure class=\"wp-block-image size-large\"><img loading=\"lazy\" decoding=\"async\" width=\"1200\" height=\"900\" data-id=\"27468\" src=\"https:\/\/www.oliver-kilb.de\/www\/wp-content\/uploads\/2024\/10\/Kirkel_Wanderung_Tafeltour_2017-05-26_11.jpg\" alt=\"\" class=\"wp-image-27468\" srcset=\"https:\/\/www.oliver-kilb.de\/www\/wp-content\/uploads\/2024\/10\/Kirkel_Wanderung_Tafeltour_2017-05-26_11.jpg 1200w, https:\/\/www.oliver-kilb.de\/www\/wp-content\/uploads\/2024\/10\/Kirkel_Wanderung_Tafeltour_2017-05-26_11-500x375.jpg 500w, https:\/\/www.oliver-kilb.de\/www\/wp-content\/uploads\/2024\/10\/Kirkel_Wanderung_Tafeltour_2017-05-26_11-300x225.jpg 300w, https:\/\/www.oliver-kilb.de\/www\/wp-content\/uploads\/2024\/10\/Kirkel_Wanderung_Tafeltour_2017-05-26_11-768x576.jpg 768w\" sizes=\"auto, (max-width: 1200px) 100vw, 1200px\" \/><\/figure>\n\n\n\n<figure class=\"wp-block-image size-large\"><img loading=\"lazy\" decoding=\"async\" width=\"1200\" height=\"900\" data-id=\"27473\" src=\"https:\/\/www.oliver-kilb.de\/www\/wp-content\/uploads\/2024\/10\/Kirkel_Wanderung_Tafeltour_2017-05-26_15.jpg\" alt=\"\" class=\"wp-image-27473\" srcset=\"https:\/\/www.oliver-kilb.de\/www\/wp-content\/uploads\/2024\/10\/Kirkel_Wanderung_Tafeltour_2017-05-26_15.jpg 1200w, https:\/\/www.oliver-kilb.de\/www\/wp-content\/uploads\/2024\/10\/Kirkel_Wanderung_Tafeltour_2017-05-26_15-500x375.jpg 500w, https:\/\/www.oliver-kilb.de\/www\/wp-content\/uploads\/2024\/10\/Kirkel_Wanderung_Tafeltour_2017-05-26_15-300x225.jpg 300w, https:\/\/www.oliver-kilb.de\/www\/wp-content\/uploads\/2024\/10\/Kirkel_Wanderung_Tafeltour_2017-05-26_15-768x576.jpg 768w\" sizes=\"auto, (max-width: 1200px) 100vw, 1200px\" \/><\/figure>\n\n\n\n<figure class=\"wp-block-image size-large\"><img loading=\"lazy\" decoding=\"async\" width=\"1200\" height=\"900\" data-id=\"27472\" src=\"https:\/\/www.oliver-kilb.de\/www\/wp-content\/uploads\/2024\/10\/Kirkel_Wanderung_Tafeltour_2017-05-26_16.jpg\" alt=\"\" class=\"wp-image-27472\" srcset=\"https:\/\/www.oliver-kilb.de\/www\/wp-content\/uploads\/2024\/10\/Kirkel_Wanderung_Tafeltour_2017-05-26_16.jpg 1200w, https:\/\/www.oliver-kilb.de\/www\/wp-content\/uploads\/2024\/10\/Kirkel_Wanderung_Tafeltour_2017-05-26_16-500x375.jpg 500w, https:\/\/www.oliver-kilb.de\/www\/wp-content\/uploads\/2024\/10\/Kirkel_Wanderung_Tafeltour_2017-05-26_16-300x225.jpg 300w, https:\/\/www.oliver-kilb.de\/www\/wp-content\/uploads\/2024\/10\/Kirkel_Wanderung_Tafeltour_2017-05-26_16-768x576.jpg 768w\" sizes=\"auto, (max-width: 1200px) 100vw, 1200px\" \/><\/figure>\n\n\n\n<figure class=\"wp-block-image size-large\"><img loading=\"lazy\" decoding=\"async\" width=\"1200\" height=\"900\" data-id=\"27475\" src=\"https:\/\/www.oliver-kilb.de\/www\/wp-content\/uploads\/2024\/10\/Kirkel_Wanderung_Tafeltour_2017-05-26_18.jpg\" alt=\"\" class=\"wp-image-27475\" srcset=\"https:\/\/www.oliver-kilb.de\/www\/wp-content\/uploads\/2024\/10\/Kirkel_Wanderung_Tafeltour_2017-05-26_18.jpg 1200w, https:\/\/www.oliver-kilb.de\/www\/wp-content\/uploads\/2024\/10\/Kirkel_Wanderung_Tafeltour_2017-05-26_18-500x375.jpg 500w, https:\/\/www.oliver-kilb.de\/www\/wp-content\/uploads\/2024\/10\/Kirkel_Wanderung_Tafeltour_2017-05-26_18-300x225.jpg 300w, https:\/\/www.oliver-kilb.de\/www\/wp-content\/uploads\/2024\/10\/Kirkel_Wanderung_Tafeltour_2017-05-26_18-768x576.jpg 768w\" sizes=\"auto, (max-width: 1200px) 100vw, 1200px\" \/><\/figure>\n\n\n\n<figure class=\"wp-block-image size-large\"><img loading=\"lazy\" decoding=\"async\" width=\"1200\" height=\"900\" data-id=\"27474\" src=\"https:\/\/www.oliver-kilb.de\/www\/wp-content\/uploads\/2024\/10\/Kirkel_Wanderung_Tafeltour_2017-05-26_26-1.jpg\" alt=\"\" class=\"wp-image-27474\" srcset=\"https:\/\/www.oliver-kilb.de\/www\/wp-content\/uploads\/2024\/10\/Kirkel_Wanderung_Tafeltour_2017-05-26_26-1.jpg 1200w, https:\/\/www.oliver-kilb.de\/www\/wp-content\/uploads\/2024\/10\/Kirkel_Wanderung_Tafeltour_2017-05-26_26-1-500x375.jpg 500w, https:\/\/www.oliver-kilb.de\/www\/wp-content\/uploads\/2024\/10\/Kirkel_Wanderung_Tafeltour_2017-05-26_26-1-300x225.jpg 300w, https:\/\/www.oliver-kilb.de\/www\/wp-content\/uploads\/2024\/10\/Kirkel_Wanderung_Tafeltour_2017-05-26_26-1-768x576.jpg 768w\" sizes=\"auto, (max-width: 1200px) 100vw, 1200px\" \/><\/figure>\n\n\n\n<figure class=\"wp-block-image size-large\"><img loading=\"lazy\" decoding=\"async\" width=\"1200\" height=\"900\" data-id=\"27476\" src=\"https:\/\/www.oliver-kilb.de\/www\/wp-content\/uploads\/2024\/10\/Kirkel_Wanderung_Tafeltour_2017-05-26_27.jpg\" alt=\"\" class=\"wp-image-27476\" srcset=\"https:\/\/www.oliver-kilb.de\/www\/wp-content\/uploads\/2024\/10\/Kirkel_Wanderung_Tafeltour_2017-05-26_27.jpg 1200w, https:\/\/www.oliver-kilb.de\/www\/wp-content\/uploads\/2024\/10\/Kirkel_Wanderung_Tafeltour_2017-05-26_27-500x375.jpg 500w, https:\/\/www.oliver-kilb.de\/www\/wp-content\/uploads\/2024\/10\/Kirkel_Wanderung_Tafeltour_2017-05-26_27-300x225.jpg 300w, https:\/\/www.oliver-kilb.de\/www\/wp-content\/uploads\/2024\/10\/Kirkel_Wanderung_Tafeltour_2017-05-26_27-768x576.jpg 768w\" sizes=\"auto, (max-width: 1200px) 100vw, 1200px\" \/><\/figure>\n<\/figure>\n","protected":false},"excerpt":{"rendered":"<p>Die Tafeltour ist ein relativ neuer Wanderweg, der \u00fcber\u00a0vertr\u00e4umte Wege durch einen wundersch\u00f6nen Laubwald von Kirkel in Richtung Lautzkirchen f\u00fchrt. Nachdem man ihn verlassen hat, geht es durch das Pferchtal zur\u00fcck nach Kirkel.<\/p>\n","protected":false},"author":1,"featured_media":27465,"comment_status":"open","ping_status":"open","sticky":false,"template":"","format":"standard","meta":{"iawp_total_views":9,"footnotes":""},"categories":[15,395],"tags":[396,397,399,398],"class_list":["post-27460","post","type-post","status-publish","format-standard","has-post-thumbnail","hentry","category-blog","category-saarland","tag-kirkel","tag-lautzkirchen","tag-pferchtal","tag-tafeltour"],"yoast_head":"<!-- This site is optimized with the Yoast SEO plugin v27.3 - https:\/\/yoast.com\/product\/yoast-seo-wordpress\/ -->\n<title>\u00dcber die Tafeltour von Kirkel nach Lautzkirchen. - Japan, Wandern und Multimedia<\/title>\n<meta name=\"description\" content=\"Die Tafeltour f\u00fchrt \u00fcber\u00a0vertr\u00e4umte Wege durch einen wundersch\u00f6nen Laubwald von Kirkel in Richtung Lautzkirchen.\" \/>\n<meta name=\"robots\" content=\"index, follow, max-snippet:-1, max-image-preview:large, max-video-preview:-1\" \/>\n<link rel=\"canonical\" href=\"https:\/\/www.oliver-kilb.de\/www\/2017\/05\/26\/ueber-die-tafeltour-von-kirkel-nach-lautzkirchen\/\" \/>\n<meta property=\"og:locale\" content=\"de_DE\" \/>\n<meta property=\"og:type\" content=\"article\" \/>\n<meta property=\"og:title\" content=\"\u00dcber die Tafeltour von Kirkel nach Lautzkirchen. - Japan, Wandern und Multimedia\" \/>\n<meta property=\"og:description\" content=\"Die Tafeltour f\u00fchrt \u00fcber\u00a0vertr\u00e4umte Wege durch einen wundersch\u00f6nen Laubwald von Kirkel in Richtung Lautzkirchen.\" \/>\n<meta property=\"og:url\" content=\"https:\/\/www.oliver-kilb.de\/www\/2017\/05\/26\/ueber-die-tafeltour-von-kirkel-nach-lautzkirchen\/\" \/>\n<meta property=\"og:site_name\" content=\"Japan, Wandern und Multimedia\" \/>\n<meta property=\"article:published_time\" content=\"2017-05-26T19:13:00+00:00\" \/>\n<meta property=\"article:modified_time\" content=\"2025-10-02T21:01:56+00:00\" \/>\n<meta property=\"og:image\" content=\"https:\/\/www.oliver-kilb.de\/www\/wp-content\/uploads\/2024\/10\/Kirkel_Wanderung_Tafeltour_2017-05-26_28.jpg\" \/>\n\t<meta property=\"og:image:width\" content=\"1200\" \/>\n\t<meta property=\"og:image:height\" content=\"900\" \/>\n\t<meta property=\"og:image:type\" content=\"image\/jpeg\" \/>\n<meta name=\"author\" content=\"Oliver Kilb\" \/>\n<meta name=\"twitter:card\" content=\"summary_large_image\" \/>\n<meta name=\"twitter:label1\" content=\"Verfasst von\" \/>\n\t<meta name=\"twitter:data1\" content=\"Oliver Kilb\" \/>\n\t<meta name=\"twitter:label2\" content=\"Gesch\u00e4tzte Lesezeit\" \/>\n\t<meta name=\"twitter:data2\" content=\"7\u00a0Minuten\" \/>\n<script type=\"application\/ld+json\" class=\"yoast-schema-graph\">{\"@context\":\"https:\\\/\\\/schema.org\",\"@graph\":[{\"@type\":\"Article\",\"@id\":\"https:\\\/\\\/www.oliver-kilb.de\\\/www\\\/2017\\\/05\\\/26\\\/ueber-die-tafeltour-von-kirkel-nach-lautzkirchen\\\/#article\",\"isPartOf\":{\"@id\":\"https:\\\/\\\/www.oliver-kilb.de\\\/www\\\/2017\\\/05\\\/26\\\/ueber-die-tafeltour-von-kirkel-nach-lautzkirchen\\\/\"},\"author\":{\"name\":\"Oliver Kilb\",\"@id\":\"https:\\\/\\\/www.oliver-kilb.de\\\/www\\\/#\\\/schema\\\/person\\\/c2b19a881050135aa248a8851b7b4250\"},\"headline\":\"\u00dcber die Tafeltour von Kirkel nach Lautzkirchen.\",\"datePublished\":\"2017-05-26T19:13:00+00:00\",\"dateModified\":\"2025-10-02T21:01:56+00:00\",\"mainEntityOfPage\":{\"@id\":\"https:\\\/\\\/www.oliver-kilb.de\\\/www\\\/2017\\\/05\\\/26\\\/ueber-die-tafeltour-von-kirkel-nach-lautzkirchen\\\/\"},\"wordCount\":602,\"commentCount\":0,\"publisher\":{\"@id\":\"https:\\\/\\\/www.oliver-kilb.de\\\/www\\\/#organization\"},\"image\":{\"@id\":\"https:\\\/\\\/www.oliver-kilb.de\\\/www\\\/2017\\\/05\\\/26\\\/ueber-die-tafeltour-von-kirkel-nach-lautzkirchen\\\/#primaryimage\"},\"thumbnailUrl\":\"https:\\\/\\\/www.oliver-kilb.de\\\/www\\\/wp-content\\\/uploads\\\/2024\\\/10\\\/Kirkel_Wanderung_Tafeltour_2017-05-26_28.jpg\",\"keywords\":[\"Kirkel\",\"Lautzkirchen\",\"Pferchtal\",\"Tafeltour\"],\"articleSection\":[\"Blog\",\"Saarland\"],\"inLanguage\":\"de\",\"potentialAction\":[{\"@type\":\"CommentAction\",\"name\":\"Comment\",\"target\":[\"https:\\\/\\\/www.oliver-kilb.de\\\/www\\\/2017\\\/05\\\/26\\\/ueber-die-tafeltour-von-kirkel-nach-lautzkirchen\\\/#respond\"]}]},{\"@type\":\"WebPage\",\"@id\":\"https:\\\/\\\/www.oliver-kilb.de\\\/www\\\/2017\\\/05\\\/26\\\/ueber-die-tafeltour-von-kirkel-nach-lautzkirchen\\\/\",\"url\":\"https:\\\/\\\/www.oliver-kilb.de\\\/www\\\/2017\\\/05\\\/26\\\/ueber-die-tafeltour-von-kirkel-nach-lautzkirchen\\\/\",\"name\":\"\u00dcber die Tafeltour von Kirkel nach Lautzkirchen. - Japan, Wandern und Multimedia\",\"isPartOf\":{\"@id\":\"https:\\\/\\\/www.oliver-kilb.de\\\/www\\\/#website\"},\"primaryImageOfPage\":{\"@id\":\"https:\\\/\\\/www.oliver-kilb.de\\\/www\\\/2017\\\/05\\\/26\\\/ueber-die-tafeltour-von-kirkel-nach-lautzkirchen\\\/#primaryimage\"},\"image\":{\"@id\":\"https:\\\/\\\/www.oliver-kilb.de\\\/www\\\/2017\\\/05\\\/26\\\/ueber-die-tafeltour-von-kirkel-nach-lautzkirchen\\\/#primaryimage\"},\"thumbnailUrl\":\"https:\\\/\\\/www.oliver-kilb.de\\\/www\\\/wp-content\\\/uploads\\\/2024\\\/10\\\/Kirkel_Wanderung_Tafeltour_2017-05-26_28.jpg\",\"datePublished\":\"2017-05-26T19:13:00+00:00\",\"dateModified\":\"2025-10-02T21:01:56+00:00\",\"description\":\"Die Tafeltour f\u00fchrt \u00fcber\u00a0vertr\u00e4umte Wege durch einen wundersch\u00f6nen Laubwald von Kirkel in Richtung Lautzkirchen.\",\"breadcrumb\":{\"@id\":\"https:\\\/\\\/www.oliver-kilb.de\\\/www\\\/2017\\\/05\\\/26\\\/ueber-die-tafeltour-von-kirkel-nach-lautzkirchen\\\/#breadcrumb\"},\"inLanguage\":\"de\",\"potentialAction\":[{\"@type\":\"ReadAction\",\"target\":[\"https:\\\/\\\/www.oliver-kilb.de\\\/www\\\/2017\\\/05\\\/26\\\/ueber-die-tafeltour-von-kirkel-nach-lautzkirchen\\\/\"]}]},{\"@type\":\"ImageObject\",\"inLanguage\":\"de\",\"@id\":\"https:\\\/\\\/www.oliver-kilb.de\\\/www\\\/2017\\\/05\\\/26\\\/ueber-die-tafeltour-von-kirkel-nach-lautzkirchen\\\/#primaryimage\",\"url\":\"https:\\\/\\\/www.oliver-kilb.de\\\/www\\\/wp-content\\\/uploads\\\/2024\\\/10\\\/Kirkel_Wanderung_Tafeltour_2017-05-26_28.jpg\",\"contentUrl\":\"https:\\\/\\\/www.oliver-kilb.de\\\/www\\\/wp-content\\\/uploads\\\/2024\\\/10\\\/Kirkel_Wanderung_Tafeltour_2017-05-26_28.jpg\",\"width\":1200,\"height\":900,\"caption\":\"Die Kirkeler Burg, vom Pferchtal aus.\"},{\"@type\":\"BreadcrumbList\",\"@id\":\"https:\\\/\\\/www.oliver-kilb.de\\\/www\\\/2017\\\/05\\\/26\\\/ueber-die-tafeltour-von-kirkel-nach-lautzkirchen\\\/#breadcrumb\",\"itemListElement\":[{\"@type\":\"ListItem\",\"position\":1,\"name\":\"Startseite\",\"item\":\"https:\\\/\\\/www.oliver-kilb.de\\\/www\\\/\"},{\"@type\":\"ListItem\",\"position\":2,\"name\":\"\u00dcber die Tafeltour von Kirkel nach Lautzkirchen.\"}]},{\"@type\":\"WebSite\",\"@id\":\"https:\\\/\\\/www.oliver-kilb.de\\\/www\\\/#website\",\"url\":\"https:\\\/\\\/www.oliver-kilb.de\\\/www\\\/\",\"name\":\"Japan, Wandern und Multimedia\",\"description\":\"\",\"publisher\":{\"@id\":\"https:\\\/\\\/www.oliver-kilb.de\\\/www\\\/#organization\"},\"potentialAction\":[{\"@type\":\"SearchAction\",\"target\":{\"@type\":\"EntryPoint\",\"urlTemplate\":\"https:\\\/\\\/www.oliver-kilb.de\\\/www\\\/?s={search_term_string}\"},\"query-input\":{\"@type\":\"PropertyValueSpecification\",\"valueRequired\":true,\"valueName\":\"search_term_string\"}}],\"inLanguage\":\"de\"},{\"@type\":\"Organization\",\"@id\":\"https:\\\/\\\/www.oliver-kilb.de\\\/www\\\/#organization\",\"name\":\"Japan, Wandern und Multimedia\",\"url\":\"https:\\\/\\\/www.oliver-kilb.de\\\/www\\\/\",\"logo\":{\"@type\":\"ImageObject\",\"inLanguage\":\"de\",\"@id\":\"https:\\\/\\\/www.oliver-kilb.de\\\/www\\\/#\\\/schema\\\/logo\\\/image\\\/\",\"url\":\"https:\\\/\\\/www.oliver-kilb.de\\\/www\\\/wp-content\\\/uploads\\\/2024\\\/07\\\/Fushimi-Inari-Schrein_075_DxO.jpg\",\"contentUrl\":\"https:\\\/\\\/www.oliver-kilb.de\\\/www\\\/wp-content\\\/uploads\\\/2024\\\/07\\\/Fushimi-Inari-Schrein_075_DxO.jpg\",\"width\":1380,\"height\":301,\"caption\":\"Japan, Wandern und Multimedia\"},\"image\":{\"@id\":\"https:\\\/\\\/www.oliver-kilb.de\\\/www\\\/#\\\/schema\\\/logo\\\/image\\\/\"}},{\"@type\":\"Person\",\"@id\":\"https:\\\/\\\/www.oliver-kilb.de\\\/www\\\/#\\\/schema\\\/person\\\/c2b19a881050135aa248a8851b7b4250\",\"name\":\"Oliver Kilb\",\"image\":{\"@type\":\"ImageObject\",\"inLanguage\":\"de\",\"@id\":\"https:\\\/\\\/secure.gravatar.com\\\/avatar\\\/4da50eb2c6eb71b0641229eed4a38d05c8d4b458a59355cca0d02b57303d6ffd?s=96&d=mm&r=g\",\"url\":\"https:\\\/\\\/secure.gravatar.com\\\/avatar\\\/4da50eb2c6eb71b0641229eed4a38d05c8d4b458a59355cca0d02b57303d6ffd?s=96&d=mm&r=g\",\"contentUrl\":\"https:\\\/\\\/secure.gravatar.com\\\/avatar\\\/4da50eb2c6eb71b0641229eed4a38d05c8d4b458a59355cca0d02b57303d6ffd?s=96&d=mm&r=g\",\"caption\":\"Oliver Kilb\"},\"sameAs\":[\"https:\\\/\\\/www.oliver-kilb.de\\\/www\"],\"url\":\"https:\\\/\\\/www.oliver-kilb.de\\\/www\\\/author\\\/oliver-kilb\\\/\"}]}<\/script>\n<!-- \/ Yoast SEO plugin. -->","yoast_head_json":{"title":"\u00dcber die Tafeltour von Kirkel nach Lautzkirchen. - Japan, Wandern und Multimedia","description":"Die Tafeltour f\u00fchrt \u00fcber\u00a0vertr\u00e4umte Wege durch einen wundersch\u00f6nen Laubwald von Kirkel in Richtung Lautzkirchen.","robots":{"index":"index","follow":"follow","max-snippet":"max-snippet:-1","max-image-preview":"max-image-preview:large","max-video-preview":"max-video-preview:-1"},"canonical":"https:\/\/www.oliver-kilb.de\/www\/2017\/05\/26\/ueber-die-tafeltour-von-kirkel-nach-lautzkirchen\/","og_locale":"de_DE","og_type":"article","og_title":"\u00dcber die Tafeltour von Kirkel nach Lautzkirchen. - Japan, Wandern und Multimedia","og_description":"Die Tafeltour f\u00fchrt \u00fcber\u00a0vertr\u00e4umte Wege durch einen wundersch\u00f6nen Laubwald von Kirkel in Richtung Lautzkirchen.","og_url":"https:\/\/www.oliver-kilb.de\/www\/2017\/05\/26\/ueber-die-tafeltour-von-kirkel-nach-lautzkirchen\/","og_site_name":"Japan, Wandern und Multimedia","article_published_time":"2017-05-26T19:13:00+00:00","article_modified_time":"2025-10-02T21:01:56+00:00","og_image":[{"width":1200,"height":900,"url":"https:\/\/www.oliver-kilb.de\/www\/wp-content\/uploads\/2024\/10\/Kirkel_Wanderung_Tafeltour_2017-05-26_28.jpg","type":"image\/jpeg"}],"author":"Oliver Kilb","twitter_card":"summary_large_image","twitter_misc":{"Verfasst von":"Oliver Kilb","Gesch\u00e4tzte Lesezeit":"7\u00a0Minuten"},"schema":{"@context":"https:\/\/schema.org","@graph":[{"@type":"Article","@id":"https:\/\/www.oliver-kilb.de\/www\/2017\/05\/26\/ueber-die-tafeltour-von-kirkel-nach-lautzkirchen\/#article","isPartOf":{"@id":"https:\/\/www.oliver-kilb.de\/www\/2017\/05\/26\/ueber-die-tafeltour-von-kirkel-nach-lautzkirchen\/"},"author":{"name":"Oliver Kilb","@id":"https:\/\/www.oliver-kilb.de\/www\/#\/schema\/person\/c2b19a881050135aa248a8851b7b4250"},"headline":"\u00dcber die Tafeltour von Kirkel nach Lautzkirchen.","datePublished":"2017-05-26T19:13:00+00:00","dateModified":"2025-10-02T21:01:56+00:00","mainEntityOfPage":{"@id":"https:\/\/www.oliver-kilb.de\/www\/2017\/05\/26\/ueber-die-tafeltour-von-kirkel-nach-lautzkirchen\/"},"wordCount":602,"commentCount":0,"publisher":{"@id":"https:\/\/www.oliver-kilb.de\/www\/#organization"},"image":{"@id":"https:\/\/www.oliver-kilb.de\/www\/2017\/05\/26\/ueber-die-tafeltour-von-kirkel-nach-lautzkirchen\/#primaryimage"},"thumbnailUrl":"https:\/\/www.oliver-kilb.de\/www\/wp-content\/uploads\/2024\/10\/Kirkel_Wanderung_Tafeltour_2017-05-26_28.jpg","keywords":["Kirkel","Lautzkirchen","Pferchtal","Tafeltour"],"articleSection":["Blog","Saarland"],"inLanguage":"de","potentialAction":[{"@type":"CommentAction","name":"Comment","target":["https:\/\/www.oliver-kilb.de\/www\/2017\/05\/26\/ueber-die-tafeltour-von-kirkel-nach-lautzkirchen\/#respond"]}]},{"@type":"WebPage","@id":"https:\/\/www.oliver-kilb.de\/www\/2017\/05\/26\/ueber-die-tafeltour-von-kirkel-nach-lautzkirchen\/","url":"https:\/\/www.oliver-kilb.de\/www\/2017\/05\/26\/ueber-die-tafeltour-von-kirkel-nach-lautzkirchen\/","name":"\u00dcber die Tafeltour von Kirkel nach Lautzkirchen. - Japan, Wandern und Multimedia","isPartOf":{"@id":"https:\/\/www.oliver-kilb.de\/www\/#website"},"primaryImageOfPage":{"@id":"https:\/\/www.oliver-kilb.de\/www\/2017\/05\/26\/ueber-die-tafeltour-von-kirkel-nach-lautzkirchen\/#primaryimage"},"image":{"@id":"https:\/\/www.oliver-kilb.de\/www\/2017\/05\/26\/ueber-die-tafeltour-von-kirkel-nach-lautzkirchen\/#primaryimage"},"thumbnailUrl":"https:\/\/www.oliver-kilb.de\/www\/wp-content\/uploads\/2024\/10\/Kirkel_Wanderung_Tafeltour_2017-05-26_28.jpg","datePublished":"2017-05-26T19:13:00+00:00","dateModified":"2025-10-02T21:01:56+00:00","description":"Die Tafeltour f\u00fchrt \u00fcber\u00a0vertr\u00e4umte Wege durch einen wundersch\u00f6nen Laubwald von Kirkel in Richtung Lautzkirchen.","breadcrumb":{"@id":"https:\/\/www.oliver-kilb.de\/www\/2017\/05\/26\/ueber-die-tafeltour-von-kirkel-nach-lautzkirchen\/#breadcrumb"},"inLanguage":"de","potentialAction":[{"@type":"ReadAction","target":["https:\/\/www.oliver-kilb.de\/www\/2017\/05\/26\/ueber-die-tafeltour-von-kirkel-nach-lautzkirchen\/"]}]},{"@type":"ImageObject","inLanguage":"de","@id":"https:\/\/www.oliver-kilb.de\/www\/2017\/05\/26\/ueber-die-tafeltour-von-kirkel-nach-lautzkirchen\/#primaryimage","url":"https:\/\/www.oliver-kilb.de\/www\/wp-content\/uploads\/2024\/10\/Kirkel_Wanderung_Tafeltour_2017-05-26_28.jpg","contentUrl":"https:\/\/www.oliver-kilb.de\/www\/wp-content\/uploads\/2024\/10\/Kirkel_Wanderung_Tafeltour_2017-05-26_28.jpg","width":1200,"height":900,"caption":"Die Kirkeler Burg, vom Pferchtal aus."},{"@type":"BreadcrumbList","@id":"https:\/\/www.oliver-kilb.de\/www\/2017\/05\/26\/ueber-die-tafeltour-von-kirkel-nach-lautzkirchen\/#breadcrumb","itemListElement":[{"@type":"ListItem","position":1,"name":"Startseite","item":"https:\/\/www.oliver-kilb.de\/www\/"},{"@type":"ListItem","position":2,"name":"\u00dcber die Tafeltour von Kirkel nach Lautzkirchen."}]},{"@type":"WebSite","@id":"https:\/\/www.oliver-kilb.de\/www\/#website","url":"https:\/\/www.oliver-kilb.de\/www\/","name":"Japan, Wandern und Multimedia","description":"","publisher":{"@id":"https:\/\/www.oliver-kilb.de\/www\/#organization"},"potentialAction":[{"@type":"SearchAction","target":{"@type":"EntryPoint","urlTemplate":"https:\/\/www.oliver-kilb.de\/www\/?s={search_term_string}"},"query-input":{"@type":"PropertyValueSpecification","valueRequired":true,"valueName":"search_term_string"}}],"inLanguage":"de"},{"@type":"Organization","@id":"https:\/\/www.oliver-kilb.de\/www\/#organization","name":"Japan, Wandern und Multimedia","url":"https:\/\/www.oliver-kilb.de\/www\/","logo":{"@type":"ImageObject","inLanguage":"de","@id":"https:\/\/www.oliver-kilb.de\/www\/#\/schema\/logo\/image\/","url":"https:\/\/www.oliver-kilb.de\/www\/wp-content\/uploads\/2024\/07\/Fushimi-Inari-Schrein_075_DxO.jpg","contentUrl":"https:\/\/www.oliver-kilb.de\/www\/wp-content\/uploads\/2024\/07\/Fushimi-Inari-Schrein_075_DxO.jpg","width":1380,"height":301,"caption":"Japan, Wandern und Multimedia"},"image":{"@id":"https:\/\/www.oliver-kilb.de\/www\/#\/schema\/logo\/image\/"}},{"@type":"Person","@id":"https:\/\/www.oliver-kilb.de\/www\/#\/schema\/person\/c2b19a881050135aa248a8851b7b4250","name":"Oliver Kilb","image":{"@type":"ImageObject","inLanguage":"de","@id":"https:\/\/secure.gravatar.com\/avatar\/4da50eb2c6eb71b0641229eed4a38d05c8d4b458a59355cca0d02b57303d6ffd?s=96&d=mm&r=g","url":"https:\/\/secure.gravatar.com\/avatar\/4da50eb2c6eb71b0641229eed4a38d05c8d4b458a59355cca0d02b57303d6ffd?s=96&d=mm&r=g","contentUrl":"https:\/\/secure.gravatar.com\/avatar\/4da50eb2c6eb71b0641229eed4a38d05c8d4b458a59355cca0d02b57303d6ffd?s=96&d=mm&r=g","caption":"Oliver Kilb"},"sameAs":["https:\/\/www.oliver-kilb.de\/www"],"url":"https:\/\/www.oliver-kilb.de\/www\/author\/oliver-kilb\/"}]}},"amp_enabled":true,"_links":{"self":[{"href":"https:\/\/www.oliver-kilb.de\/www\/wp-json\/wp\/v2\/posts\/27460","targetHints":{"allow":["GET"]}}],"collection":[{"href":"https:\/\/www.oliver-kilb.de\/www\/wp-json\/wp\/v2\/posts"}],"about":[{"href":"https:\/\/www.oliver-kilb.de\/www\/wp-json\/wp\/v2\/types\/post"}],"author":[{"embeddable":true,"href":"https:\/\/www.oliver-kilb.de\/www\/wp-json\/wp\/v2\/users\/1"}],"replies":[{"embeddable":true,"href":"https:\/\/www.oliver-kilb.de\/www\/wp-json\/wp\/v2\/comments?post=27460"}],"version-history":[{"count":3,"href":"https:\/\/www.oliver-kilb.de\/www\/wp-json\/wp\/v2\/posts\/27460\/revisions"}],"predecessor-version":[{"id":40073,"href":"https:\/\/www.oliver-kilb.de\/www\/wp-json\/wp\/v2\/posts\/27460\/revisions\/40073"}],"wp:featuredmedia":[{"embeddable":true,"href":"https:\/\/www.oliver-kilb.de\/www\/wp-json\/wp\/v2\/media\/27465"}],"wp:attachment":[{"href":"https:\/\/www.oliver-kilb.de\/www\/wp-json\/wp\/v2\/media?parent=27460"}],"wp:term":[{"taxonomy":"category","embeddable":true,"href":"https:\/\/www.oliver-kilb.de\/www\/wp-json\/wp\/v2\/categories?post=27460"},{"taxonomy":"post_tag","embeddable":true,"href":"https:\/\/www.oliver-kilb.de\/www\/wp-json\/wp\/v2\/tags?post=27460"}],"curies":[{"name":"wp","href":"https:\/\/api.w.org\/{rel}","templated":true}]}}