{"id":24913,"date":"2010-10-28T20:43:00","date_gmt":"2010-10-28T18:43:00","guid":{"rendered":"https:\/\/www.oliver-kilb.de\/www\/?p=24913"},"modified":"2024-09-29T21:13:36","modified_gmt":"2024-09-29T19:13:36","slug":"28-10-2010-tag-2-der-meiji-schrein-in-tokyo","status":"publish","type":"post","link":"https:\/\/www.oliver-kilb.de\/www\/2010\/10\/28\/28-10-2010-tag-2-der-meiji-schrein-in-tokyo\/","title":{"rendered":"28.10.2010 (Tag 2): Der Meiji-Schrein in Tokyo."},"content":{"rendered":"\n<p><strong>Zuletzt hatte ich den Meiji-Schrein (\u660e\u6cbb\u795e\u5bae, <em>Meiji-jing\u016b<\/em>) vor knapp 11 Jahren betreten: Am 31.12.1999, zum Millenniums-Wechsel.<\/strong><\/p>\n\n\n\n<h2 class=\"wp-block-heading\">Silvester 1999 &#8211; November 2010<\/h2>\n\n\n<div class=\"wp-block-image\">\n<figure class=\"alignleft size-full is-resized\"><a href=\"https:\/\/www.oliver-kilb.de\/www\/wp-content\/uploads\/2024\/09\/Film-06_11.jpg\"><img loading=\"lazy\" decoding=\"async\" width=\"1200\" height=\"793\" src=\"https:\/\/www.oliver-kilb.de\/www\/wp-content\/uploads\/2024\/09\/Film-06_11.jpg\" alt=\"Neujahr 2000 in Tokyo.\" class=\"wp-image-1693\" style=\"width:300px\" srcset=\"https:\/\/www.oliver-kilb.de\/www\/wp-content\/uploads\/2024\/09\/Film-06_11.jpg 1200w, https:\/\/www.oliver-kilb.de\/www\/wp-content\/uploads\/2024\/09\/Film-06_11-500x330.jpg 500w, https:\/\/www.oliver-kilb.de\/www\/wp-content\/uploads\/2024\/09\/Film-06_11-300x198.jpg 300w, https:\/\/www.oliver-kilb.de\/www\/wp-content\/uploads\/2024\/09\/Film-06_11-768x508.jpg 768w\" sizes=\"auto, (max-width: 1200px) 100vw, 1200px\" \/><\/a><figcaption class=\"wp-element-caption\">Neujahr 2000 in Tokyo.<\/figcaption><\/figure>\n<\/div>\n\n\n<p>Im Meiji-Schrein war ich schon einmal. Damals war es Nacht &#8211; eine ganz besondere Nacht. Zusammen mit unz\u00e4hligen anderen Menschen hatten wir uns in diesem Park versammelt, um den Jahrtausendwechsel von 1999 auf 2000 zu feiern. Handynetze waren \u00fcberlastet, und ein klein wenig unwohl war es uns, ob der <a href=\"https:\/\/de.wikipedia.org\/wiki\/Jahr-2000-Problem\">&#8222;Y2K Bug&#8220;<\/a> eintreten w\u00fcrde oder nicht. Meinen damaligen Bericht <a href=\"https:\/\/www.oliver-kilb.de\/www\/2000\/01\/04\/04-01-2000-silvester-in-%e6%9d%b1%e4%ba%ac-tokyo\/\">kann man immer noch lesen<\/a>. <\/p>\n\n\n\n<p>Nun, der Y2K-Bug trat nicht ein, zumindest nicht so wie bef\u00fcrchtet. Leider war dieses Mal das Wetter nicht ganz so gut &#8211; es regnete in Str\u00f6men&#8230; Dennoch ist es ein beeindruckender Anblick, dieses riesige Tempel- und Waldgel\u00e4nde mitten in Tokyo zu erleben.<\/p>\n\n\n\n<p>Hier ist <a href=\"https:\/\/www.meijijingu.or.jp\/en\/\">die Homepage des Schreins<\/a>.<\/p>\n\n\n\n<figure class=\"wp-block-gallery has-nested-images columns-6 is-cropped wp-block-gallery-1 is-layout-flex wp-block-gallery-is-layout-flex\">\n<figure class=\"wp-block-image size-large\"><img loading=\"lazy\" decoding=\"async\" width=\"1024\" height=\"768\" data-id=\"24924\" src=\"https:\/\/www.oliver-kilb.de\/www\/wp-content\/uploads\/2024\/09\/Meiji_002.jpg\" alt=\"\" class=\"wp-image-24924\" srcset=\"https:\/\/www.oliver-kilb.de\/www\/wp-content\/uploads\/2024\/09\/Meiji_002.jpg 1024w, https:\/\/www.oliver-kilb.de\/www\/wp-content\/uploads\/2024\/09\/Meiji_002-500x375.jpg 500w, https:\/\/www.oliver-kilb.de\/www\/wp-content\/uploads\/2024\/09\/Meiji_002-300x225.jpg 300w, https:\/\/www.oliver-kilb.de\/www\/wp-content\/uploads\/2024\/09\/Meiji_002-768x576.jpg 768w\" sizes=\"auto, (max-width: 1024px) 100vw, 1024px\" \/><\/figure>\n\n\n\n<figure class=\"wp-block-image size-large\"><img loading=\"lazy\" decoding=\"async\" width=\"1024\" height=\"683\" data-id=\"24920\" src=\"https:\/\/www.oliver-kilb.de\/www\/wp-content\/uploads\/2024\/09\/Meiji_004.jpg\" alt=\"\" class=\"wp-image-24920\" srcset=\"https:\/\/www.oliver-kilb.de\/www\/wp-content\/uploads\/2024\/09\/Meiji_004.jpg 1024w, https:\/\/www.oliver-kilb.de\/www\/wp-content\/uploads\/2024\/09\/Meiji_004-500x333.jpg 500w, https:\/\/www.oliver-kilb.de\/www\/wp-content\/uploads\/2024\/09\/Meiji_004-300x200.jpg 300w, https:\/\/www.oliver-kilb.de\/www\/wp-content\/uploads\/2024\/09\/Meiji_004-768x512.jpg 768w\" sizes=\"auto, (max-width: 1024px) 100vw, 1024px\" \/><\/figure>\n\n\n\n<figure class=\"wp-block-image size-large\"><img loading=\"lazy\" decoding=\"async\" width=\"1024\" height=\"683\" data-id=\"24917\" src=\"https:\/\/www.oliver-kilb.de\/www\/wp-content\/uploads\/2024\/09\/Meiji_006.jpg\" alt=\"\" class=\"wp-image-24917\" srcset=\"https:\/\/www.oliver-kilb.de\/www\/wp-content\/uploads\/2024\/09\/Meiji_006.jpg 1024w, https:\/\/www.oliver-kilb.de\/www\/wp-content\/uploads\/2024\/09\/Meiji_006-500x333.jpg 500w, https:\/\/www.oliver-kilb.de\/www\/wp-content\/uploads\/2024\/09\/Meiji_006-300x200.jpg 300w, https:\/\/www.oliver-kilb.de\/www\/wp-content\/uploads\/2024\/09\/Meiji_006-768x512.jpg 768w\" sizes=\"auto, (max-width: 1024px) 100vw, 1024px\" \/><\/figure>\n\n\n\n<figure class=\"wp-block-image size-large\"><img loading=\"lazy\" decoding=\"async\" width=\"1024\" height=\"768\" data-id=\"24923\" src=\"https:\/\/www.oliver-kilb.de\/www\/wp-content\/uploads\/2024\/09\/Meiji_013.jpg\" alt=\"\" class=\"wp-image-24923\" srcset=\"https:\/\/www.oliver-kilb.de\/www\/wp-content\/uploads\/2024\/09\/Meiji_013.jpg 1024w, https:\/\/www.oliver-kilb.de\/www\/wp-content\/uploads\/2024\/09\/Meiji_013-500x375.jpg 500w, https:\/\/www.oliver-kilb.de\/www\/wp-content\/uploads\/2024\/09\/Meiji_013-300x225.jpg 300w, https:\/\/www.oliver-kilb.de\/www\/wp-content\/uploads\/2024\/09\/Meiji_013-768x576.jpg 768w\" sizes=\"auto, (max-width: 1024px) 100vw, 1024px\" \/><\/figure>\n\n\n\n<figure class=\"wp-block-image size-large\"><img loading=\"lazy\" decoding=\"async\" width=\"1024\" height=\"683\" data-id=\"24919\" src=\"https:\/\/www.oliver-kilb.de\/www\/wp-content\/uploads\/2024\/09\/Meiji_017.jpg\" alt=\"\" class=\"wp-image-24919\" srcset=\"https:\/\/www.oliver-kilb.de\/www\/wp-content\/uploads\/2024\/09\/Meiji_017.jpg 1024w, https:\/\/www.oliver-kilb.de\/www\/wp-content\/uploads\/2024\/09\/Meiji_017-500x333.jpg 500w, https:\/\/www.oliver-kilb.de\/www\/wp-content\/uploads\/2024\/09\/Meiji_017-300x200.jpg 300w, https:\/\/www.oliver-kilb.de\/www\/wp-content\/uploads\/2024\/09\/Meiji_017-768x512.jpg 768w\" sizes=\"auto, (max-width: 1024px) 100vw, 1024px\" \/><\/figure>\n\n\n\n<figure class=\"wp-block-image size-large\"><img loading=\"lazy\" decoding=\"async\" width=\"1024\" height=\"683\" data-id=\"24916\" src=\"https:\/\/www.oliver-kilb.de\/www\/wp-content\/uploads\/2024\/09\/Meiji_019.jpg\" alt=\"\" class=\"wp-image-24916\" srcset=\"https:\/\/www.oliver-kilb.de\/www\/wp-content\/uploads\/2024\/09\/Meiji_019.jpg 1024w, https:\/\/www.oliver-kilb.de\/www\/wp-content\/uploads\/2024\/09\/Meiji_019-500x333.jpg 500w, https:\/\/www.oliver-kilb.de\/www\/wp-content\/uploads\/2024\/09\/Meiji_019-300x200.jpg 300w, https:\/\/www.oliver-kilb.de\/www\/wp-content\/uploads\/2024\/09\/Meiji_019-768x512.jpg 768w\" sizes=\"auto, (max-width: 1024px) 100vw, 1024px\" \/><\/figure>\n\n\n\n<figure class=\"wp-block-image size-large\"><img loading=\"lazy\" decoding=\"async\" width=\"1024\" height=\"683\" data-id=\"24922\" src=\"https:\/\/www.oliver-kilb.de\/www\/wp-content\/uploads\/2024\/09\/Meiji_025.jpg\" alt=\"\" class=\"wp-image-24922\" srcset=\"https:\/\/www.oliver-kilb.de\/www\/wp-content\/uploads\/2024\/09\/Meiji_025.jpg 1024w, https:\/\/www.oliver-kilb.de\/www\/wp-content\/uploads\/2024\/09\/Meiji_025-500x333.jpg 500w, https:\/\/www.oliver-kilb.de\/www\/wp-content\/uploads\/2024\/09\/Meiji_025-300x200.jpg 300w, https:\/\/www.oliver-kilb.de\/www\/wp-content\/uploads\/2024\/09\/Meiji_025-768x512.jpg 768w\" sizes=\"auto, (max-width: 1024px) 100vw, 1024px\" \/><\/figure>\n\n\n\n<figure class=\"wp-block-image size-large\"><img loading=\"lazy\" decoding=\"async\" width=\"1024\" height=\"683\" data-id=\"24915\" src=\"https:\/\/www.oliver-kilb.de\/www\/wp-content\/uploads\/2024\/09\/Meiji_026.jpg\" alt=\"\" class=\"wp-image-24915\" srcset=\"https:\/\/www.oliver-kilb.de\/www\/wp-content\/uploads\/2024\/09\/Meiji_026.jpg 1024w, https:\/\/www.oliver-kilb.de\/www\/wp-content\/uploads\/2024\/09\/Meiji_026-500x333.jpg 500w, https:\/\/www.oliver-kilb.de\/www\/wp-content\/uploads\/2024\/09\/Meiji_026-300x200.jpg 300w, https:\/\/www.oliver-kilb.de\/www\/wp-content\/uploads\/2024\/09\/Meiji_026-768x512.jpg 768w\" sizes=\"auto, (max-width: 1024px) 100vw, 1024px\" \/><\/figure>\n\n\n\n<figure class=\"wp-block-image size-large\"><img loading=\"lazy\" decoding=\"async\" width=\"1024\" height=\"683\" data-id=\"24921\" src=\"https:\/\/www.oliver-kilb.de\/www\/wp-content\/uploads\/2024\/09\/Meiji_029.jpg\" alt=\"\" class=\"wp-image-24921\" srcset=\"https:\/\/www.oliver-kilb.de\/www\/wp-content\/uploads\/2024\/09\/Meiji_029.jpg 1024w, https:\/\/www.oliver-kilb.de\/www\/wp-content\/uploads\/2024\/09\/Meiji_029-500x333.jpg 500w, https:\/\/www.oliver-kilb.de\/www\/wp-content\/uploads\/2024\/09\/Meiji_029-300x200.jpg 300w, https:\/\/www.oliver-kilb.de\/www\/wp-content\/uploads\/2024\/09\/Meiji_029-768x512.jpg 768w\" sizes=\"auto, (max-width: 1024px) 100vw, 1024px\" \/><\/figure>\n\n\n\n<figure class=\"wp-block-image size-large\"><img loading=\"lazy\" decoding=\"async\" width=\"1024\" height=\"768\" data-id=\"24918\" src=\"https:\/\/www.oliver-kilb.de\/www\/wp-content\/uploads\/2024\/09\/Meiji_031.jpg\" alt=\"\" class=\"wp-image-24918\" srcset=\"https:\/\/www.oliver-kilb.de\/www\/wp-content\/uploads\/2024\/09\/Meiji_031.jpg 1024w, https:\/\/www.oliver-kilb.de\/www\/wp-content\/uploads\/2024\/09\/Meiji_031-500x375.jpg 500w, https:\/\/www.oliver-kilb.de\/www\/wp-content\/uploads\/2024\/09\/Meiji_031-300x225.jpg 300w, https:\/\/www.oliver-kilb.de\/www\/wp-content\/uploads\/2024\/09\/Meiji_031-768x576.jpg 768w\" sizes=\"auto, (max-width: 1024px) 100vw, 1024px\" \/><\/figure>\n\n\n\n<figure class=\"wp-block-image size-large\"><img loading=\"lazy\" decoding=\"async\" width=\"1024\" height=\"683\" data-id=\"24925\" src=\"https:\/\/www.oliver-kilb.de\/www\/wp-content\/uploads\/2024\/09\/Meiji_032.jpg\" alt=\"\" class=\"wp-image-24925\" srcset=\"https:\/\/www.oliver-kilb.de\/www\/wp-content\/uploads\/2024\/09\/Meiji_032.jpg 1024w, https:\/\/www.oliver-kilb.de\/www\/wp-content\/uploads\/2024\/09\/Meiji_032-500x333.jpg 500w, https:\/\/www.oliver-kilb.de\/www\/wp-content\/uploads\/2024\/09\/Meiji_032-300x200.jpg 300w, https:\/\/www.oliver-kilb.de\/www\/wp-content\/uploads\/2024\/09\/Meiji_032-768x512.jpg 768w\" sizes=\"auto, (max-width: 1024px) 100vw, 1024px\" \/><\/figure>\n<\/figure>\n","protected":false},"excerpt":{"rendered":"<p>Zuletzt hatte ich den Meiji-Schrein (\u660e\u6cbb\u795e\u5bae, Meiji-jing\u016b) vor knapp 11 Jahren betreten: Am 31.12.1999, zum Millenniums-Wechsel. Meinen damaligen Bericht kann man immer noch lesen.<\/p>\n","protected":false},"author":1,"featured_media":24924,"comment_status":"open","ping_status":"open","sticky":false,"template":"","format":"standard","meta":{"iawp_total_views":4,"footnotes":""},"categories":[15,315],"tags":[323,246],"class_list":["post-24913","post","type-post","status-publish","format-standard","has-post-thumbnail","hentry","category-blog","category-japan-reise-2010","tag-meiji-schrein","tag-tokyo"],"yoast_head":"<!-- This site is optimized with the Yoast SEO plugin v27.3 - https:\/\/yoast.com\/product\/yoast-seo-wordpress\/ -->\n<title>28.10.2010 (Tag 2): Der Meiji-Schrein in Tokyo. - Japan, Wandern und Multimedia<\/title>\n<meta name=\"description\" content=\"Zuletzt hatte ich den Meiji-Schrein (\u660e\u6cbb\u795e\u5bae, Meiji-jing\u016b) vor knapp 11 Jahren betreten: Am 31.12.1999, zum Millenniums-Wechsel.\" \/>\n<meta name=\"robots\" content=\"index, follow, max-snippet:-1, max-image-preview:large, max-video-preview:-1\" \/>\n<link rel=\"canonical\" href=\"https:\/\/www.oliver-kilb.de\/www\/2010\/10\/28\/28-10-2010-tag-2-der-meiji-schrein-in-tokyo\/\" \/>\n<meta property=\"og:locale\" content=\"de_DE\" \/>\n<meta property=\"og:type\" content=\"article\" \/>\n<meta property=\"og:title\" content=\"28.10.2010 (Tag 2): Der Meiji-Schrein in Tokyo. - Japan, Wandern und Multimedia\" \/>\n<meta property=\"og:description\" content=\"Zuletzt hatte ich den Meiji-Schrein (\u660e\u6cbb\u795e\u5bae, Meiji-jing\u016b) vor knapp 11 Jahren betreten: Am 31.12.1999, zum Millenniums-Wechsel.\" \/>\n<meta property=\"og:url\" content=\"https:\/\/www.oliver-kilb.de\/www\/2010\/10\/28\/28-10-2010-tag-2-der-meiji-schrein-in-tokyo\/\" \/>\n<meta property=\"og:site_name\" content=\"Japan, Wandern und Multimedia\" \/>\n<meta property=\"article:published_time\" content=\"2010-10-28T18:43:00+00:00\" \/>\n<meta property=\"article:modified_time\" content=\"2024-09-29T19:13:36+00:00\" \/>\n<meta property=\"og:image\" content=\"https:\/\/www.oliver-kilb.de\/www\/wp-content\/uploads\/2024\/09\/Meiji_002.jpg\" \/>\n\t<meta property=\"og:image:width\" content=\"1024\" \/>\n\t<meta property=\"og:image:height\" content=\"768\" \/>\n\t<meta property=\"og:image:type\" content=\"image\/jpeg\" \/>\n<meta name=\"author\" content=\"Oliver Kilb\" \/>\n<meta name=\"twitter:card\" content=\"summary_large_image\" \/>\n<meta name=\"twitter:label1\" content=\"Verfasst von\" \/>\n\t<meta name=\"twitter:data1\" content=\"Oliver Kilb\" \/>\n\t<meta name=\"twitter:label2\" content=\"Gesch\u00e4tzte Lesezeit\" \/>\n\t<meta name=\"twitter:data2\" content=\"4\u00a0Minuten\" \/>\n<script type=\"application\/ld+json\" class=\"yoast-schema-graph\">{\"@context\":\"https:\\\/\\\/schema.org\",\"@graph\":[{\"@type\":\"Article\",\"@id\":\"https:\\\/\\\/www.oliver-kilb.de\\\/www\\\/2010\\\/10\\\/28\\\/28-10-2010-tag-2-der-meiji-schrein-in-tokyo\\\/#article\",\"isPartOf\":{\"@id\":\"https:\\\/\\\/www.oliver-kilb.de\\\/www\\\/2010\\\/10\\\/28\\\/28-10-2010-tag-2-der-meiji-schrein-in-tokyo\\\/\"},\"author\":{\"name\":\"Oliver Kilb\",\"@id\":\"https:\\\/\\\/www.oliver-kilb.de\\\/www\\\/#\\\/schema\\\/person\\\/c2b19a881050135aa248a8851b7b4250\"},\"headline\":\"28.10.2010 (Tag 2): Der Meiji-Schrein in Tokyo.\",\"datePublished\":\"2010-10-28T18:43:00+00:00\",\"dateModified\":\"2024-09-29T19:13:36+00:00\",\"mainEntityOfPage\":{\"@id\":\"https:\\\/\\\/www.oliver-kilb.de\\\/www\\\/2010\\\/10\\\/28\\\/28-10-2010-tag-2-der-meiji-schrein-in-tokyo\\\/\"},\"wordCount\":140,\"commentCount\":0,\"publisher\":{\"@id\":\"https:\\\/\\\/www.oliver-kilb.de\\\/www\\\/#organization\"},\"image\":{\"@id\":\"https:\\\/\\\/www.oliver-kilb.de\\\/www\\\/2010\\\/10\\\/28\\\/28-10-2010-tag-2-der-meiji-schrein-in-tokyo\\\/#primaryimage\"},\"thumbnailUrl\":\"https:\\\/\\\/www.oliver-kilb.de\\\/www\\\/wp-content\\\/uploads\\\/2024\\\/09\\\/Meiji_002.jpg\",\"keywords\":[\"Meiji-Schrein\",\"Tokyo\"],\"articleSection\":[\"Blog\",\"Japan-Reise 2010\"],\"inLanguage\":\"de\",\"potentialAction\":[{\"@type\":\"CommentAction\",\"name\":\"Comment\",\"target\":[\"https:\\\/\\\/www.oliver-kilb.de\\\/www\\\/2010\\\/10\\\/28\\\/28-10-2010-tag-2-der-meiji-schrein-in-tokyo\\\/#respond\"]}]},{\"@type\":\"WebPage\",\"@id\":\"https:\\\/\\\/www.oliver-kilb.de\\\/www\\\/2010\\\/10\\\/28\\\/28-10-2010-tag-2-der-meiji-schrein-in-tokyo\\\/\",\"url\":\"https:\\\/\\\/www.oliver-kilb.de\\\/www\\\/2010\\\/10\\\/28\\\/28-10-2010-tag-2-der-meiji-schrein-in-tokyo\\\/\",\"name\":\"28.10.2010 (Tag 2): Der Meiji-Schrein in Tokyo. - Japan, Wandern und Multimedia\",\"isPartOf\":{\"@id\":\"https:\\\/\\\/www.oliver-kilb.de\\\/www\\\/#website\"},\"primaryImageOfPage\":{\"@id\":\"https:\\\/\\\/www.oliver-kilb.de\\\/www\\\/2010\\\/10\\\/28\\\/28-10-2010-tag-2-der-meiji-schrein-in-tokyo\\\/#primaryimage\"},\"image\":{\"@id\":\"https:\\\/\\\/www.oliver-kilb.de\\\/www\\\/2010\\\/10\\\/28\\\/28-10-2010-tag-2-der-meiji-schrein-in-tokyo\\\/#primaryimage\"},\"thumbnailUrl\":\"https:\\\/\\\/www.oliver-kilb.de\\\/www\\\/wp-content\\\/uploads\\\/2024\\\/09\\\/Meiji_002.jpg\",\"datePublished\":\"2010-10-28T18:43:00+00:00\",\"dateModified\":\"2024-09-29T19:13:36+00:00\",\"description\":\"Zuletzt hatte ich den Meiji-Schrein (\u660e\u6cbb\u795e\u5bae, Meiji-jing\u016b) vor knapp 11 Jahren betreten: Am 31.12.1999, zum Millenniums-Wechsel.\",\"breadcrumb\":{\"@id\":\"https:\\\/\\\/www.oliver-kilb.de\\\/www\\\/2010\\\/10\\\/28\\\/28-10-2010-tag-2-der-meiji-schrein-in-tokyo\\\/#breadcrumb\"},\"inLanguage\":\"de\",\"potentialAction\":[{\"@type\":\"ReadAction\",\"target\":[\"https:\\\/\\\/www.oliver-kilb.de\\\/www\\\/2010\\\/10\\\/28\\\/28-10-2010-tag-2-der-meiji-schrein-in-tokyo\\\/\"]}]},{\"@type\":\"ImageObject\",\"inLanguage\":\"de\",\"@id\":\"https:\\\/\\\/www.oliver-kilb.de\\\/www\\\/2010\\\/10\\\/28\\\/28-10-2010-tag-2-der-meiji-schrein-in-tokyo\\\/#primaryimage\",\"url\":\"https:\\\/\\\/www.oliver-kilb.de\\\/www\\\/wp-content\\\/uploads\\\/2024\\\/09\\\/Meiji_002.jpg\",\"contentUrl\":\"https:\\\/\\\/www.oliver-kilb.de\\\/www\\\/wp-content\\\/uploads\\\/2024\\\/09\\\/Meiji_002.jpg\",\"width\":1024,\"height\":768,\"caption\":\"Beim Meiji-Schrein.\"},{\"@type\":\"BreadcrumbList\",\"@id\":\"https:\\\/\\\/www.oliver-kilb.de\\\/www\\\/2010\\\/10\\\/28\\\/28-10-2010-tag-2-der-meiji-schrein-in-tokyo\\\/#breadcrumb\",\"itemListElement\":[{\"@type\":\"ListItem\",\"position\":1,\"name\":\"Startseite\",\"item\":\"https:\\\/\\\/www.oliver-kilb.de\\\/www\\\/\"},{\"@type\":\"ListItem\",\"position\":2,\"name\":\"28.10.2010 (Tag 2): Der Meiji-Schrein in Tokyo.\"}]},{\"@type\":\"WebSite\",\"@id\":\"https:\\\/\\\/www.oliver-kilb.de\\\/www\\\/#website\",\"url\":\"https:\\\/\\\/www.oliver-kilb.de\\\/www\\\/\",\"name\":\"Japan, Wandern und Multimedia\",\"description\":\"\",\"publisher\":{\"@id\":\"https:\\\/\\\/www.oliver-kilb.de\\\/www\\\/#organization\"},\"potentialAction\":[{\"@type\":\"SearchAction\",\"target\":{\"@type\":\"EntryPoint\",\"urlTemplate\":\"https:\\\/\\\/www.oliver-kilb.de\\\/www\\\/?s={search_term_string}\"},\"query-input\":{\"@type\":\"PropertyValueSpecification\",\"valueRequired\":true,\"valueName\":\"search_term_string\"}}],\"inLanguage\":\"de\"},{\"@type\":\"Organization\",\"@id\":\"https:\\\/\\\/www.oliver-kilb.de\\\/www\\\/#organization\",\"name\":\"Japan, Wandern und Multimedia\",\"url\":\"https:\\\/\\\/www.oliver-kilb.de\\\/www\\\/\",\"logo\":{\"@type\":\"ImageObject\",\"inLanguage\":\"de\",\"@id\":\"https:\\\/\\\/www.oliver-kilb.de\\\/www\\\/#\\\/schema\\\/logo\\\/image\\\/\",\"url\":\"https:\\\/\\\/www.oliver-kilb.de\\\/www\\\/wp-content\\\/uploads\\\/2024\\\/07\\\/Fushimi-Inari-Schrein_075_DxO.jpg\",\"contentUrl\":\"https:\\\/\\\/www.oliver-kilb.de\\\/www\\\/wp-content\\\/uploads\\\/2024\\\/07\\\/Fushimi-Inari-Schrein_075_DxO.jpg\",\"width\":1380,\"height\":301,\"caption\":\"Japan, Wandern und Multimedia\"},\"image\":{\"@id\":\"https:\\\/\\\/www.oliver-kilb.de\\\/www\\\/#\\\/schema\\\/logo\\\/image\\\/\"}},{\"@type\":\"Person\",\"@id\":\"https:\\\/\\\/www.oliver-kilb.de\\\/www\\\/#\\\/schema\\\/person\\\/c2b19a881050135aa248a8851b7b4250\",\"name\":\"Oliver Kilb\",\"image\":{\"@type\":\"ImageObject\",\"inLanguage\":\"de\",\"@id\":\"https:\\\/\\\/secure.gravatar.com\\\/avatar\\\/4da50eb2c6eb71b0641229eed4a38d05c8d4b458a59355cca0d02b57303d6ffd?s=96&d=mm&r=g\",\"url\":\"https:\\\/\\\/secure.gravatar.com\\\/avatar\\\/4da50eb2c6eb71b0641229eed4a38d05c8d4b458a59355cca0d02b57303d6ffd?s=96&d=mm&r=g\",\"contentUrl\":\"https:\\\/\\\/secure.gravatar.com\\\/avatar\\\/4da50eb2c6eb71b0641229eed4a38d05c8d4b458a59355cca0d02b57303d6ffd?s=96&d=mm&r=g\",\"caption\":\"Oliver Kilb\"},\"sameAs\":[\"https:\\\/\\\/www.oliver-kilb.de\\\/www\"],\"url\":\"https:\\\/\\\/www.oliver-kilb.de\\\/www\\\/author\\\/oliver-kilb\\\/\"}]}<\/script>\n<!-- \/ Yoast SEO plugin. -->","yoast_head_json":{"title":"28.10.2010 (Tag 2): Der Meiji-Schrein in Tokyo. - Japan, Wandern und Multimedia","description":"Zuletzt hatte ich den Meiji-Schrein (\u660e\u6cbb\u795e\u5bae, Meiji-jing\u016b) vor knapp 11 Jahren betreten: Am 31.12.1999, zum Millenniums-Wechsel.","robots":{"index":"index","follow":"follow","max-snippet":"max-snippet:-1","max-image-preview":"max-image-preview:large","max-video-preview":"max-video-preview:-1"},"canonical":"https:\/\/www.oliver-kilb.de\/www\/2010\/10\/28\/28-10-2010-tag-2-der-meiji-schrein-in-tokyo\/","og_locale":"de_DE","og_type":"article","og_title":"28.10.2010 (Tag 2): Der Meiji-Schrein in Tokyo. - Japan, Wandern und Multimedia","og_description":"Zuletzt hatte ich den Meiji-Schrein (\u660e\u6cbb\u795e\u5bae, Meiji-jing\u016b) vor knapp 11 Jahren betreten: Am 31.12.1999, zum Millenniums-Wechsel.","og_url":"https:\/\/www.oliver-kilb.de\/www\/2010\/10\/28\/28-10-2010-tag-2-der-meiji-schrein-in-tokyo\/","og_site_name":"Japan, Wandern und Multimedia","article_published_time":"2010-10-28T18:43:00+00:00","article_modified_time":"2024-09-29T19:13:36+00:00","og_image":[{"width":1024,"height":768,"url":"https:\/\/www.oliver-kilb.de\/www\/wp-content\/uploads\/2024\/09\/Meiji_002.jpg","type":"image\/jpeg"}],"author":"Oliver Kilb","twitter_card":"summary_large_image","twitter_misc":{"Verfasst von":"Oliver Kilb","Gesch\u00e4tzte Lesezeit":"4\u00a0Minuten"},"schema":{"@context":"https:\/\/schema.org","@graph":[{"@type":"Article","@id":"https:\/\/www.oliver-kilb.de\/www\/2010\/10\/28\/28-10-2010-tag-2-der-meiji-schrein-in-tokyo\/#article","isPartOf":{"@id":"https:\/\/www.oliver-kilb.de\/www\/2010\/10\/28\/28-10-2010-tag-2-der-meiji-schrein-in-tokyo\/"},"author":{"name":"Oliver Kilb","@id":"https:\/\/www.oliver-kilb.de\/www\/#\/schema\/person\/c2b19a881050135aa248a8851b7b4250"},"headline":"28.10.2010 (Tag 2): Der Meiji-Schrein in Tokyo.","datePublished":"2010-10-28T18:43:00+00:00","dateModified":"2024-09-29T19:13:36+00:00","mainEntityOfPage":{"@id":"https:\/\/www.oliver-kilb.de\/www\/2010\/10\/28\/28-10-2010-tag-2-der-meiji-schrein-in-tokyo\/"},"wordCount":140,"commentCount":0,"publisher":{"@id":"https:\/\/www.oliver-kilb.de\/www\/#organization"},"image":{"@id":"https:\/\/www.oliver-kilb.de\/www\/2010\/10\/28\/28-10-2010-tag-2-der-meiji-schrein-in-tokyo\/#primaryimage"},"thumbnailUrl":"https:\/\/www.oliver-kilb.de\/www\/wp-content\/uploads\/2024\/09\/Meiji_002.jpg","keywords":["Meiji-Schrein","Tokyo"],"articleSection":["Blog","Japan-Reise 2010"],"inLanguage":"de","potentialAction":[{"@type":"CommentAction","name":"Comment","target":["https:\/\/www.oliver-kilb.de\/www\/2010\/10\/28\/28-10-2010-tag-2-der-meiji-schrein-in-tokyo\/#respond"]}]},{"@type":"WebPage","@id":"https:\/\/www.oliver-kilb.de\/www\/2010\/10\/28\/28-10-2010-tag-2-der-meiji-schrein-in-tokyo\/","url":"https:\/\/www.oliver-kilb.de\/www\/2010\/10\/28\/28-10-2010-tag-2-der-meiji-schrein-in-tokyo\/","name":"28.10.2010 (Tag 2): Der Meiji-Schrein in Tokyo. - Japan, Wandern und Multimedia","isPartOf":{"@id":"https:\/\/www.oliver-kilb.de\/www\/#website"},"primaryImageOfPage":{"@id":"https:\/\/www.oliver-kilb.de\/www\/2010\/10\/28\/28-10-2010-tag-2-der-meiji-schrein-in-tokyo\/#primaryimage"},"image":{"@id":"https:\/\/www.oliver-kilb.de\/www\/2010\/10\/28\/28-10-2010-tag-2-der-meiji-schrein-in-tokyo\/#primaryimage"},"thumbnailUrl":"https:\/\/www.oliver-kilb.de\/www\/wp-content\/uploads\/2024\/09\/Meiji_002.jpg","datePublished":"2010-10-28T18:43:00+00:00","dateModified":"2024-09-29T19:13:36+00:00","description":"Zuletzt hatte ich den Meiji-Schrein (\u660e\u6cbb\u795e\u5bae, Meiji-jing\u016b) vor knapp 11 Jahren betreten: Am 31.12.1999, zum Millenniums-Wechsel.","breadcrumb":{"@id":"https:\/\/www.oliver-kilb.de\/www\/2010\/10\/28\/28-10-2010-tag-2-der-meiji-schrein-in-tokyo\/#breadcrumb"},"inLanguage":"de","potentialAction":[{"@type":"ReadAction","target":["https:\/\/www.oliver-kilb.de\/www\/2010\/10\/28\/28-10-2010-tag-2-der-meiji-schrein-in-tokyo\/"]}]},{"@type":"ImageObject","inLanguage":"de","@id":"https:\/\/www.oliver-kilb.de\/www\/2010\/10\/28\/28-10-2010-tag-2-der-meiji-schrein-in-tokyo\/#primaryimage","url":"https:\/\/www.oliver-kilb.de\/www\/wp-content\/uploads\/2024\/09\/Meiji_002.jpg","contentUrl":"https:\/\/www.oliver-kilb.de\/www\/wp-content\/uploads\/2024\/09\/Meiji_002.jpg","width":1024,"height":768,"caption":"Beim Meiji-Schrein."},{"@type":"BreadcrumbList","@id":"https:\/\/www.oliver-kilb.de\/www\/2010\/10\/28\/28-10-2010-tag-2-der-meiji-schrein-in-tokyo\/#breadcrumb","itemListElement":[{"@type":"ListItem","position":1,"name":"Startseite","item":"https:\/\/www.oliver-kilb.de\/www\/"},{"@type":"ListItem","position":2,"name":"28.10.2010 (Tag 2): Der Meiji-Schrein in Tokyo."}]},{"@type":"WebSite","@id":"https:\/\/www.oliver-kilb.de\/www\/#website","url":"https:\/\/www.oliver-kilb.de\/www\/","name":"Japan, Wandern und Multimedia","description":"","publisher":{"@id":"https:\/\/www.oliver-kilb.de\/www\/#organization"},"potentialAction":[{"@type":"SearchAction","target":{"@type":"EntryPoint","urlTemplate":"https:\/\/www.oliver-kilb.de\/www\/?s={search_term_string}"},"query-input":{"@type":"PropertyValueSpecification","valueRequired":true,"valueName":"search_term_string"}}],"inLanguage":"de"},{"@type":"Organization","@id":"https:\/\/www.oliver-kilb.de\/www\/#organization","name":"Japan, Wandern und Multimedia","url":"https:\/\/www.oliver-kilb.de\/www\/","logo":{"@type":"ImageObject","inLanguage":"de","@id":"https:\/\/www.oliver-kilb.de\/www\/#\/schema\/logo\/image\/","url":"https:\/\/www.oliver-kilb.de\/www\/wp-content\/uploads\/2024\/07\/Fushimi-Inari-Schrein_075_DxO.jpg","contentUrl":"https:\/\/www.oliver-kilb.de\/www\/wp-content\/uploads\/2024\/07\/Fushimi-Inari-Schrein_075_DxO.jpg","width":1380,"height":301,"caption":"Japan, Wandern und Multimedia"},"image":{"@id":"https:\/\/www.oliver-kilb.de\/www\/#\/schema\/logo\/image\/"}},{"@type":"Person","@id":"https:\/\/www.oliver-kilb.de\/www\/#\/schema\/person\/c2b19a881050135aa248a8851b7b4250","name":"Oliver Kilb","image":{"@type":"ImageObject","inLanguage":"de","@id":"https:\/\/secure.gravatar.com\/avatar\/4da50eb2c6eb71b0641229eed4a38d05c8d4b458a59355cca0d02b57303d6ffd?s=96&d=mm&r=g","url":"https:\/\/secure.gravatar.com\/avatar\/4da50eb2c6eb71b0641229eed4a38d05c8d4b458a59355cca0d02b57303d6ffd?s=96&d=mm&r=g","contentUrl":"https:\/\/secure.gravatar.com\/avatar\/4da50eb2c6eb71b0641229eed4a38d05c8d4b458a59355cca0d02b57303d6ffd?s=96&d=mm&r=g","caption":"Oliver Kilb"},"sameAs":["https:\/\/www.oliver-kilb.de\/www"],"url":"https:\/\/www.oliver-kilb.de\/www\/author\/oliver-kilb\/"}]}},"amp_enabled":true,"_links":{"self":[{"href":"https:\/\/www.oliver-kilb.de\/www\/wp-json\/wp\/v2\/posts\/24913","targetHints":{"allow":["GET"]}}],"collection":[{"href":"https:\/\/www.oliver-kilb.de\/www\/wp-json\/wp\/v2\/posts"}],"about":[{"href":"https:\/\/www.oliver-kilb.de\/www\/wp-json\/wp\/v2\/types\/post"}],"author":[{"embeddable":true,"href":"https:\/\/www.oliver-kilb.de\/www\/wp-json\/wp\/v2\/users\/1"}],"replies":[{"embeddable":true,"href":"https:\/\/www.oliver-kilb.de\/www\/wp-json\/wp\/v2\/comments?post=24913"}],"version-history":[{"count":3,"href":"https:\/\/www.oliver-kilb.de\/www\/wp-json\/wp\/v2\/posts\/24913\/revisions"}],"predecessor-version":[{"id":24929,"href":"https:\/\/www.oliver-kilb.de\/www\/wp-json\/wp\/v2\/posts\/24913\/revisions\/24929"}],"wp:featuredmedia":[{"embeddable":true,"href":"https:\/\/www.oliver-kilb.de\/www\/wp-json\/wp\/v2\/media\/24924"}],"wp:attachment":[{"href":"https:\/\/www.oliver-kilb.de\/www\/wp-json\/wp\/v2\/media?parent=24913"}],"wp:term":[{"taxonomy":"category","embeddable":true,"href":"https:\/\/www.oliver-kilb.de\/www\/wp-json\/wp\/v2\/categories?post=24913"},{"taxonomy":"post_tag","embeddable":true,"href":"https:\/\/www.oliver-kilb.de\/www\/wp-json\/wp\/v2\/tags?post=24913"}],"curies":[{"name":"wp","href":"https:\/\/api.w.org\/{rel}","templated":true}]}}