{"id":24857,"date":"2010-10-25T00:00:00","date_gmt":"2010-10-24T22:00:00","guid":{"rendered":"https:\/\/www.oliver-kilb.de\/www\/?p=24857"},"modified":"2024-10-27T10:32:42","modified_gmt":"2024-10-27T09:32:42","slug":"japan-reise-2010-prolog","status":"publish","type":"post","link":"https:\/\/www.oliver-kilb.de\/www\/2010\/10\/25\/japan-reise-2010-prolog\/","title":{"rendered":"Japan-Reise 2010: Prolog."},"content":{"rendered":"\n<p><strong>Was im Jahr 2009 so sch\u00f6n war, macht im Jahr 2010 bestimmt noch viel mehr Spa\u00df! Auf nach Japan im Herbst!<\/strong><\/p>\n\n\n\n<h2 class=\"wp-block-heading\">Von der Kirschbl\u00fcte zum roten Ahorn.<\/h2>\n\n\n<div class=\"wp-block-image\">\n<figure class=\"alignleft size-full is-resized\"><a href=\"https:\/\/www.oliver-kilb.de\/www\/wp-content\/uploads\/2010\/10\/Essen_2010-10-28_001.jpg\"><img loading=\"lazy\" decoding=\"async\" width=\"1024\" height=\"683\" src=\"https:\/\/www.oliver-kilb.de\/www\/wp-content\/uploads\/2010\/10\/Essen_2010-10-28_001.jpg\" alt=\"\" class=\"wp-image-24860\" style=\"width:300px\" srcset=\"https:\/\/www.oliver-kilb.de\/www\/wp-content\/uploads\/2010\/10\/Essen_2010-10-28_001.jpg 1024w, https:\/\/www.oliver-kilb.de\/www\/wp-content\/uploads\/2010\/10\/Essen_2010-10-28_001-500x333.jpg 500w, https:\/\/www.oliver-kilb.de\/www\/wp-content\/uploads\/2010\/10\/Essen_2010-10-28_001-300x200.jpg 300w, https:\/\/www.oliver-kilb.de\/www\/wp-content\/uploads\/2010\/10\/Essen_2010-10-28_001-768x512.jpg 768w\" sizes=\"auto, (max-width: 1024px) 100vw, 1024px\" \/><\/a><figcaption class=\"wp-element-caption\">Sushi<\/figcaption><\/figure>\n<\/div>\n\n\n<p>18 Monate sind seit der letzten Reise vergangen&#8230; Nachdem wir im Jahr 2009 die Kirschbl\u00fcten des Fr\u00fchjahrs genie\u00dfen durften, wollten wir in diesem Jahr den Herbst bestaunen.<\/p>\n\n\n\n<p>Die Rotf\u00e4rbung des Ahorns ist nicht ganz so gut zu planen wie die Kirschbl\u00fctenzeit. Daher waren wir leider ein wenig zu fr\u00fch dran, um schon ein total knalliges Rot vorzufinden, aber man konnte es schon gut erahnen.<\/p>\n\n\n<div class=\"wp-block-image\">\n<figure class=\"alignright size-full is-resized\"><a href=\"https:\/\/www.oliver-kilb.de\/www\/wp-content\/uploads\/2010\/10\/Heian-Schrein_336.jpg\"><img loading=\"lazy\" decoding=\"async\" width=\"900\" height=\"600\" src=\"https:\/\/www.oliver-kilb.de\/www\/wp-content\/uploads\/2010\/10\/Heian-Schrein_336.jpg\" alt=\"\" class=\"wp-image-24861\" style=\"width:300px\" srcset=\"https:\/\/www.oliver-kilb.de\/www\/wp-content\/uploads\/2010\/10\/Heian-Schrein_336.jpg 900w, https:\/\/www.oliver-kilb.de\/www\/wp-content\/uploads\/2010\/10\/Heian-Schrein_336-500x333.jpg 500w, https:\/\/www.oliver-kilb.de\/www\/wp-content\/uploads\/2010\/10\/Heian-Schrein_336-300x200.jpg 300w, https:\/\/www.oliver-kilb.de\/www\/wp-content\/uploads\/2010\/10\/Heian-Schrein_336-768x512.jpg 768w\" sizes=\"auto, (max-width: 900px) 100vw, 900px\" \/><\/a><figcaption class=\"wp-element-caption\">Kimonos und Dave \ud83d\ude42<\/figcaption><\/figure>\n<\/div>\n\n\n<p>Die letzte Japan-Reise f\u00fchrte uns durch das halbe Land, von Tokyo \u00fcber Kyoto nach Kumamoto und zur\u00fcck &#8211; dieses Jahr haben wir uns auf zwei Stationen beschr\u00e4nkt: Tokyo und Kyoto. Mein Reisetagebuch von 2009 hatte ich auf Tage ausgelegt. Das m\u00f6chte ich heuer \u00e4ndern: Es wird einen Eintrag pro Tag und &#8222;gro\u00dfem&#8220; Ereignis geben.<\/p>\n\n\n\n<p>Die Eintr\u00e4ge werden in den kommenden Tagen und Wochen nach und nach freigeschaltet werden&nbsp;&#8211; viel Spa\u00df!<\/p>\n\n\n\n<p>P.S.: Bitte beachtet, dass die Beitr\u00e4ge auf mehrere Seiten aufgeteilt wurden (siehe Links \u00fcber diesem Artikel).<\/p>\n","protected":false},"excerpt":{"rendered":"<p>Was im Jahr 2009 so sch\u00f6n war, macht im Jahr 2010 bestimmt noch viel mehr Spa\u00df! Auf nach Japan im Herbst! Von der Kirschbl\u00fcte zum roten Ahorn. 18 Monate sind seit der letzten Reise&#46;&#46;&#46;<\/p>\n","protected":false},"author":1,"featured_media":24860,"comment_status":"open","ping_status":"open","sticky":false,"template":"","format":"standard","meta":{"iawp_total_views":3,"footnotes":""},"categories":[15,315],"tags":[57],"class_list":["post-24857","post","type-post","status-publish","format-standard","has-post-thumbnail","hentry","category-blog","category-japan-reise-2010","tag-japan"],"yoast_head":"<!-- This site is optimized with the Yoast SEO plugin v27.3 - https:\/\/yoast.com\/product\/yoast-seo-wordpress\/ -->\n<title>Japan-Reise 2010: Prolog. - Japan, Wandern und Multimedia<\/title>\n<meta name=\"description\" content=\"Was im Jahr 2009 so sch\u00f6n war, macht im Jahr 2010 bestimmt noch viel mehr Spa\u00df! Auf nach Japan im Herbst, zum roten Ahorn!\" \/>\n<meta name=\"robots\" content=\"index, follow, max-snippet:-1, max-image-preview:large, max-video-preview:-1\" \/>\n<link rel=\"canonical\" href=\"https:\/\/www.oliver-kilb.de\/www\/2010\/10\/25\/japan-reise-2010-prolog\/\" \/>\n<meta property=\"og:locale\" content=\"de_DE\" \/>\n<meta property=\"og:type\" content=\"article\" \/>\n<meta property=\"og:title\" content=\"Japan-Reise 2010: Prolog. - Japan, Wandern und Multimedia\" \/>\n<meta property=\"og:description\" content=\"Was im Jahr 2009 so sch\u00f6n war, macht im Jahr 2010 bestimmt noch viel mehr Spa\u00df! Auf nach Japan im Herbst, zum roten Ahorn!\" \/>\n<meta property=\"og:url\" content=\"https:\/\/www.oliver-kilb.de\/www\/2010\/10\/25\/japan-reise-2010-prolog\/\" \/>\n<meta property=\"og:site_name\" content=\"Japan, Wandern und Multimedia\" \/>\n<meta property=\"article:published_time\" content=\"2010-10-24T22:00:00+00:00\" \/>\n<meta property=\"article:modified_time\" content=\"2024-10-27T09:32:42+00:00\" \/>\n<meta property=\"og:image\" content=\"https:\/\/www.oliver-kilb.de\/www\/wp-content\/uploads\/2010\/10\/Essen_2010-10-28_001.jpg\" \/>\n\t<meta property=\"og:image:width\" content=\"1024\" \/>\n\t<meta property=\"og:image:height\" content=\"683\" \/>\n\t<meta property=\"og:image:type\" content=\"image\/jpeg\" \/>\n<meta name=\"author\" content=\"Oliver Kilb\" \/>\n<meta name=\"twitter:card\" content=\"summary_large_image\" \/>\n<meta name=\"twitter:label1\" content=\"Verfasst von\" \/>\n\t<meta name=\"twitter:data1\" content=\"Oliver Kilb\" \/>\n\t<meta name=\"twitter:label2\" content=\"Gesch\u00e4tzte Lesezeit\" \/>\n\t<meta name=\"twitter:data2\" content=\"2\u00a0Minuten\" \/>\n<script type=\"application\/ld+json\" class=\"yoast-schema-graph\">{\"@context\":\"https:\\\/\\\/schema.org\",\"@graph\":[{\"@type\":\"Article\",\"@id\":\"https:\\\/\\\/www.oliver-kilb.de\\\/www\\\/2010\\\/10\\\/25\\\/japan-reise-2010-prolog\\\/#article\",\"isPartOf\":{\"@id\":\"https:\\\/\\\/www.oliver-kilb.de\\\/www\\\/2010\\\/10\\\/25\\\/japan-reise-2010-prolog\\\/\"},\"author\":{\"name\":\"Oliver Kilb\",\"@id\":\"https:\\\/\\\/www.oliver-kilb.de\\\/www\\\/#\\\/schema\\\/person\\\/c2b19a881050135aa248a8851b7b4250\"},\"headline\":\"Japan-Reise 2010: Prolog.\",\"datePublished\":\"2010-10-24T22:00:00+00:00\",\"dateModified\":\"2024-10-27T09:32:42+00:00\",\"mainEntityOfPage\":{\"@id\":\"https:\\\/\\\/www.oliver-kilb.de\\\/www\\\/2010\\\/10\\\/25\\\/japan-reise-2010-prolog\\\/\"},\"wordCount\":196,\"commentCount\":0,\"publisher\":{\"@id\":\"https:\\\/\\\/www.oliver-kilb.de\\\/www\\\/#organization\"},\"image\":{\"@id\":\"https:\\\/\\\/www.oliver-kilb.de\\\/www\\\/2010\\\/10\\\/25\\\/japan-reise-2010-prolog\\\/#primaryimage\"},\"thumbnailUrl\":\"https:\\\/\\\/www.oliver-kilb.de\\\/www\\\/wp-content\\\/uploads\\\/2010\\\/10\\\/Essen_2010-10-28_001.jpg\",\"keywords\":[\"Japan\"],\"articleSection\":[\"Blog\",\"Japan-Reise 2010\"],\"inLanguage\":\"de\",\"potentialAction\":[{\"@type\":\"CommentAction\",\"name\":\"Comment\",\"target\":[\"https:\\\/\\\/www.oliver-kilb.de\\\/www\\\/2010\\\/10\\\/25\\\/japan-reise-2010-prolog\\\/#respond\"]}]},{\"@type\":\"WebPage\",\"@id\":\"https:\\\/\\\/www.oliver-kilb.de\\\/www\\\/2010\\\/10\\\/25\\\/japan-reise-2010-prolog\\\/\",\"url\":\"https:\\\/\\\/www.oliver-kilb.de\\\/www\\\/2010\\\/10\\\/25\\\/japan-reise-2010-prolog\\\/\",\"name\":\"Japan-Reise 2010: Prolog. - Japan, Wandern und Multimedia\",\"isPartOf\":{\"@id\":\"https:\\\/\\\/www.oliver-kilb.de\\\/www\\\/#website\"},\"primaryImageOfPage\":{\"@id\":\"https:\\\/\\\/www.oliver-kilb.de\\\/www\\\/2010\\\/10\\\/25\\\/japan-reise-2010-prolog\\\/#primaryimage\"},\"image\":{\"@id\":\"https:\\\/\\\/www.oliver-kilb.de\\\/www\\\/2010\\\/10\\\/25\\\/japan-reise-2010-prolog\\\/#primaryimage\"},\"thumbnailUrl\":\"https:\\\/\\\/www.oliver-kilb.de\\\/www\\\/wp-content\\\/uploads\\\/2010\\\/10\\\/Essen_2010-10-28_001.jpg\",\"datePublished\":\"2010-10-24T22:00:00+00:00\",\"dateModified\":\"2024-10-27T09:32:42+00:00\",\"description\":\"Was im Jahr 2009 so sch\u00f6n war, macht im Jahr 2010 bestimmt noch viel mehr Spa\u00df! Auf nach Japan im Herbst, zum roten Ahorn!\",\"breadcrumb\":{\"@id\":\"https:\\\/\\\/www.oliver-kilb.de\\\/www\\\/2010\\\/10\\\/25\\\/japan-reise-2010-prolog\\\/#breadcrumb\"},\"inLanguage\":\"de\",\"potentialAction\":[{\"@type\":\"ReadAction\",\"target\":[\"https:\\\/\\\/www.oliver-kilb.de\\\/www\\\/2010\\\/10\\\/25\\\/japan-reise-2010-prolog\\\/\"]}]},{\"@type\":\"ImageObject\",\"inLanguage\":\"de\",\"@id\":\"https:\\\/\\\/www.oliver-kilb.de\\\/www\\\/2010\\\/10\\\/25\\\/japan-reise-2010-prolog\\\/#primaryimage\",\"url\":\"https:\\\/\\\/www.oliver-kilb.de\\\/www\\\/wp-content\\\/uploads\\\/2010\\\/10\\\/Essen_2010-10-28_001.jpg\",\"contentUrl\":\"https:\\\/\\\/www.oliver-kilb.de\\\/www\\\/wp-content\\\/uploads\\\/2010\\\/10\\\/Essen_2010-10-28_001.jpg\",\"width\":1024,\"height\":683,\"caption\":\"Sushi.\"},{\"@type\":\"BreadcrumbList\",\"@id\":\"https:\\\/\\\/www.oliver-kilb.de\\\/www\\\/2010\\\/10\\\/25\\\/japan-reise-2010-prolog\\\/#breadcrumb\",\"itemListElement\":[{\"@type\":\"ListItem\",\"position\":1,\"name\":\"Startseite\",\"item\":\"https:\\\/\\\/www.oliver-kilb.de\\\/www\\\/\"},{\"@type\":\"ListItem\",\"position\":2,\"name\":\"Japan-Reise 2010: Prolog.\"}]},{\"@type\":\"WebSite\",\"@id\":\"https:\\\/\\\/www.oliver-kilb.de\\\/www\\\/#website\",\"url\":\"https:\\\/\\\/www.oliver-kilb.de\\\/www\\\/\",\"name\":\"Japan, Wandern und Multimedia\",\"description\":\"\",\"publisher\":{\"@id\":\"https:\\\/\\\/www.oliver-kilb.de\\\/www\\\/#organization\"},\"potentialAction\":[{\"@type\":\"SearchAction\",\"target\":{\"@type\":\"EntryPoint\",\"urlTemplate\":\"https:\\\/\\\/www.oliver-kilb.de\\\/www\\\/?s={search_term_string}\"},\"query-input\":{\"@type\":\"PropertyValueSpecification\",\"valueRequired\":true,\"valueName\":\"search_term_string\"}}],\"inLanguage\":\"de\"},{\"@type\":\"Organization\",\"@id\":\"https:\\\/\\\/www.oliver-kilb.de\\\/www\\\/#organization\",\"name\":\"Japan, Wandern und Multimedia\",\"url\":\"https:\\\/\\\/www.oliver-kilb.de\\\/www\\\/\",\"logo\":{\"@type\":\"ImageObject\",\"inLanguage\":\"de\",\"@id\":\"https:\\\/\\\/www.oliver-kilb.de\\\/www\\\/#\\\/schema\\\/logo\\\/image\\\/\",\"url\":\"https:\\\/\\\/www.oliver-kilb.de\\\/www\\\/wp-content\\\/uploads\\\/2024\\\/07\\\/Fushimi-Inari-Schrein_075_DxO.jpg\",\"contentUrl\":\"https:\\\/\\\/www.oliver-kilb.de\\\/www\\\/wp-content\\\/uploads\\\/2024\\\/07\\\/Fushimi-Inari-Schrein_075_DxO.jpg\",\"width\":1380,\"height\":301,\"caption\":\"Japan, Wandern und Multimedia\"},\"image\":{\"@id\":\"https:\\\/\\\/www.oliver-kilb.de\\\/www\\\/#\\\/schema\\\/logo\\\/image\\\/\"}},{\"@type\":\"Person\",\"@id\":\"https:\\\/\\\/www.oliver-kilb.de\\\/www\\\/#\\\/schema\\\/person\\\/c2b19a881050135aa248a8851b7b4250\",\"name\":\"Oliver Kilb\",\"image\":{\"@type\":\"ImageObject\",\"inLanguage\":\"de\",\"@id\":\"https:\\\/\\\/secure.gravatar.com\\\/avatar\\\/4da50eb2c6eb71b0641229eed4a38d05c8d4b458a59355cca0d02b57303d6ffd?s=96&d=mm&r=g\",\"url\":\"https:\\\/\\\/secure.gravatar.com\\\/avatar\\\/4da50eb2c6eb71b0641229eed4a38d05c8d4b458a59355cca0d02b57303d6ffd?s=96&d=mm&r=g\",\"contentUrl\":\"https:\\\/\\\/secure.gravatar.com\\\/avatar\\\/4da50eb2c6eb71b0641229eed4a38d05c8d4b458a59355cca0d02b57303d6ffd?s=96&d=mm&r=g\",\"caption\":\"Oliver Kilb\"},\"sameAs\":[\"https:\\\/\\\/www.oliver-kilb.de\\\/www\"],\"url\":\"https:\\\/\\\/www.oliver-kilb.de\\\/www\\\/author\\\/oliver-kilb\\\/\"}]}<\/script>\n<!-- \/ Yoast SEO plugin. -->","yoast_head_json":{"title":"Japan-Reise 2010: Prolog. - Japan, Wandern und Multimedia","description":"Was im Jahr 2009 so sch\u00f6n war, macht im Jahr 2010 bestimmt noch viel mehr Spa\u00df! Auf nach Japan im Herbst, zum roten Ahorn!","robots":{"index":"index","follow":"follow","max-snippet":"max-snippet:-1","max-image-preview":"max-image-preview:large","max-video-preview":"max-video-preview:-1"},"canonical":"https:\/\/www.oliver-kilb.de\/www\/2010\/10\/25\/japan-reise-2010-prolog\/","og_locale":"de_DE","og_type":"article","og_title":"Japan-Reise 2010: Prolog. - Japan, Wandern und Multimedia","og_description":"Was im Jahr 2009 so sch\u00f6n war, macht im Jahr 2010 bestimmt noch viel mehr Spa\u00df! Auf nach Japan im Herbst, zum roten Ahorn!","og_url":"https:\/\/www.oliver-kilb.de\/www\/2010\/10\/25\/japan-reise-2010-prolog\/","og_site_name":"Japan, Wandern und Multimedia","article_published_time":"2010-10-24T22:00:00+00:00","article_modified_time":"2024-10-27T09:32:42+00:00","og_image":[{"width":1024,"height":683,"url":"https:\/\/www.oliver-kilb.de\/www\/wp-content\/uploads\/2010\/10\/Essen_2010-10-28_001.jpg","type":"image\/jpeg"}],"author":"Oliver Kilb","twitter_card":"summary_large_image","twitter_misc":{"Verfasst von":"Oliver Kilb","Gesch\u00e4tzte Lesezeit":"2\u00a0Minuten"},"schema":{"@context":"https:\/\/schema.org","@graph":[{"@type":"Article","@id":"https:\/\/www.oliver-kilb.de\/www\/2010\/10\/25\/japan-reise-2010-prolog\/#article","isPartOf":{"@id":"https:\/\/www.oliver-kilb.de\/www\/2010\/10\/25\/japan-reise-2010-prolog\/"},"author":{"name":"Oliver Kilb","@id":"https:\/\/www.oliver-kilb.de\/www\/#\/schema\/person\/c2b19a881050135aa248a8851b7b4250"},"headline":"Japan-Reise 2010: Prolog.","datePublished":"2010-10-24T22:00:00+00:00","dateModified":"2024-10-27T09:32:42+00:00","mainEntityOfPage":{"@id":"https:\/\/www.oliver-kilb.de\/www\/2010\/10\/25\/japan-reise-2010-prolog\/"},"wordCount":196,"commentCount":0,"publisher":{"@id":"https:\/\/www.oliver-kilb.de\/www\/#organization"},"image":{"@id":"https:\/\/www.oliver-kilb.de\/www\/2010\/10\/25\/japan-reise-2010-prolog\/#primaryimage"},"thumbnailUrl":"https:\/\/www.oliver-kilb.de\/www\/wp-content\/uploads\/2010\/10\/Essen_2010-10-28_001.jpg","keywords":["Japan"],"articleSection":["Blog","Japan-Reise 2010"],"inLanguage":"de","potentialAction":[{"@type":"CommentAction","name":"Comment","target":["https:\/\/www.oliver-kilb.de\/www\/2010\/10\/25\/japan-reise-2010-prolog\/#respond"]}]},{"@type":"WebPage","@id":"https:\/\/www.oliver-kilb.de\/www\/2010\/10\/25\/japan-reise-2010-prolog\/","url":"https:\/\/www.oliver-kilb.de\/www\/2010\/10\/25\/japan-reise-2010-prolog\/","name":"Japan-Reise 2010: Prolog. - Japan, Wandern und Multimedia","isPartOf":{"@id":"https:\/\/www.oliver-kilb.de\/www\/#website"},"primaryImageOfPage":{"@id":"https:\/\/www.oliver-kilb.de\/www\/2010\/10\/25\/japan-reise-2010-prolog\/#primaryimage"},"image":{"@id":"https:\/\/www.oliver-kilb.de\/www\/2010\/10\/25\/japan-reise-2010-prolog\/#primaryimage"},"thumbnailUrl":"https:\/\/www.oliver-kilb.de\/www\/wp-content\/uploads\/2010\/10\/Essen_2010-10-28_001.jpg","datePublished":"2010-10-24T22:00:00+00:00","dateModified":"2024-10-27T09:32:42+00:00","description":"Was im Jahr 2009 so sch\u00f6n war, macht im Jahr 2010 bestimmt noch viel mehr Spa\u00df! Auf nach Japan im Herbst, zum roten Ahorn!","breadcrumb":{"@id":"https:\/\/www.oliver-kilb.de\/www\/2010\/10\/25\/japan-reise-2010-prolog\/#breadcrumb"},"inLanguage":"de","potentialAction":[{"@type":"ReadAction","target":["https:\/\/www.oliver-kilb.de\/www\/2010\/10\/25\/japan-reise-2010-prolog\/"]}]},{"@type":"ImageObject","inLanguage":"de","@id":"https:\/\/www.oliver-kilb.de\/www\/2010\/10\/25\/japan-reise-2010-prolog\/#primaryimage","url":"https:\/\/www.oliver-kilb.de\/www\/wp-content\/uploads\/2010\/10\/Essen_2010-10-28_001.jpg","contentUrl":"https:\/\/www.oliver-kilb.de\/www\/wp-content\/uploads\/2010\/10\/Essen_2010-10-28_001.jpg","width":1024,"height":683,"caption":"Sushi."},{"@type":"BreadcrumbList","@id":"https:\/\/www.oliver-kilb.de\/www\/2010\/10\/25\/japan-reise-2010-prolog\/#breadcrumb","itemListElement":[{"@type":"ListItem","position":1,"name":"Startseite","item":"https:\/\/www.oliver-kilb.de\/www\/"},{"@type":"ListItem","position":2,"name":"Japan-Reise 2010: Prolog."}]},{"@type":"WebSite","@id":"https:\/\/www.oliver-kilb.de\/www\/#website","url":"https:\/\/www.oliver-kilb.de\/www\/","name":"Japan, Wandern und Multimedia","description":"","publisher":{"@id":"https:\/\/www.oliver-kilb.de\/www\/#organization"},"potentialAction":[{"@type":"SearchAction","target":{"@type":"EntryPoint","urlTemplate":"https:\/\/www.oliver-kilb.de\/www\/?s={search_term_string}"},"query-input":{"@type":"PropertyValueSpecification","valueRequired":true,"valueName":"search_term_string"}}],"inLanguage":"de"},{"@type":"Organization","@id":"https:\/\/www.oliver-kilb.de\/www\/#organization","name":"Japan, Wandern und Multimedia","url":"https:\/\/www.oliver-kilb.de\/www\/","logo":{"@type":"ImageObject","inLanguage":"de","@id":"https:\/\/www.oliver-kilb.de\/www\/#\/schema\/logo\/image\/","url":"https:\/\/www.oliver-kilb.de\/www\/wp-content\/uploads\/2024\/07\/Fushimi-Inari-Schrein_075_DxO.jpg","contentUrl":"https:\/\/www.oliver-kilb.de\/www\/wp-content\/uploads\/2024\/07\/Fushimi-Inari-Schrein_075_DxO.jpg","width":1380,"height":301,"caption":"Japan, Wandern und Multimedia"},"image":{"@id":"https:\/\/www.oliver-kilb.de\/www\/#\/schema\/logo\/image\/"}},{"@type":"Person","@id":"https:\/\/www.oliver-kilb.de\/www\/#\/schema\/person\/c2b19a881050135aa248a8851b7b4250","name":"Oliver Kilb","image":{"@type":"ImageObject","inLanguage":"de","@id":"https:\/\/secure.gravatar.com\/avatar\/4da50eb2c6eb71b0641229eed4a38d05c8d4b458a59355cca0d02b57303d6ffd?s=96&d=mm&r=g","url":"https:\/\/secure.gravatar.com\/avatar\/4da50eb2c6eb71b0641229eed4a38d05c8d4b458a59355cca0d02b57303d6ffd?s=96&d=mm&r=g","contentUrl":"https:\/\/secure.gravatar.com\/avatar\/4da50eb2c6eb71b0641229eed4a38d05c8d4b458a59355cca0d02b57303d6ffd?s=96&d=mm&r=g","caption":"Oliver Kilb"},"sameAs":["https:\/\/www.oliver-kilb.de\/www"],"url":"https:\/\/www.oliver-kilb.de\/www\/author\/oliver-kilb\/"}]}},"amp_enabled":true,"_links":{"self":[{"href":"https:\/\/www.oliver-kilb.de\/www\/wp-json\/wp\/v2\/posts\/24857","targetHints":{"allow":["GET"]}}],"collection":[{"href":"https:\/\/www.oliver-kilb.de\/www\/wp-json\/wp\/v2\/posts"}],"about":[{"href":"https:\/\/www.oliver-kilb.de\/www\/wp-json\/wp\/v2\/types\/post"}],"author":[{"embeddable":true,"href":"https:\/\/www.oliver-kilb.de\/www\/wp-json\/wp\/v2\/users\/1"}],"replies":[{"embeddable":true,"href":"https:\/\/www.oliver-kilb.de\/www\/wp-json\/wp\/v2\/comments?post=24857"}],"version-history":[{"count":2,"href":"https:\/\/www.oliver-kilb.de\/www\/wp-json\/wp\/v2\/posts\/24857\/revisions"}],"predecessor-version":[{"id":24862,"href":"https:\/\/www.oliver-kilb.de\/www\/wp-json\/wp\/v2\/posts\/24857\/revisions\/24862"}],"wp:featuredmedia":[{"embeddable":true,"href":"https:\/\/www.oliver-kilb.de\/www\/wp-json\/wp\/v2\/media\/24860"}],"wp:attachment":[{"href":"https:\/\/www.oliver-kilb.de\/www\/wp-json\/wp\/v2\/media?parent=24857"}],"wp:term":[{"taxonomy":"category","embeddable":true,"href":"https:\/\/www.oliver-kilb.de\/www\/wp-json\/wp\/v2\/categories?post=24857"},{"taxonomy":"post_tag","embeddable":true,"href":"https:\/\/www.oliver-kilb.de\/www\/wp-json\/wp\/v2\/tags?post=24857"}],"curies":[{"name":"wp","href":"https:\/\/api.w.org\/{rel}","templated":true}]}}