{"id":23962,"date":"2024-09-19T00:00:00","date_gmt":"2024-09-18T22:00:00","guid":{"rendered":"https:\/\/www.oliver-kilb.de\/www\/?p=23962"},"modified":"2025-08-02T21:36:43","modified_gmt":"2025-08-02T19:36:43","slug":"zur-sesvennahuette-2-256m-im-vinschgau","status":"publish","type":"post","link":"https:\/\/www.oliver-kilb.de\/www\/2024\/09\/19\/zur-sesvennahuette-2-256m-im-vinschgau\/","title":{"rendered":"Zur Sesvennah\u00fctte (2.256m) im Vinschgau."},"content":{"rendered":"\n<p><strong>Die Sesvennah\u00fctte liegt nahe der Alten Pforzheimer H\u00fctte und ich gleichzeitig Ziel und Ausgangspunkt vieler sch\u00f6ner Touren im hochalpinen Gel\u00e4nde.<\/strong><\/p>\n\n\n\n<h2 class=\"wp-block-heading\">Von der Schlinger Alm zur Sesvennah\u00fctte.<\/h2>\n\n\n<div class=\"wp-block-image\">\n<figure class=\"alignleft size-full is-resized\"><a href=\"https:\/\/www.oliver-kilb.de\/www\/wp-content\/uploads\/2024\/09\/2024-09-19_Sesvenna_iPhone_060.jpg\"><img loading=\"lazy\" decoding=\"async\" width=\"2048\" height=\"1536\" src=\"https:\/\/www.oliver-kilb.de\/www\/wp-content\/uploads\/2024\/09\/2024-09-19_Sesvenna_iPhone_060.jpg\" alt=\"\" class=\"wp-image-23965\" style=\"width:300px\" srcset=\"https:\/\/www.oliver-kilb.de\/www\/wp-content\/uploads\/2024\/09\/2024-09-19_Sesvenna_iPhone_060.jpg 2048w, https:\/\/www.oliver-kilb.de\/www\/wp-content\/uploads\/2024\/09\/2024-09-19_Sesvenna_iPhone_060-500x375.jpg 500w, https:\/\/www.oliver-kilb.de\/www\/wp-content\/uploads\/2024\/09\/2024-09-19_Sesvenna_iPhone_060-300x225.jpg 300w, https:\/\/www.oliver-kilb.de\/www\/wp-content\/uploads\/2024\/09\/2024-09-19_Sesvenna_iPhone_060-768x576.jpg 768w, https:\/\/www.oliver-kilb.de\/www\/wp-content\/uploads\/2024\/09\/2024-09-19_Sesvenna_iPhone_060-1536x1152.jpg 1536w\" sizes=\"auto, (max-width: 2048px) 100vw, 2048px\" \/><\/a><figcaption class=\"wp-element-caption\">Idyllisch gelegen: Die Sesvennah\u00fctte.<\/figcaption><\/figure>\n<\/div>\n\n\n<p>Zur Sesvennah\u00fctte nahe der Schweizer Grenze f\u00fchren viele Wege, auch mit dem Mountainbike ist sie gut erreichbar. Von der Schweiz aus kann man \u00fcber die <a href=\"https:\/\/de.wikipedia.org\/wiki\/Val_d%E2%80%99Uina\">Uina-Schlucht<\/a> aufsteigen, und von Schlinig aus \u00fcber <a href=\"https:\/\/www.oliver-kilb.de\/www\/2024\/09\/15\/zur-schliniger-alm-1-868m\/\">die Schliniger Alm<\/a> (etwas mehr als 2 Stunden von Schlinig aus). Eine weitere Alternative ist der H\u00f6henweg ab der <a href=\"https:\/\/www.vinschgau.net\/de\/obervinschgau\/aktivurlaub\/ski-erlebnisberg-watles\/skigebiet-watles\/121147627-plantapatschhuette.html\">Plantapatschh\u00fctte<\/a> (2.150m), die man von Pr\u00e4majur aus mit dem Sessellift bequem erreichen kann und dann einen sch\u00f6nen langen H\u00f6henweg bis zum Ziel geht.<\/p>\n\n\n\n<p>Kurz hinter der Schliniger Alm hat man die Wahl: Entweder man bleibt auf dem Forstweg, oder man biegt auf den rechts abgehenden kleinen Wanderweg ab, der ab da bis kurz vorm Schwarzwand-Wasserfall oberhalb und etwas abseits verl\u00e4uft. Der Weg bis zur H\u00fctte ist nicht steil, mit einer kurzen Ausnahme direkt am Wasserfall. Der Grat, der rechterhand des Schliniger Bachs abgeht, f\u00fchrt direkt zum ebenfalls von der Sesvennah\u00fctte aus erreichbaren F\u00f6llakopf (2.878m).<\/p>\n\n\n\n<p>Wenn man den Wasserfall hinter sich hat, \u00f6ffnet sich das Tal wieder und man ist nur noch wenige Minuten vom Ziel erreicht, das man nun auch immer vor Augen hat.<\/p>\n\n\n\n<figure class=\"wp-block-gallery has-nested-images columns-8 is-cropped wp-block-gallery-1 is-layout-flex wp-block-gallery-is-layout-flex\">\n<figure class=\"wp-block-image size-large\"><img loading=\"lazy\" decoding=\"async\" width=\"2048\" height=\"1536\" data-id=\"23969\" src=\"https:\/\/www.oliver-kilb.de\/www\/wp-content\/uploads\/2024\/09\/2024-09-19_Sesvenna_iPhone_002.jpg\" alt=\"\" class=\"wp-image-23969\" srcset=\"https:\/\/www.oliver-kilb.de\/www\/wp-content\/uploads\/2024\/09\/2024-09-19_Sesvenna_iPhone_002.jpg 2048w, https:\/\/www.oliver-kilb.de\/www\/wp-content\/uploads\/2024\/09\/2024-09-19_Sesvenna_iPhone_002-500x375.jpg 500w, https:\/\/www.oliver-kilb.de\/www\/wp-content\/uploads\/2024\/09\/2024-09-19_Sesvenna_iPhone_002-300x225.jpg 300w, https:\/\/www.oliver-kilb.de\/www\/wp-content\/uploads\/2024\/09\/2024-09-19_Sesvenna_iPhone_002-768x576.jpg 768w, https:\/\/www.oliver-kilb.de\/www\/wp-content\/uploads\/2024\/09\/2024-09-19_Sesvenna_iPhone_002-1536x1152.jpg 1536w\" sizes=\"auto, (max-width: 2048px) 100vw, 2048px\" \/><\/figure>\n\n\n\n<figure class=\"wp-block-image size-large\"><img loading=\"lazy\" decoding=\"async\" width=\"2048\" height=\"1536\" data-id=\"23966\" src=\"https:\/\/www.oliver-kilb.de\/www\/wp-content\/uploads\/2024\/09\/2024-09-19_Sesvenna_iPhone_003.jpg\" alt=\"\" class=\"wp-image-23966\" srcset=\"https:\/\/www.oliver-kilb.de\/www\/wp-content\/uploads\/2024\/09\/2024-09-19_Sesvenna_iPhone_003.jpg 2048w, https:\/\/www.oliver-kilb.de\/www\/wp-content\/uploads\/2024\/09\/2024-09-19_Sesvenna_iPhone_003-500x375.jpg 500w, https:\/\/www.oliver-kilb.de\/www\/wp-content\/uploads\/2024\/09\/2024-09-19_Sesvenna_iPhone_003-300x225.jpg 300w, https:\/\/www.oliver-kilb.de\/www\/wp-content\/uploads\/2024\/09\/2024-09-19_Sesvenna_iPhone_003-768x576.jpg 768w, https:\/\/www.oliver-kilb.de\/www\/wp-content\/uploads\/2024\/09\/2024-09-19_Sesvenna_iPhone_003-1536x1152.jpg 1536w\" sizes=\"auto, (max-width: 2048px) 100vw, 2048px\" \/><\/figure>\n\n\n\n<figure class=\"wp-block-image size-large\"><img loading=\"lazy\" decoding=\"async\" width=\"2048\" height=\"1536\" data-id=\"23975\" src=\"https:\/\/www.oliver-kilb.de\/www\/wp-content\/uploads\/2024\/09\/2024-09-19_Sesvenna_iPhone_013.jpg\" alt=\"\" class=\"wp-image-23975\" srcset=\"https:\/\/www.oliver-kilb.de\/www\/wp-content\/uploads\/2024\/09\/2024-09-19_Sesvenna_iPhone_013.jpg 2048w, https:\/\/www.oliver-kilb.de\/www\/wp-content\/uploads\/2024\/09\/2024-09-19_Sesvenna_iPhone_013-500x375.jpg 500w, https:\/\/www.oliver-kilb.de\/www\/wp-content\/uploads\/2024\/09\/2024-09-19_Sesvenna_iPhone_013-300x225.jpg 300w, https:\/\/www.oliver-kilb.de\/www\/wp-content\/uploads\/2024\/09\/2024-09-19_Sesvenna_iPhone_013-768x576.jpg 768w, https:\/\/www.oliver-kilb.de\/www\/wp-content\/uploads\/2024\/09\/2024-09-19_Sesvenna_iPhone_013-1536x1152.jpg 1536w\" sizes=\"auto, (max-width: 2048px) 100vw, 2048px\" \/><\/figure>\n\n\n\n<figure class=\"wp-block-image size-large\"><img loading=\"lazy\" decoding=\"async\" width=\"2048\" height=\"1536\" data-id=\"23982\" src=\"https:\/\/www.oliver-kilb.de\/www\/wp-content\/uploads\/2024\/09\/2024-09-19_Sesvenna_iPhone_017.jpg\" alt=\"\" class=\"wp-image-23982\" srcset=\"https:\/\/www.oliver-kilb.de\/www\/wp-content\/uploads\/2024\/09\/2024-09-19_Sesvenna_iPhone_017.jpg 2048w, https:\/\/www.oliver-kilb.de\/www\/wp-content\/uploads\/2024\/09\/2024-09-19_Sesvenna_iPhone_017-500x375.jpg 500w, https:\/\/www.oliver-kilb.de\/www\/wp-content\/uploads\/2024\/09\/2024-09-19_Sesvenna_iPhone_017-300x225.jpg 300w, https:\/\/www.oliver-kilb.de\/www\/wp-content\/uploads\/2024\/09\/2024-09-19_Sesvenna_iPhone_017-768x576.jpg 768w, https:\/\/www.oliver-kilb.de\/www\/wp-content\/uploads\/2024\/09\/2024-09-19_Sesvenna_iPhone_017-1536x1152.jpg 1536w\" sizes=\"auto, (max-width: 2048px) 100vw, 2048px\" \/><\/figure>\n\n\n\n<figure class=\"wp-block-image size-large\"><img loading=\"lazy\" decoding=\"async\" width=\"2048\" height=\"1536\" data-id=\"23971\" src=\"https:\/\/www.oliver-kilb.de\/www\/wp-content\/uploads\/2024\/09\/2024-09-19_Sesvenna_iPhone_027.jpg\" alt=\"\" class=\"wp-image-23971\" srcset=\"https:\/\/www.oliver-kilb.de\/www\/wp-content\/uploads\/2024\/09\/2024-09-19_Sesvenna_iPhone_027.jpg 2048w, https:\/\/www.oliver-kilb.de\/www\/wp-content\/uploads\/2024\/09\/2024-09-19_Sesvenna_iPhone_027-500x375.jpg 500w, https:\/\/www.oliver-kilb.de\/www\/wp-content\/uploads\/2024\/09\/2024-09-19_Sesvenna_iPhone_027-300x225.jpg 300w, https:\/\/www.oliver-kilb.de\/www\/wp-content\/uploads\/2024\/09\/2024-09-19_Sesvenna_iPhone_027-768x576.jpg 768w, https:\/\/www.oliver-kilb.de\/www\/wp-content\/uploads\/2024\/09\/2024-09-19_Sesvenna_iPhone_027-1536x1152.jpg 1536w\" sizes=\"auto, (max-width: 2048px) 100vw, 2048px\" \/><\/figure>\n\n\n\n<figure class=\"wp-block-image size-large\"><img loading=\"lazy\" decoding=\"async\" width=\"2048\" height=\"1536\" data-id=\"23979\" src=\"https:\/\/www.oliver-kilb.de\/www\/wp-content\/uploads\/2024\/09\/2024-09-19_Sesvenna_iPhone_031.jpg\" alt=\"\" class=\"wp-image-23979\" srcset=\"https:\/\/www.oliver-kilb.de\/www\/wp-content\/uploads\/2024\/09\/2024-09-19_Sesvenna_iPhone_031.jpg 2048w, https:\/\/www.oliver-kilb.de\/www\/wp-content\/uploads\/2024\/09\/2024-09-19_Sesvenna_iPhone_031-500x375.jpg 500w, https:\/\/www.oliver-kilb.de\/www\/wp-content\/uploads\/2024\/09\/2024-09-19_Sesvenna_iPhone_031-300x225.jpg 300w, https:\/\/www.oliver-kilb.de\/www\/wp-content\/uploads\/2024\/09\/2024-09-19_Sesvenna_iPhone_031-768x576.jpg 768w, https:\/\/www.oliver-kilb.de\/www\/wp-content\/uploads\/2024\/09\/2024-09-19_Sesvenna_iPhone_031-1536x1152.jpg 1536w\" sizes=\"auto, (max-width: 2048px) 100vw, 2048px\" \/><\/figure>\n\n\n\n<figure class=\"wp-block-image size-large\"><img loading=\"lazy\" decoding=\"async\" width=\"2048\" height=\"1365\" data-id=\"23987\" src=\"https:\/\/www.oliver-kilb.de\/www\/wp-content\/uploads\/2024\/09\/2024-09-19_Sesvenna_002.jpg\" alt=\"\" class=\"wp-image-23987\" srcset=\"https:\/\/www.oliver-kilb.de\/www\/wp-content\/uploads\/2024\/09\/2024-09-19_Sesvenna_002.jpg 2048w, https:\/\/www.oliver-kilb.de\/www\/wp-content\/uploads\/2024\/09\/2024-09-19_Sesvenna_002-500x333.jpg 500w, https:\/\/www.oliver-kilb.de\/www\/wp-content\/uploads\/2024\/09\/2024-09-19_Sesvenna_002-300x200.jpg 300w, https:\/\/www.oliver-kilb.de\/www\/wp-content\/uploads\/2024\/09\/2024-09-19_Sesvenna_002-768x512.jpg 768w, https:\/\/www.oliver-kilb.de\/www\/wp-content\/uploads\/2024\/09\/2024-09-19_Sesvenna_002-1536x1024.jpg 1536w\" sizes=\"auto, (max-width: 2048px) 100vw, 2048px\" \/><\/figure>\n\n\n\n<figure class=\"wp-block-image size-large\"><img loading=\"lazy\" decoding=\"async\" width=\"2048\" height=\"1365\" data-id=\"23985\" src=\"https:\/\/www.oliver-kilb.de\/www\/wp-content\/uploads\/2024\/09\/2024-09-19_Sesvenna_009.jpg\" alt=\"\" class=\"wp-image-23985\" srcset=\"https:\/\/www.oliver-kilb.de\/www\/wp-content\/uploads\/2024\/09\/2024-09-19_Sesvenna_009.jpg 2048w, https:\/\/www.oliver-kilb.de\/www\/wp-content\/uploads\/2024\/09\/2024-09-19_Sesvenna_009-500x333.jpg 500w, https:\/\/www.oliver-kilb.de\/www\/wp-content\/uploads\/2024\/09\/2024-09-19_Sesvenna_009-300x200.jpg 300w, https:\/\/www.oliver-kilb.de\/www\/wp-content\/uploads\/2024\/09\/2024-09-19_Sesvenna_009-768x512.jpg 768w, https:\/\/www.oliver-kilb.de\/www\/wp-content\/uploads\/2024\/09\/2024-09-19_Sesvenna_009-1536x1024.jpg 1536w\" sizes=\"auto, (max-width: 2048px) 100vw, 2048px\" \/><\/figure>\n\n\n\n<figure class=\"wp-block-image size-large\"><img loading=\"lazy\" decoding=\"async\" width=\"2048\" height=\"1536\" data-id=\"23976\" src=\"https:\/\/www.oliver-kilb.de\/www\/wp-content\/uploads\/2024\/09\/2024-09-19_Sesvenna_iPhone_035.jpg\" alt=\"\" class=\"wp-image-23976\" srcset=\"https:\/\/www.oliver-kilb.de\/www\/wp-content\/uploads\/2024\/09\/2024-09-19_Sesvenna_iPhone_035.jpg 2048w, https:\/\/www.oliver-kilb.de\/www\/wp-content\/uploads\/2024\/09\/2024-09-19_Sesvenna_iPhone_035-500x375.jpg 500w, https:\/\/www.oliver-kilb.de\/www\/wp-content\/uploads\/2024\/09\/2024-09-19_Sesvenna_iPhone_035-300x225.jpg 300w, https:\/\/www.oliver-kilb.de\/www\/wp-content\/uploads\/2024\/09\/2024-09-19_Sesvenna_iPhone_035-768x576.jpg 768w, https:\/\/www.oliver-kilb.de\/www\/wp-content\/uploads\/2024\/09\/2024-09-19_Sesvenna_iPhone_035-1536x1152.jpg 1536w\" sizes=\"auto, (max-width: 2048px) 100vw, 2048px\" \/><\/figure>\n\n\n\n<figure class=\"wp-block-image size-large\"><img loading=\"lazy\" decoding=\"async\" width=\"2048\" height=\"1536\" data-id=\"23978\" src=\"https:\/\/www.oliver-kilb.de\/www\/wp-content\/uploads\/2024\/09\/2024-09-19_Sesvenna_iPhone_036.jpg\" alt=\"\" class=\"wp-image-23978\" srcset=\"https:\/\/www.oliver-kilb.de\/www\/wp-content\/uploads\/2024\/09\/2024-09-19_Sesvenna_iPhone_036.jpg 2048w, https:\/\/www.oliver-kilb.de\/www\/wp-content\/uploads\/2024\/09\/2024-09-19_Sesvenna_iPhone_036-500x375.jpg 500w, https:\/\/www.oliver-kilb.de\/www\/wp-content\/uploads\/2024\/09\/2024-09-19_Sesvenna_iPhone_036-300x225.jpg 300w, https:\/\/www.oliver-kilb.de\/www\/wp-content\/uploads\/2024\/09\/2024-09-19_Sesvenna_iPhone_036-768x576.jpg 768w, https:\/\/www.oliver-kilb.de\/www\/wp-content\/uploads\/2024\/09\/2024-09-19_Sesvenna_iPhone_036-1536x1152.jpg 1536w\" sizes=\"auto, (max-width: 2048px) 100vw, 2048px\" \/><\/figure>\n\n\n\n<figure class=\"wp-block-image size-large\"><img loading=\"lazy\" decoding=\"async\" width=\"2048\" height=\"1536\" data-id=\"23974\" src=\"https:\/\/www.oliver-kilb.de\/www\/wp-content\/uploads\/2024\/09\/2024-09-19_Sesvenna_iPhone_038.jpg\" alt=\"\" class=\"wp-image-23974\" srcset=\"https:\/\/www.oliver-kilb.de\/www\/wp-content\/uploads\/2024\/09\/2024-09-19_Sesvenna_iPhone_038.jpg 2048w, https:\/\/www.oliver-kilb.de\/www\/wp-content\/uploads\/2024\/09\/2024-09-19_Sesvenna_iPhone_038-500x375.jpg 500w, https:\/\/www.oliver-kilb.de\/www\/wp-content\/uploads\/2024\/09\/2024-09-19_Sesvenna_iPhone_038-300x225.jpg 300w, https:\/\/www.oliver-kilb.de\/www\/wp-content\/uploads\/2024\/09\/2024-09-19_Sesvenna_iPhone_038-768x576.jpg 768w, https:\/\/www.oliver-kilb.de\/www\/wp-content\/uploads\/2024\/09\/2024-09-19_Sesvenna_iPhone_038-1536x1152.jpg 1536w\" sizes=\"auto, (max-width: 2048px) 100vw, 2048px\" \/><\/figure>\n\n\n\n<figure class=\"wp-block-image size-large\"><img loading=\"lazy\" decoding=\"async\" width=\"2048\" height=\"1536\" data-id=\"23981\" src=\"https:\/\/www.oliver-kilb.de\/www\/wp-content\/uploads\/2024\/09\/2024-09-19_Sesvenna_iPhone_041.jpg\" alt=\"\" class=\"wp-image-23981\" srcset=\"https:\/\/www.oliver-kilb.de\/www\/wp-content\/uploads\/2024\/09\/2024-09-19_Sesvenna_iPhone_041.jpg 2048w, https:\/\/www.oliver-kilb.de\/www\/wp-content\/uploads\/2024\/09\/2024-09-19_Sesvenna_iPhone_041-500x375.jpg 500w, https:\/\/www.oliver-kilb.de\/www\/wp-content\/uploads\/2024\/09\/2024-09-19_Sesvenna_iPhone_041-300x225.jpg 300w, https:\/\/www.oliver-kilb.de\/www\/wp-content\/uploads\/2024\/09\/2024-09-19_Sesvenna_iPhone_041-768x576.jpg 768w, https:\/\/www.oliver-kilb.de\/www\/wp-content\/uploads\/2024\/09\/2024-09-19_Sesvenna_iPhone_041-1536x1152.jpg 1536w\" sizes=\"auto, (max-width: 2048px) 100vw, 2048px\" \/><\/figure>\n\n\n\n<figure class=\"wp-block-image size-large\"><img loading=\"lazy\" decoding=\"async\" width=\"1536\" height=\"2048\" data-id=\"23970\" src=\"https:\/\/www.oliver-kilb.de\/www\/wp-content\/uploads\/2024\/09\/2024-09-19_Sesvenna_iPhone_045.jpg\" alt=\"\" class=\"wp-image-23970\" srcset=\"https:\/\/www.oliver-kilb.de\/www\/wp-content\/uploads\/2024\/09\/2024-09-19_Sesvenna_iPhone_045.jpg 1536w, https:\/\/www.oliver-kilb.de\/www\/wp-content\/uploads\/2024\/09\/2024-09-19_Sesvenna_iPhone_045-375x500.jpg 375w, https:\/\/www.oliver-kilb.de\/www\/wp-content\/uploads\/2024\/09\/2024-09-19_Sesvenna_iPhone_045-225x300.jpg 225w, https:\/\/www.oliver-kilb.de\/www\/wp-content\/uploads\/2024\/09\/2024-09-19_Sesvenna_iPhone_045-768x1024.jpg 768w, https:\/\/www.oliver-kilb.de\/www\/wp-content\/uploads\/2024\/09\/2024-09-19_Sesvenna_iPhone_045-1152x1536.jpg 1152w\" sizes=\"auto, (max-width: 1536px) 100vw, 1536px\" \/><\/figure>\n\n\n\n<figure class=\"wp-block-image size-large\"><img loading=\"lazy\" decoding=\"async\" width=\"2048\" height=\"1536\" data-id=\"23980\" src=\"https:\/\/www.oliver-kilb.de\/www\/wp-content\/uploads\/2024\/09\/2024-09-19_Sesvenna_iPhone_047.jpg\" alt=\"\" class=\"wp-image-23980\" srcset=\"https:\/\/www.oliver-kilb.de\/www\/wp-content\/uploads\/2024\/09\/2024-09-19_Sesvenna_iPhone_047.jpg 2048w, https:\/\/www.oliver-kilb.de\/www\/wp-content\/uploads\/2024\/09\/2024-09-19_Sesvenna_iPhone_047-500x375.jpg 500w, https:\/\/www.oliver-kilb.de\/www\/wp-content\/uploads\/2024\/09\/2024-09-19_Sesvenna_iPhone_047-300x225.jpg 300w, https:\/\/www.oliver-kilb.de\/www\/wp-content\/uploads\/2024\/09\/2024-09-19_Sesvenna_iPhone_047-768x576.jpg 768w, https:\/\/www.oliver-kilb.de\/www\/wp-content\/uploads\/2024\/09\/2024-09-19_Sesvenna_iPhone_047-1536x1152.jpg 1536w\" sizes=\"auto, (max-width: 2048px) 100vw, 2048px\" \/><\/figure>\n\n\n\n<figure class=\"wp-block-image size-large\"><img loading=\"lazy\" decoding=\"async\" width=\"2048\" height=\"1536\" data-id=\"23968\" src=\"https:\/\/www.oliver-kilb.de\/www\/wp-content\/uploads\/2024\/09\/2024-09-19_Sesvenna_iPhone_082.jpg\" alt=\"\" class=\"wp-image-23968\" srcset=\"https:\/\/www.oliver-kilb.de\/www\/wp-content\/uploads\/2024\/09\/2024-09-19_Sesvenna_iPhone_082.jpg 2048w, https:\/\/www.oliver-kilb.de\/www\/wp-content\/uploads\/2024\/09\/2024-09-19_Sesvenna_iPhone_082-500x375.jpg 500w, https:\/\/www.oliver-kilb.de\/www\/wp-content\/uploads\/2024\/09\/2024-09-19_Sesvenna_iPhone_082-300x225.jpg 300w, https:\/\/www.oliver-kilb.de\/www\/wp-content\/uploads\/2024\/09\/2024-09-19_Sesvenna_iPhone_082-768x576.jpg 768w, https:\/\/www.oliver-kilb.de\/www\/wp-content\/uploads\/2024\/09\/2024-09-19_Sesvenna_iPhone_082-1536x1152.jpg 1536w\" sizes=\"auto, (max-width: 2048px) 100vw, 2048px\" \/><\/figure>\n\n\n\n<figure class=\"wp-block-image size-large\"><img loading=\"lazy\" decoding=\"async\" width=\"2048\" height=\"1536\" data-id=\"23967\" src=\"https:\/\/www.oliver-kilb.de\/www\/wp-content\/uploads\/2024\/09\/2024-09-19_Sesvenna_iPhone_065.jpg\" alt=\"\" class=\"wp-image-23967\" srcset=\"https:\/\/www.oliver-kilb.de\/www\/wp-content\/uploads\/2024\/09\/2024-09-19_Sesvenna_iPhone_065.jpg 2048w, https:\/\/www.oliver-kilb.de\/www\/wp-content\/uploads\/2024\/09\/2024-09-19_Sesvenna_iPhone_065-500x375.jpg 500w, https:\/\/www.oliver-kilb.de\/www\/wp-content\/uploads\/2024\/09\/2024-09-19_Sesvenna_iPhone_065-300x225.jpg 300w, https:\/\/www.oliver-kilb.de\/www\/wp-content\/uploads\/2024\/09\/2024-09-19_Sesvenna_iPhone_065-768x576.jpg 768w, https:\/\/www.oliver-kilb.de\/www\/wp-content\/uploads\/2024\/09\/2024-09-19_Sesvenna_iPhone_065-1536x1152.jpg 1536w\" sizes=\"auto, (max-width: 2048px) 100vw, 2048px\" \/><\/figure>\n\n\n\n<figure class=\"wp-block-image size-large\"><img loading=\"lazy\" decoding=\"async\" width=\"2048\" height=\"1536\" data-id=\"23972\" src=\"https:\/\/www.oliver-kilb.de\/www\/wp-content\/uploads\/2024\/09\/2024-09-19_Sesvenna_iPhone_073.jpg\" alt=\"\" class=\"wp-image-23972\" srcset=\"https:\/\/www.oliver-kilb.de\/www\/wp-content\/uploads\/2024\/09\/2024-09-19_Sesvenna_iPhone_073.jpg 2048w, https:\/\/www.oliver-kilb.de\/www\/wp-content\/uploads\/2024\/09\/2024-09-19_Sesvenna_iPhone_073-500x375.jpg 500w, https:\/\/www.oliver-kilb.de\/www\/wp-content\/uploads\/2024\/09\/2024-09-19_Sesvenna_iPhone_073-300x225.jpg 300w, https:\/\/www.oliver-kilb.de\/www\/wp-content\/uploads\/2024\/09\/2024-09-19_Sesvenna_iPhone_073-768x576.jpg 768w, https:\/\/www.oliver-kilb.de\/www\/wp-content\/uploads\/2024\/09\/2024-09-19_Sesvenna_iPhone_073-1536x1152.jpg 1536w\" sizes=\"auto, (max-width: 2048px) 100vw, 2048px\" \/><\/figure>\n\n\n\n<figure class=\"wp-block-image size-large\"><img loading=\"lazy\" decoding=\"async\" width=\"2048\" height=\"1536\" data-id=\"23977\" src=\"https:\/\/www.oliver-kilb.de\/www\/wp-content\/uploads\/2024\/09\/2024-09-19_Sesvenna_iPhone_075.jpg\" alt=\"\" class=\"wp-image-23977\" srcset=\"https:\/\/www.oliver-kilb.de\/www\/wp-content\/uploads\/2024\/09\/2024-09-19_Sesvenna_iPhone_075.jpg 2048w, https:\/\/www.oliver-kilb.de\/www\/wp-content\/uploads\/2024\/09\/2024-09-19_Sesvenna_iPhone_075-500x375.jpg 500w, https:\/\/www.oliver-kilb.de\/www\/wp-content\/uploads\/2024\/09\/2024-09-19_Sesvenna_iPhone_075-300x225.jpg 300w, https:\/\/www.oliver-kilb.de\/www\/wp-content\/uploads\/2024\/09\/2024-09-19_Sesvenna_iPhone_075-768x576.jpg 768w, https:\/\/www.oliver-kilb.de\/www\/wp-content\/uploads\/2024\/09\/2024-09-19_Sesvenna_iPhone_075-1536x1152.jpg 1536w\" sizes=\"auto, (max-width: 2048px) 100vw, 2048px\" \/><\/figure>\n\n\n\n<figure class=\"wp-block-image size-large\"><img loading=\"lazy\" decoding=\"async\" width=\"2048\" height=\"1365\" data-id=\"23984\" src=\"https:\/\/www.oliver-kilb.de\/www\/wp-content\/uploads\/2024\/09\/2024-09-19_Sesvenna_025.jpg\" alt=\"\" class=\"wp-image-23984\" srcset=\"https:\/\/www.oliver-kilb.de\/www\/wp-content\/uploads\/2024\/09\/2024-09-19_Sesvenna_025.jpg 2048w, https:\/\/www.oliver-kilb.de\/www\/wp-content\/uploads\/2024\/09\/2024-09-19_Sesvenna_025-500x333.jpg 500w, https:\/\/www.oliver-kilb.de\/www\/wp-content\/uploads\/2024\/09\/2024-09-19_Sesvenna_025-300x200.jpg 300w, https:\/\/www.oliver-kilb.de\/www\/wp-content\/uploads\/2024\/09\/2024-09-19_Sesvenna_025-768x512.jpg 768w, https:\/\/www.oliver-kilb.de\/www\/wp-content\/uploads\/2024\/09\/2024-09-19_Sesvenna_025-1536x1024.jpg 1536w\" sizes=\"auto, (max-width: 2048px) 100vw, 2048px\" \/><\/figure>\n\n\n\n<figure class=\"wp-block-image size-large\"><img loading=\"lazy\" decoding=\"async\" width=\"2048\" height=\"1365\" data-id=\"23989\" src=\"https:\/\/www.oliver-kilb.de\/www\/wp-content\/uploads\/2024\/09\/2024-09-19_Sesvenna_051.jpg\" alt=\"\" class=\"wp-image-23989\" srcset=\"https:\/\/www.oliver-kilb.de\/www\/wp-content\/uploads\/2024\/09\/2024-09-19_Sesvenna_051.jpg 2048w, https:\/\/www.oliver-kilb.de\/www\/wp-content\/uploads\/2024\/09\/2024-09-19_Sesvenna_051-500x333.jpg 500w, https:\/\/www.oliver-kilb.de\/www\/wp-content\/uploads\/2024\/09\/2024-09-19_Sesvenna_051-300x200.jpg 300w, https:\/\/www.oliver-kilb.de\/www\/wp-content\/uploads\/2024\/09\/2024-09-19_Sesvenna_051-768x512.jpg 768w, https:\/\/www.oliver-kilb.de\/www\/wp-content\/uploads\/2024\/09\/2024-09-19_Sesvenna_051-1536x1024.jpg 1536w\" sizes=\"auto, (max-width: 2048px) 100vw, 2048px\" \/><\/figure>\n\n\n\n<figure class=\"wp-block-image size-large\"><img loading=\"lazy\" decoding=\"async\" width=\"2048\" height=\"1365\" data-id=\"23986\" src=\"https:\/\/www.oliver-kilb.de\/www\/wp-content\/uploads\/2024\/09\/2024-09-19_Sesvenna_075.jpg\" alt=\"\" class=\"wp-image-23986\" srcset=\"https:\/\/www.oliver-kilb.de\/www\/wp-content\/uploads\/2024\/09\/2024-09-19_Sesvenna_075.jpg 2048w, https:\/\/www.oliver-kilb.de\/www\/wp-content\/uploads\/2024\/09\/2024-09-19_Sesvenna_075-500x333.jpg 500w, https:\/\/www.oliver-kilb.de\/www\/wp-content\/uploads\/2024\/09\/2024-09-19_Sesvenna_075-300x200.jpg 300w, https:\/\/www.oliver-kilb.de\/www\/wp-content\/uploads\/2024\/09\/2024-09-19_Sesvenna_075-768x512.jpg 768w, https:\/\/www.oliver-kilb.de\/www\/wp-content\/uploads\/2024\/09\/2024-09-19_Sesvenna_075-1536x1024.jpg 1536w\" sizes=\"auto, (max-width: 2048px) 100vw, 2048px\" \/><\/figure>\n\n\n\n<figure class=\"wp-block-image size-large\"><img loading=\"lazy\" decoding=\"async\" width=\"2048\" height=\"1365\" data-id=\"23988\" src=\"https:\/\/www.oliver-kilb.de\/www\/wp-content\/uploads\/2024\/09\/2024-09-19_Sesvenna_107.jpg\" alt=\"\" class=\"wp-image-23988\" srcset=\"https:\/\/www.oliver-kilb.de\/www\/wp-content\/uploads\/2024\/09\/2024-09-19_Sesvenna_107.jpg 2048w, https:\/\/www.oliver-kilb.de\/www\/wp-content\/uploads\/2024\/09\/2024-09-19_Sesvenna_107-500x333.jpg 500w, https:\/\/www.oliver-kilb.de\/www\/wp-content\/uploads\/2024\/09\/2024-09-19_Sesvenna_107-300x200.jpg 300w, https:\/\/www.oliver-kilb.de\/www\/wp-content\/uploads\/2024\/09\/2024-09-19_Sesvenna_107-768x512.jpg 768w, https:\/\/www.oliver-kilb.de\/www\/wp-content\/uploads\/2024\/09\/2024-09-19_Sesvenna_107-1536x1024.jpg 1536w\" sizes=\"auto, (max-width: 2048px) 100vw, 2048px\" \/><\/figure>\n\n\n\n<figure class=\"wp-block-image size-large\"><img loading=\"lazy\" decoding=\"async\" width=\"2048\" height=\"1536\" data-id=\"23973\" src=\"https:\/\/www.oliver-kilb.de\/www\/wp-content\/uploads\/2024\/09\/2024-09-19_Sesvenna_iPhone_096.jpg\" alt=\"\" class=\"wp-image-23973\" srcset=\"https:\/\/www.oliver-kilb.de\/www\/wp-content\/uploads\/2024\/09\/2024-09-19_Sesvenna_iPhone_096.jpg 2048w, https:\/\/www.oliver-kilb.de\/www\/wp-content\/uploads\/2024\/09\/2024-09-19_Sesvenna_iPhone_096-500x375.jpg 500w, https:\/\/www.oliver-kilb.de\/www\/wp-content\/uploads\/2024\/09\/2024-09-19_Sesvenna_iPhone_096-300x225.jpg 300w, https:\/\/www.oliver-kilb.de\/www\/wp-content\/uploads\/2024\/09\/2024-09-19_Sesvenna_iPhone_096-768x576.jpg 768w, https:\/\/www.oliver-kilb.de\/www\/wp-content\/uploads\/2024\/09\/2024-09-19_Sesvenna_iPhone_096-1536x1152.jpg 1536w\" sizes=\"auto, (max-width: 2048px) 100vw, 2048px\" \/><\/figure>\n\n\n\n<figure class=\"wp-block-image size-large\"><img loading=\"lazy\" decoding=\"async\" width=\"2048\" height=\"1365\" data-id=\"23983\" src=\"https:\/\/www.oliver-kilb.de\/www\/wp-content\/uploads\/2024\/09\/2024-09-19_Sesvenna_108.jpg\" alt=\"\" class=\"wp-image-23983\" srcset=\"https:\/\/www.oliver-kilb.de\/www\/wp-content\/uploads\/2024\/09\/2024-09-19_Sesvenna_108.jpg 2048w, https:\/\/www.oliver-kilb.de\/www\/wp-content\/uploads\/2024\/09\/2024-09-19_Sesvenna_108-500x333.jpg 500w, https:\/\/www.oliver-kilb.de\/www\/wp-content\/uploads\/2024\/09\/2024-09-19_Sesvenna_108-300x200.jpg 300w, https:\/\/www.oliver-kilb.de\/www\/wp-content\/uploads\/2024\/09\/2024-09-19_Sesvenna_108-768x512.jpg 768w, https:\/\/www.oliver-kilb.de\/www\/wp-content\/uploads\/2024\/09\/2024-09-19_Sesvenna_108-1536x1024.jpg 1536w\" sizes=\"auto, (max-width: 2048px) 100vw, 2048px\" \/><\/figure>\n<\/figure>\n\n\n\n<hr class=\"wp-block-separator has-alpha-channel-opacity\"\/>\n\n\n\n<h2 class=\"wp-block-heading\">Die Alte Pforzheimer H\u00fctte.<\/h2>\n\n\n<div class=\"wp-block-image\">\n<figure class=\"alignleft size-full is-resized\"><a href=\"https:\/\/www.oliver-kilb.de\/www\/wp-content\/uploads\/2024\/09\/2024-09-19_Sesvenna_iPhone_080.jpg\"><img loading=\"lazy\" decoding=\"async\" width=\"2048\" height=\"1536\" src=\"https:\/\/www.oliver-kilb.de\/www\/wp-content\/uploads\/2024\/09\/2024-09-19_Sesvenna_iPhone_080.jpg\" alt=\"\" class=\"wp-image-23990\" style=\"width:300px\" srcset=\"https:\/\/www.oliver-kilb.de\/www\/wp-content\/uploads\/2024\/09\/2024-09-19_Sesvenna_iPhone_080.jpg 2048w, https:\/\/www.oliver-kilb.de\/www\/wp-content\/uploads\/2024\/09\/2024-09-19_Sesvenna_iPhone_080-500x375.jpg 500w, https:\/\/www.oliver-kilb.de\/www\/wp-content\/uploads\/2024\/09\/2024-09-19_Sesvenna_iPhone_080-300x225.jpg 300w, https:\/\/www.oliver-kilb.de\/www\/wp-content\/uploads\/2024\/09\/2024-09-19_Sesvenna_iPhone_080-768x576.jpg 768w, https:\/\/www.oliver-kilb.de\/www\/wp-content\/uploads\/2024\/09\/2024-09-19_Sesvenna_iPhone_080-1536x1152.jpg 1536w\" sizes=\"auto, (max-width: 2048px) 100vw, 2048px\" \/><\/a><figcaption class=\"wp-element-caption\">Die Alte Pforzheimer H\u00fctte.<\/figcaption><\/figure>\n<\/div>\n\n\n<p>Ein paar hundert Meter abseits der Sesvennah\u00fctte steht die Alte Pforzheier H\u00fctte. Sie wurde bereits im Jahr 1900 gebaut und hat eine wechselvolle Geschichte hinter sich: Die DAV Sektion Pforzheim erbaute sie, um das Tal touristisch zu erschlie\u00dfen. So entstand etwas sp\u00e4ter, bis ins Jahr 1910, der spektakul\u00e4re, in den Fels hineingesprengte Weg durch die Uina-Schlucht. Nach dem Ersten Weltkrieg ging die H\u00fctte 1918 in Staatsbesitz \u00fcber, und bis in die 1960er Jahre diente sie als St\u00fctzpunkt der italienischen Finanzwache, um Schmugglern und Wilderern Einhalt zu gebieten. Durch einen Brand wurde sie dann unbewohnbar, und von 1979 bis 1981 baute der <a href=\"https:\/\/de.wikipedia.org\/wiki\/Alpenverein_S%C3%BCdtirol\">AVS<\/a> als Ersatz die Sesvennah\u00fctte. Um den Jahrtausendwechsel wurde die Alte Pforzheimer H\u00fctte wieder in private H\u00e4nde gegeben, und mittlerweile wird sie vom F\u00f6rderverein &#8222;CUNFIN &#8211; Verein zur Instandsetzung und Revitalisierung der alten Pforzheimer H\u00fctte&#8220; betreut (Kontakt: <a href=\"mailto:cunfin@bb44.it\">cunfin@bb44.it<\/a>). <\/p>\n\n\n\n<p>Vor der H\u00fctte ist ein kleiner, namenloser Teich, an dem der H\u00f6henweg 8 von der Plantapatschh\u00fctte ankommt. Die Sesvennah\u00fctte liegt direkt daneben, und von deren Terrasse aus kann man &#8211; wie so oft in S\u00fcdtirol &#8211; w\u00e4hrend der Rast ein wunderbares Panorama genie\u00dfen.<\/p>\n\n\n\n<figure class=\"wp-block-gallery has-nested-images columns-6 is-cropped wp-block-gallery-2 is-layout-flex wp-block-gallery-is-layout-flex\">\n<figure class=\"wp-block-image size-large\"><img loading=\"lazy\" decoding=\"async\" width=\"2048\" height=\"1536\" data-id=\"23991\" src=\"https:\/\/www.oliver-kilb.de\/www\/wp-content\/uploads\/2024\/09\/2024-09-19_Sesvenna_iPhone_069.jpg\" alt=\"\" class=\"wp-image-23991\" srcset=\"https:\/\/www.oliver-kilb.de\/www\/wp-content\/uploads\/2024\/09\/2024-09-19_Sesvenna_iPhone_069.jpg 2048w, https:\/\/www.oliver-kilb.de\/www\/wp-content\/uploads\/2024\/09\/2024-09-19_Sesvenna_iPhone_069-500x375.jpg 500w, https:\/\/www.oliver-kilb.de\/www\/wp-content\/uploads\/2024\/09\/2024-09-19_Sesvenna_iPhone_069-300x225.jpg 300w, https:\/\/www.oliver-kilb.de\/www\/wp-content\/uploads\/2024\/09\/2024-09-19_Sesvenna_iPhone_069-768x576.jpg 768w, https:\/\/www.oliver-kilb.de\/www\/wp-content\/uploads\/2024\/09\/2024-09-19_Sesvenna_iPhone_069-1536x1152.jpg 1536w\" sizes=\"auto, (max-width: 2048px) 100vw, 2048px\" \/><\/figure>\n\n\n\n<figure class=\"wp-block-image size-large\"><img loading=\"lazy\" decoding=\"async\" width=\"2048\" height=\"1536\" data-id=\"23992\" src=\"https:\/\/www.oliver-kilb.de\/www\/wp-content\/uploads\/2024\/09\/2024-09-19_Sesvenna_iPhone_077.jpg\" alt=\"\" class=\"wp-image-23992\" srcset=\"https:\/\/www.oliver-kilb.de\/www\/wp-content\/uploads\/2024\/09\/2024-09-19_Sesvenna_iPhone_077.jpg 2048w, https:\/\/www.oliver-kilb.de\/www\/wp-content\/uploads\/2024\/09\/2024-09-19_Sesvenna_iPhone_077-500x375.jpg 500w, https:\/\/www.oliver-kilb.de\/www\/wp-content\/uploads\/2024\/09\/2024-09-19_Sesvenna_iPhone_077-300x225.jpg 300w, https:\/\/www.oliver-kilb.de\/www\/wp-content\/uploads\/2024\/09\/2024-09-19_Sesvenna_iPhone_077-768x576.jpg 768w, https:\/\/www.oliver-kilb.de\/www\/wp-content\/uploads\/2024\/09\/2024-09-19_Sesvenna_iPhone_077-1536x1152.jpg 1536w\" sizes=\"auto, (max-width: 2048px) 100vw, 2048px\" \/><\/figure>\n\n\n\n<figure class=\"wp-block-image size-large\"><img loading=\"lazy\" decoding=\"async\" width=\"2048\" height=\"1536\" data-id=\"23993\" src=\"https:\/\/www.oliver-kilb.de\/www\/wp-content\/uploads\/2024\/09\/2024-09-19_Sesvenna_iPhone_063.jpg\" alt=\"\" class=\"wp-image-23993\" srcset=\"https:\/\/www.oliver-kilb.de\/www\/wp-content\/uploads\/2024\/09\/2024-09-19_Sesvenna_iPhone_063.jpg 2048w, https:\/\/www.oliver-kilb.de\/www\/wp-content\/uploads\/2024\/09\/2024-09-19_Sesvenna_iPhone_063-500x375.jpg 500w, https:\/\/www.oliver-kilb.de\/www\/wp-content\/uploads\/2024\/09\/2024-09-19_Sesvenna_iPhone_063-300x225.jpg 300w, https:\/\/www.oliver-kilb.de\/www\/wp-content\/uploads\/2024\/09\/2024-09-19_Sesvenna_iPhone_063-768x576.jpg 768w, https:\/\/www.oliver-kilb.de\/www\/wp-content\/uploads\/2024\/09\/2024-09-19_Sesvenna_iPhone_063-1536x1152.jpg 1536w\" sizes=\"auto, (max-width: 2048px) 100vw, 2048px\" \/><\/figure>\n\n\n\n<figure class=\"wp-block-image size-large\"><img loading=\"lazy\" decoding=\"async\" width=\"2048\" height=\"1365\" data-id=\"23994\" src=\"https:\/\/www.oliver-kilb.de\/www\/wp-content\/uploads\/2024\/09\/2024-09-19_Sesvenna_049.jpg\" alt=\"\" class=\"wp-image-23994\" srcset=\"https:\/\/www.oliver-kilb.de\/www\/wp-content\/uploads\/2024\/09\/2024-09-19_Sesvenna_049.jpg 2048w, https:\/\/www.oliver-kilb.de\/www\/wp-content\/uploads\/2024\/09\/2024-09-19_Sesvenna_049-500x333.jpg 500w, https:\/\/www.oliver-kilb.de\/www\/wp-content\/uploads\/2024\/09\/2024-09-19_Sesvenna_049-300x200.jpg 300w, https:\/\/www.oliver-kilb.de\/www\/wp-content\/uploads\/2024\/09\/2024-09-19_Sesvenna_049-768x512.jpg 768w, https:\/\/www.oliver-kilb.de\/www\/wp-content\/uploads\/2024\/09\/2024-09-19_Sesvenna_049-1536x1024.jpg 1536w\" sizes=\"auto, (max-width: 2048px) 100vw, 2048px\" \/><\/figure>\n\n\n\n<figure class=\"wp-block-image size-large\"><img loading=\"lazy\" decoding=\"async\" width=\"2048\" height=\"1365\" data-id=\"23995\" src=\"https:\/\/www.oliver-kilb.de\/www\/wp-content\/uploads\/2024\/09\/2024-09-19_Sesvenna_052.jpg\" alt=\"\" class=\"wp-image-23995\" srcset=\"https:\/\/www.oliver-kilb.de\/www\/wp-content\/uploads\/2024\/09\/2024-09-19_Sesvenna_052.jpg 2048w, https:\/\/www.oliver-kilb.de\/www\/wp-content\/uploads\/2024\/09\/2024-09-19_Sesvenna_052-500x333.jpg 500w, https:\/\/www.oliver-kilb.de\/www\/wp-content\/uploads\/2024\/09\/2024-09-19_Sesvenna_052-300x200.jpg 300w, https:\/\/www.oliver-kilb.de\/www\/wp-content\/uploads\/2024\/09\/2024-09-19_Sesvenna_052-768x512.jpg 768w, https:\/\/www.oliver-kilb.de\/www\/wp-content\/uploads\/2024\/09\/2024-09-19_Sesvenna_052-1536x1024.jpg 1536w\" sizes=\"auto, (max-width: 2048px) 100vw, 2048px\" \/><\/figure>\n\n\n\n<figure class=\"wp-block-image size-large\"><img loading=\"lazy\" decoding=\"async\" width=\"2048\" height=\"1365\" data-id=\"23999\" src=\"https:\/\/www.oliver-kilb.de\/www\/wp-content\/uploads\/2024\/09\/2024-09-19_Sesvenna_056.jpg\" alt=\"\" class=\"wp-image-23999\" srcset=\"https:\/\/www.oliver-kilb.de\/www\/wp-content\/uploads\/2024\/09\/2024-09-19_Sesvenna_056.jpg 2048w, https:\/\/www.oliver-kilb.de\/www\/wp-content\/uploads\/2024\/09\/2024-09-19_Sesvenna_056-500x333.jpg 500w, https:\/\/www.oliver-kilb.de\/www\/wp-content\/uploads\/2024\/09\/2024-09-19_Sesvenna_056-300x200.jpg 300w, https:\/\/www.oliver-kilb.de\/www\/wp-content\/uploads\/2024\/09\/2024-09-19_Sesvenna_056-768x512.jpg 768w, https:\/\/www.oliver-kilb.de\/www\/wp-content\/uploads\/2024\/09\/2024-09-19_Sesvenna_056-1536x1024.jpg 1536w\" sizes=\"auto, (max-width: 2048px) 100vw, 2048px\" \/><\/figure>\n\n\n\n<figure class=\"wp-block-image size-large\"><img loading=\"lazy\" decoding=\"async\" width=\"2048\" height=\"1365\" data-id=\"23998\" src=\"https:\/\/www.oliver-kilb.de\/www\/wp-content\/uploads\/2024\/09\/2024-09-19_Sesvenna_058.jpg\" alt=\"\" class=\"wp-image-23998\" srcset=\"https:\/\/www.oliver-kilb.de\/www\/wp-content\/uploads\/2024\/09\/2024-09-19_Sesvenna_058.jpg 2048w, https:\/\/www.oliver-kilb.de\/www\/wp-content\/uploads\/2024\/09\/2024-09-19_Sesvenna_058-500x333.jpg 500w, https:\/\/www.oliver-kilb.de\/www\/wp-content\/uploads\/2024\/09\/2024-09-19_Sesvenna_058-300x200.jpg 300w, https:\/\/www.oliver-kilb.de\/www\/wp-content\/uploads\/2024\/09\/2024-09-19_Sesvenna_058-768x512.jpg 768w, https:\/\/www.oliver-kilb.de\/www\/wp-content\/uploads\/2024\/09\/2024-09-19_Sesvenna_058-1536x1024.jpg 1536w\" sizes=\"auto, (max-width: 2048px) 100vw, 2048px\" \/><\/figure>\n\n\n\n<figure class=\"wp-block-image size-large\"><img loading=\"lazy\" decoding=\"async\" width=\"2048\" height=\"1365\" data-id=\"23997\" src=\"https:\/\/www.oliver-kilb.de\/www\/wp-content\/uploads\/2024\/09\/2024-09-19_Sesvenna_072.jpg\" alt=\"\" class=\"wp-image-23997\" srcset=\"https:\/\/www.oliver-kilb.de\/www\/wp-content\/uploads\/2024\/09\/2024-09-19_Sesvenna_072.jpg 2048w, https:\/\/www.oliver-kilb.de\/www\/wp-content\/uploads\/2024\/09\/2024-09-19_Sesvenna_072-500x333.jpg 500w, https:\/\/www.oliver-kilb.de\/www\/wp-content\/uploads\/2024\/09\/2024-09-19_Sesvenna_072-300x200.jpg 300w, https:\/\/www.oliver-kilb.de\/www\/wp-content\/uploads\/2024\/09\/2024-09-19_Sesvenna_072-768x512.jpg 768w, https:\/\/www.oliver-kilb.de\/www\/wp-content\/uploads\/2024\/09\/2024-09-19_Sesvenna_072-1536x1024.jpg 1536w\" sizes=\"auto, (max-width: 2048px) 100vw, 2048px\" \/><\/figure>\n\n\n\n<figure class=\"wp-block-image size-large\"><img loading=\"lazy\" decoding=\"async\" width=\"2048\" height=\"1365\" data-id=\"23996\" src=\"https:\/\/www.oliver-kilb.de\/www\/wp-content\/uploads\/2024\/09\/2024-09-19_Sesvenna_084.jpg\" alt=\"\" class=\"wp-image-23996\" srcset=\"https:\/\/www.oliver-kilb.de\/www\/wp-content\/uploads\/2024\/09\/2024-09-19_Sesvenna_084.jpg 2048w, https:\/\/www.oliver-kilb.de\/www\/wp-content\/uploads\/2024\/09\/2024-09-19_Sesvenna_084-500x333.jpg 500w, https:\/\/www.oliver-kilb.de\/www\/wp-content\/uploads\/2024\/09\/2024-09-19_Sesvenna_084-300x200.jpg 300w, https:\/\/www.oliver-kilb.de\/www\/wp-content\/uploads\/2024\/09\/2024-09-19_Sesvenna_084-768x512.jpg 768w, https:\/\/www.oliver-kilb.de\/www\/wp-content\/uploads\/2024\/09\/2024-09-19_Sesvenna_084-1536x1024.jpg 1536w\" sizes=\"auto, (max-width: 2048px) 100vw, 2048px\" \/><\/figure>\n<\/figure>\n\n\n\n<hr class=\"wp-block-separator has-alpha-channel-opacity\"\/>\n\n\n\n<h2 class=\"wp-block-heading\">Murmeltiere \u00fcberall!<\/h2>\n\n\n\n<p>Das Pfeifen h\u00f6rte man schon regelm\u00e4\u00dfig w\u00e4hrend des Aufstiegs, und tats\u00e4chlich: Jede Menge Murmeltiere liefen \u00fcber die Wiese, teilweise mit Stroh im Mund um ihren Bau noch etwas kuscheliger zu gestalten.<\/p>\n\n\n\n<figure class=\"wp-block-gallery has-nested-images columns-6 is-cropped wp-block-gallery-3 is-layout-flex wp-block-gallery-is-layout-flex\">\n<figure class=\"wp-block-image size-large\"><img loading=\"lazy\" decoding=\"async\" width=\"2048\" height=\"1365\" data-id=\"24004\" src=\"https:\/\/www.oliver-kilb.de\/www\/wp-content\/uploads\/2024\/09\/2024-09-19_Sesvenna_031.jpg\" alt=\"\" class=\"wp-image-24004\" srcset=\"https:\/\/www.oliver-kilb.de\/www\/wp-content\/uploads\/2024\/09\/2024-09-19_Sesvenna_031.jpg 2048w, https:\/\/www.oliver-kilb.de\/www\/wp-content\/uploads\/2024\/09\/2024-09-19_Sesvenna_031-500x333.jpg 500w, https:\/\/www.oliver-kilb.de\/www\/wp-content\/uploads\/2024\/09\/2024-09-19_Sesvenna_031-300x200.jpg 300w, https:\/\/www.oliver-kilb.de\/www\/wp-content\/uploads\/2024\/09\/2024-09-19_Sesvenna_031-768x512.jpg 768w, https:\/\/www.oliver-kilb.de\/www\/wp-content\/uploads\/2024\/09\/2024-09-19_Sesvenna_031-1536x1024.jpg 1536w\" sizes=\"auto, (max-width: 2048px) 100vw, 2048px\" \/><\/figure>\n\n\n\n<figure class=\"wp-block-image size-large\"><img loading=\"lazy\" decoding=\"async\" width=\"2048\" height=\"1366\" data-id=\"24000\" src=\"https:\/\/www.oliver-kilb.de\/www\/wp-content\/uploads\/2024\/09\/2024-09-19_Sesvenna_036.jpg\" alt=\"\" class=\"wp-image-24000\" srcset=\"https:\/\/www.oliver-kilb.de\/www\/wp-content\/uploads\/2024\/09\/2024-09-19_Sesvenna_036.jpg 2048w, https:\/\/www.oliver-kilb.de\/www\/wp-content\/uploads\/2024\/09\/2024-09-19_Sesvenna_036-500x333.jpg 500w, https:\/\/www.oliver-kilb.de\/www\/wp-content\/uploads\/2024\/09\/2024-09-19_Sesvenna_036-300x200.jpg 300w, https:\/\/www.oliver-kilb.de\/www\/wp-content\/uploads\/2024\/09\/2024-09-19_Sesvenna_036-768x512.jpg 768w, https:\/\/www.oliver-kilb.de\/www\/wp-content\/uploads\/2024\/09\/2024-09-19_Sesvenna_036-1536x1025.jpg 1536w\" sizes=\"auto, (max-width: 2048px) 100vw, 2048px\" \/><\/figure>\n\n\n\n<figure class=\"wp-block-image size-large\"><img loading=\"lazy\" decoding=\"async\" width=\"2048\" height=\"1365\" data-id=\"24003\" src=\"https:\/\/www.oliver-kilb.de\/www\/wp-content\/uploads\/2024\/09\/2024-09-19_Sesvenna_040.jpg\" alt=\"\" class=\"wp-image-24003\" srcset=\"https:\/\/www.oliver-kilb.de\/www\/wp-content\/uploads\/2024\/09\/2024-09-19_Sesvenna_040.jpg 2048w, https:\/\/www.oliver-kilb.de\/www\/wp-content\/uploads\/2024\/09\/2024-09-19_Sesvenna_040-500x333.jpg 500w, https:\/\/www.oliver-kilb.de\/www\/wp-content\/uploads\/2024\/09\/2024-09-19_Sesvenna_040-300x200.jpg 300w, https:\/\/www.oliver-kilb.de\/www\/wp-content\/uploads\/2024\/09\/2024-09-19_Sesvenna_040-768x512.jpg 768w, https:\/\/www.oliver-kilb.de\/www\/wp-content\/uploads\/2024\/09\/2024-09-19_Sesvenna_040-1536x1024.jpg 1536w\" sizes=\"auto, (max-width: 2048px) 100vw, 2048px\" \/><\/figure>\n\n\n\n<figure class=\"wp-block-image size-large\"><img loading=\"lazy\" decoding=\"async\" width=\"2048\" height=\"1366\" data-id=\"24007\" src=\"https:\/\/www.oliver-kilb.de\/www\/wp-content\/uploads\/2024\/09\/2024-09-19_Sesvenna_044.jpg\" alt=\"\" class=\"wp-image-24007\" srcset=\"https:\/\/www.oliver-kilb.de\/www\/wp-content\/uploads\/2024\/09\/2024-09-19_Sesvenna_044.jpg 2048w, https:\/\/www.oliver-kilb.de\/www\/wp-content\/uploads\/2024\/09\/2024-09-19_Sesvenna_044-500x333.jpg 500w, https:\/\/www.oliver-kilb.de\/www\/wp-content\/uploads\/2024\/09\/2024-09-19_Sesvenna_044-300x200.jpg 300w, https:\/\/www.oliver-kilb.de\/www\/wp-content\/uploads\/2024\/09\/2024-09-19_Sesvenna_044-768x512.jpg 768w, https:\/\/www.oliver-kilb.de\/www\/wp-content\/uploads\/2024\/09\/2024-09-19_Sesvenna_044-1536x1025.jpg 1536w\" sizes=\"auto, (max-width: 2048px) 100vw, 2048px\" \/><\/figure>\n\n\n\n<figure class=\"wp-block-image size-large\"><img loading=\"lazy\" decoding=\"async\" width=\"2048\" height=\"1365\" data-id=\"24002\" src=\"https:\/\/www.oliver-kilb.de\/www\/wp-content\/uploads\/2024\/09\/2024-09-19_Sesvenna_045.jpg\" alt=\"\" class=\"wp-image-24002\" srcset=\"https:\/\/www.oliver-kilb.de\/www\/wp-content\/uploads\/2024\/09\/2024-09-19_Sesvenna_045.jpg 2048w, https:\/\/www.oliver-kilb.de\/www\/wp-content\/uploads\/2024\/09\/2024-09-19_Sesvenna_045-500x333.jpg 500w, https:\/\/www.oliver-kilb.de\/www\/wp-content\/uploads\/2024\/09\/2024-09-19_Sesvenna_045-300x200.jpg 300w, https:\/\/www.oliver-kilb.de\/www\/wp-content\/uploads\/2024\/09\/2024-09-19_Sesvenna_045-768x512.jpg 768w, https:\/\/www.oliver-kilb.de\/www\/wp-content\/uploads\/2024\/09\/2024-09-19_Sesvenna_045-1536x1024.jpg 1536w\" sizes=\"auto, (max-width: 2048px) 100vw, 2048px\" \/><\/figure>\n\n\n\n<figure class=\"wp-block-image size-large\"><img loading=\"lazy\" decoding=\"async\" width=\"2048\" height=\"1366\" data-id=\"24001\" src=\"https:\/\/www.oliver-kilb.de\/www\/wp-content\/uploads\/2024\/09\/2024-09-19_Sesvenna_091.jpg\" alt=\"\" class=\"wp-image-24001\" srcset=\"https:\/\/www.oliver-kilb.de\/www\/wp-content\/uploads\/2024\/09\/2024-09-19_Sesvenna_091.jpg 2048w, https:\/\/www.oliver-kilb.de\/www\/wp-content\/uploads\/2024\/09\/2024-09-19_Sesvenna_091-500x333.jpg 500w, https:\/\/www.oliver-kilb.de\/www\/wp-content\/uploads\/2024\/09\/2024-09-19_Sesvenna_091-300x200.jpg 300w, https:\/\/www.oliver-kilb.de\/www\/wp-content\/uploads\/2024\/09\/2024-09-19_Sesvenna_091-768x512.jpg 768w, https:\/\/www.oliver-kilb.de\/www\/wp-content\/uploads\/2024\/09\/2024-09-19_Sesvenna_091-1536x1025.jpg 1536w\" sizes=\"auto, (max-width: 2048px) 100vw, 2048px\" \/><\/figure>\n\n\n\n<figure class=\"wp-block-image size-large\"><img loading=\"lazy\" decoding=\"async\" width=\"2048\" height=\"1366\" data-id=\"24006\" src=\"https:\/\/www.oliver-kilb.de\/www\/wp-content\/uploads\/2024\/09\/2024-09-19_Sesvenna_097.jpg\" alt=\"\" class=\"wp-image-24006\" srcset=\"https:\/\/www.oliver-kilb.de\/www\/wp-content\/uploads\/2024\/09\/2024-09-19_Sesvenna_097.jpg 2048w, https:\/\/www.oliver-kilb.de\/www\/wp-content\/uploads\/2024\/09\/2024-09-19_Sesvenna_097-500x333.jpg 500w, https:\/\/www.oliver-kilb.de\/www\/wp-content\/uploads\/2024\/09\/2024-09-19_Sesvenna_097-300x200.jpg 300w, https:\/\/www.oliver-kilb.de\/www\/wp-content\/uploads\/2024\/09\/2024-09-19_Sesvenna_097-768x512.jpg 768w, https:\/\/www.oliver-kilb.de\/www\/wp-content\/uploads\/2024\/09\/2024-09-19_Sesvenna_097-1536x1025.jpg 1536w\" sizes=\"auto, (max-width: 2048px) 100vw, 2048px\" \/><\/figure>\n\n\n\n<figure class=\"wp-block-image size-large\"><img loading=\"lazy\" decoding=\"async\" width=\"2048\" height=\"1366\" data-id=\"24005\" src=\"https:\/\/www.oliver-kilb.de\/www\/wp-content\/uploads\/2024\/09\/2024-09-19_Sesvenna_099.jpg\" alt=\"\" class=\"wp-image-24005\" srcset=\"https:\/\/www.oliver-kilb.de\/www\/wp-content\/uploads\/2024\/09\/2024-09-19_Sesvenna_099.jpg 2048w, https:\/\/www.oliver-kilb.de\/www\/wp-content\/uploads\/2024\/09\/2024-09-19_Sesvenna_099-500x333.jpg 500w, https:\/\/www.oliver-kilb.de\/www\/wp-content\/uploads\/2024\/09\/2024-09-19_Sesvenna_099-300x200.jpg 300w, https:\/\/www.oliver-kilb.de\/www\/wp-content\/uploads\/2024\/09\/2024-09-19_Sesvenna_099-768x512.jpg 768w, https:\/\/www.oliver-kilb.de\/www\/wp-content\/uploads\/2024\/09\/2024-09-19_Sesvenna_099-1536x1025.jpg 1536w\" sizes=\"auto, (max-width: 2048px) 100vw, 2048px\" \/><\/figure>\n<\/figure>\n\n\n\n<p>Die Wanderung fand am 19. September 2024 statt.<\/p>\n","protected":false},"excerpt":{"rendered":"<p>Die Sesvennah\u00fctte liegt nahe der Alten Pforzheimer H\u00fctte und ich gleichzeitig Ziel und Ausgangspunkt vieler sch\u00f6ner Touren im hochalpinen Gel\u00e4nde.<\/p>\n","protected":false},"author":1,"featured_media":23986,"comment_status":"open","ping_status":"open","sticky":false,"template":"","format":"standard","meta":{"iawp_total_views":12,"footnotes":""},"categories":[15,272],"tags":[286,285,291,290,274,288,275,68,287,270,284],"class_list":["post-23962","post","type-post","status-publish","format-standard","has-post-thumbnail","hentry","category-blog","category-suedtirol-vinschgau","tag-alte-pforzheimer-huette","tag-murmeltier","tag-plantapatschhuette","tag-praemajur","tag-schliniger-alm","tag-schwarzwand-wasserfall","tag-sesvennahuette","tag-suedtirol","tag-uina-schlucht","tag-vinschgau","tag-watles"],"yoast_head":"<!-- This site is optimized with the Yoast SEO plugin v27.3 - https:\/\/yoast.com\/product\/yoast-seo-wordpress\/ -->\n<title>Zur Sesvennah\u00fctte (2.256m) im Vinschgau. - Japan, Wandern und Multimedia<\/title>\n<meta name=\"description\" content=\"Die Sesvennah\u00fctte liegt nahe der Alten Pforzheimer H\u00fctte und ich gleichzeitig Ziel und Ausgangspunkt vieler Touren im hochalpinen Gel\u00e4nde.\" \/>\n<meta name=\"robots\" content=\"index, follow, max-snippet:-1, max-image-preview:large, max-video-preview:-1\" \/>\n<link rel=\"canonical\" href=\"https:\/\/www.oliver-kilb.de\/www\/2024\/09\/19\/zur-sesvennahuette-2-256m-im-vinschgau\/\" \/>\n<meta property=\"og:locale\" content=\"de_DE\" \/>\n<meta property=\"og:type\" content=\"article\" \/>\n<meta property=\"og:title\" content=\"Zur Sesvennah\u00fctte (2.256m) im Vinschgau. - Japan, Wandern und Multimedia\" \/>\n<meta property=\"og:description\" content=\"Die Sesvennah\u00fctte liegt nahe der Alten Pforzheimer H\u00fctte und ich gleichzeitig Ziel und Ausgangspunkt vieler Touren im hochalpinen Gel\u00e4nde.\" \/>\n<meta property=\"og:url\" content=\"https:\/\/www.oliver-kilb.de\/www\/2024\/09\/19\/zur-sesvennahuette-2-256m-im-vinschgau\/\" \/>\n<meta property=\"og:site_name\" content=\"Japan, Wandern und Multimedia\" \/>\n<meta property=\"article:published_time\" content=\"2024-09-18T22:00:00+00:00\" \/>\n<meta property=\"article:modified_time\" content=\"2025-08-02T19:36:43+00:00\" \/>\n<meta property=\"og:image\" content=\"https:\/\/www.oliver-kilb.de\/www\/wp-content\/uploads\/2024\/09\/2024-09-19_Sesvenna_075.jpg\" \/>\n\t<meta property=\"og:image:width\" content=\"2048\" \/>\n\t<meta property=\"og:image:height\" content=\"1365\" \/>\n\t<meta property=\"og:image:type\" content=\"image\/jpeg\" \/>\n<meta name=\"author\" content=\"Oliver Kilb\" \/>\n<meta name=\"twitter:card\" content=\"summary_large_image\" \/>\n<meta name=\"twitter:label1\" content=\"Verfasst von\" \/>\n\t<meta name=\"twitter:data1\" content=\"Oliver Kilb\" \/>\n\t<meta name=\"twitter:label2\" content=\"Gesch\u00e4tzte Lesezeit\" \/>\n\t<meta name=\"twitter:data2\" content=\"12\u00a0Minuten\" \/>\n<script type=\"application\/ld+json\" class=\"yoast-schema-graph\">{\"@context\":\"https:\\\/\\\/schema.org\",\"@graph\":[{\"@type\":\"Article\",\"@id\":\"https:\\\/\\\/www.oliver-kilb.de\\\/www\\\/2024\\\/09\\\/19\\\/zur-sesvennahuette-2-256m-im-vinschgau\\\/#article\",\"isPartOf\":{\"@id\":\"https:\\\/\\\/www.oliver-kilb.de\\\/www\\\/2024\\\/09\\\/19\\\/zur-sesvennahuette-2-256m-im-vinschgau\\\/\"},\"author\":{\"name\":\"Oliver Kilb\",\"@id\":\"https:\\\/\\\/www.oliver-kilb.de\\\/www\\\/#\\\/schema\\\/person\\\/c2b19a881050135aa248a8851b7b4250\"},\"headline\":\"Zur Sesvennah\u00fctte (2.256m) im Vinschgau.\",\"datePublished\":\"2024-09-18T22:00:00+00:00\",\"dateModified\":\"2025-08-02T19:36:43+00:00\",\"mainEntityOfPage\":{\"@id\":\"https:\\\/\\\/www.oliver-kilb.de\\\/www\\\/2024\\\/09\\\/19\\\/zur-sesvennahuette-2-256m-im-vinschgau\\\/\"},\"wordCount\":478,\"commentCount\":1,\"publisher\":{\"@id\":\"https:\\\/\\\/www.oliver-kilb.de\\\/www\\\/#organization\"},\"image\":{\"@id\":\"https:\\\/\\\/www.oliver-kilb.de\\\/www\\\/2024\\\/09\\\/19\\\/zur-sesvennahuette-2-256m-im-vinschgau\\\/#primaryimage\"},\"thumbnailUrl\":\"https:\\\/\\\/www.oliver-kilb.de\\\/www\\\/wp-content\\\/uploads\\\/2024\\\/09\\\/2024-09-19_Sesvenna_075.jpg\",\"keywords\":[\"Alte Pforzheimer H\u00fctte\",\"Murmeltier\",\"Plantapatschh\u00fctte\",\"Pr\u00e4majur\",\"Schliniger Alm\",\"Schwarzwand-Wasserfall\",\"Sesvennah\u00fctte\",\"S\u00fcdtirol\",\"Uina-Schlucht\",\"Vinschgau\",\"Watles\"],\"articleSection\":[\"Blog\",\"Vinschgau\"],\"inLanguage\":\"de\",\"potentialAction\":[{\"@type\":\"CommentAction\",\"name\":\"Comment\",\"target\":[\"https:\\\/\\\/www.oliver-kilb.de\\\/www\\\/2024\\\/09\\\/19\\\/zur-sesvennahuette-2-256m-im-vinschgau\\\/#respond\"]}]},{\"@type\":\"WebPage\",\"@id\":\"https:\\\/\\\/www.oliver-kilb.de\\\/www\\\/2024\\\/09\\\/19\\\/zur-sesvennahuette-2-256m-im-vinschgau\\\/\",\"url\":\"https:\\\/\\\/www.oliver-kilb.de\\\/www\\\/2024\\\/09\\\/19\\\/zur-sesvennahuette-2-256m-im-vinschgau\\\/\",\"name\":\"Zur Sesvennah\u00fctte (2.256m) im Vinschgau. - Japan, Wandern und Multimedia\",\"isPartOf\":{\"@id\":\"https:\\\/\\\/www.oliver-kilb.de\\\/www\\\/#website\"},\"primaryImageOfPage\":{\"@id\":\"https:\\\/\\\/www.oliver-kilb.de\\\/www\\\/2024\\\/09\\\/19\\\/zur-sesvennahuette-2-256m-im-vinschgau\\\/#primaryimage\"},\"image\":{\"@id\":\"https:\\\/\\\/www.oliver-kilb.de\\\/www\\\/2024\\\/09\\\/19\\\/zur-sesvennahuette-2-256m-im-vinschgau\\\/#primaryimage\"},\"thumbnailUrl\":\"https:\\\/\\\/www.oliver-kilb.de\\\/www\\\/wp-content\\\/uploads\\\/2024\\\/09\\\/2024-09-19_Sesvenna_075.jpg\",\"datePublished\":\"2024-09-18T22:00:00+00:00\",\"dateModified\":\"2025-08-02T19:36:43+00:00\",\"description\":\"Die Sesvennah\u00fctte liegt nahe der Alten Pforzheimer H\u00fctte und ich gleichzeitig Ziel und Ausgangspunkt vieler Touren im hochalpinen Gel\u00e4nde.\",\"breadcrumb\":{\"@id\":\"https:\\\/\\\/www.oliver-kilb.de\\\/www\\\/2024\\\/09\\\/19\\\/zur-sesvennahuette-2-256m-im-vinschgau\\\/#breadcrumb\"},\"inLanguage\":\"de\",\"potentialAction\":[{\"@type\":\"ReadAction\",\"target\":[\"https:\\\/\\\/www.oliver-kilb.de\\\/www\\\/2024\\\/09\\\/19\\\/zur-sesvennahuette-2-256m-im-vinschgau\\\/\"]}]},{\"@type\":\"ImageObject\",\"inLanguage\":\"de\",\"@id\":\"https:\\\/\\\/www.oliver-kilb.de\\\/www\\\/2024\\\/09\\\/19\\\/zur-sesvennahuette-2-256m-im-vinschgau\\\/#primaryimage\",\"url\":\"https:\\\/\\\/www.oliver-kilb.de\\\/www\\\/wp-content\\\/uploads\\\/2024\\\/09\\\/2024-09-19_Sesvenna_075.jpg\",\"contentUrl\":\"https:\\\/\\\/www.oliver-kilb.de\\\/www\\\/wp-content\\\/uploads\\\/2024\\\/09\\\/2024-09-19_Sesvenna_075.jpg\",\"width\":2048,\"height\":1365,\"caption\":\"Die Sesvennah\u00fctte.\"},{\"@type\":\"BreadcrumbList\",\"@id\":\"https:\\\/\\\/www.oliver-kilb.de\\\/www\\\/2024\\\/09\\\/19\\\/zur-sesvennahuette-2-256m-im-vinschgau\\\/#breadcrumb\",\"itemListElement\":[{\"@type\":\"ListItem\",\"position\":1,\"name\":\"Startseite\",\"item\":\"https:\\\/\\\/www.oliver-kilb.de\\\/www\\\/\"},{\"@type\":\"ListItem\",\"position\":2,\"name\":\"Zur Sesvennah\u00fctte (2.256m) im Vinschgau.\"}]},{\"@type\":\"WebSite\",\"@id\":\"https:\\\/\\\/www.oliver-kilb.de\\\/www\\\/#website\",\"url\":\"https:\\\/\\\/www.oliver-kilb.de\\\/www\\\/\",\"name\":\"Japan, Wandern und Multimedia\",\"description\":\"\",\"publisher\":{\"@id\":\"https:\\\/\\\/www.oliver-kilb.de\\\/www\\\/#organization\"},\"potentialAction\":[{\"@type\":\"SearchAction\",\"target\":{\"@type\":\"EntryPoint\",\"urlTemplate\":\"https:\\\/\\\/www.oliver-kilb.de\\\/www\\\/?s={search_term_string}\"},\"query-input\":{\"@type\":\"PropertyValueSpecification\",\"valueRequired\":true,\"valueName\":\"search_term_string\"}}],\"inLanguage\":\"de\"},{\"@type\":\"Organization\",\"@id\":\"https:\\\/\\\/www.oliver-kilb.de\\\/www\\\/#organization\",\"name\":\"Japan, Wandern und Multimedia\",\"url\":\"https:\\\/\\\/www.oliver-kilb.de\\\/www\\\/\",\"logo\":{\"@type\":\"ImageObject\",\"inLanguage\":\"de\",\"@id\":\"https:\\\/\\\/www.oliver-kilb.de\\\/www\\\/#\\\/schema\\\/logo\\\/image\\\/\",\"url\":\"https:\\\/\\\/www.oliver-kilb.de\\\/www\\\/wp-content\\\/uploads\\\/2024\\\/07\\\/Fushimi-Inari-Schrein_075_DxO.jpg\",\"contentUrl\":\"https:\\\/\\\/www.oliver-kilb.de\\\/www\\\/wp-content\\\/uploads\\\/2024\\\/07\\\/Fushimi-Inari-Schrein_075_DxO.jpg\",\"width\":1380,\"height\":301,\"caption\":\"Japan, Wandern und Multimedia\"},\"image\":{\"@id\":\"https:\\\/\\\/www.oliver-kilb.de\\\/www\\\/#\\\/schema\\\/logo\\\/image\\\/\"}},{\"@type\":\"Person\",\"@id\":\"https:\\\/\\\/www.oliver-kilb.de\\\/www\\\/#\\\/schema\\\/person\\\/c2b19a881050135aa248a8851b7b4250\",\"name\":\"Oliver Kilb\",\"image\":{\"@type\":\"ImageObject\",\"inLanguage\":\"de\",\"@id\":\"https:\\\/\\\/secure.gravatar.com\\\/avatar\\\/4da50eb2c6eb71b0641229eed4a38d05c8d4b458a59355cca0d02b57303d6ffd?s=96&d=mm&r=g\",\"url\":\"https:\\\/\\\/secure.gravatar.com\\\/avatar\\\/4da50eb2c6eb71b0641229eed4a38d05c8d4b458a59355cca0d02b57303d6ffd?s=96&d=mm&r=g\",\"contentUrl\":\"https:\\\/\\\/secure.gravatar.com\\\/avatar\\\/4da50eb2c6eb71b0641229eed4a38d05c8d4b458a59355cca0d02b57303d6ffd?s=96&d=mm&r=g\",\"caption\":\"Oliver Kilb\"},\"sameAs\":[\"https:\\\/\\\/www.oliver-kilb.de\\\/www\"],\"url\":\"https:\\\/\\\/www.oliver-kilb.de\\\/www\\\/author\\\/oliver-kilb\\\/\"}]}<\/script>\n<!-- \/ Yoast SEO plugin. -->","yoast_head_json":{"title":"Zur Sesvennah\u00fctte (2.256m) im Vinschgau. - Japan, Wandern und Multimedia","description":"Die Sesvennah\u00fctte liegt nahe der Alten Pforzheimer H\u00fctte und ich gleichzeitig Ziel und Ausgangspunkt vieler Touren im hochalpinen Gel\u00e4nde.","robots":{"index":"index","follow":"follow","max-snippet":"max-snippet:-1","max-image-preview":"max-image-preview:large","max-video-preview":"max-video-preview:-1"},"canonical":"https:\/\/www.oliver-kilb.de\/www\/2024\/09\/19\/zur-sesvennahuette-2-256m-im-vinschgau\/","og_locale":"de_DE","og_type":"article","og_title":"Zur Sesvennah\u00fctte (2.256m) im Vinschgau. - Japan, Wandern und Multimedia","og_description":"Die Sesvennah\u00fctte liegt nahe der Alten Pforzheimer H\u00fctte und ich gleichzeitig Ziel und Ausgangspunkt vieler Touren im hochalpinen Gel\u00e4nde.","og_url":"https:\/\/www.oliver-kilb.de\/www\/2024\/09\/19\/zur-sesvennahuette-2-256m-im-vinschgau\/","og_site_name":"Japan, Wandern und Multimedia","article_published_time":"2024-09-18T22:00:00+00:00","article_modified_time":"2025-08-02T19:36:43+00:00","og_image":[{"width":2048,"height":1365,"url":"https:\/\/www.oliver-kilb.de\/www\/wp-content\/uploads\/2024\/09\/2024-09-19_Sesvenna_075.jpg","type":"image\/jpeg"}],"author":"Oliver Kilb","twitter_card":"summary_large_image","twitter_misc":{"Verfasst von":"Oliver Kilb","Gesch\u00e4tzte Lesezeit":"12\u00a0Minuten"},"schema":{"@context":"https:\/\/schema.org","@graph":[{"@type":"Article","@id":"https:\/\/www.oliver-kilb.de\/www\/2024\/09\/19\/zur-sesvennahuette-2-256m-im-vinschgau\/#article","isPartOf":{"@id":"https:\/\/www.oliver-kilb.de\/www\/2024\/09\/19\/zur-sesvennahuette-2-256m-im-vinschgau\/"},"author":{"name":"Oliver Kilb","@id":"https:\/\/www.oliver-kilb.de\/www\/#\/schema\/person\/c2b19a881050135aa248a8851b7b4250"},"headline":"Zur Sesvennah\u00fctte (2.256m) im Vinschgau.","datePublished":"2024-09-18T22:00:00+00:00","dateModified":"2025-08-02T19:36:43+00:00","mainEntityOfPage":{"@id":"https:\/\/www.oliver-kilb.de\/www\/2024\/09\/19\/zur-sesvennahuette-2-256m-im-vinschgau\/"},"wordCount":478,"commentCount":1,"publisher":{"@id":"https:\/\/www.oliver-kilb.de\/www\/#organization"},"image":{"@id":"https:\/\/www.oliver-kilb.de\/www\/2024\/09\/19\/zur-sesvennahuette-2-256m-im-vinschgau\/#primaryimage"},"thumbnailUrl":"https:\/\/www.oliver-kilb.de\/www\/wp-content\/uploads\/2024\/09\/2024-09-19_Sesvenna_075.jpg","keywords":["Alte Pforzheimer H\u00fctte","Murmeltier","Plantapatschh\u00fctte","Pr\u00e4majur","Schliniger Alm","Schwarzwand-Wasserfall","Sesvennah\u00fctte","S\u00fcdtirol","Uina-Schlucht","Vinschgau","Watles"],"articleSection":["Blog","Vinschgau"],"inLanguage":"de","potentialAction":[{"@type":"CommentAction","name":"Comment","target":["https:\/\/www.oliver-kilb.de\/www\/2024\/09\/19\/zur-sesvennahuette-2-256m-im-vinschgau\/#respond"]}]},{"@type":"WebPage","@id":"https:\/\/www.oliver-kilb.de\/www\/2024\/09\/19\/zur-sesvennahuette-2-256m-im-vinschgau\/","url":"https:\/\/www.oliver-kilb.de\/www\/2024\/09\/19\/zur-sesvennahuette-2-256m-im-vinschgau\/","name":"Zur Sesvennah\u00fctte (2.256m) im Vinschgau. - Japan, Wandern und Multimedia","isPartOf":{"@id":"https:\/\/www.oliver-kilb.de\/www\/#website"},"primaryImageOfPage":{"@id":"https:\/\/www.oliver-kilb.de\/www\/2024\/09\/19\/zur-sesvennahuette-2-256m-im-vinschgau\/#primaryimage"},"image":{"@id":"https:\/\/www.oliver-kilb.de\/www\/2024\/09\/19\/zur-sesvennahuette-2-256m-im-vinschgau\/#primaryimage"},"thumbnailUrl":"https:\/\/www.oliver-kilb.de\/www\/wp-content\/uploads\/2024\/09\/2024-09-19_Sesvenna_075.jpg","datePublished":"2024-09-18T22:00:00+00:00","dateModified":"2025-08-02T19:36:43+00:00","description":"Die Sesvennah\u00fctte liegt nahe der Alten Pforzheimer H\u00fctte und ich gleichzeitig Ziel und Ausgangspunkt vieler Touren im hochalpinen Gel\u00e4nde.","breadcrumb":{"@id":"https:\/\/www.oliver-kilb.de\/www\/2024\/09\/19\/zur-sesvennahuette-2-256m-im-vinschgau\/#breadcrumb"},"inLanguage":"de","potentialAction":[{"@type":"ReadAction","target":["https:\/\/www.oliver-kilb.de\/www\/2024\/09\/19\/zur-sesvennahuette-2-256m-im-vinschgau\/"]}]},{"@type":"ImageObject","inLanguage":"de","@id":"https:\/\/www.oliver-kilb.de\/www\/2024\/09\/19\/zur-sesvennahuette-2-256m-im-vinschgau\/#primaryimage","url":"https:\/\/www.oliver-kilb.de\/www\/wp-content\/uploads\/2024\/09\/2024-09-19_Sesvenna_075.jpg","contentUrl":"https:\/\/www.oliver-kilb.de\/www\/wp-content\/uploads\/2024\/09\/2024-09-19_Sesvenna_075.jpg","width":2048,"height":1365,"caption":"Die Sesvennah\u00fctte."},{"@type":"BreadcrumbList","@id":"https:\/\/www.oliver-kilb.de\/www\/2024\/09\/19\/zur-sesvennahuette-2-256m-im-vinschgau\/#breadcrumb","itemListElement":[{"@type":"ListItem","position":1,"name":"Startseite","item":"https:\/\/www.oliver-kilb.de\/www\/"},{"@type":"ListItem","position":2,"name":"Zur Sesvennah\u00fctte (2.256m) im Vinschgau."}]},{"@type":"WebSite","@id":"https:\/\/www.oliver-kilb.de\/www\/#website","url":"https:\/\/www.oliver-kilb.de\/www\/","name":"Japan, Wandern und Multimedia","description":"","publisher":{"@id":"https:\/\/www.oliver-kilb.de\/www\/#organization"},"potentialAction":[{"@type":"SearchAction","target":{"@type":"EntryPoint","urlTemplate":"https:\/\/www.oliver-kilb.de\/www\/?s={search_term_string}"},"query-input":{"@type":"PropertyValueSpecification","valueRequired":true,"valueName":"search_term_string"}}],"inLanguage":"de"},{"@type":"Organization","@id":"https:\/\/www.oliver-kilb.de\/www\/#organization","name":"Japan, Wandern und Multimedia","url":"https:\/\/www.oliver-kilb.de\/www\/","logo":{"@type":"ImageObject","inLanguage":"de","@id":"https:\/\/www.oliver-kilb.de\/www\/#\/schema\/logo\/image\/","url":"https:\/\/www.oliver-kilb.de\/www\/wp-content\/uploads\/2024\/07\/Fushimi-Inari-Schrein_075_DxO.jpg","contentUrl":"https:\/\/www.oliver-kilb.de\/www\/wp-content\/uploads\/2024\/07\/Fushimi-Inari-Schrein_075_DxO.jpg","width":1380,"height":301,"caption":"Japan, Wandern und Multimedia"},"image":{"@id":"https:\/\/www.oliver-kilb.de\/www\/#\/schema\/logo\/image\/"}},{"@type":"Person","@id":"https:\/\/www.oliver-kilb.de\/www\/#\/schema\/person\/c2b19a881050135aa248a8851b7b4250","name":"Oliver Kilb","image":{"@type":"ImageObject","inLanguage":"de","@id":"https:\/\/secure.gravatar.com\/avatar\/4da50eb2c6eb71b0641229eed4a38d05c8d4b458a59355cca0d02b57303d6ffd?s=96&d=mm&r=g","url":"https:\/\/secure.gravatar.com\/avatar\/4da50eb2c6eb71b0641229eed4a38d05c8d4b458a59355cca0d02b57303d6ffd?s=96&d=mm&r=g","contentUrl":"https:\/\/secure.gravatar.com\/avatar\/4da50eb2c6eb71b0641229eed4a38d05c8d4b458a59355cca0d02b57303d6ffd?s=96&d=mm&r=g","caption":"Oliver Kilb"},"sameAs":["https:\/\/www.oliver-kilb.de\/www"],"url":"https:\/\/www.oliver-kilb.de\/www\/author\/oliver-kilb\/"}]}},"amp_enabled":true,"_links":{"self":[{"href":"https:\/\/www.oliver-kilb.de\/www\/wp-json\/wp\/v2\/posts\/23962","targetHints":{"allow":["GET"]}}],"collection":[{"href":"https:\/\/www.oliver-kilb.de\/www\/wp-json\/wp\/v2\/posts"}],"about":[{"href":"https:\/\/www.oliver-kilb.de\/www\/wp-json\/wp\/v2\/types\/post"}],"author":[{"embeddable":true,"href":"https:\/\/www.oliver-kilb.de\/www\/wp-json\/wp\/v2\/users\/1"}],"replies":[{"embeddable":true,"href":"https:\/\/www.oliver-kilb.de\/www\/wp-json\/wp\/v2\/comments?post=23962"}],"version-history":[{"count":4,"href":"https:\/\/www.oliver-kilb.de\/www\/wp-json\/wp\/v2\/posts\/23962\/revisions"}],"predecessor-version":[{"id":39894,"href":"https:\/\/www.oliver-kilb.de\/www\/wp-json\/wp\/v2\/posts\/23962\/revisions\/39894"}],"wp:featuredmedia":[{"embeddable":true,"href":"https:\/\/www.oliver-kilb.de\/www\/wp-json\/wp\/v2\/media\/23986"}],"wp:attachment":[{"href":"https:\/\/www.oliver-kilb.de\/www\/wp-json\/wp\/v2\/media?parent=23962"}],"wp:term":[{"taxonomy":"category","embeddable":true,"href":"https:\/\/www.oliver-kilb.de\/www\/wp-json\/wp\/v2\/categories?post=23962"},{"taxonomy":"post_tag","embeddable":true,"href":"https:\/\/www.oliver-kilb.de\/www\/wp-json\/wp\/v2\/tags?post=23962"}],"curies":[{"name":"wp","href":"https:\/\/api.w.org\/{rel}","templated":true}]}}