{"id":23847,"date":"2024-09-15T00:00:00","date_gmt":"2024-09-14T22:00:00","guid":{"rendered":"https:\/\/www.oliver-kilb.de\/www\/?p=23847"},"modified":"2024-09-22T21:09:31","modified_gmt":"2024-09-22T19:09:31","slug":"zur-schliniger-alm-1-868m","status":"publish","type":"post","link":"https:\/\/www.oliver-kilb.de\/www\/2024\/09\/15\/zur-schliniger-alm-1-868m\/","title":{"rendered":"Zur Schliniger Alm (1.868m)."},"content":{"rendered":"\n<p><strong>Sonne und Schnee &#8211; so ging es bei einer leichten Tour zur Schliniger Alm auf knapp 1.900m H\u00f6he mit toller Aussicht.<\/strong><\/p>\n\n\n\n<h2 class=\"wp-block-heading\">Unterwegs nach Schlinig.<\/h2>\n\n\n<div class=\"wp-block-image\">\n<figure class=\"alignleft size-full is-resized\"><a href=\"https:\/\/www.oliver-kilb.de\/www\/wp-content\/uploads\/2024\/09\/2024-09-15_Schlinig-Alm_iPhone_01.jpg\"><img loading=\"lazy\" decoding=\"async\" width=\"2048\" height=\"1536\" src=\"https:\/\/www.oliver-kilb.de\/www\/wp-content\/uploads\/2024\/09\/2024-09-15_Schlinig-Alm_iPhone_01.jpg\" alt=\"\" class=\"wp-image-23850\" style=\"width:300px\" srcset=\"https:\/\/www.oliver-kilb.de\/www\/wp-content\/uploads\/2024\/09\/2024-09-15_Schlinig-Alm_iPhone_01.jpg 2048w, https:\/\/www.oliver-kilb.de\/www\/wp-content\/uploads\/2024\/09\/2024-09-15_Schlinig-Alm_iPhone_01-500x375.jpg 500w, https:\/\/www.oliver-kilb.de\/www\/wp-content\/uploads\/2024\/09\/2024-09-15_Schlinig-Alm_iPhone_01-300x225.jpg 300w, https:\/\/www.oliver-kilb.de\/www\/wp-content\/uploads\/2024\/09\/2024-09-15_Schlinig-Alm_iPhone_01-768x576.jpg 768w, https:\/\/www.oliver-kilb.de\/www\/wp-content\/uploads\/2024\/09\/2024-09-15_Schlinig-Alm_iPhone_01-1536x1152.jpg 1536w\" sizes=\"auto, (max-width: 2048px) 100vw, 2048px\" \/><\/a><figcaption class=\"wp-element-caption\">Start auf halber H\u00f6he auf ca. 1.500 Metern.<\/figcaption><\/figure>\n<\/div>\n\n\n<p>Die Wanderung zur Schliniger Alm kann man beliebig leicht oder schwer gestalten. Wer viel Kondition hat, kann im Tal in <a href=\"https:\/\/de.wikipedia.org\/wiki\/Burgeis\">Burgeis<\/a> bei knapp 1.200 Meter H\u00f6he beginnen und kommt dann auf 700 H\u00f6henmeter in Summe. <\/p>\n\n\n\n<p>Auf halber H\u00f6he, bei ca. 1.500m H\u00f6he gibt es einen (kleinen) Parkplatz, auf dem man sein Auto stehen lassen kann und somit eine eher leichte Tour vor sich hat. An diesem Parkplatz h\u00e4lt auch der Bus, sodass man von Burgeis aus ohne Auto ein wenig den Berg hinauf fahren kann.<\/p>\n\n\n\n<p>Der Bus f\u00e4hrt bis <a href=\"https:\/\/de.wikipedia.org\/wiki\/Schlinig\">Schlinig<\/a>, und von dort aus sind es sogar nur noch gute 150 Meter H\u00f6henunterschied bis zur Schliniger Alm. Der Weg f\u00fchrt bis Schlinig abseits der Stra\u00dfe, meistens im Wald.<\/p>\n\n\n\n<figure class=\"wp-block-gallery has-nested-images columns-6 is-cropped wp-block-gallery-1 is-layout-flex wp-block-gallery-is-layout-flex\">\n<figure class=\"wp-block-image size-large\"><img loading=\"lazy\" decoding=\"async\" width=\"2048\" height=\"1536\" data-id=\"23855\" src=\"https:\/\/www.oliver-kilb.de\/www\/wp-content\/uploads\/2024\/09\/2024-09-15_Schlinig-Alm_iPhone_02.jpg\" alt=\"\" class=\"wp-image-23855\" srcset=\"https:\/\/www.oliver-kilb.de\/www\/wp-content\/uploads\/2024\/09\/2024-09-15_Schlinig-Alm_iPhone_02.jpg 2048w, https:\/\/www.oliver-kilb.de\/www\/wp-content\/uploads\/2024\/09\/2024-09-15_Schlinig-Alm_iPhone_02-500x375.jpg 500w, https:\/\/www.oliver-kilb.de\/www\/wp-content\/uploads\/2024\/09\/2024-09-15_Schlinig-Alm_iPhone_02-300x225.jpg 300w, https:\/\/www.oliver-kilb.de\/www\/wp-content\/uploads\/2024\/09\/2024-09-15_Schlinig-Alm_iPhone_02-768x576.jpg 768w, https:\/\/www.oliver-kilb.de\/www\/wp-content\/uploads\/2024\/09\/2024-09-15_Schlinig-Alm_iPhone_02-1536x1152.jpg 1536w\" sizes=\"auto, (max-width: 2048px) 100vw, 2048px\" \/><\/figure>\n\n\n\n<figure class=\"wp-block-image size-large\"><img loading=\"lazy\" decoding=\"async\" width=\"2048\" height=\"1536\" data-id=\"23856\" src=\"https:\/\/www.oliver-kilb.de\/www\/wp-content\/uploads\/2024\/09\/2024-09-15_Schlinig-Alm_iPhone_04.jpg\" alt=\"\" class=\"wp-image-23856\" srcset=\"https:\/\/www.oliver-kilb.de\/www\/wp-content\/uploads\/2024\/09\/2024-09-15_Schlinig-Alm_iPhone_04.jpg 2048w, https:\/\/www.oliver-kilb.de\/www\/wp-content\/uploads\/2024\/09\/2024-09-15_Schlinig-Alm_iPhone_04-500x375.jpg 500w, https:\/\/www.oliver-kilb.de\/www\/wp-content\/uploads\/2024\/09\/2024-09-15_Schlinig-Alm_iPhone_04-300x225.jpg 300w, https:\/\/www.oliver-kilb.de\/www\/wp-content\/uploads\/2024\/09\/2024-09-15_Schlinig-Alm_iPhone_04-768x576.jpg 768w, https:\/\/www.oliver-kilb.de\/www\/wp-content\/uploads\/2024\/09\/2024-09-15_Schlinig-Alm_iPhone_04-1536x1152.jpg 1536w\" sizes=\"auto, (max-width: 2048px) 100vw, 2048px\" \/><\/figure>\n\n\n\n<figure class=\"wp-block-image size-large\"><img loading=\"lazy\" decoding=\"async\" width=\"2048\" height=\"1536\" data-id=\"23857\" src=\"https:\/\/www.oliver-kilb.de\/www\/wp-content\/uploads\/2024\/09\/2024-09-15_Schlinig-Alm_iPhone_08.jpg\" alt=\"\" class=\"wp-image-23857\" srcset=\"https:\/\/www.oliver-kilb.de\/www\/wp-content\/uploads\/2024\/09\/2024-09-15_Schlinig-Alm_iPhone_08.jpg 2048w, https:\/\/www.oliver-kilb.de\/www\/wp-content\/uploads\/2024\/09\/2024-09-15_Schlinig-Alm_iPhone_08-500x375.jpg 500w, https:\/\/www.oliver-kilb.de\/www\/wp-content\/uploads\/2024\/09\/2024-09-15_Schlinig-Alm_iPhone_08-300x225.jpg 300w, https:\/\/www.oliver-kilb.de\/www\/wp-content\/uploads\/2024\/09\/2024-09-15_Schlinig-Alm_iPhone_08-768x576.jpg 768w, https:\/\/www.oliver-kilb.de\/www\/wp-content\/uploads\/2024\/09\/2024-09-15_Schlinig-Alm_iPhone_08-1536x1152.jpg 1536w\" sizes=\"auto, (max-width: 2048px) 100vw, 2048px\" \/><\/figure>\n\n\n\n<figure class=\"wp-block-image size-large\"><img loading=\"lazy\" decoding=\"async\" width=\"2048\" height=\"1536\" data-id=\"23853\" src=\"https:\/\/www.oliver-kilb.de\/www\/wp-content\/uploads\/2024\/09\/2024-09-15_Schlinig-Alm_iPhone_13.jpg\" alt=\"\" class=\"wp-image-23853\" srcset=\"https:\/\/www.oliver-kilb.de\/www\/wp-content\/uploads\/2024\/09\/2024-09-15_Schlinig-Alm_iPhone_13.jpg 2048w, https:\/\/www.oliver-kilb.de\/www\/wp-content\/uploads\/2024\/09\/2024-09-15_Schlinig-Alm_iPhone_13-500x375.jpg 500w, https:\/\/www.oliver-kilb.de\/www\/wp-content\/uploads\/2024\/09\/2024-09-15_Schlinig-Alm_iPhone_13-300x225.jpg 300w, https:\/\/www.oliver-kilb.de\/www\/wp-content\/uploads\/2024\/09\/2024-09-15_Schlinig-Alm_iPhone_13-768x576.jpg 768w, https:\/\/www.oliver-kilb.de\/www\/wp-content\/uploads\/2024\/09\/2024-09-15_Schlinig-Alm_iPhone_13-1536x1152.jpg 1536w\" sizes=\"auto, (max-width: 2048px) 100vw, 2048px\" \/><\/figure>\n\n\n\n<figure class=\"wp-block-image size-large\"><img loading=\"lazy\" decoding=\"async\" width=\"2048\" height=\"1536\" data-id=\"23852\" src=\"https:\/\/www.oliver-kilb.de\/www\/wp-content\/uploads\/2024\/09\/2024-09-15_Schlinig-Alm_iPhone_18.jpg\" alt=\"\" class=\"wp-image-23852\" srcset=\"https:\/\/www.oliver-kilb.de\/www\/wp-content\/uploads\/2024\/09\/2024-09-15_Schlinig-Alm_iPhone_18.jpg 2048w, https:\/\/www.oliver-kilb.de\/www\/wp-content\/uploads\/2024\/09\/2024-09-15_Schlinig-Alm_iPhone_18-500x375.jpg 500w, https:\/\/www.oliver-kilb.de\/www\/wp-content\/uploads\/2024\/09\/2024-09-15_Schlinig-Alm_iPhone_18-300x225.jpg 300w, https:\/\/www.oliver-kilb.de\/www\/wp-content\/uploads\/2024\/09\/2024-09-15_Schlinig-Alm_iPhone_18-768x576.jpg 768w, https:\/\/www.oliver-kilb.de\/www\/wp-content\/uploads\/2024\/09\/2024-09-15_Schlinig-Alm_iPhone_18-1536x1152.jpg 1536w\" sizes=\"auto, (max-width: 2048px) 100vw, 2048px\" \/><\/figure>\n\n\n\n<figure class=\"wp-block-image size-large\"><img loading=\"lazy\" decoding=\"async\" width=\"2048\" height=\"1536\" data-id=\"23854\" src=\"https:\/\/www.oliver-kilb.de\/www\/wp-content\/uploads\/2024\/09\/2024-09-15_Schlinig-Alm_iPhone_23.jpg\" alt=\"\" class=\"wp-image-23854\" srcset=\"https:\/\/www.oliver-kilb.de\/www\/wp-content\/uploads\/2024\/09\/2024-09-15_Schlinig-Alm_iPhone_23.jpg 2048w, https:\/\/www.oliver-kilb.de\/www\/wp-content\/uploads\/2024\/09\/2024-09-15_Schlinig-Alm_iPhone_23-500x375.jpg 500w, https:\/\/www.oliver-kilb.de\/www\/wp-content\/uploads\/2024\/09\/2024-09-15_Schlinig-Alm_iPhone_23-300x225.jpg 300w, https:\/\/www.oliver-kilb.de\/www\/wp-content\/uploads\/2024\/09\/2024-09-15_Schlinig-Alm_iPhone_23-768x576.jpg 768w, https:\/\/www.oliver-kilb.de\/www\/wp-content\/uploads\/2024\/09\/2024-09-15_Schlinig-Alm_iPhone_23-1536x1152.jpg 1536w\" sizes=\"auto, (max-width: 2048px) 100vw, 2048px\" \/><\/figure>\n<figcaption class=\"blocks-gallery-caption wp-element-caption\">Impressionen auf dem Weg nach Schlinig.<\/figcaption><\/figure>\n\n\n\n<h2 class=\"wp-block-heading\">Weiter zur Schliniger Alm<\/h2>\n\n\n<div class=\"wp-block-image\">\n<figure class=\"alignleft size-full is-resized\"><a href=\"https:\/\/www.oliver-kilb.de\/www\/wp-content\/uploads\/2024\/09\/2024-09-15_Schlinig-Alm_iPhone_46.jpg\"><img loading=\"lazy\" decoding=\"async\" width=\"2048\" height=\"1536\" src=\"https:\/\/www.oliver-kilb.de\/www\/wp-content\/uploads\/2024\/09\/2024-09-15_Schlinig-Alm_iPhone_46.jpg\" alt=\"\" class=\"wp-image-23858\" style=\"width:300px\" srcset=\"https:\/\/www.oliver-kilb.de\/www\/wp-content\/uploads\/2024\/09\/2024-09-15_Schlinig-Alm_iPhone_46.jpg 2048w, https:\/\/www.oliver-kilb.de\/www\/wp-content\/uploads\/2024\/09\/2024-09-15_Schlinig-Alm_iPhone_46-500x375.jpg 500w, https:\/\/www.oliver-kilb.de\/www\/wp-content\/uploads\/2024\/09\/2024-09-15_Schlinig-Alm_iPhone_46-300x225.jpg 300w, https:\/\/www.oliver-kilb.de\/www\/wp-content\/uploads\/2024\/09\/2024-09-15_Schlinig-Alm_iPhone_46-768x576.jpg 768w, https:\/\/www.oliver-kilb.de\/www\/wp-content\/uploads\/2024\/09\/2024-09-15_Schlinig-Alm_iPhone_46-1536x1152.jpg 1536w\" sizes=\"auto, (max-width: 2048px) 100vw, 2048px\" \/><\/a><figcaption class=\"wp-element-caption\">Kurz vor der Schliniger Alm.<\/figcaption><\/figure>\n<\/div>\n\n\n<p>Vom Dorfende sind es nochmal knappe 45 Minuten bis zur Schliniger Alm. Man kann diesen Teil des Weges als Rundweg planen: Ein Weg f\u00fchrt durch den Wald und liegt daher bis kurz vorm Ziel im Schatten, und ein zweiter Weg f\u00fchrt \u00fcber die Felder zur\u00fcck, immer in der Sonne. <\/p>\n\n\n\n<p>Die Alm ist ein hervorragender Ort f\u00fcr eine Rast, denn von hier aus hat man in alle Richtungen ein sch\u00f6nes Panorama. Zum Beispiel zum F\u00f6llakopf, der fast 2.900 Meter hoch ist. Die Wanderung l\u00e4sst sich bequem erweitern, zum Beispiel zur <a href=\"https:\/\/www.sesvenna.net\/\">Sesvennah\u00fctte<\/a>, f\u00fcr die man nochmal knappe 350 Meter aufsteigen muss.<\/p>\n\n\n\n<p>Von Schlinig aus ist der Weg zur Schliniger Alm hervorragend f\u00fcr Familien und kleinen Kindern \u00fcber Forstwege erreichbar. Der Weg \u00fcber die Felder ist sogar bis kurz vor der Alm asphaltiert.<\/p>\n\n\n\n<figure class=\"wp-block-gallery has-nested-images columns-5 is-cropped wp-block-gallery-2 is-layout-flex wp-block-gallery-is-layout-flex\">\n<figure class=\"wp-block-image size-large\"><img loading=\"lazy\" decoding=\"async\" width=\"2048\" height=\"1536\" data-id=\"23864\" src=\"https:\/\/www.oliver-kilb.de\/www\/wp-content\/uploads\/2024\/09\/2024-09-15_Schlinig-Alm_iPhone_29.jpg\" alt=\"\" class=\"wp-image-23864\" srcset=\"https:\/\/www.oliver-kilb.de\/www\/wp-content\/uploads\/2024\/09\/2024-09-15_Schlinig-Alm_iPhone_29.jpg 2048w, https:\/\/www.oliver-kilb.de\/www\/wp-content\/uploads\/2024\/09\/2024-09-15_Schlinig-Alm_iPhone_29-500x375.jpg 500w, https:\/\/www.oliver-kilb.de\/www\/wp-content\/uploads\/2024\/09\/2024-09-15_Schlinig-Alm_iPhone_29-300x225.jpg 300w, https:\/\/www.oliver-kilb.de\/www\/wp-content\/uploads\/2024\/09\/2024-09-15_Schlinig-Alm_iPhone_29-768x576.jpg 768w, https:\/\/www.oliver-kilb.de\/www\/wp-content\/uploads\/2024\/09\/2024-09-15_Schlinig-Alm_iPhone_29-1536x1152.jpg 1536w\" sizes=\"auto, (max-width: 2048px) 100vw, 2048px\" \/><\/figure>\n\n\n\n<figure class=\"wp-block-image size-large\"><img loading=\"lazy\" decoding=\"async\" width=\"2048\" height=\"1536\" data-id=\"23862\" src=\"https:\/\/www.oliver-kilb.de\/www\/wp-content\/uploads\/2024\/09\/2024-09-15_Schlinig-Alm_iPhone_38.jpg\" alt=\"\" class=\"wp-image-23862\" srcset=\"https:\/\/www.oliver-kilb.de\/www\/wp-content\/uploads\/2024\/09\/2024-09-15_Schlinig-Alm_iPhone_38.jpg 2048w, https:\/\/www.oliver-kilb.de\/www\/wp-content\/uploads\/2024\/09\/2024-09-15_Schlinig-Alm_iPhone_38-500x375.jpg 500w, https:\/\/www.oliver-kilb.de\/www\/wp-content\/uploads\/2024\/09\/2024-09-15_Schlinig-Alm_iPhone_38-300x225.jpg 300w, https:\/\/www.oliver-kilb.de\/www\/wp-content\/uploads\/2024\/09\/2024-09-15_Schlinig-Alm_iPhone_38-768x576.jpg 768w, https:\/\/www.oliver-kilb.de\/www\/wp-content\/uploads\/2024\/09\/2024-09-15_Schlinig-Alm_iPhone_38-1536x1152.jpg 1536w\" sizes=\"auto, (max-width: 2048px) 100vw, 2048px\" \/><\/figure>\n\n\n\n<figure class=\"wp-block-image size-large\"><img loading=\"lazy\" decoding=\"async\" width=\"2048\" height=\"1536\" data-id=\"23869\" src=\"https:\/\/www.oliver-kilb.de\/www\/wp-content\/uploads\/2024\/09\/2024-09-15_Schlinig-Alm_iPhone_52.jpg\" alt=\"\" class=\"wp-image-23869\" srcset=\"https:\/\/www.oliver-kilb.de\/www\/wp-content\/uploads\/2024\/09\/2024-09-15_Schlinig-Alm_iPhone_52.jpg 2048w, https:\/\/www.oliver-kilb.de\/www\/wp-content\/uploads\/2024\/09\/2024-09-15_Schlinig-Alm_iPhone_52-500x375.jpg 500w, https:\/\/www.oliver-kilb.de\/www\/wp-content\/uploads\/2024\/09\/2024-09-15_Schlinig-Alm_iPhone_52-300x225.jpg 300w, https:\/\/www.oliver-kilb.de\/www\/wp-content\/uploads\/2024\/09\/2024-09-15_Schlinig-Alm_iPhone_52-768x576.jpg 768w, https:\/\/www.oliver-kilb.de\/www\/wp-content\/uploads\/2024\/09\/2024-09-15_Schlinig-Alm_iPhone_52-1536x1152.jpg 1536w\" sizes=\"auto, (max-width: 2048px) 100vw, 2048px\" \/><\/figure>\n\n\n\n<figure class=\"wp-block-image size-large\"><img loading=\"lazy\" decoding=\"async\" width=\"2048\" height=\"1536\" data-id=\"23872\" src=\"https:\/\/www.oliver-kilb.de\/www\/wp-content\/uploads\/2024\/09\/2024-09-15_Schlinig-Alm_iPhone_58.jpg\" alt=\"\" class=\"wp-image-23872\" srcset=\"https:\/\/www.oliver-kilb.de\/www\/wp-content\/uploads\/2024\/09\/2024-09-15_Schlinig-Alm_iPhone_58.jpg 2048w, https:\/\/www.oliver-kilb.de\/www\/wp-content\/uploads\/2024\/09\/2024-09-15_Schlinig-Alm_iPhone_58-500x375.jpg 500w, https:\/\/www.oliver-kilb.de\/www\/wp-content\/uploads\/2024\/09\/2024-09-15_Schlinig-Alm_iPhone_58-300x225.jpg 300w, https:\/\/www.oliver-kilb.de\/www\/wp-content\/uploads\/2024\/09\/2024-09-15_Schlinig-Alm_iPhone_58-768x576.jpg 768w, https:\/\/www.oliver-kilb.de\/www\/wp-content\/uploads\/2024\/09\/2024-09-15_Schlinig-Alm_iPhone_58-1536x1152.jpg 1536w\" sizes=\"auto, (max-width: 2048px) 100vw, 2048px\" \/><\/figure>\n\n\n\n<figure class=\"wp-block-image size-large\"><img loading=\"lazy\" decoding=\"async\" width=\"2048\" height=\"1536\" data-id=\"23863\" src=\"https:\/\/www.oliver-kilb.de\/www\/wp-content\/uploads\/2024\/09\/2024-09-15_Schlinig-Alm_iPhone_64.jpg\" alt=\"\" class=\"wp-image-23863\" srcset=\"https:\/\/www.oliver-kilb.de\/www\/wp-content\/uploads\/2024\/09\/2024-09-15_Schlinig-Alm_iPhone_64.jpg 2048w, https:\/\/www.oliver-kilb.de\/www\/wp-content\/uploads\/2024\/09\/2024-09-15_Schlinig-Alm_iPhone_64-500x375.jpg 500w, https:\/\/www.oliver-kilb.de\/www\/wp-content\/uploads\/2024\/09\/2024-09-15_Schlinig-Alm_iPhone_64-300x225.jpg 300w, https:\/\/www.oliver-kilb.de\/www\/wp-content\/uploads\/2024\/09\/2024-09-15_Schlinig-Alm_iPhone_64-768x576.jpg 768w, https:\/\/www.oliver-kilb.de\/www\/wp-content\/uploads\/2024\/09\/2024-09-15_Schlinig-Alm_iPhone_64-1536x1152.jpg 1536w\" sizes=\"auto, (max-width: 2048px) 100vw, 2048px\" \/><\/figure>\n\n\n\n<figure class=\"wp-block-image size-large\"><img loading=\"lazy\" decoding=\"async\" width=\"2048\" height=\"1365\" data-id=\"23873\" src=\"https:\/\/www.oliver-kilb.de\/www\/wp-content\/uploads\/2024\/09\/2024-09-15_Schlinig-Alm16.jpg\" alt=\"\" class=\"wp-image-23873\" srcset=\"https:\/\/www.oliver-kilb.de\/www\/wp-content\/uploads\/2024\/09\/2024-09-15_Schlinig-Alm16.jpg 2048w, https:\/\/www.oliver-kilb.de\/www\/wp-content\/uploads\/2024\/09\/2024-09-15_Schlinig-Alm16-500x333.jpg 500w, https:\/\/www.oliver-kilb.de\/www\/wp-content\/uploads\/2024\/09\/2024-09-15_Schlinig-Alm16-300x200.jpg 300w, https:\/\/www.oliver-kilb.de\/www\/wp-content\/uploads\/2024\/09\/2024-09-15_Schlinig-Alm16-768x512.jpg 768w, https:\/\/www.oliver-kilb.de\/www\/wp-content\/uploads\/2024\/09\/2024-09-15_Schlinig-Alm16-1536x1024.jpg 1536w\" sizes=\"auto, (max-width: 2048px) 100vw, 2048px\" \/><\/figure>\n\n\n\n<figure class=\"wp-block-image size-large\"><img loading=\"lazy\" decoding=\"async\" width=\"2048\" height=\"1364\" data-id=\"23867\" src=\"https:\/\/www.oliver-kilb.de\/www\/wp-content\/uploads\/2024\/09\/2024-09-15_Schlinig-Alm18.jpg\" alt=\"\" class=\"wp-image-23867\" srcset=\"https:\/\/www.oliver-kilb.de\/www\/wp-content\/uploads\/2024\/09\/2024-09-15_Schlinig-Alm18.jpg 2048w, https:\/\/www.oliver-kilb.de\/www\/wp-content\/uploads\/2024\/09\/2024-09-15_Schlinig-Alm18-500x333.jpg 500w, https:\/\/www.oliver-kilb.de\/www\/wp-content\/uploads\/2024\/09\/2024-09-15_Schlinig-Alm18-300x200.jpg 300w, https:\/\/www.oliver-kilb.de\/www\/wp-content\/uploads\/2024\/09\/2024-09-15_Schlinig-Alm18-768x512.jpg 768w, https:\/\/www.oliver-kilb.de\/www\/wp-content\/uploads\/2024\/09\/2024-09-15_Schlinig-Alm18-1536x1023.jpg 1536w\" sizes=\"auto, (max-width: 2048px) 100vw, 2048px\" \/><\/figure>\n\n\n\n<figure class=\"wp-block-image size-large\"><img loading=\"lazy\" decoding=\"async\" width=\"2048\" height=\"1365\" data-id=\"23860\" src=\"https:\/\/www.oliver-kilb.de\/www\/wp-content\/uploads\/2024\/09\/2024-09-15_Schlinig-Alm21.jpg\" alt=\"\" class=\"wp-image-23860\" srcset=\"https:\/\/www.oliver-kilb.de\/www\/wp-content\/uploads\/2024\/09\/2024-09-15_Schlinig-Alm21.jpg 2048w, https:\/\/www.oliver-kilb.de\/www\/wp-content\/uploads\/2024\/09\/2024-09-15_Schlinig-Alm21-500x333.jpg 500w, https:\/\/www.oliver-kilb.de\/www\/wp-content\/uploads\/2024\/09\/2024-09-15_Schlinig-Alm21-300x200.jpg 300w, https:\/\/www.oliver-kilb.de\/www\/wp-content\/uploads\/2024\/09\/2024-09-15_Schlinig-Alm21-768x512.jpg 768w, https:\/\/www.oliver-kilb.de\/www\/wp-content\/uploads\/2024\/09\/2024-09-15_Schlinig-Alm21-1536x1024.jpg 1536w\" sizes=\"auto, (max-width: 2048px) 100vw, 2048px\" \/><\/figure>\n\n\n\n<figure class=\"wp-block-image size-large\"><img loading=\"lazy\" decoding=\"async\" width=\"2048\" height=\"1364\" data-id=\"23874\" src=\"https:\/\/www.oliver-kilb.de\/www\/wp-content\/uploads\/2024\/09\/2024-09-15_Schlinig-Alm22.jpg\" alt=\"\" class=\"wp-image-23874\" srcset=\"https:\/\/www.oliver-kilb.de\/www\/wp-content\/uploads\/2024\/09\/2024-09-15_Schlinig-Alm22.jpg 2048w, https:\/\/www.oliver-kilb.de\/www\/wp-content\/uploads\/2024\/09\/2024-09-15_Schlinig-Alm22-500x333.jpg 500w, https:\/\/www.oliver-kilb.de\/www\/wp-content\/uploads\/2024\/09\/2024-09-15_Schlinig-Alm22-300x200.jpg 300w, https:\/\/www.oliver-kilb.de\/www\/wp-content\/uploads\/2024\/09\/2024-09-15_Schlinig-Alm22-768x512.jpg 768w, https:\/\/www.oliver-kilb.de\/www\/wp-content\/uploads\/2024\/09\/2024-09-15_Schlinig-Alm22-1536x1023.jpg 1536w\" sizes=\"auto, (max-width: 2048px) 100vw, 2048px\" \/><\/figure>\n\n\n\n<figure class=\"wp-block-image size-large\"><img loading=\"lazy\" decoding=\"async\" width=\"2048\" height=\"1364\" data-id=\"23870\" src=\"https:\/\/www.oliver-kilb.de\/www\/wp-content\/uploads\/2024\/09\/2024-09-15_Schlinig-Alm24.jpg\" alt=\"\" class=\"wp-image-23870\" srcset=\"https:\/\/www.oliver-kilb.de\/www\/wp-content\/uploads\/2024\/09\/2024-09-15_Schlinig-Alm24.jpg 2048w, https:\/\/www.oliver-kilb.de\/www\/wp-content\/uploads\/2024\/09\/2024-09-15_Schlinig-Alm24-500x333.jpg 500w, https:\/\/www.oliver-kilb.de\/www\/wp-content\/uploads\/2024\/09\/2024-09-15_Schlinig-Alm24-300x200.jpg 300w, https:\/\/www.oliver-kilb.de\/www\/wp-content\/uploads\/2024\/09\/2024-09-15_Schlinig-Alm24-768x512.jpg 768w, https:\/\/www.oliver-kilb.de\/www\/wp-content\/uploads\/2024\/09\/2024-09-15_Schlinig-Alm24-1536x1023.jpg 1536w\" sizes=\"auto, (max-width: 2048px) 100vw, 2048px\" \/><\/figure>\n\n\n\n<figure class=\"wp-block-image size-large\"><img loading=\"lazy\" decoding=\"async\" width=\"2048\" height=\"1365\" data-id=\"23868\" src=\"https:\/\/www.oliver-kilb.de\/www\/wp-content\/uploads\/2024\/09\/2024-09-15_Schlinig-Alm26.jpg\" alt=\"\" class=\"wp-image-23868\" srcset=\"https:\/\/www.oliver-kilb.de\/www\/wp-content\/uploads\/2024\/09\/2024-09-15_Schlinig-Alm26.jpg 2048w, https:\/\/www.oliver-kilb.de\/www\/wp-content\/uploads\/2024\/09\/2024-09-15_Schlinig-Alm26-500x333.jpg 500w, https:\/\/www.oliver-kilb.de\/www\/wp-content\/uploads\/2024\/09\/2024-09-15_Schlinig-Alm26-300x200.jpg 300w, https:\/\/www.oliver-kilb.de\/www\/wp-content\/uploads\/2024\/09\/2024-09-15_Schlinig-Alm26-768x512.jpg 768w, https:\/\/www.oliver-kilb.de\/www\/wp-content\/uploads\/2024\/09\/2024-09-15_Schlinig-Alm26-1536x1024.jpg 1536w\" sizes=\"auto, (max-width: 2048px) 100vw, 2048px\" \/><\/figure>\n\n\n\n<figure class=\"wp-block-image size-large\"><img loading=\"lazy\" decoding=\"async\" width=\"2048\" height=\"1365\" data-id=\"23871\" src=\"https:\/\/www.oliver-kilb.de\/www\/wp-content\/uploads\/2024\/09\/2024-09-15_Schlinig-Alm31.jpg\" alt=\"\" class=\"wp-image-23871\" srcset=\"https:\/\/www.oliver-kilb.de\/www\/wp-content\/uploads\/2024\/09\/2024-09-15_Schlinig-Alm31.jpg 2048w, https:\/\/www.oliver-kilb.de\/www\/wp-content\/uploads\/2024\/09\/2024-09-15_Schlinig-Alm31-500x333.jpg 500w, https:\/\/www.oliver-kilb.de\/www\/wp-content\/uploads\/2024\/09\/2024-09-15_Schlinig-Alm31-300x200.jpg 300w, https:\/\/www.oliver-kilb.de\/www\/wp-content\/uploads\/2024\/09\/2024-09-15_Schlinig-Alm31-768x512.jpg 768w, https:\/\/www.oliver-kilb.de\/www\/wp-content\/uploads\/2024\/09\/2024-09-15_Schlinig-Alm31-1536x1024.jpg 1536w\" sizes=\"auto, (max-width: 2048px) 100vw, 2048px\" \/><\/figure>\n\n\n\n<figure class=\"wp-block-image size-large\"><img loading=\"lazy\" decoding=\"async\" width=\"2048\" height=\"1365\" data-id=\"23861\" src=\"https:\/\/www.oliver-kilb.de\/www\/wp-content\/uploads\/2024\/09\/2024-09-15_Schlinig-Alm35.jpg\" alt=\"\" class=\"wp-image-23861\" srcset=\"https:\/\/www.oliver-kilb.de\/www\/wp-content\/uploads\/2024\/09\/2024-09-15_Schlinig-Alm35.jpg 2048w, https:\/\/www.oliver-kilb.de\/www\/wp-content\/uploads\/2024\/09\/2024-09-15_Schlinig-Alm35-500x333.jpg 500w, https:\/\/www.oliver-kilb.de\/www\/wp-content\/uploads\/2024\/09\/2024-09-15_Schlinig-Alm35-300x200.jpg 300w, https:\/\/www.oliver-kilb.de\/www\/wp-content\/uploads\/2024\/09\/2024-09-15_Schlinig-Alm35-768x512.jpg 768w, https:\/\/www.oliver-kilb.de\/www\/wp-content\/uploads\/2024\/09\/2024-09-15_Schlinig-Alm35-1536x1024.jpg 1536w\" sizes=\"auto, (max-width: 2048px) 100vw, 2048px\" \/><\/figure>\n\n\n\n<figure class=\"wp-block-image size-large\"><img loading=\"lazy\" decoding=\"async\" width=\"2048\" height=\"1364\" data-id=\"23859\" src=\"https:\/\/www.oliver-kilb.de\/www\/wp-content\/uploads\/2024\/09\/2024-09-15_Schlinig-Alm52.jpg\" alt=\"\" class=\"wp-image-23859\" srcset=\"https:\/\/www.oliver-kilb.de\/www\/wp-content\/uploads\/2024\/09\/2024-09-15_Schlinig-Alm52.jpg 2048w, https:\/\/www.oliver-kilb.de\/www\/wp-content\/uploads\/2024\/09\/2024-09-15_Schlinig-Alm52-500x333.jpg 500w, https:\/\/www.oliver-kilb.de\/www\/wp-content\/uploads\/2024\/09\/2024-09-15_Schlinig-Alm52-300x200.jpg 300w, https:\/\/www.oliver-kilb.de\/www\/wp-content\/uploads\/2024\/09\/2024-09-15_Schlinig-Alm52-768x512.jpg 768w, https:\/\/www.oliver-kilb.de\/www\/wp-content\/uploads\/2024\/09\/2024-09-15_Schlinig-Alm52-1536x1023.jpg 1536w\" sizes=\"auto, (max-width: 2048px) 100vw, 2048px\" \/><\/figure>\n\n\n\n<figure class=\"wp-block-image size-large\"><img loading=\"lazy\" decoding=\"async\" width=\"2048\" height=\"1364\" data-id=\"23866\" src=\"https:\/\/www.oliver-kilb.de\/www\/wp-content\/uploads\/2024\/09\/2024-09-15_Schlinig-Alm53.jpg\" alt=\"\" class=\"wp-image-23866\" srcset=\"https:\/\/www.oliver-kilb.de\/www\/wp-content\/uploads\/2024\/09\/2024-09-15_Schlinig-Alm53.jpg 2048w, https:\/\/www.oliver-kilb.de\/www\/wp-content\/uploads\/2024\/09\/2024-09-15_Schlinig-Alm53-500x333.jpg 500w, https:\/\/www.oliver-kilb.de\/www\/wp-content\/uploads\/2024\/09\/2024-09-15_Schlinig-Alm53-300x200.jpg 300w, https:\/\/www.oliver-kilb.de\/www\/wp-content\/uploads\/2024\/09\/2024-09-15_Schlinig-Alm53-768x512.jpg 768w, https:\/\/www.oliver-kilb.de\/www\/wp-content\/uploads\/2024\/09\/2024-09-15_Schlinig-Alm53-1536x1023.jpg 1536w\" sizes=\"auto, (max-width: 2048px) 100vw, 2048px\" \/><\/figure>\n\n\n\n<figure class=\"wp-block-image size-large\"><img loading=\"lazy\" decoding=\"async\" width=\"2048\" height=\"1365\" data-id=\"23865\" src=\"https:\/\/www.oliver-kilb.de\/www\/wp-content\/uploads\/2024\/09\/2024-09-15_Schlinig-Alm55.jpg\" alt=\"\" class=\"wp-image-23865\" srcset=\"https:\/\/www.oliver-kilb.de\/www\/wp-content\/uploads\/2024\/09\/2024-09-15_Schlinig-Alm55.jpg 2048w, https:\/\/www.oliver-kilb.de\/www\/wp-content\/uploads\/2024\/09\/2024-09-15_Schlinig-Alm55-500x333.jpg 500w, https:\/\/www.oliver-kilb.de\/www\/wp-content\/uploads\/2024\/09\/2024-09-15_Schlinig-Alm55-300x200.jpg 300w, https:\/\/www.oliver-kilb.de\/www\/wp-content\/uploads\/2024\/09\/2024-09-15_Schlinig-Alm55-768x512.jpg 768w, https:\/\/www.oliver-kilb.de\/www\/wp-content\/uploads\/2024\/09\/2024-09-15_Schlinig-Alm55-1536x1024.jpg 1536w\" sizes=\"auto, (max-width: 2048px) 100vw, 2048px\" \/><\/figure>\n<figcaption class=\"blocks-gallery-caption wp-element-caption\">Auf dem Weg zur Schliniger Alm, untergehende Sonne im Vinschgau.<\/figcaption><\/figure>\n\n\n\n<p>Die Wanderung fand am 15. September 2024 statt.<\/p>\n","protected":false},"excerpt":{"rendered":"<p>Sonne und Schnee &#8211; so ging es bei einer leichten Tour zur Schliniger Alm auf knapp 1.900m H\u00f6he mit toller Aussicht.<\/p>\n","protected":false},"author":1,"featured_media":23872,"comment_status":"open","ping_status":"open","sticky":false,"template":"","format":"standard","meta":{"iawp_total_views":9,"footnotes":""},"categories":[15,272],"tags":[276,273,274,275],"class_list":["post-23847","post","type-post","status-publish","format-standard","has-post-thumbnail","hentry","category-blog","category-suedtirol-vinschgau","tag-foellakopf","tag-schlinig","tag-schliniger-alm","tag-sesvennahuette"],"yoast_head":"<!-- This site is optimized with the Yoast SEO plugin v27.3 - https:\/\/yoast.com\/product\/yoast-seo-wordpress\/ -->\n<title>Zur Schliniger Alm (1.868m). - Japan, Wandern und Multimedia<\/title>\n<meta name=\"description\" content=\"Sonne und Schnee - so ging es bei einer leichten Tour zur Schliniger Alm auf knapp 1.900m H\u00f6he mit toller Aussicht.\" \/>\n<meta name=\"robots\" content=\"index, follow, max-snippet:-1, max-image-preview:large, max-video-preview:-1\" \/>\n<link rel=\"canonical\" href=\"https:\/\/www.oliver-kilb.de\/www\/2024\/09\/15\/zur-schliniger-alm-1-868m\/\" \/>\n<meta property=\"og:locale\" content=\"de_DE\" \/>\n<meta property=\"og:type\" content=\"article\" \/>\n<meta property=\"og:title\" content=\"Zur Schliniger Alm (1.868m). - Japan, Wandern und Multimedia\" \/>\n<meta property=\"og:description\" content=\"Sonne und Schnee - so ging es bei einer leichten Tour zur Schliniger Alm auf knapp 1.900m H\u00f6he mit toller Aussicht.\" \/>\n<meta property=\"og:url\" content=\"https:\/\/www.oliver-kilb.de\/www\/2024\/09\/15\/zur-schliniger-alm-1-868m\/\" \/>\n<meta property=\"og:site_name\" content=\"Japan, Wandern und Multimedia\" \/>\n<meta property=\"article:published_time\" content=\"2024-09-14T22:00:00+00:00\" \/>\n<meta property=\"article:modified_time\" content=\"2024-09-22T19:09:31+00:00\" \/>\n<meta property=\"og:image\" content=\"https:\/\/www.oliver-kilb.de\/www\/wp-content\/uploads\/2024\/09\/2024-09-15_Schlinig-Alm_iPhone_58.jpg\" \/>\n\t<meta property=\"og:image:width\" content=\"2048\" \/>\n\t<meta property=\"og:image:height\" content=\"1536\" \/>\n\t<meta property=\"og:image:type\" content=\"image\/jpeg\" \/>\n<meta name=\"author\" content=\"Oliver Kilb\" \/>\n<meta name=\"twitter:card\" content=\"summary_large_image\" \/>\n<meta name=\"twitter:label1\" content=\"Verfasst von\" \/>\n\t<meta name=\"twitter:data1\" content=\"Oliver Kilb\" \/>\n\t<meta name=\"twitter:label2\" content=\"Gesch\u00e4tzte Lesezeit\" \/>\n\t<meta name=\"twitter:data2\" content=\"7\u00a0Minuten\" \/>\n<script type=\"application\/ld+json\" class=\"yoast-schema-graph\">{\"@context\":\"https:\\\/\\\/schema.org\",\"@graph\":[{\"@type\":\"Article\",\"@id\":\"https:\\\/\\\/www.oliver-kilb.de\\\/www\\\/2024\\\/09\\\/15\\\/zur-schliniger-alm-1-868m\\\/#article\",\"isPartOf\":{\"@id\":\"https:\\\/\\\/www.oliver-kilb.de\\\/www\\\/2024\\\/09\\\/15\\\/zur-schliniger-alm-1-868m\\\/\"},\"author\":{\"name\":\"Oliver Kilb\",\"@id\":\"https:\\\/\\\/www.oliver-kilb.de\\\/www\\\/#\\\/schema\\\/person\\\/c2b19a881050135aa248a8851b7b4250\"},\"headline\":\"Zur Schliniger Alm (1.868m).\",\"datePublished\":\"2024-09-14T22:00:00+00:00\",\"dateModified\":\"2024-09-22T19:09:31+00:00\",\"mainEntityOfPage\":{\"@id\":\"https:\\\/\\\/www.oliver-kilb.de\\\/www\\\/2024\\\/09\\\/15\\\/zur-schliniger-alm-1-868m\\\/\"},\"wordCount\":329,\"commentCount\":1,\"publisher\":{\"@id\":\"https:\\\/\\\/www.oliver-kilb.de\\\/www\\\/#organization\"},\"image\":{\"@id\":\"https:\\\/\\\/www.oliver-kilb.de\\\/www\\\/2024\\\/09\\\/15\\\/zur-schliniger-alm-1-868m\\\/#primaryimage\"},\"thumbnailUrl\":\"https:\\\/\\\/www.oliver-kilb.de\\\/www\\\/wp-content\\\/uploads\\\/2024\\\/09\\\/2024-09-15_Schlinig-Alm_iPhone_58.jpg\",\"keywords\":[\"F\u00f6llakopf\",\"Schlinig\",\"Schliniger Alm\",\"Sesvennah\u00fctte\"],\"articleSection\":[\"Blog\",\"Vinschgau\"],\"inLanguage\":\"de\",\"potentialAction\":[{\"@type\":\"CommentAction\",\"name\":\"Comment\",\"target\":[\"https:\\\/\\\/www.oliver-kilb.de\\\/www\\\/2024\\\/09\\\/15\\\/zur-schliniger-alm-1-868m\\\/#respond\"]}]},{\"@type\":\"WebPage\",\"@id\":\"https:\\\/\\\/www.oliver-kilb.de\\\/www\\\/2024\\\/09\\\/15\\\/zur-schliniger-alm-1-868m\\\/\",\"url\":\"https:\\\/\\\/www.oliver-kilb.de\\\/www\\\/2024\\\/09\\\/15\\\/zur-schliniger-alm-1-868m\\\/\",\"name\":\"Zur Schliniger Alm (1.868m). - Japan, Wandern und Multimedia\",\"isPartOf\":{\"@id\":\"https:\\\/\\\/www.oliver-kilb.de\\\/www\\\/#website\"},\"primaryImageOfPage\":{\"@id\":\"https:\\\/\\\/www.oliver-kilb.de\\\/www\\\/2024\\\/09\\\/15\\\/zur-schliniger-alm-1-868m\\\/#primaryimage\"},\"image\":{\"@id\":\"https:\\\/\\\/www.oliver-kilb.de\\\/www\\\/2024\\\/09\\\/15\\\/zur-schliniger-alm-1-868m\\\/#primaryimage\"},\"thumbnailUrl\":\"https:\\\/\\\/www.oliver-kilb.de\\\/www\\\/wp-content\\\/uploads\\\/2024\\\/09\\\/2024-09-15_Schlinig-Alm_iPhone_58.jpg\",\"datePublished\":\"2024-09-14T22:00:00+00:00\",\"dateModified\":\"2024-09-22T19:09:31+00:00\",\"description\":\"Sonne und Schnee - so ging es bei einer leichten Tour zur Schliniger Alm auf knapp 1.900m H\u00f6he mit toller Aussicht.\",\"breadcrumb\":{\"@id\":\"https:\\\/\\\/www.oliver-kilb.de\\\/www\\\/2024\\\/09\\\/15\\\/zur-schliniger-alm-1-868m\\\/#breadcrumb\"},\"inLanguage\":\"de\",\"potentialAction\":[{\"@type\":\"ReadAction\",\"target\":[\"https:\\\/\\\/www.oliver-kilb.de\\\/www\\\/2024\\\/09\\\/15\\\/zur-schliniger-alm-1-868m\\\/\"]}]},{\"@type\":\"ImageObject\",\"inLanguage\":\"de\",\"@id\":\"https:\\\/\\\/www.oliver-kilb.de\\\/www\\\/2024\\\/09\\\/15\\\/zur-schliniger-alm-1-868m\\\/#primaryimage\",\"url\":\"https:\\\/\\\/www.oliver-kilb.de\\\/www\\\/wp-content\\\/uploads\\\/2024\\\/09\\\/2024-09-15_Schlinig-Alm_iPhone_58.jpg\",\"contentUrl\":\"https:\\\/\\\/www.oliver-kilb.de\\\/www\\\/wp-content\\\/uploads\\\/2024\\\/09\\\/2024-09-15_Schlinig-Alm_iPhone_58.jpg\",\"width\":2048,\"height\":1536,\"caption\":\"Die Schliniger Alm.\"},{\"@type\":\"BreadcrumbList\",\"@id\":\"https:\\\/\\\/www.oliver-kilb.de\\\/www\\\/2024\\\/09\\\/15\\\/zur-schliniger-alm-1-868m\\\/#breadcrumb\",\"itemListElement\":[{\"@type\":\"ListItem\",\"position\":1,\"name\":\"Startseite\",\"item\":\"https:\\\/\\\/www.oliver-kilb.de\\\/www\\\/\"},{\"@type\":\"ListItem\",\"position\":2,\"name\":\"Zur Schliniger Alm (1.868m).\"}]},{\"@type\":\"WebSite\",\"@id\":\"https:\\\/\\\/www.oliver-kilb.de\\\/www\\\/#website\",\"url\":\"https:\\\/\\\/www.oliver-kilb.de\\\/www\\\/\",\"name\":\"Japan, Wandern und Multimedia\",\"description\":\"\",\"publisher\":{\"@id\":\"https:\\\/\\\/www.oliver-kilb.de\\\/www\\\/#organization\"},\"potentialAction\":[{\"@type\":\"SearchAction\",\"target\":{\"@type\":\"EntryPoint\",\"urlTemplate\":\"https:\\\/\\\/www.oliver-kilb.de\\\/www\\\/?s={search_term_string}\"},\"query-input\":{\"@type\":\"PropertyValueSpecification\",\"valueRequired\":true,\"valueName\":\"search_term_string\"}}],\"inLanguage\":\"de\"},{\"@type\":\"Organization\",\"@id\":\"https:\\\/\\\/www.oliver-kilb.de\\\/www\\\/#organization\",\"name\":\"Japan, Wandern und Multimedia\",\"url\":\"https:\\\/\\\/www.oliver-kilb.de\\\/www\\\/\",\"logo\":{\"@type\":\"ImageObject\",\"inLanguage\":\"de\",\"@id\":\"https:\\\/\\\/www.oliver-kilb.de\\\/www\\\/#\\\/schema\\\/logo\\\/image\\\/\",\"url\":\"https:\\\/\\\/www.oliver-kilb.de\\\/www\\\/wp-content\\\/uploads\\\/2024\\\/07\\\/Fushimi-Inari-Schrein_075_DxO.jpg\",\"contentUrl\":\"https:\\\/\\\/www.oliver-kilb.de\\\/www\\\/wp-content\\\/uploads\\\/2024\\\/07\\\/Fushimi-Inari-Schrein_075_DxO.jpg\",\"width\":1380,\"height\":301,\"caption\":\"Japan, Wandern und Multimedia\"},\"image\":{\"@id\":\"https:\\\/\\\/www.oliver-kilb.de\\\/www\\\/#\\\/schema\\\/logo\\\/image\\\/\"}},{\"@type\":\"Person\",\"@id\":\"https:\\\/\\\/www.oliver-kilb.de\\\/www\\\/#\\\/schema\\\/person\\\/c2b19a881050135aa248a8851b7b4250\",\"name\":\"Oliver Kilb\",\"image\":{\"@type\":\"ImageObject\",\"inLanguage\":\"de\",\"@id\":\"https:\\\/\\\/secure.gravatar.com\\\/avatar\\\/4da50eb2c6eb71b0641229eed4a38d05c8d4b458a59355cca0d02b57303d6ffd?s=96&d=mm&r=g\",\"url\":\"https:\\\/\\\/secure.gravatar.com\\\/avatar\\\/4da50eb2c6eb71b0641229eed4a38d05c8d4b458a59355cca0d02b57303d6ffd?s=96&d=mm&r=g\",\"contentUrl\":\"https:\\\/\\\/secure.gravatar.com\\\/avatar\\\/4da50eb2c6eb71b0641229eed4a38d05c8d4b458a59355cca0d02b57303d6ffd?s=96&d=mm&r=g\",\"caption\":\"Oliver Kilb\"},\"sameAs\":[\"https:\\\/\\\/www.oliver-kilb.de\\\/www\"],\"url\":\"https:\\\/\\\/www.oliver-kilb.de\\\/www\\\/author\\\/oliver-kilb\\\/\"}]}<\/script>\n<!-- \/ Yoast SEO plugin. -->","yoast_head_json":{"title":"Zur Schliniger Alm (1.868m). - Japan, Wandern und Multimedia","description":"Sonne und Schnee - so ging es bei einer leichten Tour zur Schliniger Alm auf knapp 1.900m H\u00f6he mit toller Aussicht.","robots":{"index":"index","follow":"follow","max-snippet":"max-snippet:-1","max-image-preview":"max-image-preview:large","max-video-preview":"max-video-preview:-1"},"canonical":"https:\/\/www.oliver-kilb.de\/www\/2024\/09\/15\/zur-schliniger-alm-1-868m\/","og_locale":"de_DE","og_type":"article","og_title":"Zur Schliniger Alm (1.868m). - Japan, Wandern und Multimedia","og_description":"Sonne und Schnee - so ging es bei einer leichten Tour zur Schliniger Alm auf knapp 1.900m H\u00f6he mit toller Aussicht.","og_url":"https:\/\/www.oliver-kilb.de\/www\/2024\/09\/15\/zur-schliniger-alm-1-868m\/","og_site_name":"Japan, Wandern und Multimedia","article_published_time":"2024-09-14T22:00:00+00:00","article_modified_time":"2024-09-22T19:09:31+00:00","og_image":[{"width":2048,"height":1536,"url":"https:\/\/www.oliver-kilb.de\/www\/wp-content\/uploads\/2024\/09\/2024-09-15_Schlinig-Alm_iPhone_58.jpg","type":"image\/jpeg"}],"author":"Oliver Kilb","twitter_card":"summary_large_image","twitter_misc":{"Verfasst von":"Oliver Kilb","Gesch\u00e4tzte Lesezeit":"7\u00a0Minuten"},"schema":{"@context":"https:\/\/schema.org","@graph":[{"@type":"Article","@id":"https:\/\/www.oliver-kilb.de\/www\/2024\/09\/15\/zur-schliniger-alm-1-868m\/#article","isPartOf":{"@id":"https:\/\/www.oliver-kilb.de\/www\/2024\/09\/15\/zur-schliniger-alm-1-868m\/"},"author":{"name":"Oliver Kilb","@id":"https:\/\/www.oliver-kilb.de\/www\/#\/schema\/person\/c2b19a881050135aa248a8851b7b4250"},"headline":"Zur Schliniger Alm (1.868m).","datePublished":"2024-09-14T22:00:00+00:00","dateModified":"2024-09-22T19:09:31+00:00","mainEntityOfPage":{"@id":"https:\/\/www.oliver-kilb.de\/www\/2024\/09\/15\/zur-schliniger-alm-1-868m\/"},"wordCount":329,"commentCount":1,"publisher":{"@id":"https:\/\/www.oliver-kilb.de\/www\/#organization"},"image":{"@id":"https:\/\/www.oliver-kilb.de\/www\/2024\/09\/15\/zur-schliniger-alm-1-868m\/#primaryimage"},"thumbnailUrl":"https:\/\/www.oliver-kilb.de\/www\/wp-content\/uploads\/2024\/09\/2024-09-15_Schlinig-Alm_iPhone_58.jpg","keywords":["F\u00f6llakopf","Schlinig","Schliniger Alm","Sesvennah\u00fctte"],"articleSection":["Blog","Vinschgau"],"inLanguage":"de","potentialAction":[{"@type":"CommentAction","name":"Comment","target":["https:\/\/www.oliver-kilb.de\/www\/2024\/09\/15\/zur-schliniger-alm-1-868m\/#respond"]}]},{"@type":"WebPage","@id":"https:\/\/www.oliver-kilb.de\/www\/2024\/09\/15\/zur-schliniger-alm-1-868m\/","url":"https:\/\/www.oliver-kilb.de\/www\/2024\/09\/15\/zur-schliniger-alm-1-868m\/","name":"Zur Schliniger Alm (1.868m). - Japan, Wandern und Multimedia","isPartOf":{"@id":"https:\/\/www.oliver-kilb.de\/www\/#website"},"primaryImageOfPage":{"@id":"https:\/\/www.oliver-kilb.de\/www\/2024\/09\/15\/zur-schliniger-alm-1-868m\/#primaryimage"},"image":{"@id":"https:\/\/www.oliver-kilb.de\/www\/2024\/09\/15\/zur-schliniger-alm-1-868m\/#primaryimage"},"thumbnailUrl":"https:\/\/www.oliver-kilb.de\/www\/wp-content\/uploads\/2024\/09\/2024-09-15_Schlinig-Alm_iPhone_58.jpg","datePublished":"2024-09-14T22:00:00+00:00","dateModified":"2024-09-22T19:09:31+00:00","description":"Sonne und Schnee - so ging es bei einer leichten Tour zur Schliniger Alm auf knapp 1.900m H\u00f6he mit toller Aussicht.","breadcrumb":{"@id":"https:\/\/www.oliver-kilb.de\/www\/2024\/09\/15\/zur-schliniger-alm-1-868m\/#breadcrumb"},"inLanguage":"de","potentialAction":[{"@type":"ReadAction","target":["https:\/\/www.oliver-kilb.de\/www\/2024\/09\/15\/zur-schliniger-alm-1-868m\/"]}]},{"@type":"ImageObject","inLanguage":"de","@id":"https:\/\/www.oliver-kilb.de\/www\/2024\/09\/15\/zur-schliniger-alm-1-868m\/#primaryimage","url":"https:\/\/www.oliver-kilb.de\/www\/wp-content\/uploads\/2024\/09\/2024-09-15_Schlinig-Alm_iPhone_58.jpg","contentUrl":"https:\/\/www.oliver-kilb.de\/www\/wp-content\/uploads\/2024\/09\/2024-09-15_Schlinig-Alm_iPhone_58.jpg","width":2048,"height":1536,"caption":"Die Schliniger Alm."},{"@type":"BreadcrumbList","@id":"https:\/\/www.oliver-kilb.de\/www\/2024\/09\/15\/zur-schliniger-alm-1-868m\/#breadcrumb","itemListElement":[{"@type":"ListItem","position":1,"name":"Startseite","item":"https:\/\/www.oliver-kilb.de\/www\/"},{"@type":"ListItem","position":2,"name":"Zur Schliniger Alm (1.868m)."}]},{"@type":"WebSite","@id":"https:\/\/www.oliver-kilb.de\/www\/#website","url":"https:\/\/www.oliver-kilb.de\/www\/","name":"Japan, Wandern und Multimedia","description":"","publisher":{"@id":"https:\/\/www.oliver-kilb.de\/www\/#organization"},"potentialAction":[{"@type":"SearchAction","target":{"@type":"EntryPoint","urlTemplate":"https:\/\/www.oliver-kilb.de\/www\/?s={search_term_string}"},"query-input":{"@type":"PropertyValueSpecification","valueRequired":true,"valueName":"search_term_string"}}],"inLanguage":"de"},{"@type":"Organization","@id":"https:\/\/www.oliver-kilb.de\/www\/#organization","name":"Japan, Wandern und Multimedia","url":"https:\/\/www.oliver-kilb.de\/www\/","logo":{"@type":"ImageObject","inLanguage":"de","@id":"https:\/\/www.oliver-kilb.de\/www\/#\/schema\/logo\/image\/","url":"https:\/\/www.oliver-kilb.de\/www\/wp-content\/uploads\/2024\/07\/Fushimi-Inari-Schrein_075_DxO.jpg","contentUrl":"https:\/\/www.oliver-kilb.de\/www\/wp-content\/uploads\/2024\/07\/Fushimi-Inari-Schrein_075_DxO.jpg","width":1380,"height":301,"caption":"Japan, Wandern und Multimedia"},"image":{"@id":"https:\/\/www.oliver-kilb.de\/www\/#\/schema\/logo\/image\/"}},{"@type":"Person","@id":"https:\/\/www.oliver-kilb.de\/www\/#\/schema\/person\/c2b19a881050135aa248a8851b7b4250","name":"Oliver Kilb","image":{"@type":"ImageObject","inLanguage":"de","@id":"https:\/\/secure.gravatar.com\/avatar\/4da50eb2c6eb71b0641229eed4a38d05c8d4b458a59355cca0d02b57303d6ffd?s=96&d=mm&r=g","url":"https:\/\/secure.gravatar.com\/avatar\/4da50eb2c6eb71b0641229eed4a38d05c8d4b458a59355cca0d02b57303d6ffd?s=96&d=mm&r=g","contentUrl":"https:\/\/secure.gravatar.com\/avatar\/4da50eb2c6eb71b0641229eed4a38d05c8d4b458a59355cca0d02b57303d6ffd?s=96&d=mm&r=g","caption":"Oliver Kilb"},"sameAs":["https:\/\/www.oliver-kilb.de\/www"],"url":"https:\/\/www.oliver-kilb.de\/www\/author\/oliver-kilb\/"}]}},"amp_enabled":true,"_links":{"self":[{"href":"https:\/\/www.oliver-kilb.de\/www\/wp-json\/wp\/v2\/posts\/23847","targetHints":{"allow":["GET"]}}],"collection":[{"href":"https:\/\/www.oliver-kilb.de\/www\/wp-json\/wp\/v2\/posts"}],"about":[{"href":"https:\/\/www.oliver-kilb.de\/www\/wp-json\/wp\/v2\/types\/post"}],"author":[{"embeddable":true,"href":"https:\/\/www.oliver-kilb.de\/www\/wp-json\/wp\/v2\/users\/1"}],"replies":[{"embeddable":true,"href":"https:\/\/www.oliver-kilb.de\/www\/wp-json\/wp\/v2\/comments?post=23847"}],"version-history":[{"count":4,"href":"https:\/\/www.oliver-kilb.de\/www\/wp-json\/wp\/v2\/posts\/23847\/revisions"}],"predecessor-version":[{"id":23876,"href":"https:\/\/www.oliver-kilb.de\/www\/wp-json\/wp\/v2\/posts\/23847\/revisions\/23876"}],"wp:featuredmedia":[{"embeddable":true,"href":"https:\/\/www.oliver-kilb.de\/www\/wp-json\/wp\/v2\/media\/23872"}],"wp:attachment":[{"href":"https:\/\/www.oliver-kilb.de\/www\/wp-json\/wp\/v2\/media?parent=23847"}],"wp:term":[{"taxonomy":"category","embeddable":true,"href":"https:\/\/www.oliver-kilb.de\/www\/wp-json\/wp\/v2\/categories?post=23847"},{"taxonomy":"post_tag","embeddable":true,"href":"https:\/\/www.oliver-kilb.de\/www\/wp-json\/wp\/v2\/tags?post=23847"}],"curies":[{"name":"wp","href":"https:\/\/api.w.org\/{rel}","templated":true}]}}