{"id":189,"date":"1999-10-15T00:00:00","date_gmt":"1999-10-14T22:00:00","guid":{"rendered":"https:\/\/www.oliver-kilb.de\/www\/?p=189"},"modified":"2024-08-01T20:10:29","modified_gmt":"2024-08-01T18:10:29","slug":"15-10-1999-die-ersten-erfahrungen","status":"publish","type":"post","link":"https:\/\/www.oliver-kilb.de\/www\/1999\/10\/15\/15-10-1999-die-ersten-erfahrungen\/","title":{"rendered":"15.10.1999: Die ersten Erfahrungen."},"content":{"rendered":"\n<p><strong>Wie ist eigentlich das Klima hier? Nun, das ist recht einfach zu beantworten: HEISS! Kumamoto ist gepr\u00e4gt von seiner relativ s\u00fcdlichen Lage (in etwa auf der gleichen H\u00f6he wie Marokko), aber zusammen mit der hohen Luftfeuchtigkeit muss man hier manchmal kr\u00e4ftig Atem holen.<\/strong><\/p>\n\n\n\n<p>Selbst jetzt (15. Oktober) ist es hier noch so hei\u00df, dass ich z.B. gestern in der Nacht die Klimaanlage anschalten musste, da es einfach zu hei\u00df zum Schlafen war! Und das, obwohl ich keine Decke im Bett hatte. Mittlerweile hat sich die Luftfeuchtigkeit aber etwas beruhigt, so dass es &#8222;nur noch&#8220; hei\u00df ist. Das bedeutet, dass ich mittlerweile in T-Shirt herumgehen kann, ohne direkt zu schwitzen.<\/p>\n\n\n<div class=\"wp-block-image\">\n<figure class=\"alignleft size-full is-resized\"><a href=\"https:\/\/www.oliver-kilb.de\/www\/wp-content\/uploads\/2024\/08\/Film-01_31.jpg\"><img loading=\"lazy\" decoding=\"async\" width=\"1200\" height=\"792\" src=\"https:\/\/www.oliver-kilb.de\/www\/wp-content\/uploads\/2024\/08\/Film-01_31.jpg\" alt=\"Time Crisis 2.\" class=\"wp-image-192\" style=\"width:300px\" srcset=\"https:\/\/www.oliver-kilb.de\/www\/wp-content\/uploads\/2024\/08\/Film-01_31.jpg 1200w, https:\/\/www.oliver-kilb.de\/www\/wp-content\/uploads\/2024\/08\/Film-01_31-500x330.jpg 500w, https:\/\/www.oliver-kilb.de\/www\/wp-content\/uploads\/2024\/08\/Film-01_31-300x198.jpg 300w, https:\/\/www.oliver-kilb.de\/www\/wp-content\/uploads\/2024\/08\/Film-01_31-768x507.jpg 768w\" sizes=\"auto, (max-width: 1200px) 100vw, 1200px\" \/><\/a><figcaption class=\"wp-element-caption\">Time Crisis 2.<\/figcaption><\/figure>\n<\/div>\n\n\n<p>Das bringt mich gerade auf einen Gedanken: Eine der &#8222;lustigen&#8220; Angewohnheiten der Leute hier ist, in den Einkaufspassagen kleine P\u00e4ckchen mit Papiert\u00fcchern zu verteilen. Auf der Au\u00dfenseite der Verpackung wird dann Werbung f\u00fcr irgendwelche Dinge gemacht, meistens Telefonsex (0190 \u2026). Aber es hilft! Vor allem, wenn man folgendes bedenkt: In Japan ist es durchaus NICHT \u00fcblich, in \u00f6ffentlichen Toiletten Handt\u00fccher bzw. Toilettenpapier zur Verf\u00fcgung zu stellen. Man sollte also immer etwas &#8222;in Reserve&#8220; haben. Viele von euch wissen ja wahrscheinlich, dass in Japan der Begriff &#8222;Dienstleistung&#8220; einen wesentlich h\u00f6heren Stellenwert hat als in Deutschland. Das bedeutet vor allem: Eine freundliche Bedienung, egal f\u00fcr wieviel man einkauft, und wie lange man daf\u00fcr braucht. In der Regel wird man von Begr\u00fc\u00dfungs- und Dankfloskeln geradezu \u00fcberflutet. Betritt man ein Gesch\u00e4ft, so wird man sehr oft aus irgendwelchen Ecken h\u00f6ren: &#8222;Irasshaimase&#8220;, was so viel bedeutet wie &#8222;Willkommen \/ Sch\u00f6n, dass Sie bei uns sind&#8220;. Man antwortet darauf nicht, sondern deutet eventuell eine kleine Verbeugung an. Entsprechendes beim Verabschieden\u2026<\/p>\n\n\n\n<p>Wann hat man bei uns den letzten Liftboy gesehen? Vielleicht noch in einigen wenigen Hotels, die wir uns nicht leisten k\u00f6nnen. Kauft man hier in einem gro\u00dfen Kaufhaus ein, dann wird man \u00fcberrascht feststellen, dass in jedem Fahrstuhl eine Angestellte steht, die die &#8222;Neuank\u00f6mmlinge&#8220; nach ihrem Stockwerkwunsch fragt, andeutet, ob der Fahrstuhl jetzt nach unten oder nach oben f\u00e4hrt, und schlie\u00dflich, in welchem Stockwerk man jetzt ankommt und was es dort zu kaufen gibt (&#8222;6. Stock, Herrenbekleidung, Spielsachen,\u2026&#8220;). Nat\u00fcrlich wird man auch hier begr\u00fc\u00dft und verabschiedet.<\/p>\n\n\n\n<p>N\u00e4chstes Mal erz\u00e4hle ich euch von dem Taifun\u2026 CU<\/p>\n\n\n\n<figure class=\"wp-block-gallery has-nested-images columns-default is-cropped wp-block-gallery-1 is-layout-flex wp-block-gallery-is-layout-flex\">\n<figure class=\"wp-block-image size-large\"><img loading=\"lazy\" decoding=\"async\" width=\"519\" height=\"800\" data-id=\"193\" src=\"https:\/\/www.oliver-kilb.de\/www\/wp-content\/uploads\/2024\/08\/Film-01_32.jpg\" alt=\"The Matrix - Ab 11.9.1999 in Kumamoto zu sehen. Da gehen wir doch gleich nochmal rein :)\" class=\"wp-image-193\" srcset=\"https:\/\/www.oliver-kilb.de\/www\/wp-content\/uploads\/2024\/08\/Film-01_32.jpg 519w, https:\/\/www.oliver-kilb.de\/www\/wp-content\/uploads\/2024\/08\/Film-01_32-324x500.jpg 324w, https:\/\/www.oliver-kilb.de\/www\/wp-content\/uploads\/2024\/08\/Film-01_32-195x300.jpg 195w\" sizes=\"auto, (max-width: 519px) 100vw, 519px\" \/><figcaption class=\"wp-element-caption\">The Matrix &#8211; Ab 11.9.1999 in Kumamoto zu sehen. Da gehen wir doch gleich nochmal rein \ud83d\ude42<\/figcaption><\/figure>\n\n\n\n<figure class=\"wp-block-image size-large\"><img loading=\"lazy\" decoding=\"async\" width=\"1200\" height=\"794\" data-id=\"194\" src=\"https:\/\/www.oliver-kilb.de\/www\/wp-content\/uploads\/2024\/08\/Film-01_21.jpg\" alt=\"Zu sehen: Run, Lola, run! (Lola rennt)\" class=\"wp-image-194\" srcset=\"https:\/\/www.oliver-kilb.de\/www\/wp-content\/uploads\/2024\/08\/Film-01_21.jpg 1200w, https:\/\/www.oliver-kilb.de\/www\/wp-content\/uploads\/2024\/08\/Film-01_21-500x331.jpg 500w, https:\/\/www.oliver-kilb.de\/www\/wp-content\/uploads\/2024\/08\/Film-01_21-300x199.jpg 300w, https:\/\/www.oliver-kilb.de\/www\/wp-content\/uploads\/2024\/08\/Film-01_21-768x508.jpg 768w\" sizes=\"auto, (max-width: 1200px) 100vw, 1200px\" \/><figcaption class=\"wp-element-caption\">Zu sehen: Run, Lola, run! (Lola rennt)<\/figcaption><\/figure>\n<\/figure>\n","protected":false},"excerpt":{"rendered":"<p>Wie ist eigentlich das Klima hier? Nun, das ist recht einfach zu beantworten: HEISS!<\/p>\n","protected":false},"author":1,"featured_media":192,"comment_status":"open","ping_status":"open","sticky":false,"template":"","format":"standard","meta":{"iawp_total_views":10,"footnotes":""},"categories":[56],"tags":[57,59,58],"class_list":["post-189","post","type-post","status-publish","format-standard","has-post-thumbnail","hentry","category-auslandsjahr-1999-2000","tag-japan","tag-kumamoto","tag-stipendium"],"yoast_head":"<!-- This site is optimized with the Yoast SEO plugin v27.3 - https:\/\/yoast.com\/product\/yoast-seo-wordpress\/ -->\n<title>15.10.1999: Die ersten Erfahrungen. - Japan, Wandern und Multimedia<\/title>\n<meta name=\"description\" content=\"Wie ist eigentlich das Klima hier? Nun, das ist recht einfach zu beantworten: HEISS! Kumamoto ist gepr\u00e4gt von seiner relativ s\u00fcdlichen Lage.\" \/>\n<meta name=\"robots\" content=\"index, follow, max-snippet:-1, max-image-preview:large, max-video-preview:-1\" \/>\n<link rel=\"canonical\" href=\"https:\/\/www.oliver-kilb.de\/www\/1999\/10\/15\/15-10-1999-die-ersten-erfahrungen\/\" \/>\n<meta property=\"og:locale\" content=\"de_DE\" \/>\n<meta property=\"og:type\" content=\"article\" \/>\n<meta property=\"og:title\" content=\"15.10.1999: Die ersten Erfahrungen. - Japan, Wandern und Multimedia\" \/>\n<meta property=\"og:description\" content=\"Wie ist eigentlich das Klima hier? Nun, das ist recht einfach zu beantworten: HEISS! Kumamoto ist gepr\u00e4gt von seiner relativ s\u00fcdlichen Lage.\" \/>\n<meta property=\"og:url\" content=\"https:\/\/www.oliver-kilb.de\/www\/1999\/10\/15\/15-10-1999-die-ersten-erfahrungen\/\" \/>\n<meta property=\"og:site_name\" content=\"Japan, Wandern und Multimedia\" \/>\n<meta property=\"article:published_time\" content=\"1999-10-14T22:00:00+00:00\" \/>\n<meta property=\"article:modified_time\" content=\"2024-08-01T18:10:29+00:00\" \/>\n<meta property=\"og:image\" content=\"https:\/\/www.oliver-kilb.de\/www\/wp-content\/uploads\/2024\/08\/Film-01_31.jpg\" \/>\n\t<meta property=\"og:image:width\" content=\"1200\" \/>\n\t<meta property=\"og:image:height\" content=\"792\" \/>\n\t<meta property=\"og:image:type\" content=\"image\/jpeg\" \/>\n<meta name=\"author\" content=\"Oliver Kilb\" \/>\n<meta name=\"twitter:card\" content=\"summary_large_image\" \/>\n<meta name=\"twitter:label1\" content=\"Verfasst von\" \/>\n\t<meta name=\"twitter:data1\" content=\"Oliver Kilb\" \/>\n\t<meta name=\"twitter:label2\" content=\"Gesch\u00e4tzte Lesezeit\" \/>\n\t<meta name=\"twitter:data2\" content=\"3\u00a0Minuten\" \/>\n<script type=\"application\/ld+json\" class=\"yoast-schema-graph\">{\"@context\":\"https:\\\/\\\/schema.org\",\"@graph\":[{\"@type\":\"Article\",\"@id\":\"https:\\\/\\\/www.oliver-kilb.de\\\/www\\\/1999\\\/10\\\/15\\\/15-10-1999-die-ersten-erfahrungen\\\/#article\",\"isPartOf\":{\"@id\":\"https:\\\/\\\/www.oliver-kilb.de\\\/www\\\/1999\\\/10\\\/15\\\/15-10-1999-die-ersten-erfahrungen\\\/\"},\"author\":{\"name\":\"Oliver Kilb\",\"@id\":\"https:\\\/\\\/www.oliver-kilb.de\\\/www\\\/#\\\/schema\\\/person\\\/c2b19a881050135aa248a8851b7b4250\"},\"headline\":\"15.10.1999: Die ersten Erfahrungen.\",\"datePublished\":\"1999-10-14T22:00:00+00:00\",\"dateModified\":\"2024-08-01T18:10:29+00:00\",\"mainEntityOfPage\":{\"@id\":\"https:\\\/\\\/www.oliver-kilb.de\\\/www\\\/1999\\\/10\\\/15\\\/15-10-1999-die-ersten-erfahrungen\\\/\"},\"wordCount\":417,\"commentCount\":0,\"publisher\":{\"@id\":\"https:\\\/\\\/www.oliver-kilb.de\\\/www\\\/#organization\"},\"image\":{\"@id\":\"https:\\\/\\\/www.oliver-kilb.de\\\/www\\\/1999\\\/10\\\/15\\\/15-10-1999-die-ersten-erfahrungen\\\/#primaryimage\"},\"thumbnailUrl\":\"https:\\\/\\\/www.oliver-kilb.de\\\/www\\\/wp-content\\\/uploads\\\/2024\\\/08\\\/Film-01_31.jpg\",\"keywords\":[\"Japan\",\"Kumamoto\",\"Stipendium\"],\"articleSection\":[\"Auslandsjahr 1999-2000\"],\"inLanguage\":\"de\",\"potentialAction\":[{\"@type\":\"CommentAction\",\"name\":\"Comment\",\"target\":[\"https:\\\/\\\/www.oliver-kilb.de\\\/www\\\/1999\\\/10\\\/15\\\/15-10-1999-die-ersten-erfahrungen\\\/#respond\"]}]},{\"@type\":\"WebPage\",\"@id\":\"https:\\\/\\\/www.oliver-kilb.de\\\/www\\\/1999\\\/10\\\/15\\\/15-10-1999-die-ersten-erfahrungen\\\/\",\"url\":\"https:\\\/\\\/www.oliver-kilb.de\\\/www\\\/1999\\\/10\\\/15\\\/15-10-1999-die-ersten-erfahrungen\\\/\",\"name\":\"15.10.1999: Die ersten Erfahrungen. - Japan, Wandern und Multimedia\",\"isPartOf\":{\"@id\":\"https:\\\/\\\/www.oliver-kilb.de\\\/www\\\/#website\"},\"primaryImageOfPage\":{\"@id\":\"https:\\\/\\\/www.oliver-kilb.de\\\/www\\\/1999\\\/10\\\/15\\\/15-10-1999-die-ersten-erfahrungen\\\/#primaryimage\"},\"image\":{\"@id\":\"https:\\\/\\\/www.oliver-kilb.de\\\/www\\\/1999\\\/10\\\/15\\\/15-10-1999-die-ersten-erfahrungen\\\/#primaryimage\"},\"thumbnailUrl\":\"https:\\\/\\\/www.oliver-kilb.de\\\/www\\\/wp-content\\\/uploads\\\/2024\\\/08\\\/Film-01_31.jpg\",\"datePublished\":\"1999-10-14T22:00:00+00:00\",\"dateModified\":\"2024-08-01T18:10:29+00:00\",\"description\":\"Wie ist eigentlich das Klima hier? Nun, das ist recht einfach zu beantworten: HEISS! Kumamoto ist gepr\u00e4gt von seiner relativ s\u00fcdlichen Lage.\",\"breadcrumb\":{\"@id\":\"https:\\\/\\\/www.oliver-kilb.de\\\/www\\\/1999\\\/10\\\/15\\\/15-10-1999-die-ersten-erfahrungen\\\/#breadcrumb\"},\"inLanguage\":\"de\",\"potentialAction\":[{\"@type\":\"ReadAction\",\"target\":[\"https:\\\/\\\/www.oliver-kilb.de\\\/www\\\/1999\\\/10\\\/15\\\/15-10-1999-die-ersten-erfahrungen\\\/\"]}]},{\"@type\":\"ImageObject\",\"inLanguage\":\"de\",\"@id\":\"https:\\\/\\\/www.oliver-kilb.de\\\/www\\\/1999\\\/10\\\/15\\\/15-10-1999-die-ersten-erfahrungen\\\/#primaryimage\",\"url\":\"https:\\\/\\\/www.oliver-kilb.de\\\/www\\\/wp-content\\\/uploads\\\/2024\\\/08\\\/Film-01_31.jpg\",\"contentUrl\":\"https:\\\/\\\/www.oliver-kilb.de\\\/www\\\/wp-content\\\/uploads\\\/2024\\\/08\\\/Film-01_31.jpg\",\"width\":1200,\"height\":792,\"caption\":\"Time Crisis 2.\"},{\"@type\":\"BreadcrumbList\",\"@id\":\"https:\\\/\\\/www.oliver-kilb.de\\\/www\\\/1999\\\/10\\\/15\\\/15-10-1999-die-ersten-erfahrungen\\\/#breadcrumb\",\"itemListElement\":[{\"@type\":\"ListItem\",\"position\":1,\"name\":\"Startseite\",\"item\":\"https:\\\/\\\/www.oliver-kilb.de\\\/www\\\/\"},{\"@type\":\"ListItem\",\"position\":2,\"name\":\"15.10.1999: Die ersten Erfahrungen.\"}]},{\"@type\":\"WebSite\",\"@id\":\"https:\\\/\\\/www.oliver-kilb.de\\\/www\\\/#website\",\"url\":\"https:\\\/\\\/www.oliver-kilb.de\\\/www\\\/\",\"name\":\"Japan, Wandern und Multimedia\",\"description\":\"\",\"publisher\":{\"@id\":\"https:\\\/\\\/www.oliver-kilb.de\\\/www\\\/#organization\"},\"potentialAction\":[{\"@type\":\"SearchAction\",\"target\":{\"@type\":\"EntryPoint\",\"urlTemplate\":\"https:\\\/\\\/www.oliver-kilb.de\\\/www\\\/?s={search_term_string}\"},\"query-input\":{\"@type\":\"PropertyValueSpecification\",\"valueRequired\":true,\"valueName\":\"search_term_string\"}}],\"inLanguage\":\"de\"},{\"@type\":\"Organization\",\"@id\":\"https:\\\/\\\/www.oliver-kilb.de\\\/www\\\/#organization\",\"name\":\"Japan, Wandern und Multimedia\",\"url\":\"https:\\\/\\\/www.oliver-kilb.de\\\/www\\\/\",\"logo\":{\"@type\":\"ImageObject\",\"inLanguage\":\"de\",\"@id\":\"https:\\\/\\\/www.oliver-kilb.de\\\/www\\\/#\\\/schema\\\/logo\\\/image\\\/\",\"url\":\"https:\\\/\\\/www.oliver-kilb.de\\\/www\\\/wp-content\\\/uploads\\\/2024\\\/07\\\/Fushimi-Inari-Schrein_075_DxO.jpg\",\"contentUrl\":\"https:\\\/\\\/www.oliver-kilb.de\\\/www\\\/wp-content\\\/uploads\\\/2024\\\/07\\\/Fushimi-Inari-Schrein_075_DxO.jpg\",\"width\":1380,\"height\":301,\"caption\":\"Japan, Wandern und Multimedia\"},\"image\":{\"@id\":\"https:\\\/\\\/www.oliver-kilb.de\\\/www\\\/#\\\/schema\\\/logo\\\/image\\\/\"}},{\"@type\":\"Person\",\"@id\":\"https:\\\/\\\/www.oliver-kilb.de\\\/www\\\/#\\\/schema\\\/person\\\/c2b19a881050135aa248a8851b7b4250\",\"name\":\"Oliver Kilb\",\"image\":{\"@type\":\"ImageObject\",\"inLanguage\":\"de\",\"@id\":\"https:\\\/\\\/secure.gravatar.com\\\/avatar\\\/4da50eb2c6eb71b0641229eed4a38d05c8d4b458a59355cca0d02b57303d6ffd?s=96&d=mm&r=g\",\"url\":\"https:\\\/\\\/secure.gravatar.com\\\/avatar\\\/4da50eb2c6eb71b0641229eed4a38d05c8d4b458a59355cca0d02b57303d6ffd?s=96&d=mm&r=g\",\"contentUrl\":\"https:\\\/\\\/secure.gravatar.com\\\/avatar\\\/4da50eb2c6eb71b0641229eed4a38d05c8d4b458a59355cca0d02b57303d6ffd?s=96&d=mm&r=g\",\"caption\":\"Oliver Kilb\"},\"sameAs\":[\"https:\\\/\\\/www.oliver-kilb.de\\\/www\"],\"url\":\"https:\\\/\\\/www.oliver-kilb.de\\\/www\\\/author\\\/oliver-kilb\\\/\"}]}<\/script>\n<!-- \/ Yoast SEO plugin. -->","yoast_head_json":{"title":"15.10.1999: Die ersten Erfahrungen. - Japan, Wandern und Multimedia","description":"Wie ist eigentlich das Klima hier? Nun, das ist recht einfach zu beantworten: HEISS! Kumamoto ist gepr\u00e4gt von seiner relativ s\u00fcdlichen Lage.","robots":{"index":"index","follow":"follow","max-snippet":"max-snippet:-1","max-image-preview":"max-image-preview:large","max-video-preview":"max-video-preview:-1"},"canonical":"https:\/\/www.oliver-kilb.de\/www\/1999\/10\/15\/15-10-1999-die-ersten-erfahrungen\/","og_locale":"de_DE","og_type":"article","og_title":"15.10.1999: Die ersten Erfahrungen. - Japan, Wandern und Multimedia","og_description":"Wie ist eigentlich das Klima hier? Nun, das ist recht einfach zu beantworten: HEISS! Kumamoto ist gepr\u00e4gt von seiner relativ s\u00fcdlichen Lage.","og_url":"https:\/\/www.oliver-kilb.de\/www\/1999\/10\/15\/15-10-1999-die-ersten-erfahrungen\/","og_site_name":"Japan, Wandern und Multimedia","article_published_time":"1999-10-14T22:00:00+00:00","article_modified_time":"2024-08-01T18:10:29+00:00","og_image":[{"width":1200,"height":792,"url":"https:\/\/www.oliver-kilb.de\/www\/wp-content\/uploads\/2024\/08\/Film-01_31.jpg","type":"image\/jpeg"}],"author":"Oliver Kilb","twitter_card":"summary_large_image","twitter_misc":{"Verfasst von":"Oliver Kilb","Gesch\u00e4tzte Lesezeit":"3\u00a0Minuten"},"schema":{"@context":"https:\/\/schema.org","@graph":[{"@type":"Article","@id":"https:\/\/www.oliver-kilb.de\/www\/1999\/10\/15\/15-10-1999-die-ersten-erfahrungen\/#article","isPartOf":{"@id":"https:\/\/www.oliver-kilb.de\/www\/1999\/10\/15\/15-10-1999-die-ersten-erfahrungen\/"},"author":{"name":"Oliver Kilb","@id":"https:\/\/www.oliver-kilb.de\/www\/#\/schema\/person\/c2b19a881050135aa248a8851b7b4250"},"headline":"15.10.1999: Die ersten Erfahrungen.","datePublished":"1999-10-14T22:00:00+00:00","dateModified":"2024-08-01T18:10:29+00:00","mainEntityOfPage":{"@id":"https:\/\/www.oliver-kilb.de\/www\/1999\/10\/15\/15-10-1999-die-ersten-erfahrungen\/"},"wordCount":417,"commentCount":0,"publisher":{"@id":"https:\/\/www.oliver-kilb.de\/www\/#organization"},"image":{"@id":"https:\/\/www.oliver-kilb.de\/www\/1999\/10\/15\/15-10-1999-die-ersten-erfahrungen\/#primaryimage"},"thumbnailUrl":"https:\/\/www.oliver-kilb.de\/www\/wp-content\/uploads\/2024\/08\/Film-01_31.jpg","keywords":["Japan","Kumamoto","Stipendium"],"articleSection":["Auslandsjahr 1999-2000"],"inLanguage":"de","potentialAction":[{"@type":"CommentAction","name":"Comment","target":["https:\/\/www.oliver-kilb.de\/www\/1999\/10\/15\/15-10-1999-die-ersten-erfahrungen\/#respond"]}]},{"@type":"WebPage","@id":"https:\/\/www.oliver-kilb.de\/www\/1999\/10\/15\/15-10-1999-die-ersten-erfahrungen\/","url":"https:\/\/www.oliver-kilb.de\/www\/1999\/10\/15\/15-10-1999-die-ersten-erfahrungen\/","name":"15.10.1999: Die ersten Erfahrungen. - Japan, Wandern und Multimedia","isPartOf":{"@id":"https:\/\/www.oliver-kilb.de\/www\/#website"},"primaryImageOfPage":{"@id":"https:\/\/www.oliver-kilb.de\/www\/1999\/10\/15\/15-10-1999-die-ersten-erfahrungen\/#primaryimage"},"image":{"@id":"https:\/\/www.oliver-kilb.de\/www\/1999\/10\/15\/15-10-1999-die-ersten-erfahrungen\/#primaryimage"},"thumbnailUrl":"https:\/\/www.oliver-kilb.de\/www\/wp-content\/uploads\/2024\/08\/Film-01_31.jpg","datePublished":"1999-10-14T22:00:00+00:00","dateModified":"2024-08-01T18:10:29+00:00","description":"Wie ist eigentlich das Klima hier? Nun, das ist recht einfach zu beantworten: HEISS! Kumamoto ist gepr\u00e4gt von seiner relativ s\u00fcdlichen Lage.","breadcrumb":{"@id":"https:\/\/www.oliver-kilb.de\/www\/1999\/10\/15\/15-10-1999-die-ersten-erfahrungen\/#breadcrumb"},"inLanguage":"de","potentialAction":[{"@type":"ReadAction","target":["https:\/\/www.oliver-kilb.de\/www\/1999\/10\/15\/15-10-1999-die-ersten-erfahrungen\/"]}]},{"@type":"ImageObject","inLanguage":"de","@id":"https:\/\/www.oliver-kilb.de\/www\/1999\/10\/15\/15-10-1999-die-ersten-erfahrungen\/#primaryimage","url":"https:\/\/www.oliver-kilb.de\/www\/wp-content\/uploads\/2024\/08\/Film-01_31.jpg","contentUrl":"https:\/\/www.oliver-kilb.de\/www\/wp-content\/uploads\/2024\/08\/Film-01_31.jpg","width":1200,"height":792,"caption":"Time Crisis 2."},{"@type":"BreadcrumbList","@id":"https:\/\/www.oliver-kilb.de\/www\/1999\/10\/15\/15-10-1999-die-ersten-erfahrungen\/#breadcrumb","itemListElement":[{"@type":"ListItem","position":1,"name":"Startseite","item":"https:\/\/www.oliver-kilb.de\/www\/"},{"@type":"ListItem","position":2,"name":"15.10.1999: Die ersten Erfahrungen."}]},{"@type":"WebSite","@id":"https:\/\/www.oliver-kilb.de\/www\/#website","url":"https:\/\/www.oliver-kilb.de\/www\/","name":"Japan, Wandern und Multimedia","description":"","publisher":{"@id":"https:\/\/www.oliver-kilb.de\/www\/#organization"},"potentialAction":[{"@type":"SearchAction","target":{"@type":"EntryPoint","urlTemplate":"https:\/\/www.oliver-kilb.de\/www\/?s={search_term_string}"},"query-input":{"@type":"PropertyValueSpecification","valueRequired":true,"valueName":"search_term_string"}}],"inLanguage":"de"},{"@type":"Organization","@id":"https:\/\/www.oliver-kilb.de\/www\/#organization","name":"Japan, Wandern und Multimedia","url":"https:\/\/www.oliver-kilb.de\/www\/","logo":{"@type":"ImageObject","inLanguage":"de","@id":"https:\/\/www.oliver-kilb.de\/www\/#\/schema\/logo\/image\/","url":"https:\/\/www.oliver-kilb.de\/www\/wp-content\/uploads\/2024\/07\/Fushimi-Inari-Schrein_075_DxO.jpg","contentUrl":"https:\/\/www.oliver-kilb.de\/www\/wp-content\/uploads\/2024\/07\/Fushimi-Inari-Schrein_075_DxO.jpg","width":1380,"height":301,"caption":"Japan, Wandern und Multimedia"},"image":{"@id":"https:\/\/www.oliver-kilb.de\/www\/#\/schema\/logo\/image\/"}},{"@type":"Person","@id":"https:\/\/www.oliver-kilb.de\/www\/#\/schema\/person\/c2b19a881050135aa248a8851b7b4250","name":"Oliver Kilb","image":{"@type":"ImageObject","inLanguage":"de","@id":"https:\/\/secure.gravatar.com\/avatar\/4da50eb2c6eb71b0641229eed4a38d05c8d4b458a59355cca0d02b57303d6ffd?s=96&d=mm&r=g","url":"https:\/\/secure.gravatar.com\/avatar\/4da50eb2c6eb71b0641229eed4a38d05c8d4b458a59355cca0d02b57303d6ffd?s=96&d=mm&r=g","contentUrl":"https:\/\/secure.gravatar.com\/avatar\/4da50eb2c6eb71b0641229eed4a38d05c8d4b458a59355cca0d02b57303d6ffd?s=96&d=mm&r=g","caption":"Oliver Kilb"},"sameAs":["https:\/\/www.oliver-kilb.de\/www"],"url":"https:\/\/www.oliver-kilb.de\/www\/author\/oliver-kilb\/"}]}},"amp_enabled":true,"_links":{"self":[{"href":"https:\/\/www.oliver-kilb.de\/www\/wp-json\/wp\/v2\/posts\/189","targetHints":{"allow":["GET"]}}],"collection":[{"href":"https:\/\/www.oliver-kilb.de\/www\/wp-json\/wp\/v2\/posts"}],"about":[{"href":"https:\/\/www.oliver-kilb.de\/www\/wp-json\/wp\/v2\/types\/post"}],"author":[{"embeddable":true,"href":"https:\/\/www.oliver-kilb.de\/www\/wp-json\/wp\/v2\/users\/1"}],"replies":[{"embeddable":true,"href":"https:\/\/www.oliver-kilb.de\/www\/wp-json\/wp\/v2\/comments?post=189"}],"version-history":[{"count":2,"href":"https:\/\/www.oliver-kilb.de\/www\/wp-json\/wp\/v2\/posts\/189\/revisions"}],"predecessor-version":[{"id":195,"href":"https:\/\/www.oliver-kilb.de\/www\/wp-json\/wp\/v2\/posts\/189\/revisions\/195"}],"wp:featuredmedia":[{"embeddable":true,"href":"https:\/\/www.oliver-kilb.de\/www\/wp-json\/wp\/v2\/media\/192"}],"wp:attachment":[{"href":"https:\/\/www.oliver-kilb.de\/www\/wp-json\/wp\/v2\/media?parent=189"}],"wp:term":[{"taxonomy":"category","embeddable":true,"href":"https:\/\/www.oliver-kilb.de\/www\/wp-json\/wp\/v2\/categories?post=189"},{"taxonomy":"post_tag","embeddable":true,"href":"https:\/\/www.oliver-kilb.de\/www\/wp-json\/wp\/v2\/tags?post=189"}],"curies":[{"name":"wp","href":"https:\/\/api.w.org\/{rel}","templated":true}]}}