{"id":1872,"date":"2016-09-25T00:00:00","date_gmt":"2016-09-24T22:00:00","guid":{"rendered":"https:\/\/www.oliver-kilb.de\/www\/?p=1872"},"modified":"2024-09-16T15:24:33","modified_gmt":"2024-09-16T13:24:33","slug":"1999-flug-ins-auslandsjahr-nach-kumamoto","status":"publish","type":"post","link":"https:\/\/www.oliver-kilb.de\/www\/2016\/09\/25\/1999-flug-ins-auslandsjahr-nach-kumamoto\/","title":{"rendered":"1999: Flug ins Auslandsjahr nach Kumamoto."},"content":{"rendered":"\n<p><strong>Ich habe ein\u00a0weiteres f\u00fcr mich historisches Dokument entdeckt: Den Reiseplan von Frankfurt nach Kumamoto\u00a0im September 1999, ausgestellt von Fuji Tours.<\/strong><\/p>\n\n\n\n<h2 class=\"wp-block-heading\">August 1999: Der Reiseplan steht fest!<\/h2>\n\n\n<div class=\"wp-block-image\">\n<figure class=\"alignleft size-full is-resized\"><a href=\"https:\/\/www.oliver-kilb.de\/www\/wp-content\/uploads\/2024\/09\/Fuji-tours_Anschreiben.jpg\"><img loading=\"lazy\" decoding=\"async\" width=\"558\" height=\"800\" src=\"https:\/\/www.oliver-kilb.de\/www\/wp-content\/uploads\/2024\/09\/Fuji-tours_Anschreiben.jpg\" alt=\"\" class=\"wp-image-1874\" style=\"width:auto;height:300px\" srcset=\"https:\/\/www.oliver-kilb.de\/www\/wp-content\/uploads\/2024\/09\/Fuji-tours_Anschreiben.jpg 558w, https:\/\/www.oliver-kilb.de\/www\/wp-content\/uploads\/2024\/09\/Fuji-tours_Anschreiben-349x500.jpg 349w, https:\/\/www.oliver-kilb.de\/www\/wp-content\/uploads\/2024\/09\/Fuji-tours_Anschreiben-209x300.jpg 209w\" sizes=\"auto, (max-width: 558px) 100vw, 558px\" \/><\/a><figcaption class=\"wp-element-caption\">Fuji Tours Reiseplan<\/figcaption><\/figure>\n<\/div>\n\n\n<p>Im Jahr 1999 war eine Reise nach Japan noch nicht so selbstverst\u00e4ndlich wie heute, und erst recht nicht, wenn man nur einen Hinflug buchen wollte.<\/p>\n\n\n\n<p>\u00dcber mein Japan-Lektorat hatte ich damals einen guten Tipp bekommen: Fuji Tours in K\u00f6ln, ein japanisches Reiseb\u00fcro, das nat\u00fcrlich auf F\u00e4lle wie mich spezialisiert war. Es hat sich gelohnt: Mit der gewohnten japanischen Gr\u00fcndlichkeit und H\u00f6flichkeit war alles kein Problem, und sogar einen guten Sitzplatz habe ich bekommen. Dazu noch 30 kg Freigep\u00e4ck ohne Aufpreis\u2026 Irgendwo habe ich wohl auch noch meine alten Bordkarten, und auch was ich damals zahlen musste, werde ich bestimmt wieder finden.<\/p>\n\n\n\n<p>Man beachte die Web-Adresse von damals: Ein typischer Mischmasch der 1990er Jahre. Fuji-Tours gibt es immer noch, was mich besonders freut, denn ich wurde sehr gut betreut damals. <a href=\"http:\/\/www.fujitours.de\">Die Homepage<\/a> ist nun besser erreichbar.<\/p>\n\n\n\n<h2 class=\"wp-block-heading\">Von Kirkel nach Kumamoto<\/h2>\n\n\n<div class=\"wp-block-image\">\n<figure class=\"alignleft size-full is-resized\"><a href=\"https:\/\/www.oliver-kilb.de\/www\/wp-content\/uploads\/2024\/09\/Fuji-tours_Reiseplan.jpg\"><img loading=\"lazy\" decoding=\"async\" width=\"1200\" height=\"876\" src=\"https:\/\/www.oliver-kilb.de\/www\/wp-content\/uploads\/2024\/09\/Fuji-tours_Reiseplan.jpg\" alt=\"\" class=\"wp-image-1875\" style=\"width:300px\" srcset=\"https:\/\/www.oliver-kilb.de\/www\/wp-content\/uploads\/2024\/09\/Fuji-tours_Reiseplan.jpg 1200w, https:\/\/www.oliver-kilb.de\/www\/wp-content\/uploads\/2024\/09\/Fuji-tours_Reiseplan-500x365.jpg 500w, https:\/\/www.oliver-kilb.de\/www\/wp-content\/uploads\/2024\/09\/Fuji-tours_Reiseplan-300x219.jpg 300w, https:\/\/www.oliver-kilb.de\/www\/wp-content\/uploads\/2024\/09\/Fuji-tours_Reiseplan-768x561.jpg 768w\" sizes=\"auto, (max-width: 1200px) 100vw, 1200px\" \/><\/a><figcaption class=\"wp-element-caption\">Mein Reiseplan von Frankfurt nach Kumamoto, September 1999.<\/figcaption><\/figure>\n<\/div>\n\n\n<p>Und so n\u00fcchtern sah der Plan f\u00fcr die l\u00e4ngste Reise aus, die ich bis zu diesem Zeitpunkt antreten sollte. (Wenn ich ehrlich bin: Sie ist auch bis heute die l\u00e4ngste zusammenh\u00e4ngende Reise geblieben.) Mit der Bahn nach Frankfurt&nbsp;und von&nbsp;dort nach Osaka, wo ich vom internationalen zum nationalen Flughafen reisen musste. (Siehe die Anmerkung &#8222;ca. 1h, 25DM&#8220;.) Von dort ging es dann weiter nach Kumamoto.<\/p>\n\n\n\n<p>Die gratis enthaltene Fahrt mit der Deutschen Bahn habe ich damals nicht in Anspruch genommen. Statt dessen wurde ich von Freunden direkt zum Flughafen gebracht und auch dort verabschiedet.<\/p>\n\n\n\n<h2 class=\"wp-block-heading\">Aus Versehen in den abgesperrten Bereich<\/h2>\n\n\n<div class=\"wp-block-image\">\n<figure class=\"alignleft size-full is-resized\"><a href=\"https:\/\/www.oliver-kilb.de\/www\/wp-content\/uploads\/2024\/09\/Fuji-tours_gruss.jpg\"><img loading=\"lazy\" decoding=\"async\" width=\"1200\" height=\"749\" src=\"https:\/\/www.oliver-kilb.de\/www\/wp-content\/uploads\/2024\/09\/Fuji-tours_gruss.jpg\" alt=\"\" class=\"wp-image-1876\" style=\"width:300px\" srcset=\"https:\/\/www.oliver-kilb.de\/www\/wp-content\/uploads\/2024\/09\/Fuji-tours_gruss.jpg 1200w, https:\/\/www.oliver-kilb.de\/www\/wp-content\/uploads\/2024\/09\/Fuji-tours_gruss-500x312.jpg 500w, https:\/\/www.oliver-kilb.de\/www\/wp-content\/uploads\/2024\/09\/Fuji-tours_gruss-300x187.jpg 300w, https:\/\/www.oliver-kilb.de\/www\/wp-content\/uploads\/2024\/09\/Fuji-tours_gruss-768x479.jpg 768w\" sizes=\"auto, (max-width: 1200px) 100vw, 1200px\" \/><\/a><figcaption class=\"wp-element-caption\">Kleine Aufmunterung vom Reiseb\u00fcro.<\/figcaption><\/figure>\n<\/div>\n\n\n<p>Kleine Anekdote am Rande: Nachdem wir das Gep\u00e4ck aufgegeben hatten, schlenderten wir noch ein wenig durch den Flughafen &#8211; und auf einmal fanden wir uns im Bereich der Gep\u00e4ckb\u00e4nder wieder, ein Ort, an dem wir gar nicht sein durften. Ich habe bis heute keine Ahnung, wie das geschehen konnte.<\/p>\n\n\n\n<p>Wir machten uns dann ganz unauff\u00e4llig (und ohne Koffer) wieder schleunigst auf den Weg nach drau\u00dfen. Zum Gl\u00fcck kam es keinem merkw\u00fcrdig vor, dass drei junge Kerle ohne einen einzigen Koffer aus diesem Bereich gingen. Heutzutage w\u00fcrde wohl, wenn es entdeckt w\u00fcrde, das ganze Terminal ger\u00e4umt werden.<\/p>\n\n\n\n<h2 class=\"wp-block-heading\">Noch nicht gestartet &#8211; und schon versp\u00e4tet<\/h2>\n\n\n<div class=\"wp-block-image\">\n<figure class=\"alignleft size-full is-resized\"><a href=\"https:\/\/www.oliver-kilb.de\/www\/wp-content\/uploads\/2024\/07\/Film-01_04.jpg\"><img loading=\"lazy\" decoding=\"async\" width=\"533\" height=\"800\" src=\"https:\/\/www.oliver-kilb.de\/www\/wp-content\/uploads\/2024\/07\/Film-01_04.jpg\" alt=\"Die Reise geht gut los: Mit Versp\u00e4tung!\" class=\"wp-image-184\" style=\"width:auto;height:300px\" srcset=\"https:\/\/www.oliver-kilb.de\/www\/wp-content\/uploads\/2024\/07\/Film-01_04.jpg 533w, https:\/\/www.oliver-kilb.de\/www\/wp-content\/uploads\/2024\/07\/Film-01_04-333x500.jpg 333w, https:\/\/www.oliver-kilb.de\/www\/wp-content\/uploads\/2024\/07\/Film-01_04-200x300.jpg 200w\" sizes=\"auto, (max-width: 533px) 100vw, 533px\" \/><\/a><figcaption class=\"wp-element-caption\">Na, das geht ja gut los &#8211; gleich eine Versp\u00e4tung von 30 Minuten.. ob ich den Anschlussflug erwische?<\/figcaption><\/figure>\n<\/div>\n\n\n<p>Wie man im Reiseplan oben sehen kann, lagen zwischen meiner Ankunft am internationalen Flughafen&nbsp;Osaka Kansai und dem Abflug am Flughafen Osaka Itami ungef\u00e4hr 3,5 Stunden. Mehr als genug Zeit &#8211; eigentlich. Doch der Transfer dauert ungef\u00e4hr eine Stunde, und etwas Zeitverlust durch Gep\u00e4ck, Einreise, Suche nach Transfer etc. kann man sowieso abziehen. Dann sollte man ja auch vielleicht eine gute Stunde vorher einchecken &#8211; und auf einmal ist doch nicht mehr so viel Zeit da. Doppelt bl\u00f6d, wenn die Reise schon mit 30 Minuten Versp\u00e4tung beginnt, wie man sehen kann.<\/p>\n\n\n\n<p>Aber alles ging gut: Die Versp\u00e4tung wurde aufgeholt, die Einreise war problemlos, der Transfer zum n\u00e4chsten Flughafen war p\u00fcnktlich &#8211; und mein Auslandsjahr war traumhaft!<\/p>\n","protected":false},"excerpt":{"rendered":"<p>Ich habe ein\u00a0weiteres f\u00fcr mich historisches Dokument entdeckt: Den Reiseplan von Frankfurt nach Kumamoto\u00a0im September 1999, ausgestellt von Fuji Tours.<\/p>\n","protected":false},"author":1,"featured_media":1876,"comment_status":"open","ping_status":"open","sticky":false,"template":"","format":"standard","meta":{"iawp_total_views":11,"footnotes":""},"categories":[15,17],"tags":[59,254,58],"class_list":["post-1872","post","type-post","status-publish","format-standard","has-post-thumbnail","hentry","category-blog","category-japan","tag-kumamoto","tag-osaka","tag-stipendium"],"yoast_head":"<!-- This site is optimized with the Yoast SEO plugin v27.3 - https:\/\/yoast.com\/product\/yoast-seo-wordpress\/ -->\n<title>1999: Flug ins Auslandsjahr nach Kumamoto. - Japan, Wandern und Multimedia<\/title>\n<meta name=\"description\" content=\"Mein Reiseplan von Frankfurt (\u00fcber Osaka) nach Kumamoto im September 1999, ausgestellt von Fuji Tours (K\u00f6ln).\" \/>\n<meta name=\"robots\" content=\"index, follow, max-snippet:-1, max-image-preview:large, max-video-preview:-1\" \/>\n<link rel=\"canonical\" href=\"https:\/\/www.oliver-kilb.de\/www\/2016\/09\/25\/1999-flug-ins-auslandsjahr-nach-kumamoto\/\" \/>\n<meta property=\"og:locale\" content=\"de_DE\" \/>\n<meta property=\"og:type\" content=\"article\" \/>\n<meta property=\"og:title\" content=\"1999: Flug ins Auslandsjahr nach Kumamoto. - Japan, Wandern und Multimedia\" \/>\n<meta property=\"og:description\" content=\"Mein Reiseplan von Frankfurt (\u00fcber Osaka) nach Kumamoto im September 1999, ausgestellt von Fuji Tours (K\u00f6ln).\" \/>\n<meta property=\"og:url\" content=\"https:\/\/www.oliver-kilb.de\/www\/2016\/09\/25\/1999-flug-ins-auslandsjahr-nach-kumamoto\/\" \/>\n<meta property=\"og:site_name\" content=\"Japan, Wandern und Multimedia\" \/>\n<meta property=\"article:published_time\" content=\"2016-09-24T22:00:00+00:00\" \/>\n<meta property=\"article:modified_time\" content=\"2024-09-16T13:24:33+00:00\" \/>\n<meta property=\"og:image\" content=\"https:\/\/www.oliver-kilb.de\/www\/wp-content\/uploads\/2024\/09\/Fuji-tours_gruss.jpg\" \/>\n\t<meta property=\"og:image:width\" content=\"1200\" \/>\n\t<meta property=\"og:image:height\" content=\"749\" \/>\n\t<meta property=\"og:image:type\" content=\"image\/jpeg\" \/>\n<meta name=\"author\" content=\"Oliver Kilb\" \/>\n<meta name=\"twitter:card\" content=\"summary_large_image\" \/>\n<meta name=\"twitter:label1\" content=\"Verfasst von\" \/>\n\t<meta name=\"twitter:data1\" content=\"Oliver Kilb\" \/>\n\t<meta name=\"twitter:label2\" content=\"Gesch\u00e4tzte Lesezeit\" \/>\n\t<meta name=\"twitter:data2\" content=\"4\u00a0Minuten\" \/>\n<script type=\"application\/ld+json\" class=\"yoast-schema-graph\">{\"@context\":\"https:\\\/\\\/schema.org\",\"@graph\":[{\"@type\":\"Article\",\"@id\":\"https:\\\/\\\/www.oliver-kilb.de\\\/www\\\/2016\\\/09\\\/25\\\/1999-flug-ins-auslandsjahr-nach-kumamoto\\\/#article\",\"isPartOf\":{\"@id\":\"https:\\\/\\\/www.oliver-kilb.de\\\/www\\\/2016\\\/09\\\/25\\\/1999-flug-ins-auslandsjahr-nach-kumamoto\\\/\"},\"author\":{\"name\":\"Oliver Kilb\",\"@id\":\"https:\\\/\\\/www.oliver-kilb.de\\\/www\\\/#\\\/schema\\\/person\\\/c2b19a881050135aa248a8851b7b4250\"},\"headline\":\"1999: Flug ins Auslandsjahr nach Kumamoto.\",\"datePublished\":\"2016-09-24T22:00:00+00:00\",\"dateModified\":\"2024-09-16T13:24:33+00:00\",\"mainEntityOfPage\":{\"@id\":\"https:\\\/\\\/www.oliver-kilb.de\\\/www\\\/2016\\\/09\\\/25\\\/1999-flug-ins-auslandsjahr-nach-kumamoto\\\/\"},\"wordCount\":555,\"commentCount\":1,\"publisher\":{\"@id\":\"https:\\\/\\\/www.oliver-kilb.de\\\/www\\\/#organization\"},\"image\":{\"@id\":\"https:\\\/\\\/www.oliver-kilb.de\\\/www\\\/2016\\\/09\\\/25\\\/1999-flug-ins-auslandsjahr-nach-kumamoto\\\/#primaryimage\"},\"thumbnailUrl\":\"https:\\\/\\\/www.oliver-kilb.de\\\/www\\\/wp-content\\\/uploads\\\/2024\\\/09\\\/Fuji-tours_gruss.jpg\",\"keywords\":[\"Kumamoto\",\"Osaka\",\"Stipendium\"],\"articleSection\":[\"Blog\",\"Japan\"],\"inLanguage\":\"de\",\"potentialAction\":[{\"@type\":\"CommentAction\",\"name\":\"Comment\",\"target\":[\"https:\\\/\\\/www.oliver-kilb.de\\\/www\\\/2016\\\/09\\\/25\\\/1999-flug-ins-auslandsjahr-nach-kumamoto\\\/#respond\"]}]},{\"@type\":\"WebPage\",\"@id\":\"https:\\\/\\\/www.oliver-kilb.de\\\/www\\\/2016\\\/09\\\/25\\\/1999-flug-ins-auslandsjahr-nach-kumamoto\\\/\",\"url\":\"https:\\\/\\\/www.oliver-kilb.de\\\/www\\\/2016\\\/09\\\/25\\\/1999-flug-ins-auslandsjahr-nach-kumamoto\\\/\",\"name\":\"1999: Flug ins Auslandsjahr nach Kumamoto. - Japan, Wandern und Multimedia\",\"isPartOf\":{\"@id\":\"https:\\\/\\\/www.oliver-kilb.de\\\/www\\\/#website\"},\"primaryImageOfPage\":{\"@id\":\"https:\\\/\\\/www.oliver-kilb.de\\\/www\\\/2016\\\/09\\\/25\\\/1999-flug-ins-auslandsjahr-nach-kumamoto\\\/#primaryimage\"},\"image\":{\"@id\":\"https:\\\/\\\/www.oliver-kilb.de\\\/www\\\/2016\\\/09\\\/25\\\/1999-flug-ins-auslandsjahr-nach-kumamoto\\\/#primaryimage\"},\"thumbnailUrl\":\"https:\\\/\\\/www.oliver-kilb.de\\\/www\\\/wp-content\\\/uploads\\\/2024\\\/09\\\/Fuji-tours_gruss.jpg\",\"datePublished\":\"2016-09-24T22:00:00+00:00\",\"dateModified\":\"2024-09-16T13:24:33+00:00\",\"description\":\"Mein Reiseplan von Frankfurt (\u00fcber Osaka) nach Kumamoto im September 1999, ausgestellt von Fuji Tours (K\u00f6ln).\",\"breadcrumb\":{\"@id\":\"https:\\\/\\\/www.oliver-kilb.de\\\/www\\\/2016\\\/09\\\/25\\\/1999-flug-ins-auslandsjahr-nach-kumamoto\\\/#breadcrumb\"},\"inLanguage\":\"de\",\"potentialAction\":[{\"@type\":\"ReadAction\",\"target\":[\"https:\\\/\\\/www.oliver-kilb.de\\\/www\\\/2016\\\/09\\\/25\\\/1999-flug-ins-auslandsjahr-nach-kumamoto\\\/\"]}]},{\"@type\":\"ImageObject\",\"inLanguage\":\"de\",\"@id\":\"https:\\\/\\\/www.oliver-kilb.de\\\/www\\\/2016\\\/09\\\/25\\\/1999-flug-ins-auslandsjahr-nach-kumamoto\\\/#primaryimage\",\"url\":\"https:\\\/\\\/www.oliver-kilb.de\\\/www\\\/wp-content\\\/uploads\\\/2024\\\/09\\\/Fuji-tours_gruss.jpg\",\"contentUrl\":\"https:\\\/\\\/www.oliver-kilb.de\\\/www\\\/wp-content\\\/uploads\\\/2024\\\/09\\\/Fuji-tours_gruss.jpg\",\"width\":1200,\"height\":749,\"caption\":\"Gru\u00df von Fuji Tours\"},{\"@type\":\"BreadcrumbList\",\"@id\":\"https:\\\/\\\/www.oliver-kilb.de\\\/www\\\/2016\\\/09\\\/25\\\/1999-flug-ins-auslandsjahr-nach-kumamoto\\\/#breadcrumb\",\"itemListElement\":[{\"@type\":\"ListItem\",\"position\":1,\"name\":\"Startseite\",\"item\":\"https:\\\/\\\/www.oliver-kilb.de\\\/www\\\/\"},{\"@type\":\"ListItem\",\"position\":2,\"name\":\"1999: Flug ins Auslandsjahr nach Kumamoto.\"}]},{\"@type\":\"WebSite\",\"@id\":\"https:\\\/\\\/www.oliver-kilb.de\\\/www\\\/#website\",\"url\":\"https:\\\/\\\/www.oliver-kilb.de\\\/www\\\/\",\"name\":\"Japan, Wandern und Multimedia\",\"description\":\"\",\"publisher\":{\"@id\":\"https:\\\/\\\/www.oliver-kilb.de\\\/www\\\/#organization\"},\"potentialAction\":[{\"@type\":\"SearchAction\",\"target\":{\"@type\":\"EntryPoint\",\"urlTemplate\":\"https:\\\/\\\/www.oliver-kilb.de\\\/www\\\/?s={search_term_string}\"},\"query-input\":{\"@type\":\"PropertyValueSpecification\",\"valueRequired\":true,\"valueName\":\"search_term_string\"}}],\"inLanguage\":\"de\"},{\"@type\":\"Organization\",\"@id\":\"https:\\\/\\\/www.oliver-kilb.de\\\/www\\\/#organization\",\"name\":\"Japan, Wandern und Multimedia\",\"url\":\"https:\\\/\\\/www.oliver-kilb.de\\\/www\\\/\",\"logo\":{\"@type\":\"ImageObject\",\"inLanguage\":\"de\",\"@id\":\"https:\\\/\\\/www.oliver-kilb.de\\\/www\\\/#\\\/schema\\\/logo\\\/image\\\/\",\"url\":\"https:\\\/\\\/www.oliver-kilb.de\\\/www\\\/wp-content\\\/uploads\\\/2024\\\/07\\\/Fushimi-Inari-Schrein_075_DxO.jpg\",\"contentUrl\":\"https:\\\/\\\/www.oliver-kilb.de\\\/www\\\/wp-content\\\/uploads\\\/2024\\\/07\\\/Fushimi-Inari-Schrein_075_DxO.jpg\",\"width\":1380,\"height\":301,\"caption\":\"Japan, Wandern und Multimedia\"},\"image\":{\"@id\":\"https:\\\/\\\/www.oliver-kilb.de\\\/www\\\/#\\\/schema\\\/logo\\\/image\\\/\"}},{\"@type\":\"Person\",\"@id\":\"https:\\\/\\\/www.oliver-kilb.de\\\/www\\\/#\\\/schema\\\/person\\\/c2b19a881050135aa248a8851b7b4250\",\"name\":\"Oliver Kilb\",\"image\":{\"@type\":\"ImageObject\",\"inLanguage\":\"de\",\"@id\":\"https:\\\/\\\/secure.gravatar.com\\\/avatar\\\/4da50eb2c6eb71b0641229eed4a38d05c8d4b458a59355cca0d02b57303d6ffd?s=96&d=mm&r=g\",\"url\":\"https:\\\/\\\/secure.gravatar.com\\\/avatar\\\/4da50eb2c6eb71b0641229eed4a38d05c8d4b458a59355cca0d02b57303d6ffd?s=96&d=mm&r=g\",\"contentUrl\":\"https:\\\/\\\/secure.gravatar.com\\\/avatar\\\/4da50eb2c6eb71b0641229eed4a38d05c8d4b458a59355cca0d02b57303d6ffd?s=96&d=mm&r=g\",\"caption\":\"Oliver Kilb\"},\"sameAs\":[\"https:\\\/\\\/www.oliver-kilb.de\\\/www\"],\"url\":\"https:\\\/\\\/www.oliver-kilb.de\\\/www\\\/author\\\/oliver-kilb\\\/\"}]}<\/script>\n<!-- \/ Yoast SEO plugin. -->","yoast_head_json":{"title":"1999: Flug ins Auslandsjahr nach Kumamoto. - Japan, Wandern und Multimedia","description":"Mein Reiseplan von Frankfurt (\u00fcber Osaka) nach Kumamoto im September 1999, ausgestellt von Fuji Tours (K\u00f6ln).","robots":{"index":"index","follow":"follow","max-snippet":"max-snippet:-1","max-image-preview":"max-image-preview:large","max-video-preview":"max-video-preview:-1"},"canonical":"https:\/\/www.oliver-kilb.de\/www\/2016\/09\/25\/1999-flug-ins-auslandsjahr-nach-kumamoto\/","og_locale":"de_DE","og_type":"article","og_title":"1999: Flug ins Auslandsjahr nach Kumamoto. - Japan, Wandern und Multimedia","og_description":"Mein Reiseplan von Frankfurt (\u00fcber Osaka) nach Kumamoto im September 1999, ausgestellt von Fuji Tours (K\u00f6ln).","og_url":"https:\/\/www.oliver-kilb.de\/www\/2016\/09\/25\/1999-flug-ins-auslandsjahr-nach-kumamoto\/","og_site_name":"Japan, Wandern und Multimedia","article_published_time":"2016-09-24T22:00:00+00:00","article_modified_time":"2024-09-16T13:24:33+00:00","og_image":[{"width":1200,"height":749,"url":"https:\/\/www.oliver-kilb.de\/www\/wp-content\/uploads\/2024\/09\/Fuji-tours_gruss.jpg","type":"image\/jpeg"}],"author":"Oliver Kilb","twitter_card":"summary_large_image","twitter_misc":{"Verfasst von":"Oliver Kilb","Gesch\u00e4tzte Lesezeit":"4\u00a0Minuten"},"schema":{"@context":"https:\/\/schema.org","@graph":[{"@type":"Article","@id":"https:\/\/www.oliver-kilb.de\/www\/2016\/09\/25\/1999-flug-ins-auslandsjahr-nach-kumamoto\/#article","isPartOf":{"@id":"https:\/\/www.oliver-kilb.de\/www\/2016\/09\/25\/1999-flug-ins-auslandsjahr-nach-kumamoto\/"},"author":{"name":"Oliver Kilb","@id":"https:\/\/www.oliver-kilb.de\/www\/#\/schema\/person\/c2b19a881050135aa248a8851b7b4250"},"headline":"1999: Flug ins Auslandsjahr nach Kumamoto.","datePublished":"2016-09-24T22:00:00+00:00","dateModified":"2024-09-16T13:24:33+00:00","mainEntityOfPage":{"@id":"https:\/\/www.oliver-kilb.de\/www\/2016\/09\/25\/1999-flug-ins-auslandsjahr-nach-kumamoto\/"},"wordCount":555,"commentCount":1,"publisher":{"@id":"https:\/\/www.oliver-kilb.de\/www\/#organization"},"image":{"@id":"https:\/\/www.oliver-kilb.de\/www\/2016\/09\/25\/1999-flug-ins-auslandsjahr-nach-kumamoto\/#primaryimage"},"thumbnailUrl":"https:\/\/www.oliver-kilb.de\/www\/wp-content\/uploads\/2024\/09\/Fuji-tours_gruss.jpg","keywords":["Kumamoto","Osaka","Stipendium"],"articleSection":["Blog","Japan"],"inLanguage":"de","potentialAction":[{"@type":"CommentAction","name":"Comment","target":["https:\/\/www.oliver-kilb.de\/www\/2016\/09\/25\/1999-flug-ins-auslandsjahr-nach-kumamoto\/#respond"]}]},{"@type":"WebPage","@id":"https:\/\/www.oliver-kilb.de\/www\/2016\/09\/25\/1999-flug-ins-auslandsjahr-nach-kumamoto\/","url":"https:\/\/www.oliver-kilb.de\/www\/2016\/09\/25\/1999-flug-ins-auslandsjahr-nach-kumamoto\/","name":"1999: Flug ins Auslandsjahr nach Kumamoto. - Japan, Wandern und Multimedia","isPartOf":{"@id":"https:\/\/www.oliver-kilb.de\/www\/#website"},"primaryImageOfPage":{"@id":"https:\/\/www.oliver-kilb.de\/www\/2016\/09\/25\/1999-flug-ins-auslandsjahr-nach-kumamoto\/#primaryimage"},"image":{"@id":"https:\/\/www.oliver-kilb.de\/www\/2016\/09\/25\/1999-flug-ins-auslandsjahr-nach-kumamoto\/#primaryimage"},"thumbnailUrl":"https:\/\/www.oliver-kilb.de\/www\/wp-content\/uploads\/2024\/09\/Fuji-tours_gruss.jpg","datePublished":"2016-09-24T22:00:00+00:00","dateModified":"2024-09-16T13:24:33+00:00","description":"Mein Reiseplan von Frankfurt (\u00fcber Osaka) nach Kumamoto im September 1999, ausgestellt von Fuji Tours (K\u00f6ln).","breadcrumb":{"@id":"https:\/\/www.oliver-kilb.de\/www\/2016\/09\/25\/1999-flug-ins-auslandsjahr-nach-kumamoto\/#breadcrumb"},"inLanguage":"de","potentialAction":[{"@type":"ReadAction","target":["https:\/\/www.oliver-kilb.de\/www\/2016\/09\/25\/1999-flug-ins-auslandsjahr-nach-kumamoto\/"]}]},{"@type":"ImageObject","inLanguage":"de","@id":"https:\/\/www.oliver-kilb.de\/www\/2016\/09\/25\/1999-flug-ins-auslandsjahr-nach-kumamoto\/#primaryimage","url":"https:\/\/www.oliver-kilb.de\/www\/wp-content\/uploads\/2024\/09\/Fuji-tours_gruss.jpg","contentUrl":"https:\/\/www.oliver-kilb.de\/www\/wp-content\/uploads\/2024\/09\/Fuji-tours_gruss.jpg","width":1200,"height":749,"caption":"Gru\u00df von Fuji Tours"},{"@type":"BreadcrumbList","@id":"https:\/\/www.oliver-kilb.de\/www\/2016\/09\/25\/1999-flug-ins-auslandsjahr-nach-kumamoto\/#breadcrumb","itemListElement":[{"@type":"ListItem","position":1,"name":"Startseite","item":"https:\/\/www.oliver-kilb.de\/www\/"},{"@type":"ListItem","position":2,"name":"1999: Flug ins Auslandsjahr nach Kumamoto."}]},{"@type":"WebSite","@id":"https:\/\/www.oliver-kilb.de\/www\/#website","url":"https:\/\/www.oliver-kilb.de\/www\/","name":"Japan, Wandern und Multimedia","description":"","publisher":{"@id":"https:\/\/www.oliver-kilb.de\/www\/#organization"},"potentialAction":[{"@type":"SearchAction","target":{"@type":"EntryPoint","urlTemplate":"https:\/\/www.oliver-kilb.de\/www\/?s={search_term_string}"},"query-input":{"@type":"PropertyValueSpecification","valueRequired":true,"valueName":"search_term_string"}}],"inLanguage":"de"},{"@type":"Organization","@id":"https:\/\/www.oliver-kilb.de\/www\/#organization","name":"Japan, Wandern und Multimedia","url":"https:\/\/www.oliver-kilb.de\/www\/","logo":{"@type":"ImageObject","inLanguage":"de","@id":"https:\/\/www.oliver-kilb.de\/www\/#\/schema\/logo\/image\/","url":"https:\/\/www.oliver-kilb.de\/www\/wp-content\/uploads\/2024\/07\/Fushimi-Inari-Schrein_075_DxO.jpg","contentUrl":"https:\/\/www.oliver-kilb.de\/www\/wp-content\/uploads\/2024\/07\/Fushimi-Inari-Schrein_075_DxO.jpg","width":1380,"height":301,"caption":"Japan, Wandern und Multimedia"},"image":{"@id":"https:\/\/www.oliver-kilb.de\/www\/#\/schema\/logo\/image\/"}},{"@type":"Person","@id":"https:\/\/www.oliver-kilb.de\/www\/#\/schema\/person\/c2b19a881050135aa248a8851b7b4250","name":"Oliver Kilb","image":{"@type":"ImageObject","inLanguage":"de","@id":"https:\/\/secure.gravatar.com\/avatar\/4da50eb2c6eb71b0641229eed4a38d05c8d4b458a59355cca0d02b57303d6ffd?s=96&d=mm&r=g","url":"https:\/\/secure.gravatar.com\/avatar\/4da50eb2c6eb71b0641229eed4a38d05c8d4b458a59355cca0d02b57303d6ffd?s=96&d=mm&r=g","contentUrl":"https:\/\/secure.gravatar.com\/avatar\/4da50eb2c6eb71b0641229eed4a38d05c8d4b458a59355cca0d02b57303d6ffd?s=96&d=mm&r=g","caption":"Oliver Kilb"},"sameAs":["https:\/\/www.oliver-kilb.de\/www"],"url":"https:\/\/www.oliver-kilb.de\/www\/author\/oliver-kilb\/"}]}},"amp_enabled":true,"_links":{"self":[{"href":"https:\/\/www.oliver-kilb.de\/www\/wp-json\/wp\/v2\/posts\/1872","targetHints":{"allow":["GET"]}}],"collection":[{"href":"https:\/\/www.oliver-kilb.de\/www\/wp-json\/wp\/v2\/posts"}],"about":[{"href":"https:\/\/www.oliver-kilb.de\/www\/wp-json\/wp\/v2\/types\/post"}],"author":[{"embeddable":true,"href":"https:\/\/www.oliver-kilb.de\/www\/wp-json\/wp\/v2\/users\/1"}],"replies":[{"embeddable":true,"href":"https:\/\/www.oliver-kilb.de\/www\/wp-json\/wp\/v2\/comments?post=1872"}],"version-history":[{"count":2,"href":"https:\/\/www.oliver-kilb.de\/www\/wp-json\/wp\/v2\/posts\/1872\/revisions"}],"predecessor-version":[{"id":1878,"href":"https:\/\/www.oliver-kilb.de\/www\/wp-json\/wp\/v2\/posts\/1872\/revisions\/1878"}],"wp:featuredmedia":[{"embeddable":true,"href":"https:\/\/www.oliver-kilb.de\/www\/wp-json\/wp\/v2\/media\/1876"}],"wp:attachment":[{"href":"https:\/\/www.oliver-kilb.de\/www\/wp-json\/wp\/v2\/media?parent=1872"}],"wp:term":[{"taxonomy":"category","embeddable":true,"href":"https:\/\/www.oliver-kilb.de\/www\/wp-json\/wp\/v2\/categories?post=1872"},{"taxonomy":"post_tag","embeddable":true,"href":"https:\/\/www.oliver-kilb.de\/www\/wp-json\/wp\/v2\/tags?post=1872"}],"curies":[{"name":"wp","href":"https:\/\/api.w.org\/{rel}","templated":true}]}}