{"id":1654,"date":"1999-12-10T00:00:00","date_gmt":"1999-12-09T23:00:00","guid":{"rendered":"https:\/\/www.oliver-kilb.de\/www\/?p=1654"},"modified":"2024-09-12T19:26:06","modified_gmt":"2024-09-12T17:26:06","slug":"10-12-1999-weihnachten-in-kumamoto","status":"publish","type":"post","link":"https:\/\/www.oliver-kilb.de\/www\/1999\/12\/10\/10-12-1999-weihnachten-in-kumamoto\/","title":{"rendered":"10.12.1999: Weihnachten in Kumamoto."},"content":{"rendered":"\n<p><strong>Mittlerweile finden auch hier die Vorbereitungen f\u00fcr Weihnachten statt. Aber nat\u00fcrlich ist das nur teilweise so wie bei uns zu Hause.<\/strong><\/p>\n\n\n<div class=\"wp-block-image\">\n<figure class=\"alignleft size-full is-resized\"><a href=\"https:\/\/www.oliver-kilb.de\/www\/wp-content\/uploads\/2024\/09\/1999-09-20-Kotsu-Center-Hotel-1.jpg\"><img loading=\"lazy\" decoding=\"async\" width=\"959\" height=\"657\" src=\"https:\/\/www.oliver-kilb.de\/www\/wp-content\/uploads\/2024\/09\/1999-09-20-Kotsu-Center-Hotel-1.jpg\" alt=\"\" class=\"wp-image-1657\" style=\"width:300px\" srcset=\"https:\/\/www.oliver-kilb.de\/www\/wp-content\/uploads\/2024\/09\/1999-09-20-Kotsu-Center-Hotel-1.jpg 959w, https:\/\/www.oliver-kilb.de\/www\/wp-content\/uploads\/2024\/09\/1999-09-20-Kotsu-Center-Hotel-1-500x343.jpg 500w, https:\/\/www.oliver-kilb.de\/www\/wp-content\/uploads\/2024\/09\/1999-09-20-Kotsu-Center-Hotel-1-300x206.jpg 300w, https:\/\/www.oliver-kilb.de\/www\/wp-content\/uploads\/2024\/09\/1999-09-20-Kotsu-Center-Hotel-1-768x526.jpg 768w\" sizes=\"auto, (max-width: 959px) 100vw, 959px\" \/><\/a><figcaption class=\"wp-element-caption\">Im Kotsu-Center Hotel verbrachte ich die ersten N\u00e4chte, bevor ich meine Wohnung bezog.<\/figcaption><\/figure>\n<\/div>\n\n\n<p>Zwar werden auch hier die Gesch\u00e4fte geschm\u00fcckt, und Weihnachtsmusik dudelt aus alles Lautsprechern, aber\u2026 Da w\u00e4re zuerst mal die Temperatur. In Kumamoto ist es im Dezember durchschnittlich 6 Grad warm (Tag und Nacht-Durchschnitt). Das bedeutet: Tags\u00fcber so \u00fcber 10 Grad, zur Zeit noch immer stattliche 14, 15 Grad. Allerdings ist es zur Zeit selbst f\u00fcr diese Gegend ungew\u00f6hnlich warm. Dann ist Weihnachten in Japan, da es ein christliches Fest ist, kein gro\u00dfes, nationales Fest. Das ist Silvester, aber eben nicht der 24.12. Also ist es eher ein Anlass, nochmal ein wenig die Konsumschraube anzuziehen. Das geht einher mit den vielen Weihnachtsfesten, die jetzt so stattfinden. gestern zum Beispiel war das Weihnachtsfest der Rotarier, bei dem sich viele der Rotarier zusammen mit ihren Familien getroffen hatten. Wie auch bei uns, wird bei dieser Gelegenheit gut gegessen (und getrunken &#8211; Kanpai!), und man singt ein wenig. Daneben wurde auch noch f\u00fcr ein Rahmenprogramm gesorgt: Es traten unter anderem 2 T\u00e4nzerinnen auf, die einen ostindischen Tanz zum besten gaben. Da die beiden nat\u00fcrlich in voller Montur waren, sah das auch ziemlich atemberaubend aus. Eben so ganz anders, gelle? Bei uns sieht man das eher selten\u2026<\/p>\n\n\n\n<p>Danach gab es noch eine Tombola, und nachdem man sich mit einem dreifachen &#8222;Banzai!&#8220; verabschiedet&nbsp; hatte, bekam jeder noch eine leckere Portion Erdbeeren mit auf den Weg.<\/p>\n\n\n\n<p>Heute findet die Weihnachtsfeier der YMCA statt. Wohl eher in bescheideneren Rahmen, aber, wie ich denke, doch auch recht lustig. In meinem n\u00e4chsten Update werdet ihr mehr dar\u00fcber erfahren.<\/p>\n\n\n\n<p>Dann m\u00f6chte ich euch noch ein paar Informationen \u00fcber das Leben hier weitergeben. Den folgenden Text habe ich schon im Oktober geschrieben, so dass ihr vielleicht&nbsp; einiges schon woanders gelesen habt. Aber dennoch: Bevor es in Vergessenheit ger\u00e4t\u2026<\/p>\n\n\n<div class=\"wp-block-image\">\n<figure class=\"alignleft size-full is-resized\"><a href=\"https:\/\/www.oliver-kilb.de\/www\/wp-content\/uploads\/2024\/09\/1999-Tetsu-Staebchenhuelle.jpg\"><img loading=\"lazy\" decoding=\"async\" width=\"774\" height=\"227\" src=\"https:\/\/www.oliver-kilb.de\/www\/wp-content\/uploads\/2024\/09\/1999-Tetsu-Staebchenhuelle.jpg\" alt=\"\" class=\"wp-image-1656\" style=\"width:300px\" srcset=\"https:\/\/www.oliver-kilb.de\/www\/wp-content\/uploads\/2024\/09\/1999-Tetsu-Staebchenhuelle.jpg 774w, https:\/\/www.oliver-kilb.de\/www\/wp-content\/uploads\/2024\/09\/1999-Tetsu-Staebchenhuelle-500x147.jpg 500w, https:\/\/www.oliver-kilb.de\/www\/wp-content\/uploads\/2024\/09\/1999-Tetsu-Staebchenhuelle-300x88.jpg 300w, https:\/\/www.oliver-kilb.de\/www\/wp-content\/uploads\/2024\/09\/1999-Tetsu-Staebchenhuelle-768x225.jpg 768w\" sizes=\"auto, (max-width: 774px) 100vw, 774px\" \/><\/a><figcaption class=\"wp-element-caption\">St\u00e4bchenh\u00fclle des &#8222;Tetsu&#8220;-Restaurants.<\/figcaption><\/figure>\n<\/div>\n\n\n<p>Wie lebt man denn so hier in Kumamoto? Naja, ein wichtiger Punkt ist nat\u00fcrlich&nbsp; das Essen: Wie ihr ja wohl alle wisst, beherrschen 3 verschiedene Gerichte das Tagesbild:<\/p>\n\n\n\n<p>1.) Reis<br>2.) Fisch<br>3.) Nudeln<\/p>\n\n\n\n<p>Reis wird zu allen Tageszeiten gegessen, das hei\u00dft: Am Morgen, am Mittag,&nbsp; am Abend. Es gibt leckere Reisb\u00e4llchen, die, in einen Bierteig geh\u00fcllt, sehr gut kalt zum Fr\u00fchst\u00fcck gegessen werden k\u00f6nnen. Auch bestimmte Sushisorten&nbsp;werden gerne zum Fr\u00fchst\u00fcck gegessen. Allerdings bevorzugen viele entweder Reis oder eine einfache Suppe. Am Mittag kann man \u00fcberall in den Superm\u00e4rkten&nbsp; eine sogenannte &#8222;Bento&#8220;-Box kaufen. Sie beinhaltet stets einen bunten Mix an Leckereien. Immer ist eine gute Portion Reis dabei und verschiedene Gem\u00fcsesorten, und je nachdem, f\u00fcr welche Box man sich entscheidet, Fisch&nbsp; oder Fleisch. Diese Bento-Men\u00fcs k\u00f6nnen auch zu sehr g\u00fcnstigen Preisen \u00fcber&nbsp; Mittag in Restaurants gegessen werden. Im Supermarkt kosten sie zwischen 400&nbsp;und 600 Yen (7-10 DM). Und &#8211; sie machen wirklich satt. &#8222;Reis&#8220; bedeutet auf japanisch &#8222;gohan&#8220; (\u5fa1\u98ef) &#8211; und das kann auch &#8222;Essen,&nbsp; Mahlzeit&#8220; bedeuten. Und eben dieses W\u00f6rtchen ist auch stets in &#8222;Fr\u00fchst\u00fcck&#8220; (asagohan, \u671d\u5fa1\u98ef), &#8222;Mittagessen&#8220; (hirugohan, \u663c\u5fa1\u98ef) und &#8222;Abendessen&#8220; (bangohan, \u6669\u5fa1\u98ef) enthalten. Also in etwa &#8222;Morgenreis&#8220;, &#8222;Mittagreis&#8220; und &#8222;Der Reis am Abend&#8220;.<\/p>\n\n\n<div class=\"wp-block-image\">\n<figure class=\"alignleft size-full is-resized\"><a href=\"https:\/\/www.oliver-kilb.de\/www\/wp-content\/uploads\/2024\/09\/1999-09-24-Tower-Records-1.jpg\"><img loading=\"lazy\" decoding=\"async\" width=\"333\" height=\"519\" src=\"https:\/\/www.oliver-kilb.de\/www\/wp-content\/uploads\/2024\/09\/1999-09-24-Tower-Records-1.jpg\" alt=\"\" class=\"wp-image-1658\" style=\"width:auto;height:300px\" srcset=\"https:\/\/www.oliver-kilb.de\/www\/wp-content\/uploads\/2024\/09\/1999-09-24-Tower-Records-1.jpg 333w, https:\/\/www.oliver-kilb.de\/www\/wp-content\/uploads\/2024\/09\/1999-09-24-Tower-Records-1-321x500.jpg 321w, https:\/\/www.oliver-kilb.de\/www\/wp-content\/uploads\/2024\/09\/1999-09-24-Tower-Records-1-192x300.jpg 192w\" sizes=\"auto, (max-width: 333px) 100vw, 333px\" \/><\/a><figcaption class=\"wp-element-caption\">Meine Tower Records Stempelkarte wurde leider nicht voll.<\/figcaption><\/figure>\n<\/div>\n\n\n<p>Wer Fischgerichte mag, kommt hier voll auf seine Kosten. Unz\u00e4hlige kleine&nbsp;L\u00e4den wie auch die gro\u00dfen Kaufh\u00e4user bieten die unterschiedlichsten Fischgerichte&nbsp;an. In der Regel fertig zubereitet, kann der Kunde unter fast unz\u00e4hlbar vielen&nbsp;Varianten w\u00e4hlen. Es ist wirklich schwer zu beschreiben, aber ich denke, wenn ich jeden Tag was Anderes ausprobieren w\u00fcrde, dann h\u00e4tte ich wohl einige&nbsp; Zeit vor mir, in der ich nur unterschiedliche Sachen testen k\u00f6nnte. Denen,&nbsp;die mich mal besuchen kommen, kann ich es ja zeigen\u2026 \ud83d\ude09 Was mir pers\u00f6nlich sehr gut gef\u00e4llt: Die Sushi-to-go Boxen, die in den Superm\u00e4rkten&nbsp; angeboten werden. Ihr m\u00fcsst euch das so vorstellen: Mehrmals am Tag werden&nbsp; diese Fischgerichte komplett neu zubereitet, und man kann wirklich sicher sein,&nbsp; dass der Fisch erst wenige Stunden alt ist. Da sich roher Fisch ja nicht lange&nbsp; h\u00e4lt, kann man auch noch sogar ein Schn\u00e4ppchen machen: In der Regel bieten&nbsp; die Kaufh\u00e4user gegen Abend (so nach 6 Uhr) viele oder s\u00e4mtliche (ohnehin&nbsp; schon g\u00fcnstige) Fischwaren zum deutlich reduzierten Preis an. Eine zum Abendbrot durchaus ausreichende Sushiportion mit 6-7 Sushi, die tags\u00fcber so um 400 Yen&nbsp; kostet, ist dann f\u00fcr 250 Yen oder sogar noch weniger zu haben. Und man kann&nbsp; diese Gerichte auch im K\u00fchlschrank noch ohne Bedenken zu haben bis zum n\u00e4chsten Morgen lagern und zum Fr\u00fchst\u00fcck essen (Yamm!)<\/p>\n\n\n\n<p>F\u00fcr die mehr erfahrenen Kunden besteht in den gro\u00dfen Laeden auch die M\u00f6glichkeit,&nbsp;sich direkt rohen Fisch zu kaufen und dann zu Hause wie gew\u00fcnscht zuzubereiten.&nbsp;Alles in allem ist Japan, was Essen angeht, uneingeschr\u00e4nkt zu empfehlen! Das gilt sogar f\u00fcr Fast Food. Ketten wie Mc Donalds (maku Donarudo Hanbaagaa) oder KFC gibt es auch hier, und was bei uns zu Hause von Zeit zu Zeit der &#8222;Mc&nbsp; Sushi&#8220; ist, ist hier dann eben so etwas wie der &#8222;Teriyaki-Burger&#8220;.&nbsp;Wesentlich dabei ist: Die Dinger werden frisch zubereitet! Also nicht verwundern,&nbsp; wenn man an der Kasse eine Nummer in die Hand gedr\u00fcckt bekommt: Die Hamburger werden dann eben an den Tisch gebracht. In Japan gibt es eine lokale Fast Food-Kette,&nbsp;Moss-Burger. Das sind so ziemlich die besten Burger, die man essen kann &#8211; sagt&nbsp; man. Ich konnte es noch nicht best\u00e4tigen, da mein Bedarf an Fast Food, auch&nbsp; an &#8222;gesundem&#8220;, hier nicht so hoch ist. Ich bevorzuge Sushi oder Bento.&nbsp;Aber wer in Japan ist: Auch bei Moss-Burger werden alle Gerichte erst NACH der Bestellung zubereitet.<\/p>\n\n\n<div class=\"wp-block-image\">\n<figure class=\"alignleft size-full is-resized\"><a href=\"https:\/\/www.oliver-kilb.de\/www\/wp-content\/uploads\/2024\/09\/1999-Kumamoto-Telefonbuch-1.jpg\"><img loading=\"lazy\" decoding=\"async\" width=\"1276\" height=\"1752\" src=\"https:\/\/www.oliver-kilb.de\/www\/wp-content\/uploads\/2024\/09\/1999-Kumamoto-Telefonbuch-1.jpg\" alt=\"\" class=\"wp-image-1659\" style=\"width:auto;height:300px\" srcset=\"https:\/\/www.oliver-kilb.de\/www\/wp-content\/uploads\/2024\/09\/1999-Kumamoto-Telefonbuch-1.jpg 1276w, https:\/\/www.oliver-kilb.de\/www\/wp-content\/uploads\/2024\/09\/1999-Kumamoto-Telefonbuch-1-364x500.jpg 364w, https:\/\/www.oliver-kilb.de\/www\/wp-content\/uploads\/2024\/09\/1999-Kumamoto-Telefonbuch-1-218x300.jpg 218w, https:\/\/www.oliver-kilb.de\/www\/wp-content\/uploads\/2024\/09\/1999-Kumamoto-Telefonbuch-1-768x1054.jpg 768w, https:\/\/www.oliver-kilb.de\/www\/wp-content\/uploads\/2024\/09\/1999-Kumamoto-Telefonbuch-1-1119x1536.jpg 1119w\" sizes=\"auto, (max-width: 1276px) 100vw, 1276px\" \/><\/a><figcaption class=\"wp-element-caption\">Eine Seite des Telefonbuchs.<\/figcaption><\/figure>\n<\/div>\n\n\n<p>Und was ist mit europ\u00e4ischem Essen? Brot und Wurst? Naja, auch das gibt es nat\u00fcrlich. Aber das hat ungef\u00e4hr so viel mit deutschem Essen zu tun, wie bei uns das chinesische\/asiatische Essen mit dem &#8222;echten&#8220; asiatischen&nbsp;Essen. Baguettes k\u00f6nnen hier gekauft werden, auch Wei\u00dfbrot und allerlei S\u00fc\u00dfigkeiten.&nbsp;Allerdings schmecken diese nicht sehr gut und tendieren eher zu Gummi. Dar\u00fcber&nbsp; hinaus sind sie meistens teuer. W\u00e4hrend ein Baguette-Michelin f\u00fcr 180 Yen&nbsp;(3 DM) zu haben ist, bekommt man keinen Camembert unter 6-7 DM. Schinken und&nbsp; Wurst ist hier so gut wie ausschlie\u00dflich fertig abgepackt zu haben und kostet&nbsp;\u00e4hnlich viel. Wenn man Gl\u00fcck hat, schmecken K\u00e4se und Wurst aber ganz ordentlich. Ebenfalls recht g\u00fcnstig ist Obst. Die japanische Mandarine (Mikan)&nbsp;schmeckt sehr gut, sieht aber manchmal eher aus wie eine Limette. Nicht reinlegen&nbsp; lassen. Bananen und Ananas sind auch noch recht g\u00fcnstig, aber bei europ\u00e4ischem&nbsp;Obst wie \u00c4pfel und Trauben muss man wieder richtig tief in den Geldbeutel&nbsp;greifen. Wer selbst kochen will, der kann sich im Nudelregal den Wolf kaufen&nbsp;&#8211; viele, viele unterschiedliche Nudelsorten und Zutaten. Selbst einige Maggi&nbsp;und Kraft-Produkte sind zu haben. Und auch wenn die japanischen Nudeln zu den deutschen sehr unterschiedlich sind (d\u00fcnner), so kann man gute &#8222;deutsche (?)&#8220; Nudeln kaufen.<\/p>\n\n\n\n<p>Zusammengefasst also: Japanisches Essen ist her-vor-ra-gend! Man kann \u00fcber&nbsp; Wochen, so man es denn will, unterschiedliche Gerichte essen. Oder, falls einem&nbsp; der Sinn danach ist, man kann auch europ\u00e4isch essen, mit leichten Nachteilen&nbsp; bei Geschmack und Preis. Ich jedenfalls bevorzuge die japanische Art.<\/p>\n\n\n\n<p>Bis zum n\u00e4chsten Mal. Dann gibt&#8217;s vielleicht was \u00fcber das japanische Nachtleben.<\/p>\n\n\n\n<p>\u2026 und vergesst auch nicht, nochmal vor Weihnachten reinzuschauen, f\u00fcr den Ausblick auf das neue Millennium &#8211; und den &#8222;Ni Sen Nen Mondai&#8220; (Y2K-Bug)!<\/p>\n","protected":false},"excerpt":{"rendered":"<p>Mittlerweile finden auch hier die Vorbereitungen f\u00fcr Weihnachten statt. Aber nat\u00fcrlich ist das nur teilweise so wie bei uns zu Hause.<\/p>\n","protected":false},"author":1,"featured_media":1657,"comment_status":"open","ping_status":"open","sticky":false,"template":"","format":"standard","meta":{"iawp_total_views":8,"footnotes":""},"categories":[56],"tags":[59,58,245],"class_list":["post-1654","post","type-post","status-publish","format-standard","has-post-thumbnail","hentry","category-auslandsjahr-1999-2000","tag-kumamoto","tag-stipendium","tag-weihnachten"],"yoast_head":"<!-- This site is optimized with the Yoast SEO plugin v27.3 - https:\/\/yoast.com\/product\/yoast-seo-wordpress\/ -->\n<title>10.12.1999: Weihnachten in Kumamoto. - Japan, Wandern und Multimedia<\/title>\n<meta name=\"robots\" content=\"index, follow, max-snippet:-1, max-image-preview:large, max-video-preview:-1\" \/>\n<link rel=\"canonical\" href=\"https:\/\/www.oliver-kilb.de\/www\/1999\/12\/10\/10-12-1999-weihnachten-in-kumamoto\/\" \/>\n<meta property=\"og:locale\" content=\"de_DE\" \/>\n<meta property=\"og:type\" content=\"article\" \/>\n<meta property=\"og:title\" content=\"10.12.1999: Weihnachten in Kumamoto. - Japan, Wandern und Multimedia\" \/>\n<meta property=\"og:description\" content=\"Mittlerweile finden auch hier die Vorbereitungen f\u00fcr Weihnachten statt. Aber nat\u00fcrlich ist das nur teilweise so wie bei uns zu Hause.\" \/>\n<meta property=\"og:url\" content=\"https:\/\/www.oliver-kilb.de\/www\/1999\/12\/10\/10-12-1999-weihnachten-in-kumamoto\/\" \/>\n<meta property=\"og:site_name\" content=\"Japan, Wandern und Multimedia\" \/>\n<meta property=\"article:published_time\" content=\"1999-12-09T23:00:00+00:00\" \/>\n<meta property=\"article:modified_time\" content=\"2024-09-12T17:26:06+00:00\" \/>\n<meta property=\"og:image\" content=\"https:\/\/www.oliver-kilb.de\/www\/wp-content\/uploads\/2024\/09\/1999-09-20-Kotsu-Center-Hotel-1.jpg\" \/>\n\t<meta property=\"og:image:width\" content=\"959\" \/>\n\t<meta property=\"og:image:height\" content=\"657\" \/>\n\t<meta property=\"og:image:type\" content=\"image\/jpeg\" \/>\n<meta name=\"author\" content=\"Oliver Kilb\" \/>\n<meta name=\"twitter:card\" content=\"summary_large_image\" \/>\n<meta name=\"twitter:label1\" content=\"Verfasst von\" \/>\n\t<meta name=\"twitter:data1\" content=\"Oliver Kilb\" \/>\n\t<meta name=\"twitter:label2\" content=\"Gesch\u00e4tzte Lesezeit\" \/>\n\t<meta name=\"twitter:data2\" content=\"8\u00a0Minuten\" \/>\n<script type=\"application\/ld+json\" class=\"yoast-schema-graph\">{\"@context\":\"https:\\\/\\\/schema.org\",\"@graph\":[{\"@type\":\"Article\",\"@id\":\"https:\\\/\\\/www.oliver-kilb.de\\\/www\\\/1999\\\/12\\\/10\\\/10-12-1999-weihnachten-in-kumamoto\\\/#article\",\"isPartOf\":{\"@id\":\"https:\\\/\\\/www.oliver-kilb.de\\\/www\\\/1999\\\/12\\\/10\\\/10-12-1999-weihnachten-in-kumamoto\\\/\"},\"author\":{\"name\":\"Oliver Kilb\",\"@id\":\"https:\\\/\\\/www.oliver-kilb.de\\\/www\\\/#\\\/schema\\\/person\\\/c2b19a881050135aa248a8851b7b4250\"},\"headline\":\"10.12.1999: Weihnachten in Kumamoto.\",\"datePublished\":\"1999-12-09T23:00:00+00:00\",\"dateModified\":\"2024-09-12T17:26:06+00:00\",\"mainEntityOfPage\":{\"@id\":\"https:\\\/\\\/www.oliver-kilb.de\\\/www\\\/1999\\\/12\\\/10\\\/10-12-1999-weihnachten-in-kumamoto\\\/\"},\"wordCount\":1328,\"commentCount\":0,\"publisher\":{\"@id\":\"https:\\\/\\\/www.oliver-kilb.de\\\/www\\\/#organization\"},\"image\":{\"@id\":\"https:\\\/\\\/www.oliver-kilb.de\\\/www\\\/1999\\\/12\\\/10\\\/10-12-1999-weihnachten-in-kumamoto\\\/#primaryimage\"},\"thumbnailUrl\":\"https:\\\/\\\/www.oliver-kilb.de\\\/www\\\/wp-content\\\/uploads\\\/2024\\\/09\\\/1999-09-20-Kotsu-Center-Hotel-1.jpg\",\"keywords\":[\"Kumamoto\",\"Stipendium\",\"Weihnachten\"],\"articleSection\":[\"Auslandsjahr 1999-2000\"],\"inLanguage\":\"de\",\"potentialAction\":[{\"@type\":\"CommentAction\",\"name\":\"Comment\",\"target\":[\"https:\\\/\\\/www.oliver-kilb.de\\\/www\\\/1999\\\/12\\\/10\\\/10-12-1999-weihnachten-in-kumamoto\\\/#respond\"]}]},{\"@type\":\"WebPage\",\"@id\":\"https:\\\/\\\/www.oliver-kilb.de\\\/www\\\/1999\\\/12\\\/10\\\/10-12-1999-weihnachten-in-kumamoto\\\/\",\"url\":\"https:\\\/\\\/www.oliver-kilb.de\\\/www\\\/1999\\\/12\\\/10\\\/10-12-1999-weihnachten-in-kumamoto\\\/\",\"name\":\"10.12.1999: Weihnachten in Kumamoto. - Japan, Wandern und Multimedia\",\"isPartOf\":{\"@id\":\"https:\\\/\\\/www.oliver-kilb.de\\\/www\\\/#website\"},\"primaryImageOfPage\":{\"@id\":\"https:\\\/\\\/www.oliver-kilb.de\\\/www\\\/1999\\\/12\\\/10\\\/10-12-1999-weihnachten-in-kumamoto\\\/#primaryimage\"},\"image\":{\"@id\":\"https:\\\/\\\/www.oliver-kilb.de\\\/www\\\/1999\\\/12\\\/10\\\/10-12-1999-weihnachten-in-kumamoto\\\/#primaryimage\"},\"thumbnailUrl\":\"https:\\\/\\\/www.oliver-kilb.de\\\/www\\\/wp-content\\\/uploads\\\/2024\\\/09\\\/1999-09-20-Kotsu-Center-Hotel-1.jpg\",\"datePublished\":\"1999-12-09T23:00:00+00:00\",\"dateModified\":\"2024-09-12T17:26:06+00:00\",\"breadcrumb\":{\"@id\":\"https:\\\/\\\/www.oliver-kilb.de\\\/www\\\/1999\\\/12\\\/10\\\/10-12-1999-weihnachten-in-kumamoto\\\/#breadcrumb\"},\"inLanguage\":\"de\",\"potentialAction\":[{\"@type\":\"ReadAction\",\"target\":[\"https:\\\/\\\/www.oliver-kilb.de\\\/www\\\/1999\\\/12\\\/10\\\/10-12-1999-weihnachten-in-kumamoto\\\/\"]}]},{\"@type\":\"ImageObject\",\"inLanguage\":\"de\",\"@id\":\"https:\\\/\\\/www.oliver-kilb.de\\\/www\\\/1999\\\/12\\\/10\\\/10-12-1999-weihnachten-in-kumamoto\\\/#primaryimage\",\"url\":\"https:\\\/\\\/www.oliver-kilb.de\\\/www\\\/wp-content\\\/uploads\\\/2024\\\/09\\\/1999-09-20-Kotsu-Center-Hotel-1.jpg\",\"contentUrl\":\"https:\\\/\\\/www.oliver-kilb.de\\\/www\\\/wp-content\\\/uploads\\\/2024\\\/09\\\/1999-09-20-Kotsu-Center-Hotel-1.jpg\",\"width\":959,\"height\":657,\"caption\":\"Meine Zimmerkarte im Kotsu Center Hotel 1999.\"},{\"@type\":\"BreadcrumbList\",\"@id\":\"https:\\\/\\\/www.oliver-kilb.de\\\/www\\\/1999\\\/12\\\/10\\\/10-12-1999-weihnachten-in-kumamoto\\\/#breadcrumb\",\"itemListElement\":[{\"@type\":\"ListItem\",\"position\":1,\"name\":\"Startseite\",\"item\":\"https:\\\/\\\/www.oliver-kilb.de\\\/www\\\/\"},{\"@type\":\"ListItem\",\"position\":2,\"name\":\"10.12.1999: Weihnachten in Kumamoto.\"}]},{\"@type\":\"WebSite\",\"@id\":\"https:\\\/\\\/www.oliver-kilb.de\\\/www\\\/#website\",\"url\":\"https:\\\/\\\/www.oliver-kilb.de\\\/www\\\/\",\"name\":\"Japan, Wandern und Multimedia\",\"description\":\"\",\"publisher\":{\"@id\":\"https:\\\/\\\/www.oliver-kilb.de\\\/www\\\/#organization\"},\"potentialAction\":[{\"@type\":\"SearchAction\",\"target\":{\"@type\":\"EntryPoint\",\"urlTemplate\":\"https:\\\/\\\/www.oliver-kilb.de\\\/www\\\/?s={search_term_string}\"},\"query-input\":{\"@type\":\"PropertyValueSpecification\",\"valueRequired\":true,\"valueName\":\"search_term_string\"}}],\"inLanguage\":\"de\"},{\"@type\":\"Organization\",\"@id\":\"https:\\\/\\\/www.oliver-kilb.de\\\/www\\\/#organization\",\"name\":\"Japan, Wandern und Multimedia\",\"url\":\"https:\\\/\\\/www.oliver-kilb.de\\\/www\\\/\",\"logo\":{\"@type\":\"ImageObject\",\"inLanguage\":\"de\",\"@id\":\"https:\\\/\\\/www.oliver-kilb.de\\\/www\\\/#\\\/schema\\\/logo\\\/image\\\/\",\"url\":\"https:\\\/\\\/www.oliver-kilb.de\\\/www\\\/wp-content\\\/uploads\\\/2024\\\/07\\\/Fushimi-Inari-Schrein_075_DxO.jpg\",\"contentUrl\":\"https:\\\/\\\/www.oliver-kilb.de\\\/www\\\/wp-content\\\/uploads\\\/2024\\\/07\\\/Fushimi-Inari-Schrein_075_DxO.jpg\",\"width\":1380,\"height\":301,\"caption\":\"Japan, Wandern und Multimedia\"},\"image\":{\"@id\":\"https:\\\/\\\/www.oliver-kilb.de\\\/www\\\/#\\\/schema\\\/logo\\\/image\\\/\"}},{\"@type\":\"Person\",\"@id\":\"https:\\\/\\\/www.oliver-kilb.de\\\/www\\\/#\\\/schema\\\/person\\\/c2b19a881050135aa248a8851b7b4250\",\"name\":\"Oliver Kilb\",\"image\":{\"@type\":\"ImageObject\",\"inLanguage\":\"de\",\"@id\":\"https:\\\/\\\/secure.gravatar.com\\\/avatar\\\/4da50eb2c6eb71b0641229eed4a38d05c8d4b458a59355cca0d02b57303d6ffd?s=96&d=mm&r=g\",\"url\":\"https:\\\/\\\/secure.gravatar.com\\\/avatar\\\/4da50eb2c6eb71b0641229eed4a38d05c8d4b458a59355cca0d02b57303d6ffd?s=96&d=mm&r=g\",\"contentUrl\":\"https:\\\/\\\/secure.gravatar.com\\\/avatar\\\/4da50eb2c6eb71b0641229eed4a38d05c8d4b458a59355cca0d02b57303d6ffd?s=96&d=mm&r=g\",\"caption\":\"Oliver Kilb\"},\"sameAs\":[\"https:\\\/\\\/www.oliver-kilb.de\\\/www\"],\"url\":\"https:\\\/\\\/www.oliver-kilb.de\\\/www\\\/author\\\/oliver-kilb\\\/\"}]}<\/script>\n<!-- \/ Yoast SEO plugin. -->","yoast_head_json":{"title":"10.12.1999: Weihnachten in Kumamoto. - Japan, Wandern und Multimedia","robots":{"index":"index","follow":"follow","max-snippet":"max-snippet:-1","max-image-preview":"max-image-preview:large","max-video-preview":"max-video-preview:-1"},"canonical":"https:\/\/www.oliver-kilb.de\/www\/1999\/12\/10\/10-12-1999-weihnachten-in-kumamoto\/","og_locale":"de_DE","og_type":"article","og_title":"10.12.1999: Weihnachten in Kumamoto. - Japan, Wandern und Multimedia","og_description":"Mittlerweile finden auch hier die Vorbereitungen f\u00fcr Weihnachten statt. Aber nat\u00fcrlich ist das nur teilweise so wie bei uns zu Hause.","og_url":"https:\/\/www.oliver-kilb.de\/www\/1999\/12\/10\/10-12-1999-weihnachten-in-kumamoto\/","og_site_name":"Japan, Wandern und Multimedia","article_published_time":"1999-12-09T23:00:00+00:00","article_modified_time":"2024-09-12T17:26:06+00:00","og_image":[{"width":959,"height":657,"url":"https:\/\/www.oliver-kilb.de\/www\/wp-content\/uploads\/2024\/09\/1999-09-20-Kotsu-Center-Hotel-1.jpg","type":"image\/jpeg"}],"author":"Oliver Kilb","twitter_card":"summary_large_image","twitter_misc":{"Verfasst von":"Oliver Kilb","Gesch\u00e4tzte Lesezeit":"8\u00a0Minuten"},"schema":{"@context":"https:\/\/schema.org","@graph":[{"@type":"Article","@id":"https:\/\/www.oliver-kilb.de\/www\/1999\/12\/10\/10-12-1999-weihnachten-in-kumamoto\/#article","isPartOf":{"@id":"https:\/\/www.oliver-kilb.de\/www\/1999\/12\/10\/10-12-1999-weihnachten-in-kumamoto\/"},"author":{"name":"Oliver Kilb","@id":"https:\/\/www.oliver-kilb.de\/www\/#\/schema\/person\/c2b19a881050135aa248a8851b7b4250"},"headline":"10.12.1999: Weihnachten in Kumamoto.","datePublished":"1999-12-09T23:00:00+00:00","dateModified":"2024-09-12T17:26:06+00:00","mainEntityOfPage":{"@id":"https:\/\/www.oliver-kilb.de\/www\/1999\/12\/10\/10-12-1999-weihnachten-in-kumamoto\/"},"wordCount":1328,"commentCount":0,"publisher":{"@id":"https:\/\/www.oliver-kilb.de\/www\/#organization"},"image":{"@id":"https:\/\/www.oliver-kilb.de\/www\/1999\/12\/10\/10-12-1999-weihnachten-in-kumamoto\/#primaryimage"},"thumbnailUrl":"https:\/\/www.oliver-kilb.de\/www\/wp-content\/uploads\/2024\/09\/1999-09-20-Kotsu-Center-Hotel-1.jpg","keywords":["Kumamoto","Stipendium","Weihnachten"],"articleSection":["Auslandsjahr 1999-2000"],"inLanguage":"de","potentialAction":[{"@type":"CommentAction","name":"Comment","target":["https:\/\/www.oliver-kilb.de\/www\/1999\/12\/10\/10-12-1999-weihnachten-in-kumamoto\/#respond"]}]},{"@type":"WebPage","@id":"https:\/\/www.oliver-kilb.de\/www\/1999\/12\/10\/10-12-1999-weihnachten-in-kumamoto\/","url":"https:\/\/www.oliver-kilb.de\/www\/1999\/12\/10\/10-12-1999-weihnachten-in-kumamoto\/","name":"10.12.1999: Weihnachten in Kumamoto. - Japan, Wandern und Multimedia","isPartOf":{"@id":"https:\/\/www.oliver-kilb.de\/www\/#website"},"primaryImageOfPage":{"@id":"https:\/\/www.oliver-kilb.de\/www\/1999\/12\/10\/10-12-1999-weihnachten-in-kumamoto\/#primaryimage"},"image":{"@id":"https:\/\/www.oliver-kilb.de\/www\/1999\/12\/10\/10-12-1999-weihnachten-in-kumamoto\/#primaryimage"},"thumbnailUrl":"https:\/\/www.oliver-kilb.de\/www\/wp-content\/uploads\/2024\/09\/1999-09-20-Kotsu-Center-Hotel-1.jpg","datePublished":"1999-12-09T23:00:00+00:00","dateModified":"2024-09-12T17:26:06+00:00","breadcrumb":{"@id":"https:\/\/www.oliver-kilb.de\/www\/1999\/12\/10\/10-12-1999-weihnachten-in-kumamoto\/#breadcrumb"},"inLanguage":"de","potentialAction":[{"@type":"ReadAction","target":["https:\/\/www.oliver-kilb.de\/www\/1999\/12\/10\/10-12-1999-weihnachten-in-kumamoto\/"]}]},{"@type":"ImageObject","inLanguage":"de","@id":"https:\/\/www.oliver-kilb.de\/www\/1999\/12\/10\/10-12-1999-weihnachten-in-kumamoto\/#primaryimage","url":"https:\/\/www.oliver-kilb.de\/www\/wp-content\/uploads\/2024\/09\/1999-09-20-Kotsu-Center-Hotel-1.jpg","contentUrl":"https:\/\/www.oliver-kilb.de\/www\/wp-content\/uploads\/2024\/09\/1999-09-20-Kotsu-Center-Hotel-1.jpg","width":959,"height":657,"caption":"Meine Zimmerkarte im Kotsu Center Hotel 1999."},{"@type":"BreadcrumbList","@id":"https:\/\/www.oliver-kilb.de\/www\/1999\/12\/10\/10-12-1999-weihnachten-in-kumamoto\/#breadcrumb","itemListElement":[{"@type":"ListItem","position":1,"name":"Startseite","item":"https:\/\/www.oliver-kilb.de\/www\/"},{"@type":"ListItem","position":2,"name":"10.12.1999: Weihnachten in Kumamoto."}]},{"@type":"WebSite","@id":"https:\/\/www.oliver-kilb.de\/www\/#website","url":"https:\/\/www.oliver-kilb.de\/www\/","name":"Japan, Wandern und Multimedia","description":"","publisher":{"@id":"https:\/\/www.oliver-kilb.de\/www\/#organization"},"potentialAction":[{"@type":"SearchAction","target":{"@type":"EntryPoint","urlTemplate":"https:\/\/www.oliver-kilb.de\/www\/?s={search_term_string}"},"query-input":{"@type":"PropertyValueSpecification","valueRequired":true,"valueName":"search_term_string"}}],"inLanguage":"de"},{"@type":"Organization","@id":"https:\/\/www.oliver-kilb.de\/www\/#organization","name":"Japan, Wandern und Multimedia","url":"https:\/\/www.oliver-kilb.de\/www\/","logo":{"@type":"ImageObject","inLanguage":"de","@id":"https:\/\/www.oliver-kilb.de\/www\/#\/schema\/logo\/image\/","url":"https:\/\/www.oliver-kilb.de\/www\/wp-content\/uploads\/2024\/07\/Fushimi-Inari-Schrein_075_DxO.jpg","contentUrl":"https:\/\/www.oliver-kilb.de\/www\/wp-content\/uploads\/2024\/07\/Fushimi-Inari-Schrein_075_DxO.jpg","width":1380,"height":301,"caption":"Japan, Wandern und Multimedia"},"image":{"@id":"https:\/\/www.oliver-kilb.de\/www\/#\/schema\/logo\/image\/"}},{"@type":"Person","@id":"https:\/\/www.oliver-kilb.de\/www\/#\/schema\/person\/c2b19a881050135aa248a8851b7b4250","name":"Oliver Kilb","image":{"@type":"ImageObject","inLanguage":"de","@id":"https:\/\/secure.gravatar.com\/avatar\/4da50eb2c6eb71b0641229eed4a38d05c8d4b458a59355cca0d02b57303d6ffd?s=96&d=mm&r=g","url":"https:\/\/secure.gravatar.com\/avatar\/4da50eb2c6eb71b0641229eed4a38d05c8d4b458a59355cca0d02b57303d6ffd?s=96&d=mm&r=g","contentUrl":"https:\/\/secure.gravatar.com\/avatar\/4da50eb2c6eb71b0641229eed4a38d05c8d4b458a59355cca0d02b57303d6ffd?s=96&d=mm&r=g","caption":"Oliver Kilb"},"sameAs":["https:\/\/www.oliver-kilb.de\/www"],"url":"https:\/\/www.oliver-kilb.de\/www\/author\/oliver-kilb\/"}]}},"amp_enabled":true,"_links":{"self":[{"href":"https:\/\/www.oliver-kilb.de\/www\/wp-json\/wp\/v2\/posts\/1654","targetHints":{"allow":["GET"]}}],"collection":[{"href":"https:\/\/www.oliver-kilb.de\/www\/wp-json\/wp\/v2\/posts"}],"about":[{"href":"https:\/\/www.oliver-kilb.de\/www\/wp-json\/wp\/v2\/types\/post"}],"author":[{"embeddable":true,"href":"https:\/\/www.oliver-kilb.de\/www\/wp-json\/wp\/v2\/users\/1"}],"replies":[{"embeddable":true,"href":"https:\/\/www.oliver-kilb.de\/www\/wp-json\/wp\/v2\/comments?post=1654"}],"version-history":[{"count":2,"href":"https:\/\/www.oliver-kilb.de\/www\/wp-json\/wp\/v2\/posts\/1654\/revisions"}],"predecessor-version":[{"id":1661,"href":"https:\/\/www.oliver-kilb.de\/www\/wp-json\/wp\/v2\/posts\/1654\/revisions\/1661"}],"wp:featuredmedia":[{"embeddable":true,"href":"https:\/\/www.oliver-kilb.de\/www\/wp-json\/wp\/v2\/media\/1657"}],"wp:attachment":[{"href":"https:\/\/www.oliver-kilb.de\/www\/wp-json\/wp\/v2\/media?parent=1654"}],"wp:term":[{"taxonomy":"category","embeddable":true,"href":"https:\/\/www.oliver-kilb.de\/www\/wp-json\/wp\/v2\/categories?post=1654"},{"taxonomy":"post_tag","embeddable":true,"href":"https:\/\/www.oliver-kilb.de\/www\/wp-json\/wp\/v2\/tags?post=1654"}],"curies":[{"name":"wp","href":"https:\/\/api.w.org\/{rel}","templated":true}]}}