{"id":1639,"date":"1999-11-27T00:00:00","date_gmt":"1999-11-26T23:00:00","guid":{"rendered":"https:\/\/www.oliver-kilb.de\/www\/?p=1639"},"modified":"2024-09-12T18:48:07","modified_gmt":"2024-09-12T16:48:07","slug":"27-11-1999-notizen-zum-novemberende","status":"publish","type":"post","link":"https:\/\/www.oliver-kilb.de\/www\/1999\/11\/27\/27-11-1999-notizen-zum-novemberende\/","title":{"rendered":"27.11.1999: Notizen zum Novemberende."},"content":{"rendered":"\n<p><strong>Am 17. November wurde in der YMCA der erste gro\u00dfe Test geschrieben.<\/strong><\/p>\n\n\n<div class=\"wp-block-image\">\n<figure class=\"alignleft size-large is-resized\"><a href=\"https:\/\/www.oliver-kilb.de\/www\/wp-content\/uploads\/2024\/09\/1999_jap_ordner_2-scaled.jpg\"><img loading=\"lazy\" decoding=\"async\" width=\"1536\" height=\"2048\" src=\"https:\/\/www.oliver-kilb.de\/www\/wp-content\/uploads\/2024\/09\/1999_jap_ordner_2-1536x2048.jpg\" alt=\"\" class=\"wp-image-1641\" style=\"width:auto;height:300px\" srcset=\"https:\/\/www.oliver-kilb.de\/www\/wp-content\/uploads\/2024\/09\/1999_jap_ordner_2-1536x2048.jpg 1536w, https:\/\/www.oliver-kilb.de\/www\/wp-content\/uploads\/2024\/09\/1999_jap_ordner_2-375x500.jpg 375w, https:\/\/www.oliver-kilb.de\/www\/wp-content\/uploads\/2024\/09\/1999_jap_ordner_2-225x300.jpg 225w, https:\/\/www.oliver-kilb.de\/www\/wp-content\/uploads\/2024\/09\/1999_jap_ordner_2-768x1024.jpg 768w, https:\/\/www.oliver-kilb.de\/www\/wp-content\/uploads\/2024\/09\/1999_jap_ordner_2-1152x1536.jpg 1152w, https:\/\/www.oliver-kilb.de\/www\/wp-content\/uploads\/2024\/09\/1999_jap_ordner_2-scaled.jpg 1920w\" sizes=\"auto, (max-width: 1536px) 100vw, 1536px\" \/><\/a><figcaption class=\"wp-element-caption\">Mein Vokabelheft.<\/figcaption><\/figure>\n<\/div>\n\n\n<p>Er beinhaltete sowohl einen gro\u00dfen Grammatikteil, als auch Konversation und Lese\u00fcbungen. Insgesamt waren wir dann den ganzen Tag mit dem Test besch\u00e4ftigt. Und dass die YMCA recht strikt ist, das habe ich ja bereits erw\u00e4hnt. Wer nicht \u00fcber 60% kommt, der sp\u00fcrt Konsequenzen. So sind jetzt auch 3 Sch\u00fcler aus der h\u00f6heren Stufe in meine Klasse zur\u00fcckgestuft worden. Damit sind wir jetzt wieder 11 Studenten &#8211; es wird mal wieder eng. Bevor jetzt die Fragen laut werden: Meine Ergebnisse waren sehr gut, aber genauer will ich an dieser Stelle nicht werden. Tja, so kann es gehen.<\/p>\n\n\n\n<p>Wenn in Kumamoto eine Baustelle aufgemacht wird oder die Polizei irgendwo den Verkehr regelt, dann f\u00fchlt man sich als Europ\u00e4er wie in einem Science-Fiction-Film, denn die Staffage der Polizisten ist einzigartig: Westen, die \u00fcber den R\u00fccken und \u00fcber die Brust V-f\u00f6rmige Leuchtr\u00f6hren laufen haben, die in einem netten Muster blinken. Au\u00dferdem scheinen die alle verkappte Jedi-Ritter zu sein, denn jeder von denen hat einen roten Leuchtstab, der verdammt nach Star Wars aussieht. In einem Beastie-Boys-Video der neueren Zeit (ich glaube &#8222;Body Moving&#8220;) laufen die Jungs vor einer Godzilla-Persiflage herum und tragen dabei \u00fcbrigens eben diese Uniformen. Sieht drollig aus, wirklich.<\/p>\n\n\n\n<p>Die Volleyball-WM. Ja, die ist jetzt ja zu Ende, wie ich glaube. Und teilweise waren die Spiele direkt in meiner Nachbarschaft. So ca. 200m von meiner Haust\u00fcr entfernt. Junge, war ein ganz sch\u00f6ner Rummel zeitweise.<\/p>\n\n\n<div class=\"wp-block-image\">\n<figure class=\"alignleft size-full is-resized\"><a href=\"https:\/\/www.oliver-kilb.de\/www\/wp-content\/uploads\/2024\/09\/1999-10-Rotary-Distrikt-Nameswimpel.jpg\"><img loading=\"lazy\" decoding=\"async\" width=\"257\" height=\"1244\" src=\"https:\/\/www.oliver-kilb.de\/www\/wp-content\/uploads\/2024\/09\/1999-10-Rotary-Distrikt-Nameswimpel.jpg\" alt=\"\" class=\"wp-image-1642\" style=\"width:auto;height:300px\" srcset=\"https:\/\/www.oliver-kilb.de\/www\/wp-content\/uploads\/2024\/09\/1999-10-Rotary-Distrikt-Nameswimpel.jpg 257w, https:\/\/www.oliver-kilb.de\/www\/wp-content\/uploads\/2024\/09\/1999-10-Rotary-Distrikt-Nameswimpel-103x500.jpg 103w, https:\/\/www.oliver-kilb.de\/www\/wp-content\/uploads\/2024\/09\/1999-10-Rotary-Distrikt-Nameswimpel-62x300.jpg 62w\" sizes=\"auto, (max-width: 257px) 100vw, 257px\" \/><\/a><\/figure>\n<\/div>\n\n\n<p>Drinkgenuss ohne Reue! Wann gab es das zuletzt? Mittlerweile habe ich hier eine klasse Cocktailbar entdeckt, in der so ziemlich alles angeboten wird. Nach dem ersten Martini (aus Wermut und Gin gemixt, mit Zitronenschale und Olive), der so ziemlich erstklassig war, bl\u00e4tterte ich ein wenig in den Cocktailb\u00fcchern und blieb dann bei einem Drink h\u00e4ngen: Absinthcocktail! Ja, liebe Freunde, Absinth ist in Japan legal! War ja klar, dass ich mir sofort einen bestellt habe (aus reiner Neugier, hach!). OK, er war recht stark. Und geschmeckt hat er stark nach Anis. Aber ich habe keine Farben und Muster gesehen. Vielleicht war er doch noch zu schwach. Aber f\u00fcr die beiden Drinks habe ich dann dort auch 3000 Yen (50 DM) gelassen, autsch!<\/p>\n\n\n\n<p>M\u00f6chte sich jemand bewerben? Hier wird gerade der Multimedia Hero 99 gesucht. F\u00fcr den Titel alleine w\u00e4re es ja schon wert, sich zu bewerben, oder? Das Plakat dazu haben sie wohl aus Armageddon, als die Crew gerade in ihren Kost\u00fcmen auf dem Weg ins Raumschiff war\u2026 Letzten Sonntag war ich zur Mandarinenernte eingeladen, und das war ganz nett. Mandarinen, so weit das Auge nur sehen kann\u2026 und als Belohnung bekam ich &#8217;nen Karton mit 10kg Mandarinen. 10kg! Was soll ich denn damit machen? Da kriege ich ja den Vitamin C-Schock! Will jemand von euch???<\/p>\n\n\n\n<h2 class=\"wp-block-heading\">HD Fernsehen &#8211; in Japan gute 10 Jahre vor uns!<\/h2>\n\n\n<div class=\"wp-block-image\">\n<figure class=\"alignleft size-full is-resized\"><a href=\"https:\/\/www.oliver-kilb.de\/www\/wp-content\/uploads\/1999\/11\/1999-Y-Uebungsblatt-2.jpg\"><img loading=\"lazy\" decoding=\"async\" width=\"1118\" height=\"1358\" src=\"https:\/\/www.oliver-kilb.de\/www\/wp-content\/uploads\/1999\/11\/1999-Y-Uebungsblatt-2.jpg\" alt=\"\" class=\"wp-image-1645\" style=\"width:300px\" srcset=\"https:\/\/www.oliver-kilb.de\/www\/wp-content\/uploads\/1999\/11\/1999-Y-Uebungsblatt-2.jpg 1118w, https:\/\/www.oliver-kilb.de\/www\/wp-content\/uploads\/1999\/11\/1999-Y-Uebungsblatt-2-412x500.jpg 412w, https:\/\/www.oliver-kilb.de\/www\/wp-content\/uploads\/1999\/11\/1999-Y-Uebungsblatt-2-247x300.jpg 247w, https:\/\/www.oliver-kilb.de\/www\/wp-content\/uploads\/1999\/11\/1999-Y-Uebungsblatt-2-768x933.jpg 768w\" sizes=\"auto, (max-width: 1118px) 100vw, 1118px\" \/><\/a><figcaption class=\"wp-element-caption\">Auszug aus den Grammatik\u00fcbungen.<\/figcaption><\/figure>\n<\/div>\n\n\n<p>Am 25. November war hier der High Vision Day. Was ist das? Na, der Feiertag f\u00fcr das High-Definition-TV der Japaner. Und warum am 25. November? Na, in japanischer Schreibweise ist das 11.25., und zuf\u00e4lligerweise hat HDTV 1125 Zeilen, hehehe\u2026<\/p>\n\n\n\n<p>Und zum Schluss\u2026 auch heute haben wir wieder Wetter, Wetter, Wetter! Und mittlerweile hat hier der Winter angefangen. Die Temperaturen sind merklich zur\u00fcckgegangen. War es gestern noch knapp 20 Grad, so ist es heute auf knapp 13-14 Grad zur\u00fcckgegangen. Und in der Nacht auf knapp 6-7 Grad. Das kann ja heiter werden! Aber gottseidank ist direkt auf der anderen Stra\u00dfenseite ein tolles Onsen, das bis in den Morgen auf hat, und es ist total gem\u00fctlich, in 40 Grad hei\u00dfem Wasser zu liegen &#8211; im Freien und in der Nacht\u2026<\/p>\n\n\n\n<p>OK, das solls mal wieder sein! CU im Dezember! Olli<\/p>\n","protected":false},"excerpt":{"rendered":"<p>Am 17. November wurde in der YMCA der erste gro\u00dfe Test geschrieben.<\/p>\n","protected":false},"author":1,"featured_media":1613,"comment_status":"open","ping_status":"open","sticky":false,"template":"","format":"standard","meta":{"iawp_total_views":3,"footnotes":""},"categories":[56],"tags":[59,58,61],"class_list":["post-1639","post","type-post","status-publish","format-standard","has-post-thumbnail","hentry","category-auslandsjahr-1999-2000","tag-kumamoto","tag-stipendium","tag-ymca"],"yoast_head":"<!-- This site is optimized with the Yoast SEO plugin v27.3 - https:\/\/yoast.com\/product\/yoast-seo-wordpress\/ -->\n<title>27.11.1999: Notizen zum Novemberende. - Japan, Wandern und Multimedia<\/title>\n<meta name=\"description\" content=\"Am 17. November wurde in der YMCA der erste gro\u00dfe Test geschrieben.\" \/>\n<meta name=\"robots\" content=\"index, follow, max-snippet:-1, max-image-preview:large, max-video-preview:-1\" \/>\n<link rel=\"canonical\" href=\"https:\/\/www.oliver-kilb.de\/www\/1999\/11\/27\/27-11-1999-notizen-zum-novemberende\/\" \/>\n<meta property=\"og:locale\" content=\"de_DE\" \/>\n<meta property=\"og:type\" content=\"article\" \/>\n<meta property=\"og:title\" content=\"27.11.1999: Notizen zum Novemberende. - Japan, Wandern und Multimedia\" \/>\n<meta property=\"og:description\" content=\"Am 17. November wurde in der YMCA der erste gro\u00dfe Test geschrieben.\" \/>\n<meta property=\"og:url\" content=\"https:\/\/www.oliver-kilb.de\/www\/1999\/11\/27\/27-11-1999-notizen-zum-novemberende\/\" \/>\n<meta property=\"og:site_name\" content=\"Japan, Wandern und Multimedia\" \/>\n<meta property=\"article:published_time\" content=\"1999-11-26T23:00:00+00:00\" \/>\n<meta property=\"article:modified_time\" content=\"2024-09-12T16:48:07+00:00\" \/>\n<meta property=\"og:image\" content=\"https:\/\/www.oliver-kilb.de\/www\/wp-content\/uploads\/1999\/11\/Film-05_16.jpg\" \/>\n\t<meta property=\"og:image:width\" content=\"1200\" \/>\n\t<meta property=\"og:image:height\" content=\"800\" \/>\n\t<meta property=\"og:image:type\" content=\"image\/jpeg\" \/>\n<meta name=\"author\" content=\"Oliver Kilb\" \/>\n<meta name=\"twitter:card\" content=\"summary_large_image\" \/>\n<meta name=\"twitter:label1\" content=\"Verfasst von\" \/>\n\t<meta name=\"twitter:data1\" content=\"Oliver Kilb\" \/>\n\t<meta name=\"twitter:label2\" content=\"Gesch\u00e4tzte Lesezeit\" \/>\n\t<meta name=\"twitter:data2\" content=\"5\u00a0Minuten\" \/>\n<script type=\"application\/ld+json\" class=\"yoast-schema-graph\">{\"@context\":\"https:\\\/\\\/schema.org\",\"@graph\":[{\"@type\":\"Article\",\"@id\":\"https:\\\/\\\/www.oliver-kilb.de\\\/www\\\/1999\\\/11\\\/27\\\/27-11-1999-notizen-zum-novemberende\\\/#article\",\"isPartOf\":{\"@id\":\"https:\\\/\\\/www.oliver-kilb.de\\\/www\\\/1999\\\/11\\\/27\\\/27-11-1999-notizen-zum-novemberende\\\/\"},\"author\":{\"name\":\"Oliver Kilb\",\"@id\":\"https:\\\/\\\/www.oliver-kilb.de\\\/www\\\/#\\\/schema\\\/person\\\/c2b19a881050135aa248a8851b7b4250\"},\"headline\":\"27.11.1999: Notizen zum Novemberende.\",\"datePublished\":\"1999-11-26T23:00:00+00:00\",\"dateModified\":\"2024-09-12T16:48:07+00:00\",\"mainEntityOfPage\":{\"@id\":\"https:\\\/\\\/www.oliver-kilb.de\\\/www\\\/1999\\\/11\\\/27\\\/27-11-1999-notizen-zum-novemberende\\\/\"},\"wordCount\":634,\"commentCount\":0,\"publisher\":{\"@id\":\"https:\\\/\\\/www.oliver-kilb.de\\\/www\\\/#organization\"},\"image\":{\"@id\":\"https:\\\/\\\/www.oliver-kilb.de\\\/www\\\/1999\\\/11\\\/27\\\/27-11-1999-notizen-zum-novemberende\\\/#primaryimage\"},\"thumbnailUrl\":\"https:\\\/\\\/www.oliver-kilb.de\\\/www\\\/wp-content\\\/uploads\\\/1999\\\/11\\\/Film-05_16.jpg\",\"keywords\":[\"Kumamoto\",\"Stipendium\",\"YMCA\"],\"articleSection\":[\"Auslandsjahr 1999-2000\"],\"inLanguage\":\"de\",\"potentialAction\":[{\"@type\":\"CommentAction\",\"name\":\"Comment\",\"target\":[\"https:\\\/\\\/www.oliver-kilb.de\\\/www\\\/1999\\\/11\\\/27\\\/27-11-1999-notizen-zum-novemberende\\\/#respond\"]}]},{\"@type\":\"WebPage\",\"@id\":\"https:\\\/\\\/www.oliver-kilb.de\\\/www\\\/1999\\\/11\\\/27\\\/27-11-1999-notizen-zum-novemberende\\\/\",\"url\":\"https:\\\/\\\/www.oliver-kilb.de\\\/www\\\/1999\\\/11\\\/27\\\/27-11-1999-notizen-zum-novemberende\\\/\",\"name\":\"27.11.1999: Notizen zum Novemberende. - Japan, Wandern und Multimedia\",\"isPartOf\":{\"@id\":\"https:\\\/\\\/www.oliver-kilb.de\\\/www\\\/#website\"},\"primaryImageOfPage\":{\"@id\":\"https:\\\/\\\/www.oliver-kilb.de\\\/www\\\/1999\\\/11\\\/27\\\/27-11-1999-notizen-zum-novemberende\\\/#primaryimage\"},\"image\":{\"@id\":\"https:\\\/\\\/www.oliver-kilb.de\\\/www\\\/1999\\\/11\\\/27\\\/27-11-1999-notizen-zum-novemberende\\\/#primaryimage\"},\"thumbnailUrl\":\"https:\\\/\\\/www.oliver-kilb.de\\\/www\\\/wp-content\\\/uploads\\\/1999\\\/11\\\/Film-05_16.jpg\",\"datePublished\":\"1999-11-26T23:00:00+00:00\",\"dateModified\":\"2024-09-12T16:48:07+00:00\",\"description\":\"Am 17. November wurde in der YMCA der erste gro\u00dfe Test geschrieben.\",\"breadcrumb\":{\"@id\":\"https:\\\/\\\/www.oliver-kilb.de\\\/www\\\/1999\\\/11\\\/27\\\/27-11-1999-notizen-zum-novemberende\\\/#breadcrumb\"},\"inLanguage\":\"de\",\"potentialAction\":[{\"@type\":\"ReadAction\",\"target\":[\"https:\\\/\\\/www.oliver-kilb.de\\\/www\\\/1999\\\/11\\\/27\\\/27-11-1999-notizen-zum-novemberende\\\/\"]}]},{\"@type\":\"ImageObject\",\"inLanguage\":\"de\",\"@id\":\"https:\\\/\\\/www.oliver-kilb.de\\\/www\\\/1999\\\/11\\\/27\\\/27-11-1999-notizen-zum-novemberende\\\/#primaryimage\",\"url\":\"https:\\\/\\\/www.oliver-kilb.de\\\/www\\\/wp-content\\\/uploads\\\/1999\\\/11\\\/Film-05_16.jpg\",\"contentUrl\":\"https:\\\/\\\/www.oliver-kilb.de\\\/www\\\/wp-content\\\/uploads\\\/1999\\\/11\\\/Film-05_16.jpg\",\"width\":1200,\"height\":800,\"caption\":\"Hungry?\"},{\"@type\":\"BreadcrumbList\",\"@id\":\"https:\\\/\\\/www.oliver-kilb.de\\\/www\\\/1999\\\/11\\\/27\\\/27-11-1999-notizen-zum-novemberende\\\/#breadcrumb\",\"itemListElement\":[{\"@type\":\"ListItem\",\"position\":1,\"name\":\"Startseite\",\"item\":\"https:\\\/\\\/www.oliver-kilb.de\\\/www\\\/\"},{\"@type\":\"ListItem\",\"position\":2,\"name\":\"27.11.1999: Notizen zum Novemberende.\"}]},{\"@type\":\"WebSite\",\"@id\":\"https:\\\/\\\/www.oliver-kilb.de\\\/www\\\/#website\",\"url\":\"https:\\\/\\\/www.oliver-kilb.de\\\/www\\\/\",\"name\":\"Japan, Wandern und Multimedia\",\"description\":\"\",\"publisher\":{\"@id\":\"https:\\\/\\\/www.oliver-kilb.de\\\/www\\\/#organization\"},\"potentialAction\":[{\"@type\":\"SearchAction\",\"target\":{\"@type\":\"EntryPoint\",\"urlTemplate\":\"https:\\\/\\\/www.oliver-kilb.de\\\/www\\\/?s={search_term_string}\"},\"query-input\":{\"@type\":\"PropertyValueSpecification\",\"valueRequired\":true,\"valueName\":\"search_term_string\"}}],\"inLanguage\":\"de\"},{\"@type\":\"Organization\",\"@id\":\"https:\\\/\\\/www.oliver-kilb.de\\\/www\\\/#organization\",\"name\":\"Japan, Wandern und Multimedia\",\"url\":\"https:\\\/\\\/www.oliver-kilb.de\\\/www\\\/\",\"logo\":{\"@type\":\"ImageObject\",\"inLanguage\":\"de\",\"@id\":\"https:\\\/\\\/www.oliver-kilb.de\\\/www\\\/#\\\/schema\\\/logo\\\/image\\\/\",\"url\":\"https:\\\/\\\/www.oliver-kilb.de\\\/www\\\/wp-content\\\/uploads\\\/2024\\\/07\\\/Fushimi-Inari-Schrein_075_DxO.jpg\",\"contentUrl\":\"https:\\\/\\\/www.oliver-kilb.de\\\/www\\\/wp-content\\\/uploads\\\/2024\\\/07\\\/Fushimi-Inari-Schrein_075_DxO.jpg\",\"width\":1380,\"height\":301,\"caption\":\"Japan, Wandern und Multimedia\"},\"image\":{\"@id\":\"https:\\\/\\\/www.oliver-kilb.de\\\/www\\\/#\\\/schema\\\/logo\\\/image\\\/\"}},{\"@type\":\"Person\",\"@id\":\"https:\\\/\\\/www.oliver-kilb.de\\\/www\\\/#\\\/schema\\\/person\\\/c2b19a881050135aa248a8851b7b4250\",\"name\":\"Oliver Kilb\",\"image\":{\"@type\":\"ImageObject\",\"inLanguage\":\"de\",\"@id\":\"https:\\\/\\\/secure.gravatar.com\\\/avatar\\\/4da50eb2c6eb71b0641229eed4a38d05c8d4b458a59355cca0d02b57303d6ffd?s=96&d=mm&r=g\",\"url\":\"https:\\\/\\\/secure.gravatar.com\\\/avatar\\\/4da50eb2c6eb71b0641229eed4a38d05c8d4b458a59355cca0d02b57303d6ffd?s=96&d=mm&r=g\",\"contentUrl\":\"https:\\\/\\\/secure.gravatar.com\\\/avatar\\\/4da50eb2c6eb71b0641229eed4a38d05c8d4b458a59355cca0d02b57303d6ffd?s=96&d=mm&r=g\",\"caption\":\"Oliver Kilb\"},\"sameAs\":[\"https:\\\/\\\/www.oliver-kilb.de\\\/www\"],\"url\":\"https:\\\/\\\/www.oliver-kilb.de\\\/www\\\/author\\\/oliver-kilb\\\/\"}]}<\/script>\n<!-- \/ Yoast SEO plugin. -->","yoast_head_json":{"title":"27.11.1999: Notizen zum Novemberende. - Japan, Wandern und Multimedia","description":"Am 17. November wurde in der YMCA der erste gro\u00dfe Test geschrieben.","robots":{"index":"index","follow":"follow","max-snippet":"max-snippet:-1","max-image-preview":"max-image-preview:large","max-video-preview":"max-video-preview:-1"},"canonical":"https:\/\/www.oliver-kilb.de\/www\/1999\/11\/27\/27-11-1999-notizen-zum-novemberende\/","og_locale":"de_DE","og_type":"article","og_title":"27.11.1999: Notizen zum Novemberende. - Japan, Wandern und Multimedia","og_description":"Am 17. November wurde in der YMCA der erste gro\u00dfe Test geschrieben.","og_url":"https:\/\/www.oliver-kilb.de\/www\/1999\/11\/27\/27-11-1999-notizen-zum-novemberende\/","og_site_name":"Japan, Wandern und Multimedia","article_published_time":"1999-11-26T23:00:00+00:00","article_modified_time":"2024-09-12T16:48:07+00:00","og_image":[{"width":1200,"height":800,"url":"https:\/\/www.oliver-kilb.de\/www\/wp-content\/uploads\/1999\/11\/Film-05_16.jpg","type":"image\/jpeg"}],"author":"Oliver Kilb","twitter_card":"summary_large_image","twitter_misc":{"Verfasst von":"Oliver Kilb","Gesch\u00e4tzte Lesezeit":"5\u00a0Minuten"},"schema":{"@context":"https:\/\/schema.org","@graph":[{"@type":"Article","@id":"https:\/\/www.oliver-kilb.de\/www\/1999\/11\/27\/27-11-1999-notizen-zum-novemberende\/#article","isPartOf":{"@id":"https:\/\/www.oliver-kilb.de\/www\/1999\/11\/27\/27-11-1999-notizen-zum-novemberende\/"},"author":{"name":"Oliver Kilb","@id":"https:\/\/www.oliver-kilb.de\/www\/#\/schema\/person\/c2b19a881050135aa248a8851b7b4250"},"headline":"27.11.1999: Notizen zum Novemberende.","datePublished":"1999-11-26T23:00:00+00:00","dateModified":"2024-09-12T16:48:07+00:00","mainEntityOfPage":{"@id":"https:\/\/www.oliver-kilb.de\/www\/1999\/11\/27\/27-11-1999-notizen-zum-novemberende\/"},"wordCount":634,"commentCount":0,"publisher":{"@id":"https:\/\/www.oliver-kilb.de\/www\/#organization"},"image":{"@id":"https:\/\/www.oliver-kilb.de\/www\/1999\/11\/27\/27-11-1999-notizen-zum-novemberende\/#primaryimage"},"thumbnailUrl":"https:\/\/www.oliver-kilb.de\/www\/wp-content\/uploads\/1999\/11\/Film-05_16.jpg","keywords":["Kumamoto","Stipendium","YMCA"],"articleSection":["Auslandsjahr 1999-2000"],"inLanguage":"de","potentialAction":[{"@type":"CommentAction","name":"Comment","target":["https:\/\/www.oliver-kilb.de\/www\/1999\/11\/27\/27-11-1999-notizen-zum-novemberende\/#respond"]}]},{"@type":"WebPage","@id":"https:\/\/www.oliver-kilb.de\/www\/1999\/11\/27\/27-11-1999-notizen-zum-novemberende\/","url":"https:\/\/www.oliver-kilb.de\/www\/1999\/11\/27\/27-11-1999-notizen-zum-novemberende\/","name":"27.11.1999: Notizen zum Novemberende. - Japan, Wandern und Multimedia","isPartOf":{"@id":"https:\/\/www.oliver-kilb.de\/www\/#website"},"primaryImageOfPage":{"@id":"https:\/\/www.oliver-kilb.de\/www\/1999\/11\/27\/27-11-1999-notizen-zum-novemberende\/#primaryimage"},"image":{"@id":"https:\/\/www.oliver-kilb.de\/www\/1999\/11\/27\/27-11-1999-notizen-zum-novemberende\/#primaryimage"},"thumbnailUrl":"https:\/\/www.oliver-kilb.de\/www\/wp-content\/uploads\/1999\/11\/Film-05_16.jpg","datePublished":"1999-11-26T23:00:00+00:00","dateModified":"2024-09-12T16:48:07+00:00","description":"Am 17. November wurde in der YMCA der erste gro\u00dfe Test geschrieben.","breadcrumb":{"@id":"https:\/\/www.oliver-kilb.de\/www\/1999\/11\/27\/27-11-1999-notizen-zum-novemberende\/#breadcrumb"},"inLanguage":"de","potentialAction":[{"@type":"ReadAction","target":["https:\/\/www.oliver-kilb.de\/www\/1999\/11\/27\/27-11-1999-notizen-zum-novemberende\/"]}]},{"@type":"ImageObject","inLanguage":"de","@id":"https:\/\/www.oliver-kilb.de\/www\/1999\/11\/27\/27-11-1999-notizen-zum-novemberende\/#primaryimage","url":"https:\/\/www.oliver-kilb.de\/www\/wp-content\/uploads\/1999\/11\/Film-05_16.jpg","contentUrl":"https:\/\/www.oliver-kilb.de\/www\/wp-content\/uploads\/1999\/11\/Film-05_16.jpg","width":1200,"height":800,"caption":"Hungry?"},{"@type":"BreadcrumbList","@id":"https:\/\/www.oliver-kilb.de\/www\/1999\/11\/27\/27-11-1999-notizen-zum-novemberende\/#breadcrumb","itemListElement":[{"@type":"ListItem","position":1,"name":"Startseite","item":"https:\/\/www.oliver-kilb.de\/www\/"},{"@type":"ListItem","position":2,"name":"27.11.1999: Notizen zum Novemberende."}]},{"@type":"WebSite","@id":"https:\/\/www.oliver-kilb.de\/www\/#website","url":"https:\/\/www.oliver-kilb.de\/www\/","name":"Japan, Wandern und Multimedia","description":"","publisher":{"@id":"https:\/\/www.oliver-kilb.de\/www\/#organization"},"potentialAction":[{"@type":"SearchAction","target":{"@type":"EntryPoint","urlTemplate":"https:\/\/www.oliver-kilb.de\/www\/?s={search_term_string}"},"query-input":{"@type":"PropertyValueSpecification","valueRequired":true,"valueName":"search_term_string"}}],"inLanguage":"de"},{"@type":"Organization","@id":"https:\/\/www.oliver-kilb.de\/www\/#organization","name":"Japan, Wandern und Multimedia","url":"https:\/\/www.oliver-kilb.de\/www\/","logo":{"@type":"ImageObject","inLanguage":"de","@id":"https:\/\/www.oliver-kilb.de\/www\/#\/schema\/logo\/image\/","url":"https:\/\/www.oliver-kilb.de\/www\/wp-content\/uploads\/2024\/07\/Fushimi-Inari-Schrein_075_DxO.jpg","contentUrl":"https:\/\/www.oliver-kilb.de\/www\/wp-content\/uploads\/2024\/07\/Fushimi-Inari-Schrein_075_DxO.jpg","width":1380,"height":301,"caption":"Japan, Wandern und Multimedia"},"image":{"@id":"https:\/\/www.oliver-kilb.de\/www\/#\/schema\/logo\/image\/"}},{"@type":"Person","@id":"https:\/\/www.oliver-kilb.de\/www\/#\/schema\/person\/c2b19a881050135aa248a8851b7b4250","name":"Oliver Kilb","image":{"@type":"ImageObject","inLanguage":"de","@id":"https:\/\/secure.gravatar.com\/avatar\/4da50eb2c6eb71b0641229eed4a38d05c8d4b458a59355cca0d02b57303d6ffd?s=96&d=mm&r=g","url":"https:\/\/secure.gravatar.com\/avatar\/4da50eb2c6eb71b0641229eed4a38d05c8d4b458a59355cca0d02b57303d6ffd?s=96&d=mm&r=g","contentUrl":"https:\/\/secure.gravatar.com\/avatar\/4da50eb2c6eb71b0641229eed4a38d05c8d4b458a59355cca0d02b57303d6ffd?s=96&d=mm&r=g","caption":"Oliver Kilb"},"sameAs":["https:\/\/www.oliver-kilb.de\/www"],"url":"https:\/\/www.oliver-kilb.de\/www\/author\/oliver-kilb\/"}]}},"amp_enabled":true,"_links":{"self":[{"href":"https:\/\/www.oliver-kilb.de\/www\/wp-json\/wp\/v2\/posts\/1639","targetHints":{"allow":["GET"]}}],"collection":[{"href":"https:\/\/www.oliver-kilb.de\/www\/wp-json\/wp\/v2\/posts"}],"about":[{"href":"https:\/\/www.oliver-kilb.de\/www\/wp-json\/wp\/v2\/types\/post"}],"author":[{"embeddable":true,"href":"https:\/\/www.oliver-kilb.de\/www\/wp-json\/wp\/v2\/users\/1"}],"replies":[{"embeddable":true,"href":"https:\/\/www.oliver-kilb.de\/www\/wp-json\/wp\/v2\/comments?post=1639"}],"version-history":[{"count":2,"href":"https:\/\/www.oliver-kilb.de\/www\/wp-json\/wp\/v2\/posts\/1639\/revisions"}],"predecessor-version":[{"id":1646,"href":"https:\/\/www.oliver-kilb.de\/www\/wp-json\/wp\/v2\/posts\/1639\/revisions\/1646"}],"wp:featuredmedia":[{"embeddable":true,"href":"https:\/\/www.oliver-kilb.de\/www\/wp-json\/wp\/v2\/media\/1613"}],"wp:attachment":[{"href":"https:\/\/www.oliver-kilb.de\/www\/wp-json\/wp\/v2\/media?parent=1639"}],"wp:term":[{"taxonomy":"category","embeddable":true,"href":"https:\/\/www.oliver-kilb.de\/www\/wp-json\/wp\/v2\/categories?post=1639"},{"taxonomy":"post_tag","embeddable":true,"href":"https:\/\/www.oliver-kilb.de\/www\/wp-json\/wp\/v2\/tags?post=1639"}],"curies":[{"name":"wp","href":"https:\/\/api.w.org\/{rel}","templated":true}]}}